{"id":18820,"date":"2024-11-22T12:46:34","date_gmt":"2024-11-22T10:46:34","guid":{"rendered":"https:\/\/www.welovecycling.com\/hu\/?p=18820"},"modified":"2024-11-22T12:46:58","modified_gmt":"2024-11-22T10:46:58","slug":"kaosz-az-egykori-szupercsapatnal-egyenesbe-jon-e-az-ineos-2025-ben","status":"publish","type":"post","link":"https:\/\/www.welovecycling.com\/hu\/orszaguti-kerekpar\/kaosz-az-egykori-szupercsapatnal-egyenesbe-jon-e-az-ineos-2025-ben\/","title":{"rendered":"K\u00e1osz az egykori szupercsapatn\u00e1l: egyenesbe j\u00f6n-e az Ineos 2025-ben?"},"content":{"rendered":"<p><b>\u201eEnn\u00e9l csak jobb lehet\u201d \u2013 nyilatkozta Tom Pidcock csapatt\u00e1rsa, miut\u00e1n az ist\u00e1ll\u00f3 jelenlegi legnagyobb szt\u00e1rj\u00e1t nagy nehezen siker\u00fclt marad\u00e1sra b\u00edrni.<\/b><\/p>\n<p><!--more--><\/p>\n<p><span style=\"font-weight: 400;\">Hol vannak m\u00e1r azok az id\u0151k, amikor a Sky\/Ineos n\u00e9v az orsz\u00e1g\u00fati ker\u00e9kp\u00e1rsportban egyet jelentett az egyeduralommal, \u00e9s mindenki csak a csapat szt\u00e1rjainak a h\u00e1t\u00e1t n\u00e9zte irigykedve?! Az egykori szupergazdag brit \u201eAll-Star egy\u00fcttes\u201d, amely a k\u00e9tezres \u00e9vekben olyan nevek, mint Bradley Wiggins, majd Chris Froome (Geraint Thomas, Mark Cavendish stb.) vezet\u00e9s\u00e9vel uralta a mez\u0151nyt, mostanra legink\u00e1bb csak nyomokban eml\u00e9keztet az egykori sikercsapatra. Hi\u00e1ba a World Tour-m\u00e9rc\u00e9vel m\u00e9rve biztos anyagi h\u00e1tt\u00e9r, \u00e9s olyan klasszisok, mint a teljess\u00e9g ig\u00e9nye n\u00e9lk\u00fcl Filippo Ganna, Geraint Thomas, Tom Pidcock, Michal Kwiatkowski, Carlos Rodr\u00edguez, Elia Viviani, az Ineos a 2024-es UCI-id\u00e9nyt csak a hetedik helyen tudta z\u00e1rni a ranglist\u00e1n, mind\u00f6ssze 14 gy\u0151zelemmel, ami a kor\u00e1bbiak t\u00fckr\u00e9ben el\u00e9g sz\u00e9gyenteljes m\u00e9rleg \u2013 r\u00e1ad\u00e1sul az ist\u00e1ll\u00f3 \u00e1tj\u00e1r\u00f3h\u00e1zz\u00e1 v\u00e1lt, a szakvezet\u00e9s \u00e9s a versenyz\u0151k is egym\u00e1snak adj\u00e1k a kilincset.<\/span><\/p>\n<figure id=\"attachment_18823\" aria-describedby=\"caption-attachment-18823\" style=\"width: 1280px\" class=\"wp-caption alignnone\"><a href=\"https:\/\/d2p6e6u75xmxt8.cloudfront.net\/12\/2024\/11\/expa-gro-240706-6032.webp\"><img loading=\"lazy\" decoding=\"async\" class=\"size-full wp-image-18823\" src=\"https:\/\/d2p6e6u75xmxt8.cloudfront.net\/12\/2024\/11\/expa-gro-240706-6032.webp\" alt=\"\" width=\"1280\" height=\"560\" srcset=\"https:\/\/d2p6e6u75xmxt8.cloudfront.net\/12\/2024\/11\/expa-gro-240706-6032.webp 1280w, https:\/\/d2p6e6u75xmxt8.cloudfront.net\/12\/2024\/11\/expa-gro-240706-6032-300x131.webp 300w, https:\/\/d2p6e6u75xmxt8.cloudfront.net\/12\/2024\/11\/expa-gro-240706-6032-1024x448.webp 1024w, https:\/\/d2p6e6u75xmxt8.cloudfront.net\/12\/2024\/11\/expa-gro-240706-6032-768x336.webp 768w, https:\/\/d2p6e6u75xmxt8.cloudfront.net\/12\/2024\/11\/expa-gro-240706-6032-400x175.webp 400w\" sizes=\"auto, (max-width: 1280px) 100vw, 1280px\" \/><\/a><figcaption id=\"caption-attachment-18823\" class=\"wp-caption-text\">A kev\u00e9s j\u00f3 2024-es Ineos-pillanat egyike: Filippo Ganna gy\u0151zelme az osztr\u00e1k k\u00f6r kir\u00e1lyetapj\u00e1n (forr\u00e1s: Ineos-Grenadier)<\/figcaption><\/figure>\n<p><span style=\"font-weight: 400;\">Az persze sejthet\u0151 volt, hogy az \u201eagy\u201d, Sir Dave Brailsford t\u00e1voz\u00e1sa (a tulajdonosi csoport \u00e1tvez\u00e9nyelte az Ineos-sportkonglomer\u00e1tum m\u00e1s vezet\u0151 ter\u00fclet\u00e9re, sportigazgat\u00f3k\u00e9nt egyebek mellett \u0151 felel p\u00e9ld\u00e1ul most a Manchester United futballcsapat\u00e1\u00e9rt is) \u00e9rz\u00e9kenyen fogja \u00e9rinteni az orsz\u00e1g\u00fati ker\u00e9kp\u00e1rsport gig\u00e1sz\u00e1t, \u00e9s mostanra tal\u00e1n meg\u00e1llap\u00edthat\u00f3, hogy nem is siker\u00fclt \u0151t megfelel\u0151en p\u00f3tolni. R\u00e1ad\u00e1sul nem sok j\u00f3t sejtet, hogy az \u00e9v v\u00e9g\u00e9n a m\u00e1sik sikerkov\u00e1cs, Rod Ellingworth is veszi a kalapj\u00e1t, ahogy azt a st\u00e1bb\u00f3l m\u00e1r megtette Steve Cummings, Xabier Artexte \u00e9s Dan Bigham is. Versenyz\u0151fronton sem sokkal jobb a helyzet. Nyilv\u00e1n nem seg\u00edtett el\u0151bb Froome, k\u00e9s\u0151bb Egan Bernal \u00e9letvesz\u00e9lyes balesete, melynek nyom\u00e1n mindk\u00e9t gener\u00e1ci\u00f3s klasszis imm\u00e1r csak \u00e1rny\u00e9ka \u00f6nmag\u00e1nak (Froome m\u00e1r r\u00e9g nincs is a csapatn\u00e1l), de ezen t\u00falmen\u0151en is folyamatos a fluktu\u00e1ci\u00f3, a h\u00faz\u00f3nevek nem titkoltan nem \u00e9rzik j\u00f3l magukat a kialakult l\u00e9gk\u00f6rben, nem is nagyon tudja megtartani \u0151ket a vezet\u00e9s. Hajsz\u00e1l h\u00edj\u00e1n \u00edgy j\u00e1rtak az egy\u00fcttes egyik jelenlegi arc\u00e1val, Tom Pidcockkal is. A sokoldal\u00fa brit klasszis nem el\u00e9gedett a csapaton bel\u00fcli helyzet\u00e9vel, t\u00f6bbsz\u00f6r is nyilv\u00e1nos kritik\u00e1j\u00e1nak adott hangot, a k\u00f6zte \u00e9s a menedzsment k\u00f6z\u00f6tti fesz\u00fclts\u00e9g m\u00e1r h\u00f3napok \u00f3ta tudott. A szaksajt\u00f3 eg\u00e9sz ny\u00e1ron az imm\u00e1r k\u00e9tszeres olimpiai bajnok, mountain bike-c\u00edm\u00e9t P\u00e1rizsban megv\u00e9d\u0151 25 \u00e9ves kiv\u00e1l\u00f3s\u00e1g lehets\u00e9ges csapatv\u00e1lt\u00e1s\u00e1t pedzegette, sokan m\u00e1r k\u00e9sz t\u00e9nyk\u00e9nt t\u00e1lalva (f\u0151leg a Netflix-dokusorozatban karakteriz\u00e1lt \u201erosszfi\u00fa-im\u00e1zsa\u201d, illetve azut\u00e1n, hogy a szezonz\u00e1r\u00f3 Lombardi\u00e1t\u00f3l is v\u00e1ratlanul visszal\u00e9ptett\u00e9k). Most m\u00e9gis \u00fagy t\u0171nik, a neh\u00e9z \u00f6r\u00f6ks\u00e9get \u00e1tvet\u0151 \u00faj vezet\u00e9ssel siker\u00fclt v\u00e9g\u00fcl nagy nehezen z\u00f6ld \u00e1gra verg\u0151dni\u00fck, jelen \u00e1ll\u00e1s szerint Pidcock m\u00e9gis marad, \u00e9s kit\u00f6lti a 2027-ig sz\u00f3l\u00f3 szerz\u0151d\u00e9s\u00e9t, de ha \u00edgy is lesz, k\u00f6nnyen lehet, eg\u00e9szen m\u00e1s szerepk\u00f6rben, mint eddig.<\/span><\/p>\n<figure id=\"attachment_18822\" aria-describedby=\"caption-attachment-18822\" style=\"width: 1000px\" class=\"wp-caption alignnone\"><a href=\"https:\/\/d2p6e6u75xmxt8.cloudfront.net\/12\/2024\/11\/tom-pidcock-2023-tour-de-france-blog-tom-pidcock-2023-tour-de-france-blog-1000.webp\"><img loading=\"lazy\" decoding=\"async\" class=\"size-full wp-image-18822\" src=\"https:\/\/d2p6e6u75xmxt8.cloudfront.net\/12\/2024\/11\/tom-pidcock-2023-tour-de-france-blog-tom-pidcock-2023-tour-de-france-blog-1000.webp\" alt=\"\" width=\"1000\" height=\"667\" srcset=\"https:\/\/d2p6e6u75xmxt8.cloudfront.net\/12\/2024\/11\/tom-pidcock-2023-tour-de-france-blog-tom-pidcock-2023-tour-de-france-blog-1000.webp 1000w, https:\/\/d2p6e6u75xmxt8.cloudfront.net\/12\/2024\/11\/tom-pidcock-2023-tour-de-france-blog-tom-pidcock-2023-tour-de-france-blog-1000-300x200.webp 300w, https:\/\/d2p6e6u75xmxt8.cloudfront.net\/12\/2024\/11\/tom-pidcock-2023-tour-de-france-blog-tom-pidcock-2023-tour-de-france-blog-1000-768x512.webp 768w, https:\/\/d2p6e6u75xmxt8.cloudfront.net\/12\/2024\/11\/tom-pidcock-2023-tour-de-france-blog-tom-pidcock-2023-tour-de-france-blog-1000-400x267.webp 400w, https:\/\/d2p6e6u75xmxt8.cloudfront.net\/12\/2024\/11\/tom-pidcock-2023-tour-de-france-blog-tom-pidcock-2023-tour-de-france-blog-1000-272x182.webp 272w\" sizes=\"auto, (max-width: 1000px) 100vw, 1000px\" \/><\/a><figcaption id=\"caption-attachment-18822\" class=\"wp-caption-text\">fot\u00f3: David Ramos\/\/Getty Images<\/figcaption><\/figure>\n<p><span style=\"font-weight: 400;\">Sokan er\u0151ltetn\u00e9k ugyanis a Tour de France-t, mint f\u0151verseny, Pidcock azonban elmondta, m\u00e1r az el\u0151z\u0151 k\u00e9t ki\u00edr\u00e1st sem \u00e9lvezte \u2013 id\u00e9n egy k\u00ednl\u00f3d\u00f3s els\u0151 k\u00e9t h\u00e9t ut\u00e1n, szakaszgy\u0151zelem n\u00e9lk\u00fcl fel is adta a 13. etap ut\u00e1n az \u00f6sszetett 36. helyr\u0151l \u2013, \u0151 sokkal jobban szereti az egynapos klasszikusokat \u2013 l\u00e1sd az Amstelen aratott idei \u00e9s a tavalyi Strade Bianchi-gy\u0151zelme. R\u00e1ad\u00e1sul \u00e9rthet\u0151 m\u00f3don az egy\u00e9b offroad-szak\u00e1gakat sem szeretn\u00e9 feladni, \u00fagyhogy \u00e9rdekes lesz l\u00e1tni, hova ker\u00fcl majd a f\u00f3kusz Pidcock eset\u00e9ben. Edz\u0151je, Kurt Bogaerts mindenesetre a h\u00e1romhetesekkel kapcsolatban is nyitva hagyta az ajt\u00f3t, mondv\u00e1n, m\u00e9g mindig nem l\u00e1tta senki, mire k\u00e9pes Pidcock igaz\u00e1ndib\u00f3l egy Grand Touron, ez rem\u00e9lhet\u0151leg m\u00e9g v\u00e1rat mag\u00e1ra \u2013 hozz\u00e1t\u00e9ve, eleve nem egyszer\u0171 \u00fagy, ha olyanokkal kell versenyezned, mint Tadej Poga\u010dar, Jonas Vingegaard \u00e9s Remco Evenepoel. \u00c1m az egy\u00fattal biztos, hogy a Kurt Asle Arvesen \u00e9s Leonardo Basso vezette \u00faj menedzsmentnek fel van adva a lecke: ahogy Josh Tarling, a csapat ifj\u00fa rem\u00e9nys\u00e9ge fogalmazott egy bizakod\u00f3nak sz\u00e1nt interj\u00faban, \u201eenn\u00e9l csak feljebb van\u201d a jelenlegi Ineos sz\u00e1m\u00e1ra.<\/span><\/p>\n<figure id=\"attachment_18824\" aria-describedby=\"caption-attachment-18824\" style=\"width: 2048px\" class=\"wp-caption alignnone\"><a href=\"https:\/\/d2p6e6u75xmxt8.cloudfront.net\/12\/2024\/11\/5a99d3a0-428c-11ef-b74c-bb483a802c97.webp\"><img loading=\"lazy\" decoding=\"async\" class=\"size-full wp-image-18824\" src=\"https:\/\/d2p6e6u75xmxt8.cloudfront.net\/12\/2024\/11\/5a99d3a0-428c-11ef-b74c-bb483a802c97.webp\" alt=\"\" width=\"2048\" height=\"1152\" srcset=\"https:\/\/d2p6e6u75xmxt8.cloudfront.net\/12\/2024\/11\/5a99d3a0-428c-11ef-b74c-bb483a802c97.webp 2048w, https:\/\/d2p6e6u75xmxt8.cloudfront.net\/12\/2024\/11\/5a99d3a0-428c-11ef-b74c-bb483a802c97-300x169.webp 300w, https:\/\/d2p6e6u75xmxt8.cloudfront.net\/12\/2024\/11\/5a99d3a0-428c-11ef-b74c-bb483a802c97-1024x576.webp 1024w, https:\/\/d2p6e6u75xmxt8.cloudfront.net\/12\/2024\/11\/5a99d3a0-428c-11ef-b74c-bb483a802c97-768x432.webp 768w, https:\/\/d2p6e6u75xmxt8.cloudfront.net\/12\/2024\/11\/5a99d3a0-428c-11ef-b74c-bb483a802c97-1536x864.webp 1536w, https:\/\/d2p6e6u75xmxt8.cloudfront.net\/12\/2024\/11\/5a99d3a0-428c-11ef-b74c-bb483a802c97-1920x1080.webp 1920w, https:\/\/d2p6e6u75xmxt8.cloudfront.net\/12\/2024\/11\/5a99d3a0-428c-11ef-b74c-bb483a802c97-400x225.webp 400w, https:\/\/d2p6e6u75xmxt8.cloudfront.net\/12\/2024\/11\/5a99d3a0-428c-11ef-b74c-bb483a802c97-1920x1080.webp 1920w\" sizes=\"auto, (max-width: 2048px) 100vw, 2048px\" \/><\/a><figcaption id=\"caption-attachment-18824\" class=\"wp-caption-text\">Josh Tarling \u00e9s az Ineos innent\u0151l m\u00e1r csak el\u0151re n\u00e9z\u2026 (fot\u00f3: Getty Images)<\/figcaption><\/figure>\n<p>&nbsp;<\/p>\n<p><em>Bor\u00edt\u00f3:\u00a0David Ramos\/\/Getty Images<\/em><\/p>\n","protected":false},"excerpt":{"rendered":"<p>\u201eEnn\u00e9l csak jobb lehet\u201d \u2013 nyilatkozta Tom Pidcock csapatt\u00e1rsa, miut\u00e1n az ist\u00e1ll\u00f3 jelenlegi legnagyobb szt\u00e1rj\u00e1t nagy nehezen siker\u00fclt marad\u00e1sra b\u00edrni.<\/p>\n","protected":false},"author":145,"featured_media":18821,"comment_status":"open","ping_status":"open","sticky":false,"template":"","format":"standard","meta":{"footnotes":""},"categories":[8],"tags":[],"global-categories":[419],"class_list":["post-18820","post","type-post","status-publish","format-standard","has-post-thumbnail","hentry","category-orszaguti-kerekpar","global-categories-cycling"],"yoast_head":"<!-- This site is optimized with the Yoast SEO Premium plugin v25.3 (Yoast SEO v25.9) - https:\/\/yoast.com\/wordpress\/plugins\/seo\/ -->\n<title>K\u00e1osz az egykori szupercsapatn\u00e1l: egyenesbe j\u00f6n-e az Ineos 2025-ben? - \u0160koda We Love Cycling - Magyarorsz\u00e1g<\/title>\n<meta name=\"description\" content=\"Hol vannak m\u00e1r azok az id\u0151k, amikor a Sky\/Ineos n\u00e9v az orsz\u00e1g\u00fati ker\u00e9kp\u00e1rsportban egyet jelentett az egyeduralommal, \u00e9s mindenki csak a csapat szt\u00e1rjainak a h\u00e1t\u00e1t n\u00e9zte irigykedve?\" \/>\n<meta name=\"robots\" content=\"index, follow, max-snippet:-1, max-image-preview:large, max-video-preview:-1\" \/>\n<link rel=\"canonical\" href=\"https:\/\/www.welovecycling.com\/hu\/orszaguti-kerekpar\/kaosz-az-egykori-szupercsapatnal-egyenesbe-jon-e-az-ineos-2025-ben\/\" \/>\n<meta property=\"og:locale\" content=\"hu_HU\" \/>\n<meta property=\"og:type\" content=\"article\" \/>\n<meta property=\"og:title\" content=\"K\u00e1osz az egykori szupercsapatn\u00e1l: egyenesbe j\u00f6n-e az Ineos 2025-ben?\" \/>\n<meta property=\"og:description\" content=\"Hol vannak m\u00e1r azok az id\u0151k, amikor a Sky\/Ineos n\u00e9v az orsz\u00e1g\u00fati ker\u00e9kp\u00e1rsportban egyet jelentett az egyeduralommal, \u00e9s mindenki csak a csapat szt\u00e1rjainak a h\u00e1t\u00e1t n\u00e9zte irigykedve?\" \/>\n<meta property=\"og:url\" content=\"https:\/\/www.welovecycling.com\/hu\/orszaguti-kerekpar\/kaosz-az-egykori-szupercsapatnal-egyenesbe-jon-e-az-ineos-2025-ben\/\" \/>\n<meta property=\"og:site_name\" content=\"\u0160koda We Love Cycling - Magyarorsz\u00e1g\" \/>\n<meta property=\"article:publisher\" content=\"https:\/\/www.facebook.com\/WeLoveCyclingHungary\/\" \/>\n<meta property=\"article:published_time\" content=\"2024-11-22T10:46:34+00:00\" \/>\n<meta property=\"article:modified_time\" content=\"2024-11-22T10:46:58+00:00\" \/>\n<meta property=\"og:image\" content=\"https:\/\/d2p6e6u75xmxt8.cloudfront.net\/12\/2024\/11\/tom-pidcock-of-united-kingdom-and-michal-kwiatkowski-of-news-photo-1719501921.webp\" \/>\n\t<meta property=\"og:image:width\" content=\"1024\" \/>\n\t<meta property=\"og:image:height\" content=\"683\" \/>\n\t<meta property=\"og:image:type\" content=\"image\/webp\" \/>\n<meta name=\"author\" content=\"kitti\" \/>\n<meta name=\"twitter:card\" content=\"summary_large_image\" \/>\n<meta name=\"twitter:label1\" content=\"Written by\" \/>\n\t<meta name=\"twitter:data1\" content=\"We Love Cycling\" \/>\n\t<meta name=\"twitter:label2\" content=\"Est. reading time\" \/>\n\t<meta name=\"twitter:data2\" content=\"4 minutes\" \/>\n<script type=\"application\/ld+json\" class=\"yoast-schema-graph\">{\"@context\":\"https:\/\/schema.org\",\"@graph\":[{\"@type\":\"WebPage\",\"@id\":\"https:\/\/www.welovecycling.com\/hu\/orszaguti-kerekpar\/kaosz-az-egykori-szupercsapatnal-egyenesbe-jon-e-az-ineos-2025-ben\/\",\"url\":\"https:\/\/www.welovecycling.com\/hu\/orszaguti-kerekpar\/kaosz-az-egykori-szupercsapatnal-egyenesbe-jon-e-az-ineos-2025-ben\/\",\"name\":\"K\u00e1osz az egykori szupercsapatn\u00e1l: egyenesbe j\u00f6n-e az Ineos 2025-ben? - \u0160koda We Love Cycling - Magyarorsz\u00e1g\",\"isPartOf\":{\"@id\":\"https:\/\/www.welovecycling.com\/hu\/#website\"},\"primaryImageOfPage\":{\"@id\":\"https:\/\/www.welovecycling.com\/hu\/orszaguti-kerekpar\/kaosz-az-egykori-szupercsapatnal-egyenesbe-jon-e-az-ineos-2025-ben\/#primaryimage\"},\"image\":{\"@id\":\"https:\/\/www.welovecycling.com\/hu\/orszaguti-kerekpar\/kaosz-az-egykori-szupercsapatnal-egyenesbe-jon-e-az-ineos-2025-ben\/#primaryimage\"},\"thumbnailUrl\":\"https:\/\/d2p6e6u75xmxt8.cloudfront.net\/12\/2024\/11\/tom-pidcock-of-united-kingdom-and-michal-kwiatkowski-of-news-photo-1719501921.webp\",\"datePublished\":\"2024-11-22T10:46:34+00:00\",\"dateModified\":\"2024-11-22T10:46:58+00:00\",\"author\":{\"@id\":\"https:\/\/www.welovecycling.com\/hu\/#\/schema\/person\/bec7dcdbcc59f58489cf603e4040ced1\"},\"description\":\"Hol vannak m\u00e1r azok az id\u0151k, amikor a Sky\/Ineos n\u00e9v az orsz\u00e1g\u00fati ker\u00e9kp\u00e1rsportban egyet jelentett az egyeduralommal, \u00e9s mindenki csak a csapat szt\u00e1rjainak a h\u00e1t\u00e1t n\u00e9zte irigykedve?\",\"breadcrumb\":{\"@id\":\"https:\/\/www.welovecycling.com\/hu\/orszaguti-kerekpar\/kaosz-az-egykori-szupercsapatnal-egyenesbe-jon-e-az-ineos-2025-ben\/#breadcrumb\"},\"inLanguage\":\"hu\",\"potentialAction\":[{\"@type\":\"ReadAction\",\"target\":[\"https:\/\/www.welovecycling.com\/hu\/orszaguti-kerekpar\/kaosz-az-egykori-szupercsapatnal-egyenesbe-jon-e-az-ineos-2025-ben\/\"]}]},{\"@type\":\"ImageObject\",\"inLanguage\":\"hu\",\"@id\":\"https:\/\/www.welovecycling.com\/hu\/orszaguti-kerekpar\/kaosz-az-egykori-szupercsapatnal-egyenesbe-jon-e-az-ineos-2025-ben\/#primaryimage\",\"url\":\"https:\/\/d2p6e6u75xmxt8.cloudfront.net\/12\/2024\/11\/tom-pidcock-of-united-kingdom-and-michal-kwiatkowski-of-news-photo-1719501921.webp\",\"contentUrl\":\"https:\/\/d2p6e6u75xmxt8.cloudfront.net\/12\/2024\/11\/tom-pidcock-of-united-kingdom-and-michal-kwiatkowski-of-news-photo-1719501921.webp\",\"width\":1024,\"height\":683},{\"@type\":\"BreadcrumbList\",\"@id\":\"https:\/\/www.welovecycling.com\/hu\/orszaguti-kerekpar\/kaosz-az-egykori-szupercsapatnal-egyenesbe-jon-e-az-ineos-2025-ben\/#breadcrumb\",\"itemListElement\":[{\"@type\":\"ListItem\",\"position\":1,\"name\":\"Home\",\"item\":\"https:\/\/www.welovecycling.com\/hu\/\"},{\"@type\":\"ListItem\",\"position\":2,\"name\":\"K\u00e1osz az egykori szupercsapatn\u00e1l: egyenesbe j\u00f6n-e az Ineos 2025-ben?\"}]},{\"@type\":\"WebSite\",\"@id\":\"https:\/\/www.welovecycling.com\/hu\/#website\",\"url\":\"https:\/\/www.welovecycling.com\/hu\/\",\"name\":\"\u0160koda We Love Cycling - Magyarorsz\u00e1g\",\"description\":\"\u0160koda WeLoveCycling\",\"potentialAction\":[{\"@type\":\"SearchAction\",\"target\":{\"@type\":\"EntryPoint\",\"urlTemplate\":\"https:\/\/www.welovecycling.com\/hu\/?s={search_term_string}\"},\"query-input\":{\"@type\":\"PropertyValueSpecification\",\"valueRequired\":true,\"valueName\":\"search_term_string\"}}],\"inLanguage\":\"hu\"},{\"@type\":\"Person\",\"@id\":\"https:\/\/www.welovecycling.com\/hu\/#\/schema\/person\/bec7dcdbcc59f58489cf603e4040ced1\",\"name\":\"kitti\",\"image\":{\"@type\":\"ImageObject\",\"inLanguage\":\"hu\",\"@id\":\"https:\/\/www.welovecycling.com\/hu\/#\/schema\/person\/image\/\",\"url\":\"https:\/\/secure.gravatar.com\/avatar\/e3196a110e1b57b96f56d92d10ce9bb4e9d7210076832a16243337e949410b52?s=96&d=mm&r=g\",\"contentUrl\":\"https:\/\/secure.gravatar.com\/avatar\/e3196a110e1b57b96f56d92d10ce9bb4e9d7210076832a16243337e949410b52?s=96&d=mm&r=g\",\"caption\":\"kitti\"},\"url\":\"https:\/\/www.welovecycling.com\/hu\/author\/kitti\/\"}]}<\/script>\n<!-- \/ Yoast SEO Premium plugin. -->","yoast_head_json":{"title":"K\u00e1osz az egykori szupercsapatn\u00e1l: egyenesbe j\u00f6n-e az Ineos 2025-ben? - \u0160koda We Love Cycling - Magyarorsz\u00e1g","description":"Hol vannak m\u00e1r azok az id\u0151k, amikor a Sky\/Ineos n\u00e9v az orsz\u00e1g\u00fati ker\u00e9kp\u00e1rsportban egyet jelentett az egyeduralommal, \u00e9s mindenki csak a csapat szt\u00e1rjainak a h\u00e1t\u00e1t n\u00e9zte irigykedve?","robots":{"index":"index","follow":"follow","max-snippet":"max-snippet:-1","max-image-preview":"max-image-preview:large","max-video-preview":"max-video-preview:-1"},"canonical":"https:\/\/www.welovecycling.com\/hu\/orszaguti-kerekpar\/kaosz-az-egykori-szupercsapatnal-egyenesbe-jon-e-az-ineos-2025-ben\/","og_locale":"hu_HU","og_type":"article","og_title":"K\u00e1osz az egykori szupercsapatn\u00e1l: egyenesbe j\u00f6n-e az Ineos 2025-ben?","og_description":"Hol vannak m\u00e1r azok az id\u0151k, amikor a Sky\/Ineos n\u00e9v az orsz\u00e1g\u00fati ker\u00e9kp\u00e1rsportban egyet jelentett az egyeduralommal, \u00e9s mindenki csak a csapat szt\u00e1rjainak a h\u00e1t\u00e1t n\u00e9zte irigykedve?","og_url":"https:\/\/www.welovecycling.com\/hu\/orszaguti-kerekpar\/kaosz-az-egykori-szupercsapatnal-egyenesbe-jon-e-az-ineos-2025-ben\/","og_site_name":"\u0160koda We Love Cycling - Magyarorsz\u00e1g","article_publisher":"https:\/\/www.facebook.com\/WeLoveCyclingHungary\/","article_published_time":"2024-11-22T10:46:34+00:00","article_modified_time":"2024-11-22T10:46:58+00:00","og_image":[{"width":1024,"height":683,"url":"https:\/\/d2p6e6u75xmxt8.cloudfront.net\/12\/2024\/11\/tom-pidcock-of-united-kingdom-and-michal-kwiatkowski-of-news-photo-1719501921.webp","type":"image\/webp"}],"author":"kitti","twitter_card":"summary_large_image","twitter_misc":{"Written by":"We Love Cycling","Est. reading time":"4 minutes"},"schema":{"@context":"https:\/\/schema.org","@graph":[{"@type":"WebPage","@id":"https:\/\/www.welovecycling.com\/hu\/orszaguti-kerekpar\/kaosz-az-egykori-szupercsapatnal-egyenesbe-jon-e-az-ineos-2025-ben\/","url":"https:\/\/www.welovecycling.com\/hu\/orszaguti-kerekpar\/kaosz-az-egykori-szupercsapatnal-egyenesbe-jon-e-az-ineos-2025-ben\/","name":"K\u00e1osz az egykori szupercsapatn\u00e1l: egyenesbe j\u00f6n-e az Ineos 2025-ben? - \u0160koda We Love Cycling - Magyarorsz\u00e1g","isPartOf":{"@id":"https:\/\/www.welovecycling.com\/hu\/#website"},"primaryImageOfPage":{"@id":"https:\/\/www.welovecycling.com\/hu\/orszaguti-kerekpar\/kaosz-az-egykori-szupercsapatnal-egyenesbe-jon-e-az-ineos-2025-ben\/#primaryimage"},"image":{"@id":"https:\/\/www.welovecycling.com\/hu\/orszaguti-kerekpar\/kaosz-az-egykori-szupercsapatnal-egyenesbe-jon-e-az-ineos-2025-ben\/#primaryimage"},"thumbnailUrl":"https:\/\/d2p6e6u75xmxt8.cloudfront.net\/12\/2024\/11\/tom-pidcock-of-united-kingdom-and-michal-kwiatkowski-of-news-photo-1719501921.webp","datePublished":"2024-11-22T10:46:34+00:00","dateModified":"2024-11-22T10:46:58+00:00","author":{"@id":"https:\/\/www.welovecycling.com\/hu\/#\/schema\/person\/bec7dcdbcc59f58489cf603e4040ced1"},"description":"Hol vannak m\u00e1r azok az id\u0151k, amikor a Sky\/Ineos n\u00e9v az orsz\u00e1g\u00fati ker\u00e9kp\u00e1rsportban egyet jelentett az egyeduralommal, \u00e9s mindenki csak a csapat szt\u00e1rjainak a h\u00e1t\u00e1t n\u00e9zte irigykedve?","breadcrumb":{"@id":"https:\/\/www.welovecycling.com\/hu\/orszaguti-kerekpar\/kaosz-az-egykori-szupercsapatnal-egyenesbe-jon-e-az-ineos-2025-ben\/#breadcrumb"},"inLanguage":"hu","potentialAction":[{"@type":"ReadAction","target":["https:\/\/www.welovecycling.com\/hu\/orszaguti-kerekpar\/kaosz-az-egykori-szupercsapatnal-egyenesbe-jon-e-az-ineos-2025-ben\/"]}]},{"@type":"ImageObject","inLanguage":"hu","@id":"https:\/\/www.welovecycling.com\/hu\/orszaguti-kerekpar\/kaosz-az-egykori-szupercsapatnal-egyenesbe-jon-e-az-ineos-2025-ben\/#primaryimage","url":"https:\/\/d2p6e6u75xmxt8.cloudfront.net\/12\/2024\/11\/tom-pidcock-of-united-kingdom-and-michal-kwiatkowski-of-news-photo-1719501921.webp","contentUrl":"https:\/\/d2p6e6u75xmxt8.cloudfront.net\/12\/2024\/11\/tom-pidcock-of-united-kingdom-and-michal-kwiatkowski-of-news-photo-1719501921.webp","width":1024,"height":683},{"@type":"BreadcrumbList","@id":"https:\/\/www.welovecycling.com\/hu\/orszaguti-kerekpar\/kaosz-az-egykori-szupercsapatnal-egyenesbe-jon-e-az-ineos-2025-ben\/#breadcrumb","itemListElement":[{"@type":"ListItem","position":1,"name":"Home","item":"https:\/\/www.welovecycling.com\/hu\/"},{"@type":"ListItem","position":2,"name":"K\u00e1osz az egykori szupercsapatn\u00e1l: egyenesbe j\u00f6n-e az Ineos 2025-ben?"}]},{"@type":"WebSite","@id":"https:\/\/www.welovecycling.com\/hu\/#website","url":"https:\/\/www.welovecycling.com\/hu\/","name":"\u0160koda We Love Cycling - Magyarorsz\u00e1g","description":"\u0160koda WeLoveCycling","potentialAction":[{"@type":"SearchAction","target":{"@type":"EntryPoint","urlTemplate":"https:\/\/www.welovecycling.com\/hu\/?s={search_term_string}"},"query-input":{"@type":"PropertyValueSpecification","valueRequired":true,"valueName":"search_term_string"}}],"inLanguage":"hu"},{"@type":"Person","@id":"https:\/\/www.welovecycling.com\/hu\/#\/schema\/person\/bec7dcdbcc59f58489cf603e4040ced1","name":"kitti","image":{"@type":"ImageObject","inLanguage":"hu","@id":"https:\/\/www.welovecycling.com\/hu\/#\/schema\/person\/image\/","url":"https:\/\/secure.gravatar.com\/avatar\/e3196a110e1b57b96f56d92d10ce9bb4e9d7210076832a16243337e949410b52?s=96&d=mm&r=g","contentUrl":"https:\/\/secure.gravatar.com\/avatar\/e3196a110e1b57b96f56d92d10ce9bb4e9d7210076832a16243337e949410b52?s=96&d=mm&r=g","caption":"kitti"},"url":"https:\/\/www.welovecycling.com\/hu\/author\/kitti\/"}]}},"_links":{"self":[{"href":"https:\/\/www.welovecycling.com\/hu\/wp-json\/wp\/v2\/posts\/18820","targetHints":{"allow":["GET"]}}],"collection":[{"href":"https:\/\/www.welovecycling.com\/hu\/wp-json\/wp\/v2\/posts"}],"about":[{"href":"https:\/\/www.welovecycling.com\/hu\/wp-json\/wp\/v2\/types\/post"}],"author":[{"embeddable":true,"href":"https:\/\/www.welovecycling.com\/hu\/wp-json\/wp\/v2\/users\/145"}],"replies":[{"embeddable":true,"href":"https:\/\/www.welovecycling.com\/hu\/wp-json\/wp\/v2\/comments?post=18820"}],"version-history":[{"count":2,"href":"https:\/\/www.welovecycling.com\/hu\/wp-json\/wp\/v2\/posts\/18820\/revisions"}],"predecessor-version":[{"id":18826,"href":"https:\/\/www.welovecycling.com\/hu\/wp-json\/wp\/v2\/posts\/18820\/revisions\/18826"}],"wp:featuredmedia":[{"embeddable":true,"href":"https:\/\/www.welovecycling.com\/hu\/wp-json\/wp\/v2\/media\/18821"}],"wp:attachment":[{"href":"https:\/\/www.welovecycling.com\/hu\/wp-json\/wp\/v2\/media?parent=18820"}],"wp:term":[{"taxonomy":"category","embeddable":true,"href":"https:\/\/www.welovecycling.com\/hu\/wp-json\/wp\/v2\/categories?post=18820"},{"taxonomy":"post_tag","embeddable":true,"href":"https:\/\/www.welovecycling.com\/hu\/wp-json\/wp\/v2\/tags?post=18820"},{"taxonomy":"global-categories","embeddable":true,"href":"https:\/\/www.welovecycling.com\/hu\/wp-json\/wp\/v2\/global-categories?post=18820"}],"curies":[{"name":"wp","href":"https:\/\/api.w.org\/{rel}","templated":true}]}}