{"id":18816,"date":"2024-12-03T08:00:04","date_gmt":"2024-12-03T06:00:04","guid":{"rendered":"https:\/\/www.welovecycling.com\/hu\/?p=18816"},"modified":"2024-11-21T10:58:50","modified_gmt":"2024-11-21T08:58:50","slug":"thibau-nys-lehet-a-kovetkezo-nagy-nev-a-kerekparsportban","status":"publish","type":"post","link":"https:\/\/www.welovecycling.com\/hu\/orszaguti-kerekpar\/thibau-nys-lehet-a-kovetkezo-nagy-nev-a-kerekparsportban\/","title":{"rendered":"Thibau Nys lehet a k\u00f6vetkez\u0151 nagy n\u00e9v a ker\u00e9kp\u00e1rsportban?"},"content":{"rendered":"<p><strong>M\u00e9g tal\u00e1n korai lenne Thibau Nys-t, aki nemr\u00e9g t\u00f6lt\u00f6tte be a 22. \u00e9let\u00e9v\u00e9t, olyan nevekkel \u00f6sszehasonl\u00edtani, mint Mathieu van der Poel, Wout van Aert vagy Remco Evenepoel, n\u00e9h\u00e1ny cyclo-cross \u00e9s orsz\u00e1g\u00fati gy\u0151zelem alapj\u00e1n. M\u00e9g akkor is, ha az, ahogyan gy\u0151z\u00f6tt, eml\u00e9keztet ezekre a versenyz\u0151kre. \u00c9s tal\u00e1n m\u00e9g akkor is, ha ezek k\u00f6z\u00f6tt a gy\u0151zelmek k\u00f6z\u00f6tt ott van az Eur\u00f3pa-bajnoki c\u00edm is\u2026<\/strong><\/p>\n<p><!--more--><\/p>\n<p>De vess\u00fck \u00f6ssze az eredm\u00e9nyeiket! Van der Poel \u00e9ppen 20 \u00e9ves volt, amikor megnyerte a hat cyclo-cross vil\u00e1gbajnoki c\u00edm\u00e9b\u0151l az els\u0151t, 15 m\u00e1sodperccel maga m\u00f6g\u00f6tt hagyva a 21 \u00e9ves Van Aertot. Van Aert 22 \u00e9ves volt, amikor els\u0151 vil\u00e1gbajnoki c\u00edm\u00e9t szerezte a h\u00e1rom k\u00f6z\u00fcl. Evenepoel pedig mind\u00f6ssze 19 \u00e9vesen nyerte meg els\u0151 jelent\u0151s egynapos verseny\u00e9t, a 2019-es Cl\u00e1sica de San Sebasti\u00e1nt, \u00e9s 22 \u00e9vesen orsz\u00e1g\u00fati vil\u00e1gbajnok lett 2022-ben \u2013 abban az \u00e9vben, amikor elnyerte a V\u00e9lo d\u2019Or d\u00edjat, mint az \u00e9v legjobb f\u00e9rfi versenyz\u0151je.<\/p>\n<p>Ezek a teljes\u00edtm\u00e9nyek az\u00e9rt j\u00f3val jelent\u0151sebbek, mint Nys eredm\u00e9nyei: egy nagyobb cyclo-cross elite kateg\u00f3ri\u00e1s-, \u00e9s mind\u00f6ssze 11 profi orsz\u00e1g\u00fati gy\u0151zelem, amelyek k\u00f6z\u00fcl tal\u00e1n a legjelent\u0151sebb az idei Magyar K\u00f6rverseny, ahol megszerezte a s\u00e1rga \u00e9s a z\u00f6ld trik\u00f3t is.<\/p>\n<p>De b\u00e1rki, aki l\u00e1tta \u0151t versenyezni, tudja, hogy minden megvan benne, ami ahhoz kell, hogy kiemelkedjen a t\u00f6megb\u0151l: er\u0151, \u00e1ll\u00f3k\u00e9pess\u00e9g, k\u00f6ny\u00f6rtelen gy\u0151zni akar\u00e1s \u00e9s leny\u0171g\u00f6z\u0151 versenyintelligencia. Nem is csoda, hiszen \u00e9desapja \u00e9s edz\u0151je Sven Nys, akit sokan minden id\u0151k legnagyobb cyclo-cross versenyz\u0151j\u00e9nek tartanak. Az id\u0151sebb Nys 28 \u00e9vesen nyerte els\u0151 vil\u00e1gbajnoki c\u00edm\u00e9t, a m\u00e1sodikat \u00e9s egyben utols\u00f3t pedig 36 \u00e9vesen, \u00edgy pontosan tudja, hogy a sikerrel nem kell sietni.<\/p>\n<p>Term\u00e9szetes azonban elgondolkodhatunk azon, mi t\u00f6rt\u00e9nne, ha a 2025-\u00f6s cyclo-cross vil\u00e1gbajnoks\u00e1gon az ifjabb Nys rajthoz \u00e1llna Van der Poellel \u00e9s\/vagy Van Aerttal szemben. Ut\u00f3bbi sz\u00e1m\u00e1ra k\u00e9t s\u00falyos buk\u00e1s \u00e1rny\u00e9kolta be a szezont, a m\u00e1sodik a Vuelta a Espa\u00f1\u00e1n, \u00edgy felmer\u00fclhet a k\u00e9rd\u00e9s, hogy 30 \u00e9ves kor\u00e1ra romlani kezdtek-e a ker\u00e9kp\u00e1rkezel\u00e9si k\u00e9szs\u00e9gei, vagy az orsz\u00e1g\u00fati versenyz\u00e9sre ford\u00edtott id\u0151 h\u00e1tr\u00e1nyosan befoly\u00e1solja-e cyclo-cross teljes\u00edtm\u00e9ny\u00e9t.<\/p>\n<p>Van der Poel viszont tov\u00e1bbra is domin\u00e1ns, mondhatni cs\u00facsform\u00e1ban van: id\u00e9n megnyerte a h\u00e1rom tavaszi klasszikust \u2013 az E3 Saxo Classicot, a Flandriai K\u00f6rversenyt \u00e9s a P\u00e1rizs-Roubaix-t \u2013, valamint a gravel vil\u00e1gbajnoks\u00e1got. Egyel\u0151re nem vil\u00e1gos, hogy id\u00e9n indul-e cyclo-cross versenyeken. Egy h\u00f3nappal ezel\u0151tti nyilatkozata szerint: <em>\u201eM\u00e9g el kell d\u00f6nten\u00fcnk, hogy indulok-e cyclo-crossban ezen a t\u00e9len. El\u0151sz\u00f6r elmegyek nyaralni, azt\u00e1n majd megl\u00e1tjuk.\u201d<\/em><\/p>\n<p>Van Aert eset\u00e9ben elk\u00e9pzelhet\u0151, hogy csak kar\u00e1csony el\u0151tt t\u00e9r vissza a cyclo-cross p\u00e1ly\u00e1ra, ahogy azt a Visma\u2013Lease a Bike edz\u0151je, Jan Boven nemr\u00e9g a Wielerflitsnek nyilatkozta: <em>\u201eWout most Spanyolorsz\u00e1gba indul k\u00e9t \u00e9s f\u00e9l h\u00e9tre edzeni. Ezut\u00e1n le\u00fcl\u00fcnk \u00e1tbesz\u00e9lni, hogyan tov\u00e1bb, de csak az els\u0151 csapatedz\u0151t\u00e1bor december 19-i befejez\u00e9se ut\u00e1n kezdi \u00fajra.\u201d<\/em><\/p>\n<p>Ha mindk\u00e9t szt\u00e1r cs\u00facsform\u00e1ban jelenik meg ezen a t\u00e9len, az lehet\u0151s\u00e9get ad arra, hogy Thibau Nys megmutassa, hogyan teljes\u00edt a szak\u00e1g legjobbjai ellen. Az \u00f6sszehasonl\u00edt\u00e1s a sportban mindig neh\u00e9z, k\u00fcl\u00f6n\u00f6sen, ha elt\u00e9r\u0151ek a felt\u00e9telek. Ahogy Sven Nys is r\u00e1mutatott: <em>\u201e21 \u00e9vesen Mathieu van der Poel \u00e9s Wout van Aert a cyclo-crossra helyezte a hangs\u00falyt, \u00e9s legfeljebb 10-15 orsz\u00e1g\u00fati versenyen indultak. Thibau id\u00e9n 34-en! Ezt k\u00f6vet\u0151en tov\u00e1bbi 22 cyclo-cross verseny k\u00f6vetkezik. \u00cdgy nagyon kev\u00e9s a hib\u00e1z\u00e1si lehet\u0151s\u00e9g.\u201d<\/em><\/p>\n<p>Ez az a v\u00e1laszt\u00e1s, amit minden t\u00f6bb szak\u00e1gban versenyz\u0151 sportol\u00f3nak meg kell hoznia: hogyan egyens\u00falyozzon a k\u00fcl\u00f6nb\u00f6z\u0151 szak\u00e1gak k\u00f6z\u00f6tt a maxim\u00e1lis siker \u00e9rdek\u00e9ben. Nem k\u00f6nny\u0171 megtal\u00e1lni az egyens\u00falyt. Van der Poel-nek, aki a tavaszi klasszikusokon, a Tour de France-on \u00e9s az UCI orsz\u00e1g\u00fati vil\u00e1gbajnoks\u00e1gon indul, siker\u00fclt. Ugyanakkor, ami Van Aert-et illeti, min\u00e9l ink\u00e1bb elk\u00f6telezte mag\u00e1t az orsz\u00e1g\u00fati versenyz\u00e9s mellett, ann\u00e1l kevesebb sikert \u00e9rt el cyclo-crossban: utols\u00f3 vil\u00e1gbajnoki c\u00edm\u00e9t 2018-ban nyerte, az utols\u00f3 \u00f6sszetett vil\u00e1gkupagy\u0151zelm\u00e9t pedig a 2020\u20132021-es szezonban.<\/p>\n<p>\u00c9rdekes lesz l\u00e1tni, hogyan kezeli Nys ezt a k\u00e9rd\u00e9st a tov\u00e1bbiakban. Ahogy az is, hogy milyen kih\u00edv\u00e1sokat v\u00e1laszt majd mag\u00e1nak az orsz\u00e1g\u00faton. Vajon a tavaszi klasszikusokon fog indulni, \u00e9s szembesz\u00e1ll Evenepoellel, Van der Poellel, s\u0151t &#8211; mi\u00e9rt ne? -, ak\u00e1r Tadej Poga\u010darral is p\u00e9ld\u00e1ul a Flandriai K\u00f6rversenyen? Lesz el\u00e9g \u00e1ll\u00f3k\u00e9pess\u00e9ge, hogy 60 kilom\u00e9teren \u00e1t vel\u00fck tartson macskak\u00f6veken \u00e9s dombokon \u00e1t?<\/p>\n<p>R\u00f6vid orsz\u00e1g\u00fati karrierje sor\u00e1n Nys nem mutatott k\u00fcl\u00f6n\u00f6sebb vonz\u00f3d\u00e1st az egynapos versenyek ir\u00e1nt. Orsz\u00e1g\u00fati gy\u0151zelmei nagy r\u00e9sz\u00e9t szakaszversenyeken szerezte \u2013 b\u00e1r tavaly megnyerte a Grosser Preis des Kantons Aargaut is egy sprintbefut\u00f3ban Marc Hirschi \u00e9s Pello Bilbao ellen.<\/p>\n<p>Teh\u00e1t m\u00e9g t\u00fal korai megmondani, mik a tervei (\u00e9s \u00e9desapja tervei) a karrierj\u00e9re n\u00e9zve. \u00c9rdekes m\u00f3don az idei Magyar K\u00f6rversenyen egyik szakaszgy\u0151zelme egy neh\u00e9z hegyi befut\u00f3n t\u00f6rt\u00e9nt (12,1 km @ 5,6%, az utols\u00f3 3,4 km 8%-os \u00e1tlagemelked\u00e9ssel!). A szakasz egy m\u00e1sik, kisebb emelked\u0151t is tartalmazott (8,6 km @ 4,7%). Ezen a szakaszon Nys n\u00e9h\u00e1ny igen tisztess\u00e9ges hegyi men\u0151t gy\u0151z\u00f6tt le, mint p\u00e9ld\u00e1ul Emanuel Buchmann-t, Diego Ulissit, Wout Poels-t \u00e9s \u00d3scar Rodr\u00edguezt. Lehet, hogy egy Tour de France szerepel a tervei k\u00f6z\u00f6tt?<\/p>\n<p>Ezt csak akkor fogjuk megtudni, ha megt\u00f6rt\u00e9nik. Addig is figyelhetj\u00fck egy kiv\u00e1l\u00f3 fiatal ker\u00e9kp\u00e1ros fejl\u0151d\u00e9s\u00e9t, aki egy csod\u00e1latos karrier k\u00fcsz\u00f6b\u00e9n \u00e1ll &#8211; hat\u00e1r a csillagos \u00e9g!<\/p>\n","protected":false},"excerpt":{"rendered":"<p>M\u00e9g tal\u00e1n korai lenne Thibau Nys-t, aki nemr\u00e9g t\u00f6lt\u00f6tte be a 22. \u00e9let\u00e9v\u00e9t, olyan nevekkel \u00f6sszehasonl\u00edtani, mint Mathieu van der [&hellip;]<\/p>\n","protected":false},"author":71,"featured_media":18817,"comment_status":"open","ping_status":"open","sticky":false,"template":"","format":"standard","meta":{"footnotes":""},"categories":[8],"tags":[],"global-categories":[],"class_list":["post-18816","post","type-post","status-publish","format-standard","has-post-thumbnail","hentry","category-orszaguti-kerekpar"],"yoast_head":"<!-- This site is optimized with the Yoast SEO Premium plugin v25.3 (Yoast SEO v25.9) - https:\/\/yoast.com\/wordpress\/plugins\/seo\/ -->\n<title>Thibau Nys lehet a k\u00f6vetkez\u0151 nagy n\u00e9v a ker\u00e9kp\u00e1rsportban?<\/title>\n<meta name=\"description\" content=\"M\u00e9g tal\u00e1n korai lenne Thibau Nys-t, aki nemr\u00e9g t\u00f6lt\u00f6tte be a 22. \u00e9let\u00e9v\u00e9t, olyan nevekkel \u00f6sszehasonl\u00edtani, mint Mathieu van der Poel, Wout van Aert vagy Remco Evenepoel, n\u00e9h\u00e1ny cyclo-cross \u00e9s orsz\u00e1g\u00fati gy\u0151zelem alapj\u00e1n.\" \/>\n<meta name=\"robots\" content=\"index, follow, max-snippet:-1, max-image-preview:large, max-video-preview:-1\" \/>\n<link rel=\"canonical\" href=\"https:\/\/www.welovecycling.com\/hu\/orszaguti-kerekpar\/thibau-nys-lehet-a-kovetkezo-nagy-nev-a-kerekparsportban\/\" \/>\n<meta property=\"og:locale\" content=\"hu_HU\" \/>\n<meta property=\"og:type\" content=\"article\" \/>\n<meta property=\"og:title\" content=\"Thibau Nys lehet a k\u00f6vetkez\u0151 nagy n\u00e9v a ker\u00e9kp\u00e1rsportban?\" \/>\n<meta property=\"og:description\" content=\"M\u00e9g tal\u00e1n korai lenne Thibau Nys-t, aki nemr\u00e9g t\u00f6lt\u00f6tte be a 22. \u00e9let\u00e9v\u00e9t, olyan nevekkel \u00f6sszehasonl\u00edtani, mint Mathieu van der Poel, Wout van Aert vagy Remco Evenepoel, n\u00e9h\u00e1ny cyclo-cross \u00e9s orsz\u00e1g\u00fati gy\u0151zelem alapj\u00e1n.\" \/>\n<meta property=\"og:url\" content=\"https:\/\/www.welovecycling.com\/hu\/orszaguti-kerekpar\/thibau-nys-lehet-a-kovetkezo-nagy-nev-a-kerekparsportban\/\" \/>\n<meta property=\"og:site_name\" content=\"\u0160koda We Love Cycling - Magyarorsz\u00e1g\" \/>\n<meta property=\"article:publisher\" content=\"https:\/\/www.facebook.com\/WeLoveCyclingHungary\/\" \/>\n<meta property=\"article:published_time\" content=\"2024-12-03T06:00:04+00:00\" \/>\n<meta property=\"og:image\" content=\"https:\/\/d2p6e6u75xmxt8.cloudfront.net\/12\/2024\/11\/Thibau-Nys-profimedia-0932722434-CVR.webp\" \/>\n\t<meta property=\"og:image:width\" content=\"990\" \/>\n\t<meta property=\"og:image:height\" content=\"660\" \/>\n\t<meta property=\"og:image:type\" content=\"image\/webp\" \/>\n<meta name=\"author\" content=\"hegyizs\" \/>\n<meta name=\"twitter:card\" content=\"summary_large_image\" \/>\n<meta name=\"twitter:label1\" content=\"Written by\" \/>\n\t<meta name=\"twitter:data1\" content=\"Siegfried Mortkowitz\" \/>\n\t<meta name=\"twitter:label2\" content=\"Est. reading time\" \/>\n\t<meta name=\"twitter:data2\" content=\"3\" \/>\n<script type=\"application\/ld+json\" class=\"yoast-schema-graph\">{\"@context\":\"https:\/\/schema.org\",\"@graph\":[{\"@type\":\"WebPage\",\"@id\":\"https:\/\/www.welovecycling.com\/hu\/orszaguti-kerekpar\/thibau-nys-lehet-a-kovetkezo-nagy-nev-a-kerekparsportban\/\",\"url\":\"https:\/\/www.welovecycling.com\/hu\/orszaguti-kerekpar\/thibau-nys-lehet-a-kovetkezo-nagy-nev-a-kerekparsportban\/\",\"name\":\"Thibau Nys lehet a k\u00f6vetkez\u0151 nagy n\u00e9v a ker\u00e9kp\u00e1rsportban?\",\"isPartOf\":{\"@id\":\"https:\/\/www.welovecycling.com\/hu\/#website\"},\"primaryImageOfPage\":{\"@id\":\"https:\/\/www.welovecycling.com\/hu\/orszaguti-kerekpar\/thibau-nys-lehet-a-kovetkezo-nagy-nev-a-kerekparsportban\/#primaryimage\"},\"image\":{\"@id\":\"https:\/\/www.welovecycling.com\/hu\/orszaguti-kerekpar\/thibau-nys-lehet-a-kovetkezo-nagy-nev-a-kerekparsportban\/#primaryimage\"},\"thumbnailUrl\":\"https:\/\/d2p6e6u75xmxt8.cloudfront.net\/12\/2024\/11\/Thibau-Nys-profimedia-0932722434-CVR.webp\",\"datePublished\":\"2024-12-03T06:00:04+00:00\",\"author\":{\"@id\":\"https:\/\/www.welovecycling.com\/hu\/#\/schema\/person\/414a2aebf1801691a5320edb6468e194\"},\"description\":\"M\u00e9g tal\u00e1n korai lenne Thibau Nys-t, aki nemr\u00e9g t\u00f6lt\u00f6tte be a 22. \u00e9let\u00e9v\u00e9t, olyan nevekkel \u00f6sszehasonl\u00edtani, mint Mathieu van der Poel, Wout van Aert vagy Remco Evenepoel, n\u00e9h\u00e1ny cyclo-cross \u00e9s orsz\u00e1g\u00fati gy\u0151zelem alapj\u00e1n.\",\"breadcrumb\":{\"@id\":\"https:\/\/www.welovecycling.com\/hu\/orszaguti-kerekpar\/thibau-nys-lehet-a-kovetkezo-nagy-nev-a-kerekparsportban\/#breadcrumb\"},\"inLanguage\":\"hu\",\"potentialAction\":[{\"@type\":\"ReadAction\",\"target\":[\"https:\/\/www.welovecycling.com\/hu\/orszaguti-kerekpar\/thibau-nys-lehet-a-kovetkezo-nagy-nev-a-kerekparsportban\/\"]}]},{\"@type\":\"ImageObject\",\"inLanguage\":\"hu\",\"@id\":\"https:\/\/www.welovecycling.com\/hu\/orszaguti-kerekpar\/thibau-nys-lehet-a-kovetkezo-nagy-nev-a-kerekparsportban\/#primaryimage\",\"url\":\"https:\/\/d2p6e6u75xmxt8.cloudfront.net\/12\/2024\/11\/Thibau-Nys-profimedia-0932722434-CVR.webp\",\"contentUrl\":\"https:\/\/d2p6e6u75xmxt8.cloudfront.net\/12\/2024\/11\/Thibau-Nys-profimedia-0932722434-CVR.webp\",\"width\":990,\"height\":660,\"caption\":\"Thibau Nys\"},{\"@type\":\"BreadcrumbList\",\"@id\":\"https:\/\/www.welovecycling.com\/hu\/orszaguti-kerekpar\/thibau-nys-lehet-a-kovetkezo-nagy-nev-a-kerekparsportban\/#breadcrumb\",\"itemListElement\":[{\"@type\":\"ListItem\",\"position\":1,\"name\":\"Home\",\"item\":\"https:\/\/www.welovecycling.com\/hu\/\"},{\"@type\":\"ListItem\",\"position\":2,\"name\":\"Thibau Nys lehet a k\u00f6vetkez\u0151 nagy n\u00e9v a ker\u00e9kp\u00e1rsportban?\"}]},{\"@type\":\"WebSite\",\"@id\":\"https:\/\/www.welovecycling.com\/hu\/#website\",\"url\":\"https:\/\/www.welovecycling.com\/hu\/\",\"name\":\"\u0160koda We Love Cycling - Magyarorsz\u00e1g\",\"description\":\"\u0160koda WeLoveCycling\",\"potentialAction\":[{\"@type\":\"SearchAction\",\"target\":{\"@type\":\"EntryPoint\",\"urlTemplate\":\"https:\/\/www.welovecycling.com\/hu\/?s={search_term_string}\"},\"query-input\":{\"@type\":\"PropertyValueSpecification\",\"valueRequired\":true,\"valueName\":\"search_term_string\"}}],\"inLanguage\":\"hu\"},{\"@type\":\"Person\",\"@id\":\"https:\/\/www.welovecycling.com\/hu\/#\/schema\/person\/414a2aebf1801691a5320edb6468e194\",\"name\":\"hegyizs\",\"image\":{\"@type\":\"ImageObject\",\"inLanguage\":\"hu\",\"@id\":\"https:\/\/www.welovecycling.com\/hu\/#\/schema\/person\/image\/\",\"url\":\"https:\/\/secure.gravatar.com\/avatar\/02cf8a7906b8cf90cecb4679defac7cfd33a1c2e3b88e4903d947f3bb58eedd3?s=96&d=mm&r=g\",\"contentUrl\":\"https:\/\/secure.gravatar.com\/avatar\/02cf8a7906b8cf90cecb4679defac7cfd33a1c2e3b88e4903d947f3bb58eedd3?s=96&d=mm&r=g\",\"caption\":\"hegyizs\"},\"url\":\"https:\/\/www.welovecycling.com\/hu\/author\/hegyizs\/\"}]}<\/script>\n<!-- \/ Yoast SEO Premium plugin. -->","yoast_head_json":{"title":"Thibau Nys lehet a k\u00f6vetkez\u0151 nagy n\u00e9v a ker\u00e9kp\u00e1rsportban?","description":"M\u00e9g tal\u00e1n korai lenne Thibau Nys-t, aki nemr\u00e9g t\u00f6lt\u00f6tte be a 22. \u00e9let\u00e9v\u00e9t, olyan nevekkel \u00f6sszehasonl\u00edtani, mint Mathieu van der Poel, Wout van Aert vagy Remco Evenepoel, n\u00e9h\u00e1ny cyclo-cross \u00e9s orsz\u00e1g\u00fati gy\u0151zelem alapj\u00e1n.","robots":{"index":"index","follow":"follow","max-snippet":"max-snippet:-1","max-image-preview":"max-image-preview:large","max-video-preview":"max-video-preview:-1"},"canonical":"https:\/\/www.welovecycling.com\/hu\/orszaguti-kerekpar\/thibau-nys-lehet-a-kovetkezo-nagy-nev-a-kerekparsportban\/","og_locale":"hu_HU","og_type":"article","og_title":"Thibau Nys lehet a k\u00f6vetkez\u0151 nagy n\u00e9v a ker\u00e9kp\u00e1rsportban?","og_description":"M\u00e9g tal\u00e1n korai lenne Thibau Nys-t, aki nemr\u00e9g t\u00f6lt\u00f6tte be a 22. \u00e9let\u00e9v\u00e9t, olyan nevekkel \u00f6sszehasonl\u00edtani, mint Mathieu van der Poel, Wout van Aert vagy Remco Evenepoel, n\u00e9h\u00e1ny cyclo-cross \u00e9s orsz\u00e1g\u00fati gy\u0151zelem alapj\u00e1n.","og_url":"https:\/\/www.welovecycling.com\/hu\/orszaguti-kerekpar\/thibau-nys-lehet-a-kovetkezo-nagy-nev-a-kerekparsportban\/","og_site_name":"\u0160koda We Love Cycling - Magyarorsz\u00e1g","article_publisher":"https:\/\/www.facebook.com\/WeLoveCyclingHungary\/","article_published_time":"2024-12-03T06:00:04+00:00","og_image":[{"width":990,"height":660,"url":"https:\/\/d2p6e6u75xmxt8.cloudfront.net\/12\/2024\/11\/Thibau-Nys-profimedia-0932722434-CVR.webp","type":"image\/webp"}],"author":"hegyizs","twitter_card":"summary_large_image","twitter_misc":{"Written by":"Siegfried Mortkowitz","Est. reading time":"3"},"schema":{"@context":"https:\/\/schema.org","@graph":[{"@type":"WebPage","@id":"https:\/\/www.welovecycling.com\/hu\/orszaguti-kerekpar\/thibau-nys-lehet-a-kovetkezo-nagy-nev-a-kerekparsportban\/","url":"https:\/\/www.welovecycling.com\/hu\/orszaguti-kerekpar\/thibau-nys-lehet-a-kovetkezo-nagy-nev-a-kerekparsportban\/","name":"Thibau Nys lehet a k\u00f6vetkez\u0151 nagy n\u00e9v a ker\u00e9kp\u00e1rsportban?","isPartOf":{"@id":"https:\/\/www.welovecycling.com\/hu\/#website"},"primaryImageOfPage":{"@id":"https:\/\/www.welovecycling.com\/hu\/orszaguti-kerekpar\/thibau-nys-lehet-a-kovetkezo-nagy-nev-a-kerekparsportban\/#primaryimage"},"image":{"@id":"https:\/\/www.welovecycling.com\/hu\/orszaguti-kerekpar\/thibau-nys-lehet-a-kovetkezo-nagy-nev-a-kerekparsportban\/#primaryimage"},"thumbnailUrl":"https:\/\/d2p6e6u75xmxt8.cloudfront.net\/12\/2024\/11\/Thibau-Nys-profimedia-0932722434-CVR.webp","datePublished":"2024-12-03T06:00:04+00:00","author":{"@id":"https:\/\/www.welovecycling.com\/hu\/#\/schema\/person\/414a2aebf1801691a5320edb6468e194"},"description":"M\u00e9g tal\u00e1n korai lenne Thibau Nys-t, aki nemr\u00e9g t\u00f6lt\u00f6tte be a 22. \u00e9let\u00e9v\u00e9t, olyan nevekkel \u00f6sszehasonl\u00edtani, mint Mathieu van der Poel, Wout van Aert vagy Remco Evenepoel, n\u00e9h\u00e1ny cyclo-cross \u00e9s orsz\u00e1g\u00fati gy\u0151zelem alapj\u00e1n.","breadcrumb":{"@id":"https:\/\/www.welovecycling.com\/hu\/orszaguti-kerekpar\/thibau-nys-lehet-a-kovetkezo-nagy-nev-a-kerekparsportban\/#breadcrumb"},"inLanguage":"hu","potentialAction":[{"@type":"ReadAction","target":["https:\/\/www.welovecycling.com\/hu\/orszaguti-kerekpar\/thibau-nys-lehet-a-kovetkezo-nagy-nev-a-kerekparsportban\/"]}]},{"@type":"ImageObject","inLanguage":"hu","@id":"https:\/\/www.welovecycling.com\/hu\/orszaguti-kerekpar\/thibau-nys-lehet-a-kovetkezo-nagy-nev-a-kerekparsportban\/#primaryimage","url":"https:\/\/d2p6e6u75xmxt8.cloudfront.net\/12\/2024\/11\/Thibau-Nys-profimedia-0932722434-CVR.webp","contentUrl":"https:\/\/d2p6e6u75xmxt8.cloudfront.net\/12\/2024\/11\/Thibau-Nys-profimedia-0932722434-CVR.webp","width":990,"height":660,"caption":"Thibau Nys"},{"@type":"BreadcrumbList","@id":"https:\/\/www.welovecycling.com\/hu\/orszaguti-kerekpar\/thibau-nys-lehet-a-kovetkezo-nagy-nev-a-kerekparsportban\/#breadcrumb","itemListElement":[{"@type":"ListItem","position":1,"name":"Home","item":"https:\/\/www.welovecycling.com\/hu\/"},{"@type":"ListItem","position":2,"name":"Thibau Nys lehet a k\u00f6vetkez\u0151 nagy n\u00e9v a ker\u00e9kp\u00e1rsportban?"}]},{"@type":"WebSite","@id":"https:\/\/www.welovecycling.com\/hu\/#website","url":"https:\/\/www.welovecycling.com\/hu\/","name":"\u0160koda We Love Cycling - Magyarorsz\u00e1g","description":"\u0160koda WeLoveCycling","potentialAction":[{"@type":"SearchAction","target":{"@type":"EntryPoint","urlTemplate":"https:\/\/www.welovecycling.com\/hu\/?s={search_term_string}"},"query-input":{"@type":"PropertyValueSpecification","valueRequired":true,"valueName":"search_term_string"}}],"inLanguage":"hu"},{"@type":"Person","@id":"https:\/\/www.welovecycling.com\/hu\/#\/schema\/person\/414a2aebf1801691a5320edb6468e194","name":"hegyizs","image":{"@type":"ImageObject","inLanguage":"hu","@id":"https:\/\/www.welovecycling.com\/hu\/#\/schema\/person\/image\/","url":"https:\/\/secure.gravatar.com\/avatar\/02cf8a7906b8cf90cecb4679defac7cfd33a1c2e3b88e4903d947f3bb58eedd3?s=96&d=mm&r=g","contentUrl":"https:\/\/secure.gravatar.com\/avatar\/02cf8a7906b8cf90cecb4679defac7cfd33a1c2e3b88e4903d947f3bb58eedd3?s=96&d=mm&r=g","caption":"hegyizs"},"url":"https:\/\/www.welovecycling.com\/hu\/author\/hegyizs\/"}]}},"_links":{"self":[{"href":"https:\/\/www.welovecycling.com\/hu\/wp-json\/wp\/v2\/posts\/18816","targetHints":{"allow":["GET"]}}],"collection":[{"href":"https:\/\/www.welovecycling.com\/hu\/wp-json\/wp\/v2\/posts"}],"about":[{"href":"https:\/\/www.welovecycling.com\/hu\/wp-json\/wp\/v2\/types\/post"}],"author":[{"embeddable":true,"href":"https:\/\/www.welovecycling.com\/hu\/wp-json\/wp\/v2\/users\/71"}],"replies":[{"embeddable":true,"href":"https:\/\/www.welovecycling.com\/hu\/wp-json\/wp\/v2\/comments?post=18816"}],"version-history":[{"count":1,"href":"https:\/\/www.welovecycling.com\/hu\/wp-json\/wp\/v2\/posts\/18816\/revisions"}],"predecessor-version":[{"id":18818,"href":"https:\/\/www.welovecycling.com\/hu\/wp-json\/wp\/v2\/posts\/18816\/revisions\/18818"}],"wp:featuredmedia":[{"embeddable":true,"href":"https:\/\/www.welovecycling.com\/hu\/wp-json\/wp\/v2\/media\/18817"}],"wp:attachment":[{"href":"https:\/\/www.welovecycling.com\/hu\/wp-json\/wp\/v2\/media?parent=18816"}],"wp:term":[{"taxonomy":"category","embeddable":true,"href":"https:\/\/www.welovecycling.com\/hu\/wp-json\/wp\/v2\/categories?post=18816"},{"taxonomy":"post_tag","embeddable":true,"href":"https:\/\/www.welovecycling.com\/hu\/wp-json\/wp\/v2\/tags?post=18816"},{"taxonomy":"global-categories","embeddable":true,"href":"https:\/\/www.welovecycling.com\/hu\/wp-json\/wp\/v2\/global-categories?post=18816"}],"curies":[{"name":"wp","href":"https:\/\/api.w.org\/{rel}","templated":true}]}}