{"id":18810,"date":"2024-11-29T08:00:12","date_gmt":"2024-11-29T06:00:12","guid":{"rendered":"https:\/\/www.welovecycling.com\/hu\/?p=18810"},"modified":"2024-11-14T12:26:48","modified_gmt":"2024-11-14T10:26:48","slug":"a-noi-mezony-versenyzoi-lotte-kopecky-felemelkedese","status":"publish","type":"post","link":"https:\/\/www.welovecycling.com\/hu\/orszaguti-kerekpar\/a-noi-mezony-versenyzoi-lotte-kopecky-felemelkedese\/","title":{"rendered":"A n\u0151i mez\u0151ny versenyz\u0151i: Lotte Kopecky felemelked\u00e9se"},"content":{"rendered":"<p><strong>Lotte Kopecky 2024-es szezonja olyan, mintha egy megval\u00f3sult \u00e1lom forgat\u00f3k\u00f6nyv\u00e9t olvasn\u00e1nk. Az eg\u00e9sz n\u0151i WorldTour-t vezette az \u00e9v elej\u00e9t\u0151l a v\u00e9g\u00e9ig, \u00e9s leny\u0171g\u00f6z\u0151 eredm\u00e9nyeket \u00e9rt el, bele\u00e9rtve a m\u00e1sodik vil\u00e1gbajnoki c\u00edm\u00e9t, egy olimpiai \u00e9rmet \u00e9s az els\u0151 eur\u00f3pai id\u0151futam-bajnoki gy\u0151zelm\u00e9t. Minden egyes versenyen megmutatta, micsoda er\u0151, kitart\u00e1s \u00e9s elk\u00f6telezetts\u00e9g dolgozik benne, ami egyre k\u00f6zelebb juttatja a vil\u00e1g legjobb n\u0151i ker\u00e9kp\u00e1rosa c\u00edmhez.<\/strong><\/p>\n<p><!--more--><\/p>\n<p>Akik k\u00f6vett\u00e9k Kopecky p\u00e1lyafut\u00e1s\u00e1t az elm\u00falt \u00e9vekben, azok sz\u00e1m\u00e1ra szinte elker\u00fclhetetlennek t\u0171nhet a mostani dominanci\u00e1ja \u2013 de az \u00fat nem mindig volt z\u00f6kken\u0151mentes. Lotte a belga Rumstban sz\u00fcletett 1995-ben, \u00e9s 19 \u00e9vesen v\u00e1lt profi ker\u00e9kp\u00e1ross\u00e1 a szint\u00e9n belga Topsport-Vlaanderen-Pro-Duo csapatn\u00e1l, fokozatosan fel\u00e9p\u00edtve a hely\u00e9t a mez\u0151nyben. Els\u0151 gy\u0151zelme a 2016-os Trofee Maarten Wynants versenyen m\u00e1r megmutatta a benne rejl\u0151 lehet\u0151s\u00e9geket, de az ezt k\u00f6vet\u0151 \u00e9vek vegyes eredm\u00e9nyeket hoztak.<\/p>\n<p>V\u00e9g\u00fcl &#8211; b\u00e1r tele volt kih\u00edv\u00e1sokkal -, a 2020-as \u00e9v \u00e1tt\u00f6r\u00e9st hozott sz\u00e1m\u00e1ra. Megszerezte a belga orsz\u00e1g\u00fati bajnoki c\u00edmet, valamint m\u00e1sodszor is elnyerte a nemzeti id\u0151futam-bajnoks\u00e1got, amit k\u00e9s\u0151bb m\u00e9g k\u00e9tszer nyert meg. Ugyanebben az \u00e9vben a Giro d&#8217;Italia Donne egyik szakaszgy\u0151zelm\u00e9t is megszerezte, \u00e9s dobog\u00f3s helyez\u00e9seket \u00e9rt el olyan klasszikusokon, mint a Le Samyn des Dames, a Gent-Wevelgem, a Flandria K\u00f6rverseny \u00e9s a Brugge-De Panne.<\/p>\n<p>2021-ben \u00faj fejezet kezd\u0151d\u00f6tt p\u00e1lyafut\u00e1s\u00e1ban: ekkor csatlakozott a Liv Racinghez, \u00e9lete els\u0151 WorldTeam csapat\u00e1hoz, miut\u00e1n \u00e9vekig a Lotto Soudal Ladies csapatn\u00e1l versenyzett. Ebben a szezonban ism\u00e9t elnyerte a belga bajnoki c\u00edmet, meger\u0151s\u00edtve hely\u00e9t a nemzeti sz\u00ednt\u00e9ren.<\/p>\n<p>2022-ben, miut\u00e1n csatlakozott az SD Worx csapat\u00e1hoz, Kopecky megtal\u00e1lta a ritmust az egynapos klasszikusokon. Ebben az \u00e9vben karrierje meghat\u00e1roz\u00f3 gy\u0151zelmeit \u00e9rte el, k\u00f6zt\u00fck a Ronde van Vlaanderen \u00e9s a Strade Bianche versenyeken. Hajsz\u00e1llal maradt le az els\u0151 helyr\u0151l a Paris-Roubaix-n, \u00e9s ez\u00fcst\u00e9rmet szerzett a vil\u00e1gbajnoki orsz\u00e1g\u00fati versenyen is. Ezek az eredm\u00e9nyek megalapozt\u00e1k sz\u00e1m\u00e1ra a 2023-as \u00e9s 2024-es sikereket.<\/p>\n<h2><strong>Strat\u00e9giai gy\u0151zelmek \u00e9s csod\u00e1latos pillanatok <\/strong><\/h2>\n<p>Id\u00e9n m\u00e1r a szezon elej\u00e9n elkezd\u0151d\u00f6tt a var\u00e1zslat: Lotte a Strade Bianche-n ny\u00fajtott domin\u00e1ns teljes\u00edtm\u00e9ny\u00e9vel hamar megmutatta, hogy kulcsfontoss\u00e1g\u00fa versenyz\u0151 lesz a klasszikusokon. Nem sokkal k\u00e9s\u0151bb megnyerte a Nokere Koerse-t, \u00e9s mire el\u00e9rkezett a Paris-Roubaix, m\u00e1r nem lehetett meg\u00e1ll\u00edtani. Ezen a versenyen nem volt k\u00f6nny\u0171 gy\u0151zelmet aratnia, hiszen a Paris-Roubaix legend\u00e1s a fizikai \u00e9s ment\u00e1lis kih\u00edv\u00e1sai miatt, de kitart\u00e1s\u00e1val lek\u00fczd\u00f6tte az akad\u00e1lyokat, \u00e9s \u00fajabb monument\u00e1lis klasszikust \u00edrhatott be eredm\u00e9nylist\u00e1j\u00e1ra.<\/p>\n<figure id=\"attachment_18811\" aria-describedby=\"caption-attachment-18811\" style=\"width: 990px\" class=\"wp-caption alignnone\"><a href=\"https:\/\/d2p6e6u75xmxt8.cloudfront.net\/12\/2024\/11\/Lotte-Kopecky-profimedia-0863037686-CVR.webp\"><img loading=\"lazy\" decoding=\"async\" class=\"wp-image-18811 size-full\" src=\"https:\/\/d2p6e6u75xmxt8.cloudfront.net\/12\/2024\/11\/Lotte-Kopecky-profimedia-0863037686-CVR.webp\" alt=\"Lotte Kopecky\" width=\"990\" height=\"657\" srcset=\"https:\/\/d2p6e6u75xmxt8.cloudfront.net\/12\/2024\/11\/Lotte-Kopecky-profimedia-0863037686-CVR.webp 990w, https:\/\/d2p6e6u75xmxt8.cloudfront.net\/12\/2024\/11\/Lotte-Kopecky-profimedia-0863037686-CVR-300x199.webp 300w, https:\/\/d2p6e6u75xmxt8.cloudfront.net\/12\/2024\/11\/Lotte-Kopecky-profimedia-0863037686-CVR-768x510.webp 768w, https:\/\/d2p6e6u75xmxt8.cloudfront.net\/12\/2024\/11\/Lotte-Kopecky-profimedia-0863037686-CVR-400x265.webp 400w, https:\/\/d2p6e6u75xmxt8.cloudfront.net\/12\/2024\/11\/Lotte-Kopecky-profimedia-0863037686-CVR-272x182.webp 272w\" sizes=\"auto, (max-width: 990px) 100vw, 990px\" \/><\/a><figcaption id=\"caption-attachment-18811\" class=\"wp-caption-text\">2024 Paris-Roubaix. \u00a9 Profimedia<\/figcaption><\/figure>\n<h2><strong>A vil\u00e1g \u00e9l\u00e9n<\/strong><\/h2>\n<p>Kopecky a szezon v\u00e9g\u00e9n 6,389 ponttal az UCI Women\u2019s World Ranking \u00e9l\u00e9re ker\u00fclt, \u00edgy \u0151 lett az \u00e9v legsikeresebb versenyz\u0151je \u00e9s az els\u0151 belga n\u0151, aki el\u00e9rte a vil\u00e1gels\u0151 poz\u00edci\u00f3t a rangsor t\u00f6rt\u00e9net\u00e9ben.<\/p>\n<p>Ezzel az eredm\u00e9nnyel 1388 ponttal el\u0151zte meg csapatt\u00e1rs\u00e1t, Demi Volleringet, aki 5,011 ponttal z\u00e1rta az \u00e9vet. Ez a k\u00fcl\u00f6nbs\u00e9g j\u00f3l t\u00fckr\u00f6zi az SD Worx csapat\u00e1n bel\u00fcli verseng\u00e9st \u00e9s egyben a csapatszellemet is, amely a n\u0151i ker\u00e9kp\u00e1roz\u00e1s egyik kiemelked\u0151 csapat\u00e1v\u00e1 tette \u0151ket.<\/p>\n<p>Kopecky visszatekintve szezonj\u00e1ra, elismerte, hogy form\u00e1j\u00e1nak \u00e9s st\u00e1tusz\u00e1nak meg\u0151rz\u00e9se kih\u00edv\u00e1st jelent majd. <em>&#8220;Enn\u00e9l jobban teljes\u00edteni nagyon neh\u00e9z, vagy tal\u00e1n lehetetlen lesz,&#8221; <\/em>mondta a flamand Sporza sportcsatorn\u00e1nak, hozz\u00e1t\u00e9ve: <em>&#8220;de megpr\u00f3b\u00e1lom megtartani ezt a st\u00e1tuszt a k\u00f6vetkez\u0151 \u00e9vekben.&#8221; <\/em>Ez az al\u00e1zatos, m\u00e9gis elt\u00f6k\u00e9lt hozz\u00e1\u00e1ll\u00e1s sokat el\u00e1rul szem\u00e9lyis\u00e9g\u00e9r\u0151l.<\/p>\n<h2><strong>Szem\u00e9lyes sikerek \u00e9s kitart\u00e1s<\/strong><\/h2>\n<p>Kopecky \u00fatj\u00e1t a jelenlegi sikerhez sz\u00e1mos m\u00e9ly szem\u00e9lyes \u00e9lm\u00e9ny form\u00e1lta. 2023-ban hirtelen elvesztette id\u0151sebb b\u00e1tyj\u00e1t, Seppe-t, aki fontos szerepl\u0151je volt az \u00e9let\u00e9nek \u00e9s a p\u00e1lyafut\u00e1s\u00e1nak is. Nem sokkal a hal\u00e1la ut\u00e1n \u00fajra versenybe sz\u00e1llt, \u00e9s a gy\u00e1sz hajtotta, amikor megnyerte a Nokere Koerse-t. Ebben a szezonban tov\u00e1bbi gy\u0151zelmeket is szerzett, t\u00f6bbek k\u00f6z\u00f6tt a Flandriai K\u00f6rversenyen, a Simac Ladies Touron \u00e9s a belga nemzeti bajnoks\u00e1gokon, orsz\u00e1g\u00faton \u00e9s id\u0151futamon egyar\u00e1nt, majd az \u00e9vet els\u0151 vil\u00e1gbajnoki c\u00edm\u00e9vel z\u00e1rta a glasgow-i UCI Orsz\u00e1g\u00fati Vil\u00e1gbajnoks\u00e1gon.<\/p>\n<h2><strong>Egy sokoldal\u00fa versenyz\u0151 f\u00e9nyes j\u00f6v\u0151vel <\/strong><\/h2>\n<p>Kopecky sokoldal\u00fas\u00e1ga az, ami kiemeli \u0151t egy olyan mez\u0151nyben, ahol a legt\u00f6bben szakosodtak valamelyik versenyt\u00edpusra. Egyform\u00e1n k\u00e9pes helyt\u00e1llni a klasszikusokon, az id\u0151futamokon \u00e9s a hossz\u00fa szakaszversenyeken is, megtestes\u00edtve azt a mindenre k\u00e9sz szellemet, amely ritka \u00e9s \u00e9rt\u00e9kes a modern ker\u00e9kp\u00e1rsportban. P\u00e1lyaversenyes tapasztalatai k\u00e9ts\u00e9gtelen\u00fcl hozz\u00e1j\u00e1rultak taktikai \u00e9rz\u00e9k\u00e9hez \u00e9s a sebess\u00e9g\u00e9hez. Karrierje sor\u00e1n mind az orsz\u00e1g\u00fati, mind a p\u00e1lyaker\u00e9kp\u00e1roz\u00e1sban bizony\u00edtotta, hogy komoly er\u0151vel b\u00edr mindk\u00e9t ter\u00fcleten.<\/p>\n<p>Most, 28 \u00e9vesen, Kopecky a cs\u00facson van, \u00e9s a rekordd\u00f6nt\u0151 szezonj\u00e1nak tapasztalataival felv\u00e9rtezve, nagy lend\u00fclettel v\u00e1ghat neki a j\u00f6v\u0151 kih\u00edv\u00e1sainak. Ha siker\u00fcl az idei szezonj\u00e1nak sikereit fenntartani, \u00faj m\u00e9rc\u00e9t \u00e1ll\u00edthat a n\u0151i ker\u00e9kp\u00e1rsportban. Minden verseny\u00e9n inspir\u00e1lja a rajong\u00f3kat, \u00fajradefini\u00e1lja a sport kereteit, \u00e9s meg\u00e9rdemelt figyelmet ir\u00e1ny\u00edt a n\u0151i mez\u0151nyre.<\/p>\n<h2><strong>El\u0151retekint\u00e9s<\/strong><\/h2>\n<p>A 2025-\u00f6s szezon k\u00f6zeledt\u00e9vel Kopecky el\u0151tt \u00e1ll az \u00e1lland\u00f3 kih\u00edv\u00e1s, hogy megv\u00e9dje c\u00edmeit \u00e9s megtartsa poz\u00edci\u00f3j\u00e1t. A mostan\u00e1ig megtett \u00fatja azt mutatja, hogy k\u00e9pes megbirk\u00f3zni a r\u00e1 v\u00e1r\u00f3 kih\u00edv\u00e1sokkal. Ak\u00e1r Belgiumban, ak\u00e1r Olaszorsz\u00e1gban, vagy b\u00e1rhol m\u00e1shol versenyez, egy dolog biztos: Lotte Kopecky igazi szt\u00e1r, \u00e9s tal\u00e1n csak most kezd\u0151dik az igazi hajr\u00e1z\u00e1sa!<\/p>\n","protected":false},"excerpt":{"rendered":"<p>Lotte Kopecky 2024-es szezonja olyan, mintha egy megval\u00f3sult \u00e1lom forgat\u00f3k\u00f6nyv\u00e9t olvasn\u00e1nk. Az eg\u00e9sz n\u0151i WorldTour-t vezette az \u00e9v elej\u00e9t\u0151l a [&hellip;]<\/p>\n","protected":false},"author":71,"featured_media":18813,"comment_status":"open","ping_status":"open","sticky":false,"template":"","format":"standard","meta":{"footnotes":""},"categories":[8],"tags":[],"global-categories":[],"class_list":["post-18810","post","type-post","status-publish","format-standard","has-post-thumbnail","hentry","category-orszaguti-kerekpar"],"yoast_head":"<!-- This site is optimized with the Yoast SEO Premium plugin v25.3 (Yoast SEO v25.9) - https:\/\/yoast.com\/wordpress\/plugins\/seo\/ -->\n<title>A n\u0151i mez\u0151ny versenyz\u0151i: Lotte Kopecky felemelked\u00e9se<\/title>\n<meta name=\"description\" content=\"Lotte Kopecky 2024-es szezonja olyan, mintha egy megval\u00f3sult \u00e1lom forgat\u00f3k\u00f6nyv\u00e9t olvasn\u00e1nk. Az eg\u00e9sz n\u0151i WorldTour-t vezette az \u00e9v elej\u00e9t\u0151l a v\u00e9g\u00e9ig, \u00e9s leny\u0171g\u00f6z\u0151 eredm\u00e9nyeket \u00e9rt el, bele\u00e9rtve a m\u00e1sodik vil\u00e1gbajnoki c\u00edm\u00e9t, egy olimpiai \u00e9rmet \u00e9s az els\u0151 eur\u00f3pai id\u0151futam-bajnoki gy\u0151zelm\u00e9t. Minden egyes versenyen megmutatta, micsoda er\u0151, kitart\u00e1s \u00e9s elk\u00f6telezetts\u00e9g dolgozik benne, ami egyre k\u00f6zelebb juttatja a vil\u00e1g legjobb n\u0151i ker\u00e9kp\u00e1rosa c\u00edmhez.\" \/>\n<meta name=\"robots\" content=\"index, follow, max-snippet:-1, max-image-preview:large, max-video-preview:-1\" \/>\n<link rel=\"canonical\" href=\"https:\/\/www.welovecycling.com\/hu\/orszaguti-kerekpar\/a-noi-mezony-versenyzoi-lotte-kopecky-felemelkedese\/\" \/>\n<meta property=\"og:locale\" content=\"hu_HU\" \/>\n<meta property=\"og:type\" content=\"article\" \/>\n<meta property=\"og:title\" content=\"A n\u0151i mez\u0151ny versenyz\u0151i: Lotte Kopecky felemelked\u00e9se\" \/>\n<meta property=\"og:description\" content=\"Lotte Kopecky 2024-es szezonja olyan, mintha egy megval\u00f3sult \u00e1lom forgat\u00f3k\u00f6nyv\u00e9t olvasn\u00e1nk. Az eg\u00e9sz n\u0151i WorldTour-t vezette az \u00e9v elej\u00e9t\u0151l a v\u00e9g\u00e9ig, \u00e9s leny\u0171g\u00f6z\u0151 eredm\u00e9nyeket \u00e9rt el, bele\u00e9rtve a m\u00e1sodik vil\u00e1gbajnoki c\u00edm\u00e9t, egy olimpiai \u00e9rmet \u00e9s az els\u0151 eur\u00f3pai id\u0151futam-bajnoki gy\u0151zelm\u00e9t. Minden egyes versenyen megmutatta, micsoda er\u0151, kitart\u00e1s \u00e9s elk\u00f6telezetts\u00e9g dolgozik benne, ami egyre k\u00f6zelebb juttatja a vil\u00e1g legjobb n\u0151i ker\u00e9kp\u00e1rosa c\u00edmhez.\" \/>\n<meta property=\"og:url\" content=\"https:\/\/www.welovecycling.com\/hu\/orszaguti-kerekpar\/a-noi-mezony-versenyzoi-lotte-kopecky-felemelkedese\/\" \/>\n<meta property=\"og:site_name\" content=\"\u0160koda We Love Cycling - Magyarorsz\u00e1g\" \/>\n<meta property=\"article:publisher\" content=\"https:\/\/www.facebook.com\/WeLoveCyclingHungary\/\" \/>\n<meta property=\"article:published_time\" content=\"2024-11-29T06:00:12+00:00\" \/>\n<meta property=\"og:image\" content=\"https:\/\/d2p6e6u75xmxt8.cloudfront.net\/12\/2024\/11\/Lotte-Kopecky-profimedia-0930817085-CVR.webp\" \/>\n\t<meta property=\"og:image:width\" content=\"990\" \/>\n\t<meta property=\"og:image:height\" content=\"660\" \/>\n\t<meta property=\"og:image:type\" content=\"image\/webp\" \/>\n<meta name=\"author\" content=\"hegyizs\" \/>\n<meta name=\"twitter:card\" content=\"summary_large_image\" \/>\n<meta name=\"twitter:label1\" content=\"Written by\" \/>\n\t<meta name=\"twitter:data1\" content=\"Megan Flottorp\" \/>\n\t<meta name=\"twitter:label2\" content=\"Est. reading time\" \/>\n\t<meta name=\"twitter:data2\" content=\"4\" \/>\n<script type=\"application\/ld+json\" class=\"yoast-schema-graph\">{\"@context\":\"https:\/\/schema.org\",\"@graph\":[{\"@type\":\"WebPage\",\"@id\":\"https:\/\/www.welovecycling.com\/hu\/orszaguti-kerekpar\/a-noi-mezony-versenyzoi-lotte-kopecky-felemelkedese\/\",\"url\":\"https:\/\/www.welovecycling.com\/hu\/orszaguti-kerekpar\/a-noi-mezony-versenyzoi-lotte-kopecky-felemelkedese\/\",\"name\":\"A n\u0151i mez\u0151ny versenyz\u0151i: Lotte Kopecky felemelked\u00e9se\",\"isPartOf\":{\"@id\":\"https:\/\/www.welovecycling.com\/hu\/#website\"},\"primaryImageOfPage\":{\"@id\":\"https:\/\/www.welovecycling.com\/hu\/orszaguti-kerekpar\/a-noi-mezony-versenyzoi-lotte-kopecky-felemelkedese\/#primaryimage\"},\"image\":{\"@id\":\"https:\/\/www.welovecycling.com\/hu\/orszaguti-kerekpar\/a-noi-mezony-versenyzoi-lotte-kopecky-felemelkedese\/#primaryimage\"},\"thumbnailUrl\":\"https:\/\/d2p6e6u75xmxt8.cloudfront.net\/12\/2024\/11\/Lotte-Kopecky-profimedia-0930817085-CVR.webp\",\"datePublished\":\"2024-11-29T06:00:12+00:00\",\"author\":{\"@id\":\"https:\/\/www.welovecycling.com\/hu\/#\/schema\/person\/414a2aebf1801691a5320edb6468e194\"},\"description\":\"Lotte Kopecky 2024-es szezonja olyan, mintha egy megval\u00f3sult \u00e1lom forgat\u00f3k\u00f6nyv\u00e9t olvasn\u00e1nk. Az eg\u00e9sz n\u0151i WorldTour-t vezette az \u00e9v elej\u00e9t\u0151l a v\u00e9g\u00e9ig, \u00e9s leny\u0171g\u00f6z\u0151 eredm\u00e9nyeket \u00e9rt el, bele\u00e9rtve a m\u00e1sodik vil\u00e1gbajnoki c\u00edm\u00e9t, egy olimpiai \u00e9rmet \u00e9s az els\u0151 eur\u00f3pai id\u0151futam-bajnoki gy\u0151zelm\u00e9t. Minden egyes versenyen megmutatta, micsoda er\u0151, kitart\u00e1s \u00e9s elk\u00f6telezetts\u00e9g dolgozik benne, ami egyre k\u00f6zelebb juttatja a vil\u00e1g legjobb n\u0151i ker\u00e9kp\u00e1rosa c\u00edmhez.\",\"breadcrumb\":{\"@id\":\"https:\/\/www.welovecycling.com\/hu\/orszaguti-kerekpar\/a-noi-mezony-versenyzoi-lotte-kopecky-felemelkedese\/#breadcrumb\"},\"inLanguage\":\"hu\",\"potentialAction\":[{\"@type\":\"ReadAction\",\"target\":[\"https:\/\/www.welovecycling.com\/hu\/orszaguti-kerekpar\/a-noi-mezony-versenyzoi-lotte-kopecky-felemelkedese\/\"]}]},{\"@type\":\"ImageObject\",\"inLanguage\":\"hu\",\"@id\":\"https:\/\/www.welovecycling.com\/hu\/orszaguti-kerekpar\/a-noi-mezony-versenyzoi-lotte-kopecky-felemelkedese\/#primaryimage\",\"url\":\"https:\/\/d2p6e6u75xmxt8.cloudfront.net\/12\/2024\/11\/Lotte-Kopecky-profimedia-0930817085-CVR.webp\",\"contentUrl\":\"https:\/\/d2p6e6u75xmxt8.cloudfront.net\/12\/2024\/11\/Lotte-Kopecky-profimedia-0930817085-CVR.webp\",\"width\":990,\"height\":660},{\"@type\":\"BreadcrumbList\",\"@id\":\"https:\/\/www.welovecycling.com\/hu\/orszaguti-kerekpar\/a-noi-mezony-versenyzoi-lotte-kopecky-felemelkedese\/#breadcrumb\",\"itemListElement\":[{\"@type\":\"ListItem\",\"position\":1,\"name\":\"Home\",\"item\":\"https:\/\/www.welovecycling.com\/hu\/\"},{\"@type\":\"ListItem\",\"position\":2,\"name\":\"A n\u0151i mez\u0151ny versenyz\u0151i: Lotte Kopecky felemelked\u00e9se\"}]},{\"@type\":\"WebSite\",\"@id\":\"https:\/\/www.welovecycling.com\/hu\/#website\",\"url\":\"https:\/\/www.welovecycling.com\/hu\/\",\"name\":\"\u0160koda We Love Cycling - Magyarorsz\u00e1g\",\"description\":\"\u0160koda WeLoveCycling\",\"potentialAction\":[{\"@type\":\"SearchAction\",\"target\":{\"@type\":\"EntryPoint\",\"urlTemplate\":\"https:\/\/www.welovecycling.com\/hu\/?s={search_term_string}\"},\"query-input\":{\"@type\":\"PropertyValueSpecification\",\"valueRequired\":true,\"valueName\":\"search_term_string\"}}],\"inLanguage\":\"hu\"},{\"@type\":\"Person\",\"@id\":\"https:\/\/www.welovecycling.com\/hu\/#\/schema\/person\/414a2aebf1801691a5320edb6468e194\",\"name\":\"hegyizs\",\"image\":{\"@type\":\"ImageObject\",\"inLanguage\":\"hu\",\"@id\":\"https:\/\/www.welovecycling.com\/hu\/#\/schema\/person\/image\/\",\"url\":\"https:\/\/secure.gravatar.com\/avatar\/02cf8a7906b8cf90cecb4679defac7cfd33a1c2e3b88e4903d947f3bb58eedd3?s=96&d=mm&r=g\",\"contentUrl\":\"https:\/\/secure.gravatar.com\/avatar\/02cf8a7906b8cf90cecb4679defac7cfd33a1c2e3b88e4903d947f3bb58eedd3?s=96&d=mm&r=g\",\"caption\":\"hegyizs\"},\"url\":\"https:\/\/www.welovecycling.com\/hu\/author\/hegyizs\/\"}]}<\/script>\n<!-- \/ Yoast SEO Premium plugin. -->","yoast_head_json":{"title":"A n\u0151i mez\u0151ny versenyz\u0151i: Lotte Kopecky felemelked\u00e9se","description":"Lotte Kopecky 2024-es szezonja olyan, mintha egy megval\u00f3sult \u00e1lom forgat\u00f3k\u00f6nyv\u00e9t olvasn\u00e1nk. Az eg\u00e9sz n\u0151i WorldTour-t vezette az \u00e9v elej\u00e9t\u0151l a v\u00e9g\u00e9ig, \u00e9s leny\u0171g\u00f6z\u0151 eredm\u00e9nyeket \u00e9rt el, bele\u00e9rtve a m\u00e1sodik vil\u00e1gbajnoki c\u00edm\u00e9t, egy olimpiai \u00e9rmet \u00e9s az els\u0151 eur\u00f3pai id\u0151futam-bajnoki gy\u0151zelm\u00e9t. Minden egyes versenyen megmutatta, micsoda er\u0151, kitart\u00e1s \u00e9s elk\u00f6telezetts\u00e9g dolgozik benne, ami egyre k\u00f6zelebb juttatja a vil\u00e1g legjobb n\u0151i ker\u00e9kp\u00e1rosa c\u00edmhez.","robots":{"index":"index","follow":"follow","max-snippet":"max-snippet:-1","max-image-preview":"max-image-preview:large","max-video-preview":"max-video-preview:-1"},"canonical":"https:\/\/www.welovecycling.com\/hu\/orszaguti-kerekpar\/a-noi-mezony-versenyzoi-lotte-kopecky-felemelkedese\/","og_locale":"hu_HU","og_type":"article","og_title":"A n\u0151i mez\u0151ny versenyz\u0151i: Lotte Kopecky felemelked\u00e9se","og_description":"Lotte Kopecky 2024-es szezonja olyan, mintha egy megval\u00f3sult \u00e1lom forgat\u00f3k\u00f6nyv\u00e9t olvasn\u00e1nk. Az eg\u00e9sz n\u0151i WorldTour-t vezette az \u00e9v elej\u00e9t\u0151l a v\u00e9g\u00e9ig, \u00e9s leny\u0171g\u00f6z\u0151 eredm\u00e9nyeket \u00e9rt el, bele\u00e9rtve a m\u00e1sodik vil\u00e1gbajnoki c\u00edm\u00e9t, egy olimpiai \u00e9rmet \u00e9s az els\u0151 eur\u00f3pai id\u0151futam-bajnoki gy\u0151zelm\u00e9t. Minden egyes versenyen megmutatta, micsoda er\u0151, kitart\u00e1s \u00e9s elk\u00f6telezetts\u00e9g dolgozik benne, ami egyre k\u00f6zelebb juttatja a vil\u00e1g legjobb n\u0151i ker\u00e9kp\u00e1rosa c\u00edmhez.","og_url":"https:\/\/www.welovecycling.com\/hu\/orszaguti-kerekpar\/a-noi-mezony-versenyzoi-lotte-kopecky-felemelkedese\/","og_site_name":"\u0160koda We Love Cycling - Magyarorsz\u00e1g","article_publisher":"https:\/\/www.facebook.com\/WeLoveCyclingHungary\/","article_published_time":"2024-11-29T06:00:12+00:00","og_image":[{"width":990,"height":660,"url":"https:\/\/d2p6e6u75xmxt8.cloudfront.net\/12\/2024\/11\/Lotte-Kopecky-profimedia-0930817085-CVR.webp","type":"image\/webp"}],"author":"hegyizs","twitter_card":"summary_large_image","twitter_misc":{"Written by":"Megan Flottorp","Est. reading time":"4"},"schema":{"@context":"https:\/\/schema.org","@graph":[{"@type":"WebPage","@id":"https:\/\/www.welovecycling.com\/hu\/orszaguti-kerekpar\/a-noi-mezony-versenyzoi-lotte-kopecky-felemelkedese\/","url":"https:\/\/www.welovecycling.com\/hu\/orszaguti-kerekpar\/a-noi-mezony-versenyzoi-lotte-kopecky-felemelkedese\/","name":"A n\u0151i mez\u0151ny versenyz\u0151i: Lotte Kopecky felemelked\u00e9se","isPartOf":{"@id":"https:\/\/www.welovecycling.com\/hu\/#website"},"primaryImageOfPage":{"@id":"https:\/\/www.welovecycling.com\/hu\/orszaguti-kerekpar\/a-noi-mezony-versenyzoi-lotte-kopecky-felemelkedese\/#primaryimage"},"image":{"@id":"https:\/\/www.welovecycling.com\/hu\/orszaguti-kerekpar\/a-noi-mezony-versenyzoi-lotte-kopecky-felemelkedese\/#primaryimage"},"thumbnailUrl":"https:\/\/d2p6e6u75xmxt8.cloudfront.net\/12\/2024\/11\/Lotte-Kopecky-profimedia-0930817085-CVR.webp","datePublished":"2024-11-29T06:00:12+00:00","author":{"@id":"https:\/\/www.welovecycling.com\/hu\/#\/schema\/person\/414a2aebf1801691a5320edb6468e194"},"description":"Lotte Kopecky 2024-es szezonja olyan, mintha egy megval\u00f3sult \u00e1lom forgat\u00f3k\u00f6nyv\u00e9t olvasn\u00e1nk. Az eg\u00e9sz n\u0151i WorldTour-t vezette az \u00e9v elej\u00e9t\u0151l a v\u00e9g\u00e9ig, \u00e9s leny\u0171g\u00f6z\u0151 eredm\u00e9nyeket \u00e9rt el, bele\u00e9rtve a m\u00e1sodik vil\u00e1gbajnoki c\u00edm\u00e9t, egy olimpiai \u00e9rmet \u00e9s az els\u0151 eur\u00f3pai id\u0151futam-bajnoki gy\u0151zelm\u00e9t. Minden egyes versenyen megmutatta, micsoda er\u0151, kitart\u00e1s \u00e9s elk\u00f6telezetts\u00e9g dolgozik benne, ami egyre k\u00f6zelebb juttatja a vil\u00e1g legjobb n\u0151i ker\u00e9kp\u00e1rosa c\u00edmhez.","breadcrumb":{"@id":"https:\/\/www.welovecycling.com\/hu\/orszaguti-kerekpar\/a-noi-mezony-versenyzoi-lotte-kopecky-felemelkedese\/#breadcrumb"},"inLanguage":"hu","potentialAction":[{"@type":"ReadAction","target":["https:\/\/www.welovecycling.com\/hu\/orszaguti-kerekpar\/a-noi-mezony-versenyzoi-lotte-kopecky-felemelkedese\/"]}]},{"@type":"ImageObject","inLanguage":"hu","@id":"https:\/\/www.welovecycling.com\/hu\/orszaguti-kerekpar\/a-noi-mezony-versenyzoi-lotte-kopecky-felemelkedese\/#primaryimage","url":"https:\/\/d2p6e6u75xmxt8.cloudfront.net\/12\/2024\/11\/Lotte-Kopecky-profimedia-0930817085-CVR.webp","contentUrl":"https:\/\/d2p6e6u75xmxt8.cloudfront.net\/12\/2024\/11\/Lotte-Kopecky-profimedia-0930817085-CVR.webp","width":990,"height":660},{"@type":"BreadcrumbList","@id":"https:\/\/www.welovecycling.com\/hu\/orszaguti-kerekpar\/a-noi-mezony-versenyzoi-lotte-kopecky-felemelkedese\/#breadcrumb","itemListElement":[{"@type":"ListItem","position":1,"name":"Home","item":"https:\/\/www.welovecycling.com\/hu\/"},{"@type":"ListItem","position":2,"name":"A n\u0151i mez\u0151ny versenyz\u0151i: Lotte Kopecky felemelked\u00e9se"}]},{"@type":"WebSite","@id":"https:\/\/www.welovecycling.com\/hu\/#website","url":"https:\/\/www.welovecycling.com\/hu\/","name":"\u0160koda We Love Cycling - Magyarorsz\u00e1g","description":"\u0160koda WeLoveCycling","potentialAction":[{"@type":"SearchAction","target":{"@type":"EntryPoint","urlTemplate":"https:\/\/www.welovecycling.com\/hu\/?s={search_term_string}"},"query-input":{"@type":"PropertyValueSpecification","valueRequired":true,"valueName":"search_term_string"}}],"inLanguage":"hu"},{"@type":"Person","@id":"https:\/\/www.welovecycling.com\/hu\/#\/schema\/person\/414a2aebf1801691a5320edb6468e194","name":"hegyizs","image":{"@type":"ImageObject","inLanguage":"hu","@id":"https:\/\/www.welovecycling.com\/hu\/#\/schema\/person\/image\/","url":"https:\/\/secure.gravatar.com\/avatar\/02cf8a7906b8cf90cecb4679defac7cfd33a1c2e3b88e4903d947f3bb58eedd3?s=96&d=mm&r=g","contentUrl":"https:\/\/secure.gravatar.com\/avatar\/02cf8a7906b8cf90cecb4679defac7cfd33a1c2e3b88e4903d947f3bb58eedd3?s=96&d=mm&r=g","caption":"hegyizs"},"url":"https:\/\/www.welovecycling.com\/hu\/author\/hegyizs\/"}]}},"_links":{"self":[{"href":"https:\/\/www.welovecycling.com\/hu\/wp-json\/wp\/v2\/posts\/18810","targetHints":{"allow":["GET"]}}],"collection":[{"href":"https:\/\/www.welovecycling.com\/hu\/wp-json\/wp\/v2\/posts"}],"about":[{"href":"https:\/\/www.welovecycling.com\/hu\/wp-json\/wp\/v2\/types\/post"}],"author":[{"embeddable":true,"href":"https:\/\/www.welovecycling.com\/hu\/wp-json\/wp\/v2\/users\/71"}],"replies":[{"embeddable":true,"href":"https:\/\/www.welovecycling.com\/hu\/wp-json\/wp\/v2\/comments?post=18810"}],"version-history":[{"count":2,"href":"https:\/\/www.welovecycling.com\/hu\/wp-json\/wp\/v2\/posts\/18810\/revisions"}],"predecessor-version":[{"id":18814,"href":"https:\/\/www.welovecycling.com\/hu\/wp-json\/wp\/v2\/posts\/18810\/revisions\/18814"}],"wp:featuredmedia":[{"embeddable":true,"href":"https:\/\/www.welovecycling.com\/hu\/wp-json\/wp\/v2\/media\/18813"}],"wp:attachment":[{"href":"https:\/\/www.welovecycling.com\/hu\/wp-json\/wp\/v2\/media?parent=18810"}],"wp:term":[{"taxonomy":"category","embeddable":true,"href":"https:\/\/www.welovecycling.com\/hu\/wp-json\/wp\/v2\/categories?post=18810"},{"taxonomy":"post_tag","embeddable":true,"href":"https:\/\/www.welovecycling.com\/hu\/wp-json\/wp\/v2\/tags?post=18810"},{"taxonomy":"global-categories","embeddable":true,"href":"https:\/\/www.welovecycling.com\/hu\/wp-json\/wp\/v2\/global-categories?post=18810"}],"curies":[{"name":"wp","href":"https:\/\/api.w.org\/{rel}","templated":true}]}}