{"id":18807,"date":"2024-11-22T08:00:33","date_gmt":"2024-11-22T06:00:33","guid":{"rendered":"https:\/\/www.welovecycling.com\/hu\/?p=18807"},"modified":"2024-11-08T14:19:41","modified_gmt":"2024-11-08T12:19:41","slug":"a-dobogon-tul-noi-kerekparosok-akik-a-biciklizesen-kivul-is-fontos-munkat-vegeznek","status":"publish","type":"post","link":"https:\/\/www.welovecycling.com\/hu\/kozosseg-es-kultura\/a-dobogon-tul-noi-kerekparosok-akik-a-biciklizesen-kivul-is-fontos-munkat-vegeznek\/","title":{"rendered":"A dobog\u00f3n t\u00fal: n\u0151i ker\u00e9kp\u00e1rosok, akik a bicikliz\u00e9sen k\u00edv\u00fcl is fontos munk\u00e1t v\u00e9geznek"},"content":{"rendered":"<p><strong>A ker\u00e9kp\u00e1rsport, amit hagyom\u00e1nyosan f\u00e9rfiak domin\u00e1lnak, jelent\u0151s \u00e1talakul\u00e1son ment kereszt\u00fcl az elm\u00falt \u00e9vekben. A n\u0151k, rend\u00edthetetlen elhivatotts\u00e1gukkal, nemcsak a sportban \u00e9rtek el figyelemre m\u00e9lt\u00f3 eredm\u00e9nyeket, hanem befoly\u00e1sukat arra is felhaszn\u00e1lt\u00e1k, hogy v\u00e1ltoz\u00e1st hozzanak l\u00e9tre azon k\u00edv\u00fcl is. \u0150k azok a ker\u00e9kp\u00e1rosok, akik \u00e1tl\u00e9pik a hat\u00e1rokat, olyan \u00fcgyeket t\u00e1mogatnak, amelyek k\u00f6zel \u00e1llnak a sz\u00edv\u00fckh\u00f6z, \u00e9s inspir\u00e1ci\u00f3t jelentenek az \u00faj gener\u00e1ci\u00f3k sz\u00e1m\u00e1ra. Rendk\u00edv\u00fcli n\u0151k, akik a ker\u00e9kp\u00e1ros vil\u00e1gban el\u00e9rt sikereiken t\u00fal is fontos munk\u00e1t v\u00e9geznek.<\/strong><\/p>\n<p><!--more--><\/p>\n<h2><strong>Marianne Vos: A n\u0151i ker\u00e9kp\u00e1roz\u00e1s \u00e9s a fiatalok t\u00e1mogat\u00e1s\u00e1nak bajnoka<\/strong><\/h2>\n<p>T\u00f6bbsz\u00f6r\u00f6s vil\u00e1gbajnoki c\u00edm\u00e9vel Vos eredm\u00e9nyei a sport\u00e1gban legend\u00e1sak. Hat\u00e1sa azonban messze t\u00falmutat a dobog\u00f3n. Hatalmas szerepet v\u00e1llal a n\u0151i ker\u00e9kp\u00e1roz\u00e1s n\u00e9pszer\u0171s\u00edt\u00e9s\u00e9ben \u00e9s a fiatal sportol\u00f3k t\u00e1mogat\u00e1s\u00e1ban, f\u0151k\u00e9nt olyan kezdem\u00e9nyez\u00e9seken kereszt\u00fcl, amelyek c\u00e9lja, hogy lebonts\u00e1k az akad\u00e1lyokat valamennyi sportol\u00f3 el\u0151tt.<\/p>\n<p>Vos b\u00fcszke nagyk\u00f6vete a Jeugdsportfonds-nak, egy holland j\u00f3t\u00e9konys\u00e1gi szervezetnek, amely anyagilag t\u00e1mogatja az alacsony j\u00f6vedelm\u0171 csal\u00e1dokb\u00f3l sz\u00e1rmaz\u00f3 gyermekeket, hogy sportolhassanak. Az ebben a szervezetben bet\u00f6lt\u00f6tt szerepe j\u00f3l mutatja, mennyire elk\u00f6telezetten t\u00e1mogatja, hogy minden gyerek, f\u00fcggetlen\u00fcl anyagi helyzet\u00e9t\u0151l, lehet\u0151s\u00e9get kapjon arra, hogy k\u00f6vesse az \u00e1lmait. A fiatal sportol\u00f3k t\u00e1mogat\u00e1s\u00e1val Vos egy befogad\u00f3bb k\u00f6rnyezet kialak\u00edt\u00e1s\u00e1hoz j\u00e1rul hozz\u00e1, ahol a tehets\u00e9g p\u00e9nz\u00fcgyi korl\u00e1tok n\u00e9lk\u00fcl bontakozhat ki.<\/p>\n<p>A Jeugdsportfonds mellett Vos nagyk\u00f6vete a Youth United for Sri Lanka (YU4SL) nev\u0171 szervezetnek is, amelyet fiatalok alap\u00edtottak, hogy a h\u00e1tr\u00e1nyos helyzet\u0171 k\u00f6z\u00f6ss\u00e9geket t\u00e1mogass\u00e1k Sr\u00ed Lank\u00e1n. Vos \u00e9s m\u00e1s holland h\u00edress\u00e9gek, p\u00e9ld\u00e1ul a gyorskorcsoly\u00e1z\u00f3 Ireen W\u00fcst, jelent\u0151s szerepet j\u00e1tszottak a figyelem felkelt\u00e9s\u00e9ben \u00e9s az adom\u00e1nygy\u0171jt\u00e9sben.<\/p>\n<h2><strong>Tiffany Cromwell: A nemek k\u00f6z\u00f6tti egyenl\u0151s\u00e9g \u00e9s a n\u0151i eg\u00e9szs\u00e9g sz\u00f3sz\u00f3l\u00f3ja<\/strong><\/h2>\n<p>Az ausztr\u00e1l ker\u00e9kp\u00e1ros, Tiffany Cromwell karrierje sor\u00e1n akt\u00edvan ki\u00e1llt a ker\u00e9kp\u00e1roz\u00e1sban tapasztalhat\u00f3 nemek k\u00f6z\u00f6tti egyenl\u0151tlens\u00e9gek ellen. Cromwell, aki mind az orsz\u00e1g\u00fati, mind a gravel p\u00e1ly\u00e1n igen sikeres, arra haszn\u00e1lta fel n\u00e9pszer\u0171s\u00e9g\u00e9t, hogy felh\u00edvja a figyelmet a f\u00e9rfi \u00e9s n\u0151i sportol\u00f3k k\u00f6z\u00f6tti egyenl\u0151tlens\u00e9gekre a sportban. Sz\u00e1mos j\u00f3t\u00e9konys\u00e1gi ker\u00e9kp\u00e1rt\u00far\u00e1n \u00e9s esem\u00e9nyen vett r\u00e9szt, amelyek sor\u00e1n gyakran gy\u0171jt\u00f6tt adom\u00e1nyokat is fontos \u00fcgyekre, p\u00e9ld\u00e1ul r\u00e1kkutat\u00e1sra.<\/p>\n<blockquote class=\"instagram-media\" style=\"background: #FFF; border: 0; border-radius: 3px; box-shadow: 0 0 1px 0 rgba(0,0,0,0.5),0 1px 10px 0 rgba(0,0,0,0.15); margin: 1px; max-width: 540px; min-width: 326px; padding: 0; width: calc(100% - 2px);\" data-instgrm-permalink=\"https:\/\/www.instagram.com\/p\/DBil3pAsxrA\/?utm_source=ig_embed&amp;utm_campaign=loading\" data-instgrm-version=\"14\">\n<div style=\"padding: 16px;\">\n<p>&nbsp;<\/p>\n<div style=\"display: flex; flex-direction: row; align-items: center;\">\n<div style=\"background-color: #f4f4f4; border-radius: 50%; flex-grow: 0; height: 40px; margin-right: 14px; width: 40px;\"><\/div>\n<div style=\"display: flex; flex-direction: column; flex-grow: 1; justify-content: center;\">\n<div style=\"background-color: #f4f4f4; border-radius: 4px; flex-grow: 0; height: 14px; margin-bottom: 6px; width: 100px;\"><\/div>\n<div style=\"background-color: #f4f4f4; border-radius: 4px; flex-grow: 0; height: 14px; width: 60px;\"><\/div>\n<\/div>\n<\/div>\n<div style=\"padding: 19% 0;\"><\/div>\n<div style=\"display: block; height: 50px; margin: 0 auto 12px; width: 50px;\"><\/div>\n<div style=\"padding-top: 8px;\">\n<div style=\"color: #3897f0; font-family: Arial,sans-serif; font-size: 14px; font-style: normal; font-weight: 550; line-height: 18px;\">View this post on Instagram<\/div>\n<\/div>\n<div style=\"padding: 12.5% 0;\"><\/div>\n<div style=\"display: flex; flex-direction: row; margin-bottom: 14px; align-items: center;\">\n<div>\n<div style=\"background-color: #f4f4f4; border-radius: 50%; height: 12.5px; width: 12.5px; transform: translateX(0px) translateY(7px);\"><\/div>\n<div style=\"background-color: #f4f4f4; height: 12.5px; transform: rotate(-45deg) translateX(3px) translateY(1px); width: 12.5px; flex-grow: 0; margin-right: 14px; margin-left: 2px;\"><\/div>\n<div style=\"background-color: #f4f4f4; border-radius: 50%; height: 12.5px; width: 12.5px; transform: translateX(9px) translateY(-18px);\"><\/div>\n<\/div>\n<div style=\"margin-left: 8px;\">\n<div style=\"background-color: #f4f4f4; border-radius: 50%; flex-grow: 0; height: 20px; width: 20px;\"><\/div>\n<div style=\"width: 0; height: 0; border-top: 2px solid transparent; border-left: 6px solid #f4f4f4; border-bottom: 2px solid transparent; transform: translateX(16px) translateY(-4px) rotate(30deg);\"><\/div>\n<\/div>\n<div style=\"margin-left: auto;\">\n<div style=\"width: 0px; border-top: 8px solid #F4F4F4; border-right: 8px solid transparent; transform: translateY(16px);\"><\/div>\n<div style=\"background-color: #f4f4f4; flex-grow: 0; height: 12px; width: 16px; transform: translateY(-4px);\"><\/div>\n<div style=\"width: 0; height: 0; border-top: 8px solid #F4F4F4; border-left: 8px solid transparent; transform: translateY(-4px) translateX(8px);\"><\/div>\n<\/div>\n<\/div>\n<div style=\"display: flex; flex-direction: column; flex-grow: 1; justify-content: center; margin-bottom: 24px;\">\n<div style=\"background-color: #f4f4f4; border-radius: 4px; flex-grow: 0; height: 14px; margin-bottom: 6px; width: 224px;\"><\/div>\n<div style=\"background-color: #f4f4f4; border-radius: 4px; flex-grow: 0; height: 14px; width: 144px;\"><\/div>\n<\/div>\n<p>&nbsp;<\/p>\n<p style=\"color: #c9c8cd; font-family: Arial,sans-serif; font-size: 14px; line-height: 17px; margin-bottom: 0; margin-top: 8px; overflow: hidden; padding: 8px 0 7px; text-align: center; text-overflow: ellipsis; white-space: nowrap;\"><a style=\"color: #c9c8cd; font-family: Arial,sans-serif; font-size: 14px; font-style: normal; font-weight: normal; line-height: 17px; text-decoration: none;\" href=\"https:\/\/www.instagram.com\/p\/DBil3pAsxrA\/?utm_source=ig_embed&amp;utm_campaign=loading\" target=\"_blank\" rel=\"noopener\">A post shared by Priyanka &#8211; Children\u2019s Author &amp; Coach (@priyankapandya.author)<\/a><\/p>\n<\/div>\n<\/blockquote>\n<p><script async src=\"\/\/www.instagram.com\/embed.js\"><\/script><\/p>\n<p>Cromwell elk\u00f6telezett, hogy a biciklin k\u00edv\u00fcl is hat\u00e1sa legyen a vil\u00e1gra, \u00edgy csatlakozott a Pink Ribbon Monaco nev\u0171 j\u00f3t\u00e9konys\u00e1gi szervezethez, amely a Monac\u00f3i Hercegs\u00e9gben m\u0171k\u00f6dik \u00e9s a mellr\u00e1kkal kapcsolatban eduk\u00e1l \u00e9s tev\u00e9kenykedik. 2023-ban a szervezet aleln\u00f6k\u00e9v\u00e9 nevezt\u00e9k ki, \u00e9s szorosan egy\u00fcttm\u0171k\u00f6dik annak eln\u00f6k\u00e9vel \u00e9s alap\u00edt\u00f3j\u00e1val, Natasha Frost-Savi\u00f3val, hogy el\u0151mozd\u00edtsa a szervezet k\u00fcldet\u00e9s\u00e9t. Cromwell \u00faj szerep\u00e9ben a n\u0151k eg\u00e9szs\u00e9g\u00e9\u00e9rt k\u00fczd, n\u0151i sportol\u00f3k\u00e9nt pedig semmi sem lehetne hitelesebb.<\/p>\n<h2><strong>Aileen McGlynn: A fogyat\u00e9kkal \u00e9l\u0151 sportol\u00f3k t\u00e1mogat\u00f3ja<\/strong><\/h2>\n<p>A brit paralimpiai ker\u00e9kp\u00e1ros, Aileen McGlynn figyelemre m\u00e9lt\u00f3 sikereket \u00e9rt el a p\u00e1ly\u00e1n, t\u00f6bbek k\u00f6z\u00f6tt t\u00f6bb paralimpiai arany\u00e9rmet is szerzett. Azonban hozz\u00e1j\u00e1rul\u00e1sa a sport vil\u00e1g\u00e1hoz messze t\u00falmutat az eredm\u00e9nyein. T\u00e1mogat\u00f3ja a fogyat\u00e9kkal \u00e9l\u0151 sportol\u00f3kat, \u00e9s f\u00e1radhatatlanul dolgozik azon, hogy el\u0151seg\u00edtse a r\u00e9szv\u00e9tel\u00fcket a sportban.<\/p>\n<p>McGlynn sokr\u00e9t\u0171 \u00e9rdekk\u00e9pviseleti munk\u00e1t v\u00e9gez, t\u00f6bbek k\u00f6z\u00f6tt a Disability Sport Scotland szervezeten kereszt\u00fcl. C\u00e9lja, hogy t\u00f6bb lehet\u0151s\u00e9get teremtsen a fogyat\u00e9kkal \u00e9l\u0151k sz\u00e1m\u00e1ra a sportol\u00e1sra, h\u00e1tter\u00fckt\u0151l \u00e9s k\u00e9pess\u00e9geikt\u0151l f\u00fcggetlen\u00fcl. Szeretn\u00e9 felh\u00edvni a figyelmet a parasportol\u00f3k el\u0151tt \u00e1ll\u00f3 kih\u00edv\u00e1sokra, valamint arra, hogy nagyobb t\u00e1mogat\u00e1sra \u00e9s p\u00e9nz\u00fcgyi er\u0151forr\u00e1sokra van sz\u00fcks\u00e9g\u00fck, hogy sikeresek lehessenek.<\/p>\n<h2><strong>Fiona Spotswood: A befogad\u00e1s montis bajnoka<\/strong><\/h2>\n<p>Fiona Spotswood akad\u00e9mikus \u00e9s szenved\u00e9lyes ker\u00e9kp\u00e1ros, aki rengeteg dolgozik az\u00e9rt, hogy az extr\u00e9m sportok &#8211; k\u00fcl\u00f6n\u00f6sen a mountain bike -, befogad\u00f3bbak legyenek. Els\u0151sorban a n\u0151k \u00e9s l\u00e1nyok el\u0151tt \u00e1ll\u00f3 akad\u00e1lyok led\u00f6nt\u00e9s\u00e9re \u00f6sszpontos\u00edt, hogy az \u00e9rintett sport\u00e1gak mindenki sz\u00e1m\u00e1ra el\u00e9rhet\u0151bbek \u00e9s bar\u00e1ts\u00e1gosabbak legyenek. Egyik legfontosabb kezdem\u00e9nyez\u00e9se a FIAS projekt (Inclusive Action Sports el\u0151seg\u00edt\u00e9se), egy kutat\u00e1son alapul\u00f3 projekt, amely c\u00e9lja egy befogad\u00f3bb k\u00f6rnyezet kialak\u00edt\u00e1sa a n\u0151i hegyiker\u00e9kp\u00e1roz\u00e1sban.<\/p>\n<p>A The British Academy \u00e9s a PolicyBristol \u00e1ltal t\u00e1mogatott FIAS projekt c\u00e9lja, hogy \u00e1talak\u00edtsa a n\u0151i hegyiker\u00e9kp\u00e1roz\u00e1s helyzet\u00e9t egy nemzeti strat\u00e9gia kidolgoz\u00e1s\u00e1val, amely priorit\u00e1sk\u00e9nt kezeli a lehet\u0151s\u00e9gek n\u00f6vel\u00e9s\u00e9t, a l\u00e1that\u00f3s\u00e1got, a befogad\u00e1st \u00e9s az integr\u00e1ci\u00f3t. Spotswood munk\u00e1ja ebben a projektben nemcsak arr\u00f3l sz\u00f3l, hogy t\u00f6bb n\u0151 ker\u00fclj\u00f6n a bring\u00e1kra; hanem arr\u00f3l is, hogy \u00e1talak\u00edtsa a mountain bike kult\u00far\u00e1t, hogy az befogad\u00f3bb \u00e9s t\u00e1mogat\u00f3bb legyen a n\u0151i sportol\u00f3k sz\u00e1m\u00e1ra, minden szinten.<\/p>\n<blockquote class=\"instagram-media\" style=\"background: #FFF; border: 0; border-radius: 3px; box-shadow: 0 0 1px 0 rgba(0,0,0,0.5),0 1px 10px 0 rgba(0,0,0,0.15); margin: 1px; max-width: 540px; min-width: 326px; padding: 0; width: calc(100% - 2px);\" data-instgrm-permalink=\"https:\/\/www.instagram.com\/p\/DBi0_FSq7Ig\/?utm_source=ig_embed&amp;utm_campaign=loading\" data-instgrm-version=\"14\">\n<div style=\"padding: 16px;\">\n<p>&nbsp;<\/p>\n<div style=\"display: flex; flex-direction: row; align-items: center;\">\n<div style=\"background-color: #f4f4f4; border-radius: 50%; flex-grow: 0; height: 40px; margin-right: 14px; width: 40px;\"><\/div>\n<div style=\"display: flex; flex-direction: column; flex-grow: 1; justify-content: center;\">\n<div style=\"background-color: #f4f4f4; border-radius: 4px; flex-grow: 0; height: 14px; margin-bottom: 6px; width: 100px;\"><\/div>\n<div style=\"background-color: #f4f4f4; border-radius: 4px; flex-grow: 0; height: 14px; width: 60px;\"><\/div>\n<\/div>\n<\/div>\n<div style=\"padding: 19% 0;\"><\/div>\n<div style=\"display: block; height: 50px; margin: 0 auto 12px; width: 50px;\"><\/div>\n<div style=\"padding-top: 8px;\">\n<div style=\"color: #3897f0; font-family: Arial,sans-serif; font-size: 14px; font-style: normal; font-weight: 550; line-height: 18px;\">Zobrazit p\u0159\u00edsp\u011bvek na Instagramu<\/div>\n<\/div>\n<div style=\"padding: 12.5% 0;\"><\/div>\n<div style=\"display: flex; flex-direction: row; margin-bottom: 14px; align-items: center;\">\n<div>\n<div style=\"background-color: #f4f4f4; border-radius: 50%; height: 12.5px; width: 12.5px; transform: translateX(0px) translateY(7px);\"><\/div>\n<div style=\"background-color: #f4f4f4; height: 12.5px; transform: rotate(-45deg) translateX(3px) translateY(1px); width: 12.5px; flex-grow: 0; margin-right: 14px; margin-left: 2px;\"><\/div>\n<div style=\"background-color: #f4f4f4; border-radius: 50%; height: 12.5px; width: 12.5px; transform: translateX(9px) translateY(-18px);\"><\/div>\n<\/div>\n<div style=\"margin-left: 8px;\">\n<div style=\"background-color: #f4f4f4; border-radius: 50%; flex-grow: 0; height: 20px; width: 20px;\"><\/div>\n<div style=\"width: 0; height: 0; border-top: 2px solid transparent; border-left: 6px solid #f4f4f4; border-bottom: 2px solid transparent; transform: translateX(16px) translateY(-4px) rotate(30deg);\"><\/div>\n<\/div>\n<div style=\"margin-left: auto;\">\n<div style=\"width: 0px; border-top: 8px solid #F4F4F4; border-right: 8px solid transparent; transform: translateY(16px);\"><\/div>\n<div style=\"background-color: #f4f4f4; flex-grow: 0; height: 12px; width: 16px; transform: translateY(-4px);\"><\/div>\n<div style=\"width: 0; height: 0; border-top: 8px solid #F4F4F4; border-left: 8px solid transparent; transform: translateY(-4px) translateX(8px);\"><\/div>\n<\/div>\n<\/div>\n<div style=\"display: flex; flex-direction: column; flex-grow: 1; justify-content: center; margin-bottom: 24px;\">\n<div style=\"background-color: #f4f4f4; border-radius: 4px; flex-grow: 0; height: 14px; margin-bottom: 6px; width: 224px;\"><\/div>\n<div style=\"background-color: #f4f4f4; border-radius: 4px; flex-grow: 0; height: 14px; width: 144px;\"><\/div>\n<\/div>\n<p>&nbsp;<\/p>\n<p style=\"color: #c9c8cd; font-family: Arial,sans-serif; font-size: 14px; line-height: 17px; margin-bottom: 0; margin-top: 8px; overflow: hidden; padding: 8px 0 7px; text-align: center; text-overflow: ellipsis; white-space: nowrap;\"><a style=\"color: #c9c8cd; font-family: Arial,sans-serif; font-size: 14px; font-style: normal; font-weight: normal; line-height: 17px; text-decoration: none;\" href=\"https:\/\/www.instagram.com\/p\/DBi0_FSq7Ig\/?utm_source=ig_embed&amp;utm_campaign=loading\" target=\"_blank\" rel=\"noopener\">P\u0159\u00edsp\u011bvek sd\u00edlen\u00fd Project FIAS (@project.fias)<\/a><\/p>\n<\/div>\n<\/blockquote>\n<p><script async src=\"\/\/www.instagram.com\/embed.js\"><\/script><\/p>\n<p>Nemr\u00e9g Spotswood \u00e9s csapata jelent\u0151s m\u00e9rf\u00f6ldk\u0151h\u00f6z \u00e9rkezett: lezajlott az els\u0151 m\u0171hely\u00fck, amely fontos l\u00e9p\u00e9s volt ennek a nemzeti strat\u00e9gi\u00e1nak a k\u00f6z\u00f6s kidolgoz\u00e1s\u00e1ban. A m\u0171helymunka \u00f6sszehozta a hegyiker\u00e9kp\u00e1ros k\u00f6z\u00f6ss\u00e9g kulcsszerepl\u0151it, hogy megvitass\u00e1k \u00e9s kidolgozz\u00e1k azokat a strat\u00e9gi\u00e1kat, amelyek biztos\u00edtj\u00e1k a n\u0151k sz\u00e1m\u00e1ra az egyenl\u0151 lehet\u0151s\u00e9geket.<\/p>\n<h2><strong>Jessie Stevens, aki a bolyg\u00f3\u00e9rt teker<\/strong><\/h2>\n<p><strong>\u00a0<\/strong>Jessie Stevens mind\u00f6ssze 17 \u00e9ves volt, amikor eltekert Devonb\u00f3l Glasgowba, hogy r\u00e9szt vegyen a 2021-es COP26 kl\u00edmakonferenci\u00e1n. Ez a leny\u0171g\u00f6z\u0151, t\u00f6bb mint 800 kilom\u00e9teres \u00fat nemcsak szem\u00e9lyes kih\u00edv\u00e1s volt, hanem egy er\u0151teljes nyilatkozat is az \u00e9ghajlatv\u00e9delmi int\u00e9zked\u00e9sek s\u00fcrget\u0151 sz\u00fcks\u00e9gess\u00e9g\u00e9r\u0151l. Stevens szenved\u00e9lyes k\u00f6rnyezetv\u00e9d\u0151, aki ezzel az \u00fattal szerette volna felh\u00edvni a figyelmet az \u00e9ghajlatv\u00e1ltoz\u00e1s hat\u00e1saira, \u00e9s arra, hogy t\u00f6bb fenntarthat\u00f3 gyakorlatot kell bevezetn\u00fcnk az \u00e9let minden ter\u00fclet\u00e9n, bele\u00e9rtve a k\u00f6zleked\u00e9st is.<\/p>\n<p>\u00datja sor\u00e1n esem\u00e9nyeken sz\u00f3lalt fel, \u00e9s megosztotta tapasztalatait a k\u00f6z\u00f6ss\u00e9gi m\u00e9di\u00e1ban. Az \u00fatja eml\u00e9keztet\u0151 volt arra, hogy milyen potenci\u00e1l rejlik a ker\u00e9kp\u00e1roz\u00e1sban, mint fenntarthat\u00f3 \u00e9s el\u00e9rhet\u0151 k\u00f6zleked\u00e9si eszk\u00f6zben, k\u00fcl\u00f6n\u00f6sen egy olyan vil\u00e1gban, amely az \u00f6kol\u00f3giai pusztul\u00e1s k\u00f6vetkezm\u00e9nyeivel k\u00fczd.<\/p>\n<p>A COP26 t\u00far\u00e1ja \u00f3ta Stevens tov\u00e1bbra is ki\u00e1ll a k\u00f6rnyezetv\u00e9delmi \u00fcgyek mellett, a ker\u00e9kp\u00e1roz\u00e1s szerep\u00e9re \u00f6sszpontos\u00edtva a sz\u00e9n-dioxid-kibocs\u00e1t\u00e1s cs\u00f6kkent\u00e9s\u00e9ben. Sz\u00e1mos k\u00f6rnyezetv\u00e9delmi szervezettel dolgozott egy\u00fctt, \u00e9s tov\u00e1bbra is felsz\u00f3lal az \u00e9ghajlatv\u00e1ltoz\u00e1ssal kapcsolatos k\u00e9rd\u00e9sekben, inspir\u00e1lva m\u00e1sokat is arra, hogy l\u00e9p\u00e9seket tegyenek a saj\u00e1t \u00e9let\u00fckben.<\/p>\n<h2><strong>Hanna Ahmed hidak \u00e9p\u00edt<\/strong><\/h2>\n<p>Hanna Ahmed, a bradfordi Hop On nev\u0171 t\u00e1rsadalmi v\u00e1llalkoz\u00e1s vezet\u0151je az\u00e9rt k\u00fczd, hogy hozz\u00e1f\u00e9rhet\u0151v\u00e9 tegye a ker\u00e9kp\u00e1roz\u00e1st a h\u00e1tr\u00e1nyos helyzet\u0171 k\u00f6z\u00f6ss\u00e9gek sz\u00e1m\u00e1ra. Ahmed munk\u00e1ja arra \u00f6sszpontos\u00edt, hogy lebontsa a kultur\u00e1lis \u00e9s gazdas\u00e1gi akad\u00e1lyokat a ker\u00e9kp\u00e1roz\u00e1s ter\u00e9n, biztos\u00edtva, hogy mindenki \u00e9lvezhesse a sportot. Vezet\u00e9s\u00e9vel a Hop On sz\u00e1mos k\u00f6z\u00f6ss\u00e9gi t\u00far\u00e1t, ker\u00e9kp\u00e1ros oktat\u00e1si programot \u00e9s m\u0171helyt szervezett m\u00e1r, amelyek az eg\u00e9szs\u00e9g, a j\u00f3l\u00e9t \u00e9s a befogad\u00e1s el\u0151mozd\u00edt\u00e1s\u00e1t szolg\u00e1lj\u00e1k.<\/p>\n<p>Ahmed kiemelten sokat foglalkozik a k\u00fcl\u00f6nb\u00f6z\u0151 h\u00e1tt\u00e9rrel rendelkez\u0151 n\u0151k bevon\u00e1s\u00e1val. Olyan\u00a0 kezdem\u00e9nyez\u00e9seket ind\u00edt, amelyek lehet\u0151s\u00e9get adnak ezeknek a n\u0151knek, hogy biztons\u00e1gos k\u00f6rnyezetben megtanuljanak ker\u00e9kp\u00e1rozni, olyan k\u00f6z\u00f6ss\u00e9gekben is, ahol ez nem hagyom\u00e1nyos r\u00e9sze a kult\u00far\u00e1nak. Ezek a programok jelent\u0151s szerepet j\u00e1tszottak abban, hogy b\u00e1tors\u00e1got \u00e9s k\u00e9szs\u00e9geket gy\u0171jtsenek a ker\u00e9kp\u00e1roz\u00e1shoz &#8211; ami a szabads\u00e1g \u00e9s a f\u00fcggetlens\u00e9g egyik jelk\u00e9pe.<\/p>\n<h2><strong>Egy jobb holnap\u00e9rt teker\u00fcnk<\/strong><\/h2>\n<p>Ezek az elhivatott ker\u00e9kp\u00e1rosok j\u00f3t\u00e9konys\u00e1gi munk\u00e1juk, \u00e9rdekk\u00e9pviselet\u00fck \u00e9s k\u00f6z\u00f6ss\u00e9gi elk\u00f6telezetts\u00e9g\u00fck r\u00e9v\u00e9n olyan hat\u00e1ssal vannak a vil\u00e1gra, amely messze t\u00falmutat a sporton. Legyen sz\u00f3 az eg\u00e9szs\u00e9g \u00e9s j\u00f3l\u00e9t el\u0151mozd\u00edt\u00e1s\u00e1r\u00f3l, a h\u00e1tr\u00e1nyos helyzet\u0171ek mellett val\u00f3 ki\u00e1ll\u00e1sr\u00f3l, vagy a fenntarthat\u00f3s\u00e1g\u00e9rt val\u00f3 k\u00fczdelemr\u0151l, ismerts\u00e9g\u00fcket arra haszn\u00e1lj\u00e1k, hogy pozit\u00edv v\u00e1ltoz\u00e1st \u00e9rjenek el, \u00e9s m\u00e1sokat is inspir\u00e1ljanak. \u0150k eml\u00e9keztetnek benn\u00fcnket arra, hogy a ker\u00e9kp\u00e1roz\u00e1s igazi ereje nemcsak a versenyekben rejlik, hanem a k\u00f6z\u00f6ss\u00e9gek form\u00e1l\u00e1s\u00e1ban is.<\/p>\n","protected":false},"excerpt":{"rendered":"<p>A ker\u00e9kp\u00e1rsport, amit hagyom\u00e1nyosan f\u00e9rfiak domin\u00e1lnak, jelent\u0151s \u00e1talakul\u00e1son ment kereszt\u00fcl az elm\u00falt \u00e9vekben. A n\u0151k, rend\u00edthetetlen elhivatotts\u00e1gukkal, nemcsak a sportban [&hellip;]<\/p>\n","protected":false},"author":71,"featured_media":18808,"comment_status":"open","ping_status":"open","sticky":false,"template":"","format":"standard","meta":{"footnotes":""},"categories":[12],"tags":[],"global-categories":[],"class_list":["post-18807","post","type-post","status-publish","format-standard","has-post-thumbnail","hentry","category-kozosseg-es-kultura"],"yoast_head":"<!-- This site is optimized with the Yoast SEO Premium plugin v25.3 (Yoast SEO v25.9) - https:\/\/yoast.com\/wordpress\/plugins\/seo\/ -->\n<title>A dobog\u00f3n t\u00fal: n\u0151i ker\u00e9kp\u00e1rosok, akik a bicikliz\u00e9sen k\u00edv\u00fcl is fontos munk\u00e1t v\u00e9geznek<\/title>\n<meta name=\"description\" content=\"A ker\u00e9kp\u00e1rsport, amit hagyom\u00e1nyosan f\u00e9rfiak domin\u00e1lnak, jelent\u0151s \u00e1talakul\u00e1son ment kereszt\u00fcl az elm\u00falt \u00e9vekben. A n\u0151k, rend\u00edthetetlen elhivatotts\u00e1gukkal, nemcsak a sportban \u00e9rtek el figyelemre m\u00e9lt\u00f3 eredm\u00e9nyeket, hanem befoly\u00e1sukat arra is felhaszn\u00e1lt\u00e1k, hogy v\u00e1ltoz\u00e1st hozzanak l\u00e9tre azon k\u00edv\u00fcl is.\" \/>\n<meta name=\"robots\" content=\"index, follow, max-snippet:-1, max-image-preview:large, max-video-preview:-1\" \/>\n<link rel=\"canonical\" href=\"https:\/\/www.welovecycling.com\/hu\/kozosseg-es-kultura\/a-dobogon-tul-noi-kerekparosok-akik-a-biciklizesen-kivul-is-fontos-munkat-vegeznek\/\" \/>\n<meta property=\"og:locale\" content=\"hu_HU\" \/>\n<meta property=\"og:type\" content=\"article\" \/>\n<meta property=\"og:title\" content=\"A dobog\u00f3n t\u00fal: n\u0151i ker\u00e9kp\u00e1rosok, akik a bicikliz\u00e9sen k\u00edv\u00fcl is fontos munk\u00e1t v\u00e9geznek\" \/>\n<meta property=\"og:description\" content=\"A ker\u00e9kp\u00e1rsport, amit hagyom\u00e1nyosan f\u00e9rfiak domin\u00e1lnak, jelent\u0151s \u00e1talakul\u00e1son ment kereszt\u00fcl az elm\u00falt \u00e9vekben. A n\u0151k, rend\u00edthetetlen elhivatotts\u00e1gukkal, nemcsak a sportban \u00e9rtek el figyelemre m\u00e9lt\u00f3 eredm\u00e9nyeket, hanem befoly\u00e1sukat arra is felhaszn\u00e1lt\u00e1k, hogy v\u00e1ltoz\u00e1st hozzanak l\u00e9tre azon k\u00edv\u00fcl is.\" \/>\n<meta property=\"og:url\" content=\"https:\/\/www.welovecycling.com\/hu\/kozosseg-es-kultura\/a-dobogon-tul-noi-kerekparosok-akik-a-biciklizesen-kivul-is-fontos-munkat-vegeznek\/\" \/>\n<meta property=\"og:site_name\" content=\"\u0160koda We Love Cycling - Magyarorsz\u00e1g\" \/>\n<meta property=\"article:publisher\" content=\"https:\/\/www.facebook.com\/WeLoveCyclingHungary\/\" \/>\n<meta property=\"article:published_time\" content=\"2024-11-22T06:00:33+00:00\" \/>\n<meta property=\"og:image\" content=\"https:\/\/d2p6e6u75xmxt8.cloudfront.net\/12\/2024\/11\/Marianne-Vos-profimedia-0710731189-CVR.webp\" \/>\n\t<meta property=\"og:image:width\" content=\"990\" \/>\n\t<meta property=\"og:image:height\" content=\"660\" \/>\n\t<meta property=\"og:image:type\" content=\"image\/webp\" \/>\n<meta name=\"author\" content=\"hegyizs\" \/>\n<meta name=\"twitter:card\" content=\"summary_large_image\" \/>\n<meta name=\"twitter:label1\" content=\"Written by\" \/>\n\t<meta name=\"twitter:data1\" content=\"Megan Flottorp\" \/>\n\t<meta name=\"twitter:label2\" content=\"Est. reading time\" \/>\n\t<meta name=\"twitter:data2\" content=\"5\" \/>\n<script type=\"application\/ld+json\" class=\"yoast-schema-graph\">{\"@context\":\"https:\/\/schema.org\",\"@graph\":[{\"@type\":\"WebPage\",\"@id\":\"https:\/\/www.welovecycling.com\/hu\/kozosseg-es-kultura\/a-dobogon-tul-noi-kerekparosok-akik-a-biciklizesen-kivul-is-fontos-munkat-vegeznek\/\",\"url\":\"https:\/\/www.welovecycling.com\/hu\/kozosseg-es-kultura\/a-dobogon-tul-noi-kerekparosok-akik-a-biciklizesen-kivul-is-fontos-munkat-vegeznek\/\",\"name\":\"A dobog\u00f3n t\u00fal: n\u0151i ker\u00e9kp\u00e1rosok, akik a bicikliz\u00e9sen k\u00edv\u00fcl is fontos munk\u00e1t v\u00e9geznek\",\"isPartOf\":{\"@id\":\"https:\/\/www.welovecycling.com\/hu\/#website\"},\"primaryImageOfPage\":{\"@id\":\"https:\/\/www.welovecycling.com\/hu\/kozosseg-es-kultura\/a-dobogon-tul-noi-kerekparosok-akik-a-biciklizesen-kivul-is-fontos-munkat-vegeznek\/#primaryimage\"},\"image\":{\"@id\":\"https:\/\/www.welovecycling.com\/hu\/kozosseg-es-kultura\/a-dobogon-tul-noi-kerekparosok-akik-a-biciklizesen-kivul-is-fontos-munkat-vegeznek\/#primaryimage\"},\"thumbnailUrl\":\"https:\/\/d2p6e6u75xmxt8.cloudfront.net\/12\/2024\/11\/Marianne-Vos-profimedia-0710731189-CVR.webp\",\"datePublished\":\"2024-11-22T06:00:33+00:00\",\"author\":{\"@id\":\"https:\/\/www.welovecycling.com\/hu\/#\/schema\/person\/414a2aebf1801691a5320edb6468e194\"},\"description\":\"A ker\u00e9kp\u00e1rsport, amit hagyom\u00e1nyosan f\u00e9rfiak domin\u00e1lnak, jelent\u0151s \u00e1talakul\u00e1son ment kereszt\u00fcl az elm\u00falt \u00e9vekben. A n\u0151k, rend\u00edthetetlen elhivatotts\u00e1gukkal, nemcsak a sportban \u00e9rtek el figyelemre m\u00e9lt\u00f3 eredm\u00e9nyeket, hanem befoly\u00e1sukat arra is felhaszn\u00e1lt\u00e1k, hogy v\u00e1ltoz\u00e1st hozzanak l\u00e9tre azon k\u00edv\u00fcl is.\",\"breadcrumb\":{\"@id\":\"https:\/\/www.welovecycling.com\/hu\/kozosseg-es-kultura\/a-dobogon-tul-noi-kerekparosok-akik-a-biciklizesen-kivul-is-fontos-munkat-vegeznek\/#breadcrumb\"},\"inLanguage\":\"hu\",\"potentialAction\":[{\"@type\":\"ReadAction\",\"target\":[\"https:\/\/www.welovecycling.com\/hu\/kozosseg-es-kultura\/a-dobogon-tul-noi-kerekparosok-akik-a-biciklizesen-kivul-is-fontos-munkat-vegeznek\/\"]}]},{\"@type\":\"ImageObject\",\"inLanguage\":\"hu\",\"@id\":\"https:\/\/www.welovecycling.com\/hu\/kozosseg-es-kultura\/a-dobogon-tul-noi-kerekparosok-akik-a-biciklizesen-kivul-is-fontos-munkat-vegeznek\/#primaryimage\",\"url\":\"https:\/\/d2p6e6u75xmxt8.cloudfront.net\/12\/2024\/11\/Marianne-Vos-profimedia-0710731189-CVR.webp\",\"contentUrl\":\"https:\/\/d2p6e6u75xmxt8.cloudfront.net\/12\/2024\/11\/Marianne-Vos-profimedia-0710731189-CVR.webp\",\"width\":990,\"height\":660,\"caption\":\"Marianne Vos\"},{\"@type\":\"BreadcrumbList\",\"@id\":\"https:\/\/www.welovecycling.com\/hu\/kozosseg-es-kultura\/a-dobogon-tul-noi-kerekparosok-akik-a-biciklizesen-kivul-is-fontos-munkat-vegeznek\/#breadcrumb\",\"itemListElement\":[{\"@type\":\"ListItem\",\"position\":1,\"name\":\"Home\",\"item\":\"https:\/\/www.welovecycling.com\/hu\/\"},{\"@type\":\"ListItem\",\"position\":2,\"name\":\"A dobog\u00f3n t\u00fal: n\u0151i ker\u00e9kp\u00e1rosok, akik a bicikliz\u00e9sen k\u00edv\u00fcl is fontos munk\u00e1t v\u00e9geznek\"}]},{\"@type\":\"WebSite\",\"@id\":\"https:\/\/www.welovecycling.com\/hu\/#website\",\"url\":\"https:\/\/www.welovecycling.com\/hu\/\",\"name\":\"\u0160koda We Love Cycling - Magyarorsz\u00e1g\",\"description\":\"\u0160koda WeLoveCycling\",\"potentialAction\":[{\"@type\":\"SearchAction\",\"target\":{\"@type\":\"EntryPoint\",\"urlTemplate\":\"https:\/\/www.welovecycling.com\/hu\/?s={search_term_string}\"},\"query-input\":{\"@type\":\"PropertyValueSpecification\",\"valueRequired\":true,\"valueName\":\"search_term_string\"}}],\"inLanguage\":\"hu\"},{\"@type\":\"Person\",\"@id\":\"https:\/\/www.welovecycling.com\/hu\/#\/schema\/person\/414a2aebf1801691a5320edb6468e194\",\"name\":\"hegyizs\",\"image\":{\"@type\":\"ImageObject\",\"inLanguage\":\"hu\",\"@id\":\"https:\/\/www.welovecycling.com\/hu\/#\/schema\/person\/image\/\",\"url\":\"https:\/\/secure.gravatar.com\/avatar\/02cf8a7906b8cf90cecb4679defac7cfd33a1c2e3b88e4903d947f3bb58eedd3?s=96&d=mm&r=g\",\"contentUrl\":\"https:\/\/secure.gravatar.com\/avatar\/02cf8a7906b8cf90cecb4679defac7cfd33a1c2e3b88e4903d947f3bb58eedd3?s=96&d=mm&r=g\",\"caption\":\"hegyizs\"},\"url\":\"https:\/\/www.welovecycling.com\/hu\/author\/hegyizs\/\"}]}<\/script>\n<!-- \/ Yoast SEO Premium plugin. -->","yoast_head_json":{"title":"A dobog\u00f3n t\u00fal: n\u0151i ker\u00e9kp\u00e1rosok, akik a bicikliz\u00e9sen k\u00edv\u00fcl is fontos munk\u00e1t v\u00e9geznek","description":"A ker\u00e9kp\u00e1rsport, amit hagyom\u00e1nyosan f\u00e9rfiak domin\u00e1lnak, jelent\u0151s \u00e1talakul\u00e1son ment kereszt\u00fcl az elm\u00falt \u00e9vekben. A n\u0151k, rend\u00edthetetlen elhivatotts\u00e1gukkal, nemcsak a sportban \u00e9rtek el figyelemre m\u00e9lt\u00f3 eredm\u00e9nyeket, hanem befoly\u00e1sukat arra is felhaszn\u00e1lt\u00e1k, hogy v\u00e1ltoz\u00e1st hozzanak l\u00e9tre azon k\u00edv\u00fcl is.","robots":{"index":"index","follow":"follow","max-snippet":"max-snippet:-1","max-image-preview":"max-image-preview:large","max-video-preview":"max-video-preview:-1"},"canonical":"https:\/\/www.welovecycling.com\/hu\/kozosseg-es-kultura\/a-dobogon-tul-noi-kerekparosok-akik-a-biciklizesen-kivul-is-fontos-munkat-vegeznek\/","og_locale":"hu_HU","og_type":"article","og_title":"A dobog\u00f3n t\u00fal: n\u0151i ker\u00e9kp\u00e1rosok, akik a bicikliz\u00e9sen k\u00edv\u00fcl is fontos munk\u00e1t v\u00e9geznek","og_description":"A ker\u00e9kp\u00e1rsport, amit hagyom\u00e1nyosan f\u00e9rfiak domin\u00e1lnak, jelent\u0151s \u00e1talakul\u00e1son ment kereszt\u00fcl az elm\u00falt \u00e9vekben. A n\u0151k, rend\u00edthetetlen elhivatotts\u00e1gukkal, nemcsak a sportban \u00e9rtek el figyelemre m\u00e9lt\u00f3 eredm\u00e9nyeket, hanem befoly\u00e1sukat arra is felhaszn\u00e1lt\u00e1k, hogy v\u00e1ltoz\u00e1st hozzanak l\u00e9tre azon k\u00edv\u00fcl is.","og_url":"https:\/\/www.welovecycling.com\/hu\/kozosseg-es-kultura\/a-dobogon-tul-noi-kerekparosok-akik-a-biciklizesen-kivul-is-fontos-munkat-vegeznek\/","og_site_name":"\u0160koda We Love Cycling - Magyarorsz\u00e1g","article_publisher":"https:\/\/www.facebook.com\/WeLoveCyclingHungary\/","article_published_time":"2024-11-22T06:00:33+00:00","og_image":[{"width":990,"height":660,"url":"https:\/\/d2p6e6u75xmxt8.cloudfront.net\/12\/2024\/11\/Marianne-Vos-profimedia-0710731189-CVR.webp","type":"image\/webp"}],"author":"hegyizs","twitter_card":"summary_large_image","twitter_misc":{"Written by":"Megan Flottorp","Est. reading time":"5"},"schema":{"@context":"https:\/\/schema.org","@graph":[{"@type":"WebPage","@id":"https:\/\/www.welovecycling.com\/hu\/kozosseg-es-kultura\/a-dobogon-tul-noi-kerekparosok-akik-a-biciklizesen-kivul-is-fontos-munkat-vegeznek\/","url":"https:\/\/www.welovecycling.com\/hu\/kozosseg-es-kultura\/a-dobogon-tul-noi-kerekparosok-akik-a-biciklizesen-kivul-is-fontos-munkat-vegeznek\/","name":"A dobog\u00f3n t\u00fal: n\u0151i ker\u00e9kp\u00e1rosok, akik a bicikliz\u00e9sen k\u00edv\u00fcl is fontos munk\u00e1t v\u00e9geznek","isPartOf":{"@id":"https:\/\/www.welovecycling.com\/hu\/#website"},"primaryImageOfPage":{"@id":"https:\/\/www.welovecycling.com\/hu\/kozosseg-es-kultura\/a-dobogon-tul-noi-kerekparosok-akik-a-biciklizesen-kivul-is-fontos-munkat-vegeznek\/#primaryimage"},"image":{"@id":"https:\/\/www.welovecycling.com\/hu\/kozosseg-es-kultura\/a-dobogon-tul-noi-kerekparosok-akik-a-biciklizesen-kivul-is-fontos-munkat-vegeznek\/#primaryimage"},"thumbnailUrl":"https:\/\/d2p6e6u75xmxt8.cloudfront.net\/12\/2024\/11\/Marianne-Vos-profimedia-0710731189-CVR.webp","datePublished":"2024-11-22T06:00:33+00:00","author":{"@id":"https:\/\/www.welovecycling.com\/hu\/#\/schema\/person\/414a2aebf1801691a5320edb6468e194"},"description":"A ker\u00e9kp\u00e1rsport, amit hagyom\u00e1nyosan f\u00e9rfiak domin\u00e1lnak, jelent\u0151s \u00e1talakul\u00e1son ment kereszt\u00fcl az elm\u00falt \u00e9vekben. A n\u0151k, rend\u00edthetetlen elhivatotts\u00e1gukkal, nemcsak a sportban \u00e9rtek el figyelemre m\u00e9lt\u00f3 eredm\u00e9nyeket, hanem befoly\u00e1sukat arra is felhaszn\u00e1lt\u00e1k, hogy v\u00e1ltoz\u00e1st hozzanak l\u00e9tre azon k\u00edv\u00fcl is.","breadcrumb":{"@id":"https:\/\/www.welovecycling.com\/hu\/kozosseg-es-kultura\/a-dobogon-tul-noi-kerekparosok-akik-a-biciklizesen-kivul-is-fontos-munkat-vegeznek\/#breadcrumb"},"inLanguage":"hu","potentialAction":[{"@type":"ReadAction","target":["https:\/\/www.welovecycling.com\/hu\/kozosseg-es-kultura\/a-dobogon-tul-noi-kerekparosok-akik-a-biciklizesen-kivul-is-fontos-munkat-vegeznek\/"]}]},{"@type":"ImageObject","inLanguage":"hu","@id":"https:\/\/www.welovecycling.com\/hu\/kozosseg-es-kultura\/a-dobogon-tul-noi-kerekparosok-akik-a-biciklizesen-kivul-is-fontos-munkat-vegeznek\/#primaryimage","url":"https:\/\/d2p6e6u75xmxt8.cloudfront.net\/12\/2024\/11\/Marianne-Vos-profimedia-0710731189-CVR.webp","contentUrl":"https:\/\/d2p6e6u75xmxt8.cloudfront.net\/12\/2024\/11\/Marianne-Vos-profimedia-0710731189-CVR.webp","width":990,"height":660,"caption":"Marianne Vos"},{"@type":"BreadcrumbList","@id":"https:\/\/www.welovecycling.com\/hu\/kozosseg-es-kultura\/a-dobogon-tul-noi-kerekparosok-akik-a-biciklizesen-kivul-is-fontos-munkat-vegeznek\/#breadcrumb","itemListElement":[{"@type":"ListItem","position":1,"name":"Home","item":"https:\/\/www.welovecycling.com\/hu\/"},{"@type":"ListItem","position":2,"name":"A dobog\u00f3n t\u00fal: n\u0151i ker\u00e9kp\u00e1rosok, akik a bicikliz\u00e9sen k\u00edv\u00fcl is fontos munk\u00e1t v\u00e9geznek"}]},{"@type":"WebSite","@id":"https:\/\/www.welovecycling.com\/hu\/#website","url":"https:\/\/www.welovecycling.com\/hu\/","name":"\u0160koda We Love Cycling - Magyarorsz\u00e1g","description":"\u0160koda WeLoveCycling","potentialAction":[{"@type":"SearchAction","target":{"@type":"EntryPoint","urlTemplate":"https:\/\/www.welovecycling.com\/hu\/?s={search_term_string}"},"query-input":{"@type":"PropertyValueSpecification","valueRequired":true,"valueName":"search_term_string"}}],"inLanguage":"hu"},{"@type":"Person","@id":"https:\/\/www.welovecycling.com\/hu\/#\/schema\/person\/414a2aebf1801691a5320edb6468e194","name":"hegyizs","image":{"@type":"ImageObject","inLanguage":"hu","@id":"https:\/\/www.welovecycling.com\/hu\/#\/schema\/person\/image\/","url":"https:\/\/secure.gravatar.com\/avatar\/02cf8a7906b8cf90cecb4679defac7cfd33a1c2e3b88e4903d947f3bb58eedd3?s=96&d=mm&r=g","contentUrl":"https:\/\/secure.gravatar.com\/avatar\/02cf8a7906b8cf90cecb4679defac7cfd33a1c2e3b88e4903d947f3bb58eedd3?s=96&d=mm&r=g","caption":"hegyizs"},"url":"https:\/\/www.welovecycling.com\/hu\/author\/hegyizs\/"}]}},"_links":{"self":[{"href":"https:\/\/www.welovecycling.com\/hu\/wp-json\/wp\/v2\/posts\/18807","targetHints":{"allow":["GET"]}}],"collection":[{"href":"https:\/\/www.welovecycling.com\/hu\/wp-json\/wp\/v2\/posts"}],"about":[{"href":"https:\/\/www.welovecycling.com\/hu\/wp-json\/wp\/v2\/types\/post"}],"author":[{"embeddable":true,"href":"https:\/\/www.welovecycling.com\/hu\/wp-json\/wp\/v2\/users\/71"}],"replies":[{"embeddable":true,"href":"https:\/\/www.welovecycling.com\/hu\/wp-json\/wp\/v2\/comments?post=18807"}],"version-history":[{"count":1,"href":"https:\/\/www.welovecycling.com\/hu\/wp-json\/wp\/v2\/posts\/18807\/revisions"}],"predecessor-version":[{"id":18809,"href":"https:\/\/www.welovecycling.com\/hu\/wp-json\/wp\/v2\/posts\/18807\/revisions\/18809"}],"wp:featuredmedia":[{"embeddable":true,"href":"https:\/\/www.welovecycling.com\/hu\/wp-json\/wp\/v2\/media\/18808"}],"wp:attachment":[{"href":"https:\/\/www.welovecycling.com\/hu\/wp-json\/wp\/v2\/media?parent=18807"}],"wp:term":[{"taxonomy":"category","embeddable":true,"href":"https:\/\/www.welovecycling.com\/hu\/wp-json\/wp\/v2\/categories?post=18807"},{"taxonomy":"post_tag","embeddable":true,"href":"https:\/\/www.welovecycling.com\/hu\/wp-json\/wp\/v2\/tags?post=18807"},{"taxonomy":"global-categories","embeddable":true,"href":"https:\/\/www.welovecycling.com\/hu\/wp-json\/wp\/v2\/global-categories?post=18807"}],"curies":[{"name":"wp","href":"https:\/\/api.w.org\/{rel}","templated":true}]}}