{"id":18800,"date":"2024-10-31T11:22:07","date_gmt":"2024-10-31T09:22:07","guid":{"rendered":"https:\/\/www.welovecycling.com\/hu\/?p=18800"},"modified":"2024-10-31T11:22:07","modified_gmt":"2024-10-31T09:22:07","slug":"az-1925-os-elso-kiiras-elott-tiszteleg-a-tour-de-hongrie-centenariumi-utvonala-a-tour-de-france-on-is-izzad-majd-a-mezony","status":"publish","type":"post","link":"https:\/\/www.welovecycling.com\/hu\/orszaguti-kerekpar\/az-1925-os-elso-kiiras-elott-tiszteleg-a-tour-de-hongrie-centenariumi-utvonala-a-tour-de-france-on-is-izzad-majd-a-mezony\/","title":{"rendered":"Az 1925-\u00f6s els\u0151 ki\u00edr\u00e1s el\u0151tt tiszteleg a Tour de Hongrie centen\u00e1riumi \u00fatvonala, a Tour de France-on is izzad majd a mez\u0151ny"},"content":{"rendered":"<p><b>Az orsz\u00e1g\u00fati szezon v\u00e9gezt\u00e9vel elkezdt\u00e9k ler\u00e1ntani a leplet a nagyobb versenyek j\u00f6v\u0151 \u00e9vi \u00fatvonalair\u00f3l. <\/b><\/p>\n<p><!--more--><\/p>\n<p><span style=\"font-weight: 400;\">Az idei orsz\u00e1g\u00fati szezon \u00e9rdemi r\u00e9sze a Giro dell\u2019Emili\u00e1val lez\u00e1rult: a versenyt ki m\u00e1s, mint a t\u00f6rt\u00e9nelmi cs\u00facsid\u00e9nyt fut\u00f3 Tadej Poga\u010dar nyerte meg, m\u00edg Valter Attila is st\u00edlusosan, egy top 15-\u00f6s hellyel (14.) z\u00e1rta az eddigi legt\u00f6bb megtett kilom\u00e9tert hoz\u00f3 profi \u00e9v\u00e9t.\u00a0<\/span><\/p>\n<p><span style=\"font-weight: 400;\">\u00c9s hogy k\u00f6zben a figyelem a holtszezonban se lankadjon, a nagyobb versenyek szervez\u0151i m\u00e1ris elkezdt\u00e9k felvezetni j\u00f6v\u0151 \u00e9vi \u00fatvonalaikat. Arr\u00f3l m\u00e1r mi is \u00edrtunk kor\u00e1bban, hogy a Magyar K\u00f6rverseny sz\u00e1m\u00e1ra kiemelt lesz a 2025-\u00f6s esztend\u0151, hiszen sz\u00e1z\u00e9ves centen\u00e1rium\u00e1t \u00fcnnepli a Tour de Hongrie. Eisenkrammer K\u00e1roly f\u0151szervez\u0151 a napokban el\u00e1rulta, ennek megfelel\u0151en a nagy el\u0151d\u00f6k el\u0151tt tiszteleg majd a j\u00f6v\u0151 \u00e9vi viadal, amely ez\u00fattal hangs\u00falyosan dun\u00e1nt\u00fali helysz\u00ednekre \u00e9p\u00edt majd, \u00e9s m\u00e9g nem tudni pontosan, milyen form\u00e1ban, de fontos szerepet kap majd Budapest \u00e9s a Gell\u00e9rt t\u00e9r is, ahonnan anno 1925-ben rajtolt a TdH els\u0151 ki\u00edr\u00e1sa. A f\u0151szervez\u0151 hozz\u00e1tette, k\u00fcl\u00f6n\u00f6sen az elm\u00falt k\u00e9t \u00e9vben m\u00e1r abszol\u00fat kiemelt figyelmet kapott az id\u0151 k\u00f6zben ProSeries-kateg\u00f3ri\u00e1ba felugr\u00f3 verseny, amely id\u00e9n \u00fajabb szintet l\u00e9pett a k\u00e9t visszavonul\u00f3 vil\u00e1gszt\u00e1r, a h\u00e1romszoros vil\u00e1gbajnok szlov\u00e1k Peter Sagan, valamint a t\u00f6rt\u00e9nelmi Tour de France-rekordd\u00f6nt\u00e9sre egy kazincbarcikai sprintsikerrel hangol\u00f3 Mark Cavendish magyarorsz\u00e1gi r\u00e9szv\u00e9tel\u00e9vel. A szintb\u0151l pedig innent\u0151l m\u00e1r nem szeretn\u00e9nek leadni: Eisenkrammer elmond\u00e1sa szerint m\u00e1r a konkr\u00e9t id\u0151pont (m\u00e1jus 14-18.) bejelent\u00e9se el\u0151tt is WorldTour-csapatok \u00e9rdekl\u0151dtek a r\u00e9szv\u00e9tel ir\u00e1nt, \u00fagyhogy a jubileumi 2025-\u00f6s versenyen is illusztris mez\u0151nyre sz\u00e1m\u00edthatunk, ahova ism\u00e9t megpr\u00f3b\u00e1lj\u00e1k majd visszahozni a magyar k\u00f6rt 2020-ban eml\u00e9kezetes m\u00f3don megnyer\u0151 k\u00f6z\u00f6ns\u00e9gkedvenc\u00fcnket, az ut\u00f3bbi \u00e9vekben a TdH-val egybees\u0151 Gir\u00f3n indul\u00f3 Valter Attil\u00e1t. <\/span><\/p>\n<figure id=\"attachment_18804\" aria-describedby=\"caption-attachment-18804\" style=\"width: 2048px\" class=\"wp-caption alignnone\"><a href=\"https:\/\/d2p6e6u75xmxt8.cloudfront.net\/12\/2024\/10\/200902-1621_TDH_5sz_VZ_1229.webp\"><img loading=\"lazy\" decoding=\"async\" class=\"size-full wp-image-18804\" src=\"https:\/\/d2p6e6u75xmxt8.cloudfront.net\/12\/2024\/10\/200902-1621_TDH_5sz_VZ_1229.webp\" alt=\"\" width=\"2048\" height=\"1365\" srcset=\"https:\/\/d2p6e6u75xmxt8.cloudfront.net\/12\/2024\/10\/200902-1621_TDH_5sz_VZ_1229.webp 2048w, https:\/\/d2p6e6u75xmxt8.cloudfront.net\/12\/2024\/10\/200902-1621_TDH_5sz_VZ_1229-300x200.webp 300w, https:\/\/d2p6e6u75xmxt8.cloudfront.net\/12\/2024\/10\/200902-1621_TDH_5sz_VZ_1229-1024x683.webp 1024w, https:\/\/d2p6e6u75xmxt8.cloudfront.net\/12\/2024\/10\/200902-1621_TDH_5sz_VZ_1229-768x512.webp 768w, https:\/\/d2p6e6u75xmxt8.cloudfront.net\/12\/2024\/10\/200902-1621_TDH_5sz_VZ_1229-1536x1024.webp 1536w, https:\/\/d2p6e6u75xmxt8.cloudfront.net\/12\/2024\/10\/200902-1621_TDH_5sz_VZ_1229-1920x1280.webp 1920w, https:\/\/d2p6e6u75xmxt8.cloudfront.net\/12\/2024\/10\/200902-1621_TDH_5sz_VZ_1229-400x267.webp 400w, https:\/\/d2p6e6u75xmxt8.cloudfront.net\/12\/2024\/10\/200902-1621_TDH_5sz_VZ_1229-272x182.webp 272w, https:\/\/d2p6e6u75xmxt8.cloudfront.net\/12\/2024\/10\/200902-1621_TDH_5sz_VZ_1229-1920x1280.webp 1920w\" sizes=\"auto, (max-width: 2048px) 100vw, 2048px\" \/><\/a><figcaption id=\"caption-attachment-18804\" class=\"wp-caption-text\">fot\u00f3: tdh.hu\/Vanik Zolt\u00e1n<\/figcaption><\/figure>\n<p><span style=\"font-weight: 400;\">A TdH pontos \u00fatvonala m\u00e9g v\u00e1rat mag\u00e1ra, a Tour de France szervez\u0151brig\u00e1dja viszont m\u00e1r teljesen ler\u00e1ntotta a leplet a j\u00f6v\u0151 \u00e9vi menetrendr\u0151l. A vil\u00e1g legnagyobb ker\u00e9kp\u00e1rversenye ez\u00fattal \u00c9szak-Franciaorsz\u00e1gb\u00f3l, Lille-b\u0151l rajtol majd a Grand D\u00e9part-ral j\u00falius \u00f6t\u00f6dik\u00e9n, vagyis zsin\u00f3rban h\u00e1rom k\u00fclf\u00f6ldi (Koppenh\u00e1ga, Bilbao, Firenze) nagy rajt ut\u00e1n \u00fajra Franciaorsz\u00e1gb\u00f3l startol majd a verseny egy sprintszakasszal. A nyit\u00f3 \u201eh\u00e9t\u201d \u00e9rdekes lesz: az\u00e9rt az id\u00e9z\u0151jel, mert az els\u0151 pihen\u0151nap csak a 10. szakasz ut\u00e1n j\u00f6n majd, a verseny jobb\u00e1ra s\u00edk els\u0151 harmada tartalmaz egy 33 km-es egy\u00e9ni id\u0151futamot az \u00f6t\u00f6dik etapon, majd ott lesz a Mur de Bretagne is, z\u00e1r\u00e1sul viszont egy k\u0151kem\u00e9ny hegyi szakasszal \u00e9s befut\u00f3val, \u00f6sszesen h\u00e9t(!) kategoriz\u00e1lt emelked\u0151vel meleg\u00edtenek a brut\u00e1lis m\u00e1sodik h\u00e9tre.<\/span><\/p>\n<figure id=\"attachment_18801\" aria-describedby=\"caption-attachment-18801\" style=\"width: 1260px\" class=\"wp-caption alignnone\"><a href=\"https:\/\/d2p6e6u75xmxt8.cloudfront.net\/12\/2024\/10\/MjAxNzEwMWFiOTAxZjI1N2ZjZWYzOTI2YmQyZjBkYTI4OTNmMjU.webp\"><img loading=\"lazy\" decoding=\"async\" class=\"size-full wp-image-18801\" src=\"https:\/\/d2p6e6u75xmxt8.cloudfront.net\/12\/2024\/10\/MjAxNzEwMWFiOTAxZjI1N2ZjZWYzOTI2YmQyZjBkYTI4OTNmMjU.webp\" alt=\"\" width=\"1260\" height=\"708\" srcset=\"https:\/\/d2p6e6u75xmxt8.cloudfront.net\/12\/2024\/10\/MjAxNzEwMWFiOTAxZjI1N2ZjZWYzOTI2YmQyZjBkYTI4OTNmMjU.webp 1260w, https:\/\/d2p6e6u75xmxt8.cloudfront.net\/12\/2024\/10\/MjAxNzEwMWFiOTAxZjI1N2ZjZWYzOTI2YmQyZjBkYTI4OTNmMjU-300x169.webp 300w, https:\/\/d2p6e6u75xmxt8.cloudfront.net\/12\/2024\/10\/MjAxNzEwMWFiOTAxZjI1N2ZjZWYzOTI2YmQyZjBkYTI4OTNmMjU-1024x575.webp 1024w, https:\/\/d2p6e6u75xmxt8.cloudfront.net\/12\/2024\/10\/MjAxNzEwMWFiOTAxZjI1N2ZjZWYzOTI2YmQyZjBkYTI4OTNmMjU-768x432.webp 768w, https:\/\/d2p6e6u75xmxt8.cloudfront.net\/12\/2024\/10\/MjAxNzEwMWFiOTAxZjI1N2ZjZWYzOTI2YmQyZjBkYTI4OTNmMjU-400x225.webp 400w\" sizes=\"auto, (max-width: 1260px) 100vw, 1260px\" \/><\/a><figcaption id=\"caption-attachment-18801\" class=\"wp-caption-text\">Mur de Bretagne ikonikus helysz\u00edne a Tournak (forr\u00e1s: Ouest-France)<\/figcaption><\/figure>\n<p><span style=\"font-weight: 400;\">Amely cser\u00e9be csup\u00e1n \u00f6t napot \u00f6lel majd fel, de ez id\u0151 alatt megm\u00e1ssz\u00e1k az Hautacamot, majd a Peyragudes-t egy hegyi id\u0151futam keret\u00e9n bel\u00fcl, hogy azt\u00e1n mintegy \u201elevezet\u00e9sk\u00e9nt\u201d j\u00f6jj\u00f6n a Superbagneres \u00e9s Carcassonne. A montpellier-i m\u00e1sodik sz\u00fcnnap ut\u00e1n pedig a legend\u00e1s Mont Ventoux is visszat\u00e9r a programba: ezen a cs\u00facson 2016 \u00f3ta nem rendeztek hegyi befut\u00f3t, az az alkalom roppant eml\u00e9kezetesre sikeredett, legink\u00e1bb csak \u201eFroome fut\u00e1sak\u00e9nt\u201d h\u00edres\u00fclt el\u2026 A szervez\u0151k a marad\u00e9k \u00f6t napba is beles\u0171r\u00edtettek m\u00e9g k\u00e9t kem\u00e9ny hegyet, ez azt jelenti, hogy ak\u00e1r a 19. etapig is teljesen ny\u00edlt maradhat az \u00f6sszetett verseny, m\u00edg v\u00e9g\u00fcl egy\u00e9ves kihagy\u00e1s \u00e9s az olimpi\u00e1val val\u00f3 \u201e\u00fctk\u00f6z\u00e9s\u201d ut\u00e1n j\u00f6v\u0151re term\u00e9szetesen ism\u00e9t P\u00e1rizsba, a Champs \u00c9lys\u00e9es-n kijel\u00f6lt c\u00e9lba t\u00e9r vissza a Tour karav\u00e1nja.\u00a0\u00a0<\/span><\/p>\n<p><span style=\"font-weight: 400;\">Az \u00fatvonal teh\u00e1t egy\u00e1ltal\u00e1n nem k\u00f6nny\u0171, a legfontosabb k\u00e9rd\u00e9s viszont minden bizonnyal ugyanaz marad: siker\u00fcl-e valakinek meg\u00e1ll\u00edtani a 2024-ben meg\u00e1ll\u00edthatatlan szlov\u00e9n sz\u00f6rnyet, a j\u00f3form\u00e1n mindent megnyer\u0151 Tadej Poga\u010dart?!<\/span><\/p>\n<figure id=\"attachment_18803\" aria-describedby=\"caption-attachment-18803\" style=\"width: 1200px\" class=\"wp-caption alignnone\"><a href=\"https:\/\/d2p6e6u75xmxt8.cloudfront.net\/12\/2024\/10\/1894370-39883240-2560-1440.webp\"><img loading=\"lazy\" decoding=\"async\" class=\"size-full wp-image-18803\" src=\"https:\/\/d2p6e6u75xmxt8.cloudfront.net\/12\/2024\/10\/1894370-39883240-2560-1440.webp\" alt=\"\" width=\"1200\" height=\"675\" srcset=\"https:\/\/d2p6e6u75xmxt8.cloudfront.net\/12\/2024\/10\/1894370-39883240-2560-1440.webp 1200w, https:\/\/d2p6e6u75xmxt8.cloudfront.net\/12\/2024\/10\/1894370-39883240-2560-1440-300x169.webp 300w, https:\/\/d2p6e6u75xmxt8.cloudfront.net\/12\/2024\/10\/1894370-39883240-2560-1440-1024x576.webp 1024w, https:\/\/d2p6e6u75xmxt8.cloudfront.net\/12\/2024\/10\/1894370-39883240-2560-1440-768x432.webp 768w, https:\/\/d2p6e6u75xmxt8.cloudfront.net\/12\/2024\/10\/1894370-39883240-2560-1440-400x225.webp 400w\" sizes=\"auto, (max-width: 1200px) 100vw, 1200px\" \/><\/a><figcaption id=\"caption-attachment-18803\" class=\"wp-caption-text\">Eml\u00e9kezetes jelenetsorok: a s\u00e1rga trik\u00f3s Chris Froome szalad bring\u00e1j\u00e1t h\u00e1trahagyva a Mont Ventoux befut\u00f3ja fel\u00e9 2016-ban (fot\u00f3: Getty Images: Dario Belingheri)<\/figcaption><\/figure>\n","protected":false},"excerpt":{"rendered":"<p>Az orsz\u00e1g\u00fati szezon v\u00e9gezt\u00e9vel elkezdt\u00e9k ler\u00e1ntani a leplet a nagyobb versenyek j\u00f6v\u0151 \u00e9vi \u00fatvonalair\u00f3l.<\/p>\n","protected":false},"author":145,"featured_media":18802,"comment_status":"open","ping_status":"open","sticky":false,"template":"","format":"standard","meta":{"footnotes":""},"categories":[8],"tags":[],"global-categories":[419],"class_list":["post-18800","post","type-post","status-publish","format-standard","has-post-thumbnail","hentry","category-orszaguti-kerekpar","global-categories-cycling"],"yoast_head":"<!-- This site is optimized with the Yoast SEO Premium plugin v25.3 (Yoast SEO v25.9) - https:\/\/yoast.com\/wordpress\/plugins\/seo\/ -->\n<title>Az 1925-\u00f6s els\u0151 ki\u00edr\u00e1s el\u0151tt tiszteleg a Tour de Hongrie centen\u00e1riumi \u00fatvonala, a Tour de France-on is izzad majd a mez\u0151ny - \u0160koda We Love Cycling - Magyarorsz\u00e1g<\/title>\n<meta name=\"robots\" content=\"index, follow, max-snippet:-1, max-image-preview:large, max-video-preview:-1\" \/>\n<link rel=\"canonical\" href=\"https:\/\/www.welovecycling.com\/hu\/orszaguti-kerekpar\/az-1925-os-elso-kiiras-elott-tiszteleg-a-tour-de-hongrie-centenariumi-utvonala-a-tour-de-france-on-is-izzad-majd-a-mezony\/\" \/>\n<meta property=\"og:locale\" content=\"hu_HU\" \/>\n<meta property=\"og:type\" content=\"article\" \/>\n<meta property=\"og:title\" content=\"Az 1925-\u00f6s els\u0151 ki\u00edr\u00e1s el\u0151tt tiszteleg a Tour de Hongrie centen\u00e1riumi \u00fatvonala, a Tour de France-on is izzad majd a mez\u0151ny\" \/>\n<meta property=\"og:description\" content=\"Az orsz\u00e1g\u00fati szezon v\u00e9gezt\u00e9vel elkezdt\u00e9k ler\u00e1ntani a leplet a nagyobb versenyek j\u00f6v\u0151 \u00e9vi \u00fatvonalair\u00f3l.\" \/>\n<meta property=\"og:url\" content=\"https:\/\/www.welovecycling.com\/hu\/orszaguti-kerekpar\/az-1925-os-elso-kiiras-elott-tiszteleg-a-tour-de-hongrie-centenariumi-utvonala-a-tour-de-france-on-is-izzad-majd-a-mezony\/\" \/>\n<meta property=\"og:site_name\" content=\"\u0160koda We Love Cycling - Magyarorsz\u00e1g\" \/>\n<meta property=\"article:publisher\" content=\"https:\/\/www.facebook.com\/WeLoveCyclingHungary\/\" \/>\n<meta property=\"article:published_time\" content=\"2024-10-31T09:22:07+00:00\" \/>\n<meta property=\"og:image\" content=\"https:\/\/d2p6e6u75xmxt8.cloudfront.net\/12\/2024\/10\/image-1714726220-884771269.webp\" \/>\n\t<meta property=\"og:image:width\" content=\"2000\" \/>\n\t<meta property=\"og:image:height\" content=\"1332\" \/>\n\t<meta property=\"og:image:type\" content=\"image\/webp\" \/>\n<meta name=\"author\" content=\"kitti\" \/>\n<meta name=\"twitter:card\" content=\"summary_large_image\" \/>\n<meta name=\"twitter:label1\" content=\"Written by\" \/>\n\t<meta name=\"twitter:data1\" content=\"We Love Cycling\" \/>\n\t<meta name=\"twitter:label2\" content=\"Est. reading time\" \/>\n\t<meta name=\"twitter:data2\" content=\"4 minutes\" \/>\n<script type=\"application\/ld+json\" class=\"yoast-schema-graph\">{\"@context\":\"https:\/\/schema.org\",\"@graph\":[{\"@type\":\"WebPage\",\"@id\":\"https:\/\/www.welovecycling.com\/hu\/orszaguti-kerekpar\/az-1925-os-elso-kiiras-elott-tiszteleg-a-tour-de-hongrie-centenariumi-utvonala-a-tour-de-france-on-is-izzad-majd-a-mezony\/\",\"url\":\"https:\/\/www.welovecycling.com\/hu\/orszaguti-kerekpar\/az-1925-os-elso-kiiras-elott-tiszteleg-a-tour-de-hongrie-centenariumi-utvonala-a-tour-de-france-on-is-izzad-majd-a-mezony\/\",\"name\":\"Az 1925-\u00f6s els\u0151 ki\u00edr\u00e1s el\u0151tt tiszteleg a Tour de Hongrie centen\u00e1riumi \u00fatvonala, a Tour de France-on is izzad majd a mez\u0151ny - \u0160koda We Love Cycling - Magyarorsz\u00e1g\",\"isPartOf\":{\"@id\":\"https:\/\/www.welovecycling.com\/hu\/#website\"},\"primaryImageOfPage\":{\"@id\":\"https:\/\/www.welovecycling.com\/hu\/orszaguti-kerekpar\/az-1925-os-elso-kiiras-elott-tiszteleg-a-tour-de-hongrie-centenariumi-utvonala-a-tour-de-france-on-is-izzad-majd-a-mezony\/#primaryimage\"},\"image\":{\"@id\":\"https:\/\/www.welovecycling.com\/hu\/orszaguti-kerekpar\/az-1925-os-elso-kiiras-elott-tiszteleg-a-tour-de-hongrie-centenariumi-utvonala-a-tour-de-france-on-is-izzad-majd-a-mezony\/#primaryimage\"},\"thumbnailUrl\":\"https:\/\/d2p6e6u75xmxt8.cloudfront.net\/12\/2024\/10\/image-1714726220-884771269.webp\",\"datePublished\":\"2024-10-31T09:22:07+00:00\",\"author\":{\"@id\":\"https:\/\/www.welovecycling.com\/hu\/#\/schema\/person\/bec7dcdbcc59f58489cf603e4040ced1\"},\"breadcrumb\":{\"@id\":\"https:\/\/www.welovecycling.com\/hu\/orszaguti-kerekpar\/az-1925-os-elso-kiiras-elott-tiszteleg-a-tour-de-hongrie-centenariumi-utvonala-a-tour-de-france-on-is-izzad-majd-a-mezony\/#breadcrumb\"},\"inLanguage\":\"hu\",\"potentialAction\":[{\"@type\":\"ReadAction\",\"target\":[\"https:\/\/www.welovecycling.com\/hu\/orszaguti-kerekpar\/az-1925-os-elso-kiiras-elott-tiszteleg-a-tour-de-hongrie-centenariumi-utvonala-a-tour-de-france-on-is-izzad-majd-a-mezony\/\"]}]},{\"@type\":\"ImageObject\",\"inLanguage\":\"hu\",\"@id\":\"https:\/\/www.welovecycling.com\/hu\/orszaguti-kerekpar\/az-1925-os-elso-kiiras-elott-tiszteleg-a-tour-de-hongrie-centenariumi-utvonala-a-tour-de-france-on-is-izzad-majd-a-mezony\/#primaryimage\",\"url\":\"https:\/\/d2p6e6u75xmxt8.cloudfront.net\/12\/2024\/10\/image-1714726220-884771269.webp\",\"contentUrl\":\"https:\/\/d2p6e6u75xmxt8.cloudfront.net\/12\/2024\/10\/image-1714726220-884771269.webp\",\"width\":2000,\"height\":1332},{\"@type\":\"BreadcrumbList\",\"@id\":\"https:\/\/www.welovecycling.com\/hu\/orszaguti-kerekpar\/az-1925-os-elso-kiiras-elott-tiszteleg-a-tour-de-hongrie-centenariumi-utvonala-a-tour-de-france-on-is-izzad-majd-a-mezony\/#breadcrumb\",\"itemListElement\":[{\"@type\":\"ListItem\",\"position\":1,\"name\":\"Home\",\"item\":\"https:\/\/www.welovecycling.com\/hu\/\"},{\"@type\":\"ListItem\",\"position\":2,\"name\":\"Az 1925-\u00f6s els\u0151 ki\u00edr\u00e1s el\u0151tt tiszteleg a Tour de Hongrie centen\u00e1riumi \u00fatvonala, a Tour de France-on is izzad majd a mez\u0151ny\"}]},{\"@type\":\"WebSite\",\"@id\":\"https:\/\/www.welovecycling.com\/hu\/#website\",\"url\":\"https:\/\/www.welovecycling.com\/hu\/\",\"name\":\"\u0160koda We Love Cycling - Magyarorsz\u00e1g\",\"description\":\"\u0160koda WeLoveCycling\",\"potentialAction\":[{\"@type\":\"SearchAction\",\"target\":{\"@type\":\"EntryPoint\",\"urlTemplate\":\"https:\/\/www.welovecycling.com\/hu\/?s={search_term_string}\"},\"query-input\":{\"@type\":\"PropertyValueSpecification\",\"valueRequired\":true,\"valueName\":\"search_term_string\"}}],\"inLanguage\":\"hu\"},{\"@type\":\"Person\",\"@id\":\"https:\/\/www.welovecycling.com\/hu\/#\/schema\/person\/bec7dcdbcc59f58489cf603e4040ced1\",\"name\":\"kitti\",\"image\":{\"@type\":\"ImageObject\",\"inLanguage\":\"hu\",\"@id\":\"https:\/\/www.welovecycling.com\/hu\/#\/schema\/person\/image\/\",\"url\":\"https:\/\/secure.gravatar.com\/avatar\/e3196a110e1b57b96f56d92d10ce9bb4e9d7210076832a16243337e949410b52?s=96&d=mm&r=g\",\"contentUrl\":\"https:\/\/secure.gravatar.com\/avatar\/e3196a110e1b57b96f56d92d10ce9bb4e9d7210076832a16243337e949410b52?s=96&d=mm&r=g\",\"caption\":\"kitti\"},\"url\":\"https:\/\/www.welovecycling.com\/hu\/author\/kitti\/\"}]}<\/script>\n<!-- \/ Yoast SEO Premium plugin. -->","yoast_head_json":{"title":"Az 1925-\u00f6s els\u0151 ki\u00edr\u00e1s el\u0151tt tiszteleg a Tour de Hongrie centen\u00e1riumi \u00fatvonala, a Tour de France-on is izzad majd a mez\u0151ny - \u0160koda We Love Cycling - Magyarorsz\u00e1g","robots":{"index":"index","follow":"follow","max-snippet":"max-snippet:-1","max-image-preview":"max-image-preview:large","max-video-preview":"max-video-preview:-1"},"canonical":"https:\/\/www.welovecycling.com\/hu\/orszaguti-kerekpar\/az-1925-os-elso-kiiras-elott-tiszteleg-a-tour-de-hongrie-centenariumi-utvonala-a-tour-de-france-on-is-izzad-majd-a-mezony\/","og_locale":"hu_HU","og_type":"article","og_title":"Az 1925-\u00f6s els\u0151 ki\u00edr\u00e1s el\u0151tt tiszteleg a Tour de Hongrie centen\u00e1riumi \u00fatvonala, a Tour de France-on is izzad majd a mez\u0151ny","og_description":"Az orsz\u00e1g\u00fati szezon v\u00e9gezt\u00e9vel elkezdt\u00e9k ler\u00e1ntani a leplet a nagyobb versenyek j\u00f6v\u0151 \u00e9vi \u00fatvonalair\u00f3l.","og_url":"https:\/\/www.welovecycling.com\/hu\/orszaguti-kerekpar\/az-1925-os-elso-kiiras-elott-tiszteleg-a-tour-de-hongrie-centenariumi-utvonala-a-tour-de-france-on-is-izzad-majd-a-mezony\/","og_site_name":"\u0160koda We Love Cycling - Magyarorsz\u00e1g","article_publisher":"https:\/\/www.facebook.com\/WeLoveCyclingHungary\/","article_published_time":"2024-10-31T09:22:07+00:00","og_image":[{"width":2000,"height":1332,"url":"https:\/\/d2p6e6u75xmxt8.cloudfront.net\/12\/2024\/10\/image-1714726220-884771269.webp","type":"image\/webp"}],"author":"kitti","twitter_card":"summary_large_image","twitter_misc":{"Written by":"We Love Cycling","Est. reading time":"4 minutes"},"schema":{"@context":"https:\/\/schema.org","@graph":[{"@type":"WebPage","@id":"https:\/\/www.welovecycling.com\/hu\/orszaguti-kerekpar\/az-1925-os-elso-kiiras-elott-tiszteleg-a-tour-de-hongrie-centenariumi-utvonala-a-tour-de-france-on-is-izzad-majd-a-mezony\/","url":"https:\/\/www.welovecycling.com\/hu\/orszaguti-kerekpar\/az-1925-os-elso-kiiras-elott-tiszteleg-a-tour-de-hongrie-centenariumi-utvonala-a-tour-de-france-on-is-izzad-majd-a-mezony\/","name":"Az 1925-\u00f6s els\u0151 ki\u00edr\u00e1s el\u0151tt tiszteleg a Tour de Hongrie centen\u00e1riumi \u00fatvonala, a Tour de France-on is izzad majd a mez\u0151ny - \u0160koda We Love Cycling - Magyarorsz\u00e1g","isPartOf":{"@id":"https:\/\/www.welovecycling.com\/hu\/#website"},"primaryImageOfPage":{"@id":"https:\/\/www.welovecycling.com\/hu\/orszaguti-kerekpar\/az-1925-os-elso-kiiras-elott-tiszteleg-a-tour-de-hongrie-centenariumi-utvonala-a-tour-de-france-on-is-izzad-majd-a-mezony\/#primaryimage"},"image":{"@id":"https:\/\/www.welovecycling.com\/hu\/orszaguti-kerekpar\/az-1925-os-elso-kiiras-elott-tiszteleg-a-tour-de-hongrie-centenariumi-utvonala-a-tour-de-france-on-is-izzad-majd-a-mezony\/#primaryimage"},"thumbnailUrl":"https:\/\/d2p6e6u75xmxt8.cloudfront.net\/12\/2024\/10\/image-1714726220-884771269.webp","datePublished":"2024-10-31T09:22:07+00:00","author":{"@id":"https:\/\/www.welovecycling.com\/hu\/#\/schema\/person\/bec7dcdbcc59f58489cf603e4040ced1"},"breadcrumb":{"@id":"https:\/\/www.welovecycling.com\/hu\/orszaguti-kerekpar\/az-1925-os-elso-kiiras-elott-tiszteleg-a-tour-de-hongrie-centenariumi-utvonala-a-tour-de-france-on-is-izzad-majd-a-mezony\/#breadcrumb"},"inLanguage":"hu","potentialAction":[{"@type":"ReadAction","target":["https:\/\/www.welovecycling.com\/hu\/orszaguti-kerekpar\/az-1925-os-elso-kiiras-elott-tiszteleg-a-tour-de-hongrie-centenariumi-utvonala-a-tour-de-france-on-is-izzad-majd-a-mezony\/"]}]},{"@type":"ImageObject","inLanguage":"hu","@id":"https:\/\/www.welovecycling.com\/hu\/orszaguti-kerekpar\/az-1925-os-elso-kiiras-elott-tiszteleg-a-tour-de-hongrie-centenariumi-utvonala-a-tour-de-france-on-is-izzad-majd-a-mezony\/#primaryimage","url":"https:\/\/d2p6e6u75xmxt8.cloudfront.net\/12\/2024\/10\/image-1714726220-884771269.webp","contentUrl":"https:\/\/d2p6e6u75xmxt8.cloudfront.net\/12\/2024\/10\/image-1714726220-884771269.webp","width":2000,"height":1332},{"@type":"BreadcrumbList","@id":"https:\/\/www.welovecycling.com\/hu\/orszaguti-kerekpar\/az-1925-os-elso-kiiras-elott-tiszteleg-a-tour-de-hongrie-centenariumi-utvonala-a-tour-de-france-on-is-izzad-majd-a-mezony\/#breadcrumb","itemListElement":[{"@type":"ListItem","position":1,"name":"Home","item":"https:\/\/www.welovecycling.com\/hu\/"},{"@type":"ListItem","position":2,"name":"Az 1925-\u00f6s els\u0151 ki\u00edr\u00e1s el\u0151tt tiszteleg a Tour de Hongrie centen\u00e1riumi \u00fatvonala, a Tour de France-on is izzad majd a mez\u0151ny"}]},{"@type":"WebSite","@id":"https:\/\/www.welovecycling.com\/hu\/#website","url":"https:\/\/www.welovecycling.com\/hu\/","name":"\u0160koda We Love Cycling - Magyarorsz\u00e1g","description":"\u0160koda WeLoveCycling","potentialAction":[{"@type":"SearchAction","target":{"@type":"EntryPoint","urlTemplate":"https:\/\/www.welovecycling.com\/hu\/?s={search_term_string}"},"query-input":{"@type":"PropertyValueSpecification","valueRequired":true,"valueName":"search_term_string"}}],"inLanguage":"hu"},{"@type":"Person","@id":"https:\/\/www.welovecycling.com\/hu\/#\/schema\/person\/bec7dcdbcc59f58489cf603e4040ced1","name":"kitti","image":{"@type":"ImageObject","inLanguage":"hu","@id":"https:\/\/www.welovecycling.com\/hu\/#\/schema\/person\/image\/","url":"https:\/\/secure.gravatar.com\/avatar\/e3196a110e1b57b96f56d92d10ce9bb4e9d7210076832a16243337e949410b52?s=96&d=mm&r=g","contentUrl":"https:\/\/secure.gravatar.com\/avatar\/e3196a110e1b57b96f56d92d10ce9bb4e9d7210076832a16243337e949410b52?s=96&d=mm&r=g","caption":"kitti"},"url":"https:\/\/www.welovecycling.com\/hu\/author\/kitti\/"}]}},"_links":{"self":[{"href":"https:\/\/www.welovecycling.com\/hu\/wp-json\/wp\/v2\/posts\/18800","targetHints":{"allow":["GET"]}}],"collection":[{"href":"https:\/\/www.welovecycling.com\/hu\/wp-json\/wp\/v2\/posts"}],"about":[{"href":"https:\/\/www.welovecycling.com\/hu\/wp-json\/wp\/v2\/types\/post"}],"author":[{"embeddable":true,"href":"https:\/\/www.welovecycling.com\/hu\/wp-json\/wp\/v2\/users\/145"}],"replies":[{"embeddable":true,"href":"https:\/\/www.welovecycling.com\/hu\/wp-json\/wp\/v2\/comments?post=18800"}],"version-history":[{"count":1,"href":"https:\/\/www.welovecycling.com\/hu\/wp-json\/wp\/v2\/posts\/18800\/revisions"}],"predecessor-version":[{"id":18805,"href":"https:\/\/www.welovecycling.com\/hu\/wp-json\/wp\/v2\/posts\/18800\/revisions\/18805"}],"wp:featuredmedia":[{"embeddable":true,"href":"https:\/\/www.welovecycling.com\/hu\/wp-json\/wp\/v2\/media\/18802"}],"wp:attachment":[{"href":"https:\/\/www.welovecycling.com\/hu\/wp-json\/wp\/v2\/media?parent=18800"}],"wp:term":[{"taxonomy":"category","embeddable":true,"href":"https:\/\/www.welovecycling.com\/hu\/wp-json\/wp\/v2\/categories?post=18800"},{"taxonomy":"post_tag","embeddable":true,"href":"https:\/\/www.welovecycling.com\/hu\/wp-json\/wp\/v2\/tags?post=18800"},{"taxonomy":"global-categories","embeddable":true,"href":"https:\/\/www.welovecycling.com\/hu\/wp-json\/wp\/v2\/global-categories?post=18800"}],"curies":[{"name":"wp","href":"https:\/\/api.w.org\/{rel}","templated":true}]}}