{"id":188,"date":"2018-02-11T14:39:34","date_gmt":"2018-02-11T14:39:34","guid":{"rendered":"https:\/\/www.welovecycling.com\/hu\/?p=188"},"modified":"2018-04-03T15:55:58","modified_gmt":"2018-04-03T15:55:58","slug":"10-ok-amiert-a-bicikli-jobb-mint-egy-pasi","status":"publish","type":"post","link":"https:\/\/www.welovecycling.com\/hu\/varosi-kerekparozas\/10-ok-amiert-a-bicikli-jobb-mint-egy-pasi\/","title":{"rendered":"10 ok, ami\u00e9rt a bicikli jobb, mint egy pasi"},"content":{"rendered":"<p><strong>Rendben, sz\u00f3val mindenki panaszkodik a partner\u00e9r\u0151l. V\u00e9gt\u00e9re senki nem t\u00f6k\u00e9letes, ugye? A ker\u00e9kp\u00e1rok viszont hasonl\u00edtanak a t\u00f6k\u00e9letes partnerhez. Itt van t\u00edz ok, mi\u00e9rt:<\/strong><!--more--><\/p>\n<p><strong>1. A te kezedben van a korm\u00e1ny &#8211; nem kell azon vitatkozni, melyik \u00e9tterembe menjetek.<\/strong><\/p>\n<p><img loading=\"lazy\" decoding=\"async\" class=\"alignnone size-full wp-image-189\" src=\"https:\/\/d2p6e6u75xmxt8.cloudfront.net\/12\/2018\/03\/marathon-bike-gif-food-2358803.gif\" alt=\"\" width=\"408\" height=\"229\" \/><\/p>\n<p><strong>2. A ker\u00e9kp\u00e1rodnak te vagy a \u201enagy \u0150\u201d &#8211; a bringa t\u00f6r\u0151d\u00e9st \u00e9s figyelmet ig\u00e9nyel, de cser\u00e9be te vagy n\u00e1la az els\u0151.<\/strong><\/p>\n<p><img loading=\"lazy\" decoding=\"async\" class=\"alignnone size-full wp-image-191\" src=\"https:\/\/d2p6e6u75xmxt8.cloudfront.net\/12\/2018\/03\/girls-riding-bikes.gif\" alt=\"\" width=\"500\" height=\"200\" \/><\/p>\n<p><strong>3. Nem mindig a bring\u00e1r\u00f3l van sz\u00f3 &#8211; a ker\u00e9kp\u00e1r nem besz\u00e9l folyamatosan mag\u00e1r\u00f3l. Val\u00f3j\u00e1ban nem b\u00e1nja, ha magadr\u00f3l akarsz besz\u00e9lni \u00e9s esetleg az \u00e9rz\u00e9seid is megosztod.<\/strong><\/p>\n<p><img loading=\"lazy\" decoding=\"async\" class=\"alignnone size-full wp-image-193\" src=\"https:\/\/d2p6e6u75xmxt8.cloudfront.net\/12\/2018\/03\/giphy-3.gif\" alt=\"\" width=\"500\" height=\"270\" \/><\/p>\n<p><strong>4. A ker\u00e9kp\u00e1r nem foglalt &#8211; \u00e9rt\u00e9keli az id\u0151det, \u00e9s mindig ott van, ha sz\u00fcks\u00e9ged van r\u00e1.<\/strong><\/p>\n<p><img loading=\"lazy\" decoding=\"async\" class=\"alignnone size-full wp-image-195\" src=\"https:\/\/d2p6e6u75xmxt8.cloudfront.net\/12\/2018\/03\/tumblr_lw2j38EZ9E1qalg37o1_250.gif\" alt=\"\" width=\"250\" height=\"170\" \/><\/p>\n<p><strong>5. A ker\u00e9kp\u00e1r mindig k\u00e9szen \u00e1ll a pozit\u00edv v\u00e1ltoz\u00e1sokra. Ha be akarod \u00e1ll\u00edtani a f\u00e9ket, akkor nem mond 10 okot, hogy ne \u00e1ll\u00edtsd be, vagy nem kezd el arr\u00f3l panaszkodni, hogy mindig megpr\u00f3b\u00e1lod megv\u00e1ltoztatni.<\/strong><\/p>\n<p><img loading=\"lazy\" decoding=\"async\" class=\"alignnone size-full wp-image-197\" src=\"https:\/\/d2p6e6u75xmxt8.cloudfront.net\/12\/2018\/03\/giphy1.gif\" alt=\"giphy1\" width=\"320\" height=\"220\" \/><\/p>\n<p><strong>6. A ker\u00e9kp\u00e1r ugyanolyan spont\u00e1n, mint te. B\u00e1rmikor kiugrik veled az utols\u00f3 pillanatban, akkor is, ha \u00e9pp egy izgalmas meccs megy a t\u00e9v\u00e9ben.<\/strong><\/p>\n<p><img loading=\"lazy\" decoding=\"async\" class=\"alignnone size-full wp-image-199\" src=\"https:\/\/d2p6e6u75xmxt8.cloudfront.net\/12\/2018\/03\/5ce1819bc385ae9aeb29dc9ea342c115.gif\" alt=\"5ce1819bc385ae9aeb29dc9ea342c115\" width=\"500\" height=\"271\" \/><\/p>\n<p><strong>7. A bring\u00e1d nem f\u00e9lt\u00e9keny, ha m\u00e1s bic\u00f3j\u00e1t dics\u00e9red.<\/strong><\/p>\n<p><img loading=\"lazy\" decoding=\"async\" class=\"alignnone size-full wp-image-201\" src=\"https:\/\/d2p6e6u75xmxt8.cloudfront.net\/12\/2018\/03\/giphy-2.gif\" alt=\"\" width=\"335\" height=\"219\" \/><\/p>\n<p><strong>8. A biciklid nem horkol \u00e9s hagy aludni. Nem lopja el a takar\u00f3d vagy a helyed az \u00e1gyon.<\/strong><\/p>\n<p><a href=\"https:\/\/d2p6e6u75xmxt8.cloudfront.net\/12\/2018\/03\/giphy-downsized.gif\"><img loading=\"lazy\" decoding=\"async\" class=\"alignnone size-full wp-image-466\" src=\"https:\/\/d2p6e6u75xmxt8.cloudfront.net\/12\/2018\/03\/giphy-downsized.gif\" alt=\"\" width=\"500\" height=\"192\" \/><\/a><\/p>\n<p>&nbsp;<\/p>\n<p><strong>9. A ker\u00e9kp\u00e1rod annyi helyet \u00e9s id\u0151t ad neked, amennyire csak sz\u00fcks\u00e9ged van az \u00e9leted m\u00e1s ter\u00fcletein. Sz\u00edvesen leveg\u0151zik egyet a parkol\u00f3ban, am\u00edg tal\u00e1lkozol a bar\u00e1taiddal.<\/strong><\/p>\n<p><img loading=\"lazy\" decoding=\"async\" class=\"alignnone size-full wp-image-203\" src=\"https:\/\/d2p6e6u75xmxt8.cloudfront.net\/12\/2018\/03\/z7KZnsD.gif\" alt=\"\" width=\"499\" height=\"240\" \/><\/p>\n<p><strong>10. Nem kell kital\u00e1lnod vagy megk\u00e9rdezned, hogy mit \u00e9rez a biciklid.<\/strong><\/p>\n<p><img loading=\"lazy\" decoding=\"async\" class=\"alignnone size-full wp-image-205\" src=\"https:\/\/d2p6e6u75xmxt8.cloudfront.net\/12\/2018\/03\/tumblr_ma5dqrm5m01rfhsm0o1_500.gif\" alt=\"\" width=\"500\" height=\"289\" \/><\/p>\n","protected":false},"excerpt":{"rendered":"<p>Rendben, sz\u00f3val mindenki panaszkodik a partner\u00e9r\u0151l. V\u00e9gt\u00e9re senki nem t\u00f6k\u00e9letes, ugye? A ker\u00e9kp\u00e1rok viszont hasonl\u00edtanak a t\u00f6k\u00e9letes partnerhez. Itt van [&hellip;]<\/p>\n","protected":false},"author":71,"featured_media":207,"comment_status":"open","ping_status":"open","sticky":false,"template":"","format":"standard","meta":{"footnotes":""},"categories":[9],"tags":[],"global-categories":[],"class_list":["post-188","post","type-post","status-publish","format-standard","has-post-thumbnail","hentry","category-varosi-kerekparozas"],"yoast_head":"<!-- This site is optimized with the Yoast SEO Premium plugin v25.3 (Yoast SEO v25.9) - https:\/\/yoast.com\/wordpress\/plugins\/seo\/ -->\n<title>10 ok, ami\u00e9rt a bicikli jobb, mint egy pasi - \u0160koda We Love Cycling - Magyarorsz\u00e1g<\/title>\n<meta name=\"robots\" content=\"index, follow, max-snippet:-1, max-image-preview:large, max-video-preview:-1\" \/>\n<link rel=\"canonical\" href=\"https:\/\/www.welovecycling.com\/hu\/varosi-kerekparozas\/10-ok-amiert-a-bicikli-jobb-mint-egy-pasi\/\" \/>\n<meta property=\"og:locale\" content=\"hu_HU\" \/>\n<meta property=\"og:type\" content=\"article\" \/>\n<meta property=\"og:title\" content=\"10 ok, ami\u00e9rt a bicikli jobb, mint egy pasi\" \/>\n<meta property=\"og:description\" content=\"Rendben, sz\u00f3val mindenki panaszkodik a partner\u00e9r\u0151l. V\u00e9gt\u00e9re senki nem t\u00f6k\u00e9letes, ugye? A ker\u00e9kp\u00e1rok viszont hasonl\u00edtanak a t\u00f6k\u00e9letes partnerhez. Itt van [&hellip;]\" \/>\n<meta property=\"og:url\" content=\"https:\/\/www.welovecycling.com\/hu\/varosi-kerekparozas\/10-ok-amiert-a-bicikli-jobb-mint-egy-pasi\/\" \/>\n<meta property=\"og:site_name\" content=\"\u0160koda We Love Cycling - Magyarorsz\u00e1g\" \/>\n<meta property=\"article:publisher\" content=\"https:\/\/www.facebook.com\/WeLoveCyclingHungary\/\" \/>\n<meta property=\"article:published_time\" content=\"2018-02-11T14:39:34+00:00\" \/>\n<meta property=\"article:modified_time\" content=\"2018-04-03T15:55:58+00:00\" \/>\n<meta property=\"og:image\" content=\"https:\/\/d2p6e6u75xmxt8.cloudfront.net\/12\/2018\/03\/opener12.jpg\" \/>\n\t<meta property=\"og:image:width\" content=\"950\" \/>\n\t<meta property=\"og:image:height\" content=\"350\" \/>\n\t<meta property=\"og:image:type\" content=\"image\/jpeg\" \/>\n<meta name=\"author\" content=\"hegyizs\" \/>\n<meta name=\"twitter:card\" content=\"summary_large_image\" \/>\n<meta name=\"twitter:label1\" content=\"Written by\" \/>\n\t<meta name=\"twitter:data1\" content=\"hegyizs\" \/>\n\t<meta name=\"twitter:label2\" content=\"Est. reading time\" \/>\n\t<meta name=\"twitter:data2\" content=\"1 minute\" \/>\n<script type=\"application\/ld+json\" class=\"yoast-schema-graph\">{\"@context\":\"https:\/\/schema.org\",\"@graph\":[{\"@type\":\"WebPage\",\"@id\":\"https:\/\/www.welovecycling.com\/hu\/varosi-kerekparozas\/10-ok-amiert-a-bicikli-jobb-mint-egy-pasi\/\",\"url\":\"https:\/\/www.welovecycling.com\/hu\/varosi-kerekparozas\/10-ok-amiert-a-bicikli-jobb-mint-egy-pasi\/\",\"name\":\"10 ok, ami\u00e9rt a bicikli jobb, mint egy pasi - \u0160koda We Love Cycling - Magyarorsz\u00e1g\",\"isPartOf\":{\"@id\":\"https:\/\/www.welovecycling.com\/hu\/#website\"},\"primaryImageOfPage\":{\"@id\":\"https:\/\/www.welovecycling.com\/hu\/varosi-kerekparozas\/10-ok-amiert-a-bicikli-jobb-mint-egy-pasi\/#primaryimage\"},\"image\":{\"@id\":\"https:\/\/www.welovecycling.com\/hu\/varosi-kerekparozas\/10-ok-amiert-a-bicikli-jobb-mint-egy-pasi\/#primaryimage\"},\"thumbnailUrl\":\"https:\/\/d2p6e6u75xmxt8.cloudfront.net\/12\/2018\/03\/opener12.jpg\",\"datePublished\":\"2018-02-11T14:39:34+00:00\",\"dateModified\":\"2018-04-03T15:55:58+00:00\",\"author\":{\"@id\":\"https:\/\/www.welovecycling.com\/hu\/#\/schema\/person\/414a2aebf1801691a5320edb6468e194\"},\"breadcrumb\":{\"@id\":\"https:\/\/www.welovecycling.com\/hu\/varosi-kerekparozas\/10-ok-amiert-a-bicikli-jobb-mint-egy-pasi\/#breadcrumb\"},\"inLanguage\":\"hu\",\"potentialAction\":[{\"@type\":\"ReadAction\",\"target\":[\"https:\/\/www.welovecycling.com\/hu\/varosi-kerekparozas\/10-ok-amiert-a-bicikli-jobb-mint-egy-pasi\/\"]}]},{\"@type\":\"ImageObject\",\"inLanguage\":\"hu\",\"@id\":\"https:\/\/www.welovecycling.com\/hu\/varosi-kerekparozas\/10-ok-amiert-a-bicikli-jobb-mint-egy-pasi\/#primaryimage\",\"url\":\"https:\/\/d2p6e6u75xmxt8.cloudfront.net\/12\/2018\/03\/opener12.jpg\",\"contentUrl\":\"https:\/\/d2p6e6u75xmxt8.cloudfront.net\/12\/2018\/03\/opener12.jpg\",\"width\":950,\"height\":350},{\"@type\":\"BreadcrumbList\",\"@id\":\"https:\/\/www.welovecycling.com\/hu\/varosi-kerekparozas\/10-ok-amiert-a-bicikli-jobb-mint-egy-pasi\/#breadcrumb\",\"itemListElement\":[{\"@type\":\"ListItem\",\"position\":1,\"name\":\"Home\",\"item\":\"https:\/\/www.welovecycling.com\/hu\/\"},{\"@type\":\"ListItem\",\"position\":2,\"name\":\"10 ok, ami\u00e9rt a bicikli jobb, mint egy pasi\"}]},{\"@type\":\"WebSite\",\"@id\":\"https:\/\/www.welovecycling.com\/hu\/#website\",\"url\":\"https:\/\/www.welovecycling.com\/hu\/\",\"name\":\"\u0160koda We Love Cycling - Magyarorsz\u00e1g\",\"description\":\"\u0160koda WeLoveCycling\",\"potentialAction\":[{\"@type\":\"SearchAction\",\"target\":{\"@type\":\"EntryPoint\",\"urlTemplate\":\"https:\/\/www.welovecycling.com\/hu\/?s={search_term_string}\"},\"query-input\":{\"@type\":\"PropertyValueSpecification\",\"valueRequired\":true,\"valueName\":\"search_term_string\"}}],\"inLanguage\":\"hu\"},{\"@type\":\"Person\",\"@id\":\"https:\/\/www.welovecycling.com\/hu\/#\/schema\/person\/414a2aebf1801691a5320edb6468e194\",\"name\":\"hegyizs\",\"image\":{\"@type\":\"ImageObject\",\"inLanguage\":\"hu\",\"@id\":\"https:\/\/www.welovecycling.com\/hu\/#\/schema\/person\/image\/\",\"url\":\"https:\/\/secure.gravatar.com\/avatar\/02cf8a7906b8cf90cecb4679defac7cfd33a1c2e3b88e4903d947f3bb58eedd3?s=96&d=mm&r=g\",\"contentUrl\":\"https:\/\/secure.gravatar.com\/avatar\/02cf8a7906b8cf90cecb4679defac7cfd33a1c2e3b88e4903d947f3bb58eedd3?s=96&d=mm&r=g\",\"caption\":\"hegyizs\"},\"url\":\"https:\/\/www.welovecycling.com\/hu\/author\/hegyizs\/\"}]}<\/script>\n<!-- \/ Yoast SEO Premium plugin. -->","yoast_head_json":{"title":"10 ok, ami\u00e9rt a bicikli jobb, mint egy pasi - \u0160koda We Love Cycling - Magyarorsz\u00e1g","robots":{"index":"index","follow":"follow","max-snippet":"max-snippet:-1","max-image-preview":"max-image-preview:large","max-video-preview":"max-video-preview:-1"},"canonical":"https:\/\/www.welovecycling.com\/hu\/varosi-kerekparozas\/10-ok-amiert-a-bicikli-jobb-mint-egy-pasi\/","og_locale":"hu_HU","og_type":"article","og_title":"10 ok, ami\u00e9rt a bicikli jobb, mint egy pasi","og_description":"Rendben, sz\u00f3val mindenki panaszkodik a partner\u00e9r\u0151l. V\u00e9gt\u00e9re senki nem t\u00f6k\u00e9letes, ugye? A ker\u00e9kp\u00e1rok viszont hasonl\u00edtanak a t\u00f6k\u00e9letes partnerhez. Itt van [&hellip;]","og_url":"https:\/\/www.welovecycling.com\/hu\/varosi-kerekparozas\/10-ok-amiert-a-bicikli-jobb-mint-egy-pasi\/","og_site_name":"\u0160koda We Love Cycling - Magyarorsz\u00e1g","article_publisher":"https:\/\/www.facebook.com\/WeLoveCyclingHungary\/","article_published_time":"2018-02-11T14:39:34+00:00","article_modified_time":"2018-04-03T15:55:58+00:00","og_image":[{"width":950,"height":350,"url":"https:\/\/d2p6e6u75xmxt8.cloudfront.net\/12\/2018\/03\/opener12.jpg","type":"image\/jpeg"}],"author":"hegyizs","twitter_card":"summary_large_image","twitter_misc":{"Written by":"hegyizs","Est. reading time":"1 minute"},"schema":{"@context":"https:\/\/schema.org","@graph":[{"@type":"WebPage","@id":"https:\/\/www.welovecycling.com\/hu\/varosi-kerekparozas\/10-ok-amiert-a-bicikli-jobb-mint-egy-pasi\/","url":"https:\/\/www.welovecycling.com\/hu\/varosi-kerekparozas\/10-ok-amiert-a-bicikli-jobb-mint-egy-pasi\/","name":"10 ok, ami\u00e9rt a bicikli jobb, mint egy pasi - \u0160koda We Love Cycling - Magyarorsz\u00e1g","isPartOf":{"@id":"https:\/\/www.welovecycling.com\/hu\/#website"},"primaryImageOfPage":{"@id":"https:\/\/www.welovecycling.com\/hu\/varosi-kerekparozas\/10-ok-amiert-a-bicikli-jobb-mint-egy-pasi\/#primaryimage"},"image":{"@id":"https:\/\/www.welovecycling.com\/hu\/varosi-kerekparozas\/10-ok-amiert-a-bicikli-jobb-mint-egy-pasi\/#primaryimage"},"thumbnailUrl":"https:\/\/d2p6e6u75xmxt8.cloudfront.net\/12\/2018\/03\/opener12.jpg","datePublished":"2018-02-11T14:39:34+00:00","dateModified":"2018-04-03T15:55:58+00:00","author":{"@id":"https:\/\/www.welovecycling.com\/hu\/#\/schema\/person\/414a2aebf1801691a5320edb6468e194"},"breadcrumb":{"@id":"https:\/\/www.welovecycling.com\/hu\/varosi-kerekparozas\/10-ok-amiert-a-bicikli-jobb-mint-egy-pasi\/#breadcrumb"},"inLanguage":"hu","potentialAction":[{"@type":"ReadAction","target":["https:\/\/www.welovecycling.com\/hu\/varosi-kerekparozas\/10-ok-amiert-a-bicikli-jobb-mint-egy-pasi\/"]}]},{"@type":"ImageObject","inLanguage":"hu","@id":"https:\/\/www.welovecycling.com\/hu\/varosi-kerekparozas\/10-ok-amiert-a-bicikli-jobb-mint-egy-pasi\/#primaryimage","url":"https:\/\/d2p6e6u75xmxt8.cloudfront.net\/12\/2018\/03\/opener12.jpg","contentUrl":"https:\/\/d2p6e6u75xmxt8.cloudfront.net\/12\/2018\/03\/opener12.jpg","width":950,"height":350},{"@type":"BreadcrumbList","@id":"https:\/\/www.welovecycling.com\/hu\/varosi-kerekparozas\/10-ok-amiert-a-bicikli-jobb-mint-egy-pasi\/#breadcrumb","itemListElement":[{"@type":"ListItem","position":1,"name":"Home","item":"https:\/\/www.welovecycling.com\/hu\/"},{"@type":"ListItem","position":2,"name":"10 ok, ami\u00e9rt a bicikli jobb, mint egy pasi"}]},{"@type":"WebSite","@id":"https:\/\/www.welovecycling.com\/hu\/#website","url":"https:\/\/www.welovecycling.com\/hu\/","name":"\u0160koda We Love Cycling - Magyarorsz\u00e1g","description":"\u0160koda WeLoveCycling","potentialAction":[{"@type":"SearchAction","target":{"@type":"EntryPoint","urlTemplate":"https:\/\/www.welovecycling.com\/hu\/?s={search_term_string}"},"query-input":{"@type":"PropertyValueSpecification","valueRequired":true,"valueName":"search_term_string"}}],"inLanguage":"hu"},{"@type":"Person","@id":"https:\/\/www.welovecycling.com\/hu\/#\/schema\/person\/414a2aebf1801691a5320edb6468e194","name":"hegyizs","image":{"@type":"ImageObject","inLanguage":"hu","@id":"https:\/\/www.welovecycling.com\/hu\/#\/schema\/person\/image\/","url":"https:\/\/secure.gravatar.com\/avatar\/02cf8a7906b8cf90cecb4679defac7cfd33a1c2e3b88e4903d947f3bb58eedd3?s=96&d=mm&r=g","contentUrl":"https:\/\/secure.gravatar.com\/avatar\/02cf8a7906b8cf90cecb4679defac7cfd33a1c2e3b88e4903d947f3bb58eedd3?s=96&d=mm&r=g","caption":"hegyizs"},"url":"https:\/\/www.welovecycling.com\/hu\/author\/hegyizs\/"}]}},"_links":{"self":[{"href":"https:\/\/www.welovecycling.com\/hu\/wp-json\/wp\/v2\/posts\/188","targetHints":{"allow":["GET"]}}],"collection":[{"href":"https:\/\/www.welovecycling.com\/hu\/wp-json\/wp\/v2\/posts"}],"about":[{"href":"https:\/\/www.welovecycling.com\/hu\/wp-json\/wp\/v2\/types\/post"}],"author":[{"embeddable":true,"href":"https:\/\/www.welovecycling.com\/hu\/wp-json\/wp\/v2\/users\/71"}],"replies":[{"embeddable":true,"href":"https:\/\/www.welovecycling.com\/hu\/wp-json\/wp\/v2\/comments?post=188"}],"version-history":[{"count":2,"href":"https:\/\/www.welovecycling.com\/hu\/wp-json\/wp\/v2\/posts\/188\/revisions"}],"predecessor-version":[{"id":469,"href":"https:\/\/www.welovecycling.com\/hu\/wp-json\/wp\/v2\/posts\/188\/revisions\/469"}],"wp:featuredmedia":[{"embeddable":true,"href":"https:\/\/www.welovecycling.com\/hu\/wp-json\/wp\/v2\/media\/207"}],"wp:attachment":[{"href":"https:\/\/www.welovecycling.com\/hu\/wp-json\/wp\/v2\/media?parent=188"}],"wp:term":[{"taxonomy":"category","embeddable":true,"href":"https:\/\/www.welovecycling.com\/hu\/wp-json\/wp\/v2\/categories?post=188"},{"taxonomy":"post_tag","embeddable":true,"href":"https:\/\/www.welovecycling.com\/hu\/wp-json\/wp\/v2\/tags?post=188"},{"taxonomy":"global-categories","embeddable":true,"href":"https:\/\/www.welovecycling.com\/hu\/wp-json\/wp\/v2\/global-categories?post=188"}],"curies":[{"name":"wp","href":"https:\/\/api.w.org\/{rel}","templated":true}]}}