{"id":18794,"date":"2024-11-04T08:00:50","date_gmt":"2024-11-04T06:00:50","guid":{"rendered":"https:\/\/www.welovecycling.com\/hu\/?p=18794"},"modified":"2024-10-30T12:54:19","modified_gmt":"2024-10-30T10:54:19","slug":"rosszat-tesz-a-sportnak-hogy-pogacar-tul-jo","status":"publish","type":"post","link":"https:\/\/www.welovecycling.com\/hu\/orszaguti-kerekpar\/rosszat-tesz-a-sportnak-hogy-pogacar-tul-jo\/","title":{"rendered":"Rosszat tesz a sportnak, hogy Poga\u010dar t\u00fal j\u00f3?"},"content":{"rendered":"<p><strong>Van, hogy t\u00f6bbsz\u00f6r is megn\u00e9zek egy filmet, hi\u00e1ba tudom, mi lesz a v\u00e9ge, \u00e9s ennek az az oka, hogy nem a v\u00e9ge a legjobb, \u00e9s nem cs\u00f6kkenti a film \u00e9rt\u00e9k\u00e9t az, hogy nem fog meglepni. Ilyen p\u00e9ld\u00e1ul a Ponyvareg\u00e9ny, vagy a K\u00ednai negyed, vagy b\u00e1rmelyik Akira Kuroszava \u00e1ltal rendezett jap\u00e1n film.\u00a0 <\/strong><\/p>\n<p><!--more--><\/p>\n<p>De ezek a kiv\u00e9telek. Ha egy film f\u0151 vonzereje a fesz\u00fclts\u00e9g \u00e9s a meglep\u0151 v\u00e9gkifejlet &#8211; ahogy b\u00e1rmelyik j\u00f3 kriminek, nem l\u00e1tom \u00e9rtelm\u00e9t t\u00f6bbsz\u00f6r megn\u00e9zni. Ha az elej\u00e9n tudjuk, ki a gyilkos, az meg\u00f6li a filmet, \u00e9s nem is akarjuk v\u00e9gign\u00e9zni. Szerintem legal\u00e1bbis a legt\u00f6bb ember \u00edgy van ezzel.<\/p>\n<p>\u00c9s ez vonatkozik a sportesem\u00e9nyekre is. Mi\u00e9rt n\u00e9zn\u00e9nk meg egy foci- vagy kos\u00e1rmeccset, ha tudom, ki nyeri? A legt\u00f6bb ism\u00e9tl\u00e9s csak a kiemelt pillanatokra \u00e9s a g\u00f3lokra koncentr\u00e1l, mert ezek \u00e9rdekes lehetnek, akkor is, ha tudod, melyik csapat gy\u0151ztes. De ez minden.<\/p>\n<p>Ugyanezzel a hozz\u00e1\u00e1ll\u00e1ssal n\u00e9ztem meg a m\u00faltheti Il Lombardia versenyt is, mert tudtam, ahogy mindenki m\u00e1s is tudta, hogy Tadej Poga\u010dar k\u00f6nnyed\u00e9n meg fogja nyerni. \u00c9s pontosan ez t\u00f6rt\u00e9nt. Igen, \u00e9rdekes volt n\u00e9zni, ahogy a UAE Team Emirates \u00fcld\u00f6zte a sz\u00f6kev\u00e9nyeket \u00e9s f\u00e1rasztotta Pogi riv\u00e1lisait, am\u00edg el nem indult a most m\u00e1r elker\u00fclhetetlen gy\u0151ztes sz\u00f3l\u00f3sz\u00f6k\u00e9s\u00e9re. De ha nem az lett volna a feladatom, hogy \u00edrjak a versenyr\u0151l, tal\u00e1n el is kapcsoltam volna, mert a verseny m\u00e1r eld\u0151lt.<\/p>\n<figure id=\"attachment_18795\" aria-describedby=\"caption-attachment-18795\" style=\"width: 990px\" class=\"wp-caption alignnone\"><a href=\"https:\/\/d2p6e6u75xmxt8.cloudfront.net\/12\/2024\/10\/Tadej-Pogacar-Il-Lombardia-profimedia-0920400146-CVR.webp\"><img loading=\"lazy\" decoding=\"async\" class=\"wp-image-18795 size-full\" src=\"https:\/\/d2p6e6u75xmxt8.cloudfront.net\/12\/2024\/10\/Tadej-Pogacar-Il-Lombardia-profimedia-0920400146-CVR.webp\" alt=\"Tadej Poga\u010dar\" width=\"990\" height=\"660\" srcset=\"https:\/\/d2p6e6u75xmxt8.cloudfront.net\/12\/2024\/10\/Tadej-Pogacar-Il-Lombardia-profimedia-0920400146-CVR.webp 990w, https:\/\/d2p6e6u75xmxt8.cloudfront.net\/12\/2024\/10\/Tadej-Pogacar-Il-Lombardia-profimedia-0920400146-CVR-300x200.webp 300w, https:\/\/d2p6e6u75xmxt8.cloudfront.net\/12\/2024\/10\/Tadej-Pogacar-Il-Lombardia-profimedia-0920400146-CVR-768x512.webp 768w, https:\/\/d2p6e6u75xmxt8.cloudfront.net\/12\/2024\/10\/Tadej-Pogacar-Il-Lombardia-profimedia-0920400146-CVR-400x267.webp 400w, https:\/\/d2p6e6u75xmxt8.cloudfront.net\/12\/2024\/10\/Tadej-Pogacar-Il-Lombardia-profimedia-0920400146-CVR-272x182.webp 272w\" sizes=\"auto, (max-width: 990px) 100vw, 990px\" \/><\/a><figcaption id=\"caption-attachment-18795\" class=\"wp-caption-text\">Poga\u010dar, Il Lombardia. \u00a9 Profimedia<\/figcaption><\/figure>\n<p>Val\u00f3j\u00e1ban azt is mondhatn\u00e1nk, hogy a verseny m\u00e1r azel\u0151tt eld\u0151lt, hogy elkezd\u0151d\u00f6tt volna, annyira domin\u00e1ns volt az idei \u00e9vben a szlov\u00e9n \u00e9s csapata. De vajon ez j\u00f3t tesz a ker\u00e9kp\u00e1rsportnak? Thijs Zonneveld holland \u00fajs\u00e1g\u00edr\u00f3 \u00e9s ker\u00e9kp\u00e1ros hat\u00e1rozottan \u00fagy gondolja, hogy nem. <em>\u201eB\u00e1rmennyire is sz\u00e9pek a sz\u00f3l\u00f3i, b\u00e1rmennyire is k\u00fcl\u00f6nleges volt az idei szezonja: egyszer\u0171en t\u00fal nagy a f\u00f6l\u00e9nye\u201d<\/em> \u2013 \u00edrta az AD-ben.<\/p>\n<p><em>\u201eTal\u00e1n, csak tal\u00e1n, v\u00e1rni fog az utols\u00f3 emelked\u0151ig\u201d <\/em>\u2013 folytatta. <em>\u201eVagy egy utols\u00f3 sprintre n\u00e9h\u00e1ny m\u00e1sik versenyz\u0151vel indul el, hogy kicsit izgalmasabb\u00e1 tegye a harcot. De legy\u00fcnk \u0151szint\u00e9k: ennek az es\u00e9lye nagyj\u00e1b\u00f3l akkora, mint hogy h\u00e9tv\u00e9g\u00e9n fas\u00edrt hullik az \u00e9gb\u0151l. Val\u00f3sz\u00edn\u0171bb, hogy Tadej Poga\u010dar 50 kilom\u00e9terrel a c\u00e9l el\u0151tt megindul. Vagy ak\u00e1r 80-nal. \u00c9s ha \u00fagy \u00e9rzi, m\u00e1r a k\u00f6zvet\u00edt\u00e9s kezdete el\u0151tt elt\u0171nik.\u201d<\/em><\/p>\n<p>Ezut\u00e1n elismerte Poga\u010dar leny\u0171g\u00f6z\u0151 szezonj\u00e1t, mely szerinte is \u201ct\u00f6rt\u00e9nelemk\u00f6nyvekbe val\u00f3\u201d. De hamar m\u00e1s ir\u00e1nyt vett a cikk.<em> \u201eMajdnem minden j\u00f3l alakult sz\u00e1m\u00e1ra. Nem betegedett meg, nem bukott, soha nem volt pechje a kritikus pillanatokban, \u00e9s soha nem maradt le egy mozdulatr\u00f3l sem. Az alapvet\u0151 teljes\u00edtm\u00e9nye olyan abszurd m\u00f3don magas volt, hogy m\u00e9g csak meg sem tudtuk \u00e1llap\u00edtani, hogy csak j\u00f3 form\u00e1ban volt-e, vagy cs\u00facsform\u00e1ban. Soha nem f\u00e1radt el. \u00c9n viszont igen. T\u0151le. \u00c9s azt hiszem, nem vagyok egyed\u00fcl.\u201d <\/em><\/p>\n<p>Zonneveld val\u00f3sz\u00edn\u0171leg igazat besz\u00e9l (b\u00e1r k\u00edv\u00e1ncsi lenn\u00e9k, ugyanezt gondoln\u00e1-e, ha Poga\u010dar holland lenne). Nem k\u00e9tlem, hogy a legt\u00f6bb ker\u00e9kp\u00e1ros rajong\u00f3 \u2013 \u00e1ltal\u00e1ban a legt\u00f6bb sportrajong\u00f3 \u2013 szeret a gy\u0151ztesnek szurkolni. V\u00e9g\u00fclis ez az egyik legnagyobb vonzereje a sportnak: lehet\u0151v\u00e9 teszi a szurkol\u00f3knak, hogy egy id\u0151re megszabaduljanak a vesztes\u00e9g\u00e9rzett\u0151l a saj\u00e1t probl\u00e9m\u00e1ik miatt. Azzal, ha a kedvenc\u00fck gy\u0151z, egy kis id\u0151re eloszlathatj\u00e1k a gondjaikat, m\u00e9g ha csak egy-k\u00e9t napra is. Boldogan mondhatjuk, hogy Poga\u010dar rajong\u00f3i eg\u00e9sz \u00e9vben gy\u0151ztesnek \u00e9rezhett\u00e9k magukat.<\/p>\n<p>Term\u00e9szetesen vannak igazi ker\u00e9kp\u00e1ros rajong\u00f3k is, akik kiv\u00e1lts\u00e1gnak \u00e9rzik, hogy \u00e9let\u00fck sor\u00e1n l\u00e1thatnak egy igaz\u00e1n zseni\u00e1lis versenyz\u0151t. Ahelyett, hogy megadn\u00e1 a versenyekre jellemz\u0151 fesz\u00fclts\u00e9get, egy t\u00falvil\u00e1gi ragyog\u00e1st hoz a sportba, ami nem is rossz helyettes\u00edt\u0151. De \u00fagy \u00e9rzem, hogy sok rajong\u00f3 kezd egyre csal\u00f3dottabb\u00e1 v\u00e1lni a gy\u0151zelmeinek elker\u00fclhetetlens\u00e9ge miatt. Sok az olyan hozz\u00e1sz\u00f3l\u00e1s a SingletrackWorld weboldalon, amiben azt \u00edrj\u00e1k az olvas\u00f3k, hogy unalmasnak tartj\u00e1k a versenyeket, vagy, hogy 20 kilom\u00e9terrel a v\u00e9ge el\u0151tt kikapcsolt\u00e1k a t\u00e9v\u00e9t.<\/p>\n<p>J\u00f3 p\u00e9lda ez a \u201ecrazy-legs\u201d n\u00e9vvel al\u00e1\u00edrt hozz\u00e1sz\u00f3l\u00e1s is: <em>\u201eA komment\u00e1torok azt mondt\u00e1k, hogy 25 gy\u0151zelem 57 versenynapon. \u0150r\u00fclet. T\u00e9nyleg leny\u0171g\u00f6z\u0151, de sajnos meglehet\u0151sen unalmas is. Bekapcsoltam a Lombardia-t 45 kilom\u00e9terrel a c\u00e9l el\u0151tt, \u00e9s azt l\u00e1ttam, hogy ez nem is verseny, ink\u00e1bb csak egy felvonul\u00e1s. Az egyetlen dolog, ami legal\u00e1bb egy kicsit izgalmas volt, az a harmadik hely\u00e9rt val\u00f3 harc. J\u00f6v\u0151 h\u00e9ten vil\u00e1gbajnoki p\u00e1lyaker\u00e9kp\u00e1r lesz D\u00e1ni\u00e1ban, szerencs\u00e9re Poga\u010dar nem versenyez p\u00e1ly\u00e1n!\u201d\u00a0 <\/em><\/p>\n<p>Ez persze nem egy reprezentat\u00edv kutat\u00e1s, de m\u00e9gis \u00fagy l\u00e1tszik, vannak olyan rajong\u00f3k, akiknek eleg\u00fck van \u00e9s ez egy val\u00f3s probl\u00e9ma. (Vajon az el\u0151re l\u00e1that\u00f3 izgalom hi\u00e1nya volt az oka annak, hogy az angol nyelv\u0171 Eurosport nem k\u00f6zvet\u00edtette \u00e9l\u0151ben az Il Lombardia-t, helyette kisebb versenyeket mutatott? Ha igen, akkor a probl\u00e9ma nagyobb, mint gondoltam.)<\/p>\n<p>Poga\u010dar azon gondolkodik, hogy valamelyik \u00e9vben mindh\u00e1rom Grand Tour versenyen indul, \u00e9s persze gy\u0151z &#8211; ez egy olyan brav\u00far lenne, amit m\u00e9g soha nem siker\u00fclt senkinek megval\u00f3s\u00edtani. <em>\u201eGondoltam r\u00e1, hogy indulok a Vuelta-n is\u201d <\/em>\u2013 mondta a La Gazzetta dello Sportnak. <em>\u201eDe az olimpiai j\u00e1t\u00e9kokon az\u00e9rt nem indultam, mert pihennem kellett. Giro d\u2019Italia, Tour \u00e9s Vuelta ugyanabban az \u00e9vben? Most m\u00e9g nem gondolkodom ilyesmiben, de egyszer tal\u00e1n megcsin\u00e1lom.\u201d<\/em><\/p>\n<p>Egyszer tal\u00e1n t\u00e9nyleg megteszi. Ez minden bizonnyal visszahozn\u00e1 az izgalmat a sportba, k\u00fcl\u00f6n\u00f6sen, ha Jonas Vingegaard visszat\u00e9rne a legjobb form\u00e1j\u00e1hoz, \u00e9s Remco Evenepoel is jav\u00edtana. Mindenk\u00e9pp megn\u00e9zn\u00e9m mindh\u00e1rom Grand Tour-t, hogy l\u00e1ssam, siker\u00fcl-e ism\u00e9t egy t\u00f6rt\u00e9nelmi brav\u00fart el\u00e9rnie. Ak\u00e1r h\u00e1rom Grand Tour, ak\u00e1r nem, ha Vingegaard \u00e9s Evenepoel val\u00f3di ellen\u00e1ll\u00e1st tudn\u00e1nak ny\u00fajtani a Grand Tour-okon j\u00f6v\u0151re, az j\u00f3t tenne a sportnak. \u00c9s ha Evenepoel, Mathieu van der Poel \u00e9s az \u00fajra form\u00e1ba lend\u00fclt Wout van Aert komoly kih\u00edv\u00e1sokat ny\u00fajtana az egynapos klasszikusokon, az is izgalmasabb\u00e1 tenn\u00e9 az \u00e9vet. \u00c9s a csapatoknak sem \u00e1rtana ellen\u00e1llniuk az UAE Team Emirates egyeduralm\u00e1nak.<\/p>\n<p>K\u00e1r lenne, ha Poga\u010dar vitathatatlan nagys\u00e1ga a sport h\u00e1tr\u00e1ny\u00e1v\u00e1 v\u00e1lna, nem pedig a f\u0151 vonzerej\u00e9v\u00e9.<\/p>\n","protected":false},"excerpt":{"rendered":"<p>Van, hogy t\u00f6bbsz\u00f6r is megn\u00e9zek egy filmet, hi\u00e1ba tudom, mi lesz a v\u00e9ge, \u00e9s ennek az az oka, hogy nem [&hellip;]<\/p>\n","protected":false},"author":71,"featured_media":18797,"comment_status":"open","ping_status":"open","sticky":false,"template":"","format":"standard","meta":{"footnotes":""},"categories":[8],"tags":[],"global-categories":[],"class_list":["post-18794","post","type-post","status-publish","format-standard","has-post-thumbnail","hentry","category-orszaguti-kerekpar"],"yoast_head":"<!-- This site is optimized with the Yoast SEO Premium plugin v25.3 (Yoast SEO v25.9) - https:\/\/yoast.com\/wordpress\/plugins\/seo\/ -->\n<title>Rosszat tesz a sportnak, hogy Poga\u010dar t\u00fal j\u00f3?<\/title>\n<meta name=\"description\" content=\"Van, hogy t\u00f6bbsz\u00f6r is megn\u00e9zek egy filmet, hi\u00e1ba tudom, mi lesz a v\u00e9ge, \u00e9s ennek az az oka, hogy nem a v\u00e9ge a legjobb, \u00e9s nem cs\u00f6kkenti a film \u00e9rt\u00e9k\u00e9t az, hogy nem fog meglepni. Ilyen p\u00e9ld\u00e1ul a Ponyvareg\u00e9ny, vagy a K\u00ednai negyed, vagy b\u00e1rmelyik Akira Kuroszava \u00e1ltal rendezett jap\u00e1n film.\" \/>\n<meta name=\"robots\" content=\"index, follow, max-snippet:-1, max-image-preview:large, max-video-preview:-1\" \/>\n<link rel=\"canonical\" href=\"https:\/\/www.welovecycling.com\/hu\/orszaguti-kerekpar\/rosszat-tesz-a-sportnak-hogy-pogacar-tul-jo\/\" \/>\n<meta property=\"og:locale\" content=\"hu_HU\" \/>\n<meta property=\"og:type\" content=\"article\" \/>\n<meta property=\"og:title\" content=\"Rosszat tesz a sportnak, hogy Poga\u010dar t\u00fal j\u00f3?\" \/>\n<meta property=\"og:description\" content=\"Van, hogy t\u00f6bbsz\u00f6r is megn\u00e9zek egy filmet, hi\u00e1ba tudom, mi lesz a v\u00e9ge, \u00e9s ennek az az oka, hogy nem a v\u00e9ge a legjobb, \u00e9s nem cs\u00f6kkenti a film \u00e9rt\u00e9k\u00e9t az, hogy nem fog meglepni. Ilyen p\u00e9ld\u00e1ul a Ponyvareg\u00e9ny, vagy a K\u00ednai negyed, vagy b\u00e1rmelyik Akira Kuroszava \u00e1ltal rendezett jap\u00e1n film.\" \/>\n<meta property=\"og:url\" content=\"https:\/\/www.welovecycling.com\/hu\/orszaguti-kerekpar\/rosszat-tesz-a-sportnak-hogy-pogacar-tul-jo\/\" \/>\n<meta property=\"og:site_name\" content=\"\u0160koda We Love Cycling - Magyarorsz\u00e1g\" \/>\n<meta property=\"article:publisher\" content=\"https:\/\/www.facebook.com\/WeLoveCyclingHungary\/\" \/>\n<meta property=\"article:published_time\" content=\"2024-11-04T06:00:50+00:00\" \/>\n<meta property=\"og:image\" content=\"https:\/\/d2p6e6u75xmxt8.cloudfront.net\/12\/2024\/10\/Tadej-Pogacar-profimedia-0920551867-CVR.webp\" \/>\n\t<meta property=\"og:image:width\" content=\"990\" \/>\n\t<meta property=\"og:image:height\" content=\"660\" \/>\n\t<meta property=\"og:image:type\" content=\"image\/webp\" \/>\n<meta name=\"author\" content=\"hegyizs\" \/>\n<meta name=\"twitter:card\" content=\"summary_large_image\" \/>\n<meta name=\"twitter:label1\" content=\"Written by\" \/>\n\t<meta name=\"twitter:data1\" content=\"Siegfried Mortkowitz\" \/>\n\t<meta name=\"twitter:label2\" content=\"Est. reading time\" \/>\n\t<meta name=\"twitter:data2\" content=\"3\" \/>\n<script type=\"application\/ld+json\" class=\"yoast-schema-graph\">{\"@context\":\"https:\/\/schema.org\",\"@graph\":[{\"@type\":\"WebPage\",\"@id\":\"https:\/\/www.welovecycling.com\/hu\/orszaguti-kerekpar\/rosszat-tesz-a-sportnak-hogy-pogacar-tul-jo\/\",\"url\":\"https:\/\/www.welovecycling.com\/hu\/orszaguti-kerekpar\/rosszat-tesz-a-sportnak-hogy-pogacar-tul-jo\/\",\"name\":\"Rosszat tesz a sportnak, hogy Poga\u010dar t\u00fal j\u00f3?\",\"isPartOf\":{\"@id\":\"https:\/\/www.welovecycling.com\/hu\/#website\"},\"primaryImageOfPage\":{\"@id\":\"https:\/\/www.welovecycling.com\/hu\/orszaguti-kerekpar\/rosszat-tesz-a-sportnak-hogy-pogacar-tul-jo\/#primaryimage\"},\"image\":{\"@id\":\"https:\/\/www.welovecycling.com\/hu\/orszaguti-kerekpar\/rosszat-tesz-a-sportnak-hogy-pogacar-tul-jo\/#primaryimage\"},\"thumbnailUrl\":\"https:\/\/d2p6e6u75xmxt8.cloudfront.net\/12\/2024\/10\/Tadej-Pogacar-profimedia-0920551867-CVR.webp\",\"datePublished\":\"2024-11-04T06:00:50+00:00\",\"author\":{\"@id\":\"https:\/\/www.welovecycling.com\/hu\/#\/schema\/person\/414a2aebf1801691a5320edb6468e194\"},\"description\":\"Van, hogy t\u00f6bbsz\u00f6r is megn\u00e9zek egy filmet, hi\u00e1ba tudom, mi lesz a v\u00e9ge, \u00e9s ennek az az oka, hogy nem a v\u00e9ge a legjobb, \u00e9s nem cs\u00f6kkenti a film \u00e9rt\u00e9k\u00e9t az, hogy nem fog meglepni. Ilyen p\u00e9ld\u00e1ul a Ponyvareg\u00e9ny, vagy a K\u00ednai negyed, vagy b\u00e1rmelyik Akira Kuroszava \u00e1ltal rendezett jap\u00e1n film.\",\"breadcrumb\":{\"@id\":\"https:\/\/www.welovecycling.com\/hu\/orszaguti-kerekpar\/rosszat-tesz-a-sportnak-hogy-pogacar-tul-jo\/#breadcrumb\"},\"inLanguage\":\"hu\",\"potentialAction\":[{\"@type\":\"ReadAction\",\"target\":[\"https:\/\/www.welovecycling.com\/hu\/orszaguti-kerekpar\/rosszat-tesz-a-sportnak-hogy-pogacar-tul-jo\/\"]}]},{\"@type\":\"ImageObject\",\"inLanguage\":\"hu\",\"@id\":\"https:\/\/www.welovecycling.com\/hu\/orszaguti-kerekpar\/rosszat-tesz-a-sportnak-hogy-pogacar-tul-jo\/#primaryimage\",\"url\":\"https:\/\/d2p6e6u75xmxt8.cloudfront.net\/12\/2024\/10\/Tadej-Pogacar-profimedia-0920551867-CVR.webp\",\"contentUrl\":\"https:\/\/d2p6e6u75xmxt8.cloudfront.net\/12\/2024\/10\/Tadej-Pogacar-profimedia-0920551867-CVR.webp\",\"width\":990,\"height\":660,\"caption\":\"Tadej Poga\u010dar\"},{\"@type\":\"BreadcrumbList\",\"@id\":\"https:\/\/www.welovecycling.com\/hu\/orszaguti-kerekpar\/rosszat-tesz-a-sportnak-hogy-pogacar-tul-jo\/#breadcrumb\",\"itemListElement\":[{\"@type\":\"ListItem\",\"position\":1,\"name\":\"Home\",\"item\":\"https:\/\/www.welovecycling.com\/hu\/\"},{\"@type\":\"ListItem\",\"position\":2,\"name\":\"Rosszat tesz a sportnak, hogy Poga\u010dar t\u00fal j\u00f3?\"}]},{\"@type\":\"WebSite\",\"@id\":\"https:\/\/www.welovecycling.com\/hu\/#website\",\"url\":\"https:\/\/www.welovecycling.com\/hu\/\",\"name\":\"\u0160koda We Love Cycling - Magyarorsz\u00e1g\",\"description\":\"\u0160koda WeLoveCycling\",\"potentialAction\":[{\"@type\":\"SearchAction\",\"target\":{\"@type\":\"EntryPoint\",\"urlTemplate\":\"https:\/\/www.welovecycling.com\/hu\/?s={search_term_string}\"},\"query-input\":{\"@type\":\"PropertyValueSpecification\",\"valueRequired\":true,\"valueName\":\"search_term_string\"}}],\"inLanguage\":\"hu\"},{\"@type\":\"Person\",\"@id\":\"https:\/\/www.welovecycling.com\/hu\/#\/schema\/person\/414a2aebf1801691a5320edb6468e194\",\"name\":\"hegyizs\",\"image\":{\"@type\":\"ImageObject\",\"inLanguage\":\"hu\",\"@id\":\"https:\/\/www.welovecycling.com\/hu\/#\/schema\/person\/image\/\",\"url\":\"https:\/\/secure.gravatar.com\/avatar\/02cf8a7906b8cf90cecb4679defac7cfd33a1c2e3b88e4903d947f3bb58eedd3?s=96&d=mm&r=g\",\"contentUrl\":\"https:\/\/secure.gravatar.com\/avatar\/02cf8a7906b8cf90cecb4679defac7cfd33a1c2e3b88e4903d947f3bb58eedd3?s=96&d=mm&r=g\",\"caption\":\"hegyizs\"},\"url\":\"https:\/\/www.welovecycling.com\/hu\/author\/hegyizs\/\"}]}<\/script>\n<!-- \/ Yoast SEO Premium plugin. -->","yoast_head_json":{"title":"Rosszat tesz a sportnak, hogy Poga\u010dar t\u00fal j\u00f3?","description":"Van, hogy t\u00f6bbsz\u00f6r is megn\u00e9zek egy filmet, hi\u00e1ba tudom, mi lesz a v\u00e9ge, \u00e9s ennek az az oka, hogy nem a v\u00e9ge a legjobb, \u00e9s nem cs\u00f6kkenti a film \u00e9rt\u00e9k\u00e9t az, hogy nem fog meglepni. Ilyen p\u00e9ld\u00e1ul a Ponyvareg\u00e9ny, vagy a K\u00ednai negyed, vagy b\u00e1rmelyik Akira Kuroszava \u00e1ltal rendezett jap\u00e1n film.","robots":{"index":"index","follow":"follow","max-snippet":"max-snippet:-1","max-image-preview":"max-image-preview:large","max-video-preview":"max-video-preview:-1"},"canonical":"https:\/\/www.welovecycling.com\/hu\/orszaguti-kerekpar\/rosszat-tesz-a-sportnak-hogy-pogacar-tul-jo\/","og_locale":"hu_HU","og_type":"article","og_title":"Rosszat tesz a sportnak, hogy Poga\u010dar t\u00fal j\u00f3?","og_description":"Van, hogy t\u00f6bbsz\u00f6r is megn\u00e9zek egy filmet, hi\u00e1ba tudom, mi lesz a v\u00e9ge, \u00e9s ennek az az oka, hogy nem a v\u00e9ge a legjobb, \u00e9s nem cs\u00f6kkenti a film \u00e9rt\u00e9k\u00e9t az, hogy nem fog meglepni. Ilyen p\u00e9ld\u00e1ul a Ponyvareg\u00e9ny, vagy a K\u00ednai negyed, vagy b\u00e1rmelyik Akira Kuroszava \u00e1ltal rendezett jap\u00e1n film.","og_url":"https:\/\/www.welovecycling.com\/hu\/orszaguti-kerekpar\/rosszat-tesz-a-sportnak-hogy-pogacar-tul-jo\/","og_site_name":"\u0160koda We Love Cycling - Magyarorsz\u00e1g","article_publisher":"https:\/\/www.facebook.com\/WeLoveCyclingHungary\/","article_published_time":"2024-11-04T06:00:50+00:00","og_image":[{"width":990,"height":660,"url":"https:\/\/d2p6e6u75xmxt8.cloudfront.net\/12\/2024\/10\/Tadej-Pogacar-profimedia-0920551867-CVR.webp","type":"image\/webp"}],"author":"hegyizs","twitter_card":"summary_large_image","twitter_misc":{"Written by":"Siegfried Mortkowitz","Est. reading time":"3"},"schema":{"@context":"https:\/\/schema.org","@graph":[{"@type":"WebPage","@id":"https:\/\/www.welovecycling.com\/hu\/orszaguti-kerekpar\/rosszat-tesz-a-sportnak-hogy-pogacar-tul-jo\/","url":"https:\/\/www.welovecycling.com\/hu\/orszaguti-kerekpar\/rosszat-tesz-a-sportnak-hogy-pogacar-tul-jo\/","name":"Rosszat tesz a sportnak, hogy Poga\u010dar t\u00fal j\u00f3?","isPartOf":{"@id":"https:\/\/www.welovecycling.com\/hu\/#website"},"primaryImageOfPage":{"@id":"https:\/\/www.welovecycling.com\/hu\/orszaguti-kerekpar\/rosszat-tesz-a-sportnak-hogy-pogacar-tul-jo\/#primaryimage"},"image":{"@id":"https:\/\/www.welovecycling.com\/hu\/orszaguti-kerekpar\/rosszat-tesz-a-sportnak-hogy-pogacar-tul-jo\/#primaryimage"},"thumbnailUrl":"https:\/\/d2p6e6u75xmxt8.cloudfront.net\/12\/2024\/10\/Tadej-Pogacar-profimedia-0920551867-CVR.webp","datePublished":"2024-11-04T06:00:50+00:00","author":{"@id":"https:\/\/www.welovecycling.com\/hu\/#\/schema\/person\/414a2aebf1801691a5320edb6468e194"},"description":"Van, hogy t\u00f6bbsz\u00f6r is megn\u00e9zek egy filmet, hi\u00e1ba tudom, mi lesz a v\u00e9ge, \u00e9s ennek az az oka, hogy nem a v\u00e9ge a legjobb, \u00e9s nem cs\u00f6kkenti a film \u00e9rt\u00e9k\u00e9t az, hogy nem fog meglepni. Ilyen p\u00e9ld\u00e1ul a Ponyvareg\u00e9ny, vagy a K\u00ednai negyed, vagy b\u00e1rmelyik Akira Kuroszava \u00e1ltal rendezett jap\u00e1n film.","breadcrumb":{"@id":"https:\/\/www.welovecycling.com\/hu\/orszaguti-kerekpar\/rosszat-tesz-a-sportnak-hogy-pogacar-tul-jo\/#breadcrumb"},"inLanguage":"hu","potentialAction":[{"@type":"ReadAction","target":["https:\/\/www.welovecycling.com\/hu\/orszaguti-kerekpar\/rosszat-tesz-a-sportnak-hogy-pogacar-tul-jo\/"]}]},{"@type":"ImageObject","inLanguage":"hu","@id":"https:\/\/www.welovecycling.com\/hu\/orszaguti-kerekpar\/rosszat-tesz-a-sportnak-hogy-pogacar-tul-jo\/#primaryimage","url":"https:\/\/d2p6e6u75xmxt8.cloudfront.net\/12\/2024\/10\/Tadej-Pogacar-profimedia-0920551867-CVR.webp","contentUrl":"https:\/\/d2p6e6u75xmxt8.cloudfront.net\/12\/2024\/10\/Tadej-Pogacar-profimedia-0920551867-CVR.webp","width":990,"height":660,"caption":"Tadej Poga\u010dar"},{"@type":"BreadcrumbList","@id":"https:\/\/www.welovecycling.com\/hu\/orszaguti-kerekpar\/rosszat-tesz-a-sportnak-hogy-pogacar-tul-jo\/#breadcrumb","itemListElement":[{"@type":"ListItem","position":1,"name":"Home","item":"https:\/\/www.welovecycling.com\/hu\/"},{"@type":"ListItem","position":2,"name":"Rosszat tesz a sportnak, hogy Poga\u010dar t\u00fal j\u00f3?"}]},{"@type":"WebSite","@id":"https:\/\/www.welovecycling.com\/hu\/#website","url":"https:\/\/www.welovecycling.com\/hu\/","name":"\u0160koda We Love Cycling - Magyarorsz\u00e1g","description":"\u0160koda WeLoveCycling","potentialAction":[{"@type":"SearchAction","target":{"@type":"EntryPoint","urlTemplate":"https:\/\/www.welovecycling.com\/hu\/?s={search_term_string}"},"query-input":{"@type":"PropertyValueSpecification","valueRequired":true,"valueName":"search_term_string"}}],"inLanguage":"hu"},{"@type":"Person","@id":"https:\/\/www.welovecycling.com\/hu\/#\/schema\/person\/414a2aebf1801691a5320edb6468e194","name":"hegyizs","image":{"@type":"ImageObject","inLanguage":"hu","@id":"https:\/\/www.welovecycling.com\/hu\/#\/schema\/person\/image\/","url":"https:\/\/secure.gravatar.com\/avatar\/02cf8a7906b8cf90cecb4679defac7cfd33a1c2e3b88e4903d947f3bb58eedd3?s=96&d=mm&r=g","contentUrl":"https:\/\/secure.gravatar.com\/avatar\/02cf8a7906b8cf90cecb4679defac7cfd33a1c2e3b88e4903d947f3bb58eedd3?s=96&d=mm&r=g","caption":"hegyizs"},"url":"https:\/\/www.welovecycling.com\/hu\/author\/hegyizs\/"}]}},"_links":{"self":[{"href":"https:\/\/www.welovecycling.com\/hu\/wp-json\/wp\/v2\/posts\/18794","targetHints":{"allow":["GET"]}}],"collection":[{"href":"https:\/\/www.welovecycling.com\/hu\/wp-json\/wp\/v2\/posts"}],"about":[{"href":"https:\/\/www.welovecycling.com\/hu\/wp-json\/wp\/v2\/types\/post"}],"author":[{"embeddable":true,"href":"https:\/\/www.welovecycling.com\/hu\/wp-json\/wp\/v2\/users\/71"}],"replies":[{"embeddable":true,"href":"https:\/\/www.welovecycling.com\/hu\/wp-json\/wp\/v2\/comments?post=18794"}],"version-history":[{"count":2,"href":"https:\/\/www.welovecycling.com\/hu\/wp-json\/wp\/v2\/posts\/18794\/revisions"}],"predecessor-version":[{"id":18798,"href":"https:\/\/www.welovecycling.com\/hu\/wp-json\/wp\/v2\/posts\/18794\/revisions\/18798"}],"wp:featuredmedia":[{"embeddable":true,"href":"https:\/\/www.welovecycling.com\/hu\/wp-json\/wp\/v2\/media\/18797"}],"wp:attachment":[{"href":"https:\/\/www.welovecycling.com\/hu\/wp-json\/wp\/v2\/media?parent=18794"}],"wp:term":[{"taxonomy":"category","embeddable":true,"href":"https:\/\/www.welovecycling.com\/hu\/wp-json\/wp\/v2\/categories?post=18794"},{"taxonomy":"post_tag","embeddable":true,"href":"https:\/\/www.welovecycling.com\/hu\/wp-json\/wp\/v2\/tags?post=18794"},{"taxonomy":"global-categories","embeddable":true,"href":"https:\/\/www.welovecycling.com\/hu\/wp-json\/wp\/v2\/global-categories?post=18794"}],"curies":[{"name":"wp","href":"https:\/\/api.w.org\/{rel}","templated":true}]}}