{"id":18789,"date":"2024-11-11T08:00:55","date_gmt":"2024-11-11T06:00:55","guid":{"rendered":"https:\/\/www.welovecycling.com\/hu\/?p=18789"},"modified":"2024-10-28T16:47:20","modified_gmt":"2024-10-28T14:47:20","slug":"ha-elkap-az-eso-hogyan-lehet-egy-zuhebol-igazi-kaland","status":"publish","type":"post","link":"https:\/\/www.welovecycling.com\/hu\/csalad\/ha-elkap-az-eso-hogyan-lehet-egy-zuhebol-igazi-kaland\/","title":{"rendered":"Ha elkap az es\u0151: Hogyan lehet egy zuh\u00e9b\u00f3l igazi kaland?"},"content":{"rendered":"<p><strong>Az \u0151sz var\u00e1zslatos id\u0151szak a szabadt\u00e9ri csal\u00e1di programokhoz: friss a leveg\u0151, csod\u00e1latosak a sz\u00ednek, \u00e9s n\u00e9ha meglep egy-egy v\u00e1ratlan z\u00e1por, ak\u00e1r der\u00fclt \u00e9gb\u0151l. Ok\u00e9, ez tal\u00e1n nem annyira var\u00e1zslatos, de egy kis szemerk\u00e9l\u0151 es\u0151 \u2013 vagy ak\u00e1r egy komolyabb z\u00e1por \u2013 nem felt\u00e9tlen\u00fcl kell, hogy v\u00e9get vessen a sz\u00f3rakoz\u00e1snak. \u00cdme n\u00e9h\u00e1ny tipp, hogyan hozd ki a legt\u00f6bbet a helyzetb\u0151l, \u00e9s hogyan maradj biztons\u00e1gban, ak\u00e1r gyerekekkel is!<\/strong><\/p>\n<p><!--more--><\/p>\n<h2><strong>Tartsd szem el\u0151tt az alapokat!<\/strong><\/h2>\n<h3><strong>1. Maradj min\u00e9l sz\u00e1razabb!<\/strong><\/h3>\n<p>Es\u0151ben el\u00e1zni izgalmas, de ha siker\u00fcl legal\u00e1bb nagyj\u00e1b\u00f3l sz\u00e1raznak maradni, mindenkinek jobb kedve lesz. Ne feledd az al\u00e1bbiakat:<\/p>\n<p>&#8211; <strong>V\u00edz\u00e1ll\u00f3 kab\u00e1t \u00e9s nadr\u00e1g:<\/strong> Ha es\u0151re \u00e1ll az id\u0151, vigy\u00e9l magaddal k\u00f6nny\u0171, extra v\u00edz\u00e1ll\u00f3 r\u00e9tegeket, amiket gyorsan magatokra tudtok kapni, ha leszakad az \u00e9g.<\/p>\n<p>&#8211; <strong>Cip\u0151 \u00e9s keszty\u0171: <\/strong>Minden \u0151szi t\u00far\u00e1n legyen n\u00e1lad keszty\u0171 \u00e9s cip\u0151v\u00e9d\u0151. A hideg kezek \u00e9s l\u00e1bak gyorsan leh\u0171thetik a ked\u00e9lyeket is!<\/p>\n<p>&#8211;<strong> R\u00e9teges \u00f6lt\u00f6zk\u00f6d\u00e9s: <\/strong>A r\u00e9tegek seg\u00edtenek megtartani a meleget, f\u0151leg, ha nedves a leveg\u0151. A gyapj\u00fa vagy szintetikus anyagok tov\u00e1bb tartj\u00e1k a h\u0151t, \u00edgy k\u00e9nyelmesebben biciklizhettek akkor is, ha leh\u0171l \u00fatk\u00f6zben az id\u0151!<\/p>\n<h3><strong>2. A biztons\u00e1g az els\u0151, ha beborul az \u00e9g!<\/strong><\/h3>\n<p>Az es\u0151 komoly kih\u00edv\u00e1sokat jelenthet, k\u00fcl\u00f6n\u00f6sen a l\u00e1t\u00e1si viszonyok \u00e9s a cs\u00fasz\u00f3s utak miatt. Ezeket a tippeket \u00e9rdemes megfogadnod, ha \u00fatk\u00f6zben elkezd esni:<\/p>\n<p>&#8211; <strong>L\u00e1that\u00f3s\u00e1g:<\/strong> Es\u0151s id\u0151ben m\u00e9g fontosabb a l\u00e1that\u00f3s\u00e1g. Minden csal\u00e1dtagnak legyen l\u00e1mp\u00e1ja, f\u00e9nyvisszaver\u0151 mell\u00e9nye, \u00e9s v\u00e1lasszatok \u00e9l\u00e9nk sz\u00edn\u0171 ruh\u00e1kat, hogy mindenki j\u00f3l l\u00e1sson titeket!<\/p>\n<p>&#8211; <strong>F\u00e9kek<\/strong>: A nedves utakon a f\u00e9kek lassabban m\u0171k\u00f6dnek. Kanyarokban \u00e9s meg\u00e1ll\u00e1sn\u00e1l is \u00f3vatosabbnak kell lennetek. Tan\u00edtsd meg a gyerekeknek, hogy id\u0151ben \u00e9s finoman f\u00e9kezzenek!<\/p>\n<p>&#8211; <strong>Cseng\u0151:<\/strong> Es\u0151ben mindenki arra figyel, hogy ne cs\u00fasszon el, \u00e9s kev\u00e9sb\u00e9 arra, hogy mi zajlik k\u00f6r\u00fcl\u00f6tte. A cseng\u0151 viszont seg\u00edt jelezni m\u00e1soknak, hogy k\u00f6zeledsz!<\/p>\n<figure id=\"attachment_18790\" aria-describedby=\"caption-attachment-18790\" style=\"width: 990px\" class=\"wp-caption alignnone\"><a href=\"https:\/\/d2p6e6u75xmxt8.cloudfront.net\/12\/2024\/10\/Cycling-in-Rain-profimedia-0874000521.webp\"><img loading=\"lazy\" decoding=\"async\" class=\"wp-image-18790 size-full\" src=\"https:\/\/d2p6e6u75xmxt8.cloudfront.net\/12\/2024\/10\/Cycling-in-Rain-profimedia-0874000521.webp\" alt=\"Cycling in rain\" width=\"990\" height=\"660\" srcset=\"https:\/\/d2p6e6u75xmxt8.cloudfront.net\/12\/2024\/10\/Cycling-in-Rain-profimedia-0874000521.webp 990w, https:\/\/d2p6e6u75xmxt8.cloudfront.net\/12\/2024\/10\/Cycling-in-Rain-profimedia-0874000521-300x200.webp 300w, https:\/\/d2p6e6u75xmxt8.cloudfront.net\/12\/2024\/10\/Cycling-in-Rain-profimedia-0874000521-768x512.webp 768w, https:\/\/d2p6e6u75xmxt8.cloudfront.net\/12\/2024\/10\/Cycling-in-Rain-profimedia-0874000521-400x267.webp 400w, https:\/\/d2p6e6u75xmxt8.cloudfront.net\/12\/2024\/10\/Cycling-in-Rain-profimedia-0874000521-272x182.webp 272w\" sizes=\"auto, (max-width: 990px) 100vw, 990px\" \/><\/a><figcaption id=\"caption-attachment-18790\" class=\"wp-caption-text\">\u00a9 Profimedia<\/figcaption><\/figure>\n<h2><strong>Fogadd el a helyzetet \u00e9s \u00e9ld \u00e1t a kalandot!<\/strong><\/h2>\n<h3><strong>1. \u00c9lvezd a v\u00e1ratlan \u00e9lm\u00e9nyt!<\/strong><\/h3>\n<p>Ha m\u00e1r teljesen el\u00e1ztatok, n\u00e9ha az a legjobb, ha egyszer\u0171en megpr\u00f3b\u00e1lj\u00e1tok \u00e9lvezni a helyzetet! Az es\u0151 hat\u00e1rozottan izgalmasabb\u00e1 teszi a t\u00far\u00e1t, \u00e9s a gyerekek sokszor m\u00e9g \u00f6r\u00fclnek is a meglepet\u00e9snek. Alak\u00edtsd \u00e1t j\u00e1t\u00e9kk\u00e1:<\/p>\n<p>&#8211; <strong>Pocsolya-gy\u0171jt\u0151 verseny:<\/strong> Ki tud a legnagyobbat csobbanni a biciklij\u00e9vel? Ki megy \u00e1t a legt\u00f6bb pocsoly\u00e1n? Persze figyelj a biztons\u00e1gra, de hagyd, hogy a gyerekek \u00e9lvezz\u00e9k a dagony\u00e1t!<\/p>\n<p>&#8211; <strong>Es\u0151-pihen\u0151:<\/strong> \u00c1lljatok meg egy fa alatt vagy buszmeg\u00e1ll\u00f3ban, \u00e9s vegy\u00e9tek el\u0151 a nasikat egy kis spont\u00e1n \u201ces\u0151 piknikhez.\u201d Remek alkalom nevetni azon, hogy mindenetek meg\u00e1zott!<\/p>\n<h3><strong>2. R\u00f6vid\u00edtsd le az utat, \u00e9s tarts pihen\u0151ket!<\/strong><\/h3>\n<p>Ha az es\u0151 komolyabbra fordul, a tervek m\u00f3dos\u00edt\u00e1sa mindenkinek seg\u00edt megnyugodni. \u00c9rdemes egy r\u00f6videbb, biztons\u00e1gosabb \u00fatvonalat v\u00e1lasztani, \u00e9s figyelni az es\u0151v\u00e9dett helyeket, ahol megpihenhettek, ha kell. N\u00e9ha az ir\u00e1nyv\u00e1lt\u00e1s is r\u00e9sze lehet a kalandnak!<\/p>\n<h3><strong>3. Otthon a meleg kandall\u00f3n\u00e1l: es\u0151 ut\u00e1ni rutin<\/strong><\/h3>\n<p>Amikor haza\u00e9rtek, gyorsan sz\u00e1r\u00edtkozzatok \u00e9s melegedjetek meg! Kezdj\u00e9tek egy meleg f\u00fcrd\u0151vel vagy zuhannyal, hogy el\u0171zz\u00e9tek a hideget a b\u0151r\u00f6t\u00f6kr\u0151l. Azt\u00e1n gy\u0171ljetek \u00f6ssze a nappaliban, ahol meleg van \u00e9s sok a takar\u00f3, \u00e9s ossz\u00e1tok meg egym\u00e1ssal, hogy \u00e9rezt\u00e9tek magatokat az es\u0151ben!<\/p>\n<p>K\u00e9sz\u00edtsetek forr\u00f3 italokat, p\u00e9ld\u00e1ul kaka\u00f3t vagy te\u00e1t, \u00e9s el\u0151 a kedvenc nasikkal, hogy igaz\u00e1n meghitt legyen a hangulat! A gyerekek \u00f6r\u00f6mmel mes\u00e9lnek majd a pocsoly\u00e1kban ugr\u00e1l\u00e1sr\u00f3l \u00e9s a vicces \u00e9lm\u00e9nyekr\u0151l, az otthon melege pedig mindenkinek seg\u00edt ellazulni. Az \u00e9lm\u00e9ny \u00fajra\u00e9l\u00e9s\u00e9vel \u00e9s a k\u00f6z\u00f6s id\u0151 meghosszabb\u00edt\u00e1s\u00e1val az es\u0151 \u00e1ztatta kiruccan\u00e1s az \u00e9v egyik legjobb eml\u00e9ke lehet.<\/p>\n<h2><strong>\u00c9lvezz\u00e9tek az \u0151szi bicikliz\u00e9st!<\/strong><\/h2>\n<p>Ha elkap az es\u0151, ez is r\u00e9sze lehet a csal\u00e1di bring\u00e1s kalandotoknak, k\u00fcl\u00f6n\u00f6sen \u0151sszel. Egy kis el\u0151k\u00e9sz\u00fclettel \u00e9s pozit\u00edv hozz\u00e1\u00e1ll\u00e1ssal egy es\u0151s t\u00fara is kedves eml\u00e9k marad. Fogadd el a v\u00e1ratlant, maradj biztons\u00e1gban, \u00e9s \u00e9lvezd a kellemes pillanatokat otthon, a kalandos \u00fat ut\u00e1n!<\/p>\n","protected":false},"excerpt":{"rendered":"<p>Az \u0151sz var\u00e1zslatos id\u0151szak a szabadt\u00e9ri csal\u00e1di programokhoz: friss a leveg\u0151, csod\u00e1latosak a sz\u00ednek, \u00e9s n\u00e9ha meglep egy-egy v\u00e1ratlan z\u00e1por, [&hellip;]<\/p>\n","protected":false},"author":71,"featured_media":18792,"comment_status":"open","ping_status":"open","sticky":false,"template":"","format":"standard","meta":{"footnotes":""},"categories":[11],"tags":[],"global-categories":[],"class_list":["post-18789","post","type-post","status-publish","format-standard","has-post-thumbnail","hentry","category-csalad"],"yoast_head":"<!-- This site is optimized with the Yoast SEO Premium plugin v25.3 (Yoast SEO v25.9) - https:\/\/yoast.com\/wordpress\/plugins\/seo\/ -->\n<title>Ha elkap az es\u0151: Hogyan lehet egy zuh\u00e9b\u00f3l igazi kaland?<\/title>\n<meta name=\"description\" content=\"Az \u0151sz var\u00e1zslatos id\u0151szak a szabadt\u00e9ri csal\u00e1di programokhoz: friss a leveg\u0151, csod\u00e1latosak a sz\u00ednek, \u00e9s n\u00e9ha meglep egy-egy v\u00e1ratlan z\u00e1por, ak\u00e1r der\u00fclt \u00e9gb\u0151l. Ok\u00e9, ez tal\u00e1n nem annyira var\u00e1zslatos, de egy kis szemerk\u00e9l\u0151 es\u0151 \u2013 vagy ak\u00e1r egy komolyabb z\u00e1por \u2013 nem felt\u00e9tlen\u00fcl kell, hogy v\u00e9get vessen a sz\u00f3rakoz\u00e1snak.\" \/>\n<meta name=\"robots\" content=\"index, follow, max-snippet:-1, max-image-preview:large, max-video-preview:-1\" \/>\n<link rel=\"canonical\" href=\"https:\/\/www.welovecycling.com\/hu\/csalad\/ha-elkap-az-eso-hogyan-lehet-egy-zuhebol-igazi-kaland\/\" \/>\n<meta property=\"og:locale\" content=\"hu_HU\" \/>\n<meta property=\"og:type\" content=\"article\" \/>\n<meta property=\"og:title\" content=\"Ha elkap az es\u0151: Hogyan lehet egy zuh\u00e9b\u00f3l igazi kaland?\" \/>\n<meta property=\"og:description\" content=\"Az \u0151sz var\u00e1zslatos id\u0151szak a szabadt\u00e9ri csal\u00e1di programokhoz: friss a leveg\u0151, csod\u00e1latosak a sz\u00ednek, \u00e9s n\u00e9ha meglep egy-egy v\u00e1ratlan z\u00e1por, ak\u00e1r der\u00fclt \u00e9gb\u0151l. Ok\u00e9, ez tal\u00e1n nem annyira var\u00e1zslatos, de egy kis szemerk\u00e9l\u0151 es\u0151 \u2013 vagy ak\u00e1r egy komolyabb z\u00e1por \u2013 nem felt\u00e9tlen\u00fcl kell, hogy v\u00e9get vessen a sz\u00f3rakoz\u00e1snak.\" \/>\n<meta property=\"og:url\" content=\"https:\/\/www.welovecycling.com\/hu\/csalad\/ha-elkap-az-eso-hogyan-lehet-egy-zuhebol-igazi-kaland\/\" \/>\n<meta property=\"og:site_name\" content=\"\u0160koda We Love Cycling - Magyarorsz\u00e1g\" \/>\n<meta property=\"article:publisher\" content=\"https:\/\/www.facebook.com\/WeLoveCyclingHungary\/\" \/>\n<meta property=\"article:published_time\" content=\"2024-11-11T06:00:55+00:00\" \/>\n<meta property=\"og:image\" content=\"https:\/\/d2p6e6u75xmxt8.cloudfront.net\/12\/2024\/10\/Child-Cycling-in-Rain-profimedia-0859467261-CVR.webp\" \/>\n\t<meta property=\"og:image:width\" content=\"990\" \/>\n\t<meta property=\"og:image:height\" content=\"660\" \/>\n\t<meta property=\"og:image:type\" content=\"image\/webp\" \/>\n<meta name=\"author\" content=\"hegyizs\" \/>\n<meta name=\"twitter:card\" content=\"summary_large_image\" \/>\n<meta name=\"twitter:label1\" content=\"Written by\" \/>\n\t<meta name=\"twitter:data1\" content=\"Monica Buck\" \/>\n\t<meta name=\"twitter:label2\" content=\"Est. reading time\" \/>\n\t<meta name=\"twitter:data2\" content=\"4\" \/>\n<script type=\"application\/ld+json\" class=\"yoast-schema-graph\">{\"@context\":\"https:\/\/schema.org\",\"@graph\":[{\"@type\":\"WebPage\",\"@id\":\"https:\/\/www.welovecycling.com\/hu\/csalad\/ha-elkap-az-eso-hogyan-lehet-egy-zuhebol-igazi-kaland\/\",\"url\":\"https:\/\/www.welovecycling.com\/hu\/csalad\/ha-elkap-az-eso-hogyan-lehet-egy-zuhebol-igazi-kaland\/\",\"name\":\"Ha elkap az es\u0151: Hogyan lehet egy zuh\u00e9b\u00f3l igazi kaland?\",\"isPartOf\":{\"@id\":\"https:\/\/www.welovecycling.com\/hu\/#website\"},\"primaryImageOfPage\":{\"@id\":\"https:\/\/www.welovecycling.com\/hu\/csalad\/ha-elkap-az-eso-hogyan-lehet-egy-zuhebol-igazi-kaland\/#primaryimage\"},\"image\":{\"@id\":\"https:\/\/www.welovecycling.com\/hu\/csalad\/ha-elkap-az-eso-hogyan-lehet-egy-zuhebol-igazi-kaland\/#primaryimage\"},\"thumbnailUrl\":\"https:\/\/d2p6e6u75xmxt8.cloudfront.net\/12\/2024\/10\/Child-Cycling-in-Rain-profimedia-0859467261-CVR.webp\",\"datePublished\":\"2024-11-11T06:00:55+00:00\",\"author\":{\"@id\":\"https:\/\/www.welovecycling.com\/hu\/#\/schema\/person\/414a2aebf1801691a5320edb6468e194\"},\"description\":\"Az \u0151sz var\u00e1zslatos id\u0151szak a szabadt\u00e9ri csal\u00e1di programokhoz: friss a leveg\u0151, csod\u00e1latosak a sz\u00ednek, \u00e9s n\u00e9ha meglep egy-egy v\u00e1ratlan z\u00e1por, ak\u00e1r der\u00fclt \u00e9gb\u0151l. Ok\u00e9, ez tal\u00e1n nem annyira var\u00e1zslatos, de egy kis szemerk\u00e9l\u0151 es\u0151 \u2013 vagy ak\u00e1r egy komolyabb z\u00e1por \u2013 nem felt\u00e9tlen\u00fcl kell, hogy v\u00e9get vessen a sz\u00f3rakoz\u00e1snak.\",\"breadcrumb\":{\"@id\":\"https:\/\/www.welovecycling.com\/hu\/csalad\/ha-elkap-az-eso-hogyan-lehet-egy-zuhebol-igazi-kaland\/#breadcrumb\"},\"inLanguage\":\"hu\",\"potentialAction\":[{\"@type\":\"ReadAction\",\"target\":[\"https:\/\/www.welovecycling.com\/hu\/csalad\/ha-elkap-az-eso-hogyan-lehet-egy-zuhebol-igazi-kaland\/\"]}]},{\"@type\":\"ImageObject\",\"inLanguage\":\"hu\",\"@id\":\"https:\/\/www.welovecycling.com\/hu\/csalad\/ha-elkap-az-eso-hogyan-lehet-egy-zuhebol-igazi-kaland\/#primaryimage\",\"url\":\"https:\/\/d2p6e6u75xmxt8.cloudfront.net\/12\/2024\/10\/Child-Cycling-in-Rain-profimedia-0859467261-CVR.webp\",\"contentUrl\":\"https:\/\/d2p6e6u75xmxt8.cloudfront.net\/12\/2024\/10\/Child-Cycling-in-Rain-profimedia-0859467261-CVR.webp\",\"width\":990,\"height\":660,\"caption\":\"Cycling in rain\"},{\"@type\":\"BreadcrumbList\",\"@id\":\"https:\/\/www.welovecycling.com\/hu\/csalad\/ha-elkap-az-eso-hogyan-lehet-egy-zuhebol-igazi-kaland\/#breadcrumb\",\"itemListElement\":[{\"@type\":\"ListItem\",\"position\":1,\"name\":\"Home\",\"item\":\"https:\/\/www.welovecycling.com\/hu\/\"},{\"@type\":\"ListItem\",\"position\":2,\"name\":\"Ha elkap az es\u0151: Hogyan lehet egy zuh\u00e9b\u00f3l igazi kaland?\"}]},{\"@type\":\"WebSite\",\"@id\":\"https:\/\/www.welovecycling.com\/hu\/#website\",\"url\":\"https:\/\/www.welovecycling.com\/hu\/\",\"name\":\"\u0160koda We Love Cycling - Magyarorsz\u00e1g\",\"description\":\"\u0160koda WeLoveCycling\",\"potentialAction\":[{\"@type\":\"SearchAction\",\"target\":{\"@type\":\"EntryPoint\",\"urlTemplate\":\"https:\/\/www.welovecycling.com\/hu\/?s={search_term_string}\"},\"query-input\":{\"@type\":\"PropertyValueSpecification\",\"valueRequired\":true,\"valueName\":\"search_term_string\"}}],\"inLanguage\":\"hu\"},{\"@type\":\"Person\",\"@id\":\"https:\/\/www.welovecycling.com\/hu\/#\/schema\/person\/414a2aebf1801691a5320edb6468e194\",\"name\":\"hegyizs\",\"image\":{\"@type\":\"ImageObject\",\"inLanguage\":\"hu\",\"@id\":\"https:\/\/www.welovecycling.com\/hu\/#\/schema\/person\/image\/\",\"url\":\"https:\/\/secure.gravatar.com\/avatar\/02cf8a7906b8cf90cecb4679defac7cfd33a1c2e3b88e4903d947f3bb58eedd3?s=96&d=mm&r=g\",\"contentUrl\":\"https:\/\/secure.gravatar.com\/avatar\/02cf8a7906b8cf90cecb4679defac7cfd33a1c2e3b88e4903d947f3bb58eedd3?s=96&d=mm&r=g\",\"caption\":\"hegyizs\"},\"url\":\"https:\/\/www.welovecycling.com\/hu\/author\/hegyizs\/\"}]}<\/script>\n<!-- \/ Yoast SEO Premium plugin. -->","yoast_head_json":{"title":"Ha elkap az es\u0151: Hogyan lehet egy zuh\u00e9b\u00f3l igazi kaland?","description":"Az \u0151sz var\u00e1zslatos id\u0151szak a szabadt\u00e9ri csal\u00e1di programokhoz: friss a leveg\u0151, csod\u00e1latosak a sz\u00ednek, \u00e9s n\u00e9ha meglep egy-egy v\u00e1ratlan z\u00e1por, ak\u00e1r der\u00fclt \u00e9gb\u0151l. Ok\u00e9, ez tal\u00e1n nem annyira var\u00e1zslatos, de egy kis szemerk\u00e9l\u0151 es\u0151 \u2013 vagy ak\u00e1r egy komolyabb z\u00e1por \u2013 nem felt\u00e9tlen\u00fcl kell, hogy v\u00e9get vessen a sz\u00f3rakoz\u00e1snak.","robots":{"index":"index","follow":"follow","max-snippet":"max-snippet:-1","max-image-preview":"max-image-preview:large","max-video-preview":"max-video-preview:-1"},"canonical":"https:\/\/www.welovecycling.com\/hu\/csalad\/ha-elkap-az-eso-hogyan-lehet-egy-zuhebol-igazi-kaland\/","og_locale":"hu_HU","og_type":"article","og_title":"Ha elkap az es\u0151: Hogyan lehet egy zuh\u00e9b\u00f3l igazi kaland?","og_description":"Az \u0151sz var\u00e1zslatos id\u0151szak a szabadt\u00e9ri csal\u00e1di programokhoz: friss a leveg\u0151, csod\u00e1latosak a sz\u00ednek, \u00e9s n\u00e9ha meglep egy-egy v\u00e1ratlan z\u00e1por, ak\u00e1r der\u00fclt \u00e9gb\u0151l. Ok\u00e9, ez tal\u00e1n nem annyira var\u00e1zslatos, de egy kis szemerk\u00e9l\u0151 es\u0151 \u2013 vagy ak\u00e1r egy komolyabb z\u00e1por \u2013 nem felt\u00e9tlen\u00fcl kell, hogy v\u00e9get vessen a sz\u00f3rakoz\u00e1snak.","og_url":"https:\/\/www.welovecycling.com\/hu\/csalad\/ha-elkap-az-eso-hogyan-lehet-egy-zuhebol-igazi-kaland\/","og_site_name":"\u0160koda We Love Cycling - Magyarorsz\u00e1g","article_publisher":"https:\/\/www.facebook.com\/WeLoveCyclingHungary\/","article_published_time":"2024-11-11T06:00:55+00:00","og_image":[{"width":990,"height":660,"url":"https:\/\/d2p6e6u75xmxt8.cloudfront.net\/12\/2024\/10\/Child-Cycling-in-Rain-profimedia-0859467261-CVR.webp","type":"image\/webp"}],"author":"hegyizs","twitter_card":"summary_large_image","twitter_misc":{"Written by":"Monica Buck","Est. reading time":"4"},"schema":{"@context":"https:\/\/schema.org","@graph":[{"@type":"WebPage","@id":"https:\/\/www.welovecycling.com\/hu\/csalad\/ha-elkap-az-eso-hogyan-lehet-egy-zuhebol-igazi-kaland\/","url":"https:\/\/www.welovecycling.com\/hu\/csalad\/ha-elkap-az-eso-hogyan-lehet-egy-zuhebol-igazi-kaland\/","name":"Ha elkap az es\u0151: Hogyan lehet egy zuh\u00e9b\u00f3l igazi kaland?","isPartOf":{"@id":"https:\/\/www.welovecycling.com\/hu\/#website"},"primaryImageOfPage":{"@id":"https:\/\/www.welovecycling.com\/hu\/csalad\/ha-elkap-az-eso-hogyan-lehet-egy-zuhebol-igazi-kaland\/#primaryimage"},"image":{"@id":"https:\/\/www.welovecycling.com\/hu\/csalad\/ha-elkap-az-eso-hogyan-lehet-egy-zuhebol-igazi-kaland\/#primaryimage"},"thumbnailUrl":"https:\/\/d2p6e6u75xmxt8.cloudfront.net\/12\/2024\/10\/Child-Cycling-in-Rain-profimedia-0859467261-CVR.webp","datePublished":"2024-11-11T06:00:55+00:00","author":{"@id":"https:\/\/www.welovecycling.com\/hu\/#\/schema\/person\/414a2aebf1801691a5320edb6468e194"},"description":"Az \u0151sz var\u00e1zslatos id\u0151szak a szabadt\u00e9ri csal\u00e1di programokhoz: friss a leveg\u0151, csod\u00e1latosak a sz\u00ednek, \u00e9s n\u00e9ha meglep egy-egy v\u00e1ratlan z\u00e1por, ak\u00e1r der\u00fclt \u00e9gb\u0151l. Ok\u00e9, ez tal\u00e1n nem annyira var\u00e1zslatos, de egy kis szemerk\u00e9l\u0151 es\u0151 \u2013 vagy ak\u00e1r egy komolyabb z\u00e1por \u2013 nem felt\u00e9tlen\u00fcl kell, hogy v\u00e9get vessen a sz\u00f3rakoz\u00e1snak.","breadcrumb":{"@id":"https:\/\/www.welovecycling.com\/hu\/csalad\/ha-elkap-az-eso-hogyan-lehet-egy-zuhebol-igazi-kaland\/#breadcrumb"},"inLanguage":"hu","potentialAction":[{"@type":"ReadAction","target":["https:\/\/www.welovecycling.com\/hu\/csalad\/ha-elkap-az-eso-hogyan-lehet-egy-zuhebol-igazi-kaland\/"]}]},{"@type":"ImageObject","inLanguage":"hu","@id":"https:\/\/www.welovecycling.com\/hu\/csalad\/ha-elkap-az-eso-hogyan-lehet-egy-zuhebol-igazi-kaland\/#primaryimage","url":"https:\/\/d2p6e6u75xmxt8.cloudfront.net\/12\/2024\/10\/Child-Cycling-in-Rain-profimedia-0859467261-CVR.webp","contentUrl":"https:\/\/d2p6e6u75xmxt8.cloudfront.net\/12\/2024\/10\/Child-Cycling-in-Rain-profimedia-0859467261-CVR.webp","width":990,"height":660,"caption":"Cycling in rain"},{"@type":"BreadcrumbList","@id":"https:\/\/www.welovecycling.com\/hu\/csalad\/ha-elkap-az-eso-hogyan-lehet-egy-zuhebol-igazi-kaland\/#breadcrumb","itemListElement":[{"@type":"ListItem","position":1,"name":"Home","item":"https:\/\/www.welovecycling.com\/hu\/"},{"@type":"ListItem","position":2,"name":"Ha elkap az es\u0151: Hogyan lehet egy zuh\u00e9b\u00f3l igazi kaland?"}]},{"@type":"WebSite","@id":"https:\/\/www.welovecycling.com\/hu\/#website","url":"https:\/\/www.welovecycling.com\/hu\/","name":"\u0160koda We Love Cycling - Magyarorsz\u00e1g","description":"\u0160koda WeLoveCycling","potentialAction":[{"@type":"SearchAction","target":{"@type":"EntryPoint","urlTemplate":"https:\/\/www.welovecycling.com\/hu\/?s={search_term_string}"},"query-input":{"@type":"PropertyValueSpecification","valueRequired":true,"valueName":"search_term_string"}}],"inLanguage":"hu"},{"@type":"Person","@id":"https:\/\/www.welovecycling.com\/hu\/#\/schema\/person\/414a2aebf1801691a5320edb6468e194","name":"hegyizs","image":{"@type":"ImageObject","inLanguage":"hu","@id":"https:\/\/www.welovecycling.com\/hu\/#\/schema\/person\/image\/","url":"https:\/\/secure.gravatar.com\/avatar\/02cf8a7906b8cf90cecb4679defac7cfd33a1c2e3b88e4903d947f3bb58eedd3?s=96&d=mm&r=g","contentUrl":"https:\/\/secure.gravatar.com\/avatar\/02cf8a7906b8cf90cecb4679defac7cfd33a1c2e3b88e4903d947f3bb58eedd3?s=96&d=mm&r=g","caption":"hegyizs"},"url":"https:\/\/www.welovecycling.com\/hu\/author\/hegyizs\/"}]}},"_links":{"self":[{"href":"https:\/\/www.welovecycling.com\/hu\/wp-json\/wp\/v2\/posts\/18789","targetHints":{"allow":["GET"]}}],"collection":[{"href":"https:\/\/www.welovecycling.com\/hu\/wp-json\/wp\/v2\/posts"}],"about":[{"href":"https:\/\/www.welovecycling.com\/hu\/wp-json\/wp\/v2\/types\/post"}],"author":[{"embeddable":true,"href":"https:\/\/www.welovecycling.com\/hu\/wp-json\/wp\/v2\/users\/71"}],"replies":[{"embeddable":true,"href":"https:\/\/www.welovecycling.com\/hu\/wp-json\/wp\/v2\/comments?post=18789"}],"version-history":[{"count":2,"href":"https:\/\/www.welovecycling.com\/hu\/wp-json\/wp\/v2\/posts\/18789\/revisions"}],"predecessor-version":[{"id":18793,"href":"https:\/\/www.welovecycling.com\/hu\/wp-json\/wp\/v2\/posts\/18789\/revisions\/18793"}],"wp:featuredmedia":[{"embeddable":true,"href":"https:\/\/www.welovecycling.com\/hu\/wp-json\/wp\/v2\/media\/18792"}],"wp:attachment":[{"href":"https:\/\/www.welovecycling.com\/hu\/wp-json\/wp\/v2\/media?parent=18789"}],"wp:term":[{"taxonomy":"category","embeddable":true,"href":"https:\/\/www.welovecycling.com\/hu\/wp-json\/wp\/v2\/categories?post=18789"},{"taxonomy":"post_tag","embeddable":true,"href":"https:\/\/www.welovecycling.com\/hu\/wp-json\/wp\/v2\/tags?post=18789"},{"taxonomy":"global-categories","embeddable":true,"href":"https:\/\/www.welovecycling.com\/hu\/wp-json\/wp\/v2\/global-categories?post=18789"}],"curies":[{"name":"wp","href":"https:\/\/api.w.org\/{rel}","templated":true}]}}