{"id":18786,"date":"2024-10-30T08:00:50","date_gmt":"2024-10-30T06:00:50","guid":{"rendered":"https:\/\/www.welovecycling.com\/hu\/?p=18786"},"modified":"2024-10-28T16:38:43","modified_gmt":"2024-10-28T14:38:43","slug":"5-tipp-az-oszi-biciklizeshez","status":"publish","type":"post","link":"https:\/\/www.welovecycling.com\/hu\/edzes-es-eletmod\/5-tipp-az-oszi-biciklizeshez\/","title":{"rendered":"5 tipp az \u0151szi bicikliz\u00e9shez"},"content":{"rendered":"<p><strong>Miut\u00e1n m\u00e1r t\u00fal vagy a legnagyobb esem\u00e9nyek c\u00e9lkit\u0171z\u00e9sein, a k\u00f6vetkez\u0151 h\u00f3napok tele vannak lehet\u0151s\u00e9gekkel! Ahelyett, hogy a kanap\u00e9n \u00fcln\u00e9l \u00e9s focit n\u00e9zn\u00e9l, haszn\u00e1ld ezt az id\u0151szakot arra, hogy az eg\u00e9szs\u00e9geddel, az \u00e1ltal\u00e1nos fizikai teljes\u00edtm\u00e9nyeddel \u00e9s az er\u0151nl\u00e9teddel foglalkozol \u2013 olyan dolgokkal, amelyekre a sport\u00e1g-specifikus edz\u00e9sek cs\u00facsid\u0151szak\u00e1ban nehezen jutott id\u0151.<\/strong><\/p>\n<p><!--more--><\/p>\n<h2><strong>Kezdj el er\u0151s\u00edteni!<\/strong><\/h2>\n<p>A legt\u00f6bb ker\u00e9kp\u00e1ros tudja, hogy az er\u0151s\u00edt\u0151 edz\u00e9s seg\u00edthet cs\u00f6kkenteni a s\u00e9r\u00fcl\u00e9sek kock\u00e1zat\u00e1t, s\u0151t, jav\u00edthatja a teljes\u00edtm\u00e9nyt is. De legy\u00fcnk \u0151szint\u00e9k, a legt\u00f6bb\u00fcnknek okoz n\u00e9mi neh\u00e9zs\u00e9get belev\u00e1gni az er\u0151s\u00edt\u00e9sbe &#8211; valljuk be, nem szeretj\u00fck. Az \u0151sz azonban t\u00e9nyleg a legjobb id\u0151szak arra, hogy m\u00e9gis meger\u0151ltess\u00fck magunkat. A versenyszezon v\u00e9gezt\u00e9vel m\u00e1r nem kell agg\u00f3dnod az izoml\u00e1z miatt, \u00e9s azon sem, hogy mennyi id\u0151t vesz ig\u00e9nybe egy \u00faj edz\u00e9srutin kialak\u00edt\u00e1sa.<\/p>\n<h2><strong>V\u00e1ltoztass az \u00e9trendeden!<\/strong><\/h2>\n<p>Tavasszal \u00e9s ny\u00e1ron, amikor mindig k\u00f6zeleg egy verseny, nem j\u00f3 \u00f6tlet v\u00e1ltoztatni a t\u00e1pl\u00e1lkoz\u00e1si szok\u00e1saidon \u2013 sem azon, hogy mit eszel a ker\u00e9kp\u00e1ron, sem azon, hogy mit egy\u00e9bk\u00e9nt. De az sem j\u00f3, ha sosem v\u00e1ltoztatsz rajta. \u00c9rdemes k\u00f6vetni a leg\u00fajabb kutat\u00e1sokat \u00e9s kipr\u00f3b\u00e1lni, neked mi m\u0171k\u00f6dik \u00e9s mi nem. Az \u0151sz t\u00f6k\u00e9letes id\u0151szak erre.<\/p>\n<p>A nyeregben kipr\u00f3b\u00e1lhatsz \u00faj zsel\u00e9ket, energiaszeleteket \u00e9s sportitalokat, hogy kider\u00fclj\u00f6n, melyik m\u00e1rk\u00e1k term\u00e9kei vannak r\u00e1d a legjobb hat\u00e1ssal. K\u00eds\u00e9rletezz \u00faj receptekkel h\u00e1zi k\u00e9sz\u00edt\u00e9s\u0171 r\u00e1gcs\u00e1lnival\u00f3khoz, p\u00e9ld\u00e1ul rizss\u00fctem\u00e9nyekhez vagy szendvicsekhez. Kipr\u00f3b\u00e1lhatod a magas sz\u00e9nhidr\u00e1tbevitel (90 g sz\u00e9nhidr\u00e1t\/\u00f3ra f\u00f6l\u00f6tt) strat\u00e9gi\u00e1j\u00e1t is!<\/p>\n<p>Amikor pedig nem \u00fclsz a nyeregben: pr\u00f3b\u00e1lj ki \u00faj edz\u00e9s el\u0151tti \u00e9tkez\u00e9si szok\u00e1sokat! Mi t\u00f6rt\u00e9nik p\u00e9ld\u00e1ul, ha eszel egy nagy reggelit, miel\u0151tt elindulsz egy reggeli edz\u00e9sre? Vagy, ha megpr\u00f3b\u00e1lod n\u00f6velni a feh\u00e9rjebeviteled \u2013 ez sok sportol\u00f3nak folyamatos kih\u00edv\u00e1s!<\/p>\n<h2><strong>Indulj \u00faj kalandokra!<\/strong><\/h2>\n<p>A szezon ezen pontj\u00e1n a legt\u00f6bb versenyt \u00e9s fontos esem\u00e9nyt m\u00e1r letudtad. Ez azt jelenti, hogy nagyj\u00e1b\u00f3l cs\u00facsform\u00e1ban vagy, azonban van egy csom\u00f3 id\u0151d. Az a rengeteg intervallum- \u00e9s struktur\u00e1lt edz\u00e9s, ami seg\u00edtett el\u00e9rni a c\u00e9ljaid, sok fegyelmet ig\u00e9nyelt. Most kihaszn\u00e1lhatod, hogy ennyire j\u00f3 vagy, \u00e9s \u00faj hegyeket, v\u00f6lgyeket, terepeket h\u00f3d\u00edthatsz meg!<\/p>\n<p>Mind\u00f6ssze annyit kell tenned, hogy sok id\u0151t t\u00f6ltesz a 2-es z\u00f3n\u00e1ban, hogy tov\u00e1bb fejleszd az \u00e1ll\u00f3k\u00e9pess\u00e9gedet, \u00e9s j\u00f3l felk\u00e9sz\u00fclj a kar\u00e1csonyi sz\u00fcnetre. Az \u0151szi id\u0151szak t\u00f6k\u00e9letes a hosszabb kalandokra. Ha \u00e1ltal\u00e1ban orsz\u00e1g\u00fatizol, most pr\u00f3b\u00e1ld ki a hegyiker\u00e9kp\u00e1roz\u00e1st vagy a gravelt! Haszn\u00e1ld ki, ameddig nincs csontfagyaszt\u00f3 hideg!<\/p>\n<h2><strong>\u00c1ll\u00edtsd be (\u00fajra) a bring\u00e1d!<\/strong><\/h2>\n<p>Az \u0151sz arra is t\u00f6k\u00e9letes, hogy be\u00e1ll\u00edtsd a ker\u00e9kp\u00e1rodat, \u00e9s k\u00eds\u00e9rletezz a testhelyzeteddel. Ha szeretn\u00e9l \u00faj biciklit venni, \u00faj t\u00edpusokat kipr\u00f3b\u00e1lni vagy aerodinamikai szempontb\u00f3l \u00fajragondolni a mostani be\u00e1ll\u00edt\u00e1said, most megteheted, an\u00e9lk\u00fcl hogy agg\u00f3dnod kellene, megszokod-e a k\u00f6vetkez\u0151 versenyig. R\u00e1ad\u00e1sul alacsonyabb intenzit\u00e1ssal k\u00f6nnyebben adapt\u00e1lod majd az \u00faj poz\u00edci\u00f3kat.<\/p>\n<h2><strong>L\u00e1togass el egy fizioterapeut\u00e1hoz!<\/strong><\/h2>\n<p>Az \u0151sz az az id\u0151, amikor el\u0151t\u00e9rbe kell helyezned a szezon alatt \u00f6sszegy\u0171jt\u00f6tt kisebb f\u00e1jdalmak \u00e9s s\u00e9r\u00fcl\u00e9sek megold\u00e1s\u00e1t. Ez \u00e1ltal\u00e1ban azt jelenti, hogy id\u0151pontot kell foglalnod egy j\u00f3 sportmassz\u0151rh\u00f6z vagy fizioterapeut\u00e1hoz, aki seg\u00edthet megoldani b\u00e1rmilyen r\u00e9gi s\u00e9r\u00fcl\u00e9st \u00e9s vissza\u00e1ll\u00edtja a testedben az egyens\u00falyt. Ez egyben j\u00f3 alkalom arra is, hogy egy teljes orvosi kivizsg\u00e1l\u00e1st v\u00e9geztess, hiszen most k\u00f6zelebb \u00e1llsz az alap\u00e1llapotodhoz, mint a versenyid\u0151szakban.<\/p>\n","protected":false},"excerpt":{"rendered":"<p>Miut\u00e1n m\u00e1r t\u00fal vagy a legnagyobb esem\u00e9nyek c\u00e9lkit\u0171z\u00e9sein, a k\u00f6vetkez\u0151 h\u00f3napok tele vannak lehet\u0151s\u00e9gekkel! Ahelyett, hogy a kanap\u00e9n \u00fcln\u00e9l \u00e9s [&hellip;]<\/p>\n","protected":false},"author":71,"featured_media":18787,"comment_status":"open","ping_status":"open","sticky":false,"template":"","format":"standard","meta":{"footnotes":""},"categories":[6],"tags":[],"global-categories":[],"class_list":["post-18786","post","type-post","status-publish","format-standard","has-post-thumbnail","hentry","category-edzes-es-eletmod"],"yoast_head":"<!-- This site is optimized with the Yoast SEO Premium plugin v25.3 (Yoast SEO v25.9) - https:\/\/yoast.com\/wordpress\/plugins\/seo\/ -->\n<title>5 tipp az \u0151szi bicikliz\u00e9shez<\/title>\n<meta name=\"description\" content=\"Miut\u00e1n m\u00e1r t\u00fal vagy a legnagyobb esem\u00e9nyek c\u00e9lkit\u0171z\u00e9sein, a k\u00f6vetkez\u0151 h\u00f3napok tele vannak lehet\u0151s\u00e9gekkel! Ahelyett, hogy a kanap\u00e9n \u00fcln\u00e9l \u00e9s focit n\u00e9zn\u00e9l, haszn\u00e1ld ezt az id\u0151szakot arra, hogy az eg\u00e9szs\u00e9geddel, az \u00e1ltal\u00e1nos fizikai teljes\u00edtm\u00e9nyeddel \u00e9s az er\u0151nl\u00e9teddel foglalkozol \u2013 olyan dolgokkal, amelyekre a sport\u00e1g-specifikus edz\u00e9sek cs\u00facsid\u0151szak\u00e1ban nehezen jutott id\u0151.\" \/>\n<meta name=\"robots\" content=\"index, follow, max-snippet:-1, max-image-preview:large, max-video-preview:-1\" \/>\n<link rel=\"canonical\" href=\"https:\/\/www.welovecycling.com\/hu\/edzes-es-eletmod\/5-tipp-az-oszi-biciklizeshez\/\" \/>\n<meta property=\"og:locale\" content=\"hu_HU\" \/>\n<meta property=\"og:type\" content=\"article\" \/>\n<meta property=\"og:title\" content=\"5 tipp az \u0151szi bicikliz\u00e9shez\" \/>\n<meta property=\"og:description\" content=\"Miut\u00e1n m\u00e1r t\u00fal vagy a legnagyobb esem\u00e9nyek c\u00e9lkit\u0171z\u00e9sein, a k\u00f6vetkez\u0151 h\u00f3napok tele vannak lehet\u0151s\u00e9gekkel! Ahelyett, hogy a kanap\u00e9n \u00fcln\u00e9l \u00e9s focit n\u00e9zn\u00e9l, haszn\u00e1ld ezt az id\u0151szakot arra, hogy az eg\u00e9szs\u00e9geddel, az \u00e1ltal\u00e1nos fizikai teljes\u00edtm\u00e9nyeddel \u00e9s az er\u0151nl\u00e9teddel foglalkozol \u2013 olyan dolgokkal, amelyekre a sport\u00e1g-specifikus edz\u00e9sek cs\u00facsid\u0151szak\u00e1ban nehezen jutott id\u0151.\" \/>\n<meta property=\"og:url\" content=\"https:\/\/www.welovecycling.com\/hu\/edzes-es-eletmod\/5-tipp-az-oszi-biciklizeshez\/\" \/>\n<meta property=\"og:site_name\" content=\"\u0160koda We Love Cycling - Magyarorsz\u00e1g\" \/>\n<meta property=\"article:publisher\" content=\"https:\/\/www.facebook.com\/WeLoveCyclingHungary\/\" \/>\n<meta property=\"article:published_time\" content=\"2024-10-30T06:00:50+00:00\" \/>\n<meta property=\"og:image\" content=\"https:\/\/d2p6e6u75xmxt8.cloudfront.net\/12\/2024\/10\/Autumn-Cycling-profimedia-0915395790-CVR.webp\" \/>\n\t<meta property=\"og:image:width\" content=\"990\" \/>\n\t<meta property=\"og:image:height\" content=\"660\" \/>\n\t<meta property=\"og:image:type\" content=\"image\/webp\" \/>\n<meta name=\"author\" content=\"hegyizs\" \/>\n<meta name=\"twitter:card\" content=\"summary_large_image\" \/>\n<meta name=\"twitter:label1\" content=\"Written by\" \/>\n\t<meta name=\"twitter:data1\" content=\"Jiri Kaloc\" \/>\n\t<meta name=\"twitter:label2\" content=\"Est. reading time\" \/>\n\t<meta name=\"twitter:data2\" content=\"3\" \/>\n<script type=\"application\/ld+json\" class=\"yoast-schema-graph\">{\"@context\":\"https:\/\/schema.org\",\"@graph\":[{\"@type\":\"WebPage\",\"@id\":\"https:\/\/www.welovecycling.com\/hu\/edzes-es-eletmod\/5-tipp-az-oszi-biciklizeshez\/\",\"url\":\"https:\/\/www.welovecycling.com\/hu\/edzes-es-eletmod\/5-tipp-az-oszi-biciklizeshez\/\",\"name\":\"5 tipp az \u0151szi bicikliz\u00e9shez\",\"isPartOf\":{\"@id\":\"https:\/\/www.welovecycling.com\/hu\/#website\"},\"primaryImageOfPage\":{\"@id\":\"https:\/\/www.welovecycling.com\/hu\/edzes-es-eletmod\/5-tipp-az-oszi-biciklizeshez\/#primaryimage\"},\"image\":{\"@id\":\"https:\/\/www.welovecycling.com\/hu\/edzes-es-eletmod\/5-tipp-az-oszi-biciklizeshez\/#primaryimage\"},\"thumbnailUrl\":\"https:\/\/d2p6e6u75xmxt8.cloudfront.net\/12\/2024\/10\/Autumn-Cycling-profimedia-0915395790-CVR.webp\",\"datePublished\":\"2024-10-30T06:00:50+00:00\",\"author\":{\"@id\":\"https:\/\/www.welovecycling.com\/hu\/#\/schema\/person\/414a2aebf1801691a5320edb6468e194\"},\"description\":\"Miut\u00e1n m\u00e1r t\u00fal vagy a legnagyobb esem\u00e9nyek c\u00e9lkit\u0171z\u00e9sein, a k\u00f6vetkez\u0151 h\u00f3napok tele vannak lehet\u0151s\u00e9gekkel! Ahelyett, hogy a kanap\u00e9n \u00fcln\u00e9l \u00e9s focit n\u00e9zn\u00e9l, haszn\u00e1ld ezt az id\u0151szakot arra, hogy az eg\u00e9szs\u00e9geddel, az \u00e1ltal\u00e1nos fizikai teljes\u00edtm\u00e9nyeddel \u00e9s az er\u0151nl\u00e9teddel foglalkozol \u2013 olyan dolgokkal, amelyekre a sport\u00e1g-specifikus edz\u00e9sek cs\u00facsid\u0151szak\u00e1ban nehezen jutott id\u0151.\",\"breadcrumb\":{\"@id\":\"https:\/\/www.welovecycling.com\/hu\/edzes-es-eletmod\/5-tipp-az-oszi-biciklizeshez\/#breadcrumb\"},\"inLanguage\":\"hu\",\"potentialAction\":[{\"@type\":\"ReadAction\",\"target\":[\"https:\/\/www.welovecycling.com\/hu\/edzes-es-eletmod\/5-tipp-az-oszi-biciklizeshez\/\"]}]},{\"@type\":\"ImageObject\",\"inLanguage\":\"hu\",\"@id\":\"https:\/\/www.welovecycling.com\/hu\/edzes-es-eletmod\/5-tipp-az-oszi-biciklizeshez\/#primaryimage\",\"url\":\"https:\/\/d2p6e6u75xmxt8.cloudfront.net\/12\/2024\/10\/Autumn-Cycling-profimedia-0915395790-CVR.webp\",\"contentUrl\":\"https:\/\/d2p6e6u75xmxt8.cloudfront.net\/12\/2024\/10\/Autumn-Cycling-profimedia-0915395790-CVR.webp\",\"width\":990,\"height\":660,\"caption\":\"Autumn cycling\"},{\"@type\":\"BreadcrumbList\",\"@id\":\"https:\/\/www.welovecycling.com\/hu\/edzes-es-eletmod\/5-tipp-az-oszi-biciklizeshez\/#breadcrumb\",\"itemListElement\":[{\"@type\":\"ListItem\",\"position\":1,\"name\":\"Home\",\"item\":\"https:\/\/www.welovecycling.com\/hu\/\"},{\"@type\":\"ListItem\",\"position\":2,\"name\":\"5 tipp az \u0151szi bicikliz\u00e9shez\"}]},{\"@type\":\"WebSite\",\"@id\":\"https:\/\/www.welovecycling.com\/hu\/#website\",\"url\":\"https:\/\/www.welovecycling.com\/hu\/\",\"name\":\"\u0160koda We Love Cycling - Magyarorsz\u00e1g\",\"description\":\"\u0160koda WeLoveCycling\",\"potentialAction\":[{\"@type\":\"SearchAction\",\"target\":{\"@type\":\"EntryPoint\",\"urlTemplate\":\"https:\/\/www.welovecycling.com\/hu\/?s={search_term_string}\"},\"query-input\":{\"@type\":\"PropertyValueSpecification\",\"valueRequired\":true,\"valueName\":\"search_term_string\"}}],\"inLanguage\":\"hu\"},{\"@type\":\"Person\",\"@id\":\"https:\/\/www.welovecycling.com\/hu\/#\/schema\/person\/414a2aebf1801691a5320edb6468e194\",\"name\":\"hegyizs\",\"image\":{\"@type\":\"ImageObject\",\"inLanguage\":\"hu\",\"@id\":\"https:\/\/www.welovecycling.com\/hu\/#\/schema\/person\/image\/\",\"url\":\"https:\/\/secure.gravatar.com\/avatar\/02cf8a7906b8cf90cecb4679defac7cfd33a1c2e3b88e4903d947f3bb58eedd3?s=96&d=mm&r=g\",\"contentUrl\":\"https:\/\/secure.gravatar.com\/avatar\/02cf8a7906b8cf90cecb4679defac7cfd33a1c2e3b88e4903d947f3bb58eedd3?s=96&d=mm&r=g\",\"caption\":\"hegyizs\"},\"url\":\"https:\/\/www.welovecycling.com\/hu\/author\/hegyizs\/\"}]}<\/script>\n<!-- \/ Yoast SEO Premium plugin. -->","yoast_head_json":{"title":"5 tipp az \u0151szi bicikliz\u00e9shez","description":"Miut\u00e1n m\u00e1r t\u00fal vagy a legnagyobb esem\u00e9nyek c\u00e9lkit\u0171z\u00e9sein, a k\u00f6vetkez\u0151 h\u00f3napok tele vannak lehet\u0151s\u00e9gekkel! Ahelyett, hogy a kanap\u00e9n \u00fcln\u00e9l \u00e9s focit n\u00e9zn\u00e9l, haszn\u00e1ld ezt az id\u0151szakot arra, hogy az eg\u00e9szs\u00e9geddel, az \u00e1ltal\u00e1nos fizikai teljes\u00edtm\u00e9nyeddel \u00e9s az er\u0151nl\u00e9teddel foglalkozol \u2013 olyan dolgokkal, amelyekre a sport\u00e1g-specifikus edz\u00e9sek cs\u00facsid\u0151szak\u00e1ban nehezen jutott id\u0151.","robots":{"index":"index","follow":"follow","max-snippet":"max-snippet:-1","max-image-preview":"max-image-preview:large","max-video-preview":"max-video-preview:-1"},"canonical":"https:\/\/www.welovecycling.com\/hu\/edzes-es-eletmod\/5-tipp-az-oszi-biciklizeshez\/","og_locale":"hu_HU","og_type":"article","og_title":"5 tipp az \u0151szi bicikliz\u00e9shez","og_description":"Miut\u00e1n m\u00e1r t\u00fal vagy a legnagyobb esem\u00e9nyek c\u00e9lkit\u0171z\u00e9sein, a k\u00f6vetkez\u0151 h\u00f3napok tele vannak lehet\u0151s\u00e9gekkel! Ahelyett, hogy a kanap\u00e9n \u00fcln\u00e9l \u00e9s focit n\u00e9zn\u00e9l, haszn\u00e1ld ezt az id\u0151szakot arra, hogy az eg\u00e9szs\u00e9geddel, az \u00e1ltal\u00e1nos fizikai teljes\u00edtm\u00e9nyeddel \u00e9s az er\u0151nl\u00e9teddel foglalkozol \u2013 olyan dolgokkal, amelyekre a sport\u00e1g-specifikus edz\u00e9sek cs\u00facsid\u0151szak\u00e1ban nehezen jutott id\u0151.","og_url":"https:\/\/www.welovecycling.com\/hu\/edzes-es-eletmod\/5-tipp-az-oszi-biciklizeshez\/","og_site_name":"\u0160koda We Love Cycling - Magyarorsz\u00e1g","article_publisher":"https:\/\/www.facebook.com\/WeLoveCyclingHungary\/","article_published_time":"2024-10-30T06:00:50+00:00","og_image":[{"width":990,"height":660,"url":"https:\/\/d2p6e6u75xmxt8.cloudfront.net\/12\/2024\/10\/Autumn-Cycling-profimedia-0915395790-CVR.webp","type":"image\/webp"}],"author":"hegyizs","twitter_card":"summary_large_image","twitter_misc":{"Written by":"Jiri Kaloc","Est. reading time":"3"},"schema":{"@context":"https:\/\/schema.org","@graph":[{"@type":"WebPage","@id":"https:\/\/www.welovecycling.com\/hu\/edzes-es-eletmod\/5-tipp-az-oszi-biciklizeshez\/","url":"https:\/\/www.welovecycling.com\/hu\/edzes-es-eletmod\/5-tipp-az-oszi-biciklizeshez\/","name":"5 tipp az \u0151szi bicikliz\u00e9shez","isPartOf":{"@id":"https:\/\/www.welovecycling.com\/hu\/#website"},"primaryImageOfPage":{"@id":"https:\/\/www.welovecycling.com\/hu\/edzes-es-eletmod\/5-tipp-az-oszi-biciklizeshez\/#primaryimage"},"image":{"@id":"https:\/\/www.welovecycling.com\/hu\/edzes-es-eletmod\/5-tipp-az-oszi-biciklizeshez\/#primaryimage"},"thumbnailUrl":"https:\/\/d2p6e6u75xmxt8.cloudfront.net\/12\/2024\/10\/Autumn-Cycling-profimedia-0915395790-CVR.webp","datePublished":"2024-10-30T06:00:50+00:00","author":{"@id":"https:\/\/www.welovecycling.com\/hu\/#\/schema\/person\/414a2aebf1801691a5320edb6468e194"},"description":"Miut\u00e1n m\u00e1r t\u00fal vagy a legnagyobb esem\u00e9nyek c\u00e9lkit\u0171z\u00e9sein, a k\u00f6vetkez\u0151 h\u00f3napok tele vannak lehet\u0151s\u00e9gekkel! Ahelyett, hogy a kanap\u00e9n \u00fcln\u00e9l \u00e9s focit n\u00e9zn\u00e9l, haszn\u00e1ld ezt az id\u0151szakot arra, hogy az eg\u00e9szs\u00e9geddel, az \u00e1ltal\u00e1nos fizikai teljes\u00edtm\u00e9nyeddel \u00e9s az er\u0151nl\u00e9teddel foglalkozol \u2013 olyan dolgokkal, amelyekre a sport\u00e1g-specifikus edz\u00e9sek cs\u00facsid\u0151szak\u00e1ban nehezen jutott id\u0151.","breadcrumb":{"@id":"https:\/\/www.welovecycling.com\/hu\/edzes-es-eletmod\/5-tipp-az-oszi-biciklizeshez\/#breadcrumb"},"inLanguage":"hu","potentialAction":[{"@type":"ReadAction","target":["https:\/\/www.welovecycling.com\/hu\/edzes-es-eletmod\/5-tipp-az-oszi-biciklizeshez\/"]}]},{"@type":"ImageObject","inLanguage":"hu","@id":"https:\/\/www.welovecycling.com\/hu\/edzes-es-eletmod\/5-tipp-az-oszi-biciklizeshez\/#primaryimage","url":"https:\/\/d2p6e6u75xmxt8.cloudfront.net\/12\/2024\/10\/Autumn-Cycling-profimedia-0915395790-CVR.webp","contentUrl":"https:\/\/d2p6e6u75xmxt8.cloudfront.net\/12\/2024\/10\/Autumn-Cycling-profimedia-0915395790-CVR.webp","width":990,"height":660,"caption":"Autumn cycling"},{"@type":"BreadcrumbList","@id":"https:\/\/www.welovecycling.com\/hu\/edzes-es-eletmod\/5-tipp-az-oszi-biciklizeshez\/#breadcrumb","itemListElement":[{"@type":"ListItem","position":1,"name":"Home","item":"https:\/\/www.welovecycling.com\/hu\/"},{"@type":"ListItem","position":2,"name":"5 tipp az \u0151szi bicikliz\u00e9shez"}]},{"@type":"WebSite","@id":"https:\/\/www.welovecycling.com\/hu\/#website","url":"https:\/\/www.welovecycling.com\/hu\/","name":"\u0160koda We Love Cycling - Magyarorsz\u00e1g","description":"\u0160koda WeLoveCycling","potentialAction":[{"@type":"SearchAction","target":{"@type":"EntryPoint","urlTemplate":"https:\/\/www.welovecycling.com\/hu\/?s={search_term_string}"},"query-input":{"@type":"PropertyValueSpecification","valueRequired":true,"valueName":"search_term_string"}}],"inLanguage":"hu"},{"@type":"Person","@id":"https:\/\/www.welovecycling.com\/hu\/#\/schema\/person\/414a2aebf1801691a5320edb6468e194","name":"hegyizs","image":{"@type":"ImageObject","inLanguage":"hu","@id":"https:\/\/www.welovecycling.com\/hu\/#\/schema\/person\/image\/","url":"https:\/\/secure.gravatar.com\/avatar\/02cf8a7906b8cf90cecb4679defac7cfd33a1c2e3b88e4903d947f3bb58eedd3?s=96&d=mm&r=g","contentUrl":"https:\/\/secure.gravatar.com\/avatar\/02cf8a7906b8cf90cecb4679defac7cfd33a1c2e3b88e4903d947f3bb58eedd3?s=96&d=mm&r=g","caption":"hegyizs"},"url":"https:\/\/www.welovecycling.com\/hu\/author\/hegyizs\/"}]}},"_links":{"self":[{"href":"https:\/\/www.welovecycling.com\/hu\/wp-json\/wp\/v2\/posts\/18786","targetHints":{"allow":["GET"]}}],"collection":[{"href":"https:\/\/www.welovecycling.com\/hu\/wp-json\/wp\/v2\/posts"}],"about":[{"href":"https:\/\/www.welovecycling.com\/hu\/wp-json\/wp\/v2\/types\/post"}],"author":[{"embeddable":true,"href":"https:\/\/www.welovecycling.com\/hu\/wp-json\/wp\/v2\/users\/71"}],"replies":[{"embeddable":true,"href":"https:\/\/www.welovecycling.com\/hu\/wp-json\/wp\/v2\/comments?post=18786"}],"version-history":[{"count":1,"href":"https:\/\/www.welovecycling.com\/hu\/wp-json\/wp\/v2\/posts\/18786\/revisions"}],"predecessor-version":[{"id":18788,"href":"https:\/\/www.welovecycling.com\/hu\/wp-json\/wp\/v2\/posts\/18786\/revisions\/18788"}],"wp:featuredmedia":[{"embeddable":true,"href":"https:\/\/www.welovecycling.com\/hu\/wp-json\/wp\/v2\/media\/18787"}],"wp:attachment":[{"href":"https:\/\/www.welovecycling.com\/hu\/wp-json\/wp\/v2\/media?parent=18786"}],"wp:term":[{"taxonomy":"category","embeddable":true,"href":"https:\/\/www.welovecycling.com\/hu\/wp-json\/wp\/v2\/categories?post=18786"},{"taxonomy":"post_tag","embeddable":true,"href":"https:\/\/www.welovecycling.com\/hu\/wp-json\/wp\/v2\/tags?post=18786"},{"taxonomy":"global-categories","embeddable":true,"href":"https:\/\/www.welovecycling.com\/hu\/wp-json\/wp\/v2\/global-categories?post=18786"}],"curies":[{"name":"wp","href":"https:\/\/api.w.org\/{rel}","templated":true}]}}