{"id":18782,"date":"2024-10-25T08:00:54","date_gmt":"2024-10-25T06:00:54","guid":{"rendered":"https:\/\/www.welovecycling.com\/hu\/?p=18782"},"modified":"2024-10-15T10:50:18","modified_gmt":"2024-10-15T08:50:18","slug":"uae-team-emirates-hova-fejlodhet-meg-a-vilag-legjobb-csapata","status":"publish","type":"post","link":"https:\/\/www.welovecycling.com\/hu\/orszaguti-kerekpar\/uae-team-emirates-hova-fejlodhet-meg-a-vilag-legjobb-csapata\/","title":{"rendered":"UAE Team Emirates: Hova fejl\u0151dhet m\u00e9g a vil\u00e1g legjobb csapata?"},"content":{"rendered":"<p><strong>Ha te vagy a vil\u00e1g legjobb csapata, a vil\u00e1g legjobb ker\u00e9kp\u00e1ros\u00e1val a soraidban, mit kell tenned ahhoz, hogy 2025-ben m\u00e9g jobb legy\u00e9l? Ez az a nem t\u00fal kellemetlen probl\u00e9ma, amivel az UAE Team Emirates szembes\u00fcl, mik\u00f6zben a k\u00f6vetkez\u0151 szezonra k\u00e9sz\u00fclnek, \u00e9s \u00e9lvezik Tadej Poga\u010dar csod\u00e1s \u00e9v\u00e9nek ut\u00f3hat\u00e1sait, mely sor\u00e1n 23 versenyt nyert meg, k\u00f6zt\u00fck a t\u00f6rt\u00e9nelmi Giro d\u2019Italia &#8211; Tour de France &#8211; orsz\u00e1g\u00fati vil\u00e1gbajnoks\u00e1g h\u00e1rmast is.<\/strong><\/p>\n<p><!--more--><\/p>\n<p>Nos, a legfontosabb dolog az lenne, ha vatt\u00e1ba csomagoln\u00e1k \u00e9s egy biztons\u00e1gos helyre tenn\u00e9k, am\u00edg 2025-ben \u00fajra elkezdik az edz\u00e9seket, hogy biztosan eg\u00e9szs\u00e9ges maradjon. Mert l\u00e1ssuk be, n\u00e9lk\u00fcle a csapat csak kiv\u00e1l\u00f3 lenne, nem pedig kimagasl\u00f3. Poga\u010dar k\u00e9ts\u00e9gtelen\u00fcl a sz\u00e1zad legjobb ker\u00e9kp\u00e1rosa, ha nem a valaha volt legjobb (greatest of all time &#8211; GOAT).<\/p>\n<p>A ker\u00e9kp\u00e1rsport eddigi GOAT-ja, Eddy Merckx, \u00e1tadta a koron\u00e1t a 26 \u00e9ves szlov\u00e9nnak, amikor \u00edgy nyilatkozott a L\u2019Equipe-nek: <em>\u201eNyilv\u00e1nval\u00f3, hogy m\u00e1r f\u00f6l\u00e9m emelkedett. M\u00e1r akkor is gondoltam erre, amikor l\u00e1ttam, ahogy az utols\u00f3 Tour de France-on versenyzett, de [a vil\u00e1gbajnoks\u00e1g ut\u00e1n] m\u00e1r nincs k\u00e9ts\u00e9gem.\u201d<\/em><\/p>\n<p>Merckx volt az els\u0151 versenyz\u0151, aki egy \u00e9vben megnyerte a h\u00e1rom nagy versenyt, 1974-ben, ezt pedig eddig csak Stephen Roche tudott megism\u00e9telni 1987-ben &#8211; most pedig Poga\u010dar. A szlov\u00e9n vil\u00e1gbajnoki gy\u0151zelme \u2013 egy 100 km-es t\u00e1mad\u00e1s \u2013 volt az, ami, ahogy \u201eA Kannib\u00e1l\u201d mondta, minden k\u00e9ts\u00e9get eloszlatott a sportt\u00f6rt\u00e9nelemben elfoglalt hely\u00e9t illet\u0151en.<\/p>\n<p>Van-e m\u00e9g teh\u00e1t feljebb a vil\u00e1g legjobbj\u00e1nak? Hogyan lehet m\u00e9g jobb, m\u00e9g gyorsabb, m\u00e9g \u00fcgyesebb, m\u00e9g sikeresebb? Az egyik lehet\u0151s\u00e9g a ker\u00e9kp\u00e1roz\u00e1s igazi szenth\u00e1roms\u00e1g\u00e1nak megszerz\u00e9se, azaz a Giro, a Tour \u00e9s a Vuelta a Espa\u00f1a dobog\u00f3j\u00e1nak legfels\u0151 fok\u00e1n \u00e1llni, egy \u00e9ven bel\u00fcl, de ezt m\u00e9g senki sem \u00e9rte el. Poga\u010dar azonban soha nem volt az a t\u00edpus, aki megel\u00e9gedne az eddig el\u00e9rt eredm\u00e9nyeivel. \u00c9s most, hogy el\u00e9rte a Giro-Tour-VB h\u00e1rmast, tal\u00e1n valami olyat akar megval\u00f3s\u00edtani, ami egy\u00e9nileg m\u00e9g senkinek sem siker\u00fclt\u2026<\/p>\n<p>Az UAE Team Emirates nyitott lehet erre a kih\u00edv\u00e1sra, m\u00e1r csak az\u00e9rt is, mert eddig csak egy csapat \u00e9rte el ezt a brav\u00fart, \u0151si riv\u00e1lisuk, a Visma\u2013Lease a Bike, \u00e9ppen tavaly. Ez m\u00e9g izgalmasabb\u00e1 tenn\u00e9 a rivaliz\u00e1l\u00e1sukat, \u00e9s szinte biztosan r\u00e1venn\u00e9 a Vism\u00e1t, hogy k\u00e9tszeres Tour-gy\u0151ztes\u00fcket, Jonas Vingegaardot elk\u00fcldj\u00e9k a Vuelt\u00e1ra is &#8211; \u00e9s a verseny meg is \u00e9rdemelne egy izgalmasabb mez\u0151nyt, mint amilyen az idei volt.<\/p>\n<p>Emellett Poga\u010darnak k\u00e9t tov\u00e1bbi Tour-gy\u0151zelmre van sz\u00fcks\u00e9ge ahhoz, hogy csatlakozhasson a legnagyobb versenyz\u0151kh\u00f6z, mint amilyen Merckx, Jacques Anquetil, Bernard Hinault \u00e9s Miguel Indurain, akik mindannyian \u00f6tsz\u00f6r szerezt\u00e9k meg a Tour s\u00e1rga trik\u00f3j\u00e1t. \u00c9s mi\u00e9rt ne pr\u00f3b\u00e1lkozna meg azt\u00e1n egy hatodikkal is?<\/p>\n<p>Ezeket a c\u00e9lokat azonban megnehez\u00edtheti Vingegaard \u00e9s a Visma visszat\u00e9r\u00e9se egy balesetekkel \u00e9s betegs\u00e9gekkel teli \u00e9v ut\u00e1n. Nem akarjuk lekicsinyelni Poga\u010dar eredm\u00e9nyeit, de t\u00e9ny, hogy Vingegaard, akit t\u00f6bb mint 6 perccel legy\u0151z\u00f6tt a Tour-on, csak \u00e1rny\u00e9ka volt \u00f6nmag\u00e1nak: egy s\u00falyos baleset ut\u00e1n t\u00e9rt vissza, \u00e9s majdnem h\u00e1rom h\u00f3napja nem versenyzett, miel\u0151tt rajthoz \u00e1llt.<\/p>\n<p>Az a hat szakasz, amit Poga\u010dar megnyert a Tour-on, mind az \u0151 f\u00f6l\u00e9ny\u00e9nek, mind riv\u00e1lisainak szintj\u00e9t j\u00f3l mutatja. Egy eg\u00e9szs\u00e9ges, cs\u00facsform\u00e1ban l\u00e9v\u0151 Vingegaard, akit a teljes erej\u0171 Visma\u2013Lease a Bike t\u00e1mogat, teljesen m\u00e1sfajta kih\u00edv\u00e1st, \u00e9s sokkal szorosabb versenyt jelenthet a k\u00f6vetkez\u0151 \u00e9vekben.<\/p>\n<p>Az UAE Team Emirates jelenleg a ker\u00e9kp\u00e1ros vil\u00e1g \u00e9l\u00e9n \u00e1ll, vezeti a UCI csapatrangsor\u00e1t 34849,6 ponttal, a Vism\u00e1t 19876,98 ponttal \u00e9s a Soudal\u2013Quick Stepet 17111,97 ponttal el\u0151zi meg. A csapat eddig 77 versenyt nyert meg ebben az \u00e9vben, \u00e9s rekordot d\u00f6nt\u00f6tt azzal, hogy t\u00f6bb mint 20 k\u00fcl\u00f6nb\u00f6z\u0151 versenyz\u0151j\u00fck nyert legal\u00e1bb egyszer. Mit tehetnek, hogy m\u00e9g jobbak legyenek az \u00faj szezonban?<\/p>\n<p>Az els\u0151 l\u00e9p\u00e9s, hogy meg\u0151rizz\u00e9k szuperszt\u00e1rokkal teli csapatukat. Ennek \u00e9rdek\u00e9ben az UAE 20 versenyz\u0151 szerz\u0151d\u00e9s\u00e9t hosszabb\u00edtott meg, \u00edgy t\u00f6bbek k\u00f6z\u00f6tt Jo\u00e3o Almeida, Juan Ayuso, Mikkel Bjerg, Isaac del Toro (2029-ig!), Brandon McNulty, Marc Soler, Jay Vine \u00e9s term\u00e9szetesen Poga\u010dar is biztosan n\u00e1luk marad (2027-ig). A vil\u00e1gbajnok \u00f6sszes Grand Tour seg\u00edt\u0151je legal\u00e1bb egy \u00e9vre visszat\u00e9r. Marc Hirschi (Tudor Pro Cycling), Finn Fischer-Black (Red Bull\u2013BORA\u2013hansgrohe) \u00e9s Diego Ulissi (Astana Qazaqstan) t\u00e1voztak, de \u0151k nem Grand Tour versenyz\u0151k voltak.<\/p>\n<p style=\"font-weight: 400;\">Mivel megtartott\u00e1k csapatuk nagy r\u00e9sz\u00e9t, az UAE eddig viszonylag csendes volt az \u00e1tigazol\u00e1sok alatt. Leszerz\u0151dtette a 25 \u00e9ves Florian Vermeersch-t, aki egy szuper egynapos versenyz\u0151, \u00e9s m\u00e1sodik lett a 2021-es Paris-Roubaix-n a Lotto Dstny sz\u00edneiben. M\u00e9g fontosabb, hogy csatlakozott a csapathoz a jelenlegi ecuadori bajnok, Jhonatan Narv\u00e1ez, aki bizony\u00e1ra leny\u0171g\u00f6zte Poga\u010dart, amikor legy\u0151zte \u0151t az idei Giro els\u0151 szakasz\u00e1n. A vil\u00e1g legjobb versenyz\u0151je \u00e9s a legjobb csapata mellett versenyezve a 27 \u00e9ves Narv\u00e1ez rengeteget fejl\u0151dhet, \u00e9s tov\u00e1bb er\u0151s\u00edtheti az UAE Team Emirates-et. A show teh\u00e1t folytat\u00f3dik.<\/p>\n","protected":false},"excerpt":{"rendered":"<p>Ha te vagy a vil\u00e1g legjobb csapata, a vil\u00e1g legjobb ker\u00e9kp\u00e1ros\u00e1val a soraidban, mit kell tenned ahhoz, hogy 2025-ben m\u00e9g [&hellip;]<\/p>\n","protected":false},"author":71,"featured_media":18783,"comment_status":"open","ping_status":"open","sticky":false,"template":"","format":"standard","meta":{"footnotes":""},"categories":[8],"tags":[],"global-categories":[],"class_list":["post-18782","post","type-post","status-publish","format-standard","has-post-thumbnail","hentry","category-orszaguti-kerekpar"],"yoast_head":"<!-- This site is optimized with the Yoast SEO Premium plugin v25.3 (Yoast SEO v25.9) - https:\/\/yoast.com\/wordpress\/plugins\/seo\/ -->\n<title>UAE Team Emirates: Hova fejl\u0151dhet m\u00e9g a vil\u00e1g legjobb csapata?<\/title>\n<meta name=\"description\" content=\"Ha te vagy a vil\u00e1g legjobb csapata, a vil\u00e1g legjobb ker\u00e9kp\u00e1ros\u00e1val a soraidban, mit kell tenned ahhoz, hogy 2025-ben m\u00e9g jobb legy\u00e9l?\" \/>\n<meta name=\"robots\" content=\"index, follow, max-snippet:-1, max-image-preview:large, max-video-preview:-1\" \/>\n<link rel=\"canonical\" href=\"https:\/\/www.welovecycling.com\/hu\/orszaguti-kerekpar\/uae-team-emirates-hova-fejlodhet-meg-a-vilag-legjobb-csapata\/\" \/>\n<meta property=\"og:locale\" content=\"hu_HU\" \/>\n<meta property=\"og:type\" content=\"article\" \/>\n<meta property=\"og:title\" content=\"UAE Team Emirates: Hova fejl\u0151dhet m\u00e9g a vil\u00e1g legjobb csapata?\" \/>\n<meta property=\"og:description\" content=\"Ha te vagy a vil\u00e1g legjobb csapata, a vil\u00e1g legjobb ker\u00e9kp\u00e1ros\u00e1val a soraidban, mit kell tenned ahhoz, hogy 2025-ben m\u00e9g jobb legy\u00e9l?\" \/>\n<meta property=\"og:url\" content=\"https:\/\/www.welovecycling.com\/hu\/orszaguti-kerekpar\/uae-team-emirates-hova-fejlodhet-meg-a-vilag-legjobb-csapata\/\" \/>\n<meta property=\"og:site_name\" content=\"\u0160koda We Love Cycling - Magyarorsz\u00e1g\" \/>\n<meta property=\"article:publisher\" content=\"https:\/\/www.facebook.com\/WeLoveCyclingHungary\/\" \/>\n<meta property=\"article:published_time\" content=\"2024-10-25T06:00:54+00:00\" \/>\n<meta property=\"og:image\" content=\"https:\/\/d2p6e6u75xmxt8.cloudfront.net\/12\/2024\/10\/UAE-Team-Emirates-profimedia-0886120222-CVR.webp\" \/>\n\t<meta property=\"og:image:width\" content=\"990\" \/>\n\t<meta property=\"og:image:height\" content=\"660\" \/>\n\t<meta property=\"og:image:type\" content=\"image\/webp\" \/>\n<meta name=\"author\" content=\"hegyizs\" \/>\n<meta name=\"twitter:card\" content=\"summary_large_image\" \/>\n<meta name=\"twitter:label1\" content=\"Written by\" \/>\n\t<meta name=\"twitter:data1\" content=\"Siegfried Mortkowitz\" \/>\n\t<meta name=\"twitter:label2\" content=\"Est. reading time\" \/>\n\t<meta name=\"twitter:data2\" content=\"3\" \/>\n<script type=\"application\/ld+json\" class=\"yoast-schema-graph\">{\"@context\":\"https:\/\/schema.org\",\"@graph\":[{\"@type\":\"WebPage\",\"@id\":\"https:\/\/www.welovecycling.com\/hu\/orszaguti-kerekpar\/uae-team-emirates-hova-fejlodhet-meg-a-vilag-legjobb-csapata\/\",\"url\":\"https:\/\/www.welovecycling.com\/hu\/orszaguti-kerekpar\/uae-team-emirates-hova-fejlodhet-meg-a-vilag-legjobb-csapata\/\",\"name\":\"UAE Team Emirates: Hova fejl\u0151dhet m\u00e9g a vil\u00e1g legjobb csapata?\",\"isPartOf\":{\"@id\":\"https:\/\/www.welovecycling.com\/hu\/#website\"},\"primaryImageOfPage\":{\"@id\":\"https:\/\/www.welovecycling.com\/hu\/orszaguti-kerekpar\/uae-team-emirates-hova-fejlodhet-meg-a-vilag-legjobb-csapata\/#primaryimage\"},\"image\":{\"@id\":\"https:\/\/www.welovecycling.com\/hu\/orszaguti-kerekpar\/uae-team-emirates-hova-fejlodhet-meg-a-vilag-legjobb-csapata\/#primaryimage\"},\"thumbnailUrl\":\"https:\/\/d2p6e6u75xmxt8.cloudfront.net\/12\/2024\/10\/UAE-Team-Emirates-profimedia-0886120222-CVR.webp\",\"datePublished\":\"2024-10-25T06:00:54+00:00\",\"author\":{\"@id\":\"https:\/\/www.welovecycling.com\/hu\/#\/schema\/person\/414a2aebf1801691a5320edb6468e194\"},\"description\":\"Ha te vagy a vil\u00e1g legjobb csapata, a vil\u00e1g legjobb ker\u00e9kp\u00e1ros\u00e1val a soraidban, mit kell tenned ahhoz, hogy 2025-ben m\u00e9g jobb legy\u00e9l?\",\"breadcrumb\":{\"@id\":\"https:\/\/www.welovecycling.com\/hu\/orszaguti-kerekpar\/uae-team-emirates-hova-fejlodhet-meg-a-vilag-legjobb-csapata\/#breadcrumb\"},\"inLanguage\":\"hu\",\"potentialAction\":[{\"@type\":\"ReadAction\",\"target\":[\"https:\/\/www.welovecycling.com\/hu\/orszaguti-kerekpar\/uae-team-emirates-hova-fejlodhet-meg-a-vilag-legjobb-csapata\/\"]}]},{\"@type\":\"ImageObject\",\"inLanguage\":\"hu\",\"@id\":\"https:\/\/www.welovecycling.com\/hu\/orszaguti-kerekpar\/uae-team-emirates-hova-fejlodhet-meg-a-vilag-legjobb-csapata\/#primaryimage\",\"url\":\"https:\/\/d2p6e6u75xmxt8.cloudfront.net\/12\/2024\/10\/UAE-Team-Emirates-profimedia-0886120222-CVR.webp\",\"contentUrl\":\"https:\/\/d2p6e6u75xmxt8.cloudfront.net\/12\/2024\/10\/UAE-Team-Emirates-profimedia-0886120222-CVR.webp\",\"width\":990,\"height\":660,\"caption\":\"UAE Team Emirates\"},{\"@type\":\"BreadcrumbList\",\"@id\":\"https:\/\/www.welovecycling.com\/hu\/orszaguti-kerekpar\/uae-team-emirates-hova-fejlodhet-meg-a-vilag-legjobb-csapata\/#breadcrumb\",\"itemListElement\":[{\"@type\":\"ListItem\",\"position\":1,\"name\":\"Home\",\"item\":\"https:\/\/www.welovecycling.com\/hu\/\"},{\"@type\":\"ListItem\",\"position\":2,\"name\":\"UAE Team Emirates: Hova fejl\u0151dhet m\u00e9g a vil\u00e1g legjobb csapata?\"}]},{\"@type\":\"WebSite\",\"@id\":\"https:\/\/www.welovecycling.com\/hu\/#website\",\"url\":\"https:\/\/www.welovecycling.com\/hu\/\",\"name\":\"\u0160koda We Love Cycling - Magyarorsz\u00e1g\",\"description\":\"\u0160koda WeLoveCycling\",\"potentialAction\":[{\"@type\":\"SearchAction\",\"target\":{\"@type\":\"EntryPoint\",\"urlTemplate\":\"https:\/\/www.welovecycling.com\/hu\/?s={search_term_string}\"},\"query-input\":{\"@type\":\"PropertyValueSpecification\",\"valueRequired\":true,\"valueName\":\"search_term_string\"}}],\"inLanguage\":\"hu\"},{\"@type\":\"Person\",\"@id\":\"https:\/\/www.welovecycling.com\/hu\/#\/schema\/person\/414a2aebf1801691a5320edb6468e194\",\"name\":\"hegyizs\",\"image\":{\"@type\":\"ImageObject\",\"inLanguage\":\"hu\",\"@id\":\"https:\/\/www.welovecycling.com\/hu\/#\/schema\/person\/image\/\",\"url\":\"https:\/\/secure.gravatar.com\/avatar\/02cf8a7906b8cf90cecb4679defac7cfd33a1c2e3b88e4903d947f3bb58eedd3?s=96&d=mm&r=g\",\"contentUrl\":\"https:\/\/secure.gravatar.com\/avatar\/02cf8a7906b8cf90cecb4679defac7cfd33a1c2e3b88e4903d947f3bb58eedd3?s=96&d=mm&r=g\",\"caption\":\"hegyizs\"},\"url\":\"https:\/\/www.welovecycling.com\/hu\/author\/hegyizs\/\"}]}<\/script>\n<!-- \/ Yoast SEO Premium plugin. -->","yoast_head_json":{"title":"UAE Team Emirates: Hova fejl\u0151dhet m\u00e9g a vil\u00e1g legjobb csapata?","description":"Ha te vagy a vil\u00e1g legjobb csapata, a vil\u00e1g legjobb ker\u00e9kp\u00e1ros\u00e1val a soraidban, mit kell tenned ahhoz, hogy 2025-ben m\u00e9g jobb legy\u00e9l?","robots":{"index":"index","follow":"follow","max-snippet":"max-snippet:-1","max-image-preview":"max-image-preview:large","max-video-preview":"max-video-preview:-1"},"canonical":"https:\/\/www.welovecycling.com\/hu\/orszaguti-kerekpar\/uae-team-emirates-hova-fejlodhet-meg-a-vilag-legjobb-csapata\/","og_locale":"hu_HU","og_type":"article","og_title":"UAE Team Emirates: Hova fejl\u0151dhet m\u00e9g a vil\u00e1g legjobb csapata?","og_description":"Ha te vagy a vil\u00e1g legjobb csapata, a vil\u00e1g legjobb ker\u00e9kp\u00e1ros\u00e1val a soraidban, mit kell tenned ahhoz, hogy 2025-ben m\u00e9g jobb legy\u00e9l?","og_url":"https:\/\/www.welovecycling.com\/hu\/orszaguti-kerekpar\/uae-team-emirates-hova-fejlodhet-meg-a-vilag-legjobb-csapata\/","og_site_name":"\u0160koda We Love Cycling - Magyarorsz\u00e1g","article_publisher":"https:\/\/www.facebook.com\/WeLoveCyclingHungary\/","article_published_time":"2024-10-25T06:00:54+00:00","og_image":[{"width":990,"height":660,"url":"https:\/\/d2p6e6u75xmxt8.cloudfront.net\/12\/2024\/10\/UAE-Team-Emirates-profimedia-0886120222-CVR.webp","type":"image\/webp"}],"author":"hegyizs","twitter_card":"summary_large_image","twitter_misc":{"Written by":"Siegfried Mortkowitz","Est. reading time":"3"},"schema":{"@context":"https:\/\/schema.org","@graph":[{"@type":"WebPage","@id":"https:\/\/www.welovecycling.com\/hu\/orszaguti-kerekpar\/uae-team-emirates-hova-fejlodhet-meg-a-vilag-legjobb-csapata\/","url":"https:\/\/www.welovecycling.com\/hu\/orszaguti-kerekpar\/uae-team-emirates-hova-fejlodhet-meg-a-vilag-legjobb-csapata\/","name":"UAE Team Emirates: Hova fejl\u0151dhet m\u00e9g a vil\u00e1g legjobb csapata?","isPartOf":{"@id":"https:\/\/www.welovecycling.com\/hu\/#website"},"primaryImageOfPage":{"@id":"https:\/\/www.welovecycling.com\/hu\/orszaguti-kerekpar\/uae-team-emirates-hova-fejlodhet-meg-a-vilag-legjobb-csapata\/#primaryimage"},"image":{"@id":"https:\/\/www.welovecycling.com\/hu\/orszaguti-kerekpar\/uae-team-emirates-hova-fejlodhet-meg-a-vilag-legjobb-csapata\/#primaryimage"},"thumbnailUrl":"https:\/\/d2p6e6u75xmxt8.cloudfront.net\/12\/2024\/10\/UAE-Team-Emirates-profimedia-0886120222-CVR.webp","datePublished":"2024-10-25T06:00:54+00:00","author":{"@id":"https:\/\/www.welovecycling.com\/hu\/#\/schema\/person\/414a2aebf1801691a5320edb6468e194"},"description":"Ha te vagy a vil\u00e1g legjobb csapata, a vil\u00e1g legjobb ker\u00e9kp\u00e1ros\u00e1val a soraidban, mit kell tenned ahhoz, hogy 2025-ben m\u00e9g jobb legy\u00e9l?","breadcrumb":{"@id":"https:\/\/www.welovecycling.com\/hu\/orszaguti-kerekpar\/uae-team-emirates-hova-fejlodhet-meg-a-vilag-legjobb-csapata\/#breadcrumb"},"inLanguage":"hu","potentialAction":[{"@type":"ReadAction","target":["https:\/\/www.welovecycling.com\/hu\/orszaguti-kerekpar\/uae-team-emirates-hova-fejlodhet-meg-a-vilag-legjobb-csapata\/"]}]},{"@type":"ImageObject","inLanguage":"hu","@id":"https:\/\/www.welovecycling.com\/hu\/orszaguti-kerekpar\/uae-team-emirates-hova-fejlodhet-meg-a-vilag-legjobb-csapata\/#primaryimage","url":"https:\/\/d2p6e6u75xmxt8.cloudfront.net\/12\/2024\/10\/UAE-Team-Emirates-profimedia-0886120222-CVR.webp","contentUrl":"https:\/\/d2p6e6u75xmxt8.cloudfront.net\/12\/2024\/10\/UAE-Team-Emirates-profimedia-0886120222-CVR.webp","width":990,"height":660,"caption":"UAE Team Emirates"},{"@type":"BreadcrumbList","@id":"https:\/\/www.welovecycling.com\/hu\/orszaguti-kerekpar\/uae-team-emirates-hova-fejlodhet-meg-a-vilag-legjobb-csapata\/#breadcrumb","itemListElement":[{"@type":"ListItem","position":1,"name":"Home","item":"https:\/\/www.welovecycling.com\/hu\/"},{"@type":"ListItem","position":2,"name":"UAE Team Emirates: Hova fejl\u0151dhet m\u00e9g a vil\u00e1g legjobb csapata?"}]},{"@type":"WebSite","@id":"https:\/\/www.welovecycling.com\/hu\/#website","url":"https:\/\/www.welovecycling.com\/hu\/","name":"\u0160koda We Love Cycling - Magyarorsz\u00e1g","description":"\u0160koda WeLoveCycling","potentialAction":[{"@type":"SearchAction","target":{"@type":"EntryPoint","urlTemplate":"https:\/\/www.welovecycling.com\/hu\/?s={search_term_string}"},"query-input":{"@type":"PropertyValueSpecification","valueRequired":true,"valueName":"search_term_string"}}],"inLanguage":"hu"},{"@type":"Person","@id":"https:\/\/www.welovecycling.com\/hu\/#\/schema\/person\/414a2aebf1801691a5320edb6468e194","name":"hegyizs","image":{"@type":"ImageObject","inLanguage":"hu","@id":"https:\/\/www.welovecycling.com\/hu\/#\/schema\/person\/image\/","url":"https:\/\/secure.gravatar.com\/avatar\/02cf8a7906b8cf90cecb4679defac7cfd33a1c2e3b88e4903d947f3bb58eedd3?s=96&d=mm&r=g","contentUrl":"https:\/\/secure.gravatar.com\/avatar\/02cf8a7906b8cf90cecb4679defac7cfd33a1c2e3b88e4903d947f3bb58eedd3?s=96&d=mm&r=g","caption":"hegyizs"},"url":"https:\/\/www.welovecycling.com\/hu\/author\/hegyizs\/"}]}},"_links":{"self":[{"href":"https:\/\/www.welovecycling.com\/hu\/wp-json\/wp\/v2\/posts\/18782","targetHints":{"allow":["GET"]}}],"collection":[{"href":"https:\/\/www.welovecycling.com\/hu\/wp-json\/wp\/v2\/posts"}],"about":[{"href":"https:\/\/www.welovecycling.com\/hu\/wp-json\/wp\/v2\/types\/post"}],"author":[{"embeddable":true,"href":"https:\/\/www.welovecycling.com\/hu\/wp-json\/wp\/v2\/users\/71"}],"replies":[{"embeddable":true,"href":"https:\/\/www.welovecycling.com\/hu\/wp-json\/wp\/v2\/comments?post=18782"}],"version-history":[{"count":1,"href":"https:\/\/www.welovecycling.com\/hu\/wp-json\/wp\/v2\/posts\/18782\/revisions"}],"predecessor-version":[{"id":18784,"href":"https:\/\/www.welovecycling.com\/hu\/wp-json\/wp\/v2\/posts\/18782\/revisions\/18784"}],"wp:featuredmedia":[{"embeddable":true,"href":"https:\/\/www.welovecycling.com\/hu\/wp-json\/wp\/v2\/media\/18783"}],"wp:attachment":[{"href":"https:\/\/www.welovecycling.com\/hu\/wp-json\/wp\/v2\/media?parent=18782"}],"wp:term":[{"taxonomy":"category","embeddable":true,"href":"https:\/\/www.welovecycling.com\/hu\/wp-json\/wp\/v2\/categories?post=18782"},{"taxonomy":"post_tag","embeddable":true,"href":"https:\/\/www.welovecycling.com\/hu\/wp-json\/wp\/v2\/tags?post=18782"},{"taxonomy":"global-categories","embeddable":true,"href":"https:\/\/www.welovecycling.com\/hu\/wp-json\/wp\/v2\/global-categories?post=18782"}],"curies":[{"name":"wp","href":"https:\/\/api.w.org\/{rel}","templated":true}]}}