{"id":18775,"date":"2024-10-15T08:00:33","date_gmt":"2024-10-15T06:00:33","guid":{"rendered":"https:\/\/www.welovecycling.com\/hu\/?p=18775"},"modified":"2024-10-08T11:13:12","modified_gmt":"2024-10-08T09:13:12","slug":"a-noi-mezony-versenyzoi-elisa-longo-borghini","status":"publish","type":"post","link":"https:\/\/www.welovecycling.com\/hu\/orszaguti-kerekpar\/a-noi-mezony-versenyzoi-elisa-longo-borghini\/","title":{"rendered":"A n\u0151i mez\u0151ny versenyz\u0151i: Elisa Longo Borghini"},"content":{"rendered":"<p><strong>Az elm\u00falt \u00e9vekben a n\u0151i ker\u00e9kp\u00e1rsport rohamosan fejl\u0151d\u00f6tt, t\u00f6bb rajong\u00f3t, szponzort \u00e9s m\u00e9diafigyelmet vonzottak a versenyek, mint eddig b\u00e1rmikor. Nem szabad megfeledkezn\u00fcnk arr\u00f3l, hogy ennek a n\u00e9pszer\u0171s\u00e9gi hull\u00e1mnak a k\u00f6z\u00e9ppontj\u00e1ban leny\u0171g\u00f6z\u0151 versenyz\u0151k \u00e1llnak &#8211; t\u0151l\u00fck lesz olyan izgalmas ez a sport. Minden versenyen hihetetlen teljes\u00edtm\u00e9nyt ny\u00fajtanak, feszegetik az \u00e1ll\u00f3k\u00e9pess\u00e9g\u00fck hat\u00e1rait, strat\u00e9gi\u00e1znak \u00e9s mindig meg tudj\u00e1k lepni a n\u00e9z\u0151ket \u00e9s egym\u00e1st. B\u00e1r sok \u00faj tehets\u00e9g bontogatja a sz\u00e1rnyait, a tapasztalt versenyz\u0151k d\u00f6nt\u0151 szerepet j\u00e1tszottak abban, hogy a sport\u00e1g ma ott tart, ahol. \u0150k azok, akik sikereikkel kitapost\u00e1k a j\u00f6v\u0151 n\u0151i ker\u00e9kp\u00e1rosainak \u00fatj\u00e1t.<\/strong><\/p>\n<p><!--more--><\/p>\n<p>\u00c9ppen ez\u00e9rt szeretn\u00e9nk, ha olvas\u00f3ink k\u00f6zelebbr\u0151l is megismern\u00e9k ezeket a nagy alakokat \u00e9s kiv\u00e9teles sportol\u00f3kat, akik annyira izgalmass\u00e1 teszik a n\u0151i versenyz\u00e9st, kezdve a mez\u0151ny egyik legsikeresebb kerekes\u00e9vel: Elisa Longo Borghinivel. A sokoldal\u00fas\u00e1g\u00e1r\u00f3l, k\u00f6vetkezetess\u00e9g\u00e9r\u0151l \u00e9s intelligens taktik\u00e1ir\u00f3l ismert Elisa rendk\u00edv\u00fcli karriert futott be: Olaszorsz\u00e1gban kezdte p\u00e1ly\u00e1j\u00e1t, v\u00e9g\u00fcl pedig a nemzetk\u00f6zi sz\u00ednt\u00e9r egyik legelismertebb \u00e9s legsikeresebb versenyz\u0151je lett. K\u00f6vess\u00fck v\u00e9gig a t\u00f6rt\u00e9net\u00e9t ezen az \u00faton!<\/p>\n<h2><strong>A kezdetek<\/strong><\/h2>\n<p>Elisa Longo Borghini 1991. december 10-\u00e9n sz\u00fcletett az \u00e9szak-olaszorsz\u00e1gi Ornavass\u00f3ban, \u00e9s er\u0151s sport-f\u00f3kusz\u00fa csal\u00e1dban n\u0151tt fel. \u00c9desanyja, Guidina Dal Sasso, profi s\u00edfut\u00f3 volt, aki t\u00f6bb t\u00e9li olimpi\u00e1n is k\u00e9pviselte Olaszorsz\u00e1got. Elisa testv\u00e9re, Paolo Longo Borghini, szint\u00e9n profi ker\u00e9kp\u00e1ros volt 2004 \u00e9s 2014 k\u00f6z\u00f6tt, \u00e9s a sport legmagasabb szintjein versenyzett. Ez a csal\u00e1di k\u00f6t\u0151d\u00e9s az elit sportol\u00e1shoz k\u00e9ts\u00e9gtelen\u00fcl form\u00e1lta Elisa p\u00e1ly\u00e1j\u00e1t is.<\/p>\n<p>Az \u00e9szak-olaszorsz\u00e1gi hegyekben \u00e9s tavak k\u00f6rny\u00e9k\u00e9n tekerve Elisa kor\u00e1n megszerette a ker\u00e9kp\u00e1roz\u00e1st. Csal\u00e1dja sport ir\u00e1nti elk\u00f6telezetts\u00e9ge \u00e9s a term\u00e9szeti sz\u00e9ps\u00e9gek t\u00f6k\u00e9letes alapot biztos\u00edtottak sz\u00e1m\u00e1ra, hogy kibontakoztassa tehets\u00e9g\u00e9t. M\u00e9g akkor is, amikor karrierje sz\u00e1rnyalt, Elisa h\u0171 maradt azokhoz az \u00e9rt\u00e9kekhez, amelyeket sz\u00fclei bel\u00e9 oltottak: sosem felejtette el honnan j\u00f6tt, al\u00e1zatos maradt \u00e9s a v\u00e9gletekig kitart\u00f3.<\/p>\n<h2><strong>A profi p\u00e1lyafut\u00e1s kezdete<\/strong><\/h2>\n<p>Elisa 2011-ben, 18 \u00e9vesen l\u00e9pett be a profik k\u00f6z\u00e9, a Top Girls Fassa Bortolo Ghezzi csapat\u00e1ba. \u00c9s nem is vesztegette az id\u0151t: m\u00e1r els\u0151 verseny\u00e9n felh\u00edvta mag\u00e1ra a figyelmet. Az Omloop Het Nieuwsblad egy rangos belga klasszikus, ahol \u00f6t\u00f6dikk\u00e9nt \u00e9rt c\u00e9lba. \u00dajonc \u00e9v\u00e9ben tapasztalt versenyz\u0151kkel versenyzett, \u00e9s a top t\u00edzben v\u00e9gzett az Eur\u00f3pa-bajnoks\u00e1gon \u00e9s az U23-as vil\u00e1gbajnoks\u00e1gon is.<\/p>\n<p>2012-ben Elisa a Hitec Products \u2013 Mistral Home csapathoz igazolt, ahol kezdett egyenletesebb eredm\u00e9nyeket el\u00e9rni. Ez az \u00e9v hozta meg sz\u00e1m\u00e1ra az \u00e1tt\u00f6r\u00e9st, amikor megnyerte a Giro d\u2019Italia Donne ifj\u00fas\u00e1gi kateg\u00f3ri\u00e1j\u00e1t, \u00e9s \u00f6sszetettben az \u00f6t\u00f6dik helyen v\u00e9gzett. Kiemelked\u0151 tehets\u00e9ge az id\u0151futamokon \u00e9s a szakaszversenyeken egyre ink\u00e1bb nyilv\u00e1nval\u00f3v\u00e1 v\u00e1lt, \u00e9s olyan versenyeken szerzett dobog\u00f3s helyez\u00e9seket, mint a GP de Plouay \u00e9s a vil\u00e1gbajnoks\u00e1g.<\/p>\n<p>A k\u00f6vetkez\u0151 \u00e9vek sor\u00e1n Elisa tov\u00e1bb fejl\u0151d\u00f6tt. 2013-ban szerezte els\u0151 jelent\u0151s gy\u0151zelm\u00e9t a Trofeo Alfredo Bind\u00e1n. Ezt k\u00f6vet\u0151en mindig sz\u00e1molni kellett vele a klasszikusokon, negyedik lett a Flandriai K\u00f6rversenyen \u00e9s m\u00e1sodik a La Fl\u00e8che Wallonne-on, ezzel az egyik legjobb hegym\u00e1sz\u00f3v\u00e1 v\u00e1lt a n\u0151i mez\u0151nyben.<\/p>\n<h2 style=\"font-weight: 400;\"><strong>\u00c1tt\u00f6r\u00e9s a klasszikusokon<\/strong><\/h2>\n<figure id=\"attachment_18776\" aria-describedby=\"caption-attachment-18776\" style=\"width: 990px\" class=\"wp-caption alignnone\"><a href=\"https:\/\/d2p6e6u75xmxt8.cloudfront.net\/12\/2024\/10\/Elisa-Longo-Borghini-2015-Flanders-profimedia-0237135518.webp\"><img loading=\"lazy\" decoding=\"async\" class=\"wp-image-18776 size-full\" src=\"https:\/\/d2p6e6u75xmxt8.cloudfront.net\/12\/2024\/10\/Elisa-Longo-Borghini-2015-Flanders-profimedia-0237135518.webp\" alt=\"Elisa Longo Borghini\" width=\"990\" height=\"660\" srcset=\"https:\/\/d2p6e6u75xmxt8.cloudfront.net\/12\/2024\/10\/Elisa-Longo-Borghini-2015-Flanders-profimedia-0237135518.webp 990w, https:\/\/d2p6e6u75xmxt8.cloudfront.net\/12\/2024\/10\/Elisa-Longo-Borghini-2015-Flanders-profimedia-0237135518-300x200.webp 300w, https:\/\/d2p6e6u75xmxt8.cloudfront.net\/12\/2024\/10\/Elisa-Longo-Borghini-2015-Flanders-profimedia-0237135518-768x512.webp 768w, https:\/\/d2p6e6u75xmxt8.cloudfront.net\/12\/2024\/10\/Elisa-Longo-Borghini-2015-Flanders-profimedia-0237135518-400x267.webp 400w, https:\/\/d2p6e6u75xmxt8.cloudfront.net\/12\/2024\/10\/Elisa-Longo-Borghini-2015-Flanders-profimedia-0237135518-272x182.webp 272w\" sizes=\"auto, (max-width: 990px) 100vw, 990px\" \/><\/a><figcaption id=\"caption-attachment-18776\" class=\"wp-caption-text\">Elisa Longo Borghini a 2015-\u00f6s Flandriai K\u00f6rversenyen \u00a9 Profimedia<\/figcaption><\/figure>\n<p>2015-ben jelent\u0151s fordul\u00f3pont k\u00f6vetkezett be Elisa p\u00e1lyafut\u00e1s\u00e1ban. A Wiggle Honda csapat\u00e1ban versenyezve egyenesen t\u00f6rt\u00e9nelmet \u00edrt, amikor els\u0151 olasz n\u0151k\u00e9nt megnyerte a sport egyik legr\u00e9gebbi \u00e9s legrangosabb verseny\u00e9t, a Flandriai K\u00f6rversenyt. Sz\u00f3l\u00f3 gy\u0151zelme meghat\u00e1roz\u00f3 pillanat volt a karrierj\u00e9ben: azt jelezte, hogy komoly ellenf\u00e9l lesz a tavaszi klasszikusokon.<\/p>\n<p>Ebben az \u00e9vben sz\u00e1mos er\u0151s eredm\u00e9nyt \u00e9rt el, t\u00f6bbek k\u00f6z\u00f6tt harmadik lett a Strade Bianch\u00e9n, \u00e9s negyedik a Trofeo Alfredo Bind\u00e1n. Elisa csod\u00e1latos eredm\u00e9nyei a klasszikusok neh\u00e9z terep\u00e9n \u2013 ahol a versenyeket gyakran macskak\u00f6ves utak \u00e9s meredek emelked\u0151k tark\u00edtj\u00e1k \u2013 sz\u00e9les k\u00f6rben elismertt\u00e9 tett\u00e9k, mint a mez\u0151ny egyik legtehets\u00e9gesebb \u00e9s legkitart\u00f3bb versenyz\u0151j\u00e9t.<\/p>\n<h2><strong>Olimpiai siker \u00e9s dominancia a World Tour-on<\/strong><\/h2>\n<p>2016-ban Elisa karrierje \u00faj magass\u00e1gokba emelkedett, amikor bronz\u00e9rmet nyert a ri\u00f3i olimpiai j\u00e1t\u00e9kok orsz\u00e1g\u00fati verseny\u00e9n. Az igencsak neh\u00e9z terep t\u00f6k\u00e9letesen illeszkedett hegym\u00e1sz\u00f3 k\u00e9pess\u00e9geihez. Nem csak sz\u00e1m\u00e1ra volt ez meghat\u00e1roz\u00f3 pillanat, hanem az eg\u00e9sz olasz ker\u00e9kp\u00e1rsport sz\u00e1m\u00e1ra is &#8211; egy eg\u00e9sz orsz\u00e1g volt b\u00fcszke r\u00e1! Elisa az olimpiai id\u0151futamon is \u00f6t\u00f6dik lett, ezzel \u00fajra bizony\u00edtotta sokoldal\u00fas\u00e1g\u00e1t.<\/p>\n<p>A k\u00f6vetkez\u0151 \u00e9v szint\u00e9n fontos \u00e1llom\u00e1s volt Elisa p\u00e1lyafut\u00e1s\u00e1ban: 2017-ben megnyerte a Strade Bianch\u00e9t, ezzel \u00fajabb rangos klasszikust adott egyre n\u00f6vekv\u0151 gy\u0151zelmi list\u00e1j\u00e1hoz. Folyamatosan az els\u0151 \u00f6tben v\u00e9gzett a fontosabb versenyeken, k\u00f6zt\u00fck az Omloop Het Nieuwsbladon \u00e9s az Amstel Gold Race-en. M\u00e1sodik lett a Giro d\u2019Itali\u00e1n, ezzel megmutatta, hogy k\u00e9pes helyt\u00e1llni mind a szakasz-, mind az egynapos versenyeken. A Giro ut\u00e1n harmadik lett a La Course by Le Tour de France-on, ezzel tov\u00e1bb er\u0151s\u00edtette hely\u00e9t a sport \u00e9lvonal\u00e1ban.<\/p>\n<h2><strong>Trek-Segafredo \u00e9s ami azon t\u00fal van<\/strong><\/h2>\n<p>2019-ben Elisa csatlakozott az \u00fajonnan alakult Trek-Segafredo (ma Lidl-Trek) csapathoz, amely p\u00e1lyafut\u00e1sa legsikeresebb \u00e9veit hozta meg sz\u00e1m\u00e1ra. M\u00e1r a kezdetekt\u0151l j\u00f3l teljes\u00edtett, megnyerte az Emakumeen Euskal Bira szakaszversenyt \u00e9s a V\u00e5rg\u00e5rda WestSweden TTT csapatid\u0151futamot. Szint\u00e9n er\u0151s eredm\u00e9nyekkel z\u00e1rta az \u00e9vet, k\u00f6zt\u00fck egy hatodik helyez\u00e9ssel a La Course-on \u00e9s egy dobog\u00f3s hellyel az Eur\u00f3pa-bajnoks\u00e1gon.<\/p>\n<p>B\u00e1r a COVID-19 j\u00e1rv\u00e1ny megszak\u00edtotta a 2020-as versenynapt\u00e1rat, de Elisa tov\u00e1bbra is hozta cs\u00facsform\u00e1j\u00e1t: megnyerte az olasz orsz\u00e1gos bajnoks\u00e1g orsz\u00e1g\u00fati verseny\u00e9t \u00e9s az id\u0151futamot is. 2021-ben \u00fajabb m\u00e9rf\u00f6ldk\u00f6vet \u00e9rt el, harmadik lett a toki\u00f3i olimpiai orsz\u00e1g\u00fati versenyen, \u00e9s m\u00e1sodszor is megnyerte a Trofeo Alfredo Bind\u00e1t. Ezen k\u00edv\u00fcl fel\u00e1llhatott a dobog\u00f3ra a Fl\u00e8che Wallonne-on, a Li\u00e8ge-Bastogne-Li\u00e8ge-en \u00e9s az els\u0151 alkalommal megrendezett Paris-Roubaix Femmes-en is.<\/p>\n<h2><strong>Gy\u0151zelem a Paris-Roubaix Femmes-en <\/strong><\/h2>\n<p>Elisa egyik legnagyobb diadala 2022-ben \u00e9rkezett el, amikor megnyerte a n\u0151i versenynapt\u00e1r egyik legbrut\u00e1lisabb verseny\u00e9t, a Paris-Roubaix Femmes m\u00e1sodik kiad\u00e1s\u00e1t. Ugyanebben az \u00e9vben megnyerte a Women\u2019s Tour-t is, \u00e9s hatodik lett az els\u0151 Tour de France Femmes-en, ezzel bizony\u00edtva, hogy k\u00e9pes t\u00f6bbnapos szakaszversenyeken is helyt\u00e1llni. Az id\u00e9nyt a Giro dell\u2019Emilia \u00e9s a Tre Valli Varesine versenyeken aratott gy\u0151zelmeivel z\u00e1rta.<\/p>\n<h2 style=\"font-weight: 400;\"><strong>2023-2024: Kitart\u00e1s \u00e9s diadal a Giro d\u2019Itali\u00e1n<\/strong><\/h2>\n<figure id=\"attachment_18777\" aria-describedby=\"caption-attachment-18777\" style=\"width: 990px\" class=\"wp-caption alignnone\"><a href=\"https:\/\/d2p6e6u75xmxt8.cloudfront.net\/12\/2024\/10\/Elisa-Longo-Borghini-Giro-Donne-profimedia-0890475729.webp\"><img loading=\"lazy\" decoding=\"async\" class=\"wp-image-18777 size-full\" src=\"https:\/\/d2p6e6u75xmxt8.cloudfront.net\/12\/2024\/10\/Elisa-Longo-Borghini-Giro-Donne-profimedia-0890475729.webp\" alt=\"Elisa Longo Borghini\" width=\"990\" height=\"660\" srcset=\"https:\/\/d2p6e6u75xmxt8.cloudfront.net\/12\/2024\/10\/Elisa-Longo-Borghini-Giro-Donne-profimedia-0890475729.webp 990w, https:\/\/d2p6e6u75xmxt8.cloudfront.net\/12\/2024\/10\/Elisa-Longo-Borghini-Giro-Donne-profimedia-0890475729-300x200.webp 300w, https:\/\/d2p6e6u75xmxt8.cloudfront.net\/12\/2024\/10\/Elisa-Longo-Borghini-Giro-Donne-profimedia-0890475729-768x512.webp 768w, https:\/\/d2p6e6u75xmxt8.cloudfront.net\/12\/2024\/10\/Elisa-Longo-Borghini-Giro-Donne-profimedia-0890475729-400x267.webp 400w, https:\/\/d2p6e6u75xmxt8.cloudfront.net\/12\/2024\/10\/Elisa-Longo-Borghini-Giro-Donne-profimedia-0890475729-272x182.webp 272w\" sizes=\"auto, (max-width: 990px) 100vw, 990px\" \/><\/a><figcaption id=\"caption-attachment-18777\" class=\"wp-caption-text\">Longo Borghini diadala a Giro Donne-n \u00a9 SOPA Images Limited\/Alamy Live News<\/figcaption><\/figure>\n<p>A 2023-as szezon \u00edg\u00e9retesen kezd\u0151d\u00f6tt, amikor Elisa megnyerte az UAE Tour Women \u00f6sszetett verseny\u00e9t. Annak ellen\u00e9re, hogy s\u00e9r\u00fcl\u00e9sek \u00e9s betegs\u00e9gek h\u00e1tr\u00e1ltatt\u00e1k \u00e9v k\u00f6zben, 2024-ben visszat\u00e9rt, m\u00e9ghozz\u00e1 el\u00e9g l\u00e1tv\u00e1nyosan: egyb\u0151l megnyerte a Giro d\u2019Italia Women-t. Elisa uralta a versenyt, m\u00e1r az els\u0151 id\u0151futamban megszerezte a vezet\u00e9st, \u00e9s el sem engedte t\u00f6bb\u00e9 a Maglia Ros\u00e1t.<\/p>\n<p style=\"font-weight: 400;\">Gy\u0151zelme a Giro d\u2019Itali\u00e1n, kilenc \u00e9vvel a Flandriai K\u00f6rversenyen aratott els\u0151 diadala ut\u00e1n, leny\u0171g\u00f6z\u0151en hossz\u00fa p\u00e1lyafut\u00e1st jelent. Elisa tov\u00e1bbra is az egyik leger\u0151sebb versenyz\u0151 a mez\u0151nyben, t\u00f6bb mint egy \u00e9vtizedes karrierrel a h\u00e1ta m\u00f6g\u00f6tt, \u00e9s m\u00e9g mindig cs\u00facsform\u00e1ban van.<\/p>\n","protected":false},"excerpt":{"rendered":"<p>Az elm\u00falt \u00e9vekben a n\u0151i ker\u00e9kp\u00e1rsport rohamosan fejl\u0151d\u00f6tt, t\u00f6bb rajong\u00f3t, szponzort \u00e9s m\u00e9diafigyelmet vonzottak a versenyek, mint eddig b\u00e1rmikor. Nem [&hellip;]<\/p>\n","protected":false},"author":71,"featured_media":18779,"comment_status":"open","ping_status":"open","sticky":false,"template":"","format":"standard","meta":{"footnotes":""},"categories":[8],"tags":[],"global-categories":[],"class_list":["post-18775","post","type-post","status-publish","format-standard","has-post-thumbnail","hentry","category-orszaguti-kerekpar"],"yoast_head":"<!-- This site is optimized with the Yoast SEO Premium plugin v25.3 (Yoast SEO v25.9) - https:\/\/yoast.com\/wordpress\/plugins\/seo\/ -->\n<title>A n\u0151i mez\u0151ny versenyz\u0151i: Elisa Longo Borghini<\/title>\n<meta name=\"description\" content=\"Az elm\u00falt \u00e9vekben a n\u0151i ker\u00e9kp\u00e1rsport rohamosan fejl\u0151d\u00f6tt, t\u00f6bb rajong\u00f3t, szponzort \u00e9s m\u00e9diafigyelmet vonzottak a versenyek, mint eddig b\u00e1rmikor. Nem szabad megfeledkezn\u00fcnk arr\u00f3l, hogy ennek a n\u00e9pszer\u0171s\u00e9gi hull\u00e1mnak a k\u00f6z\u00e9ppontj\u00e1ban leny\u0171g\u00f6z\u0151 versenyz\u0151k \u00e1llnak - t\u0151l\u00fck lesz olyan izgalmas ez a sport.\" \/>\n<meta name=\"robots\" content=\"index, follow, max-snippet:-1, max-image-preview:large, max-video-preview:-1\" \/>\n<link rel=\"canonical\" href=\"https:\/\/www.welovecycling.com\/hu\/orszaguti-kerekpar\/a-noi-mezony-versenyzoi-elisa-longo-borghini\/\" \/>\n<meta property=\"og:locale\" content=\"hu_HU\" \/>\n<meta property=\"og:type\" content=\"article\" \/>\n<meta property=\"og:title\" content=\"A n\u0151i mez\u0151ny versenyz\u0151i: Elisa Longo Borghini\" \/>\n<meta property=\"og:description\" content=\"Az elm\u00falt \u00e9vekben a n\u0151i ker\u00e9kp\u00e1rsport rohamosan fejl\u0151d\u00f6tt, t\u00f6bb rajong\u00f3t, szponzort \u00e9s m\u00e9diafigyelmet vonzottak a versenyek, mint eddig b\u00e1rmikor. Nem szabad megfeledkezn\u00fcnk arr\u00f3l, hogy ennek a n\u00e9pszer\u0171s\u00e9gi hull\u00e1mnak a k\u00f6z\u00e9ppontj\u00e1ban leny\u0171g\u00f6z\u0151 versenyz\u0151k \u00e1llnak - t\u0151l\u00fck lesz olyan izgalmas ez a sport.\" \/>\n<meta property=\"og:url\" content=\"https:\/\/www.welovecycling.com\/hu\/orszaguti-kerekpar\/a-noi-mezony-versenyzoi-elisa-longo-borghini\/\" \/>\n<meta property=\"og:site_name\" content=\"\u0160koda We Love Cycling - Magyarorsz\u00e1g\" \/>\n<meta property=\"article:publisher\" content=\"https:\/\/www.facebook.com\/WeLoveCyclingHungary\/\" \/>\n<meta property=\"article:published_time\" content=\"2024-10-15T06:00:33+00:00\" \/>\n<meta property=\"og:image\" content=\"https:\/\/d2p6e6u75xmxt8.cloudfront.net\/12\/2024\/10\/Elisa-Longo-Borghini-profimedia-0890475913-CVR.webp\" \/>\n\t<meta property=\"og:image:width\" content=\"990\" \/>\n\t<meta property=\"og:image:height\" content=\"660\" \/>\n\t<meta property=\"og:image:type\" content=\"image\/webp\" \/>\n<meta name=\"author\" content=\"hegyizs\" \/>\n<meta name=\"twitter:card\" content=\"summary_large_image\" \/>\n<meta name=\"twitter:label1\" content=\"Written by\" \/>\n\t<meta name=\"twitter:data1\" content=\"Megan Flottorp\" \/>\n\t<meta name=\"twitter:label2\" content=\"Est. reading time\" \/>\n\t<meta name=\"twitter:data2\" content=\"5\" \/>\n<script type=\"application\/ld+json\" class=\"yoast-schema-graph\">{\"@context\":\"https:\/\/schema.org\",\"@graph\":[{\"@type\":\"WebPage\",\"@id\":\"https:\/\/www.welovecycling.com\/hu\/orszaguti-kerekpar\/a-noi-mezony-versenyzoi-elisa-longo-borghini\/\",\"url\":\"https:\/\/www.welovecycling.com\/hu\/orszaguti-kerekpar\/a-noi-mezony-versenyzoi-elisa-longo-borghini\/\",\"name\":\"A n\u0151i mez\u0151ny versenyz\u0151i: Elisa Longo Borghini\",\"isPartOf\":{\"@id\":\"https:\/\/www.welovecycling.com\/hu\/#website\"},\"primaryImageOfPage\":{\"@id\":\"https:\/\/www.welovecycling.com\/hu\/orszaguti-kerekpar\/a-noi-mezony-versenyzoi-elisa-longo-borghini\/#primaryimage\"},\"image\":{\"@id\":\"https:\/\/www.welovecycling.com\/hu\/orszaguti-kerekpar\/a-noi-mezony-versenyzoi-elisa-longo-borghini\/#primaryimage\"},\"thumbnailUrl\":\"https:\/\/d2p6e6u75xmxt8.cloudfront.net\/12\/2024\/10\/Elisa-Longo-Borghini-profimedia-0890475913-CVR.webp\",\"datePublished\":\"2024-10-15T06:00:33+00:00\",\"author\":{\"@id\":\"https:\/\/www.welovecycling.com\/hu\/#\/schema\/person\/414a2aebf1801691a5320edb6468e194\"},\"description\":\"Az elm\u00falt \u00e9vekben a n\u0151i ker\u00e9kp\u00e1rsport rohamosan fejl\u0151d\u00f6tt, t\u00f6bb rajong\u00f3t, szponzort \u00e9s m\u00e9diafigyelmet vonzottak a versenyek, mint eddig b\u00e1rmikor. Nem szabad megfeledkezn\u00fcnk arr\u00f3l, hogy ennek a n\u00e9pszer\u0171s\u00e9gi hull\u00e1mnak a k\u00f6z\u00e9ppontj\u00e1ban leny\u0171g\u00f6z\u0151 versenyz\u0151k \u00e1llnak - t\u0151l\u00fck lesz olyan izgalmas ez a sport.\",\"breadcrumb\":{\"@id\":\"https:\/\/www.welovecycling.com\/hu\/orszaguti-kerekpar\/a-noi-mezony-versenyzoi-elisa-longo-borghini\/#breadcrumb\"},\"inLanguage\":\"hu\",\"potentialAction\":[{\"@type\":\"ReadAction\",\"target\":[\"https:\/\/www.welovecycling.com\/hu\/orszaguti-kerekpar\/a-noi-mezony-versenyzoi-elisa-longo-borghini\/\"]}]},{\"@type\":\"ImageObject\",\"inLanguage\":\"hu\",\"@id\":\"https:\/\/www.welovecycling.com\/hu\/orszaguti-kerekpar\/a-noi-mezony-versenyzoi-elisa-longo-borghini\/#primaryimage\",\"url\":\"https:\/\/d2p6e6u75xmxt8.cloudfront.net\/12\/2024\/10\/Elisa-Longo-Borghini-profimedia-0890475913-CVR.webp\",\"contentUrl\":\"https:\/\/d2p6e6u75xmxt8.cloudfront.net\/12\/2024\/10\/Elisa-Longo-Borghini-profimedia-0890475913-CVR.webp\",\"width\":990,\"height\":660,\"caption\":\"Elisa Longo Borghini\"},{\"@type\":\"BreadcrumbList\",\"@id\":\"https:\/\/www.welovecycling.com\/hu\/orszaguti-kerekpar\/a-noi-mezony-versenyzoi-elisa-longo-borghini\/#breadcrumb\",\"itemListElement\":[{\"@type\":\"ListItem\",\"position\":1,\"name\":\"Home\",\"item\":\"https:\/\/www.welovecycling.com\/hu\/\"},{\"@type\":\"ListItem\",\"position\":2,\"name\":\"A n\u0151i mez\u0151ny versenyz\u0151i: Elisa Longo Borghini\"}]},{\"@type\":\"WebSite\",\"@id\":\"https:\/\/www.welovecycling.com\/hu\/#website\",\"url\":\"https:\/\/www.welovecycling.com\/hu\/\",\"name\":\"\u0160koda We Love Cycling - Magyarorsz\u00e1g\",\"description\":\"\u0160koda WeLoveCycling\",\"potentialAction\":[{\"@type\":\"SearchAction\",\"target\":{\"@type\":\"EntryPoint\",\"urlTemplate\":\"https:\/\/www.welovecycling.com\/hu\/?s={search_term_string}\"},\"query-input\":{\"@type\":\"PropertyValueSpecification\",\"valueRequired\":true,\"valueName\":\"search_term_string\"}}],\"inLanguage\":\"hu\"},{\"@type\":\"Person\",\"@id\":\"https:\/\/www.welovecycling.com\/hu\/#\/schema\/person\/414a2aebf1801691a5320edb6468e194\",\"name\":\"hegyizs\",\"image\":{\"@type\":\"ImageObject\",\"inLanguage\":\"hu\",\"@id\":\"https:\/\/www.welovecycling.com\/hu\/#\/schema\/person\/image\/\",\"url\":\"https:\/\/secure.gravatar.com\/avatar\/02cf8a7906b8cf90cecb4679defac7cfd33a1c2e3b88e4903d947f3bb58eedd3?s=96&d=mm&r=g\",\"contentUrl\":\"https:\/\/secure.gravatar.com\/avatar\/02cf8a7906b8cf90cecb4679defac7cfd33a1c2e3b88e4903d947f3bb58eedd3?s=96&d=mm&r=g\",\"caption\":\"hegyizs\"},\"url\":\"https:\/\/www.welovecycling.com\/hu\/author\/hegyizs\/\"}]}<\/script>\n<!-- \/ Yoast SEO Premium plugin. -->","yoast_head_json":{"title":"A n\u0151i mez\u0151ny versenyz\u0151i: Elisa Longo Borghini","description":"Az elm\u00falt \u00e9vekben a n\u0151i ker\u00e9kp\u00e1rsport rohamosan fejl\u0151d\u00f6tt, t\u00f6bb rajong\u00f3t, szponzort \u00e9s m\u00e9diafigyelmet vonzottak a versenyek, mint eddig b\u00e1rmikor. Nem szabad megfeledkezn\u00fcnk arr\u00f3l, hogy ennek a n\u00e9pszer\u0171s\u00e9gi hull\u00e1mnak a k\u00f6z\u00e9ppontj\u00e1ban leny\u0171g\u00f6z\u0151 versenyz\u0151k \u00e1llnak - t\u0151l\u00fck lesz olyan izgalmas ez a sport.","robots":{"index":"index","follow":"follow","max-snippet":"max-snippet:-1","max-image-preview":"max-image-preview:large","max-video-preview":"max-video-preview:-1"},"canonical":"https:\/\/www.welovecycling.com\/hu\/orszaguti-kerekpar\/a-noi-mezony-versenyzoi-elisa-longo-borghini\/","og_locale":"hu_HU","og_type":"article","og_title":"A n\u0151i mez\u0151ny versenyz\u0151i: Elisa Longo Borghini","og_description":"Az elm\u00falt \u00e9vekben a n\u0151i ker\u00e9kp\u00e1rsport rohamosan fejl\u0151d\u00f6tt, t\u00f6bb rajong\u00f3t, szponzort \u00e9s m\u00e9diafigyelmet vonzottak a versenyek, mint eddig b\u00e1rmikor. Nem szabad megfeledkezn\u00fcnk arr\u00f3l, hogy ennek a n\u00e9pszer\u0171s\u00e9gi hull\u00e1mnak a k\u00f6z\u00e9ppontj\u00e1ban leny\u0171g\u00f6z\u0151 versenyz\u0151k \u00e1llnak - t\u0151l\u00fck lesz olyan izgalmas ez a sport.","og_url":"https:\/\/www.welovecycling.com\/hu\/orszaguti-kerekpar\/a-noi-mezony-versenyzoi-elisa-longo-borghini\/","og_site_name":"\u0160koda We Love Cycling - Magyarorsz\u00e1g","article_publisher":"https:\/\/www.facebook.com\/WeLoveCyclingHungary\/","article_published_time":"2024-10-15T06:00:33+00:00","og_image":[{"width":990,"height":660,"url":"https:\/\/d2p6e6u75xmxt8.cloudfront.net\/12\/2024\/10\/Elisa-Longo-Borghini-profimedia-0890475913-CVR.webp","type":"image\/webp"}],"author":"hegyizs","twitter_card":"summary_large_image","twitter_misc":{"Written by":"Megan Flottorp","Est. reading time":"5"},"schema":{"@context":"https:\/\/schema.org","@graph":[{"@type":"WebPage","@id":"https:\/\/www.welovecycling.com\/hu\/orszaguti-kerekpar\/a-noi-mezony-versenyzoi-elisa-longo-borghini\/","url":"https:\/\/www.welovecycling.com\/hu\/orszaguti-kerekpar\/a-noi-mezony-versenyzoi-elisa-longo-borghini\/","name":"A n\u0151i mez\u0151ny versenyz\u0151i: Elisa Longo Borghini","isPartOf":{"@id":"https:\/\/www.welovecycling.com\/hu\/#website"},"primaryImageOfPage":{"@id":"https:\/\/www.welovecycling.com\/hu\/orszaguti-kerekpar\/a-noi-mezony-versenyzoi-elisa-longo-borghini\/#primaryimage"},"image":{"@id":"https:\/\/www.welovecycling.com\/hu\/orszaguti-kerekpar\/a-noi-mezony-versenyzoi-elisa-longo-borghini\/#primaryimage"},"thumbnailUrl":"https:\/\/d2p6e6u75xmxt8.cloudfront.net\/12\/2024\/10\/Elisa-Longo-Borghini-profimedia-0890475913-CVR.webp","datePublished":"2024-10-15T06:00:33+00:00","author":{"@id":"https:\/\/www.welovecycling.com\/hu\/#\/schema\/person\/414a2aebf1801691a5320edb6468e194"},"description":"Az elm\u00falt \u00e9vekben a n\u0151i ker\u00e9kp\u00e1rsport rohamosan fejl\u0151d\u00f6tt, t\u00f6bb rajong\u00f3t, szponzort \u00e9s m\u00e9diafigyelmet vonzottak a versenyek, mint eddig b\u00e1rmikor. Nem szabad megfeledkezn\u00fcnk arr\u00f3l, hogy ennek a n\u00e9pszer\u0171s\u00e9gi hull\u00e1mnak a k\u00f6z\u00e9ppontj\u00e1ban leny\u0171g\u00f6z\u0151 versenyz\u0151k \u00e1llnak - t\u0151l\u00fck lesz olyan izgalmas ez a sport.","breadcrumb":{"@id":"https:\/\/www.welovecycling.com\/hu\/orszaguti-kerekpar\/a-noi-mezony-versenyzoi-elisa-longo-borghini\/#breadcrumb"},"inLanguage":"hu","potentialAction":[{"@type":"ReadAction","target":["https:\/\/www.welovecycling.com\/hu\/orszaguti-kerekpar\/a-noi-mezony-versenyzoi-elisa-longo-borghini\/"]}]},{"@type":"ImageObject","inLanguage":"hu","@id":"https:\/\/www.welovecycling.com\/hu\/orszaguti-kerekpar\/a-noi-mezony-versenyzoi-elisa-longo-borghini\/#primaryimage","url":"https:\/\/d2p6e6u75xmxt8.cloudfront.net\/12\/2024\/10\/Elisa-Longo-Borghini-profimedia-0890475913-CVR.webp","contentUrl":"https:\/\/d2p6e6u75xmxt8.cloudfront.net\/12\/2024\/10\/Elisa-Longo-Borghini-profimedia-0890475913-CVR.webp","width":990,"height":660,"caption":"Elisa Longo Borghini"},{"@type":"BreadcrumbList","@id":"https:\/\/www.welovecycling.com\/hu\/orszaguti-kerekpar\/a-noi-mezony-versenyzoi-elisa-longo-borghini\/#breadcrumb","itemListElement":[{"@type":"ListItem","position":1,"name":"Home","item":"https:\/\/www.welovecycling.com\/hu\/"},{"@type":"ListItem","position":2,"name":"A n\u0151i mez\u0151ny versenyz\u0151i: Elisa Longo Borghini"}]},{"@type":"WebSite","@id":"https:\/\/www.welovecycling.com\/hu\/#website","url":"https:\/\/www.welovecycling.com\/hu\/","name":"\u0160koda We Love Cycling - Magyarorsz\u00e1g","description":"\u0160koda WeLoveCycling","potentialAction":[{"@type":"SearchAction","target":{"@type":"EntryPoint","urlTemplate":"https:\/\/www.welovecycling.com\/hu\/?s={search_term_string}"},"query-input":{"@type":"PropertyValueSpecification","valueRequired":true,"valueName":"search_term_string"}}],"inLanguage":"hu"},{"@type":"Person","@id":"https:\/\/www.welovecycling.com\/hu\/#\/schema\/person\/414a2aebf1801691a5320edb6468e194","name":"hegyizs","image":{"@type":"ImageObject","inLanguage":"hu","@id":"https:\/\/www.welovecycling.com\/hu\/#\/schema\/person\/image\/","url":"https:\/\/secure.gravatar.com\/avatar\/02cf8a7906b8cf90cecb4679defac7cfd33a1c2e3b88e4903d947f3bb58eedd3?s=96&d=mm&r=g","contentUrl":"https:\/\/secure.gravatar.com\/avatar\/02cf8a7906b8cf90cecb4679defac7cfd33a1c2e3b88e4903d947f3bb58eedd3?s=96&d=mm&r=g","caption":"hegyizs"},"url":"https:\/\/www.welovecycling.com\/hu\/author\/hegyizs\/"}]}},"_links":{"self":[{"href":"https:\/\/www.welovecycling.com\/hu\/wp-json\/wp\/v2\/posts\/18775","targetHints":{"allow":["GET"]}}],"collection":[{"href":"https:\/\/www.welovecycling.com\/hu\/wp-json\/wp\/v2\/posts"}],"about":[{"href":"https:\/\/www.welovecycling.com\/hu\/wp-json\/wp\/v2\/types\/post"}],"author":[{"embeddable":true,"href":"https:\/\/www.welovecycling.com\/hu\/wp-json\/wp\/v2\/users\/71"}],"replies":[{"embeddable":true,"href":"https:\/\/www.welovecycling.com\/hu\/wp-json\/wp\/v2\/comments?post=18775"}],"version-history":[{"count":2,"href":"https:\/\/www.welovecycling.com\/hu\/wp-json\/wp\/v2\/posts\/18775\/revisions"}],"predecessor-version":[{"id":18780,"href":"https:\/\/www.welovecycling.com\/hu\/wp-json\/wp\/v2\/posts\/18775\/revisions\/18780"}],"wp:featuredmedia":[{"embeddable":true,"href":"https:\/\/www.welovecycling.com\/hu\/wp-json\/wp\/v2\/media\/18779"}],"wp:attachment":[{"href":"https:\/\/www.welovecycling.com\/hu\/wp-json\/wp\/v2\/media?parent=18775"}],"wp:term":[{"taxonomy":"category","embeddable":true,"href":"https:\/\/www.welovecycling.com\/hu\/wp-json\/wp\/v2\/categories?post=18775"},{"taxonomy":"post_tag","embeddable":true,"href":"https:\/\/www.welovecycling.com\/hu\/wp-json\/wp\/v2\/tags?post=18775"},{"taxonomy":"global-categories","embeddable":true,"href":"https:\/\/www.welovecycling.com\/hu\/wp-json\/wp\/v2\/global-categories?post=18775"}],"curies":[{"name":"wp","href":"https:\/\/api.w.org\/{rel}","templated":true}]}}