{"id":18766,"date":"2024-10-07T10:29:17","date_gmt":"2024-10-07T08:29:17","guid":{"rendered":"https:\/\/www.welovecycling.com\/hu\/?p=18766"},"modified":"2024-10-07T13:55:33","modified_gmt":"2024-10-07T11:55:33","slug":"megvan-a-jubileumi-100-tour-de-hongrie-idopontja-lovagga-utottek-mark-cavendish-t","status":"publish","type":"post","link":"https:\/\/www.welovecycling.com\/hu\/orszaguti-kerekpar\/megvan-a-jubileumi-100-tour-de-hongrie-idopontja-lovagga-utottek-mark-cavendish-t\/","title":{"rendered":"Megvan a j\u00f6v\u0151re 100 \u00e9ves a Tour de Hongrie id\u0151pontja; lovagg\u00e1 \u00fct\u00f6tt\u00e9k Mark Cavendish-t!"},"content":{"rendered":"<p><b>M\u00e1r most fel\u00edrhatjuk a j\u00f6v\u0151re sz\u00e1zadik sz\u00fclet\u00e9snapj\u00e1t \u00fcnnepl\u0151 Magyar K\u00f6rverseny id\u0151pontj\u00e1t, melynek idei szakaszgy\u0151ztes\u00e9t, Mark Cavendish-t k\u00f6zben maga Vilmos herceg \u00fct\u00f6tte lovagg\u00e1 a windsori kast\u00e9lyban.<\/b><\/p>\n<p><!--more--><\/p>\n<p><span style=\"font-weight: 400;\">A 2024-es orsz\u00e1g\u00fati versenyszezon a v\u00e9g\u00e9hez k\u00f6zeledik, \u00edgy a csapatok \u00e9s a nagyobb szervezetek is m\u00e1r el\u0151re tekintenek, \u00e9s a 2025-\u00f6s napt\u00e1rat tervezgetik.\u00a0<\/span><\/p>\n<p><span style=\"font-weight: 400;\">Magyar szempontb\u00f3l mindig kiemelt jelent\u0151s\u00e9g\u0171, hogy a nemzetk\u00f6zi sz\u00f6vets\u00e9g (UCI) mikorra \u00fctemezi be a Tour de Hongrie-t, amire j\u00f6v\u0151re rem\u00e9lhet\u0151leg az elm\u00falt \u00e9vekben megszokottn\u00e1l is nagyobb figyelem ir\u00e1nyul majd \u2013 2025-ben ugyanis sz\u00e1z\u00e9ves sz\u00fclet\u00e9snapj\u00e1t \u00fcnnepli a Magyar K\u00f6rverseny! A TdH-t 1925-ben rendezt\u00e9k meg el\u0151sz\u00f6r, akkor a mez\u0151ny egy h\u00e1romnapos viadal sor\u00e1n \u00f6sszesen 510 km-es t\u00e1vot teljes\u00edtett a Gell\u00e9rt t\u00e9rr\u0151l elrajtolva. Az\u00f3ta sok v\u00edz lefolyt a Dun\u00e1n, nemzeti k\u00f6rverseny\u00fcnk meg\u00e9lt komolyabb magass\u00e1gokat \u00e9s m\u00e9lys\u00e9geket is, de a 2015-\u00f6s \u00fajraind\u00edt\u00e1sa \u00f3ta \u00fcst\u00f6k\u00f6sszer\u0171en \u00edvel felfel\u00e9 a p\u00e1ly\u00e1ja: 2023-ban kapta meg a kiemelt ProSeries-st\u00e1tuszt, ami a mez\u0151ny\u00f6n, a nagycsapatok \u00e9s a szt\u00e1rversenyz\u0151k nevein is megl\u00e1tszik, hiszen az ut\u00f3bbi id\u0151ben m\u00e1r t\u00e9nyleg a legnagyobb ist\u00e1ll\u00f3k \u00e9s klasszisok fordultak meg n\u00e1lunk, ami sok\u00e1ig szinte elk\u00e9pzelhetetlen volt.\u00a0<\/span><\/p>\n<figure id=\"attachment_18770\" aria-describedby=\"caption-attachment-18770\" style=\"width: 1000px\" class=\"wp-caption alignnone\"><a href=\"https:\/\/d2p6e6u75xmxt8.cloudfront.net\/12\/2024\/10\/cover-1715278465.webp\"><img loading=\"lazy\" decoding=\"async\" class=\"size-full wp-image-18770\" src=\"https:\/\/d2p6e6u75xmxt8.cloudfront.net\/12\/2024\/10\/cover-1715278465.webp\" alt=\"\" width=\"1000\" height=\"667\" srcset=\"https:\/\/d2p6e6u75xmxt8.cloudfront.net\/12\/2024\/10\/cover-1715278465.webp 1000w, https:\/\/d2p6e6u75xmxt8.cloudfront.net\/12\/2024\/10\/cover-1715278465-300x200.webp 300w, https:\/\/d2p6e6u75xmxt8.cloudfront.net\/12\/2024\/10\/cover-1715278465-768x512.webp 768w, https:\/\/d2p6e6u75xmxt8.cloudfront.net\/12\/2024\/10\/cover-1715278465-400x267.webp 400w, https:\/\/d2p6e6u75xmxt8.cloudfront.net\/12\/2024\/10\/cover-1715278465-272x182.webp 272w\" sizes=\"auto, (max-width: 1000px) 100vw, 1000px\" \/><\/a><figcaption id=\"caption-attachment-18770\" class=\"wp-caption-text\">Id\u00e9n m\u00e1jusban Kazincbarcik\u00e1n egy bizonyos Mark Cavendish \u00f6r\u00fclhetett \u2013 r\u00f3la lesz m\u00e9g sz\u00f3\u2026 (fot\u00f3: Vanik Zolt\u00e1n\/TdH)<\/figcaption><\/figure>\n<p><span style=\"font-weight: 400;\">Ebben oroszl\u00e1nr\u00e9sze volt Eisenkrammer K\u00e1roly f\u0151szervez\u0151nek, aki munk\u00e1ja \u00e9s \u201ea magyar ker\u00e9kp\u00e1rsport \u00e9rdek\u00e9ben p\u00e9lda\u00e9rt\u00e9k\u0171\u00a0elhivatotts\u00e1ggal v\u00e9gzett edz\u0151i, ut\u00e1np\u00f3tl\u00e1s-nevel\u0151i \u00e9s sportszervez\u0151i tev\u00e9kenys\u00e9ge elismer\u00e9sek\u00e9nt&#8221; augusztus v\u00e9g\u00e9n komoly kit\u00fcntet\u00e9sben, Magyar Arany \u00c9rdemkereszt elismer\u00e9sben r\u00e9szes\u00fclt. A jubileumi 100. ki\u00edr\u00e1s az elm\u00falt \u00e9vekhez hasonl\u00f3an ism\u00e9t \u00f6tnapos lesz, \u00e9s j\u00f6v\u0151re m\u00e1jus 14. \u00e9s 18. k\u00f6z\u00f6tt kapott helyet az UCI versenynapt\u00e1r\u00e1ban, b\u0151vebb inform\u00e1ci\u00f3kat a 2025-\u00f6s \u00e9v elej\u00e9re \u00edg\u00e9rtek a f\u0151szervez\u0151k az \u00fcnnepi versennyel kapcsolatban.<\/span><\/p>\n<figure id=\"attachment_18767\" aria-describedby=\"caption-attachment-18767\" style=\"width: 1000px\" class=\"wp-caption alignnone\"><a href=\"https:\/\/d2p6e6u75xmxt8.cloudfront.net\/12\/2024\/10\/cover-1727873958.webp\"><img loading=\"lazy\" decoding=\"async\" class=\"size-full wp-image-18767\" src=\"https:\/\/d2p6e6u75xmxt8.cloudfront.net\/12\/2024\/10\/cover-1727873958.webp\" alt=\"\" width=\"1000\" height=\"680\" srcset=\"https:\/\/d2p6e6u75xmxt8.cloudfront.net\/12\/2024\/10\/cover-1727873958.webp 1000w, https:\/\/d2p6e6u75xmxt8.cloudfront.net\/12\/2024\/10\/cover-1727873958-300x204.webp 300w, https:\/\/d2p6e6u75xmxt8.cloudfront.net\/12\/2024\/10\/cover-1727873958-768x522.webp 768w, https:\/\/d2p6e6u75xmxt8.cloudfront.net\/12\/2024\/10\/cover-1727873958-400x272.webp 400w\" sizes=\"auto, (max-width: 1000px) 100vw, 1000px\" \/><\/a><figcaption id=\"caption-attachment-18767\" class=\"wp-caption-text\">fot\u00f3: Tuba Zolt\u00e1n\/TdH<\/figcaption><\/figure>\n<p><span style=\"font-weight: 400;\">\u00c9s ha m\u00e1r TdH-szt\u00e1rok: a szenz\u00e1ci\u00f3s Tour de France-rekordd\u00f6nt\u00e9s\u00e9re id\u00e9n m\u00e1jusban Kazincbarcik\u00e1n szakaszgy\u0151zelemmel meleg\u00edt\u0151 Mark Cavendish is nagyon komoly elismer\u00e9sben r\u00e9szes\u00fclt nemr\u00e9giben. Az eml\u00e9kezetes, 2022-es magyarorsz\u00e1gi Giro-nyit\u00f3szakasz ut\u00e1n Z\u00e1molyon egy buszmeg\u00e1ll\u00f3nak is n\u00e9vad\u00f3ul szolg\u00e1l\u00f3 Cavendish a lehet\u0151 legmagasabb brit kit\u00fcntet\u00e9st kapta meg frissiben: okt\u00f3ber elej\u00e9n egyenesen Vilmos herceg \u00fct\u00f6tte lovagg\u00e1 \u00fcnnep\u00e9lyes keretek k\u00f6z\u00f6tt a windsori kast\u00e9lyban! A 39 \u00e9ves, a padl\u00f3r\u00f3l sz\u00e1mos alkalommal fel\u00e1ll\u00f3 sprinterlegenda alaposan r\u00e1szolg\u00e1lt a nem mindennapi elismer\u00e9sre, hiszen eleve fantasztikus p\u00e1lyafut\u00e1s\u00e1t \u2013 \u00f6sszesen 133 profi gy\u0151zelem, k\u00f6zte vil\u00e1gbajnoki c\u00edm, p\u00e1ly\u00e1n olimpiai ez\u00fcst\u00e9rem, megannyi etapgy\u0151zelem mindh\u00e1rom nagy h\u00e1romhetes versenyr\u0151l \u2013 id\u00e9n ny\u00e1ron azzal koron\u00e1zta meg, hogy utols\u00f3 profi \u00e9v\u00e9ben megd\u00f6nt\u00f6tte Eddy Merckx sok\u00e1ig megd\u00f6nthetetlennek tartott \u00f6r\u00f6krekordj\u00e1t a Tour de France-szakaszgy\u0151zelmek sz\u00e1m\u00e1t illet\u0151en. A v\u00e9g\u00fcl 35 Tour-etapsikerrel visszavonul\u00f3 ikon az alkalomnak megfelel\u0151, t\u0151le ritk\u00e1n l\u00e1that\u00f3 \u00f6lt\u00f6ny-ing-nyakkend\u0151 komb\u00f3ban \u00edgy fogalmazott kiss\u00e9 el\u00e9rz\u00e9keny\u00fclve: \u201e<\/span><i><span style=\"font-weight: 400;\">Mindig is az volt a legnagyobb megtiszteltet\u00e9s, hogy a haz\u00e1mat k\u00e9pviselhettem, s hogy a ker\u00e9kp\u00e1roz\u00e1st olyan sportnak, id\u0151t\u00f6lt\u00e9snek \u00e9s k\u00f6zleked\u00e9si m\u00f3dnak tekintem, amelyre az \u00e9letemet tettem fel!\u201d <\/span><\/i><span style=\"font-weight: 400;\">Sir Mark Cavendish teh\u00e1t t\u00e9nyleg mindent el\u00e9rt, \u00e9s marad\u00e9ktalanul el\u00e9gedetten \u00e9lvezheti innent\u0151l \u201enyugd\u00edjas\u201d \u00e9veit csal\u00e1dja, feles\u00e9ge \u00e9s n\u00e9gy gyermeke k\u00f6r\u00e9ben \u2013 ha valaki, h\u00e1t \u0151 igaz\u00e1n r\u00e1szolg\u00e1lt!<\/span><\/p>\n<figure id=\"attachment_18768\" aria-describedby=\"caption-attachment-18768\" style=\"width: 1900px\" class=\"wp-caption alignnone\"><a href=\"https:\/\/d2p6e6u75xmxt8.cloudfront.net\/12\/2024\/10\/vilmos-cav.webp\"><img loading=\"lazy\" decoding=\"async\" class=\"size-full wp-image-18768\" src=\"https:\/\/d2p6e6u75xmxt8.cloudfront.net\/12\/2024\/10\/vilmos-cav.webp\" alt=\"\" width=\"1900\" height=\"1140\" srcset=\"https:\/\/d2p6e6u75xmxt8.cloudfront.net\/12\/2024\/10\/vilmos-cav.webp 1900w, https:\/\/d2p6e6u75xmxt8.cloudfront.net\/12\/2024\/10\/vilmos-cav-300x180.webp 300w, https:\/\/d2p6e6u75xmxt8.cloudfront.net\/12\/2024\/10\/vilmos-cav-1024x614.webp 1024w, https:\/\/d2p6e6u75xmxt8.cloudfront.net\/12\/2024\/10\/vilmos-cav-768x461.webp 768w, https:\/\/d2p6e6u75xmxt8.cloudfront.net\/12\/2024\/10\/vilmos-cav-1536x922.webp 1536w, https:\/\/d2p6e6u75xmxt8.cloudfront.net\/12\/2024\/10\/vilmos-cav-400x240.webp 400w\" sizes=\"auto, (max-width: 1900px) 100vw, 1900px\" \/><\/a><figcaption id=\"caption-attachment-18768\" class=\"wp-caption-text\">Aaron Chown\/PA<\/figcaption><\/figure>\n","protected":false},"excerpt":{"rendered":"<p>M\u00e1r most fel\u00edrhatjuk a j\u00f6v\u0151re sz\u00e1zadik sz\u00fclet\u00e9snapj\u00e1t \u00fcnnepl\u0151 Magyar K\u00f6rverseny id\u0151pontj\u00e1t, melynek idei szakaszgy\u0151ztes\u00e9t, Mark Cavendish-t k\u00f6zben maga Vilmos herceg [&hellip;]<\/p>\n","protected":false},"author":145,"featured_media":18769,"comment_status":"open","ping_status":"open","sticky":false,"template":"","format":"standard","meta":{"footnotes":""},"categories":[8],"tags":[],"global-categories":[419],"class_list":["post-18766","post","type-post","status-publish","format-standard","has-post-thumbnail","hentry","category-orszaguti-kerekpar","global-categories-cycling"],"yoast_head":"<!-- This site is optimized with the Yoast SEO Premium plugin v25.3 (Yoast SEO v25.9) - https:\/\/yoast.com\/wordpress\/plugins\/seo\/ -->\n<title>Megvan a j\u00f6v\u0151re 100 \u00e9ves a Tour de Hongrie id\u0151pontja; lovagg\u00e1 \u00fct\u00f6tt\u00e9k Mark Cavendish-t! - \u0160koda We Love Cycling - Magyarorsz\u00e1g<\/title>\n<meta name=\"robots\" content=\"index, follow, max-snippet:-1, max-image-preview:large, max-video-preview:-1\" \/>\n<link rel=\"canonical\" href=\"https:\/\/www.welovecycling.com\/hu\/orszaguti-kerekpar\/megvan-a-jubileumi-100-tour-de-hongrie-idopontja-lovagga-utottek-mark-cavendish-t\/\" \/>\n<meta property=\"og:locale\" content=\"hu_HU\" \/>\n<meta property=\"og:type\" content=\"article\" \/>\n<meta property=\"og:title\" content=\"Megvan a j\u00f6v\u0151re 100 \u00e9ves a Tour de Hongrie id\u0151pontja; lovagg\u00e1 \u00fct\u00f6tt\u00e9k Mark Cavendish-t!\" \/>\n<meta property=\"og:description\" content=\"M\u00e1r most fel\u00edrhatjuk a j\u00f6v\u0151re sz\u00e1zadik sz\u00fclet\u00e9snapj\u00e1t \u00fcnnepl\u0151 Magyar K\u00f6rverseny id\u0151pontj\u00e1t, melynek idei szakaszgy\u0151ztes\u00e9t, Mark Cavendish-t k\u00f6zben maga Vilmos herceg [&hellip;]\" \/>\n<meta property=\"og:url\" content=\"https:\/\/www.welovecycling.com\/hu\/orszaguti-kerekpar\/megvan-a-jubileumi-100-tour-de-hongrie-idopontja-lovagga-utottek-mark-cavendish-t\/\" \/>\n<meta property=\"og:site_name\" content=\"\u0160koda We Love Cycling - Magyarorsz\u00e1g\" \/>\n<meta property=\"article:publisher\" content=\"https:\/\/www.facebook.com\/WeLoveCyclingHungary\/\" \/>\n<meta property=\"article:published_time\" content=\"2024-10-07T08:29:17+00:00\" \/>\n<meta property=\"article:modified_time\" content=\"2024-10-07T11:55:33+00:00\" \/>\n<meta property=\"og:image\" content=\"https:\/\/d2p6e6u75xmxt8.cloudfront.net\/12\/2024\/10\/skynews-mark-cavendish-prince-of-wales_6703984.webp\" \/>\n\t<meta property=\"og:image:width\" content=\"1600\" \/>\n\t<meta property=\"og:image:height\" content=\"900\" \/>\n\t<meta property=\"og:image:type\" content=\"image\/webp\" \/>\n<meta name=\"author\" content=\"kitti\" \/>\n<meta name=\"twitter:card\" content=\"summary_large_image\" \/>\n<meta name=\"twitter:label1\" content=\"Written by\" \/>\n\t<meta name=\"twitter:data1\" content=\"We Love Cycling\" \/>\n\t<meta name=\"twitter:label2\" content=\"Est. reading time\" \/>\n\t<meta name=\"twitter:data2\" content=\"4 minutes\" \/>\n<script type=\"application\/ld+json\" class=\"yoast-schema-graph\">{\"@context\":\"https:\/\/schema.org\",\"@graph\":[{\"@type\":\"WebPage\",\"@id\":\"https:\/\/www.welovecycling.com\/hu\/orszaguti-kerekpar\/megvan-a-jubileumi-100-tour-de-hongrie-idopontja-lovagga-utottek-mark-cavendish-t\/\",\"url\":\"https:\/\/www.welovecycling.com\/hu\/orszaguti-kerekpar\/megvan-a-jubileumi-100-tour-de-hongrie-idopontja-lovagga-utottek-mark-cavendish-t\/\",\"name\":\"Megvan a j\u00f6v\u0151re 100 \u00e9ves a Tour de Hongrie id\u0151pontja; lovagg\u00e1 \u00fct\u00f6tt\u00e9k Mark Cavendish-t! - \u0160koda We Love Cycling - Magyarorsz\u00e1g\",\"isPartOf\":{\"@id\":\"https:\/\/www.welovecycling.com\/hu\/#website\"},\"primaryImageOfPage\":{\"@id\":\"https:\/\/www.welovecycling.com\/hu\/orszaguti-kerekpar\/megvan-a-jubileumi-100-tour-de-hongrie-idopontja-lovagga-utottek-mark-cavendish-t\/#primaryimage\"},\"image\":{\"@id\":\"https:\/\/www.welovecycling.com\/hu\/orszaguti-kerekpar\/megvan-a-jubileumi-100-tour-de-hongrie-idopontja-lovagga-utottek-mark-cavendish-t\/#primaryimage\"},\"thumbnailUrl\":\"https:\/\/d2p6e6u75xmxt8.cloudfront.net\/12\/2024\/10\/skynews-mark-cavendish-prince-of-wales_6703984.webp\",\"datePublished\":\"2024-10-07T08:29:17+00:00\",\"dateModified\":\"2024-10-07T11:55:33+00:00\",\"author\":{\"@id\":\"https:\/\/www.welovecycling.com\/hu\/#\/schema\/person\/bec7dcdbcc59f58489cf603e4040ced1\"},\"breadcrumb\":{\"@id\":\"https:\/\/www.welovecycling.com\/hu\/orszaguti-kerekpar\/megvan-a-jubileumi-100-tour-de-hongrie-idopontja-lovagga-utottek-mark-cavendish-t\/#breadcrumb\"},\"inLanguage\":\"hu\",\"potentialAction\":[{\"@type\":\"ReadAction\",\"target\":[\"https:\/\/www.welovecycling.com\/hu\/orszaguti-kerekpar\/megvan-a-jubileumi-100-tour-de-hongrie-idopontja-lovagga-utottek-mark-cavendish-t\/\"]}]},{\"@type\":\"ImageObject\",\"inLanguage\":\"hu\",\"@id\":\"https:\/\/www.welovecycling.com\/hu\/orszaguti-kerekpar\/megvan-a-jubileumi-100-tour-de-hongrie-idopontja-lovagga-utottek-mark-cavendish-t\/#primaryimage\",\"url\":\"https:\/\/d2p6e6u75xmxt8.cloudfront.net\/12\/2024\/10\/skynews-mark-cavendish-prince-of-wales_6703984.webp\",\"contentUrl\":\"https:\/\/d2p6e6u75xmxt8.cloudfront.net\/12\/2024\/10\/skynews-mark-cavendish-prince-of-wales_6703984.webp\",\"width\":1600,\"height\":900},{\"@type\":\"BreadcrumbList\",\"@id\":\"https:\/\/www.welovecycling.com\/hu\/orszaguti-kerekpar\/megvan-a-jubileumi-100-tour-de-hongrie-idopontja-lovagga-utottek-mark-cavendish-t\/#breadcrumb\",\"itemListElement\":[{\"@type\":\"ListItem\",\"position\":1,\"name\":\"Home\",\"item\":\"https:\/\/www.welovecycling.com\/hu\/\"},{\"@type\":\"ListItem\",\"position\":2,\"name\":\"Megvan a j\u00f6v\u0151re 100 \u00e9ves a Tour de Hongrie id\u0151pontja; lovagg\u00e1 \u00fct\u00f6tt\u00e9k Mark Cavendish-t!\"}]},{\"@type\":\"WebSite\",\"@id\":\"https:\/\/www.welovecycling.com\/hu\/#website\",\"url\":\"https:\/\/www.welovecycling.com\/hu\/\",\"name\":\"\u0160koda We Love Cycling - Magyarorsz\u00e1g\",\"description\":\"\u0160koda WeLoveCycling\",\"potentialAction\":[{\"@type\":\"SearchAction\",\"target\":{\"@type\":\"EntryPoint\",\"urlTemplate\":\"https:\/\/www.welovecycling.com\/hu\/?s={search_term_string}\"},\"query-input\":{\"@type\":\"PropertyValueSpecification\",\"valueRequired\":true,\"valueName\":\"search_term_string\"}}],\"inLanguage\":\"hu\"},{\"@type\":\"Person\",\"@id\":\"https:\/\/www.welovecycling.com\/hu\/#\/schema\/person\/bec7dcdbcc59f58489cf603e4040ced1\",\"name\":\"kitti\",\"image\":{\"@type\":\"ImageObject\",\"inLanguage\":\"hu\",\"@id\":\"https:\/\/www.welovecycling.com\/hu\/#\/schema\/person\/image\/\",\"url\":\"https:\/\/secure.gravatar.com\/avatar\/e3196a110e1b57b96f56d92d10ce9bb4e9d7210076832a16243337e949410b52?s=96&d=mm&r=g\",\"contentUrl\":\"https:\/\/secure.gravatar.com\/avatar\/e3196a110e1b57b96f56d92d10ce9bb4e9d7210076832a16243337e949410b52?s=96&d=mm&r=g\",\"caption\":\"kitti\"},\"url\":\"https:\/\/www.welovecycling.com\/hu\/author\/kitti\/\"}]}<\/script>\n<!-- \/ Yoast SEO Premium plugin. -->","yoast_head_json":{"title":"Megvan a j\u00f6v\u0151re 100 \u00e9ves a Tour de Hongrie id\u0151pontja; lovagg\u00e1 \u00fct\u00f6tt\u00e9k Mark Cavendish-t! - \u0160koda We Love Cycling - Magyarorsz\u00e1g","robots":{"index":"index","follow":"follow","max-snippet":"max-snippet:-1","max-image-preview":"max-image-preview:large","max-video-preview":"max-video-preview:-1"},"canonical":"https:\/\/www.welovecycling.com\/hu\/orszaguti-kerekpar\/megvan-a-jubileumi-100-tour-de-hongrie-idopontja-lovagga-utottek-mark-cavendish-t\/","og_locale":"hu_HU","og_type":"article","og_title":"Megvan a j\u00f6v\u0151re 100 \u00e9ves a Tour de Hongrie id\u0151pontja; lovagg\u00e1 \u00fct\u00f6tt\u00e9k Mark Cavendish-t!","og_description":"M\u00e1r most fel\u00edrhatjuk a j\u00f6v\u0151re sz\u00e1zadik sz\u00fclet\u00e9snapj\u00e1t \u00fcnnepl\u0151 Magyar K\u00f6rverseny id\u0151pontj\u00e1t, melynek idei szakaszgy\u0151ztes\u00e9t, Mark Cavendish-t k\u00f6zben maga Vilmos herceg [&hellip;]","og_url":"https:\/\/www.welovecycling.com\/hu\/orszaguti-kerekpar\/megvan-a-jubileumi-100-tour-de-hongrie-idopontja-lovagga-utottek-mark-cavendish-t\/","og_site_name":"\u0160koda We Love Cycling - Magyarorsz\u00e1g","article_publisher":"https:\/\/www.facebook.com\/WeLoveCyclingHungary\/","article_published_time":"2024-10-07T08:29:17+00:00","article_modified_time":"2024-10-07T11:55:33+00:00","og_image":[{"width":1600,"height":900,"url":"https:\/\/d2p6e6u75xmxt8.cloudfront.net\/12\/2024\/10\/skynews-mark-cavendish-prince-of-wales_6703984.webp","type":"image\/webp"}],"author":"kitti","twitter_card":"summary_large_image","twitter_misc":{"Written by":"We Love Cycling","Est. reading time":"4 minutes"},"schema":{"@context":"https:\/\/schema.org","@graph":[{"@type":"WebPage","@id":"https:\/\/www.welovecycling.com\/hu\/orszaguti-kerekpar\/megvan-a-jubileumi-100-tour-de-hongrie-idopontja-lovagga-utottek-mark-cavendish-t\/","url":"https:\/\/www.welovecycling.com\/hu\/orszaguti-kerekpar\/megvan-a-jubileumi-100-tour-de-hongrie-idopontja-lovagga-utottek-mark-cavendish-t\/","name":"Megvan a j\u00f6v\u0151re 100 \u00e9ves a Tour de Hongrie id\u0151pontja; lovagg\u00e1 \u00fct\u00f6tt\u00e9k Mark Cavendish-t! - \u0160koda We Love Cycling - Magyarorsz\u00e1g","isPartOf":{"@id":"https:\/\/www.welovecycling.com\/hu\/#website"},"primaryImageOfPage":{"@id":"https:\/\/www.welovecycling.com\/hu\/orszaguti-kerekpar\/megvan-a-jubileumi-100-tour-de-hongrie-idopontja-lovagga-utottek-mark-cavendish-t\/#primaryimage"},"image":{"@id":"https:\/\/www.welovecycling.com\/hu\/orszaguti-kerekpar\/megvan-a-jubileumi-100-tour-de-hongrie-idopontja-lovagga-utottek-mark-cavendish-t\/#primaryimage"},"thumbnailUrl":"https:\/\/d2p6e6u75xmxt8.cloudfront.net\/12\/2024\/10\/skynews-mark-cavendish-prince-of-wales_6703984.webp","datePublished":"2024-10-07T08:29:17+00:00","dateModified":"2024-10-07T11:55:33+00:00","author":{"@id":"https:\/\/www.welovecycling.com\/hu\/#\/schema\/person\/bec7dcdbcc59f58489cf603e4040ced1"},"breadcrumb":{"@id":"https:\/\/www.welovecycling.com\/hu\/orszaguti-kerekpar\/megvan-a-jubileumi-100-tour-de-hongrie-idopontja-lovagga-utottek-mark-cavendish-t\/#breadcrumb"},"inLanguage":"hu","potentialAction":[{"@type":"ReadAction","target":["https:\/\/www.welovecycling.com\/hu\/orszaguti-kerekpar\/megvan-a-jubileumi-100-tour-de-hongrie-idopontja-lovagga-utottek-mark-cavendish-t\/"]}]},{"@type":"ImageObject","inLanguage":"hu","@id":"https:\/\/www.welovecycling.com\/hu\/orszaguti-kerekpar\/megvan-a-jubileumi-100-tour-de-hongrie-idopontja-lovagga-utottek-mark-cavendish-t\/#primaryimage","url":"https:\/\/d2p6e6u75xmxt8.cloudfront.net\/12\/2024\/10\/skynews-mark-cavendish-prince-of-wales_6703984.webp","contentUrl":"https:\/\/d2p6e6u75xmxt8.cloudfront.net\/12\/2024\/10\/skynews-mark-cavendish-prince-of-wales_6703984.webp","width":1600,"height":900},{"@type":"BreadcrumbList","@id":"https:\/\/www.welovecycling.com\/hu\/orszaguti-kerekpar\/megvan-a-jubileumi-100-tour-de-hongrie-idopontja-lovagga-utottek-mark-cavendish-t\/#breadcrumb","itemListElement":[{"@type":"ListItem","position":1,"name":"Home","item":"https:\/\/www.welovecycling.com\/hu\/"},{"@type":"ListItem","position":2,"name":"Megvan a j\u00f6v\u0151re 100 \u00e9ves a Tour de Hongrie id\u0151pontja; lovagg\u00e1 \u00fct\u00f6tt\u00e9k Mark Cavendish-t!"}]},{"@type":"WebSite","@id":"https:\/\/www.welovecycling.com\/hu\/#website","url":"https:\/\/www.welovecycling.com\/hu\/","name":"\u0160koda We Love Cycling - Magyarorsz\u00e1g","description":"\u0160koda WeLoveCycling","potentialAction":[{"@type":"SearchAction","target":{"@type":"EntryPoint","urlTemplate":"https:\/\/www.welovecycling.com\/hu\/?s={search_term_string}"},"query-input":{"@type":"PropertyValueSpecification","valueRequired":true,"valueName":"search_term_string"}}],"inLanguage":"hu"},{"@type":"Person","@id":"https:\/\/www.welovecycling.com\/hu\/#\/schema\/person\/bec7dcdbcc59f58489cf603e4040ced1","name":"kitti","image":{"@type":"ImageObject","inLanguage":"hu","@id":"https:\/\/www.welovecycling.com\/hu\/#\/schema\/person\/image\/","url":"https:\/\/secure.gravatar.com\/avatar\/e3196a110e1b57b96f56d92d10ce9bb4e9d7210076832a16243337e949410b52?s=96&d=mm&r=g","contentUrl":"https:\/\/secure.gravatar.com\/avatar\/e3196a110e1b57b96f56d92d10ce9bb4e9d7210076832a16243337e949410b52?s=96&d=mm&r=g","caption":"kitti"},"url":"https:\/\/www.welovecycling.com\/hu\/author\/kitti\/"}]}},"_links":{"self":[{"href":"https:\/\/www.welovecycling.com\/hu\/wp-json\/wp\/v2\/posts\/18766","targetHints":{"allow":["GET"]}}],"collection":[{"href":"https:\/\/www.welovecycling.com\/hu\/wp-json\/wp\/v2\/posts"}],"about":[{"href":"https:\/\/www.welovecycling.com\/hu\/wp-json\/wp\/v2\/types\/post"}],"author":[{"embeddable":true,"href":"https:\/\/www.welovecycling.com\/hu\/wp-json\/wp\/v2\/users\/145"}],"replies":[{"embeddable":true,"href":"https:\/\/www.welovecycling.com\/hu\/wp-json\/wp\/v2\/comments?post=18766"}],"version-history":[{"count":3,"href":"https:\/\/www.welovecycling.com\/hu\/wp-json\/wp\/v2\/posts\/18766\/revisions"}],"predecessor-version":[{"id":18773,"href":"https:\/\/www.welovecycling.com\/hu\/wp-json\/wp\/v2\/posts\/18766\/revisions\/18773"}],"wp:featuredmedia":[{"embeddable":true,"href":"https:\/\/www.welovecycling.com\/hu\/wp-json\/wp\/v2\/media\/18769"}],"wp:attachment":[{"href":"https:\/\/www.welovecycling.com\/hu\/wp-json\/wp\/v2\/media?parent=18766"}],"wp:term":[{"taxonomy":"category","embeddable":true,"href":"https:\/\/www.welovecycling.com\/hu\/wp-json\/wp\/v2\/categories?post=18766"},{"taxonomy":"post_tag","embeddable":true,"href":"https:\/\/www.welovecycling.com\/hu\/wp-json\/wp\/v2\/tags?post=18766"},{"taxonomy":"global-categories","embeddable":true,"href":"https:\/\/www.welovecycling.com\/hu\/wp-json\/wp\/v2\/global-categories?post=18766"}],"curies":[{"name":"wp","href":"https:\/\/api.w.org\/{rel}","templated":true}]}}