{"id":18750,"date":"2024-09-30T10:04:09","date_gmt":"2024-09-30T08:04:09","guid":{"rendered":"https:\/\/www.welovecycling.com\/hu\/?p=18750"},"modified":"2024-09-30T10:04:09","modified_gmt":"2024-09-30T08:04:09","slug":"pogacar-felhegesztette-a-koronat-tortenelmi-evere-vas-blanka-top-10-es-a-vb-n","status":"publish","type":"post","link":"https:\/\/www.welovecycling.com\/hu\/uncategorized\/pogacar-felhegesztette-a-koronat-tortenelmi-evere-vas-blanka-top-10-es-a-vb-n\/","title":{"rendered":"Poga\u010dar felhegesztette a koron\u00e1t t\u00f6rt\u00e9nelmi \u00e9v\u00e9re, Vas Blanka top 10-es a vb-n"},"content":{"rendered":"<p><b>Elfogytak a jelz\u0151k a szlov\u00e9n szuperszt\u00e1r 2024-es teljes\u00edtm\u00e9ny\u00e9re.<\/b><\/p>\n<p><!--more--><\/p>\n<p><span style=\"font-weight: 400;\">Amikor Tadej Poga\u010dar a Jonas Vingegaard-al (\u00e9s a Jumbo szupercsapat\u00e1val) szemben elvesztett Tour-ok ut\u00e1n azt nyilatkozta, ez csak tov\u00e1bb motiv\u00e1lja, hogy m\u00e9g jobb legyen, csak sejteni lehetett, hogy ha valaki, akkor \u0151 t\u00e9nyleg nem a leveg\u0151be besz\u00e9l. \u00c9s mostanra ism\u00e9t l\u00e1tv\u00e1nyosan bizonys\u00e1got nyert: nem j\u00f3 \u00f6tlet megr\u00e1ncig\u00e1lni az oroszl\u00e1n bajsz\u00e1t\u2026\u00a0<\/span><\/p>\n<p><span style=\"font-weight: 400;\">Persze, nagy k\u00e9rd\u00e9s, mi lehetett volna, ha Vingegaard nem t\u00f6ri \u00f6ssze mag\u00e1t id\u00e9n, \u00e9s ism\u00e9t \u201eteljes \u00e9rt\u00e9k\u0171\u201d szezont tud futni, de tegy\u00fck a sz\u00edv\u00fcnkre a kez\u00fcnket, nem ezen m\u00falt: addigra a szlov\u00e9n szuperszt\u00e1r m\u00e1r t\u00fal volt egy b\u00e1nt\u00f3an sim\u00e1n, hat szakaszgy\u0151zelemmel \u00e9s t\u00edzperces (!) el\u0151nnyel megnyert Gir\u00f3n, ezt alig k\u00e9t h\u00f3nappal k\u00e9s\u0151bb a Touron l\u00e9nyeg\u00e9ben lekop\u00edrozta, \u00e9s a szenz\u00e1ci\u00f3s dupla ut\u00e1n most annyira tiszteletet parancsol\u00f3an tette fel a t\u00f6rt\u00e9nelmi koron\u00e1t, ahogy csak a legnagyobbak tudj\u00e1k. A h\u00e9tv\u00e9gi vil\u00e1gbajnoki mez\u0151nyversenyen nyomat\u00e9kosabban nem is egy\u00e9rtelm\u0171s\u00edthette volna, hogy jelenleg nincs ellenfele, \u00e9s teljesen m\u00e1s dimenzi\u00f3ban teker, mint a t\u00f6bbiek: olyan sz\u00e1zkilom\u00e9teres \u201ekamikaze-sz\u00f6k\u00e9s\u201d ut\u00e1n haza\u00e9rve nyert \u00e9s csin\u00e1lta meg a sport\u00e1gi berkeken bel\u00fcl csak Triple Crown-k\u00e9nt emlegetett tripl\u00e1t a kimondottan neh\u00e9z sv\u00e1jci p\u00e1ly\u00e1n, hogy arra m\u00e1r a rem\u00e9nyvesztett riv\u00e1lisai sem nagyon tudtak jelz\u0151ket tal\u00e1lni. <\/span><i><span style=\"font-weight: 400;\">\u201ePersze, hogy meglepett, volt m\u00e9g h\u00e1tra vagy sz\u00e1z kilom\u00e9ter. Alapesetben err\u0151l mindenki azt gondolta volna, hogy ez egy teljesen \u00f6ngyilkos akci\u00f3, de a v\u00e9g\u00e9n m\u00e9g mindig harminc m\u00e1sodpercre voltunk t\u0151le, amikor \u0151 m\u00e1r a lejtmenetben \u0151rizte az el\u0151ny\u00e9t. (\u2026) Ez sz\u00e1z kilom\u00e9ternyi ny\u00e9lg\u00e1z volt. Egyszer\u0171en nem tudtam enn\u00e9l t\u00f6bbet kiadni magamb\u00f3l\u2026\u201d<\/span><\/i><span style=\"font-weight: 400;\"> \u2013 ezek annak a Remco Evenepoelnak a c\u00e9lba \u00e9r\u00e9s ut\u00e1ni mondatai, aki id\u00e9n dupl\u00e1zott a p\u00e1rizsi olimpi\u00e1n, nyerte a vb-id\u0151futamot \u00e9s harmadik lett a Touron\u2026<\/span><\/p>\n<figure id=\"attachment_18753\" aria-describedby=\"caption-attachment-18753\" style=\"width: 1368px\" class=\"wp-caption alignnone\"><a href=\"https:\/\/d2p6e6u75xmxt8.cloudfront.net\/12\/2024\/09\/2024-09-29T153449Z_97664816_UP1EK9T17A09S_RTRMADP_3_CYCLING-WORLD.webp\"><img loading=\"lazy\" decoding=\"async\" class=\"size-full wp-image-18753\" src=\"https:\/\/d2p6e6u75xmxt8.cloudfront.net\/12\/2024\/09\/2024-09-29T153449Z_97664816_UP1EK9T17A09S_RTRMADP_3_CYCLING-WORLD.webp\" alt=\"\" width=\"1368\" height=\"1012\" srcset=\"https:\/\/d2p6e6u75xmxt8.cloudfront.net\/12\/2024\/09\/2024-09-29T153449Z_97664816_UP1EK9T17A09S_RTRMADP_3_CYCLING-WORLD.webp 1368w, https:\/\/d2p6e6u75xmxt8.cloudfront.net\/12\/2024\/09\/2024-09-29T153449Z_97664816_UP1EK9T17A09S_RTRMADP_3_CYCLING-WORLD-300x222.webp 300w, https:\/\/d2p6e6u75xmxt8.cloudfront.net\/12\/2024\/09\/2024-09-29T153449Z_97664816_UP1EK9T17A09S_RTRMADP_3_CYCLING-WORLD-1024x758.webp 1024w, https:\/\/d2p6e6u75xmxt8.cloudfront.net\/12\/2024\/09\/2024-09-29T153449Z_97664816_UP1EK9T17A09S_RTRMADP_3_CYCLING-WORLD-768x568.webp 768w, https:\/\/d2p6e6u75xmxt8.cloudfront.net\/12\/2024\/09\/2024-09-29T153449Z_97664816_UP1EK9T17A09S_RTRMADP_3_CYCLING-WORLD-400x296.webp 400w\" sizes=\"auto, (max-width: 1368px) 100vw, 1368px\" \/><\/a><figcaption id=\"caption-attachment-18753\" class=\"wp-caption-text\">Tadej Poga\u010dar a vil\u00e1g tetej\u00e9n (fot\u00f3: Reuters)<\/figcaption><\/figure>\n<p><span style=\"font-weight: 400;\">Poga\u010dar \u2013 aki ut\u00f3bb azt vallotta, nem volt tervezett az elk\u00e9peszt\u0151 t\u00e1mad\u00e1sa, egyszer\u0171en csak ment a flow-val \u2013 ezzel Eddy Merckx \u00e9s Stephen Roche ut\u00e1n mind\u00f6ssze a harmadik versenyz\u0151 lett a sport\u00e1g t\u00f6rt\u00e9net\u00e9ben, akinek egyetlen napt\u00e1ri \u00e9ven bel\u00fcl \u00f6sszej\u00f6tt az \u0151r\u00fcletes Giro, Tour, vb tripla, de dominanci\u00e1ja akkor v\u00e1lik m\u00e1r-m\u00e1r nyomaszt\u00f3v\u00e1, ha hozz\u00e1tessz\u00fck, hogy a 2024-es \u00e9v\u00e9t \u00f6sszesen 23 gy\u0151zelemmel z\u00e1rta, a h\u00e1rom f\u0151 verseny mellett m\u00e9g olyanokkal, mint a Strade Bianche, a Liege-Bastogne-Liege, vagy \u00e9ppen a Katal\u00e1n K\u00f6r\u2026 A szlov\u00e9n \u0171rl\u00e9ny teh\u00e1t kis t\u00falz\u00e1ssal ahol csak elindult, nyert, ezek ut\u00e1n \u00f3ri\u00e1si k\u00e9rd\u00e9s, hogy a j\u00f6v\u0151ben hol \u00e1ll majd meg, illetve mit tudnak ellene kital\u00e1lni a riv\u00e1lis csapatok \u00e9s versenyz\u0151k.<\/span><\/p>\n<p><span style=\"font-weight: 400;\">Ami a magyar versenyz\u0151ket illeti, az els\u0151bbs\u00e9g legyen a h\u00f6lgyek\u00e9, m\u00e1r csak az\u00e9rt is, mert a n\u0151i mez\u0151nyversenyben Vas Kata Blanka bizony \u00fajabb par\u00e1d\u00e9s teljes\u00edtm\u00e9nnyel a 10. helyen z\u00e1rt a sv\u00e1jci vil\u00e1gbajnoks\u00e1gon, m\u00edg a f\u00e9rfiakn\u00e1l Valter Attila a 27., Dina M\u00e1rton pedig a 78. helyen \u00e9rt c\u00e9lba (Grem\u00e1n Szonja \u00e9s Fetter Erik nem fejezte be a viadalt).\u00a0<\/span><\/p>\n<figure id=\"attachment_18752\" aria-describedby=\"caption-attachment-18752\" style=\"width: 1327px\" class=\"wp-caption alignnone\"><a href=\"https:\/\/d2p6e6u75xmxt8.cloudfront.net\/12\/2024\/09\/blanka-vb.webp\"><img loading=\"lazy\" decoding=\"async\" class=\"size-full wp-image-18752\" src=\"https:\/\/d2p6e6u75xmxt8.cloudfront.net\/12\/2024\/09\/blanka-vb.webp\" alt=\"\" width=\"1327\" height=\"747\" srcset=\"https:\/\/d2p6e6u75xmxt8.cloudfront.net\/12\/2024\/09\/blanka-vb.webp 1327w, https:\/\/d2p6e6u75xmxt8.cloudfront.net\/12\/2024\/09\/blanka-vb-300x169.webp 300w, https:\/\/d2p6e6u75xmxt8.cloudfront.net\/12\/2024\/09\/blanka-vb-1024x576.webp 1024w, https:\/\/d2p6e6u75xmxt8.cloudfront.net\/12\/2024\/09\/blanka-vb-768x432.webp 768w, https:\/\/d2p6e6u75xmxt8.cloudfront.net\/12\/2024\/09\/blanka-vb-400x225.webp 400w\" sizes=\"auto, (max-width: 1327px) 100vw, 1327px\" \/><\/a><figcaption id=\"caption-attachment-18752\" class=\"wp-caption-text\">Vas Kata Blanka \u00fajabb nagyszer\u0171 eredm\u00e9nye (fot\u00f3: Getty Images)<\/figcaption><\/figure>\n","protected":false},"excerpt":{"rendered":"<p>Elfogytak a jelz\u0151k a szlov\u00e9n szuperszt\u00e1r 2024-es teljes\u00edtm\u00e9ny\u00e9re.<\/p>\n","protected":false},"author":145,"featured_media":18751,"comment_status":"open","ping_status":"open","sticky":false,"template":"","format":"standard","meta":{"footnotes":""},"categories":[1],"tags":[],"global-categories":[419],"class_list":["post-18750","post","type-post","status-publish","format-standard","has-post-thumbnail","hentry","category-uncategorized","global-categories-cycling"],"yoast_head":"<!-- This site is optimized with the Yoast SEO Premium plugin v25.3 (Yoast SEO v25.9) - https:\/\/yoast.com\/wordpress\/plugins\/seo\/ -->\n<title>Poga\u010dar felhegesztette a koron\u00e1t t\u00f6rt\u00e9nelmi \u00e9v\u00e9re, Vas Blanka top 10-es a vb-n - \u0160koda We Love Cycling - Magyarorsz\u00e1g<\/title>\n<meta name=\"robots\" content=\"index, follow, max-snippet:-1, max-image-preview:large, max-video-preview:-1\" \/>\n<link rel=\"canonical\" href=\"https:\/\/www.welovecycling.com\/hu\/uncategorized\/pogacar-felhegesztette-a-koronat-tortenelmi-evere-vas-blanka-top-10-es-a-vb-n\/\" \/>\n<meta property=\"og:locale\" content=\"hu_HU\" \/>\n<meta property=\"og:type\" content=\"article\" \/>\n<meta property=\"og:title\" content=\"Poga\u010dar felhegesztette a koron\u00e1t t\u00f6rt\u00e9nelmi \u00e9v\u00e9re, Vas Blanka top 10-es a vb-n\" \/>\n<meta property=\"og:description\" content=\"Elfogytak a jelz\u0151k a szlov\u00e9n szuperszt\u00e1r 2024-es teljes\u00edtm\u00e9ny\u00e9re.\" \/>\n<meta property=\"og:url\" content=\"https:\/\/www.welovecycling.com\/hu\/uncategorized\/pogacar-felhegesztette-a-koronat-tortenelmi-evere-vas-blanka-top-10-es-a-vb-n\/\" \/>\n<meta property=\"og:site_name\" content=\"\u0160koda We Love Cycling - Magyarorsz\u00e1g\" \/>\n<meta property=\"article:publisher\" content=\"https:\/\/www.facebook.com\/WeLoveCyclingHungary\/\" \/>\n<meta property=\"article:published_time\" content=\"2024-09-30T08:04:09+00:00\" \/>\n<meta property=\"og:image\" content=\"https:\/\/d2p6e6u75xmxt8.cloudfront.net\/12\/2024\/09\/web1_241003-cpw-world-championships-_1.webp\" \/>\n\t<meta property=\"og:image:width\" content=\"960\" \/>\n\t<meta property=\"og:image:height\" content=\"640\" \/>\n\t<meta property=\"og:image:type\" content=\"image\/webp\" \/>\n<meta name=\"author\" content=\"kitti\" \/>\n<meta name=\"twitter:card\" content=\"summary_large_image\" \/>\n<meta name=\"twitter:label1\" content=\"Written by\" \/>\n\t<meta name=\"twitter:data1\" content=\"We Love Cycling\" \/>\n\t<meta name=\"twitter:label2\" content=\"Est. reading time\" \/>\n\t<meta name=\"twitter:data2\" content=\"3 minutes\" \/>\n<script type=\"application\/ld+json\" class=\"yoast-schema-graph\">{\"@context\":\"https:\/\/schema.org\",\"@graph\":[{\"@type\":\"WebPage\",\"@id\":\"https:\/\/www.welovecycling.com\/hu\/uncategorized\/pogacar-felhegesztette-a-koronat-tortenelmi-evere-vas-blanka-top-10-es-a-vb-n\/\",\"url\":\"https:\/\/www.welovecycling.com\/hu\/uncategorized\/pogacar-felhegesztette-a-koronat-tortenelmi-evere-vas-blanka-top-10-es-a-vb-n\/\",\"name\":\"Poga\u010dar felhegesztette a koron\u00e1t t\u00f6rt\u00e9nelmi \u00e9v\u00e9re, Vas Blanka top 10-es a vb-n - \u0160koda We Love Cycling - Magyarorsz\u00e1g\",\"isPartOf\":{\"@id\":\"https:\/\/www.welovecycling.com\/hu\/#website\"},\"primaryImageOfPage\":{\"@id\":\"https:\/\/www.welovecycling.com\/hu\/uncategorized\/pogacar-felhegesztette-a-koronat-tortenelmi-evere-vas-blanka-top-10-es-a-vb-n\/#primaryimage\"},\"image\":{\"@id\":\"https:\/\/www.welovecycling.com\/hu\/uncategorized\/pogacar-felhegesztette-a-koronat-tortenelmi-evere-vas-blanka-top-10-es-a-vb-n\/#primaryimage\"},\"thumbnailUrl\":\"https:\/\/d2p6e6u75xmxt8.cloudfront.net\/12\/2024\/09\/web1_241003-cpw-world-championships-_1.webp\",\"datePublished\":\"2024-09-30T08:04:09+00:00\",\"author\":{\"@id\":\"https:\/\/www.welovecycling.com\/hu\/#\/schema\/person\/bec7dcdbcc59f58489cf603e4040ced1\"},\"breadcrumb\":{\"@id\":\"https:\/\/www.welovecycling.com\/hu\/uncategorized\/pogacar-felhegesztette-a-koronat-tortenelmi-evere-vas-blanka-top-10-es-a-vb-n\/#breadcrumb\"},\"inLanguage\":\"hu\",\"potentialAction\":[{\"@type\":\"ReadAction\",\"target\":[\"https:\/\/www.welovecycling.com\/hu\/uncategorized\/pogacar-felhegesztette-a-koronat-tortenelmi-evere-vas-blanka-top-10-es-a-vb-n\/\"]}]},{\"@type\":\"ImageObject\",\"inLanguage\":\"hu\",\"@id\":\"https:\/\/www.welovecycling.com\/hu\/uncategorized\/pogacar-felhegesztette-a-koronat-tortenelmi-evere-vas-blanka-top-10-es-a-vb-n\/#primaryimage\",\"url\":\"https:\/\/d2p6e6u75xmxt8.cloudfront.net\/12\/2024\/09\/web1_241003-cpw-world-championships-_1.webp\",\"contentUrl\":\"https:\/\/d2p6e6u75xmxt8.cloudfront.net\/12\/2024\/09\/web1_241003-cpw-world-championships-_1.webp\",\"width\":960,\"height\":640},{\"@type\":\"BreadcrumbList\",\"@id\":\"https:\/\/www.welovecycling.com\/hu\/uncategorized\/pogacar-felhegesztette-a-koronat-tortenelmi-evere-vas-blanka-top-10-es-a-vb-n\/#breadcrumb\",\"itemListElement\":[{\"@type\":\"ListItem\",\"position\":1,\"name\":\"Home\",\"item\":\"https:\/\/www.welovecycling.com\/hu\/\"},{\"@type\":\"ListItem\",\"position\":2,\"name\":\"Poga\u010dar felhegesztette a koron\u00e1t t\u00f6rt\u00e9nelmi \u00e9v\u00e9re, Vas Blanka top 10-es a vb-n\"}]},{\"@type\":\"WebSite\",\"@id\":\"https:\/\/www.welovecycling.com\/hu\/#website\",\"url\":\"https:\/\/www.welovecycling.com\/hu\/\",\"name\":\"\u0160koda We Love Cycling - Magyarorsz\u00e1g\",\"description\":\"\u0160koda WeLoveCycling\",\"potentialAction\":[{\"@type\":\"SearchAction\",\"target\":{\"@type\":\"EntryPoint\",\"urlTemplate\":\"https:\/\/www.welovecycling.com\/hu\/?s={search_term_string}\"},\"query-input\":{\"@type\":\"PropertyValueSpecification\",\"valueRequired\":true,\"valueName\":\"search_term_string\"}}],\"inLanguage\":\"hu\"},{\"@type\":\"Person\",\"@id\":\"https:\/\/www.welovecycling.com\/hu\/#\/schema\/person\/bec7dcdbcc59f58489cf603e4040ced1\",\"name\":\"kitti\",\"image\":{\"@type\":\"ImageObject\",\"inLanguage\":\"hu\",\"@id\":\"https:\/\/www.welovecycling.com\/hu\/#\/schema\/person\/image\/\",\"url\":\"https:\/\/secure.gravatar.com\/avatar\/e3196a110e1b57b96f56d92d10ce9bb4e9d7210076832a16243337e949410b52?s=96&d=mm&r=g\",\"contentUrl\":\"https:\/\/secure.gravatar.com\/avatar\/e3196a110e1b57b96f56d92d10ce9bb4e9d7210076832a16243337e949410b52?s=96&d=mm&r=g\",\"caption\":\"kitti\"},\"url\":\"https:\/\/www.welovecycling.com\/hu\/author\/kitti\/\"}]}<\/script>\n<!-- \/ Yoast SEO Premium plugin. -->","yoast_head_json":{"title":"Poga\u010dar felhegesztette a koron\u00e1t t\u00f6rt\u00e9nelmi \u00e9v\u00e9re, Vas Blanka top 10-es a vb-n - \u0160koda We Love Cycling - Magyarorsz\u00e1g","robots":{"index":"index","follow":"follow","max-snippet":"max-snippet:-1","max-image-preview":"max-image-preview:large","max-video-preview":"max-video-preview:-1"},"canonical":"https:\/\/www.welovecycling.com\/hu\/uncategorized\/pogacar-felhegesztette-a-koronat-tortenelmi-evere-vas-blanka-top-10-es-a-vb-n\/","og_locale":"hu_HU","og_type":"article","og_title":"Poga\u010dar felhegesztette a koron\u00e1t t\u00f6rt\u00e9nelmi \u00e9v\u00e9re, Vas Blanka top 10-es a vb-n","og_description":"Elfogytak a jelz\u0151k a szlov\u00e9n szuperszt\u00e1r 2024-es teljes\u00edtm\u00e9ny\u00e9re.","og_url":"https:\/\/www.welovecycling.com\/hu\/uncategorized\/pogacar-felhegesztette-a-koronat-tortenelmi-evere-vas-blanka-top-10-es-a-vb-n\/","og_site_name":"\u0160koda We Love Cycling - Magyarorsz\u00e1g","article_publisher":"https:\/\/www.facebook.com\/WeLoveCyclingHungary\/","article_published_time":"2024-09-30T08:04:09+00:00","og_image":[{"width":960,"height":640,"url":"https:\/\/d2p6e6u75xmxt8.cloudfront.net\/12\/2024\/09\/web1_241003-cpw-world-championships-_1.webp","type":"image\/webp"}],"author":"kitti","twitter_card":"summary_large_image","twitter_misc":{"Written by":"We Love Cycling","Est. reading time":"3 minutes"},"schema":{"@context":"https:\/\/schema.org","@graph":[{"@type":"WebPage","@id":"https:\/\/www.welovecycling.com\/hu\/uncategorized\/pogacar-felhegesztette-a-koronat-tortenelmi-evere-vas-blanka-top-10-es-a-vb-n\/","url":"https:\/\/www.welovecycling.com\/hu\/uncategorized\/pogacar-felhegesztette-a-koronat-tortenelmi-evere-vas-blanka-top-10-es-a-vb-n\/","name":"Poga\u010dar felhegesztette a koron\u00e1t t\u00f6rt\u00e9nelmi \u00e9v\u00e9re, Vas Blanka top 10-es a vb-n - \u0160koda We Love Cycling - Magyarorsz\u00e1g","isPartOf":{"@id":"https:\/\/www.welovecycling.com\/hu\/#website"},"primaryImageOfPage":{"@id":"https:\/\/www.welovecycling.com\/hu\/uncategorized\/pogacar-felhegesztette-a-koronat-tortenelmi-evere-vas-blanka-top-10-es-a-vb-n\/#primaryimage"},"image":{"@id":"https:\/\/www.welovecycling.com\/hu\/uncategorized\/pogacar-felhegesztette-a-koronat-tortenelmi-evere-vas-blanka-top-10-es-a-vb-n\/#primaryimage"},"thumbnailUrl":"https:\/\/d2p6e6u75xmxt8.cloudfront.net\/12\/2024\/09\/web1_241003-cpw-world-championships-_1.webp","datePublished":"2024-09-30T08:04:09+00:00","author":{"@id":"https:\/\/www.welovecycling.com\/hu\/#\/schema\/person\/bec7dcdbcc59f58489cf603e4040ced1"},"breadcrumb":{"@id":"https:\/\/www.welovecycling.com\/hu\/uncategorized\/pogacar-felhegesztette-a-koronat-tortenelmi-evere-vas-blanka-top-10-es-a-vb-n\/#breadcrumb"},"inLanguage":"hu","potentialAction":[{"@type":"ReadAction","target":["https:\/\/www.welovecycling.com\/hu\/uncategorized\/pogacar-felhegesztette-a-koronat-tortenelmi-evere-vas-blanka-top-10-es-a-vb-n\/"]}]},{"@type":"ImageObject","inLanguage":"hu","@id":"https:\/\/www.welovecycling.com\/hu\/uncategorized\/pogacar-felhegesztette-a-koronat-tortenelmi-evere-vas-blanka-top-10-es-a-vb-n\/#primaryimage","url":"https:\/\/d2p6e6u75xmxt8.cloudfront.net\/12\/2024\/09\/web1_241003-cpw-world-championships-_1.webp","contentUrl":"https:\/\/d2p6e6u75xmxt8.cloudfront.net\/12\/2024\/09\/web1_241003-cpw-world-championships-_1.webp","width":960,"height":640},{"@type":"BreadcrumbList","@id":"https:\/\/www.welovecycling.com\/hu\/uncategorized\/pogacar-felhegesztette-a-koronat-tortenelmi-evere-vas-blanka-top-10-es-a-vb-n\/#breadcrumb","itemListElement":[{"@type":"ListItem","position":1,"name":"Home","item":"https:\/\/www.welovecycling.com\/hu\/"},{"@type":"ListItem","position":2,"name":"Poga\u010dar felhegesztette a koron\u00e1t t\u00f6rt\u00e9nelmi \u00e9v\u00e9re, Vas Blanka top 10-es a vb-n"}]},{"@type":"WebSite","@id":"https:\/\/www.welovecycling.com\/hu\/#website","url":"https:\/\/www.welovecycling.com\/hu\/","name":"\u0160koda We Love Cycling - Magyarorsz\u00e1g","description":"\u0160koda WeLoveCycling","potentialAction":[{"@type":"SearchAction","target":{"@type":"EntryPoint","urlTemplate":"https:\/\/www.welovecycling.com\/hu\/?s={search_term_string}"},"query-input":{"@type":"PropertyValueSpecification","valueRequired":true,"valueName":"search_term_string"}}],"inLanguage":"hu"},{"@type":"Person","@id":"https:\/\/www.welovecycling.com\/hu\/#\/schema\/person\/bec7dcdbcc59f58489cf603e4040ced1","name":"kitti","image":{"@type":"ImageObject","inLanguage":"hu","@id":"https:\/\/www.welovecycling.com\/hu\/#\/schema\/person\/image\/","url":"https:\/\/secure.gravatar.com\/avatar\/e3196a110e1b57b96f56d92d10ce9bb4e9d7210076832a16243337e949410b52?s=96&d=mm&r=g","contentUrl":"https:\/\/secure.gravatar.com\/avatar\/e3196a110e1b57b96f56d92d10ce9bb4e9d7210076832a16243337e949410b52?s=96&d=mm&r=g","caption":"kitti"},"url":"https:\/\/www.welovecycling.com\/hu\/author\/kitti\/"}]}},"_links":{"self":[{"href":"https:\/\/www.welovecycling.com\/hu\/wp-json\/wp\/v2\/posts\/18750","targetHints":{"allow":["GET"]}}],"collection":[{"href":"https:\/\/www.welovecycling.com\/hu\/wp-json\/wp\/v2\/posts"}],"about":[{"href":"https:\/\/www.welovecycling.com\/hu\/wp-json\/wp\/v2\/types\/post"}],"author":[{"embeddable":true,"href":"https:\/\/www.welovecycling.com\/hu\/wp-json\/wp\/v2\/users\/145"}],"replies":[{"embeddable":true,"href":"https:\/\/www.welovecycling.com\/hu\/wp-json\/wp\/v2\/comments?post=18750"}],"version-history":[{"count":2,"href":"https:\/\/www.welovecycling.com\/hu\/wp-json\/wp\/v2\/posts\/18750\/revisions"}],"predecessor-version":[{"id":18755,"href":"https:\/\/www.welovecycling.com\/hu\/wp-json\/wp\/v2\/posts\/18750\/revisions\/18755"}],"wp:featuredmedia":[{"embeddable":true,"href":"https:\/\/www.welovecycling.com\/hu\/wp-json\/wp\/v2\/media\/18751"}],"wp:attachment":[{"href":"https:\/\/www.welovecycling.com\/hu\/wp-json\/wp\/v2\/media?parent=18750"}],"wp:term":[{"taxonomy":"category","embeddable":true,"href":"https:\/\/www.welovecycling.com\/hu\/wp-json\/wp\/v2\/categories?post=18750"},{"taxonomy":"post_tag","embeddable":true,"href":"https:\/\/www.welovecycling.com\/hu\/wp-json\/wp\/v2\/tags?post=18750"},{"taxonomy":"global-categories","embeddable":true,"href":"https:\/\/www.welovecycling.com\/hu\/wp-json\/wp\/v2\/global-categories?post=18750"}],"curies":[{"name":"wp","href":"https:\/\/api.w.org\/{rel}","templated":true}]}}