{"id":18704,"date":"2023-08-30T08:00:10","date_gmt":"2023-08-30T06:00:10","guid":{"rendered":"https:\/\/www.welovecycling.com\/hu\/?p=18704"},"modified":"2024-08-23T15:38:40","modified_gmt":"2024-08-23T13:38:40","slug":"csaladi-bringas-nyaralas-maltan-pedalozas-a-paradicsomban","status":"publish","type":"post","link":"https:\/\/www.welovecycling.com\/hu\/csalad\/csaladi-bringas-nyaralas-maltan-pedalozas-a-paradicsomban\/","title":{"rendered":"Csal\u00e1di bring\u00e1s nyaral\u00e1s M\u00e1lt\u00e1n: Ped\u00e1loz\u00e1s a paradicsomban"},"content":{"rendered":"<div><strong>M\u00e1lta, a F\u00f6ldk\u00f6zi-tenger sz\u00edv\u00e9ben tal\u00e1lhat\u00f3 gy\u00f6ngyszem, gazdag t\u00f6rt\u00e9nelemmel, leny\u0171g\u00f6z\u0151 t\u00e1jakkal \u00e9s mag\u00e1val ragad\u00f3 kultur\u00e1lis \u00f6r\u00f6ks\u00e9ggel v\u00e1r titeket! A sziget val\u00f3ban a k\u00e9tkerek\u0171 felfedez\u0151k paradicsoma. Megmutatjuk a legelb\u0171v\u00f6l\u0151bb ker\u00e9kp\u00e1ros \u00fatvonalakat, amelyek mindegyike a fest\u0151i sz\u00e9ps\u00e9g, a t\u00f6rt\u00e9nelmi \u00e9rdekess\u00e9gek \u00e9s a csal\u00e1dbar\u00e1t terep t\u00f6k\u00e9letes kombin\u00e1ci\u00f3ja!<\/strong><\/div>\n<p><!--more--><\/p>\n<h2><strong>Mdin\u00e1t\u00f3l a Dingli szikl\u00e1kig (kb. 10 km)<\/strong><\/h2>\n<p><strong>Aj\u00e1nlott: <\/strong>6 \u00e9ves \u00e9s id\u0151sebb gyermekek sz\u00e1m\u00e1ra<\/p>\n<figure id=\"attachment_18705\" aria-describedby=\"caption-attachment-18705\" style=\"width: 990px\" class=\"wp-caption alignnone\"><a href=\"https:\/\/d2p6e6u75xmxt8.cloudfront.net\/12\/2024\/08\/Dingli-Cliff-Malta-profimedia-0861706605.webp\"><img loading=\"lazy\" decoding=\"async\" class=\"wp-image-18705 size-full\" src=\"https:\/\/d2p6e6u75xmxt8.cloudfront.net\/12\/2024\/08\/Dingli-Cliff-Malta-profimedia-0861706605.webp\" alt=\"Dingli cliff\" width=\"990\" height=\"660\" srcset=\"https:\/\/d2p6e6u75xmxt8.cloudfront.net\/12\/2024\/08\/Dingli-Cliff-Malta-profimedia-0861706605.webp 990w, https:\/\/d2p6e6u75xmxt8.cloudfront.net\/12\/2024\/08\/Dingli-Cliff-Malta-profimedia-0861706605-300x200.webp 300w, https:\/\/d2p6e6u75xmxt8.cloudfront.net\/12\/2024\/08\/Dingli-Cliff-Malta-profimedia-0861706605-768x512.webp 768w, https:\/\/d2p6e6u75xmxt8.cloudfront.net\/12\/2024\/08\/Dingli-Cliff-Malta-profimedia-0861706605-400x267.webp 400w, https:\/\/d2p6e6u75xmxt8.cloudfront.net\/12\/2024\/08\/Dingli-Cliff-Malta-profimedia-0861706605-272x182.webp 272w\" sizes=\"auto, (max-width: 990px) 100vw, 990px\" \/><\/a><figcaption id=\"caption-attachment-18705\" class=\"wp-caption-text\">A Dingli szikl\u00e1kr\u00f3l csod\u00e1latos a kil\u00e1t\u00e1s. \u00a9 Profimedia<\/figcaption><\/figure>\n<p>Kezdj\u00e9tek a kalandoz\u00e1st egy kellemes teker\u00e9ssel a csendes, k\u00f6z\u00e9pkori Mdina v\u00e1ros\u00e1b\u00f3l a l\u00e9legzetel\u00e1ll\u00edt\u00f3 Dingli szikl\u00e1khoz. Ez a 10 km-es \u00fatvonal visszarep\u00edt az id\u0151ben, r\u00e9gi falvakon \u00e9s elb\u0171v\u00f6l\u0151 vid\u00e9ki t\u00e1jakon vezet \u00e1t. Mdina \u0151si falai mes\u00e9be illenek, a Dingli szikl\u00e1k tetej\u00e9n, M\u00e1lta legmagasabb pontj\u00e1n pedig panor\u00e1m\u00e1s kil\u00e1t\u00e1ssal z\u00e1rul a t\u00fara. A gyerekek sz\u00e1m\u00e1ra is alkalmas, enyh\u00e9n emelked\u0151 \u00f6sv\u00e9nyek lehet\u0151v\u00e9 teszik, hogy a csal\u00e1dok elmer\u00fcljenek M\u00e1lta term\u00e9szeti sz\u00e9ps\u00e9geiben \u00e9s t\u00f6rt\u00e9nelm\u00e9nek b\u00e1j\u00e1ban, \u00edgy ez az \u00fatvonal t\u00f6k\u00e9letes egynapos program.<\/p>\n<h2><strong>Marsaskal\u00e1t\u00f3l a Marsaxlokk-\u00f6b\u00f6lig (kb. 8 km)<\/strong><\/h2>\n<p><strong>Aj\u00e1nlott: <\/strong>6 \u00e9ves \u00e9s id\u0151sebb gyermekek sz\u00e1m\u00e1ra<\/p>\n<figure id=\"attachment_18706\" aria-describedby=\"caption-attachment-18706\" style=\"width: 990px\" class=\"wp-caption alignnone\"><a href=\"https:\/\/d2p6e6u75xmxt8.cloudfront.net\/12\/2024\/08\/Saint-Peter39s-Pool-Malta-profimedia-0882294382.webp\"><img loading=\"lazy\" decoding=\"async\" class=\"wp-image-18706 size-full\" src=\"https:\/\/d2p6e6u75xmxt8.cloudfront.net\/12\/2024\/08\/Saint-Peter39s-Pool-Malta-profimedia-0882294382.webp\" alt=\"Saint Peter's Pool Malta\" width=\"990\" height=\"660\" srcset=\"https:\/\/d2p6e6u75xmxt8.cloudfront.net\/12\/2024\/08\/Saint-Peter39s-Pool-Malta-profimedia-0882294382.webp 990w, https:\/\/d2p6e6u75xmxt8.cloudfront.net\/12\/2024\/08\/Saint-Peter39s-Pool-Malta-profimedia-0882294382-300x200.webp 300w, https:\/\/d2p6e6u75xmxt8.cloudfront.net\/12\/2024\/08\/Saint-Peter39s-Pool-Malta-profimedia-0882294382-768x512.webp 768w, https:\/\/d2p6e6u75xmxt8.cloudfront.net\/12\/2024\/08\/Saint-Peter39s-Pool-Malta-profimedia-0882294382-400x267.webp 400w, https:\/\/d2p6e6u75xmxt8.cloudfront.net\/12\/2024\/08\/Saint-Peter39s-Pool-Malta-profimedia-0882294382-272x182.webp 272w\" sizes=\"auto, (max-width: 990px) 100vw, 990px\" \/><\/a><figcaption id=\"caption-attachment-18706\" class=\"wp-caption-text\">Tartsatok pihen\u0151t a Szent P\u00e9ter medenc\u00e9n\u00e9l! \u00a9 Profimedia<\/figcaption><\/figure>\n<p>Mer\u00fclj el a F\u00f6ldk\u00f6zi-tenger esszenci\u00e1j\u00e1ban egy pihentet\u0151 utaz\u00e1ssal a pezsg\u0151 hal\u00e1szfalu, Marsaskala \u00e9s a fest\u0151i Marsaxlokk-\u00f6b\u00f6l k\u00f6z\u00f6tt. Ez a 8 km-es tengerparti \u00fatvonal hagyom\u00e1nyos m\u00e1ltai \u201cluzzu\u201d haj\u00f3kkal, \u00e9l\u00e9nk piacokkal \u00e9s nyugodt tengerparti kil\u00e1t\u00e1ssal v\u00e1r r\u00e1tok. Ez az \u00fatvonal leny\u0171g\u00f6z\u0151 kultur\u00e1lis \u00e9lm\u00e9nyeket \u00e9s egy kellemes teker\u00e9st k\u00edn\u00e1l, mely sor\u00e1n felfedezhetitek M\u00e1lta tenger\u00e9sz lelk\u00e9t, \u00e9s tal\u00e1n m\u00e9g friss tengeri finoms\u00e1gokat is k\u00f3stolhattok a parton.<\/p>\n<h2><strong>Valletta partj\u00e1t\u00f3l Sliem\u00e1ig (kb. 5 km)<\/strong><\/h2>\n<p><strong>Aj\u00e1nlott: <\/strong>Minden koroszt\u00e1ly sz\u00e1m\u00e1ra<\/p>\n<figure id=\"attachment_18707\" aria-describedby=\"caption-attachment-18707\" style=\"width: 990px\" class=\"wp-caption alignnone\"><a href=\"https:\/\/d2p6e6u75xmxt8.cloudfront.net\/12\/2024\/08\/Valletta-profimedia-0789060834.webp\"><img loading=\"lazy\" decoding=\"async\" class=\"wp-image-18707 size-full\" src=\"https:\/\/d2p6e6u75xmxt8.cloudfront.net\/12\/2024\/08\/Valletta-profimedia-0789060834.webp\" alt=\"Valletta\" width=\"990\" height=\"660\" srcset=\"https:\/\/d2p6e6u75xmxt8.cloudfront.net\/12\/2024\/08\/Valletta-profimedia-0789060834.webp 990w, https:\/\/d2p6e6u75xmxt8.cloudfront.net\/12\/2024\/08\/Valletta-profimedia-0789060834-300x200.webp 300w, https:\/\/d2p6e6u75xmxt8.cloudfront.net\/12\/2024\/08\/Valletta-profimedia-0789060834-768x512.webp 768w, https:\/\/d2p6e6u75xmxt8.cloudfront.net\/12\/2024\/08\/Valletta-profimedia-0789060834-400x267.webp 400w, https:\/\/d2p6e6u75xmxt8.cloudfront.net\/12\/2024\/08\/Valletta-profimedia-0789060834-272x182.webp 272w\" sizes=\"auto, (max-width: 990px) 100vw, 990px\" \/><\/a><figcaption id=\"caption-attachment-18707\" class=\"wp-caption-text\">Fedezz\u00e9tek fel a t\u00f6rt\u00e9nelmi f\u0151v\u00e1rost! \u00a9 Profimedia<\/figcaption><\/figure>\n<p>Ha ink\u00e1bb a v\u00e1rosi ny\u00fczsg\u00e9sre v\u00e1gytok, ez a r\u00f6vid, de fest\u0151i \u00fatvonal Valletta partj\u00e1t\u00f3l a pezsg\u0151 Sliema utc\u00e1ig bepillant\u00e1st ny\u00fajt M\u00e1lta t\u00f6rt\u00e9nelmi f\u0151v\u00e1ros\u00e1nak \u00e9s vonz\u00e1sk\u00f6rzet\u00e9nek \u00e9let\u00e9be. Ez az 5 km-es utaz\u00e1s minden koroszt\u00e1ly sz\u00e1m\u00e1ra kiv\u00e1l\u00f3, \u00f6tv\u00f6zve az \u00e9p\u00edt\u00e9szeti pomp\u00e1t \u00e9s a tengerparti kil\u00e1t\u00e1st. R\u00e1ad\u00e1sul sz\u00e1mos lehet\u0151s\u00e9get k\u00edn\u00e1l Valletta UNESCO \u00e1ltal elismert \u00f6r\u00f6ks\u00e9gi helysz\u00edneinek, \u00e9l\u00e9nk k\u00e1v\u00e9z\u00f3inak \u00e9s Sliema modern bev\u00e1s\u00e1rl\u00f3negyedeinek felfedez\u00e9s\u00e9re. T\u00f6k\u00e9letes kever\u00e9ke a pihen\u00e9snek \u00e9s a felfedez\u00e9snek, a F\u00f6ldk\u00f6zi-tenger az\u00fark\u00e9k viz\u00e9nek h\u00e1tter\u00e9vel.<\/p>\n<h2><strong>Gozo tengerparti k\u00f6r\u00fat (kb. 45 km)<\/strong><\/h2>\n<p><strong>Aj\u00e1nlott: <\/strong>Tizen\u00e9ves gyerekek sz\u00e1m\u00e1ra<\/p>\n<figure id=\"attachment_18708\" aria-describedby=\"caption-attachment-18708\" style=\"width: 990px\" class=\"wp-caption alignnone\"><a href=\"https:\/\/d2p6e6u75xmxt8.cloudfront.net\/12\/2024\/08\/Gozo-Cycling-Malta-profimedia-0378587979.webp\"><img loading=\"lazy\" decoding=\"async\" class=\"wp-image-18708 size-full\" src=\"https:\/\/d2p6e6u75xmxt8.cloudfront.net\/12\/2024\/08\/Gozo-Cycling-Malta-profimedia-0378587979.webp\" alt=\"Gozo cycling\" width=\"990\" height=\"660\" srcset=\"https:\/\/d2p6e6u75xmxt8.cloudfront.net\/12\/2024\/08\/Gozo-Cycling-Malta-profimedia-0378587979.webp 990w, https:\/\/d2p6e6u75xmxt8.cloudfront.net\/12\/2024\/08\/Gozo-Cycling-Malta-profimedia-0378587979-300x200.webp 300w, https:\/\/d2p6e6u75xmxt8.cloudfront.net\/12\/2024\/08\/Gozo-Cycling-Malta-profimedia-0378587979-768x512.webp 768w, https:\/\/d2p6e6u75xmxt8.cloudfront.net\/12\/2024\/08\/Gozo-Cycling-Malta-profimedia-0378587979-400x267.webp 400w, https:\/\/d2p6e6u75xmxt8.cloudfront.net\/12\/2024\/08\/Gozo-Cycling-Malta-profimedia-0378587979-272x182.webp 272w\" sizes=\"auto, (max-width: 990px) 100vw, 990px\" \/><\/a><figcaption id=\"caption-attachment-18708\" class=\"wp-caption-text\">Tekerj\u00e9tek k\u00f6rbe Gozo sziget\u00e9t! \u00a9 Profimedia<\/figcaption><\/figure>\n<p>V\u00e1gjatok bele egy kalandos k\u00f6rutaz\u00e1sba Goz\u00f3n, M\u00e1lta kedves kis testv\u00e9rsziget\u00e9n, amely h\u00edres rusztikus t\u00e1jair\u00f3l, rejtett \u00f6bleir\u0151l \u00e9s \u0151si citadell\u00e1ir\u00f3l. Ez a 45 km-es \u00fatvonal egy eg\u00e9sz napos kir\u00e1ndul\u00e1s, \u00edgy ink\u00e1bb nagyobb gyerekek sz\u00e1m\u00e1ra aj\u00e1nljuk, akik k\u00e9szen \u00e1llnak egy kih\u00edv\u00e1sokkal teli \u00fatra. L\u00e9legzetel\u00e1ll\u00edt\u00f3 tengerparti kil\u00e1t\u00e1s, misztikus s\u00f3medenc\u00e9k \u00e9s a krist\u00e1lytiszta, eldugott\u00a0 strandok v\u00e1rnak r\u00e1tok a szigeten.<\/p>\n<h2><strong>Rabatt\u00f3l a Golden Bay-ig (kb. 12 km)<\/strong><\/h2>\n<p><strong>Aj\u00e1nlott: <\/strong>8 \u00e9ves \u00e9s id\u0151sebb gyermekek sz\u00e1m\u00e1ra<\/p>\n<figure id=\"attachment_18709\" aria-describedby=\"caption-attachment-18709\" style=\"width: 990px\" class=\"wp-caption alignnone\"><a href=\"https:\/\/d2p6e6u75xmxt8.cloudfront.net\/12\/2024\/08\/Golden-Bay-Malta-profimedia-0878024495.webp\"><img loading=\"lazy\" decoding=\"async\" class=\"wp-image-18709 size-full\" src=\"https:\/\/d2p6e6u75xmxt8.cloudfront.net\/12\/2024\/08\/Golden-Bay-Malta-profimedia-0878024495.webp\" alt=\"Golden Bay\" width=\"990\" height=\"660\" srcset=\"https:\/\/d2p6e6u75xmxt8.cloudfront.net\/12\/2024\/08\/Golden-Bay-Malta-profimedia-0878024495.webp 990w, https:\/\/d2p6e6u75xmxt8.cloudfront.net\/12\/2024\/08\/Golden-Bay-Malta-profimedia-0878024495-300x200.webp 300w, https:\/\/d2p6e6u75xmxt8.cloudfront.net\/12\/2024\/08\/Golden-Bay-Malta-profimedia-0878024495-768x512.webp 768w, https:\/\/d2p6e6u75xmxt8.cloudfront.net\/12\/2024\/08\/Golden-Bay-Malta-profimedia-0878024495-400x267.webp 400w, https:\/\/d2p6e6u75xmxt8.cloudfront.net\/12\/2024\/08\/Golden-Bay-Malta-profimedia-0878024495-272x182.webp 272w\" sizes=\"auto, (max-width: 990px) 100vw, 990px\" \/><\/a><figcaption id=\"caption-attachment-18709\" class=\"wp-caption-text\">Pihenjetek a Golden Bay partj\u00e1n! \u00a9 Profimedia<\/figcaption><\/figure>\n<p>For a mix of cultural exploration and beachside bliss, the trail from Rabat to Golden Bay is a must-ride. Starting near the ancient catacombs of Rabat, this 12 km route unfolds through Malta&#8217;s agricultural heartlands before revealing the stunning shores of Golden Bay, one of the island&#8217;s most beloved sandy beaches. Suitable for children aged 8 and above, the path offers a day filled with historical discovery, scenic rides, and the chance to relax on the golden sands or swim in the Mediterranean&#8217;s inviting waters.<\/p>\n<p>These cycling adventures through Malta not only showcase the island&#8217;s diverse landscapes and rich history but also offer families the joy of shared experiences, discovery, and the sheer pleasure of biking in one of the Mediterranean&#8217;s most enchanting destinations. From the ancient streets of Mdina to the serene bays of Gozo, Malta awaits with open arms, ready to provide a backdrop for unforgettable memories.<\/p>\n","protected":false},"excerpt":{"rendered":"<p>M\u00e1lta, a F\u00f6ldk\u00f6zi-tenger sz\u00edv\u00e9ben tal\u00e1lhat\u00f3 gy\u00f6ngyszem, gazdag t\u00f6rt\u00e9nelemmel, leny\u0171g\u00f6z\u0151 t\u00e1jakkal \u00e9s mag\u00e1val ragad\u00f3 kultur\u00e1lis \u00f6r\u00f6ks\u00e9ggel v\u00e1r titeket! A sziget val\u00f3ban [&hellip;]<\/p>\n","protected":false},"author":71,"featured_media":18711,"comment_status":"open","ping_status":"open","sticky":false,"template":"","format":"standard","meta":{"footnotes":""},"categories":[11],"tags":[],"global-categories":[],"class_list":["post-18704","post","type-post","status-publish","format-standard","has-post-thumbnail","hentry","category-csalad"],"yoast_head":"<!-- This site is optimized with the Yoast SEO Premium plugin v25.3 (Yoast SEO v25.9) - https:\/\/yoast.com\/wordpress\/plugins\/seo\/ -->\n<title>Csal\u00e1di bring\u00e1s nyaral\u00e1s M\u00e1lt\u00e1n: Ped\u00e1loz\u00e1s a paradicsomban<\/title>\n<meta name=\"description\" content=\"M\u00e1lta, a F\u00f6ldk\u00f6zi-tenger sz\u00edv\u00e9ben tal\u00e1lhat\u00f3 gy\u00f6ngyszem, gazdag t\u00f6rt\u00e9nelemmel, leny\u0171g\u00f6z\u0151 t\u00e1jakkal \u00e9s mag\u00e1val ragad\u00f3 kultur\u00e1lis \u00f6r\u00f6ks\u00e9ggel v\u00e1r titeket! A sziget val\u00f3ban a k\u00e9tkerek\u0171 felfedez\u0151k paradicsoma. Megmutatjuk a legelb\u0171v\u00f6l\u0151bb ker\u00e9kp\u00e1ros \u00fatvonalakat, amelyek mindegyike a fest\u0151i sz\u00e9ps\u00e9g, a t\u00f6rt\u00e9nelmi \u00e9rdekess\u00e9gek \u00e9s a csal\u00e1dbar\u00e1t terep t\u00f6k\u00e9letes kombin\u00e1ci\u00f3ja!\" \/>\n<meta name=\"robots\" content=\"index, follow, max-snippet:-1, max-image-preview:large, max-video-preview:-1\" \/>\n<link rel=\"canonical\" href=\"https:\/\/www.welovecycling.com\/hu\/csalad\/csaladi-bringas-nyaralas-maltan-pedalozas-a-paradicsomban\/\" \/>\n<meta property=\"og:locale\" content=\"hu_HU\" \/>\n<meta property=\"og:type\" content=\"article\" \/>\n<meta property=\"og:title\" content=\"Csal\u00e1di bring\u00e1s nyaral\u00e1s M\u00e1lt\u00e1n: Ped\u00e1loz\u00e1s a paradicsomban\" \/>\n<meta property=\"og:description\" content=\"M\u00e1lta, a F\u00f6ldk\u00f6zi-tenger sz\u00edv\u00e9ben tal\u00e1lhat\u00f3 gy\u00f6ngyszem, gazdag t\u00f6rt\u00e9nelemmel, leny\u0171g\u00f6z\u0151 t\u00e1jakkal \u00e9s mag\u00e1val ragad\u00f3 kultur\u00e1lis \u00f6r\u00f6ks\u00e9ggel v\u00e1r titeket! A sziget val\u00f3ban a k\u00e9tkerek\u0171 felfedez\u0151k paradicsoma. Megmutatjuk a legelb\u0171v\u00f6l\u0151bb ker\u00e9kp\u00e1ros \u00fatvonalakat, amelyek mindegyike a fest\u0151i sz\u00e9ps\u00e9g, a t\u00f6rt\u00e9nelmi \u00e9rdekess\u00e9gek \u00e9s a csal\u00e1dbar\u00e1t terep t\u00f6k\u00e9letes kombin\u00e1ci\u00f3ja!\" \/>\n<meta property=\"og:url\" content=\"https:\/\/www.welovecycling.com\/hu\/csalad\/csaladi-bringas-nyaralas-maltan-pedalozas-a-paradicsomban\/\" \/>\n<meta property=\"og:site_name\" content=\"\u0160koda We Love Cycling - Magyarorsz\u00e1g\" \/>\n<meta property=\"article:publisher\" content=\"https:\/\/www.facebook.com\/WeLoveCyclingHungary\/\" \/>\n<meta property=\"article:published_time\" content=\"2023-08-30T06:00:10+00:00\" \/>\n<meta property=\"article:modified_time\" content=\"2024-08-23T13:38:40+00:00\" \/>\n<meta property=\"og:image\" content=\"https:\/\/d2p6e6u75xmxt8.cloudfront.net\/12\/2024\/08\/Valletta-Malta-profimedia-0890368004-CVR.webp\" \/>\n\t<meta property=\"og:image:width\" content=\"990\" \/>\n\t<meta property=\"og:image:height\" content=\"660\" \/>\n\t<meta property=\"og:image:type\" content=\"image\/webp\" \/>\n<meta name=\"author\" content=\"hegyizs\" \/>\n<meta name=\"twitter:card\" content=\"summary_large_image\" \/>\n<meta name=\"twitter:label1\" content=\"Written by\" \/>\n\t<meta name=\"twitter:data1\" content=\"Monica Buck\" \/>\n\t<meta name=\"twitter:label2\" content=\"Est. reading time\" \/>\n\t<meta name=\"twitter:data2\" content=\"3\" \/>\n<script type=\"application\/ld+json\" class=\"yoast-schema-graph\">{\"@context\":\"https:\/\/schema.org\",\"@graph\":[{\"@type\":\"WebPage\",\"@id\":\"https:\/\/www.welovecycling.com\/hu\/csalad\/csaladi-bringas-nyaralas-maltan-pedalozas-a-paradicsomban\/\",\"url\":\"https:\/\/www.welovecycling.com\/hu\/csalad\/csaladi-bringas-nyaralas-maltan-pedalozas-a-paradicsomban\/\",\"name\":\"Csal\u00e1di bring\u00e1s nyaral\u00e1s M\u00e1lt\u00e1n: Ped\u00e1loz\u00e1s a paradicsomban\",\"isPartOf\":{\"@id\":\"https:\/\/www.welovecycling.com\/hu\/#website\"},\"primaryImageOfPage\":{\"@id\":\"https:\/\/www.welovecycling.com\/hu\/csalad\/csaladi-bringas-nyaralas-maltan-pedalozas-a-paradicsomban\/#primaryimage\"},\"image\":{\"@id\":\"https:\/\/www.welovecycling.com\/hu\/csalad\/csaladi-bringas-nyaralas-maltan-pedalozas-a-paradicsomban\/#primaryimage\"},\"thumbnailUrl\":\"https:\/\/d2p6e6u75xmxt8.cloudfront.net\/12\/2024\/08\/Valletta-Malta-profimedia-0890368004-CVR.webp\",\"datePublished\":\"2023-08-30T06:00:10+00:00\",\"dateModified\":\"2024-08-23T13:38:40+00:00\",\"author\":{\"@id\":\"https:\/\/www.welovecycling.com\/hu\/#\/schema\/person\/414a2aebf1801691a5320edb6468e194\"},\"description\":\"M\u00e1lta, a F\u00f6ldk\u00f6zi-tenger sz\u00edv\u00e9ben tal\u00e1lhat\u00f3 gy\u00f6ngyszem, gazdag t\u00f6rt\u00e9nelemmel, leny\u0171g\u00f6z\u0151 t\u00e1jakkal \u00e9s mag\u00e1val ragad\u00f3 kultur\u00e1lis \u00f6r\u00f6ks\u00e9ggel v\u00e1r titeket! A sziget val\u00f3ban a k\u00e9tkerek\u0171 felfedez\u0151k paradicsoma. Megmutatjuk a legelb\u0171v\u00f6l\u0151bb ker\u00e9kp\u00e1ros \u00fatvonalakat, amelyek mindegyike a fest\u0151i sz\u00e9ps\u00e9g, a t\u00f6rt\u00e9nelmi \u00e9rdekess\u00e9gek \u00e9s a csal\u00e1dbar\u00e1t terep t\u00f6k\u00e9letes kombin\u00e1ci\u00f3ja!\",\"breadcrumb\":{\"@id\":\"https:\/\/www.welovecycling.com\/hu\/csalad\/csaladi-bringas-nyaralas-maltan-pedalozas-a-paradicsomban\/#breadcrumb\"},\"inLanguage\":\"hu\",\"potentialAction\":[{\"@type\":\"ReadAction\",\"target\":[\"https:\/\/www.welovecycling.com\/hu\/csalad\/csaladi-bringas-nyaralas-maltan-pedalozas-a-paradicsomban\/\"]}]},{\"@type\":\"ImageObject\",\"inLanguage\":\"hu\",\"@id\":\"https:\/\/www.welovecycling.com\/hu\/csalad\/csaladi-bringas-nyaralas-maltan-pedalozas-a-paradicsomban\/#primaryimage\",\"url\":\"https:\/\/d2p6e6u75xmxt8.cloudfront.net\/12\/2024\/08\/Valletta-Malta-profimedia-0890368004-CVR.webp\",\"contentUrl\":\"https:\/\/d2p6e6u75xmxt8.cloudfront.net\/12\/2024\/08\/Valletta-Malta-profimedia-0890368004-CVR.webp\",\"width\":990,\"height\":660},{\"@type\":\"BreadcrumbList\",\"@id\":\"https:\/\/www.welovecycling.com\/hu\/csalad\/csaladi-bringas-nyaralas-maltan-pedalozas-a-paradicsomban\/#breadcrumb\",\"itemListElement\":[{\"@type\":\"ListItem\",\"position\":1,\"name\":\"Home\",\"item\":\"https:\/\/www.welovecycling.com\/hu\/\"},{\"@type\":\"ListItem\",\"position\":2,\"name\":\"Csal\u00e1di bring\u00e1s nyaral\u00e1s M\u00e1lt\u00e1n: Ped\u00e1loz\u00e1s a paradicsomban\"}]},{\"@type\":\"WebSite\",\"@id\":\"https:\/\/www.welovecycling.com\/hu\/#website\",\"url\":\"https:\/\/www.welovecycling.com\/hu\/\",\"name\":\"\u0160koda We Love Cycling - Magyarorsz\u00e1g\",\"description\":\"\u0160koda WeLoveCycling\",\"potentialAction\":[{\"@type\":\"SearchAction\",\"target\":{\"@type\":\"EntryPoint\",\"urlTemplate\":\"https:\/\/www.welovecycling.com\/hu\/?s={search_term_string}\"},\"query-input\":{\"@type\":\"PropertyValueSpecification\",\"valueRequired\":true,\"valueName\":\"search_term_string\"}}],\"inLanguage\":\"hu\"},{\"@type\":\"Person\",\"@id\":\"https:\/\/www.welovecycling.com\/hu\/#\/schema\/person\/414a2aebf1801691a5320edb6468e194\",\"name\":\"hegyizs\",\"image\":{\"@type\":\"ImageObject\",\"inLanguage\":\"hu\",\"@id\":\"https:\/\/www.welovecycling.com\/hu\/#\/schema\/person\/image\/\",\"url\":\"https:\/\/secure.gravatar.com\/avatar\/02cf8a7906b8cf90cecb4679defac7cfd33a1c2e3b88e4903d947f3bb58eedd3?s=96&d=mm&r=g\",\"contentUrl\":\"https:\/\/secure.gravatar.com\/avatar\/02cf8a7906b8cf90cecb4679defac7cfd33a1c2e3b88e4903d947f3bb58eedd3?s=96&d=mm&r=g\",\"caption\":\"hegyizs\"},\"url\":\"https:\/\/www.welovecycling.com\/hu\/author\/hegyizs\/\"}]}<\/script>\n<!-- \/ Yoast SEO Premium plugin. -->","yoast_head_json":{"title":"Csal\u00e1di bring\u00e1s nyaral\u00e1s M\u00e1lt\u00e1n: Ped\u00e1loz\u00e1s a paradicsomban","description":"M\u00e1lta, a F\u00f6ldk\u00f6zi-tenger sz\u00edv\u00e9ben tal\u00e1lhat\u00f3 gy\u00f6ngyszem, gazdag t\u00f6rt\u00e9nelemmel, leny\u0171g\u00f6z\u0151 t\u00e1jakkal \u00e9s mag\u00e1val ragad\u00f3 kultur\u00e1lis \u00f6r\u00f6ks\u00e9ggel v\u00e1r titeket! A sziget val\u00f3ban a k\u00e9tkerek\u0171 felfedez\u0151k paradicsoma. Megmutatjuk a legelb\u0171v\u00f6l\u0151bb ker\u00e9kp\u00e1ros \u00fatvonalakat, amelyek mindegyike a fest\u0151i sz\u00e9ps\u00e9g, a t\u00f6rt\u00e9nelmi \u00e9rdekess\u00e9gek \u00e9s a csal\u00e1dbar\u00e1t terep t\u00f6k\u00e9letes kombin\u00e1ci\u00f3ja!","robots":{"index":"index","follow":"follow","max-snippet":"max-snippet:-1","max-image-preview":"max-image-preview:large","max-video-preview":"max-video-preview:-1"},"canonical":"https:\/\/www.welovecycling.com\/hu\/csalad\/csaladi-bringas-nyaralas-maltan-pedalozas-a-paradicsomban\/","og_locale":"hu_HU","og_type":"article","og_title":"Csal\u00e1di bring\u00e1s nyaral\u00e1s M\u00e1lt\u00e1n: Ped\u00e1loz\u00e1s a paradicsomban","og_description":"M\u00e1lta, a F\u00f6ldk\u00f6zi-tenger sz\u00edv\u00e9ben tal\u00e1lhat\u00f3 gy\u00f6ngyszem, gazdag t\u00f6rt\u00e9nelemmel, leny\u0171g\u00f6z\u0151 t\u00e1jakkal \u00e9s mag\u00e1val ragad\u00f3 kultur\u00e1lis \u00f6r\u00f6ks\u00e9ggel v\u00e1r titeket! A sziget val\u00f3ban a k\u00e9tkerek\u0171 felfedez\u0151k paradicsoma. Megmutatjuk a legelb\u0171v\u00f6l\u0151bb ker\u00e9kp\u00e1ros \u00fatvonalakat, amelyek mindegyike a fest\u0151i sz\u00e9ps\u00e9g, a t\u00f6rt\u00e9nelmi \u00e9rdekess\u00e9gek \u00e9s a csal\u00e1dbar\u00e1t terep t\u00f6k\u00e9letes kombin\u00e1ci\u00f3ja!","og_url":"https:\/\/www.welovecycling.com\/hu\/csalad\/csaladi-bringas-nyaralas-maltan-pedalozas-a-paradicsomban\/","og_site_name":"\u0160koda We Love Cycling - Magyarorsz\u00e1g","article_publisher":"https:\/\/www.facebook.com\/WeLoveCyclingHungary\/","article_published_time":"2023-08-30T06:00:10+00:00","article_modified_time":"2024-08-23T13:38:40+00:00","og_image":[{"width":990,"height":660,"url":"https:\/\/d2p6e6u75xmxt8.cloudfront.net\/12\/2024\/08\/Valletta-Malta-profimedia-0890368004-CVR.webp","type":"image\/webp"}],"author":"hegyizs","twitter_card":"summary_large_image","twitter_misc":{"Written by":"Monica Buck","Est. reading time":"3"},"schema":{"@context":"https:\/\/schema.org","@graph":[{"@type":"WebPage","@id":"https:\/\/www.welovecycling.com\/hu\/csalad\/csaladi-bringas-nyaralas-maltan-pedalozas-a-paradicsomban\/","url":"https:\/\/www.welovecycling.com\/hu\/csalad\/csaladi-bringas-nyaralas-maltan-pedalozas-a-paradicsomban\/","name":"Csal\u00e1di bring\u00e1s nyaral\u00e1s M\u00e1lt\u00e1n: Ped\u00e1loz\u00e1s a paradicsomban","isPartOf":{"@id":"https:\/\/www.welovecycling.com\/hu\/#website"},"primaryImageOfPage":{"@id":"https:\/\/www.welovecycling.com\/hu\/csalad\/csaladi-bringas-nyaralas-maltan-pedalozas-a-paradicsomban\/#primaryimage"},"image":{"@id":"https:\/\/www.welovecycling.com\/hu\/csalad\/csaladi-bringas-nyaralas-maltan-pedalozas-a-paradicsomban\/#primaryimage"},"thumbnailUrl":"https:\/\/d2p6e6u75xmxt8.cloudfront.net\/12\/2024\/08\/Valletta-Malta-profimedia-0890368004-CVR.webp","datePublished":"2023-08-30T06:00:10+00:00","dateModified":"2024-08-23T13:38:40+00:00","author":{"@id":"https:\/\/www.welovecycling.com\/hu\/#\/schema\/person\/414a2aebf1801691a5320edb6468e194"},"description":"M\u00e1lta, a F\u00f6ldk\u00f6zi-tenger sz\u00edv\u00e9ben tal\u00e1lhat\u00f3 gy\u00f6ngyszem, gazdag t\u00f6rt\u00e9nelemmel, leny\u0171g\u00f6z\u0151 t\u00e1jakkal \u00e9s mag\u00e1val ragad\u00f3 kultur\u00e1lis \u00f6r\u00f6ks\u00e9ggel v\u00e1r titeket! A sziget val\u00f3ban a k\u00e9tkerek\u0171 felfedez\u0151k paradicsoma. Megmutatjuk a legelb\u0171v\u00f6l\u0151bb ker\u00e9kp\u00e1ros \u00fatvonalakat, amelyek mindegyike a fest\u0151i sz\u00e9ps\u00e9g, a t\u00f6rt\u00e9nelmi \u00e9rdekess\u00e9gek \u00e9s a csal\u00e1dbar\u00e1t terep t\u00f6k\u00e9letes kombin\u00e1ci\u00f3ja!","breadcrumb":{"@id":"https:\/\/www.welovecycling.com\/hu\/csalad\/csaladi-bringas-nyaralas-maltan-pedalozas-a-paradicsomban\/#breadcrumb"},"inLanguage":"hu","potentialAction":[{"@type":"ReadAction","target":["https:\/\/www.welovecycling.com\/hu\/csalad\/csaladi-bringas-nyaralas-maltan-pedalozas-a-paradicsomban\/"]}]},{"@type":"ImageObject","inLanguage":"hu","@id":"https:\/\/www.welovecycling.com\/hu\/csalad\/csaladi-bringas-nyaralas-maltan-pedalozas-a-paradicsomban\/#primaryimage","url":"https:\/\/d2p6e6u75xmxt8.cloudfront.net\/12\/2024\/08\/Valletta-Malta-profimedia-0890368004-CVR.webp","contentUrl":"https:\/\/d2p6e6u75xmxt8.cloudfront.net\/12\/2024\/08\/Valletta-Malta-profimedia-0890368004-CVR.webp","width":990,"height":660},{"@type":"BreadcrumbList","@id":"https:\/\/www.welovecycling.com\/hu\/csalad\/csaladi-bringas-nyaralas-maltan-pedalozas-a-paradicsomban\/#breadcrumb","itemListElement":[{"@type":"ListItem","position":1,"name":"Home","item":"https:\/\/www.welovecycling.com\/hu\/"},{"@type":"ListItem","position":2,"name":"Csal\u00e1di bring\u00e1s nyaral\u00e1s M\u00e1lt\u00e1n: Ped\u00e1loz\u00e1s a paradicsomban"}]},{"@type":"WebSite","@id":"https:\/\/www.welovecycling.com\/hu\/#website","url":"https:\/\/www.welovecycling.com\/hu\/","name":"\u0160koda We Love Cycling - Magyarorsz\u00e1g","description":"\u0160koda WeLoveCycling","potentialAction":[{"@type":"SearchAction","target":{"@type":"EntryPoint","urlTemplate":"https:\/\/www.welovecycling.com\/hu\/?s={search_term_string}"},"query-input":{"@type":"PropertyValueSpecification","valueRequired":true,"valueName":"search_term_string"}}],"inLanguage":"hu"},{"@type":"Person","@id":"https:\/\/www.welovecycling.com\/hu\/#\/schema\/person\/414a2aebf1801691a5320edb6468e194","name":"hegyizs","image":{"@type":"ImageObject","inLanguage":"hu","@id":"https:\/\/www.welovecycling.com\/hu\/#\/schema\/person\/image\/","url":"https:\/\/secure.gravatar.com\/avatar\/02cf8a7906b8cf90cecb4679defac7cfd33a1c2e3b88e4903d947f3bb58eedd3?s=96&d=mm&r=g","contentUrl":"https:\/\/secure.gravatar.com\/avatar\/02cf8a7906b8cf90cecb4679defac7cfd33a1c2e3b88e4903d947f3bb58eedd3?s=96&d=mm&r=g","caption":"hegyizs"},"url":"https:\/\/www.welovecycling.com\/hu\/author\/hegyizs\/"}]}},"_links":{"self":[{"href":"https:\/\/www.welovecycling.com\/hu\/wp-json\/wp\/v2\/posts\/18704","targetHints":{"allow":["GET"]}}],"collection":[{"href":"https:\/\/www.welovecycling.com\/hu\/wp-json\/wp\/v2\/posts"}],"about":[{"href":"https:\/\/www.welovecycling.com\/hu\/wp-json\/wp\/v2\/types\/post"}],"author":[{"embeddable":true,"href":"https:\/\/www.welovecycling.com\/hu\/wp-json\/wp\/v2\/users\/71"}],"replies":[{"embeddable":true,"href":"https:\/\/www.welovecycling.com\/hu\/wp-json\/wp\/v2\/comments?post=18704"}],"version-history":[{"count":3,"href":"https:\/\/www.welovecycling.com\/hu\/wp-json\/wp\/v2\/posts\/18704\/revisions"}],"predecessor-version":[{"id":18713,"href":"https:\/\/www.welovecycling.com\/hu\/wp-json\/wp\/v2\/posts\/18704\/revisions\/18713"}],"wp:featuredmedia":[{"embeddable":true,"href":"https:\/\/www.welovecycling.com\/hu\/wp-json\/wp\/v2\/media\/18711"}],"wp:attachment":[{"href":"https:\/\/www.welovecycling.com\/hu\/wp-json\/wp\/v2\/media?parent=18704"}],"wp:term":[{"taxonomy":"category","embeddable":true,"href":"https:\/\/www.welovecycling.com\/hu\/wp-json\/wp\/v2\/categories?post=18704"},{"taxonomy":"post_tag","embeddable":true,"href":"https:\/\/www.welovecycling.com\/hu\/wp-json\/wp\/v2\/tags?post=18704"},{"taxonomy":"global-categories","embeddable":true,"href":"https:\/\/www.welovecycling.com\/hu\/wp-json\/wp\/v2\/global-categories?post=18704"}],"curies":[{"name":"wp","href":"https:\/\/api.w.org\/{rel}","templated":true}]}}