{"id":18677,"date":"2024-08-13T08:00:13","date_gmt":"2024-08-13T06:00:13","guid":{"rendered":"https:\/\/www.welovecycling.com\/hu\/?p=18677"},"modified":"2024-08-09T12:26:37","modified_gmt":"2024-08-09T10:26:37","slug":"e-biciklizes-a-marokkoi-homokduneken-eletre-szolo-kaland","status":"publish","type":"post","link":"https:\/\/www.welovecycling.com\/hu\/trekking-mtb\/e-biciklizes-a-marokkoi-homokduneken-eletre-szolo-kaland\/","title":{"rendered":"E-bicikliz\u00e9s a marokk\u00f3i homokd\u0171n\u00e9ken \u00e9letre sz\u00f3l\u00f3 kaland"},"content":{"rendered":"<p><strong>Id\u00e9n tavasszal Richard Gasperotti sz\u00e1m\u00e1ra egy rendk\u00edv\u00fcli lehet\u0151s\u00e9g k\u00edn\u00e1lkozott: egy \u00faj e-bike rekl\u00e1mj\u00e1nak forgat\u00e1s\u00e1ra k\u00e9rt\u00e9k fel, m\u00e9ghozz\u00e1 Marokk\u00f3ban. Egy olyan \u00e9lm\u00e9nyr\u0151l hozott nek\u00fcnk besz\u00e1mol\u00f3t, ami m\u00e9g profi bring\u00e1sk\u00e9nt is egyed\u00fcl\u00e1ll\u00f3 volt sz\u00e1m\u00e1ra. Ha te is szeretn\u00e9l a Star Wars-ba illeszked\u0151 helyeken biciklizni, ez a cikk neked sz\u00f3l.<\/strong><\/p>\n<p><!--more--><\/p>\n<p>Az e-bicikliz\u00e9s forradalmas\u00edtotta az \u00faj t\u00e1jak felfedez\u00e9s\u00e9t. Az egyik legizgalmasabb \u00e9s legk\u00fcl\u00f6nlegesebb, szinte \u00e9rintetlen t\u00e1j pedig eg\u00e9sz biztosan a marokk\u00f3i sivatag. Hatalmas, zord terep, ami l\u00e9legzetel\u00e1ll\u00edt\u00f3 l\u00e1tk\u00e9ppel ny\u00fajt p\u00e1ratlan \u00e9lm\u00e9nyt azoknak, akik k\u00e9t ker\u00e9ken keresik a kalandokat.<\/p>\n<p>A marokk\u00f3i sivatag, amely a hatalmas Szahara r\u00e9sze, a leny\u0171g\u00f6z\u0151 ellent\u00e9tek f\u00f6ldje. Az Erg Chebbi hatalmas homokd\u0171n\u00e9it\u0151l a Hamada szikl\u00e1s, holdb\u00e9li l\u00e1tk\u00e9p\u00e9ig, a sivatag v\u00e1ltozatos \u00e9s kih\u00edv\u00e1st jelent\u0151 k\u00f6rnyezetet jelent a biciklisek sz\u00e1m\u00e1ra. A r\u00e9gi\u00f3 t\u00f6rt\u00e9nelme szint\u00e9n leny\u0171g\u00f6z\u0151, \u00e9s az \u0151si karav\u00e1nutakkal, berber falvakkal \u00e9s a transz-szaharai kereskedelem maradv\u00e1nyaival betekint\u00e9st nyerhetsz ebbe a gazdag kultur\u00e1lis m\u00faltba.<\/p>\n<p>Err\u0151l a t\u00e1jr\u00f3l mes\u00e9l Gasperotti.<\/p>\n<h2><strong>A marokk\u00f3i sivatag vonzereje<\/strong><\/h2>\n<p>Kor\u00e1bban m\u00e1r felfedeztem a Marr\u00e1kesb\u0151l el\u00e9rhet\u0151 Magas-Atlasz-hegys\u00e9get. Az Alacsony-Atlasz ezzel szemben Alg\u00e9ria fel\u00e9 tal\u00e1lhat\u00f3, \u00e9s otthont ad a vil\u00e1g egyik legkem\u00e9nyebb \u00e9s legforr\u00f3bb szakaszverseny\u00e9nek, a <a href=\"https:\/\/www.welovecycling.com\/hu\/trekking-mtb\/beszamolo-elso-kezbol-hogyan-lehet-tulelni-a-skoda-adventure-t-a-skoda-titan-desert-morocco-legnehezebb-kategoriajat\/\">\u0160koda Titan Desert Morocco<\/a>-nak.<\/p>\n<p>A terep itt nem olyan meredek, mint a Magas-Atlasz-hegys\u00e9gben, \u00e9s tele van t\u00far\u00e1z\u00e1sra \u00e9s hegyiker\u00e9kp\u00e1roz\u00e1sra alkalmas \u00f6sv\u00e9nyekkel. Ezeket kihaszn\u00e1lva forgattunk egy spanyol st\u00e1bbal. De kezdj\u00fck az elej\u00e9n!<\/p>\n<figure id=\"attachment_18678\" aria-describedby=\"caption-attachment-18678\" style=\"width: 990px\" class=\"wp-caption alignnone\"><a href=\"https:\/\/d2p6e6u75xmxt8.cloudfront.net\/12\/2024\/08\/Gaspi-Morocco-1.webp\"><img loading=\"lazy\" decoding=\"async\" class=\"wp-image-18678 size-full\" src=\"https:\/\/d2p6e6u75xmxt8.cloudfront.net\/12\/2024\/08\/Gaspi-Morocco-1.webp\" alt=\"E-biking in Morocco\" width=\"990\" height=\"660\" srcset=\"https:\/\/d2p6e6u75xmxt8.cloudfront.net\/12\/2024\/08\/Gaspi-Morocco-1.webp 990w, https:\/\/d2p6e6u75xmxt8.cloudfront.net\/12\/2024\/08\/Gaspi-Morocco-1-300x200.webp 300w, https:\/\/d2p6e6u75xmxt8.cloudfront.net\/12\/2024\/08\/Gaspi-Morocco-1-768x512.webp 768w, https:\/\/d2p6e6u75xmxt8.cloudfront.net\/12\/2024\/08\/Gaspi-Morocco-1-400x267.webp 400w, https:\/\/d2p6e6u75xmxt8.cloudfront.net\/12\/2024\/08\/Gaspi-Morocco-1-272x182.webp 272w\" sizes=\"auto, (max-width: 990px) 100vw, 990px\" \/><\/a><figcaption id=\"caption-attachment-18678\" class=\"wp-caption-text\">\u00a9 Andrew Dodd<\/figcaption><\/figure>\n<div id='gallery-1' class='gallery galleryid-18677 gallery-columns-2 gallery-size-large'><figure class='gallery-item'>\n\t\t\t<div class='gallery-icon landscape'>\n\t\t\t\t<a href='https:\/\/d2p6e6u75xmxt8.cloudfront.net\/12\/2024\/08\/Gaspi-Morocco-2.webp'><img loading=\"lazy\" decoding=\"async\" width=\"990\" height=\"660\" src=\"https:\/\/d2p6e6u75xmxt8.cloudfront.net\/12\/2024\/08\/Gaspi-Morocco-2.webp\" class=\"attachment-large size-large\" alt=\"\" srcset=\"https:\/\/d2p6e6u75xmxt8.cloudfront.net\/12\/2024\/08\/Gaspi-Morocco-2.webp 990w, https:\/\/d2p6e6u75xmxt8.cloudfront.net\/12\/2024\/08\/Gaspi-Morocco-2-300x200.webp 300w, https:\/\/d2p6e6u75xmxt8.cloudfront.net\/12\/2024\/08\/Gaspi-Morocco-2-768x512.webp 768w, https:\/\/d2p6e6u75xmxt8.cloudfront.net\/12\/2024\/08\/Gaspi-Morocco-2-400x267.webp 400w, https:\/\/d2p6e6u75xmxt8.cloudfront.net\/12\/2024\/08\/Gaspi-Morocco-2-272x182.webp 272w\" sizes=\"auto, (max-width: 990px) 100vw, 990px\" \/><\/a>\n\t\t\t<\/div><\/figure><figure class='gallery-item'>\n\t\t\t<div class='gallery-icon landscape'>\n\t\t\t\t<a href='https:\/\/d2p6e6u75xmxt8.cloudfront.net\/12\/2024\/08\/Gaspi-Morocco-3.webp'><img loading=\"lazy\" decoding=\"async\" width=\"990\" height=\"660\" src=\"https:\/\/d2p6e6u75xmxt8.cloudfront.net\/12\/2024\/08\/Gaspi-Morocco-3.webp\" class=\"attachment-large size-large\" alt=\"Cycling in Morocco\" srcset=\"https:\/\/d2p6e6u75xmxt8.cloudfront.net\/12\/2024\/08\/Gaspi-Morocco-3.webp 990w, https:\/\/d2p6e6u75xmxt8.cloudfront.net\/12\/2024\/08\/Gaspi-Morocco-3-300x200.webp 300w, https:\/\/d2p6e6u75xmxt8.cloudfront.net\/12\/2024\/08\/Gaspi-Morocco-3-768x512.webp 768w, https:\/\/d2p6e6u75xmxt8.cloudfront.net\/12\/2024\/08\/Gaspi-Morocco-3-400x267.webp 400w, https:\/\/d2p6e6u75xmxt8.cloudfront.net\/12\/2024\/08\/Gaspi-Morocco-3-272x182.webp 272w\" sizes=\"auto, (max-width: 990px) 100vw, 990px\" \/><\/a>\n\t\t\t<\/div><\/figure>\n\t\t<\/div>\n\n<h2><strong>E-montival csakis komppal<\/strong><\/h2>\n<p>Marokk\u00f3ba rep\u00fcl\u0151vel is el lehet jutni, ilyenkor pedig b\u00e9relhetsz helyben biciklit, vagy utazhatunk komppal, egy spanyol kik\u00f6t\u0151b\u0151l. A komp el\u0151nye, hogy \u00edgy magunkkal vihetj\u00fck saj\u00e1t elektromos biciklinket, amit a l\u00e9git\u00e1rsas\u00e1gok \u00e1ltal\u00e1ban nem enged\u00e9lyeznek az akkumul\u00e1torral kapcsolatos korl\u00e1toz\u00e1sok miatt. \u00cdgyh\u00e1t mi ezt az utat v\u00e1lasztottuk. Az Alicante \u00e9s Marokk\u00f3 k\u00f6z\u00f6tti komp\u00fat k\u00f6r\u00fclbel\u00fcl n\u00e9gysz\u00e1z eur\u00f3ba ker\u00fcl egy aut\u00f3ra. Lak\u00f3aut\u00f3val utazni Marokk\u00f3ban k\u00e9nyelmes \u00e9s biztons\u00e1gos, az o\u00e1zisokban tal\u00e1lhat\u00f3 pihen\u0151helyek biztos\u00edtj\u00e1k az iv\u00f3vizet \u00e9s az \u00e1ramot. A Titan Desert verseny r\u00e9gi\u00f3ja nyelvileg j\u00f3l felk\u00e9sz\u00fclt, a lakosok \u00e1ltal\u00e1ban besz\u00e9lnek arabul, berber dialektusokban, franci\u00e1ul, spanyolul \u00e9s angolul, \u00edgy igen bar\u00e1ts\u00e1gos a k\u00f6rnyezet.<\/p>\n<h2><strong>A kaland kezdete<\/strong><\/h2>\n<p>Egy tipikus e-bringa kaland a marokk\u00f3i sivatagban olyan v\u00e1rosokkal kezd\u0151dik, mint Merzouga vagy M\u2019Hamid. Ezek a telep\u00fcl\u00e9sek j\u00f3l fel vannak szerelve ahhoz, hogy kiindul\u00f3pontot ny\u00fajtsanak a sivatagi exped\u00edci\u00f3khoz, \u00e9s k\u00fcl\u00f6nb\u00f6z\u0151 hasznos szolg\u00e1ltat\u00e1sokat k\u00edn\u00e1lnak, bele\u00e9rtve a biciklik\u00f6lcs\u00f6nz\u00e9st, a vezetett t\u00far\u00e1kat \u00e9s a sz\u00e1ll\u00e1sokat is.<\/p>\n<h2><strong>Merzouga: Az Erg Chebbi kapuja<\/strong><\/h2>\n<p>Merzouga az alg\u00e9riai hat\u00e1r k\u00f6zel\u00e9ben tal\u00e1lhat\u00f3, \u00e9s az Erg Chebbi d\u0171n\u00e9kr\u0151l h\u00edres, melyek n\u00e9melyike \u200b\u200bt\u00f6bb mint 150 m\u00e9ter magasra emelkedik. Csod\u00e1latos e-bringat\u00far\u00e1kat szerveznek ide, melyek \u00e1tvezetnek a leny\u0171g\u00f6z\u0151 homoktengeren. Ezek az utak \u00e1ltal\u00e1ban a sivatag perem\u00e9n kezd\u0151dnek, ahol a terep szil\u00e1rd \u00e9s s\u00edk, \u00e9s innen vezetnek a hatalmas d\u0171n\u00e9khez. A fel-\u00e9s lem\u00e1sz\u00e1s az \u00f3ri\u00e1si homokk\u00e9pz\u0151dm\u00e9nyeken nagyon izgalmas, \u00e9s a cs\u00facsr\u00f3l el\u00e9nk t\u00e1rul\u00f3 panor\u00e1ma felejthetetlen.<\/p>\n<h2><strong>A d\u0171n\u00e9k megm\u00e1sz\u00e1sa: Tanuls\u00e1gok a Dakar Rally sof\u0151rjeit\u0151l<\/strong><\/h2>\n<p>A forgat\u00e1s sor\u00e1n egy Mondraker Dune biciklin tekertem, ami kiv\u00e1l\u00f3 a marokk\u00f3i terepre. Az extra teljes\u00edtm\u00e9ny ellen\u00e9re, amit a Bosch SX Performance Line motor biztos\u00edt, nincs nagy s\u00falya, \u00edgy t\u00f6k\u00e9letes v\u00e1laszt\u00e1s a szaharai d\u0171n\u00e9k megm\u00e1sz\u00e1s\u00e1ra. Ez azonban nem olyan k\u00f6nny\u0171, mint amilyennek l\u00e1tszik. Ott tart\u00f3zkod\u00e1som alatt lehet\u0151s\u00e9gem volt tesztelni a bring\u00e1t a sivatagban, m\u00e9ghozz\u00e1 egy olyan csapattal, ami rendszeresen r\u00e9szt vesz a Dakar Rally-n. Rengeteg hasznos tan\u00e1csot kaptam a profi sof\u0151r\u00f6kt\u0151l, t\u00f6bbek k\u00f6z\u00f6tt ezeket:<\/p>\n<p>A d\u0171ne szeles oldala, amit az enyhe hull\u00e1mokr\u00f3l lehet felismerni, szil\u00e1rdabb, mint a sz\u00e9lcsendes oldal, ahol a puha homok elnyelheti az els\u0151 kereket, \u00e9s \u00e1tbor\u00edthat a korm\u00e1nyon. Mindig a sz\u00e9lir\u00e1ny\u00fa oldalon kell a kem\u00e9nyebb fel\u00fcleteket keresni. A megfelel\u0151 id\u0151pont kiv\u00e1laszt\u00e1sa szint\u00e9n kulcsfontoss\u00e1g\u00fa. A kora reggeli k\u00f6r\u00fclm\u00e9nyek kedvez\u0151bbek, mert a homok a hideg \u00e9jszaka alatt megkem\u00e9nyedik, \u00e9s nem s\u00fcllyed be a kerekeink alatt. Ezenk\u00edv\u00fcl az alacsony nap \u00e1rny\u00e9kot vet a talajra, seg\u00edtve a terep olvad\u00e1s\u00e1t. D\u00e9lben, amikor a nap magasan van \u00e9s a f\u00e9ny k\u00f6zvetlen, nehezebb navig\u00e1lni, \u00e9s k\u00f6nnyen eln\u00e9zhetj\u00fck a bukkan\u00f3kat vagy g\u00f6dr\u00f6ket.<\/p>\n<h2><strong>Figyelni kell a megfelel\u0151 ken\u0151anyagra \u00e9s a guminyom\u00e1sra<\/strong><\/h2>\n<p>A homok nagyon ellens\u00e9ges a bicikli mozg\u00f3 alkatr\u00e9szeivel, ez\u00e9rt fontos, hogy j\u00f3l bev\u00e1lt ken\u0151anyagokkal felszerelkezve indulj el Marokk\u00f3ba. V\u00e1lassz olyan ken\u0151anyagot, amihez nem tapad a homok, \u00edgy elker\u00fclheted a hajt\u00e1sl\u00e1nc meghib\u00e1sod\u00e1s\u00e1t. Egy m\u00e1sik tr\u00fckk, hogy a gumikat puh\u00e1bbra f\u00fajjuk fel, miel\u0151tt a d\u0171n\u00e9kre induln\u00e1nk. Az alacsonyabb nyom\u00e1s\u00fa gumik kev\u00e9sb\u00e9 s\u00fcllyednek el a homokban, \u00e9s jobb tapad\u00e1st biztos\u00edtanak. Vigy\u00e9l magaddal p\u00f3talkatr\u00e9szeket a biciklidhez \u00e9s saj\u00e1t t\u00f6lt\u0151t!<\/p>\n<h2><strong>Egyed\u00fcl\u00e1ll\u00f3 \u00e9lm\u00e9ny<\/strong><\/h2>\n<p>Ez a marokk\u00f3i bringat\u00fara nem csup\u00e1n egy utaz\u00e1s volt; egy olyan \u00e9lm\u00e9ny, amely \u00f6sszekapcsol a vad t\u00e1jjal \u00e9s az emberekkel. Ahogy \u00e1thaladsz a hull\u00e1mz\u00f3 d\u0171n\u00e9ken \u00e9s szikl\u00e1s kiemelked\u00e9seken, tal\u00e1lkozhatsz berber nom\u00e1dokkal, akik a ny\u00e1jaikat \u0151rzik, \u0151si kasbahokkal, amelyek teljesen s\u00e1rb\u00f3l \u00e9p\u00fcltek \u00e9s egy elm\u00falt korszak tan\u00faik\u00e9nt \u00e1llnak, \u00e9s persze azzal a nyugalommal, amit csak a sivatag ny\u00fajthat.<\/p>\n<p>Az e-bike-kal val\u00f3 teker\u00e9s izgalma ilyen hatalmas \u00e9s v\u00e1ltozatos terepen, gazdag kultur\u00e1lis \u00e9lm\u00e9nyekkel \u00e9s leny\u0171g\u00f6z\u0151 term\u00e9szeti sz\u00e9ps\u00e9ggel p\u00e1rosulva, olyan kaland, amelyhez semmi sem foghat\u00f3. Ak\u00e1r tapasztalt biciklis vagy, ak\u00e1r b\u00e1tor kezd\u0151, a marokk\u00f3i sivatag v\u00e9gtelen horizontja \u00e9s id\u0151tlen vonzereje t\u00e9ged is v\u00e1r!<\/p>\n","protected":false},"excerpt":{"rendered":"<p>Id\u00e9n tavasszal Richard Gasperotti sz\u00e1m\u00e1ra egy rendk\u00edv\u00fcli lehet\u0151s\u00e9g k\u00edn\u00e1lkozott: egy \u00faj e-bike rekl\u00e1mj\u00e1nak forgat\u00e1s\u00e1ra k\u00e9rt\u00e9k fel, m\u00e9ghozz\u00e1 Marokk\u00f3ban. Egy olyan [&hellip;]<\/p>\n","protected":false},"author":71,"featured_media":18680,"comment_status":"open","ping_status":"open","sticky":false,"template":"","format":"standard","meta":{"footnotes":""},"categories":[7],"tags":[],"global-categories":[],"class_list":["post-18677","post","type-post","status-publish","format-standard","has-post-thumbnail","hentry","category-trekking-mtb"],"yoast_head":"<!-- This site is optimized with the Yoast SEO Premium plugin v25.3 (Yoast SEO v25.9) - https:\/\/yoast.com\/wordpress\/plugins\/seo\/ -->\n<title>E-bicikliz\u00e9s a marokk\u00f3i homokd\u0171n\u00e9ken \u00e9letre sz\u00f3l\u00f3 kaland<\/title>\n<meta name=\"description\" content=\"Id\u00e9n tavasszal Richard Gasperotti sz\u00e1m\u00e1ra egy rendk\u00edv\u00fcli lehet\u0151s\u00e9g k\u00edn\u00e1lkozott: egy \u00faj e-bike rekl\u00e1mj\u00e1nak forgat\u00e1s\u00e1ra k\u00e9rt\u00e9k fel, m\u00e9ghozz\u00e1 Marokk\u00f3ban. Egy olyan \u00e9lm\u00e9nyr\u0151l hozott nek\u00fcnk besz\u00e1mol\u00f3t, ami m\u00e9g profi bring\u00e1sk\u00e9nt is egyed\u00fcl\u00e1ll\u00f3 volt sz\u00e1m\u00e1ra. Ha te is szeretn\u00e9l a Star Wars-ba illeszked\u0151 helyeken biciklizni, ez a cikk neked sz\u00f3l.\" \/>\n<meta name=\"robots\" content=\"index, follow, max-snippet:-1, max-image-preview:large, max-video-preview:-1\" \/>\n<link rel=\"canonical\" href=\"https:\/\/www.welovecycling.com\/hu\/trekking-mtb\/e-biciklizes-a-marokkoi-homokduneken-eletre-szolo-kaland\/\" \/>\n<meta property=\"og:locale\" content=\"hu_HU\" \/>\n<meta property=\"og:type\" content=\"article\" \/>\n<meta property=\"og:title\" content=\"E-bicikliz\u00e9s a marokk\u00f3i homokd\u0171n\u00e9ken \u00e9letre sz\u00f3l\u00f3 kaland\" \/>\n<meta property=\"og:description\" content=\"Id\u00e9n tavasszal Richard Gasperotti sz\u00e1m\u00e1ra egy rendk\u00edv\u00fcli lehet\u0151s\u00e9g k\u00edn\u00e1lkozott: egy \u00faj e-bike rekl\u00e1mj\u00e1nak forgat\u00e1s\u00e1ra k\u00e9rt\u00e9k fel, m\u00e9ghozz\u00e1 Marokk\u00f3ban. Egy olyan \u00e9lm\u00e9nyr\u0151l hozott nek\u00fcnk besz\u00e1mol\u00f3t, ami m\u00e9g profi bring\u00e1sk\u00e9nt is egyed\u00fcl\u00e1ll\u00f3 volt sz\u00e1m\u00e1ra. Ha te is szeretn\u00e9l a Star Wars-ba illeszked\u0151 helyeken biciklizni, ez a cikk neked sz\u00f3l.\" \/>\n<meta property=\"og:url\" content=\"https:\/\/www.welovecycling.com\/hu\/trekking-mtb\/e-biciklizes-a-marokkoi-homokduneken-eletre-szolo-kaland\/\" \/>\n<meta property=\"og:site_name\" content=\"\u0160koda We Love Cycling - Magyarorsz\u00e1g\" \/>\n<meta property=\"article:publisher\" content=\"https:\/\/www.facebook.com\/WeLoveCyclingHungary\/\" \/>\n<meta property=\"article:published_time\" content=\"2024-08-13T06:00:13+00:00\" \/>\n<meta property=\"og:image\" content=\"https:\/\/d2p6e6u75xmxt8.cloudfront.net\/12\/2024\/08\/Gaspi-Morocco-CVR.webp\" \/>\n\t<meta property=\"og:image:width\" content=\"990\" \/>\n\t<meta property=\"og:image:height\" content=\"660\" \/>\n\t<meta property=\"og:image:type\" content=\"image\/webp\" \/>\n<meta name=\"author\" content=\"hegyizs\" \/>\n<meta name=\"twitter:card\" content=\"summary_large_image\" \/>\n<meta name=\"twitter:label1\" content=\"Written by\" \/>\n\t<meta name=\"twitter:data1\" content=\"Adam Marsal and Richard Gasperotti\" \/>\n\t<meta name=\"twitter:label2\" content=\"Est. reading time\" \/>\n\t<meta name=\"twitter:data2\" content=\"4\" \/>\n<script type=\"application\/ld+json\" class=\"yoast-schema-graph\">{\"@context\":\"https:\/\/schema.org\",\"@graph\":[{\"@type\":\"WebPage\",\"@id\":\"https:\/\/www.welovecycling.com\/hu\/trekking-mtb\/e-biciklizes-a-marokkoi-homokduneken-eletre-szolo-kaland\/\",\"url\":\"https:\/\/www.welovecycling.com\/hu\/trekking-mtb\/e-biciklizes-a-marokkoi-homokduneken-eletre-szolo-kaland\/\",\"name\":\"E-bicikliz\u00e9s a marokk\u00f3i homokd\u0171n\u00e9ken \u00e9letre sz\u00f3l\u00f3 kaland\",\"isPartOf\":{\"@id\":\"https:\/\/www.welovecycling.com\/hu\/#website\"},\"primaryImageOfPage\":{\"@id\":\"https:\/\/www.welovecycling.com\/hu\/trekking-mtb\/e-biciklizes-a-marokkoi-homokduneken-eletre-szolo-kaland\/#primaryimage\"},\"image\":{\"@id\":\"https:\/\/www.welovecycling.com\/hu\/trekking-mtb\/e-biciklizes-a-marokkoi-homokduneken-eletre-szolo-kaland\/#primaryimage\"},\"thumbnailUrl\":\"https:\/\/d2p6e6u75xmxt8.cloudfront.net\/12\/2024\/08\/Gaspi-Morocco-CVR.webp\",\"datePublished\":\"2024-08-13T06:00:13+00:00\",\"author\":{\"@id\":\"https:\/\/www.welovecycling.com\/hu\/#\/schema\/person\/414a2aebf1801691a5320edb6468e194\"},\"description\":\"Id\u00e9n tavasszal Richard Gasperotti sz\u00e1m\u00e1ra egy rendk\u00edv\u00fcli lehet\u0151s\u00e9g k\u00edn\u00e1lkozott: egy \u00faj e-bike rekl\u00e1mj\u00e1nak forgat\u00e1s\u00e1ra k\u00e9rt\u00e9k fel, m\u00e9ghozz\u00e1 Marokk\u00f3ban. Egy olyan \u00e9lm\u00e9nyr\u0151l hozott nek\u00fcnk besz\u00e1mol\u00f3t, ami m\u00e9g profi bring\u00e1sk\u00e9nt is egyed\u00fcl\u00e1ll\u00f3 volt sz\u00e1m\u00e1ra. Ha te is szeretn\u00e9l a Star Wars-ba illeszked\u0151 helyeken biciklizni, ez a cikk neked sz\u00f3l.\",\"breadcrumb\":{\"@id\":\"https:\/\/www.welovecycling.com\/hu\/trekking-mtb\/e-biciklizes-a-marokkoi-homokduneken-eletre-szolo-kaland\/#breadcrumb\"},\"inLanguage\":\"hu\",\"potentialAction\":[{\"@type\":\"ReadAction\",\"target\":[\"https:\/\/www.welovecycling.com\/hu\/trekking-mtb\/e-biciklizes-a-marokkoi-homokduneken-eletre-szolo-kaland\/\"]}]},{\"@type\":\"ImageObject\",\"inLanguage\":\"hu\",\"@id\":\"https:\/\/www.welovecycling.com\/hu\/trekking-mtb\/e-biciklizes-a-marokkoi-homokduneken-eletre-szolo-kaland\/#primaryimage\",\"url\":\"https:\/\/d2p6e6u75xmxt8.cloudfront.net\/12\/2024\/08\/Gaspi-Morocco-CVR.webp\",\"contentUrl\":\"https:\/\/d2p6e6u75xmxt8.cloudfront.net\/12\/2024\/08\/Gaspi-Morocco-CVR.webp\",\"width\":990,\"height\":660,\"caption\":\"Gaspi in Morocco\"},{\"@type\":\"BreadcrumbList\",\"@id\":\"https:\/\/www.welovecycling.com\/hu\/trekking-mtb\/e-biciklizes-a-marokkoi-homokduneken-eletre-szolo-kaland\/#breadcrumb\",\"itemListElement\":[{\"@type\":\"ListItem\",\"position\":1,\"name\":\"Home\",\"item\":\"https:\/\/www.welovecycling.com\/hu\/\"},{\"@type\":\"ListItem\",\"position\":2,\"name\":\"E-bicikliz\u00e9s a marokk\u00f3i homokd\u0171n\u00e9ken \u00e9letre sz\u00f3l\u00f3 kaland\"}]},{\"@type\":\"WebSite\",\"@id\":\"https:\/\/www.welovecycling.com\/hu\/#website\",\"url\":\"https:\/\/www.welovecycling.com\/hu\/\",\"name\":\"\u0160koda We Love Cycling - Magyarorsz\u00e1g\",\"description\":\"\u0160koda WeLoveCycling\",\"potentialAction\":[{\"@type\":\"SearchAction\",\"target\":{\"@type\":\"EntryPoint\",\"urlTemplate\":\"https:\/\/www.welovecycling.com\/hu\/?s={search_term_string}\"},\"query-input\":{\"@type\":\"PropertyValueSpecification\",\"valueRequired\":true,\"valueName\":\"search_term_string\"}}],\"inLanguage\":\"hu\"},{\"@type\":\"Person\",\"@id\":\"https:\/\/www.welovecycling.com\/hu\/#\/schema\/person\/414a2aebf1801691a5320edb6468e194\",\"name\":\"hegyizs\",\"image\":{\"@type\":\"ImageObject\",\"inLanguage\":\"hu\",\"@id\":\"https:\/\/www.welovecycling.com\/hu\/#\/schema\/person\/image\/\",\"url\":\"https:\/\/secure.gravatar.com\/avatar\/02cf8a7906b8cf90cecb4679defac7cfd33a1c2e3b88e4903d947f3bb58eedd3?s=96&d=mm&r=g\",\"contentUrl\":\"https:\/\/secure.gravatar.com\/avatar\/02cf8a7906b8cf90cecb4679defac7cfd33a1c2e3b88e4903d947f3bb58eedd3?s=96&d=mm&r=g\",\"caption\":\"hegyizs\"},\"url\":\"https:\/\/www.welovecycling.com\/hu\/author\/hegyizs\/\"}]}<\/script>\n<!-- \/ Yoast SEO Premium plugin. -->","yoast_head_json":{"title":"E-bicikliz\u00e9s a marokk\u00f3i homokd\u0171n\u00e9ken \u00e9letre sz\u00f3l\u00f3 kaland","description":"Id\u00e9n tavasszal Richard Gasperotti sz\u00e1m\u00e1ra egy rendk\u00edv\u00fcli lehet\u0151s\u00e9g k\u00edn\u00e1lkozott: egy \u00faj e-bike rekl\u00e1mj\u00e1nak forgat\u00e1s\u00e1ra k\u00e9rt\u00e9k fel, m\u00e9ghozz\u00e1 Marokk\u00f3ban. Egy olyan \u00e9lm\u00e9nyr\u0151l hozott nek\u00fcnk besz\u00e1mol\u00f3t, ami m\u00e9g profi bring\u00e1sk\u00e9nt is egyed\u00fcl\u00e1ll\u00f3 volt sz\u00e1m\u00e1ra. Ha te is szeretn\u00e9l a Star Wars-ba illeszked\u0151 helyeken biciklizni, ez a cikk neked sz\u00f3l.","robots":{"index":"index","follow":"follow","max-snippet":"max-snippet:-1","max-image-preview":"max-image-preview:large","max-video-preview":"max-video-preview:-1"},"canonical":"https:\/\/www.welovecycling.com\/hu\/trekking-mtb\/e-biciklizes-a-marokkoi-homokduneken-eletre-szolo-kaland\/","og_locale":"hu_HU","og_type":"article","og_title":"E-bicikliz\u00e9s a marokk\u00f3i homokd\u0171n\u00e9ken \u00e9letre sz\u00f3l\u00f3 kaland","og_description":"Id\u00e9n tavasszal Richard Gasperotti sz\u00e1m\u00e1ra egy rendk\u00edv\u00fcli lehet\u0151s\u00e9g k\u00edn\u00e1lkozott: egy \u00faj e-bike rekl\u00e1mj\u00e1nak forgat\u00e1s\u00e1ra k\u00e9rt\u00e9k fel, m\u00e9ghozz\u00e1 Marokk\u00f3ban. Egy olyan \u00e9lm\u00e9nyr\u0151l hozott nek\u00fcnk besz\u00e1mol\u00f3t, ami m\u00e9g profi bring\u00e1sk\u00e9nt is egyed\u00fcl\u00e1ll\u00f3 volt sz\u00e1m\u00e1ra. Ha te is szeretn\u00e9l a Star Wars-ba illeszked\u0151 helyeken biciklizni, ez a cikk neked sz\u00f3l.","og_url":"https:\/\/www.welovecycling.com\/hu\/trekking-mtb\/e-biciklizes-a-marokkoi-homokduneken-eletre-szolo-kaland\/","og_site_name":"\u0160koda We Love Cycling - Magyarorsz\u00e1g","article_publisher":"https:\/\/www.facebook.com\/WeLoveCyclingHungary\/","article_published_time":"2024-08-13T06:00:13+00:00","og_image":[{"width":990,"height":660,"url":"https:\/\/d2p6e6u75xmxt8.cloudfront.net\/12\/2024\/08\/Gaspi-Morocco-CVR.webp","type":"image\/webp"}],"author":"hegyizs","twitter_card":"summary_large_image","twitter_misc":{"Written by":"Adam Marsal and Richard Gasperotti","Est. reading time":"4"},"schema":{"@context":"https:\/\/schema.org","@graph":[{"@type":"WebPage","@id":"https:\/\/www.welovecycling.com\/hu\/trekking-mtb\/e-biciklizes-a-marokkoi-homokduneken-eletre-szolo-kaland\/","url":"https:\/\/www.welovecycling.com\/hu\/trekking-mtb\/e-biciklizes-a-marokkoi-homokduneken-eletre-szolo-kaland\/","name":"E-bicikliz\u00e9s a marokk\u00f3i homokd\u0171n\u00e9ken \u00e9letre sz\u00f3l\u00f3 kaland","isPartOf":{"@id":"https:\/\/www.welovecycling.com\/hu\/#website"},"primaryImageOfPage":{"@id":"https:\/\/www.welovecycling.com\/hu\/trekking-mtb\/e-biciklizes-a-marokkoi-homokduneken-eletre-szolo-kaland\/#primaryimage"},"image":{"@id":"https:\/\/www.welovecycling.com\/hu\/trekking-mtb\/e-biciklizes-a-marokkoi-homokduneken-eletre-szolo-kaland\/#primaryimage"},"thumbnailUrl":"https:\/\/d2p6e6u75xmxt8.cloudfront.net\/12\/2024\/08\/Gaspi-Morocco-CVR.webp","datePublished":"2024-08-13T06:00:13+00:00","author":{"@id":"https:\/\/www.welovecycling.com\/hu\/#\/schema\/person\/414a2aebf1801691a5320edb6468e194"},"description":"Id\u00e9n tavasszal Richard Gasperotti sz\u00e1m\u00e1ra egy rendk\u00edv\u00fcli lehet\u0151s\u00e9g k\u00edn\u00e1lkozott: egy \u00faj e-bike rekl\u00e1mj\u00e1nak forgat\u00e1s\u00e1ra k\u00e9rt\u00e9k fel, m\u00e9ghozz\u00e1 Marokk\u00f3ban. Egy olyan \u00e9lm\u00e9nyr\u0151l hozott nek\u00fcnk besz\u00e1mol\u00f3t, ami m\u00e9g profi bring\u00e1sk\u00e9nt is egyed\u00fcl\u00e1ll\u00f3 volt sz\u00e1m\u00e1ra. Ha te is szeretn\u00e9l a Star Wars-ba illeszked\u0151 helyeken biciklizni, ez a cikk neked sz\u00f3l.","breadcrumb":{"@id":"https:\/\/www.welovecycling.com\/hu\/trekking-mtb\/e-biciklizes-a-marokkoi-homokduneken-eletre-szolo-kaland\/#breadcrumb"},"inLanguage":"hu","potentialAction":[{"@type":"ReadAction","target":["https:\/\/www.welovecycling.com\/hu\/trekking-mtb\/e-biciklizes-a-marokkoi-homokduneken-eletre-szolo-kaland\/"]}]},{"@type":"ImageObject","inLanguage":"hu","@id":"https:\/\/www.welovecycling.com\/hu\/trekking-mtb\/e-biciklizes-a-marokkoi-homokduneken-eletre-szolo-kaland\/#primaryimage","url":"https:\/\/d2p6e6u75xmxt8.cloudfront.net\/12\/2024\/08\/Gaspi-Morocco-CVR.webp","contentUrl":"https:\/\/d2p6e6u75xmxt8.cloudfront.net\/12\/2024\/08\/Gaspi-Morocco-CVR.webp","width":990,"height":660,"caption":"Gaspi in Morocco"},{"@type":"BreadcrumbList","@id":"https:\/\/www.welovecycling.com\/hu\/trekking-mtb\/e-biciklizes-a-marokkoi-homokduneken-eletre-szolo-kaland\/#breadcrumb","itemListElement":[{"@type":"ListItem","position":1,"name":"Home","item":"https:\/\/www.welovecycling.com\/hu\/"},{"@type":"ListItem","position":2,"name":"E-bicikliz\u00e9s a marokk\u00f3i homokd\u0171n\u00e9ken \u00e9letre sz\u00f3l\u00f3 kaland"}]},{"@type":"WebSite","@id":"https:\/\/www.welovecycling.com\/hu\/#website","url":"https:\/\/www.welovecycling.com\/hu\/","name":"\u0160koda We Love Cycling - Magyarorsz\u00e1g","description":"\u0160koda WeLoveCycling","potentialAction":[{"@type":"SearchAction","target":{"@type":"EntryPoint","urlTemplate":"https:\/\/www.welovecycling.com\/hu\/?s={search_term_string}"},"query-input":{"@type":"PropertyValueSpecification","valueRequired":true,"valueName":"search_term_string"}}],"inLanguage":"hu"},{"@type":"Person","@id":"https:\/\/www.welovecycling.com\/hu\/#\/schema\/person\/414a2aebf1801691a5320edb6468e194","name":"hegyizs","image":{"@type":"ImageObject","inLanguage":"hu","@id":"https:\/\/www.welovecycling.com\/hu\/#\/schema\/person\/image\/","url":"https:\/\/secure.gravatar.com\/avatar\/02cf8a7906b8cf90cecb4679defac7cfd33a1c2e3b88e4903d947f3bb58eedd3?s=96&d=mm&r=g","contentUrl":"https:\/\/secure.gravatar.com\/avatar\/02cf8a7906b8cf90cecb4679defac7cfd33a1c2e3b88e4903d947f3bb58eedd3?s=96&d=mm&r=g","caption":"hegyizs"},"url":"https:\/\/www.welovecycling.com\/hu\/author\/hegyizs\/"}]}},"_links":{"self":[{"href":"https:\/\/www.welovecycling.com\/hu\/wp-json\/wp\/v2\/posts\/18677","targetHints":{"allow":["GET"]}}],"collection":[{"href":"https:\/\/www.welovecycling.com\/hu\/wp-json\/wp\/v2\/posts"}],"about":[{"href":"https:\/\/www.welovecycling.com\/hu\/wp-json\/wp\/v2\/types\/post"}],"author":[{"embeddable":true,"href":"https:\/\/www.welovecycling.com\/hu\/wp-json\/wp\/v2\/users\/71"}],"replies":[{"embeddable":true,"href":"https:\/\/www.welovecycling.com\/hu\/wp-json\/wp\/v2\/comments?post=18677"}],"version-history":[{"count":2,"href":"https:\/\/www.welovecycling.com\/hu\/wp-json\/wp\/v2\/posts\/18677\/revisions"}],"predecessor-version":[{"id":18681,"href":"https:\/\/www.welovecycling.com\/hu\/wp-json\/wp\/v2\/posts\/18677\/revisions\/18681"}],"wp:featuredmedia":[{"embeddable":true,"href":"https:\/\/www.welovecycling.com\/hu\/wp-json\/wp\/v2\/media\/18680"}],"wp:attachment":[{"href":"https:\/\/www.welovecycling.com\/hu\/wp-json\/wp\/v2\/media?parent=18677"}],"wp:term":[{"taxonomy":"category","embeddable":true,"href":"https:\/\/www.welovecycling.com\/hu\/wp-json\/wp\/v2\/categories?post=18677"},{"taxonomy":"post_tag","embeddable":true,"href":"https:\/\/www.welovecycling.com\/hu\/wp-json\/wp\/v2\/tags?post=18677"},{"taxonomy":"global-categories","embeddable":true,"href":"https:\/\/www.welovecycling.com\/hu\/wp-json\/wp\/v2\/global-categories?post=18677"}],"curies":[{"name":"wp","href":"https:\/\/api.w.org\/{rel}","templated":true}]}}