{"id":18665,"date":"2024-08-07T16:20:05","date_gmt":"2024-08-07T14:20:05","guid":{"rendered":"https:\/\/www.welovecycling.com\/hu\/?p=18665"},"modified":"2024-08-07T16:20:05","modified_gmt":"2024-08-07T14:20:05","slug":"egy-elet-tortenete-van-ebben-a-negyedik-helyben","status":"publish","type":"post","link":"https:\/\/www.welovecycling.com\/hu\/orszaguti-kerekpar\/egy-elet-tortenete-van-ebben-a-negyedik-helyben\/","title":{"rendered":"\u201eEgy \u00e9let t\u00f6rt\u00e9nete van ebben a negyedik helyben!\u201d"},"content":{"rendered":"<p><strong>M\u00e1r itthon k\u00e9t p\u00e1rizsi bringah\u0151s\u00fcnk: az olimpi\u00e1n egyar\u00e1nt t\u00f6rt\u00e9nelmi negyedik helyet szerz\u0151 Valter Attila \u00e9s Vas Kata Blanka is kezdi felfogni, mit \u00e9rtek el a francia f\u0151v\u00e1rosban. <\/strong><\/p>\n<p><!--more--><\/p>\n<p>Amennyi \u00e9lm\u00e9nyt \u00e9s hihetetlen pillanatot adtak nek\u00fcnk az elm\u00falt \u00e9vekben, hogy m\u00e1r eddig is csak szuperlat\u00edvuszokban lehetett r\u00f3luk besz\u00e9lni, de Valter Attila \u00e9s Vas Kata Blanka P\u00e1rizsban m\u00e9g tov\u00e1bb \u00edrta a t\u00f6rt\u00e9nelmet.<\/p>\n<p>Magyar ker\u00e9kp\u00e1rrajong\u00f3 fejjel m\u00e9g mindig nehezen felfoghat\u00f3, hogy milyen mez\u0151nyben, milyen neveket megel\u0151zve v\u00e9geztek mindketten a negyedik helyen az olimpiai mez\u0151nyversenyben \u2013 ezt m\u00e9g most is szinte sz\u00fcrre\u00e1lis t\u00e9nyk\u00e9nt le\u00edrni. \u00c9s hab\u00e1r Vas Blanka a c\u00e9lba \u00e9r\u00e9s ut\u00e1n m\u00e9g csal\u00f3dott is volt (ami persze \u00e9rthet\u0151, ha azt vessz\u00fck, hogy sok\u00e1ig vezette a versenyt, \u00e9s v\u00e9g\u00fcl sz\u00f3 szerint centikkel maradt csak le a dobog\u00f3r\u00f3l), az\u00e9rt aludva n\u00e9h\u00e1nyat a t\u00f6rt\u00e9netekre m\u00e1r \u0151 is b\u00fcszke \u00e9s el\u00e9gedett, ezt a <a href=\"https:\/\/bringasport.hu\/2024\/08\/06\/hoseink-tegnap-hazajottek-penteken-ertekelnek\/\">Bringasportnak<\/a> meg is er\u0151s\u00edtette haza\u00e9rkez\u00e9s\u00fck alkalm\u00e1b\u00f3l.<\/p>\n<figure id=\"attachment_18668\" aria-describedby=\"caption-attachment-18668\" style=\"width: 1440px\" class=\"wp-caption alignnone\"><a href=\"https:\/\/d2p6e6u75xmxt8.cloudfront.net\/12\/2024\/08\/454349719_18460424581021867_6062804041452408540_n.webp\"><img loading=\"lazy\" decoding=\"async\" class=\"size-full wp-image-18668\" src=\"https:\/\/d2p6e6u75xmxt8.cloudfront.net\/12\/2024\/08\/454349719_18460424581021867_6062804041452408540_n.webp\" alt=\"\" width=\"1440\" height=\"1800\" srcset=\"https:\/\/d2p6e6u75xmxt8.cloudfront.net\/12\/2024\/08\/454349719_18460424581021867_6062804041452408540_n.webp 1440w, https:\/\/d2p6e6u75xmxt8.cloudfront.net\/12\/2024\/08\/454349719_18460424581021867_6062804041452408540_n-240x300.webp 240w, https:\/\/d2p6e6u75xmxt8.cloudfront.net\/12\/2024\/08\/454349719_18460424581021867_6062804041452408540_n-819x1024.webp 819w, https:\/\/d2p6e6u75xmxt8.cloudfront.net\/12\/2024\/08\/454349719_18460424581021867_6062804041452408540_n-768x960.webp 768w, https:\/\/d2p6e6u75xmxt8.cloudfront.net\/12\/2024\/08\/454349719_18460424581021867_6062804041452408540_n-1229x1536.webp 1229w, https:\/\/d2p6e6u75xmxt8.cloudfront.net\/12\/2024\/08\/454349719_18460424581021867_6062804041452408540_n-320x400.webp 320w\" sizes=\"auto, (max-width: 1440px) 100vw, 1440px\" \/><\/a><figcaption id=\"caption-attachment-18668\" class=\"wp-caption-text\">Az a bizonyos szalmasz\u00e1l \u2013 ennyi hi\u00e1nyzott Vas Blank\u00e1nak az \u00e9remhez\u2026 (forr\u00e1s: Facebook\/Blanka Vas)<\/figcaption><\/figure>\n<p>Merthogy p\u00e1rizsi bringah\u0151seink m\u00e1r meg\u00e9rkeztek Magyarorsz\u00e1gra, \u00e9s jelentkeztek is egy friss \u00e9lm\u00e9nybesz\u00e1mol\u00f3val. Valter Ati ugyanitt <a href=\"https:\/\/youtu.be\/JHX-wzP0QfM\">elmondta<\/a>, most m\u00e1r az\u00e9rt lassacsk\u00e1n \u201ekezdi egyre jobban elhinni, hogy ez t\u00e9nyleg megt\u00f6rt\u00e9nt\u201d, majd saj\u00e1t k\u00f6z\u00f6ss\u00e9gi oldal\u00e1n is <a href=\"https:\/\/www.facebook.com\/permalink.php?story_fbid=pfbid02nhPQtP6Y98GwW6RtwHA2C6e4b2HG5pTGUSJBFNeYx6d8cndQmWbtgU9MDsMofQgKl&amp;id=100063776644112\">megosztotta<\/a> a fej\u00e9ben kavarg\u00f3 gondolatokat \u2013 mint \u00edrta, rengeteg a mes\u00e9lnival\u00f3ja, hiszen egy \u00e9let t\u00f6rt\u00e9nete van ebben a negyedik helyben. Mag\u00e1ra a versenyre \u00edgy eml\u00e9kezett vissza: <em>\u201eSokszor el\u0151fordult m\u00e1r, hogy hezit\u00e1lok \u00e9s v\u00e1rok egy m\u00e9g jobb pillanatra, most viszont pontosan tudtam mit mi\u00e9rt csin\u00e1lok. Nem stresszeltem a t\u00e1mad\u00e1sok miatt. A \u201ckisebb\u201d mez h\u00e1tr\u00e1ny\u00e1t pr\u00f3b\u00e1ltam el\u0151nny\u00e9 ford\u00edtani, mindig hagyni, hogy m\u00e1sok z\u00e1rj\u00e1k \u00f6ssze a sorokat. \u00cdgy telt a verseny a k\u00f6r\u00f6z\u00e9s fel\u00e9ig, ahonnan m\u00e1r \u00e9n is r\u00e1kapcsoltam \u00e9s egyre akt\u00edvabban mentem. Tudtam, hogy a legnagyobb nevek mindenk\u00e9pp ott akarnak lenni a v\u00e9gj\u00e1t\u00e9kban, ez\u00e9rt pr\u00f3b\u00e1ltam mindig \u0151ket magam el\u0151tt tudni. Ez egy ideig mindenk\u00e9pp j\u00f3 taktika volt, viszont a favoritok elkezdt\u00e9k t\u00falzottan is egym\u00e1st figyelni. Siker\u00fclt megsp\u00f3rolni annyi energi\u00e1t, hogy az utols\u00f3 k\u00f6rre maradjon el\u00e9g. Tudtam, hogy m\u00e1r van egy p\u00e1r csoport el\u0151ttem, de az utols\u00f3 15km-ben m\u00e1r mindent kiadhat az ember. Az utols\u00f3 el\u0151tti emelked\u0151n el\u0151sz\u00f6r Pedersennel c\u00e9loztuk meg az el\u0151tt\u00fcnk teker\u0151 p\u00e1rost, ide viszont valahogy m\u00e1r csak egyed\u00fcl \u00e9rtem. Skujins \u00e9s Vacek h\u00e1rmassal gyorsan az utols\u00f3 macskak\u00f6ves emelked\u0151n tal\u00e1ltuk magunk, ahol siker\u00fclt utol\u00e9rni a k\u00f6vetkez\u0151 csoportot, \u00edgy m\u00e1r kezdhettem b\u00edzni egy top 10-es eredm\u00e9nyben is. Az utols\u00f3 2 kilom\u00e9terben utol\u00e9rt\u00fck az utols\u00f3 bolyt is, el sem hittem. \u00c9rem\u00e9rt sprintel\u00fcnk! Tal\u00e1n van el\u0151tt\u00fcnk valaki m\u00e1s is. Nem sz\u00e1m\u00edt, ki kell hozni a legjobbat ebb\u0151l. Nem tudom mi s\u00fagta, hogy b\u00edzzak a sprintben, ami m\u00e1r annyiszor beugratott, most viszont bej\u00f6tt! Laporte-tal m\u00e1r nem tudtam felvenni a l\u00e9p\u00e9st, a t\u00f6bbieket viszont megel\u0151ztem.\u201d<\/em><\/p>\n<figure id=\"attachment_18669\" aria-describedby=\"caption-attachment-18669\" style=\"width: 2048px\" class=\"wp-caption alignnone\"><a href=\"https:\/\/d2p6e6u75xmxt8.cloudfront.net\/12\/2024\/08\/453779851_985356796933533_7881780694675665524_n.webp\"><img loading=\"lazy\" decoding=\"async\" class=\"size-full wp-image-18669\" src=\"https:\/\/d2p6e6u75xmxt8.cloudfront.net\/12\/2024\/08\/453779851_985356796933533_7881780694675665524_n.webp\" alt=\"\" width=\"2048\" height=\"1342\" srcset=\"https:\/\/d2p6e6u75xmxt8.cloudfront.net\/12\/2024\/08\/453779851_985356796933533_7881780694675665524_n.webp 2048w, https:\/\/d2p6e6u75xmxt8.cloudfront.net\/12\/2024\/08\/453779851_985356796933533_7881780694675665524_n-300x197.webp 300w, https:\/\/d2p6e6u75xmxt8.cloudfront.net\/12\/2024\/08\/453779851_985356796933533_7881780694675665524_n-1024x671.webp 1024w, https:\/\/d2p6e6u75xmxt8.cloudfront.net\/12\/2024\/08\/453779851_985356796933533_7881780694675665524_n-768x503.webp 768w, https:\/\/d2p6e6u75xmxt8.cloudfront.net\/12\/2024\/08\/453779851_985356796933533_7881780694675665524_n-1536x1007.webp 1536w, https:\/\/d2p6e6u75xmxt8.cloudfront.net\/12\/2024\/08\/453779851_985356796933533_7881780694675665524_n-1920x1258.webp 1920w, https:\/\/d2p6e6u75xmxt8.cloudfront.net\/12\/2024\/08\/453779851_985356796933533_7881780694675665524_n-400x262.webp 400w, https:\/\/d2p6e6u75xmxt8.cloudfront.net\/12\/2024\/08\/453779851_985356796933533_7881780694675665524_n-1920x1258.webp 1920w\" sizes=\"auto, (max-width: 2048px) 100vw, 2048px\" \/><\/a><figcaption id=\"caption-attachment-18669\" class=\"wp-caption-text\">forr\u00e1s: Facebook\/Attila Valter<\/figcaption><\/figure>\n<p>A Visma klasszisa azt is meger\u0151s\u00edtette, miut\u00e1n csoportr\u00f3l csoportra j\u00f6tt el\u0151re, a v\u00e9g\u00e9n eleinte nem is tudta pontosan, h\u00e1nyadik hely\u00e9rt megy: \u201e<em>Nem, nem tudtam h\u00e1nyan vannak el\u0151ttem. L\u00e1ttam a m\u00e1sodik francia versenyz\u0151t, majd az el\u0151ttem l\u00e9v\u0151t is \u00e9s nagyon b\u00edztam a bronzban. Majd megl\u00e1ttam Remcot is. Szerencs\u00e9re nem \u00e9ltem teljesen bele magam az \u00e9rembe, ez\u00e9rt nem \u00e9ltem meg rosszul, hogy a nevem mellett a negyedik hely szerepel. A kezemet is emeltem a c\u00e9lban, nem tudva h\u00e1nyadik lettem. A k\u00e9zemel\u00e9s magamnak sz\u00f3lt, a teljes\u00edtm\u00e9nyemnek, annak, hogy meg tudtam mutatni ami bennem van. Akkor is emeltem volna ha 5. vagyok \u00e9s akkor is, ha 10. Mert v\u00e9gre teljesen b\u00fcszke voltam magamra. Egy elk\u00e9peszt\u0151 nap volt, m\u00e9g mindig nem fogtam fel teljesen.\u201d<\/em><\/p>\n<p>Term\u00e9szetesen az egy nappal k\u00e9s\u0151bb a n\u0151kn\u00e9l v\u00e9g\u00fcl az \u0151 brav\u00faros eredm\u00e9ny\u00e9t megism\u00e9tl\u0151 Vas Blank\u00e1ra is kit\u00e9rt: \u201e<em>Az Eiffel-torony l\u00e1b\u00e1n\u00e1l n\u00e9zni, ahogy az arany\u00e9rt megy, b\u00e1mulatosan versenyezve, hidegr\u00e1z\u00f3s volt. Pont ugyan\u00fagy \u00e9letre sz\u00f3l\u00f3 \u00e9lm\u00e9ny, mint a saj\u00e1t futamom. <\/em><em>\ud83d\ude4c\ud83c\udffb <\/em><em>A v\u00e1rtn\u00e1l sokkal t\u00f6bbet adott ez az Olimpia nekem is \u00e9s a ker\u00e9kp\u00e1rsportnak is. Mindig mosolyogva fogok visszagondolni ezekre a napokra! <\/em><em>Nagyon, nagyon, nagyon k\u00f6sz\u00f6n\u00f6m azt a brut\u00e1lis t\u00e1mogat\u00e1st amit t\u0151letek kaptunk! <\/em><em>\ud83d\ude4c\ud83c\udffb <\/em><em>Hajr\u00e1, magyarok!\u201d<\/em><\/p>\n<p>Mi b\u00fcszk\u00e9bbek nem is lehetn\u00e9nk, k\u00e9t \u00f6tkarik\u00e1s h\u0151s\u00fcnk pedig p\u00e9nteken egy sajt\u00f3t\u00e1j\u00e9koztat\u00f3 keret\u00e9ben val\u00f3sz\u00edn\u0171leg m\u00e9g t\u00f6bbet el\u00e1rul majd a p\u00e1rizsi kulisszatitkokr\u00f3l!<\/p>\n","protected":false},"excerpt":{"rendered":"<p>M\u00e1r itthon k\u00e9t p\u00e1rizsi bringah\u0151s\u00fcnk: az olimpi\u00e1n egyar\u00e1nt t\u00f6rt\u00e9nelmi negyedik helyet szerz\u0151 Valter Attila \u00e9s Vas Kata Blanka is kezdi [&hellip;]<\/p>\n","protected":false},"author":145,"featured_media":18672,"comment_status":"open","ping_status":"open","sticky":false,"template":"","format":"standard","meta":{"footnotes":""},"categories":[8],"tags":[],"global-categories":[419],"class_list":["post-18665","post","type-post","status-publish","format-standard","has-post-thumbnail","hentry","category-orszaguti-kerekpar","global-categories-cycling"],"yoast_head":"<!-- This site is optimized with the Yoast SEO Premium plugin v25.3 (Yoast SEO v25.9) - https:\/\/yoast.com\/wordpress\/plugins\/seo\/ -->\n<title>\u201eEgy \u00e9let t\u00f6rt\u00e9nete van ebben a negyedik helyben!\u201d - \u0160koda We Love Cycling - Magyarorsz\u00e1g<\/title>\n<meta name=\"description\" content=\"M\u00e1r itthon k\u00e9t p\u00e1rizsi bringah\u0151s\u00fcnk: az olimpi\u00e1n egyar\u00e1nt t\u00f6rt\u00e9nelmi negyedik helyet szerz\u0151 Valter Attila \u00e9s Vas Kata Blanka is kezdi felfogni, mit \u00e9rtek el a francia f\u0151v\u00e1rosban.\" \/>\n<meta name=\"robots\" content=\"index, follow, max-snippet:-1, max-image-preview:large, max-video-preview:-1\" \/>\n<link rel=\"canonical\" href=\"https:\/\/www.welovecycling.com\/hu\/orszaguti-kerekpar\/egy-elet-tortenete-van-ebben-a-negyedik-helyben\/\" \/>\n<meta property=\"og:locale\" content=\"hu_HU\" \/>\n<meta property=\"og:type\" content=\"article\" \/>\n<meta property=\"og:title\" content=\"\u201eEgy \u00e9let t\u00f6rt\u00e9nete van ebben a negyedik helyben!\u201d\" \/>\n<meta property=\"og:description\" content=\"M\u00e1r itthon k\u00e9t p\u00e1rizsi bringah\u0151s\u00fcnk: az olimpi\u00e1n egyar\u00e1nt t\u00f6rt\u00e9nelmi negyedik helyet szerz\u0151 Valter Attila \u00e9s Vas Kata Blanka is kezdi felfogni, mit \u00e9rtek el a francia f\u0151v\u00e1rosban.\" \/>\n<meta property=\"og:url\" content=\"https:\/\/www.welovecycling.com\/hu\/orszaguti-kerekpar\/egy-elet-tortenete-van-ebben-a-negyedik-helyben\/\" \/>\n<meta property=\"og:site_name\" content=\"\u0160koda We Love Cycling - Magyarorsz\u00e1g\" \/>\n<meta property=\"article:publisher\" content=\"https:\/\/www.facebook.com\/WeLoveCyclingHungary\/\" \/>\n<meta property=\"article:published_time\" content=\"2024-08-07T14:20:05+00:00\" \/>\n<meta property=\"og:image\" content=\"https:\/\/d2p6e6u75xmxt8.cloudfront.net\/12\/2024\/08\/1627372032-AMQ9EOLqz_md.webp\" \/>\n\t<meta property=\"og:image:width\" content=\"1200\" \/>\n\t<meta property=\"og:image:height\" content=\"675\" \/>\n\t<meta property=\"og:image:type\" content=\"image\/webp\" \/>\n<meta name=\"author\" content=\"kitti\" \/>\n<meta name=\"twitter:card\" content=\"summary_large_image\" \/>\n<meta name=\"twitter:label1\" content=\"Written by\" \/>\n\t<meta name=\"twitter:data1\" content=\"We Love Cycling\" \/>\n\t<meta name=\"twitter:label2\" content=\"Est. reading time\" \/>\n\t<meta name=\"twitter:data2\" content=\"5 minutes\" \/>\n<script type=\"application\/ld+json\" class=\"yoast-schema-graph\">{\"@context\":\"https:\/\/schema.org\",\"@graph\":[{\"@type\":\"WebPage\",\"@id\":\"https:\/\/www.welovecycling.com\/hu\/orszaguti-kerekpar\/egy-elet-tortenete-van-ebben-a-negyedik-helyben\/\",\"url\":\"https:\/\/www.welovecycling.com\/hu\/orszaguti-kerekpar\/egy-elet-tortenete-van-ebben-a-negyedik-helyben\/\",\"name\":\"\u201eEgy \u00e9let t\u00f6rt\u00e9nete van ebben a negyedik helyben!\u201d - \u0160koda We Love Cycling - Magyarorsz\u00e1g\",\"isPartOf\":{\"@id\":\"https:\/\/www.welovecycling.com\/hu\/#website\"},\"primaryImageOfPage\":{\"@id\":\"https:\/\/www.welovecycling.com\/hu\/orszaguti-kerekpar\/egy-elet-tortenete-van-ebben-a-negyedik-helyben\/#primaryimage\"},\"image\":{\"@id\":\"https:\/\/www.welovecycling.com\/hu\/orszaguti-kerekpar\/egy-elet-tortenete-van-ebben-a-negyedik-helyben\/#primaryimage\"},\"thumbnailUrl\":\"https:\/\/d2p6e6u75xmxt8.cloudfront.net\/12\/2024\/08\/1627372032-AMQ9EOLqz_md.webp\",\"datePublished\":\"2024-08-07T14:20:05+00:00\",\"author\":{\"@id\":\"https:\/\/www.welovecycling.com\/hu\/#\/schema\/person\/bec7dcdbcc59f58489cf603e4040ced1\"},\"description\":\"M\u00e1r itthon k\u00e9t p\u00e1rizsi bringah\u0151s\u00fcnk: az olimpi\u00e1n egyar\u00e1nt t\u00f6rt\u00e9nelmi negyedik helyet szerz\u0151 Valter Attila \u00e9s Vas Kata Blanka is kezdi felfogni, mit \u00e9rtek el a francia f\u0151v\u00e1rosban.\",\"breadcrumb\":{\"@id\":\"https:\/\/www.welovecycling.com\/hu\/orszaguti-kerekpar\/egy-elet-tortenete-van-ebben-a-negyedik-helyben\/#breadcrumb\"},\"inLanguage\":\"hu\",\"potentialAction\":[{\"@type\":\"ReadAction\",\"target\":[\"https:\/\/www.welovecycling.com\/hu\/orszaguti-kerekpar\/egy-elet-tortenete-van-ebben-a-negyedik-helyben\/\"]}]},{\"@type\":\"ImageObject\",\"inLanguage\":\"hu\",\"@id\":\"https:\/\/www.welovecycling.com\/hu\/orszaguti-kerekpar\/egy-elet-tortenete-van-ebben-a-negyedik-helyben\/#primaryimage\",\"url\":\"https:\/\/d2p6e6u75xmxt8.cloudfront.net\/12\/2024\/08\/1627372032-AMQ9EOLqz_md.webp\",\"contentUrl\":\"https:\/\/d2p6e6u75xmxt8.cloudfront.net\/12\/2024\/08\/1627372032-AMQ9EOLqz_md.webp\",\"width\":1200,\"height\":675},{\"@type\":\"BreadcrumbList\",\"@id\":\"https:\/\/www.welovecycling.com\/hu\/orszaguti-kerekpar\/egy-elet-tortenete-van-ebben-a-negyedik-helyben\/#breadcrumb\",\"itemListElement\":[{\"@type\":\"ListItem\",\"position\":1,\"name\":\"Home\",\"item\":\"https:\/\/www.welovecycling.com\/hu\/\"},{\"@type\":\"ListItem\",\"position\":2,\"name\":\"\u201eEgy \u00e9let t\u00f6rt\u00e9nete van ebben a negyedik helyben!\u201d\"}]},{\"@type\":\"WebSite\",\"@id\":\"https:\/\/www.welovecycling.com\/hu\/#website\",\"url\":\"https:\/\/www.welovecycling.com\/hu\/\",\"name\":\"\u0160koda We Love Cycling - Magyarorsz\u00e1g\",\"description\":\"\u0160koda WeLoveCycling\",\"potentialAction\":[{\"@type\":\"SearchAction\",\"target\":{\"@type\":\"EntryPoint\",\"urlTemplate\":\"https:\/\/www.welovecycling.com\/hu\/?s={search_term_string}\"},\"query-input\":{\"@type\":\"PropertyValueSpecification\",\"valueRequired\":true,\"valueName\":\"search_term_string\"}}],\"inLanguage\":\"hu\"},{\"@type\":\"Person\",\"@id\":\"https:\/\/www.welovecycling.com\/hu\/#\/schema\/person\/bec7dcdbcc59f58489cf603e4040ced1\",\"name\":\"kitti\",\"image\":{\"@type\":\"ImageObject\",\"inLanguage\":\"hu\",\"@id\":\"https:\/\/www.welovecycling.com\/hu\/#\/schema\/person\/image\/\",\"url\":\"https:\/\/secure.gravatar.com\/avatar\/e3196a110e1b57b96f56d92d10ce9bb4e9d7210076832a16243337e949410b52?s=96&d=mm&r=g\",\"contentUrl\":\"https:\/\/secure.gravatar.com\/avatar\/e3196a110e1b57b96f56d92d10ce9bb4e9d7210076832a16243337e949410b52?s=96&d=mm&r=g\",\"caption\":\"kitti\"},\"url\":\"https:\/\/www.welovecycling.com\/hu\/author\/kitti\/\"}]}<\/script>\n<!-- \/ Yoast SEO Premium plugin. -->","yoast_head_json":{"title":"\u201eEgy \u00e9let t\u00f6rt\u00e9nete van ebben a negyedik helyben!\u201d - \u0160koda We Love Cycling - Magyarorsz\u00e1g","description":"M\u00e1r itthon k\u00e9t p\u00e1rizsi bringah\u0151s\u00fcnk: az olimpi\u00e1n egyar\u00e1nt t\u00f6rt\u00e9nelmi negyedik helyet szerz\u0151 Valter Attila \u00e9s Vas Kata Blanka is kezdi felfogni, mit \u00e9rtek el a francia f\u0151v\u00e1rosban.","robots":{"index":"index","follow":"follow","max-snippet":"max-snippet:-1","max-image-preview":"max-image-preview:large","max-video-preview":"max-video-preview:-1"},"canonical":"https:\/\/www.welovecycling.com\/hu\/orszaguti-kerekpar\/egy-elet-tortenete-van-ebben-a-negyedik-helyben\/","og_locale":"hu_HU","og_type":"article","og_title":"\u201eEgy \u00e9let t\u00f6rt\u00e9nete van ebben a negyedik helyben!\u201d","og_description":"M\u00e1r itthon k\u00e9t p\u00e1rizsi bringah\u0151s\u00fcnk: az olimpi\u00e1n egyar\u00e1nt t\u00f6rt\u00e9nelmi negyedik helyet szerz\u0151 Valter Attila \u00e9s Vas Kata Blanka is kezdi felfogni, mit \u00e9rtek el a francia f\u0151v\u00e1rosban.","og_url":"https:\/\/www.welovecycling.com\/hu\/orszaguti-kerekpar\/egy-elet-tortenete-van-ebben-a-negyedik-helyben\/","og_site_name":"\u0160koda We Love Cycling - Magyarorsz\u00e1g","article_publisher":"https:\/\/www.facebook.com\/WeLoveCyclingHungary\/","article_published_time":"2024-08-07T14:20:05+00:00","og_image":[{"width":1200,"height":675,"url":"https:\/\/d2p6e6u75xmxt8.cloudfront.net\/12\/2024\/08\/1627372032-AMQ9EOLqz_md.webp","type":"image\/webp"}],"author":"kitti","twitter_card":"summary_large_image","twitter_misc":{"Written by":"We Love Cycling","Est. reading time":"5 minutes"},"schema":{"@context":"https:\/\/schema.org","@graph":[{"@type":"WebPage","@id":"https:\/\/www.welovecycling.com\/hu\/orszaguti-kerekpar\/egy-elet-tortenete-van-ebben-a-negyedik-helyben\/","url":"https:\/\/www.welovecycling.com\/hu\/orszaguti-kerekpar\/egy-elet-tortenete-van-ebben-a-negyedik-helyben\/","name":"\u201eEgy \u00e9let t\u00f6rt\u00e9nete van ebben a negyedik helyben!\u201d - \u0160koda We Love Cycling - Magyarorsz\u00e1g","isPartOf":{"@id":"https:\/\/www.welovecycling.com\/hu\/#website"},"primaryImageOfPage":{"@id":"https:\/\/www.welovecycling.com\/hu\/orszaguti-kerekpar\/egy-elet-tortenete-van-ebben-a-negyedik-helyben\/#primaryimage"},"image":{"@id":"https:\/\/www.welovecycling.com\/hu\/orszaguti-kerekpar\/egy-elet-tortenete-van-ebben-a-negyedik-helyben\/#primaryimage"},"thumbnailUrl":"https:\/\/d2p6e6u75xmxt8.cloudfront.net\/12\/2024\/08\/1627372032-AMQ9EOLqz_md.webp","datePublished":"2024-08-07T14:20:05+00:00","author":{"@id":"https:\/\/www.welovecycling.com\/hu\/#\/schema\/person\/bec7dcdbcc59f58489cf603e4040ced1"},"description":"M\u00e1r itthon k\u00e9t p\u00e1rizsi bringah\u0151s\u00fcnk: az olimpi\u00e1n egyar\u00e1nt t\u00f6rt\u00e9nelmi negyedik helyet szerz\u0151 Valter Attila \u00e9s Vas Kata Blanka is kezdi felfogni, mit \u00e9rtek el a francia f\u0151v\u00e1rosban.","breadcrumb":{"@id":"https:\/\/www.welovecycling.com\/hu\/orszaguti-kerekpar\/egy-elet-tortenete-van-ebben-a-negyedik-helyben\/#breadcrumb"},"inLanguage":"hu","potentialAction":[{"@type":"ReadAction","target":["https:\/\/www.welovecycling.com\/hu\/orszaguti-kerekpar\/egy-elet-tortenete-van-ebben-a-negyedik-helyben\/"]}]},{"@type":"ImageObject","inLanguage":"hu","@id":"https:\/\/www.welovecycling.com\/hu\/orszaguti-kerekpar\/egy-elet-tortenete-van-ebben-a-negyedik-helyben\/#primaryimage","url":"https:\/\/d2p6e6u75xmxt8.cloudfront.net\/12\/2024\/08\/1627372032-AMQ9EOLqz_md.webp","contentUrl":"https:\/\/d2p6e6u75xmxt8.cloudfront.net\/12\/2024\/08\/1627372032-AMQ9EOLqz_md.webp","width":1200,"height":675},{"@type":"BreadcrumbList","@id":"https:\/\/www.welovecycling.com\/hu\/orszaguti-kerekpar\/egy-elet-tortenete-van-ebben-a-negyedik-helyben\/#breadcrumb","itemListElement":[{"@type":"ListItem","position":1,"name":"Home","item":"https:\/\/www.welovecycling.com\/hu\/"},{"@type":"ListItem","position":2,"name":"\u201eEgy \u00e9let t\u00f6rt\u00e9nete van ebben a negyedik helyben!\u201d"}]},{"@type":"WebSite","@id":"https:\/\/www.welovecycling.com\/hu\/#website","url":"https:\/\/www.welovecycling.com\/hu\/","name":"\u0160koda We Love Cycling - Magyarorsz\u00e1g","description":"\u0160koda WeLoveCycling","potentialAction":[{"@type":"SearchAction","target":{"@type":"EntryPoint","urlTemplate":"https:\/\/www.welovecycling.com\/hu\/?s={search_term_string}"},"query-input":{"@type":"PropertyValueSpecification","valueRequired":true,"valueName":"search_term_string"}}],"inLanguage":"hu"},{"@type":"Person","@id":"https:\/\/www.welovecycling.com\/hu\/#\/schema\/person\/bec7dcdbcc59f58489cf603e4040ced1","name":"kitti","image":{"@type":"ImageObject","inLanguage":"hu","@id":"https:\/\/www.welovecycling.com\/hu\/#\/schema\/person\/image\/","url":"https:\/\/secure.gravatar.com\/avatar\/e3196a110e1b57b96f56d92d10ce9bb4e9d7210076832a16243337e949410b52?s=96&d=mm&r=g","contentUrl":"https:\/\/secure.gravatar.com\/avatar\/e3196a110e1b57b96f56d92d10ce9bb4e9d7210076832a16243337e949410b52?s=96&d=mm&r=g","caption":"kitti"},"url":"https:\/\/www.welovecycling.com\/hu\/author\/kitti\/"}]}},"_links":{"self":[{"href":"https:\/\/www.welovecycling.com\/hu\/wp-json\/wp\/v2\/posts\/18665","targetHints":{"allow":["GET"]}}],"collection":[{"href":"https:\/\/www.welovecycling.com\/hu\/wp-json\/wp\/v2\/posts"}],"about":[{"href":"https:\/\/www.welovecycling.com\/hu\/wp-json\/wp\/v2\/types\/post"}],"author":[{"embeddable":true,"href":"https:\/\/www.welovecycling.com\/hu\/wp-json\/wp\/v2\/users\/145"}],"replies":[{"embeddable":true,"href":"https:\/\/www.welovecycling.com\/hu\/wp-json\/wp\/v2\/comments?post=18665"}],"version-history":[{"count":2,"href":"https:\/\/www.welovecycling.com\/hu\/wp-json\/wp\/v2\/posts\/18665\/revisions"}],"predecessor-version":[{"id":18673,"href":"https:\/\/www.welovecycling.com\/hu\/wp-json\/wp\/v2\/posts\/18665\/revisions\/18673"}],"wp:featuredmedia":[{"embeddable":true,"href":"https:\/\/www.welovecycling.com\/hu\/wp-json\/wp\/v2\/media\/18672"}],"wp:attachment":[{"href":"https:\/\/www.welovecycling.com\/hu\/wp-json\/wp\/v2\/media?parent=18665"}],"wp:term":[{"taxonomy":"category","embeddable":true,"href":"https:\/\/www.welovecycling.com\/hu\/wp-json\/wp\/v2\/categories?post=18665"},{"taxonomy":"post_tag","embeddable":true,"href":"https:\/\/www.welovecycling.com\/hu\/wp-json\/wp\/v2\/tags?post=18665"},{"taxonomy":"global-categories","embeddable":true,"href":"https:\/\/www.welovecycling.com\/hu\/wp-json\/wp\/v2\/global-categories?post=18665"}],"curies":[{"name":"wp","href":"https:\/\/api.w.org\/{rel}","templated":true}]}}