{"id":18658,"date":"2024-08-09T08:00:02","date_gmt":"2024-08-09T06:00:02","guid":{"rendered":"https:\/\/www.welovecycling.com\/hu\/?p=18658"},"modified":"2024-08-02T15:27:01","modified_gmt":"2024-08-02T13:27:01","slug":"csaladi-bringatura-firenzeben-tekerjetek-a-fagyikert","status":"publish","type":"post","link":"https:\/\/www.welovecycling.com\/hu\/csalad\/csaladi-bringatura-firenzeben-tekerjetek-a-fagyikert\/","title":{"rendered":"Csal\u00e1di bringat\u00fara Firenz\u00e9ben: Tekerjetek a fagyik\u00e9rt!"},"content":{"rendered":"<p><strong>A v\u00e1ros, amely olyan h\u00edres gazdag t\u00f6rt\u00e9nelm\u00e9r\u0151l, leny\u0171g\u00f6z\u0151 \u00e9p\u00edt\u00e9szet\u00e9r\u0151l \u00e9s vibr\u00e1l\u00f3 kult\u00far\u00e1j\u00e1r\u00f3l, id\u00e9n m\u00e9g t\u00f6bb biciklist vonzott mag\u00e1hoz, hiszen innen indult a Tour de France. A rangos esem\u00e9ny izgalma m\u00e9g mindig ott vibr\u00e1l a leveg\u0151ben, \u00edgy nincs is jobb id\u0151pont arra, hogy ti is elinduljatok felfedezni Firenz\u00e9t. A h\u00edres nevezetess\u00e9gek kipip\u00e1l\u00e1s\u00e1n t\u00fal belemer\u00fclhettek a helyi \u00e9letst\u00edlusba, meg\u00edzlelhetitek a helyi kulin\u00e1ris \u00e9lvezeteket, \u00e9s felfedezhetitek a kev\u00e9sb\u00e9 ismert gy\u00f6ngyszemeket is. \u00cdme egy \u00fatmutat\u00f3, hogy a legt\u00f6bbet hozhass\u00e1tok ki firenzei utatokb\u00f3l!<\/strong><\/p>\n<p><!--more--><\/p>\n<h2><strong>\u00c1ttekerni a t\u00f6rt\u00e9nelem korszakain<\/strong><\/h2>\n<p>Firenze t\u00f6rt\u00e9nelmi k\u00f6zpontja az UNESCO Vil\u00e1g\u00f6r\u00f6ks\u00e9g r\u00e9sze, \u00e9s a keskeny, macskak\u00f6ves utc\u00e1kon ker\u00e9kp\u00e1rozni olyan, mintha egy szabadt\u00e9ri m\u00fazeumban j\u00e1rn\u00e1nk. Kezdj\u00e9tek az utat az ikonikus Piazza del Duom\u00f3n\u00e1l. Parkolj\u00e1tok le a bring\u00e1kat, \u00e9s csod\u00e1lj\u00e1tok meg a Santa Maria del Fiore katedr\u00e1list, a Keresztel\u0151k\u00e1poln\u00e1t \u00e9s a Giotto harangtorny\u00e1n az \u00f6sszes apr\u00f3 r\u00e9szletet. Ha m\u00e1r id\u0151sebbek a gyerekek, \u00e9rdemes megm\u00e1szni a 463 l\u00e9pcs\u0151t a kupola tetej\u00e9ig, ahonnan l\u00e9legzetel\u00e1ll\u00edt\u00f3 kil\u00e1t\u00e1s ny\u00edlik a v\u00e1rosra.<\/p>\n<h2><strong>Firezne m\u0171v\u00e9sznegyede, az Oltrarno<\/strong><\/h2>\n<p>Ha \u00e1tkeltek \u00e1t a Ponte Vecchi\u00f3n, a v\u00e1ros legr\u00e9gebbi h\u00eddj\u00e1n, az Oltrarno ker\u00fcletbe juttok. Ez a ter\u00fclet h\u00edres k\u00e9zm\u0171ves m\u0171helyeir\u0151l \u00e9s kev\u00e9sb\u00e9 zs\u00fafolt utc\u00e1ir\u00f3l, amelyek t\u00f6k\u00e9letesek egy kellemes csal\u00e1di bicikliz\u00e9shez. L\u00e1togass\u00e1tok meg a Piazza Santo Spirit\u00f3t, ahol le tudj\u00e1tok z\u00e1rni a bicikliket, \u00e9s fedezz\u00e9tek fel a helyi piacokat, a furcsa boltokat \u00e9s vid\u00e1m k\u00e1v\u00e9z\u00f3kat! Ne hagyj\u00e1tok ki a lehet\u0151s\u00e9get, hogy megfigyelj\u00e9tek a helyi m\u0171v\u00e9szeket munka k\u00f6zben, akik b\u0151r\u00e1rukat \u00e9s m\u00e1rv\u00e1nyozott pap\u00edrokat k\u00e9sz\u00edtenek.<\/p>\n<h2><strong>Bicikliz\u00e9s az Arno foly\u00f3 ment\u00e9n<\/strong><\/h2>\n<figure id=\"attachment_18659\" aria-describedby=\"caption-attachment-18659\" style=\"width: 990px\" class=\"wp-caption alignnone\"><a style=\"font-family: Georgia, 'Times New Roman', 'Bitstream Charter', Times, serif;\" href=\"https:\/\/d2p6e6u75xmxt8.cloudfront.net\/12\/2024\/08\/Firenze-Arno-profimedia-0890521734.webp\"><img loading=\"lazy\" decoding=\"async\" class=\"wp-image-18659 size-full\" src=\"https:\/\/d2p6e6u75xmxt8.cloudfront.net\/12\/2024\/08\/Firenze-Arno-profimedia-0890521734.webp\" alt=\"Arno\" width=\"990\" height=\"660\" srcset=\"https:\/\/d2p6e6u75xmxt8.cloudfront.net\/12\/2024\/08\/Firenze-Arno-profimedia-0890521734.webp 990w, https:\/\/d2p6e6u75xmxt8.cloudfront.net\/12\/2024\/08\/Firenze-Arno-profimedia-0890521734-300x200.webp 300w, https:\/\/d2p6e6u75xmxt8.cloudfront.net\/12\/2024\/08\/Firenze-Arno-profimedia-0890521734-768x512.webp 768w, https:\/\/d2p6e6u75xmxt8.cloudfront.net\/12\/2024\/08\/Firenze-Arno-profimedia-0890521734-400x267.webp 400w, https:\/\/d2p6e6u75xmxt8.cloudfront.net\/12\/2024\/08\/Firenze-Arno-profimedia-0890521734-272x182.webp 272w\" sizes=\"auto, (max-width: 990px) 100vw, 990px\" \/><\/a><figcaption id=\"caption-attachment-18659\" class=\"wp-caption-text\">Tekerjetek az Arno foly\u00f3 ment\u00e9n! \u00a9 Profimedia<\/figcaption><\/figure>\n<p>Ha szeretitek a pihentet\u0151 \u00e9s fest\u0151i ker\u00e9kp\u00e1rutakat &#8211; \u00e9s ki ne szeretn\u00e9? -, k\u00f6vess\u00e9tek az Arno foly\u00f3t! Ez az \u00fat a belv\u00e1rosb\u00f3l indul \u00e9s a Cascine Park, Firenze legnagyobb nyilv\u00e1nos parkja fel\u00e9 halad. S\u00edk \u00e9s biztons\u00e1gos terep, sok meg\u00e1ll\u00f3val, ahol ki\u00e9lvezhetetiek a foly\u00f3 sz\u00e9ps\u00e9g\u00e9t. A Cascine Parkban j\u00e1tsz\u00f3tereket, piknikez\u0151 helyeket \u00e9s m\u00e9g egy heti piacot is tal\u00e1lhattok.<\/p>\n<h2><strong>Fagyi \u00e9s m\u00e1s<\/strong><\/h2>\n<blockquote class=\"instagram-media\" style=\"background: #FFF; border: 0; border-radius: 3px; box-shadow: 0 0 1px 0 rgba(0,0,0,0.5),0 1px 10px 0 rgba(0,0,0,0.15); margin: 1px; max-width: 540px; min-width: 326px; padding: 0; width: calc(100% - 2px);\" data-instgrm-captioned=\"\" data-instgrm-permalink=\"https:\/\/www.instagram.com\/p\/C7tuatWiYk1\/?utm_source=ig_embed&amp;utm_campaign=loading\" data-instgrm-version=\"14\">\n<div style=\"padding: 16px;\">\n<p>&nbsp;<\/p>\n<div style=\"display: flex; flex-direction: row; align-items: center;\">\n<div style=\"background-color: #f4f4f4; border-radius: 50%; flex-grow: 0; height: 40px; margin-right: 14px; width: 40px;\"><\/div>\n<div style=\"display: flex; flex-direction: column; flex-grow: 1; justify-content: center;\">\n<div style=\"background-color: #f4f4f4; border-radius: 4px; flex-grow: 0; height: 14px; margin-bottom: 6px; width: 100px;\"><\/div>\n<div style=\"background-color: #f4f4f4; border-radius: 4px; flex-grow: 0; height: 14px; width: 60px;\"><\/div>\n<\/div>\n<\/div>\n<div style=\"padding: 19% 0;\"><\/div>\n<div style=\"display: block; height: 50px; margin: 0 auto 12px; width: 50px;\"><\/div>\n<div style=\"padding-top: 8px;\">\n<div style=\"color: #3897f0; font-family: Arial,sans-serif; font-size: 14px; font-style: normal; font-weight: 550; line-height: 18px;\">View this post on Instagram<\/div>\n<\/div>\n<div style=\"padding: 12.5% 0;\"><\/div>\n<div style=\"display: flex; flex-direction: row; margin-bottom: 14px; align-items: center;\">\n<div>\n<div style=\"background-color: #f4f4f4; border-radius: 50%; height: 12.5px; width: 12.5px; transform: translateX(0px) translateY(7px);\"><\/div>\n<div style=\"background-color: #f4f4f4; height: 12.5px; transform: rotate(-45deg) translateX(3px) translateY(1px); width: 12.5px; flex-grow: 0; margin-right: 14px; margin-left: 2px;\"><\/div>\n<div style=\"background-color: #f4f4f4; border-radius: 50%; height: 12.5px; width: 12.5px; transform: translateX(9px) translateY(-18px);\"><\/div>\n<\/div>\n<div style=\"margin-left: 8px;\">\n<div style=\"background-color: #f4f4f4; border-radius: 50%; flex-grow: 0; height: 20px; width: 20px;\"><\/div>\n<div style=\"width: 0; height: 0; border-top: 2px solid transparent; border-left: 6px solid #f4f4f4; border-bottom: 2px solid transparent; transform: translateX(16px) translateY(-4px) rotate(30deg);\"><\/div>\n<\/div>\n<div style=\"margin-left: auto;\">\n<div style=\"width: 0px; border-top: 8px solid #F4F4F4; border-right: 8px solid transparent; transform: translateY(16px);\"><\/div>\n<div style=\"background-color: #f4f4f4; flex-grow: 0; height: 12px; width: 16px; transform: translateY(-4px);\"><\/div>\n<div style=\"width: 0; height: 0; border-top: 8px solid #F4F4F4; border-left: 8px solid transparent; transform: translateY(-4px) translateX(8px);\"><\/div>\n<\/div>\n<\/div>\n<div style=\"display: flex; flex-direction: column; flex-grow: 1; justify-content: center; margin-bottom: 24px;\">\n<div style=\"background-color: #f4f4f4; border-radius: 4px; flex-grow: 0; height: 14px; margin-bottom: 6px; width: 224px;\"><\/div>\n<div style=\"background-color: #f4f4f4; border-radius: 4px; flex-grow: 0; height: 14px; width: 144px;\"><\/div>\n<\/div>\n<p>&nbsp;<\/p>\n<p style=\"color: #c9c8cd; font-family: Arial,sans-serif; font-size: 14px; line-height: 17px; margin-bottom: 0; margin-top: 8px; overflow: hidden; padding: 8px 0 7px; text-align: center; text-overflow: ellipsis; white-space: nowrap;\"><a style=\"color: #c9c8cd; font-family: Arial,sans-serif; font-size: 14px; font-style: normal; font-weight: normal; line-height: 17px; text-decoration: none;\" href=\"https:\/\/www.instagram.com\/p\/C7tuatWiYk1\/?utm_source=ig_embed&amp;utm_campaign=loading\" target=\"_blank\" rel=\"noopener\">A post shared by Vivoli Gelateria (@vivoli_il_gelato)<\/a><\/p>\n<\/div>\n<\/blockquote>\n<p><script async src=\"\/\/www.instagram.com\/embed.js\"><\/script><\/p>\n<p>Egy firenzei kir\u00e1ndul\u00e1s nem teljes helyi finoms\u00e1gok n\u00e9lk\u00fcl. \u00c1lljatok meg a Vivoli Gelat\u00f3n\u00e1l, a v\u00e1ros egyik legr\u00e9gebbi fagyiz\u00f3j\u00e1n\u00e1l, \u00e9s k\u00f3stolj\u00e1tok meg az autentikus firenzei gelat\u00f3t! Ha pedig kiad\u00f3sabb \u00e9tkez\u00e9sre v\u00e1gytok, tekerjetek el a Mercato Centrale piacra, ahol k\u00fcl\u00f6nf\u00e9le helyi \u00e9teleket, p\u00e9ld\u00e1ul bistecca alla fiorentin\u00e1t, friss t\u00e9szt\u00e1t \u00e9s szarvasgomb\u00e1s finoms\u00e1gokat k\u00f3stolhattok. A piac vibr\u00e1l\u00f3 atmoszf\u00e9r\u00e1ja \u00e9s soksz\u00edn\u0171 v\u00e1laszt\u00e9ka gyerekeknek \u00e9s feln\u0151tteknek egyar\u00e1nt nagy \u00e9lm\u00e9ny.<\/p>\n<h2><strong>Fiesole: fel a dombra!<\/strong><\/h2>\n<p>Az id\u0151sebb gyermekekkel rendelkez\u0151 vagy kih\u00edv\u00e1sokat keres\u0151 csal\u00e1dok sz\u00e1m\u00e1ra egy, Fiesol\u00e9ba vezet\u0151 kir\u00e1ndul\u00e1s leny\u0171g\u00f6z\u0151 lehet, gy\u00f6ny\u00f6r\u0171 kil\u00e1t\u00e1ssal \u00e9s a toszk\u00e1n vid\u00e9k atmoszf\u00e9r\u00e1j\u00e1val. Ez a kisv\u00e1ros egy domb tetej\u00e9n helyezkedik el, k\u00f6r\u00fclbel\u00fcl 9 kilom\u00e9terre a belv\u00e1rost\u00f3l, ahonnan r\u00e1l\u00e1tni Firenz\u00e9re. Az \u00fat felfel\u00e9 meger\u0151ltet\u0151 lehet, de a jutalom egy panor\u00e1m\u00e1s kil\u00e1t\u00e1s a v\u00e1rosra \u00e9s a k\u00f6rnyez\u0151 dombokra. Fiesol\u00e9ban felfedezhetitek az \u00f3kori r\u00f3mai sz\u00ednh\u00e1zat \u00e9s a helyi r\u00e9g\u00e9szeti felt\u00e1r\u00e1sokat, miel\u0151tt egy kellemes \u00fatra induln\u00e1tok lefel\u00e9.<\/p>\n<figure id=\"attachment_18660\" aria-describedby=\"caption-attachment-18660\" style=\"width: 990px\" class=\"wp-caption alignnone\"><a href=\"https:\/\/d2p6e6u75xmxt8.cloudfront.net\/12\/2024\/08\/Firenze-Fiesole-profimedia-0147512757.webp\"><img loading=\"lazy\" decoding=\"async\" class=\"wp-image-18660 size-full\" src=\"https:\/\/d2p6e6u75xmxt8.cloudfront.net\/12\/2024\/08\/Firenze-Fiesole-profimedia-0147512757.webp\" alt=\"Fiesole\" width=\"990\" height=\"660\" srcset=\"https:\/\/d2p6e6u75xmxt8.cloudfront.net\/12\/2024\/08\/Firenze-Fiesole-profimedia-0147512757.webp 990w, https:\/\/d2p6e6u75xmxt8.cloudfront.net\/12\/2024\/08\/Firenze-Fiesole-profimedia-0147512757-300x200.webp 300w, https:\/\/d2p6e6u75xmxt8.cloudfront.net\/12\/2024\/08\/Firenze-Fiesole-profimedia-0147512757-768x512.webp 768w, https:\/\/d2p6e6u75xmxt8.cloudfront.net\/12\/2024\/08\/Firenze-Fiesole-profimedia-0147512757-400x267.webp 400w, https:\/\/d2p6e6u75xmxt8.cloudfront.net\/12\/2024\/08\/Firenze-Fiesole-profimedia-0147512757-272x182.webp 272w\" sizes=\"auto, (max-width: 990px) 100vw, 990px\" \/><\/a><figcaption id=\"caption-attachment-18660\" class=\"wp-caption-text\">Fedezz\u00e9tek fel a r\u00f3mai romokat! \u00a9 Profimedia<\/figcaption><\/figure>\n<h2><strong>Ker\u00e9kp\u00e1ros workshopok \u00e9s t\u00far\u00e1k<\/strong><\/h2>\n<p>Tov\u00e1bb emelhetitek a ker\u00e9kp\u00e1ros \u00e9lm\u00e9nyeket, ha csatlakoztok egy vezetett biciklit\u00far\u00e1hoz vagy workshophoz. A <u><a href=\"https:\/\/www.florencebybike.it\/en\/\">Florence by Bike<\/a><\/u>-hoz hasonl\u00f3 c\u00e9gek csal\u00e1dbar\u00e1t t\u00far\u00e1kat k\u00edn\u00e1lnak, amelyek t\u00f6rt\u00e9nelmi betekint\u00e9st ny\u00fajtanak, elvisznek a helyi l\u00e1tv\u00e1nyoss\u00e1gokhoz \u00e9s ak\u00e1r gyerekeknek felszerelt biciklik b\u00e9rl\u00e9s\u00e9t is tartalmazz\u00e1k. Egy ilyen t\u00far\u00e1n val\u00f3 r\u00e9szv\u00e9tel m\u00e9lyebb meg\u00e9rt\u00e9st ny\u00fajthat Firenze gazdag t\u00f6rt\u00e9nelm\u00e9r\u0151l \u00e9s rejtett kincseir\u0151l, \u00edgy m\u00e9g eml\u00e9kezetesebb\u00e9 teheti a csal\u00e1di kalandot.<\/p>\n<h2><strong>Tippek a biztons\u00e1gos \u00e9s \u00e9lvezetes bicikliz\u00e9shez<\/strong><\/h2>\n<p><strong>Ker\u00e9kp\u00e1rb\u00e9rl\u00e9s<\/strong>: Firenz\u00e9ben sz\u00e1mos helyen tudtok bicikliket \u00e9s felszerel\u00e9st b\u00e9relni, ide\u00e9rtve a gyerekeknek sz\u00e1nt opci\u00f3kat \u00e9s kieg\u00e9sz\u00edt\u0151ket, p\u00e9ld\u00e1ul a sisakokat \u00e9s a gyerek\u00fcl\u00e9seket is.<\/p>\n<p><strong>Forgalom:<\/strong> B\u00e1r sok ter\u00fclet biciklibar\u00e1t a v\u00e1rosban, mindig legyetek \u00f3vatosak, \u00e9s k\u00f6vess\u00e9tek a helyi ker\u00e9kp\u00e1ros szab\u00e1lyokat.<\/p>\n<p><strong>Hidrat\u00e1ci\u00f3:<\/strong> Firenz\u00e9ben ny\u00e1ron nagy a forr\u00f3s\u00e1g, fontos, hogy vigyetek magatokkal sok vizet, \u00e9s pihenjetek gyakran az \u00e1rny\u00e9kban.<\/p>\n<p><strong>\u00datvonaltervez\u00e9s:<\/strong> Tervezz\u00e9tek meg el\u0151re az \u00fatvonalat, amit k\u00f6vetni szeretn\u00e9tek \u00e9s n\u00e9zz\u00e9tek meg, milyen alkalmaz\u00e1sokat haszn\u00e1lhattok majd a t\u00fara sor\u00e1n!<\/p>\n<p>Firenze egy olyan v\u00e1ros, amit nem szabad kihagyni, \u00e9s nincs is jobb, mint k\u00e9t ker\u00e9ken bej\u00e1rni. Szerezzetek szuper k\u00f6z\u00f6s \u00e9lm\u00e9nyeket \u00e9s fedezz\u00e9tek fel Firenze egy olyan oldal\u00e1t, amit kevesen l\u00e1tnak a turist\u00e1k k\u00f6z\u00fcl!<\/p>\n","protected":false},"excerpt":{"rendered":"<p>A v\u00e1ros, amely olyan h\u00edres gazdag t\u00f6rt\u00e9nelm\u00e9r\u0151l, leny\u0171g\u00f6z\u0151 \u00e9p\u00edt\u00e9szet\u00e9r\u0151l \u00e9s vibr\u00e1l\u00f3 kult\u00far\u00e1j\u00e1r\u00f3l, id\u00e9n m\u00e9g t\u00f6bb biciklist vonzott mag\u00e1hoz, hiszen innen [&hellip;]<\/p>\n","protected":false},"author":71,"featured_media":18662,"comment_status":"open","ping_status":"open","sticky":false,"template":"","format":"standard","meta":{"footnotes":""},"categories":[11],"tags":[],"global-categories":[],"class_list":["post-18658","post","type-post","status-publish","format-standard","has-post-thumbnail","hentry","category-csalad"],"yoast_head":"<!-- This site is optimized with the Yoast SEO Premium plugin v25.3 (Yoast SEO v25.9) - https:\/\/yoast.com\/wordpress\/plugins\/seo\/ -->\n<title>Csal\u00e1di bringat\u00fara Firenz\u00e9ben: Tekerjetek a fagyik\u00e9rt!<\/title>\n<meta name=\"description\" content=\"A v\u00e1ros, amely olyan h\u00edres gazdag t\u00f6rt\u00e9nelm\u00e9r\u0151l, leny\u0171g\u00f6z\u0151 \u00e9p\u00edt\u00e9szet\u00e9r\u0151l \u00e9s vibr\u00e1l\u00f3 kult\u00far\u00e1j\u00e1r\u00f3l, id\u00e9n m\u00e9g t\u00f6bb biciklist vonzott mag\u00e1hoz, hiszen innen indult a Tour de France. A rangos esem\u00e9ny izgalma m\u00e9g mindig ott vibr\u00e1l a leveg\u0151ben, \u00edgy nincs is jobb id\u0151pont arra, hogy ti is elinduljatok felfedezni Firenz\u00e9t.\" \/>\n<meta name=\"robots\" content=\"index, follow, max-snippet:-1, max-image-preview:large, max-video-preview:-1\" \/>\n<link rel=\"canonical\" href=\"https:\/\/www.welovecycling.com\/hu\/csalad\/csaladi-bringatura-firenzeben-tekerjetek-a-fagyikert\/\" \/>\n<meta property=\"og:locale\" content=\"hu_HU\" \/>\n<meta property=\"og:type\" content=\"article\" \/>\n<meta property=\"og:title\" content=\"Csal\u00e1di bringat\u00fara Firenz\u00e9ben: Tekerjetek a fagyik\u00e9rt!\" \/>\n<meta property=\"og:description\" content=\"A v\u00e1ros, amely olyan h\u00edres gazdag t\u00f6rt\u00e9nelm\u00e9r\u0151l, leny\u0171g\u00f6z\u0151 \u00e9p\u00edt\u00e9szet\u00e9r\u0151l \u00e9s vibr\u00e1l\u00f3 kult\u00far\u00e1j\u00e1r\u00f3l, id\u00e9n m\u00e9g t\u00f6bb biciklist vonzott mag\u00e1hoz, hiszen innen indult a Tour de France. A rangos esem\u00e9ny izgalma m\u00e9g mindig ott vibr\u00e1l a leveg\u0151ben, \u00edgy nincs is jobb id\u0151pont arra, hogy ti is elinduljatok felfedezni Firenz\u00e9t.\" \/>\n<meta property=\"og:url\" content=\"https:\/\/www.welovecycling.com\/hu\/csalad\/csaladi-bringatura-firenzeben-tekerjetek-a-fagyikert\/\" \/>\n<meta property=\"og:site_name\" content=\"\u0160koda We Love Cycling - Magyarorsz\u00e1g\" \/>\n<meta property=\"article:publisher\" content=\"https:\/\/www.facebook.com\/WeLoveCyclingHungary\/\" \/>\n<meta property=\"article:published_time\" content=\"2024-08-09T06:00:02+00:00\" \/>\n<meta property=\"og:image\" content=\"https:\/\/d2p6e6u75xmxt8.cloudfront.net\/12\/2024\/08\/Firenze-profimedia-0832522808-CVR.webp\" \/>\n\t<meta property=\"og:image:width\" content=\"990\" \/>\n\t<meta property=\"og:image:height\" content=\"660\" \/>\n\t<meta property=\"og:image:type\" content=\"image\/webp\" \/>\n<meta name=\"author\" content=\"hegyizs\" \/>\n<meta name=\"twitter:card\" content=\"summary_large_image\" \/>\n<meta name=\"twitter:label1\" content=\"Written by\" \/>\n\t<meta name=\"twitter:data1\" content=\"Monica Buck\" \/>\n\t<meta name=\"twitter:label2\" content=\"Est. reading time\" \/>\n\t<meta name=\"twitter:data2\" content=\"3\" \/>\n<script type=\"application\/ld+json\" class=\"yoast-schema-graph\">{\"@context\":\"https:\/\/schema.org\",\"@graph\":[{\"@type\":\"WebPage\",\"@id\":\"https:\/\/www.welovecycling.com\/hu\/csalad\/csaladi-bringatura-firenzeben-tekerjetek-a-fagyikert\/\",\"url\":\"https:\/\/www.welovecycling.com\/hu\/csalad\/csaladi-bringatura-firenzeben-tekerjetek-a-fagyikert\/\",\"name\":\"Csal\u00e1di bringat\u00fara Firenz\u00e9ben: Tekerjetek a fagyik\u00e9rt!\",\"isPartOf\":{\"@id\":\"https:\/\/www.welovecycling.com\/hu\/#website\"},\"primaryImageOfPage\":{\"@id\":\"https:\/\/www.welovecycling.com\/hu\/csalad\/csaladi-bringatura-firenzeben-tekerjetek-a-fagyikert\/#primaryimage\"},\"image\":{\"@id\":\"https:\/\/www.welovecycling.com\/hu\/csalad\/csaladi-bringatura-firenzeben-tekerjetek-a-fagyikert\/#primaryimage\"},\"thumbnailUrl\":\"https:\/\/d2p6e6u75xmxt8.cloudfront.net\/12\/2024\/08\/Firenze-profimedia-0832522808-CVR.webp\",\"datePublished\":\"2024-08-09T06:00:02+00:00\",\"author\":{\"@id\":\"https:\/\/www.welovecycling.com\/hu\/#\/schema\/person\/414a2aebf1801691a5320edb6468e194\"},\"description\":\"A v\u00e1ros, amely olyan h\u00edres gazdag t\u00f6rt\u00e9nelm\u00e9r\u0151l, leny\u0171g\u00f6z\u0151 \u00e9p\u00edt\u00e9szet\u00e9r\u0151l \u00e9s vibr\u00e1l\u00f3 kult\u00far\u00e1j\u00e1r\u00f3l, id\u00e9n m\u00e9g t\u00f6bb biciklist vonzott mag\u00e1hoz, hiszen innen indult a Tour de France. A rangos esem\u00e9ny izgalma m\u00e9g mindig ott vibr\u00e1l a leveg\u0151ben, \u00edgy nincs is jobb id\u0151pont arra, hogy ti is elinduljatok felfedezni Firenz\u00e9t.\",\"breadcrumb\":{\"@id\":\"https:\/\/www.welovecycling.com\/hu\/csalad\/csaladi-bringatura-firenzeben-tekerjetek-a-fagyikert\/#breadcrumb\"},\"inLanguage\":\"hu\",\"potentialAction\":[{\"@type\":\"ReadAction\",\"target\":[\"https:\/\/www.welovecycling.com\/hu\/csalad\/csaladi-bringatura-firenzeben-tekerjetek-a-fagyikert\/\"]}]},{\"@type\":\"ImageObject\",\"inLanguage\":\"hu\",\"@id\":\"https:\/\/www.welovecycling.com\/hu\/csalad\/csaladi-bringatura-firenzeben-tekerjetek-a-fagyikert\/#primaryimage\",\"url\":\"https:\/\/d2p6e6u75xmxt8.cloudfront.net\/12\/2024\/08\/Firenze-profimedia-0832522808-CVR.webp\",\"contentUrl\":\"https:\/\/d2p6e6u75xmxt8.cloudfront.net\/12\/2024\/08\/Firenze-profimedia-0832522808-CVR.webp\",\"width\":990,\"height\":660,\"caption\":\"Firenze\"},{\"@type\":\"BreadcrumbList\",\"@id\":\"https:\/\/www.welovecycling.com\/hu\/csalad\/csaladi-bringatura-firenzeben-tekerjetek-a-fagyikert\/#breadcrumb\",\"itemListElement\":[{\"@type\":\"ListItem\",\"position\":1,\"name\":\"Home\",\"item\":\"https:\/\/www.welovecycling.com\/hu\/\"},{\"@type\":\"ListItem\",\"position\":2,\"name\":\"Csal\u00e1di bringat\u00fara Firenz\u00e9ben: Tekerjetek a fagyik\u00e9rt!\"}]},{\"@type\":\"WebSite\",\"@id\":\"https:\/\/www.welovecycling.com\/hu\/#website\",\"url\":\"https:\/\/www.welovecycling.com\/hu\/\",\"name\":\"\u0160koda We Love Cycling - Magyarorsz\u00e1g\",\"description\":\"\u0160koda WeLoveCycling\",\"potentialAction\":[{\"@type\":\"SearchAction\",\"target\":{\"@type\":\"EntryPoint\",\"urlTemplate\":\"https:\/\/www.welovecycling.com\/hu\/?s={search_term_string}\"},\"query-input\":{\"@type\":\"PropertyValueSpecification\",\"valueRequired\":true,\"valueName\":\"search_term_string\"}}],\"inLanguage\":\"hu\"},{\"@type\":\"Person\",\"@id\":\"https:\/\/www.welovecycling.com\/hu\/#\/schema\/person\/414a2aebf1801691a5320edb6468e194\",\"name\":\"hegyizs\",\"image\":{\"@type\":\"ImageObject\",\"inLanguage\":\"hu\",\"@id\":\"https:\/\/www.welovecycling.com\/hu\/#\/schema\/person\/image\/\",\"url\":\"https:\/\/secure.gravatar.com\/avatar\/02cf8a7906b8cf90cecb4679defac7cfd33a1c2e3b88e4903d947f3bb58eedd3?s=96&d=mm&r=g\",\"contentUrl\":\"https:\/\/secure.gravatar.com\/avatar\/02cf8a7906b8cf90cecb4679defac7cfd33a1c2e3b88e4903d947f3bb58eedd3?s=96&d=mm&r=g\",\"caption\":\"hegyizs\"},\"url\":\"https:\/\/www.welovecycling.com\/hu\/author\/hegyizs\/\"}]}<\/script>\n<!-- \/ Yoast SEO Premium plugin. -->","yoast_head_json":{"title":"Csal\u00e1di bringat\u00fara Firenz\u00e9ben: Tekerjetek a fagyik\u00e9rt!","description":"A v\u00e1ros, amely olyan h\u00edres gazdag t\u00f6rt\u00e9nelm\u00e9r\u0151l, leny\u0171g\u00f6z\u0151 \u00e9p\u00edt\u00e9szet\u00e9r\u0151l \u00e9s vibr\u00e1l\u00f3 kult\u00far\u00e1j\u00e1r\u00f3l, id\u00e9n m\u00e9g t\u00f6bb biciklist vonzott mag\u00e1hoz, hiszen innen indult a Tour de France. A rangos esem\u00e9ny izgalma m\u00e9g mindig ott vibr\u00e1l a leveg\u0151ben, \u00edgy nincs is jobb id\u0151pont arra, hogy ti is elinduljatok felfedezni Firenz\u00e9t.","robots":{"index":"index","follow":"follow","max-snippet":"max-snippet:-1","max-image-preview":"max-image-preview:large","max-video-preview":"max-video-preview:-1"},"canonical":"https:\/\/www.welovecycling.com\/hu\/csalad\/csaladi-bringatura-firenzeben-tekerjetek-a-fagyikert\/","og_locale":"hu_HU","og_type":"article","og_title":"Csal\u00e1di bringat\u00fara Firenz\u00e9ben: Tekerjetek a fagyik\u00e9rt!","og_description":"A v\u00e1ros, amely olyan h\u00edres gazdag t\u00f6rt\u00e9nelm\u00e9r\u0151l, leny\u0171g\u00f6z\u0151 \u00e9p\u00edt\u00e9szet\u00e9r\u0151l \u00e9s vibr\u00e1l\u00f3 kult\u00far\u00e1j\u00e1r\u00f3l, id\u00e9n m\u00e9g t\u00f6bb biciklist vonzott mag\u00e1hoz, hiszen innen indult a Tour de France. A rangos esem\u00e9ny izgalma m\u00e9g mindig ott vibr\u00e1l a leveg\u0151ben, \u00edgy nincs is jobb id\u0151pont arra, hogy ti is elinduljatok felfedezni Firenz\u00e9t.","og_url":"https:\/\/www.welovecycling.com\/hu\/csalad\/csaladi-bringatura-firenzeben-tekerjetek-a-fagyikert\/","og_site_name":"\u0160koda We Love Cycling - Magyarorsz\u00e1g","article_publisher":"https:\/\/www.facebook.com\/WeLoveCyclingHungary\/","article_published_time":"2024-08-09T06:00:02+00:00","og_image":[{"width":990,"height":660,"url":"https:\/\/d2p6e6u75xmxt8.cloudfront.net\/12\/2024\/08\/Firenze-profimedia-0832522808-CVR.webp","type":"image\/webp"}],"author":"hegyizs","twitter_card":"summary_large_image","twitter_misc":{"Written by":"Monica Buck","Est. reading time":"3"},"schema":{"@context":"https:\/\/schema.org","@graph":[{"@type":"WebPage","@id":"https:\/\/www.welovecycling.com\/hu\/csalad\/csaladi-bringatura-firenzeben-tekerjetek-a-fagyikert\/","url":"https:\/\/www.welovecycling.com\/hu\/csalad\/csaladi-bringatura-firenzeben-tekerjetek-a-fagyikert\/","name":"Csal\u00e1di bringat\u00fara Firenz\u00e9ben: Tekerjetek a fagyik\u00e9rt!","isPartOf":{"@id":"https:\/\/www.welovecycling.com\/hu\/#website"},"primaryImageOfPage":{"@id":"https:\/\/www.welovecycling.com\/hu\/csalad\/csaladi-bringatura-firenzeben-tekerjetek-a-fagyikert\/#primaryimage"},"image":{"@id":"https:\/\/www.welovecycling.com\/hu\/csalad\/csaladi-bringatura-firenzeben-tekerjetek-a-fagyikert\/#primaryimage"},"thumbnailUrl":"https:\/\/d2p6e6u75xmxt8.cloudfront.net\/12\/2024\/08\/Firenze-profimedia-0832522808-CVR.webp","datePublished":"2024-08-09T06:00:02+00:00","author":{"@id":"https:\/\/www.welovecycling.com\/hu\/#\/schema\/person\/414a2aebf1801691a5320edb6468e194"},"description":"A v\u00e1ros, amely olyan h\u00edres gazdag t\u00f6rt\u00e9nelm\u00e9r\u0151l, leny\u0171g\u00f6z\u0151 \u00e9p\u00edt\u00e9szet\u00e9r\u0151l \u00e9s vibr\u00e1l\u00f3 kult\u00far\u00e1j\u00e1r\u00f3l, id\u00e9n m\u00e9g t\u00f6bb biciklist vonzott mag\u00e1hoz, hiszen innen indult a Tour de France. A rangos esem\u00e9ny izgalma m\u00e9g mindig ott vibr\u00e1l a leveg\u0151ben, \u00edgy nincs is jobb id\u0151pont arra, hogy ti is elinduljatok felfedezni Firenz\u00e9t.","breadcrumb":{"@id":"https:\/\/www.welovecycling.com\/hu\/csalad\/csaladi-bringatura-firenzeben-tekerjetek-a-fagyikert\/#breadcrumb"},"inLanguage":"hu","potentialAction":[{"@type":"ReadAction","target":["https:\/\/www.welovecycling.com\/hu\/csalad\/csaladi-bringatura-firenzeben-tekerjetek-a-fagyikert\/"]}]},{"@type":"ImageObject","inLanguage":"hu","@id":"https:\/\/www.welovecycling.com\/hu\/csalad\/csaladi-bringatura-firenzeben-tekerjetek-a-fagyikert\/#primaryimage","url":"https:\/\/d2p6e6u75xmxt8.cloudfront.net\/12\/2024\/08\/Firenze-profimedia-0832522808-CVR.webp","contentUrl":"https:\/\/d2p6e6u75xmxt8.cloudfront.net\/12\/2024\/08\/Firenze-profimedia-0832522808-CVR.webp","width":990,"height":660,"caption":"Firenze"},{"@type":"BreadcrumbList","@id":"https:\/\/www.welovecycling.com\/hu\/csalad\/csaladi-bringatura-firenzeben-tekerjetek-a-fagyikert\/#breadcrumb","itemListElement":[{"@type":"ListItem","position":1,"name":"Home","item":"https:\/\/www.welovecycling.com\/hu\/"},{"@type":"ListItem","position":2,"name":"Csal\u00e1di bringat\u00fara Firenz\u00e9ben: Tekerjetek a fagyik\u00e9rt!"}]},{"@type":"WebSite","@id":"https:\/\/www.welovecycling.com\/hu\/#website","url":"https:\/\/www.welovecycling.com\/hu\/","name":"\u0160koda We Love Cycling - Magyarorsz\u00e1g","description":"\u0160koda WeLoveCycling","potentialAction":[{"@type":"SearchAction","target":{"@type":"EntryPoint","urlTemplate":"https:\/\/www.welovecycling.com\/hu\/?s={search_term_string}"},"query-input":{"@type":"PropertyValueSpecification","valueRequired":true,"valueName":"search_term_string"}}],"inLanguage":"hu"},{"@type":"Person","@id":"https:\/\/www.welovecycling.com\/hu\/#\/schema\/person\/414a2aebf1801691a5320edb6468e194","name":"hegyizs","image":{"@type":"ImageObject","inLanguage":"hu","@id":"https:\/\/www.welovecycling.com\/hu\/#\/schema\/person\/image\/","url":"https:\/\/secure.gravatar.com\/avatar\/02cf8a7906b8cf90cecb4679defac7cfd33a1c2e3b88e4903d947f3bb58eedd3?s=96&d=mm&r=g","contentUrl":"https:\/\/secure.gravatar.com\/avatar\/02cf8a7906b8cf90cecb4679defac7cfd33a1c2e3b88e4903d947f3bb58eedd3?s=96&d=mm&r=g","caption":"hegyizs"},"url":"https:\/\/www.welovecycling.com\/hu\/author\/hegyizs\/"}]}},"_links":{"self":[{"href":"https:\/\/www.welovecycling.com\/hu\/wp-json\/wp\/v2\/posts\/18658","targetHints":{"allow":["GET"]}}],"collection":[{"href":"https:\/\/www.welovecycling.com\/hu\/wp-json\/wp\/v2\/posts"}],"about":[{"href":"https:\/\/www.welovecycling.com\/hu\/wp-json\/wp\/v2\/types\/post"}],"author":[{"embeddable":true,"href":"https:\/\/www.welovecycling.com\/hu\/wp-json\/wp\/v2\/users\/71"}],"replies":[{"embeddable":true,"href":"https:\/\/www.welovecycling.com\/hu\/wp-json\/wp\/v2\/comments?post=18658"}],"version-history":[{"count":2,"href":"https:\/\/www.welovecycling.com\/hu\/wp-json\/wp\/v2\/posts\/18658\/revisions"}],"predecessor-version":[{"id":18663,"href":"https:\/\/www.welovecycling.com\/hu\/wp-json\/wp\/v2\/posts\/18658\/revisions\/18663"}],"wp:featuredmedia":[{"embeddable":true,"href":"https:\/\/www.welovecycling.com\/hu\/wp-json\/wp\/v2\/media\/18662"}],"wp:attachment":[{"href":"https:\/\/www.welovecycling.com\/hu\/wp-json\/wp\/v2\/media?parent=18658"}],"wp:term":[{"taxonomy":"category","embeddable":true,"href":"https:\/\/www.welovecycling.com\/hu\/wp-json\/wp\/v2\/categories?post=18658"},{"taxonomy":"post_tag","embeddable":true,"href":"https:\/\/www.welovecycling.com\/hu\/wp-json\/wp\/v2\/tags?post=18658"},{"taxonomy":"global-categories","embeddable":true,"href":"https:\/\/www.welovecycling.com\/hu\/wp-json\/wp\/v2\/global-categories?post=18658"}],"curies":[{"name":"wp","href":"https:\/\/api.w.org\/{rel}","templated":true}]}}