{"id":18651,"date":"2024-08-01T10:08:25","date_gmt":"2024-08-01T08:08:25","guid":{"rendered":"https:\/\/www.welovecycling.com\/hu\/?p=18651"},"modified":"2024-08-01T10:08:25","modified_gmt":"2024-08-01T08:08:25","slug":"futballistabol-aszfaltkiraly-olimpiai-grand-tour-es-idofutamkalandok-remco-evenepoellal","status":"publish","type":"post","link":"https:\/\/www.welovecycling.com\/hu\/orszaguti-kerekpar\/futballistabol-aszfaltkiraly-olimpiai-grand-tour-es-idofutamkalandok-remco-evenepoellal\/","title":{"rendered":"Futballist\u00e1b\u00f3l aszfaltkir\u00e1ly: olimpiai, Grand Tour- \u00e9s id\u0151futamkalandok Remco Evenepoellal"},"content":{"rendered":"<p><strong>A belg\u00e1k hajdan\u00e1n focistatehets\u00e9gnek indul\u00f3 bringaszt\u00e1rja el\u0151bb Tour de France-deb\u00fct\u00e1l\u00e1s\u00e1n a harmadik helyen \u00e9rkezett meg Nizz\u00e1ban, hat napra r\u00e1 pedig m\u00e1r olimpiai bajnoknak mondhatta mag\u00e1t ezer kilom\u00e9terrel arr\u00e9bb, P\u00e1rizsban. Ami pedig a magyarokat illeti: Valter Attil\u00e1nak \u00e9s Vas Kata Blank\u00e1nak is szurkolhatunk m\u00e9g a francia f\u0151v\u00e1rosban!<\/strong><!--more--><\/p>\n<p>Nincs rossz h\u00f3napja Remco Evenepoelnak, meg \u00fagy en bloc a belga bring\u00e1soknak. A Quick-Step szt\u00e1rja az \u00e9v elej\u00e9n m\u00e9g mindig csak a 24-et t\u00f6lt\u00f6tte, de mostan\u00e1ban \u00fajabb cs\u00facsokat h\u00f3d\u00edtott meg, eddig sem szer\u00e9ny eredm\u00e9nylist\u00e1ja pedig m\u00e9g tov\u00e1bb b\u0151v\u00fclt: legut\u00f3bb egy \u00f6tkarik\u00e1s arany\u00e9remmel \u00edrta tov\u00e1bb nem mindennapi t\u00f6rt\u00e9net\u00e9t.<\/p>\n<p>Mert az\u00e9rt azt aligha lehet szokv\u00e1nyosnak nevezni, hogy valaki 15-16 \u00e9vesen m\u00e9g az Anderlecht, a PSV Eindhoven \u00e9s a belga koroszt\u00e1lyos nemzeti csapatok \u00edg\u00e9retek\u00e9nt r\u00fagja a b\u0151rt a futballp\u00e1ly\u00e1kon, hogy azt\u00e1n egy s\u00falyos s\u00e9r\u00fcl\u00e9snek \u201ek\u00f6sz\u00f6nhet\u0151en\u201d r\u00e1\u00e9bredjen, a testalkata sokkalta ide\u00e1lisabb a ker\u00e9kp\u00e1roz\u00e1shoz, \u00edgy alig k\u00e9t esztend\u0151vel k\u00e9s\u0151bb m\u00e1r t\u00edz perccel verje agyon a mez\u0151nyt \u00e9lete els\u0151 nagyobb bringaverseny\u00e9n, a 2018-as junior Eur\u00f3pa-bajnoks\u00e1gon. Nyilv\u00e1n volt kit\u0151l \u00f6r\u00f6k\u00f6lnie a tehets\u00e9get \u00e9s a ker\u00e9kp\u00e1roz\u00e1s ir\u00e1nti szenved\u00e9lyt, hiszen \u00e9desapja, Patrick is sikeres versenyz\u0151 volt, de Remco t\u00f6rt\u00e9nete m\u00e1r sokkal ink\u00e1bb mes\u00e9be ill\u0151.<\/p>\n<figure id=\"attachment_18653\" aria-describedby=\"caption-attachment-18653\" style=\"width: 1024px\" class=\"wp-caption alignnone\"><img loading=\"lazy\" decoding=\"async\" class=\"size-full wp-image-18653\" src=\"https:\/\/d2p6e6u75xmxt8.cloudfront.net\/12\/2024\/08\/remco-paris.webp\" alt=\"\" width=\"1024\" height=\"682\" srcset=\"https:\/\/d2p6e6u75xmxt8.cloudfront.net\/12\/2024\/08\/remco-paris.webp 1024w, https:\/\/d2p6e6u75xmxt8.cloudfront.net\/12\/2024\/08\/remco-paris-300x200.webp 300w, https:\/\/d2p6e6u75xmxt8.cloudfront.net\/12\/2024\/08\/remco-paris-768x512.webp 768w, https:\/\/d2p6e6u75xmxt8.cloudfront.net\/12\/2024\/08\/remco-paris-400x266.webp 400w, https:\/\/d2p6e6u75xmxt8.cloudfront.net\/12\/2024\/08\/remco-paris-272x182.webp 272w\" sizes=\"auto, (max-width: 1024px) 100vw, 1024px\" \/><figcaption id=\"caption-attachment-18653\" class=\"wp-caption-text\">fot\u00f3: Emmanuel Dunand\/AFP via Getty<\/figcaption><\/figure>\n<p>Ilyen el\u0151zm\u00e9nyek \u2013 no meg az \u00fcst\u00f6k\u00f6sszer\u0171 berobban\u00e1sa ut\u00e1n a szem\u00e9ly\u00e9t k\u00f6r\u00fclvev\u0151 hype \u2013 ut\u00e1n persze sz\u00e1mtalan k\u00e9tked\u0151vel \u00e9s kritikussal meg kellett k\u00fczdenie a sport\u00e1gon bel\u00fcl \u00e9s k\u00edv\u00fcl, j\u00f3form\u00e1n m\u00e9g gyerekfejjel, de a fanyalg\u00f3kat legk\u00e9s\u0151bb 2022-re st\u00edlusosan elcsit\u00edtotta. Ez az \u00e9v hozta meg sz\u00e1m\u00e1ra az igazi \u00e1tt\u00f6r\u00e9st, hiszen \u00e9lete m\u00e1sodik h\u00e1romhetes\u00e9t, egyben els\u0151 Vuelt\u00e1j\u00e1t m\u00e1ris megnyerte, alig k\u00e9t h\u00e9tre r\u00e1 pedig a vil\u00e1gbajnoks\u00e1g mez\u0151nyverseny\u00e9t is, mindezt \u00fagy, hogy k\u00f6zte a vb id\u0151futam\u00e1r\u00f3l is hazavitt egy bronz\u00e9rmet \u2013 vagyis k\u00e9ts\u00e9get kiz\u00e1r\u00f3an bizony\u00edtotta val\u00f3di sokoldal\u00fas\u00e1g\u00e1t, s hogy az \u0151t \u00f6vez\u0151 felfokozott hangulat nem csup\u00e1n \u201em\u00e9diahiszti\u201d volt.<\/p>\n<figure id=\"attachment_18654\" aria-describedby=\"caption-attachment-18654\" style=\"width: 1024px\" class=\"wp-caption alignnone\"><img loading=\"lazy\" decoding=\"async\" class=\"size-large wp-image-18654\" src=\"https:\/\/d2p6e6u75xmxt8.cloudfront.net\/12\/2024\/08\/3872-1024x614.webp\" alt=\"\" width=\"1024\" height=\"614\" srcset=\"https:\/\/d2p6e6u75xmxt8.cloudfront.net\/12\/2024\/08\/3872-1024x614.webp 1024w, https:\/\/d2p6e6u75xmxt8.cloudfront.net\/12\/2024\/08\/3872-300x180.webp 300w, https:\/\/d2p6e6u75xmxt8.cloudfront.net\/12\/2024\/08\/3872-768x461.webp 768w, https:\/\/d2p6e6u75xmxt8.cloudfront.net\/12\/2024\/08\/3872-400x240.webp 400w, https:\/\/d2p6e6u75xmxt8.cloudfront.net\/12\/2024\/08\/3872.webp 1440w\" sizes=\"auto, (max-width: 1024px) 100vw, 1024px\" \/><figcaption id=\"caption-attachment-18654\" class=\"wp-caption-text\">fot\u00f3: \u00d3scar del Pozo\/AFP\/Getty<\/figcaption><\/figure>\n<p>Az\u00f3ta kimondva-kimondatlanul mindenki a Tour de France-deb\u00fct\u00e1l\u00e1s\u00e1t v\u00e1rta, ez id\u00e9n j\u00faliusban el is j\u00f6tt v\u00e9gre, \u00e9s bizony itt sem vallott sz\u00e9gyent: a vil\u00e1g legnagyobb verseny\u00e9n a k\u00e9t \u201ek\u00edv\u00fcl\u00e1ll\u00f3\u201d, a m\u00e1s dimenzi\u00f3ban teker\u0151 Tadej Pogacar \u00e9s az el\u0151z\u0151 k\u00e9t s\u00e1rga trik\u00f3t megnyer\u0151 Jonas Vingegaard m\u00f6g\u00f6tt a harmadikk\u00e9nt v\u00e9gzett, egy id\u0151futamszakaszt az\u00e9rt itt is bezs\u00e1kolva. P\u00e1rizsban pedig \u201ekimaxolta\u201d a m\u0171fajt: mind\u00f6ssze hat(!) nappal a Tour nizzai c\u00e9lba \u00e9r\u00e9se ut\u00e1n az olimpia es\u0151s aszfaltj\u00e1n is megnyerte az egy\u00e9ni id\u0151futamot, vb-c\u00edme ut\u00e1n teljess\u00e9 t\u00e9ve idev\u00e1g\u00f3 \u00e9remkollekci\u00f3j\u00e1t. <em>\u201eNeh\u00e9z mit mondanom\u2026 Nagyon k\u00fcl\u00f6nleges ez most, a hab a tort\u00e1n\u201d <\/em>\u2013 mondta Evenepoel, aki a sz\u00e1m egyik specialist\u00e1j\u00e1t, Filippo Gann\u00e1t 15 m\u00e1sodperccel, tulajdon honfit\u00e1rs\u00e1t, Wout Van Aertot pedig 25 m\u00e1sodperccel el\u0151zte meg.<\/p>\n<figure id=\"attachment_18655\" aria-describedby=\"caption-attachment-18655\" style=\"width: 860px\" class=\"wp-caption alignnone\"><img loading=\"lazy\" decoding=\"async\" class=\"size-full wp-image-18655\" src=\"https:\/\/d2p6e6u75xmxt8.cloudfront.net\/12\/2024\/08\/372eae1a031b054d36ec89d5ffb6e9177bc1c639d8a416d6a0b40cfca70efaf2-860-460.webp\" alt=\"\" width=\"860\" height=\"460\" srcset=\"https:\/\/d2p6e6u75xmxt8.cloudfront.net\/12\/2024\/08\/372eae1a031b054d36ec89d5ffb6e9177bc1c639d8a416d6a0b40cfca70efaf2-860-460.webp 860w, https:\/\/d2p6e6u75xmxt8.cloudfront.net\/12\/2024\/08\/372eae1a031b054d36ec89d5ffb6e9177bc1c639d8a416d6a0b40cfca70efaf2-860-460-300x160.webp 300w, https:\/\/d2p6e6u75xmxt8.cloudfront.net\/12\/2024\/08\/372eae1a031b054d36ec89d5ffb6e9177bc1c639d8a416d6a0b40cfca70efaf2-860-460-768x411.webp 768w, https:\/\/d2p6e6u75xmxt8.cloudfront.net\/12\/2024\/08\/372eae1a031b054d36ec89d5ffb6e9177bc1c639d8a416d6a0b40cfca70efaf2-860-460-400x214.webp 400w\" sizes=\"auto, (max-width: 860px) 100vw, 860px\" \/><figcaption id=\"caption-attachment-18655\" class=\"wp-caption-text\">fot\u00f3: https:\/\/x.com\/EvenepoelRemco<\/figcaption><\/figure>\n<p>N\u00e1luk is jobban bosszankodhatott azonban a negyedik helyre lecs\u00fasz\u00f3 Joshua Tarling, aki mind\u00f6ssze k\u00e9t m\u00e1sodperccel maradt le a dobog\u00f3r\u00f3l, \u00fagy, hogy menet k\u00f6zben egy defekt miatt bring\u00e1t kellett cser\u00e9lnie \u2013 vagyis gyakorlatilag biztos \u00e9remr\u0151l volt k\u00e9nytelen lemondani ily m\u00f3don.<\/p>\n<p>\u00c9s a legfontosabb, hogy term\u00e9szetesen magyar k\u00f6z\u00f6ns\u00e9gkedvenceinknek is szurkolhat(t)unk P\u00e1rizsban! Valter Attila Evenepoel m\u00f6g\u00f6tt 2:33-as h\u00e1tr\u00e1nnyal a 22. helyen v\u00e9gzett az id\u0151futamban, Vas Kata Blanka pedig \u00fagy is 10. lett a n\u0151i hegyiker\u00e9kp\u00e1rosokn\u00e1l, hogy id\u00e9n csup\u00e1n k\u00e9t szak\u00e1gi vil\u00e1gkupaversenyen indult, mert a f\u0151 c\u00e9lja ez\u00fattal m\u00e1r az orsz\u00e1g\u00fati mez\u0151nyverseny lesz \u2013 csak\u00fagy, mint Valter Atinak! A f\u00e9rfiak mez\u0151nyverseny\u00e9re szombaton, a n\u0151k\u00e9re vas\u00e1rnap ker\u00fcl sor, szurkoljunk egy\u00fctt k\u00e9t kiv\u00e1l\u00f3s\u00e1gunknak!<\/p>\n<figure id=\"attachment_18656\" aria-describedby=\"caption-attachment-18656\" style=\"width: 819px\" class=\"wp-caption alignnone\"><img loading=\"lazy\" decoding=\"async\" class=\"size-large wp-image-18656\" src=\"https:\/\/d2p6e6u75xmxt8.cloudfront.net\/12\/2024\/08\/453047463_18459062590021867_3375168241163575139_n-819x1024.webp\" alt=\"\" width=\"819\" height=\"1024\" srcset=\"https:\/\/d2p6e6u75xmxt8.cloudfront.net\/12\/2024\/08\/453047463_18459062590021867_3375168241163575139_n-819x1024.webp 819w, https:\/\/d2p6e6u75xmxt8.cloudfront.net\/12\/2024\/08\/453047463_18459062590021867_3375168241163575139_n-240x300.webp 240w, https:\/\/d2p6e6u75xmxt8.cloudfront.net\/12\/2024\/08\/453047463_18459062590021867_3375168241163575139_n-768x960.webp 768w, https:\/\/d2p6e6u75xmxt8.cloudfront.net\/12\/2024\/08\/453047463_18459062590021867_3375168241163575139_n-1229x1536.webp 1229w, https:\/\/d2p6e6u75xmxt8.cloudfront.net\/12\/2024\/08\/453047463_18459062590021867_3375168241163575139_n-320x400.webp 320w, https:\/\/d2p6e6u75xmxt8.cloudfront.net\/12\/2024\/08\/453047463_18459062590021867_3375168241163575139_n.webp 1440w\" sizes=\"auto, (max-width: 819px) 100vw, 819px\" \/><figcaption id=\"caption-attachment-18656\" class=\"wp-caption-text\">forr\u00e1s: Facebook\/Blanka Vas<\/figcaption><\/figure>\n","protected":false},"excerpt":{"rendered":"<p>A belg\u00e1k hajdan\u00e1n focistatehets\u00e9gnek indul\u00f3 bringaszt\u00e1rja el\u0151bb Tour de France-deb\u00fct\u00e1l\u00e1s\u00e1n a harmadik helyen \u00e9rkezett meg Nizz\u00e1ban, hat napra r\u00e1 pedig [&hellip;]<\/p>\n","protected":false},"author":71,"featured_media":18652,"comment_status":"open","ping_status":"open","sticky":false,"template":"","format":"standard","meta":{"footnotes":""},"categories":[8],"tags":[],"global-categories":[419],"class_list":["post-18651","post","type-post","status-publish","format-standard","has-post-thumbnail","hentry","category-orszaguti-kerekpar","global-categories-cycling"],"yoast_head":"<!-- This site is optimized with the Yoast SEO Premium plugin v25.3 (Yoast SEO v25.9) - https:\/\/yoast.com\/wordpress\/plugins\/seo\/ -->\n<title>Futballist\u00e1b\u00f3l aszfaltkir\u00e1ly: olimpiai, Grand Tour- \u00e9s id\u0151futamkalandok Remco Evenepoellal<\/title>\n<meta name=\"description\" content=\"A belg\u00e1k hajdan\u00e1n focistatehets\u00e9gnek indul\u00f3 bringaszt\u00e1rja el\u0151bb Tour de France-deb\u00fct\u00e1l\u00e1s\u00e1n a harmadik helyen \u00e9rkezett meg Nizz\u00e1ban, hat napra r\u00e1 pedig m\u00e1r olimpiai bajnoknak mondhatta mag\u00e1t ezer kilom\u00e9terrel arr\u00e9bb, P\u00e1rizsban. Ami pedig a magyarokat illeti: Valter Attil\u00e1nak \u00e9s Vas Kata Blank\u00e1nak is szurkolhatunk m\u00e9g a francia f\u0151v\u00e1rosban!\" \/>\n<meta name=\"robots\" content=\"index, follow, max-snippet:-1, max-image-preview:large, max-video-preview:-1\" \/>\n<link rel=\"canonical\" href=\"https:\/\/www.welovecycling.com\/hu\/orszaguti-kerekpar\/futballistabol-aszfaltkiraly-olimpiai-grand-tour-es-idofutamkalandok-remco-evenepoellal\/\" \/>\n<meta property=\"og:locale\" content=\"hu_HU\" \/>\n<meta property=\"og:type\" content=\"article\" \/>\n<meta property=\"og:title\" content=\"Futballist\u00e1b\u00f3l aszfaltkir\u00e1ly: olimpiai, Grand Tour- \u00e9s id\u0151futamkalandok Remco Evenepoellal\" \/>\n<meta property=\"og:description\" content=\"A belg\u00e1k hajdan\u00e1n focistatehets\u00e9gnek indul\u00f3 bringaszt\u00e1rja el\u0151bb Tour de France-deb\u00fct\u00e1l\u00e1s\u00e1n a harmadik helyen \u00e9rkezett meg Nizz\u00e1ban, hat napra r\u00e1 pedig m\u00e1r olimpiai bajnoknak mondhatta mag\u00e1t ezer kilom\u00e9terrel arr\u00e9bb, P\u00e1rizsban. Ami pedig a magyarokat illeti: Valter Attil\u00e1nak \u00e9s Vas Kata Blank\u00e1nak is szurkolhatunk m\u00e9g a francia f\u0151v\u00e1rosban!\" \/>\n<meta property=\"og:url\" content=\"https:\/\/www.welovecycling.com\/hu\/orszaguti-kerekpar\/futballistabol-aszfaltkiraly-olimpiai-grand-tour-es-idofutamkalandok-remco-evenepoellal\/\" \/>\n<meta property=\"og:site_name\" content=\"\u0160koda We Love Cycling - Magyarorsz\u00e1g\" \/>\n<meta property=\"article:publisher\" content=\"https:\/\/www.facebook.com\/WeLoveCyclingHungary\/\" \/>\n<meta property=\"article:published_time\" content=\"2024-08-01T08:08:25+00:00\" \/>\n<meta property=\"og:image\" content=\"https:\/\/d2p6e6u75xmxt8.cloudfront.net\/12\/2024\/08\/image-3f51d533-e8b7-4ac5-9d23-004059beb8d7-85-2560-1440.webp\" \/>\n\t<meta property=\"og:image:width\" content=\"2560\" \/>\n\t<meta property=\"og:image:height\" content=\"1440\" \/>\n\t<meta property=\"og:image:type\" content=\"image\/webp\" \/>\n<meta name=\"author\" content=\"hegyizs\" \/>\n<meta name=\"twitter:card\" content=\"summary_large_image\" \/>\n<meta name=\"twitter:label1\" content=\"Written by\" \/>\n\t<meta name=\"twitter:data1\" content=\"WLC\" \/>\n\t<meta name=\"twitter:label2\" content=\"Est. reading time\" \/>\n\t<meta name=\"twitter:data2\" content=\"4 minutes\" \/>\n<script type=\"application\/ld+json\" class=\"yoast-schema-graph\">{\"@context\":\"https:\/\/schema.org\",\"@graph\":[{\"@type\":\"WebPage\",\"@id\":\"https:\/\/www.welovecycling.com\/hu\/orszaguti-kerekpar\/futballistabol-aszfaltkiraly-olimpiai-grand-tour-es-idofutamkalandok-remco-evenepoellal\/\",\"url\":\"https:\/\/www.welovecycling.com\/hu\/orszaguti-kerekpar\/futballistabol-aszfaltkiraly-olimpiai-grand-tour-es-idofutamkalandok-remco-evenepoellal\/\",\"name\":\"Futballist\u00e1b\u00f3l aszfaltkir\u00e1ly: olimpiai, Grand Tour- \u00e9s id\u0151futamkalandok Remco Evenepoellal\",\"isPartOf\":{\"@id\":\"https:\/\/www.welovecycling.com\/hu\/#website\"},\"primaryImageOfPage\":{\"@id\":\"https:\/\/www.welovecycling.com\/hu\/orszaguti-kerekpar\/futballistabol-aszfaltkiraly-olimpiai-grand-tour-es-idofutamkalandok-remco-evenepoellal\/#primaryimage\"},\"image\":{\"@id\":\"https:\/\/www.welovecycling.com\/hu\/orszaguti-kerekpar\/futballistabol-aszfaltkiraly-olimpiai-grand-tour-es-idofutamkalandok-remco-evenepoellal\/#primaryimage\"},\"thumbnailUrl\":\"https:\/\/d2p6e6u75xmxt8.cloudfront.net\/12\/2024\/08\/image-3f51d533-e8b7-4ac5-9d23-004059beb8d7-85-2560-1440.webp\",\"datePublished\":\"2024-08-01T08:08:25+00:00\",\"author\":{\"@id\":\"https:\/\/www.welovecycling.com\/hu\/#\/schema\/person\/414a2aebf1801691a5320edb6468e194\"},\"description\":\"A belg\u00e1k hajdan\u00e1n focistatehets\u00e9gnek indul\u00f3 bringaszt\u00e1rja el\u0151bb Tour de France-deb\u00fct\u00e1l\u00e1s\u00e1n a harmadik helyen \u00e9rkezett meg Nizz\u00e1ban, hat napra r\u00e1 pedig m\u00e1r olimpiai bajnoknak mondhatta mag\u00e1t ezer kilom\u00e9terrel arr\u00e9bb, P\u00e1rizsban. Ami pedig a magyarokat illeti: Valter Attil\u00e1nak \u00e9s Vas Kata Blank\u00e1nak is szurkolhatunk m\u00e9g a francia f\u0151v\u00e1rosban!\",\"breadcrumb\":{\"@id\":\"https:\/\/www.welovecycling.com\/hu\/orszaguti-kerekpar\/futballistabol-aszfaltkiraly-olimpiai-grand-tour-es-idofutamkalandok-remco-evenepoellal\/#breadcrumb\"},\"inLanguage\":\"hu\",\"potentialAction\":[{\"@type\":\"ReadAction\",\"target\":[\"https:\/\/www.welovecycling.com\/hu\/orszaguti-kerekpar\/futballistabol-aszfaltkiraly-olimpiai-grand-tour-es-idofutamkalandok-remco-evenepoellal\/\"]}]},{\"@type\":\"ImageObject\",\"inLanguage\":\"hu\",\"@id\":\"https:\/\/www.welovecycling.com\/hu\/orszaguti-kerekpar\/futballistabol-aszfaltkiraly-olimpiai-grand-tour-es-idofutamkalandok-remco-evenepoellal\/#primaryimage\",\"url\":\"https:\/\/d2p6e6u75xmxt8.cloudfront.net\/12\/2024\/08\/image-3f51d533-e8b7-4ac5-9d23-004059beb8d7-85-2560-1440.webp\",\"contentUrl\":\"https:\/\/d2p6e6u75xmxt8.cloudfront.net\/12\/2024\/08\/image-3f51d533-e8b7-4ac5-9d23-004059beb8d7-85-2560-1440.webp\",\"width\":2560,\"height\":1440},{\"@type\":\"BreadcrumbList\",\"@id\":\"https:\/\/www.welovecycling.com\/hu\/orszaguti-kerekpar\/futballistabol-aszfaltkiraly-olimpiai-grand-tour-es-idofutamkalandok-remco-evenepoellal\/#breadcrumb\",\"itemListElement\":[{\"@type\":\"ListItem\",\"position\":1,\"name\":\"Home\",\"item\":\"https:\/\/www.welovecycling.com\/hu\/\"},{\"@type\":\"ListItem\",\"position\":2,\"name\":\"Futballist\u00e1b\u00f3l aszfaltkir\u00e1ly: olimpiai, Grand Tour- \u00e9s id\u0151futamkalandok Remco Evenepoellal\"}]},{\"@type\":\"WebSite\",\"@id\":\"https:\/\/www.welovecycling.com\/hu\/#website\",\"url\":\"https:\/\/www.welovecycling.com\/hu\/\",\"name\":\"\u0160koda We Love Cycling - Magyarorsz\u00e1g\",\"description\":\"\u0160koda WeLoveCycling\",\"potentialAction\":[{\"@type\":\"SearchAction\",\"target\":{\"@type\":\"EntryPoint\",\"urlTemplate\":\"https:\/\/www.welovecycling.com\/hu\/?s={search_term_string}\"},\"query-input\":{\"@type\":\"PropertyValueSpecification\",\"valueRequired\":true,\"valueName\":\"search_term_string\"}}],\"inLanguage\":\"hu\"},{\"@type\":\"Person\",\"@id\":\"https:\/\/www.welovecycling.com\/hu\/#\/schema\/person\/414a2aebf1801691a5320edb6468e194\",\"name\":\"hegyizs\",\"image\":{\"@type\":\"ImageObject\",\"inLanguage\":\"hu\",\"@id\":\"https:\/\/www.welovecycling.com\/hu\/#\/schema\/person\/image\/\",\"url\":\"https:\/\/secure.gravatar.com\/avatar\/02cf8a7906b8cf90cecb4679defac7cfd33a1c2e3b88e4903d947f3bb58eedd3?s=96&d=mm&r=g\",\"contentUrl\":\"https:\/\/secure.gravatar.com\/avatar\/02cf8a7906b8cf90cecb4679defac7cfd33a1c2e3b88e4903d947f3bb58eedd3?s=96&d=mm&r=g\",\"caption\":\"hegyizs\"},\"url\":\"https:\/\/www.welovecycling.com\/hu\/author\/hegyizs\/\"}]}<\/script>\n<!-- \/ Yoast SEO Premium plugin. -->","yoast_head_json":{"title":"Futballist\u00e1b\u00f3l aszfaltkir\u00e1ly: olimpiai, Grand Tour- \u00e9s id\u0151futamkalandok Remco Evenepoellal","description":"A belg\u00e1k hajdan\u00e1n focistatehets\u00e9gnek indul\u00f3 bringaszt\u00e1rja el\u0151bb Tour de France-deb\u00fct\u00e1l\u00e1s\u00e1n a harmadik helyen \u00e9rkezett meg Nizz\u00e1ban, hat napra r\u00e1 pedig m\u00e1r olimpiai bajnoknak mondhatta mag\u00e1t ezer kilom\u00e9terrel arr\u00e9bb, P\u00e1rizsban. Ami pedig a magyarokat illeti: Valter Attil\u00e1nak \u00e9s Vas Kata Blank\u00e1nak is szurkolhatunk m\u00e9g a francia f\u0151v\u00e1rosban!","robots":{"index":"index","follow":"follow","max-snippet":"max-snippet:-1","max-image-preview":"max-image-preview:large","max-video-preview":"max-video-preview:-1"},"canonical":"https:\/\/www.welovecycling.com\/hu\/orszaguti-kerekpar\/futballistabol-aszfaltkiraly-olimpiai-grand-tour-es-idofutamkalandok-remco-evenepoellal\/","og_locale":"hu_HU","og_type":"article","og_title":"Futballist\u00e1b\u00f3l aszfaltkir\u00e1ly: olimpiai, Grand Tour- \u00e9s id\u0151futamkalandok Remco Evenepoellal","og_description":"A belg\u00e1k hajdan\u00e1n focistatehets\u00e9gnek indul\u00f3 bringaszt\u00e1rja el\u0151bb Tour de France-deb\u00fct\u00e1l\u00e1s\u00e1n a harmadik helyen \u00e9rkezett meg Nizz\u00e1ban, hat napra r\u00e1 pedig m\u00e1r olimpiai bajnoknak mondhatta mag\u00e1t ezer kilom\u00e9terrel arr\u00e9bb, P\u00e1rizsban. Ami pedig a magyarokat illeti: Valter Attil\u00e1nak \u00e9s Vas Kata Blank\u00e1nak is szurkolhatunk m\u00e9g a francia f\u0151v\u00e1rosban!","og_url":"https:\/\/www.welovecycling.com\/hu\/orszaguti-kerekpar\/futballistabol-aszfaltkiraly-olimpiai-grand-tour-es-idofutamkalandok-remco-evenepoellal\/","og_site_name":"\u0160koda We Love Cycling - Magyarorsz\u00e1g","article_publisher":"https:\/\/www.facebook.com\/WeLoveCyclingHungary\/","article_published_time":"2024-08-01T08:08:25+00:00","og_image":[{"width":2560,"height":1440,"url":"https:\/\/d2p6e6u75xmxt8.cloudfront.net\/12\/2024\/08\/image-3f51d533-e8b7-4ac5-9d23-004059beb8d7-85-2560-1440.webp","type":"image\/webp"}],"author":"hegyizs","twitter_card":"summary_large_image","twitter_misc":{"Written by":"WLC","Est. reading time":"4 minutes"},"schema":{"@context":"https:\/\/schema.org","@graph":[{"@type":"WebPage","@id":"https:\/\/www.welovecycling.com\/hu\/orszaguti-kerekpar\/futballistabol-aszfaltkiraly-olimpiai-grand-tour-es-idofutamkalandok-remco-evenepoellal\/","url":"https:\/\/www.welovecycling.com\/hu\/orszaguti-kerekpar\/futballistabol-aszfaltkiraly-olimpiai-grand-tour-es-idofutamkalandok-remco-evenepoellal\/","name":"Futballist\u00e1b\u00f3l aszfaltkir\u00e1ly: olimpiai, Grand Tour- \u00e9s id\u0151futamkalandok Remco Evenepoellal","isPartOf":{"@id":"https:\/\/www.welovecycling.com\/hu\/#website"},"primaryImageOfPage":{"@id":"https:\/\/www.welovecycling.com\/hu\/orszaguti-kerekpar\/futballistabol-aszfaltkiraly-olimpiai-grand-tour-es-idofutamkalandok-remco-evenepoellal\/#primaryimage"},"image":{"@id":"https:\/\/www.welovecycling.com\/hu\/orszaguti-kerekpar\/futballistabol-aszfaltkiraly-olimpiai-grand-tour-es-idofutamkalandok-remco-evenepoellal\/#primaryimage"},"thumbnailUrl":"https:\/\/d2p6e6u75xmxt8.cloudfront.net\/12\/2024\/08\/image-3f51d533-e8b7-4ac5-9d23-004059beb8d7-85-2560-1440.webp","datePublished":"2024-08-01T08:08:25+00:00","author":{"@id":"https:\/\/www.welovecycling.com\/hu\/#\/schema\/person\/414a2aebf1801691a5320edb6468e194"},"description":"A belg\u00e1k hajdan\u00e1n focistatehets\u00e9gnek indul\u00f3 bringaszt\u00e1rja el\u0151bb Tour de France-deb\u00fct\u00e1l\u00e1s\u00e1n a harmadik helyen \u00e9rkezett meg Nizz\u00e1ban, hat napra r\u00e1 pedig m\u00e1r olimpiai bajnoknak mondhatta mag\u00e1t ezer kilom\u00e9terrel arr\u00e9bb, P\u00e1rizsban. Ami pedig a magyarokat illeti: Valter Attil\u00e1nak \u00e9s Vas Kata Blank\u00e1nak is szurkolhatunk m\u00e9g a francia f\u0151v\u00e1rosban!","breadcrumb":{"@id":"https:\/\/www.welovecycling.com\/hu\/orszaguti-kerekpar\/futballistabol-aszfaltkiraly-olimpiai-grand-tour-es-idofutamkalandok-remco-evenepoellal\/#breadcrumb"},"inLanguage":"hu","potentialAction":[{"@type":"ReadAction","target":["https:\/\/www.welovecycling.com\/hu\/orszaguti-kerekpar\/futballistabol-aszfaltkiraly-olimpiai-grand-tour-es-idofutamkalandok-remco-evenepoellal\/"]}]},{"@type":"ImageObject","inLanguage":"hu","@id":"https:\/\/www.welovecycling.com\/hu\/orszaguti-kerekpar\/futballistabol-aszfaltkiraly-olimpiai-grand-tour-es-idofutamkalandok-remco-evenepoellal\/#primaryimage","url":"https:\/\/d2p6e6u75xmxt8.cloudfront.net\/12\/2024\/08\/image-3f51d533-e8b7-4ac5-9d23-004059beb8d7-85-2560-1440.webp","contentUrl":"https:\/\/d2p6e6u75xmxt8.cloudfront.net\/12\/2024\/08\/image-3f51d533-e8b7-4ac5-9d23-004059beb8d7-85-2560-1440.webp","width":2560,"height":1440},{"@type":"BreadcrumbList","@id":"https:\/\/www.welovecycling.com\/hu\/orszaguti-kerekpar\/futballistabol-aszfaltkiraly-olimpiai-grand-tour-es-idofutamkalandok-remco-evenepoellal\/#breadcrumb","itemListElement":[{"@type":"ListItem","position":1,"name":"Home","item":"https:\/\/www.welovecycling.com\/hu\/"},{"@type":"ListItem","position":2,"name":"Futballist\u00e1b\u00f3l aszfaltkir\u00e1ly: olimpiai, Grand Tour- \u00e9s id\u0151futamkalandok Remco Evenepoellal"}]},{"@type":"WebSite","@id":"https:\/\/www.welovecycling.com\/hu\/#website","url":"https:\/\/www.welovecycling.com\/hu\/","name":"\u0160koda We Love Cycling - Magyarorsz\u00e1g","description":"\u0160koda WeLoveCycling","potentialAction":[{"@type":"SearchAction","target":{"@type":"EntryPoint","urlTemplate":"https:\/\/www.welovecycling.com\/hu\/?s={search_term_string}"},"query-input":{"@type":"PropertyValueSpecification","valueRequired":true,"valueName":"search_term_string"}}],"inLanguage":"hu"},{"@type":"Person","@id":"https:\/\/www.welovecycling.com\/hu\/#\/schema\/person\/414a2aebf1801691a5320edb6468e194","name":"hegyizs","image":{"@type":"ImageObject","inLanguage":"hu","@id":"https:\/\/www.welovecycling.com\/hu\/#\/schema\/person\/image\/","url":"https:\/\/secure.gravatar.com\/avatar\/02cf8a7906b8cf90cecb4679defac7cfd33a1c2e3b88e4903d947f3bb58eedd3?s=96&d=mm&r=g","contentUrl":"https:\/\/secure.gravatar.com\/avatar\/02cf8a7906b8cf90cecb4679defac7cfd33a1c2e3b88e4903d947f3bb58eedd3?s=96&d=mm&r=g","caption":"hegyizs"},"url":"https:\/\/www.welovecycling.com\/hu\/author\/hegyizs\/"}]}},"_links":{"self":[{"href":"https:\/\/www.welovecycling.com\/hu\/wp-json\/wp\/v2\/posts\/18651","targetHints":{"allow":["GET"]}}],"collection":[{"href":"https:\/\/www.welovecycling.com\/hu\/wp-json\/wp\/v2\/posts"}],"about":[{"href":"https:\/\/www.welovecycling.com\/hu\/wp-json\/wp\/v2\/types\/post"}],"author":[{"embeddable":true,"href":"https:\/\/www.welovecycling.com\/hu\/wp-json\/wp\/v2\/users\/71"}],"replies":[{"embeddable":true,"href":"https:\/\/www.welovecycling.com\/hu\/wp-json\/wp\/v2\/comments?post=18651"}],"version-history":[{"count":1,"href":"https:\/\/www.welovecycling.com\/hu\/wp-json\/wp\/v2\/posts\/18651\/revisions"}],"predecessor-version":[{"id":18657,"href":"https:\/\/www.welovecycling.com\/hu\/wp-json\/wp\/v2\/posts\/18651\/revisions\/18657"}],"wp:featuredmedia":[{"embeddable":true,"href":"https:\/\/www.welovecycling.com\/hu\/wp-json\/wp\/v2\/media\/18652"}],"wp:attachment":[{"href":"https:\/\/www.welovecycling.com\/hu\/wp-json\/wp\/v2\/media?parent=18651"}],"wp:term":[{"taxonomy":"category","embeddable":true,"href":"https:\/\/www.welovecycling.com\/hu\/wp-json\/wp\/v2\/categories?post=18651"},{"taxonomy":"post_tag","embeddable":true,"href":"https:\/\/www.welovecycling.com\/hu\/wp-json\/wp\/v2\/tags?post=18651"},{"taxonomy":"global-categories","embeddable":true,"href":"https:\/\/www.welovecycling.com\/hu\/wp-json\/wp\/v2\/global-categories?post=18651"}],"curies":[{"name":"wp","href":"https:\/\/api.w.org\/{rel}","templated":true}]}}