{"id":18630,"date":"2024-07-15T15:32:28","date_gmt":"2024-07-15T13:32:28","guid":{"rendered":"https:\/\/www.welovecycling.com\/hu\/?p=18630"},"modified":"2024-07-15T15:32:28","modified_gmt":"2024-07-15T13:32:28","slug":"formasagga-silanyitotta-pogacar-a-tour-utolso-hetet","status":"publish","type":"post","link":"https:\/\/www.welovecycling.com\/hu\/orszaguti-kerekpar\/formasagga-silanyitotta-pogacar-a-tour-utolso-hetet\/","title":{"rendered":"Formas\u00e1gg\u00e1 sil\u00e1ny\u00edtotta Poga\u010dar a Tour utols\u00f3 het\u00e9t?"},"content":{"rendered":"<p><strong>Nagyon \u00fagy t\u0171nik, hogy csak valami rendk\u00edv\u00fcli fordulat akad\u00e1lyozhatn\u00e1 meg a szlov\u00e9n szt\u00e1rt a Tour de France-gy\u0151zelem visszaszerz\u00e9s\u00e9ben. <\/strong><\/p>\n<p><!--more--><\/p>\n<p>Tadej Poga\u010dar idei brut\u00e1lis dominanci\u00e1j\u00e1t l\u00e1tva er\u0151sen benne volt a pakliban egy hasonl\u00f3 forgat\u00f3k\u00f6nyv a mostani Tour de France-on, f\u0151leg miut\u00e1n Jonas Vingegaardnak eleve az indul\u00e1sa is vesz\u00e9lybe ker\u00fclt, amikor \u00e1prilis elej\u00e9n hatalmasat bukott a baszk k\u00f6r\u00f6n, s\u00falyos s\u00e9r\u00fcl\u00e9seket szenvedve. Noha a legfrissebb nyilatkozatok alapj\u00e1n a c\u00edmv\u00e9d\u0151 d\u00e1n m\u00e1r akkor is csak arra tudott koncentr\u00e1lni, hogy fel\u00e9p\u00fclj\u00f6n a Tour-ig \u2013 \u00e9s a Vism\u00e1n\u00e1l \u00f6ssze is dr\u00f3tozt\u00e1k a firenzei rajtig \u2013, a h\u00e1romh\u00f3napos kihagy\u00e1s nyilv\u00e1n nem a legjobb aj\u00e1nl\u00f3lev\u00e9l a vil\u00e1g legnagyobb h\u00e1romhetese el\u0151tt. Vingegaard el\u0151tt ett\u0151l m\u00e9g le a kalappal, hiszen alapb\u00f3l nagy sz\u00f3, hogy egy\u00e1ltal\u00e1n rajthoz tudott \u00e1llni ennyi id\u0151vel az egyebek mellett kulcscsontt\u00f6r\u00e9ssel \u00e9s l\u00e9gmellel j\u00e1r\u00f3 horrorbuk\u00e1sa ut\u00e1n, \u00e9s a kritik\u00e1kra reag\u00e1lva a verseny m\u00e1sodik fel\u00e9ben m\u00e1r kezdem\u00e9nyez\u0151bb versenyz\u00e9st is bemutatott t\u00e1mad\u00e1sokkal megf\u0171szerezve \u2013 jutalmul egy igen \u00e9rzelmes szakaszsikerrel a 11. etapon.<\/p>\n<figure id=\"attachment_18634\" aria-describedby=\"caption-attachment-18634\" style=\"width: 1024px\" class=\"wp-caption alignnone\"><a href=\"https:\/\/d2p6e6u75xmxt8.cloudfront.net\/12\/2024\/07\/stage-winner-jonas-vingegaard-hansen-of-denmark-and-team-news-photo-1720624833.webp\"><img loading=\"lazy\" decoding=\"async\" class=\"size-full wp-image-18634\" src=\"https:\/\/d2p6e6u75xmxt8.cloudfront.net\/12\/2024\/07\/stage-winner-jonas-vingegaard-hansen-of-denmark-and-team-news-photo-1720624833.webp\" alt=\"\" width=\"1024\" height=\"683\" srcset=\"https:\/\/d2p6e6u75xmxt8.cloudfront.net\/12\/2024\/07\/stage-winner-jonas-vingegaard-hansen-of-denmark-and-team-news-photo-1720624833.webp 1024w, https:\/\/d2p6e6u75xmxt8.cloudfront.net\/12\/2024\/07\/stage-winner-jonas-vingegaard-hansen-of-denmark-and-team-news-photo-1720624833-300x200.webp 300w, https:\/\/d2p6e6u75xmxt8.cloudfront.net\/12\/2024\/07\/stage-winner-jonas-vingegaard-hansen-of-denmark-and-team-news-photo-1720624833-768x512.webp 768w, https:\/\/d2p6e6u75xmxt8.cloudfront.net\/12\/2024\/07\/stage-winner-jonas-vingegaard-hansen-of-denmark-and-team-news-photo-1720624833-400x267.webp 400w, https:\/\/d2p6e6u75xmxt8.cloudfront.net\/12\/2024\/07\/stage-winner-jonas-vingegaard-hansen-of-denmark-and-team-news-photo-1720624833-272x182.webp 272w\" sizes=\"auto, (max-width: 1024px) 100vw, 1024px\" \/><\/a><figcaption id=\"caption-attachment-18634\" class=\"wp-caption-text\">A Tour-c\u00edmv\u00e9d\u0151 Jonas Vingegaard a k\u00f6nnyeit sem tudta visszatartani azt k\u00f6vet\u0151en, hogy alig 3 h\u00f3nappal a horrorbuk\u00e1sa ut\u00e1n szakaszt nyert a vil\u00e1g legnagyobb verseny\u00e9n (fot\u00f3: Getty Images)<\/figcaption><\/figure>\n<p>Ez \u00f6nmag\u00e1ban brav\u00farkateg\u00f3ria, azonban jelenleg csup\u00e1n annyira el\u00e9g, hogy hellyel-k\u00f6zzel tartani tudja a l\u00e9p\u00e9st az emberfelettit produk\u00e1l\u00f3 Tadej Poga\u010darral. A szlov\u00e9n uf\u00f3nak nyilv\u00e1n nem j\u00f6tt rosszul, hogy egy m\u00e1sik f\u0151 riv\u00e1lisa, egyben honfit\u00e1rsa, az ut\u00f3bbi \u00e9vekben a szerencs\u00e9vel finoman sz\u00f3lva is hadil\u00e1bon \u00e1ll\u00f3 Primoz Rogli\u010d k\u00e9t komolyat is bukott a viadal els\u0151 m\u00e1sf\u00e9l het\u00e9ben, \u00edgy a 12. etapon feladta a viadalt. De ez az \u0151 \u00e9rdemeib\u0151l mit sem von le: annyira er\u0151demonstr\u00e1l\u00f3 versenyz\u00e9ssel oktatja a komplett mez\u0151nyt, mint ahogy azt az idei napt\u00e1ri \u00e9ve legnagyobb r\u00e9sz\u00e9ben tette. Poga\u010dar eddig szinte mindenhol diadalmaskodott, ahol elindult: a Strade Bianch\u00e9t utcahosszal nyerte 80 kilom\u00e9teres sz\u00f3l\u00f3sz\u00f6k\u00e9s ut\u00e1n, a Milano\u2013Sanrem\u00f3n is fel\u00e1llhatott a dobog\u00f3ra, hogy azt\u00e1n a katal\u00e1n k\u00f6r\u00f6n, a Liege\u2013Bastogne\u2013Liege-en \u00e9s a Gir\u00f3n is t\u00f6nkreverje a mez\u0151nyt.<\/p>\n<figure id=\"attachment_18632\" aria-describedby=\"caption-attachment-18632\" style=\"width: 879px\" class=\"wp-caption alignnone\"><a href=\"https:\/\/d2p6e6u75xmxt8.cloudfront.net\/12\/2024\/07\/pogi-giro24.webp\"><img loading=\"lazy\" decoding=\"async\" class=\"size-full wp-image-18632\" src=\"https:\/\/d2p6e6u75xmxt8.cloudfront.net\/12\/2024\/07\/pogi-giro24.webp\" alt=\"\" width=\"879\" height=\"585\" srcset=\"https:\/\/d2p6e6u75xmxt8.cloudfront.net\/12\/2024\/07\/pogi-giro24.webp 879w, https:\/\/d2p6e6u75xmxt8.cloudfront.net\/12\/2024\/07\/pogi-giro24-300x200.webp 300w, https:\/\/d2p6e6u75xmxt8.cloudfront.net\/12\/2024\/07\/pogi-giro24-768x511.webp 768w, https:\/\/d2p6e6u75xmxt8.cloudfront.net\/12\/2024\/07\/pogi-giro24-400x266.webp 400w, https:\/\/d2p6e6u75xmxt8.cloudfront.net\/12\/2024\/07\/pogi-giro24-272x182.webp 272w\" sizes=\"auto, (max-width: 879px) 100vw, 879px\" \/><\/a><figcaption id=\"caption-attachment-18632\" class=\"wp-caption-text\">fot\u00f3: Gian Mattia D\u2019Alberto\/Associated Press<\/figcaption><\/figure>\n<p>\u00c9s egyel\u0151re a Tour-on is ezt teszi. Az Emirates extraklasszisa m\u00e1r az els\u0151 13 szakaszon is begy\u0171jt\u00f6tt egy etapsiker mellett k\u00e9t m\u00e1sodik helyet \u00e9s ezekkel egy\u00fctt \u00f6sszesen \u00f6t top t\u00edzes helyez\u00e9st, de a m\u00e1sodik h\u00e9t v\u00e9g\u00e9n mutatta ki igaz\u00e1n, mennyire er\u0151s: szombaton \u00e9s vas\u00e1rnap egym\u00e1s ut\u00e1n k\u00e9t hegyi szakaszt is ellentmond\u00e1st nem t\u0171r\u0151en vitt el, k\u00f6zte a kir\u00e1lyetappal, amelynek v\u00e9g\u00e9n majdnem 4 perccel (!) d\u00f6nt\u00f6tte meg a legend\u00e1s Marco Pantani rekordj\u00e1t; a n\u00e9hai olasz ikonn\u00e1l 3:40-el m\u00e1szta meg gyorsabban a Plateau de Beille 16 km-es emelked\u0151j\u00e9t. Ennek k\u00f6sz\u00f6nhet\u0151en m\u00e1r t\u00f6bb mint h\u00e1rom perc az el\u0151nye Vingegaard, \u00e9s majdnem \u00f6t \u00e9s f\u00e9l Remco Evenepoel el\u0151tt \u2013 \u00fagy, hogy k\u00f6zben a s\u00e1rga trik\u00f3 a negyedik szakasz v\u00e9ge \u00f3ta folyamatosan rajta van.<\/p>\n<p>A megmaradt riv\u00e1lisokon jelenleg egy\u00e1ltal\u00e1n nem l\u00e1tszik az \u00e1t\u00fct\u0151 er\u0151 \u2013 Poga\u010darral ellent\u00e9tben \u2013, vagyis az utols\u00f3 h\u00e9ten minden jel szerint valami igencsak rendk\u00edv\u00fclinek kellene t\u00f6rt\u00e9nnie ahhoz, hogy Vingegaard-\u00e9k meg tudj\u00e1k akad\u00e1lyozni a szlov\u00e9n szt\u00e1rt a Tour-c\u00edm visszaszerz\u00e9s\u00e9ben. F\u0151leg \u00fagy, hogy a 20. etap sokat \u00edg\u00e9r\u0151 egy\u00e9ni id\u0151futam\u00e1n ak\u00e1r m\u00e9g tov\u00e1bb n\u00f6velheti el\u0151ny\u00e9t a t\u00f6bbiekkel szemben, elv\u00e9gre a hetedik etap hasonl\u00f3 m\u0171faj\u00e1ban is csak Evenepoel tudta megel\u0151zni az eg\u00e9sz mez\u0151nyb\u0151l, \u0151 is csup\u00e1n 12 m\u00e1sodperccel.<\/p>\n<p><a href=\"https:\/\/d2p6e6u75xmxt8.cloudfront.net\/12\/2024\/07\/pogi-itt.webp\"><img loading=\"lazy\" decoding=\"async\" class=\"alignnone size-full wp-image-18633\" src=\"https:\/\/d2p6e6u75xmxt8.cloudfront.net\/12\/2024\/07\/pogi-itt.webp\" alt=\"\" width=\"1156\" height=\"747\" srcset=\"https:\/\/d2p6e6u75xmxt8.cloudfront.net\/12\/2024\/07\/pogi-itt.webp 1156w, https:\/\/d2p6e6u75xmxt8.cloudfront.net\/12\/2024\/07\/pogi-itt-300x194.webp 300w, https:\/\/d2p6e6u75xmxt8.cloudfront.net\/12\/2024\/07\/pogi-itt-1024x662.webp 1024w, https:\/\/d2p6e6u75xmxt8.cloudfront.net\/12\/2024\/07\/pogi-itt-768x496.webp 768w, https:\/\/d2p6e6u75xmxt8.cloudfront.net\/12\/2024\/07\/pogi-itt-400x258.webp 400w\" sizes=\"auto, (max-width: 1156px) 100vw, 1156px\" \/><\/a><\/p>\n<p><em>Bor\u00edt\u00f3k\u00e9p: \u00a9 A.S.O.\/Charly Lopez<\/em><\/p>\n","protected":false},"excerpt":{"rendered":"<p>Nagyon \u00fagy t\u0171nik, hogy csak valami rendk\u00edv\u00fcli fordulat akad\u00e1lyozhatn\u00e1 meg a szlov\u00e9n szt\u00e1rt a Tour de France-gy\u0151zelem visszaszerz\u00e9s\u00e9ben.<\/p>\n","protected":false},"author":145,"featured_media":18637,"comment_status":"open","ping_status":"open","sticky":false,"template":"","format":"standard","meta":{"footnotes":""},"categories":[8,96],"tags":[],"global-categories":[419],"class_list":["post-18630","post","type-post","status-publish","format-standard","has-post-thumbnail","hentry","category-orszaguti-kerekpar","category-tour-de-france","global-categories-cycling"],"yoast_head":"<!-- This site is optimized with the Yoast SEO Premium plugin v25.3 (Yoast SEO v25.9) - https:\/\/yoast.com\/wordpress\/plugins\/seo\/ -->\n<title>Formas\u00e1gg\u00e1 sil\u00e1ny\u00edtotta Poga\u010dar a Tour utols\u00f3 het\u00e9t? - \u0160koda We Love Cycling - Magyarorsz\u00e1g<\/title>\n<meta name=\"robots\" content=\"index, follow, max-snippet:-1, max-image-preview:large, max-video-preview:-1\" \/>\n<link rel=\"canonical\" href=\"https:\/\/www.welovecycling.com\/hu\/orszaguti-kerekpar\/formasagga-silanyitotta-pogacar-a-tour-utolso-hetet\/\" \/>\n<meta property=\"og:locale\" content=\"hu_HU\" \/>\n<meta property=\"og:type\" content=\"article\" \/>\n<meta property=\"og:title\" content=\"Formas\u00e1gg\u00e1 sil\u00e1ny\u00edtotta Poga\u010dar a Tour utols\u00f3 het\u00e9t?\" \/>\n<meta property=\"og:description\" content=\"Nagyon \u00fagy t\u0171nik, hogy csak valami rendk\u00edv\u00fcli fordulat akad\u00e1lyozhatn\u00e1 meg a szlov\u00e9n szt\u00e1rt a Tour de France-gy\u0151zelem visszaszerz\u00e9s\u00e9ben.\" \/>\n<meta property=\"og:url\" content=\"https:\/\/www.welovecycling.com\/hu\/orszaguti-kerekpar\/formasagga-silanyitotta-pogacar-a-tour-utolso-hetet\/\" \/>\n<meta property=\"og:site_name\" content=\"\u0160koda We Love Cycling - Magyarorsz\u00e1g\" \/>\n<meta property=\"article:publisher\" content=\"https:\/\/www.facebook.com\/WeLoveCyclingHungary\/\" \/>\n<meta property=\"article:published_time\" content=\"2024-07-15T13:32:28+00:00\" \/>\n<meta property=\"og:image\" content=\"https:\/\/d2p6e6u75xmxt8.cloudfront.net\/12\/2024\/07\/20240714TDF1041-A.S.O.-Charly-Lopez-1.webp\" \/>\n\t<meta property=\"og:image:width\" content=\"1500\" \/>\n\t<meta property=\"og:image:height\" content=\"1000\" \/>\n\t<meta property=\"og:image:type\" content=\"image\/webp\" \/>\n<meta name=\"author\" content=\"kitti\" \/>\n<meta name=\"twitter:card\" content=\"summary_large_image\" \/>\n<meta name=\"twitter:label1\" content=\"Written by\" \/>\n\t<meta name=\"twitter:data1\" content=\"We Love Cycling\" \/>\n\t<meta name=\"twitter:label2\" content=\"Est. reading time\" \/>\n\t<meta name=\"twitter:data2\" content=\"4 minutes\" \/>\n<script type=\"application\/ld+json\" class=\"yoast-schema-graph\">{\"@context\":\"https:\/\/schema.org\",\"@graph\":[{\"@type\":\"WebPage\",\"@id\":\"https:\/\/www.welovecycling.com\/hu\/orszaguti-kerekpar\/formasagga-silanyitotta-pogacar-a-tour-utolso-hetet\/\",\"url\":\"https:\/\/www.welovecycling.com\/hu\/orszaguti-kerekpar\/formasagga-silanyitotta-pogacar-a-tour-utolso-hetet\/\",\"name\":\"Formas\u00e1gg\u00e1 sil\u00e1ny\u00edtotta Poga\u010dar a Tour utols\u00f3 het\u00e9t? - \u0160koda We Love Cycling - Magyarorsz\u00e1g\",\"isPartOf\":{\"@id\":\"https:\/\/www.welovecycling.com\/hu\/#website\"},\"primaryImageOfPage\":{\"@id\":\"https:\/\/www.welovecycling.com\/hu\/orszaguti-kerekpar\/formasagga-silanyitotta-pogacar-a-tour-utolso-hetet\/#primaryimage\"},\"image\":{\"@id\":\"https:\/\/www.welovecycling.com\/hu\/orszaguti-kerekpar\/formasagga-silanyitotta-pogacar-a-tour-utolso-hetet\/#primaryimage\"},\"thumbnailUrl\":\"https:\/\/d2p6e6u75xmxt8.cloudfront.net\/12\/2024\/07\/20240714TDF1041-A.S.O.-Charly-Lopez-1.webp\",\"datePublished\":\"2024-07-15T13:32:28+00:00\",\"author\":{\"@id\":\"https:\/\/www.welovecycling.com\/hu\/#\/schema\/person\/bec7dcdbcc59f58489cf603e4040ced1\"},\"breadcrumb\":{\"@id\":\"https:\/\/www.welovecycling.com\/hu\/orszaguti-kerekpar\/formasagga-silanyitotta-pogacar-a-tour-utolso-hetet\/#breadcrumb\"},\"inLanguage\":\"hu\",\"potentialAction\":[{\"@type\":\"ReadAction\",\"target\":[\"https:\/\/www.welovecycling.com\/hu\/orszaguti-kerekpar\/formasagga-silanyitotta-pogacar-a-tour-utolso-hetet\/\"]}]},{\"@type\":\"ImageObject\",\"inLanguage\":\"hu\",\"@id\":\"https:\/\/www.welovecycling.com\/hu\/orszaguti-kerekpar\/formasagga-silanyitotta-pogacar-a-tour-utolso-hetet\/#primaryimage\",\"url\":\"https:\/\/d2p6e6u75xmxt8.cloudfront.net\/12\/2024\/07\/20240714TDF1041-A.S.O.-Charly-Lopez-1.webp\",\"contentUrl\":\"https:\/\/d2p6e6u75xmxt8.cloudfront.net\/12\/2024\/07\/20240714TDF1041-A.S.O.-Charly-Lopez-1.webp\",\"width\":1500,\"height\":1000},{\"@type\":\"BreadcrumbList\",\"@id\":\"https:\/\/www.welovecycling.com\/hu\/orszaguti-kerekpar\/formasagga-silanyitotta-pogacar-a-tour-utolso-hetet\/#breadcrumb\",\"itemListElement\":[{\"@type\":\"ListItem\",\"position\":1,\"name\":\"Home\",\"item\":\"https:\/\/www.welovecycling.com\/hu\/\"},{\"@type\":\"ListItem\",\"position\":2,\"name\":\"Formas\u00e1gg\u00e1 sil\u00e1ny\u00edtotta Poga\u010dar a Tour utols\u00f3 het\u00e9t?\"}]},{\"@type\":\"WebSite\",\"@id\":\"https:\/\/www.welovecycling.com\/hu\/#website\",\"url\":\"https:\/\/www.welovecycling.com\/hu\/\",\"name\":\"\u0160koda We Love Cycling - Magyarorsz\u00e1g\",\"description\":\"\u0160koda WeLoveCycling\",\"potentialAction\":[{\"@type\":\"SearchAction\",\"target\":{\"@type\":\"EntryPoint\",\"urlTemplate\":\"https:\/\/www.welovecycling.com\/hu\/?s={search_term_string}\"},\"query-input\":{\"@type\":\"PropertyValueSpecification\",\"valueRequired\":true,\"valueName\":\"search_term_string\"}}],\"inLanguage\":\"hu\"},{\"@type\":\"Person\",\"@id\":\"https:\/\/www.welovecycling.com\/hu\/#\/schema\/person\/bec7dcdbcc59f58489cf603e4040ced1\",\"name\":\"kitti\",\"image\":{\"@type\":\"ImageObject\",\"inLanguage\":\"hu\",\"@id\":\"https:\/\/www.welovecycling.com\/hu\/#\/schema\/person\/image\/\",\"url\":\"https:\/\/secure.gravatar.com\/avatar\/e3196a110e1b57b96f56d92d10ce9bb4e9d7210076832a16243337e949410b52?s=96&d=mm&r=g\",\"contentUrl\":\"https:\/\/secure.gravatar.com\/avatar\/e3196a110e1b57b96f56d92d10ce9bb4e9d7210076832a16243337e949410b52?s=96&d=mm&r=g\",\"caption\":\"kitti\"},\"url\":\"https:\/\/www.welovecycling.com\/hu\/author\/kitti\/\"}]}<\/script>\n<!-- \/ Yoast SEO Premium plugin. -->","yoast_head_json":{"title":"Formas\u00e1gg\u00e1 sil\u00e1ny\u00edtotta Poga\u010dar a Tour utols\u00f3 het\u00e9t? - \u0160koda We Love Cycling - Magyarorsz\u00e1g","robots":{"index":"index","follow":"follow","max-snippet":"max-snippet:-1","max-image-preview":"max-image-preview:large","max-video-preview":"max-video-preview:-1"},"canonical":"https:\/\/www.welovecycling.com\/hu\/orszaguti-kerekpar\/formasagga-silanyitotta-pogacar-a-tour-utolso-hetet\/","og_locale":"hu_HU","og_type":"article","og_title":"Formas\u00e1gg\u00e1 sil\u00e1ny\u00edtotta Poga\u010dar a Tour utols\u00f3 het\u00e9t?","og_description":"Nagyon \u00fagy t\u0171nik, hogy csak valami rendk\u00edv\u00fcli fordulat akad\u00e1lyozhatn\u00e1 meg a szlov\u00e9n szt\u00e1rt a Tour de France-gy\u0151zelem visszaszerz\u00e9s\u00e9ben.","og_url":"https:\/\/www.welovecycling.com\/hu\/orszaguti-kerekpar\/formasagga-silanyitotta-pogacar-a-tour-utolso-hetet\/","og_site_name":"\u0160koda We Love Cycling - Magyarorsz\u00e1g","article_publisher":"https:\/\/www.facebook.com\/WeLoveCyclingHungary\/","article_published_time":"2024-07-15T13:32:28+00:00","og_image":[{"width":1500,"height":1000,"url":"https:\/\/d2p6e6u75xmxt8.cloudfront.net\/12\/2024\/07\/20240714TDF1041-A.S.O.-Charly-Lopez-1.webp","type":"image\/webp"}],"author":"kitti","twitter_card":"summary_large_image","twitter_misc":{"Written by":"We Love Cycling","Est. reading time":"4 minutes"},"schema":{"@context":"https:\/\/schema.org","@graph":[{"@type":"WebPage","@id":"https:\/\/www.welovecycling.com\/hu\/orszaguti-kerekpar\/formasagga-silanyitotta-pogacar-a-tour-utolso-hetet\/","url":"https:\/\/www.welovecycling.com\/hu\/orszaguti-kerekpar\/formasagga-silanyitotta-pogacar-a-tour-utolso-hetet\/","name":"Formas\u00e1gg\u00e1 sil\u00e1ny\u00edtotta Poga\u010dar a Tour utols\u00f3 het\u00e9t? - \u0160koda We Love Cycling - Magyarorsz\u00e1g","isPartOf":{"@id":"https:\/\/www.welovecycling.com\/hu\/#website"},"primaryImageOfPage":{"@id":"https:\/\/www.welovecycling.com\/hu\/orszaguti-kerekpar\/formasagga-silanyitotta-pogacar-a-tour-utolso-hetet\/#primaryimage"},"image":{"@id":"https:\/\/www.welovecycling.com\/hu\/orszaguti-kerekpar\/formasagga-silanyitotta-pogacar-a-tour-utolso-hetet\/#primaryimage"},"thumbnailUrl":"https:\/\/d2p6e6u75xmxt8.cloudfront.net\/12\/2024\/07\/20240714TDF1041-A.S.O.-Charly-Lopez-1.webp","datePublished":"2024-07-15T13:32:28+00:00","author":{"@id":"https:\/\/www.welovecycling.com\/hu\/#\/schema\/person\/bec7dcdbcc59f58489cf603e4040ced1"},"breadcrumb":{"@id":"https:\/\/www.welovecycling.com\/hu\/orszaguti-kerekpar\/formasagga-silanyitotta-pogacar-a-tour-utolso-hetet\/#breadcrumb"},"inLanguage":"hu","potentialAction":[{"@type":"ReadAction","target":["https:\/\/www.welovecycling.com\/hu\/orszaguti-kerekpar\/formasagga-silanyitotta-pogacar-a-tour-utolso-hetet\/"]}]},{"@type":"ImageObject","inLanguage":"hu","@id":"https:\/\/www.welovecycling.com\/hu\/orszaguti-kerekpar\/formasagga-silanyitotta-pogacar-a-tour-utolso-hetet\/#primaryimage","url":"https:\/\/d2p6e6u75xmxt8.cloudfront.net\/12\/2024\/07\/20240714TDF1041-A.S.O.-Charly-Lopez-1.webp","contentUrl":"https:\/\/d2p6e6u75xmxt8.cloudfront.net\/12\/2024\/07\/20240714TDF1041-A.S.O.-Charly-Lopez-1.webp","width":1500,"height":1000},{"@type":"BreadcrumbList","@id":"https:\/\/www.welovecycling.com\/hu\/orszaguti-kerekpar\/formasagga-silanyitotta-pogacar-a-tour-utolso-hetet\/#breadcrumb","itemListElement":[{"@type":"ListItem","position":1,"name":"Home","item":"https:\/\/www.welovecycling.com\/hu\/"},{"@type":"ListItem","position":2,"name":"Formas\u00e1gg\u00e1 sil\u00e1ny\u00edtotta Poga\u010dar a Tour utols\u00f3 het\u00e9t?"}]},{"@type":"WebSite","@id":"https:\/\/www.welovecycling.com\/hu\/#website","url":"https:\/\/www.welovecycling.com\/hu\/","name":"\u0160koda We Love Cycling - Magyarorsz\u00e1g","description":"\u0160koda WeLoveCycling","potentialAction":[{"@type":"SearchAction","target":{"@type":"EntryPoint","urlTemplate":"https:\/\/www.welovecycling.com\/hu\/?s={search_term_string}"},"query-input":{"@type":"PropertyValueSpecification","valueRequired":true,"valueName":"search_term_string"}}],"inLanguage":"hu"},{"@type":"Person","@id":"https:\/\/www.welovecycling.com\/hu\/#\/schema\/person\/bec7dcdbcc59f58489cf603e4040ced1","name":"kitti","image":{"@type":"ImageObject","inLanguage":"hu","@id":"https:\/\/www.welovecycling.com\/hu\/#\/schema\/person\/image\/","url":"https:\/\/secure.gravatar.com\/avatar\/e3196a110e1b57b96f56d92d10ce9bb4e9d7210076832a16243337e949410b52?s=96&d=mm&r=g","contentUrl":"https:\/\/secure.gravatar.com\/avatar\/e3196a110e1b57b96f56d92d10ce9bb4e9d7210076832a16243337e949410b52?s=96&d=mm&r=g","caption":"kitti"},"url":"https:\/\/www.welovecycling.com\/hu\/author\/kitti\/"}]}},"_links":{"self":[{"href":"https:\/\/www.welovecycling.com\/hu\/wp-json\/wp\/v2\/posts\/18630","targetHints":{"allow":["GET"]}}],"collection":[{"href":"https:\/\/www.welovecycling.com\/hu\/wp-json\/wp\/v2\/posts"}],"about":[{"href":"https:\/\/www.welovecycling.com\/hu\/wp-json\/wp\/v2\/types\/post"}],"author":[{"embeddable":true,"href":"https:\/\/www.welovecycling.com\/hu\/wp-json\/wp\/v2\/users\/145"}],"replies":[{"embeddable":true,"href":"https:\/\/www.welovecycling.com\/hu\/wp-json\/wp\/v2\/comments?post=18630"}],"version-history":[{"count":2,"href":"https:\/\/www.welovecycling.com\/hu\/wp-json\/wp\/v2\/posts\/18630\/revisions"}],"predecessor-version":[{"id":18638,"href":"https:\/\/www.welovecycling.com\/hu\/wp-json\/wp\/v2\/posts\/18630\/revisions\/18638"}],"wp:featuredmedia":[{"embeddable":true,"href":"https:\/\/www.welovecycling.com\/hu\/wp-json\/wp\/v2\/media\/18637"}],"wp:attachment":[{"href":"https:\/\/www.welovecycling.com\/hu\/wp-json\/wp\/v2\/media?parent=18630"}],"wp:term":[{"taxonomy":"category","embeddable":true,"href":"https:\/\/www.welovecycling.com\/hu\/wp-json\/wp\/v2\/categories?post=18630"},{"taxonomy":"post_tag","embeddable":true,"href":"https:\/\/www.welovecycling.com\/hu\/wp-json\/wp\/v2\/tags?post=18630"},{"taxonomy":"global-categories","embeddable":true,"href":"https:\/\/www.welovecycling.com\/hu\/wp-json\/wp\/v2\/global-categories?post=18630"}],"curies":[{"name":"wp","href":"https:\/\/api.w.org\/{rel}","templated":true}]}}