{"id":18608,"date":"2024-07-03T12:33:55","date_gmt":"2024-07-03T10:33:55","guid":{"rendered":"https:\/\/www.welovecycling.com\/hu\/?p=18608"},"modified":"2024-07-03T12:33:55","modified_gmt":"2024-07-03T10:33:55","slug":"tour-de-matra-ketnapos-kerekparos-fesztival-hazank-legmagasabb-hegyen","status":"publish","type":"post","link":"https:\/\/www.welovecycling.com\/hu\/orszaguti-kerekpar\/tour-de-matra-ketnapos-kerekparos-fesztival-hazank-legmagasabb-hegyen\/","title":{"rendered":"Tour de M\u00e1tra \u2013 k\u00e9tnapos ker\u00e9kp\u00e1ros fesztiv\u00e1l haz\u00e1nk legmagasabb hegy\u00e9n"},"content":{"rendered":"<p><a href=\"https:\/\/www.welovecycling.com\/hu\/wlc-heroes\/wlc-heroes-ory-kinga-a-rendszam-edzes-feltalaloja-aki-beteg-gyerekekert-es-esoaztatta-finn-utakon-is-mindig-csak-elore-hajt\/\">\u0150ry Kinga<\/a>, kor\u00e1bbi WLC H\u0151s\u00fcnk <a href=\"https:\/\/www.welovecycling.com\/hu\/kozosseg-es-kultura\/cellenge-rendhagyo-bringas-kihivas-egy-nemes-celert\/\">legut\u00f3bbi<\/a> <a href=\"https:\/\/www.welovecycling.com\/hu\/kozosseg-es-kultura\/cellenge-rendhagyo-bringas-kihivas-egy-nemes-celert\/\">interj\u00fank<\/a> \u00f3ta is folyamatosan keresi a kalandokat \u00e9s kih\u00edv\u00e1sokat: most a Tour de M\u00e1tra versenyr\u0151l hozott nek\u00fcnk besz\u00e1mol\u00f3t, ahol mindk\u00e9t szakaszon dobog\u00f3ra is \u00e1llhatott.<\/p>\n<p><!--more--><\/p>\n<p><em><b>H\u00e1nyadik alkalommal indult\u00e1l id\u00e9n a Tour de M\u00e1tr\u00e1n?<\/b><\/em><\/p>\n<p><span style=\"font-weight: 400;\">Most harmadszor vettem r\u00e9szt a megm\u00e9rettet\u00e9sen. El\u0151sz\u00f6r 2022-ben indultam a Tour de M\u00e1tr\u00e1n, \u00e9s az\u00f3ta visszaj\u00e1rok minden \u00e9vben. Igazs\u00e1g szerint m\u00e1r a 2021-es versenyen is szerettem volna r\u00e9szt venni (az volt az els\u0151 ki\u00edr\u00e1s), de az orsz\u00e1gos bajnoks\u00e1ghoz annyira k\u00f6zel esett az id\u0151pont, hogy nem mertem kock\u00e1ztatni egy s\u00e9r\u00fcl\u00e9st az OB el\u0151tt.<\/span><\/p>\n<p><em><b>Sokan voltatok a versenyen?<\/b><\/em><\/p>\n<p><span style=\"font-weight: 400;\">Igen, ha j\u00f3l tudom, k\u00f6zel hatsz\u00e1zan versenyezt\u00fcnk a j\u00fanius els\u0151 h\u00e9tv\u00e9g\u00e9j\u00e9n a IV. Tour de M\u00e1tr\u00e1n. Szombaton, az I. szakaszon \u00e9rezhet\u0151en t\u00f6bben voltunk, mint vas\u00e1rnap, a II. szakaszon, de \u00edgy is nagyon izgalmas versenyt hozott a ki\u00edr\u00e1s. A versenyz\u0151k\u00f6n t\u00fal egy\u00e9bk\u00e9nt rengeteg szurkol\u00f3 is volt az utak ment\u00e9n \u2013 szinte minden telep\u00fcl\u00e9sen sz\u00f3ltak a kerepl\u0151k. Fent a K\u00e9kestet\u0151n pedig kivet\u00edt\u0151n lehetett k\u00f6vetni az esem\u00e9nyeket, \u00edgy sok n\u00e9z\u0151 fent v\u00e1rta a versenyz\u0151ket.<\/span><\/p>\n<figure id=\"attachment_18613\" aria-describedby=\"caption-attachment-18613\" style=\"width: 2048px\" class=\"wp-caption alignnone\"><a href=\"https:\/\/d2p6e6u75xmxt8.cloudfront.net\/12\/2024\/07\/447243336_7828738290516156_2702397082478939696_n.webp\"><img loading=\"lazy\" decoding=\"async\" class=\"size-full wp-image-18613\" src=\"https:\/\/d2p6e6u75xmxt8.cloudfront.net\/12\/2024\/07\/447243336_7828738290516156_2702397082478939696_n.webp\" alt=\"\u0150ry Kinga\" width=\"2048\" height=\"1383\" srcset=\"https:\/\/d2p6e6u75xmxt8.cloudfront.net\/12\/2024\/07\/447243336_7828738290516156_2702397082478939696_n.webp 2048w, https:\/\/d2p6e6u75xmxt8.cloudfront.net\/12\/2024\/07\/447243336_7828738290516156_2702397082478939696_n-300x203.webp 300w, https:\/\/d2p6e6u75xmxt8.cloudfront.net\/12\/2024\/07\/447243336_7828738290516156_2702397082478939696_n-1024x692.webp 1024w, https:\/\/d2p6e6u75xmxt8.cloudfront.net\/12\/2024\/07\/447243336_7828738290516156_2702397082478939696_n-768x519.webp 768w, https:\/\/d2p6e6u75xmxt8.cloudfront.net\/12\/2024\/07\/447243336_7828738290516156_2702397082478939696_n-1536x1037.webp 1536w, https:\/\/d2p6e6u75xmxt8.cloudfront.net\/12\/2024\/07\/447243336_7828738290516156_2702397082478939696_n-1920x1297.webp 1920w, https:\/\/d2p6e6u75xmxt8.cloudfront.net\/12\/2024\/07\/447243336_7828738290516156_2702397082478939696_n-400x270.webp 400w, https:\/\/d2p6e6u75xmxt8.cloudfront.net\/12\/2024\/07\/447243336_7828738290516156_2702397082478939696_n-1920x1297.webp 1920w\" sizes=\"auto, (max-width: 2048px) 100vw, 2048px\" \/><\/a><figcaption id=\"caption-attachment-18613\" class=\"wp-caption-text\">\u0150ry Kinga<\/figcaption><\/figure>\n<p><em><b>Milyen szinten kell tudni biciklizni, ahogy, hogy v\u00e9gig tudd csin\u00e1lni, illetve ahhoz, hogy a mez\u0151ny elej\u00e9n \u00e9rhess c\u00e9lba?<\/b><\/em><\/p>\n<p><span style=\"font-weight: 400;\">Azt gondolom, hogy aki amat\u0151r szinten ker\u00e9kp\u00e1rozik, \u00e9s le tud tekerni 50-100 km-es t\u00e1vokat, neh\u00e9zs\u00e9gek n\u00e9lk\u00fcl tudja teljes\u00edteni a versenyt. Aki kev\u00e9sb\u00e9 edzett, lassabb temp\u00f3ban, de szint\u00e9n meg fogja tudni csin\u00e1lni. A kulcs igaz\u00e1b\u00f3l az, hogy az ember mik\u00e9nt osztja be az erej\u00e9t. Az els\u0151, szombati szakaszon r\u00f6gt\u00f6n egy m\u00e1sz\u00e1ssal kezd\u00fcnk, Gy\u00f6ngy\u00f6sr\u0151l M\u00e1trah\u00e1z\u00e1ra. Onnan egy hosszabb lejtmenet k\u00f6vetkezett, majd k\u00f6zel 50 km s\u00edkon \u2013 p\u00e1r kaptat\u00f3val. A szakasz pikant\u00e9ri\u00e1ja, hogy ezt k\u00f6vet\u0151en m\u00e9g egyszer meg kell m\u00e1szni a M\u00e1tr\u00e1t \u2013 eg\u00e9szen fel a K\u00e9kestet\u0151ig. Fontos az eg\u00e9sz szakaszon \u00fagy tartal\u00e9kolnia az embernek, hogy a v\u00e9g\u00e9n fel kell m\u00e9g egyszer menni M\u00e1trah\u00e1z\u00e1ra, majd onnan az orsz\u00e1g legmagasabb pontj\u00e1ra. Teh\u00e1t azt mondan\u00e1m, hogy amat\u0151r ker\u00e9kp\u00e1rosok, akik szeretnek tekerni, \u00e9s be is tudj\u00e1k osztani az erej\u00fcket \u2013 ha nem is a leggyorsabb temp\u00f3ban \u2013 de c\u00e9lba fognak \u00e9rni a szakaszon. A vas\u00e1rnapi r\u00f6vidt\u00e1v pedig jelleg\u00e9ben egy hegyi id\u0151futam (b\u00e1r mez\u0151nyben startolunk) \u2013 Gy\u00f6ngy\u00f6s \u2013 K\u00e9kestet\u0151 \u00fatvonalon. Ez a szakasz szint\u00e9n az er\u0151beoszt\u00e1sr\u00f3l sz\u00f3l, \u00e9s a megfelel\u0151 sebess\u00e9g megv\u00e1laszt\u00e1s\u00e1r\u00f3l. A verseny 45-60 perc er\u0151kifejt\u00e9st jelent nagys\u00e1grendileg, teh\u00e1t aki ink\u00e1bb r\u00f6videbb, de intenz\u00edvebb edz\u00e9seket r\u00e9szes\u00edti el\u0151nyben a mindennapok sor\u00e1n, annak ez a szakasz fek\u00fcdhet igaz\u00e1n.<\/span><\/p>\n<p><a href=\"https:\/\/d2p6e6u75xmxt8.cloudfront.net\/12\/2024\/07\/447425203_7818605618196090_404296941069880281_n.webp\"><img loading=\"lazy\" decoding=\"async\" class=\"alignnone size-full wp-image-18610\" src=\"https:\/\/d2p6e6u75xmxt8.cloudfront.net\/12\/2024\/07\/447425203_7818605618196090_404296941069880281_n.webp\" alt=\"\" width=\"1080\" height=\"810\" srcset=\"https:\/\/d2p6e6u75xmxt8.cloudfront.net\/12\/2024\/07\/447425203_7818605618196090_404296941069880281_n.webp 1080w, https:\/\/d2p6e6u75xmxt8.cloudfront.net\/12\/2024\/07\/447425203_7818605618196090_404296941069880281_n-300x225.webp 300w, https:\/\/d2p6e6u75xmxt8.cloudfront.net\/12\/2024\/07\/447425203_7818605618196090_404296941069880281_n-1024x768.webp 1024w, https:\/\/d2p6e6u75xmxt8.cloudfront.net\/12\/2024\/07\/447425203_7818605618196090_404296941069880281_n-768x576.webp 768w, https:\/\/d2p6e6u75xmxt8.cloudfront.net\/12\/2024\/07\/447425203_7818605618196090_404296941069880281_n-400x300.webp 400w\" sizes=\"auto, (max-width: 1080px) 100vw, 1080px\" \/><\/a><\/p>\n<p><em><b>Hogyan k\u00e9sz\u00fclt\u00e9l fel a versenyre \u00e9s milyen eredm\u00e9nyt siker\u00fclt el\u00e9rned?\u00a0<\/b><\/em><\/p>\n<p><span style=\"font-weight: 400;\">M\u00e1jusban egy el\u00e9g komoly s\u00e9r\u00fcl\u00e9s h\u00e1tr\u00e1ltatott, \u00e9s nem igaz\u00e1n tudtam min\u0151s\u00e9gi edz\u00e9smunk\u00e1t v\u00e9gezni. Viszonylag sokat tekerek alapesetben, \u00edgy \u00e9rezhet\u0151 volt a kihagy\u00e1s, de m\u00e9gis siker\u00fclt meg\u0151riznem az er\u0151nl\u00e9tem egy r\u00e9sz\u00e9t. A verseny el\u0151tti h\u00e9ten m\u00e1r tudtam edzeni \u2013 legink\u00e1bb intenz\u00edvebb, temp\u00f3sabb 1-1 \u00f3r\u00e1kat tekertem.\u00a0<\/span><\/p>\n<p><span style=\"font-weight: 400;\">Az els\u0151 szakaszon a kateg\u00f3ri\u00e1mban III helyez\u00e9st siker\u00fclt el\u00e9rnem, vas\u00e1rnap pedig a dobog\u00f3 tetej\u00e9re tudtam \u00e1llni. \u00c9n \u00f6sszetettben indultam (I + II. szakasz) \u2013 teh\u00e1t mindk\u00e9t napon megm\u00e9rettettem magamat. \u00d6sszess\u00e9g\u00e9ben a Welit 1 kateg\u00f3ri\u00e1ban megnyertem a versenyt, \u00e9s abszol\u00fatban a n\u0151kn\u00e9l bronz\u00e9rmes lettem. Szeretek felfel\u00e9 menni, \u00edgy a p\u00e1lya alapvet\u0151en fek\u00fcdt nekem. De ki kell emelnem, hogy a p\u00e1r\u00e1s id\u0151j\u00e1r\u00e1s \u00e9rezhet\u0151en megnehez\u00edtette a dolgunkat \u2013 illetve k\u00e9tszer el is \u00e1ztunk a szombati szakaszon. Arra c\u00e9lzok, hogy az er\u0151beoszt\u00e1son t\u00fal nagyon sok m\u00falt azon, ki, hogyan birk\u00f3zik meg a k\u00f6r\u00fclm\u00e9nyekkel.\u00a0<\/span><\/p>\n<p><a href=\"https:\/\/d2p6e6u75xmxt8.cloudfront.net\/12\/2024\/07\/447728600_7818603864862932_5388474578555787130_n.webp\"><img loading=\"lazy\" decoding=\"async\" class=\"alignnone size-full wp-image-18609\" src=\"https:\/\/d2p6e6u75xmxt8.cloudfront.net\/12\/2024\/07\/447728600_7818603864862932_5388474578555787130_n.webp\" alt=\"\" width=\"1080\" height=\"810\" srcset=\"https:\/\/d2p6e6u75xmxt8.cloudfront.net\/12\/2024\/07\/447728600_7818603864862932_5388474578555787130_n.webp 1080w, https:\/\/d2p6e6u75xmxt8.cloudfront.net\/12\/2024\/07\/447728600_7818603864862932_5388474578555787130_n-300x225.webp 300w, https:\/\/d2p6e6u75xmxt8.cloudfront.net\/12\/2024\/07\/447728600_7818603864862932_5388474578555787130_n-1024x768.webp 1024w, https:\/\/d2p6e6u75xmxt8.cloudfront.net\/12\/2024\/07\/447728600_7818603864862932_5388474578555787130_n-768x576.webp 768w, https:\/\/d2p6e6u75xmxt8.cloudfront.net\/12\/2024\/07\/447728600_7818603864862932_5388474578555787130_n-400x300.webp 400w\" sizes=\"auto, (max-width: 1080px) 100vw, 1080px\" \/><\/a><\/p>\n<p><em><b>Melyik szakasz volt sz\u00e1modra a nehezebb?<\/b><\/em><\/p>\n<p><span style=\"font-weight: 400;\">Egy\u00e9rtelm\u0171en az els\u0151 szakasz volt a nehezebb. Ahogy eml\u00edtettem, az id\u0151j\u00e1r\u00e1si k\u00f6r\u00fclm\u00e9nyek el\u00e9gg\u00e9 hektikusan alakultak, illetve a s\u00edk temp\u00f3men\u00e9st\u0151l, bolyban val\u00f3 versenyz\u00e9st\u0151l kicsit elszoktam az ut\u00f3bbi id\u0151ben. Sirok ut\u00e1n egy nagy buk\u00e1s is volt a csoportunkban, de szerencs\u00e9re tudtam ker\u00fclni, \u00e9s nem ker\u00fcltem f\u00f6ldre. A vas\u00e1rnap pedig igazi \u201e\u00f6r\u00f6m szakasz\u201d volt, mert ott csak felfel\u00e9 kellett menni. <\/span><span style=\"font-weight: 400;\">\u263a<\/span><\/p>\n<p><em><b>Neked mi teszi k\u00fcl\u00f6nlegess\u00e9 ezt a versenyt?<\/b><\/em><\/p>\n<p><span style=\"font-weight: 400;\">\u00d6nmag\u00e1ban a helysz\u00edn m\u00e1r k\u00fcl\u00f6nleges \u2013 hiszen Magyarorsz\u00e1g legmagasabb pontj\u00e1t kell \u201emegm\u00e1szni\u201d. A magyar versenynapt\u00e1rban egyed\u00fcl\u00e1ll\u00f3, hogy t\u00f6bbszakaszos versenyt rendezzenek amat\u0151r ker\u00e9kp\u00e1rosok r\u00e9sz\u00e9re. Ez is k\u00fcl\u00f6nleges, hogy k\u00e9t, egym\u00e1st k\u00f6vet\u0151 szakaszon van lehet\u0151s\u00e9g\u00fcnk megm\u00e9rettetni magunkat. Illetve, a versenyt \u00e9l\u0151ben k\u00f6zvet\u00edtik, az Eurosport komment\u00e1toraival. Nagyszer\u0171 \u00fatvonal, profi szervez\u00e9s, k\u00f6zvet\u00edt\u00e9s, \u00e9s szuper t\u00e1rsas\u00e1g!<\/span><\/p>\n<p><a href=\"https:\/\/d2p6e6u75xmxt8.cloudfront.net\/12\/2024\/07\/447282604_1125334185205191_4471894965690311898_n.webp\"><img loading=\"lazy\" decoding=\"async\" class=\"alignnone size-full wp-image-18611\" src=\"https:\/\/d2p6e6u75xmxt8.cloudfront.net\/12\/2024\/07\/447282604_1125334185205191_4471894965690311898_n.webp\" alt=\"\" width=\"2048\" height=\"1472\" srcset=\"https:\/\/d2p6e6u75xmxt8.cloudfront.net\/12\/2024\/07\/447282604_1125334185205191_4471894965690311898_n.webp 2048w, https:\/\/d2p6e6u75xmxt8.cloudfront.net\/12\/2024\/07\/447282604_1125334185205191_4471894965690311898_n-300x216.webp 300w, https:\/\/d2p6e6u75xmxt8.cloudfront.net\/12\/2024\/07\/447282604_1125334185205191_4471894965690311898_n-1024x736.webp 1024w, https:\/\/d2p6e6u75xmxt8.cloudfront.net\/12\/2024\/07\/447282604_1125334185205191_4471894965690311898_n-768x552.webp 768w, https:\/\/d2p6e6u75xmxt8.cloudfront.net\/12\/2024\/07\/447282604_1125334185205191_4471894965690311898_n-1536x1104.webp 1536w, https:\/\/d2p6e6u75xmxt8.cloudfront.net\/12\/2024\/07\/447282604_1125334185205191_4471894965690311898_n-1920x1380.webp 1920w, https:\/\/d2p6e6u75xmxt8.cloudfront.net\/12\/2024\/07\/447282604_1125334185205191_4471894965690311898_n-400x288.webp 400w, https:\/\/d2p6e6u75xmxt8.cloudfront.net\/12\/2024\/07\/447282604_1125334185205191_4471894965690311898_n-1920x1380.webp 1920w\" sizes=\"auto, (max-width: 2048px) 100vw, 2048px\" \/><\/a><\/p>\n<p><em><b>Mi\u00e9rt aj\u00e1nlan\u00e1d a Tour de M\u00e1tr\u00e1t a ker\u00e9kp\u00e1ros k\u00f6z\u00f6ss\u00e9gnek?<\/b><\/em><\/p>\n<p><span style=\"font-weight: 400;\">A verseny szervez\u0151i rendk\u00edv\u00fcl profin k\u00e9sz\u00edtik el\u0151, \u00e9s menedzselik a rendezv\u00e9nyt \u00e9vek \u00f3ta. Az \u00fatvonalbiztos\u00edt\u00e1st\u00f3l kezdve, a komplett \u00e9s tartalmas rajtcsomagon kereszt\u00fcl a k\u00fcl\u00f6nleges kieg\u00e9sz\u00edt\u0151programokig t\u00e9nyleg nagyon rendben van a Tour de M\u00e1tra. Az \u00e9l\u0151 k\u00f6zvet\u00edt\u00e9s \u2013 p\u00e1ratlan a magyar versenyek tekintet\u00e9ben, amat\u0151r szinten \u2013 \u00f3ri\u00e1si \u00e9lm\u00e9nyt ad a versenyz\u0151knek, nekem az a tapasztalatom. Az, hogy az \u00fatvonal egyes szakaszain teljes, k\u00e9t s\u00e1vos \u00fatz\u00e1r van, szint\u00e9n \u201enem megszokott\u201d a hazai versenyeken. Viszont t\u00f6k\u00e9letesen reprezent\u00e1lja, hogy a szervez\u0151 mennyire fontosnak tartja a biztons\u00e1g k\u00e9rd\u00e9s\u00e9t. Az\u00e9rt 500 ker\u00e9kp\u00e1ros biztons\u00e1gos k\u00f6zleked\u00e9s\u00e9nek k\u00f6r\u00fclm\u00e9nyeit megteremteni \u00f3ri\u00e1si feladat. Kiemeln\u00e9m m\u00e9g ezzel kapcsolatban, hogy a verseny startja el\u0151tt a felvezet\u0151 motorosok, rend\u0151raut\u00f3k ugyan\u00fagy a rajtban \u00e1llnak \u2013 mindenki sz\u00e1m\u00e1ra l\u00e1that\u00f3 m\u00f3don (\u00e9s megnyugtat\u00e1sk\u00e9nt). T\u00fal az \u00fatvonalbiztos\u00edt\u00e1son, a versenyz\u0151k befut\u00f3\u00e9rmet kapnak, \u00e9s \u00e9vr\u0151l \u00e9vre egyre tartalmasabb rajtcsomagot. A szervez\u0151k, \u00f6nk\u00e9ntesek nagyon seg\u00edt\u0151k\u00e9szek a versenyh\u00e9tv\u00e9ge sor\u00e1n. Rendk\u00edv\u00fcl sok k\u00e9p- \u00e9s vide\u00f3anyagot kapnak a r\u00e9sztvev\u0151k az esem\u00e9nyt k\u00f6vet\u0151en, ami szint\u00e9n emeli a rendezv\u00e9ny sz\u00ednvonal\u00e1t \u00e9s meg\u00edt\u00e9l\u00e9s\u00e9t (ker\u00e9kp\u00e1ros k\u00f6r\u00f6kben biztosan). A Tour de M\u00e1tra egy igazi, k\u00e9tnapos fesztiv\u00e1l \u2013 \u00e9s ezt els\u0151sorban a profi, lelkes szervez\u0151munk\u00e1nak k\u00f6sz\u00f6nhetj\u00fck, a sok egy\u00e9b programmal (koncertek, tombola) egy\u00fctt.\u00a0<\/span><\/p>\n<p><span style=\"font-weight: 400;\">Az\u00e9rt aj\u00e1nlan\u00e1m a ker\u00e9kp\u00e1rosoknak, hogy vegyenek r\u00e9szt ezen a megm\u00e9rettet\u00e9sen, mert k\u00fcl\u00f6nleges \u00e9lm\u00e9nyben lesz r\u00e9sz\u00fck \u2013 csod\u00e1latos term\u00e9szeti k\u00f6rnyezetben, sok-sok j\u00f3 bring\u00e1ssal, \u00faton kerepl\u0151vel drukkol\u00f3, dobol\u00f3 szurkol\u00f3kkal. Ez egy olyan verseny, ahol nem \u00e9rzed a verseny \u201eterh\u00e9t\u201d a v\u00e1lladon. Egyszer\u0171en annyi minden m\u00e1st ad, hogy elfelejted n\u00e9ha, \u00e9les verseny folyik. De hozz\u00e1 kell tenni, ha egy h\u00e9tv\u00e9g\u00e9n h\u00e1romszor kell felm\u00e1sznod Magyarorsz\u00e1g legmagasabb pontj\u00e1ra, akkor val\u00f3j\u00e1ban mindenki saj\u00e1t maga kih\u00edv\u00f3j\u00e1v\u00e1 v\u00e1lik. Megtapasztalni a c\u00e9lba \u00e9rkez\u00e9st, k\u00fcl\u00f6n\u00f6sen ikonikus a Tour de M\u00e1tr\u00e1n. Biztatok mindenkit &#8211; sokat \u00e9s kevesebbet teker\u0151, lelkes amat\u0151r bring\u00e1sokat \u2013 j\u00f6jjenek el, \u00e9s tapasztalj\u00e1k meg egyszer, milyen a k\u00e9tnapos ker\u00e9kp\u00e1ros fesztiv\u00e1l a M\u00e1tr\u00e1ban!<\/span><\/p>\n<p>&nbsp;<\/p>\n<p><strong>Strava szegmensek:<\/strong><\/p>\n<p><span style=\"font-weight: 400;\">I.szakasz \u2013 hossz\u00fat\u00e1v: <\/span><a href=\"https:\/\/www.strava.com\/segments\/37017387\"><span style=\"font-weight: 400;\">https:\/\/www.strava.com\/segments\/37017387<\/span><\/a><\/p>\n<p><span style=\"font-weight: 400;\">II.szakasz \u2013 r\u00f6vidt\u00e1v: <\/span><a href=\"https:\/\/www.strava.com\/segments\/34566322\"><span style=\"font-weight: 400;\">https:\/\/www.strava.com\/segments\/34566322<\/span><\/a><\/p>\n<p>&nbsp;<\/p>\n<p><strong>A 2025-\u00f6s ki\u00edr\u00e1sr\u00f3l b\u0151vebb inform\u00e1ci\u00f3:<\/strong><\/p>\n<p><span style=\"font-weight: 400;\">Weboldal: https:\/\/www.tourdematra.hu\/<\/span><\/p>\n<p><span style=\"font-weight: 400;\">Facebook: https:\/\/www.facebook.com\/tourdematra<\/span><\/p>\n<p><span style=\"font-weight: 400;\">Facebook esem\u00e9ny:https:\/\/www.facebook.com\/events\/463166533077889\/?ref=newsfeed<\/span><\/p>\n","protected":false},"excerpt":{"rendered":"<p>\u0150ry Kinga, kor\u00e1bbi WLC H\u0151s\u00fcnk legut\u00f3bbi interj\u00fank \u00f3ta is folyamatosan keresi a kalandokat \u00e9s kih\u00edv\u00e1sokat: most a Tour de M\u00e1tra [&hellip;]<\/p>\n","protected":false},"author":145,"featured_media":18612,"comment_status":"open","ping_status":"open","sticky":false,"template":"","format":"standard","meta":{"footnotes":""},"categories":[8],"tags":[],"global-categories":[419],"class_list":["post-18608","post","type-post","status-publish","format-standard","has-post-thumbnail","hentry","category-orszaguti-kerekpar","global-categories-cycling"],"yoast_head":"<!-- This site is optimized with the Yoast SEO Premium plugin v25.3 (Yoast SEO v25.9) - https:\/\/yoast.com\/wordpress\/plugins\/seo\/ -->\n<title>Tour de M\u00e1tra \u2013 k\u00e9tnapos ker\u00e9kp\u00e1ros fesztiv\u00e1l haz\u00e1nk legmagasabb hegy\u00e9n - \u0160koda We Love Cycling - Magyarorsz\u00e1g<\/title>\n<meta name=\"description\" content=\"A magyar versenynapt\u00e1rban egyed\u00fcl\u00e1ll\u00f3, hogy t\u00f6bbszakaszos versenyt rendezzenek amat\u0151r ker\u00e9kp\u00e1rosok r\u00e9sz\u00e9re. Nagyszer\u0171 \u00fatvonal, profi szervez\u00e9s, k\u00f6zvet\u00edt\u00e9s, \u00e9s szuper t\u00e1rsas\u00e1g!\" \/>\n<meta name=\"robots\" content=\"index, follow, max-snippet:-1, max-image-preview:large, max-video-preview:-1\" \/>\n<link rel=\"canonical\" href=\"https:\/\/www.welovecycling.com\/hu\/orszaguti-kerekpar\/tour-de-matra-ketnapos-kerekparos-fesztival-hazank-legmagasabb-hegyen\/\" \/>\n<meta property=\"og:locale\" content=\"hu_HU\" \/>\n<meta property=\"og:type\" content=\"article\" \/>\n<meta property=\"og:title\" content=\"Tour de M\u00e1tra \u2013 k\u00e9tnapos ker\u00e9kp\u00e1ros fesztiv\u00e1l haz\u00e1nk legmagasabb hegy\u00e9n\" \/>\n<meta property=\"og:description\" content=\"A magyar versenynapt\u00e1rban egyed\u00fcl\u00e1ll\u00f3, hogy t\u00f6bbszakaszos versenyt rendezzenek amat\u0151r ker\u00e9kp\u00e1rosok r\u00e9sz\u00e9re. Nagyszer\u0171 \u00fatvonal, profi szervez\u00e9s, k\u00f6zvet\u00edt\u00e9s, \u00e9s szuper t\u00e1rsas\u00e1g!\" \/>\n<meta property=\"og:url\" content=\"https:\/\/www.welovecycling.com\/hu\/orszaguti-kerekpar\/tour-de-matra-ketnapos-kerekparos-fesztival-hazank-legmagasabb-hegyen\/\" \/>\n<meta property=\"og:site_name\" content=\"\u0160koda We Love Cycling - Magyarorsz\u00e1g\" \/>\n<meta property=\"article:publisher\" content=\"https:\/\/www.facebook.com\/WeLoveCyclingHungary\/\" \/>\n<meta property=\"article:published_time\" content=\"2024-07-03T10:33:55+00:00\" \/>\n<meta property=\"og:image\" content=\"https:\/\/d2p6e6u75xmxt8.cloudfront.net\/12\/2024\/07\/447254044_1125313388540604_6719577970803809385_n.webp\" \/>\n\t<meta property=\"og:image:width\" content=\"2048\" \/>\n\t<meta property=\"og:image:height\" content=\"1177\" \/>\n\t<meta property=\"og:image:type\" content=\"image\/webp\" \/>\n<meta name=\"author\" content=\"kitti\" \/>\n<meta name=\"twitter:card\" content=\"summary_large_image\" \/>\n<meta name=\"twitter:label1\" content=\"Written by\" \/>\n\t<meta name=\"twitter:data1\" content=\"We Love Cycling\" \/>\n\t<meta name=\"twitter:label2\" content=\"Est. reading time\" \/>\n\t<meta name=\"twitter:data2\" content=\"7 minutes\" \/>\n<script type=\"application\/ld+json\" class=\"yoast-schema-graph\">{\"@context\":\"https:\/\/schema.org\",\"@graph\":[{\"@type\":\"WebPage\",\"@id\":\"https:\/\/www.welovecycling.com\/hu\/orszaguti-kerekpar\/tour-de-matra-ketnapos-kerekparos-fesztival-hazank-legmagasabb-hegyen\/\",\"url\":\"https:\/\/www.welovecycling.com\/hu\/orszaguti-kerekpar\/tour-de-matra-ketnapos-kerekparos-fesztival-hazank-legmagasabb-hegyen\/\",\"name\":\"Tour de M\u00e1tra \u2013 k\u00e9tnapos ker\u00e9kp\u00e1ros fesztiv\u00e1l haz\u00e1nk legmagasabb hegy\u00e9n - \u0160koda We Love Cycling - Magyarorsz\u00e1g\",\"isPartOf\":{\"@id\":\"https:\/\/www.welovecycling.com\/hu\/#website\"},\"primaryImageOfPage\":{\"@id\":\"https:\/\/www.welovecycling.com\/hu\/orszaguti-kerekpar\/tour-de-matra-ketnapos-kerekparos-fesztival-hazank-legmagasabb-hegyen\/#primaryimage\"},\"image\":{\"@id\":\"https:\/\/www.welovecycling.com\/hu\/orszaguti-kerekpar\/tour-de-matra-ketnapos-kerekparos-fesztival-hazank-legmagasabb-hegyen\/#primaryimage\"},\"thumbnailUrl\":\"https:\/\/d2p6e6u75xmxt8.cloudfront.net\/12\/2024\/07\/447254044_1125313388540604_6719577970803809385_n.webp\",\"datePublished\":\"2024-07-03T10:33:55+00:00\",\"author\":{\"@id\":\"https:\/\/www.welovecycling.com\/hu\/#\/schema\/person\/bec7dcdbcc59f58489cf603e4040ced1\"},\"description\":\"A magyar versenynapt\u00e1rban egyed\u00fcl\u00e1ll\u00f3, hogy t\u00f6bbszakaszos versenyt rendezzenek amat\u0151r ker\u00e9kp\u00e1rosok r\u00e9sz\u00e9re. Nagyszer\u0171 \u00fatvonal, profi szervez\u00e9s, k\u00f6zvet\u00edt\u00e9s, \u00e9s szuper t\u00e1rsas\u00e1g!\",\"breadcrumb\":{\"@id\":\"https:\/\/www.welovecycling.com\/hu\/orszaguti-kerekpar\/tour-de-matra-ketnapos-kerekparos-fesztival-hazank-legmagasabb-hegyen\/#breadcrumb\"},\"inLanguage\":\"hu\",\"potentialAction\":[{\"@type\":\"ReadAction\",\"target\":[\"https:\/\/www.welovecycling.com\/hu\/orszaguti-kerekpar\/tour-de-matra-ketnapos-kerekparos-fesztival-hazank-legmagasabb-hegyen\/\"]}]},{\"@type\":\"ImageObject\",\"inLanguage\":\"hu\",\"@id\":\"https:\/\/www.welovecycling.com\/hu\/orszaguti-kerekpar\/tour-de-matra-ketnapos-kerekparos-fesztival-hazank-legmagasabb-hegyen\/#primaryimage\",\"url\":\"https:\/\/d2p6e6u75xmxt8.cloudfront.net\/12\/2024\/07\/447254044_1125313388540604_6719577970803809385_n.webp\",\"contentUrl\":\"https:\/\/d2p6e6u75xmxt8.cloudfront.net\/12\/2024\/07\/447254044_1125313388540604_6719577970803809385_n.webp\",\"width\":2048,\"height\":1177},{\"@type\":\"BreadcrumbList\",\"@id\":\"https:\/\/www.welovecycling.com\/hu\/orszaguti-kerekpar\/tour-de-matra-ketnapos-kerekparos-fesztival-hazank-legmagasabb-hegyen\/#breadcrumb\",\"itemListElement\":[{\"@type\":\"ListItem\",\"position\":1,\"name\":\"Home\",\"item\":\"https:\/\/www.welovecycling.com\/hu\/\"},{\"@type\":\"ListItem\",\"position\":2,\"name\":\"Tour de M\u00e1tra \u2013 k\u00e9tnapos ker\u00e9kp\u00e1ros fesztiv\u00e1l haz\u00e1nk legmagasabb hegy\u00e9n\"}]},{\"@type\":\"WebSite\",\"@id\":\"https:\/\/www.welovecycling.com\/hu\/#website\",\"url\":\"https:\/\/www.welovecycling.com\/hu\/\",\"name\":\"\u0160koda We Love Cycling - Magyarorsz\u00e1g\",\"description\":\"\u0160koda WeLoveCycling\",\"potentialAction\":[{\"@type\":\"SearchAction\",\"target\":{\"@type\":\"EntryPoint\",\"urlTemplate\":\"https:\/\/www.welovecycling.com\/hu\/?s={search_term_string}\"},\"query-input\":{\"@type\":\"PropertyValueSpecification\",\"valueRequired\":true,\"valueName\":\"search_term_string\"}}],\"inLanguage\":\"hu\"},{\"@type\":\"Person\",\"@id\":\"https:\/\/www.welovecycling.com\/hu\/#\/schema\/person\/bec7dcdbcc59f58489cf603e4040ced1\",\"name\":\"kitti\",\"image\":{\"@type\":\"ImageObject\",\"inLanguage\":\"hu\",\"@id\":\"https:\/\/www.welovecycling.com\/hu\/#\/schema\/person\/image\/\",\"url\":\"https:\/\/secure.gravatar.com\/avatar\/e3196a110e1b57b96f56d92d10ce9bb4e9d7210076832a16243337e949410b52?s=96&d=mm&r=g\",\"contentUrl\":\"https:\/\/secure.gravatar.com\/avatar\/e3196a110e1b57b96f56d92d10ce9bb4e9d7210076832a16243337e949410b52?s=96&d=mm&r=g\",\"caption\":\"kitti\"},\"url\":\"https:\/\/www.welovecycling.com\/hu\/author\/kitti\/\"}]}<\/script>\n<!-- \/ Yoast SEO Premium plugin. -->","yoast_head_json":{"title":"Tour de M\u00e1tra \u2013 k\u00e9tnapos ker\u00e9kp\u00e1ros fesztiv\u00e1l haz\u00e1nk legmagasabb hegy\u00e9n - \u0160koda We Love Cycling - Magyarorsz\u00e1g","description":"A magyar versenynapt\u00e1rban egyed\u00fcl\u00e1ll\u00f3, hogy t\u00f6bbszakaszos versenyt rendezzenek amat\u0151r ker\u00e9kp\u00e1rosok r\u00e9sz\u00e9re. Nagyszer\u0171 \u00fatvonal, profi szervez\u00e9s, k\u00f6zvet\u00edt\u00e9s, \u00e9s szuper t\u00e1rsas\u00e1g!","robots":{"index":"index","follow":"follow","max-snippet":"max-snippet:-1","max-image-preview":"max-image-preview:large","max-video-preview":"max-video-preview:-1"},"canonical":"https:\/\/www.welovecycling.com\/hu\/orszaguti-kerekpar\/tour-de-matra-ketnapos-kerekparos-fesztival-hazank-legmagasabb-hegyen\/","og_locale":"hu_HU","og_type":"article","og_title":"Tour de M\u00e1tra \u2013 k\u00e9tnapos ker\u00e9kp\u00e1ros fesztiv\u00e1l haz\u00e1nk legmagasabb hegy\u00e9n","og_description":"A magyar versenynapt\u00e1rban egyed\u00fcl\u00e1ll\u00f3, hogy t\u00f6bbszakaszos versenyt rendezzenek amat\u0151r ker\u00e9kp\u00e1rosok r\u00e9sz\u00e9re. Nagyszer\u0171 \u00fatvonal, profi szervez\u00e9s, k\u00f6zvet\u00edt\u00e9s, \u00e9s szuper t\u00e1rsas\u00e1g!","og_url":"https:\/\/www.welovecycling.com\/hu\/orszaguti-kerekpar\/tour-de-matra-ketnapos-kerekparos-fesztival-hazank-legmagasabb-hegyen\/","og_site_name":"\u0160koda We Love Cycling - Magyarorsz\u00e1g","article_publisher":"https:\/\/www.facebook.com\/WeLoveCyclingHungary\/","article_published_time":"2024-07-03T10:33:55+00:00","og_image":[{"width":2048,"height":1177,"url":"https:\/\/d2p6e6u75xmxt8.cloudfront.net\/12\/2024\/07\/447254044_1125313388540604_6719577970803809385_n.webp","type":"image\/webp"}],"author":"kitti","twitter_card":"summary_large_image","twitter_misc":{"Written by":"We Love Cycling","Est. reading time":"7 minutes"},"schema":{"@context":"https:\/\/schema.org","@graph":[{"@type":"WebPage","@id":"https:\/\/www.welovecycling.com\/hu\/orszaguti-kerekpar\/tour-de-matra-ketnapos-kerekparos-fesztival-hazank-legmagasabb-hegyen\/","url":"https:\/\/www.welovecycling.com\/hu\/orszaguti-kerekpar\/tour-de-matra-ketnapos-kerekparos-fesztival-hazank-legmagasabb-hegyen\/","name":"Tour de M\u00e1tra \u2013 k\u00e9tnapos ker\u00e9kp\u00e1ros fesztiv\u00e1l haz\u00e1nk legmagasabb hegy\u00e9n - \u0160koda We Love Cycling - Magyarorsz\u00e1g","isPartOf":{"@id":"https:\/\/www.welovecycling.com\/hu\/#website"},"primaryImageOfPage":{"@id":"https:\/\/www.welovecycling.com\/hu\/orszaguti-kerekpar\/tour-de-matra-ketnapos-kerekparos-fesztival-hazank-legmagasabb-hegyen\/#primaryimage"},"image":{"@id":"https:\/\/www.welovecycling.com\/hu\/orszaguti-kerekpar\/tour-de-matra-ketnapos-kerekparos-fesztival-hazank-legmagasabb-hegyen\/#primaryimage"},"thumbnailUrl":"https:\/\/d2p6e6u75xmxt8.cloudfront.net\/12\/2024\/07\/447254044_1125313388540604_6719577970803809385_n.webp","datePublished":"2024-07-03T10:33:55+00:00","author":{"@id":"https:\/\/www.welovecycling.com\/hu\/#\/schema\/person\/bec7dcdbcc59f58489cf603e4040ced1"},"description":"A magyar versenynapt\u00e1rban egyed\u00fcl\u00e1ll\u00f3, hogy t\u00f6bbszakaszos versenyt rendezzenek amat\u0151r ker\u00e9kp\u00e1rosok r\u00e9sz\u00e9re. Nagyszer\u0171 \u00fatvonal, profi szervez\u00e9s, k\u00f6zvet\u00edt\u00e9s, \u00e9s szuper t\u00e1rsas\u00e1g!","breadcrumb":{"@id":"https:\/\/www.welovecycling.com\/hu\/orszaguti-kerekpar\/tour-de-matra-ketnapos-kerekparos-fesztival-hazank-legmagasabb-hegyen\/#breadcrumb"},"inLanguage":"hu","potentialAction":[{"@type":"ReadAction","target":["https:\/\/www.welovecycling.com\/hu\/orszaguti-kerekpar\/tour-de-matra-ketnapos-kerekparos-fesztival-hazank-legmagasabb-hegyen\/"]}]},{"@type":"ImageObject","inLanguage":"hu","@id":"https:\/\/www.welovecycling.com\/hu\/orszaguti-kerekpar\/tour-de-matra-ketnapos-kerekparos-fesztival-hazank-legmagasabb-hegyen\/#primaryimage","url":"https:\/\/d2p6e6u75xmxt8.cloudfront.net\/12\/2024\/07\/447254044_1125313388540604_6719577970803809385_n.webp","contentUrl":"https:\/\/d2p6e6u75xmxt8.cloudfront.net\/12\/2024\/07\/447254044_1125313388540604_6719577970803809385_n.webp","width":2048,"height":1177},{"@type":"BreadcrumbList","@id":"https:\/\/www.welovecycling.com\/hu\/orszaguti-kerekpar\/tour-de-matra-ketnapos-kerekparos-fesztival-hazank-legmagasabb-hegyen\/#breadcrumb","itemListElement":[{"@type":"ListItem","position":1,"name":"Home","item":"https:\/\/www.welovecycling.com\/hu\/"},{"@type":"ListItem","position":2,"name":"Tour de M\u00e1tra \u2013 k\u00e9tnapos ker\u00e9kp\u00e1ros fesztiv\u00e1l haz\u00e1nk legmagasabb hegy\u00e9n"}]},{"@type":"WebSite","@id":"https:\/\/www.welovecycling.com\/hu\/#website","url":"https:\/\/www.welovecycling.com\/hu\/","name":"\u0160koda We Love Cycling - Magyarorsz\u00e1g","description":"\u0160koda WeLoveCycling","potentialAction":[{"@type":"SearchAction","target":{"@type":"EntryPoint","urlTemplate":"https:\/\/www.welovecycling.com\/hu\/?s={search_term_string}"},"query-input":{"@type":"PropertyValueSpecification","valueRequired":true,"valueName":"search_term_string"}}],"inLanguage":"hu"},{"@type":"Person","@id":"https:\/\/www.welovecycling.com\/hu\/#\/schema\/person\/bec7dcdbcc59f58489cf603e4040ced1","name":"kitti","image":{"@type":"ImageObject","inLanguage":"hu","@id":"https:\/\/www.welovecycling.com\/hu\/#\/schema\/person\/image\/","url":"https:\/\/secure.gravatar.com\/avatar\/e3196a110e1b57b96f56d92d10ce9bb4e9d7210076832a16243337e949410b52?s=96&d=mm&r=g","contentUrl":"https:\/\/secure.gravatar.com\/avatar\/e3196a110e1b57b96f56d92d10ce9bb4e9d7210076832a16243337e949410b52?s=96&d=mm&r=g","caption":"kitti"},"url":"https:\/\/www.welovecycling.com\/hu\/author\/kitti\/"}]}},"_links":{"self":[{"href":"https:\/\/www.welovecycling.com\/hu\/wp-json\/wp\/v2\/posts\/18608","targetHints":{"allow":["GET"]}}],"collection":[{"href":"https:\/\/www.welovecycling.com\/hu\/wp-json\/wp\/v2\/posts"}],"about":[{"href":"https:\/\/www.welovecycling.com\/hu\/wp-json\/wp\/v2\/types\/post"}],"author":[{"embeddable":true,"href":"https:\/\/www.welovecycling.com\/hu\/wp-json\/wp\/v2\/users\/145"}],"replies":[{"embeddable":true,"href":"https:\/\/www.welovecycling.com\/hu\/wp-json\/wp\/v2\/comments?post=18608"}],"version-history":[{"count":2,"href":"https:\/\/www.welovecycling.com\/hu\/wp-json\/wp\/v2\/posts\/18608\/revisions"}],"predecessor-version":[{"id":18615,"href":"https:\/\/www.welovecycling.com\/hu\/wp-json\/wp\/v2\/posts\/18608\/revisions\/18615"}],"wp:featuredmedia":[{"embeddable":true,"href":"https:\/\/www.welovecycling.com\/hu\/wp-json\/wp\/v2\/media\/18612"}],"wp:attachment":[{"href":"https:\/\/www.welovecycling.com\/hu\/wp-json\/wp\/v2\/media?parent=18608"}],"wp:term":[{"taxonomy":"category","embeddable":true,"href":"https:\/\/www.welovecycling.com\/hu\/wp-json\/wp\/v2\/categories?post=18608"},{"taxonomy":"post_tag","embeddable":true,"href":"https:\/\/www.welovecycling.com\/hu\/wp-json\/wp\/v2\/tags?post=18608"},{"taxonomy":"global-categories","embeddable":true,"href":"https:\/\/www.welovecycling.com\/hu\/wp-json\/wp\/v2\/global-categories?post=18608"}],"curies":[{"name":"wp","href":"https:\/\/api.w.org\/{rel}","templated":true}]}}