{"id":18601,"date":"2024-06-28T14:36:17","date_gmt":"2024-06-28T12:36:17","guid":{"rendered":"https:\/\/www.welovecycling.com\/hu\/?p=18601"},"modified":"2024-06-28T14:36:17","modified_gmt":"2024-06-28T12:36:17","slug":"eloszor-egyutt-a-nagy-hatos-pogacar-26-eve-nem-latott-bravurra-keszul-a-rendhagyo-touron","status":"publish","type":"post","link":"https:\/\/www.welovecycling.com\/hu\/orszaguti-kerekpar\/eloszor-egyutt-a-nagy-hatos-pogacar-26-eve-nem-latott-bravurra-keszul-a-rendhagyo-touron\/","title":{"rendered":"El\u0151sz\u00f6r egy\u00fctt a \u201enagy hatos\u201d, Pogacar 26 \u00e9ve nem l\u00e1tott brav\u00farra k\u00e9sz\u00fcl a rendhagy\u00f3 Touron"},"content":{"rendered":"<p><strong>De Mark Cavendish is t\u00f6rt\u00e9nelmet \u00edrna a 120 \u00e9ves t\u00f6rt\u00e9nelme sor\u00e1n most el\u0151sz\u00f6r nem P\u00e1rizsba meg\u00e9rkez\u0151 Tour de France-on. <\/strong><!--more--><\/p>\n<p>Szombaton Firenz\u00e9b\u0151l elrajtol a vil\u00e1g legnagyobb ker\u00e9kp\u00e1rversenye, a Tour de France, amely id\u00e9n amolyan igazi \u201eAll Star-g\u00e1l\u00e1nak\u201d is beillik, csak \u00e9ppen ann\u00e1l sokkal komolyabb t\u00e9ttel.<\/p>\n<p>Eddig sohasem fordult m\u00e9g el\u0151 ugyanis, hogy napjaink hat legnagyobb szt\u00e1rja k\u00f6z\u00fcl mindannyian ott legyenek ugyanazon a h\u00e1romhetesen, most viszont \u00edgy lesz: Tadej Pogacar, Jonas Vingegaard, Primoz Roglic, Mathieu van der Poel, Wout Van Aert \u00e9s Remco Evenepoel egyar\u00e1nt felsorakozik majd a rajtvonaln\u00e1l, hogy rem\u00e9lhet\u0151leg ritka l\u00e1tv\u00e1nyos csat\u00e1kat v\u00edvjanak meg egym\u00e1ssal a j\u00falius 21-i c\u00e9lba \u00e9rkez\u00e9sig. Amely ugyancsak k\u00fcl\u00f6nleges lesz, hiszen a patin\u00e1s viadal 120 \u00e9ves t\u00f6rt\u00e9nelme sor\u00e1n most el\u0151sz\u00f6r fordul majd el\u0151, hogy a c\u00e9l nem P\u00e1rizsban lesz: a nyakunkon l\u00e9v\u0151 ny\u00e1ri olimpiai j\u00e1t\u00e9kok miatt ez logisztikailag kivitelezhetetlen lett volna, \u00edgy kiv\u00e9telesen a francia rivi\u00e9ra \u201ef\u0151v\u00e1ros\u00e1ban\u201d, a fest\u0151i Nizz\u00e1ban \u00fcnnepelhet majd a s\u00e1rga trik\u00f3s a z\u00e1r\u00f3etap ut\u00e1n.<\/p>\n<figure id=\"attachment_18602\" aria-describedby=\"caption-attachment-18602\" style=\"width: 1024px\" class=\"wp-caption alignnone\"><img loading=\"lazy\" decoding=\"async\" class=\"size-large wp-image-18602\" src=\"https:\/\/d2p6e6u75xmxt8.cloudfront.net\/12\/2024\/06\/nice-tour-1024x576.webp\" alt=\"\" width=\"1024\" height=\"576\" srcset=\"https:\/\/d2p6e6u75xmxt8.cloudfront.net\/12\/2024\/06\/nice-tour-1024x576.webp 1024w, https:\/\/d2p6e6u75xmxt8.cloudfront.net\/12\/2024\/06\/nice-tour-300x169.webp 300w, https:\/\/d2p6e6u75xmxt8.cloudfront.net\/12\/2024\/06\/nice-tour-768x432.webp 768w, https:\/\/d2p6e6u75xmxt8.cloudfront.net\/12\/2024\/06\/nice-tour-400x225.webp 400w, https:\/\/d2p6e6u75xmxt8.cloudfront.net\/12\/2024\/06\/nice-tour.webp 1311w\" sizes=\"auto, (max-width: 1024px) 100vw, 1024px\" \/><figcaption id=\"caption-attachment-18602\" class=\"wp-caption-text\">forr\u00e1s: Meet In Nice C\u00f4te d&#8217;Azur<\/figcaption><\/figure>\n<p>De vissza a szt\u00e1rpar\u00e1d\u00e9hoz! Az eml\u00edtett nagy hatos mellett ugyanis olyan nevek vannak m\u00e9g ott a pakliban, mint az \u00e9lete form\u00e1j\u00e1ban sz\u00e1rnyal\u00f3 szt\u00e1rsprinter, Jasper Philipsen, vagy a minden hangszeren j\u00e1tsz\u00f3 Tom Pidcock \u2013 \u00e9s akkor m\u00e9g nem sz\u00f3ltunk az Eddy Merckx-f\u00e9le rekordd\u00f6nt\u00e9sre, szenz\u00e1ci\u00f3s p\u00e1lyafut\u00e1sa utols\u00f3 nagy dob\u00e1s\u00e1ra k\u00e9sz\u00fcl\u0151 Mark Cavendishr\u0151l. \u00c9s nemcsak \u0151 szeretne t\u00f6rt\u00e9nelmet \u00edrni. Az id\u00e9n (is) f\u00e9lelmetes form\u00e1ban teker\u0151 Tadej Pogacar ugyanis olyasmire v\u00e1llalkozott, ami csak nagyon keveseknek siker\u00fclt eddig a ker\u00e9kp\u00e1rsport t\u00f6rt\u00e9net\u00e9ben, legut\u00f3bb is 26 \u00e9ve, egy bizonyos Marco Pantaninak. A szlov\u00e9n \u0171rl\u00e9ny egy b\u00e1nt\u00f3an sima Giro-gy\u0151zelmen m\u00e1r t\u00fal van: elk\u00e9peszt\u0151 er\u0151demonstr\u00e1ci\u00f3val, \u00f6t szakaszgy\u0151zelemmel \u00e9s 10 perces(!) el\u0151nnyel nyerte meg egy h\u00f3napja az \u00f6sszetettet az olasz k\u00f6r\u00f6n, \u00e9s most Franciaorsz\u00e1gban a s\u00e1rga trik\u00f3ra is r\u00e1hajt. Ez a Giro, Tour dupla egyazon \u00e9vben eddig csup\u00e1n hat ikonnak j\u00f6tt \u00f6ssze, olyan nevekr\u0151l besz\u00e9l\u00fcnk, mint Fausto Coppi, Jacques Anquetil, Eddy Merckx, Bernard Hinault, Miguel Indur\u00e1in \u00e9s a m\u00e1r eml\u00edtett Pantani, m\u00e9g 1998-ban.<\/p>\n<figure id=\"attachment_18603\" aria-describedby=\"caption-attachment-18603\" style=\"width: 1024px\" class=\"wp-caption alignnone\"><img loading=\"lazy\" decoding=\"async\" class=\"size-large wp-image-18603\" src=\"https:\/\/d2p6e6u75xmxt8.cloudfront.net\/12\/2024\/06\/pogacar_vittoria-1024x641.webp\" alt=\"\" width=\"1024\" height=\"641\" srcset=\"https:\/\/d2p6e6u75xmxt8.cloudfront.net\/12\/2024\/06\/pogacar_vittoria-1024x641.webp 1024w, https:\/\/d2p6e6u75xmxt8.cloudfront.net\/12\/2024\/06\/pogacar_vittoria-300x188.webp 300w, https:\/\/d2p6e6u75xmxt8.cloudfront.net\/12\/2024\/06\/pogacar_vittoria-768x481.webp 768w, https:\/\/d2p6e6u75xmxt8.cloudfront.net\/12\/2024\/06\/pogacar_vittoria-1536x961.webp 1536w, https:\/\/d2p6e6u75xmxt8.cloudfront.net\/12\/2024\/06\/pogacar_vittoria-2048x1282.webp 2048w, https:\/\/d2p6e6u75xmxt8.cloudfront.net\/12\/2024\/06\/pogacar_vittoria-1920x1202.webp 1920w, https:\/\/d2p6e6u75xmxt8.cloudfront.net\/12\/2024\/06\/pogacar_vittoria-400x250.webp 400w, https:\/\/d2p6e6u75xmxt8.cloudfront.net\/12\/2024\/06\/pogacar_vittoria-1920x1202.webp 1920w\" sizes=\"auto, (max-width: 1024px) 100vw, 1024px\" \/><figcaption id=\"caption-attachment-18603\" class=\"wp-caption-text\">forr\u00e1s: sport.sky.it<\/figcaption><\/figure>\n<p>A dupl\u00e1z\u00e1sban term\u00e9szetesen a k\u00e9tszeres c\u00edmv\u00e9d\u0151 Jonas Vingegaard szeretn\u00e9 megakad\u00e1lyozni a legink\u00e1bb, de nagy k\u00e9rd\u00e9s, hogy az \u00e1prilis elej\u00e9n a baszk k\u00f6rversenyen horrorbuk\u00e1st elszenved\u0151 (kulcscsont- \u00e9s bordat\u00f6r\u00e9s, l\u00e9gmell, miegym\u00e1s) d\u00e1nt mennyire siker\u00fclt \u00f6sszedr\u00f3tozni a Tourra, mennyire \u00e9rzi j\u00f3l mag\u00e1t, s mennyit vett ki bel\u0151le a t\u00f6bbh\u00f3napos kihagy\u00e1s. A v\u00e1rva v\u00e1rt Tour-deb\u00fct\u00e1l\u00e1s\u00e1t most megl\u00e9p\u0151 Evenepoel ugyancsak szeretn\u00e9 vel\u00fck tartani a l\u00e9p\u00e9st, de a fiatal belga Vuelta-gy\u0151ztes nagyj\u00e1b\u00f3l \u00fagy fogalmazott, els\u0151 Tourj\u00e1n nem tesz mag\u00e1ra k\u00fcl\u00f6n\u00f6sebb terhet, lesz, ami lesz \u2013 ett\u0151l m\u00e9g ne legyen k\u00e9ts\u00e9g\u00fcnk, nem az es\u00e9lytelenek nyugalm\u00e1val pattan majd a nyeregbe.<\/p>\n<figure id=\"attachment_18604\" aria-describedby=\"caption-attachment-18604\" style=\"width: 960px\" class=\"wp-caption alignnone\"><img loading=\"lazy\" decoding=\"async\" class=\"size-full wp-image-18604\" src=\"https:\/\/d2p6e6u75xmxt8.cloudfront.net\/12\/2024\/06\/remco-pogi-jonas.webp\" alt=\"\" width=\"960\" height=\"640\" srcset=\"https:\/\/d2p6e6u75xmxt8.cloudfront.net\/12\/2024\/06\/remco-pogi-jonas.webp 960w, https:\/\/d2p6e6u75xmxt8.cloudfront.net\/12\/2024\/06\/remco-pogi-jonas-300x200.webp 300w, https:\/\/d2p6e6u75xmxt8.cloudfront.net\/12\/2024\/06\/remco-pogi-jonas-768x512.webp 768w, https:\/\/d2p6e6u75xmxt8.cloudfront.net\/12\/2024\/06\/remco-pogi-jonas-400x267.webp 400w, https:\/\/d2p6e6u75xmxt8.cloudfront.net\/12\/2024\/06\/remco-pogi-jonas-272x182.webp 272w\" sizes=\"auto, (max-width: 960px) 100vw, 960px\" \/><figcaption id=\"caption-attachment-18604\" class=\"wp-caption-text\">forr\u00e1s: gva.be<\/figcaption><\/figure>\n<p>Komolyabb meglepet\u00e9snek sz\u00e1m\u00edtana, ha nem k\u00f6z\u00fcl\u00fck ker\u00fclne ki majd a v\u00e9gs\u0151 gy\u0151ztes, s am\u00edg \u0151k egym\u00e1ssal k\u00fczdenek, addig is figyelhetj\u00fck majd Van der Poel, Van Aert \u00e9s Philipsen k\u00fcl\u00f6ncsat\u00e1it \u2013 azt\u00e1n rem\u00e9lhet\u0151leg hozz\u00e1juk csatlakozik majd Cavendish is n\u00e9h\u00e1nyszor, hogy egy val\u00f3ban minden \u00edz\u00e9ben rendhagy\u00f3, t\u00f6rt\u00e9nelmi Tourt l\u00e1thassunk majd az elk\u00f6vetkez\u0151 h\u00e1rom h\u00e9tben!<\/p>\n","protected":false},"excerpt":{"rendered":"<p>De Mark Cavendish is t\u00f6rt\u00e9nelmet \u00edrna a 120 \u00e9ves t\u00f6rt\u00e9nelme sor\u00e1n most el\u0151sz\u00f6r nem P\u00e1rizsba meg\u00e9rkez\u0151 Tour de France-on.<\/p>\n","protected":false},"author":71,"featured_media":18605,"comment_status":"open","ping_status":"open","sticky":false,"template":"","format":"standard","meta":{"footnotes":""},"categories":[8],"tags":[],"global-categories":[419],"class_list":["post-18601","post","type-post","status-publish","format-standard","has-post-thumbnail","hentry","category-orszaguti-kerekpar","global-categories-cycling"],"yoast_head":"<!-- This site is optimized with the Yoast SEO Premium plugin v25.3 (Yoast SEO v25.9) - https:\/\/yoast.com\/wordpress\/plugins\/seo\/ -->\n<title>El\u0151sz\u00f6r egy\u00fctt a \u201enagy hatos\u201d, Pogacar 26 \u00e9ve nem l\u00e1tott brav\u00farra k\u00e9sz\u00fcl a rendhagy\u00f3 Touron<\/title>\n<meta name=\"description\" content=\"De Mark Cavendish is t\u00f6rt\u00e9nelmet \u00edrna a 120 \u00e9ves t\u00f6rt\u00e9nelme sor\u00e1n most el\u0151sz\u00f6r nem P\u00e1rizsba meg\u00e9rkez\u0151 Tour de France-on.\" \/>\n<meta name=\"robots\" content=\"index, follow, max-snippet:-1, max-image-preview:large, max-video-preview:-1\" \/>\n<link rel=\"canonical\" href=\"https:\/\/www.welovecycling.com\/hu\/orszaguti-kerekpar\/eloszor-egyutt-a-nagy-hatos-pogacar-26-eve-nem-latott-bravurra-keszul-a-rendhagyo-touron\/\" \/>\n<meta property=\"og:locale\" content=\"hu_HU\" \/>\n<meta property=\"og:type\" content=\"article\" \/>\n<meta property=\"og:title\" content=\"El\u0151sz\u00f6r egy\u00fctt a \u201enagy hatos\u201d, Pogacar 26 \u00e9ve nem l\u00e1tott brav\u00farra k\u00e9sz\u00fcl a rendhagy\u00f3 Touron\" \/>\n<meta property=\"og:description\" content=\"De Mark Cavendish is t\u00f6rt\u00e9nelmet \u00edrna a 120 \u00e9ves t\u00f6rt\u00e9nelme sor\u00e1n most el\u0151sz\u00f6r nem P\u00e1rizsba meg\u00e9rkez\u0151 Tour de France-on.\" \/>\n<meta property=\"og:url\" content=\"https:\/\/www.welovecycling.com\/hu\/orszaguti-kerekpar\/eloszor-egyutt-a-nagy-hatos-pogacar-26-eve-nem-latott-bravurra-keszul-a-rendhagyo-touron\/\" \/>\n<meta property=\"og:site_name\" content=\"\u0160koda We Love Cycling - Magyarorsz\u00e1g\" \/>\n<meta property=\"article:publisher\" content=\"https:\/\/www.facebook.com\/WeLoveCyclingHungary\/\" \/>\n<meta property=\"article:published_time\" content=\"2024-06-28T12:36:17+00:00\" \/>\n<meta property=\"og:image\" content=\"https:\/\/d2p6e6u75xmxt8.cloudfront.net\/12\/2024\/06\/3422067-69826508-2560-1440.webp\" \/>\n\t<meta property=\"og:image:width\" content=\"1200\" \/>\n\t<meta property=\"og:image:height\" content=\"675\" \/>\n\t<meta property=\"og:image:type\" content=\"image\/webp\" \/>\n<meta name=\"author\" content=\"hegyizs\" \/>\n<meta name=\"twitter:card\" content=\"summary_large_image\" \/>\n<meta name=\"twitter:label1\" content=\"Written by\" \/>\n\t<meta name=\"twitter:data1\" content=\"WLC\" \/>\n\t<meta name=\"twitter:label2\" content=\"Est. reading time\" \/>\n\t<meta name=\"twitter:data2\" content=\"3 minutes\" \/>\n<script type=\"application\/ld+json\" class=\"yoast-schema-graph\">{\"@context\":\"https:\/\/schema.org\",\"@graph\":[{\"@type\":\"WebPage\",\"@id\":\"https:\/\/www.welovecycling.com\/hu\/orszaguti-kerekpar\/eloszor-egyutt-a-nagy-hatos-pogacar-26-eve-nem-latott-bravurra-keszul-a-rendhagyo-touron\/\",\"url\":\"https:\/\/www.welovecycling.com\/hu\/orszaguti-kerekpar\/eloszor-egyutt-a-nagy-hatos-pogacar-26-eve-nem-latott-bravurra-keszul-a-rendhagyo-touron\/\",\"name\":\"El\u0151sz\u00f6r egy\u00fctt a \u201enagy hatos\u201d, Pogacar 26 \u00e9ve nem l\u00e1tott brav\u00farra k\u00e9sz\u00fcl a rendhagy\u00f3 Touron\",\"isPartOf\":{\"@id\":\"https:\/\/www.welovecycling.com\/hu\/#website\"},\"primaryImageOfPage\":{\"@id\":\"https:\/\/www.welovecycling.com\/hu\/orszaguti-kerekpar\/eloszor-egyutt-a-nagy-hatos-pogacar-26-eve-nem-latott-bravurra-keszul-a-rendhagyo-touron\/#primaryimage\"},\"image\":{\"@id\":\"https:\/\/www.welovecycling.com\/hu\/orszaguti-kerekpar\/eloszor-egyutt-a-nagy-hatos-pogacar-26-eve-nem-latott-bravurra-keszul-a-rendhagyo-touron\/#primaryimage\"},\"thumbnailUrl\":\"https:\/\/d2p6e6u75xmxt8.cloudfront.net\/12\/2024\/06\/3422067-69826508-2560-1440.webp\",\"datePublished\":\"2024-06-28T12:36:17+00:00\",\"author\":{\"@id\":\"https:\/\/www.welovecycling.com\/hu\/#\/schema\/person\/414a2aebf1801691a5320edb6468e194\"},\"description\":\"De Mark Cavendish is t\u00f6rt\u00e9nelmet \u00edrna a 120 \u00e9ves t\u00f6rt\u00e9nelme sor\u00e1n most el\u0151sz\u00f6r nem P\u00e1rizsba meg\u00e9rkez\u0151 Tour de France-on.\",\"breadcrumb\":{\"@id\":\"https:\/\/www.welovecycling.com\/hu\/orszaguti-kerekpar\/eloszor-egyutt-a-nagy-hatos-pogacar-26-eve-nem-latott-bravurra-keszul-a-rendhagyo-touron\/#breadcrumb\"},\"inLanguage\":\"hu\",\"potentialAction\":[{\"@type\":\"ReadAction\",\"target\":[\"https:\/\/www.welovecycling.com\/hu\/orszaguti-kerekpar\/eloszor-egyutt-a-nagy-hatos-pogacar-26-eve-nem-latott-bravurra-keszul-a-rendhagyo-touron\/\"]}]},{\"@type\":\"ImageObject\",\"inLanguage\":\"hu\",\"@id\":\"https:\/\/www.welovecycling.com\/hu\/orszaguti-kerekpar\/eloszor-egyutt-a-nagy-hatos-pogacar-26-eve-nem-latott-bravurra-keszul-a-rendhagyo-touron\/#primaryimage\",\"url\":\"https:\/\/d2p6e6u75xmxt8.cloudfront.net\/12\/2024\/06\/3422067-69826508-2560-1440.webp\",\"contentUrl\":\"https:\/\/d2p6e6u75xmxt8.cloudfront.net\/12\/2024\/06\/3422067-69826508-2560-1440.webp\",\"width\":1200,\"height\":675},{\"@type\":\"BreadcrumbList\",\"@id\":\"https:\/\/www.welovecycling.com\/hu\/orszaguti-kerekpar\/eloszor-egyutt-a-nagy-hatos-pogacar-26-eve-nem-latott-bravurra-keszul-a-rendhagyo-touron\/#breadcrumb\",\"itemListElement\":[{\"@type\":\"ListItem\",\"position\":1,\"name\":\"Home\",\"item\":\"https:\/\/www.welovecycling.com\/hu\/\"},{\"@type\":\"ListItem\",\"position\":2,\"name\":\"El\u0151sz\u00f6r egy\u00fctt a \u201enagy hatos\u201d, Pogacar 26 \u00e9ve nem l\u00e1tott brav\u00farra k\u00e9sz\u00fcl a rendhagy\u00f3 Touron\"}]},{\"@type\":\"WebSite\",\"@id\":\"https:\/\/www.welovecycling.com\/hu\/#website\",\"url\":\"https:\/\/www.welovecycling.com\/hu\/\",\"name\":\"\u0160koda We Love Cycling - Magyarorsz\u00e1g\",\"description\":\"\u0160koda WeLoveCycling\",\"potentialAction\":[{\"@type\":\"SearchAction\",\"target\":{\"@type\":\"EntryPoint\",\"urlTemplate\":\"https:\/\/www.welovecycling.com\/hu\/?s={search_term_string}\"},\"query-input\":{\"@type\":\"PropertyValueSpecification\",\"valueRequired\":true,\"valueName\":\"search_term_string\"}}],\"inLanguage\":\"hu\"},{\"@type\":\"Person\",\"@id\":\"https:\/\/www.welovecycling.com\/hu\/#\/schema\/person\/414a2aebf1801691a5320edb6468e194\",\"name\":\"hegyizs\",\"image\":{\"@type\":\"ImageObject\",\"inLanguage\":\"hu\",\"@id\":\"https:\/\/www.welovecycling.com\/hu\/#\/schema\/person\/image\/\",\"url\":\"https:\/\/secure.gravatar.com\/avatar\/02cf8a7906b8cf90cecb4679defac7cfd33a1c2e3b88e4903d947f3bb58eedd3?s=96&d=mm&r=g\",\"contentUrl\":\"https:\/\/secure.gravatar.com\/avatar\/02cf8a7906b8cf90cecb4679defac7cfd33a1c2e3b88e4903d947f3bb58eedd3?s=96&d=mm&r=g\",\"caption\":\"hegyizs\"},\"url\":\"https:\/\/www.welovecycling.com\/hu\/author\/hegyizs\/\"}]}<\/script>\n<!-- \/ Yoast SEO Premium plugin. -->","yoast_head_json":{"title":"El\u0151sz\u00f6r egy\u00fctt a \u201enagy hatos\u201d, Pogacar 26 \u00e9ve nem l\u00e1tott brav\u00farra k\u00e9sz\u00fcl a rendhagy\u00f3 Touron","description":"De Mark Cavendish is t\u00f6rt\u00e9nelmet \u00edrna a 120 \u00e9ves t\u00f6rt\u00e9nelme sor\u00e1n most el\u0151sz\u00f6r nem P\u00e1rizsba meg\u00e9rkez\u0151 Tour de France-on.","robots":{"index":"index","follow":"follow","max-snippet":"max-snippet:-1","max-image-preview":"max-image-preview:large","max-video-preview":"max-video-preview:-1"},"canonical":"https:\/\/www.welovecycling.com\/hu\/orszaguti-kerekpar\/eloszor-egyutt-a-nagy-hatos-pogacar-26-eve-nem-latott-bravurra-keszul-a-rendhagyo-touron\/","og_locale":"hu_HU","og_type":"article","og_title":"El\u0151sz\u00f6r egy\u00fctt a \u201enagy hatos\u201d, Pogacar 26 \u00e9ve nem l\u00e1tott brav\u00farra k\u00e9sz\u00fcl a rendhagy\u00f3 Touron","og_description":"De Mark Cavendish is t\u00f6rt\u00e9nelmet \u00edrna a 120 \u00e9ves t\u00f6rt\u00e9nelme sor\u00e1n most el\u0151sz\u00f6r nem P\u00e1rizsba meg\u00e9rkez\u0151 Tour de France-on.","og_url":"https:\/\/www.welovecycling.com\/hu\/orszaguti-kerekpar\/eloszor-egyutt-a-nagy-hatos-pogacar-26-eve-nem-latott-bravurra-keszul-a-rendhagyo-touron\/","og_site_name":"\u0160koda We Love Cycling - Magyarorsz\u00e1g","article_publisher":"https:\/\/www.facebook.com\/WeLoveCyclingHungary\/","article_published_time":"2024-06-28T12:36:17+00:00","og_image":[{"width":1200,"height":675,"url":"https:\/\/d2p6e6u75xmxt8.cloudfront.net\/12\/2024\/06\/3422067-69826508-2560-1440.webp","type":"image\/webp"}],"author":"hegyizs","twitter_card":"summary_large_image","twitter_misc":{"Written by":"WLC","Est. reading time":"3 minutes"},"schema":{"@context":"https:\/\/schema.org","@graph":[{"@type":"WebPage","@id":"https:\/\/www.welovecycling.com\/hu\/orszaguti-kerekpar\/eloszor-egyutt-a-nagy-hatos-pogacar-26-eve-nem-latott-bravurra-keszul-a-rendhagyo-touron\/","url":"https:\/\/www.welovecycling.com\/hu\/orszaguti-kerekpar\/eloszor-egyutt-a-nagy-hatos-pogacar-26-eve-nem-latott-bravurra-keszul-a-rendhagyo-touron\/","name":"El\u0151sz\u00f6r egy\u00fctt a \u201enagy hatos\u201d, Pogacar 26 \u00e9ve nem l\u00e1tott brav\u00farra k\u00e9sz\u00fcl a rendhagy\u00f3 Touron","isPartOf":{"@id":"https:\/\/www.welovecycling.com\/hu\/#website"},"primaryImageOfPage":{"@id":"https:\/\/www.welovecycling.com\/hu\/orszaguti-kerekpar\/eloszor-egyutt-a-nagy-hatos-pogacar-26-eve-nem-latott-bravurra-keszul-a-rendhagyo-touron\/#primaryimage"},"image":{"@id":"https:\/\/www.welovecycling.com\/hu\/orszaguti-kerekpar\/eloszor-egyutt-a-nagy-hatos-pogacar-26-eve-nem-latott-bravurra-keszul-a-rendhagyo-touron\/#primaryimage"},"thumbnailUrl":"https:\/\/d2p6e6u75xmxt8.cloudfront.net\/12\/2024\/06\/3422067-69826508-2560-1440.webp","datePublished":"2024-06-28T12:36:17+00:00","author":{"@id":"https:\/\/www.welovecycling.com\/hu\/#\/schema\/person\/414a2aebf1801691a5320edb6468e194"},"description":"De Mark Cavendish is t\u00f6rt\u00e9nelmet \u00edrna a 120 \u00e9ves t\u00f6rt\u00e9nelme sor\u00e1n most el\u0151sz\u00f6r nem P\u00e1rizsba meg\u00e9rkez\u0151 Tour de France-on.","breadcrumb":{"@id":"https:\/\/www.welovecycling.com\/hu\/orszaguti-kerekpar\/eloszor-egyutt-a-nagy-hatos-pogacar-26-eve-nem-latott-bravurra-keszul-a-rendhagyo-touron\/#breadcrumb"},"inLanguage":"hu","potentialAction":[{"@type":"ReadAction","target":["https:\/\/www.welovecycling.com\/hu\/orszaguti-kerekpar\/eloszor-egyutt-a-nagy-hatos-pogacar-26-eve-nem-latott-bravurra-keszul-a-rendhagyo-touron\/"]}]},{"@type":"ImageObject","inLanguage":"hu","@id":"https:\/\/www.welovecycling.com\/hu\/orszaguti-kerekpar\/eloszor-egyutt-a-nagy-hatos-pogacar-26-eve-nem-latott-bravurra-keszul-a-rendhagyo-touron\/#primaryimage","url":"https:\/\/d2p6e6u75xmxt8.cloudfront.net\/12\/2024\/06\/3422067-69826508-2560-1440.webp","contentUrl":"https:\/\/d2p6e6u75xmxt8.cloudfront.net\/12\/2024\/06\/3422067-69826508-2560-1440.webp","width":1200,"height":675},{"@type":"BreadcrumbList","@id":"https:\/\/www.welovecycling.com\/hu\/orszaguti-kerekpar\/eloszor-egyutt-a-nagy-hatos-pogacar-26-eve-nem-latott-bravurra-keszul-a-rendhagyo-touron\/#breadcrumb","itemListElement":[{"@type":"ListItem","position":1,"name":"Home","item":"https:\/\/www.welovecycling.com\/hu\/"},{"@type":"ListItem","position":2,"name":"El\u0151sz\u00f6r egy\u00fctt a \u201enagy hatos\u201d, Pogacar 26 \u00e9ve nem l\u00e1tott brav\u00farra k\u00e9sz\u00fcl a rendhagy\u00f3 Touron"}]},{"@type":"WebSite","@id":"https:\/\/www.welovecycling.com\/hu\/#website","url":"https:\/\/www.welovecycling.com\/hu\/","name":"\u0160koda We Love Cycling - Magyarorsz\u00e1g","description":"\u0160koda WeLoveCycling","potentialAction":[{"@type":"SearchAction","target":{"@type":"EntryPoint","urlTemplate":"https:\/\/www.welovecycling.com\/hu\/?s={search_term_string}"},"query-input":{"@type":"PropertyValueSpecification","valueRequired":true,"valueName":"search_term_string"}}],"inLanguage":"hu"},{"@type":"Person","@id":"https:\/\/www.welovecycling.com\/hu\/#\/schema\/person\/414a2aebf1801691a5320edb6468e194","name":"hegyizs","image":{"@type":"ImageObject","inLanguage":"hu","@id":"https:\/\/www.welovecycling.com\/hu\/#\/schema\/person\/image\/","url":"https:\/\/secure.gravatar.com\/avatar\/02cf8a7906b8cf90cecb4679defac7cfd33a1c2e3b88e4903d947f3bb58eedd3?s=96&d=mm&r=g","contentUrl":"https:\/\/secure.gravatar.com\/avatar\/02cf8a7906b8cf90cecb4679defac7cfd33a1c2e3b88e4903d947f3bb58eedd3?s=96&d=mm&r=g","caption":"hegyizs"},"url":"https:\/\/www.welovecycling.com\/hu\/author\/hegyizs\/"}]}},"_links":{"self":[{"href":"https:\/\/www.welovecycling.com\/hu\/wp-json\/wp\/v2\/posts\/18601","targetHints":{"allow":["GET"]}}],"collection":[{"href":"https:\/\/www.welovecycling.com\/hu\/wp-json\/wp\/v2\/posts"}],"about":[{"href":"https:\/\/www.welovecycling.com\/hu\/wp-json\/wp\/v2\/types\/post"}],"author":[{"embeddable":true,"href":"https:\/\/www.welovecycling.com\/hu\/wp-json\/wp\/v2\/users\/71"}],"replies":[{"embeddable":true,"href":"https:\/\/www.welovecycling.com\/hu\/wp-json\/wp\/v2\/comments?post=18601"}],"version-history":[{"count":1,"href":"https:\/\/www.welovecycling.com\/hu\/wp-json\/wp\/v2\/posts\/18601\/revisions"}],"predecessor-version":[{"id":18606,"href":"https:\/\/www.welovecycling.com\/hu\/wp-json\/wp\/v2\/posts\/18601\/revisions\/18606"}],"wp:featuredmedia":[{"embeddable":true,"href":"https:\/\/www.welovecycling.com\/hu\/wp-json\/wp\/v2\/media\/18605"}],"wp:attachment":[{"href":"https:\/\/www.welovecycling.com\/hu\/wp-json\/wp\/v2\/media?parent=18601"}],"wp:term":[{"taxonomy":"category","embeddable":true,"href":"https:\/\/www.welovecycling.com\/hu\/wp-json\/wp\/v2\/categories?post=18601"},{"taxonomy":"post_tag","embeddable":true,"href":"https:\/\/www.welovecycling.com\/hu\/wp-json\/wp\/v2\/tags?post=18601"},{"taxonomy":"global-categories","embeddable":true,"href":"https:\/\/www.welovecycling.com\/hu\/wp-json\/wp\/v2\/global-categories?post=18601"}],"curies":[{"name":"wp","href":"https:\/\/api.w.org\/{rel}","templated":true}]}}