{"id":18581,"date":"2024-07-01T08:00:04","date_gmt":"2024-07-01T06:00:04","guid":{"rendered":"https:\/\/www.welovecycling.com\/hu\/?p=18581"},"modified":"2024-06-24T15:52:15","modified_gmt":"2024-06-24T13:52:15","slug":"melyik-napszakban-a-legjobb-tekerni","status":"publish","type":"post","link":"https:\/\/www.welovecycling.com\/hu\/edzes-es-eletmod\/melyik-napszakban-a-legjobb-tekerni\/","title":{"rendered":"Melyik napszakban a legjobb tekerni?"},"content":{"rendered":"<p><strong>Szerinted melyik a legjobb: kora reggel biciklizni, eb\u00e9d k\u00f6r\u00fcl beiktatni egy utat, vagy est\u00e9re hagyni az napi edz\u00e9st? Mindegyik id\u0151pontnak megvannak a maga el\u0151nyei \u00e9s h\u00e1tr\u00e1nyai. Seg\u00edt\u00fcnk megtal\u00e1lni azt a napszakot, ami sz\u00e1modra a legjobb.<\/strong><\/p>\n<p><!--more--><\/p>\n<h2><strong>A napszak nem sz\u00e1m\u00edt a teljes\u00edtm\u00e9ny szempontj\u00e1b\u00f3l<\/strong><\/h2>\n<p>Nem neh\u00e9z \u00e9rveket tal\u00e1lni amellett, hogy a reggeli edz\u00e9s jobb, mint a d\u00e9lut\u00e1ni, \u00e9s ford\u00edtva. De ha a kutat\u00e1sokat n\u00e9zz\u00fck, \u00fagy t\u0171nik, egyikre sincs j\u00f3 bizony\u00edt\u00e9k. Egy <u><a href=\"https:\/\/www.ncbi.nlm.nih.gov\/pmc\/articles\/PMC9116725\/\">2022-es<\/a><\/u> \u00e9s egy 2023-as <u><a href=\"https:\/\/www.ncbi.nlm.nih.gov\/pmc\/articles\/PMC10198889\/\">tanulm\u00e1ny<\/a><\/u> is arra a k\u00f6vetkeztet\u00e9sre jutott, hogy nincs olyan napszak, amelyik jobb lenne a t\u00f6bbin\u00e9l az eg\u00e9szs\u00e9g vagy a teljes\u00edtm\u00e9ny szempontj\u00e1b\u00f3l.<\/p>\n<p>A tudom\u00e1nyos bizony\u00edt\u00e9kokon t\u00fal \u00e9rdemes megjegyezni, hogy a profi ker\u00e9kp\u00e1rosok is a nap k\u00fcl\u00f6nb\u00f6z\u0151 id\u0151pontjaiban edzenek. Ha lenne valamilyen el\u0151nye valamelyik id\u0151intervallumnak, val\u00f3sz\u00edn\u0171, hogy id\u0151vel a legt\u00f6bb profi kiz\u00e1r\u00f3lag ekkor edzene. Ennek a t\u00f6rt\u00e9netnek a tanuls\u00e1ga az, hogy a legjobb id\u0151pont megtal\u00e1l\u00e1sa a ker\u00e9kp\u00e1roz\u00e1shoz nem a teljes\u00edtm\u00e9ny vagy az eg\u00e9szs\u00e9g maximaliz\u00e1l\u00e1s\u00e1r\u00f3l sz\u00f3l. Ink\u00e1bb arr\u00f3l van sz\u00f3, hogy olyan napszakot v\u00e1lasszunk, amely beleillik az id\u0151beoszt\u00e1sunkba, \u00e9s lehet\u0151v\u00e9 teszi, hogy k\u00f6vetkezetesen eddz\u00fcnk, mik\u00f6zben egyens\u00falyban tartjuk a mag\u00e1n\u00e9let\u00fcnkkel \u00e9s a karrier\u00fcnkkel.<\/p>\n<h2><strong>Ker\u00e9kp\u00e1roz\u00e1s munka el\u0151tt<\/strong><\/h2>\n<p>Ha kora reggel indulsz \u00fatnak, k\u00f6nnyen lehet, hogy elt\u00f6lt egy fels\u0151bbrend\u0171 \u00e9rz\u00e9s azokkal szemben, akik m\u00e9g az \u00e1gyban fekszenek. A t\u00e1rsadalom kit\u00fcnteti azokat, akik kor\u00e1n kelnek, de ne hagyd, hogy ez megt\u00e9vesszen. Ahogy azt m\u00e1r tiszt\u00e1ztuk, a napszak irrelev\u00e1ns az eg\u00e9szs\u00e9g vagy a teljes\u00edtm\u00e9ny szempontj\u00e1b\u00f3l. Az a fontos, hogy az adott id\u0151pont m\u0171k\u00f6dik-e sz\u00e1modra. \u00cdme n\u00e9h\u00e1ny el\u0151ny \u00e9s h\u00e1tr\u00e1ny, hogy seg\u00edts\u00fcnk eld\u00f6nteni, j\u00f3 v\u00e1laszt\u00e1s-e a reggeli teker\u00e9s.<\/p>\n<h4><strong>El\u0151ny\u00f6k<\/strong><\/h4>\n<ul>\n<li>K\u00f6vetkezetess\u00e9g: elv\u00e9gzed a feladatot, m\u00e9g miel\u0151tt b\u00e1rmi k\u00f6zbej\u00f6hetne.<\/li>\n<li>Reggeli lend\u00fclet: egy j\u00f3 adag endorfin l\u00f6kettel kezdheted a napot, ami seg\u00edti a ment\u00e1lis eg\u00e9szs\u00e9get \u00e9s a j\u00f3 k\u00f6z\u00e9rzetet.<\/li>\n<\/ul>\n<h4><strong>H\u00e1tr\u00e1nyok<\/strong><\/h4>\n<ul>\n<li>Korai kel\u00e9s: kor\u00e1n kelni neh\u00e9z, k\u00fcl\u00f6n\u00f6sen az \u00e9jszakai baglyok sz\u00e1m\u00e1ra.<\/li>\n<li>T\u00e1pl\u00e1lkoz\u00e1s: neh\u00e9z megfelel\u0151en t\u00e1pl\u00e1lkozni egy korai \u00fat el\u0151tt, k\u00fcl\u00f6n\u00f6sen, ha intervallumos edz\u00e9st tervezel.<\/li>\n<li>Alv\u00e1szavar: rendszeresen nem kapod meg a sz\u00fcks\u00e9ges alv\u00e1smennyis\u00e9get, ha nem fekszel le el\u00e9g kor\u00e1n.<\/li>\n<\/ul>\n<h2><strong>Ker\u00e9kp\u00e1roz\u00e1s napk\u00f6zben<\/strong><\/h2>\n<p>Sok ember sz\u00e1m\u00e1ra erre egyszer\u0171en nincs lehet\u0151s\u00e9g, hiszen rengeteg munkahelyen jelen kell lenni napk\u00f6zben \u00e9s nem te d\u00f6nt\u00f6d el, mikor tartasz sz\u00fcnetet. M\u00e1sr\u00e9szt, azoknak, akik szabad\u00fasz\u00f3k, saj\u00e1t v\u00e1llalkoz\u00e1st vezetnek, vagy menedzserek, gyakran van lehet\u0151s\u00e9g\u00fck a napjukat blokkokra osztani. Ez pedig lehet\u0151s\u00e9get ad, hogy elmenjek p\u00e9ld\u00e1ul eb\u00e9dsz\u00fcnetben tekerni.<\/p>\n<h4><strong>El\u0151ny\u00f6k<\/strong><\/h4>\n<ul>\n<li>Sz\u00fcnet a munk\u00e1ban: ment\u00e1lis \u00e9s fizikai felfriss\u00fcl\u00e9st biztos\u00edt \u00e9s energiz\u00e1lhat a munkanap h\u00e1tral\u00e9v\u0151 r\u00e9sz\u00e9re.<\/li>\n<li>Hat\u00e9kony: j\u00f3l kihaszn\u00e1lhatod az eb\u00e9dsz\u00fcnetet, \u00edgy a legt\u00f6bbet hozhatod ki a naps\u00fct\u00e9ses \u00f3r\u00e1kb\u00f3l.<\/li>\n<\/ul>\n<h4><strong>H\u00e1tr\u00e1nyok<\/strong><\/h4>\n<ul>\n<li>Izzad\u00e1s: valahogy meg kell oldanod, hogy le tudj zuhanyozni, miel\u0151tt visszat\u00e9rsz a munk\u00e1ba.<\/li>\n<li>Edz\u00e9s ut\u00e1ni f\u00e1radts\u00e1g: ha t\u00falhajtod magad, f\u00e1radtnak \u00e9rezheted magad a munkanap h\u00e1tral\u00e9v\u0151 r\u00e9sz\u00e9ben.<\/li>\n<li>Logisztika: helyet kell tal\u00e1lnod a ker\u00e9kp\u00e1rod \u00e9s a felszerel\u00e9sed t\u00e1rol\u00e1s\u00e1ra a munkahelyen.<\/li>\n<\/ul>\n<h2><strong>Ker\u00e9kp\u00e1roz\u00e1s munka ut\u00e1n<\/strong><\/h2>\n<p>A munka ut\u00e1ni ker\u00e9kp\u00e1roz\u00e1s val\u00f3sz\u00edn\u0171leg a legn\u00e9pszer\u0171bb v\u00e1laszt\u00e1s az \u00e1tlagos amat\u0151r ker\u00e9kp\u00e1rosok sz\u00e1m\u00e1ra. Ez a leghosszabb id\u0151szak a munka \u00e9s az alv\u00e1s k\u00f6z\u00f6tt. De csak az\u00e9rt, mert a legt\u00f6bb ember ezt csin\u00e1lja, nem jelenti azt, hogy hozz\u00e1d is ez illik legjobban.<\/p>\n<h4><strong>El\u0151ny\u00f6k<\/strong><\/h4>\n<ul>\n<li>Kikapcsol\u00f3d\u00e1s: seg\u00edthet ellazulni \u00e9s cs\u00f6kkenteni a stresszt egy hossz\u00fa munkanap ut\u00e1n.<\/li>\n<li>Szoci\u00e1lis tev\u00e9kenys\u00e9g: k\u00f6nnyebb est\u00e9nk\u00e9nt csatlakozni csoportos utakhoz vagy ker\u00e9kp\u00e1ros klubokhoz.<\/li>\n<\/ul>\n<h4><strong>H\u00e1tr\u00e1nyok<\/strong><\/h4>\n<ul>\n<li>F\u00e1radts\u00e1g: t\u00fal f\u00e1radtnak \u00e9s motiv\u00e1latlannak \u00e9rezheted magad egy hossz\u00fa munkanap ut\u00e1n, ami alacsonyabb min\u0151s\u00e9g\u0171 vagy kihagyott edz\u00e9sekhez vezethet.<\/li>\n<li>Id\u0151gazd\u00e1lkod\u00e1s: este kell a legt\u00f6bb dolognak belef\u00e9rnie az \u00e9letedbe, ilyenkor egym\u00e1ssal versengenek a szem\u00e9lyes, csal\u00e1di \u00e9s t\u00e1rsadalmi k\u00f6telezetts\u00e9gek, ami n\u00f6veli a kihagyott edz\u00e9sek kock\u00e1zat\u00e1t.<\/li>\n<li>Alv\u00e1szavar: n\u00e9h\u00e1nyan rosszabbul alszanak, ha k\u00e9s\u0151 este edzenek.<\/li>\n<\/ul>\n<p>Rem\u00e9lhet\u0151leg ez a cikk seg\u00edt megnyugtatni, hogy nem kell keresned a t\u00f6k\u00e9letes napszakot az edz\u00e9shez. Egyszer\u0171en n\u00e9zd meg, melyik napszak a legjobb sz\u00e1modra, \u00e9s k\u00f6telezd el magad mellette. A k\u00f6vetkezetess\u00e9g az, ami a legjobb eg\u00e9szs\u00e9g\u00fcgyi eredm\u00e9nyeket hozza!<\/p>\n","protected":false},"excerpt":{"rendered":"<p>Szerinted melyik a legjobb: kora reggel biciklizni, eb\u00e9d k\u00f6r\u00fcl beiktatni egy utat, vagy est\u00e9re hagyni az napi edz\u00e9st? Mindegyik id\u0151pontnak [&hellip;]<\/p>\n","protected":false},"author":71,"featured_media":18582,"comment_status":"open","ping_status":"open","sticky":false,"template":"","format":"standard","meta":{"footnotes":""},"categories":[6],"tags":[],"global-categories":[],"class_list":["post-18581","post","type-post","status-publish","format-standard","has-post-thumbnail","hentry","category-edzes-es-eletmod"],"yoast_head":"<!-- This site is optimized with the Yoast SEO Premium plugin v25.3 (Yoast SEO v25.9) - https:\/\/yoast.com\/wordpress\/plugins\/seo\/ -->\n<title>Melyik napszakban a legjobb tekerni?<\/title>\n<meta name=\"description\" content=\"Szerinted melyik a legjobb: kora reggel biciklizni, eb\u00e9d k\u00f6r\u00fcl beiktatni egy utat, vagy est\u00e9re hagyni az napi edz\u00e9st? Mindegyik id\u0151pontnak megvannak a maga el\u0151nyei \u00e9s h\u00e1tr\u00e1nyai. Seg\u00edt\u00fcnk megtal\u00e1lni azt a napszakot, ami sz\u00e1modra a legjobb.\" \/>\n<meta name=\"robots\" content=\"index, follow, max-snippet:-1, max-image-preview:large, max-video-preview:-1\" \/>\n<link rel=\"canonical\" href=\"https:\/\/www.welovecycling.com\/hu\/edzes-es-eletmod\/melyik-napszakban-a-legjobb-tekerni\/\" \/>\n<meta property=\"og:locale\" content=\"hu_HU\" \/>\n<meta property=\"og:type\" content=\"article\" \/>\n<meta property=\"og:title\" content=\"Melyik napszakban a legjobb tekerni?\" \/>\n<meta property=\"og:description\" content=\"Szerinted melyik a legjobb: kora reggel biciklizni, eb\u00e9d k\u00f6r\u00fcl beiktatni egy utat, vagy est\u00e9re hagyni az napi edz\u00e9st? Mindegyik id\u0151pontnak megvannak a maga el\u0151nyei \u00e9s h\u00e1tr\u00e1nyai. Seg\u00edt\u00fcnk megtal\u00e1lni azt a napszakot, ami sz\u00e1modra a legjobb.\" \/>\n<meta property=\"og:url\" content=\"https:\/\/www.welovecycling.com\/hu\/edzes-es-eletmod\/melyik-napszakban-a-legjobb-tekerni\/\" \/>\n<meta property=\"og:site_name\" content=\"\u0160koda We Love Cycling - Magyarorsz\u00e1g\" \/>\n<meta property=\"article:publisher\" content=\"https:\/\/www.facebook.com\/WeLoveCyclingHungary\/\" \/>\n<meta property=\"article:published_time\" content=\"2024-07-01T06:00:04+00:00\" \/>\n<meta property=\"og:image\" content=\"https:\/\/d2p6e6u75xmxt8.cloudfront.net\/12\/2024\/06\/Road-Cyclist-profimedia-0555487528-CVR.webp\" \/>\n\t<meta property=\"og:image:width\" content=\"900\" \/>\n\t<meta property=\"og:image:height\" content=\"600\" \/>\n\t<meta property=\"og:image:type\" content=\"image\/webp\" \/>\n<meta name=\"author\" content=\"hegyizs\" \/>\n<meta name=\"twitter:card\" content=\"summary_large_image\" \/>\n<meta name=\"twitter:label1\" content=\"Written by\" \/>\n\t<meta name=\"twitter:data1\" content=\"Jiri Kaloc\" \/>\n\t<meta name=\"twitter:label2\" content=\"Est. reading time\" \/>\n\t<meta name=\"twitter:data2\" content=\"3\" \/>\n<script type=\"application\/ld+json\" class=\"yoast-schema-graph\">{\"@context\":\"https:\/\/schema.org\",\"@graph\":[{\"@type\":\"WebPage\",\"@id\":\"https:\/\/www.welovecycling.com\/hu\/edzes-es-eletmod\/melyik-napszakban-a-legjobb-tekerni\/\",\"url\":\"https:\/\/www.welovecycling.com\/hu\/edzes-es-eletmod\/melyik-napszakban-a-legjobb-tekerni\/\",\"name\":\"Melyik napszakban a legjobb tekerni?\",\"isPartOf\":{\"@id\":\"https:\/\/www.welovecycling.com\/hu\/#website\"},\"primaryImageOfPage\":{\"@id\":\"https:\/\/www.welovecycling.com\/hu\/edzes-es-eletmod\/melyik-napszakban-a-legjobb-tekerni\/#primaryimage\"},\"image\":{\"@id\":\"https:\/\/www.welovecycling.com\/hu\/edzes-es-eletmod\/melyik-napszakban-a-legjobb-tekerni\/#primaryimage\"},\"thumbnailUrl\":\"https:\/\/d2p6e6u75xmxt8.cloudfront.net\/12\/2024\/06\/Road-Cyclist-profimedia-0555487528-CVR.webp\",\"datePublished\":\"2024-07-01T06:00:04+00:00\",\"author\":{\"@id\":\"https:\/\/www.welovecycling.com\/hu\/#\/schema\/person\/414a2aebf1801691a5320edb6468e194\"},\"description\":\"Szerinted melyik a legjobb: kora reggel biciklizni, eb\u00e9d k\u00f6r\u00fcl beiktatni egy utat, vagy est\u00e9re hagyni az napi edz\u00e9st? Mindegyik id\u0151pontnak megvannak a maga el\u0151nyei \u00e9s h\u00e1tr\u00e1nyai. Seg\u00edt\u00fcnk megtal\u00e1lni azt a napszakot, ami sz\u00e1modra a legjobb.\",\"breadcrumb\":{\"@id\":\"https:\/\/www.welovecycling.com\/hu\/edzes-es-eletmod\/melyik-napszakban-a-legjobb-tekerni\/#breadcrumb\"},\"inLanguage\":\"hu\",\"potentialAction\":[{\"@type\":\"ReadAction\",\"target\":[\"https:\/\/www.welovecycling.com\/hu\/edzes-es-eletmod\/melyik-napszakban-a-legjobb-tekerni\/\"]}]},{\"@type\":\"ImageObject\",\"inLanguage\":\"hu\",\"@id\":\"https:\/\/www.welovecycling.com\/hu\/edzes-es-eletmod\/melyik-napszakban-a-legjobb-tekerni\/#primaryimage\",\"url\":\"https:\/\/d2p6e6u75xmxt8.cloudfront.net\/12\/2024\/06\/Road-Cyclist-profimedia-0555487528-CVR.webp\",\"contentUrl\":\"https:\/\/d2p6e6u75xmxt8.cloudfront.net\/12\/2024\/06\/Road-Cyclist-profimedia-0555487528-CVR.webp\",\"width\":900,\"height\":600,\"caption\":\"Road cyclist\"},{\"@type\":\"BreadcrumbList\",\"@id\":\"https:\/\/www.welovecycling.com\/hu\/edzes-es-eletmod\/melyik-napszakban-a-legjobb-tekerni\/#breadcrumb\",\"itemListElement\":[{\"@type\":\"ListItem\",\"position\":1,\"name\":\"Home\",\"item\":\"https:\/\/www.welovecycling.com\/hu\/\"},{\"@type\":\"ListItem\",\"position\":2,\"name\":\"Melyik napszakban a legjobb tekerni?\"}]},{\"@type\":\"WebSite\",\"@id\":\"https:\/\/www.welovecycling.com\/hu\/#website\",\"url\":\"https:\/\/www.welovecycling.com\/hu\/\",\"name\":\"\u0160koda We Love Cycling - Magyarorsz\u00e1g\",\"description\":\"\u0160koda WeLoveCycling\",\"potentialAction\":[{\"@type\":\"SearchAction\",\"target\":{\"@type\":\"EntryPoint\",\"urlTemplate\":\"https:\/\/www.welovecycling.com\/hu\/?s={search_term_string}\"},\"query-input\":{\"@type\":\"PropertyValueSpecification\",\"valueRequired\":true,\"valueName\":\"search_term_string\"}}],\"inLanguage\":\"hu\"},{\"@type\":\"Person\",\"@id\":\"https:\/\/www.welovecycling.com\/hu\/#\/schema\/person\/414a2aebf1801691a5320edb6468e194\",\"name\":\"hegyizs\",\"image\":{\"@type\":\"ImageObject\",\"inLanguage\":\"hu\",\"@id\":\"https:\/\/www.welovecycling.com\/hu\/#\/schema\/person\/image\/\",\"url\":\"https:\/\/secure.gravatar.com\/avatar\/02cf8a7906b8cf90cecb4679defac7cfd33a1c2e3b88e4903d947f3bb58eedd3?s=96&d=mm&r=g\",\"contentUrl\":\"https:\/\/secure.gravatar.com\/avatar\/02cf8a7906b8cf90cecb4679defac7cfd33a1c2e3b88e4903d947f3bb58eedd3?s=96&d=mm&r=g\",\"caption\":\"hegyizs\"},\"url\":\"https:\/\/www.welovecycling.com\/hu\/author\/hegyizs\/\"}]}<\/script>\n<!-- \/ Yoast SEO Premium plugin. -->","yoast_head_json":{"title":"Melyik napszakban a legjobb tekerni?","description":"Szerinted melyik a legjobb: kora reggel biciklizni, eb\u00e9d k\u00f6r\u00fcl beiktatni egy utat, vagy est\u00e9re hagyni az napi edz\u00e9st? Mindegyik id\u0151pontnak megvannak a maga el\u0151nyei \u00e9s h\u00e1tr\u00e1nyai. Seg\u00edt\u00fcnk megtal\u00e1lni azt a napszakot, ami sz\u00e1modra a legjobb.","robots":{"index":"index","follow":"follow","max-snippet":"max-snippet:-1","max-image-preview":"max-image-preview:large","max-video-preview":"max-video-preview:-1"},"canonical":"https:\/\/www.welovecycling.com\/hu\/edzes-es-eletmod\/melyik-napszakban-a-legjobb-tekerni\/","og_locale":"hu_HU","og_type":"article","og_title":"Melyik napszakban a legjobb tekerni?","og_description":"Szerinted melyik a legjobb: kora reggel biciklizni, eb\u00e9d k\u00f6r\u00fcl beiktatni egy utat, vagy est\u00e9re hagyni az napi edz\u00e9st? Mindegyik id\u0151pontnak megvannak a maga el\u0151nyei \u00e9s h\u00e1tr\u00e1nyai. Seg\u00edt\u00fcnk megtal\u00e1lni azt a napszakot, ami sz\u00e1modra a legjobb.","og_url":"https:\/\/www.welovecycling.com\/hu\/edzes-es-eletmod\/melyik-napszakban-a-legjobb-tekerni\/","og_site_name":"\u0160koda We Love Cycling - Magyarorsz\u00e1g","article_publisher":"https:\/\/www.facebook.com\/WeLoveCyclingHungary\/","article_published_time":"2024-07-01T06:00:04+00:00","og_image":[{"width":900,"height":600,"url":"https:\/\/d2p6e6u75xmxt8.cloudfront.net\/12\/2024\/06\/Road-Cyclist-profimedia-0555487528-CVR.webp","type":"image\/webp"}],"author":"hegyizs","twitter_card":"summary_large_image","twitter_misc":{"Written by":"Jiri Kaloc","Est. reading time":"3"},"schema":{"@context":"https:\/\/schema.org","@graph":[{"@type":"WebPage","@id":"https:\/\/www.welovecycling.com\/hu\/edzes-es-eletmod\/melyik-napszakban-a-legjobb-tekerni\/","url":"https:\/\/www.welovecycling.com\/hu\/edzes-es-eletmod\/melyik-napszakban-a-legjobb-tekerni\/","name":"Melyik napszakban a legjobb tekerni?","isPartOf":{"@id":"https:\/\/www.welovecycling.com\/hu\/#website"},"primaryImageOfPage":{"@id":"https:\/\/www.welovecycling.com\/hu\/edzes-es-eletmod\/melyik-napszakban-a-legjobb-tekerni\/#primaryimage"},"image":{"@id":"https:\/\/www.welovecycling.com\/hu\/edzes-es-eletmod\/melyik-napszakban-a-legjobb-tekerni\/#primaryimage"},"thumbnailUrl":"https:\/\/d2p6e6u75xmxt8.cloudfront.net\/12\/2024\/06\/Road-Cyclist-profimedia-0555487528-CVR.webp","datePublished":"2024-07-01T06:00:04+00:00","author":{"@id":"https:\/\/www.welovecycling.com\/hu\/#\/schema\/person\/414a2aebf1801691a5320edb6468e194"},"description":"Szerinted melyik a legjobb: kora reggel biciklizni, eb\u00e9d k\u00f6r\u00fcl beiktatni egy utat, vagy est\u00e9re hagyni az napi edz\u00e9st? Mindegyik id\u0151pontnak megvannak a maga el\u0151nyei \u00e9s h\u00e1tr\u00e1nyai. Seg\u00edt\u00fcnk megtal\u00e1lni azt a napszakot, ami sz\u00e1modra a legjobb.","breadcrumb":{"@id":"https:\/\/www.welovecycling.com\/hu\/edzes-es-eletmod\/melyik-napszakban-a-legjobb-tekerni\/#breadcrumb"},"inLanguage":"hu","potentialAction":[{"@type":"ReadAction","target":["https:\/\/www.welovecycling.com\/hu\/edzes-es-eletmod\/melyik-napszakban-a-legjobb-tekerni\/"]}]},{"@type":"ImageObject","inLanguage":"hu","@id":"https:\/\/www.welovecycling.com\/hu\/edzes-es-eletmod\/melyik-napszakban-a-legjobb-tekerni\/#primaryimage","url":"https:\/\/d2p6e6u75xmxt8.cloudfront.net\/12\/2024\/06\/Road-Cyclist-profimedia-0555487528-CVR.webp","contentUrl":"https:\/\/d2p6e6u75xmxt8.cloudfront.net\/12\/2024\/06\/Road-Cyclist-profimedia-0555487528-CVR.webp","width":900,"height":600,"caption":"Road cyclist"},{"@type":"BreadcrumbList","@id":"https:\/\/www.welovecycling.com\/hu\/edzes-es-eletmod\/melyik-napszakban-a-legjobb-tekerni\/#breadcrumb","itemListElement":[{"@type":"ListItem","position":1,"name":"Home","item":"https:\/\/www.welovecycling.com\/hu\/"},{"@type":"ListItem","position":2,"name":"Melyik napszakban a legjobb tekerni?"}]},{"@type":"WebSite","@id":"https:\/\/www.welovecycling.com\/hu\/#website","url":"https:\/\/www.welovecycling.com\/hu\/","name":"\u0160koda We Love Cycling - Magyarorsz\u00e1g","description":"\u0160koda WeLoveCycling","potentialAction":[{"@type":"SearchAction","target":{"@type":"EntryPoint","urlTemplate":"https:\/\/www.welovecycling.com\/hu\/?s={search_term_string}"},"query-input":{"@type":"PropertyValueSpecification","valueRequired":true,"valueName":"search_term_string"}}],"inLanguage":"hu"},{"@type":"Person","@id":"https:\/\/www.welovecycling.com\/hu\/#\/schema\/person\/414a2aebf1801691a5320edb6468e194","name":"hegyizs","image":{"@type":"ImageObject","inLanguage":"hu","@id":"https:\/\/www.welovecycling.com\/hu\/#\/schema\/person\/image\/","url":"https:\/\/secure.gravatar.com\/avatar\/02cf8a7906b8cf90cecb4679defac7cfd33a1c2e3b88e4903d947f3bb58eedd3?s=96&d=mm&r=g","contentUrl":"https:\/\/secure.gravatar.com\/avatar\/02cf8a7906b8cf90cecb4679defac7cfd33a1c2e3b88e4903d947f3bb58eedd3?s=96&d=mm&r=g","caption":"hegyizs"},"url":"https:\/\/www.welovecycling.com\/hu\/author\/hegyizs\/"}]}},"_links":{"self":[{"href":"https:\/\/www.welovecycling.com\/hu\/wp-json\/wp\/v2\/posts\/18581","targetHints":{"allow":["GET"]}}],"collection":[{"href":"https:\/\/www.welovecycling.com\/hu\/wp-json\/wp\/v2\/posts"}],"about":[{"href":"https:\/\/www.welovecycling.com\/hu\/wp-json\/wp\/v2\/types\/post"}],"author":[{"embeddable":true,"href":"https:\/\/www.welovecycling.com\/hu\/wp-json\/wp\/v2\/users\/71"}],"replies":[{"embeddable":true,"href":"https:\/\/www.welovecycling.com\/hu\/wp-json\/wp\/v2\/comments?post=18581"}],"version-history":[{"count":1,"href":"https:\/\/www.welovecycling.com\/hu\/wp-json\/wp\/v2\/posts\/18581\/revisions"}],"predecessor-version":[{"id":18583,"href":"https:\/\/www.welovecycling.com\/hu\/wp-json\/wp\/v2\/posts\/18581\/revisions\/18583"}],"wp:featuredmedia":[{"embeddable":true,"href":"https:\/\/www.welovecycling.com\/hu\/wp-json\/wp\/v2\/media\/18582"}],"wp:attachment":[{"href":"https:\/\/www.welovecycling.com\/hu\/wp-json\/wp\/v2\/media?parent=18581"}],"wp:term":[{"taxonomy":"category","embeddable":true,"href":"https:\/\/www.welovecycling.com\/hu\/wp-json\/wp\/v2\/categories?post=18581"},{"taxonomy":"post_tag","embeddable":true,"href":"https:\/\/www.welovecycling.com\/hu\/wp-json\/wp\/v2\/tags?post=18581"},{"taxonomy":"global-categories","embeddable":true,"href":"https:\/\/www.welovecycling.com\/hu\/wp-json\/wp\/v2\/global-categories?post=18581"}],"curies":[{"name":"wp","href":"https:\/\/api.w.org\/{rel}","templated":true}]}}