{"id":1856,"date":"2018-09-29T08:03:06","date_gmt":"2018-09-29T08:03:06","guid":{"rendered":"https:\/\/www.welovecycling.com\/hu\/?p=1856"},"modified":"2018-09-26T10:25:28","modified_gmt":"2018-09-26T10:25:28","slug":"geraint-thomas-a-sky-csapatban-marad","status":"publish","type":"post","link":"https:\/\/www.welovecycling.com\/hu\/adrenalin\/geraint-thomas-a-sky-csapatban-marad\/","title":{"rendered":"Friss\u00edt\u0151 h\u00edrek a ker\u00e9kp\u00e1roz\u00e1s vil\u00e1g\u00e1b\u00f3l &#8211; Geraint Thomas a Sky-csapatban marad"},"content":{"rendered":"<p><strong>Itt egy \u00fajabb h\u00e9t, \u00edme, v\u00e1logat\u00e1sunk a ker\u00e9kp\u00e1rvil\u00e1g friss h\u00edreib\u0151l.<\/strong><\/p>\n<h2>Marad a bajnok<\/h2>\n<p>Miut\u00e1n megnyerte az idei Tour de France-ot , Geraint Thomas sz\u00e1mos aj\u00e1nlatot kapott, m\u00e9gis \u00fagy t\u0171nik, nem kell \u00faj mezt h\u00faznia.<\/p>\n<figure id=\"attachment_166583\" class=\"wp-caption alignnone\" style=\"width: 1250px;\"><a href=\"https:\/\/d2p6e6u75xmxt8.cloudfront.net\/2\/2018\/07\/profimedia-0380086602.jpg\"><img loading=\"lazy\" decoding=\"async\" class=\"size-full wp-image-166583\" src=\"https:\/\/d2p6e6u75xmxt8.cloudfront.net\/2\/2018\/07\/profimedia-0380086602.jpg\" sizes=\"auto, (max-width: 1250px) 100vw, 1250px\" srcset=\"https:\/\/d2p6e6u75xmxt8.cloudfront.net\/2\/2018\/07\/profimedia-0380086602.jpg 1250w, https:\/\/d2p6e6u75xmxt8.cloudfront.net\/2\/2018\/07\/profimedia-0380086602-300x199.jpg 300w, https:\/\/d2p6e6u75xmxt8.cloudfront.net\/2\/2018\/07\/profimedia-0380086602-768x511.jpg 768w, https:\/\/d2p6e6u75xmxt8.cloudfront.net\/2\/2018\/07\/profimedia-0380086602-1024x681.jpg 1024w, https:\/\/d2p6e6u75xmxt8.cloudfront.net\/2\/2018\/07\/profimedia-0380086602-272x182.jpg 272w\" alt=\"\" width=\"1250\" height=\"831\" \/><\/a><figcaption class=\"wp-caption-text\">Geraint Thomas \u00e9s feles\u00e9ge \u00fcnnepel a 105. Tour de France orsz\u00e1g\u00fati ker\u00e9kp\u00e1rverseny utols\u00f3 szakasza ut\u00e1n, 2018. j\u00falius 29 (vas\u00e1rnap). Profimedia, \u00a9 Zuma Press \u2013 News<\/figcaption><\/figure>\n<p>&#8211; Term\u00e9szetesen megkerestek p\u00e1r csapatt\u00f3l, de j\u00f3l \u00e9rzem magam itt, \u00e9s egyel\u0151re \u00fagy t\u0171nik, eredm\u00e9nyesen tudunk egy\u00fctt dolgozni &#8211; mondta Thomas. &#8211; Tudom, hogy a Sky f\u0151n\u00f6kei \u00fcl\u00e9seztek, \u00e9s k\u00f6zel vagyunk a megegyez\u00e9shez. Rem\u00e9lhet\u0151leg a k\u00f6vetkez\u0151 napokban eld\u0151l minden &#8211; tette hozz\u00e1.A Telegraph brit napilap \u00e9rtes\u00fcl\u00e9sei szerint a 32 \u00e9ves versenyz\u0151re egy \u00e9vente 3,5 milli\u00f3 fontot j\u00f6vedelmez\u0151 aj\u00e1nlat v\u00e1r.<\/p>\n<h2>Ullrich nagy bajban<\/h2>\n<p>Az 1997-es Tour de France gy\u0151ztese mag\u00e1nrep\u00fcl\u0151n utazott Mallorc\u00e1r\u00f3l Frankfurtba, ahol a tervek szerint ter\u00e1pi\u00e1s kezel\u00e9s\u00e9t kezdte volna meg. P\u00e1r \u00f3r\u00e1val meg\u00e9rkez\u00e9se ut\u00e1n azonban letart\u00f3ztatt\u00e1k, mivel a v\u00e1d szerint egy prostitu\u00e1ltat b\u00e1ntalmazott. A besz\u00e1mol\u00f3k szerint Ullrich k\u00e1b\u00edt\u00f3szer hat\u00e1sa alatt \u00e1llt \u00e9s addig fojtogatta a n\u0151t, am\u00edg annak a \u201eszemei elfeketedtek\u201d.<\/p>\n<figure id=\"attachment_166713\" class=\"wp-caption alignnone\" style=\"width: 1366px;\"><a href=\"https:\/\/d2p6e6u75xmxt8.cloudfront.net\/2\/2018\/08\/profimedia-0349367500-1.jpg\"><img loading=\"lazy\" decoding=\"async\" class=\"wp-image-166713 size-full\" src=\"https:\/\/d2p6e6u75xmxt8.cloudfront.net\/2\/2018\/08\/profimedia-0349367500-1.jpg\" sizes=\"auto, (max-width: 1366px) 100vw, 1366px\" srcset=\"https:\/\/d2p6e6u75xmxt8.cloudfront.net\/2\/2018\/08\/profimedia-0349367500-1.jpg 1366w, https:\/\/d2p6e6u75xmxt8.cloudfront.net\/2\/2018\/08\/profimedia-0349367500-1-300x132.jpg 300w, https:\/\/d2p6e6u75xmxt8.cloudfront.net\/2\/2018\/08\/profimedia-0349367500-1-768x337.jpg 768w, https:\/\/d2p6e6u75xmxt8.cloudfront.net\/2\/2018\/08\/profimedia-0349367500-1-1024x450.jpg 1024w\" alt=\"\" width=\"1366\" height=\"600\" \/><\/a><\/figure>\n<p>Az 1997-es Tour de France bajnok\u00e1t Mallorc\u00e1n tartoztatt\u00e1k le, miut\u00e1n \u00f6sszet\u0171z\u00e9sbe keveredett a szomsz\u00e9dj\u00e1val. A besz\u00e1mol\u00f3k szerint Ullrich \u00e1tm\u00e1szott Til Schweiger sz\u00edn\u00e9sz ker\u00edt\u00e9s\u00e9n, \u00e9s az \u00e9ppen \u00fcnnepl\u0151 h\u00edress\u00e9get fenyegette.<\/p>\n<h2><strong>Irigyked\u00fcnk!<\/strong><\/h2>\n<blockquote class=\"instagram-media\" style=\"background: #FFF; border: 0; border-radius: 3px; box-shadow: 0 0 1px 0 rgba(0,0,0,0.5),0 1px 10px 0 rgba(0,0,0,0.15); margin: 1px; max-width: 500px; min-width: 326px; padding: 0; width: calc(100% - 2px);\" data-instgrm-captioned=\"\" data-instgrm-permalink=\"https:\/\/www.instagram.com\/p\/BmI0_W4liDO\/?utm_source=ig_embed\" data-instgrm-version=\"9\">\n<div style=\"padding: 8px;\">\n<div style=\"background: #F8F8F8; line-height: 0; margin-top: 40px; padding: 62.5% 0; text-align: center; width: 100%;\">\n<div style=\"background: url(data:image\/png; base64,ivborw0kggoaaaansuheugaaacwaaaascamaaaapwqozaaaabgdbtueaalgpc\/xhbqaaaafzukdcak7ohokaaaamuexurczmzpf399fx1+bm5mzy9amaaadisurbvdjlvzxbesmgces5\/p8\/t9furvcrmu73jwlzosgsiizurcjo\/ad+eqjjb4hv8bft+idpqocx1wjosbfhh2xssxeiyn3uli\/6mnree07uiwjev8ueowds88ly97kqytlijkktuybbruayvh5wohixmpi5we58ek028czwyuqdlkpg1bkb4nnm+veanfhqn1k4+gpt6ugqcvu2h2ovuif\/gwufyy8owepdyzsa3avcqpvovvzzz2vtnn2wu8qzvjddeto90gsy9mvlqtgysy231mxry6i2ggqjrty0l8fxcxfcbbhwrsyyaaaaaelftksuqmcc); display: block; height: 44px; margin: 0 auto -44px; position: relative; top: -22px; width: 44px;\"><\/div>\n<\/div>\n<p style=\"margin: 8px 0 0 0; padding: 0 4px;\"><a style=\"color: #000; font-family: Arial,sans-serif; font-size: 14px; font-style: normal; font-weight: normal; line-height: 17px; text-decoration: none; word-wrap: break-word;\" href=\"https:\/\/www.instagram.com\/p\/BmI0_W4liDO\/?utm_source=ig_embed\" target=\"_blank\" rel=\"noopener\">Mihez kezdj\u00fcnk, ha les\u00e9r\u00fclt\u00fcnk&#8230; pr\u00f3b\u00e1ljuk ki a kisfiunk j\u00e1t\u00e9kait!!! #duplo #foreveryoung<\/a><\/p>\n<p style=\"color: #c9c8cd; font-family: Arial,sans-serif; font-size: 14px; line-height: 17px; margin-bottom: 0; margin-top: 8px; overflow: hidden; padding: 8px 0 7px; text-align: center; text-overflow: ellipsis; white-space: nowrap;\">A post shared by <a style=\"color: #c9c8cd; font-family: Arial,sans-serif; font-size: 14px; font-style: normal; font-weight: normal; line-height: 17px;\" href=\"https:\/\/www.instagram.com\/jenskeukeleire\/?utm_source=ig_embed\" target=\"_blank\" rel=\"noopener\"> Jens Keukeleire<\/a> (@jenskeukeleire) on <time style=\"font-family: Arial,sans-serif; font-size: 14px; line-height: 17px;\" datetime=\"2018-08-06T12:47:19+00:00\">Aug 6, 2018 at 5:47am PDT<\/time><\/p>\n<\/div>\n<\/blockquote>\n<p><script async defer src=\"\/\/www.instagram.com\/embed.js\"><\/script><\/p>\n<h2><strong>Eml\u00e9kek<\/strong><\/h2>\n<blockquote class=\"twitter-tweet\" data-width=\"500\" data-dnt=\"true\">\n<p dir=\"ltr\" lang=\"en\">My best memory of \u2066<a href=\"https:\/\/twitter.com\/Tour_de_Pologne?ref_src=twsrc%5Etfw\">@Tour_de_Pologne<\/a>\u2069 in 2017<br \/>\nPony was running next to me ??? <a href=\"https:\/\/t.co\/SyWtq6hUSX\">pic.twitter.com\/SyWtq6hUSX<\/a><\/p>\n<p>\u2014 \u0493\u1d1c\u1d0d\u026a\u028f\u1d1c\u1d0b\u026a \u0299\u1d07\u1d18\u1d18\u1d1c (@Fumybeppu) <a href=\"https:\/\/twitter.com\/Fumybeppu\/status\/1026580360069636101?ref_src=twsrc%5Etfw\">August 6, 2018<\/a><\/p><\/blockquote>\n<p><script async src=\"https:\/\/platform.twitter.com\/widgets.js\" charset=\"utf-8\"><\/script><\/p>\n<p><strong>Tal\u00e1n elt\u00e9vedt, Sir Thomas?<\/strong><\/p>\n<blockquote class=\"twitter-tweet\" data-width=\"500\" data-dnt=\"true\">\n<p dir=\"ltr\" lang=\"en\">I\u2019m sure I know this guy from somewhere!! <a href=\"https:\/\/t.co\/8xzMhfSbeE\">pic.twitter.com\/8xzMhfSbeE<\/a><\/p>\n<p>\u2014 Huw Bevan (@hbevs23) <a href=\"https:\/\/twitter.com\/hbevs23\/status\/1027149779829174272?ref_src=twsrc%5Etfw\">August 8, 2018<\/a><\/p><\/blockquote>\n<p><script async src=\"https:\/\/platform.twitter.com\/widgets.js\" charset=\"utf-8\"><\/script><\/p>\n<h2><strong>Hihetetlen<\/strong><\/h2>\n<blockquote class=\"twitter-tweet\" data-width=\"500\" data-dnt=\"true\">\n<p dir=\"ltr\" lang=\"en\">A hero&#8217;s welcome from the Cardiff crowd. What a day for <a href=\"https:\/\/twitter.com\/GeraintThomas86?ref_src=twsrc%5Etfw\">@GeraintThomas86<\/a> <a href=\"https:\/\/twitter.com\/hashtag\/WelcomeHomeG?src=hash&amp;ref_src=twsrc%5Etfw\">#WelcomeHomeG<\/a> <a href=\"https:\/\/t.co\/n7G76Xx85q\">pic.twitter.com\/n7G76Xx85q<\/a><\/p>\n<p>\u2014 Team Sky (@TeamSky) <a href=\"https:\/\/twitter.com\/TeamSky\/status\/1027582788076224512?ref_src=twsrc%5Etfw\">August 9, 2018<\/a><\/p><\/blockquote>\n<p><script async src=\"https:\/\/platform.twitter.com\/widgets.js\" charset=\"utf-8\"><\/script><\/p>\n","protected":false},"excerpt":{"rendered":"<p>Itt egy \u00fajabb h\u00e9t, \u00edme, v\u00e1logat\u00e1sunk a ker\u00e9kp\u00e1rvil\u00e1g friss h\u00edreib\u0151l. Marad a bajnok Miut\u00e1n megnyerte az idei Tour de France-ot [&hellip;]<\/p>\n","protected":false},"author":71,"featured_media":1867,"comment_status":"open","ping_status":"open","sticky":false,"template":"","format":"standard","meta":{"footnotes":""},"categories":[5],"tags":[192,193,194,79],"global-categories":[],"class_list":["post-1856","post","type-post","status-publish","format-standard","has-post-thumbnail","hentry","category-adrenalin","tag-geraint-thomas","tag-jan-ullrich","tag-team-sky","tag-tour-de-france"],"yoast_head":"<!-- This site is optimized with the Yoast SEO Premium plugin v25.3 (Yoast SEO v25.9) - https:\/\/yoast.com\/wordpress\/plugins\/seo\/ -->\n<title>Friss\u00edt\u0151 h\u00edrek a ker\u00e9kp\u00e1roz\u00e1s vil\u00e1g\u00e1b\u00f3l - Geraint Thomas a Sky-csapatban marad - \u0160koda We Love Cycling - Magyarorsz\u00e1g<\/title>\n<meta name=\"description\" content=\"Miut\u00e1n megnyerte az idei Tour de France-ot , Geraint Thomas sz\u00e1mos aj\u00e1nlatot kapott, m\u00e9gis \u00fagy t\u0171nik, nem kell \u00faj mezt h\u00faznia.\" \/>\n<meta name=\"robots\" content=\"index, follow, max-snippet:-1, max-image-preview:large, max-video-preview:-1\" \/>\n<link rel=\"canonical\" href=\"https:\/\/www.welovecycling.com\/hu\/adrenalin\/geraint-thomas-a-sky-csapatban-marad\/\" \/>\n<meta property=\"og:locale\" content=\"hu_HU\" \/>\n<meta property=\"og:type\" content=\"article\" \/>\n<meta property=\"og:title\" content=\"Friss\u00edt\u0151 h\u00edrek a ker\u00e9kp\u00e1roz\u00e1s vil\u00e1g\u00e1b\u00f3l - Geraint Thomas a Sky-csapatban marad\" \/>\n<meta property=\"og:description\" content=\"Miut\u00e1n megnyerte az idei Tour de France-ot , Geraint Thomas sz\u00e1mos aj\u00e1nlatot kapott, m\u00e9gis \u00fagy t\u0171nik, nem kell \u00faj mezt h\u00faznia.\" \/>\n<meta property=\"og:url\" content=\"https:\/\/www.welovecycling.com\/hu\/adrenalin\/geraint-thomas-a-sky-csapatban-marad\/\" \/>\n<meta property=\"og:site_name\" content=\"\u0160koda We Love Cycling - Magyarorsz\u00e1g\" \/>\n<meta property=\"article:publisher\" content=\"https:\/\/www.facebook.com\/WeLoveCyclingHungary\/\" \/>\n<meta property=\"article:published_time\" content=\"2018-09-29T08:03:06+00:00\" \/>\n<meta property=\"og:image\" content=\"https:\/\/d2p6e6u75xmxt8.cloudfront.net\/12\/2018\/09\/Geraint-Thomas.jpg\" \/>\n\t<meta property=\"og:image:width\" content=\"1024\" \/>\n\t<meta property=\"og:image:height\" content=\"450\" \/>\n\t<meta property=\"og:image:type\" content=\"image\/jpeg\" \/>\n<meta name=\"author\" content=\"hegyizs\" \/>\n<meta name=\"twitter:card\" content=\"summary_large_image\" \/>\n<meta name=\"twitter:label1\" content=\"Written by\" \/>\n\t<meta name=\"twitter:data1\" content=\"hegyizs\" \/>\n\t<meta name=\"twitter:label2\" content=\"Est. reading time\" \/>\n\t<meta name=\"twitter:data2\" content=\"2 minutes\" \/>\n<script type=\"application\/ld+json\" class=\"yoast-schema-graph\">{\"@context\":\"https:\/\/schema.org\",\"@graph\":[{\"@type\":\"WebPage\",\"@id\":\"https:\/\/www.welovecycling.com\/hu\/adrenalin\/geraint-thomas-a-sky-csapatban-marad\/\",\"url\":\"https:\/\/www.welovecycling.com\/hu\/adrenalin\/geraint-thomas-a-sky-csapatban-marad\/\",\"name\":\"Friss\u00edt\u0151 h\u00edrek a ker\u00e9kp\u00e1roz\u00e1s vil\u00e1g\u00e1b\u00f3l - Geraint Thomas a Sky-csapatban marad - \u0160koda We Love Cycling - Magyarorsz\u00e1g\",\"isPartOf\":{\"@id\":\"https:\/\/www.welovecycling.com\/hu\/#website\"},\"primaryImageOfPage\":{\"@id\":\"https:\/\/www.welovecycling.com\/hu\/adrenalin\/geraint-thomas-a-sky-csapatban-marad\/#primaryimage\"},\"image\":{\"@id\":\"https:\/\/www.welovecycling.com\/hu\/adrenalin\/geraint-thomas-a-sky-csapatban-marad\/#primaryimage\"},\"thumbnailUrl\":\"https:\/\/d2p6e6u75xmxt8.cloudfront.net\/12\/2018\/09\/Geraint-Thomas.jpg\",\"datePublished\":\"2018-09-29T08:03:06+00:00\",\"author\":{\"@id\":\"https:\/\/www.welovecycling.com\/hu\/#\/schema\/person\/414a2aebf1801691a5320edb6468e194\"},\"description\":\"Miut\u00e1n megnyerte az idei Tour de France-ot , Geraint Thomas sz\u00e1mos aj\u00e1nlatot kapott, m\u00e9gis \u00fagy t\u0171nik, nem kell \u00faj mezt h\u00faznia.\",\"breadcrumb\":{\"@id\":\"https:\/\/www.welovecycling.com\/hu\/adrenalin\/geraint-thomas-a-sky-csapatban-marad\/#breadcrumb\"},\"inLanguage\":\"hu\",\"potentialAction\":[{\"@type\":\"ReadAction\",\"target\":[\"https:\/\/www.welovecycling.com\/hu\/adrenalin\/geraint-thomas-a-sky-csapatban-marad\/\"]}]},{\"@type\":\"ImageObject\",\"inLanguage\":\"hu\",\"@id\":\"https:\/\/www.welovecycling.com\/hu\/adrenalin\/geraint-thomas-a-sky-csapatban-marad\/#primaryimage\",\"url\":\"https:\/\/d2p6e6u75xmxt8.cloudfront.net\/12\/2018\/09\/Geraint-Thomas.jpg\",\"contentUrl\":\"https:\/\/d2p6e6u75xmxt8.cloudfront.net\/12\/2018\/09\/Geraint-Thomas.jpg\",\"width\":1024,\"height\":450,\"caption\":\"Geraint Thomas\"},{\"@type\":\"BreadcrumbList\",\"@id\":\"https:\/\/www.welovecycling.com\/hu\/adrenalin\/geraint-thomas-a-sky-csapatban-marad\/#breadcrumb\",\"itemListElement\":[{\"@type\":\"ListItem\",\"position\":1,\"name\":\"Home\",\"item\":\"https:\/\/www.welovecycling.com\/hu\/\"},{\"@type\":\"ListItem\",\"position\":2,\"name\":\"Friss\u00edt\u0151 h\u00edrek a ker\u00e9kp\u00e1roz\u00e1s vil\u00e1g\u00e1b\u00f3l &#8211; Geraint Thomas a Sky-csapatban marad\"}]},{\"@type\":\"WebSite\",\"@id\":\"https:\/\/www.welovecycling.com\/hu\/#website\",\"url\":\"https:\/\/www.welovecycling.com\/hu\/\",\"name\":\"\u0160koda We Love Cycling - Magyarorsz\u00e1g\",\"description\":\"\u0160koda WeLoveCycling\",\"potentialAction\":[{\"@type\":\"SearchAction\",\"target\":{\"@type\":\"EntryPoint\",\"urlTemplate\":\"https:\/\/www.welovecycling.com\/hu\/?s={search_term_string}\"},\"query-input\":{\"@type\":\"PropertyValueSpecification\",\"valueRequired\":true,\"valueName\":\"search_term_string\"}}],\"inLanguage\":\"hu\"},{\"@type\":\"Person\",\"@id\":\"https:\/\/www.welovecycling.com\/hu\/#\/schema\/person\/414a2aebf1801691a5320edb6468e194\",\"name\":\"hegyizs\",\"image\":{\"@type\":\"ImageObject\",\"inLanguage\":\"hu\",\"@id\":\"https:\/\/www.welovecycling.com\/hu\/#\/schema\/person\/image\/\",\"url\":\"https:\/\/secure.gravatar.com\/avatar\/02cf8a7906b8cf90cecb4679defac7cfd33a1c2e3b88e4903d947f3bb58eedd3?s=96&d=mm&r=g\",\"contentUrl\":\"https:\/\/secure.gravatar.com\/avatar\/02cf8a7906b8cf90cecb4679defac7cfd33a1c2e3b88e4903d947f3bb58eedd3?s=96&d=mm&r=g\",\"caption\":\"hegyizs\"},\"url\":\"https:\/\/www.welovecycling.com\/hu\/author\/hegyizs\/\"}]}<\/script>\n<!-- \/ Yoast SEO Premium plugin. -->","yoast_head_json":{"title":"Friss\u00edt\u0151 h\u00edrek a ker\u00e9kp\u00e1roz\u00e1s vil\u00e1g\u00e1b\u00f3l - Geraint Thomas a Sky-csapatban marad - \u0160koda We Love Cycling - Magyarorsz\u00e1g","description":"Miut\u00e1n megnyerte az idei Tour de France-ot , Geraint Thomas sz\u00e1mos aj\u00e1nlatot kapott, m\u00e9gis \u00fagy t\u0171nik, nem kell \u00faj mezt h\u00faznia.","robots":{"index":"index","follow":"follow","max-snippet":"max-snippet:-1","max-image-preview":"max-image-preview:large","max-video-preview":"max-video-preview:-1"},"canonical":"https:\/\/www.welovecycling.com\/hu\/adrenalin\/geraint-thomas-a-sky-csapatban-marad\/","og_locale":"hu_HU","og_type":"article","og_title":"Friss\u00edt\u0151 h\u00edrek a ker\u00e9kp\u00e1roz\u00e1s vil\u00e1g\u00e1b\u00f3l - Geraint Thomas a Sky-csapatban marad","og_description":"Miut\u00e1n megnyerte az idei Tour de France-ot , Geraint Thomas sz\u00e1mos aj\u00e1nlatot kapott, m\u00e9gis \u00fagy t\u0171nik, nem kell \u00faj mezt h\u00faznia.","og_url":"https:\/\/www.welovecycling.com\/hu\/adrenalin\/geraint-thomas-a-sky-csapatban-marad\/","og_site_name":"\u0160koda We Love Cycling - Magyarorsz\u00e1g","article_publisher":"https:\/\/www.facebook.com\/WeLoveCyclingHungary\/","article_published_time":"2018-09-29T08:03:06+00:00","og_image":[{"width":1024,"height":450,"url":"https:\/\/d2p6e6u75xmxt8.cloudfront.net\/12\/2018\/09\/Geraint-Thomas.jpg","type":"image\/jpeg"}],"author":"hegyizs","twitter_card":"summary_large_image","twitter_misc":{"Written by":"hegyizs","Est. reading time":"2 minutes"},"schema":{"@context":"https:\/\/schema.org","@graph":[{"@type":"WebPage","@id":"https:\/\/www.welovecycling.com\/hu\/adrenalin\/geraint-thomas-a-sky-csapatban-marad\/","url":"https:\/\/www.welovecycling.com\/hu\/adrenalin\/geraint-thomas-a-sky-csapatban-marad\/","name":"Friss\u00edt\u0151 h\u00edrek a ker\u00e9kp\u00e1roz\u00e1s vil\u00e1g\u00e1b\u00f3l - Geraint Thomas a Sky-csapatban marad - \u0160koda We Love Cycling - Magyarorsz\u00e1g","isPartOf":{"@id":"https:\/\/www.welovecycling.com\/hu\/#website"},"primaryImageOfPage":{"@id":"https:\/\/www.welovecycling.com\/hu\/adrenalin\/geraint-thomas-a-sky-csapatban-marad\/#primaryimage"},"image":{"@id":"https:\/\/www.welovecycling.com\/hu\/adrenalin\/geraint-thomas-a-sky-csapatban-marad\/#primaryimage"},"thumbnailUrl":"https:\/\/d2p6e6u75xmxt8.cloudfront.net\/12\/2018\/09\/Geraint-Thomas.jpg","datePublished":"2018-09-29T08:03:06+00:00","author":{"@id":"https:\/\/www.welovecycling.com\/hu\/#\/schema\/person\/414a2aebf1801691a5320edb6468e194"},"description":"Miut\u00e1n megnyerte az idei Tour de France-ot , Geraint Thomas sz\u00e1mos aj\u00e1nlatot kapott, m\u00e9gis \u00fagy t\u0171nik, nem kell \u00faj mezt h\u00faznia.","breadcrumb":{"@id":"https:\/\/www.welovecycling.com\/hu\/adrenalin\/geraint-thomas-a-sky-csapatban-marad\/#breadcrumb"},"inLanguage":"hu","potentialAction":[{"@type":"ReadAction","target":["https:\/\/www.welovecycling.com\/hu\/adrenalin\/geraint-thomas-a-sky-csapatban-marad\/"]}]},{"@type":"ImageObject","inLanguage":"hu","@id":"https:\/\/www.welovecycling.com\/hu\/adrenalin\/geraint-thomas-a-sky-csapatban-marad\/#primaryimage","url":"https:\/\/d2p6e6u75xmxt8.cloudfront.net\/12\/2018\/09\/Geraint-Thomas.jpg","contentUrl":"https:\/\/d2p6e6u75xmxt8.cloudfront.net\/12\/2018\/09\/Geraint-Thomas.jpg","width":1024,"height":450,"caption":"Geraint Thomas"},{"@type":"BreadcrumbList","@id":"https:\/\/www.welovecycling.com\/hu\/adrenalin\/geraint-thomas-a-sky-csapatban-marad\/#breadcrumb","itemListElement":[{"@type":"ListItem","position":1,"name":"Home","item":"https:\/\/www.welovecycling.com\/hu\/"},{"@type":"ListItem","position":2,"name":"Friss\u00edt\u0151 h\u00edrek a ker\u00e9kp\u00e1roz\u00e1s vil\u00e1g\u00e1b\u00f3l &#8211; Geraint Thomas a Sky-csapatban marad"}]},{"@type":"WebSite","@id":"https:\/\/www.welovecycling.com\/hu\/#website","url":"https:\/\/www.welovecycling.com\/hu\/","name":"\u0160koda We Love Cycling - Magyarorsz\u00e1g","description":"\u0160koda WeLoveCycling","potentialAction":[{"@type":"SearchAction","target":{"@type":"EntryPoint","urlTemplate":"https:\/\/www.welovecycling.com\/hu\/?s={search_term_string}"},"query-input":{"@type":"PropertyValueSpecification","valueRequired":true,"valueName":"search_term_string"}}],"inLanguage":"hu"},{"@type":"Person","@id":"https:\/\/www.welovecycling.com\/hu\/#\/schema\/person\/414a2aebf1801691a5320edb6468e194","name":"hegyizs","image":{"@type":"ImageObject","inLanguage":"hu","@id":"https:\/\/www.welovecycling.com\/hu\/#\/schema\/person\/image\/","url":"https:\/\/secure.gravatar.com\/avatar\/02cf8a7906b8cf90cecb4679defac7cfd33a1c2e3b88e4903d947f3bb58eedd3?s=96&d=mm&r=g","contentUrl":"https:\/\/secure.gravatar.com\/avatar\/02cf8a7906b8cf90cecb4679defac7cfd33a1c2e3b88e4903d947f3bb58eedd3?s=96&d=mm&r=g","caption":"hegyizs"},"url":"https:\/\/www.welovecycling.com\/hu\/author\/hegyizs\/"}]}},"_links":{"self":[{"href":"https:\/\/www.welovecycling.com\/hu\/wp-json\/wp\/v2\/posts\/1856","targetHints":{"allow":["GET"]}}],"collection":[{"href":"https:\/\/www.welovecycling.com\/hu\/wp-json\/wp\/v2\/posts"}],"about":[{"href":"https:\/\/www.welovecycling.com\/hu\/wp-json\/wp\/v2\/types\/post"}],"author":[{"embeddable":true,"href":"https:\/\/www.welovecycling.com\/hu\/wp-json\/wp\/v2\/users\/71"}],"replies":[{"embeddable":true,"href":"https:\/\/www.welovecycling.com\/hu\/wp-json\/wp\/v2\/comments?post=1856"}],"version-history":[{"count":2,"href":"https:\/\/www.welovecycling.com\/hu\/wp-json\/wp\/v2\/posts\/1856\/revisions"}],"predecessor-version":[{"id":1866,"href":"https:\/\/www.welovecycling.com\/hu\/wp-json\/wp\/v2\/posts\/1856\/revisions\/1866"}],"wp:featuredmedia":[{"embeddable":true,"href":"https:\/\/www.welovecycling.com\/hu\/wp-json\/wp\/v2\/media\/1867"}],"wp:attachment":[{"href":"https:\/\/www.welovecycling.com\/hu\/wp-json\/wp\/v2\/media?parent=1856"}],"wp:term":[{"taxonomy":"category","embeddable":true,"href":"https:\/\/www.welovecycling.com\/hu\/wp-json\/wp\/v2\/categories?post=1856"},{"taxonomy":"post_tag","embeddable":true,"href":"https:\/\/www.welovecycling.com\/hu\/wp-json\/wp\/v2\/tags?post=1856"},{"taxonomy":"global-categories","embeddable":true,"href":"https:\/\/www.welovecycling.com\/hu\/wp-json\/wp\/v2\/global-categories?post=1856"}],"curies":[{"name":"wp","href":"https:\/\/api.w.org\/{rel}","templated":true}]}}