{"id":18559,"date":"2024-06-13T14:00:41","date_gmt":"2024-06-13T12:00:41","guid":{"rendered":"https:\/\/www.welovecycling.com\/hu\/?p=18559"},"modified":"2024-06-13T14:00:41","modified_gmt":"2024-06-13T12:00:41","slug":"harminchat-vagyok-heti-negy-napot-melozom-buszke-vagyok-hogy-levertem-a-profikat","status":"publish","type":"post","link":"https:\/\/www.welovecycling.com\/hu\/orszaguti-kerekpar\/harminchat-vagyok-heti-negy-napot-melozom-buszke-vagyok-hogy-levertem-a-profikat\/","title":{"rendered":"\u201eHarminchat vagyok, heti n\u00e9gy napot mel\u00f3zom, b\u00fcszke vagyok, hogy levertem a profikat!\u201d"},"content":{"rendered":"<p><strong>Egy h\u00e1romgyerekes h\u00e9tk\u00f6znapi csal\u00e1dapa nagy meglepet\u00e9sgy\u0151zelm\u00e9nek \u00e9s \u00f6r\u00f6m\u00e9nek t\u00f6rt\u00e9nete egy eg\u00e9sz napos sz\u00f6k\u00e9s ut\u00e1n, Hollandi\u00e1b\u00f3l. <\/strong><!--more--><\/p>\n<p>Ezen a szinten ritk\u00e1n l\u00e1that\u00f3 meglepet\u00e9ssikert hozott a ZLM Tour harmadik szakasza el\u0151z\u0151 h\u00e9t v\u00e9g\u00e9n. A lassan n\u00e9gy \u00e9vtizedes m\u00faltra visszatekint\u0151 holland \u00f6tnapos verseny Schijndel \u00e9s Buchten k\u00f6z\u00f6tti etapj\u00e1nak elej\u00e9n pap\u00edrforma m\u00f3don elment egy sz\u00f6kev\u00e9nycsoport \u2013 ez, ugye, \u00f6nmag\u00e1ban v\u00e9ve teljesen mindennapos dolognak sz\u00e1m\u00edt egy s\u00edk szakaszon. Ami a v\u00e9gj\u00e1t\u00e9kban t\u00f6rt\u00e9nt, az viszont m\u00e1r kor\u00e1ntsem mondhat\u00f3 annak. A sz\u00f6kev\u00e9nyek a 179 km-es etap t\u00f6bb, mint 170 km-\u00e9t t\u00f6lt\u00f6tt\u00e9k elmen\u00e9sben, de semmi sem utalt r\u00e1, hogy ne az ilyenkor szok\u00e1sos forgat\u00f3k\u00f6nyv szerint alakulna majd a v\u00e9ge. Az \u00fcld\u00f6z\u0151boly ugyanis v\u00e9gig kontroll alatt tartotta a csoportot, amelynek a legnagyobb el\u0151nye sem volt t\u00f6bb h\u00e1rom percn\u00e9l. Az utols\u00f3 t\u00edz kilom\u00e9terre m\u00e1r csak m\u00e1sf\u00e9l perces f\u00f3rral fordultak, a z\u00e1r\u00f3 \u00f6tre pedig csup\u00e1n negyven m\u00e1sodperccel, viszont h\u00e1tsz\u00e9llel. R\u00e1ad\u00e1sul ezt k\u00f6vet\u0151en a nagycsapatok \u00e1lltak az \u00fcld\u00f6z\u0151boly \u00e9l\u00e9re, k\u00e9t \u00e9s f\u00e9llel a c\u00e9l el\u0151tt p\u00e9ld\u00e1ul m\u00e1r az Alpecin-Deceuninck dikt\u00e1lta a temp\u00f3t, vagyis t\u00e9nyleg \u00fagy t\u0171nt, csup\u00e1n id\u0151 k\u00e9rd\u00e9se, hogy mikor dar\u00e1lj\u00e1k be az utols\u00f3 el\u00f6l maradt partiz\u00e1nokat \u2013 igaz\u00e1b\u00f3l minden k\u00eds\u00e9rtetiesen eml\u00e9keztetett az egy nappal kor\u00e1bbi forgat\u00f3k\u00f6nyvre, amikor Guillaume Vissert az utols\u00f3 kilom\u00e9tern\u00e9l gy\u0171jt\u00f6tte be a mez\u0151ny.<\/p>\n<figure id=\"attachment_18562\" aria-describedby=\"caption-attachment-18562\" style=\"width: 728px\" class=\"wp-caption alignnone\"><img loading=\"lazy\" decoding=\"async\" class=\"size-full wp-image-18562\" src=\"https:\/\/d2p6e6u75xmxt8.cloudfront.net\/12\/2024\/06\/schulting-breakaway.webp\" alt=\"\" width=\"728\" height=\"410\" srcset=\"https:\/\/d2p6e6u75xmxt8.cloudfront.net\/12\/2024\/06\/schulting-breakaway.webp 728w, https:\/\/d2p6e6u75xmxt8.cloudfront.net\/12\/2024\/06\/schulting-breakaway-300x169.webp 300w, https:\/\/d2p6e6u75xmxt8.cloudfront.net\/12\/2024\/06\/schulting-breakaway-400x225.webp 400w\" sizes=\"auto, (max-width: 728px) 100vw, 728px\" \/><figcaption id=\"caption-attachment-18562\" class=\"wp-caption-text\">A n\u00e9gyf\u0151s sz\u00f6kev\u00e9nycsoport \u00fatban a c\u00e9l fel\u00e9 (forr\u00e1s: wielerrevue.nl)<\/figcaption><\/figure>\n<p>Csakhogy ez\u00fattal nem ez t\u00f6rt\u00e9nt, hanem a \u201esz\u00e1zb\u00f3l egy\u201d verzi\u00f3 v\u00e1lt val\u00f3ra. Amikor m\u00e1r csup\u00e1n n\u00e9h\u00e1ny m\u00e1sodperc el\u0151ny\u00fck maradt a sz\u00f6kev\u00e9nyeknek, az \u00fcld\u00f6z\u0151 Alpecin alakulata v\u00e1ratlanul sz\u00e9tesett, \u00edgy az utols\u00f3 m\u00e9tereken hi\u00e1ba a kaotikus igyekezet, hajsz\u00e1lnyi el\u0151nye maradt a h\u00e1rom el\u00f6l l\u00e9v\u0151nek, \u00edgy t\u00f6bb mint 170 kilom\u00e9ternyi elmen\u00e9s ut\u00e1n v\u00e9g\u00fcl haza\u00e9rt a sz\u00f6k\u00e9s! K\u00f6z\u00fcl\u00fck is az a Peter Schulting taktik\u00e1zott \u00e9s helyezkedett a legjobban, aki a c\u00e9legyenesben megh\u00fazta mag\u00e1t harmadiknak a k\u00e9t el\u0151tte l\u00e9v\u0151 riv\u00e1lisa sz\u00e9l\u00e1rny\u00e9k\u00e1ban, majd t\u00fcrelmesen, a lehet\u0151 legjobb pillanatban ind\u00edtotta meg sprintj\u00e9t, \u00edgy egy 56. \u00e9s egy 74. hely ut\u00e1n v\u00e9g\u00fcl \u0151 \u00f6r\u00fclhetett a nap v\u00e9g\u00e9n, egy eg\u00e9szen val\u00f3sz\u00edn\u0171tlen gy\u0151zelmet aratva hazai k\u00f6z\u00f6ns\u00e9g el\u0151tt.<\/p>\n<figure id=\"attachment_18563\" aria-describedby=\"caption-attachment-18563\" style=\"width: 1024px\" class=\"wp-caption alignnone\"><img loading=\"lazy\" decoding=\"async\" class=\"size-large wp-image-18563\" src=\"https:\/\/d2p6e6u75xmxt8.cloudfront.net\/12\/2024\/06\/ZLM2024-IMG_3866-scaled-1-1024x554.webp\" alt=\"\" width=\"1024\" height=\"554\" srcset=\"https:\/\/d2p6e6u75xmxt8.cloudfront.net\/12\/2024\/06\/ZLM2024-IMG_3866-scaled-1-1024x554.webp 1024w, https:\/\/d2p6e6u75xmxt8.cloudfront.net\/12\/2024\/06\/ZLM2024-IMG_3866-scaled-1-300x162.webp 300w, https:\/\/d2p6e6u75xmxt8.cloudfront.net\/12\/2024\/06\/ZLM2024-IMG_3866-scaled-1-768x415.webp 768w, https:\/\/d2p6e6u75xmxt8.cloudfront.net\/12\/2024\/06\/ZLM2024-IMG_3866-scaled-1-1536x830.webp 1536w, https:\/\/d2p6e6u75xmxt8.cloudfront.net\/12\/2024\/06\/ZLM2024-IMG_3866-scaled-1-2048x1107.webp 2048w, https:\/\/d2p6e6u75xmxt8.cloudfront.net\/12\/2024\/06\/ZLM2024-IMG_3866-scaled-1-1920x1038.webp 1920w, https:\/\/d2p6e6u75xmxt8.cloudfront.net\/12\/2024\/06\/ZLM2024-IMG_3866-scaled-1-400x216.webp 400w, https:\/\/d2p6e6u75xmxt8.cloudfront.net\/12\/2024\/06\/ZLM2024-IMG_3866-scaled-1-1920x1038.webp 1920w\" sizes=\"auto, (max-width: 1024px) 100vw, 1024px\" \/><figcaption id=\"caption-attachment-18563\" class=\"wp-caption-text\">Ennyi el\u0151ny\u00fck maradt a sz\u00f6kev\u00e9nyeknek a v\u00e9g\u00e9re (fot\u00f3: Gerrie Tossings)<\/figcaption><\/figure>\n<p>A 36 \u00e9ves holland bring\u00e1s a kontinent\u00e1lis besorol\u00e1s\u00fa \u2013 az egyszer\u0171s\u00e9g kedv\u00e9\u00e9rt nevezz\u00fck f\u00e9lprofinak \u2013 Diftar ist\u00e1ll\u00f3 versenyz\u0151je, p\u00e1lyafut\u00e1sa sor\u00e1n olyan kisebb sikerekkel, mint p\u00e9ld\u00e1ul a rom\u00e1n k\u00f6r\u00f6n aratott k\u00e9t szakaszgy\u0151zelme m\u00e9g hat \u00e9vvel ezel\u0151ttr\u0151l. R\u00e1ad\u00e1sul \u0151 volt a komplett mez\u0151ny legid\u0151sebb indul\u00f3ja, sz\u00f3val t\u00e9nyleg meseszer\u0171v\u00e9 v\u00e1lt a sztori \u2013 nem is pal\u00e1stolta \u00f6r\u00f6m\u00e9t \u00e9s b\u00fcszkes\u00e9g\u00e9t. <em>\u201e\u00c9n vagyok itt a leg\u00f6regebb sr\u00e1c, heti n\u00e9gy napot dolgozom h\u00e1rom gyerek mellett. Teljesen \u00e1tlagos \u00e9letet \u00e9lek, sz\u00f3val az, hogy itt most le tudtam gy\u0151zni a profi versenyz\u0151ket, rendk\u00edv\u00fcl b\u00fcszk\u00e9v\u00e9 tesz!\u201d <\/em><\/p>\n<p>\u00dagy l\u00e1tszik teh\u00e1t, kisebb csod\u00e1k m\u00e9g 2024-ben is megt\u00f6rt\u00e9nhetnek \u2013 az orsz\u00e1g\u00fati ker\u00e9kp\u00e1rsportban meg azt\u00e1n v\u00e9gk\u00e9pp.<\/p>\n<figure id=\"attachment_18561\" aria-describedby=\"caption-attachment-18561\" style=\"width: 800px\" class=\"wp-caption alignnone\"><img loading=\"lazy\" decoding=\"async\" class=\"size-full wp-image-18561\" src=\"https:\/\/d2p6e6u75xmxt8.cloudfront.net\/12\/2024\/06\/CORVOS_00036773-151-e1717771637126-800x400-1.webp\" alt=\"\" width=\"800\" height=\"400\" srcset=\"https:\/\/d2p6e6u75xmxt8.cloudfront.net\/12\/2024\/06\/CORVOS_00036773-151-e1717771637126-800x400-1.webp 800w, https:\/\/d2p6e6u75xmxt8.cloudfront.net\/12\/2024\/06\/CORVOS_00036773-151-e1717771637126-800x400-1-300x150.webp 300w, https:\/\/d2p6e6u75xmxt8.cloudfront.net\/12\/2024\/06\/CORVOS_00036773-151-e1717771637126-800x400-1-768x384.webp 768w, https:\/\/d2p6e6u75xmxt8.cloudfront.net\/12\/2024\/06\/CORVOS_00036773-151-e1717771637126-800x400-1-400x200.webp 400w\" sizes=\"auto, (max-width: 800px) 100vw, 800px\" \/><figcaption id=\"caption-attachment-18561\" class=\"wp-caption-text\">fot\u00f3: Cor Vos<\/figcaption><\/figure>\n<p><em>Bor\u00edt\u00f3k\u00e9p: fot\u00f3: zlmtour.nl<\/em><\/p>\n","protected":false},"excerpt":{"rendered":"<p>Egy h\u00e1romgyerekes h\u00e9tk\u00f6znapi csal\u00e1dapa nagy meglepet\u00e9sgy\u0151zelm\u00e9nek \u00e9s \u00f6r\u00f6m\u00e9nek t\u00f6rt\u00e9nete egy eg\u00e9sz napos sz\u00f6k\u00e9s ut\u00e1n, Hollandi\u00e1b\u00f3l.<\/p>\n","protected":false},"author":71,"featured_media":18560,"comment_status":"open","ping_status":"open","sticky":false,"template":"","format":"standard","meta":{"footnotes":""},"categories":[8],"tags":[],"global-categories":[419],"class_list":["post-18559","post","type-post","status-publish","format-standard","has-post-thumbnail","hentry","category-orszaguti-kerekpar","global-categories-cycling"],"yoast_head":"<!-- This site is optimized with the Yoast SEO Premium plugin v25.3 (Yoast SEO v25.9) - https:\/\/yoast.com\/wordpress\/plugins\/seo\/ -->\n<title>\u201eHarminchat vagyok, heti n\u00e9gy napot mel\u00f3zom, b\u00fcszke vagyok, hogy levertem a profikat!\u201d<\/title>\n<meta name=\"description\" content=\"Egy h\u00e1romgyerekes h\u00e9tk\u00f6znapi csal\u00e1dapa nagy meglepet\u00e9sgy\u0151zelm\u00e9nek \u00e9s \u00f6r\u00f6m\u00e9nek t\u00f6rt\u00e9nete egy eg\u00e9sz napos sz\u00f6k\u00e9s ut\u00e1n, Hollandi\u00e1b\u00f3l.\" \/>\n<meta name=\"robots\" content=\"index, follow, max-snippet:-1, max-image-preview:large, max-video-preview:-1\" \/>\n<link rel=\"canonical\" href=\"https:\/\/www.welovecycling.com\/hu\/orszaguti-kerekpar\/harminchat-vagyok-heti-negy-napot-melozom-buszke-vagyok-hogy-levertem-a-profikat\/\" \/>\n<meta property=\"og:locale\" content=\"hu_HU\" \/>\n<meta property=\"og:type\" content=\"article\" \/>\n<meta property=\"og:title\" content=\"\u201eHarminchat vagyok, heti n\u00e9gy napot mel\u00f3zom, b\u00fcszke vagyok, hogy levertem a profikat!\u201d\" \/>\n<meta property=\"og:description\" content=\"Egy h\u00e1romgyerekes h\u00e9tk\u00f6znapi csal\u00e1dapa nagy meglepet\u00e9sgy\u0151zelm\u00e9nek \u00e9s \u00f6r\u00f6m\u00e9nek t\u00f6rt\u00e9nete egy eg\u00e9sz napos sz\u00f6k\u00e9s ut\u00e1n, Hollandi\u00e1b\u00f3l.\" \/>\n<meta property=\"og:url\" content=\"https:\/\/www.welovecycling.com\/hu\/orszaguti-kerekpar\/harminchat-vagyok-heti-negy-napot-melozom-buszke-vagyok-hogy-levertem-a-profikat\/\" \/>\n<meta property=\"og:site_name\" content=\"\u0160koda We Love Cycling - Magyarorsz\u00e1g\" \/>\n<meta property=\"article:publisher\" content=\"https:\/\/www.facebook.com\/WeLoveCyclingHungary\/\" \/>\n<meta property=\"article:published_time\" content=\"2024-06-13T12:00:41+00:00\" \/>\n<meta property=\"og:image\" content=\"https:\/\/d2p6e6u75xmxt8.cloudfront.net\/12\/2024\/06\/BA3A3199-1.webp\" \/>\n\t<meta property=\"og:image:width\" content=\"1000\" \/>\n\t<meta property=\"og:image:height\" content=\"667\" \/>\n\t<meta property=\"og:image:type\" content=\"image\/webp\" \/>\n<meta name=\"author\" content=\"hegyizs\" \/>\n<meta name=\"twitter:card\" content=\"summary_large_image\" \/>\n<meta name=\"twitter:label1\" content=\"Written by\" \/>\n\t<meta name=\"twitter:data1\" content=\"WLC\" \/>\n\t<meta name=\"twitter:label2\" content=\"Est. reading time\" \/>\n\t<meta name=\"twitter:data2\" content=\"3 minutes\" \/>\n<script type=\"application\/ld+json\" class=\"yoast-schema-graph\">{\"@context\":\"https:\/\/schema.org\",\"@graph\":[{\"@type\":\"WebPage\",\"@id\":\"https:\/\/www.welovecycling.com\/hu\/orszaguti-kerekpar\/harminchat-vagyok-heti-negy-napot-melozom-buszke-vagyok-hogy-levertem-a-profikat\/\",\"url\":\"https:\/\/www.welovecycling.com\/hu\/orszaguti-kerekpar\/harminchat-vagyok-heti-negy-napot-melozom-buszke-vagyok-hogy-levertem-a-profikat\/\",\"name\":\"\u201eHarminchat vagyok, heti n\u00e9gy napot mel\u00f3zom, b\u00fcszke vagyok, hogy levertem a profikat!\u201d\",\"isPartOf\":{\"@id\":\"https:\/\/www.welovecycling.com\/hu\/#website\"},\"primaryImageOfPage\":{\"@id\":\"https:\/\/www.welovecycling.com\/hu\/orszaguti-kerekpar\/harminchat-vagyok-heti-negy-napot-melozom-buszke-vagyok-hogy-levertem-a-profikat\/#primaryimage\"},\"image\":{\"@id\":\"https:\/\/www.welovecycling.com\/hu\/orszaguti-kerekpar\/harminchat-vagyok-heti-negy-napot-melozom-buszke-vagyok-hogy-levertem-a-profikat\/#primaryimage\"},\"thumbnailUrl\":\"https:\/\/d2p6e6u75xmxt8.cloudfront.net\/12\/2024\/06\/BA3A3199-1.webp\",\"datePublished\":\"2024-06-13T12:00:41+00:00\",\"author\":{\"@id\":\"https:\/\/www.welovecycling.com\/hu\/#\/schema\/person\/414a2aebf1801691a5320edb6468e194\"},\"description\":\"Egy h\u00e1romgyerekes h\u00e9tk\u00f6znapi csal\u00e1dapa nagy meglepet\u00e9sgy\u0151zelm\u00e9nek \u00e9s \u00f6r\u00f6m\u00e9nek t\u00f6rt\u00e9nete egy eg\u00e9sz napos sz\u00f6k\u00e9s ut\u00e1n, Hollandi\u00e1b\u00f3l.\",\"breadcrumb\":{\"@id\":\"https:\/\/www.welovecycling.com\/hu\/orszaguti-kerekpar\/harminchat-vagyok-heti-negy-napot-melozom-buszke-vagyok-hogy-levertem-a-profikat\/#breadcrumb\"},\"inLanguage\":\"hu\",\"potentialAction\":[{\"@type\":\"ReadAction\",\"target\":[\"https:\/\/www.welovecycling.com\/hu\/orszaguti-kerekpar\/harminchat-vagyok-heti-negy-napot-melozom-buszke-vagyok-hogy-levertem-a-profikat\/\"]}]},{\"@type\":\"ImageObject\",\"inLanguage\":\"hu\",\"@id\":\"https:\/\/www.welovecycling.com\/hu\/orszaguti-kerekpar\/harminchat-vagyok-heti-negy-napot-melozom-buszke-vagyok-hogy-levertem-a-profikat\/#primaryimage\",\"url\":\"https:\/\/d2p6e6u75xmxt8.cloudfront.net\/12\/2024\/06\/BA3A3199-1.webp\",\"contentUrl\":\"https:\/\/d2p6e6u75xmxt8.cloudfront.net\/12\/2024\/06\/BA3A3199-1.webp\",\"width\":1000,\"height\":667},{\"@type\":\"BreadcrumbList\",\"@id\":\"https:\/\/www.welovecycling.com\/hu\/orszaguti-kerekpar\/harminchat-vagyok-heti-negy-napot-melozom-buszke-vagyok-hogy-levertem-a-profikat\/#breadcrumb\",\"itemListElement\":[{\"@type\":\"ListItem\",\"position\":1,\"name\":\"Home\",\"item\":\"https:\/\/www.welovecycling.com\/hu\/\"},{\"@type\":\"ListItem\",\"position\":2,\"name\":\"\u201eHarminchat vagyok, heti n\u00e9gy napot mel\u00f3zom, b\u00fcszke vagyok, hogy levertem a profikat!\u201d\"}]},{\"@type\":\"WebSite\",\"@id\":\"https:\/\/www.welovecycling.com\/hu\/#website\",\"url\":\"https:\/\/www.welovecycling.com\/hu\/\",\"name\":\"\u0160koda We Love Cycling - Magyarorsz\u00e1g\",\"description\":\"\u0160koda WeLoveCycling\",\"potentialAction\":[{\"@type\":\"SearchAction\",\"target\":{\"@type\":\"EntryPoint\",\"urlTemplate\":\"https:\/\/www.welovecycling.com\/hu\/?s={search_term_string}\"},\"query-input\":{\"@type\":\"PropertyValueSpecification\",\"valueRequired\":true,\"valueName\":\"search_term_string\"}}],\"inLanguage\":\"hu\"},{\"@type\":\"Person\",\"@id\":\"https:\/\/www.welovecycling.com\/hu\/#\/schema\/person\/414a2aebf1801691a5320edb6468e194\",\"name\":\"hegyizs\",\"image\":{\"@type\":\"ImageObject\",\"inLanguage\":\"hu\",\"@id\":\"https:\/\/www.welovecycling.com\/hu\/#\/schema\/person\/image\/\",\"url\":\"https:\/\/secure.gravatar.com\/avatar\/02cf8a7906b8cf90cecb4679defac7cfd33a1c2e3b88e4903d947f3bb58eedd3?s=96&d=mm&r=g\",\"contentUrl\":\"https:\/\/secure.gravatar.com\/avatar\/02cf8a7906b8cf90cecb4679defac7cfd33a1c2e3b88e4903d947f3bb58eedd3?s=96&d=mm&r=g\",\"caption\":\"hegyizs\"},\"url\":\"https:\/\/www.welovecycling.com\/hu\/author\/hegyizs\/\"}]}<\/script>\n<!-- \/ Yoast SEO Premium plugin. -->","yoast_head_json":{"title":"\u201eHarminchat vagyok, heti n\u00e9gy napot mel\u00f3zom, b\u00fcszke vagyok, hogy levertem a profikat!\u201d","description":"Egy h\u00e1romgyerekes h\u00e9tk\u00f6znapi csal\u00e1dapa nagy meglepet\u00e9sgy\u0151zelm\u00e9nek \u00e9s \u00f6r\u00f6m\u00e9nek t\u00f6rt\u00e9nete egy eg\u00e9sz napos sz\u00f6k\u00e9s ut\u00e1n, Hollandi\u00e1b\u00f3l.","robots":{"index":"index","follow":"follow","max-snippet":"max-snippet:-1","max-image-preview":"max-image-preview:large","max-video-preview":"max-video-preview:-1"},"canonical":"https:\/\/www.welovecycling.com\/hu\/orszaguti-kerekpar\/harminchat-vagyok-heti-negy-napot-melozom-buszke-vagyok-hogy-levertem-a-profikat\/","og_locale":"hu_HU","og_type":"article","og_title":"\u201eHarminchat vagyok, heti n\u00e9gy napot mel\u00f3zom, b\u00fcszke vagyok, hogy levertem a profikat!\u201d","og_description":"Egy h\u00e1romgyerekes h\u00e9tk\u00f6znapi csal\u00e1dapa nagy meglepet\u00e9sgy\u0151zelm\u00e9nek \u00e9s \u00f6r\u00f6m\u00e9nek t\u00f6rt\u00e9nete egy eg\u00e9sz napos sz\u00f6k\u00e9s ut\u00e1n, Hollandi\u00e1b\u00f3l.","og_url":"https:\/\/www.welovecycling.com\/hu\/orszaguti-kerekpar\/harminchat-vagyok-heti-negy-napot-melozom-buszke-vagyok-hogy-levertem-a-profikat\/","og_site_name":"\u0160koda We Love Cycling - Magyarorsz\u00e1g","article_publisher":"https:\/\/www.facebook.com\/WeLoveCyclingHungary\/","article_published_time":"2024-06-13T12:00:41+00:00","og_image":[{"width":1000,"height":667,"url":"https:\/\/d2p6e6u75xmxt8.cloudfront.net\/12\/2024\/06\/BA3A3199-1.webp","type":"image\/webp"}],"author":"hegyizs","twitter_card":"summary_large_image","twitter_misc":{"Written by":"WLC","Est. reading time":"3 minutes"},"schema":{"@context":"https:\/\/schema.org","@graph":[{"@type":"WebPage","@id":"https:\/\/www.welovecycling.com\/hu\/orszaguti-kerekpar\/harminchat-vagyok-heti-negy-napot-melozom-buszke-vagyok-hogy-levertem-a-profikat\/","url":"https:\/\/www.welovecycling.com\/hu\/orszaguti-kerekpar\/harminchat-vagyok-heti-negy-napot-melozom-buszke-vagyok-hogy-levertem-a-profikat\/","name":"\u201eHarminchat vagyok, heti n\u00e9gy napot mel\u00f3zom, b\u00fcszke vagyok, hogy levertem a profikat!\u201d","isPartOf":{"@id":"https:\/\/www.welovecycling.com\/hu\/#website"},"primaryImageOfPage":{"@id":"https:\/\/www.welovecycling.com\/hu\/orszaguti-kerekpar\/harminchat-vagyok-heti-negy-napot-melozom-buszke-vagyok-hogy-levertem-a-profikat\/#primaryimage"},"image":{"@id":"https:\/\/www.welovecycling.com\/hu\/orszaguti-kerekpar\/harminchat-vagyok-heti-negy-napot-melozom-buszke-vagyok-hogy-levertem-a-profikat\/#primaryimage"},"thumbnailUrl":"https:\/\/d2p6e6u75xmxt8.cloudfront.net\/12\/2024\/06\/BA3A3199-1.webp","datePublished":"2024-06-13T12:00:41+00:00","author":{"@id":"https:\/\/www.welovecycling.com\/hu\/#\/schema\/person\/414a2aebf1801691a5320edb6468e194"},"description":"Egy h\u00e1romgyerekes h\u00e9tk\u00f6znapi csal\u00e1dapa nagy meglepet\u00e9sgy\u0151zelm\u00e9nek \u00e9s \u00f6r\u00f6m\u00e9nek t\u00f6rt\u00e9nete egy eg\u00e9sz napos sz\u00f6k\u00e9s ut\u00e1n, Hollandi\u00e1b\u00f3l.","breadcrumb":{"@id":"https:\/\/www.welovecycling.com\/hu\/orszaguti-kerekpar\/harminchat-vagyok-heti-negy-napot-melozom-buszke-vagyok-hogy-levertem-a-profikat\/#breadcrumb"},"inLanguage":"hu","potentialAction":[{"@type":"ReadAction","target":["https:\/\/www.welovecycling.com\/hu\/orszaguti-kerekpar\/harminchat-vagyok-heti-negy-napot-melozom-buszke-vagyok-hogy-levertem-a-profikat\/"]}]},{"@type":"ImageObject","inLanguage":"hu","@id":"https:\/\/www.welovecycling.com\/hu\/orszaguti-kerekpar\/harminchat-vagyok-heti-negy-napot-melozom-buszke-vagyok-hogy-levertem-a-profikat\/#primaryimage","url":"https:\/\/d2p6e6u75xmxt8.cloudfront.net\/12\/2024\/06\/BA3A3199-1.webp","contentUrl":"https:\/\/d2p6e6u75xmxt8.cloudfront.net\/12\/2024\/06\/BA3A3199-1.webp","width":1000,"height":667},{"@type":"BreadcrumbList","@id":"https:\/\/www.welovecycling.com\/hu\/orszaguti-kerekpar\/harminchat-vagyok-heti-negy-napot-melozom-buszke-vagyok-hogy-levertem-a-profikat\/#breadcrumb","itemListElement":[{"@type":"ListItem","position":1,"name":"Home","item":"https:\/\/www.welovecycling.com\/hu\/"},{"@type":"ListItem","position":2,"name":"\u201eHarminchat vagyok, heti n\u00e9gy napot mel\u00f3zom, b\u00fcszke vagyok, hogy levertem a profikat!\u201d"}]},{"@type":"WebSite","@id":"https:\/\/www.welovecycling.com\/hu\/#website","url":"https:\/\/www.welovecycling.com\/hu\/","name":"\u0160koda We Love Cycling - Magyarorsz\u00e1g","description":"\u0160koda WeLoveCycling","potentialAction":[{"@type":"SearchAction","target":{"@type":"EntryPoint","urlTemplate":"https:\/\/www.welovecycling.com\/hu\/?s={search_term_string}"},"query-input":{"@type":"PropertyValueSpecification","valueRequired":true,"valueName":"search_term_string"}}],"inLanguage":"hu"},{"@type":"Person","@id":"https:\/\/www.welovecycling.com\/hu\/#\/schema\/person\/414a2aebf1801691a5320edb6468e194","name":"hegyizs","image":{"@type":"ImageObject","inLanguage":"hu","@id":"https:\/\/www.welovecycling.com\/hu\/#\/schema\/person\/image\/","url":"https:\/\/secure.gravatar.com\/avatar\/02cf8a7906b8cf90cecb4679defac7cfd33a1c2e3b88e4903d947f3bb58eedd3?s=96&d=mm&r=g","contentUrl":"https:\/\/secure.gravatar.com\/avatar\/02cf8a7906b8cf90cecb4679defac7cfd33a1c2e3b88e4903d947f3bb58eedd3?s=96&d=mm&r=g","caption":"hegyizs"},"url":"https:\/\/www.welovecycling.com\/hu\/author\/hegyizs\/"}]}},"_links":{"self":[{"href":"https:\/\/www.welovecycling.com\/hu\/wp-json\/wp\/v2\/posts\/18559","targetHints":{"allow":["GET"]}}],"collection":[{"href":"https:\/\/www.welovecycling.com\/hu\/wp-json\/wp\/v2\/posts"}],"about":[{"href":"https:\/\/www.welovecycling.com\/hu\/wp-json\/wp\/v2\/types\/post"}],"author":[{"embeddable":true,"href":"https:\/\/www.welovecycling.com\/hu\/wp-json\/wp\/v2\/users\/71"}],"replies":[{"embeddable":true,"href":"https:\/\/www.welovecycling.com\/hu\/wp-json\/wp\/v2\/comments?post=18559"}],"version-history":[{"count":1,"href":"https:\/\/www.welovecycling.com\/hu\/wp-json\/wp\/v2\/posts\/18559\/revisions"}],"predecessor-version":[{"id":18564,"href":"https:\/\/www.welovecycling.com\/hu\/wp-json\/wp\/v2\/posts\/18559\/revisions\/18564"}],"wp:featuredmedia":[{"embeddable":true,"href":"https:\/\/www.welovecycling.com\/hu\/wp-json\/wp\/v2\/media\/18560"}],"wp:attachment":[{"href":"https:\/\/www.welovecycling.com\/hu\/wp-json\/wp\/v2\/media?parent=18559"}],"wp:term":[{"taxonomy":"category","embeddable":true,"href":"https:\/\/www.welovecycling.com\/hu\/wp-json\/wp\/v2\/categories?post=18559"},{"taxonomy":"post_tag","embeddable":true,"href":"https:\/\/www.welovecycling.com\/hu\/wp-json\/wp\/v2\/tags?post=18559"},{"taxonomy":"global-categories","embeddable":true,"href":"https:\/\/www.welovecycling.com\/hu\/wp-json\/wp\/v2\/global-categories?post=18559"}],"curies":[{"name":"wp","href":"https:\/\/api.w.org\/{rel}","templated":true}]}}