{"id":18557,"date":"2024-06-18T08:00:20","date_gmt":"2024-06-18T06:00:20","guid":{"rendered":"https:\/\/www.welovecycling.com\/hu\/?p=18557"},"modified":"2024-06-13T14:14:46","modified_gmt":"2024-06-13T12:14:46","slug":"8-tipp-ha-nagy-esoben-kerekparozol","status":"publish","type":"post","link":"https:\/\/www.welovecycling.com\/hu\/trekking-mtb\/8-tipp-ha-nagy-esoben-kerekparozol\/","title":{"rendered":"8 tipp, ha nagy es\u0151ben ker\u00e9kp\u00e1rozol"},"content":{"rendered":"<p><strong>M\u00e1r sokszor besz\u00e9lt\u00fcnk az es\u0151ben, h\u00f3ban \u00e9s zivatarban t\u00f6rt\u00e9n\u0151 bicikliz\u00e9sr\u0151l. Azonban m\u00e9g nem t\u00e1rgyaltuk az extr\u00e9m helyzeteket. Van egy kis k\u00fcl\u00f6nbs\u00e9g a szit\u00e1l\u00f3 es\u0151 \u00e9s a szakad\u00f3 z\u00e1por k\u00f6z\u00f6tt. Mivel a <u><a href=\"https:\/\/www.welovecycling.com\/hu\/trekking-mtb\/mi-a-teendo-ha-a-bringan-er-a-vihar\/\">viharokr\u00f3l m\u00e1r \u00edrtunk kor\u00e1bban<\/a><\/u>, ma nem a vill\u00e1mokra koncentr\u00e1lunk, hanem arra, amikor sz\u00f3 szerint megny\u00edlik felett\u00fcnk az \u00e9g.<\/strong><\/p>\n<p><!--more--><\/p>\n<p>Lehet, hogy \u00e9rdemes kihagyni a bicikliz\u00e9st, ha az \u00e9gbolt \u00fagy n\u00e9z ki, mintha hamarosan v\u00e9get \u00e9rne a vil\u00e1g. Azonban nem mindig tudjuk elker\u00fclni az es\u0151t. N\u00e9ha egyszer\u0171en r\u00e1nk szakad az \u00e9g, \u00e9s nem tehet\u00fcnk m\u00e1st, mint hogy megbirk\u00f3zunk vele. \u00cdme nyolc tipp, amit seg\u00edt, ha a nyakadba kapsz egy \u00f3ri\u00e1si zuh\u00e9t.<\/p>\n<h2><strong>Legy\u00e9l extr\u00e1n j\u00f3l\u00a0 l\u00e1that\u00f3!<\/strong><\/h2>\n<p>A legfontosabb a l\u00e1that\u00f3s\u00e1g. Az ugye alap, hogy nem talpig feket\u00e9ben, hanem \u00e9l\u00e9nk sz\u00ednekben indulsz \u00fatnak, de amikor az es\u0151 f\u00fcgg\u00f6nyk\u00e9nt hullik, ez aligha el\u00e9g. Sz\u00fcks\u00e9ged lesz egy villog\u00f3 piros l\u00e1mp\u00e1ra h\u00e1tul \u00e9s egy er\u0151s villog\u00f3 feh\u00e9r l\u00e1mp\u00e1ra el\u00f6l. A villog\u00f3 funkci\u00f3 k\u00f6telez\u0151, mert \u00edgy k\u00f6nnyebben \u00e9szreveszik az aut\u00f3sok a f\u00e9nyt!<\/p>\n<p>Egy f\u00e9nyvisszaver\u0151 es\u0151kab\u00e1t \u00e9s a ker\u00e9kp\u00e1rodra szerelt f\u00e9nyvisszaver\u0151 elemek szint\u00e9n nagy el\u0151nyt jelentenek. A v\u00edz\u00e1ll\u00f3 ruh\u00e1zat term\u00e9szetesen k\u00f6telez\u0151 b\u00e1rmilyen nedves id\u0151ben. Ha lecs\u00f6kken a testh\u0151m\u00e9rs\u00e9kleted, mik\u00f6zben folyamatosan v\u00edzcseppek bomb\u00e1znak, eg\u00e9sz biztosan megf\u00e1zol. Teh\u00e1t, amikor v\u00edz\u00e1ll\u00f3 ker\u00e9kp\u00e1ros ruh\u00e1zatba fektetsz, v\u00e1lassz \u00e9l\u00e9nk sz\u00edneket f\u00e9nyvisszaver\u0151 elemekkel. \u00cdgy m\u00e9g \u00e9jszaka, nagy es\u0151ben is j\u00f3l l\u00e1that\u00f3 leszel.<\/p>\n<h2><strong>Tekerj az \u00fat k\u00f6zep\u00e9n<\/strong><\/h2>\n<p>Az, hogy j\u00f3l l\u00e1that\u00f3 vagy, az\u00e9rt is fontos, mert el kell t\u00e1volodnod az \u00fat sz\u00e9l\u00e9t\u0151l. N\u00e9ha az eg\u00e9sz s\u00e1vot el kell foglalnod ahhoz, hogy ki tudd ker\u00fclni a vesz\u00e9lyes pocsoly\u00e1kat. Az utak \u00e1ltal\u00e1ban \u00fagy vannak kialak\u00edtva, hogy a v\u00edz a k\u00f6zepe fel\u0151l a sz\u00e9leire folyjon. Ez\u00e9rt sok esetben pocsoly\u00e1k alakulnak ki az \u00fat sz\u00e9l\u00e9n \u2013 pont ott, ahol \u00e1ltal\u00e1ban biciklizel. Tov\u00e1bb\u00e1 az \u00fat menti s\u00e1r szint\u00e9n nagyon cs\u00fasz\u00f3s lehet.<\/p>\n<p>A nagy es\u0151 lemossa az \u00fatr\u00f3l a t\u00f6rmel\u00e9ket \u00e9s az olajat, \u00e9s ezek az \u00fat sz\u00e9l\u00e9n halmoz\u00f3dnak fel. Nagyobb es\u00e9llyel kaphatsz teh\u00e1t defekteket ilyenkor, \u00e9s garant\u00e1ljuk, hogy kicser\u00e9lni a gumit, mik\u00f6zben t\u00f6bb milli\u00f3 liter v\u00edz z\u00fadul a fejedre, sem nem sz\u00f3rakoztat\u00f3, sem nem k\u00f6nny\u0171.<\/p>\n<p>A biztons\u00e1god \u00e9rdek\u00e9ben teh\u00e1t ink\u00e1bb az \u00fat k\u00f6z\u00e9ps\u0151 r\u00e9sz\u00e9n kell haladnod, t\u00e1vol az \u00fat sz\u00e9l\u00e9t\u0151l. B\u00e1r ez ellentmond\u00e1sosnak t\u0171nhet, sokkal biztons\u00e1gosabb, mint az \u00fat sz\u00e9l\u00e9n biciklizni.<\/p>\n<h2><strong>Ker\u00fcld a forgalmas utakat!<\/strong><\/h2>\n<p>Figyelembe v\u00e9ve a k\u00f6r\u00fclm\u00e9nyeket \u00e9s azt, hogy ink\u00e1bb az \u00fat k\u00f6zep\u00e9n fogsz biciklizni, a legjobb, ha elker\u00fcl\u00f6d a forgalmas utakat, amikor csak lehet. Ez seg\u00edt meg\u00faszni (haha) a nagy forgalom okozta fr\u00f6csk\u00f6l\u00e9seket is, mivel nagy es\u0151ben, f\u00fcggetlen\u00fcl att\u00f3l, milyen j\u00f3 az infrastrukt\u00fara, mindig lesz v\u00edz az utakon.<\/p>\n<figure id=\"attachment_18144\" aria-describedby=\"caption-attachment-18144\" style=\"width: 1000px\" class=\"wp-caption alignnone\"><a href=\"https:\/\/d2p6e6u75xmxt8.cloudfront.net\/12\/2023\/11\/Cyclist-in-rain-profimedia-0626313863.webp\"><img loading=\"lazy\" decoding=\"async\" class=\"wp-image-18144 size-full\" src=\"https:\/\/d2p6e6u75xmxt8.cloudfront.net\/12\/2023\/11\/Cyclist-in-rain-profimedia-0626313863.webp\" alt=\"Cycling in bad weather\" width=\"1000\" height=\"666\" srcset=\"https:\/\/d2p6e6u75xmxt8.cloudfront.net\/12\/2023\/11\/Cyclist-in-rain-profimedia-0626313863.webp 1000w, https:\/\/d2p6e6u75xmxt8.cloudfront.net\/12\/2023\/11\/Cyclist-in-rain-profimedia-0626313863-300x200.webp 300w, https:\/\/d2p6e6u75xmxt8.cloudfront.net\/12\/2023\/11\/Cyclist-in-rain-profimedia-0626313863-768x511.webp 768w, https:\/\/d2p6e6u75xmxt8.cloudfront.net\/12\/2023\/11\/Cyclist-in-rain-profimedia-0626313863-400x266.webp 400w, https:\/\/d2p6e6u75xmxt8.cloudfront.net\/12\/2023\/11\/Cyclist-in-rain-profimedia-0626313863-272x182.webp 272w\" sizes=\"auto, (max-width: 1000px) 100vw, 1000px\" \/><\/a><figcaption id=\"caption-attachment-18144\" class=\"wp-caption-text\">Ker\u00fcld a forgalmas utakat! \u00a9 Profimedia<\/figcaption><\/figure>\n<p>A folyamatos fr\u00f6csk\u00f6l\u00e9s azonnal elveszi az es\u0151ben val\u00f3 bicikliz\u00e9s minim\u00e1lis, marad\u00e9k \u00f6r\u00f6m\u00e9t is. R\u00e1ad\u00e1sul a kevesebb potenci\u00e1lis konfliktus az utakon mindig biztons\u00e1gosabb teker\u00e9st eredm\u00e9nyez. Ha nem ismered a helyi ter\u00fcletet vagy az alternat\u00edv utakat, keress egy mened\u00e9khelyet \u00e9s n\u00e9zd meg a t\u00e9rk\u00e9pedet!<\/p>\n<h2><strong>Ker\u00fcld az utakat, ahol el\u0151fordulhatnak f\u00f6ldcsuszaml\u00e1sok!<\/strong><\/h2>\n<p>Alternat\u00edv \u00fat v\u00e1laszt\u00e1sakor gy\u0151z\u0151dj meg r\u00f3la, hogy olyan \u00faton haladsz, ahol f\u00f6ldcsuszaml\u00e1sok nem fordulhatnak el\u0151. Nagy es\u0151k idej\u00e9n a f\u00f6ldcsuszaml\u00e1sok nagyon val\u00f3sz\u00edn\u0171v\u00e9 v\u00e1lnak, m\u00e9g a v\u00e9dett ter\u00fcleteken is. M\u00edg az aut\u00f3k bizonyos m\u00e9rt\u00e9kig v\u00e9dettek a kisebb t\u00f6rmel\u00e9kt\u0151l, biciklin \u00fclve sokkal ink\u00e1bb ki vagy t\u00e9ve a s\u00e9r\u00fcl\u00e9seknek.<\/p>\n<p>Teh\u00e1t, ha az \u00fatvonalad egy szurdokon vagy olyan helyen halad, ahol el\u0151fordulhat f\u00f6ldcsuszaml\u00e1sok, jobb visszafordulni nagy es\u0151 idej\u00e9n \u00e9s k\u00f6zvetlen\u00fcl ut\u00e1na!<\/p>\n<h2><strong>Viselj szem\u00fcveget!<\/strong><\/h2>\n<p>A szem\u00fcveg a legk\u00f6zelebbi dolog egy sz\u00e9lv\u00e9d\u0151h\u00f6z. Az, hogy annak ellen\u00e9re is l\u00e1tsz, hogy folyamatosan bomb\u00e1znak a v\u00edzcseppek, a biztons\u00e1gos bicikliz\u00e9s alappill\u00e9re. Term\u00e9szetesen, nagy es\u0151ben a t\u00fals\u00e1gosan s\u00f6t\u00e9t napszem\u00fcvegek megnehez\u00edtik az \u00e9letet. \u00c9rdemes befektetni egy p\u00e1r tiszta szem\u00fcvegbe ilyen alkalmakra. Azonban, ha a nagy es\u0151 v\u00e1ratlanul \u00e9r, jobb, ha a napszem\u00fcvegedet viselve lassabban biciklizel, mint ha levenn\u00e9d, \u00e9s a folyamatos v\u00edzpermet miatt vakon tekern\u00e9l.<\/p>\n<h2><strong>Fel a s\u00e1rv\u00e9d\u0151kkel!<\/strong><\/h2>\n<p>Tudjuk, hogy ez n\u00f6veli a s\u00falyt, de ezt az \u00e1ldozatot meg kell hoznod, k\u00fcl\u00f6n\u00f6sen, ha nagy es\u0151re sz\u00e1m\u00edtasz. Jelent\u0151sen cs\u00f6kkenti a v\u00edzpermet felcsap\u00f3d\u00e1s\u00e1t, \u00e9s jav\u00edtja a k\u00e9nyelmedet. M\u00e9g a kisebb s\u00e1rv\u00e9d\u0151k is, amelyek az arcodat \u00e9s a h\u00e1tadat v\u00e9dik, sokat tudnak seg\u00edteni. B\u0151ven meg\u00e9ri az az extra n\u00e9h\u00e1ny sz\u00e1z gramm!<\/p>\n<h2><strong>Cs\u00f6kkentsd a gumiabroncs nyom\u00e1s\u00e1t!<\/strong><\/h2>\n<p>Amikor szakad az es\u0151, \u00e9s az \u00fat ink\u00e1bb foly\u00f3ra eml\u00e9keztet, itt az ideje a stabilit\u00e1st el\u0151nyben r\u00e9szes\u00edteni a sebess\u00e9ggel szemben. Cs\u00f6kkentsd a gumiabroncs nyom\u00e1s\u00e1t! Ez jobb tapad\u00e1st biztos\u00edt az \u00faton, \u00e9s cs\u00f6kkenti annak es\u00e9ly\u00e9t, hogy defektet kapj az \u00fat sz\u00e9l\u00e9n meg\u00fcl\u0151 t\u00f6rmel\u00e9k miatt. Igen, a sebess\u00e9ged cs\u00f6kkenni fog, de azt gondoljuk, a Strava rekordod megd\u00f6nt\u00e9se v\u00e1rhat.<\/p>\n<p>Teh\u00e1t cs\u00f6kkentsd a nyom\u00e1st 5-10 psi-vel, \u00e9s gy\u0151z\u0151dj meg r\u00f3la, hogy a kanyarokat lassabban veszed, mint \u00e1ltal\u00e1ban, \u00e9s elegend\u0151 f\u00e9kez\u00e9si id\u0151t hagysz magadnak!<\/p>\n<h2><strong>Tudd, mikor kell mened\u00e9ket keresni!<\/strong><\/h2>\n<p>V\u00e9g\u00fcl el kell ismerned, hogy nincs semmi sz\u00e9gyen abban, ha az \u00fat k\u00f6zep\u00e9n abbahagyod a teker\u00e9st \u00e9s megv\u00e1rod, am\u00edg el\u00e1ll. Ha nem l\u00e1tsz egy \u00f6reg embert, aki egy \u00f3ri\u00e1si haj\u00f3t \u00e9p\u00edt, \u00e9s egy sor \u00e1llatot, akik arra v\u00e1rnak, hogy felsz\u00e1lljanak, akkor val\u00f3sz\u00edn\u0171leg hamarosan el fog. Keress egy megfelel\u0151 helyet, hogy kiv\u00e1rd. Ez lehet egy vas\u00fat\u00e1llom\u00e1s, k\u00e1v\u00e9z\u00f3 vagy ak\u00e1r egy h\u00edd is. Csak az alulj\u00e1r\u00f3kat ker\u00fcld, hiszen az \u00e1rv\u00edz hirtelen \u00e9s nagy er\u0151vel j\u00f6n.<\/p>\n<p>A bicikliz\u00e9snek sz\u00f3rakoztat\u00f3nak kell lennie, \u00e9s b\u00e1r tudjuk, hogy a ker\u00e9kp\u00e1rosok term\u00e9szet\u00fckn\u00e9l fogva nem sz\u00edvesen adj\u00e1k fel, n\u00e9ha jobb egy m\u00e1sik napra hagyni egy nagy teker\u00e9st, mint megbetegedni.<\/p>\n<p style=\"font-weight: 400;\">Tartsd szem el\u0151tt ezeket a tippeket, \u00e9s term\u00e9szetesen ne hagyd, hogy az es\u0151 megg\u00e1toljon abban, hogy \u00e9lvezd az utadat. Csak l\u00e9gy \u00f3vatos!<\/p>\n","protected":false},"excerpt":{"rendered":"<p>M\u00e1r sokszor besz\u00e9lt\u00fcnk az es\u0151ben, h\u00f3ban \u00e9s zivatarban t\u00f6rt\u00e9n\u0151 bicikliz\u00e9sr\u0151l. Azonban m\u00e9g nem t\u00e1rgyaltuk az extr\u00e9m helyzeteket. Van egy kis [&hellip;]<\/p>\n","protected":false},"author":71,"featured_media":18556,"comment_status":"open","ping_status":"open","sticky":false,"template":"","format":"standard","meta":{"footnotes":""},"categories":[7],"tags":[],"global-categories":[],"class_list":["post-18557","post","type-post","status-publish","format-standard","has-post-thumbnail","hentry","category-trekking-mtb"],"yoast_head":"<!-- This site is optimized with the Yoast SEO Premium plugin v25.3 (Yoast SEO v25.9) - https:\/\/yoast.com\/wordpress\/plugins\/seo\/ -->\n<title>8 tipp, ha nagy es\u0151ben ker\u00e9kp\u00e1rozol<\/title>\n<meta name=\"description\" content=\"M\u00e1r sokszor besz\u00e9lt\u00fcnk az es\u0151ben, h\u00f3ban \u00e9s zivatarban t\u00f6rt\u00e9n\u0151 bicikliz\u00e9sr\u0151l. Azonban m\u00e9g nem t\u00e1rgyaltuk az extr\u00e9m helyzeteket. Van egy kis k\u00fcl\u00f6nbs\u00e9g a szit\u00e1l\u00f3 es\u0151 \u00e9s a szakad\u00f3 z\u00e1por k\u00f6z\u00f6tt. Mivel a viharokr\u00f3l m\u00e1r \u00edrtunk kor\u00e1bban, ma nem a vill\u00e1mokra koncentr\u00e1lunk, hanem arra, amikor sz\u00f3 szerint megny\u00edlik felett\u00fcnk az \u00e9g.\" \/>\n<meta name=\"robots\" content=\"index, follow, max-snippet:-1, max-image-preview:large, max-video-preview:-1\" \/>\n<link rel=\"canonical\" href=\"https:\/\/www.welovecycling.com\/hu\/trekking-mtb\/8-tipp-ha-nagy-esoben-kerekparozol\/\" \/>\n<meta property=\"og:locale\" content=\"hu_HU\" \/>\n<meta property=\"og:type\" content=\"article\" \/>\n<meta property=\"og:title\" content=\"8 tipp, ha nagy es\u0151ben ker\u00e9kp\u00e1rozol\" \/>\n<meta property=\"og:description\" content=\"M\u00e1r sokszor besz\u00e9lt\u00fcnk az es\u0151ben, h\u00f3ban \u00e9s zivatarban t\u00f6rt\u00e9n\u0151 bicikliz\u00e9sr\u0151l. Azonban m\u00e9g nem t\u00e1rgyaltuk az extr\u00e9m helyzeteket. Van egy kis k\u00fcl\u00f6nbs\u00e9g a szit\u00e1l\u00f3 es\u0151 \u00e9s a szakad\u00f3 z\u00e1por k\u00f6z\u00f6tt. Mivel a viharokr\u00f3l m\u00e1r \u00edrtunk kor\u00e1bban, ma nem a vill\u00e1mokra koncentr\u00e1lunk, hanem arra, amikor sz\u00f3 szerint megny\u00edlik felett\u00fcnk az \u00e9g.\" \/>\n<meta property=\"og:url\" content=\"https:\/\/www.welovecycling.com\/hu\/trekking-mtb\/8-tipp-ha-nagy-esoben-kerekparozol\/\" \/>\n<meta property=\"og:site_name\" content=\"\u0160koda We Love Cycling - Magyarorsz\u00e1g\" \/>\n<meta property=\"article:publisher\" content=\"https:\/\/www.facebook.com\/WeLoveCyclingHungary\/\" \/>\n<meta property=\"article:published_time\" content=\"2024-06-18T06:00:20+00:00\" \/>\n<meta property=\"og:image\" content=\"https:\/\/d2p6e6u75xmxt8.cloudfront.net\/12\/2024\/06\/Cyclist-in-Rain-profimedia-0877048459-CVR.webp\" \/>\n\t<meta property=\"og:image:width\" content=\"990\" \/>\n\t<meta property=\"og:image:height\" content=\"660\" \/>\n\t<meta property=\"og:image:type\" content=\"image\/webp\" \/>\n<meta name=\"author\" content=\"hegyizs\" \/>\n<meta name=\"twitter:card\" content=\"summary_large_image\" \/>\n<meta name=\"twitter:label1\" content=\"Written by\" \/>\n\t<meta name=\"twitter:data1\" content=\"Martin Atanasov\" \/>\n\t<meta name=\"twitter:label2\" content=\"Est. reading time\" \/>\n\t<meta name=\"twitter:data2\" content=\"5\" \/>\n<script type=\"application\/ld+json\" class=\"yoast-schema-graph\">{\"@context\":\"https:\/\/schema.org\",\"@graph\":[{\"@type\":\"WebPage\",\"@id\":\"https:\/\/www.welovecycling.com\/hu\/trekking-mtb\/8-tipp-ha-nagy-esoben-kerekparozol\/\",\"url\":\"https:\/\/www.welovecycling.com\/hu\/trekking-mtb\/8-tipp-ha-nagy-esoben-kerekparozol\/\",\"name\":\"8 tipp, ha nagy es\u0151ben ker\u00e9kp\u00e1rozol\",\"isPartOf\":{\"@id\":\"https:\/\/www.welovecycling.com\/hu\/#website\"},\"primaryImageOfPage\":{\"@id\":\"https:\/\/www.welovecycling.com\/hu\/trekking-mtb\/8-tipp-ha-nagy-esoben-kerekparozol\/#primaryimage\"},\"image\":{\"@id\":\"https:\/\/www.welovecycling.com\/hu\/trekking-mtb\/8-tipp-ha-nagy-esoben-kerekparozol\/#primaryimage\"},\"thumbnailUrl\":\"https:\/\/d2p6e6u75xmxt8.cloudfront.net\/12\/2024\/06\/Cyclist-in-Rain-profimedia-0877048459-CVR.webp\",\"datePublished\":\"2024-06-18T06:00:20+00:00\",\"author\":{\"@id\":\"https:\/\/www.welovecycling.com\/hu\/#\/schema\/person\/414a2aebf1801691a5320edb6468e194\"},\"description\":\"M\u00e1r sokszor besz\u00e9lt\u00fcnk az es\u0151ben, h\u00f3ban \u00e9s zivatarban t\u00f6rt\u00e9n\u0151 bicikliz\u00e9sr\u0151l. Azonban m\u00e9g nem t\u00e1rgyaltuk az extr\u00e9m helyzeteket. Van egy kis k\u00fcl\u00f6nbs\u00e9g a szit\u00e1l\u00f3 es\u0151 \u00e9s a szakad\u00f3 z\u00e1por k\u00f6z\u00f6tt. Mivel a viharokr\u00f3l m\u00e1r \u00edrtunk kor\u00e1bban, ma nem a vill\u00e1mokra koncentr\u00e1lunk, hanem arra, amikor sz\u00f3 szerint megny\u00edlik felett\u00fcnk az \u00e9g.\",\"breadcrumb\":{\"@id\":\"https:\/\/www.welovecycling.com\/hu\/trekking-mtb\/8-tipp-ha-nagy-esoben-kerekparozol\/#breadcrumb\"},\"inLanguage\":\"hu\",\"potentialAction\":[{\"@type\":\"ReadAction\",\"target\":[\"https:\/\/www.welovecycling.com\/hu\/trekking-mtb\/8-tipp-ha-nagy-esoben-kerekparozol\/\"]}]},{\"@type\":\"ImageObject\",\"inLanguage\":\"hu\",\"@id\":\"https:\/\/www.welovecycling.com\/hu\/trekking-mtb\/8-tipp-ha-nagy-esoben-kerekparozol\/#primaryimage\",\"url\":\"https:\/\/d2p6e6u75xmxt8.cloudfront.net\/12\/2024\/06\/Cyclist-in-Rain-profimedia-0877048459-CVR.webp\",\"contentUrl\":\"https:\/\/d2p6e6u75xmxt8.cloudfront.net\/12\/2024\/06\/Cyclist-in-Rain-profimedia-0877048459-CVR.webp\",\"width\":990,\"height\":660,\"caption\":\"Cyclist in rain\"},{\"@type\":\"BreadcrumbList\",\"@id\":\"https:\/\/www.welovecycling.com\/hu\/trekking-mtb\/8-tipp-ha-nagy-esoben-kerekparozol\/#breadcrumb\",\"itemListElement\":[{\"@type\":\"ListItem\",\"position\":1,\"name\":\"Home\",\"item\":\"https:\/\/www.welovecycling.com\/hu\/\"},{\"@type\":\"ListItem\",\"position\":2,\"name\":\"8 tipp, ha nagy es\u0151ben ker\u00e9kp\u00e1rozol\"}]},{\"@type\":\"WebSite\",\"@id\":\"https:\/\/www.welovecycling.com\/hu\/#website\",\"url\":\"https:\/\/www.welovecycling.com\/hu\/\",\"name\":\"\u0160koda We Love Cycling - Magyarorsz\u00e1g\",\"description\":\"\u0160koda WeLoveCycling\",\"potentialAction\":[{\"@type\":\"SearchAction\",\"target\":{\"@type\":\"EntryPoint\",\"urlTemplate\":\"https:\/\/www.welovecycling.com\/hu\/?s={search_term_string}\"},\"query-input\":{\"@type\":\"PropertyValueSpecification\",\"valueRequired\":true,\"valueName\":\"search_term_string\"}}],\"inLanguage\":\"hu\"},{\"@type\":\"Person\",\"@id\":\"https:\/\/www.welovecycling.com\/hu\/#\/schema\/person\/414a2aebf1801691a5320edb6468e194\",\"name\":\"hegyizs\",\"image\":{\"@type\":\"ImageObject\",\"inLanguage\":\"hu\",\"@id\":\"https:\/\/www.welovecycling.com\/hu\/#\/schema\/person\/image\/\",\"url\":\"https:\/\/secure.gravatar.com\/avatar\/02cf8a7906b8cf90cecb4679defac7cfd33a1c2e3b88e4903d947f3bb58eedd3?s=96&d=mm&r=g\",\"contentUrl\":\"https:\/\/secure.gravatar.com\/avatar\/02cf8a7906b8cf90cecb4679defac7cfd33a1c2e3b88e4903d947f3bb58eedd3?s=96&d=mm&r=g\",\"caption\":\"hegyizs\"},\"url\":\"https:\/\/www.welovecycling.com\/hu\/author\/hegyizs\/\"}]}<\/script>\n<!-- \/ Yoast SEO Premium plugin. -->","yoast_head_json":{"title":"8 tipp, ha nagy es\u0151ben ker\u00e9kp\u00e1rozol","description":"M\u00e1r sokszor besz\u00e9lt\u00fcnk az es\u0151ben, h\u00f3ban \u00e9s zivatarban t\u00f6rt\u00e9n\u0151 bicikliz\u00e9sr\u0151l. Azonban m\u00e9g nem t\u00e1rgyaltuk az extr\u00e9m helyzeteket. Van egy kis k\u00fcl\u00f6nbs\u00e9g a szit\u00e1l\u00f3 es\u0151 \u00e9s a szakad\u00f3 z\u00e1por k\u00f6z\u00f6tt. Mivel a viharokr\u00f3l m\u00e1r \u00edrtunk kor\u00e1bban, ma nem a vill\u00e1mokra koncentr\u00e1lunk, hanem arra, amikor sz\u00f3 szerint megny\u00edlik felett\u00fcnk az \u00e9g.","robots":{"index":"index","follow":"follow","max-snippet":"max-snippet:-1","max-image-preview":"max-image-preview:large","max-video-preview":"max-video-preview:-1"},"canonical":"https:\/\/www.welovecycling.com\/hu\/trekking-mtb\/8-tipp-ha-nagy-esoben-kerekparozol\/","og_locale":"hu_HU","og_type":"article","og_title":"8 tipp, ha nagy es\u0151ben ker\u00e9kp\u00e1rozol","og_description":"M\u00e1r sokszor besz\u00e9lt\u00fcnk az es\u0151ben, h\u00f3ban \u00e9s zivatarban t\u00f6rt\u00e9n\u0151 bicikliz\u00e9sr\u0151l. Azonban m\u00e9g nem t\u00e1rgyaltuk az extr\u00e9m helyzeteket. Van egy kis k\u00fcl\u00f6nbs\u00e9g a szit\u00e1l\u00f3 es\u0151 \u00e9s a szakad\u00f3 z\u00e1por k\u00f6z\u00f6tt. Mivel a viharokr\u00f3l m\u00e1r \u00edrtunk kor\u00e1bban, ma nem a vill\u00e1mokra koncentr\u00e1lunk, hanem arra, amikor sz\u00f3 szerint megny\u00edlik felett\u00fcnk az \u00e9g.","og_url":"https:\/\/www.welovecycling.com\/hu\/trekking-mtb\/8-tipp-ha-nagy-esoben-kerekparozol\/","og_site_name":"\u0160koda We Love Cycling - Magyarorsz\u00e1g","article_publisher":"https:\/\/www.facebook.com\/WeLoveCyclingHungary\/","article_published_time":"2024-06-18T06:00:20+00:00","og_image":[{"width":990,"height":660,"url":"https:\/\/d2p6e6u75xmxt8.cloudfront.net\/12\/2024\/06\/Cyclist-in-Rain-profimedia-0877048459-CVR.webp","type":"image\/webp"}],"author":"hegyizs","twitter_card":"summary_large_image","twitter_misc":{"Written by":"Martin Atanasov","Est. reading time":"5"},"schema":{"@context":"https:\/\/schema.org","@graph":[{"@type":"WebPage","@id":"https:\/\/www.welovecycling.com\/hu\/trekking-mtb\/8-tipp-ha-nagy-esoben-kerekparozol\/","url":"https:\/\/www.welovecycling.com\/hu\/trekking-mtb\/8-tipp-ha-nagy-esoben-kerekparozol\/","name":"8 tipp, ha nagy es\u0151ben ker\u00e9kp\u00e1rozol","isPartOf":{"@id":"https:\/\/www.welovecycling.com\/hu\/#website"},"primaryImageOfPage":{"@id":"https:\/\/www.welovecycling.com\/hu\/trekking-mtb\/8-tipp-ha-nagy-esoben-kerekparozol\/#primaryimage"},"image":{"@id":"https:\/\/www.welovecycling.com\/hu\/trekking-mtb\/8-tipp-ha-nagy-esoben-kerekparozol\/#primaryimage"},"thumbnailUrl":"https:\/\/d2p6e6u75xmxt8.cloudfront.net\/12\/2024\/06\/Cyclist-in-Rain-profimedia-0877048459-CVR.webp","datePublished":"2024-06-18T06:00:20+00:00","author":{"@id":"https:\/\/www.welovecycling.com\/hu\/#\/schema\/person\/414a2aebf1801691a5320edb6468e194"},"description":"M\u00e1r sokszor besz\u00e9lt\u00fcnk az es\u0151ben, h\u00f3ban \u00e9s zivatarban t\u00f6rt\u00e9n\u0151 bicikliz\u00e9sr\u0151l. Azonban m\u00e9g nem t\u00e1rgyaltuk az extr\u00e9m helyzeteket. Van egy kis k\u00fcl\u00f6nbs\u00e9g a szit\u00e1l\u00f3 es\u0151 \u00e9s a szakad\u00f3 z\u00e1por k\u00f6z\u00f6tt. Mivel a viharokr\u00f3l m\u00e1r \u00edrtunk kor\u00e1bban, ma nem a vill\u00e1mokra koncentr\u00e1lunk, hanem arra, amikor sz\u00f3 szerint megny\u00edlik felett\u00fcnk az \u00e9g.","breadcrumb":{"@id":"https:\/\/www.welovecycling.com\/hu\/trekking-mtb\/8-tipp-ha-nagy-esoben-kerekparozol\/#breadcrumb"},"inLanguage":"hu","potentialAction":[{"@type":"ReadAction","target":["https:\/\/www.welovecycling.com\/hu\/trekking-mtb\/8-tipp-ha-nagy-esoben-kerekparozol\/"]}]},{"@type":"ImageObject","inLanguage":"hu","@id":"https:\/\/www.welovecycling.com\/hu\/trekking-mtb\/8-tipp-ha-nagy-esoben-kerekparozol\/#primaryimage","url":"https:\/\/d2p6e6u75xmxt8.cloudfront.net\/12\/2024\/06\/Cyclist-in-Rain-profimedia-0877048459-CVR.webp","contentUrl":"https:\/\/d2p6e6u75xmxt8.cloudfront.net\/12\/2024\/06\/Cyclist-in-Rain-profimedia-0877048459-CVR.webp","width":990,"height":660,"caption":"Cyclist in rain"},{"@type":"BreadcrumbList","@id":"https:\/\/www.welovecycling.com\/hu\/trekking-mtb\/8-tipp-ha-nagy-esoben-kerekparozol\/#breadcrumb","itemListElement":[{"@type":"ListItem","position":1,"name":"Home","item":"https:\/\/www.welovecycling.com\/hu\/"},{"@type":"ListItem","position":2,"name":"8 tipp, ha nagy es\u0151ben ker\u00e9kp\u00e1rozol"}]},{"@type":"WebSite","@id":"https:\/\/www.welovecycling.com\/hu\/#website","url":"https:\/\/www.welovecycling.com\/hu\/","name":"\u0160koda We Love Cycling - Magyarorsz\u00e1g","description":"\u0160koda WeLoveCycling","potentialAction":[{"@type":"SearchAction","target":{"@type":"EntryPoint","urlTemplate":"https:\/\/www.welovecycling.com\/hu\/?s={search_term_string}"},"query-input":{"@type":"PropertyValueSpecification","valueRequired":true,"valueName":"search_term_string"}}],"inLanguage":"hu"},{"@type":"Person","@id":"https:\/\/www.welovecycling.com\/hu\/#\/schema\/person\/414a2aebf1801691a5320edb6468e194","name":"hegyizs","image":{"@type":"ImageObject","inLanguage":"hu","@id":"https:\/\/www.welovecycling.com\/hu\/#\/schema\/person\/image\/","url":"https:\/\/secure.gravatar.com\/avatar\/02cf8a7906b8cf90cecb4679defac7cfd33a1c2e3b88e4903d947f3bb58eedd3?s=96&d=mm&r=g","contentUrl":"https:\/\/secure.gravatar.com\/avatar\/02cf8a7906b8cf90cecb4679defac7cfd33a1c2e3b88e4903d947f3bb58eedd3?s=96&d=mm&r=g","caption":"hegyizs"},"url":"https:\/\/www.welovecycling.com\/hu\/author\/hegyizs\/"}]}},"_links":{"self":[{"href":"https:\/\/www.welovecycling.com\/hu\/wp-json\/wp\/v2\/posts\/18557","targetHints":{"allow":["GET"]}}],"collection":[{"href":"https:\/\/www.welovecycling.com\/hu\/wp-json\/wp\/v2\/posts"}],"about":[{"href":"https:\/\/www.welovecycling.com\/hu\/wp-json\/wp\/v2\/types\/post"}],"author":[{"embeddable":true,"href":"https:\/\/www.welovecycling.com\/hu\/wp-json\/wp\/v2\/users\/71"}],"replies":[{"embeddable":true,"href":"https:\/\/www.welovecycling.com\/hu\/wp-json\/wp\/v2\/comments?post=18557"}],"version-history":[{"count":2,"href":"https:\/\/www.welovecycling.com\/hu\/wp-json\/wp\/v2\/posts\/18557\/revisions"}],"predecessor-version":[{"id":18565,"href":"https:\/\/www.welovecycling.com\/hu\/wp-json\/wp\/v2\/posts\/18557\/revisions\/18565"}],"wp:featuredmedia":[{"embeddable":true,"href":"https:\/\/www.welovecycling.com\/hu\/wp-json\/wp\/v2\/media\/18556"}],"wp:attachment":[{"href":"https:\/\/www.welovecycling.com\/hu\/wp-json\/wp\/v2\/media?parent=18557"}],"wp:term":[{"taxonomy":"category","embeddable":true,"href":"https:\/\/www.welovecycling.com\/hu\/wp-json\/wp\/v2\/categories?post=18557"},{"taxonomy":"post_tag","embeddable":true,"href":"https:\/\/www.welovecycling.com\/hu\/wp-json\/wp\/v2\/tags?post=18557"},{"taxonomy":"global-categories","embeddable":true,"href":"https:\/\/www.welovecycling.com\/hu\/wp-json\/wp\/v2\/global-categories?post=18557"}],"curies":[{"name":"wp","href":"https:\/\/api.w.org\/{rel}","templated":true}]}}