{"id":18540,"date":"2024-06-11T08:00:43","date_gmt":"2024-06-11T06:00:43","guid":{"rendered":"https:\/\/www.welovecycling.com\/hu\/?p=18540"},"modified":"2024-06-04T14:46:39","modified_gmt":"2024-06-04T12:46:39","slug":"egy-avokado-minden-nap-nem-kell-orvos-nem-kell-pap","status":"publish","type":"post","link":"https:\/\/www.welovecycling.com\/hu\/edzes-es-eletmod\/egy-avokado-minden-nap-nem-kell-orvos-nem-kell-pap\/","title":{"rendered":"Egy avok\u00e1d\u00f3 minden nap, nem kell orvos, nem kell pap!"},"content":{"rendered":"<p><strong>Az avok\u00e1d\u00f3 tele van eg\u00e9szs\u00e9ges zs\u00edrokkal, rostokkal \u00e9s fontos t\u00e1panyagokkal. \u00c9rdemes beilleszteni az \u00e9trendedbe! De mi t\u00f6rt\u00e9nne, ha minden nap megenn\u00e9l egyet? Egy \u00faj tanulm\u00e1ny megvizsg\u00e1lta, hogyan hatna r\u00e1d ez az egyetlen v\u00e1ltoztat\u00e1s. \u00c9s az eredm\u00e9nyek meglep\u0151en pozit\u00edvak. N\u00e9zz\u00fck meg k\u00f6zelebbr\u0151l a tanulm\u00e1nyt \u00e9s azt, hogyan adhatsz t\u00f6bb avok\u00e1d\u00f3t az \u00e9trendedhez.<\/strong><\/p>\n<p><!--more--><\/p>\n<h2><strong>Az avok\u00e1d\u00f3 tele van fontos t\u00e1panyagokkal<\/strong><\/h2>\n<p><u><a href=\"https:\/\/www.welovecycling.com\/hu\/edzes-es-eletmod\/napi-egy-avokado-tavol-tartja-a-kardiologust\/\">Ahogy azt m\u00e1r k<\/a><a href=\"https:\/\/www.welovecycling.com\/hu\/edzes-es-eletmod\/napi-egy-avokado-tavol-tartja-a-kardiologust\/\">or\u00e1bbi cikk\u00fcnkben is \u00edrtuk<\/a><\/u>, az avok\u00e1d\u00f3 seg\u00edt cs\u00f6kkenteni a koleszterinszintet \u00e9s a sz\u00edv- \u00e9s \u00e9rrendszeri betegs\u00e9gek kock\u00e1zat\u00e1t. De az \u00faj tanulm\u00e1ny szerint az avok\u00e1d\u00f3 fogyaszt\u00e1s\u00e1nak el\u0151nyei messze t\u00falmutatnak ezen.<\/p>\n<p><em>\u201eAz avok\u00e1d\u00f3 t\u00e1panyagban gazdag \u00e9tel, sok rostot \u00e9s m\u00e1s fontos t\u00e1panyagot tartalmaz. Szerett\u00fck volna l\u00e1tni, hogy a rendszeres fogyaszt\u00e1sa n\u00f6veli-e az \u00e9trend min\u0151s\u00e9g\u00e9t. Kor\u00e1bbi kutat\u00e1sok azt mutatt\u00e1k, hogy az avok\u00e1d\u00f3 szerelmesei magasabb \u00e9trendmin\u0151s\u00e9ggel rendelkeznek, mint azok, akik nem fogyasztj\u00e1k. Ez\u00e9rt k\u00e9sz\u00edtett\u00fck ezt a tanulm\u00e1nyt, hogy meghat\u00e1rozzuk, van-e okozati \u00f6sszef\u00fcgg\u00e9s az avok\u00e1d\u00f3 fogyaszt\u00e1sa \u00e9s az \u00e1ltal\u00e1nos \u00e9trend min\u0151s\u00e9ge k\u00f6z\u00f6tt\u201d<\/em> \u2013 mondta a tanulm\u00e1ny vezet\u0151 szerz\u0151je, Dr. Kristina Petersen, a Penn State Egyetemr\u0151l.<\/p>\n<p>A tanulm\u00e1ny t\u00f6bb mint 1000 r\u00e9sztvev\u0151vel val\u00f3sult meg, akiket k\u00e9t csoportra osztottak. Az egyik csoport folytatta a szok\u00e1sos \u00e9trendj\u00e9t, mely nem tartalmazott avok\u00e1d\u00f3t. A m\u00e1sik csoportnak azt az utas\u00edt\u00e1st adt\u00e1k, hogy napi egy avok\u00e1d\u00f3t illesszenek be az \u00e9trendj\u00fckbe.<\/p>\n<p>A kutat\u00f3k 26 h\u00e9ten kereszt\u00fcl k\u00f6vett\u00e9k nyomon a r\u00e9sztvev\u0151ket, \u00e9s telefonos interj\u00fakat k\u00e9sz\u00edtettek vel\u00fck, hogy meghat\u00e1rozz\u00e1k, mit ettek az elm\u00falt 24 \u00f3r\u00e1ban. Az \u00e9trendj\u00fcket az Eg\u00e9szs\u00e9ges \u00c9tkez\u00e9si Index seg\u00edts\u00e9g\u00e9vel is \u00e9rt\u00e9kelt\u00e9k, hogy l\u00e1ss\u00e1k, mennyire tartj\u00e1k be az amerikai \u00e9trendi ir\u00e1nyelveket.<\/p>\n<figure id=\"attachment_16190\" aria-describedby=\"caption-attachment-16190\" style=\"width: 1280px\" class=\"wp-caption alignnone\"><a href=\"https:\/\/d2p6e6u75xmxt8.cloudfront.net\/12\/2022\/09\/avocado-pexels-142890.jpg\"><img loading=\"lazy\" decoding=\"async\" class=\"wp-image-16190 size-full\" src=\"https:\/\/d2p6e6u75xmxt8.cloudfront.net\/12\/2022\/09\/avocado-pexels-142890.jpg\" alt=\"Avocado\" width=\"1280\" height=\"853\" srcset=\"https:\/\/d2p6e6u75xmxt8.cloudfront.net\/12\/2022\/09\/avocado-pexels-142890.jpg 1280w, https:\/\/d2p6e6u75xmxt8.cloudfront.net\/12\/2022\/09\/avocado-pexels-142890-300x200.jpg 300w, https:\/\/d2p6e6u75xmxt8.cloudfront.net\/12\/2022\/09\/avocado-pexels-142890-1024x682.jpg 1024w, https:\/\/d2p6e6u75xmxt8.cloudfront.net\/12\/2022\/09\/avocado-pexels-142890-768x512.jpg 768w, https:\/\/d2p6e6u75xmxt8.cloudfront.net\/12\/2022\/09\/avocado-pexels-142890-272x182.jpg 272w\" sizes=\"auto, (max-width: 1280px) 100vw, 1280px\" \/><\/a><figcaption id=\"caption-attachment-16190\" class=\"wp-caption-text\">A kutat\u00e1s szerint napi egy avok\u00e1d\u00f3 seg\u00edt egy eg\u00e9szs\u00e9gesebb \u00e9trendet k\u00f6vetni.<\/figcaption><\/figure>\n<h2><strong>Az avok\u00e1d\u00f3k jav\u00edtott\u00e1k az \u00e9trendi ir\u00e1nyelvek betart\u00e1s\u00e1t<\/strong><\/h2>\n<p><em>\u201eArra jutottunk, hogy azok a r\u00e9sztvev\u0151k, akik napi egy avok\u00e1d\u00f3t fogyasztottak, jelent\u0151sen jobban betartott\u00e1k az ir\u00e1nyelveket.\u201d <\/em>\u2013 mondta Petersen.<\/p>\n<p>Ez az\u00e9rt fontos, mert a rossz \u00e9trendmin\u0151s\u00e9g jelent\u0151s kock\u00e1zati t\u00e9nyez\u0151 olyan betegs\u00e9gek eset\u00e9ben, mint a sz\u00edvbetegs\u00e9g, a 2-es t\u00edpus\u00fa cukorbetegs\u00e9g, a vesebetegs\u00e9g \u00e9s m\u00e1s megel\u0151zhet\u0151 betegs\u00e9gek.<\/p>\n<h2><strong>Az avok\u00e1d\u00f3 kiszor\u00edtotta az eg\u00e9szs\u00e9gtelenebb \u00e9teleket<\/strong><\/h2>\n<p>Az \u00e9trend javul\u00e1sa nem volt meglep\u0151 eredm\u00e9ny. Ha \u00faj, eg\u00e9szs\u00e9ges \u00e9teleket adunk az \u00e9trend\u00fcnkh\u00f6z, mint amilyen az avok\u00e1d\u00f3, az v\u00e1rhat\u00f3an ilyen eredm\u00e9nyekkel j\u00e1r. De a kutat\u00f3k k\u00f6zelebbi vizsg\u00e1lat ut\u00e1n azt tal\u00e1lt\u00e1k, hogy az avok\u00e1d\u00f3s csoport \u00e9trendje m\u00e1s m\u00f3don is javult. A k\u00f6vetkez\u0151 v\u00e1ltoz\u00e1sokat tapasztalt\u00e1k:<\/p>\n<ul>\n<li>T\u00f6bb z\u00f6lds\u00e9g<\/li>\n<li>Kevesebb hozz\u00e1adott cukor<\/li>\n<li>Kevesebb finom\u00edtott gabona<\/li>\n<li>T\u00f6bb eg\u00e9szs\u00e9ges zs\u00edr \u00e9s kevesebb eg\u00e9szs\u00e9gtelen zs\u00edr<\/li>\n<li>Kevesebb n\u00e1trium<\/li>\n<\/ul>\n<p><em>\u201eMeg\u00e1llap\u00edtottuk, hogy a r\u00e9sztvev\u0151k az avok\u00e1d\u00f3t n\u00e9h\u00e1ny finom\u00edtott gabon\u00e1t \u00e9s n\u00e1triumot tartalmaz\u00f3 \u00e9tel helyettes\u00edt\u00e9s\u00e9re haszn\u00e1lt\u00e1k. A tanulm\u00e1nyunkban az avok\u00e1d\u00f3t z\u00f6lds\u00e9gk\u00e9nt kategoriz\u00e1ltuk, \u00e9s a z\u00f6lds\u00e9gfogyaszt\u00e1s az avok\u00e1d\u00f3 bevitel\u00e9nek k\u00f6sz\u00f6nhet\u0151en val\u00f3ban n\u00f6vekedett, de a r\u00e9sztvev\u0151k arra is haszn\u00e1lt\u00e1k, hogy n\u00e9h\u00e1ny eg\u00e9szs\u00e9gtelenebb lehet\u0151s\u00e9get helyettes\u00edtsenek\u201d<\/em> \u2013 mondta Petersen.<\/p>\n<h2><strong>Hogyan adhatjuk hozz\u00e1 az avok\u00e1d\u00f3t az \u00e9trend\u00fcnkh\u00f6z?<\/strong><\/h2>\n<p>Nagyon biztat\u00f3 l\u00e1tni, hogy egy egyszer\u0171 v\u00e1ltoztat\u00e1s\u00a0 ennyire pozit\u00edv hat\u00e1ssal lehet arra, hogy mit eszel, \u00e9s ez\u00e1ltal a betegs\u00e9gek kock\u00e1zat\u00e1ra is. Ha fontolgatod, hogy kipr\u00f3b\u00e1lod ezt a k\u00eds\u00e9rletet, itt van n\u00e9h\u00e1ny \u00f6tlet, hogyan vezess be t\u00f6bb avok\u00e1d\u00f3t az \u00e9trendedbe:<\/p>\n<p>A toj\u00e1ssal t\u00f6lt\u00f6tt s\u00fclt avok\u00e1d\u00f3 nagyon n\u00e9pszer\u0171 avok\u00e1d\u00f3-alap\u00fa \u00e9tel, amely remek k\u00f6ret b\u00e1rmely napi f\u0151 \u00e9tkez\u00e9shez vagy ak\u00e1r snackk\u00e9nt is fogyaszthatod. R\u00e1ad\u00e1sul nagyon j\u00f3l n\u00e9z ki! <u><a href=\"https:\/\/gymbeam.hu\/blog\/fitness-recept-tojassal-toltott-avokado-hajok\/\">Receptet itt tal\u00e1lsz hozz\u00e1<\/a><\/u>. Nagyon gyorsan elk\u00e9sz\u00edthet\u0151 \u00e9s szuper \u00edzletes. <u><a href=\"https:\/\/cookpad.com\/hu\/kereses\/avok%C3%A1d%C3%B3%20toj%C3%A1s\">Rengeteg avok\u00e1d\u00f3s \u00e9tel <\/a><\/u>\u00f6nmag\u00e1ban is laktat\u00f3, \u00edgy fogyaszthatod finom\u00edtott gabon\u00e1t vagy hozz\u00e1adott cukrot tartalmaz\u00f3 \u00e9telek helyett -, \u00e9s pontosan \u00edgy javul az \u00e9trended \u00e9tkez\u00e9sr\u0151l \u00e9tkez\u00e9sre!<\/p>\n<p>Az avok\u00e1d\u00f3 a h\u00edres <u><a href=\"https:\/\/streetkitchen.hu\/vegetarianus-etelek\/igy-keszul-a-legjobb-hazi-guacamole\/\">guacamole<\/a><\/u> f\u0151 \u00f6sszetev\u0151je is. Haszn\u00e1lhatod m\u00e1rt\u00e1sk\u00e9nt, kr\u00e9mk\u00e9nt vagy sal\u00e1tak\u00e9nt. Olyan sok \u00e9telhez illik, hogy biztosan ez lesz az els\u0151dleges avok\u00e1d\u00f3s-recepted!<\/p>\n","protected":false},"excerpt":{"rendered":"<p>Az avok\u00e1d\u00f3 tele van eg\u00e9szs\u00e9ges zs\u00edrokkal, rostokkal \u00e9s fontos t\u00e1panyagokkal. \u00c9rdemes beilleszteni az \u00e9trendedbe! De mi t\u00f6rt\u00e9nne, ha minden nap [&hellip;]<\/p>\n","protected":false},"author":71,"featured_media":18542,"comment_status":"open","ping_status":"open","sticky":false,"template":"","format":"standard","meta":{"footnotes":""},"categories":[6],"tags":[],"global-categories":[],"class_list":["post-18540","post","type-post","status-publish","format-standard","has-post-thumbnail","hentry","category-edzes-es-eletmod"],"yoast_head":"<!-- This site is optimized with the Yoast SEO Premium plugin v25.3 (Yoast SEO v25.9) - https:\/\/yoast.com\/wordpress\/plugins\/seo\/ -->\n<title>Egy avok\u00e1d\u00f3 minden nap, nem kell orvos, nem kell pap!<\/title>\n<meta name=\"robots\" content=\"index, follow, max-snippet:-1, max-image-preview:large, max-video-preview:-1\" \/>\n<link rel=\"canonical\" href=\"https:\/\/www.welovecycling.com\/hu\/edzes-es-eletmod\/egy-avokado-minden-nap-nem-kell-orvos-nem-kell-pap\/\" \/>\n<meta property=\"og:locale\" content=\"hu_HU\" \/>\n<meta property=\"og:type\" content=\"article\" \/>\n<meta property=\"og:title\" content=\"Egy avok\u00e1d\u00f3 minden nap, nem kell orvos, nem kell pap!\" \/>\n<meta property=\"og:description\" content=\"Az avok\u00e1d\u00f3 tele van eg\u00e9szs\u00e9ges zs\u00edrokkal, rostokkal \u00e9s fontos t\u00e1panyagokkal. \u00c9rdemes beilleszteni az \u00e9trendedbe! De mi t\u00f6rt\u00e9nne, ha minden nap [&hellip;]\" \/>\n<meta property=\"og:url\" content=\"https:\/\/www.welovecycling.com\/hu\/edzes-es-eletmod\/egy-avokado-minden-nap-nem-kell-orvos-nem-kell-pap\/\" \/>\n<meta property=\"og:site_name\" content=\"\u0160koda We Love Cycling - Magyarorsz\u00e1g\" \/>\n<meta property=\"article:publisher\" content=\"https:\/\/www.facebook.com\/WeLoveCyclingHungary\/\" \/>\n<meta property=\"article:published_time\" content=\"2024-06-11T06:00:43+00:00\" \/>\n<meta property=\"og:image\" content=\"https:\/\/d2p6e6u75xmxt8.cloudfront.net\/12\/2024\/06\/Avocado-Toast-profimedia-0874077114-CVR.webp\" \/>\n\t<meta property=\"og:image:width\" content=\"990\" \/>\n\t<meta property=\"og:image:height\" content=\"660\" \/>\n\t<meta property=\"og:image:type\" content=\"image\/webp\" \/>\n<meta name=\"author\" content=\"hegyizs\" \/>\n<meta name=\"twitter:card\" content=\"summary_large_image\" \/>\n<meta name=\"twitter:label1\" content=\"Written by\" \/>\n\t<meta name=\"twitter:data1\" content=\"Jiri Kaloc\" \/>\n\t<meta name=\"twitter:label2\" content=\"Est. reading time\" \/>\n\t<meta name=\"twitter:data2\" content=\"4\" \/>\n<script type=\"application\/ld+json\" class=\"yoast-schema-graph\">{\"@context\":\"https:\/\/schema.org\",\"@graph\":[{\"@type\":\"WebPage\",\"@id\":\"https:\/\/www.welovecycling.com\/hu\/edzes-es-eletmod\/egy-avokado-minden-nap-nem-kell-orvos-nem-kell-pap\/\",\"url\":\"https:\/\/www.welovecycling.com\/hu\/edzes-es-eletmod\/egy-avokado-minden-nap-nem-kell-orvos-nem-kell-pap\/\",\"name\":\"Egy avok\u00e1d\u00f3 minden nap, nem kell orvos, nem kell pap!\",\"isPartOf\":{\"@id\":\"https:\/\/www.welovecycling.com\/hu\/#website\"},\"primaryImageOfPage\":{\"@id\":\"https:\/\/www.welovecycling.com\/hu\/edzes-es-eletmod\/egy-avokado-minden-nap-nem-kell-orvos-nem-kell-pap\/#primaryimage\"},\"image\":{\"@id\":\"https:\/\/www.welovecycling.com\/hu\/edzes-es-eletmod\/egy-avokado-minden-nap-nem-kell-orvos-nem-kell-pap\/#primaryimage\"},\"thumbnailUrl\":\"https:\/\/d2p6e6u75xmxt8.cloudfront.net\/12\/2024\/06\/Avocado-Toast-profimedia-0874077114-CVR.webp\",\"datePublished\":\"2024-06-11T06:00:43+00:00\",\"author\":{\"@id\":\"https:\/\/www.welovecycling.com\/hu\/#\/schema\/person\/414a2aebf1801691a5320edb6468e194\"},\"breadcrumb\":{\"@id\":\"https:\/\/www.welovecycling.com\/hu\/edzes-es-eletmod\/egy-avokado-minden-nap-nem-kell-orvos-nem-kell-pap\/#breadcrumb\"},\"inLanguage\":\"hu\",\"potentialAction\":[{\"@type\":\"ReadAction\",\"target\":[\"https:\/\/www.welovecycling.com\/hu\/edzes-es-eletmod\/egy-avokado-minden-nap-nem-kell-orvos-nem-kell-pap\/\"]}]},{\"@type\":\"ImageObject\",\"inLanguage\":\"hu\",\"@id\":\"https:\/\/www.welovecycling.com\/hu\/edzes-es-eletmod\/egy-avokado-minden-nap-nem-kell-orvos-nem-kell-pap\/#primaryimage\",\"url\":\"https:\/\/d2p6e6u75xmxt8.cloudfront.net\/12\/2024\/06\/Avocado-Toast-profimedia-0874077114-CVR.webp\",\"contentUrl\":\"https:\/\/d2p6e6u75xmxt8.cloudfront.net\/12\/2024\/06\/Avocado-Toast-profimedia-0874077114-CVR.webp\",\"width\":990,\"height\":660,\"caption\":\"Avocado toast\"},{\"@type\":\"BreadcrumbList\",\"@id\":\"https:\/\/www.welovecycling.com\/hu\/edzes-es-eletmod\/egy-avokado-minden-nap-nem-kell-orvos-nem-kell-pap\/#breadcrumb\",\"itemListElement\":[{\"@type\":\"ListItem\",\"position\":1,\"name\":\"Home\",\"item\":\"https:\/\/www.welovecycling.com\/hu\/\"},{\"@type\":\"ListItem\",\"position\":2,\"name\":\"Egy avok\u00e1d\u00f3 minden nap, nem kell orvos, nem kell pap!\"}]},{\"@type\":\"WebSite\",\"@id\":\"https:\/\/www.welovecycling.com\/hu\/#website\",\"url\":\"https:\/\/www.welovecycling.com\/hu\/\",\"name\":\"\u0160koda We Love Cycling - Magyarorsz\u00e1g\",\"description\":\"\u0160koda WeLoveCycling\",\"potentialAction\":[{\"@type\":\"SearchAction\",\"target\":{\"@type\":\"EntryPoint\",\"urlTemplate\":\"https:\/\/www.welovecycling.com\/hu\/?s={search_term_string}\"},\"query-input\":{\"@type\":\"PropertyValueSpecification\",\"valueRequired\":true,\"valueName\":\"search_term_string\"}}],\"inLanguage\":\"hu\"},{\"@type\":\"Person\",\"@id\":\"https:\/\/www.welovecycling.com\/hu\/#\/schema\/person\/414a2aebf1801691a5320edb6468e194\",\"name\":\"hegyizs\",\"image\":{\"@type\":\"ImageObject\",\"inLanguage\":\"hu\",\"@id\":\"https:\/\/www.welovecycling.com\/hu\/#\/schema\/person\/image\/\",\"url\":\"https:\/\/secure.gravatar.com\/avatar\/02cf8a7906b8cf90cecb4679defac7cfd33a1c2e3b88e4903d947f3bb58eedd3?s=96&d=mm&r=g\",\"contentUrl\":\"https:\/\/secure.gravatar.com\/avatar\/02cf8a7906b8cf90cecb4679defac7cfd33a1c2e3b88e4903d947f3bb58eedd3?s=96&d=mm&r=g\",\"caption\":\"hegyizs\"},\"url\":\"https:\/\/www.welovecycling.com\/hu\/author\/hegyizs\/\"}]}<\/script>\n<!-- \/ Yoast SEO Premium plugin. -->","yoast_head_json":{"title":"Egy avok\u00e1d\u00f3 minden nap, nem kell orvos, nem kell pap!","robots":{"index":"index","follow":"follow","max-snippet":"max-snippet:-1","max-image-preview":"max-image-preview:large","max-video-preview":"max-video-preview:-1"},"canonical":"https:\/\/www.welovecycling.com\/hu\/edzes-es-eletmod\/egy-avokado-minden-nap-nem-kell-orvos-nem-kell-pap\/","og_locale":"hu_HU","og_type":"article","og_title":"Egy avok\u00e1d\u00f3 minden nap, nem kell orvos, nem kell pap!","og_description":"Az avok\u00e1d\u00f3 tele van eg\u00e9szs\u00e9ges zs\u00edrokkal, rostokkal \u00e9s fontos t\u00e1panyagokkal. \u00c9rdemes beilleszteni az \u00e9trendedbe! De mi t\u00f6rt\u00e9nne, ha minden nap [&hellip;]","og_url":"https:\/\/www.welovecycling.com\/hu\/edzes-es-eletmod\/egy-avokado-minden-nap-nem-kell-orvos-nem-kell-pap\/","og_site_name":"\u0160koda We Love Cycling - Magyarorsz\u00e1g","article_publisher":"https:\/\/www.facebook.com\/WeLoveCyclingHungary\/","article_published_time":"2024-06-11T06:00:43+00:00","og_image":[{"width":990,"height":660,"url":"https:\/\/d2p6e6u75xmxt8.cloudfront.net\/12\/2024\/06\/Avocado-Toast-profimedia-0874077114-CVR.webp","type":"image\/webp"}],"author":"hegyizs","twitter_card":"summary_large_image","twitter_misc":{"Written by":"Jiri Kaloc","Est. reading time":"4"},"schema":{"@context":"https:\/\/schema.org","@graph":[{"@type":"WebPage","@id":"https:\/\/www.welovecycling.com\/hu\/edzes-es-eletmod\/egy-avokado-minden-nap-nem-kell-orvos-nem-kell-pap\/","url":"https:\/\/www.welovecycling.com\/hu\/edzes-es-eletmod\/egy-avokado-minden-nap-nem-kell-orvos-nem-kell-pap\/","name":"Egy avok\u00e1d\u00f3 minden nap, nem kell orvos, nem kell pap!","isPartOf":{"@id":"https:\/\/www.welovecycling.com\/hu\/#website"},"primaryImageOfPage":{"@id":"https:\/\/www.welovecycling.com\/hu\/edzes-es-eletmod\/egy-avokado-minden-nap-nem-kell-orvos-nem-kell-pap\/#primaryimage"},"image":{"@id":"https:\/\/www.welovecycling.com\/hu\/edzes-es-eletmod\/egy-avokado-minden-nap-nem-kell-orvos-nem-kell-pap\/#primaryimage"},"thumbnailUrl":"https:\/\/d2p6e6u75xmxt8.cloudfront.net\/12\/2024\/06\/Avocado-Toast-profimedia-0874077114-CVR.webp","datePublished":"2024-06-11T06:00:43+00:00","author":{"@id":"https:\/\/www.welovecycling.com\/hu\/#\/schema\/person\/414a2aebf1801691a5320edb6468e194"},"breadcrumb":{"@id":"https:\/\/www.welovecycling.com\/hu\/edzes-es-eletmod\/egy-avokado-minden-nap-nem-kell-orvos-nem-kell-pap\/#breadcrumb"},"inLanguage":"hu","potentialAction":[{"@type":"ReadAction","target":["https:\/\/www.welovecycling.com\/hu\/edzes-es-eletmod\/egy-avokado-minden-nap-nem-kell-orvos-nem-kell-pap\/"]}]},{"@type":"ImageObject","inLanguage":"hu","@id":"https:\/\/www.welovecycling.com\/hu\/edzes-es-eletmod\/egy-avokado-minden-nap-nem-kell-orvos-nem-kell-pap\/#primaryimage","url":"https:\/\/d2p6e6u75xmxt8.cloudfront.net\/12\/2024\/06\/Avocado-Toast-profimedia-0874077114-CVR.webp","contentUrl":"https:\/\/d2p6e6u75xmxt8.cloudfront.net\/12\/2024\/06\/Avocado-Toast-profimedia-0874077114-CVR.webp","width":990,"height":660,"caption":"Avocado toast"},{"@type":"BreadcrumbList","@id":"https:\/\/www.welovecycling.com\/hu\/edzes-es-eletmod\/egy-avokado-minden-nap-nem-kell-orvos-nem-kell-pap\/#breadcrumb","itemListElement":[{"@type":"ListItem","position":1,"name":"Home","item":"https:\/\/www.welovecycling.com\/hu\/"},{"@type":"ListItem","position":2,"name":"Egy avok\u00e1d\u00f3 minden nap, nem kell orvos, nem kell pap!"}]},{"@type":"WebSite","@id":"https:\/\/www.welovecycling.com\/hu\/#website","url":"https:\/\/www.welovecycling.com\/hu\/","name":"\u0160koda We Love Cycling - Magyarorsz\u00e1g","description":"\u0160koda WeLoveCycling","potentialAction":[{"@type":"SearchAction","target":{"@type":"EntryPoint","urlTemplate":"https:\/\/www.welovecycling.com\/hu\/?s={search_term_string}"},"query-input":{"@type":"PropertyValueSpecification","valueRequired":true,"valueName":"search_term_string"}}],"inLanguage":"hu"},{"@type":"Person","@id":"https:\/\/www.welovecycling.com\/hu\/#\/schema\/person\/414a2aebf1801691a5320edb6468e194","name":"hegyizs","image":{"@type":"ImageObject","inLanguage":"hu","@id":"https:\/\/www.welovecycling.com\/hu\/#\/schema\/person\/image\/","url":"https:\/\/secure.gravatar.com\/avatar\/02cf8a7906b8cf90cecb4679defac7cfd33a1c2e3b88e4903d947f3bb58eedd3?s=96&d=mm&r=g","contentUrl":"https:\/\/secure.gravatar.com\/avatar\/02cf8a7906b8cf90cecb4679defac7cfd33a1c2e3b88e4903d947f3bb58eedd3?s=96&d=mm&r=g","caption":"hegyizs"},"url":"https:\/\/www.welovecycling.com\/hu\/author\/hegyizs\/"}]}},"_links":{"self":[{"href":"https:\/\/www.welovecycling.com\/hu\/wp-json\/wp\/v2\/posts\/18540","targetHints":{"allow":["GET"]}}],"collection":[{"href":"https:\/\/www.welovecycling.com\/hu\/wp-json\/wp\/v2\/posts"}],"about":[{"href":"https:\/\/www.welovecycling.com\/hu\/wp-json\/wp\/v2\/types\/post"}],"author":[{"embeddable":true,"href":"https:\/\/www.welovecycling.com\/hu\/wp-json\/wp\/v2\/users\/71"}],"replies":[{"embeddable":true,"href":"https:\/\/www.welovecycling.com\/hu\/wp-json\/wp\/v2\/comments?post=18540"}],"version-history":[{"count":2,"href":"https:\/\/www.welovecycling.com\/hu\/wp-json\/wp\/v2\/posts\/18540\/revisions"}],"predecessor-version":[{"id":18543,"href":"https:\/\/www.welovecycling.com\/hu\/wp-json\/wp\/v2\/posts\/18540\/revisions\/18543"}],"wp:featuredmedia":[{"embeddable":true,"href":"https:\/\/www.welovecycling.com\/hu\/wp-json\/wp\/v2\/media\/18542"}],"wp:attachment":[{"href":"https:\/\/www.welovecycling.com\/hu\/wp-json\/wp\/v2\/media?parent=18540"}],"wp:term":[{"taxonomy":"category","embeddable":true,"href":"https:\/\/www.welovecycling.com\/hu\/wp-json\/wp\/v2\/categories?post=18540"},{"taxonomy":"post_tag","embeddable":true,"href":"https:\/\/www.welovecycling.com\/hu\/wp-json\/wp\/v2\/tags?post=18540"},{"taxonomy":"global-categories","embeddable":true,"href":"https:\/\/www.welovecycling.com\/hu\/wp-json\/wp\/v2\/global-categories?post=18540"}],"curies":[{"name":"wp","href":"https:\/\/api.w.org\/{rel}","templated":true}]}}