{"id":18536,"date":"2024-06-04T14:42:57","date_gmt":"2024-06-04T12:42:57","guid":{"rendered":"https:\/\/www.welovecycling.com\/hu\/?p=18536"},"modified":"2024-06-04T14:42:57","modified_gmt":"2024-06-04T12:42:57","slug":"velemenycikk-pogacar-pogacar-pogacar-es-nehany-egyeb-eszrevetel-a-2024-es-giro-rol","status":"publish","type":"post","link":"https:\/\/www.welovecycling.com\/hu\/orszaguti-kerekpar\/velemenycikk-pogacar-pogacar-pogacar-es-nehany-egyeb-eszrevetel-a-2024-es-giro-rol\/","title":{"rendered":"V\u00e9lem\u00e9nycikk: Poga\u010dar, Poga\u010dar, Poga\u010dar \u00e9s n\u00e9h\u00e1ny egy\u00e9b \u00e9szrev\u00e9tel a 2024-es Giro-r\u00f3l"},"content":{"rendered":"<p><strong>Rengetegen rengetegszer \u00edrtak m\u00e1r Tadej Poga\u010dar zsenialit\u00e1s\u00e1r\u00f3l a Giro d\u2019Italia h\u00e1rom hete alatt. \u00c9s teljesen jogosan: az idei teljes\u00edtm\u00e9nye m\u00e1ris \u00e9l\u0151 legend\u00e1v\u00e1 emelte a szlov\u00e9n szt\u00e1rt.<\/strong><\/p>\n<p><!--more--><\/p>\n<p>Nem akarjuk szapor\u00edtani a sz\u00f3t, hiszen csak ism\u00e9telni tudn\u00e1nk \u00f6nmagunkat \u00e9s a bring\u00e1s sajt\u00f3t. Csak n\u00e9h\u00e1ny t\u00e9nyt szeretn\u00e9nk megeml\u00edteni az els\u0151 Giro verseny\u00e9r\u0151l.<\/p>\n<p>Nemcsak hatalmas tehets\u00e9ge, \u00e1ll\u00f3k\u00e9pess\u00e9ge, b\u00e1tors\u00e1ga \u00e9s a gy\u0151zelem ir\u00e1nti moh\u00f3 \u00e9tv\u00e1gya k\u00fcl\u00f6nb\u00f6zteti meg a 26 \u00e9ves szlov\u00e9n versenyz\u0151t a t\u00f6bbi ker\u00e9kp\u00e1rost\u00f3l. \u00c9s ezt az\u00e9rt mondjuk, mert l\u00e1ttuk, hogy mi t\u00f6rt\u00e9nt a 20. szakasz v\u00e9ge fel\u00e9, amikor Poga\u010dar 2 perces el\u0151nnyel v\u00e1gtatott egy \u00fajabb &#8211; a hatodik &#8211; k\u00f6nny\u0171 szakaszgy\u0151zelem fel\u00e9.<\/p>\n<p>Mint \u00e1ltal\u00e1ban, egy kis GC-aspir\u00e1nsok csoportj\u00e1t\u00f3l sz\u00f6k\u00f6tt meg a Monte Grappa m\u00e1sodik neh\u00e9z emelked\u0151j\u00e9n (18,1 km, 8,1%, 15%-os r\u00e1mp\u00e1kkal), 36 km-re a c\u00e9lvonalt\u00f3l. Nagyon megterhel\u0151 volt ez a h\u00e1rom (b\u00e1r Poga\u010dar gyakran \u00fagy t\u0171nt, mintha egy h\u00e9tv\u00e9gi rekre\u00e1ci\u00f3s t\u00far\u00e1n lenne), \u00e9s a k\u00e9t Monte Grappa emelked\u0151 mindenkit megviselt.<\/p>\n<p>Az 184 km-es szakaszb\u00f3l m\u00e9g 21 km h\u00e1tra volt, amikor egy k\u00f6r\u00fclbel\u00fcl 12 \u00e9ves fi\u00fa csatlakozott a versenyz\u0151h\u00f6z \u00e9s mellette futott egy egyenes \u00fatszakaszon, nyilv\u00e1nval\u00f3an az\u00e9rt, hogy kifejezze csod\u00e1lat\u00e1t a szt\u00e1r ir\u00e1nt. Poga\u010dar lass\u00edtott, elkapott egy vizes palackot az \u00fat sz\u00e9l\u00e9n \u00e1ll\u00f3 UAE Team Emirates seg\u00edt\u0151j\u00e9t\u0151l, \u00e9s egy gyors \u00e9s eleg\u00e1ns mozdulattal, an\u00e9lk\u00fcl hogy meg\u00e1llt volna, \u00e1tadta azt a fi\u00fanak (akit szint\u00e9n dics\u00e9ret illet kitart\u00e1s\u00e1\u00e9rt).<\/p>\n<blockquote class=\"instagram-media\" style=\"background: #FFF; border: 0; border-radius: 3px; box-shadow: 0 0 1px 0 rgba(0,0,0,0.5),0 1px 10px 0 rgba(0,0,0,0.15); margin: 1px; max-width: 540px; min-width: 326px; padding: 0; width: calc(100% - 2px);\" data-instgrm-captioned=\"\" data-instgrm-permalink=\"https:\/\/www.instagram.com\/reel\/C7ZT2lwIXQ3\/?utm_source=ig_embed&amp;utm_campaign=loading\" data-instgrm-version=\"14\">\n<div style=\"padding: 16px;\">\n<p>&nbsp;<\/p>\n<div style=\"display: flex; flex-direction: row; align-items: center;\">\n<div style=\"background-color: #f4f4f4; border-radius: 50%; flex-grow: 0; height: 40px; margin-right: 14px; width: 40px;\"><\/div>\n<div style=\"display: flex; flex-direction: column; flex-grow: 1; justify-content: center;\">\n<div style=\"background-color: #f4f4f4; border-radius: 4px; flex-grow: 0; height: 14px; margin-bottom: 6px; width: 100px;\"><\/div>\n<div style=\"background-color: #f4f4f4; border-radius: 4px; flex-grow: 0; height: 14px; width: 60px;\"><\/div>\n<\/div>\n<\/div>\n<div style=\"padding: 19% 0;\"><\/div>\n<div style=\"display: block; height: 50px; margin: 0 auto 12px; width: 50px;\"><\/div>\n<div style=\"padding-top: 8px;\">\n<div style=\"color: #3897f0; font-family: Arial,sans-serif; font-size: 14px; font-style: normal; font-weight: 550; line-height: 18px;\">Zobrazit p\u0159\u00edsp\u011bvek na Instagramu<\/div>\n<\/div>\n<div style=\"padding: 12.5% 0;\"><\/div>\n<div style=\"display: flex; flex-direction: row; margin-bottom: 14px; align-items: center;\">\n<div>\n<div style=\"background-color: #f4f4f4; border-radius: 50%; height: 12.5px; width: 12.5px; transform: translateX(0px) translateY(7px);\"><\/div>\n<div style=\"background-color: #f4f4f4; height: 12.5px; transform: rotate(-45deg) translateX(3px) translateY(1px); width: 12.5px; flex-grow: 0; margin-right: 14px; margin-left: 2px;\"><\/div>\n<div style=\"background-color: #f4f4f4; border-radius: 50%; height: 12.5px; width: 12.5px; transform: translateX(9px) translateY(-18px);\"><\/div>\n<\/div>\n<div style=\"margin-left: 8px;\">\n<div style=\"background-color: #f4f4f4; border-radius: 50%; flex-grow: 0; height: 20px; width: 20px;\"><\/div>\n<div style=\"width: 0; height: 0; border-top: 2px solid transparent; border-left: 6px solid #f4f4f4; border-bottom: 2px solid transparent; transform: translateX(16px) translateY(-4px) rotate(30deg);\"><\/div>\n<\/div>\n<div style=\"margin-left: auto;\">\n<div style=\"width: 0px; border-top: 8px solid #F4F4F4; border-right: 8px solid transparent; transform: translateY(16px);\"><\/div>\n<div style=\"background-color: #f4f4f4; flex-grow: 0; height: 12px; width: 16px; transform: translateY(-4px);\"><\/div>\n<div style=\"width: 0; height: 0; border-top: 8px solid #F4F4F4; border-left: 8px solid transparent; transform: translateY(-4px) translateX(8px);\"><\/div>\n<\/div>\n<\/div>\n<div style=\"display: flex; flex-direction: column; flex-grow: 1; justify-content: center; margin-bottom: 24px;\">\n<div style=\"background-color: #f4f4f4; border-radius: 4px; flex-grow: 0; height: 14px; margin-bottom: 6px; width: 224px;\"><\/div>\n<div style=\"background-color: #f4f4f4; border-radius: 4px; flex-grow: 0; height: 14px; width: 144px;\"><\/div>\n<\/div>\n<p>&nbsp;<\/p>\n<p style=\"color: #c9c8cd; font-family: Arial,sans-serif; font-size: 14px; line-height: 17px; margin-bottom: 0; margin-top: 8px; overflow: hidden; padding: 8px 0 7px; text-align: center; text-overflow: ellipsis; white-space: nowrap;\"><a style=\"color: #c9c8cd; font-family: Arial,sans-serif; font-size: 14px; font-style: normal; font-weight: normal; line-height: 17px; text-decoration: none;\" href=\"https:\/\/www.instagram.com\/reel\/C7ZT2lwIXQ3\/?utm_source=ig_embed&amp;utm_campaign=loading\" target=\"_blank\" rel=\"noopener\">P\u0159\u00edsp\u011bvek sd\u00edlen\u00fd Giro d&#8217;Italia (@giroditalia)<\/a><\/p>\n<\/div>\n<\/blockquote>\n<p><script async src=\"\/\/www.instagram.com\/embed.js\"><\/script><\/p>\n<p>K\u00f6nny\u0171 lenne azt mondani, hogy az UAE Team Emirates vezet\u0151je, tudv\u00e1n, hogy a kamera \u0151t veszi, csak j\u00e1tszott a k\u00f6z\u00f6ns\u00e9gnek, ahogy szokott. De ez nem volt el\u0151re megtervezve; sz\u00edntiszta \u00f6szt\u00f6n volt, egy sportol\u00f3 term\u00e9szetes reakci\u00f3ja, aki nyilv\u00e1nval\u00f3an szereti a rajong\u00f3it.<\/p>\n<p>Semmi m\u00e1s, amit a Giro-ban vagy b\u00e1rmely m\u00e1s versenyen tett, nem volt r\u00e1m ilyen nagy hat\u00e1ssal \u00e9s nem \u00e1rult el annyit a legenda m\u00f6g\u00f6tt \u00e1ll\u00f3 emberr\u0151l. Egyszer\u0171en nem tud kib\u00fajni a b\u0151r\u00e9b\u0151l, \u00e9s ez \u00edgy van rendj\u00e9n. Az igazi szuperszt\u00e1rok saj\u00e1t legend\u00e1jukat teremtik meg az\u00e1ltal, hogy \u00f6nmagukat adj\u00e1k.<\/p>\n<p>\u00c9s most a t\u00e9nyek:<\/p>\n<ol>\n<li>Tadej Poga\u010dar (UAE Team Emirates) 76:22:13<\/li>\n<li>Daniel Mart\u00ednez (BORA-hansgrohe) 9:56 h\u00e1tr\u00e1nnyal<\/li>\n<li>Geraint Thomas (INEOS Grenadiers) 10:24 h\u00e1tr\u00e1nnyal<\/li>\n<li>Ben O\u2019Connor (Decathlon AG2R La Mondiale) 12:07 h\u00e1tr\u00e1nnyal<\/li>\n<li>Antonio Tiberi (Bahrain Victorious) 12:49 h\u00e1tr\u00e1nnyal<\/li>\n<li>Thymen Arensman (INEOS Grenadiers) 14:31 h\u00e1tr\u00e1nnyal<\/li>\n<li>Einer Rubio (Movistar) 15:52 h\u00e1tr\u00e1nnyal<\/li>\n<li>Jan Hirt (Soudal\u2013QuickStep) 18:05 h\u00e1tr\u00e1nnyal<\/li>\n<li>Romain Bardet (dsm-firmenich PostNL) 20:32 h\u00e1tr\u00e1nnyal<\/li>\n<li>Michael Storer (Tudor) 21:11 h\u00e1tr\u00e1nnyal<\/li>\n<\/ol>\n<p>A 9:56-os k\u00fcl\u00f6nbs\u00e9g a m\u00e1sodik helyezett Dani Mart\u00ednez \u00e9s Poga\u010dar k\u00f6z\u00f6tt a legnagyobb b\u00e1rmely Grand Tour-on Vittorio Adorni 1965-\u00f6s Giro-gy\u0151zelme \u00f3ta.<\/p>\n<figure id=\"attachment_18537\" aria-describedby=\"caption-attachment-18537\" style=\"width: 990px\" class=\"wp-caption alignnone\"><a href=\"https:\/\/d2p6e6u75xmxt8.cloudfront.net\/12\/2024\/06\/2024-Giro-profimedia-0873850993-CVR.webp\"><img loading=\"lazy\" decoding=\"async\" class=\"wp-image-18537 size-full\" src=\"https:\/\/d2p6e6u75xmxt8.cloudfront.net\/12\/2024\/06\/2024-Giro-profimedia-0873850993-CVR.webp\" alt=\"2024 Giro\" width=\"990\" height=\"660\" srcset=\"https:\/\/d2p6e6u75xmxt8.cloudfront.net\/12\/2024\/06\/2024-Giro-profimedia-0873850993-CVR.webp 990w, https:\/\/d2p6e6u75xmxt8.cloudfront.net\/12\/2024\/06\/2024-Giro-profimedia-0873850993-CVR-300x200.webp 300w, https:\/\/d2p6e6u75xmxt8.cloudfront.net\/12\/2024\/06\/2024-Giro-profimedia-0873850993-CVR-768x512.webp 768w, https:\/\/d2p6e6u75xmxt8.cloudfront.net\/12\/2024\/06\/2024-Giro-profimedia-0873850993-CVR-400x267.webp 400w, https:\/\/d2p6e6u75xmxt8.cloudfront.net\/12\/2024\/06\/2024-Giro-profimedia-0873850993-CVR-272x182.webp 272w\" sizes=\"auto, (max-width: 990px) 100vw, 990px\" \/><\/a><figcaption id=\"caption-attachment-18537\" class=\"wp-caption-text\">Poga\u010dar az els\u0151 torin\u00f3i napt\u00f3l kezdve nemcsak a riv\u00e1lisaival, hanem saj\u00e1t kor\u00e1bbi teljes\u00edtm\u00e9nyeivel is versenyzett, folyamatosan feszegetve fizikai \u00e9s ment\u00e1lis hat\u00e1rait. \u00a9 Profimedia<\/figcaption><\/figure>\n<p>Azzal, hogy 5 szakaszgy\u0151zelmet szerzett, mik\u00f6zben n\u00e1la volt a <em>maglia rosa<\/em>, vagyis a r\u00f3zsasz\u00edn trik\u00f3, megugrotta Learco Guerra (1934) \u00e9s Eddy Merckx (1973) rekordj\u00e1t. 6 szakaszgy\u0151zelm\u00e9vel \u0151 nyerte a legt\u00f6bb Giro-szakaszt 2004 \u00f3ta, amikor Alessandro Petacchi 9 etapot nyert meg.<\/p>\n<p>Kiemelend\u0151 tov\u00e1bb\u00e1 Mart\u00ednez is, aki most el\u0151sz\u00f6r \u00e1llhatott fel Grand Tour p\u00f3diumra. \u00cdgy nemcsak azt mutatta meg, hogy milyen teljes\u00edtm\u00e9nyre k\u00e9pes, hanem igazolta az is, hogy \u00fagy d\u00f6nt\u00f6tt, elhagyja az INEOS Grenadiers-t, ahol t\u00e1mogat\u00f3 szerepbe k\u00e9nyszer\u00fclt el\u0151sz\u00f6r Egan Bernal mellett, amikor a fiatal kolumbiai megnyerte a Tour de France-t 2019-ben, majd Geraint Thomas mellett. Az, hogy ilyen j\u00f3l teljes\u00edtett, annak ellen\u00e9re, hogy kor\u00e1n elvesz\u00edtette kiv\u00e1l\u00f3 fiatal t\u00e1mogat\u00f3j\u00e1t, Florian Lipowitzot, tehets\u00e9g\u00e9t \u00e9s amb\u00edci\u00f3j\u00e1t dics\u00e9ri.<\/p>\n<p>H\u00e1romszoros hurr\u00e1 Julian Alaphilippe-nek is, aki egy\u00e9rtelm\u0171en visszanyerte form\u00e1j\u00e1t, miut\u00e1n \u00e9veken \u00e1t balesetek \u00e9s betegs\u00e9gek nehez\u00edtett\u00e9k meg az \u00e9let\u00e9t. Nemcsak megnyerte a 12. szakaszt, amikor 126 km-en kereszt\u00fcl sz\u00f6k\u00e9sben volt, hanem a Giro m\u00e1sodik fel\u00e9t is sz\u00ednes\u00edtette hasonl\u00f3an mer\u00e9sz, ha nem is vakmer\u0151 k\u00eds\u00e9rletekkel, hogy t\u00falj\u00e1rjon a mez\u0151ny esz\u00e9n.<\/p>\n<p>Kiemelked\u0151 teljes\u00edtm\u00e9nyt ny\u00fajtott h\u00e1rom fiatal versenyz\u0151 is. A 22 \u00e9ves Antonio Tiberi (Bahrain Victorious) az \u00f6t\u00f6dik helyen v\u00e9gzett \u00e9s elnyerte a legjobb fiatal versenyz\u0151nek j\u00e1r\u00f3 feh\u00e9r trik\u00f3t. Georg Steinhauser (EF Education\u2013EasyPost), aki szint\u00e9n 22 \u00e9ves, a 17. szakaszt egy figyelemrem\u00e9lt\u00f3 sz\u00f3l\u00f3sz\u00f6k\u00e9ssel nyerte meg, \u00e9s t\u00f6bb emelked\u0151n is megmutatta erej\u00e9t. A 20 \u00e9ves Giulio Pellizzari (VF Group\u2013Bardiani CSF\u2013Faizan\u00e8), a verseny legfiatalabb r\u00e9sztvev\u0151je, k\u00e9tszer is megpr\u00f3b\u00e1lta legy\u0151zni az id\u0151sebbeket \u2013 a 16. szakaszon, amelyet az id\u0151j\u00e1r\u00e1s miatt ler\u00f6vid\u00edtettek, \u00e9s a 20. szakaszon \u2013, de Poga\u010dar mindk\u00e9t alkalommal utol\u00e9rte. A 16. szakaszon csak 0,7 km-re volt a c\u00e9lt\u00f3l, amikor a r\u00f3zsasz\u00edn trik\u00f3t visel\u0151 Poga\u010dar elhaladt mellette &#8211; de a mezt k\u00e9s\u0151bb Pellizzari-nak aj\u00e1nd\u00e9kozta.<\/p>\n<p>Eml\u00edts\u00fck meg egy sz\u00f3 erej\u00e9re Poga\u010dar t\u00e1mogat\u00f3 csapat\u00e1t is, akik besorol\u00e1suk ellen\u00e9re hib\u00e1tlanul \u00e9s b\u00e1tran versenyeztek, \u00e9s a f\u00e1radhatatlan Rafal Majka mindig biztos\u00edtotta az ugr\u00f3deszk\u00e1t vezet\u0151j\u00fck puszt\u00edt\u00f3 sz\u00f6k\u00e9seihez.<\/p>\n<p>V\u00e9g\u00fcl, de nem utols\u00f3sorban, Jonathan Milan (Lidl-Trek) ism\u00e9t a Giro legjobb sprintere lett, m\u00e1sodszor is megszerezve a ciclamino, azaz a pontverseny gy\u0151ztes\u00e9nek j\u00e1r\u00f3 lila trik\u00f3t. H\u00e1rom szakaszt nyert \u00e9s n\u00e9gyszer v\u00e9gzett m\u00e1sodik helyen, k\u00f6nnyed\u00e9n nyerve a versenyt 352 ponttal, Kaden Groves (Alpecin-Deceuninck) 225 pontja el\u0151tt, m\u00edg a Soudal\u2013QuickStep-es Tim Merlier, aki szint\u00e9n h\u00e1rom szakaszt nyert, 193 ponttal a harmadik helyen v\u00e9gzett.<\/p>\n<p>Milan legjobb teljes\u00edtm\u00e9nye ak\u00e1r hatalmas kudarc is lehetett volna. A vas\u00e1rnapi utols\u00f3 szakaszon, 8 km-rel a c\u00e9l el\u0151tt defektet kapott. Mire vissza\u00fclt a nyeregbe, 45 m\u00e1sodpercet vesz\u00edtett \u00e9s teljesen egyed\u00fcl maradt. Nemcsak hogy siker\u00fclt felz\u00e1rk\u00f3znia a mez\u0151nyh\u00f6z, de az utols\u00f3 0,7 km-en m\u00e1r az \u00e9len tekert. Az, hogy siker\u00fclt m\u00e1sodik helyen v\u00e9geznie Merlier m\u00f6g\u00f6tt, annak ellen\u00e9re, hogy hatalmas er\u0151fesz\u00edt\u00e9s\u00e9be telt, hogy egy\u00e1ltal\u00e1n versenyhelyzetben lehessen, igaz\u00e1n leny\u0171g\u00f6z\u0151.<\/p>\n","protected":false},"excerpt":{"rendered":"<p>Rengetegen rengetegszer \u00edrtak m\u00e1r Tadej Poga\u010dar zsenialit\u00e1s\u00e1r\u00f3l a Giro d\u2019Italia h\u00e1rom hete alatt. \u00c9s teljesen jogosan: az idei teljes\u00edtm\u00e9nye m\u00e1ris [&hellip;]<\/p>\n","protected":false},"author":71,"featured_media":18539,"comment_status":"open","ping_status":"open","sticky":false,"template":"","format":"standard","meta":{"footnotes":""},"categories":[8],"tags":[],"global-categories":[],"class_list":["post-18536","post","type-post","status-publish","format-standard","has-post-thumbnail","hentry","category-orszaguti-kerekpar"],"yoast_head":"<!-- This site is optimized with the Yoast SEO Premium plugin v25.3 (Yoast SEO v25.9) - https:\/\/yoast.com\/wordpress\/plugins\/seo\/ -->\n<title>V\u00e9lem\u00e9nycikk: Poga\u010dar, Poga\u010dar, Poga\u010dar \u00e9s n\u00e9h\u00e1ny egy\u00e9b \u00e9szrev\u00e9tel a 2024-es Giro-r\u00f3l<\/title>\n<meta name=\"description\" content=\"Rengetegen rengetegszer \u00edrtak m\u00e1r Tadej Poga\u010dar zsenialit\u00e1s\u00e1r\u00f3l a Giro d\u2019Italia h\u00e1rom hete alatt. \u00c9s teljesen jogosan: az idei teljes\u00edtm\u00e9nye m\u00e1ris \u00e9l\u0151 legend\u00e1v\u00e1 emelte a szlov\u00e9n szt\u00e1rt.\" \/>\n<meta name=\"robots\" content=\"index, follow, max-snippet:-1, max-image-preview:large, max-video-preview:-1\" \/>\n<link rel=\"canonical\" href=\"https:\/\/www.welovecycling.com\/hu\/orszaguti-kerekpar\/velemenycikk-pogacar-pogacar-pogacar-es-nehany-egyeb-eszrevetel-a-2024-es-giro-rol\/\" \/>\n<meta property=\"og:locale\" content=\"hu_HU\" \/>\n<meta property=\"og:type\" content=\"article\" \/>\n<meta property=\"og:title\" content=\"V\u00e9lem\u00e9nycikk: Poga\u010dar, Poga\u010dar, Poga\u010dar \u00e9s n\u00e9h\u00e1ny egy\u00e9b \u00e9szrev\u00e9tel a 2024-es Giro-r\u00f3l\" \/>\n<meta property=\"og:description\" content=\"Rengetegen rengetegszer \u00edrtak m\u00e1r Tadej Poga\u010dar zsenialit\u00e1s\u00e1r\u00f3l a Giro d\u2019Italia h\u00e1rom hete alatt. \u00c9s teljesen jogosan: az idei teljes\u00edtm\u00e9nye m\u00e1ris \u00e9l\u0151 legend\u00e1v\u00e1 emelte a szlov\u00e9n szt\u00e1rt.\" \/>\n<meta property=\"og:url\" content=\"https:\/\/www.welovecycling.com\/hu\/orszaguti-kerekpar\/velemenycikk-pogacar-pogacar-pogacar-es-nehany-egyeb-eszrevetel-a-2024-es-giro-rol\/\" \/>\n<meta property=\"og:site_name\" content=\"\u0160koda We Love Cycling - Magyarorsz\u00e1g\" \/>\n<meta property=\"article:publisher\" content=\"https:\/\/www.facebook.com\/WeLoveCyclingHungary\/\" \/>\n<meta property=\"article:published_time\" content=\"2024-06-04T12:42:57+00:00\" \/>\n<meta property=\"og:image\" content=\"https:\/\/d2p6e6u75xmxt8.cloudfront.net\/12\/2024\/06\/Pogacar-Martinez-Thomas-Giro-profimedia-0876691778-CVR.webp\" \/>\n\t<meta property=\"og:image:width\" content=\"990\" \/>\n\t<meta property=\"og:image:height\" content=\"660\" \/>\n\t<meta property=\"og:image:type\" content=\"image\/webp\" \/>\n<meta name=\"author\" content=\"hegyizs\" \/>\n<meta name=\"twitter:card\" content=\"summary_large_image\" \/>\n<meta name=\"twitter:label1\" content=\"Written by\" \/>\n\t<meta name=\"twitter:data1\" content=\"Siegfried Mortkowitz\" \/>\n\t<meta name=\"twitter:label2\" content=\"Est. reading time\" \/>\n\t<meta name=\"twitter:data2\" content=\"4\" \/>\n<script type=\"application\/ld+json\" class=\"yoast-schema-graph\">{\"@context\":\"https:\/\/schema.org\",\"@graph\":[{\"@type\":\"WebPage\",\"@id\":\"https:\/\/www.welovecycling.com\/hu\/orszaguti-kerekpar\/velemenycikk-pogacar-pogacar-pogacar-es-nehany-egyeb-eszrevetel-a-2024-es-giro-rol\/\",\"url\":\"https:\/\/www.welovecycling.com\/hu\/orszaguti-kerekpar\/velemenycikk-pogacar-pogacar-pogacar-es-nehany-egyeb-eszrevetel-a-2024-es-giro-rol\/\",\"name\":\"V\u00e9lem\u00e9nycikk: Poga\u010dar, Poga\u010dar, Poga\u010dar \u00e9s n\u00e9h\u00e1ny egy\u00e9b \u00e9szrev\u00e9tel a 2024-es Giro-r\u00f3l\",\"isPartOf\":{\"@id\":\"https:\/\/www.welovecycling.com\/hu\/#website\"},\"primaryImageOfPage\":{\"@id\":\"https:\/\/www.welovecycling.com\/hu\/orszaguti-kerekpar\/velemenycikk-pogacar-pogacar-pogacar-es-nehany-egyeb-eszrevetel-a-2024-es-giro-rol\/#primaryimage\"},\"image\":{\"@id\":\"https:\/\/www.welovecycling.com\/hu\/orszaguti-kerekpar\/velemenycikk-pogacar-pogacar-pogacar-es-nehany-egyeb-eszrevetel-a-2024-es-giro-rol\/#primaryimage\"},\"thumbnailUrl\":\"https:\/\/d2p6e6u75xmxt8.cloudfront.net\/12\/2024\/06\/Pogacar-Martinez-Thomas-Giro-profimedia-0876691778-CVR.webp\",\"datePublished\":\"2024-06-04T12:42:57+00:00\",\"author\":{\"@id\":\"https:\/\/www.welovecycling.com\/hu\/#\/schema\/person\/414a2aebf1801691a5320edb6468e194\"},\"description\":\"Rengetegen rengetegszer \u00edrtak m\u00e1r Tadej Poga\u010dar zsenialit\u00e1s\u00e1r\u00f3l a Giro d\u2019Italia h\u00e1rom hete alatt. \u00c9s teljesen jogosan: az idei teljes\u00edtm\u00e9nye m\u00e1ris \u00e9l\u0151 legend\u00e1v\u00e1 emelte a szlov\u00e9n szt\u00e1rt.\",\"breadcrumb\":{\"@id\":\"https:\/\/www.welovecycling.com\/hu\/orszaguti-kerekpar\/velemenycikk-pogacar-pogacar-pogacar-es-nehany-egyeb-eszrevetel-a-2024-es-giro-rol\/#breadcrumb\"},\"inLanguage\":\"hu\",\"potentialAction\":[{\"@type\":\"ReadAction\",\"target\":[\"https:\/\/www.welovecycling.com\/hu\/orszaguti-kerekpar\/velemenycikk-pogacar-pogacar-pogacar-es-nehany-egyeb-eszrevetel-a-2024-es-giro-rol\/\"]}]},{\"@type\":\"ImageObject\",\"inLanguage\":\"hu\",\"@id\":\"https:\/\/www.welovecycling.com\/hu\/orszaguti-kerekpar\/velemenycikk-pogacar-pogacar-pogacar-es-nehany-egyeb-eszrevetel-a-2024-es-giro-rol\/#primaryimage\",\"url\":\"https:\/\/d2p6e6u75xmxt8.cloudfront.net\/12\/2024\/06\/Pogacar-Martinez-Thomas-Giro-profimedia-0876691778-CVR.webp\",\"contentUrl\":\"https:\/\/d2p6e6u75xmxt8.cloudfront.net\/12\/2024\/06\/Pogacar-Martinez-Thomas-Giro-profimedia-0876691778-CVR.webp\",\"width\":990,\"height\":660,\"caption\":\"2024 Giro Winners\"},{\"@type\":\"BreadcrumbList\",\"@id\":\"https:\/\/www.welovecycling.com\/hu\/orszaguti-kerekpar\/velemenycikk-pogacar-pogacar-pogacar-es-nehany-egyeb-eszrevetel-a-2024-es-giro-rol\/#breadcrumb\",\"itemListElement\":[{\"@type\":\"ListItem\",\"position\":1,\"name\":\"Home\",\"item\":\"https:\/\/www.welovecycling.com\/hu\/\"},{\"@type\":\"ListItem\",\"position\":2,\"name\":\"V\u00e9lem\u00e9nycikk: Poga\u010dar, Poga\u010dar, Poga\u010dar \u00e9s n\u00e9h\u00e1ny egy\u00e9b \u00e9szrev\u00e9tel a 2024-es Giro-r\u00f3l\"}]},{\"@type\":\"WebSite\",\"@id\":\"https:\/\/www.welovecycling.com\/hu\/#website\",\"url\":\"https:\/\/www.welovecycling.com\/hu\/\",\"name\":\"\u0160koda We Love Cycling - Magyarorsz\u00e1g\",\"description\":\"\u0160koda WeLoveCycling\",\"potentialAction\":[{\"@type\":\"SearchAction\",\"target\":{\"@type\":\"EntryPoint\",\"urlTemplate\":\"https:\/\/www.welovecycling.com\/hu\/?s={search_term_string}\"},\"query-input\":{\"@type\":\"PropertyValueSpecification\",\"valueRequired\":true,\"valueName\":\"search_term_string\"}}],\"inLanguage\":\"hu\"},{\"@type\":\"Person\",\"@id\":\"https:\/\/www.welovecycling.com\/hu\/#\/schema\/person\/414a2aebf1801691a5320edb6468e194\",\"name\":\"hegyizs\",\"image\":{\"@type\":\"ImageObject\",\"inLanguage\":\"hu\",\"@id\":\"https:\/\/www.welovecycling.com\/hu\/#\/schema\/person\/image\/\",\"url\":\"https:\/\/secure.gravatar.com\/avatar\/02cf8a7906b8cf90cecb4679defac7cfd33a1c2e3b88e4903d947f3bb58eedd3?s=96&d=mm&r=g\",\"contentUrl\":\"https:\/\/secure.gravatar.com\/avatar\/02cf8a7906b8cf90cecb4679defac7cfd33a1c2e3b88e4903d947f3bb58eedd3?s=96&d=mm&r=g\",\"caption\":\"hegyizs\"},\"url\":\"https:\/\/www.welovecycling.com\/hu\/author\/hegyizs\/\"}]}<\/script>\n<!-- \/ Yoast SEO Premium plugin. -->","yoast_head_json":{"title":"V\u00e9lem\u00e9nycikk: Poga\u010dar, Poga\u010dar, Poga\u010dar \u00e9s n\u00e9h\u00e1ny egy\u00e9b \u00e9szrev\u00e9tel a 2024-es Giro-r\u00f3l","description":"Rengetegen rengetegszer \u00edrtak m\u00e1r Tadej Poga\u010dar zsenialit\u00e1s\u00e1r\u00f3l a Giro d\u2019Italia h\u00e1rom hete alatt. \u00c9s teljesen jogosan: az idei teljes\u00edtm\u00e9nye m\u00e1ris \u00e9l\u0151 legend\u00e1v\u00e1 emelte a szlov\u00e9n szt\u00e1rt.","robots":{"index":"index","follow":"follow","max-snippet":"max-snippet:-1","max-image-preview":"max-image-preview:large","max-video-preview":"max-video-preview:-1"},"canonical":"https:\/\/www.welovecycling.com\/hu\/orszaguti-kerekpar\/velemenycikk-pogacar-pogacar-pogacar-es-nehany-egyeb-eszrevetel-a-2024-es-giro-rol\/","og_locale":"hu_HU","og_type":"article","og_title":"V\u00e9lem\u00e9nycikk: Poga\u010dar, Poga\u010dar, Poga\u010dar \u00e9s n\u00e9h\u00e1ny egy\u00e9b \u00e9szrev\u00e9tel a 2024-es Giro-r\u00f3l","og_description":"Rengetegen rengetegszer \u00edrtak m\u00e1r Tadej Poga\u010dar zsenialit\u00e1s\u00e1r\u00f3l a Giro d\u2019Italia h\u00e1rom hete alatt. \u00c9s teljesen jogosan: az idei teljes\u00edtm\u00e9nye m\u00e1ris \u00e9l\u0151 legend\u00e1v\u00e1 emelte a szlov\u00e9n szt\u00e1rt.","og_url":"https:\/\/www.welovecycling.com\/hu\/orszaguti-kerekpar\/velemenycikk-pogacar-pogacar-pogacar-es-nehany-egyeb-eszrevetel-a-2024-es-giro-rol\/","og_site_name":"\u0160koda We Love Cycling - Magyarorsz\u00e1g","article_publisher":"https:\/\/www.facebook.com\/WeLoveCyclingHungary\/","article_published_time":"2024-06-04T12:42:57+00:00","og_image":[{"width":990,"height":660,"url":"https:\/\/d2p6e6u75xmxt8.cloudfront.net\/12\/2024\/06\/Pogacar-Martinez-Thomas-Giro-profimedia-0876691778-CVR.webp","type":"image\/webp"}],"author":"hegyizs","twitter_card":"summary_large_image","twitter_misc":{"Written by":"Siegfried Mortkowitz","Est. reading time":"4"},"schema":{"@context":"https:\/\/schema.org","@graph":[{"@type":"WebPage","@id":"https:\/\/www.welovecycling.com\/hu\/orszaguti-kerekpar\/velemenycikk-pogacar-pogacar-pogacar-es-nehany-egyeb-eszrevetel-a-2024-es-giro-rol\/","url":"https:\/\/www.welovecycling.com\/hu\/orszaguti-kerekpar\/velemenycikk-pogacar-pogacar-pogacar-es-nehany-egyeb-eszrevetel-a-2024-es-giro-rol\/","name":"V\u00e9lem\u00e9nycikk: Poga\u010dar, Poga\u010dar, Poga\u010dar \u00e9s n\u00e9h\u00e1ny egy\u00e9b \u00e9szrev\u00e9tel a 2024-es Giro-r\u00f3l","isPartOf":{"@id":"https:\/\/www.welovecycling.com\/hu\/#website"},"primaryImageOfPage":{"@id":"https:\/\/www.welovecycling.com\/hu\/orszaguti-kerekpar\/velemenycikk-pogacar-pogacar-pogacar-es-nehany-egyeb-eszrevetel-a-2024-es-giro-rol\/#primaryimage"},"image":{"@id":"https:\/\/www.welovecycling.com\/hu\/orszaguti-kerekpar\/velemenycikk-pogacar-pogacar-pogacar-es-nehany-egyeb-eszrevetel-a-2024-es-giro-rol\/#primaryimage"},"thumbnailUrl":"https:\/\/d2p6e6u75xmxt8.cloudfront.net\/12\/2024\/06\/Pogacar-Martinez-Thomas-Giro-profimedia-0876691778-CVR.webp","datePublished":"2024-06-04T12:42:57+00:00","author":{"@id":"https:\/\/www.welovecycling.com\/hu\/#\/schema\/person\/414a2aebf1801691a5320edb6468e194"},"description":"Rengetegen rengetegszer \u00edrtak m\u00e1r Tadej Poga\u010dar zsenialit\u00e1s\u00e1r\u00f3l a Giro d\u2019Italia h\u00e1rom hete alatt. \u00c9s teljesen jogosan: az idei teljes\u00edtm\u00e9nye m\u00e1ris \u00e9l\u0151 legend\u00e1v\u00e1 emelte a szlov\u00e9n szt\u00e1rt.","breadcrumb":{"@id":"https:\/\/www.welovecycling.com\/hu\/orszaguti-kerekpar\/velemenycikk-pogacar-pogacar-pogacar-es-nehany-egyeb-eszrevetel-a-2024-es-giro-rol\/#breadcrumb"},"inLanguage":"hu","potentialAction":[{"@type":"ReadAction","target":["https:\/\/www.welovecycling.com\/hu\/orszaguti-kerekpar\/velemenycikk-pogacar-pogacar-pogacar-es-nehany-egyeb-eszrevetel-a-2024-es-giro-rol\/"]}]},{"@type":"ImageObject","inLanguage":"hu","@id":"https:\/\/www.welovecycling.com\/hu\/orszaguti-kerekpar\/velemenycikk-pogacar-pogacar-pogacar-es-nehany-egyeb-eszrevetel-a-2024-es-giro-rol\/#primaryimage","url":"https:\/\/d2p6e6u75xmxt8.cloudfront.net\/12\/2024\/06\/Pogacar-Martinez-Thomas-Giro-profimedia-0876691778-CVR.webp","contentUrl":"https:\/\/d2p6e6u75xmxt8.cloudfront.net\/12\/2024\/06\/Pogacar-Martinez-Thomas-Giro-profimedia-0876691778-CVR.webp","width":990,"height":660,"caption":"2024 Giro Winners"},{"@type":"BreadcrumbList","@id":"https:\/\/www.welovecycling.com\/hu\/orszaguti-kerekpar\/velemenycikk-pogacar-pogacar-pogacar-es-nehany-egyeb-eszrevetel-a-2024-es-giro-rol\/#breadcrumb","itemListElement":[{"@type":"ListItem","position":1,"name":"Home","item":"https:\/\/www.welovecycling.com\/hu\/"},{"@type":"ListItem","position":2,"name":"V\u00e9lem\u00e9nycikk: Poga\u010dar, Poga\u010dar, Poga\u010dar \u00e9s n\u00e9h\u00e1ny egy\u00e9b \u00e9szrev\u00e9tel a 2024-es Giro-r\u00f3l"}]},{"@type":"WebSite","@id":"https:\/\/www.welovecycling.com\/hu\/#website","url":"https:\/\/www.welovecycling.com\/hu\/","name":"\u0160koda We Love Cycling - Magyarorsz\u00e1g","description":"\u0160koda WeLoveCycling","potentialAction":[{"@type":"SearchAction","target":{"@type":"EntryPoint","urlTemplate":"https:\/\/www.welovecycling.com\/hu\/?s={search_term_string}"},"query-input":{"@type":"PropertyValueSpecification","valueRequired":true,"valueName":"search_term_string"}}],"inLanguage":"hu"},{"@type":"Person","@id":"https:\/\/www.welovecycling.com\/hu\/#\/schema\/person\/414a2aebf1801691a5320edb6468e194","name":"hegyizs","image":{"@type":"ImageObject","inLanguage":"hu","@id":"https:\/\/www.welovecycling.com\/hu\/#\/schema\/person\/image\/","url":"https:\/\/secure.gravatar.com\/avatar\/02cf8a7906b8cf90cecb4679defac7cfd33a1c2e3b88e4903d947f3bb58eedd3?s=96&d=mm&r=g","contentUrl":"https:\/\/secure.gravatar.com\/avatar\/02cf8a7906b8cf90cecb4679defac7cfd33a1c2e3b88e4903d947f3bb58eedd3?s=96&d=mm&r=g","caption":"hegyizs"},"url":"https:\/\/www.welovecycling.com\/hu\/author\/hegyizs\/"}]}},"_links":{"self":[{"href":"https:\/\/www.welovecycling.com\/hu\/wp-json\/wp\/v2\/posts\/18536","targetHints":{"allow":["GET"]}}],"collection":[{"href":"https:\/\/www.welovecycling.com\/hu\/wp-json\/wp\/v2\/posts"}],"about":[{"href":"https:\/\/www.welovecycling.com\/hu\/wp-json\/wp\/v2\/types\/post"}],"author":[{"embeddable":true,"href":"https:\/\/www.welovecycling.com\/hu\/wp-json\/wp\/v2\/users\/71"}],"replies":[{"embeddable":true,"href":"https:\/\/www.welovecycling.com\/hu\/wp-json\/wp\/v2\/comments?post=18536"}],"version-history":[{"count":3,"href":"https:\/\/www.welovecycling.com\/hu\/wp-json\/wp\/v2\/posts\/18536\/revisions"}],"predecessor-version":[{"id":18545,"href":"https:\/\/www.welovecycling.com\/hu\/wp-json\/wp\/v2\/posts\/18536\/revisions\/18545"}],"wp:featuredmedia":[{"embeddable":true,"href":"https:\/\/www.welovecycling.com\/hu\/wp-json\/wp\/v2\/media\/18539"}],"wp:attachment":[{"href":"https:\/\/www.welovecycling.com\/hu\/wp-json\/wp\/v2\/media?parent=18536"}],"wp:term":[{"taxonomy":"category","embeddable":true,"href":"https:\/\/www.welovecycling.com\/hu\/wp-json\/wp\/v2\/categories?post=18536"},{"taxonomy":"post_tag","embeddable":true,"href":"https:\/\/www.welovecycling.com\/hu\/wp-json\/wp\/v2\/tags?post=18536"},{"taxonomy":"global-categories","embeddable":true,"href":"https:\/\/www.welovecycling.com\/hu\/wp-json\/wp\/v2\/global-categories?post=18536"}],"curies":[{"name":"wp","href":"https:\/\/api.w.org\/{rel}","templated":true}]}}