{"id":18519,"date":"2024-05-31T08:00:36","date_gmt":"2024-05-31T06:00:36","guid":{"rendered":"https:\/\/www.welovecycling.com\/hu\/?p=18519"},"modified":"2024-05-24T10:40:54","modified_gmt":"2024-05-24T08:40:54","slug":"csaladi-bringas-nyaralas-extremaduraban-fedezzetek-fel-spanyolorszag-rejtett-gyongyszemet","status":"publish","type":"post","link":"https:\/\/www.welovecycling.com\/hu\/csalad\/csaladi-bringas-nyaralas-extremaduraban-fedezzetek-fel-spanyolorszag-rejtett-gyongyszemet\/","title":{"rendered":"Csal\u00e1di bring\u00e1s nyaral\u00e1s Extremadur\u00e1ban: Fedezz\u00e9tek fel Spanyolorsz\u00e1g rejtett gy\u00f6ngyszem\u00e9t!"},"content":{"rendered":"<p><strong>Extremadura, egy r\u00e9gi\u00f3 Castilia \u00e9s Andal\u00fazia tartom\u00e1nyok k\u00f6z\u00f6tt, buja t\u00e1jaival, t\u00f6rt\u00e9nelmi gazdags\u00e1g\u00e1val \u00e9s kultur\u00e1lis m\u00e9lys\u00e9geivel ide\u00e1lis h\u00e1tteret k\u00edn\u00e1l a csal\u00e1di ker\u00e9kp\u00e1ros kalandokhoz. Ahogy a tavasz z\u00f6ldell\u0151 sz\u00e9ps\u00e9get var\u00e1zsol v\u00f6lgyeibe \u00e9s \u0151si v\u00e1rosaiba, Extremadura t\u00f6k\u00e9letes bring\u00e1s helysz\u00ednn\u00e9 v\u00e1lik. Csatlakozz hozz\u00e1nk, mik\u00f6zben v\u00e9gigj\u00e1rjuk e spanyol r\u00e9gi\u00f3 legelb\u0171v\u00f6l\u0151bb ker\u00e9kp\u00e1r\u00fatvonalait, amelyek a fest\u0151i sz\u00e9ps\u00e9g\u0171 t\u00e1jak, a t\u00f6rt\u00e9nelmi v\u00e1rosr\u00e9szek \u00e9s a csal\u00e1dbar\u00e1t sz\u00f3rakoz\u00e1s egyedi kombin\u00e1ci\u00f3it \u00edg\u00e9rik.<\/strong><\/p>\n<p><!--more--><\/p>\n<h2><strong>C\u00e1ceres-t\u0151l a Monfrag\u00fce Nemzeti Parkig (kb. 25 km)<\/strong><\/h2>\n<figure id=\"attachment_18520\" aria-describedby=\"caption-attachment-18520\" style=\"width: 990px\" class=\"wp-caption alignnone\"><a href=\"https:\/\/d2p6e6u75xmxt8.cloudfront.net\/12\/2024\/05\/Caceres-Villanueva-de-la-Vera-profimedia-0761406256-1.webp\"><img loading=\"lazy\" decoding=\"async\" class=\"wp-image-18520 size-full\" src=\"https:\/\/d2p6e6u75xmxt8.cloudfront.net\/12\/2024\/05\/Caceres-Villanueva-de-la-Vera-profimedia-0761406256-1.webp\" alt=\"Villanueva De la Vera\" width=\"990\" height=\"660\" srcset=\"https:\/\/d2p6e6u75xmxt8.cloudfront.net\/12\/2024\/05\/Caceres-Villanueva-de-la-Vera-profimedia-0761406256-1.webp 990w, https:\/\/d2p6e6u75xmxt8.cloudfront.net\/12\/2024\/05\/Caceres-Villanueva-de-la-Vera-profimedia-0761406256-1-300x200.webp 300w, https:\/\/d2p6e6u75xmxt8.cloudfront.net\/12\/2024\/05\/Caceres-Villanueva-de-la-Vera-profimedia-0761406256-1-768x512.webp 768w, https:\/\/d2p6e6u75xmxt8.cloudfront.net\/12\/2024\/05\/Caceres-Villanueva-de-la-Vera-profimedia-0761406256-1-400x267.webp 400w, https:\/\/d2p6e6u75xmxt8.cloudfront.net\/12\/2024\/05\/Caceres-Villanueva-de-la-Vera-profimedia-0761406256-1-272x182.webp 272w\" sizes=\"auto, (max-width: 990px) 100vw, 990px\" \/><\/a><figcaption id=\"caption-attachment-18520\" class=\"wp-caption-text\">\u00c9lvezd Extremadura fest\u0151i kil\u00e1t\u00e1sait. \u00a9 Profimedia<\/figcaption><\/figure>\n<p><strong>Aj\u00e1nlott koroszt\u00e1ly:<\/strong> 7 \u00e9ves \u00e9s ann\u00e1l id\u0151sebb gyermekek<\/p>\n<p>Kezdj\u00e9tek az utat a k\u00f6z\u00e9pkori C\u00e1ceres v\u00e1ros\u00e1ban, majd haladjatok tov\u00e1bb a fens\u00e9ges Monfrag\u00fce Nemzeti Parkba! Ez a 25 km-es \u00f6sv\u00e9ny nemcsak a term\u00e9szetbe vezet\u0151 \u00fat, hanem egy id\u0151utaz\u00e1s is, amelyet \u0151si helysz\u00ednek \u00e9s l\u00e9legzetel\u00e1ll\u00edt\u00f3 t\u00e1jak k\u00eds\u00e9rnek. A Monfrag\u00fce panor\u00e1m\u00e1s kil\u00e1t\u00e1st ny\u00fajt Extremadura v\u00e1ltozatos \u00f6kosziszt\u00e9m\u00e1ira, \u00e9s t\u00f6k\u00e9letes a 7 \u00e9ves \u00e9s ann\u00e1l id\u0151sebb gyermekekkel \u00fatnak indul\u00f3 csal\u00e1dok sz\u00e1m\u00e1ra, a term\u00e9szet \u00e9s a t\u00f6rt\u00e9nelem feledhetetlen kombin\u00e1ci\u00f3j\u00e1t k\u00edn\u00e1lva Spanyolorsz\u00e1g egyik leg\u00fcnnepeltebb bioszf\u00e9ra rezerv\u00e1tum\u00e1ban.<\/p>\n<h2><strong>Trujillo-t\u00f3l Guadalupe-ig (kb. 40 km)<\/strong><\/h2>\n<figure id=\"attachment_18521\" aria-describedby=\"caption-attachment-18521\" style=\"width: 990px\" class=\"wp-caption alignnone\"><a href=\"https:\/\/d2p6e6u75xmxt8.cloudfront.net\/12\/2024\/05\/Trujillo-profimedia-0853695583.webp\"><img loading=\"lazy\" decoding=\"async\" class=\"wp-image-18521 size-full\" src=\"https:\/\/d2p6e6u75xmxt8.cloudfront.net\/12\/2024\/05\/Trujillo-profimedia-0853695583.webp\" alt=\"Trujillo\" width=\"990\" height=\"660\" srcset=\"https:\/\/d2p6e6u75xmxt8.cloudfront.net\/12\/2024\/05\/Trujillo-profimedia-0853695583.webp 990w, https:\/\/d2p6e6u75xmxt8.cloudfront.net\/12\/2024\/05\/Trujillo-profimedia-0853695583-300x200.webp 300w, https:\/\/d2p6e6u75xmxt8.cloudfront.net\/12\/2024\/05\/Trujillo-profimedia-0853695583-768x512.webp 768w, https:\/\/d2p6e6u75xmxt8.cloudfront.net\/12\/2024\/05\/Trujillo-profimedia-0853695583-400x267.webp 400w, https:\/\/d2p6e6u75xmxt8.cloudfront.net\/12\/2024\/05\/Trujillo-profimedia-0853695583-272x182.webp 272w\" sizes=\"auto, (max-width: 990px) 100vw, 990px\" \/><\/a><figcaption id=\"caption-attachment-18521\" class=\"wp-caption-text\">Fedezd fel Trujillo utc\u00e1it. \u00a9 Profimedia<\/figcaption><\/figure>\n<p><strong>Aj\u00e1nlott koroszt\u00e1ly:<\/strong>: Tin\u00e9dzserek<\/p>\n<p>Induljatok a t\u00f6rt\u00e9nelmi Trujillo v\u00e1ros\u00e1b\u00f3l, amely leny\u0171g\u00f6z\u0151 tereir\u0151l \u00e9s h\u00f3d\u00edt\u00e1sokkal teli t\u00f6rt\u00e9nelm\u00e9r\u0151l ismert, \u00e9s tekerjetek el a b\u00e9k\u00e9s Guadalupe v\u00e1ros\u00e1ba! Ez a 40 km-es \u00fat dombokon \u00e9s olajligeteken fut \u00e1t, \u00e9s a h\u00edres Santa Mar\u00eda de Guadalupe kolostornak otthont ad\u00f3 Pueblo de Guadalupe-ba vezet. Legink\u00e1bb tinikkel rendelkez\u0151 csal\u00e1dok sz\u00e1m\u00e1ra alkalmas, hiszen az \u00fat fizikai kih\u00edv\u00e1st is jelent a kultur\u00e1lis kincsek mellett, mik\u00f6zben betekint\u00e9st ny\u00fajt Extremadura kulcsfontoss\u00e1g\u00fa t\u00f6rt\u00e9nelmi nevezetess\u00e9geibe!<\/p>\n<h2><strong>Badajoz foly\u00f3 k\u00f6r\u00fat (kb. 15 km)<\/strong><\/h2>\n<figure id=\"attachment_18522\" aria-describedby=\"caption-attachment-18522\" style=\"width: 990px\" class=\"wp-caption alignnone\"><a href=\"https:\/\/d2p6e6u75xmxt8.cloudfront.net\/12\/2024\/05\/Badajoz-Guadiana-profimedia-0867116607.webp\"><img loading=\"lazy\" decoding=\"async\" class=\"wp-image-18522 size-full\" src=\"https:\/\/d2p6e6u75xmxt8.cloudfront.net\/12\/2024\/05\/Badajoz-Guadiana-profimedia-0867116607.webp\" alt=\"Guadiana river\" width=\"990\" height=\"660\" srcset=\"https:\/\/d2p6e6u75xmxt8.cloudfront.net\/12\/2024\/05\/Badajoz-Guadiana-profimedia-0867116607.webp 990w, https:\/\/d2p6e6u75xmxt8.cloudfront.net\/12\/2024\/05\/Badajoz-Guadiana-profimedia-0867116607-300x200.webp 300w, https:\/\/d2p6e6u75xmxt8.cloudfront.net\/12\/2024\/05\/Badajoz-Guadiana-profimedia-0867116607-768x512.webp 768w, https:\/\/d2p6e6u75xmxt8.cloudfront.net\/12\/2024\/05\/Badajoz-Guadiana-profimedia-0867116607-400x267.webp 400w, https:\/\/d2p6e6u75xmxt8.cloudfront.net\/12\/2024\/05\/Badajoz-Guadiana-profimedia-0867116607-272x182.webp 272w\" sizes=\"auto, (max-width: 990px) 100vw, 990px\" \/><\/a><figcaption id=\"caption-attachment-18522\" class=\"wp-caption-text\">Ker\u00e9kp\u00e1rozz a Guadiana foly\u00f3 ment\u00e9n! \u00a9 Profimedia<\/figcaption><\/figure>\n<p><strong>Aj\u00e1nlott<\/strong>: Minden koroszt\u00e1ly sz\u00e1m\u00e1ra<\/p>\n<p>Ide\u00e1lis egy laz\u00e1bb napra: ez az \u00fat k\u00f6rbej\u00e1rja Badajoz \u00e9l\u00e9nk v\u00e1ros\u00e1t, v\u00e9gigk\u00f6vetve a nyugodt Guadiana foly\u00f3t. Ez a 15 km-es k\u00f6r\u00fat minden koroszt\u00e1ly sz\u00e1m\u00e1ra alkalmas, \u00e9s fest\u0151i betekint\u00e9st ny\u00fajt a v\u00e1ros gazdag \u00f6r\u00f6ks\u00e9g\u00e9be \u00e9s term\u00e9szeti sz\u00e9ps\u00e9g\u00e9be, meg\u00e1ll\u00f3kkal az Alcazaba de Badajoz-n\u00e1l vagy a nyugodt foly\u00f3parti parkokn\u00e1l. T\u00f6k\u00e9letes kever\u00e9ke a v\u00e1rosi \u00e9s a term\u00e9szeti t\u00e1jaknak, rengeteg lehet\u0151s\u00e9get biztos\u00edt pihen\u00e9sre \u00e9s kalandoz\u00e1sra is a foly\u00f3parton.<\/p>\n<h2><strong>Plasencia-t\u00f3l a Valle del Jerte-ig (kb. 30 km)<\/strong><\/h2>\n<figure id=\"attachment_18523\" aria-describedby=\"caption-attachment-18523\" style=\"width: 990px\" class=\"wp-caption alignnone\"><a href=\"https:\/\/d2p6e6u75xmxt8.cloudfront.net\/12\/2024\/05\/Valle-del-Jerte-profimedia-0837417294.webp\"><img loading=\"lazy\" decoding=\"async\" class=\"wp-image-18523 size-full\" src=\"https:\/\/d2p6e6u75xmxt8.cloudfront.net\/12\/2024\/05\/Valle-del-Jerte-profimedia-0837417294.webp\" alt=\"Valle del Jerte\" width=\"990\" height=\"660\" srcset=\"https:\/\/d2p6e6u75xmxt8.cloudfront.net\/12\/2024\/05\/Valle-del-Jerte-profimedia-0837417294.webp 990w, https:\/\/d2p6e6u75xmxt8.cloudfront.net\/12\/2024\/05\/Valle-del-Jerte-profimedia-0837417294-300x200.webp 300w, https:\/\/d2p6e6u75xmxt8.cloudfront.net\/12\/2024\/05\/Valle-del-Jerte-profimedia-0837417294-768x512.webp 768w, https:\/\/d2p6e6u75xmxt8.cloudfront.net\/12\/2024\/05\/Valle-del-Jerte-profimedia-0837417294-400x267.webp 400w, https:\/\/d2p6e6u75xmxt8.cloudfront.net\/12\/2024\/05\/Valle-del-Jerte-profimedia-0837417294-272x182.webp 272w\" sizes=\"auto, (max-width: 990px) 100vw, 990px\" \/><\/a><figcaption id=\"caption-attachment-18523\" class=\"wp-caption-text\">Sz\u00edvd magadba a Valle del Jerte sz\u00e9ps\u00e9g\u00e9t. \u00a9 Profimedia<\/figcaption><\/figure>\n<p><strong>Aj\u00e1nlott koroszt\u00e1ly:<\/strong> 8 \u00e9ves \u00e9s ann\u00e1l id\u0151sebb gyermekek<\/p>\n<p>A t\u00f6rt\u00e9nelmi Plasencia v\u00e1ros\u00e1b\u00f3l \u00e9szaknak indulva eljutsz a leny\u0171g\u00f6z\u0151 Valle del Jerte v\u00f6lgybe, ahol tavasszal vir\u00e1gba bor\u00edtj\u00e1k a vil\u00e1got a cseresznyef\u00e1k. Ez a 30 km-es \u00fat l\u00e9legzetel\u00e1ll\u00edt\u00f3 panor\u00e1m\u00e1t t\u00e1r el\u00e9d, k\u00fcl\u00f6n\u00f6sen cseresznyevir\u00e1gz\u00e1s idej\u00e9n. 8 \u00e9ves \u00e9s ann\u00e1l id\u0151sebb gyermekek sz\u00e1m\u00e1ra alkalmas. Ez az utaz\u00e1s \u00f3ri\u00e1si vizu\u00e1lis \u00e9lm\u00e9nyt \u00e9s egy k\u00f6nnyed t\u00far\u00e1t k\u00edn\u00e1l, egy olyan r\u00e9gi\u00f3ban, amely h\u00edres term\u00e9szeti sz\u00e9ps\u00e9g\u00e9r\u0151l \u00e9s gazdags\u00e1g\u00e1r\u00f3l.<\/p>\n<h2><strong>Merida-t\u00f3l a Proserpina-t\u00e1roz\u00f3ig (kb. 10 km)<\/strong><\/h2>\n<figure id=\"attachment_18524\" aria-describedby=\"caption-attachment-18524\" style=\"width: 990px\" class=\"wp-caption alignnone\"><a href=\"https:\/\/d2p6e6u75xmxt8.cloudfront.net\/12\/2024\/05\/Merida-Roman-Columns-profimedia-0826665809.webp\"><img loading=\"lazy\" decoding=\"async\" class=\"wp-image-18524 size-full\" src=\"https:\/\/d2p6e6u75xmxt8.cloudfront.net\/12\/2024\/05\/Merida-Roman-Columns-profimedia-0826665809.webp\" alt=\"Temple to Diana\" width=\"990\" height=\"660\" srcset=\"https:\/\/d2p6e6u75xmxt8.cloudfront.net\/12\/2024\/05\/Merida-Roman-Columns-profimedia-0826665809.webp 990w, https:\/\/d2p6e6u75xmxt8.cloudfront.net\/12\/2024\/05\/Merida-Roman-Columns-profimedia-0826665809-300x200.webp 300w, https:\/\/d2p6e6u75xmxt8.cloudfront.net\/12\/2024\/05\/Merida-Roman-Columns-profimedia-0826665809-768x512.webp 768w, https:\/\/d2p6e6u75xmxt8.cloudfront.net\/12\/2024\/05\/Merida-Roman-Columns-profimedia-0826665809-400x267.webp 400w, https:\/\/d2p6e6u75xmxt8.cloudfront.net\/12\/2024\/05\/Merida-Roman-Columns-profimedia-0826665809-272x182.webp 272w\" sizes=\"auto, (max-width: 990px) 100vw, 990px\" \/><\/a><figcaption id=\"caption-attachment-18524\" class=\"wp-caption-text\">L\u00e1togasd meg a r\u00f3mai Diana templomot Merid\u00e1ban. \u00a9 Profimedia<\/figcaption><\/figure>\n<p><strong>Aj\u00e1nlott koroszt\u00e1ly:<\/strong> 6 \u00e9ves \u00e9s ann\u00e1l id\u0151sebb gyermekek<\/p>\n<p>Ha egy t\u00f6rt\u00e9nelmi kincsekben gazdag kir\u00e1ndul\u00e1sra v\u00e1gysz, ker\u00e9kp\u00e1rozz \u00e1t a r\u00f3mai Merida v\u00e1ros\u00e1b\u00f3l a r\u00e9gi Proserpina-t\u00e1roz\u00f3hoz. Ez a 10 km-es \u00f6sv\u00e9ny k\u00f6nny\u0171 \u00e9s tanuls\u00e1gos, fiatalabb gyermekek \u00e9s t\u00f6rt\u00e9nelemrajong\u00f3k sz\u00e1m\u00e1ra egyar\u00e1nt t\u00f6k\u00e9letes. Az \u00fat sor\u00e1n Merida n\u00e9h\u00e1ny ikonikus r\u00f3mai romjai mellett haladhattok el, v\u00e9g\u00fcl egy olyan t\u00e1roz\u00f3hoz \u00e9rkeztek, amelyet a r\u00f3mai id\u0151k \u00f3ta haszn\u00e1lnak. Egyed\u00fcl\u00e1ll\u00f3 egyveleg egy t\u00f6rt\u00e9nelmi t\u00far\u00e1nak \u00e9s a term\u00e9szetnek, t\u00f6k\u00e9letes egy nyugodt csal\u00e1di kir\u00e1ndul\u00e1shoz.<\/p>\n<p>Ezek az extremadurai ker\u00e9kp\u00e1ros kalandok nemcsak a r\u00e9gi\u00f3 v\u00e1ltozatos t\u00e1jait \u00e9s gazdag t\u00f6rt\u00e9nelmi m\u00faltj\u00e1t fedik fel, hanem el\u0151seg\u00edtik a k\u00f6z\u00f6s csal\u00e1di \u00e9lm\u00e9nyek \u00f6r\u00f6m\u00e9t, a felfedez\u00e9s izgalm\u00e1t \u00e9s a ker\u00e9kp\u00e1roz\u00e1s egyszer\u0171 \u00e9lvezet\u00e9t Spanyolorsz\u00e1g egyik legelb\u0171v\u00f6l\u0151bb r\u00e9gi\u00f3j\u00e1ban. A t\u00f6rt\u00e9nelmi C\u00e1ceres utc\u00e1it\u00f3l a nyugodt Proserpina-t\u00e1roz\u00f3 viz\u00e9ig Extremadura t\u00e1rt karokkal v\u00e1r, k\u00e9szen arra, hogy felejthetetlen eml\u00e9keket ny\u00fajtson id\u00e9n ny\u00e1ron.<\/p>\n","protected":false},"excerpt":{"rendered":"<p>Extremadura, egy r\u00e9gi\u00f3 Castilia \u00e9s Andal\u00fazia tartom\u00e1nyok k\u00f6z\u00f6tt, buja t\u00e1jaival, t\u00f6rt\u00e9nelmi gazdags\u00e1g\u00e1val \u00e9s kultur\u00e1lis m\u00e9lys\u00e9geivel ide\u00e1lis h\u00e1tteret k\u00edn\u00e1l a csal\u00e1di [&hellip;]<\/p>\n","protected":false},"author":71,"featured_media":18526,"comment_status":"open","ping_status":"open","sticky":false,"template":"","format":"standard","meta":{"footnotes":""},"categories":[11],"tags":[],"global-categories":[],"class_list":["post-18519","post","type-post","status-publish","format-standard","has-post-thumbnail","hentry","category-csalad"],"yoast_head":"<!-- This site is optimized with the Yoast SEO Premium plugin v25.3 (Yoast SEO v25.9) - https:\/\/yoast.com\/wordpress\/plugins\/seo\/ -->\n<title>Csal\u00e1di bring\u00e1s nyaral\u00e1s Extremadur\u00e1ban: Fedezz\u00e9tek fel Spanyolorsz\u00e1g rejtett gy\u00f6ngyszem\u00e9t!<\/title>\n<meta name=\"description\" content=\"Extremadura, egy r\u00e9gi\u00f3 Castilia \u00e9s Andal\u00fazia tartom\u00e1nyok k\u00f6z\u00f6tt, buja t\u00e1jaival, t\u00f6rt\u00e9nelmi gazdags\u00e1g\u00e1val \u00e9s kultur\u00e1lis m\u00e9lys\u00e9geivel ide\u00e1lis h\u00e1tteret k\u00edn\u00e1l a csal\u00e1di ker\u00e9kp\u00e1ros kalandokhoz.\" \/>\n<meta name=\"robots\" content=\"index, follow, max-snippet:-1, max-image-preview:large, max-video-preview:-1\" \/>\n<link rel=\"canonical\" href=\"https:\/\/www.welovecycling.com\/hu\/csalad\/csaladi-bringas-nyaralas-extremaduraban-fedezzetek-fel-spanyolorszag-rejtett-gyongyszemet\/\" \/>\n<meta property=\"og:locale\" content=\"hu_HU\" \/>\n<meta property=\"og:type\" content=\"article\" \/>\n<meta property=\"og:title\" content=\"Csal\u00e1di bring\u00e1s nyaral\u00e1s Extremadur\u00e1ban: Fedezz\u00e9tek fel Spanyolorsz\u00e1g rejtett gy\u00f6ngyszem\u00e9t!\" \/>\n<meta property=\"og:description\" content=\"Extremadura, egy r\u00e9gi\u00f3 Castilia \u00e9s Andal\u00fazia tartom\u00e1nyok k\u00f6z\u00f6tt, buja t\u00e1jaival, t\u00f6rt\u00e9nelmi gazdags\u00e1g\u00e1val \u00e9s kultur\u00e1lis m\u00e9lys\u00e9geivel ide\u00e1lis h\u00e1tteret k\u00edn\u00e1l a csal\u00e1di ker\u00e9kp\u00e1ros kalandokhoz.\" \/>\n<meta property=\"og:url\" content=\"https:\/\/www.welovecycling.com\/hu\/csalad\/csaladi-bringas-nyaralas-extremaduraban-fedezzetek-fel-spanyolorszag-rejtett-gyongyszemet\/\" \/>\n<meta property=\"og:site_name\" content=\"\u0160koda We Love Cycling - Magyarorsz\u00e1g\" \/>\n<meta property=\"article:publisher\" content=\"https:\/\/www.facebook.com\/WeLoveCyclingHungary\/\" \/>\n<meta property=\"article:published_time\" content=\"2024-05-31T06:00:36+00:00\" \/>\n<meta property=\"og:image\" content=\"https:\/\/d2p6e6u75xmxt8.cloudfront.net\/12\/2024\/05\/Extremadura-Monfrague-National-Parkprofimedia-0761723332-CVR-1.webp\" \/>\n\t<meta property=\"og:image:width\" content=\"990\" \/>\n\t<meta property=\"og:image:height\" content=\"660\" \/>\n\t<meta property=\"og:image:type\" content=\"image\/webp\" \/>\n<meta name=\"author\" content=\"hegyizs\" \/>\n<meta name=\"twitter:card\" content=\"summary_large_image\" \/>\n<meta name=\"twitter:label1\" content=\"Written by\" \/>\n\t<meta name=\"twitter:data1\" content=\"Monica Buck\" \/>\n\t<meta name=\"twitter:label2\" content=\"Est. reading time\" \/>\n\t<meta name=\"twitter:data2\" content=\"4\" \/>\n<script type=\"application\/ld+json\" class=\"yoast-schema-graph\">{\"@context\":\"https:\/\/schema.org\",\"@graph\":[{\"@type\":\"WebPage\",\"@id\":\"https:\/\/www.welovecycling.com\/hu\/csalad\/csaladi-bringas-nyaralas-extremaduraban-fedezzetek-fel-spanyolorszag-rejtett-gyongyszemet\/\",\"url\":\"https:\/\/www.welovecycling.com\/hu\/csalad\/csaladi-bringas-nyaralas-extremaduraban-fedezzetek-fel-spanyolorszag-rejtett-gyongyszemet\/\",\"name\":\"Csal\u00e1di bring\u00e1s nyaral\u00e1s Extremadur\u00e1ban: Fedezz\u00e9tek fel Spanyolorsz\u00e1g rejtett gy\u00f6ngyszem\u00e9t!\",\"isPartOf\":{\"@id\":\"https:\/\/www.welovecycling.com\/hu\/#website\"},\"primaryImageOfPage\":{\"@id\":\"https:\/\/www.welovecycling.com\/hu\/csalad\/csaladi-bringas-nyaralas-extremaduraban-fedezzetek-fel-spanyolorszag-rejtett-gyongyszemet\/#primaryimage\"},\"image\":{\"@id\":\"https:\/\/www.welovecycling.com\/hu\/csalad\/csaladi-bringas-nyaralas-extremaduraban-fedezzetek-fel-spanyolorszag-rejtett-gyongyszemet\/#primaryimage\"},\"thumbnailUrl\":\"https:\/\/d2p6e6u75xmxt8.cloudfront.net\/12\/2024\/05\/Extremadura-Monfrague-National-Parkprofimedia-0761723332-CVR-1.webp\",\"datePublished\":\"2024-05-31T06:00:36+00:00\",\"author\":{\"@id\":\"https:\/\/www.welovecycling.com\/hu\/#\/schema\/person\/414a2aebf1801691a5320edb6468e194\"},\"description\":\"Extremadura, egy r\u00e9gi\u00f3 Castilia \u00e9s Andal\u00fazia tartom\u00e1nyok k\u00f6z\u00f6tt, buja t\u00e1jaival, t\u00f6rt\u00e9nelmi gazdags\u00e1g\u00e1val \u00e9s kultur\u00e1lis m\u00e9lys\u00e9geivel ide\u00e1lis h\u00e1tteret k\u00edn\u00e1l a csal\u00e1di ker\u00e9kp\u00e1ros kalandokhoz.\",\"breadcrumb\":{\"@id\":\"https:\/\/www.welovecycling.com\/hu\/csalad\/csaladi-bringas-nyaralas-extremaduraban-fedezzetek-fel-spanyolorszag-rejtett-gyongyszemet\/#breadcrumb\"},\"inLanguage\":\"hu\",\"potentialAction\":[{\"@type\":\"ReadAction\",\"target\":[\"https:\/\/www.welovecycling.com\/hu\/csalad\/csaladi-bringas-nyaralas-extremaduraban-fedezzetek-fel-spanyolorszag-rejtett-gyongyszemet\/\"]}]},{\"@type\":\"ImageObject\",\"inLanguage\":\"hu\",\"@id\":\"https:\/\/www.welovecycling.com\/hu\/csalad\/csaladi-bringas-nyaralas-extremaduraban-fedezzetek-fel-spanyolorszag-rejtett-gyongyszemet\/#primaryimage\",\"url\":\"https:\/\/d2p6e6u75xmxt8.cloudfront.net\/12\/2024\/05\/Extremadura-Monfrague-National-Parkprofimedia-0761723332-CVR-1.webp\",\"contentUrl\":\"https:\/\/d2p6e6u75xmxt8.cloudfront.net\/12\/2024\/05\/Extremadura-Monfrague-National-Parkprofimedia-0761723332-CVR-1.webp\",\"width\":990,\"height\":660},{\"@type\":\"BreadcrumbList\",\"@id\":\"https:\/\/www.welovecycling.com\/hu\/csalad\/csaladi-bringas-nyaralas-extremaduraban-fedezzetek-fel-spanyolorszag-rejtett-gyongyszemet\/#breadcrumb\",\"itemListElement\":[{\"@type\":\"ListItem\",\"position\":1,\"name\":\"Home\",\"item\":\"https:\/\/www.welovecycling.com\/hu\/\"},{\"@type\":\"ListItem\",\"position\":2,\"name\":\"Csal\u00e1di bring\u00e1s nyaral\u00e1s Extremadur\u00e1ban: Fedezz\u00e9tek fel Spanyolorsz\u00e1g rejtett gy\u00f6ngyszem\u00e9t!\"}]},{\"@type\":\"WebSite\",\"@id\":\"https:\/\/www.welovecycling.com\/hu\/#website\",\"url\":\"https:\/\/www.welovecycling.com\/hu\/\",\"name\":\"\u0160koda We Love Cycling - Magyarorsz\u00e1g\",\"description\":\"\u0160koda WeLoveCycling\",\"potentialAction\":[{\"@type\":\"SearchAction\",\"target\":{\"@type\":\"EntryPoint\",\"urlTemplate\":\"https:\/\/www.welovecycling.com\/hu\/?s={search_term_string}\"},\"query-input\":{\"@type\":\"PropertyValueSpecification\",\"valueRequired\":true,\"valueName\":\"search_term_string\"}}],\"inLanguage\":\"hu\"},{\"@type\":\"Person\",\"@id\":\"https:\/\/www.welovecycling.com\/hu\/#\/schema\/person\/414a2aebf1801691a5320edb6468e194\",\"name\":\"hegyizs\",\"image\":{\"@type\":\"ImageObject\",\"inLanguage\":\"hu\",\"@id\":\"https:\/\/www.welovecycling.com\/hu\/#\/schema\/person\/image\/\",\"url\":\"https:\/\/secure.gravatar.com\/avatar\/02cf8a7906b8cf90cecb4679defac7cfd33a1c2e3b88e4903d947f3bb58eedd3?s=96&d=mm&r=g\",\"contentUrl\":\"https:\/\/secure.gravatar.com\/avatar\/02cf8a7906b8cf90cecb4679defac7cfd33a1c2e3b88e4903d947f3bb58eedd3?s=96&d=mm&r=g\",\"caption\":\"hegyizs\"},\"url\":\"https:\/\/www.welovecycling.com\/hu\/author\/hegyizs\/\"}]}<\/script>\n<!-- \/ Yoast SEO Premium plugin. -->","yoast_head_json":{"title":"Csal\u00e1di bring\u00e1s nyaral\u00e1s Extremadur\u00e1ban: Fedezz\u00e9tek fel Spanyolorsz\u00e1g rejtett gy\u00f6ngyszem\u00e9t!","description":"Extremadura, egy r\u00e9gi\u00f3 Castilia \u00e9s Andal\u00fazia tartom\u00e1nyok k\u00f6z\u00f6tt, buja t\u00e1jaival, t\u00f6rt\u00e9nelmi gazdags\u00e1g\u00e1val \u00e9s kultur\u00e1lis m\u00e9lys\u00e9geivel ide\u00e1lis h\u00e1tteret k\u00edn\u00e1l a csal\u00e1di ker\u00e9kp\u00e1ros kalandokhoz.","robots":{"index":"index","follow":"follow","max-snippet":"max-snippet:-1","max-image-preview":"max-image-preview:large","max-video-preview":"max-video-preview:-1"},"canonical":"https:\/\/www.welovecycling.com\/hu\/csalad\/csaladi-bringas-nyaralas-extremaduraban-fedezzetek-fel-spanyolorszag-rejtett-gyongyszemet\/","og_locale":"hu_HU","og_type":"article","og_title":"Csal\u00e1di bring\u00e1s nyaral\u00e1s Extremadur\u00e1ban: Fedezz\u00e9tek fel Spanyolorsz\u00e1g rejtett gy\u00f6ngyszem\u00e9t!","og_description":"Extremadura, egy r\u00e9gi\u00f3 Castilia \u00e9s Andal\u00fazia tartom\u00e1nyok k\u00f6z\u00f6tt, buja t\u00e1jaival, t\u00f6rt\u00e9nelmi gazdags\u00e1g\u00e1val \u00e9s kultur\u00e1lis m\u00e9lys\u00e9geivel ide\u00e1lis h\u00e1tteret k\u00edn\u00e1l a csal\u00e1di ker\u00e9kp\u00e1ros kalandokhoz.","og_url":"https:\/\/www.welovecycling.com\/hu\/csalad\/csaladi-bringas-nyaralas-extremaduraban-fedezzetek-fel-spanyolorszag-rejtett-gyongyszemet\/","og_site_name":"\u0160koda We Love Cycling - Magyarorsz\u00e1g","article_publisher":"https:\/\/www.facebook.com\/WeLoveCyclingHungary\/","article_published_time":"2024-05-31T06:00:36+00:00","og_image":[{"width":990,"height":660,"url":"https:\/\/d2p6e6u75xmxt8.cloudfront.net\/12\/2024\/05\/Extremadura-Monfrague-National-Parkprofimedia-0761723332-CVR-1.webp","type":"image\/webp"}],"author":"hegyizs","twitter_card":"summary_large_image","twitter_misc":{"Written by":"Monica Buck","Est. reading time":"4"},"schema":{"@context":"https:\/\/schema.org","@graph":[{"@type":"WebPage","@id":"https:\/\/www.welovecycling.com\/hu\/csalad\/csaladi-bringas-nyaralas-extremaduraban-fedezzetek-fel-spanyolorszag-rejtett-gyongyszemet\/","url":"https:\/\/www.welovecycling.com\/hu\/csalad\/csaladi-bringas-nyaralas-extremaduraban-fedezzetek-fel-spanyolorszag-rejtett-gyongyszemet\/","name":"Csal\u00e1di bring\u00e1s nyaral\u00e1s Extremadur\u00e1ban: Fedezz\u00e9tek fel Spanyolorsz\u00e1g rejtett gy\u00f6ngyszem\u00e9t!","isPartOf":{"@id":"https:\/\/www.welovecycling.com\/hu\/#website"},"primaryImageOfPage":{"@id":"https:\/\/www.welovecycling.com\/hu\/csalad\/csaladi-bringas-nyaralas-extremaduraban-fedezzetek-fel-spanyolorszag-rejtett-gyongyszemet\/#primaryimage"},"image":{"@id":"https:\/\/www.welovecycling.com\/hu\/csalad\/csaladi-bringas-nyaralas-extremaduraban-fedezzetek-fel-spanyolorszag-rejtett-gyongyszemet\/#primaryimage"},"thumbnailUrl":"https:\/\/d2p6e6u75xmxt8.cloudfront.net\/12\/2024\/05\/Extremadura-Monfrague-National-Parkprofimedia-0761723332-CVR-1.webp","datePublished":"2024-05-31T06:00:36+00:00","author":{"@id":"https:\/\/www.welovecycling.com\/hu\/#\/schema\/person\/414a2aebf1801691a5320edb6468e194"},"description":"Extremadura, egy r\u00e9gi\u00f3 Castilia \u00e9s Andal\u00fazia tartom\u00e1nyok k\u00f6z\u00f6tt, buja t\u00e1jaival, t\u00f6rt\u00e9nelmi gazdags\u00e1g\u00e1val \u00e9s kultur\u00e1lis m\u00e9lys\u00e9geivel ide\u00e1lis h\u00e1tteret k\u00edn\u00e1l a csal\u00e1di ker\u00e9kp\u00e1ros kalandokhoz.","breadcrumb":{"@id":"https:\/\/www.welovecycling.com\/hu\/csalad\/csaladi-bringas-nyaralas-extremaduraban-fedezzetek-fel-spanyolorszag-rejtett-gyongyszemet\/#breadcrumb"},"inLanguage":"hu","potentialAction":[{"@type":"ReadAction","target":["https:\/\/www.welovecycling.com\/hu\/csalad\/csaladi-bringas-nyaralas-extremaduraban-fedezzetek-fel-spanyolorszag-rejtett-gyongyszemet\/"]}]},{"@type":"ImageObject","inLanguage":"hu","@id":"https:\/\/www.welovecycling.com\/hu\/csalad\/csaladi-bringas-nyaralas-extremaduraban-fedezzetek-fel-spanyolorszag-rejtett-gyongyszemet\/#primaryimage","url":"https:\/\/d2p6e6u75xmxt8.cloudfront.net\/12\/2024\/05\/Extremadura-Monfrague-National-Parkprofimedia-0761723332-CVR-1.webp","contentUrl":"https:\/\/d2p6e6u75xmxt8.cloudfront.net\/12\/2024\/05\/Extremadura-Monfrague-National-Parkprofimedia-0761723332-CVR-1.webp","width":990,"height":660},{"@type":"BreadcrumbList","@id":"https:\/\/www.welovecycling.com\/hu\/csalad\/csaladi-bringas-nyaralas-extremaduraban-fedezzetek-fel-spanyolorszag-rejtett-gyongyszemet\/#breadcrumb","itemListElement":[{"@type":"ListItem","position":1,"name":"Home","item":"https:\/\/www.welovecycling.com\/hu\/"},{"@type":"ListItem","position":2,"name":"Csal\u00e1di bring\u00e1s nyaral\u00e1s Extremadur\u00e1ban: Fedezz\u00e9tek fel Spanyolorsz\u00e1g rejtett gy\u00f6ngyszem\u00e9t!"}]},{"@type":"WebSite","@id":"https:\/\/www.welovecycling.com\/hu\/#website","url":"https:\/\/www.welovecycling.com\/hu\/","name":"\u0160koda We Love Cycling - Magyarorsz\u00e1g","description":"\u0160koda WeLoveCycling","potentialAction":[{"@type":"SearchAction","target":{"@type":"EntryPoint","urlTemplate":"https:\/\/www.welovecycling.com\/hu\/?s={search_term_string}"},"query-input":{"@type":"PropertyValueSpecification","valueRequired":true,"valueName":"search_term_string"}}],"inLanguage":"hu"},{"@type":"Person","@id":"https:\/\/www.welovecycling.com\/hu\/#\/schema\/person\/414a2aebf1801691a5320edb6468e194","name":"hegyizs","image":{"@type":"ImageObject","inLanguage":"hu","@id":"https:\/\/www.welovecycling.com\/hu\/#\/schema\/person\/image\/","url":"https:\/\/secure.gravatar.com\/avatar\/02cf8a7906b8cf90cecb4679defac7cfd33a1c2e3b88e4903d947f3bb58eedd3?s=96&d=mm&r=g","contentUrl":"https:\/\/secure.gravatar.com\/avatar\/02cf8a7906b8cf90cecb4679defac7cfd33a1c2e3b88e4903d947f3bb58eedd3?s=96&d=mm&r=g","caption":"hegyizs"},"url":"https:\/\/www.welovecycling.com\/hu\/author\/hegyizs\/"}]}},"_links":{"self":[{"href":"https:\/\/www.welovecycling.com\/hu\/wp-json\/wp\/v2\/posts\/18519","targetHints":{"allow":["GET"]}}],"collection":[{"href":"https:\/\/www.welovecycling.com\/hu\/wp-json\/wp\/v2\/posts"}],"about":[{"href":"https:\/\/www.welovecycling.com\/hu\/wp-json\/wp\/v2\/types\/post"}],"author":[{"embeddable":true,"href":"https:\/\/www.welovecycling.com\/hu\/wp-json\/wp\/v2\/users\/71"}],"replies":[{"embeddable":true,"href":"https:\/\/www.welovecycling.com\/hu\/wp-json\/wp\/v2\/comments?post=18519"}],"version-history":[{"count":2,"href":"https:\/\/www.welovecycling.com\/hu\/wp-json\/wp\/v2\/posts\/18519\/revisions"}],"predecessor-version":[{"id":18528,"href":"https:\/\/www.welovecycling.com\/hu\/wp-json\/wp\/v2\/posts\/18519\/revisions\/18528"}],"wp:featuredmedia":[{"embeddable":true,"href":"https:\/\/www.welovecycling.com\/hu\/wp-json\/wp\/v2\/media\/18526"}],"wp:attachment":[{"href":"https:\/\/www.welovecycling.com\/hu\/wp-json\/wp\/v2\/media?parent=18519"}],"wp:term":[{"taxonomy":"category","embeddable":true,"href":"https:\/\/www.welovecycling.com\/hu\/wp-json\/wp\/v2\/categories?post=18519"},{"taxonomy":"post_tag","embeddable":true,"href":"https:\/\/www.welovecycling.com\/hu\/wp-json\/wp\/v2\/tags?post=18519"},{"taxonomy":"global-categories","embeddable":true,"href":"https:\/\/www.welovecycling.com\/hu\/wp-json\/wp\/v2\/global-categories?post=18519"}],"curies":[{"name":"wp","href":"https:\/\/api.w.org\/{rel}","templated":true}]}}