{"id":18516,"date":"2024-05-29T08:00:43","date_gmt":"2024-05-29T06:00:43","guid":{"rendered":"https:\/\/www.welovecycling.com\/hu\/?p=18516"},"modified":"2024-05-24T10:39:01","modified_gmt":"2024-05-24T08:39:01","slug":"biciklizz-a-mentalis-egeszsegedert","status":"publish","type":"post","link":"https:\/\/www.welovecycling.com\/hu\/edzes-es-eletmod\/biciklizz-a-mentalis-egeszsegedert\/","title":{"rendered":"Biciklizz a ment\u00e1lis eg\u00e9szs\u00e9ged\u00e9rt!"},"content":{"rendered":"<p><strong>K\u00e9pzeld el, hogy frissebbnek, boldogabbnak \u00e9s energikusabbnak \u00e9rzed magad, egyszer\u0171en csak az\u00e9rt, mert kim\u00e9sz a szabadba \u00e9s \u00e9lvezed a tavaszi naps\u00fct\u00e9st. T\u00fal sz\u00e9pnek hangzik, hogy igaz legyen, ugye? Nem felt\u00e9tlen\u00fcl. Tudtad, hogy a kutat\u00e1sok szerint a testmozg\u00e1s \u00faj agysejtek n\u00f6veked\u00e9s\u00e9t serkenthetik?<\/strong><\/p>\n<p><!--more--><\/p>\n<p>Term\u00e9szetesen nem el\u0151sz\u00f6r hallunk arr\u00f3l, hogy a testmozg\u00e1s, p\u00e9ld\u00e1ul a ker\u00e9kp\u00e1roz\u00e1s, jav\u00edtja a kognit\u00edv funkci\u00f3kat \u00e9s a hangulatot. Rengeteg bizony\u00edt\u00e9k t\u00e1masztja al\u00e1 azt, amit sokan intuit\u00edvan tudunk: a testmozg\u00e1s nem csak a fizikai fitts\u00e9gr\u0151l sz\u00f3l; fontos eszk\u00f6z a ment\u00e1lis eg\u00e9szs\u00e9g jav\u00edt\u00e1s\u00e1ban is. Tanulm\u00e1nyok kimutatt\u00e1k, hogy r\u00f6vid t\u00e1v\u00fa kognit\u00edv el\u0151ny\u00f6kkel j\u00e1r, jav\u00edtja a mem\u00f3ri\u00e1t \u00e9s a f\u00f3kuszt.<\/p>\n<p>\u00c9s nem feledkezhet\u00fcnk meg a hangulatjav\u00edt\u00f3 hat\u00e1s\u00e1r\u00f3l sem. A testmozg\u00e1s endorfint \u00e9s szerotonint szabad\u00edt fel, amelyek j\u00f3 \u00e9rz\u00e9st keltenek benned \u2013 t\u00f6k\u00e9letes ellenszere a stressznek \u00e9s a rosszkedvnek.<\/p>\n<p>N\u00e9zz\u00fck meg a tudom\u00e1nyos magyar\u00e1zatot arra, hogyan jav\u00edtja a ment\u00e1lis eg\u00e9szs\u00e9get a ker\u00e9kp\u00e1roz\u00e1s, \u00e9s hogyan haszn\u00e1lhatod ezt az izgalmas tev\u00e9kenys\u00e9get, hogy t\u00e9nyleg j\u00f3l legy\u00e9l id\u00e9n ny\u00e1ron!<\/p>\n<h2><strong>A ker\u00e9kp\u00e1roz\u00e1s, ami az egekbe rep\u00edt<\/strong><\/h2>\n<p>Nem csak meg\u00e9rz\u00e9s, tudom\u00e1nyos alapja is van a ker\u00e9kp\u00e1roz\u00e1s j\u00f3t\u00e9kony hat\u00e1sainak. Nem csak \u00faj agysejtek gener\u00e1l\u00e1s\u00e1ban j\u00e1tszhat k\u00f6zre a sportol\u00e1s, de sz\u00e1mos m\u00e1s oka is van, hogy jobban \u00e9rzed magad t\u0151le ment\u00e1lisan is:<\/p>\n<p><strong><em>Naps\u00fct\u00e9s \u00e9s D-vitamin:<\/em> <\/strong>A tavaszi \u00e9s ny\u00e1ri naps\u00fct\u00e9s gazdag D-vitamin forr\u00e1s, amely l\u00e9tfontoss\u00e1g\u00fa t\u00e1panyag az \u00e1ltal\u00e1nos eg\u00e9szs\u00e9ghez, bele\u00e9rtve a ment\u00e1lis j\u00f3l\u00e9tet is. M\u00e1r t\u00f6bb tanulm\u00e1ny is kimutatta az alacsony D-vitamin szint \u00e9s a depresszi\u00f3 k\u00f6z\u00f6tti er\u0151s \u00f6sszef\u00fcgg\u00e9st. A napf\u00e9ny seg\u00edt a szervezetnek D-vitamint termelni, amely szab\u00e1lyozza a szerotonint, egy kulcsfontoss\u00e1g\u00fa neurotranszmittert, mely a hangulat stabilit\u00e1s\u00e1ban j\u00e1tszik szerepet. Teh\u00e1t azok a tavaszi \u00e9s ny\u00e1ri t\u00far\u00e1k, amelyek b\u0151s\u00e9ges naps\u00fct\u00e9st k\u00edn\u00e1lnak, term\u00e9szetes hangulatjav\u00edt\u00f3k.<\/p>\n<p><strong><em>Az endokannabinoid rendszer \u00e9s a testmozg\u00e1s kapcsolata<\/em>:<\/strong> Az az emelkedett \u00e1llapot, amit egy j\u00f3 bringat\u00fara ut\u00e1n \u00e9rzel, nem csak a k\u00e9pzeleted sz\u00fclem\u00e9nye. A testmozg\u00e1s serkenti a szervezet endokannabinoid rendszer\u00e9t, amely term\u00e9szetes kannabinoidokat termel. Ezek a kannabinoidok szerepet j\u00e1tszanak a hangulat, a f\u00e1jdalom\u00e9rz\u00e9kel\u00e9s \u00e9s a jutalom-\u00e9rzet feldolgoz\u00e1s\u00e1nak szab\u00e1lyoz\u00e1s\u00e1ban, hozz\u00e1j\u00e1rulva a testmozg\u00e1ssal j\u00e1r\u00f3 euf\u00f3ria \u00e9s ellazul\u00e1s \u00e9rz\u00e9s\u00e9hez.<\/p>\n<p><strong><em>Mozg\u00e1s \u00e9s mindfulness<\/em><\/strong>: A ker\u00e9kp\u00e1roz\u00e1s \u00e9rt\u00e9kes medit\u00e1ci\u00f3s forma. A ritmikus ped\u00e1loz\u00e1s \u00e9s a k\u00f6rnyezet navig\u00e1l\u00e1s\u00e1hoz sz\u00fcks\u00e9ges f\u00f3kusz\u00e1l\u00e1s egyfajta tudatos jelenl\u00e9t, vagyis a \u201cmindfulness\u201d \u00e1llapot\u00e1ba rep\u00edt. Lehet\u0151v\u00e9 teszi, hogy elt\u00e1volodj a mindennapi aggodalmakt\u00f3l \u00e9s jelen legy\u00e9l a pillanatban. Ez a fajta gyakorlat cs\u00f6kkenti a stresszt, jav\u00edtja a f\u00f3kuszt \u00e9s n\u00f6veli az \u00e1ltal\u00e1nos j\u00f3l\u00e9tet. Tanulm\u00e1nyok kimutatt\u00e1k, hogy a mindfulness medit\u00e1ci\u00f3 hat\u00e9kony lehet a szorong\u00e1s \u00e9s a depresszi\u00f3 kezel\u00e9s\u00e9ben.<\/p>\n<figure id=\"attachment_18517\" aria-describedby=\"caption-attachment-18517\" style=\"width: 990px\" class=\"wp-caption alignnone\"><a href=\"https:\/\/d2p6e6u75xmxt8.cloudfront.net\/12\/2024\/05\/Alps-Cycling-profimedia-0835688511-CVR.webp\"><img loading=\"lazy\" decoding=\"async\" class=\"wp-image-18517 size-full\" src=\"https:\/\/d2p6e6u75xmxt8.cloudfront.net\/12\/2024\/05\/Alps-Cycling-profimedia-0835688511-CVR.webp\" alt=\"Cycling in Alps\" width=\"990\" height=\"660\" srcset=\"https:\/\/d2p6e6u75xmxt8.cloudfront.net\/12\/2024\/05\/Alps-Cycling-profimedia-0835688511-CVR.webp 990w, https:\/\/d2p6e6u75xmxt8.cloudfront.net\/12\/2024\/05\/Alps-Cycling-profimedia-0835688511-CVR-300x200.webp 300w, https:\/\/d2p6e6u75xmxt8.cloudfront.net\/12\/2024\/05\/Alps-Cycling-profimedia-0835688511-CVR-768x512.webp 768w, https:\/\/d2p6e6u75xmxt8.cloudfront.net\/12\/2024\/05\/Alps-Cycling-profimedia-0835688511-CVR-400x267.webp 400w, https:\/\/d2p6e6u75xmxt8.cloudfront.net\/12\/2024\/05\/Alps-Cycling-profimedia-0835688511-CVR-272x182.webp 272w\" sizes=\"auto, (max-width: 990px) 100vw, 990px\" \/><\/a><figcaption id=\"caption-attachment-18517\" class=\"wp-caption-text\">Az az emelkedett \u00e1llapot, amit egy j\u00f3 bringat\u00fara ut\u00e1n \u00e9rzel, nem csak a k\u00e9pzeleted sz\u00fclem\u00e9nye. \u00a9 Profimedia<\/figcaption><\/figure>\n<h2><strong>A ker\u00e9kp\u00e1roz\u00e1s t\u00e1rsadalmi \u00e9s \u00e9rzelmi el\u0151nyei<\/strong><\/h2>\n<p>Term\u00e9szetesen a ker\u00e9kp\u00e1roz\u00e1s ment\u00e1lis eg\u00e9szs\u00e9g\u00fcgyi el\u0151nyei t\u00falmutatnak a fiziol\u00f3giai hat\u00e1sokon. A ker\u00e9kp\u00e1roz\u00e1s t\u00e1rsas tev\u00e9kenys\u00e9g is lehet, ezesetben pedig el\u0151seg\u00edti a kapcsol\u00f3d\u00e1s \u00e9s az \u00f6sszetartoz\u00e1s \u00e9rz\u00e9s\u00e9t. Egy ker\u00e9kp\u00e1ros csoporthoz val\u00f3 csatlakoz\u00e1s vagy egy bar\u00e1ttal val\u00f3 bicikliz\u00e9s t\u00e1rsas interakci\u00f3t ny\u00fajthat, amely l\u00e9tfontoss\u00e1g\u00fa a ment\u00e1lis j\u00f3l\u00e9t szempontj\u00e1b\u00f3l.<\/p>\n<p>Ezenk\u00edv\u00fcl a ker\u00e9kp\u00e1roz\u00e1s n\u00f6velheti az \u00f6nbecs\u00fcl\u00e9st \u00e9s a szem\u00e9lyes fejl\u0151d\u00e9s \u00e9rzet\u00e9t. Egy kih\u00edv\u00e1st jelent\u0151 t\u00fara teljes\u00edt\u00e9se vagy egy \u00faj egy\u00e9ni c\u00e9l el\u00e9r\u00e9se hihetetlen\u00fcl j\u00f3 \u00e9rz\u00e9s lehet, n\u00f6veli az \u00f6nbizalmas \u00e9s a magabiztoss\u00e1got, amely m\u00e1s \u00e9letter\u00fcletekre is \u00e1tterjed.<\/p>\n<h2><strong>A ment\u00e1lis eg\u00e9szs\u00e9g hossz\u00fa t\u00e1v\u00fa v\u00e9delme<\/strong><\/h2>\n<p>Tal\u00e1n a legmeglep\u0151bb, hogy a rendszeres testmozg\u00e1s v\u00e9delmet ny\u00fajthat neurodegenerat\u00edv betegs\u00e9gek, p\u00e9ld\u00e1ul az Alzheimer-k\u00f3r \u00e9s a demencia ellen is. A kutat\u00f3k \u00fagy v\u00e9lik, hogy ez a var\u00e1zslat egy sor sejtszint\u0171 v\u00e1ltoz\u00e1son kereszt\u00fcl t\u00f6rt\u00e9nik. Amikor mozogsz, az izmaid molekul\u00e1kat szabad\u00edtanak fel, melyek elv\u00e1ndorolnak az agyba, \u00e9s n\u00e9melyik neuroprotekt\u00edv tulajdons\u00e1gokkal rendelkezik. A testmozg\u00e1s jav\u00edtja a v\u00e9r\u00e1raml\u00e1st \u00e9s serkenti az \u00faj v\u00e9rerek n\u00f6veked\u00e9s\u00e9t az agyban, l\u00e9trehozva ezzel egy \u201caut\u00f3p\u00e1ly\u00e1t\u201d ezeknek a j\u00f3t\u00e9kony molekul\u00e1knak.<\/p>\n<p>Amikor ezek a jelek meg\u00e9rkeznek, az agy felszabad\u00edtja saj\u00e1t szt\u00e1rj\u00e1t\u00e9kos\u00e1t: az agyi eredet\u0171 neurotr\u00f3f faktort (BDNF). Gondolj \u00fagy a BDNF-re, mint egy agyi t\u00e1poldatra, amely el\u0151seg\u00edti a neuronok eg\u00e9szs\u00e9g\u00e9t \u00e9s az \u00faj kapcsolatok kialakul\u00e1s\u00e1t \u2013 ez pedig ellen\u00e1ll\u00f3bba teszi az agyat, jav\u00edtja a mem\u00f3ri\u00e1t \u00e9s a teljes\u00edtm\u00e9nyt is.<\/p>\n<p>Az el\u0151ny\u00f6k m\u00e9g er\u0151sebbek id\u0151sebb feln\u0151ttek eset\u00e9ben: n\u00e1luk a testmozg\u00e1s seg\u00edthet ellens\u00falyozni az agyt\u00e9rfogat term\u00e9szetes cs\u00f6kken\u00e9s\u00e9t. Tanulm\u00e1nyok kimutatt\u00e1k, hogy a rendszeres testmozg\u00e1s megakad\u00e1lyozhatja a hippokampusz zsugorod\u00e1s\u00e1t, amely mind a depresszi\u00f3, mind az Alzheimer-k\u00f3r jellegzetess\u00e9ge.<\/p>\n<h2><strong>Szem\u00e9lyre szabott megold\u00e1sok<\/strong><\/h2>\n<p>A ker\u00e9kp\u00e1roz\u00e1s sz\u00e9ps\u00e9ge &#8211; mint ment\u00e1lis eg\u00e9szs\u00e9g\u00fcgyi eszk\u00f6z -, a sokoldal\u00fas\u00e1g\u00e1ban rejlik. Ak\u00e1r gyors stresszold\u00f3t, ak\u00e1r nyugodt kikapcsol\u00f3d\u00e1st, ak\u00e1r a m\u00e1sokkal val\u00f3 kapcsol\u00f3d\u00e1st keresed, a sport mindig seg\u00edt.<\/p>\n<p>\u00cdme n\u00e9h\u00e1ny m\u00f3dja annak, hogyan szabhatod szem\u00e9lyre a ker\u00e9kp\u00e1roz\u00e1s \u00e9lm\u00e9ny\u00e9t, hogy min\u00e9l ink\u00e1bb kimaxolhasd a ment\u00e1lis eg\u00e9szs\u00e9g\u00fcgyi el\u0151nyeit:<\/p>\n<p><strong><em>Nagy intenzit\u00e1s\u00fa intervallum edz\u00e9s (HIIT) stresszold\u00e1shoz:<\/em><\/strong> Tanulm\u00e1nyok kimutatt\u00e1k, hogy a HIIT edz\u00e9sek, amelyek intenz\u00edv er\u0151fesz\u00edt\u00e9s id\u0151szakait pihen\u00e9ssel v\u00e1ltogatj\u00e1k, hat\u00e9konyan cs\u00f6kkenthetik a stresszt \u00e9s a szorong\u00e1st. Be\u00e9p\u00edtheted a HIIT-et a ker\u00e9kp\u00e1roz\u00e1sba, ha r\u00f6vid gyorsas\u00e1gi kit\u00f6r\u00e9seket iktatsz be a t\u00far\u00e1idba.<\/p>\n<p><strong><em>Mindful ker\u00e9kp\u00e1roz\u00e1s a kikapcsol\u00f3d\u00e1shoz<\/em><\/strong>: N\u00e9ha csak ki kell szakadni a ny\u00fczsg\u00e9sb\u0151l \u00e9s \u00fajra kapcsolatba l\u00e9pni a term\u00e9szettel \u00e9s \u00f6nmagaddal. Indulj el egy t\u00far\u00e1ra, \u00e9s \u00f6sszpontos\u00edts a ped\u00e1loz\u00e1s ritmus\u00e1ra, a sz\u00e9l \u00e9rzet\u00e9re a b\u0151r\u00f6d\u00f6n \u00e9s a k\u00f6r\u00fcl\u00f6tted l\u00e9v\u0151 l\u00e1tv\u00e1nyra \u00e9s hangokra. Ez a tudatos megk\u00f6zel\u00edt\u00e9s seg\u00edthet lecsendes\u00edteni az elm\u00e9d \u00e9s jelen lenni a pillanatban.<\/p>\n<p><strong><em>Csoportos ker\u00e9kp\u00e1roz\u00e1s a kapcsol\u00f3d\u00e1sok\u00e9rt:<\/em><\/strong> Ha levertnek \u00e9rzed magad \u00e9s nem tudod, mi\u00e9rt, egy helyi ker\u00e9kp\u00e1ros csoporthoz val\u00f3 csatlakoz\u00e1s vagy egy bar\u00e1ttal val\u00f3 t\u00far\u00e1z\u00e1s m\u00e9lyrehat\u00f3 el\u0151ny\u00f6ket ny\u00fajthat. A t\u00e1rsas interakci\u00f3 \u00e9s a k\u00f6z\u00f6s \u00e9lm\u00e9nyek er\u0151teljes ellenszerei lehetnek a mag\u00e1nyoss\u00e1gnak \u00e9s az elszigetelts\u00e9gnek.<\/p>\n<p><strong><em>Kih\u00edv\u00e1s magadnak az \u00f6nbizalom n\u00f6vel\u00e9s\u00e9hez:<\/em><\/strong> Amikor a motiv\u00e1ci\u00f3d \u00e9s az \u00f6nbecs\u00fcl\u00e9sed lecs\u00f6kken, lehet, hogy itt az ideje, hogy el\u00e9rhet\u0151 c\u00e9lokat t\u0171zz ki magad el\u00e9, \u00e9s fokozatosan l\u00e9pegess fel\u00e9j\u00fck. Egy kih\u00edv\u00e1st jelent\u0151 t\u00fara teljes\u00edt\u00e9se vagy egy nagyobb t\u00e1vols\u00e1g megt\u00e9tele er\u0151teljes \u00f6nbizalomn\u00f6vel\u0151 lehet.<\/p>\n<h2><strong>Egy fontos darab a kirak\u00f3sban<\/strong><\/h2>\n<p>Igen, a ker\u00e9kp\u00e1roz\u00e1s sz\u00e1mos el\u0151nyt k\u00edn\u00e1l a ment\u00e1lis j\u00f3l\u00e9t szempontj\u00e1b\u00f3l. Azonban fontos megjegyezni, hogy s\u00falyos ment\u00e1lis eg\u00e9szs\u00e9gi probl\u00e9m\u00e1kkal k\u00fczd\u0151 egy\u00e9nek eset\u00e9ben a ker\u00e9kp\u00e1roz\u00e1sra kieg\u00e9sz\u00edt\u0151 strat\u00e9giak\u00e9nt kell tekinteni, nem pedig \u00f6n\u00e1ll\u00f3 megold\u00e1sk\u00e9nt.<\/p>\n<p>Ha tart\u00f3s depresszi\u00f3, szorong\u00e1s vagy m\u00e1s ment\u00e1lis eg\u00e9szs\u00e9g\u00fcgyi \u00e1llapot t\u00fcneteit tapasztalod, fontos szakmai seg\u00edts\u00e9get k\u00e9rni. A ker\u00e9kp\u00e1roz\u00e1s hat\u00e9kony eszk\u00f6z lehet a kezel\u00e9si terv t\u00e1mogat\u00e1s\u00e1ban, de nem helyettes\u00edtheti a k\u00e9pzett ment\u00e1lis eg\u00e9szs\u00e9g\u00fcgyi szakemberek ir\u00e1ny\u00edt\u00e1s\u00e1t \u00e9s t\u00e1mogat\u00e1s\u00e1t!<\/p>\n<p>M\u00e9g meg is besz\u00e9lheted a ker\u00e9kp\u00e1roz\u00e1si c\u00e9ljaidat a terapeut\u00e1ddal vagy orvosoddal, hogy biztosan illeszkedjenek a kezel\u00e9si tervedhez. Kezdd fokozatosan, figyelj a testedre, \u00e9s ne habozz m\u00f3dos\u00edtani a ker\u00e9kp\u00e1roz\u00e1si rutinodat, ha sz\u00fcks\u00e9ges.<\/p>\n<p>Ha be\u00e9p\u00edted a ker\u00e9kp\u00e1roz\u00e1st a ment\u00e1lis eg\u00e9szs\u00e9ges\u00e9rt kialak\u00edtott rutinodba, kihaszn\u00e1lhatod a sport erej\u00e9t. M\u00e1r melegszik az id\u0151\u00a0 \u2013 \u00e9lvezd a tavaszi naps\u00fct\u00e9st, pattanj fel a biciklidre, \u00e9s tekerj egy boldogabb \u00e9s kiegyens\u00falyozottabb \u00e9ned fel\u00e9!<\/p>\n","protected":false},"excerpt":{"rendered":"<p>K\u00e9pzeld el, hogy frissebbnek, boldogabbnak \u00e9s energikusabbnak \u00e9rzed magad, egyszer\u0171en csak az\u00e9rt, mert kim\u00e9sz a szabadba \u00e9s \u00e9lvezed a tavaszi [&hellip;]<\/p>\n","protected":false},"author":71,"featured_media":16951,"comment_status":"open","ping_status":"open","sticky":false,"template":"","format":"standard","meta":{"footnotes":""},"categories":[6],"tags":[],"global-categories":[],"class_list":["post-18516","post","type-post","status-publish","format-standard","has-post-thumbnail","hentry","category-edzes-es-eletmod"],"yoast_head":"<!-- This site is optimized with the Yoast SEO Premium plugin v25.3 (Yoast SEO v25.9) - https:\/\/yoast.com\/wordpress\/plugins\/seo\/ -->\n<title>Biciklizz a ment\u00e1lis eg\u00e9szs\u00e9ged\u00e9rt!<\/title>\n<meta name=\"description\" content=\"K\u00e9pzeld el, hogy frissebbnek, boldogabbnak \u00e9s energikusabbnak \u00e9rzed magad, egyszer\u0171en csak az\u00e9rt, mert kim\u00e9sz a szabadba \u00e9s \u00e9lvezed a tavaszi naps\u00fct\u00e9st. T\u00fal sz\u00e9pnek hangzik, hogy igaz legyen, ugye? Nem felt\u00e9tlen\u00fcl. Tudtad, hogy a kutat\u00e1sok szerint a testmozg\u00e1s \u00faj agysejtek n\u00f6veked\u00e9s\u00e9t serkenthetik?\" \/>\n<meta name=\"robots\" content=\"index, follow, max-snippet:-1, max-image-preview:large, max-video-preview:-1\" \/>\n<link rel=\"canonical\" href=\"https:\/\/www.welovecycling.com\/hu\/edzes-es-eletmod\/biciklizz-a-mentalis-egeszsegedert\/\" \/>\n<meta property=\"og:locale\" content=\"hu_HU\" \/>\n<meta property=\"og:type\" content=\"article\" \/>\n<meta property=\"og:title\" content=\"Biciklizz a ment\u00e1lis eg\u00e9szs\u00e9ged\u00e9rt!\" \/>\n<meta property=\"og:description\" content=\"K\u00e9pzeld el, hogy frissebbnek, boldogabbnak \u00e9s energikusabbnak \u00e9rzed magad, egyszer\u0171en csak az\u00e9rt, mert kim\u00e9sz a szabadba \u00e9s \u00e9lvezed a tavaszi naps\u00fct\u00e9st. T\u00fal sz\u00e9pnek hangzik, hogy igaz legyen, ugye? Nem felt\u00e9tlen\u00fcl. Tudtad, hogy a kutat\u00e1sok szerint a testmozg\u00e1s \u00faj agysejtek n\u00f6veked\u00e9s\u00e9t serkenthetik?\" \/>\n<meta property=\"og:url\" content=\"https:\/\/www.welovecycling.com\/hu\/edzes-es-eletmod\/biciklizz-a-mentalis-egeszsegedert\/\" \/>\n<meta property=\"og:site_name\" content=\"\u0160koda We Love Cycling - Magyarorsz\u00e1g\" \/>\n<meta property=\"article:publisher\" content=\"https:\/\/www.facebook.com\/WeLoveCyclingHungary\/\" \/>\n<meta property=\"article:published_time\" content=\"2024-05-29T06:00:43+00:00\" \/>\n<meta property=\"og:image\" content=\"https:\/\/d2p6e6u75xmxt8.cloudfront.net\/12\/2023\/02\/Algarve-Cycling-profimedia-0658090154-CVR.webp\" \/>\n\t<meta property=\"og:image:width\" content=\"990\" \/>\n\t<meta property=\"og:image:height\" content=\"660\" \/>\n\t<meta property=\"og:image:type\" content=\"image\/webp\" \/>\n<meta name=\"author\" content=\"hegyizs\" \/>\n<meta name=\"twitter:card\" content=\"summary_large_image\" \/>\n<meta name=\"twitter:label1\" content=\"Written by\" \/>\n\t<meta name=\"twitter:data1\" content=\"Megan Flottorp\" \/>\n\t<meta name=\"twitter:label2\" content=\"Est. reading time\" \/>\n\t<meta name=\"twitter:data2\" content=\"4\" \/>\n<script type=\"application\/ld+json\" class=\"yoast-schema-graph\">{\"@context\":\"https:\/\/schema.org\",\"@graph\":[{\"@type\":\"WebPage\",\"@id\":\"https:\/\/www.welovecycling.com\/hu\/edzes-es-eletmod\/biciklizz-a-mentalis-egeszsegedert\/\",\"url\":\"https:\/\/www.welovecycling.com\/hu\/edzes-es-eletmod\/biciklizz-a-mentalis-egeszsegedert\/\",\"name\":\"Biciklizz a ment\u00e1lis eg\u00e9szs\u00e9ged\u00e9rt!\",\"isPartOf\":{\"@id\":\"https:\/\/www.welovecycling.com\/hu\/#website\"},\"primaryImageOfPage\":{\"@id\":\"https:\/\/www.welovecycling.com\/hu\/edzes-es-eletmod\/biciklizz-a-mentalis-egeszsegedert\/#primaryimage\"},\"image\":{\"@id\":\"https:\/\/www.welovecycling.com\/hu\/edzes-es-eletmod\/biciklizz-a-mentalis-egeszsegedert\/#primaryimage\"},\"thumbnailUrl\":\"https:\/\/d2p6e6u75xmxt8.cloudfront.net\/12\/2023\/02\/Algarve-Cycling-profimedia-0658090154-CVR.webp\",\"datePublished\":\"2024-05-29T06:00:43+00:00\",\"author\":{\"@id\":\"https:\/\/www.welovecycling.com\/hu\/#\/schema\/person\/414a2aebf1801691a5320edb6468e194\"},\"description\":\"K\u00e9pzeld el, hogy frissebbnek, boldogabbnak \u00e9s energikusabbnak \u00e9rzed magad, egyszer\u0171en csak az\u00e9rt, mert kim\u00e9sz a szabadba \u00e9s \u00e9lvezed a tavaszi naps\u00fct\u00e9st. T\u00fal sz\u00e9pnek hangzik, hogy igaz legyen, ugye? Nem felt\u00e9tlen\u00fcl. Tudtad, hogy a kutat\u00e1sok szerint a testmozg\u00e1s \u00faj agysejtek n\u00f6veked\u00e9s\u00e9t serkenthetik?\",\"breadcrumb\":{\"@id\":\"https:\/\/www.welovecycling.com\/hu\/edzes-es-eletmod\/biciklizz-a-mentalis-egeszsegedert\/#breadcrumb\"},\"inLanguage\":\"hu\",\"potentialAction\":[{\"@type\":\"ReadAction\",\"target\":[\"https:\/\/www.welovecycling.com\/hu\/edzes-es-eletmod\/biciklizz-a-mentalis-egeszsegedert\/\"]}]},{\"@type\":\"ImageObject\",\"inLanguage\":\"hu\",\"@id\":\"https:\/\/www.welovecycling.com\/hu\/edzes-es-eletmod\/biciklizz-a-mentalis-egeszsegedert\/#primaryimage\",\"url\":\"https:\/\/d2p6e6u75xmxt8.cloudfront.net\/12\/2023\/02\/Algarve-Cycling-profimedia-0658090154-CVR.webp\",\"contentUrl\":\"https:\/\/d2p6e6u75xmxt8.cloudfront.net\/12\/2023\/02\/Algarve-Cycling-profimedia-0658090154-CVR.webp\",\"width\":990,\"height\":660,\"caption\":\"Cycling in the Algarve\"},{\"@type\":\"BreadcrumbList\",\"@id\":\"https:\/\/www.welovecycling.com\/hu\/edzes-es-eletmod\/biciklizz-a-mentalis-egeszsegedert\/#breadcrumb\",\"itemListElement\":[{\"@type\":\"ListItem\",\"position\":1,\"name\":\"Home\",\"item\":\"https:\/\/www.welovecycling.com\/hu\/\"},{\"@type\":\"ListItem\",\"position\":2,\"name\":\"Biciklizz a ment\u00e1lis eg\u00e9szs\u00e9ged\u00e9rt!\"}]},{\"@type\":\"WebSite\",\"@id\":\"https:\/\/www.welovecycling.com\/hu\/#website\",\"url\":\"https:\/\/www.welovecycling.com\/hu\/\",\"name\":\"\u0160koda We Love Cycling - Magyarorsz\u00e1g\",\"description\":\"\u0160koda WeLoveCycling\",\"potentialAction\":[{\"@type\":\"SearchAction\",\"target\":{\"@type\":\"EntryPoint\",\"urlTemplate\":\"https:\/\/www.welovecycling.com\/hu\/?s={search_term_string}\"},\"query-input\":{\"@type\":\"PropertyValueSpecification\",\"valueRequired\":true,\"valueName\":\"search_term_string\"}}],\"inLanguage\":\"hu\"},{\"@type\":\"Person\",\"@id\":\"https:\/\/www.welovecycling.com\/hu\/#\/schema\/person\/414a2aebf1801691a5320edb6468e194\",\"name\":\"hegyizs\",\"image\":{\"@type\":\"ImageObject\",\"inLanguage\":\"hu\",\"@id\":\"https:\/\/www.welovecycling.com\/hu\/#\/schema\/person\/image\/\",\"url\":\"https:\/\/secure.gravatar.com\/avatar\/02cf8a7906b8cf90cecb4679defac7cfd33a1c2e3b88e4903d947f3bb58eedd3?s=96&d=mm&r=g\",\"contentUrl\":\"https:\/\/secure.gravatar.com\/avatar\/02cf8a7906b8cf90cecb4679defac7cfd33a1c2e3b88e4903d947f3bb58eedd3?s=96&d=mm&r=g\",\"caption\":\"hegyizs\"},\"url\":\"https:\/\/www.welovecycling.com\/hu\/author\/hegyizs\/\"}]}<\/script>\n<!-- \/ Yoast SEO Premium plugin. -->","yoast_head_json":{"title":"Biciklizz a ment\u00e1lis eg\u00e9szs\u00e9ged\u00e9rt!","description":"K\u00e9pzeld el, hogy frissebbnek, boldogabbnak \u00e9s energikusabbnak \u00e9rzed magad, egyszer\u0171en csak az\u00e9rt, mert kim\u00e9sz a szabadba \u00e9s \u00e9lvezed a tavaszi naps\u00fct\u00e9st. T\u00fal sz\u00e9pnek hangzik, hogy igaz legyen, ugye? Nem felt\u00e9tlen\u00fcl. Tudtad, hogy a kutat\u00e1sok szerint a testmozg\u00e1s \u00faj agysejtek n\u00f6veked\u00e9s\u00e9t serkenthetik?","robots":{"index":"index","follow":"follow","max-snippet":"max-snippet:-1","max-image-preview":"max-image-preview:large","max-video-preview":"max-video-preview:-1"},"canonical":"https:\/\/www.welovecycling.com\/hu\/edzes-es-eletmod\/biciklizz-a-mentalis-egeszsegedert\/","og_locale":"hu_HU","og_type":"article","og_title":"Biciklizz a ment\u00e1lis eg\u00e9szs\u00e9ged\u00e9rt!","og_description":"K\u00e9pzeld el, hogy frissebbnek, boldogabbnak \u00e9s energikusabbnak \u00e9rzed magad, egyszer\u0171en csak az\u00e9rt, mert kim\u00e9sz a szabadba \u00e9s \u00e9lvezed a tavaszi naps\u00fct\u00e9st. T\u00fal sz\u00e9pnek hangzik, hogy igaz legyen, ugye? Nem felt\u00e9tlen\u00fcl. Tudtad, hogy a kutat\u00e1sok szerint a testmozg\u00e1s \u00faj agysejtek n\u00f6veked\u00e9s\u00e9t serkenthetik?","og_url":"https:\/\/www.welovecycling.com\/hu\/edzes-es-eletmod\/biciklizz-a-mentalis-egeszsegedert\/","og_site_name":"\u0160koda We Love Cycling - Magyarorsz\u00e1g","article_publisher":"https:\/\/www.facebook.com\/WeLoveCyclingHungary\/","article_published_time":"2024-05-29T06:00:43+00:00","og_image":[{"width":990,"height":660,"url":"https:\/\/d2p6e6u75xmxt8.cloudfront.net\/12\/2023\/02\/Algarve-Cycling-profimedia-0658090154-CVR.webp","type":"image\/webp"}],"author":"hegyizs","twitter_card":"summary_large_image","twitter_misc":{"Written by":"Megan Flottorp","Est. reading time":"4"},"schema":{"@context":"https:\/\/schema.org","@graph":[{"@type":"WebPage","@id":"https:\/\/www.welovecycling.com\/hu\/edzes-es-eletmod\/biciklizz-a-mentalis-egeszsegedert\/","url":"https:\/\/www.welovecycling.com\/hu\/edzes-es-eletmod\/biciklizz-a-mentalis-egeszsegedert\/","name":"Biciklizz a ment\u00e1lis eg\u00e9szs\u00e9ged\u00e9rt!","isPartOf":{"@id":"https:\/\/www.welovecycling.com\/hu\/#website"},"primaryImageOfPage":{"@id":"https:\/\/www.welovecycling.com\/hu\/edzes-es-eletmod\/biciklizz-a-mentalis-egeszsegedert\/#primaryimage"},"image":{"@id":"https:\/\/www.welovecycling.com\/hu\/edzes-es-eletmod\/biciklizz-a-mentalis-egeszsegedert\/#primaryimage"},"thumbnailUrl":"https:\/\/d2p6e6u75xmxt8.cloudfront.net\/12\/2023\/02\/Algarve-Cycling-profimedia-0658090154-CVR.webp","datePublished":"2024-05-29T06:00:43+00:00","author":{"@id":"https:\/\/www.welovecycling.com\/hu\/#\/schema\/person\/414a2aebf1801691a5320edb6468e194"},"description":"K\u00e9pzeld el, hogy frissebbnek, boldogabbnak \u00e9s energikusabbnak \u00e9rzed magad, egyszer\u0171en csak az\u00e9rt, mert kim\u00e9sz a szabadba \u00e9s \u00e9lvezed a tavaszi naps\u00fct\u00e9st. T\u00fal sz\u00e9pnek hangzik, hogy igaz legyen, ugye? Nem felt\u00e9tlen\u00fcl. Tudtad, hogy a kutat\u00e1sok szerint a testmozg\u00e1s \u00faj agysejtek n\u00f6veked\u00e9s\u00e9t serkenthetik?","breadcrumb":{"@id":"https:\/\/www.welovecycling.com\/hu\/edzes-es-eletmod\/biciklizz-a-mentalis-egeszsegedert\/#breadcrumb"},"inLanguage":"hu","potentialAction":[{"@type":"ReadAction","target":["https:\/\/www.welovecycling.com\/hu\/edzes-es-eletmod\/biciklizz-a-mentalis-egeszsegedert\/"]}]},{"@type":"ImageObject","inLanguage":"hu","@id":"https:\/\/www.welovecycling.com\/hu\/edzes-es-eletmod\/biciklizz-a-mentalis-egeszsegedert\/#primaryimage","url":"https:\/\/d2p6e6u75xmxt8.cloudfront.net\/12\/2023\/02\/Algarve-Cycling-profimedia-0658090154-CVR.webp","contentUrl":"https:\/\/d2p6e6u75xmxt8.cloudfront.net\/12\/2023\/02\/Algarve-Cycling-profimedia-0658090154-CVR.webp","width":990,"height":660,"caption":"Cycling in the Algarve"},{"@type":"BreadcrumbList","@id":"https:\/\/www.welovecycling.com\/hu\/edzes-es-eletmod\/biciklizz-a-mentalis-egeszsegedert\/#breadcrumb","itemListElement":[{"@type":"ListItem","position":1,"name":"Home","item":"https:\/\/www.welovecycling.com\/hu\/"},{"@type":"ListItem","position":2,"name":"Biciklizz a ment\u00e1lis eg\u00e9szs\u00e9ged\u00e9rt!"}]},{"@type":"WebSite","@id":"https:\/\/www.welovecycling.com\/hu\/#website","url":"https:\/\/www.welovecycling.com\/hu\/","name":"\u0160koda We Love Cycling - Magyarorsz\u00e1g","description":"\u0160koda WeLoveCycling","potentialAction":[{"@type":"SearchAction","target":{"@type":"EntryPoint","urlTemplate":"https:\/\/www.welovecycling.com\/hu\/?s={search_term_string}"},"query-input":{"@type":"PropertyValueSpecification","valueRequired":true,"valueName":"search_term_string"}}],"inLanguage":"hu"},{"@type":"Person","@id":"https:\/\/www.welovecycling.com\/hu\/#\/schema\/person\/414a2aebf1801691a5320edb6468e194","name":"hegyizs","image":{"@type":"ImageObject","inLanguage":"hu","@id":"https:\/\/www.welovecycling.com\/hu\/#\/schema\/person\/image\/","url":"https:\/\/secure.gravatar.com\/avatar\/02cf8a7906b8cf90cecb4679defac7cfd33a1c2e3b88e4903d947f3bb58eedd3?s=96&d=mm&r=g","contentUrl":"https:\/\/secure.gravatar.com\/avatar\/02cf8a7906b8cf90cecb4679defac7cfd33a1c2e3b88e4903d947f3bb58eedd3?s=96&d=mm&r=g","caption":"hegyizs"},"url":"https:\/\/www.welovecycling.com\/hu\/author\/hegyizs\/"}]}},"_links":{"self":[{"href":"https:\/\/www.welovecycling.com\/hu\/wp-json\/wp\/v2\/posts\/18516","targetHints":{"allow":["GET"]}}],"collection":[{"href":"https:\/\/www.welovecycling.com\/hu\/wp-json\/wp\/v2\/posts"}],"about":[{"href":"https:\/\/www.welovecycling.com\/hu\/wp-json\/wp\/v2\/types\/post"}],"author":[{"embeddable":true,"href":"https:\/\/www.welovecycling.com\/hu\/wp-json\/wp\/v2\/users\/71"}],"replies":[{"embeddable":true,"href":"https:\/\/www.welovecycling.com\/hu\/wp-json\/wp\/v2\/comments?post=18516"}],"version-history":[{"count":2,"href":"https:\/\/www.welovecycling.com\/hu\/wp-json\/wp\/v2\/posts\/18516\/revisions"}],"predecessor-version":[{"id":18527,"href":"https:\/\/www.welovecycling.com\/hu\/wp-json\/wp\/v2\/posts\/18516\/revisions\/18527"}],"wp:featuredmedia":[{"embeddable":true,"href":"https:\/\/www.welovecycling.com\/hu\/wp-json\/wp\/v2\/media\/16951"}],"wp:attachment":[{"href":"https:\/\/www.welovecycling.com\/hu\/wp-json\/wp\/v2\/media?parent=18516"}],"wp:term":[{"taxonomy":"category","embeddable":true,"href":"https:\/\/www.welovecycling.com\/hu\/wp-json\/wp\/v2\/categories?post=18516"},{"taxonomy":"post_tag","embeddable":true,"href":"https:\/\/www.welovecycling.com\/hu\/wp-json\/wp\/v2\/tags?post=18516"},{"taxonomy":"global-categories","embeddable":true,"href":"https:\/\/www.welovecycling.com\/hu\/wp-json\/wp\/v2\/global-categories?post=18516"}],"curies":[{"name":"wp","href":"https:\/\/api.w.org\/{rel}","templated":true}]}}