{"id":18513,"date":"2024-05-23T08:00:28","date_gmt":"2024-05-23T06:00:28","guid":{"rendered":"https:\/\/www.welovecycling.com\/hu\/?p=18513"},"modified":"2024-05-17T10:27:48","modified_gmt":"2024-05-17T08:27:48","slug":"beszamolo-elso-kezbol-hogyan-lehet-tulelni-a-skoda-adventure-t-a-skoda-titan-desert-morocco-legnehezebb-kategoriajat","status":"publish","type":"post","link":"https:\/\/www.welovecycling.com\/hu\/trekking-mtb\/beszamolo-elso-kezbol-hogyan-lehet-tulelni-a-skoda-adventure-t-a-skoda-titan-desert-morocco-legnehezebb-kategoriajat\/","title":{"rendered":"Besz\u00e1mol\u00f3 els\u0151 k\u00e9zb\u0151l: Hogyan lehet t\u00fal\u00e9lni a \u0160koda Adventure-t, a \u0160koda Titan Desert Morocco legnehezebb kateg\u00f3ri\u00e1j\u00e1t?"},"content":{"rendered":"<p><strong>V\u00e9get \u00e9rt a \u0160koda Titan Desert Morocco 2024, \u00e9s nagy h\u00edr\u00fcnk van: hoztunk nektek egy besz\u00e1mol\u00f3t a kulissz\u00e1k m\u00f6g\u00fcl, r\u00e1ad\u00e1sul a \u0160koda Adventure kateg\u00f3ri\u00e1b\u00f3l! Siker\u00fclt el\u00e9rn\u00fcnk Albert Gu\u00edluz Dom\u00e8nech-et, egy volt alpinist\u00e1t \u00e9s triatlonist\u00e1t, aki jelenleg elit ker\u00e9kp\u00e1ros \u00e9s az extr\u00e9m sportok rajong\u00f3ja, aki beavatott minket abba, hogy mit jelent hat napon \u00e1t versenyezni a sivatagban szinte seg\u00edts\u00e9g n\u00e9lk\u00fcl, minim\u00e1lis k\u00e9nyelemmel, a \u0160koda Titan Desert Morocco verseny legintenz\u00edvebb v\u00e1ltozat\u00e1ban.<\/strong><\/p>\n<p><!--more--><\/p>\n<p>Albert k\u00e9t gyermek \u00e9desapja, m\u00e9rn\u00f6ki vezet\u0151, Barcelon\u00e1ban \u00e9l, f\u0151 c\u00e9lja jelenleg az \u201ealternat\u00edv versenyek keres\u00e9se, amelyek \u00e1ll\u00f3k\u00e9pess\u00e9get, \u00f6nell\u00e1t\u00e1st \u00e9s leny\u0171g\u00f6z\u0151 t\u00e1jakat jelentenek.\u201d Ebben az \u00e9vben a \u0160koda Adventure-n n\u00e9gy alkalommal \u00e1llt a dobog\u00f3 legfels\u0151 fok\u00e1ra, a 3.-t\u00f3l a 6. szakaszig, mindegyik etapon. Az al\u00e1bbi interj\u00faban Albert betekint\u00e9st ny\u00fajt saj\u00e1t, m\u00e9g mindig igen friss \u00e9lm\u00e9ny\u00e9be.<\/p>\n<p><strong>Hogyan jut el Barcelon\u00e1b\u00f3l egy m\u00e9rn\u00f6ki vezet\u0151 az extr\u00e9m sportokig?<\/strong><\/p>\n<p>Nagyon r\u00e9g\u00f3ta vonzanak az extr\u00e9m sportok. 17 \u00e9vesen hegym\u00e1sz\u00f3k\u00e9nt kezdtem. K\u00e9s\u0151bb hossz\u00fa t\u00e1v\u00fa triatlonversenyeken indultam, jelenleg pedig gravel \u00e9s ultra-versenyeken ker\u00e9kp\u00e1rozom. Szerencs\u00e9s vagyok, hogy olyan c\u00e9gn\u00e9l dolgozom, ahol t\u00e1mogatj\u00e1k ezt az \u00e9letm\u00f3dot. Nagon rugalmasak, r\u00e1ad\u00e1sul van zuhany is az irod\u00e1ban, \u00edgy reggel, munk\u00e1ba menet is tudok edzeni.<\/p>\n<blockquote class=\"instagram-media\" style=\"background: #FFF; border: 0; border-radius: 3px; box-shadow: 0 0 1px 0 rgba(0,0,0,0.5),0 1px 10px 0 rgba(0,0,0,0.15); margin: 1px; max-width: 540px; min-width: 326px; padding: 0; width: calc(100% - 2px);\" data-instgrm-permalink=\"https:\/\/www.instagram.com\/reel\/C6ZKQrvIU9_\/?utm_source=ig_embed&amp;utm_campaign=loading\" data-instgrm-version=\"14\">\n<div style=\"padding: 16px;\">\n<p>&nbsp;<\/p>\n<div style=\"display: flex; flex-direction: row; align-items: center;\">\n<div style=\"background-color: #f4f4f4; border-radius: 50%; flex-grow: 0; height: 40px; margin-right: 14px; width: 40px;\"><\/div>\n<div style=\"display: flex; flex-direction: column; flex-grow: 1; justify-content: center;\">\n<div style=\"background-color: #f4f4f4; border-radius: 4px; flex-grow: 0; height: 14px; margin-bottom: 6px; width: 100px;\"><\/div>\n<div style=\"background-color: #f4f4f4; border-radius: 4px; flex-grow: 0; height: 14px; width: 60px;\"><\/div>\n<\/div>\n<\/div>\n<div style=\"padding: 19% 0;\"><\/div>\n<div style=\"display: block; height: 50px; margin: 0 auto 12px; width: 50px;\"><\/div>\n<div style=\"padding-top: 8px;\">\n<div style=\"color: #3897f0; font-family: Arial,sans-serif; font-size: 14px; font-style: normal; font-weight: 550; line-height: 18px;\">Zobrazit p\u0159\u00edsp\u011bvek na Instagramu<\/div>\n<\/div>\n<div style=\"padding: 12.5% 0;\"><\/div>\n<div style=\"display: flex; flex-direction: row; margin-bottom: 14px; align-items: center;\">\n<div>\n<div style=\"background-color: #f4f4f4; border-radius: 50%; height: 12.5px; width: 12.5px; transform: translateX(0px) translateY(7px);\"><\/div>\n<div style=\"background-color: #f4f4f4; height: 12.5px; transform: rotate(-45deg) translateX(3px) translateY(1px); width: 12.5px; flex-grow: 0; margin-right: 14px; margin-left: 2px;\"><\/div>\n<div style=\"background-color: #f4f4f4; border-radius: 50%; height: 12.5px; width: 12.5px; transform: translateX(9px) translateY(-18px);\"><\/div>\n<\/div>\n<div style=\"margin-left: 8px;\">\n<div style=\"background-color: #f4f4f4; border-radius: 50%; flex-grow: 0; height: 20px; width: 20px;\"><\/div>\n<div style=\"width: 0; height: 0; border-top: 2px solid transparent; border-left: 6px solid #f4f4f4; border-bottom: 2px solid transparent; transform: translateX(16px) translateY(-4px) rotate(30deg);\"><\/div>\n<\/div>\n<div style=\"margin-left: auto;\">\n<div style=\"width: 0px; border-top: 8px solid #F4F4F4; border-right: 8px solid transparent; transform: translateY(16px);\"><\/div>\n<div style=\"background-color: #f4f4f4; flex-grow: 0; height: 12px; width: 16px; transform: translateY(-4px);\"><\/div>\n<div style=\"width: 0; height: 0; border-top: 8px solid #F4F4F4; border-left: 8px solid transparent; transform: translateY(-4px) translateX(8px);\"><\/div>\n<\/div>\n<\/div>\n<div style=\"display: flex; flex-direction: column; flex-grow: 1; justify-content: center; margin-bottom: 24px;\">\n<div style=\"background-color: #f4f4f4; border-radius: 4px; flex-grow: 0; height: 14px; margin-bottom: 6px; width: 224px;\"><\/div>\n<div style=\"background-color: #f4f4f4; border-radius: 4px; flex-grow: 0; height: 14px; width: 144px;\"><\/div>\n<\/div>\n<p>&nbsp;<\/p>\n<p style=\"color: #c9c8cd; font-family: Arial,sans-serif; font-size: 14px; line-height: 17px; margin-bottom: 0; margin-top: 8px; overflow: hidden; padding: 8px 0 7px; text-align: center; text-overflow: ellipsis; white-space: nowrap;\"><a style=\"color: #c9c8cd; font-family: Arial,sans-serif; font-size: 14px; font-style: normal; font-weight: normal; line-height: 17px; text-decoration: none;\" href=\"https:\/\/www.instagram.com\/reel\/C6ZKQrvIU9_\/?utm_source=ig_embed&amp;utm_campaign=loading\" target=\"_blank\" rel=\"noopener\">P\u0159\u00edsp\u011bvek sd\u00edlen\u00fd We Love Cycling (@wlcmagazine)<\/a><\/p>\n<\/div>\n<\/blockquote>\n<p><script async src=\"\/\/www.instagram.com\/embed.js\"><\/script><\/p>\n<p><strong>Sportkarriered sor\u00e1n kipr\u00f3b\u00e1ltad a hegym\u00e1sz\u00e1st, az Ironman triatlonokat, a Gravel Vil\u00e1gbajnoks\u00e1gokat \u00e9s az MTB versenyeket. Seg\u00edtettek ezek a tapasztalatok a \u0160koda Adventure-re val\u00f3 felk\u00e9sz\u00fcl\u00e9sben?<\/strong><\/p>\n<p>A \u0160koda Adventure az \u00e9vek sor\u00e1n szerzett tapasztalataim \u00f6sszegz\u00e9se. Alpinista ismereteimet felhaszn\u00e1ltam az utaz\u00f3t\u00e1sk\u00e1m, a felszerel\u00e9sem \u00e9s a navig\u00e1ci\u00f3s k\u00e9szs\u00e9geim optimaliz\u00e1l\u00e1s\u00e1ra. A \u0160koda Adventure \u00fatvonala sok gravel szakaszb\u00f3l \u00e1ll, ahol gyors halad\u00e1shoz technikai tud\u00e1sra van sz\u00fcks\u00e9g, ehhez is nagy seg\u00edts\u00e9g volt a kor\u00e1bbi versenyeken szerzett tapasztalat. Emellett m\u00e9g a triatlonos \u00e9veimb\u0151l megmaradt Aero f\u00e9keket szereltem fel a montimra, mert tudtam, hogy j\u00f3k a s\u00edk terepekhez.<\/p>\n<p><strong>Mi vonzott az egy\u00e9bk\u00e9nt is kem\u00e9ny Titan Desert legrdurv\u00e1bb kateg\u00f3ri\u00e1j\u00e1ban, ahol t\u00e9nyleg minim\u00e1lis a k\u00e9nyelem \u00e9s szinte semmi seg\u00edts\u00e9get nem kapnak a versenyz\u0151k?<\/strong><\/p>\n<p>Eddig 2023-ban \u00e9s 2024-ben vettem r\u00e9szt a \u0160koda Adventure-\u00f6n. Az\u00e9rt v\u00e1lasztottam ezt a v\u00e1ltozatot, mert sz\u00e1momra ez a legtiszt\u00e1bb m\u00f3dja egy ilyen verseny teljes\u00edt\u00e9s\u00e9nek. \u00dagy \u00e9rzem, j\u00f3l megoldom a dolgokat, amikor csak magamra sz\u00e1m\u00edthatok \u00e9s minim\u00e1lis a k\u00e9nyelem, ez szerintem nagy el\u0151ny. A legt\u00f6bben hasonl\u00f3 motiv\u00e1ci\u00f3kkal rendelkeznek, mint \u00e9n \u00e9s \u0151k is a legkem\u00e9nyebb m\u00f3dj\u00e1t keresik ennek az \u00e9lm\u00e9nynek az \u00e1t\u00e9l\u00e9s\u00e9re.<\/p>\n<p><strong>Mi volt a legnagyobb kr\u00edzishelyzet, amivel szembe kellett n\u00e9zned a versenyen?<\/strong><\/p>\n<p>Id\u00e9n h\u00fagy\u00fati fert\u0151z\u00e9st kaptam, mind\u00f6ssze 10 nappal a \u0160koda Adventure el\u0151tt, \u00e9s csak 5 nappal a rajt el\u0151tt m\u0171t\u00f6ttek meg. Nem voltam biztos benne, hogy be fogom tudni fejezni a szakaszokat, mert m\u00e9g mindig antibiotikumokat szedtem, de azt\u00e1n szakaszr\u00f3l szakaszra er\u0151sebbnek \u00e9reztem magam, \u00e9s a verseny minden pillanat\u00e1t \u00e9lveztem.<\/p>\n<blockquote class=\"instagram-media\" style=\"background: #FFF; border: 0; border-radius: 3px; box-shadow: 0 0 1px 0 rgba(0,0,0,0.5),0 1px 10px 0 rgba(0,0,0,0.15); margin: 1px; max-width: 540px; min-width: 326px; padding: 0; width: calc(100% - 2px);\" data-instgrm-permalink=\"https:\/\/www.instagram.com\/p\/C6cCAUnN6XJ\/?utm_source=ig_embed&amp;utm_campaign=loading\" data-instgrm-version=\"14\">\n<div style=\"padding: 16px;\">\n<p>&nbsp;<\/p>\n<div style=\"display: flex; flex-direction: row; align-items: center;\">\n<div style=\"background-color: #f4f4f4; border-radius: 50%; flex-grow: 0; height: 40px; margin-right: 14px; width: 40px;\"><\/div>\n<div style=\"display: flex; flex-direction: column; flex-grow: 1; justify-content: center;\">\n<div style=\"background-color: #f4f4f4; border-radius: 4px; flex-grow: 0; height: 14px; margin-bottom: 6px; width: 100px;\"><\/div>\n<div style=\"background-color: #f4f4f4; border-radius: 4px; flex-grow: 0; height: 14px; width: 60px;\"><\/div>\n<\/div>\n<\/div>\n<div style=\"padding: 19% 0;\"><\/div>\n<div style=\"display: block; height: 50px; margin: 0 auto 12px; width: 50px;\"><\/div>\n<div style=\"padding-top: 8px;\">\n<div style=\"color: #3897f0; font-family: Arial,sans-serif; font-size: 14px; font-style: normal; font-weight: 550; line-height: 18px;\">Zobrazit p\u0159\u00edsp\u011bvek na Instagramu<\/div>\n<\/div>\n<div style=\"padding: 12.5% 0;\"><\/div>\n<div style=\"display: flex; flex-direction: row; margin-bottom: 14px; align-items: center;\">\n<div>\n<div style=\"background-color: #f4f4f4; border-radius: 50%; height: 12.5px; width: 12.5px; transform: translateX(0px) translateY(7px);\"><\/div>\n<div style=\"background-color: #f4f4f4; height: 12.5px; transform: rotate(-45deg) translateX(3px) translateY(1px); width: 12.5px; flex-grow: 0; margin-right: 14px; margin-left: 2px;\"><\/div>\n<div style=\"background-color: #f4f4f4; border-radius: 50%; height: 12.5px; width: 12.5px; transform: translateX(9px) translateY(-18px);\"><\/div>\n<\/div>\n<div style=\"margin-left: 8px;\">\n<div style=\"background-color: #f4f4f4; border-radius: 50%; flex-grow: 0; height: 20px; width: 20px;\"><\/div>\n<div style=\"width: 0; height: 0; border-top: 2px solid transparent; border-left: 6px solid #f4f4f4; border-bottom: 2px solid transparent; transform: translateX(16px) translateY(-4px) rotate(30deg);\"><\/div>\n<\/div>\n<div style=\"margin-left: auto;\">\n<div style=\"width: 0px; border-top: 8px solid #F4F4F4; border-right: 8px solid transparent; transform: translateY(16px);\"><\/div>\n<div style=\"background-color: #f4f4f4; flex-grow: 0; height: 12px; width: 16px; transform: translateY(-4px);\"><\/div>\n<div style=\"width: 0; height: 0; border-top: 8px solid #F4F4F4; border-left: 8px solid transparent; transform: translateY(-4px) translateX(8px);\"><\/div>\n<\/div>\n<\/div>\n<div style=\"display: flex; flex-direction: column; flex-grow: 1; justify-content: center; margin-bottom: 24px;\">\n<div style=\"background-color: #f4f4f4; border-radius: 4px; flex-grow: 0; height: 14px; margin-bottom: 6px; width: 224px;\"><\/div>\n<div style=\"background-color: #f4f4f4; border-radius: 4px; flex-grow: 0; height: 14px; width: 144px;\"><\/div>\n<\/div>\n<p>&nbsp;<\/p>\n<p style=\"color: #c9c8cd; font-family: Arial,sans-serif; font-size: 14px; line-height: 17px; margin-bottom: 0; margin-top: 8px; overflow: hidden; padding: 8px 0 7px; text-align: center; text-overflow: ellipsis; white-space: nowrap;\"><a style=\"color: #c9c8cd; font-family: Arial,sans-serif; font-size: 14px; font-style: normal; font-weight: normal; line-height: 17px; text-decoration: none;\" href=\"https:\/\/www.instagram.com\/p\/C6cCAUnN6XJ\/?utm_source=ig_embed&amp;utm_campaign=loading\" target=\"_blank\" rel=\"noopener\">P\u0159\u00edsp\u011bvek sd\u00edlen\u00fd We Love Cycling (@wlcmagazine)<\/a><\/p>\n<\/div>\n<\/blockquote>\n<p><script async src=\"\/\/www.instagram.com\/embed.js\"><\/script><\/p>\n<p><strong>Mi a legnagyobb kih\u00edv\u00e1s az abszol\u00fat \u00f6n\u00e1ll\u00f3s\u00e1g szempontj\u00e1b\u00f3l, \u00e9s hogyan k\u00e9sz\u00fclsz fel r\u00e1?<\/strong><\/p>\n<p>Eg\u00e9szen biztosan a mechanikai \u00f6n\u00e1ll\u00f3s\u00e1g. A \u0160koda Adventure minim\u00e1lis szint\u0171 mechanikai k\u00e9szs\u00e9geket k\u00f6vetel meg, de \u00f3vatosnak kell lenni, \u00e9s ker\u00fclni kell a felesleges kock\u00e1zatv\u00e1llal\u00e1st. Ha valami elromlik, az ak\u00e1r a versenyedbe is ker\u00fclhet.<\/p>\n<p><strong>Minek kellene t\u00f6rt\u00e9nnie ahhoz, hogy feladd a versenyt? Milyen szint\u0171 k\u00e9nyelmetlens\u00e9g lenne t\u00fal sok?<\/strong><\/p>\n<p>Egy olyan mechanikai hiba, amit nem tudn\u00e9k megjav\u00edtani. \u00dagy gondolom, hogy ez az egyetlen dolog, ami arra k\u00e9nyszer\u00edthetne, hogy feladjam.<\/p>\n<p>K\u00e9nyelmetlens\u00e9g szempontj\u00e1b\u00f3l m\u00e9g \u00e9rdekesebb lenne, ha az \u00f6sszes r\u00e9sztvev\u0151nek a ker\u00e9kp\u00e1ron k\u00e9ne cipelnie az \u00f6sszes cucc\u00e1t, ahelyett, hogy a szervez\u0151k sz\u00e1ll\u00edtj\u00e1k, mint egy bikepacking esem\u00e9nyen. Ez m\u00e9g ink\u00e1bb arra \u00f6szt\u00f6n\u00f6zne, hogy jobban optimaliz\u00e1ljam az utaz\u00f3t\u00e1sk\u00e1mat. A szervez\u0151knek csak \u00e9telt, vizet, zuhanyt \u00e9s a t\u00e1bor hely\u00e9t kellene biztos\u00edtaniuk. H\u00edvjatok bolondnak\u2026<\/p>\n<p><strong>A verseny sor\u00e1n csak a versenyt\u00e1rsaid seg\u00edts\u00e9g\u00e9t veheted ig\u00e9nybe. Mi volt a legnagyobb seg\u00edts\u00e9g, amit puszta kedvess\u00e9gb\u0151l ny\u00fajtottak neked?<\/strong><\/p>\n<p>A \u0160koda Adventure-nek saj\u00e1t rangsorrendje van, \u00edgy az \u00e9lmez\u0151nyben l\u00e9v\u0151k komolyan veszik, mert van es\u00e9ly\u00fck megnyerni. M\u00e1sr\u00e9szr\u0151l ez a ranglista t\u00e1mogatja a bajt\u00e1rsias l\u00e9gk\u00f6rt. A 4. szakaszon, amikor az 1. \u00e9s 2. helyezettel mentem, gyeng\u00e9nek \u00e9reztem magam az antibiotikumok miatt. Le tudtak volna hagyni, de ehelyett meg\u00e1llapodtunk, hogy egy\u00fctt fogunk tekerni a c\u00e9lig. Nagyra \u00e9rt\u00e9keltem a gesztust, mert \u00edgy meg tudtam er\u0151s\u00edteni a 3. helyez\u00e9semet a rangsorban.<\/p>\n<p><strong>Siker\u00fclt kapcsol\u00f3dnod m\u00e1s r\u00e9sztvev\u0151kkel? Volt olyan, akivel bar\u00e1ts\u00e1g is alakult ki?<\/strong><\/p>\n<p>Tavaly el\u0151sz\u00f6r vettem r\u00e9szt a \u0160koda Adventure-n, \u00e9s szoros bar\u00e1ts\u00e1gokat k\u00f6t\u00f6ttem n\u00e9h\u00e1ny versenyz\u0151vel. Id\u00e9n ketten \u00e1lltak m\u00e9g rajthoz ebb\u0151l a csapatb\u00f3l, \u00e9s nagyszer\u0171 volt vel\u00fck t\u00f6lteni az id\u0151t, a versenyz\u00e9s mellett a szakaszok ut\u00e1nit is. Mivel a kateg\u00f3ri\u00e1ban csak n\u00e9h\u00e1nyan indulhatnak, a verseny v\u00e9g\u00e9re mind bar\u00e1tokk\u00e1 v\u00e1lunk. Nincsenek profi csapatok, csapatstrat\u00e9gi\u00e1k vagy seg\u00edt\u0151aut\u00f3k. \u00cdgy a legjobb, ha kij\u00f6v\u00fcnk a t\u00f6bbiekkel.<\/p>\n<p><strong>Van valami, amit j\u00f6v\u0151re m\u00e1sk\u00e9pp fogsz csin\u00e1lni, ha \u00fajra nekiv\u00e1gsz a \u0160koda Adventure-nek?<\/strong><\/p>\n<p>Nem sok mindent, \u00fagy gondolom, hogy id\u00e9n j\u00f3 volt a strat\u00e9gi\u00e1m. \u00c9s nagyon \u00e9lveztem ezt az \u00e9letm\u00f3dot a verseny alatt!<\/p>\n","protected":false},"excerpt":{"rendered":"<p>V\u00e9get \u00e9rt a \u0160koda Titan Desert Morocco 2024, \u00e9s nagy h\u00edr\u00fcnk van: hoztunk nektek egy besz\u00e1mol\u00f3t a kulissz\u00e1k m\u00f6g\u00fcl, r\u00e1ad\u00e1sul [&hellip;]<\/p>\n","protected":false},"author":71,"featured_media":18514,"comment_status":"open","ping_status":"open","sticky":false,"template":"","format":"standard","meta":{"footnotes":""},"categories":[7],"tags":[],"global-categories":[],"class_list":["post-18513","post","type-post","status-publish","format-standard","has-post-thumbnail","hentry","category-trekking-mtb"],"yoast_head":"<!-- This site is optimized with the Yoast SEO Premium plugin v25.3 (Yoast SEO v25.9) - https:\/\/yoast.com\/wordpress\/plugins\/seo\/ -->\n<title>Besz\u00e1mol\u00f3 els\u0151 k\u00e9zb\u0151l: Hogyan lehet t\u00fal\u00e9lni a \u0160koda Adventure-t, a \u0160koda Titan Desert Morocco legnehezebb kateg\u00f3ri\u00e1j\u00e1t?<\/title>\n<meta name=\"description\" content=\"V\u00e9get \u00e9rt a \u0160koda Titan Desert Morocco 2024, \u00e9s nagy h\u00edr\u00fcnk van: hoztunk nektek egy besz\u00e1mol\u00f3t a kulissz\u00e1k m\u00f6g\u00fcl, r\u00e1ad\u00e1sul a \u0160koda Adventure kateg\u00f3ri\u00e1b\u00f3l!\" \/>\n<meta name=\"robots\" content=\"index, follow, max-snippet:-1, max-image-preview:large, max-video-preview:-1\" \/>\n<link rel=\"canonical\" href=\"https:\/\/www.welovecycling.com\/hu\/trekking-mtb\/beszamolo-elso-kezbol-hogyan-lehet-tulelni-a-skoda-adventure-t-a-skoda-titan-desert-morocco-legnehezebb-kategoriajat\/\" \/>\n<meta property=\"og:locale\" content=\"hu_HU\" \/>\n<meta property=\"og:type\" content=\"article\" \/>\n<meta property=\"og:title\" content=\"Besz\u00e1mol\u00f3 els\u0151 k\u00e9zb\u0151l: Hogyan lehet t\u00fal\u00e9lni a \u0160koda Adventure-t, a \u0160koda Titan Desert Morocco legnehezebb kateg\u00f3ri\u00e1j\u00e1t?\" \/>\n<meta property=\"og:description\" content=\"V\u00e9get \u00e9rt a \u0160koda Titan Desert Morocco 2024, \u00e9s nagy h\u00edr\u00fcnk van: hoztunk nektek egy besz\u00e1mol\u00f3t a kulissz\u00e1k m\u00f6g\u00fcl, r\u00e1ad\u00e1sul a \u0160koda Adventure kateg\u00f3ri\u00e1b\u00f3l!\" \/>\n<meta property=\"og:url\" content=\"https:\/\/www.welovecycling.com\/hu\/trekking-mtb\/beszamolo-elso-kezbol-hogyan-lehet-tulelni-a-skoda-adventure-t-a-skoda-titan-desert-morocco-legnehezebb-kategoriajat\/\" \/>\n<meta property=\"og:site_name\" content=\"\u0160koda We Love Cycling - Magyarorsz\u00e1g\" \/>\n<meta property=\"article:publisher\" content=\"https:\/\/www.facebook.com\/WeLoveCyclingHungary\/\" \/>\n<meta property=\"article:published_time\" content=\"2024-05-23T06:00:28+00:00\" \/>\n<meta property=\"og:image\" content=\"https:\/\/d2p6e6u75xmxt8.cloudfront.net\/12\/2024\/05\/Skoda-Titan-Desert-24-CVR.webp\" \/>\n\t<meta property=\"og:image:width\" content=\"990\" \/>\n\t<meta property=\"og:image:height\" content=\"660\" \/>\n\t<meta property=\"og:image:type\" content=\"image\/webp\" \/>\n<meta name=\"author\" content=\"hegyizs\" \/>\n<meta name=\"twitter:card\" content=\"summary_large_image\" \/>\n<meta name=\"twitter:label1\" content=\"Written by\" \/>\n\t<meta name=\"twitter:data1\" content=\"Frantiska Blazkova\" \/>\n\t<meta name=\"twitter:label2\" content=\"Est. reading time\" \/>\n\t<meta name=\"twitter:data2\" content=\"4\" \/>\n<script type=\"application\/ld+json\" class=\"yoast-schema-graph\">{\"@context\":\"https:\/\/schema.org\",\"@graph\":[{\"@type\":\"WebPage\",\"@id\":\"https:\/\/www.welovecycling.com\/hu\/trekking-mtb\/beszamolo-elso-kezbol-hogyan-lehet-tulelni-a-skoda-adventure-t-a-skoda-titan-desert-morocco-legnehezebb-kategoriajat\/\",\"url\":\"https:\/\/www.welovecycling.com\/hu\/trekking-mtb\/beszamolo-elso-kezbol-hogyan-lehet-tulelni-a-skoda-adventure-t-a-skoda-titan-desert-morocco-legnehezebb-kategoriajat\/\",\"name\":\"Besz\u00e1mol\u00f3 els\u0151 k\u00e9zb\u0151l: Hogyan lehet t\u00fal\u00e9lni a \u0160koda Adventure-t, a \u0160koda Titan Desert Morocco legnehezebb kateg\u00f3ri\u00e1j\u00e1t?\",\"isPartOf\":{\"@id\":\"https:\/\/www.welovecycling.com\/hu\/#website\"},\"primaryImageOfPage\":{\"@id\":\"https:\/\/www.welovecycling.com\/hu\/trekking-mtb\/beszamolo-elso-kezbol-hogyan-lehet-tulelni-a-skoda-adventure-t-a-skoda-titan-desert-morocco-legnehezebb-kategoriajat\/#primaryimage\"},\"image\":{\"@id\":\"https:\/\/www.welovecycling.com\/hu\/trekking-mtb\/beszamolo-elso-kezbol-hogyan-lehet-tulelni-a-skoda-adventure-t-a-skoda-titan-desert-morocco-legnehezebb-kategoriajat\/#primaryimage\"},\"thumbnailUrl\":\"https:\/\/d2p6e6u75xmxt8.cloudfront.net\/12\/2024\/05\/Skoda-Titan-Desert-24-CVR.webp\",\"datePublished\":\"2024-05-23T06:00:28+00:00\",\"author\":{\"@id\":\"https:\/\/www.welovecycling.com\/hu\/#\/schema\/person\/414a2aebf1801691a5320edb6468e194\"},\"description\":\"V\u00e9get \u00e9rt a \u0160koda Titan Desert Morocco 2024, \u00e9s nagy h\u00edr\u00fcnk van: hoztunk nektek egy besz\u00e1mol\u00f3t a kulissz\u00e1k m\u00f6g\u00fcl, r\u00e1ad\u00e1sul a \u0160koda Adventure kateg\u00f3ri\u00e1b\u00f3l!\",\"breadcrumb\":{\"@id\":\"https:\/\/www.welovecycling.com\/hu\/trekking-mtb\/beszamolo-elso-kezbol-hogyan-lehet-tulelni-a-skoda-adventure-t-a-skoda-titan-desert-morocco-legnehezebb-kategoriajat\/#breadcrumb\"},\"inLanguage\":\"hu\",\"potentialAction\":[{\"@type\":\"ReadAction\",\"target\":[\"https:\/\/www.welovecycling.com\/hu\/trekking-mtb\/beszamolo-elso-kezbol-hogyan-lehet-tulelni-a-skoda-adventure-t-a-skoda-titan-desert-morocco-legnehezebb-kategoriajat\/\"]}]},{\"@type\":\"ImageObject\",\"inLanguage\":\"hu\",\"@id\":\"https:\/\/www.welovecycling.com\/hu\/trekking-mtb\/beszamolo-elso-kezbol-hogyan-lehet-tulelni-a-skoda-adventure-t-a-skoda-titan-desert-morocco-legnehezebb-kategoriajat\/#primaryimage\",\"url\":\"https:\/\/d2p6e6u75xmxt8.cloudfront.net\/12\/2024\/05\/Skoda-Titan-Desert-24-CVR.webp\",\"contentUrl\":\"https:\/\/d2p6e6u75xmxt8.cloudfront.net\/12\/2024\/05\/Skoda-Titan-Desert-24-CVR.webp\",\"width\":990,\"height\":660,\"caption\":\"\u0160koda Titan Desert\"},{\"@type\":\"BreadcrumbList\",\"@id\":\"https:\/\/www.welovecycling.com\/hu\/trekking-mtb\/beszamolo-elso-kezbol-hogyan-lehet-tulelni-a-skoda-adventure-t-a-skoda-titan-desert-morocco-legnehezebb-kategoriajat\/#breadcrumb\",\"itemListElement\":[{\"@type\":\"ListItem\",\"position\":1,\"name\":\"Home\",\"item\":\"https:\/\/www.welovecycling.com\/hu\/\"},{\"@type\":\"ListItem\",\"position\":2,\"name\":\"Besz\u00e1mol\u00f3 els\u0151 k\u00e9zb\u0151l: Hogyan lehet t\u00fal\u00e9lni a \u0160koda Adventure-t, a \u0160koda Titan Desert Morocco legnehezebb kateg\u00f3ri\u00e1j\u00e1t?\"}]},{\"@type\":\"WebSite\",\"@id\":\"https:\/\/www.welovecycling.com\/hu\/#website\",\"url\":\"https:\/\/www.welovecycling.com\/hu\/\",\"name\":\"\u0160koda We Love Cycling - Magyarorsz\u00e1g\",\"description\":\"\u0160koda WeLoveCycling\",\"potentialAction\":[{\"@type\":\"SearchAction\",\"target\":{\"@type\":\"EntryPoint\",\"urlTemplate\":\"https:\/\/www.welovecycling.com\/hu\/?s={search_term_string}\"},\"query-input\":{\"@type\":\"PropertyValueSpecification\",\"valueRequired\":true,\"valueName\":\"search_term_string\"}}],\"inLanguage\":\"hu\"},{\"@type\":\"Person\",\"@id\":\"https:\/\/www.welovecycling.com\/hu\/#\/schema\/person\/414a2aebf1801691a5320edb6468e194\",\"name\":\"hegyizs\",\"image\":{\"@type\":\"ImageObject\",\"inLanguage\":\"hu\",\"@id\":\"https:\/\/www.welovecycling.com\/hu\/#\/schema\/person\/image\/\",\"url\":\"https:\/\/secure.gravatar.com\/avatar\/02cf8a7906b8cf90cecb4679defac7cfd33a1c2e3b88e4903d947f3bb58eedd3?s=96&d=mm&r=g\",\"contentUrl\":\"https:\/\/secure.gravatar.com\/avatar\/02cf8a7906b8cf90cecb4679defac7cfd33a1c2e3b88e4903d947f3bb58eedd3?s=96&d=mm&r=g\",\"caption\":\"hegyizs\"},\"url\":\"https:\/\/www.welovecycling.com\/hu\/author\/hegyizs\/\"}]}<\/script>\n<!-- \/ Yoast SEO Premium plugin. -->","yoast_head_json":{"title":"Besz\u00e1mol\u00f3 els\u0151 k\u00e9zb\u0151l: Hogyan lehet t\u00fal\u00e9lni a \u0160koda Adventure-t, a \u0160koda Titan Desert Morocco legnehezebb kateg\u00f3ri\u00e1j\u00e1t?","description":"V\u00e9get \u00e9rt a \u0160koda Titan Desert Morocco 2024, \u00e9s nagy h\u00edr\u00fcnk van: hoztunk nektek egy besz\u00e1mol\u00f3t a kulissz\u00e1k m\u00f6g\u00fcl, r\u00e1ad\u00e1sul a \u0160koda Adventure kateg\u00f3ri\u00e1b\u00f3l!","robots":{"index":"index","follow":"follow","max-snippet":"max-snippet:-1","max-image-preview":"max-image-preview:large","max-video-preview":"max-video-preview:-1"},"canonical":"https:\/\/www.welovecycling.com\/hu\/trekking-mtb\/beszamolo-elso-kezbol-hogyan-lehet-tulelni-a-skoda-adventure-t-a-skoda-titan-desert-morocco-legnehezebb-kategoriajat\/","og_locale":"hu_HU","og_type":"article","og_title":"Besz\u00e1mol\u00f3 els\u0151 k\u00e9zb\u0151l: Hogyan lehet t\u00fal\u00e9lni a \u0160koda Adventure-t, a \u0160koda Titan Desert Morocco legnehezebb kateg\u00f3ri\u00e1j\u00e1t?","og_description":"V\u00e9get \u00e9rt a \u0160koda Titan Desert Morocco 2024, \u00e9s nagy h\u00edr\u00fcnk van: hoztunk nektek egy besz\u00e1mol\u00f3t a kulissz\u00e1k m\u00f6g\u00fcl, r\u00e1ad\u00e1sul a \u0160koda Adventure kateg\u00f3ri\u00e1b\u00f3l!","og_url":"https:\/\/www.welovecycling.com\/hu\/trekking-mtb\/beszamolo-elso-kezbol-hogyan-lehet-tulelni-a-skoda-adventure-t-a-skoda-titan-desert-morocco-legnehezebb-kategoriajat\/","og_site_name":"\u0160koda We Love Cycling - Magyarorsz\u00e1g","article_publisher":"https:\/\/www.facebook.com\/WeLoveCyclingHungary\/","article_published_time":"2024-05-23T06:00:28+00:00","og_image":[{"width":990,"height":660,"url":"https:\/\/d2p6e6u75xmxt8.cloudfront.net\/12\/2024\/05\/Skoda-Titan-Desert-24-CVR.webp","type":"image\/webp"}],"author":"hegyizs","twitter_card":"summary_large_image","twitter_misc":{"Written by":"Frantiska Blazkova","Est. reading time":"4"},"schema":{"@context":"https:\/\/schema.org","@graph":[{"@type":"WebPage","@id":"https:\/\/www.welovecycling.com\/hu\/trekking-mtb\/beszamolo-elso-kezbol-hogyan-lehet-tulelni-a-skoda-adventure-t-a-skoda-titan-desert-morocco-legnehezebb-kategoriajat\/","url":"https:\/\/www.welovecycling.com\/hu\/trekking-mtb\/beszamolo-elso-kezbol-hogyan-lehet-tulelni-a-skoda-adventure-t-a-skoda-titan-desert-morocco-legnehezebb-kategoriajat\/","name":"Besz\u00e1mol\u00f3 els\u0151 k\u00e9zb\u0151l: Hogyan lehet t\u00fal\u00e9lni a \u0160koda Adventure-t, a \u0160koda Titan Desert Morocco legnehezebb kateg\u00f3ri\u00e1j\u00e1t?","isPartOf":{"@id":"https:\/\/www.welovecycling.com\/hu\/#website"},"primaryImageOfPage":{"@id":"https:\/\/www.welovecycling.com\/hu\/trekking-mtb\/beszamolo-elso-kezbol-hogyan-lehet-tulelni-a-skoda-adventure-t-a-skoda-titan-desert-morocco-legnehezebb-kategoriajat\/#primaryimage"},"image":{"@id":"https:\/\/www.welovecycling.com\/hu\/trekking-mtb\/beszamolo-elso-kezbol-hogyan-lehet-tulelni-a-skoda-adventure-t-a-skoda-titan-desert-morocco-legnehezebb-kategoriajat\/#primaryimage"},"thumbnailUrl":"https:\/\/d2p6e6u75xmxt8.cloudfront.net\/12\/2024\/05\/Skoda-Titan-Desert-24-CVR.webp","datePublished":"2024-05-23T06:00:28+00:00","author":{"@id":"https:\/\/www.welovecycling.com\/hu\/#\/schema\/person\/414a2aebf1801691a5320edb6468e194"},"description":"V\u00e9get \u00e9rt a \u0160koda Titan Desert Morocco 2024, \u00e9s nagy h\u00edr\u00fcnk van: hoztunk nektek egy besz\u00e1mol\u00f3t a kulissz\u00e1k m\u00f6g\u00fcl, r\u00e1ad\u00e1sul a \u0160koda Adventure kateg\u00f3ri\u00e1b\u00f3l!","breadcrumb":{"@id":"https:\/\/www.welovecycling.com\/hu\/trekking-mtb\/beszamolo-elso-kezbol-hogyan-lehet-tulelni-a-skoda-adventure-t-a-skoda-titan-desert-morocco-legnehezebb-kategoriajat\/#breadcrumb"},"inLanguage":"hu","potentialAction":[{"@type":"ReadAction","target":["https:\/\/www.welovecycling.com\/hu\/trekking-mtb\/beszamolo-elso-kezbol-hogyan-lehet-tulelni-a-skoda-adventure-t-a-skoda-titan-desert-morocco-legnehezebb-kategoriajat\/"]}]},{"@type":"ImageObject","inLanguage":"hu","@id":"https:\/\/www.welovecycling.com\/hu\/trekking-mtb\/beszamolo-elso-kezbol-hogyan-lehet-tulelni-a-skoda-adventure-t-a-skoda-titan-desert-morocco-legnehezebb-kategoriajat\/#primaryimage","url":"https:\/\/d2p6e6u75xmxt8.cloudfront.net\/12\/2024\/05\/Skoda-Titan-Desert-24-CVR.webp","contentUrl":"https:\/\/d2p6e6u75xmxt8.cloudfront.net\/12\/2024\/05\/Skoda-Titan-Desert-24-CVR.webp","width":990,"height":660,"caption":"\u0160koda Titan Desert"},{"@type":"BreadcrumbList","@id":"https:\/\/www.welovecycling.com\/hu\/trekking-mtb\/beszamolo-elso-kezbol-hogyan-lehet-tulelni-a-skoda-adventure-t-a-skoda-titan-desert-morocco-legnehezebb-kategoriajat\/#breadcrumb","itemListElement":[{"@type":"ListItem","position":1,"name":"Home","item":"https:\/\/www.welovecycling.com\/hu\/"},{"@type":"ListItem","position":2,"name":"Besz\u00e1mol\u00f3 els\u0151 k\u00e9zb\u0151l: Hogyan lehet t\u00fal\u00e9lni a \u0160koda Adventure-t, a \u0160koda Titan Desert Morocco legnehezebb kateg\u00f3ri\u00e1j\u00e1t?"}]},{"@type":"WebSite","@id":"https:\/\/www.welovecycling.com\/hu\/#website","url":"https:\/\/www.welovecycling.com\/hu\/","name":"\u0160koda We Love Cycling - Magyarorsz\u00e1g","description":"\u0160koda WeLoveCycling","potentialAction":[{"@type":"SearchAction","target":{"@type":"EntryPoint","urlTemplate":"https:\/\/www.welovecycling.com\/hu\/?s={search_term_string}"},"query-input":{"@type":"PropertyValueSpecification","valueRequired":true,"valueName":"search_term_string"}}],"inLanguage":"hu"},{"@type":"Person","@id":"https:\/\/www.welovecycling.com\/hu\/#\/schema\/person\/414a2aebf1801691a5320edb6468e194","name":"hegyizs","image":{"@type":"ImageObject","inLanguage":"hu","@id":"https:\/\/www.welovecycling.com\/hu\/#\/schema\/person\/image\/","url":"https:\/\/secure.gravatar.com\/avatar\/02cf8a7906b8cf90cecb4679defac7cfd33a1c2e3b88e4903d947f3bb58eedd3?s=96&d=mm&r=g","contentUrl":"https:\/\/secure.gravatar.com\/avatar\/02cf8a7906b8cf90cecb4679defac7cfd33a1c2e3b88e4903d947f3bb58eedd3?s=96&d=mm&r=g","caption":"hegyizs"},"url":"https:\/\/www.welovecycling.com\/hu\/author\/hegyizs\/"}]}},"_links":{"self":[{"href":"https:\/\/www.welovecycling.com\/hu\/wp-json\/wp\/v2\/posts\/18513","targetHints":{"allow":["GET"]}}],"collection":[{"href":"https:\/\/www.welovecycling.com\/hu\/wp-json\/wp\/v2\/posts"}],"about":[{"href":"https:\/\/www.welovecycling.com\/hu\/wp-json\/wp\/v2\/types\/post"}],"author":[{"embeddable":true,"href":"https:\/\/www.welovecycling.com\/hu\/wp-json\/wp\/v2\/users\/71"}],"replies":[{"embeddable":true,"href":"https:\/\/www.welovecycling.com\/hu\/wp-json\/wp\/v2\/comments?post=18513"}],"version-history":[{"count":1,"href":"https:\/\/www.welovecycling.com\/hu\/wp-json\/wp\/v2\/posts\/18513\/revisions"}],"predecessor-version":[{"id":18515,"href":"https:\/\/www.welovecycling.com\/hu\/wp-json\/wp\/v2\/posts\/18513\/revisions\/18515"}],"wp:featuredmedia":[{"embeddable":true,"href":"https:\/\/www.welovecycling.com\/hu\/wp-json\/wp\/v2\/media\/18514"}],"wp:attachment":[{"href":"https:\/\/www.welovecycling.com\/hu\/wp-json\/wp\/v2\/media?parent=18513"}],"wp:term":[{"taxonomy":"category","embeddable":true,"href":"https:\/\/www.welovecycling.com\/hu\/wp-json\/wp\/v2\/categories?post=18513"},{"taxonomy":"post_tag","embeddable":true,"href":"https:\/\/www.welovecycling.com\/hu\/wp-json\/wp\/v2\/tags?post=18513"},{"taxonomy":"global-categories","embeddable":true,"href":"https:\/\/www.welovecycling.com\/hu\/wp-json\/wp\/v2\/global-categories?post=18513"}],"curies":[{"name":"wp","href":"https:\/\/api.w.org\/{rel}","templated":true}]}}