{"id":18506,"date":"2024-05-15T14:09:59","date_gmt":"2024-05-15T12:09:59","guid":{"rendered":"https:\/\/www.welovecycling.com\/hu\/?p=18506"},"modified":"2024-05-15T14:19:17","modified_gmt":"2024-05-15T12:19:17","slug":"tudj-meg-mindent-a-hazai-kerekparsportrol-elso-kezbol-epronex-valter-tibor-vizer-barnabas-interju","status":"publish","type":"post","link":"https:\/\/www.welovecycling.com\/hu\/orszaguti-kerekpar\/tudj-meg-mindent-a-hazai-kerekparsportrol-elso-kezbol-epronex-valter-tibor-vizer-barnabas-interju\/","title":{"rendered":"Tudj meg mindent a hazai ker\u00e9kp\u00e1rsportr\u00f3l, els\u0151 k\u00e9zb\u0151l &#8211; Epronex, Valter Tibor, V\u00edzer Barnab\u00e1s interj\u00fa"},"content":{"rendered":"<p><strong><span class=\"yt-core-attributed-string--link-inherit-color\">A Porsche Buda b\u00fcszk\u00e9n \u00fcnnepli az <\/span><span class=\"yt-core-attributed-string--link-inherit-color\">Epronex Hungary <\/span><span class=\"yt-core-attributed-string--link-inherit-color\">csapattal val\u00f3 egy\u00fcttm\u0171k\u00f6d\u00e9s\u00e9t, amelyet id\u00e9n egy k\u00fcl\u00f6nleges interj\u00fa elk\u00e9sz\u00edt\u00e9s\u00e9vel is megkoron\u00e1ztak. Pillants be vel\u00fcnk a kulissz\u00e1k m\u00f6g\u00e9!<\/span><\/strong><\/p>\n<p><!--more--><\/p>\n<p>A Porsche Buda a m\u00e1jus 11-i Tour de Hongrie kapcs\u00e1n k\u00e9sz\u00edtett interj\u00fat az Epronex csapattal, Valter Tiborral (Valter Attila \u00e9desapja), illetve V\u00edzer Barnab\u00e1ssal, a ker\u00e9kp\u00e1rossz\u00f6vets\u00e9g tagj\u00e1val. Az interj\u00fa a magyar ker\u00e9kp\u00e1rossport \u00e1ltal\u00e1nos helyzete mellett feldolgozza a \u0160koda \u00e9s az Epronex egy\u00fcttm\u0171k\u00f6d\u00e9s\u00e9t, illetve a nemr\u00e9g lezajlott Tour de Hongrie-ra val\u00f3 felk\u00e9sz\u00fcl\u00e9sr\u0151l is sz\u00f3 esik. Emellett Valter,\u00a0a <span class=\"html-span xdj266r x11i5rnm xat24cr x1mh8g0r xexx8yu x4uap5 x18d9i69 xkhd6sd x1hl2dhg x16tdsg8 x1vvkbs\"><a class=\"x1i10hfl xjbqb8w x1ejq31n xd10rxx x1sy0etr x17r0tee x972fbf xcfux6l x1qhh985 xm0m39n x9f619 x1ypdohk xt0psk2 xe8uvvx xdj266r x11i5rnm xat24cr x1mh8g0r xexx8yu x4uap5 x18d9i69 xkhd6sd x16tdsg8 x1hl2dhg xggy1nq x1a2a7pz x1sur9pj xkrqix3 x1fey0fg xo1l8bm\" tabindex=\"0\" role=\"link\" href=\"https:\/\/www.facebook.com\/csomorsport?__cft__[0]=AZVBNfR0yKuODEYg94QOJdfNig5LjqsJhhWB8-WsFFi4hXP9yN9tPwsMlKasst0udfr1WfZ_q1UxDCSCgZxTNgpJKOuDl_k-r-vHAzuEslFkoSsYTb_vtOnYq4UDEEVgleeIk74neX_us_0XSsOimvnEhQ8GqyUxHX2NIAo6ycScN3ZzLy9NF-c0ri43OMdFu0woNm7ovQ-1BqUuDT0trDsn&amp;__tn__=-]K-R\"><span class=\"xt0psk2\">Cs\u00f6m\u00f6r Sport<\/span><\/a><\/span> Ker\u00e9kp\u00e1ros Ut\u00e1np\u00f3tl\u00e1snevel\u0151 Csapat k\u00e9pviselet\u00e9ben az ut\u00e1np\u00f3tl\u00e1s-nevel\u00e9s sor\u00e1n szerzett tapasztalatair\u00f3l is besz\u00e1mol. Az <span class=\"html-span xdj266r x11i5rnm xat24cr x1mh8g0r xexx8yu x4uap5 x18d9i69 xkhd6sd x1hl2dhg x16tdsg8 x1vvkbs\"><a class=\"x1i10hfl xjbqb8w x1ejq31n xd10rxx x1sy0etr x17r0tee x972fbf xcfux6l x1qhh985 xm0m39n x9f619 x1ypdohk xt0psk2 xe8uvvx xdj266r x11i5rnm xat24cr x1mh8g0r xexx8yu x4uap5 x18d9i69 xkhd6sd x16tdsg8 x1hl2dhg xggy1nq x1a2a7pz x1sur9pj xkrqix3 x1fey0fg xo1l8bm\" tabindex=\"0\" role=\"link\" href=\"https:\/\/www.facebook.com\/epronexhungary?__cft__[0]=AZVBNfR0yKuODEYg94QOJdfNig5LjqsJhhWB8-WsFFi4hXP9yN9tPwsMlKasst0udfr1WfZ_q1UxDCSCgZxTNgpJKOuDl_k-r-vHAzuEslFkoSsYTb_vtOnYq4UDEEVgleeIk74neX_us_0XSsOimvnEhQ8GqyUxHX2NIAo6ycScN3ZzLy9NF-c0ri43OMdFu0woNm7ovQ-1BqUuDT0trDsn&amp;__tn__=-]K-R\"><span class=\"xt0psk2\">Epronex &#8211; Hungary<\/span><\/a><\/span> csapata nev\u00e9ben pedig annak egyik vezet\u0151je, Kiss Gergely, \u00e9s orsz\u00e1gos bajnok versenyz\u0151je, R\u00f3zsa Bal\u00e1zs nyilatkozik.<\/p>\n<p>Ha \u00e9rdekel a hazai ker\u00e9kp\u00e1rsport, k\u00e9sz\u00edts egy feh\u00e9rjed\u00fas vacsor\u00e1t, r\u00e1zd fel hozz\u00e1 az izot\u00f3ni\u00e1s italodat, ny\u00fajt\u00f3ztasd ki teker\u00e9st\u0151l bizserg\u0151 l\u00e1baid \u00e9s t\u00f6lts el egy \u00f3r\u00e1t a bringasport bennfenteseivel! Biztosan nem fogod megb\u00e1nni.<\/p>\n<lite-youtube videoid=D6pkv9fbj8s params=\"enablejsapi=1\" style=\"background-image: url('https:\/\/i.ytimg.com\/vi_webp\/D6pkv9fbj8s\/maxresdefault.webp');\"><\/lite-youtube>\n","protected":false},"excerpt":{"rendered":"<p>A Porsche Buda b\u00fcszk\u00e9n \u00fcnnepli az Epronex Hungary csapattal val\u00f3 egy\u00fcttm\u0171k\u00f6d\u00e9s\u00e9t, amelyet id\u00e9n egy k\u00fcl\u00f6nleges interj\u00fa elk\u00e9sz\u00edt\u00e9s\u00e9vel is megkoron\u00e1ztak. Pillants [&hellip;]<\/p>\n","protected":false},"author":145,"featured_media":18511,"comment_status":"open","ping_status":"open","sticky":false,"template":"","format":"standard","meta":{"footnotes":""},"categories":[8],"tags":[],"global-categories":[419],"class_list":["post-18506","post","type-post","status-publish","format-standard","has-post-thumbnail","hentry","category-orszaguti-kerekpar","global-categories-cycling"],"yoast_head":"<!-- This site is optimized with the Yoast SEO Premium plugin v25.3 (Yoast SEO v25.9) - https:\/\/yoast.com\/wordpress\/plugins\/seo\/ -->\n<title>Tudj meg mindent a hazai ker\u00e9kp\u00e1rsportr\u00f3l, els\u0151 k\u00e9zb\u0151l - Epronex, Valter Tibor, V\u00edzer Barnab\u00e1s interj\u00fa - \u0160koda We Love Cycling - Magyarorsz\u00e1g<\/title>\n<meta name=\"description\" content=\"A Porsche Buda b\u00fcszk\u00e9n \u00fcnnepli az Epronex Hungary csapattal val\u00f3 egy\u00fcttm\u0171k\u00f6d\u00e9s\u00e9t, amelyet id\u00e9n egy k\u00fcl\u00f6nleges interj\u00fa elk\u00e9sz\u00edt\u00e9s\u00e9vel is megkoron\u00e1ztak. Pillants be vel\u00fcnk a kulissz\u00e1k m\u00f6g\u00e9!\" \/>\n<meta name=\"robots\" content=\"index, follow, max-snippet:-1, max-image-preview:large, max-video-preview:-1\" \/>\n<link rel=\"canonical\" href=\"https:\/\/www.welovecycling.com\/hu\/orszaguti-kerekpar\/tudj-meg-mindent-a-hazai-kerekparsportrol-elso-kezbol-epronex-valter-tibor-vizer-barnabas-interju\/\" \/>\n<meta property=\"og:locale\" content=\"hu_HU\" \/>\n<meta property=\"og:type\" content=\"article\" \/>\n<meta property=\"og:title\" content=\"Tudj meg mindent a hazai ker\u00e9kp\u00e1rsportr\u00f3l, els\u0151 k\u00e9zb\u0151l - Epronex, Valter Tibor, V\u00edzer Barnab\u00e1s interj\u00fa\" \/>\n<meta property=\"og:description\" content=\"A Porsche Buda b\u00fcszk\u00e9n \u00fcnnepli az Epronex Hungary csapattal val\u00f3 egy\u00fcttm\u0171k\u00f6d\u00e9s\u00e9t, amelyet id\u00e9n egy k\u00fcl\u00f6nleges interj\u00fa elk\u00e9sz\u00edt\u00e9s\u00e9vel is megkoron\u00e1ztak. Pillants be vel\u00fcnk a kulissz\u00e1k m\u00f6g\u00e9!\" \/>\n<meta property=\"og:url\" content=\"https:\/\/www.welovecycling.com\/hu\/orszaguti-kerekpar\/tudj-meg-mindent-a-hazai-kerekparsportrol-elso-kezbol-epronex-valter-tibor-vizer-barnabas-interju\/\" \/>\n<meta property=\"og:site_name\" content=\"\u0160koda We Love Cycling - Magyarorsz\u00e1g\" \/>\n<meta property=\"article:publisher\" content=\"https:\/\/www.facebook.com\/WeLoveCyclingHungary\/\" \/>\n<meta property=\"article:published_time\" content=\"2024-05-15T12:09:59+00:00\" \/>\n<meta property=\"article:modified_time\" content=\"2024-05-15T12:19:17+00:00\" \/>\n<meta property=\"og:image\" content=\"https:\/\/d2p6e6u75xmxt8.cloudfront.net\/12\/2024\/05\/Screenshot_3-1.webp\" \/>\n\t<meta property=\"og:image:width\" content=\"1151\" \/>\n\t<meta property=\"og:image:height\" content=\"594\" \/>\n\t<meta property=\"og:image:type\" content=\"image\/webp\" \/>\n<meta name=\"author\" content=\"kitti\" \/>\n<meta name=\"twitter:card\" content=\"summary_large_image\" \/>\n<meta name=\"twitter:label1\" content=\"Written by\" \/>\n\t<meta name=\"twitter:data1\" content=\"We Love Cycling\" \/>\n\t<meta name=\"twitter:label2\" content=\"Est. reading time\" \/>\n\t<meta name=\"twitter:data2\" content=\"1 minute\" \/>\n<script type=\"application\/ld+json\" class=\"yoast-schema-graph\">{\"@context\":\"https:\/\/schema.org\",\"@graph\":[{\"@type\":\"WebPage\",\"@id\":\"https:\/\/www.welovecycling.com\/hu\/orszaguti-kerekpar\/tudj-meg-mindent-a-hazai-kerekparsportrol-elso-kezbol-epronex-valter-tibor-vizer-barnabas-interju\/\",\"url\":\"https:\/\/www.welovecycling.com\/hu\/orszaguti-kerekpar\/tudj-meg-mindent-a-hazai-kerekparsportrol-elso-kezbol-epronex-valter-tibor-vizer-barnabas-interju\/\",\"name\":\"Tudj meg mindent a hazai ker\u00e9kp\u00e1rsportr\u00f3l, els\u0151 k\u00e9zb\u0151l - Epronex, Valter Tibor, V\u00edzer Barnab\u00e1s interj\u00fa - \u0160koda We Love Cycling - Magyarorsz\u00e1g\",\"isPartOf\":{\"@id\":\"https:\/\/www.welovecycling.com\/hu\/#website\"},\"primaryImageOfPage\":{\"@id\":\"https:\/\/www.welovecycling.com\/hu\/orszaguti-kerekpar\/tudj-meg-mindent-a-hazai-kerekparsportrol-elso-kezbol-epronex-valter-tibor-vizer-barnabas-interju\/#primaryimage\"},\"image\":{\"@id\":\"https:\/\/www.welovecycling.com\/hu\/orszaguti-kerekpar\/tudj-meg-mindent-a-hazai-kerekparsportrol-elso-kezbol-epronex-valter-tibor-vizer-barnabas-interju\/#primaryimage\"},\"thumbnailUrl\":\"https:\/\/d2p6e6u75xmxt8.cloudfront.net\/12\/2024\/05\/Screenshot_3-1.webp\",\"datePublished\":\"2024-05-15T12:09:59+00:00\",\"dateModified\":\"2024-05-15T12:19:17+00:00\",\"author\":{\"@id\":\"https:\/\/www.welovecycling.com\/hu\/#\/schema\/person\/bec7dcdbcc59f58489cf603e4040ced1\"},\"description\":\"A Porsche Buda b\u00fcszk\u00e9n \u00fcnnepli az Epronex Hungary csapattal val\u00f3 egy\u00fcttm\u0171k\u00f6d\u00e9s\u00e9t, amelyet id\u00e9n egy k\u00fcl\u00f6nleges interj\u00fa elk\u00e9sz\u00edt\u00e9s\u00e9vel is megkoron\u00e1ztak. Pillants be vel\u00fcnk a kulissz\u00e1k m\u00f6g\u00e9!\",\"breadcrumb\":{\"@id\":\"https:\/\/www.welovecycling.com\/hu\/orszaguti-kerekpar\/tudj-meg-mindent-a-hazai-kerekparsportrol-elso-kezbol-epronex-valter-tibor-vizer-barnabas-interju\/#breadcrumb\"},\"inLanguage\":\"hu\",\"potentialAction\":[{\"@type\":\"ReadAction\",\"target\":[\"https:\/\/www.welovecycling.com\/hu\/orszaguti-kerekpar\/tudj-meg-mindent-a-hazai-kerekparsportrol-elso-kezbol-epronex-valter-tibor-vizer-barnabas-interju\/\"]}]},{\"@type\":\"ImageObject\",\"inLanguage\":\"hu\",\"@id\":\"https:\/\/www.welovecycling.com\/hu\/orszaguti-kerekpar\/tudj-meg-mindent-a-hazai-kerekparsportrol-elso-kezbol-epronex-valter-tibor-vizer-barnabas-interju\/#primaryimage\",\"url\":\"https:\/\/d2p6e6u75xmxt8.cloudfront.net\/12\/2024\/05\/Screenshot_3-1.webp\",\"contentUrl\":\"https:\/\/d2p6e6u75xmxt8.cloudfront.net\/12\/2024\/05\/Screenshot_3-1.webp\",\"width\":1151,\"height\":594},{\"@type\":\"BreadcrumbList\",\"@id\":\"https:\/\/www.welovecycling.com\/hu\/orszaguti-kerekpar\/tudj-meg-mindent-a-hazai-kerekparsportrol-elso-kezbol-epronex-valter-tibor-vizer-barnabas-interju\/#breadcrumb\",\"itemListElement\":[{\"@type\":\"ListItem\",\"position\":1,\"name\":\"Home\",\"item\":\"https:\/\/www.welovecycling.com\/hu\/\"},{\"@type\":\"ListItem\",\"position\":2,\"name\":\"Tudj meg mindent a hazai ker\u00e9kp\u00e1rsportr\u00f3l, els\u0151 k\u00e9zb\u0151l &#8211; Epronex, Valter Tibor, V\u00edzer Barnab\u00e1s interj\u00fa\"}]},{\"@type\":\"WebSite\",\"@id\":\"https:\/\/www.welovecycling.com\/hu\/#website\",\"url\":\"https:\/\/www.welovecycling.com\/hu\/\",\"name\":\"\u0160koda We Love Cycling - Magyarorsz\u00e1g\",\"description\":\"\u0160koda WeLoveCycling\",\"potentialAction\":[{\"@type\":\"SearchAction\",\"target\":{\"@type\":\"EntryPoint\",\"urlTemplate\":\"https:\/\/www.welovecycling.com\/hu\/?s={search_term_string}\"},\"query-input\":{\"@type\":\"PropertyValueSpecification\",\"valueRequired\":true,\"valueName\":\"search_term_string\"}}],\"inLanguage\":\"hu\"},{\"@type\":\"Person\",\"@id\":\"https:\/\/www.welovecycling.com\/hu\/#\/schema\/person\/bec7dcdbcc59f58489cf603e4040ced1\",\"name\":\"kitti\",\"image\":{\"@type\":\"ImageObject\",\"inLanguage\":\"hu\",\"@id\":\"https:\/\/www.welovecycling.com\/hu\/#\/schema\/person\/image\/\",\"url\":\"https:\/\/secure.gravatar.com\/avatar\/e3196a110e1b57b96f56d92d10ce9bb4e9d7210076832a16243337e949410b52?s=96&d=mm&r=g\",\"contentUrl\":\"https:\/\/secure.gravatar.com\/avatar\/e3196a110e1b57b96f56d92d10ce9bb4e9d7210076832a16243337e949410b52?s=96&d=mm&r=g\",\"caption\":\"kitti\"},\"url\":\"https:\/\/www.welovecycling.com\/hu\/author\/kitti\/\"}]}<\/script>\n<!-- \/ Yoast SEO Premium plugin. -->","yoast_head_json":{"title":"Tudj meg mindent a hazai ker\u00e9kp\u00e1rsportr\u00f3l, els\u0151 k\u00e9zb\u0151l - Epronex, Valter Tibor, V\u00edzer Barnab\u00e1s interj\u00fa - \u0160koda We Love Cycling - Magyarorsz\u00e1g","description":"A Porsche Buda b\u00fcszk\u00e9n \u00fcnnepli az Epronex Hungary csapattal val\u00f3 egy\u00fcttm\u0171k\u00f6d\u00e9s\u00e9t, amelyet id\u00e9n egy k\u00fcl\u00f6nleges interj\u00fa elk\u00e9sz\u00edt\u00e9s\u00e9vel is megkoron\u00e1ztak. Pillants be vel\u00fcnk a kulissz\u00e1k m\u00f6g\u00e9!","robots":{"index":"index","follow":"follow","max-snippet":"max-snippet:-1","max-image-preview":"max-image-preview:large","max-video-preview":"max-video-preview:-1"},"canonical":"https:\/\/www.welovecycling.com\/hu\/orszaguti-kerekpar\/tudj-meg-mindent-a-hazai-kerekparsportrol-elso-kezbol-epronex-valter-tibor-vizer-barnabas-interju\/","og_locale":"hu_HU","og_type":"article","og_title":"Tudj meg mindent a hazai ker\u00e9kp\u00e1rsportr\u00f3l, els\u0151 k\u00e9zb\u0151l - Epronex, Valter Tibor, V\u00edzer Barnab\u00e1s interj\u00fa","og_description":"A Porsche Buda b\u00fcszk\u00e9n \u00fcnnepli az Epronex Hungary csapattal val\u00f3 egy\u00fcttm\u0171k\u00f6d\u00e9s\u00e9t, amelyet id\u00e9n egy k\u00fcl\u00f6nleges interj\u00fa elk\u00e9sz\u00edt\u00e9s\u00e9vel is megkoron\u00e1ztak. Pillants be vel\u00fcnk a kulissz\u00e1k m\u00f6g\u00e9!","og_url":"https:\/\/www.welovecycling.com\/hu\/orszaguti-kerekpar\/tudj-meg-mindent-a-hazai-kerekparsportrol-elso-kezbol-epronex-valter-tibor-vizer-barnabas-interju\/","og_site_name":"\u0160koda We Love Cycling - Magyarorsz\u00e1g","article_publisher":"https:\/\/www.facebook.com\/WeLoveCyclingHungary\/","article_published_time":"2024-05-15T12:09:59+00:00","article_modified_time":"2024-05-15T12:19:17+00:00","og_image":[{"width":1151,"height":594,"url":"https:\/\/d2p6e6u75xmxt8.cloudfront.net\/12\/2024\/05\/Screenshot_3-1.webp","type":"image\/webp"}],"author":"kitti","twitter_card":"summary_large_image","twitter_misc":{"Written by":"We Love Cycling","Est. reading time":"1 minute"},"schema":{"@context":"https:\/\/schema.org","@graph":[{"@type":"WebPage","@id":"https:\/\/www.welovecycling.com\/hu\/orszaguti-kerekpar\/tudj-meg-mindent-a-hazai-kerekparsportrol-elso-kezbol-epronex-valter-tibor-vizer-barnabas-interju\/","url":"https:\/\/www.welovecycling.com\/hu\/orszaguti-kerekpar\/tudj-meg-mindent-a-hazai-kerekparsportrol-elso-kezbol-epronex-valter-tibor-vizer-barnabas-interju\/","name":"Tudj meg mindent a hazai ker\u00e9kp\u00e1rsportr\u00f3l, els\u0151 k\u00e9zb\u0151l - Epronex, Valter Tibor, V\u00edzer Barnab\u00e1s interj\u00fa - \u0160koda We Love Cycling - Magyarorsz\u00e1g","isPartOf":{"@id":"https:\/\/www.welovecycling.com\/hu\/#website"},"primaryImageOfPage":{"@id":"https:\/\/www.welovecycling.com\/hu\/orszaguti-kerekpar\/tudj-meg-mindent-a-hazai-kerekparsportrol-elso-kezbol-epronex-valter-tibor-vizer-barnabas-interju\/#primaryimage"},"image":{"@id":"https:\/\/www.welovecycling.com\/hu\/orszaguti-kerekpar\/tudj-meg-mindent-a-hazai-kerekparsportrol-elso-kezbol-epronex-valter-tibor-vizer-barnabas-interju\/#primaryimage"},"thumbnailUrl":"https:\/\/d2p6e6u75xmxt8.cloudfront.net\/12\/2024\/05\/Screenshot_3-1.webp","datePublished":"2024-05-15T12:09:59+00:00","dateModified":"2024-05-15T12:19:17+00:00","author":{"@id":"https:\/\/www.welovecycling.com\/hu\/#\/schema\/person\/bec7dcdbcc59f58489cf603e4040ced1"},"description":"A Porsche Buda b\u00fcszk\u00e9n \u00fcnnepli az Epronex Hungary csapattal val\u00f3 egy\u00fcttm\u0171k\u00f6d\u00e9s\u00e9t, amelyet id\u00e9n egy k\u00fcl\u00f6nleges interj\u00fa elk\u00e9sz\u00edt\u00e9s\u00e9vel is megkoron\u00e1ztak. Pillants be vel\u00fcnk a kulissz\u00e1k m\u00f6g\u00e9!","breadcrumb":{"@id":"https:\/\/www.welovecycling.com\/hu\/orszaguti-kerekpar\/tudj-meg-mindent-a-hazai-kerekparsportrol-elso-kezbol-epronex-valter-tibor-vizer-barnabas-interju\/#breadcrumb"},"inLanguage":"hu","potentialAction":[{"@type":"ReadAction","target":["https:\/\/www.welovecycling.com\/hu\/orszaguti-kerekpar\/tudj-meg-mindent-a-hazai-kerekparsportrol-elso-kezbol-epronex-valter-tibor-vizer-barnabas-interju\/"]}]},{"@type":"ImageObject","inLanguage":"hu","@id":"https:\/\/www.welovecycling.com\/hu\/orszaguti-kerekpar\/tudj-meg-mindent-a-hazai-kerekparsportrol-elso-kezbol-epronex-valter-tibor-vizer-barnabas-interju\/#primaryimage","url":"https:\/\/d2p6e6u75xmxt8.cloudfront.net\/12\/2024\/05\/Screenshot_3-1.webp","contentUrl":"https:\/\/d2p6e6u75xmxt8.cloudfront.net\/12\/2024\/05\/Screenshot_3-1.webp","width":1151,"height":594},{"@type":"BreadcrumbList","@id":"https:\/\/www.welovecycling.com\/hu\/orszaguti-kerekpar\/tudj-meg-mindent-a-hazai-kerekparsportrol-elso-kezbol-epronex-valter-tibor-vizer-barnabas-interju\/#breadcrumb","itemListElement":[{"@type":"ListItem","position":1,"name":"Home","item":"https:\/\/www.welovecycling.com\/hu\/"},{"@type":"ListItem","position":2,"name":"Tudj meg mindent a hazai ker\u00e9kp\u00e1rsportr\u00f3l, els\u0151 k\u00e9zb\u0151l &#8211; Epronex, Valter Tibor, V\u00edzer Barnab\u00e1s interj\u00fa"}]},{"@type":"WebSite","@id":"https:\/\/www.welovecycling.com\/hu\/#website","url":"https:\/\/www.welovecycling.com\/hu\/","name":"\u0160koda We Love Cycling - Magyarorsz\u00e1g","description":"\u0160koda WeLoveCycling","potentialAction":[{"@type":"SearchAction","target":{"@type":"EntryPoint","urlTemplate":"https:\/\/www.welovecycling.com\/hu\/?s={search_term_string}"},"query-input":{"@type":"PropertyValueSpecification","valueRequired":true,"valueName":"search_term_string"}}],"inLanguage":"hu"},{"@type":"Person","@id":"https:\/\/www.welovecycling.com\/hu\/#\/schema\/person\/bec7dcdbcc59f58489cf603e4040ced1","name":"kitti","image":{"@type":"ImageObject","inLanguage":"hu","@id":"https:\/\/www.welovecycling.com\/hu\/#\/schema\/person\/image\/","url":"https:\/\/secure.gravatar.com\/avatar\/e3196a110e1b57b96f56d92d10ce9bb4e9d7210076832a16243337e949410b52?s=96&d=mm&r=g","contentUrl":"https:\/\/secure.gravatar.com\/avatar\/e3196a110e1b57b96f56d92d10ce9bb4e9d7210076832a16243337e949410b52?s=96&d=mm&r=g","caption":"kitti"},"url":"https:\/\/www.welovecycling.com\/hu\/author\/kitti\/"}]}},"_links":{"self":[{"href":"https:\/\/www.welovecycling.com\/hu\/wp-json\/wp\/v2\/posts\/18506","targetHints":{"allow":["GET"]}}],"collection":[{"href":"https:\/\/www.welovecycling.com\/hu\/wp-json\/wp\/v2\/posts"}],"about":[{"href":"https:\/\/www.welovecycling.com\/hu\/wp-json\/wp\/v2\/types\/post"}],"author":[{"embeddable":true,"href":"https:\/\/www.welovecycling.com\/hu\/wp-json\/wp\/v2\/users\/145"}],"replies":[{"embeddable":true,"href":"https:\/\/www.welovecycling.com\/hu\/wp-json\/wp\/v2\/comments?post=18506"}],"version-history":[{"count":3,"href":"https:\/\/www.welovecycling.com\/hu\/wp-json\/wp\/v2\/posts\/18506\/revisions"}],"predecessor-version":[{"id":18509,"href":"https:\/\/www.welovecycling.com\/hu\/wp-json\/wp\/v2\/posts\/18506\/revisions\/18509"}],"wp:featuredmedia":[{"embeddable":true,"href":"https:\/\/www.welovecycling.com\/hu\/wp-json\/wp\/v2\/media\/18511"}],"wp:attachment":[{"href":"https:\/\/www.welovecycling.com\/hu\/wp-json\/wp\/v2\/media?parent=18506"}],"wp:term":[{"taxonomy":"category","embeddable":true,"href":"https:\/\/www.welovecycling.com\/hu\/wp-json\/wp\/v2\/categories?post=18506"},{"taxonomy":"post_tag","embeddable":true,"href":"https:\/\/www.welovecycling.com\/hu\/wp-json\/wp\/v2\/tags?post=18506"},{"taxonomy":"global-categories","embeddable":true,"href":"https:\/\/www.welovecycling.com\/hu\/wp-json\/wp\/v2\/global-categories?post=18506"}],"curies":[{"name":"wp","href":"https:\/\/api.w.org\/{rel}","templated":true}]}}