{"id":18500,"date":"2024-05-14T10:54:08","date_gmt":"2024-05-14T08:54:08","guid":{"rendered":"https:\/\/www.welovecycling.com\/hu\/?p=18500"},"modified":"2024-05-14T10:54:08","modified_gmt":"2024-05-14T08:54:08","slug":"uj-sztar-szulethetett-az-idei-tour-de-hongrie-n-amely-dina-marton-remekleserol-is-emlekezetes-marad","status":"publish","type":"post","link":"https:\/\/www.welovecycling.com\/hu\/orszaguti-kerekpar\/uj-sztar-szulethetett-az-idei-tour-de-hongrie-n-amely-dina-marton-remekleserol-is-emlekezetes-marad\/","title":{"rendered":"\u00daj szt\u00e1r sz\u00fclethetett az idei Tour de Hongrie-n, amely Dina M\u00e1rton remekl\u00e9s\u00e9r\u0151l is eml\u00e9kezetes marad"},"content":{"rendered":"<p><strong>Az els\u0151 n\u00e9gy helyezett 20 m\u00e1sodpercen bel\u00fcl v\u00e9gzett a kimondottan j\u00f3 \u00e9s sz\u00ednvonalas versenyt hoz\u00f3 TdH-n, ahol egy 21 \u00e9ves belga meglepet\u00e9sember, Thibau Nys lett az \u00faj szt\u00e1r, de Mark Cavendish is \u00fajfent letette a n\u00e9vjegy\u00e9t.<\/strong><\/p>\n<p><!--more--><\/p>\n<p>Ahogy arra sz\u00e1m\u00edtani lehetett, a p\u00e9nteki kir\u00e1lyetap az \u00f6sszetett v\u00e9geredm\u00e9nyre is jelent\u0151s hat\u00e1st gyakorolt az idei Tour de Hongrie-n is. Legut\u00f3bbi besz\u00e1mol\u00f3nkat \u00e9ppen a verseny k\u00f6z\u00e9p\u00e9re illesztett, Kazincbarcik\u00e1r\u00f3l a K\u00e9kestet\u0151re felfut\u00f3 etap el\u0151tt hagytuk abba, \u00e9s a t\u00f6bb mint 2700 m\u00e9ternyi szintet tartalmaz\u00f3 \u00fatvonal kiv\u00e1l\u00f3 versenynek biztos\u00edtott t\u00e1ptalajt. Ez a nap m\u00e1r egy\u00e9rtelm\u0171en a legnagyobbak j\u00e1tsz\u00f3tere volt: olyan elitcsapatok klasszisnevei k\u00fczd\u00f6ttek meg az els\u0151s\u00e9g\u00e9rt, mint az emirateses Diego Ulissi, a Magyar K\u00f6rversenyt j\u00f3l ismer\u0151, kor\u00e1bbi m\u00e1sodik bor\u00e1s Emmanuel Buchmann, a bahrainos Wout Poels, a lott\u00f3s Harm Vanhoucke, az ineosos \u00d3scar Rodr\u00edguez, vagy \u00e9ppen a tavalyi gy\u0151ztes Marc Hirschi. V\u00e9g\u00fcl m\u00e9gsem \u0151k, hanem egy ifj\u00fa szt\u00e1rpal\u00e1nta, a Lidl belga tit\u00e1nja, Thibau Nys volt a leger\u0151sebb a K\u00e9kesen: a 21 \u00e9ves sr\u00e1c pazar taktik\u00e1val utas\u00edtotta maga m\u00f6g\u00e9 a teljes mez\u0151nyt, ezzel megalapozva az \u00f6sszetettbeli siker\u00e9t is. Nek\u00fcnk, magyaroknak ugyanakkor kimondottan j\u00f3 volt l\u00e1tni, hogy Dina M\u00e1rton v\u00e9gig ott tudott maradni a legnagyobbakkal, \u00e9s a nagyszer\u0171 15. helyen tekert \u00e1t v\u00e9g\u00fcl a c\u00e9lvonalon, alig f\u00e9lperces (37 mp.) h\u00e1tr\u00e1nnyal a szakaszgy\u0151ztes Nyshez k\u00e9pest.<\/p>\n<figure id=\"attachment_18504\" aria-describedby=\"caption-attachment-18504\" style=\"width: 2048px\" class=\"wp-caption alignnone\"><a href=\"https:\/\/d2p6e6u75xmxt8.cloudfront.net\/12\/2024\/05\/image-310-1715538763.webp\"><img loading=\"lazy\" decoding=\"async\" class=\"size-full wp-image-18504\" src=\"https:\/\/d2p6e6u75xmxt8.cloudfront.net\/12\/2024\/05\/image-310-1715538763.webp\" alt=\"\" width=\"2048\" height=\"1365\" srcset=\"https:\/\/d2p6e6u75xmxt8.cloudfront.net\/12\/2024\/05\/image-310-1715538763.webp 2048w, https:\/\/d2p6e6u75xmxt8.cloudfront.net\/12\/2024\/05\/image-310-1715538763-300x200.webp 300w, https:\/\/d2p6e6u75xmxt8.cloudfront.net\/12\/2024\/05\/image-310-1715538763-1024x683.webp 1024w, https:\/\/d2p6e6u75xmxt8.cloudfront.net\/12\/2024\/05\/image-310-1715538763-768x512.webp 768w, https:\/\/d2p6e6u75xmxt8.cloudfront.net\/12\/2024\/05\/image-310-1715538763-1536x1024.webp 1536w, https:\/\/d2p6e6u75xmxt8.cloudfront.net\/12\/2024\/05\/image-310-1715538763-1920x1280.webp 1920w, https:\/\/d2p6e6u75xmxt8.cloudfront.net\/12\/2024\/05\/image-310-1715538763-400x267.webp 400w, https:\/\/d2p6e6u75xmxt8.cloudfront.net\/12\/2024\/05\/image-310-1715538763-272x182.webp 272w, https:\/\/d2p6e6u75xmxt8.cloudfront.net\/12\/2024\/05\/image-310-1715538763-1920x1280.webp 1920w\" sizes=\"auto, (max-width: 2048px) 100vw, 2048px\" \/><\/a><figcaption id=\"caption-attachment-18504\" class=\"wp-caption-text\">fot\u00f3: Vanik Zolt\u00e1n\/TdH<\/figcaption><\/figure>\n<p>De aki azt gondolta volna, Nys ezzel elv\u00e9gezte a feladat\u00e1t, \u00e9s innent\u0151l r\u00e1megy a s\u00e1rga trik\u00f3 \u201ebiztons\u00e1gi menettel\u201d val\u00f3 megv\u00e9d\u00e9s\u00e9hez, nagyobbat nem is t\u00e9vedhetett volna! Az elk\u00e9peszt\u0151 form\u00e1ban l\u00e9v\u0151 belga sokoldal\u00fas\u00e1g\u00e1t demonstr\u00e1lva m\u00e1snap az eg\u00e9szen m\u00e1s profil\u00fa Budapest\u2013Etyek szakaszon is brill\u00edrozott, a mez\u0151nyhajr\u00e1n\u00e1l ism\u00e9t neki voltak a legjobb l\u00e1bai, \u00edgy \u00f6sszetett \u00e9llovask\u00e9nt \u00fajabb 10 m\u00e1sodpercnyi j\u00f3v\u00e1\u00edr\u00e1st gy\u0171jtve m\u00e1r 14 mp-re n\u00f6velte el\u0151ny\u00e9t a p\u00e9csi z\u00e1r\u00f3etap el\u0151tt. A K\u00e9kes ut\u00e1ni m\u00e1sik kem\u00e9nyebb hegyi szakaszon a Mecsekben is magabiztosan maradt az \u00e9lbolyban, megj\u00f6tt a Poels vezette n\u00e9gyf\u0151s gy\u0151ztes csoporttal, \u00edgy m\u00e9g n\u00e9gy m\u00e1sodpercet adott is Ulissi\u00e9knek \u2013 \u00e9s noha a harmadikk\u00e9nt beteker\u0151 Buchmann az id\u0151j\u00f3v\u00e1\u00edr\u00e1ssal m\u00e9g cs\u00f6kkenteni tudta \u00f6sszetettbeli h\u00e1tr\u00e1ny\u00e1t, Thibau Nysnek \u00edgy is maradt elegend\u0151 12 m\u00e1sodperce vele szemben, vagyis a h\u00e9ten mutatott teljes\u00edtm\u00e9nye alapj\u00e1n teljesen meg\u00e9rdemelten nyerte meg a 2024-es Tour de Hongrie-t, r\u00e1ad\u00e1sul a gyorsas\u00e1gi pontversenyben is az \u00e9len z\u00e1rt a legend\u00e1s Mark Cavendish el\u0151tt, aki az utols\u00f3 napon az\u00e9rt m\u00e9g megvillantotta klasszis\u00e1t a szakaszk\u00f6zi sprinteken. <em>&#8220;Nagyon kem\u00e9ny fin\u00e1l\u00e9 volt! A szakasz elej\u00e9n j\u00f3 \u00e9rz\u00e9seim voltak, nagyon er\u0151snek \u00e9reztem magam. Az els\u0151 felmenetel azonban rendk\u00edv\u00fcl nehezen alakult, sokkal jobban szenvedtem, mint v\u00e1rtam. A m\u00e1sodik m\u00e1r jobb volt, addigra tudtam valamennyire regener\u00e1l\u00f3dni. Ami a v\u00e9g\u00e9t illeti, valamelyest csal\u00f3dott vagyok, hogy nem siker\u00fclt megszereznem a harmadik etapsikerem, de t\u00fals\u00e1gosan az \u00f6sszetett els\u0151s\u00e9g j\u00e1rt a fejemben, senkinek nem akartam el\u0151nyt adni, ez vezetett ehhez az eredm\u00e9nyhez. Nagyon boldog vagyok egy csod\u00e1latos h\u00e9t v\u00e9g\u00e9n!&#8221;<\/em> \u2013 mondta Nys az MTI-nek a d\u00edj\u00e1tad\u00e1st k\u00f6vet\u0151en.<\/p>\n<figure id=\"attachment_18503\" aria-describedby=\"caption-attachment-18503\" style=\"width: 2048px\" class=\"wp-caption alignnone\"><a href=\"https:\/\/d2p6e6u75xmxt8.cloudfront.net\/12\/2024\/05\/image-188-1715538930.webp\"><img loading=\"lazy\" decoding=\"async\" class=\"size-full wp-image-18503\" src=\"https:\/\/d2p6e6u75xmxt8.cloudfront.net\/12\/2024\/05\/image-188-1715538930.webp\" alt=\"\" width=\"2048\" height=\"1365\" srcset=\"https:\/\/d2p6e6u75xmxt8.cloudfront.net\/12\/2024\/05\/image-188-1715538930.webp 2048w, https:\/\/d2p6e6u75xmxt8.cloudfront.net\/12\/2024\/05\/image-188-1715538930-300x200.webp 300w, https:\/\/d2p6e6u75xmxt8.cloudfront.net\/12\/2024\/05\/image-188-1715538930-1024x683.webp 1024w, https:\/\/d2p6e6u75xmxt8.cloudfront.net\/12\/2024\/05\/image-188-1715538930-768x512.webp 768w, https:\/\/d2p6e6u75xmxt8.cloudfront.net\/12\/2024\/05\/image-188-1715538930-1536x1024.webp 1536w, https:\/\/d2p6e6u75xmxt8.cloudfront.net\/12\/2024\/05\/image-188-1715538930-1920x1280.webp 1920w, https:\/\/d2p6e6u75xmxt8.cloudfront.net\/12\/2024\/05\/image-188-1715538930-400x267.webp 400w, https:\/\/d2p6e6u75xmxt8.cloudfront.net\/12\/2024\/05\/image-188-1715538930-272x182.webp 272w, https:\/\/d2p6e6u75xmxt8.cloudfront.net\/12\/2024\/05\/image-188-1715538930-1920x1280.webp 1920w\" sizes=\"auto, (max-width: 2048px) 100vw, 2048px\" \/><\/a><figcaption id=\"caption-attachment-18503\" class=\"wp-caption-text\">fot\u00f3: Pertorini M\u00e1ri\u00f3\/TdH<\/figcaption><\/figure>\n<p>\u00dajra ki kell emeln\u00fcnk ugyanakkor Dina M\u00e1rtont is, aki Badilattival, Rodr\u00edguezzel \u00e9s Sep\u00falved\u00e1val egy\u00fctt a 13. helyen \u00e9rkezett meg, ez pedig annyit tesz, hogy az \u00f6sszetett versenyt is a nagyszer\u0171 13. helyen z\u00e1rta, ami ilyen mez\u0151nyben, ilyen nevek k\u00f6z\u00f6tt t\u00f6bb, mint kiv\u00e1l\u00f3 teljes\u00edtm\u00e9ny, nem mellesleg a magyar v\u00e1logatott sz\u00e1m\u00e1ra is egy f\u00e9nyes szerepl\u00e9s hazai k\u00f6z\u00f6ns\u00e9g el\u0151tt. Ez term\u00e9szetesen a legjobb magyar eredm\u00e9ny volt az idei Tour de Hongrie-n, Dina \u00edgy a legjobb hazai versenyz\u0151nek j\u00e1r\u00f3 feh\u00e9r trik\u00f3t is b\u00fcszk\u00e9n hazavihette, nem el\u0151sz\u00f6r p\u00e1lyafut\u00e1sa sor\u00e1n. <em>&#8220;Boldog vagyok, a feh\u00e9r trik\u00f3 megszerz\u00e9se volt a magyar v\u00e1logatott egyik c\u00e9lja, \u00f6r\u00fcl\u00f6k, hogy ezt siker\u00fclt teljes\u00edteni, el\u00e9gedett lehetek ezzel a Tour de Hongrie-val&#8221;<\/em> \u2013 nyilatkozta az M4 Sport kamer\u00e1j\u00e1nak a legjobb magyar, aki \u00edgy \u00f6nbizalommal telve fordulhat r\u00e1 a tavaszi-ny\u00e1ri f\u0151szezonra. Ami pedig a TdH-t illeti, soha rosszabb versenyt: az idei ki\u00edr\u00e1s ism\u00e9t sz\u00ednvonal\u00e1ban, izgalmakban \u00e9s a nevek tekintet\u00e9ben egyar\u00e1nt szintl\u00e9p\u00e9snek tekinthet\u0151, azaz j\u00f6v\u0151re sem lesz k\u00f6nny\u0171 dolga <a href=\"https:\/\/www.welovecycling.com\/hu\/tdh2022\/eisenkrammer-karoly-a-tdh-foszervezoje-oromkonnyek-es-a-verseny-jovoje-wlc-x-skoda-podcast\/\">Eisenkrammer K\u00e1roly<\/a> f\u0151szervez\u0151nek \u00e9s csapat\u00e1nak, hogy megugorj\u00e1k az \u00e1ltaluk egyre magasabbra pakolt l\u00e9ceket \u2013 kellemes probl\u00e9m\u00e1k ezek.<\/p>\n<figure id=\"attachment_18502\" aria-describedby=\"caption-attachment-18502\" style=\"width: 2048px\" class=\"wp-caption alignnone\"><a href=\"https:\/\/d2p6e6u75xmxt8.cloudfront.net\/12\/2024\/05\/image-93-1715448104.webp\"><img loading=\"lazy\" decoding=\"async\" class=\"size-full wp-image-18502\" src=\"https:\/\/d2p6e6u75xmxt8.cloudfront.net\/12\/2024\/05\/image-93-1715448104.webp\" alt=\"\" width=\"2048\" height=\"1366\" srcset=\"https:\/\/d2p6e6u75xmxt8.cloudfront.net\/12\/2024\/05\/image-93-1715448104.webp 2048w, https:\/\/d2p6e6u75xmxt8.cloudfront.net\/12\/2024\/05\/image-93-1715448104-300x200.webp 300w, https:\/\/d2p6e6u75xmxt8.cloudfront.net\/12\/2024\/05\/image-93-1715448104-1024x683.webp 1024w, https:\/\/d2p6e6u75xmxt8.cloudfront.net\/12\/2024\/05\/image-93-1715448104-768x512.webp 768w, https:\/\/d2p6e6u75xmxt8.cloudfront.net\/12\/2024\/05\/image-93-1715448104-1536x1025.webp 1536w, https:\/\/d2p6e6u75xmxt8.cloudfront.net\/12\/2024\/05\/image-93-1715448104-1920x1281.webp 1920w, https:\/\/d2p6e6u75xmxt8.cloudfront.net\/12\/2024\/05\/image-93-1715448104-400x267.webp 400w, https:\/\/d2p6e6u75xmxt8.cloudfront.net\/12\/2024\/05\/image-93-1715448104-272x182.webp 272w, https:\/\/d2p6e6u75xmxt8.cloudfront.net\/12\/2024\/05\/image-93-1715448104-1920x1281.webp 1920w\" sizes=\"auto, (max-width: 2048px) 100vw, 2048px\" \/><\/a><figcaption id=\"caption-attachment-18502\" class=\"wp-caption-text\">fot\u00f3: Tuba Zolt\u00e1n\/TdH<\/figcaption><\/figure>\n<p><span style=\"font-size: 10pt;\"><em>Bor\u00edt\u00f3k\u00e9p: Vanik Zolt\u00e1n\/TdH<\/em><\/span><\/p>\n","protected":false},"excerpt":{"rendered":"<p>Az els\u0151 n\u00e9gy helyezett 20 m\u00e1sodpercen bel\u00fcl v\u00e9gzett a kimondottan j\u00f3 \u00e9s sz\u00ednvonalas versenyt hoz\u00f3 TdH-n, ahol egy 21 \u00e9ves [&hellip;]<\/p>\n","protected":false},"author":145,"featured_media":18501,"comment_status":"open","ping_status":"open","sticky":false,"template":"","format":"standard","meta":{"footnotes":""},"categories":[8],"tags":[],"global-categories":[419],"class_list":["post-18500","post","type-post","status-publish","format-standard","has-post-thumbnail","hentry","category-orszaguti-kerekpar","global-categories-cycling"],"yoast_head":"<!-- This site is optimized with the Yoast SEO Premium plugin v25.3 (Yoast SEO v25.9) - https:\/\/yoast.com\/wordpress\/plugins\/seo\/ -->\n<title>\u00daj szt\u00e1r sz\u00fclethetett az idei Tour de Hongrie-n - We Love Cycling<\/title>\n<meta name=\"description\" content=\"Az els\u0151 n\u00e9gy helyezett 20 m\u00e1sodpercen bel\u00fcl v\u00e9gzett a kimondottan j\u00f3 \u00e9s sz\u00ednvonalas versenyt hoz\u00f3 TdH-n, ahol egy 21 \u00e9ves belga meglepet\u00e9sember, Thibau Nys lett az \u00faj szt\u00e1r, de Mark Cavendish is \u00fajfent letette a n\u00e9vjegy\u00e9t.\" \/>\n<meta name=\"robots\" content=\"index, follow, max-snippet:-1, max-image-preview:large, max-video-preview:-1\" \/>\n<link rel=\"canonical\" href=\"https:\/\/www.welovecycling.com\/hu\/orszaguti-kerekpar\/uj-sztar-szulethetett-az-idei-tour-de-hongrie-n-amely-dina-marton-remekleserol-is-emlekezetes-marad\/\" \/>\n<meta property=\"og:locale\" content=\"hu_HU\" \/>\n<meta property=\"og:type\" content=\"article\" \/>\n<meta property=\"og:title\" content=\"\u00daj szt\u00e1r sz\u00fclethetett az idei Tour de Hongrie-n, amely Dina M\u00e1rton remekl\u00e9s\u00e9r\u0151l is eml\u00e9kezetes marad\" \/>\n<meta property=\"og:description\" content=\"Az els\u0151 n\u00e9gy helyezett 20 m\u00e1sodpercen bel\u00fcl v\u00e9gzett a kimondottan j\u00f3 \u00e9s sz\u00ednvonalas versenyt hoz\u00f3 TdH-n, ahol egy 21 \u00e9ves belga meglepet\u00e9sember, Thibau Nys lett az \u00faj szt\u00e1r, de Mark Cavendish is \u00fajfent letette a n\u00e9vjegy\u00e9t.\" \/>\n<meta property=\"og:url\" content=\"https:\/\/www.welovecycling.com\/hu\/orszaguti-kerekpar\/uj-sztar-szulethetett-az-idei-tour-de-hongrie-n-amely-dina-marton-remekleserol-is-emlekezetes-marad\/\" \/>\n<meta property=\"og:site_name\" content=\"\u0160koda We Love Cycling - Magyarorsz\u00e1g\" \/>\n<meta property=\"article:publisher\" content=\"https:\/\/www.facebook.com\/WeLoveCyclingHungary\/\" \/>\n<meta property=\"article:published_time\" content=\"2024-05-14T08:54:08+00:00\" \/>\n<meta property=\"og:image\" content=\"https:\/\/d2p6e6u75xmxt8.cloudfront.net\/12\/2024\/05\/cover-1715448111.webp\" \/>\n\t<meta property=\"og:image:width\" content=\"1000\" \/>\n\t<meta property=\"og:image:height\" content=\"667\" \/>\n\t<meta property=\"og:image:type\" content=\"image\/webp\" \/>\n<meta name=\"author\" content=\"kitti\" \/>\n<meta name=\"twitter:card\" content=\"summary_large_image\" \/>\n<meta name=\"twitter:label1\" content=\"Written by\" \/>\n\t<meta name=\"twitter:data1\" content=\"We Love Cycling\" \/>\n\t<meta name=\"twitter:label2\" content=\"Est. reading time\" \/>\n\t<meta name=\"twitter:data2\" content=\"5 minutes\" \/>\n<script type=\"application\/ld+json\" class=\"yoast-schema-graph\">{\"@context\":\"https:\/\/schema.org\",\"@graph\":[{\"@type\":\"WebPage\",\"@id\":\"https:\/\/www.welovecycling.com\/hu\/orszaguti-kerekpar\/uj-sztar-szulethetett-az-idei-tour-de-hongrie-n-amely-dina-marton-remekleserol-is-emlekezetes-marad\/\",\"url\":\"https:\/\/www.welovecycling.com\/hu\/orszaguti-kerekpar\/uj-sztar-szulethetett-az-idei-tour-de-hongrie-n-amely-dina-marton-remekleserol-is-emlekezetes-marad\/\",\"name\":\"\u00daj szt\u00e1r sz\u00fclethetett az idei Tour de Hongrie-n - We Love Cycling\",\"isPartOf\":{\"@id\":\"https:\/\/www.welovecycling.com\/hu\/#website\"},\"primaryImageOfPage\":{\"@id\":\"https:\/\/www.welovecycling.com\/hu\/orszaguti-kerekpar\/uj-sztar-szulethetett-az-idei-tour-de-hongrie-n-amely-dina-marton-remekleserol-is-emlekezetes-marad\/#primaryimage\"},\"image\":{\"@id\":\"https:\/\/www.welovecycling.com\/hu\/orszaguti-kerekpar\/uj-sztar-szulethetett-az-idei-tour-de-hongrie-n-amely-dina-marton-remekleserol-is-emlekezetes-marad\/#primaryimage\"},\"thumbnailUrl\":\"https:\/\/d2p6e6u75xmxt8.cloudfront.net\/12\/2024\/05\/cover-1715448111.webp\",\"datePublished\":\"2024-05-14T08:54:08+00:00\",\"author\":{\"@id\":\"https:\/\/www.welovecycling.com\/hu\/#\/schema\/person\/bec7dcdbcc59f58489cf603e4040ced1\"},\"description\":\"Az els\u0151 n\u00e9gy helyezett 20 m\u00e1sodpercen bel\u00fcl v\u00e9gzett a kimondottan j\u00f3 \u00e9s sz\u00ednvonalas versenyt hoz\u00f3 TdH-n, ahol egy 21 \u00e9ves belga meglepet\u00e9sember, Thibau Nys lett az \u00faj szt\u00e1r, de Mark Cavendish is \u00fajfent letette a n\u00e9vjegy\u00e9t.\",\"breadcrumb\":{\"@id\":\"https:\/\/www.welovecycling.com\/hu\/orszaguti-kerekpar\/uj-sztar-szulethetett-az-idei-tour-de-hongrie-n-amely-dina-marton-remekleserol-is-emlekezetes-marad\/#breadcrumb\"},\"inLanguage\":\"hu\",\"potentialAction\":[{\"@type\":\"ReadAction\",\"target\":[\"https:\/\/www.welovecycling.com\/hu\/orszaguti-kerekpar\/uj-sztar-szulethetett-az-idei-tour-de-hongrie-n-amely-dina-marton-remekleserol-is-emlekezetes-marad\/\"]}]},{\"@type\":\"ImageObject\",\"inLanguage\":\"hu\",\"@id\":\"https:\/\/www.welovecycling.com\/hu\/orszaguti-kerekpar\/uj-sztar-szulethetett-az-idei-tour-de-hongrie-n-amely-dina-marton-remekleserol-is-emlekezetes-marad\/#primaryimage\",\"url\":\"https:\/\/d2p6e6u75xmxt8.cloudfront.net\/12\/2024\/05\/cover-1715448111.webp\",\"contentUrl\":\"https:\/\/d2p6e6u75xmxt8.cloudfront.net\/12\/2024\/05\/cover-1715448111.webp\",\"width\":1000,\"height\":667},{\"@type\":\"BreadcrumbList\",\"@id\":\"https:\/\/www.welovecycling.com\/hu\/orszaguti-kerekpar\/uj-sztar-szulethetett-az-idei-tour-de-hongrie-n-amely-dina-marton-remekleserol-is-emlekezetes-marad\/#breadcrumb\",\"itemListElement\":[{\"@type\":\"ListItem\",\"position\":1,\"name\":\"Home\",\"item\":\"https:\/\/www.welovecycling.com\/hu\/\"},{\"@type\":\"ListItem\",\"position\":2,\"name\":\"\u00daj szt\u00e1r sz\u00fclethetett az idei Tour de Hongrie-n, amely Dina M\u00e1rton remekl\u00e9s\u00e9r\u0151l is eml\u00e9kezetes marad\"}]},{\"@type\":\"WebSite\",\"@id\":\"https:\/\/www.welovecycling.com\/hu\/#website\",\"url\":\"https:\/\/www.welovecycling.com\/hu\/\",\"name\":\"\u0160koda We Love Cycling - Magyarorsz\u00e1g\",\"description\":\"\u0160koda WeLoveCycling\",\"potentialAction\":[{\"@type\":\"SearchAction\",\"target\":{\"@type\":\"EntryPoint\",\"urlTemplate\":\"https:\/\/www.welovecycling.com\/hu\/?s={search_term_string}\"},\"query-input\":{\"@type\":\"PropertyValueSpecification\",\"valueRequired\":true,\"valueName\":\"search_term_string\"}}],\"inLanguage\":\"hu\"},{\"@type\":\"Person\",\"@id\":\"https:\/\/www.welovecycling.com\/hu\/#\/schema\/person\/bec7dcdbcc59f58489cf603e4040ced1\",\"name\":\"kitti\",\"image\":{\"@type\":\"ImageObject\",\"inLanguage\":\"hu\",\"@id\":\"https:\/\/www.welovecycling.com\/hu\/#\/schema\/person\/image\/\",\"url\":\"https:\/\/secure.gravatar.com\/avatar\/e3196a110e1b57b96f56d92d10ce9bb4e9d7210076832a16243337e949410b52?s=96&d=mm&r=g\",\"contentUrl\":\"https:\/\/secure.gravatar.com\/avatar\/e3196a110e1b57b96f56d92d10ce9bb4e9d7210076832a16243337e949410b52?s=96&d=mm&r=g\",\"caption\":\"kitti\"},\"url\":\"https:\/\/www.welovecycling.com\/hu\/author\/kitti\/\"}]}<\/script>\n<!-- \/ Yoast SEO Premium plugin. -->","yoast_head_json":{"title":"\u00daj szt\u00e1r sz\u00fclethetett az idei Tour de Hongrie-n - We Love Cycling","description":"Az els\u0151 n\u00e9gy helyezett 20 m\u00e1sodpercen bel\u00fcl v\u00e9gzett a kimondottan j\u00f3 \u00e9s sz\u00ednvonalas versenyt hoz\u00f3 TdH-n, ahol egy 21 \u00e9ves belga meglepet\u00e9sember, Thibau Nys lett az \u00faj szt\u00e1r, de Mark Cavendish is \u00fajfent letette a n\u00e9vjegy\u00e9t.","robots":{"index":"index","follow":"follow","max-snippet":"max-snippet:-1","max-image-preview":"max-image-preview:large","max-video-preview":"max-video-preview:-1"},"canonical":"https:\/\/www.welovecycling.com\/hu\/orszaguti-kerekpar\/uj-sztar-szulethetett-az-idei-tour-de-hongrie-n-amely-dina-marton-remekleserol-is-emlekezetes-marad\/","og_locale":"hu_HU","og_type":"article","og_title":"\u00daj szt\u00e1r sz\u00fclethetett az idei Tour de Hongrie-n, amely Dina M\u00e1rton remekl\u00e9s\u00e9r\u0151l is eml\u00e9kezetes marad","og_description":"Az els\u0151 n\u00e9gy helyezett 20 m\u00e1sodpercen bel\u00fcl v\u00e9gzett a kimondottan j\u00f3 \u00e9s sz\u00ednvonalas versenyt hoz\u00f3 TdH-n, ahol egy 21 \u00e9ves belga meglepet\u00e9sember, Thibau Nys lett az \u00faj szt\u00e1r, de Mark Cavendish is \u00fajfent letette a n\u00e9vjegy\u00e9t.","og_url":"https:\/\/www.welovecycling.com\/hu\/orszaguti-kerekpar\/uj-sztar-szulethetett-az-idei-tour-de-hongrie-n-amely-dina-marton-remekleserol-is-emlekezetes-marad\/","og_site_name":"\u0160koda We Love Cycling - Magyarorsz\u00e1g","article_publisher":"https:\/\/www.facebook.com\/WeLoveCyclingHungary\/","article_published_time":"2024-05-14T08:54:08+00:00","og_image":[{"width":1000,"height":667,"url":"https:\/\/d2p6e6u75xmxt8.cloudfront.net\/12\/2024\/05\/cover-1715448111.webp","type":"image\/webp"}],"author":"kitti","twitter_card":"summary_large_image","twitter_misc":{"Written by":"We Love Cycling","Est. reading time":"5 minutes"},"schema":{"@context":"https:\/\/schema.org","@graph":[{"@type":"WebPage","@id":"https:\/\/www.welovecycling.com\/hu\/orszaguti-kerekpar\/uj-sztar-szulethetett-az-idei-tour-de-hongrie-n-amely-dina-marton-remekleserol-is-emlekezetes-marad\/","url":"https:\/\/www.welovecycling.com\/hu\/orszaguti-kerekpar\/uj-sztar-szulethetett-az-idei-tour-de-hongrie-n-amely-dina-marton-remekleserol-is-emlekezetes-marad\/","name":"\u00daj szt\u00e1r sz\u00fclethetett az idei Tour de Hongrie-n - We Love Cycling","isPartOf":{"@id":"https:\/\/www.welovecycling.com\/hu\/#website"},"primaryImageOfPage":{"@id":"https:\/\/www.welovecycling.com\/hu\/orszaguti-kerekpar\/uj-sztar-szulethetett-az-idei-tour-de-hongrie-n-amely-dina-marton-remekleserol-is-emlekezetes-marad\/#primaryimage"},"image":{"@id":"https:\/\/www.welovecycling.com\/hu\/orszaguti-kerekpar\/uj-sztar-szulethetett-az-idei-tour-de-hongrie-n-amely-dina-marton-remekleserol-is-emlekezetes-marad\/#primaryimage"},"thumbnailUrl":"https:\/\/d2p6e6u75xmxt8.cloudfront.net\/12\/2024\/05\/cover-1715448111.webp","datePublished":"2024-05-14T08:54:08+00:00","author":{"@id":"https:\/\/www.welovecycling.com\/hu\/#\/schema\/person\/bec7dcdbcc59f58489cf603e4040ced1"},"description":"Az els\u0151 n\u00e9gy helyezett 20 m\u00e1sodpercen bel\u00fcl v\u00e9gzett a kimondottan j\u00f3 \u00e9s sz\u00ednvonalas versenyt hoz\u00f3 TdH-n, ahol egy 21 \u00e9ves belga meglepet\u00e9sember, Thibau Nys lett az \u00faj szt\u00e1r, de Mark Cavendish is \u00fajfent letette a n\u00e9vjegy\u00e9t.","breadcrumb":{"@id":"https:\/\/www.welovecycling.com\/hu\/orszaguti-kerekpar\/uj-sztar-szulethetett-az-idei-tour-de-hongrie-n-amely-dina-marton-remekleserol-is-emlekezetes-marad\/#breadcrumb"},"inLanguage":"hu","potentialAction":[{"@type":"ReadAction","target":["https:\/\/www.welovecycling.com\/hu\/orszaguti-kerekpar\/uj-sztar-szulethetett-az-idei-tour-de-hongrie-n-amely-dina-marton-remekleserol-is-emlekezetes-marad\/"]}]},{"@type":"ImageObject","inLanguage":"hu","@id":"https:\/\/www.welovecycling.com\/hu\/orszaguti-kerekpar\/uj-sztar-szulethetett-az-idei-tour-de-hongrie-n-amely-dina-marton-remekleserol-is-emlekezetes-marad\/#primaryimage","url":"https:\/\/d2p6e6u75xmxt8.cloudfront.net\/12\/2024\/05\/cover-1715448111.webp","contentUrl":"https:\/\/d2p6e6u75xmxt8.cloudfront.net\/12\/2024\/05\/cover-1715448111.webp","width":1000,"height":667},{"@type":"BreadcrumbList","@id":"https:\/\/www.welovecycling.com\/hu\/orszaguti-kerekpar\/uj-sztar-szulethetett-az-idei-tour-de-hongrie-n-amely-dina-marton-remekleserol-is-emlekezetes-marad\/#breadcrumb","itemListElement":[{"@type":"ListItem","position":1,"name":"Home","item":"https:\/\/www.welovecycling.com\/hu\/"},{"@type":"ListItem","position":2,"name":"\u00daj szt\u00e1r sz\u00fclethetett az idei Tour de Hongrie-n, amely Dina M\u00e1rton remekl\u00e9s\u00e9r\u0151l is eml\u00e9kezetes marad"}]},{"@type":"WebSite","@id":"https:\/\/www.welovecycling.com\/hu\/#website","url":"https:\/\/www.welovecycling.com\/hu\/","name":"\u0160koda We Love Cycling - Magyarorsz\u00e1g","description":"\u0160koda WeLoveCycling","potentialAction":[{"@type":"SearchAction","target":{"@type":"EntryPoint","urlTemplate":"https:\/\/www.welovecycling.com\/hu\/?s={search_term_string}"},"query-input":{"@type":"PropertyValueSpecification","valueRequired":true,"valueName":"search_term_string"}}],"inLanguage":"hu"},{"@type":"Person","@id":"https:\/\/www.welovecycling.com\/hu\/#\/schema\/person\/bec7dcdbcc59f58489cf603e4040ced1","name":"kitti","image":{"@type":"ImageObject","inLanguage":"hu","@id":"https:\/\/www.welovecycling.com\/hu\/#\/schema\/person\/image\/","url":"https:\/\/secure.gravatar.com\/avatar\/e3196a110e1b57b96f56d92d10ce9bb4e9d7210076832a16243337e949410b52?s=96&d=mm&r=g","contentUrl":"https:\/\/secure.gravatar.com\/avatar\/e3196a110e1b57b96f56d92d10ce9bb4e9d7210076832a16243337e949410b52?s=96&d=mm&r=g","caption":"kitti"},"url":"https:\/\/www.welovecycling.com\/hu\/author\/kitti\/"}]}},"_links":{"self":[{"href":"https:\/\/www.welovecycling.com\/hu\/wp-json\/wp\/v2\/posts\/18500","targetHints":{"allow":["GET"]}}],"collection":[{"href":"https:\/\/www.welovecycling.com\/hu\/wp-json\/wp\/v2\/posts"}],"about":[{"href":"https:\/\/www.welovecycling.com\/hu\/wp-json\/wp\/v2\/types\/post"}],"author":[{"embeddable":true,"href":"https:\/\/www.welovecycling.com\/hu\/wp-json\/wp\/v2\/users\/145"}],"replies":[{"embeddable":true,"href":"https:\/\/www.welovecycling.com\/hu\/wp-json\/wp\/v2\/comments?post=18500"}],"version-history":[{"count":1,"href":"https:\/\/www.welovecycling.com\/hu\/wp-json\/wp\/v2\/posts\/18500\/revisions"}],"predecessor-version":[{"id":18505,"href":"https:\/\/www.welovecycling.com\/hu\/wp-json\/wp\/v2\/posts\/18500\/revisions\/18505"}],"wp:featuredmedia":[{"embeddable":true,"href":"https:\/\/www.welovecycling.com\/hu\/wp-json\/wp\/v2\/media\/18501"}],"wp:attachment":[{"href":"https:\/\/www.welovecycling.com\/hu\/wp-json\/wp\/v2\/media?parent=18500"}],"wp:term":[{"taxonomy":"category","embeddable":true,"href":"https:\/\/www.welovecycling.com\/hu\/wp-json\/wp\/v2\/categories?post=18500"},{"taxonomy":"post_tag","embeddable":true,"href":"https:\/\/www.welovecycling.com\/hu\/wp-json\/wp\/v2\/tags?post=18500"},{"taxonomy":"global-categories","embeddable":true,"href":"https:\/\/www.welovecycling.com\/hu\/wp-json\/wp\/v2\/global-categories?post=18500"}],"curies":[{"name":"wp","href":"https:\/\/api.w.org\/{rel}","templated":true}]}}