{"id":18497,"date":"2024-05-14T08:00:28","date_gmt":"2024-05-14T06:00:28","guid":{"rendered":"https:\/\/www.welovecycling.com\/hu\/?p=18497"},"modified":"2024-05-10T15:57:42","modified_gmt":"2024-05-10T13:57:42","slug":"vajon-ujra-felviragoztatja-majd-az-z-generacio-a-kerekparozast","status":"publish","type":"post","link":"https:\/\/www.welovecycling.com\/hu\/kozosseg-es-kultura\/vajon-ujra-felviragoztatja-majd-az-z-generacio-a-kerekparozast\/","title":{"rendered":"Vajon \u00fajra felvir\u00e1goztatja majd az Z gener\u00e1ci\u00f3 a ker\u00e9kp\u00e1roz\u00e1st?"},"content":{"rendered":"<p><strong>Azok, akik kor\u00e1bban sz\u00fclettek, gyakran meglep\u0151dnek, hogy a fiatalabb gener\u00e1ci\u00f3 tagjai m\u00e1sk\u00e9pp csin\u00e1lnak dolgokat. Azt gondolj\u00e1k, hogy m\u00e1s szemmel n\u00e9zik a vil\u00e1got, m\u00e1sk\u00e9pp viselkednek, m\u00e1s priorit\u00e1sokkal \u00e9s \u00e9rdekl\u0151d\u00e9si ter\u00fcletekkel foglalkoznak. K\u00fcl\u00f6nf\u00e9le felm\u00e9r\u00e9sek azt mutatj\u00e1k, hogy m\u00e1s elk\u00e9pzel\u00e9seik vannak az utaz\u00e1ssal, az \u00e9tellel, a v\u00e1s\u00e1rl\u00e1ssal \u00e9s \u00e1ltal\u00e1noss\u00e1gban az emberekkel kapcsolatban. A Strava \u00e1ltal k\u00f6zz\u00e9tett friss kutat\u00e1s pedig bepillant\u00e1st enged arra, hogyan viszonyul a Z gener\u00e1ci\u00f3 a ker\u00e9kp\u00e1roz\u00e1shoz. Vajon a fiatalok t\u00f6bbet vagy kevesebbet bicikliznek? Agg\u00f3dnunk kellene, hogy a ker\u00e9kp\u00e1roz\u00e1s hanyatl\u00e1snak indult?<\/strong><\/p>\n<p><!--more--><\/p>\n<p>A felm\u00e9r\u00e9sek f\u00e9lrevezet\u0151ek lehetnek, \u00e9s nem szabad sz\u00f3 szerint \u00e9rtelmezni \u0151ket, de bizonyos trendeket remek\u00fcl megmutatnak. A Strava \u00e1ltal gy\u0171jt\u00f6tt inform\u00e1ci\u00f3k \u00e9rdekes adatokat mutatnak a k\u00fcl\u00f6nb\u00f6z\u0151 koroszt\u00e1lyok preferenci\u00e1ir\u00f3l, ide\u00e9rtve a Z gener\u00e1ci\u00f3t is.<\/p>\n<p>A 7000 mobilalkalmaz\u00e1s-felhaszn\u00e1l\u00f3ra vonatkoz\u00f3 felm\u00e9r\u00e9s, amely 2009 \u00f3ta m\u00e9ri az alanyok fizikai aktivit\u00e1s\u00e1t, azt mutatja, hogy a Z gener\u00e1ci\u00f3 tagjai ink\u00e1bb a gravel \u00e9s az e-ker\u00e9kp\u00e1rokat r\u00e9szes\u00edtik el\u0151nyben. \u00c1ltal\u00e1noss\u00e1gban n\u00f6vekszik a szabadban val\u00f3 mozg\u00e1s n\u00e9pszer\u0171s\u00e9ge, \u00e9s ez a ker\u00e9kp\u00e1roz\u00e1sban is l\u00e1that\u00f3. A gravel n\u00e9pszer\u0171s\u00e9ge p\u00e9ld\u00e1ul\u00a0 55%-kal n\u0151tt a <u><a href=\"https:\/\/press.strava.com\/articles\/strava-releases-year-in-sport-trend-report\">jelent\u00e9s szerint<\/a><\/u>.<\/p>\n<h2><strong>Az Z gener\u00e1ci\u00f3 \u00e9s kapcsolata az e-mobilit\u00e1ssal<\/strong><\/h2>\n<p>Az Z gener\u00e1ci\u00f3 azokat a demogr\u00e1fiai csoportokat foglalja mag\u00e1ban, amelyek a Milleniumi gener\u00e1ci\u00f3t k\u00f6vetik, \u00e9s az Alfa gener\u00e1ci\u00f3t el\u0151zik meg. B\u00e1r nincs szigor\u00fa konszenzus arr\u00f3l, hogy pontosan melyik \u00e9vt\u0151l besz\u00e9l\u00fcnk Z gener\u00e1ci\u00f3r\u00f3l, \u00e1ltal\u00e1noss\u00e1gban elfogadott, hogy a 90-es \u00e9vek k\u00f6zep\u00e9t\u0151l a 2010-es \u00e9vek elej\u00e9ig sz\u00fcletettek tartoznak ide.<\/p>\n<p>Az Z gener\u00e1ci\u00f3 az els\u0151 olyan gener\u00e1ci\u00f3, amely teljesen a digit\u00e1lis korban n\u0151tt fel, okostelefonokkal, k\u00f6z\u00f6ss\u00e9gi m\u00e9di\u00e1val \u00e9s folyamatos internetkapcsolattal. A technol\u00f3gia sz\u00e1mukra teh\u00e1t nem idegen, \u00e9let\u00fck valamennyi te\u00fcrlet\u00e9n haszn\u00e1lj\u00e1k, ide\u00e9rtve a sportot is, \u00edgy nem meglep\u0151, hogy lelkesednek az elektromos mobilit\u00e1s ir\u00e1nt: 23%-kal jobban, mint az id\u0151sebbek.<\/p>\n<p>A magyar\u00e1zat val\u00f3sz\u00edn\u0171leg abban rejlik, hogy az Z gener\u00e1ci\u00f3 t\u00f6bbs\u00e9ge v\u00e1rosi k\u00f6rnyezetben \u00e9l, ahol a forgalmi dug\u00f3k \u00e9s a szennyez\u00e9s komoly probl\u00e9m\u00e1t jelentenek. A k\u00f6rnyezettudatos Z gener\u00e1ci\u00f3 sz\u00e1m\u00e1ra az e-ker\u00e9kp\u00e1r egy fenntarthat\u00f3 k\u00f6zleked\u00e9si m\u00f3d, amely \u00f6sszhangban van az \u00e9rt\u00e9keikkel, k\u00e9nyelmes \u00e9s hat\u00e9kony a v\u00e1rosi utc\u00e1kon t\u00f6rt\u00e9n\u0151 navig\u00e1l\u00e1s\u00e1hoz. Remek alternat\u00edv\u00e1ja az aut\u00f3z\u00e1snak vagy a t\u00f6megk\u00f6zleked\u00e9snek.<\/p>\n<h2><strong>Hol \u00e1llnak a gener\u00e1ci\u00f3k?<\/strong><\/h2>\n<p>Ez az els\u0151 alkalom, hogy a Strava \u00fagy d\u00f6nt\u00f6tt, hogy gener\u00e1ci\u00f3k szerint kategoriz\u00e1lja felhaszn\u00e1l\u00f3it. Sz\u00fclet\u00e9si d\u00e1tum szerint osztotta fel \u0151ket a Baby Boomerekre, a Gen X-re, a Milleniumi (Y gener\u00e1ci\u00f3) \u00e9s a Z gener\u00e1ci\u00f3ra. A Strava ragaszkodik ahhoz, hogy az Z gener\u00e1ci\u00f3nak m\u00e1s bring\u00e1z\u00e1si szok\u00e1sai vannak, mint el\u0151deiknek. A kutat\u00e1s kiemelt figyelmet szentelt a r\u00f6gz\u00edtett ker\u00e9kp\u00e1roz\u00e1sok \u00e1tlagos sebess\u00e9g\u00e9nek, valamint az egyes gener\u00e1ci\u00f3k tagjainak \u00e1tlagosan megtett t\u00e1vjainkat. Az adatok azt mutatj\u00e1k, hogy az Z gener\u00e1ci\u00f3 tagjai kiss\u00e9 gyorsabban (20,9 km\/\u00f3ra vs. 20,2 km\/\u00f3ra) ker\u00e9kp\u00e1roznak, de r\u00f6videbb t\u00e1vols\u00e1gokat tesznek meg, mint a Boomerek (22,6 km vs. 33,2 km).<\/p>\n<h2><strong>K\u00f6zeleked\u00e9si eszk\u00f6z is<\/strong><\/h2>\n<p>A Strava szerint a Z gener\u00e1ci\u00f3 megszerette a ker\u00e9kp\u00e1roz\u00e1st, mint k\u00f6zleked\u00e9si eszk\u00f6zt, sokan j\u00e1rnak iskol\u00e1ba vagy dolgozni k\u00e9r ker\u00e9ken: eg\u00e9sz pontosan a Strava fiatal felhaszn\u00e1l\u00f3inak a 17%-a. A Milleniumi gener\u00e1ci\u00f3 tagja azonban m\u00e9g t\u00f6bben: 47%-uk k\u00f6zlekedik \u00edgy! A Strava szerint a Z gener\u00e1ci\u00f3 tagjai ig\u00e9nylik legink\u00e1bb a t\u00e1rsas\u00e1got sportol\u00e1s k\u00f6zben, nem csak online, hanem szem\u00e9lyesen is. Ez azt jelenti, hogy akt\u00edvabbak ami az \u00e9lm\u00e9nyeik online megoszt\u00e1st illeti, \u00e9s nagyobb ar\u00e1nyban bicikliznek egy\u00fctt m\u00e1sokkal \u2013 m\u00e1s sz\u00f3val, kevesebb az egy\u00e9ni bring\u00e1s a k\u00f6reikben \u00e9s t\u00f6bben szeretnek tekerni legal\u00e1bb k\u00e9t m\u00e1sik emberrel egy\u00fctt. A Strava adatai szerint 29%-kal nagyobb ar\u00e1nyban bicikliznek t\u00e1rsas\u00e1gban a Z gener\u00e1ci\u00f3 tagjai, mint az Y gener\u00e1ci\u00f3. A Strava szerint f\u0151k\u00e9nt az Z gener\u00e1ci\u00f3 tagjai j\u00e1rultak hozz\u00e1 az \u00faj virtu\u00e1lis \u201eker\u00e9kp\u00e1ros klubok\u201d 11%-os n\u00f6veked\u00e9s\u00e9hez.<\/p>\n<p>A tanulm\u00e1ny azt is meg\u00e1llap\u00edtotta, hogy Gen Z k\u00f6r\u00e9ben a Trek a leggyakrabban haszn\u00e1lt ker\u00e9kp\u00e1rm\u00e1rka, ezt pedig a Specialized \u00e9s a Giant k\u00f6veti. A leggyakrabban haszn\u00e1lt kieg\u00e9sz\u00edt\u0151 a Garmin Edge 530. A Strava szerint a ker\u00e9kp\u00e1roz\u00e1s n\u00e9pszer\u0171s\u00e9g\u00e9nek ugr\u00e1sszer\u0171 n\u00f6veked\u00e9se folytat\u00f3dik, de a fut\u00e1s n\u00e9pszer\u0171bb sport. Ezt a s\u00e9t\u00e1l\u00e1s, a terepfut\u00e1s, a gravel ker\u00e9kp\u00e1roz\u00e1s \u00e9s a hegym\u00e1sz\u00e1s k\u00f6veti, a virtu\u00e1lis bring\u00e1z\u00e1s pedig a hetedik helyen v\u00e9gzett.<\/p>\n<p>Mit mond el nek\u00fcnk a Strava kutat\u00e1sa a ker\u00e9kp\u00e1roz\u00e1s j\u00f6v\u0151j\u00e9r\u0151l? A ker\u00e9kp\u00e1roz\u00e1s n\u00e9pszer\u0171 m\u00e9g a legfiatalabb n\u00e9pess\u00e9gi csoportok k\u00f6r\u00e9ben is, de \u00e1ltal\u00e1noss\u00e1gban ink\u00e1bb k\u00f6zleked\u00e9si eszk\u00f6zk\u00e9nt, mint sportk\u00e9nt. Ennek r\u00e9szben \u00e9letm\u00f3d-, r\u00e9szben k\u00f6lts\u00e9gbeli oka van. Ez a gener\u00e1ci\u00f3 a gazdas\u00e1gi bizonytalans\u00e1gok miatt \u00e1ltal\u00e1ban odafigyel a p\u00e9nz\u00fcgyeire. A ker\u00e9kp\u00e1rok hossz\u00fa t\u00e1v\u00fa k\u00f6lts\u00e9gmegtakar\u00edt\u00e1st k\u00edn\u00e1lhatnak m\u00e1s k\u00f6zleked\u00e9si m\u00f3dokhoz k\u00e9pest, mik\u00f6zben lehet\u0151s\u00e9get adnak a fiatal bring\u00e1soknak, hogy t\u00f6bb id\u0151t t\u00f6ltsenek egy\u00fctt.<\/p>\n","protected":false},"excerpt":{"rendered":"<p>Azok, akik kor\u00e1bban sz\u00fclettek, gyakran meglep\u0151dnek, hogy a fiatalabb gener\u00e1ci\u00f3 tagjai m\u00e1sk\u00e9pp csin\u00e1lnak dolgokat. Azt gondolj\u00e1k, hogy m\u00e1s szemmel n\u00e9zik [&hellip;]<\/p>\n","protected":false},"author":71,"featured_media":18498,"comment_status":"open","ping_status":"open","sticky":false,"template":"","format":"standard","meta":{"footnotes":""},"categories":[12],"tags":[],"global-categories":[],"class_list":["post-18497","post","type-post","status-publish","format-standard","has-post-thumbnail","hentry","category-kozosseg-es-kultura"],"yoast_head":"<!-- This site is optimized with the Yoast SEO Premium plugin v25.3 (Yoast SEO v25.9) - https:\/\/yoast.com\/wordpress\/plugins\/seo\/ -->\n<title>Vajon \u00fajra felvir\u00e1goztatja majd az Z gener\u00e1ci\u00f3 a ker\u00e9kp\u00e1roz\u00e1st?<\/title>\n<meta name=\"description\" content=\"Azok, akik kor\u00e1bban sz\u00fclettek, gyakran meglep\u0151dnek, hogy a fiatalabb gener\u00e1ci\u00f3 tagjai m\u00e1sk\u00e9pp csin\u00e1lnak dolgokat. Azt gondolj\u00e1k, hogy m\u00e1s szemmel n\u00e9zik a vil\u00e1got, m\u00e1sk\u00e9pp viselkednek, m\u00e1s priorit\u00e1sokkal \u00e9s \u00e9rdekl\u0151d\u00e9si ter\u00fcletekkel foglalkoznak. K\u00fcl\u00f6nf\u00e9le felm\u00e9r\u00e9sek azt mutatj\u00e1k, hogy m\u00e1s elk\u00e9pzel\u00e9seik vannak az utaz\u00e1ssal, az \u00e9tellel, a v\u00e1s\u00e1rl\u00e1ssal \u00e9s \u00e1ltal\u00e1noss\u00e1gban az emberekkel kapcsolatban.\" \/>\n<meta name=\"robots\" content=\"index, follow, max-snippet:-1, max-image-preview:large, max-video-preview:-1\" \/>\n<link rel=\"canonical\" href=\"https:\/\/www.welovecycling.com\/hu\/kozosseg-es-kultura\/vajon-ujra-felviragoztatja-majd-az-z-generacio-a-kerekparozast\/\" \/>\n<meta property=\"og:locale\" content=\"hu_HU\" \/>\n<meta property=\"og:type\" content=\"article\" \/>\n<meta property=\"og:title\" content=\"Vajon \u00fajra felvir\u00e1goztatja majd az Z gener\u00e1ci\u00f3 a ker\u00e9kp\u00e1roz\u00e1st?\" \/>\n<meta property=\"og:description\" content=\"Azok, akik kor\u00e1bban sz\u00fclettek, gyakran meglep\u0151dnek, hogy a fiatalabb gener\u00e1ci\u00f3 tagjai m\u00e1sk\u00e9pp csin\u00e1lnak dolgokat. Azt gondolj\u00e1k, hogy m\u00e1s szemmel n\u00e9zik a vil\u00e1got, m\u00e1sk\u00e9pp viselkednek, m\u00e1s priorit\u00e1sokkal \u00e9s \u00e9rdekl\u0151d\u00e9si ter\u00fcletekkel foglalkoznak. K\u00fcl\u00f6nf\u00e9le felm\u00e9r\u00e9sek azt mutatj\u00e1k, hogy m\u00e1s elk\u00e9pzel\u00e9seik vannak az utaz\u00e1ssal, az \u00e9tellel, a v\u00e1s\u00e1rl\u00e1ssal \u00e9s \u00e1ltal\u00e1noss\u00e1gban az emberekkel kapcsolatban.\" \/>\n<meta property=\"og:url\" content=\"https:\/\/www.welovecycling.com\/hu\/kozosseg-es-kultura\/vajon-ujra-felviragoztatja-majd-az-z-generacio-a-kerekparozast\/\" \/>\n<meta property=\"og:site_name\" content=\"\u0160koda We Love Cycling - Magyarorsz\u00e1g\" \/>\n<meta property=\"article:publisher\" content=\"https:\/\/www.facebook.com\/WeLoveCyclingHungary\/\" \/>\n<meta property=\"article:published_time\" content=\"2024-05-14T06:00:28+00:00\" \/>\n<meta property=\"og:image\" content=\"https:\/\/d2p6e6u75xmxt8.cloudfront.net\/12\/2024\/05\/Copehagen-Cycling-profimedia-0785584714-CVR.webp\" \/>\n\t<meta property=\"og:image:width\" content=\"990\" \/>\n\t<meta property=\"og:image:height\" content=\"660\" \/>\n\t<meta property=\"og:image:type\" content=\"image\/webp\" \/>\n<meta name=\"author\" content=\"hegyizs\" \/>\n<meta name=\"twitter:card\" content=\"summary_large_image\" \/>\n<meta name=\"twitter:label1\" content=\"Written by\" \/>\n\t<meta name=\"twitter:data1\" content=\"Adam Marsal\" \/>\n\t<meta name=\"twitter:label2\" content=\"Est. reading time\" \/>\n\t<meta name=\"twitter:data2\" content=\"4\" \/>\n<script type=\"application\/ld+json\" class=\"yoast-schema-graph\">{\"@context\":\"https:\/\/schema.org\",\"@graph\":[{\"@type\":\"WebPage\",\"@id\":\"https:\/\/www.welovecycling.com\/hu\/kozosseg-es-kultura\/vajon-ujra-felviragoztatja-majd-az-z-generacio-a-kerekparozast\/\",\"url\":\"https:\/\/www.welovecycling.com\/hu\/kozosseg-es-kultura\/vajon-ujra-felviragoztatja-majd-az-z-generacio-a-kerekparozast\/\",\"name\":\"Vajon \u00fajra felvir\u00e1goztatja majd az Z gener\u00e1ci\u00f3 a ker\u00e9kp\u00e1roz\u00e1st?\",\"isPartOf\":{\"@id\":\"https:\/\/www.welovecycling.com\/hu\/#website\"},\"primaryImageOfPage\":{\"@id\":\"https:\/\/www.welovecycling.com\/hu\/kozosseg-es-kultura\/vajon-ujra-felviragoztatja-majd-az-z-generacio-a-kerekparozast\/#primaryimage\"},\"image\":{\"@id\":\"https:\/\/www.welovecycling.com\/hu\/kozosseg-es-kultura\/vajon-ujra-felviragoztatja-majd-az-z-generacio-a-kerekparozast\/#primaryimage\"},\"thumbnailUrl\":\"https:\/\/d2p6e6u75xmxt8.cloudfront.net\/12\/2024\/05\/Copehagen-Cycling-profimedia-0785584714-CVR.webp\",\"datePublished\":\"2024-05-14T06:00:28+00:00\",\"author\":{\"@id\":\"https:\/\/www.welovecycling.com\/hu\/#\/schema\/person\/414a2aebf1801691a5320edb6468e194\"},\"description\":\"Azok, akik kor\u00e1bban sz\u00fclettek, gyakran meglep\u0151dnek, hogy a fiatalabb gener\u00e1ci\u00f3 tagjai m\u00e1sk\u00e9pp csin\u00e1lnak dolgokat. Azt gondolj\u00e1k, hogy m\u00e1s szemmel n\u00e9zik a vil\u00e1got, m\u00e1sk\u00e9pp viselkednek, m\u00e1s priorit\u00e1sokkal \u00e9s \u00e9rdekl\u0151d\u00e9si ter\u00fcletekkel foglalkoznak. K\u00fcl\u00f6nf\u00e9le felm\u00e9r\u00e9sek azt mutatj\u00e1k, hogy m\u00e1s elk\u00e9pzel\u00e9seik vannak az utaz\u00e1ssal, az \u00e9tellel, a v\u00e1s\u00e1rl\u00e1ssal \u00e9s \u00e1ltal\u00e1noss\u00e1gban az emberekkel kapcsolatban.\",\"breadcrumb\":{\"@id\":\"https:\/\/www.welovecycling.com\/hu\/kozosseg-es-kultura\/vajon-ujra-felviragoztatja-majd-az-z-generacio-a-kerekparozast\/#breadcrumb\"},\"inLanguage\":\"hu\",\"potentialAction\":[{\"@type\":\"ReadAction\",\"target\":[\"https:\/\/www.welovecycling.com\/hu\/kozosseg-es-kultura\/vajon-ujra-felviragoztatja-majd-az-z-generacio-a-kerekparozast\/\"]}]},{\"@type\":\"ImageObject\",\"inLanguage\":\"hu\",\"@id\":\"https:\/\/www.welovecycling.com\/hu\/kozosseg-es-kultura\/vajon-ujra-felviragoztatja-majd-az-z-generacio-a-kerekparozast\/#primaryimage\",\"url\":\"https:\/\/d2p6e6u75xmxt8.cloudfront.net\/12\/2024\/05\/Copehagen-Cycling-profimedia-0785584714-CVR.webp\",\"contentUrl\":\"https:\/\/d2p6e6u75xmxt8.cloudfront.net\/12\/2024\/05\/Copehagen-Cycling-profimedia-0785584714-CVR.webp\",\"width\":990,\"height\":660,\"caption\":\"Cycling in Copenhagen\"},{\"@type\":\"BreadcrumbList\",\"@id\":\"https:\/\/www.welovecycling.com\/hu\/kozosseg-es-kultura\/vajon-ujra-felviragoztatja-majd-az-z-generacio-a-kerekparozast\/#breadcrumb\",\"itemListElement\":[{\"@type\":\"ListItem\",\"position\":1,\"name\":\"Home\",\"item\":\"https:\/\/www.welovecycling.com\/hu\/\"},{\"@type\":\"ListItem\",\"position\":2,\"name\":\"Vajon \u00fajra felvir\u00e1goztatja majd az Z gener\u00e1ci\u00f3 a ker\u00e9kp\u00e1roz\u00e1st?\"}]},{\"@type\":\"WebSite\",\"@id\":\"https:\/\/www.welovecycling.com\/hu\/#website\",\"url\":\"https:\/\/www.welovecycling.com\/hu\/\",\"name\":\"\u0160koda We Love Cycling - Magyarorsz\u00e1g\",\"description\":\"\u0160koda WeLoveCycling\",\"potentialAction\":[{\"@type\":\"SearchAction\",\"target\":{\"@type\":\"EntryPoint\",\"urlTemplate\":\"https:\/\/www.welovecycling.com\/hu\/?s={search_term_string}\"},\"query-input\":{\"@type\":\"PropertyValueSpecification\",\"valueRequired\":true,\"valueName\":\"search_term_string\"}}],\"inLanguage\":\"hu\"},{\"@type\":\"Person\",\"@id\":\"https:\/\/www.welovecycling.com\/hu\/#\/schema\/person\/414a2aebf1801691a5320edb6468e194\",\"name\":\"hegyizs\",\"image\":{\"@type\":\"ImageObject\",\"inLanguage\":\"hu\",\"@id\":\"https:\/\/www.welovecycling.com\/hu\/#\/schema\/person\/image\/\",\"url\":\"https:\/\/secure.gravatar.com\/avatar\/02cf8a7906b8cf90cecb4679defac7cfd33a1c2e3b88e4903d947f3bb58eedd3?s=96&d=mm&r=g\",\"contentUrl\":\"https:\/\/secure.gravatar.com\/avatar\/02cf8a7906b8cf90cecb4679defac7cfd33a1c2e3b88e4903d947f3bb58eedd3?s=96&d=mm&r=g\",\"caption\":\"hegyizs\"},\"url\":\"https:\/\/www.welovecycling.com\/hu\/author\/hegyizs\/\"}]}<\/script>\n<!-- \/ Yoast SEO Premium plugin. -->","yoast_head_json":{"title":"Vajon \u00fajra felvir\u00e1goztatja majd az Z gener\u00e1ci\u00f3 a ker\u00e9kp\u00e1roz\u00e1st?","description":"Azok, akik kor\u00e1bban sz\u00fclettek, gyakran meglep\u0151dnek, hogy a fiatalabb gener\u00e1ci\u00f3 tagjai m\u00e1sk\u00e9pp csin\u00e1lnak dolgokat. Azt gondolj\u00e1k, hogy m\u00e1s szemmel n\u00e9zik a vil\u00e1got, m\u00e1sk\u00e9pp viselkednek, m\u00e1s priorit\u00e1sokkal \u00e9s \u00e9rdekl\u0151d\u00e9si ter\u00fcletekkel foglalkoznak. K\u00fcl\u00f6nf\u00e9le felm\u00e9r\u00e9sek azt mutatj\u00e1k, hogy m\u00e1s elk\u00e9pzel\u00e9seik vannak az utaz\u00e1ssal, az \u00e9tellel, a v\u00e1s\u00e1rl\u00e1ssal \u00e9s \u00e1ltal\u00e1noss\u00e1gban az emberekkel kapcsolatban.","robots":{"index":"index","follow":"follow","max-snippet":"max-snippet:-1","max-image-preview":"max-image-preview:large","max-video-preview":"max-video-preview:-1"},"canonical":"https:\/\/www.welovecycling.com\/hu\/kozosseg-es-kultura\/vajon-ujra-felviragoztatja-majd-az-z-generacio-a-kerekparozast\/","og_locale":"hu_HU","og_type":"article","og_title":"Vajon \u00fajra felvir\u00e1goztatja majd az Z gener\u00e1ci\u00f3 a ker\u00e9kp\u00e1roz\u00e1st?","og_description":"Azok, akik kor\u00e1bban sz\u00fclettek, gyakran meglep\u0151dnek, hogy a fiatalabb gener\u00e1ci\u00f3 tagjai m\u00e1sk\u00e9pp csin\u00e1lnak dolgokat. Azt gondolj\u00e1k, hogy m\u00e1s szemmel n\u00e9zik a vil\u00e1got, m\u00e1sk\u00e9pp viselkednek, m\u00e1s priorit\u00e1sokkal \u00e9s \u00e9rdekl\u0151d\u00e9si ter\u00fcletekkel foglalkoznak. K\u00fcl\u00f6nf\u00e9le felm\u00e9r\u00e9sek azt mutatj\u00e1k, hogy m\u00e1s elk\u00e9pzel\u00e9seik vannak az utaz\u00e1ssal, az \u00e9tellel, a v\u00e1s\u00e1rl\u00e1ssal \u00e9s \u00e1ltal\u00e1noss\u00e1gban az emberekkel kapcsolatban.","og_url":"https:\/\/www.welovecycling.com\/hu\/kozosseg-es-kultura\/vajon-ujra-felviragoztatja-majd-az-z-generacio-a-kerekparozast\/","og_site_name":"\u0160koda We Love Cycling - Magyarorsz\u00e1g","article_publisher":"https:\/\/www.facebook.com\/WeLoveCyclingHungary\/","article_published_time":"2024-05-14T06:00:28+00:00","og_image":[{"width":990,"height":660,"url":"https:\/\/d2p6e6u75xmxt8.cloudfront.net\/12\/2024\/05\/Copehagen-Cycling-profimedia-0785584714-CVR.webp","type":"image\/webp"}],"author":"hegyizs","twitter_card":"summary_large_image","twitter_misc":{"Written by":"Adam Marsal","Est. reading time":"4"},"schema":{"@context":"https:\/\/schema.org","@graph":[{"@type":"WebPage","@id":"https:\/\/www.welovecycling.com\/hu\/kozosseg-es-kultura\/vajon-ujra-felviragoztatja-majd-az-z-generacio-a-kerekparozast\/","url":"https:\/\/www.welovecycling.com\/hu\/kozosseg-es-kultura\/vajon-ujra-felviragoztatja-majd-az-z-generacio-a-kerekparozast\/","name":"Vajon \u00fajra felvir\u00e1goztatja majd az Z gener\u00e1ci\u00f3 a ker\u00e9kp\u00e1roz\u00e1st?","isPartOf":{"@id":"https:\/\/www.welovecycling.com\/hu\/#website"},"primaryImageOfPage":{"@id":"https:\/\/www.welovecycling.com\/hu\/kozosseg-es-kultura\/vajon-ujra-felviragoztatja-majd-az-z-generacio-a-kerekparozast\/#primaryimage"},"image":{"@id":"https:\/\/www.welovecycling.com\/hu\/kozosseg-es-kultura\/vajon-ujra-felviragoztatja-majd-az-z-generacio-a-kerekparozast\/#primaryimage"},"thumbnailUrl":"https:\/\/d2p6e6u75xmxt8.cloudfront.net\/12\/2024\/05\/Copehagen-Cycling-profimedia-0785584714-CVR.webp","datePublished":"2024-05-14T06:00:28+00:00","author":{"@id":"https:\/\/www.welovecycling.com\/hu\/#\/schema\/person\/414a2aebf1801691a5320edb6468e194"},"description":"Azok, akik kor\u00e1bban sz\u00fclettek, gyakran meglep\u0151dnek, hogy a fiatalabb gener\u00e1ci\u00f3 tagjai m\u00e1sk\u00e9pp csin\u00e1lnak dolgokat. Azt gondolj\u00e1k, hogy m\u00e1s szemmel n\u00e9zik a vil\u00e1got, m\u00e1sk\u00e9pp viselkednek, m\u00e1s priorit\u00e1sokkal \u00e9s \u00e9rdekl\u0151d\u00e9si ter\u00fcletekkel foglalkoznak. K\u00fcl\u00f6nf\u00e9le felm\u00e9r\u00e9sek azt mutatj\u00e1k, hogy m\u00e1s elk\u00e9pzel\u00e9seik vannak az utaz\u00e1ssal, az \u00e9tellel, a v\u00e1s\u00e1rl\u00e1ssal \u00e9s \u00e1ltal\u00e1noss\u00e1gban az emberekkel kapcsolatban.","breadcrumb":{"@id":"https:\/\/www.welovecycling.com\/hu\/kozosseg-es-kultura\/vajon-ujra-felviragoztatja-majd-az-z-generacio-a-kerekparozast\/#breadcrumb"},"inLanguage":"hu","potentialAction":[{"@type":"ReadAction","target":["https:\/\/www.welovecycling.com\/hu\/kozosseg-es-kultura\/vajon-ujra-felviragoztatja-majd-az-z-generacio-a-kerekparozast\/"]}]},{"@type":"ImageObject","inLanguage":"hu","@id":"https:\/\/www.welovecycling.com\/hu\/kozosseg-es-kultura\/vajon-ujra-felviragoztatja-majd-az-z-generacio-a-kerekparozast\/#primaryimage","url":"https:\/\/d2p6e6u75xmxt8.cloudfront.net\/12\/2024\/05\/Copehagen-Cycling-profimedia-0785584714-CVR.webp","contentUrl":"https:\/\/d2p6e6u75xmxt8.cloudfront.net\/12\/2024\/05\/Copehagen-Cycling-profimedia-0785584714-CVR.webp","width":990,"height":660,"caption":"Cycling in Copenhagen"},{"@type":"BreadcrumbList","@id":"https:\/\/www.welovecycling.com\/hu\/kozosseg-es-kultura\/vajon-ujra-felviragoztatja-majd-az-z-generacio-a-kerekparozast\/#breadcrumb","itemListElement":[{"@type":"ListItem","position":1,"name":"Home","item":"https:\/\/www.welovecycling.com\/hu\/"},{"@type":"ListItem","position":2,"name":"Vajon \u00fajra felvir\u00e1goztatja majd az Z gener\u00e1ci\u00f3 a ker\u00e9kp\u00e1roz\u00e1st?"}]},{"@type":"WebSite","@id":"https:\/\/www.welovecycling.com\/hu\/#website","url":"https:\/\/www.welovecycling.com\/hu\/","name":"\u0160koda We Love Cycling - Magyarorsz\u00e1g","description":"\u0160koda WeLoveCycling","potentialAction":[{"@type":"SearchAction","target":{"@type":"EntryPoint","urlTemplate":"https:\/\/www.welovecycling.com\/hu\/?s={search_term_string}"},"query-input":{"@type":"PropertyValueSpecification","valueRequired":true,"valueName":"search_term_string"}}],"inLanguage":"hu"},{"@type":"Person","@id":"https:\/\/www.welovecycling.com\/hu\/#\/schema\/person\/414a2aebf1801691a5320edb6468e194","name":"hegyizs","image":{"@type":"ImageObject","inLanguage":"hu","@id":"https:\/\/www.welovecycling.com\/hu\/#\/schema\/person\/image\/","url":"https:\/\/secure.gravatar.com\/avatar\/02cf8a7906b8cf90cecb4679defac7cfd33a1c2e3b88e4903d947f3bb58eedd3?s=96&d=mm&r=g","contentUrl":"https:\/\/secure.gravatar.com\/avatar\/02cf8a7906b8cf90cecb4679defac7cfd33a1c2e3b88e4903d947f3bb58eedd3?s=96&d=mm&r=g","caption":"hegyizs"},"url":"https:\/\/www.welovecycling.com\/hu\/author\/hegyizs\/"}]}},"_links":{"self":[{"href":"https:\/\/www.welovecycling.com\/hu\/wp-json\/wp\/v2\/posts\/18497","targetHints":{"allow":["GET"]}}],"collection":[{"href":"https:\/\/www.welovecycling.com\/hu\/wp-json\/wp\/v2\/posts"}],"about":[{"href":"https:\/\/www.welovecycling.com\/hu\/wp-json\/wp\/v2\/types\/post"}],"author":[{"embeddable":true,"href":"https:\/\/www.welovecycling.com\/hu\/wp-json\/wp\/v2\/users\/71"}],"replies":[{"embeddable":true,"href":"https:\/\/www.welovecycling.com\/hu\/wp-json\/wp\/v2\/comments?post=18497"}],"version-history":[{"count":1,"href":"https:\/\/www.welovecycling.com\/hu\/wp-json\/wp\/v2\/posts\/18497\/revisions"}],"predecessor-version":[{"id":18499,"href":"https:\/\/www.welovecycling.com\/hu\/wp-json\/wp\/v2\/posts\/18497\/revisions\/18499"}],"wp:featuredmedia":[{"embeddable":true,"href":"https:\/\/www.welovecycling.com\/hu\/wp-json\/wp\/v2\/media\/18498"}],"wp:attachment":[{"href":"https:\/\/www.welovecycling.com\/hu\/wp-json\/wp\/v2\/media?parent=18497"}],"wp:term":[{"taxonomy":"category","embeddable":true,"href":"https:\/\/www.welovecycling.com\/hu\/wp-json\/wp\/v2\/categories?post=18497"},{"taxonomy":"post_tag","embeddable":true,"href":"https:\/\/www.welovecycling.com\/hu\/wp-json\/wp\/v2\/tags?post=18497"},{"taxonomy":"global-categories","embeddable":true,"href":"https:\/\/www.welovecycling.com\/hu\/wp-json\/wp\/v2\/global-categories?post=18497"}],"curies":[{"name":"wp","href":"https:\/\/api.w.org\/{rel}","templated":true}]}}