{"id":18491,"date":"2024-05-10T10:10:13","date_gmt":"2024-05-10T08:10:13","guid":{"rendered":"https:\/\/www.welovecycling.com\/hu\/?p=18491"},"modified":"2024-05-10T10:10:13","modified_gmt":"2024-05-10T08:10:13","slug":"minden-a-sprinterekrol-szolt-a-tdh-elso-ket-szakaszan-cavendish-remekelt","status":"publish","type":"post","link":"https:\/\/www.welovecycling.com\/hu\/orszaguti-kerekpar\/minden-a-sprinterekrol-szolt-a-tdh-elso-ket-szakaszan-cavendish-remekelt\/","title":{"rendered":"Minden a sprinterekr\u0151l sz\u00f3lt a TdH els\u0151 k\u00e9t szakasz\u00e1n, Cavendish remekelt!"},"content":{"rendered":"<p><strong>A brit sprinterlegenda a nyit\u00f3 napi 6. helye ut\u00e1n cs\u00fct\u00f6rt\u00f6k\u00f6n mindenkit lehajr\u00e1zott Kazincbarcik\u00e1n, \u00f6sszetettben cseh \u00e9llovassal fordul r\u00e1 a mez\u0151ny a kir\u00e1lyetapra. <\/strong><\/p>\n<p><!--more--><\/p>\n<p>A Tour de Hongrie els\u0151 k\u00e9t szakasz\u00e1nak profilj\u00e1t eln\u00e9zve nem t\u00f6rt\u00e9nt k\u00fcl\u00f6n\u00f6sebb meglepet\u00e9s azon a t\u00e9ren, hogy mindk\u00e9t napon a sprinterklasszisok j\u00e1tszott\u00e1k a f\u0151szerepet a v\u00e9ghajr\u00e1kn\u00e1l. Kezd\u00e9sk\u00e9nt a s\u00edk alf\u00f6ldi szakaszon, Karcag \u00e9s Hajd\u00faszoboszl\u00f3 k\u00f6z\u00f6tt biztos\u00edtott ide\u00e1lis lehet\u0151s\u00e9get az \u00fatvonal a sz\u00f6kev\u00e9nyek sz\u00e1m\u00e1ra, \u00e9s az etap el\u0151tt nagyon fogadkoz\u00f3 \u201ehelyi h\u0151s\u201d, Filut\u00e1s Viktor (\u201eillene megmutatni a mez\u0151nyben, hogy egy karcagi Karcagr\u00f3l indulva mire k\u00e9pes\u201d) be is tudott ker\u00fclni a nap sz\u00f6k\u00e9s\u00e9be harmadmag\u00e1val, k\u00f6zte egy m\u00e1sik magyar versenyz\u0151vel, az epronexes R\u00f3zsa Bal\u00e1zzsal. A szeles id\u0151ben, n\u00e9hol szemerk\u00e9l\u0151 es\u0151ben a mez\u0151ny nem t\u00f6rte \u00f6ssze mag\u00e1t, hogy min\u00e9l hamarabb be\u00e9rje a sz\u00f6kev\u00e9nycsoportot, egy-k\u00e9t kisebb buk\u00e1s ut\u00e1n (az egyikben a legnagyobb szt\u00e1r, Peter Sagan \u00e9s \u00e9rintett volt, nem lett komolyabb baja) eg\u00e9szen az utols\u00f3, harmadik hajd\u00faszoboszl\u00f3i k\u00f6rig hagyt\u00e1k menni a legtov\u00e1bb kitart\u00f3 sz\u00f6kev\u00e9nyt, a cseh Martin Voltrt, csak ott fogt\u00e1k be a r\u00e9szhajr\u00e1kat is gy\u0171jt\u0151 cseh versenyz\u0151t. A c\u00e9l el\u0151tt j\u00f6tt egy elker\u00fclhetetlennek t\u0171n\u0151 t\u00f6megbuk\u00e1s \u2013 szerencs\u00e9re komolyabb s\u00e9r\u00fcl\u00e9s n\u00e9lk\u00fcl \u2013, a kaotikus befut\u00f3b\u00f3l v\u00e9g\u00fcl az ausztr\u00e1l bor\u00e1s, Sam Welsford ker\u00fclt ki gy\u0151ztesen Samuel Quaranta \u00e9s Jakub Mareczko el\u0151tt. Mark Cavendish m\u00e1r itt is j\u00f3l helyezkedett, v\u00e9g\u00fcl hatodikk\u00e9nt sz\u00e1guldott \u00e1t a c\u00e9lvonalon, az \u00f6sszetett \u00e9llovasnak j\u00e1r\u00f3 s\u00e1rga trik\u00f3t Welsford viszont \u00f6lthette mag\u00e1ra a szakaszk\u00f6zi id\u0151b\u00f3nuszoknak k\u00f6sz\u00f6nhet\u0151en m\u00e1sodik cseh Voltr el\u0151tt.<\/p>\n<figure id=\"attachment_18492\" aria-describedby=\"caption-attachment-18492\" style=\"width: 1175px\" class=\"wp-caption alignnone\"><a href=\"https:\/\/d2p6e6u75xmxt8.cloudfront.net\/12\/2024\/05\/bora-welsford.webp\"><img loading=\"lazy\" decoding=\"async\" class=\"wp-image-18492 size-full\" src=\"https:\/\/d2p6e6u75xmxt8.cloudfront.net\/12\/2024\/05\/bora-welsford.webp\" alt=\"\" width=\"1175\" height=\"781\" srcset=\"https:\/\/d2p6e6u75xmxt8.cloudfront.net\/12\/2024\/05\/bora-welsford.webp 1175w, https:\/\/d2p6e6u75xmxt8.cloudfront.net\/12\/2024\/05\/bora-welsford-300x199.webp 300w, https:\/\/d2p6e6u75xmxt8.cloudfront.net\/12\/2024\/05\/bora-welsford-1024x681.webp 1024w, https:\/\/d2p6e6u75xmxt8.cloudfront.net\/12\/2024\/05\/bora-welsford-768x510.webp 768w, https:\/\/d2p6e6u75xmxt8.cloudfront.net\/12\/2024\/05\/bora-welsford-400x266.webp 400w, https:\/\/d2p6e6u75xmxt8.cloudfront.net\/12\/2024\/05\/bora-welsford-272x182.webp 272w\" sizes=\"auto, (max-width: 1175px) 100vw, 1175px\" \/><\/a><figcaption id=\"caption-attachment-18492\" class=\"wp-caption-text\">fot\u00f3: Bora-Hansgrohe<\/figcaption><\/figure>\n<p>\u00cdgy v\u00e1rta a mez\u0151ny a m\u00e1sodik napot, amikor is a fest\u0151i Tokaji-hegys\u00e9gt\u0151l indultak el Kazincbarcika fel\u00e9, m\u00e1r j\u00f3val hepehup\u00e1sabb \u00fatvonalon, mint egy nappal kor\u00e1bban: kicsivel t\u00f6bb, mint 1000 m\u00e9ternyi szint v\u00e1rt a versenyz\u0151kre cs\u00fct\u00f6rt\u00f6k\u00f6n. Ez azonban m\u00e9g mindig optim\u00e1lis terep tud lenni a sprintereknek, az is volt, de el\u0151bb m\u00e9g az Istlstekker Zsolttal megharcol\u00f3 Voltr ism\u00e9t r\u00e1ment a gyorsas\u00e1gi r\u00e9szhajr\u00e1kn\u00e1l az id\u0151j\u00f3v\u00e1\u00edr\u00e1sokra, sz\u00f3val sejthet\u0151 volt, \u00fajabb mez\u0151nyhajr\u00e1 eset\u00e9n rajta marad a s\u00e1rga trik\u00f3. Konkr\u00e9tan ez is t\u00f6rt\u00e9nt: a sprintervonatok h\u00fazta \u00fcld\u00f6z\u0151boly megint begy\u0171jt\u00f6tte a sz\u00f6kev\u00e9nyeket, j\u00f6hetett a sprintbefut\u00f3, amelynek v\u00e9g\u00e9n az Astana tan\u00e1ri felvezet\u00e9s\u00e9t kihaszn\u00e1lva Mark Cavendish rutinb\u00f3l megoldotta a feladatot, \u00edgy az \u00f6sszetettben \u00e9s a gyorsas\u00e1gi pontversenyben is felk\u00faszott az okos els\u0151 k\u00e9t napot teljes\u00edt\u0151 Voltr m\u00f6g\u00e9.<\/p>\n<p>P\u00e9nteken, n\u00e9mileg szokatlanul a verseny fel\u00e9n\u00e9l k\u00f6vetkezik az idei verseny kir\u00e1lyetapja: Barcik\u00e1r\u00f3l indulva Gy\u00f6ngy\u00f6s \u00e9s M\u00e1trah\u00e1za \u00e9rint\u00e9s\u00e9vel m\u00e1ssza meg a mez\u0151ny a K\u00e9kestet\u0151t, ez sz\u00e1mokban egy m\u00e1sodik \u00e9s egy els\u0151 kateg\u00f3ri\u00e1s hegyet jelent t\u00f6bb mint 2700 m\u00e9ternyi \u00f6ssz-szintemelked\u00e9ssel \u2013 tal\u00e1n nem v\u00e1llalunk nagy kock\u00e1zatot azzal, hogy ez m\u00e1r nem a sprinterek j\u00e1tsz\u00f3tere lesz, itt bizony az \u00f6sszetett szempontj\u00e1b\u00f3l is nagy dolgok d\u0151lhetnek el a harmadik napon.<\/p>\n<figure id=\"attachment_18494\" aria-describedby=\"caption-attachment-18494\" style=\"width: 1000px\" class=\"wp-caption alignnone\"><a href=\"https:\/\/d2p6e6u75xmxt8.cloudfront.net\/12\/2024\/05\/picture-234-1715278483.webp\"><img loading=\"lazy\" decoding=\"async\" class=\"size-full wp-image-18494\" src=\"https:\/\/d2p6e6u75xmxt8.cloudfront.net\/12\/2024\/05\/picture-234-1715278483.webp\" alt=\"\" width=\"1000\" height=\"667\" srcset=\"https:\/\/d2p6e6u75xmxt8.cloudfront.net\/12\/2024\/05\/picture-234-1715278483.webp 1000w, https:\/\/d2p6e6u75xmxt8.cloudfront.net\/12\/2024\/05\/picture-234-1715278483-300x200.webp 300w, https:\/\/d2p6e6u75xmxt8.cloudfront.net\/12\/2024\/05\/picture-234-1715278483-768x512.webp 768w, https:\/\/d2p6e6u75xmxt8.cloudfront.net\/12\/2024\/05\/picture-234-1715278483-400x267.webp 400w, https:\/\/d2p6e6u75xmxt8.cloudfront.net\/12\/2024\/05\/picture-234-1715278483-272x182.webp 272w\" sizes=\"auto, (max-width: 1000px) 100vw, 1000px\" \/><\/a><figcaption id=\"caption-attachment-18494\" class=\"wp-caption-text\">fot\u00f3: Karancsi Albert Rudolf\/TdH<\/figcaption><\/figure>\n<p><em>Bor\u00edt\u00f3k\u00e9p:\u00a0SprintCyclingAgency\u00a92024<\/em><\/p>\n","protected":false},"excerpt":{"rendered":"<p>A brit sprinterlegenda a nyit\u00f3 napi 6. helye ut\u00e1n cs\u00fct\u00f6rt\u00f6k\u00f6n mindenkit lehajr\u00e1zott Kazincbarcik\u00e1n, \u00f6sszetettben cseh \u00e9llovassal fordul r\u00e1 a mez\u0151ny [&hellip;]<\/p>\n","protected":false},"author":145,"featured_media":18493,"comment_status":"open","ping_status":"open","sticky":false,"template":"","format":"standard","meta":{"footnotes":""},"categories":[8],"tags":[],"global-categories":[419],"class_list":["post-18491","post","type-post","status-publish","format-standard","has-post-thumbnail","hentry","category-orszaguti-kerekpar","global-categories-cycling"],"yoast_head":"<!-- This site is optimized with the Yoast SEO Premium plugin v25.3 (Yoast SEO v25.9) - https:\/\/yoast.com\/wordpress\/plugins\/seo\/ -->\n<title>Minden a sprinterekr\u0151l sz\u00f3lt a TdH els\u0151 k\u00e9t szakasz\u00e1n, Cavendish remekelt! - \u0160koda We Love Cycling - Magyarorsz\u00e1g<\/title>\n<meta name=\"description\" content=\"A brit sprinterlegenda a nyit\u00f3 napi 6. helye ut\u00e1n cs\u00fct\u00f6rt\u00f6k\u00f6n mindenkit lehajr\u00e1zott Kazincbarcik\u00e1n, \u00f6sszetettben cseh \u00e9llovassal fordul r\u00e1 a mez\u0151ny a kir\u00e1lyetapra.\" \/>\n<meta name=\"robots\" content=\"index, follow, max-snippet:-1, max-image-preview:large, max-video-preview:-1\" \/>\n<link rel=\"canonical\" href=\"https:\/\/www.welovecycling.com\/hu\/orszaguti-kerekpar\/minden-a-sprinterekrol-szolt-a-tdh-elso-ket-szakaszan-cavendish-remekelt\/\" \/>\n<meta property=\"og:locale\" content=\"hu_HU\" \/>\n<meta property=\"og:type\" content=\"article\" \/>\n<meta property=\"og:title\" content=\"Minden a sprinterekr\u0151l sz\u00f3lt a TdH els\u0151 k\u00e9t szakasz\u00e1n, Cavendish remekelt!\" \/>\n<meta property=\"og:description\" content=\"A brit sprinterlegenda a nyit\u00f3 napi 6. helye ut\u00e1n cs\u00fct\u00f6rt\u00f6k\u00f6n mindenkit lehajr\u00e1zott Kazincbarcik\u00e1n, \u00f6sszetettben cseh \u00e9llovassal fordul r\u00e1 a mez\u0151ny a kir\u00e1lyetapra.\" \/>\n<meta property=\"og:url\" content=\"https:\/\/www.welovecycling.com\/hu\/orszaguti-kerekpar\/minden-a-sprinterekrol-szolt-a-tdh-elso-ket-szakaszan-cavendish-remekelt\/\" \/>\n<meta property=\"og:site_name\" content=\"\u0160koda We Love Cycling - Magyarorsz\u00e1g\" \/>\n<meta property=\"article:publisher\" content=\"https:\/\/www.facebook.com\/WeLoveCyclingHungary\/\" \/>\n<meta property=\"article:published_time\" content=\"2024-05-10T08:10:13+00:00\" \/>\n<meta property=\"og:image\" content=\"https:\/\/d2p6e6u75xmxt8.cloudfront.net\/12\/2024\/05\/IMG_5118.webp\" \/>\n\t<meta property=\"og:image:width\" content=\"1920\" \/>\n\t<meta property=\"og:image:height\" content=\"1080\" \/>\n\t<meta property=\"og:image:type\" content=\"image\/webp\" \/>\n<meta name=\"author\" content=\"kitti\" \/>\n<meta name=\"twitter:card\" content=\"summary_large_image\" \/>\n<meta name=\"twitter:label1\" content=\"Written by\" \/>\n\t<meta name=\"twitter:data1\" content=\"We Love Cycling\" \/>\n\t<meta name=\"twitter:label2\" content=\"Est. reading time\" \/>\n\t<meta name=\"twitter:data2\" content=\"3 minutes\" \/>\n<script type=\"application\/ld+json\" class=\"yoast-schema-graph\">{\"@context\":\"https:\/\/schema.org\",\"@graph\":[{\"@type\":\"WebPage\",\"@id\":\"https:\/\/www.welovecycling.com\/hu\/orszaguti-kerekpar\/minden-a-sprinterekrol-szolt-a-tdh-elso-ket-szakaszan-cavendish-remekelt\/\",\"url\":\"https:\/\/www.welovecycling.com\/hu\/orszaguti-kerekpar\/minden-a-sprinterekrol-szolt-a-tdh-elso-ket-szakaszan-cavendish-remekelt\/\",\"name\":\"Minden a sprinterekr\u0151l sz\u00f3lt a TdH els\u0151 k\u00e9t szakasz\u00e1n, Cavendish remekelt! - \u0160koda We Love Cycling - Magyarorsz\u00e1g\",\"isPartOf\":{\"@id\":\"https:\/\/www.welovecycling.com\/hu\/#website\"},\"primaryImageOfPage\":{\"@id\":\"https:\/\/www.welovecycling.com\/hu\/orszaguti-kerekpar\/minden-a-sprinterekrol-szolt-a-tdh-elso-ket-szakaszan-cavendish-remekelt\/#primaryimage\"},\"image\":{\"@id\":\"https:\/\/www.welovecycling.com\/hu\/orszaguti-kerekpar\/minden-a-sprinterekrol-szolt-a-tdh-elso-ket-szakaszan-cavendish-remekelt\/#primaryimage\"},\"thumbnailUrl\":\"https:\/\/d2p6e6u75xmxt8.cloudfront.net\/12\/2024\/05\/IMG_5118.webp\",\"datePublished\":\"2024-05-10T08:10:13+00:00\",\"author\":{\"@id\":\"https:\/\/www.welovecycling.com\/hu\/#\/schema\/person\/bec7dcdbcc59f58489cf603e4040ced1\"},\"description\":\"A brit sprinterlegenda a nyit\u00f3 napi 6. helye ut\u00e1n cs\u00fct\u00f6rt\u00f6k\u00f6n mindenkit lehajr\u00e1zott Kazincbarcik\u00e1n, \u00f6sszetettben cseh \u00e9llovassal fordul r\u00e1 a mez\u0151ny a kir\u00e1lyetapra.\",\"breadcrumb\":{\"@id\":\"https:\/\/www.welovecycling.com\/hu\/orszaguti-kerekpar\/minden-a-sprinterekrol-szolt-a-tdh-elso-ket-szakaszan-cavendish-remekelt\/#breadcrumb\"},\"inLanguage\":\"hu\",\"potentialAction\":[{\"@type\":\"ReadAction\",\"target\":[\"https:\/\/www.welovecycling.com\/hu\/orszaguti-kerekpar\/minden-a-sprinterekrol-szolt-a-tdh-elso-ket-szakaszan-cavendish-remekelt\/\"]}]},{\"@type\":\"ImageObject\",\"inLanguage\":\"hu\",\"@id\":\"https:\/\/www.welovecycling.com\/hu\/orszaguti-kerekpar\/minden-a-sprinterekrol-szolt-a-tdh-elso-ket-szakaszan-cavendish-remekelt\/#primaryimage\",\"url\":\"https:\/\/d2p6e6u75xmxt8.cloudfront.net\/12\/2024\/05\/IMG_5118.webp\",\"contentUrl\":\"https:\/\/d2p6e6u75xmxt8.cloudfront.net\/12\/2024\/05\/IMG_5118.webp\",\"width\":1920,\"height\":1080},{\"@type\":\"BreadcrumbList\",\"@id\":\"https:\/\/www.welovecycling.com\/hu\/orszaguti-kerekpar\/minden-a-sprinterekrol-szolt-a-tdh-elso-ket-szakaszan-cavendish-remekelt\/#breadcrumb\",\"itemListElement\":[{\"@type\":\"ListItem\",\"position\":1,\"name\":\"Home\",\"item\":\"https:\/\/www.welovecycling.com\/hu\/\"},{\"@type\":\"ListItem\",\"position\":2,\"name\":\"Minden a sprinterekr\u0151l sz\u00f3lt a TdH els\u0151 k\u00e9t szakasz\u00e1n, Cavendish remekelt!\"}]},{\"@type\":\"WebSite\",\"@id\":\"https:\/\/www.welovecycling.com\/hu\/#website\",\"url\":\"https:\/\/www.welovecycling.com\/hu\/\",\"name\":\"\u0160koda We Love Cycling - Magyarorsz\u00e1g\",\"description\":\"\u0160koda WeLoveCycling\",\"potentialAction\":[{\"@type\":\"SearchAction\",\"target\":{\"@type\":\"EntryPoint\",\"urlTemplate\":\"https:\/\/www.welovecycling.com\/hu\/?s={search_term_string}\"},\"query-input\":{\"@type\":\"PropertyValueSpecification\",\"valueRequired\":true,\"valueName\":\"search_term_string\"}}],\"inLanguage\":\"hu\"},{\"@type\":\"Person\",\"@id\":\"https:\/\/www.welovecycling.com\/hu\/#\/schema\/person\/bec7dcdbcc59f58489cf603e4040ced1\",\"name\":\"kitti\",\"image\":{\"@type\":\"ImageObject\",\"inLanguage\":\"hu\",\"@id\":\"https:\/\/www.welovecycling.com\/hu\/#\/schema\/person\/image\/\",\"url\":\"https:\/\/secure.gravatar.com\/avatar\/e3196a110e1b57b96f56d92d10ce9bb4e9d7210076832a16243337e949410b52?s=96&d=mm&r=g\",\"contentUrl\":\"https:\/\/secure.gravatar.com\/avatar\/e3196a110e1b57b96f56d92d10ce9bb4e9d7210076832a16243337e949410b52?s=96&d=mm&r=g\",\"caption\":\"kitti\"},\"url\":\"https:\/\/www.welovecycling.com\/hu\/author\/kitti\/\"}]}<\/script>\n<!-- \/ Yoast SEO Premium plugin. -->","yoast_head_json":{"title":"Minden a sprinterekr\u0151l sz\u00f3lt a TdH els\u0151 k\u00e9t szakasz\u00e1n, Cavendish remekelt! - \u0160koda We Love Cycling - Magyarorsz\u00e1g","description":"A brit sprinterlegenda a nyit\u00f3 napi 6. helye ut\u00e1n cs\u00fct\u00f6rt\u00f6k\u00f6n mindenkit lehajr\u00e1zott Kazincbarcik\u00e1n, \u00f6sszetettben cseh \u00e9llovassal fordul r\u00e1 a mez\u0151ny a kir\u00e1lyetapra.","robots":{"index":"index","follow":"follow","max-snippet":"max-snippet:-1","max-image-preview":"max-image-preview:large","max-video-preview":"max-video-preview:-1"},"canonical":"https:\/\/www.welovecycling.com\/hu\/orszaguti-kerekpar\/minden-a-sprinterekrol-szolt-a-tdh-elso-ket-szakaszan-cavendish-remekelt\/","og_locale":"hu_HU","og_type":"article","og_title":"Minden a sprinterekr\u0151l sz\u00f3lt a TdH els\u0151 k\u00e9t szakasz\u00e1n, Cavendish remekelt!","og_description":"A brit sprinterlegenda a nyit\u00f3 napi 6. helye ut\u00e1n cs\u00fct\u00f6rt\u00f6k\u00f6n mindenkit lehajr\u00e1zott Kazincbarcik\u00e1n, \u00f6sszetettben cseh \u00e9llovassal fordul r\u00e1 a mez\u0151ny a kir\u00e1lyetapra.","og_url":"https:\/\/www.welovecycling.com\/hu\/orszaguti-kerekpar\/minden-a-sprinterekrol-szolt-a-tdh-elso-ket-szakaszan-cavendish-remekelt\/","og_site_name":"\u0160koda We Love Cycling - Magyarorsz\u00e1g","article_publisher":"https:\/\/www.facebook.com\/WeLoveCyclingHungary\/","article_published_time":"2024-05-10T08:10:13+00:00","og_image":[{"width":1920,"height":1080,"url":"https:\/\/d2p6e6u75xmxt8.cloudfront.net\/12\/2024\/05\/IMG_5118.webp","type":"image\/webp"}],"author":"kitti","twitter_card":"summary_large_image","twitter_misc":{"Written by":"We Love Cycling","Est. reading time":"3 minutes"},"schema":{"@context":"https:\/\/schema.org","@graph":[{"@type":"WebPage","@id":"https:\/\/www.welovecycling.com\/hu\/orszaguti-kerekpar\/minden-a-sprinterekrol-szolt-a-tdh-elso-ket-szakaszan-cavendish-remekelt\/","url":"https:\/\/www.welovecycling.com\/hu\/orszaguti-kerekpar\/minden-a-sprinterekrol-szolt-a-tdh-elso-ket-szakaszan-cavendish-remekelt\/","name":"Minden a sprinterekr\u0151l sz\u00f3lt a TdH els\u0151 k\u00e9t szakasz\u00e1n, Cavendish remekelt! - \u0160koda We Love Cycling - Magyarorsz\u00e1g","isPartOf":{"@id":"https:\/\/www.welovecycling.com\/hu\/#website"},"primaryImageOfPage":{"@id":"https:\/\/www.welovecycling.com\/hu\/orszaguti-kerekpar\/minden-a-sprinterekrol-szolt-a-tdh-elso-ket-szakaszan-cavendish-remekelt\/#primaryimage"},"image":{"@id":"https:\/\/www.welovecycling.com\/hu\/orszaguti-kerekpar\/minden-a-sprinterekrol-szolt-a-tdh-elso-ket-szakaszan-cavendish-remekelt\/#primaryimage"},"thumbnailUrl":"https:\/\/d2p6e6u75xmxt8.cloudfront.net\/12\/2024\/05\/IMG_5118.webp","datePublished":"2024-05-10T08:10:13+00:00","author":{"@id":"https:\/\/www.welovecycling.com\/hu\/#\/schema\/person\/bec7dcdbcc59f58489cf603e4040ced1"},"description":"A brit sprinterlegenda a nyit\u00f3 napi 6. helye ut\u00e1n cs\u00fct\u00f6rt\u00f6k\u00f6n mindenkit lehajr\u00e1zott Kazincbarcik\u00e1n, \u00f6sszetettben cseh \u00e9llovassal fordul r\u00e1 a mez\u0151ny a kir\u00e1lyetapra.","breadcrumb":{"@id":"https:\/\/www.welovecycling.com\/hu\/orszaguti-kerekpar\/minden-a-sprinterekrol-szolt-a-tdh-elso-ket-szakaszan-cavendish-remekelt\/#breadcrumb"},"inLanguage":"hu","potentialAction":[{"@type":"ReadAction","target":["https:\/\/www.welovecycling.com\/hu\/orszaguti-kerekpar\/minden-a-sprinterekrol-szolt-a-tdh-elso-ket-szakaszan-cavendish-remekelt\/"]}]},{"@type":"ImageObject","inLanguage":"hu","@id":"https:\/\/www.welovecycling.com\/hu\/orszaguti-kerekpar\/minden-a-sprinterekrol-szolt-a-tdh-elso-ket-szakaszan-cavendish-remekelt\/#primaryimage","url":"https:\/\/d2p6e6u75xmxt8.cloudfront.net\/12\/2024\/05\/IMG_5118.webp","contentUrl":"https:\/\/d2p6e6u75xmxt8.cloudfront.net\/12\/2024\/05\/IMG_5118.webp","width":1920,"height":1080},{"@type":"BreadcrumbList","@id":"https:\/\/www.welovecycling.com\/hu\/orszaguti-kerekpar\/minden-a-sprinterekrol-szolt-a-tdh-elso-ket-szakaszan-cavendish-remekelt\/#breadcrumb","itemListElement":[{"@type":"ListItem","position":1,"name":"Home","item":"https:\/\/www.welovecycling.com\/hu\/"},{"@type":"ListItem","position":2,"name":"Minden a sprinterekr\u0151l sz\u00f3lt a TdH els\u0151 k\u00e9t szakasz\u00e1n, Cavendish remekelt!"}]},{"@type":"WebSite","@id":"https:\/\/www.welovecycling.com\/hu\/#website","url":"https:\/\/www.welovecycling.com\/hu\/","name":"\u0160koda We Love Cycling - Magyarorsz\u00e1g","description":"\u0160koda WeLoveCycling","potentialAction":[{"@type":"SearchAction","target":{"@type":"EntryPoint","urlTemplate":"https:\/\/www.welovecycling.com\/hu\/?s={search_term_string}"},"query-input":{"@type":"PropertyValueSpecification","valueRequired":true,"valueName":"search_term_string"}}],"inLanguage":"hu"},{"@type":"Person","@id":"https:\/\/www.welovecycling.com\/hu\/#\/schema\/person\/bec7dcdbcc59f58489cf603e4040ced1","name":"kitti","image":{"@type":"ImageObject","inLanguage":"hu","@id":"https:\/\/www.welovecycling.com\/hu\/#\/schema\/person\/image\/","url":"https:\/\/secure.gravatar.com\/avatar\/e3196a110e1b57b96f56d92d10ce9bb4e9d7210076832a16243337e949410b52?s=96&d=mm&r=g","contentUrl":"https:\/\/secure.gravatar.com\/avatar\/e3196a110e1b57b96f56d92d10ce9bb4e9d7210076832a16243337e949410b52?s=96&d=mm&r=g","caption":"kitti"},"url":"https:\/\/www.welovecycling.com\/hu\/author\/kitti\/"}]}},"_links":{"self":[{"href":"https:\/\/www.welovecycling.com\/hu\/wp-json\/wp\/v2\/posts\/18491","targetHints":{"allow":["GET"]}}],"collection":[{"href":"https:\/\/www.welovecycling.com\/hu\/wp-json\/wp\/v2\/posts"}],"about":[{"href":"https:\/\/www.welovecycling.com\/hu\/wp-json\/wp\/v2\/types\/post"}],"author":[{"embeddable":true,"href":"https:\/\/www.welovecycling.com\/hu\/wp-json\/wp\/v2\/users\/145"}],"replies":[{"embeddable":true,"href":"https:\/\/www.welovecycling.com\/hu\/wp-json\/wp\/v2\/comments?post=18491"}],"version-history":[{"count":1,"href":"https:\/\/www.welovecycling.com\/hu\/wp-json\/wp\/v2\/posts\/18491\/revisions"}],"predecessor-version":[{"id":18495,"href":"https:\/\/www.welovecycling.com\/hu\/wp-json\/wp\/v2\/posts\/18491\/revisions\/18495"}],"wp:featuredmedia":[{"embeddable":true,"href":"https:\/\/www.welovecycling.com\/hu\/wp-json\/wp\/v2\/media\/18493"}],"wp:attachment":[{"href":"https:\/\/www.welovecycling.com\/hu\/wp-json\/wp\/v2\/media?parent=18491"}],"wp:term":[{"taxonomy":"category","embeddable":true,"href":"https:\/\/www.welovecycling.com\/hu\/wp-json\/wp\/v2\/categories?post=18491"},{"taxonomy":"post_tag","embeddable":true,"href":"https:\/\/www.welovecycling.com\/hu\/wp-json\/wp\/v2\/tags?post=18491"},{"taxonomy":"global-categories","embeddable":true,"href":"https:\/\/www.welovecycling.com\/hu\/wp-json\/wp\/v2\/global-categories?post=18491"}],"curies":[{"name":"wp","href":"https:\/\/api.w.org\/{rel}","templated":true}]}}