{"id":1849,"date":"2018-09-26T08:37:07","date_gmt":"2018-09-26T08:37:07","guid":{"rendered":"https:\/\/www.welovecycling.com\/hu\/?p=1849"},"modified":"2018-09-26T08:41:09","modified_gmt":"2018-09-26T08:41:09","slug":"melyik-hajtomu-idealis-szamodra","status":"publish","type":"post","link":"https:\/\/www.welovecycling.com\/hu\/biztonsag\/melyik-hajtomu-idealis-szamodra\/","title":{"rendered":"Melyik hajt\u00f3m\u0171 ide\u00e1lis sz\u00e1modra?"},"content":{"rendered":"<p><strong>A hajt\u00f3m\u0171 a ker\u00e9kp\u00e1r els\u0151dleges pontja, amelyen a kifejtett er\u0151t megsokszorozza az \u00e1tt\u00e9tel \u2013 a teljes\u00edtm\u00e9ny\u00fcket jav\u00edtani akar\u00f3 biciklisek m\u00e9gis gyakrabban k\u00f6ltenek olyan trivi\u00e1lis t\u00e9telekre, mint a v\u00e1z anyaga \u00e9s a ruh\u00e1zat.\u00a0 N\u00e9zz\u00fck meg alaposabban, mi is a hajt\u00f3m\u0171 \u00e9s mire val\u00f3.<\/strong><\/p>\n<h2>A hajt\u00f3kar hossza<\/h2>\n<p>Tedd a sz\u00edvedre a kezed: amikor az els\u0151 igaz\u00e1n j\u00f3 biciklidet megvetted, gondolt\u00e1l egy pillanatig is arra, milyen hossz\u00fa a hajt\u00f3kar? Ha szerencs\u00e9d volt, a boltban az elad\u00f3 pr\u00f3b\u00e1lt olyan biciklik fel\u00e9 terelni, amin sz\u00e1modra ide\u00e1lis hajt\u00f3kar volt.<\/p>\n<p>Ha a hajt\u00f3kar t\u00fal hossz\u00fa, akkor t\u00fals\u00e1gosan megny\u00falik a t\u00e9rd, ami k\u00e9nyelmetlen, \u00e9s ak\u00e1r s\u00e9r\u00fcl\u00e9st is okozhat. Ha t\u00fal r\u00f6vid, akkor nem val\u00f3sz\u00edn\u0171, hogy f\u00e1jni fog, m\u00e9gis lemondasz annak a fizikai t\u00e9nynek a hat\u00e1s\u00e1r\u00f3l, hogy az er\u0151kar hossza feler\u0151s\u00edti a kifejtett er\u0151t. Pr\u00f3b\u00e1ld megkeresni az ide\u00e1lis hosszt &#8211; a legk\u00f6zelebbi bicikliboltban biztosan tudnak seg\u00edteni.<\/p>\n<h2>Legyen egyszer\u0171<\/h2>\n<p>A hajt\u00f3m\u0171vek f\u0151 jellemz\u0151je, hogy h\u00e1ny l\u00e1nct\u00e1ny\u00e9r tal\u00e1lhat\u00f3 a hajt\u00f3kar k\u00f6r\u00fcl. Sz\u00e1mold meg a fogakat, \u00e9s megkapod az adott sz\u00e1mot. P\u00e9ld\u00e1ul <a href=\"http:\/\/www.chainreactioncycles.com\/sram-x01-eagle-dub-dm-crankset\/rp-prod170654\">ezen az SRAM<\/a> mountain bike hajt\u00f3m\u0171v\u00f6n 32 fog van, ez\u00e9rt \u201e32-esnek\u201d h\u00edvjuk. Min\u00e9l nagyobb ez a sz\u00e1m, ann\u00e1l nehezebb gyors\u00edtani, viszont kisebb er\u0151fesz\u00edt\u00e9ssel lehet fenntartani a cs\u00facssebess\u00e9get.<\/p>\n<p>Bradley Wiggins az egy\u00f3r\u00e1s vil\u00e1gcs\u00facsot egy 58-as hajt\u00f3m\u0171vel \u00e9rte el, ami ide\u00e1lis egy profi sportol\u00f3 sz\u00e1m\u00e1ra egy velodr\u00f3mban, ahol a sebess\u00e9gv\u00e1ltoztat\u00e1s nem olyan fontos, mint a hat\u00e9konys\u00e1g.\u00a0 Ezzel ellent\u00e9tben, a fent bemutatott SRAM olyan hegyiker\u00e9kp\u00e1rosok v\u00e1laszt\u00e1sa lehet, akiknek f\u00fcrges\u00e9gre, nyomat\u00e9kra, alacsony \u00e1tt\u00e9telre van sz\u00fcks\u00e9ge, hogy gyorsan \u00e9s biztons\u00e1gosan haladjanak.<\/p>\n<h2>Mit sz\u00f3lsz egy tripl\u00e1hoz?<\/h2>\n<p>Min\u00e9l t\u00f6bb a l\u00e1nct\u00e1ny\u00e9r, ann\u00e1l t\u00f6bb f\u00e9le sebess\u00e9gb\u0151l v\u00e1laszthatsz. Ha h\u00e1tul 9 l\u00e1ncker\u00e9k van a biciklin, akkor egy tripla hajt\u00f3m\u0171vel \u00f6sszesen 27 sebess\u00e9ged lesz. A gyakorlatban a tripla hajt\u00f3m\u0171vek lehet\u0151v\u00e9 teszik, hogy t\u00f6bb alacsony sebess\u00e9gb\u0151l v\u00e1laszthass.<\/p>\n<p>Az alacsony \u00e1tt\u00e9tel n\u00f6veli a nyomat\u00e9kot, ami hasznos p\u00e9ld\u00e1ul a t\u00faraker\u00e9kp\u00e1rosoknak, akik nagy s\u00falyt visznek.\u00a0 K\u00e9pzeld el \u00fagy, mint a teheraut\u00f3k \u00e9s kamionok sebess\u00e9gv\u00e1lt\u00f3j\u00e1t &#8211; alacsonyabb sebess\u00e9gben k\u00f6nnyebb nagy s\u00falyt sz\u00e1ll\u00edtani utaz\u00f3sebess\u00e9gen. A tripla hajt\u00f3m\u0171vel sokkal k\u00f6nnyebb feljutni az emelked\u0151n is.<\/p>\n<h2>Standard megold\u00e1sok<\/h2>\n<p>Nagy versenyeken azt lehet l\u00e1tni, hogy a profi \u00e9lmez\u0151nyben k\u00e9t l\u00e1nct\u00e1ny\u00e9rt haszn\u00e1lnak a hajt\u00f3kar k\u00f6r\u00fcl, \u00edgy sok amat\u0151rnek megtetszik a gondolat, miszerint nincs sz\u00fcks\u00e9g tripla hajt\u00f3m\u0171re, ha \u00fagy akarunk hajtani, mint egy profi. Azt azonban nem tudj\u00e1k, hogy a profi \u00e9lmez\u0151ny szerel\u0151i minden egyes szakaszon \u00e1t\u00e1ll\u00edtj\u00e1k az \u00e1tt\u00e9telez\u00e9s ar\u00e1ny\u00e1t a domborzati viszonyokt\u00f3l f\u00fcgg\u0151en.<\/p>\n<figure id=\"attachment_1850\" aria-describedby=\"caption-attachment-1850\" style=\"width: 1250px\" class=\"wp-caption alignnone\"><a href=\"https:\/\/d2p6e6u75xmxt8.cloudfront.net\/12\/2018\/09\/hajt\u00f3kar-we-love-cycling.jpg\"><img loading=\"lazy\" decoding=\"async\" class=\"wp-image-1850 size-full\" src=\"https:\/\/d2p6e6u75xmxt8.cloudfront.net\/12\/2018\/09\/hajt\u00f3kar-we-love-cycling.jpg\" alt=\"hajt\u00f3m\u0171\" width=\"1250\" height=\"831\" srcset=\"https:\/\/d2p6e6u75xmxt8.cloudfront.net\/12\/2018\/09\/hajt\u00f3kar-we-love-cycling.jpg 1250w, https:\/\/d2p6e6u75xmxt8.cloudfront.net\/12\/2018\/09\/hajt\u00f3kar-we-love-cycling-300x199.jpg 300w, https:\/\/d2p6e6u75xmxt8.cloudfront.net\/12\/2018\/09\/hajt\u00f3kar-we-love-cycling-768x511.jpg 768w, https:\/\/d2p6e6u75xmxt8.cloudfront.net\/12\/2018\/09\/hajt\u00f3kar-we-love-cycling-1024x681.jpg 1024w, https:\/\/d2p6e6u75xmxt8.cloudfront.net\/12\/2018\/09\/hajt\u00f3kar-we-love-cycling-272x182.jpg 272w\" sizes=\"auto, (max-width: 1250px) 100vw, 1250px\" \/><\/a><figcaption id=\"caption-attachment-1850\" class=\"wp-caption-text\"><em>Chris Froome \u00e1thalad a c\u00e9lszalagon, \u00e9s ezzel megnyeri a 2015. \u00e9vi Tour de France 10. szakasz\u00e1t, a 167 km-es t\u00e1vot Tarbes \u00e9s La Pierre Saint-Martin k\u00f6z\u00f6tt (Franciaorsz\u00e1gban), 2015. j\u00falius 14-\u00e9n.<\/em><\/figcaption><\/figure>\n<p>A 2015. \u00e9vi Tour de France-on, a 10. sz\u00e1m\u00fa hegyi szakaszon Froome 52\/38 l\u00e1nct\u00e1ny\u00e9rral ment v\u00e9gig &#8211; m\u00edg Dumoulin a 2016-os ny\u00e1ri olimpi\u00e1n magasabb, 53\/42T kioszt\u00e1st haszn\u00e1lt, ami alkalmasabb a s\u00edk terepre. H\u00e9tk\u00f6znapi \u00e9rtelemben v\u00e9ve mindegyik \u201estandard\u201d hajt\u00f3m\u0171nek tekinthet\u0151, m\u00e9gis sz\u00fcks\u00e9gtelen\u00fcl neh\u00e9z lenne ezeket haszn\u00e1lnia b\u00e1rkinek, aki nem egy d\u00f6nt\u0151n teker\u0151 profi sportol\u00f3.<\/p>\n<div class=\"mceTemp\"><\/div>\n","protected":false},"excerpt":{"rendered":"<p>A hajt\u00f3m\u0171 a ker\u00e9kp\u00e1r els\u0151dleges pontja, amelyen a kifejtett er\u0151t megsokszorozza az \u00e1tt\u00e9tel \u2013 a teljes\u00edtm\u00e9ny\u00fcket jav\u00edtani akar\u00f3 biciklisek m\u00e9gis [&hellip;]<\/p>\n","protected":false},"author":71,"featured_media":1852,"comment_status":"open","ping_status":"open","sticky":false,"template":"","format":"standard","meta":{"footnotes":""},"categories":[10],"tags":[175,188,16,190,189,191,128],"global-categories":[],"class_list":["post-1849","post","type-post","status-publish","format-standard","has-post-thumbnail","hentry","category-biztonsag","tag-biztonsagos-kerekparozas","tag-hajtokar","tag-kerekpar","tag-lanckerek","tag-lanctanyer","tag-turakerekparosok","tag-welovecycling"],"yoast_head":"<!-- This site is optimized with the Yoast SEO Premium plugin v25.3 (Yoast SEO v25.9) - https:\/\/yoast.com\/wordpress\/plugins\/seo\/ -->\n<title>Melyik hajt\u00f3m\u0171 ide\u00e1lis sz\u00e1modra? - \u0160koda We Love Cycling - Magyarorsz\u00e1g<\/title>\n<meta name=\"description\" content=\"Amikor az els\u0151 igaz\u00e1n j\u00f3 biciklidet megvetted, gondolt\u00e1l egy pillanatig is arra, milyen hossz\u00fa a hajt\u00f3kar? A hajt\u00f3m\u0171 a ker\u00e9kp\u00e1r els\u0151dleges pontja.\" \/>\n<meta name=\"robots\" content=\"index, follow, max-snippet:-1, max-image-preview:large, max-video-preview:-1\" \/>\n<link rel=\"canonical\" href=\"https:\/\/www.welovecycling.com\/hu\/biztonsag\/melyik-hajtomu-idealis-szamodra\/\" \/>\n<meta property=\"og:locale\" content=\"hu_HU\" \/>\n<meta property=\"og:type\" content=\"article\" \/>\n<meta property=\"og:title\" content=\"Melyik hajt\u00f3m\u0171 ide\u00e1lis sz\u00e1modra?\" \/>\n<meta property=\"og:description\" content=\"Amikor az els\u0151 igaz\u00e1n j\u00f3 biciklidet megvetted, gondolt\u00e1l egy pillanatig is arra, milyen hossz\u00fa a hajt\u00f3kar? A hajt\u00f3m\u0171 a ker\u00e9kp\u00e1r els\u0151dleges pontja.\" \/>\n<meta property=\"og:url\" content=\"https:\/\/www.welovecycling.com\/hu\/biztonsag\/melyik-hajtomu-idealis-szamodra\/\" \/>\n<meta property=\"og:site_name\" content=\"\u0160koda We Love Cycling - Magyarorsz\u00e1g\" \/>\n<meta property=\"article:publisher\" content=\"https:\/\/www.facebook.com\/WeLoveCyclingHungary\/\" \/>\n<meta property=\"article:published_time\" content=\"2018-09-26T08:37:07+00:00\" \/>\n<meta property=\"article:modified_time\" content=\"2018-09-26T08:41:09+00:00\" \/>\n<meta property=\"og:image\" content=\"https:\/\/d2p6e6u75xmxt8.cloudfront.net\/12\/2018\/09\/hajt\u00f3kar.jpg\" \/>\n\t<meta property=\"og:image:width\" content=\"1024\" \/>\n\t<meta property=\"og:image:height\" content=\"450\" \/>\n\t<meta property=\"og:image:type\" content=\"image\/jpeg\" \/>\n<meta name=\"author\" content=\"hegyizs\" \/>\n<meta name=\"twitter:card\" content=\"summary_large_image\" \/>\n<meta name=\"twitter:label1\" content=\"Written by\" \/>\n\t<meta name=\"twitter:data1\" content=\"hegyizs\" \/>\n\t<meta name=\"twitter:label2\" content=\"Est. reading time\" \/>\n\t<meta name=\"twitter:data2\" content=\"3 minutes\" \/>\n<script type=\"application\/ld+json\" class=\"yoast-schema-graph\">{\"@context\":\"https:\/\/schema.org\",\"@graph\":[{\"@type\":\"WebPage\",\"@id\":\"https:\/\/www.welovecycling.com\/hu\/biztonsag\/melyik-hajtomu-idealis-szamodra\/\",\"url\":\"https:\/\/www.welovecycling.com\/hu\/biztonsag\/melyik-hajtomu-idealis-szamodra\/\",\"name\":\"Melyik hajt\u00f3m\u0171 ide\u00e1lis sz\u00e1modra? - \u0160koda We Love Cycling - Magyarorsz\u00e1g\",\"isPartOf\":{\"@id\":\"https:\/\/www.welovecycling.com\/hu\/#website\"},\"primaryImageOfPage\":{\"@id\":\"https:\/\/www.welovecycling.com\/hu\/biztonsag\/melyik-hajtomu-idealis-szamodra\/#primaryimage\"},\"image\":{\"@id\":\"https:\/\/www.welovecycling.com\/hu\/biztonsag\/melyik-hajtomu-idealis-szamodra\/#primaryimage\"},\"thumbnailUrl\":\"https:\/\/d2p6e6u75xmxt8.cloudfront.net\/12\/2018\/09\/hajt\u00f3kar.jpg\",\"datePublished\":\"2018-09-26T08:37:07+00:00\",\"dateModified\":\"2018-09-26T08:41:09+00:00\",\"author\":{\"@id\":\"https:\/\/www.welovecycling.com\/hu\/#\/schema\/person\/414a2aebf1801691a5320edb6468e194\"},\"description\":\"Amikor az els\u0151 igaz\u00e1n j\u00f3 biciklidet megvetted, gondolt\u00e1l egy pillanatig is arra, milyen hossz\u00fa a hajt\u00f3kar? A hajt\u00f3m\u0171 a ker\u00e9kp\u00e1r els\u0151dleges pontja.\",\"breadcrumb\":{\"@id\":\"https:\/\/www.welovecycling.com\/hu\/biztonsag\/melyik-hajtomu-idealis-szamodra\/#breadcrumb\"},\"inLanguage\":\"hu\",\"potentialAction\":[{\"@type\":\"ReadAction\",\"target\":[\"https:\/\/www.welovecycling.com\/hu\/biztonsag\/melyik-hajtomu-idealis-szamodra\/\"]}]},{\"@type\":\"ImageObject\",\"inLanguage\":\"hu\",\"@id\":\"https:\/\/www.welovecycling.com\/hu\/biztonsag\/melyik-hajtomu-idealis-szamodra\/#primaryimage\",\"url\":\"https:\/\/d2p6e6u75xmxt8.cloudfront.net\/12\/2018\/09\/hajt\u00f3kar.jpg\",\"contentUrl\":\"https:\/\/d2p6e6u75xmxt8.cloudfront.net\/12\/2018\/09\/hajt\u00f3kar.jpg\",\"width\":1024,\"height\":450},{\"@type\":\"BreadcrumbList\",\"@id\":\"https:\/\/www.welovecycling.com\/hu\/biztonsag\/melyik-hajtomu-idealis-szamodra\/#breadcrumb\",\"itemListElement\":[{\"@type\":\"ListItem\",\"position\":1,\"name\":\"Home\",\"item\":\"https:\/\/www.welovecycling.com\/hu\/\"},{\"@type\":\"ListItem\",\"position\":2,\"name\":\"Melyik hajt\u00f3m\u0171 ide\u00e1lis sz\u00e1modra?\"}]},{\"@type\":\"WebSite\",\"@id\":\"https:\/\/www.welovecycling.com\/hu\/#website\",\"url\":\"https:\/\/www.welovecycling.com\/hu\/\",\"name\":\"\u0160koda We Love Cycling - Magyarorsz\u00e1g\",\"description\":\"\u0160koda WeLoveCycling\",\"potentialAction\":[{\"@type\":\"SearchAction\",\"target\":{\"@type\":\"EntryPoint\",\"urlTemplate\":\"https:\/\/www.welovecycling.com\/hu\/?s={search_term_string}\"},\"query-input\":{\"@type\":\"PropertyValueSpecification\",\"valueRequired\":true,\"valueName\":\"search_term_string\"}}],\"inLanguage\":\"hu\"},{\"@type\":\"Person\",\"@id\":\"https:\/\/www.welovecycling.com\/hu\/#\/schema\/person\/414a2aebf1801691a5320edb6468e194\",\"name\":\"hegyizs\",\"image\":{\"@type\":\"ImageObject\",\"inLanguage\":\"hu\",\"@id\":\"https:\/\/www.welovecycling.com\/hu\/#\/schema\/person\/image\/\",\"url\":\"https:\/\/secure.gravatar.com\/avatar\/02cf8a7906b8cf90cecb4679defac7cfd33a1c2e3b88e4903d947f3bb58eedd3?s=96&d=mm&r=g\",\"contentUrl\":\"https:\/\/secure.gravatar.com\/avatar\/02cf8a7906b8cf90cecb4679defac7cfd33a1c2e3b88e4903d947f3bb58eedd3?s=96&d=mm&r=g\",\"caption\":\"hegyizs\"},\"url\":\"https:\/\/www.welovecycling.com\/hu\/author\/hegyizs\/\"}]}<\/script>\n<!-- \/ Yoast SEO Premium plugin. -->","yoast_head_json":{"title":"Melyik hajt\u00f3m\u0171 ide\u00e1lis sz\u00e1modra? - \u0160koda We Love Cycling - Magyarorsz\u00e1g","description":"Amikor az els\u0151 igaz\u00e1n j\u00f3 biciklidet megvetted, gondolt\u00e1l egy pillanatig is arra, milyen hossz\u00fa a hajt\u00f3kar? A hajt\u00f3m\u0171 a ker\u00e9kp\u00e1r els\u0151dleges pontja.","robots":{"index":"index","follow":"follow","max-snippet":"max-snippet:-1","max-image-preview":"max-image-preview:large","max-video-preview":"max-video-preview:-1"},"canonical":"https:\/\/www.welovecycling.com\/hu\/biztonsag\/melyik-hajtomu-idealis-szamodra\/","og_locale":"hu_HU","og_type":"article","og_title":"Melyik hajt\u00f3m\u0171 ide\u00e1lis sz\u00e1modra?","og_description":"Amikor az els\u0151 igaz\u00e1n j\u00f3 biciklidet megvetted, gondolt\u00e1l egy pillanatig is arra, milyen hossz\u00fa a hajt\u00f3kar? A hajt\u00f3m\u0171 a ker\u00e9kp\u00e1r els\u0151dleges pontja.","og_url":"https:\/\/www.welovecycling.com\/hu\/biztonsag\/melyik-hajtomu-idealis-szamodra\/","og_site_name":"\u0160koda We Love Cycling - Magyarorsz\u00e1g","article_publisher":"https:\/\/www.facebook.com\/WeLoveCyclingHungary\/","article_published_time":"2018-09-26T08:37:07+00:00","article_modified_time":"2018-09-26T08:41:09+00:00","og_image":[{"width":1024,"height":450,"url":"https:\/\/d2p6e6u75xmxt8.cloudfront.net\/12\/2018\/09\/hajt\u00f3kar.jpg","type":"image\/jpeg"}],"author":"hegyizs","twitter_card":"summary_large_image","twitter_misc":{"Written by":"hegyizs","Est. reading time":"3 minutes"},"schema":{"@context":"https:\/\/schema.org","@graph":[{"@type":"WebPage","@id":"https:\/\/www.welovecycling.com\/hu\/biztonsag\/melyik-hajtomu-idealis-szamodra\/","url":"https:\/\/www.welovecycling.com\/hu\/biztonsag\/melyik-hajtomu-idealis-szamodra\/","name":"Melyik hajt\u00f3m\u0171 ide\u00e1lis sz\u00e1modra? - \u0160koda We Love Cycling - Magyarorsz\u00e1g","isPartOf":{"@id":"https:\/\/www.welovecycling.com\/hu\/#website"},"primaryImageOfPage":{"@id":"https:\/\/www.welovecycling.com\/hu\/biztonsag\/melyik-hajtomu-idealis-szamodra\/#primaryimage"},"image":{"@id":"https:\/\/www.welovecycling.com\/hu\/biztonsag\/melyik-hajtomu-idealis-szamodra\/#primaryimage"},"thumbnailUrl":"https:\/\/d2p6e6u75xmxt8.cloudfront.net\/12\/2018\/09\/hajt\u00f3kar.jpg","datePublished":"2018-09-26T08:37:07+00:00","dateModified":"2018-09-26T08:41:09+00:00","author":{"@id":"https:\/\/www.welovecycling.com\/hu\/#\/schema\/person\/414a2aebf1801691a5320edb6468e194"},"description":"Amikor az els\u0151 igaz\u00e1n j\u00f3 biciklidet megvetted, gondolt\u00e1l egy pillanatig is arra, milyen hossz\u00fa a hajt\u00f3kar? A hajt\u00f3m\u0171 a ker\u00e9kp\u00e1r els\u0151dleges pontja.","breadcrumb":{"@id":"https:\/\/www.welovecycling.com\/hu\/biztonsag\/melyik-hajtomu-idealis-szamodra\/#breadcrumb"},"inLanguage":"hu","potentialAction":[{"@type":"ReadAction","target":["https:\/\/www.welovecycling.com\/hu\/biztonsag\/melyik-hajtomu-idealis-szamodra\/"]}]},{"@type":"ImageObject","inLanguage":"hu","@id":"https:\/\/www.welovecycling.com\/hu\/biztonsag\/melyik-hajtomu-idealis-szamodra\/#primaryimage","url":"https:\/\/d2p6e6u75xmxt8.cloudfront.net\/12\/2018\/09\/hajt\u00f3kar.jpg","contentUrl":"https:\/\/d2p6e6u75xmxt8.cloudfront.net\/12\/2018\/09\/hajt\u00f3kar.jpg","width":1024,"height":450},{"@type":"BreadcrumbList","@id":"https:\/\/www.welovecycling.com\/hu\/biztonsag\/melyik-hajtomu-idealis-szamodra\/#breadcrumb","itemListElement":[{"@type":"ListItem","position":1,"name":"Home","item":"https:\/\/www.welovecycling.com\/hu\/"},{"@type":"ListItem","position":2,"name":"Melyik hajt\u00f3m\u0171 ide\u00e1lis sz\u00e1modra?"}]},{"@type":"WebSite","@id":"https:\/\/www.welovecycling.com\/hu\/#website","url":"https:\/\/www.welovecycling.com\/hu\/","name":"\u0160koda We Love Cycling - Magyarorsz\u00e1g","description":"\u0160koda WeLoveCycling","potentialAction":[{"@type":"SearchAction","target":{"@type":"EntryPoint","urlTemplate":"https:\/\/www.welovecycling.com\/hu\/?s={search_term_string}"},"query-input":{"@type":"PropertyValueSpecification","valueRequired":true,"valueName":"search_term_string"}}],"inLanguage":"hu"},{"@type":"Person","@id":"https:\/\/www.welovecycling.com\/hu\/#\/schema\/person\/414a2aebf1801691a5320edb6468e194","name":"hegyizs","image":{"@type":"ImageObject","inLanguage":"hu","@id":"https:\/\/www.welovecycling.com\/hu\/#\/schema\/person\/image\/","url":"https:\/\/secure.gravatar.com\/avatar\/02cf8a7906b8cf90cecb4679defac7cfd33a1c2e3b88e4903d947f3bb58eedd3?s=96&d=mm&r=g","contentUrl":"https:\/\/secure.gravatar.com\/avatar\/02cf8a7906b8cf90cecb4679defac7cfd33a1c2e3b88e4903d947f3bb58eedd3?s=96&d=mm&r=g","caption":"hegyizs"},"url":"https:\/\/www.welovecycling.com\/hu\/author\/hegyizs\/"}]}},"_links":{"self":[{"href":"https:\/\/www.welovecycling.com\/hu\/wp-json\/wp\/v2\/posts\/1849","targetHints":{"allow":["GET"]}}],"collection":[{"href":"https:\/\/www.welovecycling.com\/hu\/wp-json\/wp\/v2\/posts"}],"about":[{"href":"https:\/\/www.welovecycling.com\/hu\/wp-json\/wp\/v2\/types\/post"}],"author":[{"embeddable":true,"href":"https:\/\/www.welovecycling.com\/hu\/wp-json\/wp\/v2\/users\/71"}],"replies":[{"embeddable":true,"href":"https:\/\/www.welovecycling.com\/hu\/wp-json\/wp\/v2\/comments?post=1849"}],"version-history":[{"count":2,"href":"https:\/\/www.welovecycling.com\/hu\/wp-json\/wp\/v2\/posts\/1849\/revisions"}],"predecessor-version":[{"id":1853,"href":"https:\/\/www.welovecycling.com\/hu\/wp-json\/wp\/v2\/posts\/1849\/revisions\/1853"}],"wp:featuredmedia":[{"embeddable":true,"href":"https:\/\/www.welovecycling.com\/hu\/wp-json\/wp\/v2\/media\/1852"}],"wp:attachment":[{"href":"https:\/\/www.welovecycling.com\/hu\/wp-json\/wp\/v2\/media?parent=1849"}],"wp:term":[{"taxonomy":"category","embeddable":true,"href":"https:\/\/www.welovecycling.com\/hu\/wp-json\/wp\/v2\/categories?post=1849"},{"taxonomy":"post_tag","embeddable":true,"href":"https:\/\/www.welovecycling.com\/hu\/wp-json\/wp\/v2\/tags?post=1849"},{"taxonomy":"global-categories","embeddable":true,"href":"https:\/\/www.welovecycling.com\/hu\/wp-json\/wp\/v2\/global-categories?post=1849"}],"curies":[{"name":"wp","href":"https:\/\/api.w.org\/{rel}","templated":true}]}}