{"id":18480,"date":"2024-05-03T12:43:11","date_gmt":"2024-05-03T10:43:11","guid":{"rendered":"https:\/\/www.welovecycling.com\/hu\/?p=18480"},"modified":"2024-05-03T12:43:11","modified_gmt":"2024-05-03T10:43:11","slug":"vilagsztarokkal-rajtol-az-elmult-evek-legkulonlegesebbnek-igerkezo-tour-de-hongrie-ja","status":"publish","type":"post","link":"https:\/\/www.welovecycling.com\/hu\/orszaguti-kerekpar\/vilagsztarokkal-rajtol-az-elmult-evek-legkulonlegesebbnek-igerkezo-tour-de-hongrie-ja\/","title":{"rendered":"Vil\u00e1gszt\u00e1rokkal rajtol az elm\u00falt \u00e9vek legk\u00fcl\u00f6nlegesebbnek \u00edg\u00e9rkez\u0151 Tour de Hongrie-ja"},"content":{"rendered":"<p><strong>\u00d6t nap, 9 megye, 851 kilom\u00e9ter olyan vil\u00e1gszt\u00e1rokkal a mez\u0151nyben, mint a n\u00e1lunk visszat\u00e9r\u0151 Peter Sagan, Mark Cavendish, Elia Viviani \u00e9s m\u00e9g sokan m\u00e1sok!<\/strong><!--more--><\/p>\n<p>Id\u00e9n m\u00e1jus 8-a lesz a nagy nap, szerd\u00e1n elrajtol v\u00e9gre a 2024-es Tour de Hongrie karav\u00e1nja. A Magyar K\u00f6rverseny az elm\u00falt \u00e9vek szellemis\u00e9g\u00e9t k\u00f6vetve ism\u00e9t eggyel magasabb polcra helyezi mag\u00e1t az orsz\u00e1g\u00fati ker\u00e9kp\u00e1rsportban, hiszen itt lesz t\u00f6bbek k\u00f6z\u00f6tt k\u00e9t vil\u00e1gbajnok, valamint \u00fajfent a Tour de France-ra \u00e9s a t\u00f6bbi elitviadalra hangol\u00f3 szt\u00e1rcsapat, csupa-csupa sport\u00e1gi klasszissal.<\/p>\n<p>A k\u00e9t legnagyobb szt\u00e1r id\u00e9n egy\u00e9rtelm\u0171en a k\u00e9t vil\u00e1gbajnok, Mark Cavendish \u00e9s Peter Sagan: \u0151k olyan nevek, akiket tal\u00e1n m\u00e9g a laikusoknak sem kell k\u00fcl\u00f6n\u00f6sebben bemutatni, mi is sz\u00e1mtalan alkalommal \u00edrtunk m\u00e1r r\u00f3luk \u00e9s a vil\u00e1gsikereikr\u0151l. Az\u00e9rt csak a rend kedv\u00e9\u00e9rt: Cavendish n\u00e1lunk gy\u00far majd arra a bizonyos sokszor emlegetett Tour de France-cs\u00facsd\u00f6nt\u00e9sre, hogy id\u00e9n, p\u00e1lyafut\u00e1sa utols\u00f3 \u00e9v\u00e9ben 35. etapsiker\u00e9vel \u00e1tadhassa a m\u00faltnak Eddy Merckx sok\u00e1ig el\u00e9rhetetlennek hitt 34-es \u00f6r\u00f6krekordj\u00e1t. Minden id\u0151k egyik legnagyszer\u0171bb sprintere k\u00e9t \u00e9ve egy\u00e9bk\u00e9nt is a sz\u00edv\u00e9be z\u00e1rta Magyarorsz\u00e1got, hiszen a 2022-ben h\u00e1rom etappal haz\u00e1nkb\u00f3l rajtol\u00f3 Gir\u00f3r\u00f3l elvitt egy itteni szakaszsikert, Z\u00e1molyon pedig eml\u00e9kezetes m\u00f3don m\u00e9g egy buszmeg\u00e1ll\u00f3t is <u><a href=\"https:\/\/www.google.hu\/url?sa=t&amp;source=web&amp;rct=j&amp;opi=89978449&amp;url=https:\/\/zamoly.asp.lgov.hu\/cavendish-megallo&amp;ved=2ahUKEwjhmauB9umFAxWpgP0HHesSCxkQFnoECCIQAQ&amp;usg=AOvVaw0PInuYrgTxG_EthaSBD55w\">hivatalosan elneveztek r\u00f3la<\/a><\/u> azon a szent ponton, ahol meg\u00e1llt bring\u00e1t cser\u00e9lni, ez term\u00e9szetesen a mai napig az \u0151 nev\u00e9t viseli \u2013 ki tudja, tal\u00e1n el is l\u00e1togat ide k\u00e9t szakasz k\u00f6z\u00f6tt.<\/p>\n<p><img loading=\"lazy\" decoding=\"async\" class=\"alignnone size-large wp-image-18484\" src=\"https:\/\/d2p6e6u75xmxt8.cloudfront.net\/12\/2024\/05\/cover-1708097428-1024x683.webp\" alt=\"\" width=\"1024\" height=\"683\" srcset=\"https:\/\/d2p6e6u75xmxt8.cloudfront.net\/12\/2024\/05\/cover-1708097428-1024x683.webp 1024w, https:\/\/d2p6e6u75xmxt8.cloudfront.net\/12\/2024\/05\/cover-1708097428-300x200.webp 300w, https:\/\/d2p6e6u75xmxt8.cloudfront.net\/12\/2024\/05\/cover-1708097428-768x512.webp 768w, https:\/\/d2p6e6u75xmxt8.cloudfront.net\/12\/2024\/05\/cover-1708097428-400x267.webp 400w, https:\/\/d2p6e6u75xmxt8.cloudfront.net\/12\/2024\/05\/cover-1708097428-272x182.webp 272w, https:\/\/d2p6e6u75xmxt8.cloudfront.net\/12\/2024\/05\/cover-1708097428.webp 1200w\" sizes=\"auto, (max-width: 1024px) 100vw, 1024px\" \/><\/p>\n<p>Peter Sagan a ker\u00e9kp\u00e1rsport elm\u00falt m\u00e1sf\u00e9l \u00e9vtized\u00e9nek egyik legdomin\u00e1nsabb egynapos men\u0151je \u00e9s sprintere, 2012 \u00e9s 2019 k\u00f6z\u00f6tt rekordsz\u00e1m\u00fa, h\u00e9t alkalommal h\u00f3d\u00edtotta el a Tour de France gyorsas\u00e1gi pontkir\u00e1ly\u00e1nak j\u00e1r\u00f3 z\u00f6ld trik\u00f3t, emellett h\u00e1romszoros vil\u00e1gbajnok, a t\u00f6bbi egynapos \u00e9s klasszikus-siker\u00e9t pedig sz\u00e1montartani is neh\u00e9z \u2013 f\u00e9nykor\u00e1ban t\u00e9nyleg legy\u0151zhetetlen volt. Az extravag\u00e1ns zsolnai szlov\u00e1k sr\u00e1cnak vil\u00e1gszerte hatalmas rajong\u00f3t\u00e1bora van, de haz\u00e1j\u00e1ban \u00e9s itt a k\u00f6rny\u00e9ken azt\u00e1n v\u00e9gk\u00e9pp, \u00fagyhogy az \u0151 indul\u00e1sa Cavedish mellett komoly marketing\u00e9rt\u00e9kkel is b\u00edr, \u00e9s v\u00e1rhat\u00f3an jelent\u0151s szurkol\u00f3i pluszt\u00f6megeket mozg\u00f3s\u00edt majd Szlov\u00e1ki\u00e1b\u00f3l \u00e9s a k\u00f6rnyez\u0151 orsz\u00e1gokb\u00f3l. F\u0151leg \u00fagy, hogy az \u0151 indul\u00e1sa pillanatnyilag nemzetk\u00f6zi szinten is kuri\u00f3zumnak sz\u00e1m\u00edt, ugyanis az orsz\u00e1g\u00fati visszavonul\u00e1s\u00e1t gyakorlatilag m\u00e1r bejelentette, miut\u00e1n sz\u00edvritmuszavar miatt k\u00e9t m\u0171t\u00e9ten is \u00e1tesett febru\u00e1r-m\u00e1rciusban.<\/p>\n<p><img loading=\"lazy\" decoding=\"async\" class=\"alignnone size-full wp-image-18482\" src=\"https:\/\/d2p6e6u75xmxt8.cloudfront.net\/12\/2024\/05\/200146534-38e8205a-8d3b-4329-8062-4ebf370c4917.webp\" alt=\"\" width=\"800\" height=\"450\" srcset=\"https:\/\/d2p6e6u75xmxt8.cloudfront.net\/12\/2024\/05\/200146534-38e8205a-8d3b-4329-8062-4ebf370c4917.webp 800w, https:\/\/d2p6e6u75xmxt8.cloudfront.net\/12\/2024\/05\/200146534-38e8205a-8d3b-4329-8062-4ebf370c4917-300x169.webp 300w, https:\/\/d2p6e6u75xmxt8.cloudfront.net\/12\/2024\/05\/200146534-38e8205a-8d3b-4329-8062-4ebf370c4917-768x432.webp 768w, https:\/\/d2p6e6u75xmxt8.cloudfront.net\/12\/2024\/05\/200146534-38e8205a-8d3b-4329-8062-4ebf370c4917-400x225.webp 400w\" sizes=\"auto, (max-width: 800px) 100vw, 800px\" \/><\/p>\n<p>Csakhogy eredeti szak\u00e1g\u00e1ban, mountain bike-ban m\u00e9g z\u00e1r\u00f3akkordk\u00e9nt ki szeretne jutni az idei, p\u00e1rizsi olimpi\u00e1ra, a TdH-indul\u00e1sa is tulajdonk\u00e9ppen az erre val\u00f3 felk\u00e9sz\u00fcl\u00e9s, form\u00e1ba hoz\u00e1s egyik \u00e1llom\u00e1sa lesz. A 34 \u00e9ves szt\u00e1r a napokban az M4 Sportnak nyilatkozva elmondta, m\u00e1r j\u00f3l \u00e9rzi mag\u00e1t, de mivel csak n\u00e9h\u00e1ny hete kezdhette \u00fajra az edz\u00e9seket, jelenleg kimondott c\u00e9lok n\u00e9lk\u00fcl szeretne v\u00e9gre versenyezni, \u00fagy, hogy egyszer\u0171en csak \u00e9lvezze a teker\u00e9st \u00fajra a mez\u0151nyben (csapatvezet\u0151je a GCN-nek meger\u0151s\u00edtette, hogy ez tulajdonk\u00e9ppen egy edz\u00e9sk\u00e9nt foghat\u00f3 fel Sagan sz\u00e1m\u00e1ra, aki els\u0151sorban az\u00e9rt lesz majd ott a TdH-n, hogy testv\u00e9re csapat\u00e1t, a j\u00f3 nev\u0171 Pierre Baguette-et seg\u00edtse). Az pedig, hogy pont Sagan \u00e9s Cavendish j\u00f6n el hozz\u00e1nk, abb\u00f3l a szempontb\u00f3l is k\u00fcl\u00f6n pik\u00e1ns, hogy nekik kettej\u00fcknek a 2017-es Tour de France-on volt egy nagyon eml\u00e9kezetes incidens\u00fck, amikor a 4. etap sprintbefut\u00f3j\u00e1ban Sagan kiz\u00e1r\u00e1st \u00e9r\u0151en lek\u00f6ny\u00f6k\u00f6lte a britet, akinek s\u00falyos s\u00e9r\u00fcl\u00e9sei miatt fel is kellett adnia a viadalt. Az\u00f3ta azonban szerencs\u00e9re m\u00e1r kib\u00e9k\u00fcltek, ezt Sagan az M4-nek is meger\u0151s\u00edtette, hozz\u00e1t\u00e9ve, hogy legut\u00f3bb m\u00e9g egy al\u00e1\u00edrt mezt is kapott aj\u00e1nd\u00e9kba Cavendisht\u0151l.<\/p>\n<figure id=\"attachment_18483\" aria-describedby=\"caption-attachment-18483\" style=\"width: 1024px\" class=\"wp-caption alignnone\"><img loading=\"lazy\" decoding=\"async\" class=\"size-large wp-image-18483\" src=\"https:\/\/d2p6e6u75xmxt8.cloudfront.net\/12\/2024\/05\/cav-sagan-getty-1024x682.webp\" alt=\"\" width=\"1024\" height=\"682\" srcset=\"https:\/\/d2p6e6u75xmxt8.cloudfront.net\/12\/2024\/05\/cav-sagan-getty-1024x682.webp 1024w, https:\/\/d2p6e6u75xmxt8.cloudfront.net\/12\/2024\/05\/cav-sagan-getty-300x200.webp 300w, https:\/\/d2p6e6u75xmxt8.cloudfront.net\/12\/2024\/05\/cav-sagan-getty-768x512.webp 768w, https:\/\/d2p6e6u75xmxt8.cloudfront.net\/12\/2024\/05\/cav-sagan-getty-400x266.webp 400w, https:\/\/d2p6e6u75xmxt8.cloudfront.net\/12\/2024\/05\/cav-sagan-getty-272x182.webp 272w, https:\/\/d2p6e6u75xmxt8.cloudfront.net\/12\/2024\/05\/cav-sagan-getty.webp 1279w\" sizes=\"auto, (max-width: 1024px) 100vw, 1024px\" \/><figcaption id=\"caption-attachment-18483\" class=\"wp-caption-text\">Szent a b\u00e9ke! (fot\u00f3: Getty)<\/figcaption><\/figure>\n<p>Ami az \u00fatvonalat illeti, ezen a t\u00e9ren is kimondottan izgalmas \u00faj\u00edt\u00e1sokat eszk\u00f6z\u00f6ltek a szervez\u0151k. Az els\u0151 k\u00e9t etap a teljesen s\u00edk Karcag\u2013Hajd\u00faszoboszl\u00f3 nyit\u00f3nappal, majd a dimbes-dombos Tokaj\u2013Kazincbarcika m\u00e1sodik etappal egy\u00e9rtelm\u0171en az olyan vil\u00e1gklasszis sprintereknek kedveznek majd, mint a fentebb eml\u00edtett \u00fariemberek, vagy \u00e9ppen a teljess\u00e9g ig\u00e9nye n\u00e9lk\u00fcl Elia Viviani, Dylan Groenewegen, Jordi Meuus. Az els\u0151 nagyobb meglepet\u00e9s itt j\u00f6n be az \u00fatvonalat illet\u0151en, ugyanis a megszokott\u00f3l elt\u00e9r\u0151en a verseny kell\u0151s k\u00f6zep\u00e9re, a harmadik napra rakt\u00e1k be a kir\u00e1lyetapot Barcika \u00e9s a K\u00e9kestet\u0151 k\u00f6z\u00f6tt \u00f6sszesen 2716 m\u00e9ternyi szintemelked\u00e9ssel, itt m\u00e1r szenvedni fognak a sprinterek, \u00e9s ez a nap \u00e9rtelemszer\u0171en az \u00f6sszetettre is d\u00f6nt\u0151 hat\u00e1ssal lehet. Az utols\u00f3 el\u0151tti napon a karav\u00e1n a tavalyi balul siker\u00fclt szakasz ut\u00e1n id\u00e9n is visszat\u00e9r Budapestre: rem\u00e9lhet\u0151leg ez\u00fattal nem kell majd neutraliz\u00e1lni az etapot sem zuhog\u00f3 es\u0151, sem semmi m\u00e1s miatt, mert egy Magyar K\u00f6rverseny az\u00e9rt m\u00e9giscsak a f\u0151v\u00e1rossal teljes. St\u00edlusos z\u00e1r\u00e1sk\u00e9nt pedig Si\u00f3fokr\u00f3l P\u00e9csre megy\u00fcnk \u00e1t, a v\u00e9g\u00e9n fel az \u00c1llatkerthez a brut\u00e1lis, 11%-os \u00e1tlagmeredeks\u00e9g\u0171 (de helyenk\u00e9nt 15%-os!) B\u00e1r\u00e1ny \u00faton, r\u00e1ad\u00e1sul ezt h\u00e1romszor is teljes\u00edtenie kell a mez\u0151nynek, \u00fagyhogy benne van a pakliban, hogy eg\u00e9szen az utols\u00f3 pillanatig ny\u00edlt lesz a verseny.<\/p>\n<p>Az id\u00e9n ism\u00e9t szintet l\u00e9p\u0151 Tour de Hongrie \u00f6t napja alatt kilenc megy\u00e9t \u00e9s \u00f6sszesen 81 telep\u00fcl\u00e9st \u00e9rint orsz\u00e1gszerte, 851 km-nyi \u00fatvonallal \u00e9s 7871 m \u00f6ssz-szintemelked\u00e9ssel. Rem\u00e9lhet\u0151leg az id\u0151j\u00e1r\u00e1s is kegyes lesz a r\u00e9sztvev\u0151kh\u00f6z \u00e9s a szurkol\u00f3khoz, mert az id\u00e9n v\u00e1rhat\u00f3an az eddigiekn\u00e9l is izgalmasabb \u00e9s sz\u00ednvonalasabb csat\u00e1kat l\u00e1that majd a k\u00f6z\u00f6ns\u00e9g!<\/p>\n<p><img loading=\"lazy\" decoding=\"async\" class=\"alignnone size-large wp-image-18481\" src=\"https:\/\/d2p6e6u75xmxt8.cloudfront.net\/12\/2024\/05\/619c8ce8f7a443b18c3d07faba66e817-1024x576.webp\" alt=\"\" width=\"1024\" height=\"576\" srcset=\"https:\/\/d2p6e6u75xmxt8.cloudfront.net\/12\/2024\/05\/619c8ce8f7a443b18c3d07faba66e817-1024x576.webp 1024w, https:\/\/d2p6e6u75xmxt8.cloudfront.net\/12\/2024\/05\/619c8ce8f7a443b18c3d07faba66e817-300x169.webp 300w, https:\/\/d2p6e6u75xmxt8.cloudfront.net\/12\/2024\/05\/619c8ce8f7a443b18c3d07faba66e817-768x432.webp 768w, https:\/\/d2p6e6u75xmxt8.cloudfront.net\/12\/2024\/05\/619c8ce8f7a443b18c3d07faba66e817-400x225.webp 400w, https:\/\/d2p6e6u75xmxt8.cloudfront.net\/12\/2024\/05\/619c8ce8f7a443b18c3d07faba66e817.webp 1347w\" sizes=\"auto, (max-width: 1024px) 100vw, 1024px\" \/><\/p>\n<p>Bor\u00edt\u00f3k\u00e9p: Getty<\/p>\n","protected":false},"excerpt":{"rendered":"<p>\u00d6t nap, 9 megye, 851 kilom\u00e9ter olyan vil\u00e1gszt\u00e1rokkal a mez\u0151nyben, mint a n\u00e1lunk visszat\u00e9r\u0151 Peter Sagan, Mark Cavendish, Elia Viviani [&hellip;]<\/p>\n","protected":false},"author":71,"featured_media":18483,"comment_status":"open","ping_status":"open","sticky":false,"template":"","format":"standard","meta":{"footnotes":""},"categories":[8],"tags":[],"global-categories":[419],"class_list":["post-18480","post","type-post","status-publish","format-standard","has-post-thumbnail","hentry","category-orszaguti-kerekpar","global-categories-cycling"],"yoast_head":"<!-- This site is optimized with the Yoast SEO Premium plugin v25.3 (Yoast SEO v25.9) - https:\/\/yoast.com\/wordpress\/plugins\/seo\/ -->\n<title>Vil\u00e1gszt\u00e1rokkal rajtol az elm\u00falt \u00e9vek legk\u00fcl\u00f6nlegesebbnek \u00edg\u00e9rkez\u0151 Tour de Hongrie-ja<\/title>\n<meta name=\"description\" content=\"\u00d6t nap, 9 megye, 851 kilom\u00e9ter olyan vil\u00e1gszt\u00e1rokkal a mez\u0151nyben, mint a n\u00e1lunk visszat\u00e9r\u0151 Peter Sagan, Mark Cavendish, Elia Viviani \u00e9s m\u00e9g sokan m\u00e1sok!\" \/>\n<meta name=\"robots\" content=\"index, follow, max-snippet:-1, max-image-preview:large, max-video-preview:-1\" \/>\n<link rel=\"canonical\" href=\"https:\/\/www.welovecycling.com\/hu\/orszaguti-kerekpar\/vilagsztarokkal-rajtol-az-elmult-evek-legkulonlegesebbnek-igerkezo-tour-de-hongrie-ja\/\" \/>\n<meta property=\"og:locale\" content=\"hu_HU\" \/>\n<meta property=\"og:type\" content=\"article\" \/>\n<meta property=\"og:title\" content=\"Vil\u00e1gszt\u00e1rokkal rajtol az elm\u00falt \u00e9vek legk\u00fcl\u00f6nlegesebbnek \u00edg\u00e9rkez\u0151 Tour de Hongrie-ja\" \/>\n<meta property=\"og:description\" content=\"\u00d6t nap, 9 megye, 851 kilom\u00e9ter olyan vil\u00e1gszt\u00e1rokkal a mez\u0151nyben, mint a n\u00e1lunk visszat\u00e9r\u0151 Peter Sagan, Mark Cavendish, Elia Viviani \u00e9s m\u00e9g sokan m\u00e1sok!\" \/>\n<meta property=\"og:url\" content=\"https:\/\/www.welovecycling.com\/hu\/orszaguti-kerekpar\/vilagsztarokkal-rajtol-az-elmult-evek-legkulonlegesebbnek-igerkezo-tour-de-hongrie-ja\/\" \/>\n<meta property=\"og:site_name\" content=\"\u0160koda We Love Cycling - Magyarorsz\u00e1g\" \/>\n<meta property=\"article:publisher\" content=\"https:\/\/www.facebook.com\/WeLoveCyclingHungary\/\" \/>\n<meta property=\"article:published_time\" content=\"2024-05-03T10:43:11+00:00\" \/>\n<meta property=\"og:image\" content=\"https:\/\/d2p6e6u75xmxt8.cloudfront.net\/12\/2024\/05\/cav-sagan-getty.webp\" \/>\n\t<meta property=\"og:image:width\" content=\"1279\" \/>\n\t<meta property=\"og:image:height\" content=\"852\" \/>\n\t<meta property=\"og:image:type\" content=\"image\/webp\" \/>\n<meta name=\"author\" content=\"hegyizs\" \/>\n<meta name=\"twitter:card\" content=\"summary_large_image\" \/>\n<meta name=\"twitter:label1\" content=\"Written by\" \/>\n\t<meta name=\"twitter:data1\" content=\"WLC\" \/>\n\t<meta name=\"twitter:label2\" content=\"Est. reading time\" \/>\n\t<meta name=\"twitter:data2\" content=\"6 minutes\" \/>\n<script type=\"application\/ld+json\" class=\"yoast-schema-graph\">{\"@context\":\"https:\/\/schema.org\",\"@graph\":[{\"@type\":\"WebPage\",\"@id\":\"https:\/\/www.welovecycling.com\/hu\/orszaguti-kerekpar\/vilagsztarokkal-rajtol-az-elmult-evek-legkulonlegesebbnek-igerkezo-tour-de-hongrie-ja\/\",\"url\":\"https:\/\/www.welovecycling.com\/hu\/orszaguti-kerekpar\/vilagsztarokkal-rajtol-az-elmult-evek-legkulonlegesebbnek-igerkezo-tour-de-hongrie-ja\/\",\"name\":\"Vil\u00e1gszt\u00e1rokkal rajtol az elm\u00falt \u00e9vek legk\u00fcl\u00f6nlegesebbnek \u00edg\u00e9rkez\u0151 Tour de Hongrie-ja\",\"isPartOf\":{\"@id\":\"https:\/\/www.welovecycling.com\/hu\/#website\"},\"primaryImageOfPage\":{\"@id\":\"https:\/\/www.welovecycling.com\/hu\/orszaguti-kerekpar\/vilagsztarokkal-rajtol-az-elmult-evek-legkulonlegesebbnek-igerkezo-tour-de-hongrie-ja\/#primaryimage\"},\"image\":{\"@id\":\"https:\/\/www.welovecycling.com\/hu\/orszaguti-kerekpar\/vilagsztarokkal-rajtol-az-elmult-evek-legkulonlegesebbnek-igerkezo-tour-de-hongrie-ja\/#primaryimage\"},\"thumbnailUrl\":\"https:\/\/d2p6e6u75xmxt8.cloudfront.net\/12\/2024\/05\/cav-sagan-getty.webp\",\"datePublished\":\"2024-05-03T10:43:11+00:00\",\"author\":{\"@id\":\"https:\/\/www.welovecycling.com\/hu\/#\/schema\/person\/414a2aebf1801691a5320edb6468e194\"},\"description\":\"\u00d6t nap, 9 megye, 851 kilom\u00e9ter olyan vil\u00e1gszt\u00e1rokkal a mez\u0151nyben, mint a n\u00e1lunk visszat\u00e9r\u0151 Peter Sagan, Mark Cavendish, Elia Viviani \u00e9s m\u00e9g sokan m\u00e1sok!\",\"breadcrumb\":{\"@id\":\"https:\/\/www.welovecycling.com\/hu\/orszaguti-kerekpar\/vilagsztarokkal-rajtol-az-elmult-evek-legkulonlegesebbnek-igerkezo-tour-de-hongrie-ja\/#breadcrumb\"},\"inLanguage\":\"hu\",\"potentialAction\":[{\"@type\":\"ReadAction\",\"target\":[\"https:\/\/www.welovecycling.com\/hu\/orszaguti-kerekpar\/vilagsztarokkal-rajtol-az-elmult-evek-legkulonlegesebbnek-igerkezo-tour-de-hongrie-ja\/\"]}]},{\"@type\":\"ImageObject\",\"inLanguage\":\"hu\",\"@id\":\"https:\/\/www.welovecycling.com\/hu\/orszaguti-kerekpar\/vilagsztarokkal-rajtol-az-elmult-evek-legkulonlegesebbnek-igerkezo-tour-de-hongrie-ja\/#primaryimage\",\"url\":\"https:\/\/d2p6e6u75xmxt8.cloudfront.net\/12\/2024\/05\/cav-sagan-getty.webp\",\"contentUrl\":\"https:\/\/d2p6e6u75xmxt8.cloudfront.net\/12\/2024\/05\/cav-sagan-getty.webp\",\"width\":1279,\"height\":852,\"caption\":\"Szent a b\u00e9ke! (fot\u00f3: Getty)\"},{\"@type\":\"BreadcrumbList\",\"@id\":\"https:\/\/www.welovecycling.com\/hu\/orszaguti-kerekpar\/vilagsztarokkal-rajtol-az-elmult-evek-legkulonlegesebbnek-igerkezo-tour-de-hongrie-ja\/#breadcrumb\",\"itemListElement\":[{\"@type\":\"ListItem\",\"position\":1,\"name\":\"Home\",\"item\":\"https:\/\/www.welovecycling.com\/hu\/\"},{\"@type\":\"ListItem\",\"position\":2,\"name\":\"Vil\u00e1gszt\u00e1rokkal rajtol az elm\u00falt \u00e9vek legk\u00fcl\u00f6nlegesebbnek \u00edg\u00e9rkez\u0151 Tour de Hongrie-ja\"}]},{\"@type\":\"WebSite\",\"@id\":\"https:\/\/www.welovecycling.com\/hu\/#website\",\"url\":\"https:\/\/www.welovecycling.com\/hu\/\",\"name\":\"\u0160koda We Love Cycling - Magyarorsz\u00e1g\",\"description\":\"\u0160koda WeLoveCycling\",\"potentialAction\":[{\"@type\":\"SearchAction\",\"target\":{\"@type\":\"EntryPoint\",\"urlTemplate\":\"https:\/\/www.welovecycling.com\/hu\/?s={search_term_string}\"},\"query-input\":{\"@type\":\"PropertyValueSpecification\",\"valueRequired\":true,\"valueName\":\"search_term_string\"}}],\"inLanguage\":\"hu\"},{\"@type\":\"Person\",\"@id\":\"https:\/\/www.welovecycling.com\/hu\/#\/schema\/person\/414a2aebf1801691a5320edb6468e194\",\"name\":\"hegyizs\",\"image\":{\"@type\":\"ImageObject\",\"inLanguage\":\"hu\",\"@id\":\"https:\/\/www.welovecycling.com\/hu\/#\/schema\/person\/image\/\",\"url\":\"https:\/\/secure.gravatar.com\/avatar\/02cf8a7906b8cf90cecb4679defac7cfd33a1c2e3b88e4903d947f3bb58eedd3?s=96&d=mm&r=g\",\"contentUrl\":\"https:\/\/secure.gravatar.com\/avatar\/02cf8a7906b8cf90cecb4679defac7cfd33a1c2e3b88e4903d947f3bb58eedd3?s=96&d=mm&r=g\",\"caption\":\"hegyizs\"},\"url\":\"https:\/\/www.welovecycling.com\/hu\/author\/hegyizs\/\"}]}<\/script>\n<!-- \/ Yoast SEO Premium plugin. -->","yoast_head_json":{"title":"Vil\u00e1gszt\u00e1rokkal rajtol az elm\u00falt \u00e9vek legk\u00fcl\u00f6nlegesebbnek \u00edg\u00e9rkez\u0151 Tour de Hongrie-ja","description":"\u00d6t nap, 9 megye, 851 kilom\u00e9ter olyan vil\u00e1gszt\u00e1rokkal a mez\u0151nyben, mint a n\u00e1lunk visszat\u00e9r\u0151 Peter Sagan, Mark Cavendish, Elia Viviani \u00e9s m\u00e9g sokan m\u00e1sok!","robots":{"index":"index","follow":"follow","max-snippet":"max-snippet:-1","max-image-preview":"max-image-preview:large","max-video-preview":"max-video-preview:-1"},"canonical":"https:\/\/www.welovecycling.com\/hu\/orszaguti-kerekpar\/vilagsztarokkal-rajtol-az-elmult-evek-legkulonlegesebbnek-igerkezo-tour-de-hongrie-ja\/","og_locale":"hu_HU","og_type":"article","og_title":"Vil\u00e1gszt\u00e1rokkal rajtol az elm\u00falt \u00e9vek legk\u00fcl\u00f6nlegesebbnek \u00edg\u00e9rkez\u0151 Tour de Hongrie-ja","og_description":"\u00d6t nap, 9 megye, 851 kilom\u00e9ter olyan vil\u00e1gszt\u00e1rokkal a mez\u0151nyben, mint a n\u00e1lunk visszat\u00e9r\u0151 Peter Sagan, Mark Cavendish, Elia Viviani \u00e9s m\u00e9g sokan m\u00e1sok!","og_url":"https:\/\/www.welovecycling.com\/hu\/orszaguti-kerekpar\/vilagsztarokkal-rajtol-az-elmult-evek-legkulonlegesebbnek-igerkezo-tour-de-hongrie-ja\/","og_site_name":"\u0160koda We Love Cycling - Magyarorsz\u00e1g","article_publisher":"https:\/\/www.facebook.com\/WeLoveCyclingHungary\/","article_published_time":"2024-05-03T10:43:11+00:00","og_image":[{"width":1279,"height":852,"url":"https:\/\/d2p6e6u75xmxt8.cloudfront.net\/12\/2024\/05\/cav-sagan-getty.webp","type":"image\/webp"}],"author":"hegyizs","twitter_card":"summary_large_image","twitter_misc":{"Written by":"WLC","Est. reading time":"6 minutes"},"schema":{"@context":"https:\/\/schema.org","@graph":[{"@type":"WebPage","@id":"https:\/\/www.welovecycling.com\/hu\/orszaguti-kerekpar\/vilagsztarokkal-rajtol-az-elmult-evek-legkulonlegesebbnek-igerkezo-tour-de-hongrie-ja\/","url":"https:\/\/www.welovecycling.com\/hu\/orszaguti-kerekpar\/vilagsztarokkal-rajtol-az-elmult-evek-legkulonlegesebbnek-igerkezo-tour-de-hongrie-ja\/","name":"Vil\u00e1gszt\u00e1rokkal rajtol az elm\u00falt \u00e9vek legk\u00fcl\u00f6nlegesebbnek \u00edg\u00e9rkez\u0151 Tour de Hongrie-ja","isPartOf":{"@id":"https:\/\/www.welovecycling.com\/hu\/#website"},"primaryImageOfPage":{"@id":"https:\/\/www.welovecycling.com\/hu\/orszaguti-kerekpar\/vilagsztarokkal-rajtol-az-elmult-evek-legkulonlegesebbnek-igerkezo-tour-de-hongrie-ja\/#primaryimage"},"image":{"@id":"https:\/\/www.welovecycling.com\/hu\/orszaguti-kerekpar\/vilagsztarokkal-rajtol-az-elmult-evek-legkulonlegesebbnek-igerkezo-tour-de-hongrie-ja\/#primaryimage"},"thumbnailUrl":"https:\/\/d2p6e6u75xmxt8.cloudfront.net\/12\/2024\/05\/cav-sagan-getty.webp","datePublished":"2024-05-03T10:43:11+00:00","author":{"@id":"https:\/\/www.welovecycling.com\/hu\/#\/schema\/person\/414a2aebf1801691a5320edb6468e194"},"description":"\u00d6t nap, 9 megye, 851 kilom\u00e9ter olyan vil\u00e1gszt\u00e1rokkal a mez\u0151nyben, mint a n\u00e1lunk visszat\u00e9r\u0151 Peter Sagan, Mark Cavendish, Elia Viviani \u00e9s m\u00e9g sokan m\u00e1sok!","breadcrumb":{"@id":"https:\/\/www.welovecycling.com\/hu\/orszaguti-kerekpar\/vilagsztarokkal-rajtol-az-elmult-evek-legkulonlegesebbnek-igerkezo-tour-de-hongrie-ja\/#breadcrumb"},"inLanguage":"hu","potentialAction":[{"@type":"ReadAction","target":["https:\/\/www.welovecycling.com\/hu\/orszaguti-kerekpar\/vilagsztarokkal-rajtol-az-elmult-evek-legkulonlegesebbnek-igerkezo-tour-de-hongrie-ja\/"]}]},{"@type":"ImageObject","inLanguage":"hu","@id":"https:\/\/www.welovecycling.com\/hu\/orszaguti-kerekpar\/vilagsztarokkal-rajtol-az-elmult-evek-legkulonlegesebbnek-igerkezo-tour-de-hongrie-ja\/#primaryimage","url":"https:\/\/d2p6e6u75xmxt8.cloudfront.net\/12\/2024\/05\/cav-sagan-getty.webp","contentUrl":"https:\/\/d2p6e6u75xmxt8.cloudfront.net\/12\/2024\/05\/cav-sagan-getty.webp","width":1279,"height":852,"caption":"Szent a b\u00e9ke! (fot\u00f3: Getty)"},{"@type":"BreadcrumbList","@id":"https:\/\/www.welovecycling.com\/hu\/orszaguti-kerekpar\/vilagsztarokkal-rajtol-az-elmult-evek-legkulonlegesebbnek-igerkezo-tour-de-hongrie-ja\/#breadcrumb","itemListElement":[{"@type":"ListItem","position":1,"name":"Home","item":"https:\/\/www.welovecycling.com\/hu\/"},{"@type":"ListItem","position":2,"name":"Vil\u00e1gszt\u00e1rokkal rajtol az elm\u00falt \u00e9vek legk\u00fcl\u00f6nlegesebbnek \u00edg\u00e9rkez\u0151 Tour de Hongrie-ja"}]},{"@type":"WebSite","@id":"https:\/\/www.welovecycling.com\/hu\/#website","url":"https:\/\/www.welovecycling.com\/hu\/","name":"\u0160koda We Love Cycling - Magyarorsz\u00e1g","description":"\u0160koda WeLoveCycling","potentialAction":[{"@type":"SearchAction","target":{"@type":"EntryPoint","urlTemplate":"https:\/\/www.welovecycling.com\/hu\/?s={search_term_string}"},"query-input":{"@type":"PropertyValueSpecification","valueRequired":true,"valueName":"search_term_string"}}],"inLanguage":"hu"},{"@type":"Person","@id":"https:\/\/www.welovecycling.com\/hu\/#\/schema\/person\/414a2aebf1801691a5320edb6468e194","name":"hegyizs","image":{"@type":"ImageObject","inLanguage":"hu","@id":"https:\/\/www.welovecycling.com\/hu\/#\/schema\/person\/image\/","url":"https:\/\/secure.gravatar.com\/avatar\/02cf8a7906b8cf90cecb4679defac7cfd33a1c2e3b88e4903d947f3bb58eedd3?s=96&d=mm&r=g","contentUrl":"https:\/\/secure.gravatar.com\/avatar\/02cf8a7906b8cf90cecb4679defac7cfd33a1c2e3b88e4903d947f3bb58eedd3?s=96&d=mm&r=g","caption":"hegyizs"},"url":"https:\/\/www.welovecycling.com\/hu\/author\/hegyizs\/"}]}},"_links":{"self":[{"href":"https:\/\/www.welovecycling.com\/hu\/wp-json\/wp\/v2\/posts\/18480","targetHints":{"allow":["GET"]}}],"collection":[{"href":"https:\/\/www.welovecycling.com\/hu\/wp-json\/wp\/v2\/posts"}],"about":[{"href":"https:\/\/www.welovecycling.com\/hu\/wp-json\/wp\/v2\/types\/post"}],"author":[{"embeddable":true,"href":"https:\/\/www.welovecycling.com\/hu\/wp-json\/wp\/v2\/users\/71"}],"replies":[{"embeddable":true,"href":"https:\/\/www.welovecycling.com\/hu\/wp-json\/wp\/v2\/comments?post=18480"}],"version-history":[{"count":1,"href":"https:\/\/www.welovecycling.com\/hu\/wp-json\/wp\/v2\/posts\/18480\/revisions"}],"predecessor-version":[{"id":18485,"href":"https:\/\/www.welovecycling.com\/hu\/wp-json\/wp\/v2\/posts\/18480\/revisions\/18485"}],"wp:featuredmedia":[{"embeddable":true,"href":"https:\/\/www.welovecycling.com\/hu\/wp-json\/wp\/v2\/media\/18483"}],"wp:attachment":[{"href":"https:\/\/www.welovecycling.com\/hu\/wp-json\/wp\/v2\/media?parent=18480"}],"wp:term":[{"taxonomy":"category","embeddable":true,"href":"https:\/\/www.welovecycling.com\/hu\/wp-json\/wp\/v2\/categories?post=18480"},{"taxonomy":"post_tag","embeddable":true,"href":"https:\/\/www.welovecycling.com\/hu\/wp-json\/wp\/v2\/tags?post=18480"},{"taxonomy":"global-categories","embeddable":true,"href":"https:\/\/www.welovecycling.com\/hu\/wp-json\/wp\/v2\/global-categories?post=18480"}],"curies":[{"name":"wp","href":"https:\/\/api.w.org\/{rel}","templated":true}]}}