{"id":18464,"date":"2024-04-26T08:00:30","date_gmt":"2024-04-26T06:00:30","guid":{"rendered":"https:\/\/www.welovecycling.com\/hu\/?p=18464"},"modified":"2024-04-19T14:26:11","modified_gmt":"2024-04-19T12:26:11","slug":"fedezd-fel-lengyelorszagot-utmutato-csaladi-kerekparturakhoz-2024-nyarara","status":"publish","type":"post","link":"https:\/\/www.welovecycling.com\/hu\/csalad\/fedezd-fel-lengyelorszagot-utmutato-csaladi-kerekparturakhoz-2024-nyarara\/","title":{"rendered":"Fedezd fel Lengyelorsz\u00e1got: \u00datmutat\u00f3 csal\u00e1di ker\u00e9kp\u00e1rt\u00far\u00e1khoz 2024 nyar\u00e1ra"},"content":{"rendered":"<p><strong>Lengyelorsz\u00e1g v\u00e1ltozatos t\u00e1jai \u00e9s t\u00f6rt\u00e9nelmi l\u00e1tnival\u00f3i leny\u0171g\u00f6z\u0151 h\u00e1tteret k\u00edn\u00e1lnak egy\u00a0 csal\u00e1di ker\u00e9kp\u00e1ros kalandhoz. J\u00f3l karbantartott ker\u00e9kp\u00e1rutakkal, gazdag kultur\u00e1lis \u00f6r\u00f6ks\u00e9ggel \u00e9s l\u00e9legzetel\u00e1ll\u00edt\u00f3 term\u00e9szeti sz\u00e9ps\u00e9gekkel Lengyelorsz\u00e1g kiemelked\u0151 c\u00e9lpont lehet azoknak a csal\u00e1doknak, akik kalandot keresnek. \u00cdme egy v\u00e1logatott lista Lengyelorsz\u00e1g csal\u00e1dbar\u00e1t ker\u00e9kp\u00e1ros \u00fatvonalair\u00f3l, amelyek eml\u00e9kezetes \u00e9lm\u00e9nyeket k\u00edn\u00e1lnak minden koroszt\u00e1lynak.<\/strong><\/p>\n<p><!--more--><\/p>\n<h2 style=\"font-weight: 400;\"><strong>Krakk\u00f3 &#8211; Wieliczka S\u00f3b\u00e1nya\u00a0 (kb. 15 km)<\/strong><\/h2>\n<figure id=\"attachment_195404\" aria-describedby=\"caption-attachment-195404\" style=\"width: 990px\" class=\"wp-caption alignnone\"><a href=\"https:\/\/d2p6e6u75xmxt8.cloudfront.net\/2\/2024\/04\/Wieliczka-Salt-Mine-profimedia-0785279989-CVR-1.webp\"><img loading=\"lazy\" decoding=\"async\" class=\"wp-image-195404 size-full\" src=\"https:\/\/d2p6e6u75xmxt8.cloudfront.net\/2\/2024\/04\/Wieliczka-Salt-Mine-profimedia-0785279989-CVR-1.webp\" alt=\"Wieliczka salt mine\" width=\"990\" height=\"660\" \/><\/a><figcaption id=\"caption-attachment-195404\" class=\"wp-caption-text\">Ne hagyj\u00e1tok ki a h\u00edres s\u00f3b\u00e1ny\u00e1t! \u00a9 Profimedia<\/figcaption><\/figure>\n<p>Gyerekeknek 6 \u00e9ves kort\u00f3l aj\u00e1nlott<\/p>\n<p>A t\u00f6rt\u00e9nelmi Krakk\u00f3 v\u00e1ros\u00e1b\u00f3l indulva ez az \u00fatvonal egy k\u00f6nnyed teker\u00e9sre invit\u00e1l a leny\u0171g\u00f6z\u0151 Wieliczka S\u00f3b\u00e1nya fel\u00e9, ami az UNESCO Vil\u00e1g\u00f6r\u00f6ks\u00e9g r\u00e9sze. Az \u00fat legink\u00e1bb s\u00edk terepen vezet, fest\u0151i vid\u00e9keken \u00e9s b\u00e1jos helyi falvakon \u00e1t. A s\u00f3b\u00e1nya, amely h\u00edres m\u00e9ly f\u00f6ldalatti termeir\u0151l, s\u00f3s tavair\u00f3l \u00e9s egyedi s\u00f3-szobrair\u00f3l, izgalmas c\u00e9lpontot k\u00edn\u00e1l a csal\u00e1dok sz\u00e1m\u00e1ra. Egy tanuls\u00e1gos \u00e9s sz\u00f3rakoztat\u00f3 \u00e9lm\u00e9ny, r\u00e1ad\u00e1sul lehet\u0151s\u00e9get ny\u00fajt Lengyelorsz\u00e1g egyik legikonikusabb helysz\u00edn\u00e9nek felfedez\u00e9s\u00e9re.<\/p>\n<h2 style=\"font-weight: 400;\"><strong>Masurian-tavi ker\u00e9kp\u00e1rutak (v\u00e1ltoz\u00f3 t\u00e1vols\u00e1gok)<\/strong><\/h2>\n<figure id=\"attachment_195405\" aria-describedby=\"caption-attachment-195405\" style=\"width: 990px\" class=\"wp-caption alignnone\"><a href=\"https:\/\/d2p6e6u75xmxt8.cloudfront.net\/2\/2024\/04\/Masurian-Poland-profimedia-0858759784-CVR.webp\"><img loading=\"lazy\" decoding=\"async\" class=\"wp-image-195405 size-full\" src=\"https:\/\/d2p6e6u75xmxt8.cloudfront.net\/2\/2024\/04\/Masurian-Poland-profimedia-0858759784-CVR.webp\" alt=\"Masurian\" width=\"990\" height=\"660\" \/><\/a><figcaption id=\"caption-attachment-195405\" class=\"wp-caption-text\">\u00c1lljatok meg a Lidzbark Warminski kast\u00e9lyn\u00e1l! \u00a9 Profimedia<\/figcaption><\/figure>\n<p>Gyerekeknek 8 \u00e9ves kort\u00f3l aj\u00e1nlott<\/p>\n<p>A Masurian-tavi ker\u00e9kp\u00e1rutak h\u00e1l\u00f3zata gy\u00f6ny\u00f6r\u0171 erd\u0151kben \u00e9s csendes tavak ment\u00e9n kanyarogva biztos\u00edt egy kellemes t\u00far\u00e1t csal\u00e1dok sz\u00e1m\u00e1ra. \u00c9lvezz\u00e9tek a pihentet\u0151 teker\u00e9st, piknikezzetek a t\u00f3parton vagy pr\u00f3b\u00e1ljatok ki v\u00edzi sportokat! Ez a r\u00e9gi\u00f3 igazi paradicsom a term\u00e9szetkedvel\u0151k sz\u00e1m\u00e1ra, hiszen lehet\u0151s\u00e9get k\u00edn\u00e1l a vadon \u00e9l\u0151 \u00e1llatok megfigyel\u00e9s\u00e9re \u00e9s a term\u00e9szet nyugalm\u00e1nak ki\u00e9lvez\u00e9s\u00e9re is. Valamennyi \u00fatvonal alkalmas csal\u00e1dok sz\u00e1m\u00e1ra, biztons\u00e1gosak \u00e9s fest\u0151iek, \u00e9s Lengyelorsz\u00e1g egyik legszebb ter\u00fclet\u00e9t h\u00e1l\u00f3zz\u00e1k be.<\/p>\n<h2 style=\"font-weight: 400;\"><strong>Vistula-foly\u00f3 \u00fatvonal: Krakk\u00f3 &#8211; Vars\u00f3 (kb. 300 km)<\/strong><\/h2>\n<figure id=\"attachment_195409\" aria-describedby=\"caption-attachment-195409\" style=\"width: 990px\" class=\"wp-caption alignnone\"><a href=\"https:\/\/d2p6e6u75xmxt8.cloudfront.net\/2\/2024\/04\/Vistula-Trail-profimedia-0370277561.webp\"><img loading=\"lazy\" decoding=\"async\" class=\"wp-image-195409 size-full\" src=\"https:\/\/d2p6e6u75xmxt8.cloudfront.net\/2\/2024\/04\/Vistula-Trail-profimedia-0370277561.webp\" alt=\"Vistula trail\" width=\"990\" height=\"660\" \/><\/a><figcaption id=\"caption-attachment-195409\" class=\"wp-caption-text\">\u00c9lvezz\u00e9tek ki a soksz\u00edn\u0171 utat a k\u00e9t v\u00e1ros k\u00f6z\u00f6tt! \u00a9 Profimedia<\/figcaption><\/figure>\n<p>Tini kort\u00f3l aj\u00e1nlott<\/p>\n<p>Azoknak a csal\u00e1doknak, akik hosszabb kalandot keresnek, a Vistula-foly\u00f3 \u00fatvonala fantasztikus utaz\u00e1st k\u00edn\u00e1l Krakk\u00f3b\u00f3l Lengyelorsz\u00e1g f\u0151v\u00e1ros\u00e1ba, Vars\u00f3ba. Hab\u00e1r a teljes t\u00e1vols\u00e1g ambici\u00f3zusnak t\u0171nhet, kisebb szakaszokra felosztva az egyes r\u00e9szek t\u00f6k\u00e9letesek egynapos kir\u00e1ndul\u00e1sokhoz vagy h\u00e9tv\u00e9gi kiruccan\u00e1sokhoz. Az \u00fatvonal Lengyelorsz\u00e1gi leghosszabb foly\u00f3ja ment\u00e9n halad, gy\u00f6ny\u00f6r\u0171 kil\u00e1t\u00e1st \u00e9s s\u00edk terepet k\u00edn\u00e1l. \u00datk\u00f6zben a csal\u00e1dok t\u00f6rt\u00e9nelmi helysz\u00edneket fedezhetnek fel, term\u00e9szetv\u00e9delmi ter\u00fcleteken \u00e9s b\u00e1jos v\u00e1rosokon tekerhetnek \u00e1t, \u00edgy rengeteg kultur\u00e1lisan \u00e9lm\u00e9nyben lehet r\u00e9sz\u00fck.<\/p>\n<h2 style=\"font-weight: 400;\"><strong>Bia\u0142owie\u017ca-erd\u0151 \u00fatvonalai (v\u00e1ltoz\u00f3 t\u00e1vols\u00e1gok)<\/strong><\/h2>\n<figure id=\"attachment_195408\" aria-describedby=\"caption-attachment-195408\" style=\"width: 1400px\" class=\"wp-caption alignnone\"><a href=\"https:\/\/d2p6e6u75xmxt8.cloudfront.net\/2\/2024\/04\/Bialoweza-Bisons-profimedia-0782393671.webp\"><img loading=\"lazy\" decoding=\"async\" class=\"wp-image-195408 size-full\" src=\"https:\/\/d2p6e6u75xmxt8.cloudfront.net\/2\/2024\/04\/Bialoweza-Bisons-profimedia-0782393671.webp\" alt=\"Bialoweza forest\" width=\"1400\" height=\"771\" \/><\/a><figcaption id=\"caption-attachment-195408\" class=\"wp-caption-text\">Fedezd fel az \u00e9rintetlen term\u00e9szetet! \u00a9 Profimedia<\/figcaption><\/figure>\n<p>Gyerekeknek 10 \u00e9ves kort\u00f3l aj\u00e1nlott<\/p>\n<p>Az \u0151si Bia\u0142owie\u017ca-erd\u0151 az UNESCO Vil\u00e1g\u00f6r\u00f6ks\u00e9g r\u00e9sze, az egyik utols\u00f3 \u00e9s legnagyobb megmaradt r\u00e9sze az egykori hatalmas \u0151serd\u0151nek, amely egyszer \u00e1tszelte az eur\u00f3pai s\u00edks\u00e1got. Az erd\u0151 az eur\u00f3pai b\u00f6l\u00e9nyek otthona, t\u00f6bb m\u00e1s ritka fajjal egy\u00fctt, \u00e9s ker\u00e9kp\u00e1rutak h\u00e1l\u00f3zat\u00e1t k\u00edn\u00e1lja, \u00edgy teljesen elmer\u00fclhettek az \u00e9rintetlen term\u00e9szet sz\u00e9ps\u00e9g\u00e9ben. Az \u00fatvonalak neh\u00e9zs\u00e9gi szintje v\u00e1ltoz\u00f3, de sok olyat tal\u00e1lhattok, ami alkalmas csal\u00e1dok sz\u00e1m\u00e1ra is. Egyed\u00fcl\u00e1ll\u00f3 lehet\u0151s\u00e9g Eur\u00f3pa egyik leg\u0151sibb term\u00e9szeti k\u00f6rnyezet\u00e9nek felfedez\u00e9s\u00e9re.<\/p>\n<h2 style=\"font-weight: 400;\"><strong>Gda\u0144sk &#8211; Sopot parti \u00fatvonal (kb. 12 km)<\/strong><\/h2>\n<figure id=\"attachment_195407\" aria-describedby=\"caption-attachment-195407\" style=\"width: 990px\" class=\"wp-caption alignnone\"><a href=\"https:\/\/d2p6e6u75xmxt8.cloudfront.net\/2\/2024\/04\/Sopot-profimedia-0857724597.webp\"><img loading=\"lazy\" decoding=\"async\" class=\"wp-image-195407 size-full\" src=\"https:\/\/d2p6e6u75xmxt8.cloudfront.net\/2\/2024\/04\/Sopot-profimedia-0857724597.webp\" alt=\"Sopot mountains\" width=\"990\" height=\"660\" \/><\/a><figcaption id=\"caption-attachment-195407\" class=\"wp-caption-text\">A Balti-tengerpart igaz\u00e1n leny\u0171g\u00f6z\u0151. \u00a9 Profimedia<\/figcaption><\/figure>\n<p>Gyerekeknek 6 \u00e9ves kort\u00f3l aj\u00e1nlott<\/p>\n<p>Ez a fest\u0151i \u00fatvonal a t\u00f6rt\u00e9nelmi kik\u00f6t\u0151v\u00e1rosb\u00f3l, Gda\u0144skb\u00f3l vezet a Balti-tengerparti eleg\u00e1ns \u00fcd\u00fcl\u0151helyre, Sopotba. Viszonylag k\u00f6nny\u0171 \u00e9s s\u00edk terep, ide\u00e1lis kisebb gyerekek sz\u00e1m\u00e1ra is. Az \u00fatvonal leny\u0171g\u00f6z\u0151 tengeri kil\u00e1t\u00e1st k\u00edn\u00e1l, a tengerparti strandok, k\u00e1v\u00e9z\u00f3k \u00e9s j\u00e1tsz\u00f3terek pedig izgalmas meg\u00e1ll\u00f3i lehetnek a k\u00f6nnyed t\u00far\u00e1nak. Sopot, amelyet gy\u00f6ny\u00f6r\u0171 m\u00f3l\u00f3ja \u00e9s homokos strandjai tesznek k\u00fcl\u00f6nlegess\u00e9, kellemes c\u00e9lpontja lehet egy csal\u00e1di kir\u00e1ndul\u00e1snak.<\/p>\n<h2 style=\"font-weight: 400;\"><strong>T\u00e1tra Nemzeti Park \u00fatvonalai (v\u00e1ltoz\u00f3 t\u00e1vols\u00e1gok)<\/strong><\/h2>\n<figure id=\"attachment_195406\" aria-describedby=\"caption-attachment-195406\" style=\"width: 990px\" class=\"wp-caption alignnone\"><a href=\"https:\/\/d2p6e6u75xmxt8.cloudfront.net\/2\/2024\/04\/Tatra-Mountains-Poland-profimedia-0863527318.webp\"><img loading=\"lazy\" decoding=\"async\" class=\"wp-image-195406 size-full\" src=\"https:\/\/d2p6e6u75xmxt8.cloudfront.net\/2\/2024\/04\/Tatra-Mountains-Poland-profimedia-0863527318.webp\" alt=\"Tatra mountains\" width=\"990\" height=\"660\" \/><\/a><figcaption id=\"caption-attachment-195406\" class=\"wp-caption-text\">Sz\u00edvd be a T\u00e1tra friss leveg\u0151j\u00e9t! \u00a9 Profimedia<\/figcaption><\/figure>\n<p>Tini kort\u00f3l aj\u00e1nlott<\/p>\n<p>Azoknak a kalandv\u00e1gy\u00f3 csal\u00e1doknak, akik a T\u00e1tra-hegys\u00e9gben keresnek kih\u00edv\u00e1st jelent\u0151 ker\u00e9kp\u00e1ros \u00fatvonalakat, ahol vad, alpesi t\u00e1jak \u00f6lelik k\u00f6r\u00fcl. Hab\u00e1r n\u00e9h\u00e1ny \u00fatvonal ig\u00e9nyel n\u00e9mi tapasztalatot, vannak k\u00f6nnyebb utak is. A nemzeti park vad\u00e1llatoknak ad otthont \u00e9s l\u00e9legzetel\u00e1ll\u00edt\u00f3 kil\u00e1t\u00e1st k\u00edn\u00e1l, eml\u00e9kezetess\u00e9 t\u00e9ve a csal\u00e1di kalandokat Lengyelorsz\u00e1g legmagasabb hegyeiben.<\/p>\n<p>Ezek az \u00fatvonalak Lengyelorsz\u00e1gban lehet\u0151s\u00e9get ny\u00fajtanak a csal\u00e1doknak, hogy k\u00f6z\u00f6s eml\u00e9keket teremtsenek, legyen sz\u00f3 a Wieliczka S\u00f3b\u00e1nya t\u00f6rt\u00e9nelmi m\u00e9lys\u00e9geinek felfedez\u00e9s\u00e9r\u0151l, a Masurian-tavak term\u00e9szetes pomp\u00e1j\u00e1r\u00f3l, vagy egy kalandos utaz\u00e1sr\u00f3l Krakk\u00f3b\u00f3l Vars\u00f3ba. Lengyelorsz\u00e1g v\u00e1ltozatos t\u00e1jai \u00e9s gazdag kultur\u00e1lis hagyat\u00e9ka t\u00f6k\u00e9letes helysz\u00ednt biztos\u00edt a csal\u00e1di t\u00far\u00e1khoz!<\/p>\n","protected":false},"excerpt":{"rendered":"<p>Lengyelorsz\u00e1g v\u00e1ltozatos t\u00e1jai \u00e9s t\u00f6rt\u00e9nelmi l\u00e1tnival\u00f3i leny\u0171g\u00f6z\u0151 h\u00e1tteret k\u00edn\u00e1lnak egy\u00a0 csal\u00e1di ker\u00e9kp\u00e1ros kalandhoz. J\u00f3l karbantartott ker\u00e9kp\u00e1rutakkal, gazdag kultur\u00e1lis \u00f6r\u00f6ks\u00e9ggel \u00e9s [&hellip;]<\/p>\n","protected":false},"author":71,"featured_media":18472,"comment_status":"open","ping_status":"open","sticky":false,"template":"","format":"standard","meta":{"footnotes":""},"categories":[11],"tags":[],"global-categories":[],"class_list":["post-18464","post","type-post","status-publish","format-standard","has-post-thumbnail","hentry","category-csalad"],"yoast_head":"<!-- This site is optimized with the Yoast SEO Premium plugin v25.3 (Yoast SEO v25.9) - https:\/\/yoast.com\/wordpress\/plugins\/seo\/ -->\n<title>Fedezd fel Lengyelorsz\u00e1got: \u00datmutat\u00f3 csal\u00e1di ker\u00e9kp\u00e1rt\u00far\u00e1khoz 2024 nyar\u00e1ra<\/title>\n<meta name=\"description\" content=\"Lengyelorsz\u00e1g v\u00e1ltozatos t\u00e1jai \u00e9s t\u00f6rt\u00e9nelmi l\u00e1tnival\u00f3i leny\u0171g\u00f6z\u0151 h\u00e1tteret k\u00edn\u00e1lnak egy csal\u00e1di ker\u00e9kp\u00e1ros kalandhoz. J\u00f3l karbantartott ker\u00e9kp\u00e1rutakkal, gazdag kultur\u00e1lis \u00f6r\u00f6ks\u00e9ggel \u00e9s l\u00e9legzetel\u00e1ll\u00edt\u00f3 term\u00e9szeti sz\u00e9ps\u00e9gekkel Lengyelorsz\u00e1g kiemelked\u0151 c\u00e9lpont lehet azoknak a csal\u00e1doknak, akik kalandot keresnek.\" \/>\n<meta name=\"robots\" content=\"index, follow, max-snippet:-1, max-image-preview:large, max-video-preview:-1\" \/>\n<link rel=\"canonical\" href=\"https:\/\/www.welovecycling.com\/hu\/csalad\/fedezd-fel-lengyelorszagot-utmutato-csaladi-kerekparturakhoz-2024-nyarara\/\" \/>\n<meta property=\"og:locale\" content=\"hu_HU\" \/>\n<meta property=\"og:type\" content=\"article\" \/>\n<meta property=\"og:title\" content=\"Fedezd fel Lengyelorsz\u00e1got: \u00datmutat\u00f3 csal\u00e1di ker\u00e9kp\u00e1rt\u00far\u00e1khoz 2024 nyar\u00e1ra\" \/>\n<meta property=\"og:description\" content=\"Lengyelorsz\u00e1g v\u00e1ltozatos t\u00e1jai \u00e9s t\u00f6rt\u00e9nelmi l\u00e1tnival\u00f3i leny\u0171g\u00f6z\u0151 h\u00e1tteret k\u00edn\u00e1lnak egy csal\u00e1di ker\u00e9kp\u00e1ros kalandhoz. J\u00f3l karbantartott ker\u00e9kp\u00e1rutakkal, gazdag kultur\u00e1lis \u00f6r\u00f6ks\u00e9ggel \u00e9s l\u00e9legzetel\u00e1ll\u00edt\u00f3 term\u00e9szeti sz\u00e9ps\u00e9gekkel Lengyelorsz\u00e1g kiemelked\u0151 c\u00e9lpont lehet azoknak a csal\u00e1doknak, akik kalandot keresnek.\" \/>\n<meta property=\"og:url\" content=\"https:\/\/www.welovecycling.com\/hu\/csalad\/fedezd-fel-lengyelorszagot-utmutato-csaladi-kerekparturakhoz-2024-nyarara\/\" \/>\n<meta property=\"og:site_name\" content=\"\u0160koda We Love Cycling - Magyarorsz\u00e1g\" \/>\n<meta property=\"article:publisher\" content=\"https:\/\/www.facebook.com\/WeLoveCyclingHungary\/\" \/>\n<meta property=\"article:published_time\" content=\"2024-04-26T06:00:30+00:00\" \/>\n<meta property=\"og:image\" content=\"https:\/\/d2p6e6u75xmxt8.cloudfront.net\/12\/2024\/04\/Tatra-Mountains-Poland-profimedia-0863527282-CVR.webp\" \/>\n\t<meta property=\"og:image:width\" content=\"990\" \/>\n\t<meta property=\"og:image:height\" content=\"660\" \/>\n\t<meta property=\"og:image:type\" content=\"image\/webp\" \/>\n<meta name=\"author\" content=\"hegyizs\" \/>\n<meta name=\"twitter:card\" content=\"summary_large_image\" \/>\n<meta name=\"twitter:label1\" content=\"Written by\" \/>\n\t<meta name=\"twitter:data1\" content=\"Monica Buck\" \/>\n\t<meta name=\"twitter:label2\" content=\"Est. reading time\" \/>\n\t<meta name=\"twitter:data2\" content=\"4\" \/>\n<script type=\"application\/ld+json\" class=\"yoast-schema-graph\">{\"@context\":\"https:\/\/schema.org\",\"@graph\":[{\"@type\":\"WebPage\",\"@id\":\"https:\/\/www.welovecycling.com\/hu\/csalad\/fedezd-fel-lengyelorszagot-utmutato-csaladi-kerekparturakhoz-2024-nyarara\/\",\"url\":\"https:\/\/www.welovecycling.com\/hu\/csalad\/fedezd-fel-lengyelorszagot-utmutato-csaladi-kerekparturakhoz-2024-nyarara\/\",\"name\":\"Fedezd fel Lengyelorsz\u00e1got: \u00datmutat\u00f3 csal\u00e1di ker\u00e9kp\u00e1rt\u00far\u00e1khoz 2024 nyar\u00e1ra\",\"isPartOf\":{\"@id\":\"https:\/\/www.welovecycling.com\/hu\/#website\"},\"primaryImageOfPage\":{\"@id\":\"https:\/\/www.welovecycling.com\/hu\/csalad\/fedezd-fel-lengyelorszagot-utmutato-csaladi-kerekparturakhoz-2024-nyarara\/#primaryimage\"},\"image\":{\"@id\":\"https:\/\/www.welovecycling.com\/hu\/csalad\/fedezd-fel-lengyelorszagot-utmutato-csaladi-kerekparturakhoz-2024-nyarara\/#primaryimage\"},\"thumbnailUrl\":\"https:\/\/d2p6e6u75xmxt8.cloudfront.net\/12\/2024\/04\/Tatra-Mountains-Poland-profimedia-0863527282-CVR.webp\",\"datePublished\":\"2024-04-26T06:00:30+00:00\",\"author\":{\"@id\":\"https:\/\/www.welovecycling.com\/hu\/#\/schema\/person\/414a2aebf1801691a5320edb6468e194\"},\"description\":\"Lengyelorsz\u00e1g v\u00e1ltozatos t\u00e1jai \u00e9s t\u00f6rt\u00e9nelmi l\u00e1tnival\u00f3i leny\u0171g\u00f6z\u0151 h\u00e1tteret k\u00edn\u00e1lnak egy csal\u00e1di ker\u00e9kp\u00e1ros kalandhoz. J\u00f3l karbantartott ker\u00e9kp\u00e1rutakkal, gazdag kultur\u00e1lis \u00f6r\u00f6ks\u00e9ggel \u00e9s l\u00e9legzetel\u00e1ll\u00edt\u00f3 term\u00e9szeti sz\u00e9ps\u00e9gekkel Lengyelorsz\u00e1g kiemelked\u0151 c\u00e9lpont lehet azoknak a csal\u00e1doknak, akik kalandot keresnek.\",\"breadcrumb\":{\"@id\":\"https:\/\/www.welovecycling.com\/hu\/csalad\/fedezd-fel-lengyelorszagot-utmutato-csaladi-kerekparturakhoz-2024-nyarara\/#breadcrumb\"},\"inLanguage\":\"hu\",\"potentialAction\":[{\"@type\":\"ReadAction\",\"target\":[\"https:\/\/www.welovecycling.com\/hu\/csalad\/fedezd-fel-lengyelorszagot-utmutato-csaladi-kerekparturakhoz-2024-nyarara\/\"]}]},{\"@type\":\"ImageObject\",\"inLanguage\":\"hu\",\"@id\":\"https:\/\/www.welovecycling.com\/hu\/csalad\/fedezd-fel-lengyelorszagot-utmutato-csaladi-kerekparturakhoz-2024-nyarara\/#primaryimage\",\"url\":\"https:\/\/d2p6e6u75xmxt8.cloudfront.net\/12\/2024\/04\/Tatra-Mountains-Poland-profimedia-0863527282-CVR.webp\",\"contentUrl\":\"https:\/\/d2p6e6u75xmxt8.cloudfront.net\/12\/2024\/04\/Tatra-Mountains-Poland-profimedia-0863527282-CVR.webp\",\"width\":990,\"height\":660,\"caption\":\"Tatras Poland\"},{\"@type\":\"BreadcrumbList\",\"@id\":\"https:\/\/www.welovecycling.com\/hu\/csalad\/fedezd-fel-lengyelorszagot-utmutato-csaladi-kerekparturakhoz-2024-nyarara\/#breadcrumb\",\"itemListElement\":[{\"@type\":\"ListItem\",\"position\":1,\"name\":\"Home\",\"item\":\"https:\/\/www.welovecycling.com\/hu\/\"},{\"@type\":\"ListItem\",\"position\":2,\"name\":\"Fedezd fel Lengyelorsz\u00e1got: \u00datmutat\u00f3 csal\u00e1di ker\u00e9kp\u00e1rt\u00far\u00e1khoz 2024 nyar\u00e1ra\"}]},{\"@type\":\"WebSite\",\"@id\":\"https:\/\/www.welovecycling.com\/hu\/#website\",\"url\":\"https:\/\/www.welovecycling.com\/hu\/\",\"name\":\"\u0160koda We Love Cycling - Magyarorsz\u00e1g\",\"description\":\"\u0160koda WeLoveCycling\",\"potentialAction\":[{\"@type\":\"SearchAction\",\"target\":{\"@type\":\"EntryPoint\",\"urlTemplate\":\"https:\/\/www.welovecycling.com\/hu\/?s={search_term_string}\"},\"query-input\":{\"@type\":\"PropertyValueSpecification\",\"valueRequired\":true,\"valueName\":\"search_term_string\"}}],\"inLanguage\":\"hu\"},{\"@type\":\"Person\",\"@id\":\"https:\/\/www.welovecycling.com\/hu\/#\/schema\/person\/414a2aebf1801691a5320edb6468e194\",\"name\":\"hegyizs\",\"image\":{\"@type\":\"ImageObject\",\"inLanguage\":\"hu\",\"@id\":\"https:\/\/www.welovecycling.com\/hu\/#\/schema\/person\/image\/\",\"url\":\"https:\/\/secure.gravatar.com\/avatar\/02cf8a7906b8cf90cecb4679defac7cfd33a1c2e3b88e4903d947f3bb58eedd3?s=96&d=mm&r=g\",\"contentUrl\":\"https:\/\/secure.gravatar.com\/avatar\/02cf8a7906b8cf90cecb4679defac7cfd33a1c2e3b88e4903d947f3bb58eedd3?s=96&d=mm&r=g\",\"caption\":\"hegyizs\"},\"url\":\"https:\/\/www.welovecycling.com\/hu\/author\/hegyizs\/\"}]}<\/script>\n<!-- \/ Yoast SEO Premium plugin. -->","yoast_head_json":{"title":"Fedezd fel Lengyelorsz\u00e1got: \u00datmutat\u00f3 csal\u00e1di ker\u00e9kp\u00e1rt\u00far\u00e1khoz 2024 nyar\u00e1ra","description":"Lengyelorsz\u00e1g v\u00e1ltozatos t\u00e1jai \u00e9s t\u00f6rt\u00e9nelmi l\u00e1tnival\u00f3i leny\u0171g\u00f6z\u0151 h\u00e1tteret k\u00edn\u00e1lnak egy csal\u00e1di ker\u00e9kp\u00e1ros kalandhoz. J\u00f3l karbantartott ker\u00e9kp\u00e1rutakkal, gazdag kultur\u00e1lis \u00f6r\u00f6ks\u00e9ggel \u00e9s l\u00e9legzetel\u00e1ll\u00edt\u00f3 term\u00e9szeti sz\u00e9ps\u00e9gekkel Lengyelorsz\u00e1g kiemelked\u0151 c\u00e9lpont lehet azoknak a csal\u00e1doknak, akik kalandot keresnek.","robots":{"index":"index","follow":"follow","max-snippet":"max-snippet:-1","max-image-preview":"max-image-preview:large","max-video-preview":"max-video-preview:-1"},"canonical":"https:\/\/www.welovecycling.com\/hu\/csalad\/fedezd-fel-lengyelorszagot-utmutato-csaladi-kerekparturakhoz-2024-nyarara\/","og_locale":"hu_HU","og_type":"article","og_title":"Fedezd fel Lengyelorsz\u00e1got: \u00datmutat\u00f3 csal\u00e1di ker\u00e9kp\u00e1rt\u00far\u00e1khoz 2024 nyar\u00e1ra","og_description":"Lengyelorsz\u00e1g v\u00e1ltozatos t\u00e1jai \u00e9s t\u00f6rt\u00e9nelmi l\u00e1tnival\u00f3i leny\u0171g\u00f6z\u0151 h\u00e1tteret k\u00edn\u00e1lnak egy csal\u00e1di ker\u00e9kp\u00e1ros kalandhoz. J\u00f3l karbantartott ker\u00e9kp\u00e1rutakkal, gazdag kultur\u00e1lis \u00f6r\u00f6ks\u00e9ggel \u00e9s l\u00e9legzetel\u00e1ll\u00edt\u00f3 term\u00e9szeti sz\u00e9ps\u00e9gekkel Lengyelorsz\u00e1g kiemelked\u0151 c\u00e9lpont lehet azoknak a csal\u00e1doknak, akik kalandot keresnek.","og_url":"https:\/\/www.welovecycling.com\/hu\/csalad\/fedezd-fel-lengyelorszagot-utmutato-csaladi-kerekparturakhoz-2024-nyarara\/","og_site_name":"\u0160koda We Love Cycling - Magyarorsz\u00e1g","article_publisher":"https:\/\/www.facebook.com\/WeLoveCyclingHungary\/","article_published_time":"2024-04-26T06:00:30+00:00","og_image":[{"width":990,"height":660,"url":"https:\/\/d2p6e6u75xmxt8.cloudfront.net\/12\/2024\/04\/Tatra-Mountains-Poland-profimedia-0863527282-CVR.webp","type":"image\/webp"}],"author":"hegyizs","twitter_card":"summary_large_image","twitter_misc":{"Written by":"Monica Buck","Est. reading time":"4"},"schema":{"@context":"https:\/\/schema.org","@graph":[{"@type":"WebPage","@id":"https:\/\/www.welovecycling.com\/hu\/csalad\/fedezd-fel-lengyelorszagot-utmutato-csaladi-kerekparturakhoz-2024-nyarara\/","url":"https:\/\/www.welovecycling.com\/hu\/csalad\/fedezd-fel-lengyelorszagot-utmutato-csaladi-kerekparturakhoz-2024-nyarara\/","name":"Fedezd fel Lengyelorsz\u00e1got: \u00datmutat\u00f3 csal\u00e1di ker\u00e9kp\u00e1rt\u00far\u00e1khoz 2024 nyar\u00e1ra","isPartOf":{"@id":"https:\/\/www.welovecycling.com\/hu\/#website"},"primaryImageOfPage":{"@id":"https:\/\/www.welovecycling.com\/hu\/csalad\/fedezd-fel-lengyelorszagot-utmutato-csaladi-kerekparturakhoz-2024-nyarara\/#primaryimage"},"image":{"@id":"https:\/\/www.welovecycling.com\/hu\/csalad\/fedezd-fel-lengyelorszagot-utmutato-csaladi-kerekparturakhoz-2024-nyarara\/#primaryimage"},"thumbnailUrl":"https:\/\/d2p6e6u75xmxt8.cloudfront.net\/12\/2024\/04\/Tatra-Mountains-Poland-profimedia-0863527282-CVR.webp","datePublished":"2024-04-26T06:00:30+00:00","author":{"@id":"https:\/\/www.welovecycling.com\/hu\/#\/schema\/person\/414a2aebf1801691a5320edb6468e194"},"description":"Lengyelorsz\u00e1g v\u00e1ltozatos t\u00e1jai \u00e9s t\u00f6rt\u00e9nelmi l\u00e1tnival\u00f3i leny\u0171g\u00f6z\u0151 h\u00e1tteret k\u00edn\u00e1lnak egy csal\u00e1di ker\u00e9kp\u00e1ros kalandhoz. J\u00f3l karbantartott ker\u00e9kp\u00e1rutakkal, gazdag kultur\u00e1lis \u00f6r\u00f6ks\u00e9ggel \u00e9s l\u00e9legzetel\u00e1ll\u00edt\u00f3 term\u00e9szeti sz\u00e9ps\u00e9gekkel Lengyelorsz\u00e1g kiemelked\u0151 c\u00e9lpont lehet azoknak a csal\u00e1doknak, akik kalandot keresnek.","breadcrumb":{"@id":"https:\/\/www.welovecycling.com\/hu\/csalad\/fedezd-fel-lengyelorszagot-utmutato-csaladi-kerekparturakhoz-2024-nyarara\/#breadcrumb"},"inLanguage":"hu","potentialAction":[{"@type":"ReadAction","target":["https:\/\/www.welovecycling.com\/hu\/csalad\/fedezd-fel-lengyelorszagot-utmutato-csaladi-kerekparturakhoz-2024-nyarara\/"]}]},{"@type":"ImageObject","inLanguage":"hu","@id":"https:\/\/www.welovecycling.com\/hu\/csalad\/fedezd-fel-lengyelorszagot-utmutato-csaladi-kerekparturakhoz-2024-nyarara\/#primaryimage","url":"https:\/\/d2p6e6u75xmxt8.cloudfront.net\/12\/2024\/04\/Tatra-Mountains-Poland-profimedia-0863527282-CVR.webp","contentUrl":"https:\/\/d2p6e6u75xmxt8.cloudfront.net\/12\/2024\/04\/Tatra-Mountains-Poland-profimedia-0863527282-CVR.webp","width":990,"height":660,"caption":"Tatras Poland"},{"@type":"BreadcrumbList","@id":"https:\/\/www.welovecycling.com\/hu\/csalad\/fedezd-fel-lengyelorszagot-utmutato-csaladi-kerekparturakhoz-2024-nyarara\/#breadcrumb","itemListElement":[{"@type":"ListItem","position":1,"name":"Home","item":"https:\/\/www.welovecycling.com\/hu\/"},{"@type":"ListItem","position":2,"name":"Fedezd fel Lengyelorsz\u00e1got: \u00datmutat\u00f3 csal\u00e1di ker\u00e9kp\u00e1rt\u00far\u00e1khoz 2024 nyar\u00e1ra"}]},{"@type":"WebSite","@id":"https:\/\/www.welovecycling.com\/hu\/#website","url":"https:\/\/www.welovecycling.com\/hu\/","name":"\u0160koda We Love Cycling - Magyarorsz\u00e1g","description":"\u0160koda WeLoveCycling","potentialAction":[{"@type":"SearchAction","target":{"@type":"EntryPoint","urlTemplate":"https:\/\/www.welovecycling.com\/hu\/?s={search_term_string}"},"query-input":{"@type":"PropertyValueSpecification","valueRequired":true,"valueName":"search_term_string"}}],"inLanguage":"hu"},{"@type":"Person","@id":"https:\/\/www.welovecycling.com\/hu\/#\/schema\/person\/414a2aebf1801691a5320edb6468e194","name":"hegyizs","image":{"@type":"ImageObject","inLanguage":"hu","@id":"https:\/\/www.welovecycling.com\/hu\/#\/schema\/person\/image\/","url":"https:\/\/secure.gravatar.com\/avatar\/02cf8a7906b8cf90cecb4679defac7cfd33a1c2e3b88e4903d947f3bb58eedd3?s=96&d=mm&r=g","contentUrl":"https:\/\/secure.gravatar.com\/avatar\/02cf8a7906b8cf90cecb4679defac7cfd33a1c2e3b88e4903d947f3bb58eedd3?s=96&d=mm&r=g","caption":"hegyizs"},"url":"https:\/\/www.welovecycling.com\/hu\/author\/hegyizs\/"}]}},"_links":{"self":[{"href":"https:\/\/www.welovecycling.com\/hu\/wp-json\/wp\/v2\/posts\/18464","targetHints":{"allow":["GET"]}}],"collection":[{"href":"https:\/\/www.welovecycling.com\/hu\/wp-json\/wp\/v2\/posts"}],"about":[{"href":"https:\/\/www.welovecycling.com\/hu\/wp-json\/wp\/v2\/types\/post"}],"author":[{"embeddable":true,"href":"https:\/\/www.welovecycling.com\/hu\/wp-json\/wp\/v2\/users\/71"}],"replies":[{"embeddable":true,"href":"https:\/\/www.welovecycling.com\/hu\/wp-json\/wp\/v2\/comments?post=18464"}],"version-history":[{"count":3,"href":"https:\/\/www.welovecycling.com\/hu\/wp-json\/wp\/v2\/posts\/18464\/revisions"}],"predecessor-version":[{"id":18474,"href":"https:\/\/www.welovecycling.com\/hu\/wp-json\/wp\/v2\/posts\/18464\/revisions\/18474"}],"wp:featuredmedia":[{"embeddable":true,"href":"https:\/\/www.welovecycling.com\/hu\/wp-json\/wp\/v2\/media\/18472"}],"wp:attachment":[{"href":"https:\/\/www.welovecycling.com\/hu\/wp-json\/wp\/v2\/media?parent=18464"}],"wp:term":[{"taxonomy":"category","embeddable":true,"href":"https:\/\/www.welovecycling.com\/hu\/wp-json\/wp\/v2\/categories?post=18464"},{"taxonomy":"post_tag","embeddable":true,"href":"https:\/\/www.welovecycling.com\/hu\/wp-json\/wp\/v2\/tags?post=18464"},{"taxonomy":"global-categories","embeddable":true,"href":"https:\/\/www.welovecycling.com\/hu\/wp-json\/wp\/v2\/global-categories?post=18464"}],"curies":[{"name":"wp","href":"https:\/\/api.w.org\/{rel}","templated":true}]}}