{"id":18454,"date":"2024-04-12T13:00:53","date_gmt":"2024-04-12T11:00:53","guid":{"rendered":"https:\/\/www.welovecycling.com\/hu\/?p=18454"},"modified":"2024-04-12T13:00:53","modified_gmt":"2024-04-12T11:00:53","slug":"ugy-unnepeltek-az-utolsot-mint-a-gyoztest-van-der-poel-es-cyrus-monk-fantasztikus-roubaix-sztorija","status":"publish","type":"post","link":"https:\/\/www.welovecycling.com\/hu\/orszaguti-kerekpar\/ugy-unnepeltek-az-utolsot-mint-a-gyoztest-van-der-poel-es-cyrus-monk-fantasztikus-roubaix-sztorija\/","title":{"rendered":"\u00dagy \u00fcnnepelt\u00e9k az utols\u00f3t, mint a gy\u0151ztest: van der Poel \u00e9s Cyrus Monk fantasztikus Roubaix-sztorija"},"content":{"rendered":"<p><strong>A vil\u00e1g egyik legkem\u00e9nyebb verseny\u00e9n \u00f6nmag\u00e1ban a c\u00e9lba \u00e9r\u00e9s is fel\u00e9r egy gy\u0151zelemmel, ezt az egyik szabadk\u00e1rty\u00e1s bring\u00e1s most a saj\u00e1t b\u0151r\u00e9n tapasztalhatta meg. <\/strong><!--more--><\/p>\n<p>A Paris\u2013Roubaix vit\u00e1n fel\u00fcl az orsz\u00e1g\u00fati ker\u00e9kp\u00e1rt\u00f6rt\u00e9nelem leg-leg-leg-versenyei k\u00f6z\u00e9 tartozik: a sport\u00e1g egyik legh\u00edrhedtebb, legnehezebb, legikonikusabb viadal\u00e1r\u00f3l besz\u00e9l\u00fcnk, fantasztikusan gazdag t\u00f6rt\u00e9nelemmel, minden \u00e9vben \u00fajabb \u00e9s \u00fajabb szenz\u00e1ci\u00f3s sztorikkal b\u0151v\u00fclve.<\/p>\n<p>Nem lett ez m\u00e1sk\u00e9nt id\u00e9n sem. Egy nap, 260 kilom\u00e9ternyi t\u00f6m\u00e9ny szenved\u00e9s egy brut\u00e1lis \u00fatvonalon: ami a \u201efeh\u00e9r utak pokl\u00e1n\u201d, a Strade Bianch\u00e9n a murva, az az \u201e\u00e9szak pokl\u00e1n\u201d, a Paris\u2013Roubaix-n a kockak\u0151; \u00f6sszesen 29 darab (56 km-nyi) ilyen bringagyilkos macskak\u00f6ves szektoron kellett \u00e1tverekednie mag\u00e1t a mez\u0151nynek h\u00e9tv\u00e9g\u00e9n is, b\u00e1r ez\u00fattal sz\u00e9p id\u0151ben, teh\u00e1t a sarat \u00e9s dagony\u00e1z\u00e1st legal\u00e1bb meg\u00faszt\u00e1k. Ami mag\u00e1t a versenyt \u00e9s a v\u00e9geredm\u00e9nyt illeti, itt is vonn\u00e1nk egy p\u00e1rhozamot az idei Strade Bianch\u00e9val: a toszk\u00e1n klasszikust az egyik f\u00f6ld\u00f6nk\u00edv\u00fcli, Tadej Poga\u010dar nyerte meg emberfeletti, 80 km-es sz\u00f3l\u00f3val, erre a vas\u00e1rnapi Roubaix-n j\u00f6tt a m\u00e1sik, a regn\u00e1l\u00f3 vil\u00e1gbajnok Mathieu van der Poel, aki csak a szlov\u00e9nhoz hason\u00edthat\u00f3 brav\u00farral ment v\u00e9gig a c\u00e9lt\u00f3l 60 km-re egyed\u00fcl, \u00e9s nyerte meg az \u00e9v egyik legjobban v\u00e1rt egynapos\u00e1t. Diadal\u00e1nak \u00e9rt\u00e9k\u00e9t csak tov\u00e1bb n\u00f6veli, hogy ez egyben c\u00edmv\u00e9d\u00e9s is volt, teh\u00e1t egym\u00e1st k\u00f6vet\u0151 k\u00e9t \u00e9vben tudott a cs\u00facsra \u00e9rni a vil\u00e1g egyik legnehezebb verseny\u00e9n \u2013 ez\u00fattal is ugyan\u00fagy saj\u00e1t csapatt\u00e1rsa, Jasper Phillipsen el\u0151tt, mint tavaly, m\u00edg a legut\u00f3bbi negyedik Mads Pedersen id\u00e9n m\u00e1r odaf\u00e9rt m\u00f6g\u00e9j\u00fck a dobog\u00f3ra. (Ehhez persze kellett az is, hogy a tavalyi harmadik Wout Van Aert eleve el se tudjon indulni a Flandri\u00e1n elszenvedett kulcscsont- \u00e9s bordat\u00f6r\u00e9se ut\u00e1n: a belga szt\u00e1r egy\u00fattal be is jelentette a v\u00e1rhat\u00f3t, vagyis hogy s\u00e9r\u00fcl\u00e9sei \u00e9s rehabilit\u00e1ci\u00f3ja miatt nem fog tudni r\u00e9szt venni az \u00e9v els\u0151 nagy h\u00e1romhetes\u00e9n, a m\u00e1jus 4-\u00e9n rajtol\u00f3 Giro d\u2019Itali\u00e1n, helyette v\u00e1rhat\u00f3an a ny\u00e1ri Tour de France-ra \u00e9s a p\u00e1rizsi olimpi\u00e1ra koncentr\u00e1l majd).<\/p>\n<figure id=\"attachment_18455\" aria-describedby=\"caption-attachment-18455\" style=\"width: 1024px\" class=\"wp-caption alignnone\"><img loading=\"lazy\" decoding=\"async\" class=\"size-large wp-image-18455\" src=\"https:\/\/d2p6e6u75xmxt8.cloudfront.net\/12\/2024\/04\/20240407PRX1101-A.S.O.-Pauline-Ballet-1024x683.webp\" alt=\"\" width=\"1024\" height=\"683\" srcset=\"https:\/\/d2p6e6u75xmxt8.cloudfront.net\/12\/2024\/04\/20240407PRX1101-A.S.O.-Pauline-Ballet-1024x683.webp 1024w, https:\/\/d2p6e6u75xmxt8.cloudfront.net\/12\/2024\/04\/20240407PRX1101-A.S.O.-Pauline-Ballet-300x200.webp 300w, https:\/\/d2p6e6u75xmxt8.cloudfront.net\/12\/2024\/04\/20240407PRX1101-A.S.O.-Pauline-Ballet-768x512.webp 768w, https:\/\/d2p6e6u75xmxt8.cloudfront.net\/12\/2024\/04\/20240407PRX1101-A.S.O.-Pauline-Ballet-400x267.webp 400w, https:\/\/d2p6e6u75xmxt8.cloudfront.net\/12\/2024\/04\/20240407PRX1101-A.S.O.-Pauline-Ballet-272x182.webp 272w, https:\/\/d2p6e6u75xmxt8.cloudfront.net\/12\/2024\/04\/20240407PRX1101-A.S.O.-Pauline-Ballet.webp 1500w\" sizes=\"auto, (max-width: 1024px) 100vw, 1024px\" \/><figcaption id=\"caption-attachment-18455\" class=\"wp-caption-text\">Mathieu van der Poel a vi\u00e1gbajnoki trik\u00f3ban elk\u00e9peszt\u0151 sz\u00f3l\u00f3val v\u00e9dte meg Roubaix-c\u00edm\u00e9t (fot\u00f3: A.S.O.\/Pauline Ballet)<\/figcaption><\/figure>\n<p>Van der Poel teh\u00e1t szenz\u00e1ci\u00f3s, \u00e1m a sport\u00e1g saj\u00e1tos sz\u00e9ps\u00e9ge nyom\u00e1n id\u00e9n egy viszonylag ismeretlen, a holland zseni m\u00f6g\u00f6tt majd 50\u2019 perces h\u00e1tr\u00e1nnyal t\u00f6k utols\u00f3k\u00e9nt c\u00e9lba \u00e9r\u0151 ausztr\u00e1l sr\u00e1c is hozz\u00e1 hasonl\u00f3 figyelmet \u00e9s \u00fcnnepl\u00e9st kapott. Nem v\u00e9letlen\u00fcl mondj\u00e1k, hogy a Paris\u2013Roubaix-n \u00f6nmag\u00e1ban a c\u00e9lba \u00e9rkez\u00e9s is fel\u00e9r egy gy\u0151zelemmel, \u00e9s Cyrus Monk ezt most a saj\u00e1t b\u0151r\u00e9n tapasztalhatta meg. A 27 \u00e9ves bring\u00e1snak ezen a szinten nincsenek komolyabb nemzetk\u00f6zi eredm\u00e9nyei, els\u0151sorban seg\u00edt\u0151k\u00e9nt szokott jeleskedni, k\u00e9t \u00e9vvel ezel\u0151ttig eleve kontinent\u00e1lis, teh\u00e1t \u201eharmadoszt\u00e1ly\u00fa\u201d szinten versenyzett, csak ut\u00e1na ker\u00fclt \u00e1t a Q36.5 nev\u0171 Pro-csapathoz, amely id\u00e9n szabadk\u00e1rty\u00e1val indulhatott el a Roubaix-n. Monk m\u00e9g \u00edgy sem lett volna ott a keretben, \u00e1m az egy\u00fcttes legjobb egynapos men\u0151i mind kiestek s\u00e9r\u00fcl\u00e9s vagy betegs\u00e9g miatt, \u00edgy megny\u00edlt el\u0151tte az \u00fat, \u00e9s \u00e9let\u00e9ben el\u0151sz\u00f6r lehetett ott a P\u00e1rizs-k\u00f6rny\u00e9ki kockak\u00f6veken. Viszontags\u00e1gai el\u00e9g j\u00f3l \u00f6sszefoglalj\u00e1k, nagyj\u00e1b\u00f3l milyen is ez a megm\u00e9rettet\u00e9s versenyz\u0151i szemmel. Monk a t\u00f6bb mint hat\u00f3r\u00e1nyi k\u00fczdelme alatt \u00f6sszesen h\u00e1romszor kapott defektet, fokozatosan elmaradt t\u00e1rsait\u00f3l \u00e9s a mez\u0151nyt\u0151l is, v\u00e9g\u00fcl egyed\u00fcl r\u00f3tta a kilom\u00e9tereket az embertelen k\u00f6r\u00fclm\u00e9nyek k\u00f6z\u00f6tt. \u00c1m \u00fagy volt vele: akkor sem adja fel, megcsin\u00e1lja, b\u00e1rmi is legyen, \u0151 itt m\u00e1rpedig v\u00e9gig fog menni, egyed\u00fcl is, m\u00e9g ha a limitid\u0151n k\u00edv\u00fcl is \u00e9r c\u00e9lba. V\u00e9g\u00fcl ez t\u00f6rt\u00e9nt: Van der Poelhoz k\u00e9pest 48:18 percnyi h\u00e1tr\u00e1nnyal (22 perccel a limiten t\u00fal), de meg\u00e9rkezett a c\u00e9lhoz, \u00e9s ezt a k\u00f6z\u00f6ns\u00e9g maxim\u00e1lisan d\u00edjazta, mag\u00e1nyos \u00fatj\u00e1n v\u00e9gig a szurkol\u00f3k ov\u00e1ci\u00f3ja \u00e9s biztat\u00e1sa k\u00f6zepette tekert, a c\u00e9lkapun\u00e1l pedig gy\u0151ztesnek kij\u00e1r\u00f3 \u00fcnnepl\u00e9sben r\u00e9szes\u00fclt. \u00c9s nemcsak a k\u00f6z\u00f6ns\u00e9g, de a sajt\u00f3 is elismerte teljes\u00edtm\u00e9ny\u00e9t, kiemelten foglalkoztak vele, a Cyclingnews szakport\u00e1l p\u00e9ld\u00e1ul <u><a href=\"https:\/\/www.cyclingnews.com\/features\/unless-im-in-an-ambulance-im-finishing-this-race-cyrus-monk-the-last-man-home-at-paris-roubaix\/\">m\u00e9retes interj\u00fat k\u00e9sz\u00edtett vele<\/a><\/u> n\u00e9h\u00e1ny napnyi pihen\u0151t k\u00f6vet\u0151en. Ebben egyebek mellett elmondta: m\u00e1r a rajtvonaln\u00e1l \u00e9rz\u00e9kelni lehet a mez\u0151nyben a tapinthat\u00f3 fesz\u00fclts\u00e9get, a versenyz\u0151k els\u0151sorban nem is a saj\u00e1t teljes\u00edtm\u00e9ny\u00fck miatt idegesek, hanem mert ezen a versenyen annyi minden m\u00falik a \u201ev\u00e9letlenen\u201d, az olyan faktorokon, amelyeket az ember nem tud ir\u00e1ny\u00edtani \u00e9s befoly\u00e1solni, hogy emiatt t\u00e9nyleg teljes a bizonytalans\u00e1g, ki \u00e9rhet v\u00e9g\u00fcl c\u00e9lba, \u00e9s ki nem. Ezen k\u00edv\u00fcl elmes\u00e9lte, annyi defektet kaptak a bringagyilkos burkolaton, hogy az \u0151 a kerek\u00e9t p\u00e9ld\u00e1ul az ist\u00e1ll\u00f3ja dietetikus szakember\u00e9nek kellett kicser\u00e9lnie, mert a szerel\u0151k \u00e9ppen a csapatt\u00e1rsaival voltak elfoglalva \u2013 ez is hozz\u00e1j\u00e1rult ahhoz, hogy v\u00e9g\u00fcl elvesztette a kontaktot az \u00fcld\u00f6z\u0151csoportokkal, \u00e9s a nap nagy r\u00e9sz\u00e9t egyed\u00fcl kellett v\u00e9gigk\u00fczdenie. Monk hozz\u00e1tette, nem egy l\u00e9lekemel\u0151 pillanat, hogy amikor \u00e9ppen a legh\u00edrhedtebb szektoron, az arenbergi kockak\u00f6veken izzadsz, m\u00e9g a karav\u00e1nt z\u00e1r\u00f3 sepr\u0171s kocsi is megel\u0151z, mert olyan lassan haladsz a v\u00e9g\u00fcl a semleges szervizt\u0151l k\u00f6lcs\u00f6nkapott szabv\u00e1ny kerekekkel \u2013 csak egy gonosz \u00f6sszehasonl\u00edt\u00e1s, m\u00edg Monk 16,6 km-es \u00e1tlagsebess\u00e9ggel 8:10 perc alatt teljes\u00edtette ezt a r\u00e9szt, addig a verseny elej\u00e9n a v\u00e9g\u00fcl hatodikk\u00e9nt v\u00e9gz\u0151 Gianni Vermeersch 42,3-as \u00e1tlaggal alig 3 perc alatt sz\u00e1guldott \u00e1t ezen a 2,3 km-es etapon\u2026<\/p>\n<figure id=\"attachment_18456\" aria-describedby=\"caption-attachment-18456\" style=\"width: 1024px\" class=\"wp-caption alignnone\"><img loading=\"lazy\" decoding=\"async\" class=\"size-full wp-image-18456\" src=\"https:\/\/d2p6e6u75xmxt8.cloudfront.net\/12\/2024\/04\/CAuldPhoto-2024-ParisRoubaix-1656-1024x683-1.webp\" alt=\"\" width=\"1024\" height=\"683\" srcset=\"https:\/\/d2p6e6u75xmxt8.cloudfront.net\/12\/2024\/04\/CAuldPhoto-2024-ParisRoubaix-1656-1024x683-1.webp 1024w, https:\/\/d2p6e6u75xmxt8.cloudfront.net\/12\/2024\/04\/CAuldPhoto-2024-ParisRoubaix-1656-1024x683-1-300x200.webp 300w, https:\/\/d2p6e6u75xmxt8.cloudfront.net\/12\/2024\/04\/CAuldPhoto-2024-ParisRoubaix-1656-1024x683-1-768x512.webp 768w, https:\/\/d2p6e6u75xmxt8.cloudfront.net\/12\/2024\/04\/CAuldPhoto-2024-ParisRoubaix-1656-1024x683-1-400x267.webp 400w, https:\/\/d2p6e6u75xmxt8.cloudfront.net\/12\/2024\/04\/CAuldPhoto-2024-ParisRoubaix-1656-1024x683-1-272x182.webp 272w\" sizes=\"auto, (max-width: 1024px) 100vw, 1024px\" \/><figcaption id=\"caption-attachment-18456\" class=\"wp-caption-text\">A mag\u00e1nyos harcosnak egy emberk\u00e9nt szurkolt a francia k\u00f6z\u00f6ns\u00e9g, val\u00f3s\u00e1ggal behajszolt\u00e1k a c\u00e9lba (fot\u00f3: Chris Auld)<\/figcaption><\/figure>\n<p>A kitart\u00e1sb\u00f3l csillagos \u00f6t\u00f6sre vizsg\u00e1z\u00f3 Monk azt is elmondta, miut\u00e1n ilyen k\u00f6r\u00fclm\u00e9nyek k\u00f6z\u00f6tt v\u00e9gre kiverg\u0151d\u00f6tt az arenbergi dar\u00e1l\u00f3b\u00f3l, m\u00e1r es\u00e9lye sem volt visszakapaszkodni a t\u00f6bbiekre, \u00edgy embertelen t\u00e1vot, j\u00f3 150 km-t kellett teljesen egyed\u00fcl megtennie. Pontosabban, nem teljesen egyed\u00fcl\u2026 <em>\u201eNem \u00e9reztem magam egyed\u00fcl, mert m\u00e9g mindig t\u00f6meg volt mindenhol, \u00e9s rengeteg ember szurkolt az \u00fat sz\u00e9l\u00e9r\u0151l, ez pedig eg\u00e9szen k\u00fcl\u00f6nleges volt. Ink\u00e1bb att\u00f3l tartottam, nehogy el\u00fcssek valakit, aki nem is tud arr\u00f3l, hogy m\u00e9g mindig vannak versenyz\u0151k. Nagyon \u00f3vatosnak kellett lennem, mert ha \u00fajra defektet kapok, szinte es\u00e9ly sem lett volna m\u00e1r \u00fajabb kereket szerezni, \u00e9s akkor a semmi\u00e9rt k\u00fczd\u00f6ttem volna, mert nem tudtam volna befejezni. \u00cdgy viszont igaz\u00e1n klassz \u00e9lm\u00e9ny volt, hogy megkaptam ezt a hatalmas t\u00e1mogat\u00e1st, leny\u0171g\u00f6z\u00f6tt, hogy mennyien tudt\u00e1k a nevemet, \u00e9s szurkoltak nekem hangosan. Ez t\u00e9nyleg hatalmas mosolyt csalt az arcomra. Mindig arr\u00f3l \u00e1lmodozol, hogy ez megt\u00f6rt\u00e9nik, \u00e9s azt kell mondjam, hogy ez a 150 km-es mag\u00e1nyos utam \u00f6sszess\u00e9g\u00e9ben \u2013 a balszerencse ellen\u00e9re \u2013 az egyik \u00e9lvezetesebb versenyem volt!\u201d<\/em><\/p>\n<figure id=\"attachment_18457\" aria-describedby=\"caption-attachment-18457\" style=\"width: 1024px\" class=\"wp-caption alignnone\"><img loading=\"lazy\" decoding=\"async\" class=\"wp-image-18457 size-large\" src=\"https:\/\/d2p6e6u75xmxt8.cloudfront.net\/12\/2024\/04\/IMG_3500-1200x675-1-1024x576.webp\" alt=\"\" width=\"1024\" height=\"576\" srcset=\"https:\/\/d2p6e6u75xmxt8.cloudfront.net\/12\/2024\/04\/IMG_3500-1200x675-1-1024x576.webp 1024w, https:\/\/d2p6e6u75xmxt8.cloudfront.net\/12\/2024\/04\/IMG_3500-1200x675-1-300x169.webp 300w, https:\/\/d2p6e6u75xmxt8.cloudfront.net\/12\/2024\/04\/IMG_3500-1200x675-1-768x432.webp 768w, https:\/\/d2p6e6u75xmxt8.cloudfront.net\/12\/2024\/04\/IMG_3500-1200x675-1-400x225.webp 400w, https:\/\/d2p6e6u75xmxt8.cloudfront.net\/12\/2024\/04\/IMG_3500-1200x675-1.webp 1200w\" sizes=\"auto, (max-width: 1024px) 100vw, 1024px\" \/><figcaption id=\"caption-attachment-18457\" class=\"wp-caption-text\">Cyrus Monk els\u00edrta mag\u00e1t a c\u00e9lba \u00e9rkez\u00e9st k\u00f6vet\u0151en<\/figcaption><\/figure>\n<p><em>Bor\u00edt\u00f3k\u00e9p: Chris Auld<\/em><\/p>\n","protected":false},"excerpt":{"rendered":"<p>A vil\u00e1g egyik legkem\u00e9nyebb verseny\u00e9n \u00f6nmag\u00e1ban a c\u00e9lba \u00e9r\u00e9s is fel\u00e9r egy gy\u0151zelemmel, ezt az egyik szabadk\u00e1rty\u00e1s bring\u00e1s most a [&hellip;]<\/p>\n","protected":false},"author":71,"featured_media":18459,"comment_status":"open","ping_status":"open","sticky":false,"template":"","format":"standard","meta":{"footnotes":""},"categories":[8],"tags":[],"global-categories":[419],"class_list":["post-18454","post","type-post","status-publish","format-standard","has-post-thumbnail","hentry","category-orszaguti-kerekpar","global-categories-cycling"],"yoast_head":"<!-- This site is optimized with the Yoast SEO Premium plugin v25.3 (Yoast SEO v25.9) - https:\/\/yoast.com\/wordpress\/plugins\/seo\/ -->\n<title>\u00dagy \u00fcnnepelt\u00e9k az utols\u00f3t, mint a gy\u0151ztest: van der Poel \u00e9s Cyrus Monk fantasztikus Roubaix-sztorija<\/title>\n<meta name=\"description\" content=\"A vil\u00e1g egyik legkem\u00e9nyebb verseny\u00e9n \u00f6nmag\u00e1ban a c\u00e9lba \u00e9r\u00e9s is fel\u00e9r egy gy\u0151zelemmel, ezt az egyik szabadk\u00e1rty\u00e1s bring\u00e1s most a saj\u00e1t b\u0151r\u00e9n tapasztalhatta meg.\" \/>\n<meta name=\"robots\" content=\"index, follow, max-snippet:-1, max-image-preview:large, max-video-preview:-1\" \/>\n<link rel=\"canonical\" href=\"https:\/\/www.welovecycling.com\/hu\/orszaguti-kerekpar\/ugy-unnepeltek-az-utolsot-mint-a-gyoztest-van-der-poel-es-cyrus-monk-fantasztikus-roubaix-sztorija\/\" \/>\n<meta property=\"og:locale\" content=\"hu_HU\" \/>\n<meta property=\"og:type\" content=\"article\" \/>\n<meta property=\"og:title\" content=\"\u00dagy \u00fcnnepelt\u00e9k az utols\u00f3t, mint a gy\u0151ztest: van der Poel \u00e9s Cyrus Monk fantasztikus Roubaix-sztorija\" \/>\n<meta property=\"og:description\" content=\"A vil\u00e1g egyik legkem\u00e9nyebb verseny\u00e9n \u00f6nmag\u00e1ban a c\u00e9lba \u00e9r\u00e9s is fel\u00e9r egy gy\u0151zelemmel, ezt az egyik szabadk\u00e1rty\u00e1s bring\u00e1s most a saj\u00e1t b\u0151r\u00e9n tapasztalhatta meg.\" \/>\n<meta property=\"og:url\" content=\"https:\/\/www.welovecycling.com\/hu\/orszaguti-kerekpar\/ugy-unnepeltek-az-utolsot-mint-a-gyoztest-van-der-poel-es-cyrus-monk-fantasztikus-roubaix-sztorija\/\" \/>\n<meta property=\"og:site_name\" content=\"\u0160koda We Love Cycling - Magyarorsz\u00e1g\" \/>\n<meta property=\"article:publisher\" content=\"https:\/\/www.facebook.com\/WeLoveCyclingHungary\/\" \/>\n<meta property=\"article:published_time\" content=\"2024-04-12T11:00:53+00:00\" \/>\n<meta property=\"og:image\" content=\"https:\/\/d2p6e6u75xmxt8.cloudfront.net\/12\/2024\/04\/nSYVMGytZUabfYxjBror8a-Large.webp\" \/>\n\t<meta property=\"og:image:width\" content=\"1280\" \/>\n\t<meta property=\"og:image:height\" content=\"853\" \/>\n\t<meta property=\"og:image:type\" content=\"image\/webp\" \/>\n<meta name=\"author\" content=\"hegyizs\" \/>\n<meta name=\"twitter:card\" content=\"summary_large_image\" \/>\n<meta name=\"twitter:label1\" content=\"Written by\" \/>\n\t<meta name=\"twitter:data1\" content=\"WLC\" \/>\n\t<meta name=\"twitter:label2\" content=\"Est. reading time\" \/>\n\t<meta name=\"twitter:data2\" content=\"7 minutes\" \/>\n<script type=\"application\/ld+json\" class=\"yoast-schema-graph\">{\"@context\":\"https:\/\/schema.org\",\"@graph\":[{\"@type\":\"WebPage\",\"@id\":\"https:\/\/www.welovecycling.com\/hu\/orszaguti-kerekpar\/ugy-unnepeltek-az-utolsot-mint-a-gyoztest-van-der-poel-es-cyrus-monk-fantasztikus-roubaix-sztorija\/\",\"url\":\"https:\/\/www.welovecycling.com\/hu\/orszaguti-kerekpar\/ugy-unnepeltek-az-utolsot-mint-a-gyoztest-van-der-poel-es-cyrus-monk-fantasztikus-roubaix-sztorija\/\",\"name\":\"\u00dagy \u00fcnnepelt\u00e9k az utols\u00f3t, mint a gy\u0151ztest: van der Poel \u00e9s Cyrus Monk fantasztikus Roubaix-sztorija\",\"isPartOf\":{\"@id\":\"https:\/\/www.welovecycling.com\/hu\/#website\"},\"primaryImageOfPage\":{\"@id\":\"https:\/\/www.welovecycling.com\/hu\/orszaguti-kerekpar\/ugy-unnepeltek-az-utolsot-mint-a-gyoztest-van-der-poel-es-cyrus-monk-fantasztikus-roubaix-sztorija\/#primaryimage\"},\"image\":{\"@id\":\"https:\/\/www.welovecycling.com\/hu\/orszaguti-kerekpar\/ugy-unnepeltek-az-utolsot-mint-a-gyoztest-van-der-poel-es-cyrus-monk-fantasztikus-roubaix-sztorija\/#primaryimage\"},\"thumbnailUrl\":\"https:\/\/d2p6e6u75xmxt8.cloudfront.net\/12\/2024\/04\/nSYVMGytZUabfYxjBror8a-Large.webp\",\"datePublished\":\"2024-04-12T11:00:53+00:00\",\"author\":{\"@id\":\"https:\/\/www.welovecycling.com\/hu\/#\/schema\/person\/414a2aebf1801691a5320edb6468e194\"},\"description\":\"A vil\u00e1g egyik legkem\u00e9nyebb verseny\u00e9n \u00f6nmag\u00e1ban a c\u00e9lba \u00e9r\u00e9s is fel\u00e9r egy gy\u0151zelemmel, ezt az egyik szabadk\u00e1rty\u00e1s bring\u00e1s most a saj\u00e1t b\u0151r\u00e9n tapasztalhatta meg.\",\"breadcrumb\":{\"@id\":\"https:\/\/www.welovecycling.com\/hu\/orszaguti-kerekpar\/ugy-unnepeltek-az-utolsot-mint-a-gyoztest-van-der-poel-es-cyrus-monk-fantasztikus-roubaix-sztorija\/#breadcrumb\"},\"inLanguage\":\"hu\",\"potentialAction\":[{\"@type\":\"ReadAction\",\"target\":[\"https:\/\/www.welovecycling.com\/hu\/orszaguti-kerekpar\/ugy-unnepeltek-az-utolsot-mint-a-gyoztest-van-der-poel-es-cyrus-monk-fantasztikus-roubaix-sztorija\/\"]}]},{\"@type\":\"ImageObject\",\"inLanguage\":\"hu\",\"@id\":\"https:\/\/www.welovecycling.com\/hu\/orszaguti-kerekpar\/ugy-unnepeltek-az-utolsot-mint-a-gyoztest-van-der-poel-es-cyrus-monk-fantasztikus-roubaix-sztorija\/#primaryimage\",\"url\":\"https:\/\/d2p6e6u75xmxt8.cloudfront.net\/12\/2024\/04\/nSYVMGytZUabfYxjBror8a-Large.webp\",\"contentUrl\":\"https:\/\/d2p6e6u75xmxt8.cloudfront.net\/12\/2024\/04\/nSYVMGytZUabfYxjBror8a-Large.webp\",\"width\":1280,\"height\":853},{\"@type\":\"BreadcrumbList\",\"@id\":\"https:\/\/www.welovecycling.com\/hu\/orszaguti-kerekpar\/ugy-unnepeltek-az-utolsot-mint-a-gyoztest-van-der-poel-es-cyrus-monk-fantasztikus-roubaix-sztorija\/#breadcrumb\",\"itemListElement\":[{\"@type\":\"ListItem\",\"position\":1,\"name\":\"Home\",\"item\":\"https:\/\/www.welovecycling.com\/hu\/\"},{\"@type\":\"ListItem\",\"position\":2,\"name\":\"\u00dagy \u00fcnnepelt\u00e9k az utols\u00f3t, mint a gy\u0151ztest: van der Poel \u00e9s Cyrus Monk fantasztikus Roubaix-sztorija\"}]},{\"@type\":\"WebSite\",\"@id\":\"https:\/\/www.welovecycling.com\/hu\/#website\",\"url\":\"https:\/\/www.welovecycling.com\/hu\/\",\"name\":\"\u0160koda We Love Cycling - Magyarorsz\u00e1g\",\"description\":\"\u0160koda WeLoveCycling\",\"potentialAction\":[{\"@type\":\"SearchAction\",\"target\":{\"@type\":\"EntryPoint\",\"urlTemplate\":\"https:\/\/www.welovecycling.com\/hu\/?s={search_term_string}\"},\"query-input\":{\"@type\":\"PropertyValueSpecification\",\"valueRequired\":true,\"valueName\":\"search_term_string\"}}],\"inLanguage\":\"hu\"},{\"@type\":\"Person\",\"@id\":\"https:\/\/www.welovecycling.com\/hu\/#\/schema\/person\/414a2aebf1801691a5320edb6468e194\",\"name\":\"hegyizs\",\"image\":{\"@type\":\"ImageObject\",\"inLanguage\":\"hu\",\"@id\":\"https:\/\/www.welovecycling.com\/hu\/#\/schema\/person\/image\/\",\"url\":\"https:\/\/secure.gravatar.com\/avatar\/02cf8a7906b8cf90cecb4679defac7cfd33a1c2e3b88e4903d947f3bb58eedd3?s=96&d=mm&r=g\",\"contentUrl\":\"https:\/\/secure.gravatar.com\/avatar\/02cf8a7906b8cf90cecb4679defac7cfd33a1c2e3b88e4903d947f3bb58eedd3?s=96&d=mm&r=g\",\"caption\":\"hegyizs\"},\"url\":\"https:\/\/www.welovecycling.com\/hu\/author\/hegyizs\/\"}]}<\/script>\n<!-- \/ Yoast SEO Premium plugin. -->","yoast_head_json":{"title":"\u00dagy \u00fcnnepelt\u00e9k az utols\u00f3t, mint a gy\u0151ztest: van der Poel \u00e9s Cyrus Monk fantasztikus Roubaix-sztorija","description":"A vil\u00e1g egyik legkem\u00e9nyebb verseny\u00e9n \u00f6nmag\u00e1ban a c\u00e9lba \u00e9r\u00e9s is fel\u00e9r egy gy\u0151zelemmel, ezt az egyik szabadk\u00e1rty\u00e1s bring\u00e1s most a saj\u00e1t b\u0151r\u00e9n tapasztalhatta meg.","robots":{"index":"index","follow":"follow","max-snippet":"max-snippet:-1","max-image-preview":"max-image-preview:large","max-video-preview":"max-video-preview:-1"},"canonical":"https:\/\/www.welovecycling.com\/hu\/orszaguti-kerekpar\/ugy-unnepeltek-az-utolsot-mint-a-gyoztest-van-der-poel-es-cyrus-monk-fantasztikus-roubaix-sztorija\/","og_locale":"hu_HU","og_type":"article","og_title":"\u00dagy \u00fcnnepelt\u00e9k az utols\u00f3t, mint a gy\u0151ztest: van der Poel \u00e9s Cyrus Monk fantasztikus Roubaix-sztorija","og_description":"A vil\u00e1g egyik legkem\u00e9nyebb verseny\u00e9n \u00f6nmag\u00e1ban a c\u00e9lba \u00e9r\u00e9s is fel\u00e9r egy gy\u0151zelemmel, ezt az egyik szabadk\u00e1rty\u00e1s bring\u00e1s most a saj\u00e1t b\u0151r\u00e9n tapasztalhatta meg.","og_url":"https:\/\/www.welovecycling.com\/hu\/orszaguti-kerekpar\/ugy-unnepeltek-az-utolsot-mint-a-gyoztest-van-der-poel-es-cyrus-monk-fantasztikus-roubaix-sztorija\/","og_site_name":"\u0160koda We Love Cycling - Magyarorsz\u00e1g","article_publisher":"https:\/\/www.facebook.com\/WeLoveCyclingHungary\/","article_published_time":"2024-04-12T11:00:53+00:00","og_image":[{"width":1280,"height":853,"url":"https:\/\/d2p6e6u75xmxt8.cloudfront.net\/12\/2024\/04\/nSYVMGytZUabfYxjBror8a-Large.webp","type":"image\/webp"}],"author":"hegyizs","twitter_card":"summary_large_image","twitter_misc":{"Written by":"WLC","Est. reading time":"7 minutes"},"schema":{"@context":"https:\/\/schema.org","@graph":[{"@type":"WebPage","@id":"https:\/\/www.welovecycling.com\/hu\/orszaguti-kerekpar\/ugy-unnepeltek-az-utolsot-mint-a-gyoztest-van-der-poel-es-cyrus-monk-fantasztikus-roubaix-sztorija\/","url":"https:\/\/www.welovecycling.com\/hu\/orszaguti-kerekpar\/ugy-unnepeltek-az-utolsot-mint-a-gyoztest-van-der-poel-es-cyrus-monk-fantasztikus-roubaix-sztorija\/","name":"\u00dagy \u00fcnnepelt\u00e9k az utols\u00f3t, mint a gy\u0151ztest: van der Poel \u00e9s Cyrus Monk fantasztikus Roubaix-sztorija","isPartOf":{"@id":"https:\/\/www.welovecycling.com\/hu\/#website"},"primaryImageOfPage":{"@id":"https:\/\/www.welovecycling.com\/hu\/orszaguti-kerekpar\/ugy-unnepeltek-az-utolsot-mint-a-gyoztest-van-der-poel-es-cyrus-monk-fantasztikus-roubaix-sztorija\/#primaryimage"},"image":{"@id":"https:\/\/www.welovecycling.com\/hu\/orszaguti-kerekpar\/ugy-unnepeltek-az-utolsot-mint-a-gyoztest-van-der-poel-es-cyrus-monk-fantasztikus-roubaix-sztorija\/#primaryimage"},"thumbnailUrl":"https:\/\/d2p6e6u75xmxt8.cloudfront.net\/12\/2024\/04\/nSYVMGytZUabfYxjBror8a-Large.webp","datePublished":"2024-04-12T11:00:53+00:00","author":{"@id":"https:\/\/www.welovecycling.com\/hu\/#\/schema\/person\/414a2aebf1801691a5320edb6468e194"},"description":"A vil\u00e1g egyik legkem\u00e9nyebb verseny\u00e9n \u00f6nmag\u00e1ban a c\u00e9lba \u00e9r\u00e9s is fel\u00e9r egy gy\u0151zelemmel, ezt az egyik szabadk\u00e1rty\u00e1s bring\u00e1s most a saj\u00e1t b\u0151r\u00e9n tapasztalhatta meg.","breadcrumb":{"@id":"https:\/\/www.welovecycling.com\/hu\/orszaguti-kerekpar\/ugy-unnepeltek-az-utolsot-mint-a-gyoztest-van-der-poel-es-cyrus-monk-fantasztikus-roubaix-sztorija\/#breadcrumb"},"inLanguage":"hu","potentialAction":[{"@type":"ReadAction","target":["https:\/\/www.welovecycling.com\/hu\/orszaguti-kerekpar\/ugy-unnepeltek-az-utolsot-mint-a-gyoztest-van-der-poel-es-cyrus-monk-fantasztikus-roubaix-sztorija\/"]}]},{"@type":"ImageObject","inLanguage":"hu","@id":"https:\/\/www.welovecycling.com\/hu\/orszaguti-kerekpar\/ugy-unnepeltek-az-utolsot-mint-a-gyoztest-van-der-poel-es-cyrus-monk-fantasztikus-roubaix-sztorija\/#primaryimage","url":"https:\/\/d2p6e6u75xmxt8.cloudfront.net\/12\/2024\/04\/nSYVMGytZUabfYxjBror8a-Large.webp","contentUrl":"https:\/\/d2p6e6u75xmxt8.cloudfront.net\/12\/2024\/04\/nSYVMGytZUabfYxjBror8a-Large.webp","width":1280,"height":853},{"@type":"BreadcrumbList","@id":"https:\/\/www.welovecycling.com\/hu\/orszaguti-kerekpar\/ugy-unnepeltek-az-utolsot-mint-a-gyoztest-van-der-poel-es-cyrus-monk-fantasztikus-roubaix-sztorija\/#breadcrumb","itemListElement":[{"@type":"ListItem","position":1,"name":"Home","item":"https:\/\/www.welovecycling.com\/hu\/"},{"@type":"ListItem","position":2,"name":"\u00dagy \u00fcnnepelt\u00e9k az utols\u00f3t, mint a gy\u0151ztest: van der Poel \u00e9s Cyrus Monk fantasztikus Roubaix-sztorija"}]},{"@type":"WebSite","@id":"https:\/\/www.welovecycling.com\/hu\/#website","url":"https:\/\/www.welovecycling.com\/hu\/","name":"\u0160koda We Love Cycling - Magyarorsz\u00e1g","description":"\u0160koda WeLoveCycling","potentialAction":[{"@type":"SearchAction","target":{"@type":"EntryPoint","urlTemplate":"https:\/\/www.welovecycling.com\/hu\/?s={search_term_string}"},"query-input":{"@type":"PropertyValueSpecification","valueRequired":true,"valueName":"search_term_string"}}],"inLanguage":"hu"},{"@type":"Person","@id":"https:\/\/www.welovecycling.com\/hu\/#\/schema\/person\/414a2aebf1801691a5320edb6468e194","name":"hegyizs","image":{"@type":"ImageObject","inLanguage":"hu","@id":"https:\/\/www.welovecycling.com\/hu\/#\/schema\/person\/image\/","url":"https:\/\/secure.gravatar.com\/avatar\/02cf8a7906b8cf90cecb4679defac7cfd33a1c2e3b88e4903d947f3bb58eedd3?s=96&d=mm&r=g","contentUrl":"https:\/\/secure.gravatar.com\/avatar\/02cf8a7906b8cf90cecb4679defac7cfd33a1c2e3b88e4903d947f3bb58eedd3?s=96&d=mm&r=g","caption":"hegyizs"},"url":"https:\/\/www.welovecycling.com\/hu\/author\/hegyizs\/"}]}},"_links":{"self":[{"href":"https:\/\/www.welovecycling.com\/hu\/wp-json\/wp\/v2\/posts\/18454","targetHints":{"allow":["GET"]}}],"collection":[{"href":"https:\/\/www.welovecycling.com\/hu\/wp-json\/wp\/v2\/posts"}],"about":[{"href":"https:\/\/www.welovecycling.com\/hu\/wp-json\/wp\/v2\/types\/post"}],"author":[{"embeddable":true,"href":"https:\/\/www.welovecycling.com\/hu\/wp-json\/wp\/v2\/users\/71"}],"replies":[{"embeddable":true,"href":"https:\/\/www.welovecycling.com\/hu\/wp-json\/wp\/v2\/comments?post=18454"}],"version-history":[{"count":1,"href":"https:\/\/www.welovecycling.com\/hu\/wp-json\/wp\/v2\/posts\/18454\/revisions"}],"predecessor-version":[{"id":18460,"href":"https:\/\/www.welovecycling.com\/hu\/wp-json\/wp\/v2\/posts\/18454\/revisions\/18460"}],"wp:featuredmedia":[{"embeddable":true,"href":"https:\/\/www.welovecycling.com\/hu\/wp-json\/wp\/v2\/media\/18459"}],"wp:attachment":[{"href":"https:\/\/www.welovecycling.com\/hu\/wp-json\/wp\/v2\/media?parent=18454"}],"wp:term":[{"taxonomy":"category","embeddable":true,"href":"https:\/\/www.welovecycling.com\/hu\/wp-json\/wp\/v2\/categories?post=18454"},{"taxonomy":"post_tag","embeddable":true,"href":"https:\/\/www.welovecycling.com\/hu\/wp-json\/wp\/v2\/tags?post=18454"},{"taxonomy":"global-categories","embeddable":true,"href":"https:\/\/www.welovecycling.com\/hu\/wp-json\/wp\/v2\/global-categories?post=18454"}],"curies":[{"name":"wp","href":"https:\/\/api.w.org\/{rel}","templated":true}]}}