{"id":18447,"date":"2024-04-12T08:00:41","date_gmt":"2024-04-12T06:00:41","guid":{"rendered":"https:\/\/www.welovecycling.com\/hu\/?p=18447"},"modified":"2024-04-05T16:02:37","modified_gmt":"2024-04-05T14:02:37","slug":"pedal-eat-repeat-fedezd-fel-a-legjobb-bringas-gasztro-desztinaciokat","status":"publish","type":"post","link":"https:\/\/www.welovecycling.com\/hu\/kozosseg-es-kultura\/pedal-eat-repeat-fedezd-fel-a-legjobb-bringas-gasztro-desztinaciokat\/","title":{"rendered":"Pedal, Eat, Repeat: Fedezd fel a legjobb bring\u00e1s &#038; gasztro-desztin\u00e1ci\u00f3kat!"},"content":{"rendered":"<p><strong>K\u00e9pzelj el egy utaz\u00e1st, ahol fest\u0151i t\u00e1jakon kereszt\u00fcl ped\u00e1lozol, \u00e9lvezed a kulin\u00e1ris \u00edzeket, \u00e9s magadba sz\u00edvod egy \u00faj \u00fatic\u00e9l vibr\u00e1l\u00f3 kult\u00far\u00e1j\u00e1t. \u00dcdv a gasztro-bring\u00e1s kalandok vil\u00e1g\u00e1ban &#8211; k\u00e9t szenved\u00e9ly csod\u00e1latos kever\u00e9k\u00e9ben, amely egy felejthetetlen ny\u00e1ri utaz\u00e1st \u00edg\u00e9r!<\/strong><\/p>\n<p><!--more--><\/p>\n<p>Ak\u00e1rmennyire is im\u00e1djuk vasparip\u00e1nkat, \u00e9s vele t\u00f6lteni egy teljes vak\u00e1ci\u00f3t, nem \u00e1rt n\u00e9mi extra motiv\u00e1ci\u00f3 az utols\u00f3 kilom\u00e9terekre, f\u0151leg, ha csal\u00e1ddal vagy kev\u00e9sb\u00e9 fanatikus bring\u00e1s bar\u00e1tokkal nyaralsz. Itt j\u00f6nnek k\u00e9pbe a gasztron\u00f3miai desztin\u00e1ci\u00f3k, melyek t\u00f6k\u00e9letesek biciklizni is \u00e9s persze enni is &#8211; semmi sem cs\u00e1b\u00edt\u00f3bb kombin\u00e1ci\u00f3 enn\u00e9l. Ak\u00e1r szenved\u00e9lyes szak\u00e1cs vagy, aki \u00e9ppens\u00e9ggel tekerni is szeret, ak\u00e1r foodie, aki im\u00e1dja felfedezni a k\u00fcl\u00f6nb\u00f6z\u0151 kult\u00far\u00e1kat, a k\u00f6vetkez\u0151 helysz\u00ednek a kaland, a mozg\u00e1s \u00e9s a gasztron\u00f3mia t\u00f6k\u00e9letes kever\u00e9k\u00e9t k\u00edn\u00e1lj\u00e1k!<\/p>\n<p>A toszk\u00e1n dombokt\u00f3l a vietn\u00e1mi b\u00e1jos falvakig, ezek a c\u00e9lpontok mind az \u00edzek, mind a mozg\u00e1s \u00f6r\u00f6m\u00e9t el\u00e9d t\u00e1rj\u00e1k. Nincs m\u00e1s dolgod, csak bepakolni az \u00fatra &#8211; szendvicset ne csomagolj! &#8211; \u00e9s elindulni!<\/p>\n<h2><strong>Toszk\u00e1na, Olaszorsz\u00e1g<\/strong><\/h2>\n<figure id=\"attachment_18021\" aria-describedby=\"caption-attachment-18021\" style=\"width: 990px\" class=\"wp-caption alignnone\"><a href=\"https:\/\/d2p6e6u75xmxt8.cloudfront.net\/12\/2023\/10\/Tuscany-profimedia-0739332607-CVR.webp\"><img loading=\"lazy\" decoding=\"async\" class=\"wp-image-18021 size-full\" src=\"https:\/\/d2p6e6u75xmxt8.cloudfront.net\/12\/2023\/10\/Tuscany-profimedia-0739332607-CVR.webp\" alt=\"Tuscany\" width=\"990\" height=\"660\" srcset=\"https:\/\/d2p6e6u75xmxt8.cloudfront.net\/12\/2023\/10\/Tuscany-profimedia-0739332607-CVR.webp 990w, https:\/\/d2p6e6u75xmxt8.cloudfront.net\/12\/2023\/10\/Tuscany-profimedia-0739332607-CVR-300x200.webp 300w, https:\/\/d2p6e6u75xmxt8.cloudfront.net\/12\/2023\/10\/Tuscany-profimedia-0739332607-CVR-768x512.webp 768w, https:\/\/d2p6e6u75xmxt8.cloudfront.net\/12\/2023\/10\/Tuscany-profimedia-0739332607-CVR-400x267.webp 400w, https:\/\/d2p6e6u75xmxt8.cloudfront.net\/12\/2023\/10\/Tuscany-profimedia-0739332607-CVR-272x182.webp 272w\" sizes=\"auto, (max-width: 990px) 100vw, 990px\" \/><\/a><figcaption id=\"caption-attachment-18021\" class=\"wp-caption-text\">F\u0171szerezd meg az utat egy kis bork\u00f3stol\u00e1ssal Toszk\u00e1n\u00e1ban. \u00a9 Profimedia<\/figcaption><\/figure>\n<p>Fedezd fel Toszk\u00e1na fest\u0151i t\u00e1jait, \u00e9s k\u00e9nyeztesd magad a legend\u00e1s olasz konyha remekeivel! Toszk\u00e1na maga a paradicsom az \u00e9tel- \u00e9s borrajong\u00f3k sz\u00e1m\u00e1ra. K\u00e9pzeld el, ahogy \u00e1ttekersz a napf\u00e9nyes sz\u0151l\u0151skerteken, olajfa-ligeteken \u00e9s k\u00f6z\u00e9pkori hegyi v\u00e1rosokon, \u00e9s meg-meg\u00e1llsz megk\u00f3stolni egy k\u00fcl\u00f6nleges bort, n\u00e9mi sajttal \u00e9s frissen k\u00e9sz\u00fclt t\u00e9szt\u00e1val. A dombos t\u00e1jak \u00e9s a gazdag gasztron\u00f3miai \u00f6r\u00f6ks\u00e9gek feledhetetlenn\u00e9 teszik Toszk\u00e1n\u00e1t.<\/p>\n<h2><strong>Provence, Franciaorsz\u00e1g<\/strong><\/h2>\n<p>Provence, vibr\u00e1l\u00f3 sz\u00edneivel \u00e9s illataival, val\u00f3di ker\u00e9kp\u00e1ros paradicsom. Tekerj leny\u0171g\u00f6z\u0151 \u00fatvonalakon, melyeket levendulamez\u0151k, sz\u0151l\u0151skertek \u00e9s t\u00f6rt\u00e9nelmi kast\u00e9lyok szeg\u00e9lyeznek, \u00e9s \u00e1llj meg a helyi piacokn\u00e1l, hogy megk\u00f3stold a friss term\u00e9nyeket, k\u00e9zm\u0171ves sajtokat \u00e9s illatos f\u0171szereket. Egy bouillabaisse-t\u0151l a tengerparton a b\u0151s\u00e9ges p\u00f6rk\u00f6ltig egy k\u00e9nyelmes bisztr\u00f3ban, a provence-i konyha a szezon\u00e1lis \u00f6sszetev\u0151ket \u00e9s a hagyom\u00e1nyos recepteket \u00fcnnepli.<\/p>\n<h2><strong>Mendoza, Argent\u00edna<\/strong><\/h2>\n<p>Tapasztald meg az Andok hegyeinek sz\u00e9ps\u00e9g\u00e9t, mik\u00f6zben ki\u00e9lvezed Argent\u00edna vil\u00e1gh\u00edr\u0171 borait \u00e9s steak-jeit. Mendoza, az Andok l\u00e1bain\u00e1l fekv\u0151 v\u00e1ros neve egybeforrt a Malbec borral \u00e9s a gourmet konyh\u00e1val. Ker\u00e9kp\u00e1rozz sz\u0151l\u0151skertek k\u00f6z\u00f6tt h\u00f3fedte cs\u00facsokkal a h\u00e1tt\u00e9rben, \u00e9s k\u00f3stold meg a mer\u00e9sz v\u00f6r\u00f6sborokat \u00e9s \u00edzes empanad\u00e1kat. Legyen sz\u00f3 egy rusztikus bodeg\u00e1r\u00f3l vagy egy fine dining \u00e9tteremr\u0151l, Mendoza \u00edzei hosszan megmaradnak majd az eml\u00e9keidben.<\/p>\n<h2><strong>Kyoto, Jap\u00e1n<\/strong><\/h2>\n<figure id=\"attachment_18448\" aria-describedby=\"caption-attachment-18448\" style=\"width: 990px\" class=\"wp-caption alignnone\"><a href=\"https:\/\/d2p6e6u75xmxt8.cloudfront.net\/12\/2024\/04\/Japan-Kyoto-Street-Food-profimedia-0822588221-CVR.webp\"><img loading=\"lazy\" decoding=\"async\" class=\"wp-image-18448 size-full\" src=\"https:\/\/d2p6e6u75xmxt8.cloudfront.net\/12\/2024\/04\/Japan-Kyoto-Street-Food-profimedia-0822588221-CVR.webp\" alt=\"Kyoto street food\" width=\"990\" height=\"660\" srcset=\"https:\/\/d2p6e6u75xmxt8.cloudfront.net\/12\/2024\/04\/Japan-Kyoto-Street-Food-profimedia-0822588221-CVR.webp 990w, https:\/\/d2p6e6u75xmxt8.cloudfront.net\/12\/2024\/04\/Japan-Kyoto-Street-Food-profimedia-0822588221-CVR-300x200.webp 300w, https:\/\/d2p6e6u75xmxt8.cloudfront.net\/12\/2024\/04\/Japan-Kyoto-Street-Food-profimedia-0822588221-CVR-768x512.webp 768w, https:\/\/d2p6e6u75xmxt8.cloudfront.net\/12\/2024\/04\/Japan-Kyoto-Street-Food-profimedia-0822588221-CVR-400x267.webp 400w, https:\/\/d2p6e6u75xmxt8.cloudfront.net\/12\/2024\/04\/Japan-Kyoto-Street-Food-profimedia-0822588221-CVR-272x182.webp 272w\" sizes=\"auto, (max-width: 990px) 100vw, 990px\" \/><\/a><figcaption id=\"caption-attachment-18448\" class=\"wp-caption-text\">Kyotoban a street food fantasztikus! Pr\u00f3b\u00e1ld ki! \u00a9 Profimedia<\/figcaption><\/figure>\n<p>M\u00e9lyedj el Kyoto \u0151si kult\u00far\u00e1j\u00e1ban \u00e9s kifinomult konyh\u00e1j\u00e1ban! Kyoto, \u00e9vsz\u00e1zadok \u00f3ta \u00e1ll\u00f3 templomaival \u00e9s hagyom\u00e1nyos teah\u00e1zaival, leny\u0171g\u00f6z\u0151 betekint\u00e9st ny\u00fajt Jap\u00e1n gazdag kultur\u00e1lis \u00f6r\u00f6ks\u00e9g\u00e9be. Ker\u00e9kp\u00e1rozz bambuszerd\u0151k\u00f6n, csendes kerteken \u00e9s t\u00f6rt\u00e9nelmi negyedeken kereszt\u00fcl, \u00e9s \u00e9lvezd a finom sushit, illatos rament \u00e9s a hagyom\u00e1nyos kaiseki \u00e9teleket! A mindig szezon\u00e1lis \u00e9s k\u00e9zm\u0171ves kyoto-i konyha legal\u00e1bb annyira eleg\u00e1ns, mint amennyire finom.<\/p>\n<h2><strong>Vietn\u00e1m<\/strong><\/h2>\n<p>Vietn\u00e1m, vibr\u00e1l\u00f3 zsong\u00e1s\u00e1val \u00e9s v\u00e1ltozatos t\u00e1jaival, val\u00f3s\u00e1gos egzotikus \u00e1lom. Tekerj pezsg\u0151 v\u00e1rosokon \u00e1t, mint p\u00e9ld\u00e1ul Hanoi \u00e9s Ho Chi Minh, mik\u00f6zben \u00fatk\u00f6zben pho-t, banh mi-t \u00e9s friss tenger gy\u00fcm\u00f6lcseit k\u00f3stolsz. Mer\u00fclj el a vid\u00e9ki \u00e9letben, fedezd fel a Mekong-delta \u00e9s a Sapa magasf\u00f6ldjeinek \u00edzeit, ahol illatos curryket, grillezett h\u00fasokat \u00e9s arom\u00e1s f\u0171szereket fogyaszthatsz. Tartsd \u00e9szben, hogy a sz\u00e1raz \u00e9vszak, amely novembert\u0151l \u00e1prilisig tart, a legn\u00e9pszer\u0171bb id\u0151pont a ker\u00e9kp\u00e1ros l\u00e1togat\u00f3k k\u00f6r\u00e9ben. Ezekben a h\u00f3napokban kellemes a h\u0151m\u00e9rs\u00e9klet, alacsonyabb a p\u00e1ratartalom \u00e9s kevesebb az es\u0151, \u00edgy remek k\u00f6r\u00fclm\u00e9nyeket k\u00edn\u00e1l ez a csod\u00e1latos orsz\u00e1g a ker\u00e9kp\u00e1roz\u00e1shoz.<\/p>\n<h2><strong>Spanyolorsz\u00e1g, Baszkf\u00f6ld<\/strong><\/h2>\n<p>Fedezd fel a Baszkf\u00f6ld gasztron\u00f3miai kincseit, San Sebastian pintxos-it\u00f3l kezdve az astigarragai ciderekig. Baszkf\u00f6ld vad partjai \u00e9s buja dombjai miatt igazi paradicsom a foodiek sz\u00e1m\u00e1ra. Ker\u00e9kp\u00e1rozz a gy\u00f6ny\u00f6r\u0171 utakon, csod\u00e1ld a Bizkaiai-\u00f6b\u00f6l semmihez sem foghat\u00f3 sz\u00e9ps\u00e9g\u00e9t, \u00e9s tarts pihen\u0151ket b\u00e1jos v\u00e1rosokban \u00e9s falvakban, hogy megk\u00f3stold a pintxos-t, a tenger gy\u00fcm\u00f6lcseit \u00e9s a b\u0151s\u00e9ges baszk konyha csod\u00e1it. Mindezt le\u00f6bl\u00edtheted egy poh\u00e1r txakoli borral vagy ciderrel: \u00e9rdemes elmer\u00fclni a r\u00e9gi\u00f3 gazdag gasztron\u00f3miai hagyom\u00e1nyaiban.<\/p>\n<h2><strong>Kaliforniai borvid\u00e9k, Amerikai Egyes\u00fclt \u00c1llamok<\/strong><\/h2>\n<figure id=\"attachment_18449\" aria-describedby=\"caption-attachment-18449\" style=\"width: 1400px\" class=\"wp-caption alignnone\"><a href=\"https:\/\/d2p6e6u75xmxt8.cloudfront.net\/12\/2024\/04\/California-Wine-Country-profimedia-0838084665.webp\"><img loading=\"lazy\" decoding=\"async\" class=\"wp-image-18449 size-full\" src=\"https:\/\/d2p6e6u75xmxt8.cloudfront.net\/12\/2024\/04\/California-Wine-Country-profimedia-0838084665.webp\" alt=\"California wine country\" width=\"1400\" height=\"635\" srcset=\"https:\/\/d2p6e6u75xmxt8.cloudfront.net\/12\/2024\/04\/California-Wine-Country-profimedia-0838084665.webp 1400w, https:\/\/d2p6e6u75xmxt8.cloudfront.net\/12\/2024\/04\/California-Wine-Country-profimedia-0838084665-300x136.webp 300w, https:\/\/d2p6e6u75xmxt8.cloudfront.net\/12\/2024\/04\/California-Wine-Country-profimedia-0838084665-1024x464.webp 1024w, https:\/\/d2p6e6u75xmxt8.cloudfront.net\/12\/2024\/04\/California-Wine-Country-profimedia-0838084665-768x348.webp 768w, https:\/\/d2p6e6u75xmxt8.cloudfront.net\/12\/2024\/04\/California-Wine-Country-profimedia-0838084665-400x181.webp 400w\" sizes=\"auto, (max-width: 1400px) 100vw, 1400px\" \/><\/a><figcaption id=\"caption-attachment-18449\" class=\"wp-caption-text\">\u00c9lvezd a vil\u00e1g legjobb borait! \u00a9 Profimedia<\/figcaption><\/figure>\n<p>A kaliforniai borvid\u00e9k, napf\u00e9nyes domboldalaival \u00e9s mediterr\u00e1n \u00e9ghajlat\u00e1val, a bor- \u00e9s gasztron\u00f3miai kult\u00fara kir\u00e1lyn\u0151je. Bring\u00e1zz ikonikus borvid\u00e9keken, mint amilyen Napa \u00e9s Sonoma, \u00e1llj meg a boutique bor\u00e1szatokn\u00e1l \u00e9s a farm-to-table \u00e9ttermekn\u00e9,l \u00e9s k\u00f3stold meg a friss term\u00e9nyeket \u00e9s a k\u00e9zm\u0171ves sajtokat, miel\u0151tt tov\u00e1bbindulsz! Kalifornia kulin\u00e1ris sz\u00edntere tan\u00fabizonys\u00e1ga a r\u00e9gi\u00f3 b\u0151s\u00e9ges f\u00f6ldjeinek \u00e9s innovat\u00edv s\u00e9fjeinek.<\/p>\n<h2><strong>Szic\u00edlia, Olaszorsz\u00e1g<\/strong><\/h2>\n<p>Fedezd fel Szic\u00edlia v\u00e1ltozatos t\u00e1jait \u00e9s \u00edzeit, az \u0151si romokt\u00f3l a tengerparti falvakig! Gazdag t\u00f6rt\u00e9nelm\u00e9vel \u00e9s eklektikus konyh\u00e1j\u00e1val Szic\u00edlia \u00e9rz\u00e9ki lakom\u00e1kat k\u00edn\u00e1l kalandv\u00e1gy\u00f3 utaz\u00f3knak. Tekerj fest\u0151i, citromligetekkel, sz\u0151l\u0151skertekkel \u00e9s oliva\u00fcltetv\u00e9nyekkel t\u0171zdelt t\u00e1jakon, fedezd fel az \u0151si romokat \u00e9s a b\u00e1jos tengerparti v\u00e1rosokat! K\u00f3stold meg a szic\u00edliai specialit\u00e1sokat, mint amilyen az arancini, cannoli \u00e9s a friss tenger gy\u00fcm\u00f6lcsei. Hamar r\u00e1 fogsz j\u00f6nni, mi\u00e9rt ejti rabul ez a sziget a gasztron\u00f3mia szerelmeseit \u00e9vsz\u00e1zadok \u00f3ta.<\/p>\n","protected":false},"excerpt":{"rendered":"<p>K\u00e9pzelj el egy utaz\u00e1st, ahol fest\u0151i t\u00e1jakon kereszt\u00fcl ped\u00e1lozol, \u00e9lvezed a kulin\u00e1ris \u00edzeket, \u00e9s magadba sz\u00edvod egy \u00faj \u00fatic\u00e9l vibr\u00e1l\u00f3 [&hellip;]<\/p>\n","protected":false},"author":71,"featured_media":18451,"comment_status":"open","ping_status":"open","sticky":false,"template":"","format":"standard","meta":{"footnotes":""},"categories":[12],"tags":[],"global-categories":[],"class_list":["post-18447","post","type-post","status-publish","format-standard","has-post-thumbnail","hentry","category-kozosseg-es-kultura"],"yoast_head":"<!-- This site is optimized with the Yoast SEO Premium plugin v25.3 (Yoast SEO v25.9) - https:\/\/yoast.com\/wordpress\/plugins\/seo\/ -->\n<title>Pedal, Eat, Repeat: Fedezd fel a legjobb bring\u00e1s &amp; gasztro-desztin\u00e1ci\u00f3kat!<\/title>\n<meta name=\"description\" content=\"K\u00e9pzelj el egy utaz\u00e1st, ahol fest\u0151i t\u00e1jakon kereszt\u00fcl ped\u00e1lozol, \u00e9lvezed a kulin\u00e1ris \u00edzeket, \u00e9s magadba sz\u00edvod egy \u00faj \u00fatic\u00e9l vibr\u00e1l\u00f3 kult\u00far\u00e1j\u00e1t. \u00dcdv a gasztro-bring\u00e1s kalandok vil\u00e1g\u00e1ban - k\u00e9t szenved\u00e9ly csod\u00e1latos kever\u00e9k\u00e9ben, amely egy felejthetetlen ny\u00e1ri utaz\u00e1st \u00edg\u00e9r!\" \/>\n<meta name=\"robots\" content=\"index, follow, max-snippet:-1, max-image-preview:large, max-video-preview:-1\" \/>\n<link rel=\"canonical\" href=\"https:\/\/www.welovecycling.com\/hu\/kozosseg-es-kultura\/pedal-eat-repeat-fedezd-fel-a-legjobb-bringas-gasztro-desztinaciokat\/\" \/>\n<meta property=\"og:locale\" content=\"hu_HU\" \/>\n<meta property=\"og:type\" content=\"article\" \/>\n<meta property=\"og:title\" content=\"Pedal, Eat, Repeat: Fedezd fel a legjobb bring\u00e1s &amp; gasztro-desztin\u00e1ci\u00f3kat!\" \/>\n<meta property=\"og:description\" content=\"K\u00e9pzelj el egy utaz\u00e1st, ahol fest\u0151i t\u00e1jakon kereszt\u00fcl ped\u00e1lozol, \u00e9lvezed a kulin\u00e1ris \u00edzeket, \u00e9s magadba sz\u00edvod egy \u00faj \u00fatic\u00e9l vibr\u00e1l\u00f3 kult\u00far\u00e1j\u00e1t. \u00dcdv a gasztro-bring\u00e1s kalandok vil\u00e1g\u00e1ban - k\u00e9t szenved\u00e9ly csod\u00e1latos kever\u00e9k\u00e9ben, amely egy felejthetetlen ny\u00e1ri utaz\u00e1st \u00edg\u00e9r!\" \/>\n<meta property=\"og:url\" content=\"https:\/\/www.welovecycling.com\/hu\/kozosseg-es-kultura\/pedal-eat-repeat-fedezd-fel-a-legjobb-bringas-gasztro-desztinaciokat\/\" \/>\n<meta property=\"og:site_name\" content=\"\u0160koda We Love Cycling - Magyarorsz\u00e1g\" \/>\n<meta property=\"article:publisher\" content=\"https:\/\/www.facebook.com\/WeLoveCyclingHungary\/\" \/>\n<meta property=\"article:published_time\" content=\"2024-04-12T06:00:41+00:00\" \/>\n<meta property=\"og:image\" content=\"https:\/\/d2p6e6u75xmxt8.cloudfront.net\/12\/2024\/04\/Pintxos-profimedia-0860772314.webp\" \/>\n\t<meta property=\"og:image:width\" content=\"990\" \/>\n\t<meta property=\"og:image:height\" content=\"660\" \/>\n\t<meta property=\"og:image:type\" content=\"image\/webp\" \/>\n<meta name=\"author\" content=\"hegyizs\" \/>\n<meta name=\"twitter:card\" content=\"summary_large_image\" \/>\n<meta name=\"twitter:label1\" content=\"Written by\" \/>\n\t<meta name=\"twitter:data1\" content=\"Megan Flottorp\" \/>\n\t<meta name=\"twitter:label2\" content=\"Est. reading time\" \/>\n\t<meta name=\"twitter:data2\" content=\"5\" \/>\n<script type=\"application\/ld+json\" class=\"yoast-schema-graph\">{\"@context\":\"https:\/\/schema.org\",\"@graph\":[{\"@type\":\"WebPage\",\"@id\":\"https:\/\/www.welovecycling.com\/hu\/kozosseg-es-kultura\/pedal-eat-repeat-fedezd-fel-a-legjobb-bringas-gasztro-desztinaciokat\/\",\"url\":\"https:\/\/www.welovecycling.com\/hu\/kozosseg-es-kultura\/pedal-eat-repeat-fedezd-fel-a-legjobb-bringas-gasztro-desztinaciokat\/\",\"name\":\"Pedal, Eat, Repeat: Fedezd fel a legjobb bring\u00e1s & gasztro-desztin\u00e1ci\u00f3kat!\",\"isPartOf\":{\"@id\":\"https:\/\/www.welovecycling.com\/hu\/#website\"},\"primaryImageOfPage\":{\"@id\":\"https:\/\/www.welovecycling.com\/hu\/kozosseg-es-kultura\/pedal-eat-repeat-fedezd-fel-a-legjobb-bringas-gasztro-desztinaciokat\/#primaryimage\"},\"image\":{\"@id\":\"https:\/\/www.welovecycling.com\/hu\/kozosseg-es-kultura\/pedal-eat-repeat-fedezd-fel-a-legjobb-bringas-gasztro-desztinaciokat\/#primaryimage\"},\"thumbnailUrl\":\"https:\/\/d2p6e6u75xmxt8.cloudfront.net\/12\/2024\/04\/Pintxos-profimedia-0860772314.webp\",\"datePublished\":\"2024-04-12T06:00:41+00:00\",\"author\":{\"@id\":\"https:\/\/www.welovecycling.com\/hu\/#\/schema\/person\/414a2aebf1801691a5320edb6468e194\"},\"description\":\"K\u00e9pzelj el egy utaz\u00e1st, ahol fest\u0151i t\u00e1jakon kereszt\u00fcl ped\u00e1lozol, \u00e9lvezed a kulin\u00e1ris \u00edzeket, \u00e9s magadba sz\u00edvod egy \u00faj \u00fatic\u00e9l vibr\u00e1l\u00f3 kult\u00far\u00e1j\u00e1t. \u00dcdv a gasztro-bring\u00e1s kalandok vil\u00e1g\u00e1ban - k\u00e9t szenved\u00e9ly csod\u00e1latos kever\u00e9k\u00e9ben, amely egy felejthetetlen ny\u00e1ri utaz\u00e1st \u00edg\u00e9r!\",\"breadcrumb\":{\"@id\":\"https:\/\/www.welovecycling.com\/hu\/kozosseg-es-kultura\/pedal-eat-repeat-fedezd-fel-a-legjobb-bringas-gasztro-desztinaciokat\/#breadcrumb\"},\"inLanguage\":\"hu\",\"potentialAction\":[{\"@type\":\"ReadAction\",\"target\":[\"https:\/\/www.welovecycling.com\/hu\/kozosseg-es-kultura\/pedal-eat-repeat-fedezd-fel-a-legjobb-bringas-gasztro-desztinaciokat\/\"]}]},{\"@type\":\"ImageObject\",\"inLanguage\":\"hu\",\"@id\":\"https:\/\/www.welovecycling.com\/hu\/kozosseg-es-kultura\/pedal-eat-repeat-fedezd-fel-a-legjobb-bringas-gasztro-desztinaciokat\/#primaryimage\",\"url\":\"https:\/\/d2p6e6u75xmxt8.cloudfront.net\/12\/2024\/04\/Pintxos-profimedia-0860772314.webp\",\"contentUrl\":\"https:\/\/d2p6e6u75xmxt8.cloudfront.net\/12\/2024\/04\/Pintxos-profimedia-0860772314.webp\",\"width\":990,\"height\":660,\"caption\":\"Enjoy pintxos, small snacks typical for Northern Spain.\"},{\"@type\":\"BreadcrumbList\",\"@id\":\"https:\/\/www.welovecycling.com\/hu\/kozosseg-es-kultura\/pedal-eat-repeat-fedezd-fel-a-legjobb-bringas-gasztro-desztinaciokat\/#breadcrumb\",\"itemListElement\":[{\"@type\":\"ListItem\",\"position\":1,\"name\":\"Home\",\"item\":\"https:\/\/www.welovecycling.com\/hu\/\"},{\"@type\":\"ListItem\",\"position\":2,\"name\":\"Pedal, Eat, Repeat: Fedezd fel a legjobb bring\u00e1s &#038; gasztro-desztin\u00e1ci\u00f3kat!\"}]},{\"@type\":\"WebSite\",\"@id\":\"https:\/\/www.welovecycling.com\/hu\/#website\",\"url\":\"https:\/\/www.welovecycling.com\/hu\/\",\"name\":\"\u0160koda We Love Cycling - Magyarorsz\u00e1g\",\"description\":\"\u0160koda WeLoveCycling\",\"potentialAction\":[{\"@type\":\"SearchAction\",\"target\":{\"@type\":\"EntryPoint\",\"urlTemplate\":\"https:\/\/www.welovecycling.com\/hu\/?s={search_term_string}\"},\"query-input\":{\"@type\":\"PropertyValueSpecification\",\"valueRequired\":true,\"valueName\":\"search_term_string\"}}],\"inLanguage\":\"hu\"},{\"@type\":\"Person\",\"@id\":\"https:\/\/www.welovecycling.com\/hu\/#\/schema\/person\/414a2aebf1801691a5320edb6468e194\",\"name\":\"hegyizs\",\"image\":{\"@type\":\"ImageObject\",\"inLanguage\":\"hu\",\"@id\":\"https:\/\/www.welovecycling.com\/hu\/#\/schema\/person\/image\/\",\"url\":\"https:\/\/secure.gravatar.com\/avatar\/02cf8a7906b8cf90cecb4679defac7cfd33a1c2e3b88e4903d947f3bb58eedd3?s=96&d=mm&r=g\",\"contentUrl\":\"https:\/\/secure.gravatar.com\/avatar\/02cf8a7906b8cf90cecb4679defac7cfd33a1c2e3b88e4903d947f3bb58eedd3?s=96&d=mm&r=g\",\"caption\":\"hegyizs\"},\"url\":\"https:\/\/www.welovecycling.com\/hu\/author\/hegyizs\/\"}]}<\/script>\n<!-- \/ Yoast SEO Premium plugin. -->","yoast_head_json":{"title":"Pedal, Eat, Repeat: Fedezd fel a legjobb bring\u00e1s & gasztro-desztin\u00e1ci\u00f3kat!","description":"K\u00e9pzelj el egy utaz\u00e1st, ahol fest\u0151i t\u00e1jakon kereszt\u00fcl ped\u00e1lozol, \u00e9lvezed a kulin\u00e1ris \u00edzeket, \u00e9s magadba sz\u00edvod egy \u00faj \u00fatic\u00e9l vibr\u00e1l\u00f3 kult\u00far\u00e1j\u00e1t. \u00dcdv a gasztro-bring\u00e1s kalandok vil\u00e1g\u00e1ban - k\u00e9t szenved\u00e9ly csod\u00e1latos kever\u00e9k\u00e9ben, amely egy felejthetetlen ny\u00e1ri utaz\u00e1st \u00edg\u00e9r!","robots":{"index":"index","follow":"follow","max-snippet":"max-snippet:-1","max-image-preview":"max-image-preview:large","max-video-preview":"max-video-preview:-1"},"canonical":"https:\/\/www.welovecycling.com\/hu\/kozosseg-es-kultura\/pedal-eat-repeat-fedezd-fel-a-legjobb-bringas-gasztro-desztinaciokat\/","og_locale":"hu_HU","og_type":"article","og_title":"Pedal, Eat, Repeat: Fedezd fel a legjobb bring\u00e1s & gasztro-desztin\u00e1ci\u00f3kat!","og_description":"K\u00e9pzelj el egy utaz\u00e1st, ahol fest\u0151i t\u00e1jakon kereszt\u00fcl ped\u00e1lozol, \u00e9lvezed a kulin\u00e1ris \u00edzeket, \u00e9s magadba sz\u00edvod egy \u00faj \u00fatic\u00e9l vibr\u00e1l\u00f3 kult\u00far\u00e1j\u00e1t. \u00dcdv a gasztro-bring\u00e1s kalandok vil\u00e1g\u00e1ban - k\u00e9t szenved\u00e9ly csod\u00e1latos kever\u00e9k\u00e9ben, amely egy felejthetetlen ny\u00e1ri utaz\u00e1st \u00edg\u00e9r!","og_url":"https:\/\/www.welovecycling.com\/hu\/kozosseg-es-kultura\/pedal-eat-repeat-fedezd-fel-a-legjobb-bringas-gasztro-desztinaciokat\/","og_site_name":"\u0160koda We Love Cycling - Magyarorsz\u00e1g","article_publisher":"https:\/\/www.facebook.com\/WeLoveCyclingHungary\/","article_published_time":"2024-04-12T06:00:41+00:00","og_image":[{"width":990,"height":660,"url":"https:\/\/d2p6e6u75xmxt8.cloudfront.net\/12\/2024\/04\/Pintxos-profimedia-0860772314.webp","type":"image\/webp"}],"author":"hegyizs","twitter_card":"summary_large_image","twitter_misc":{"Written by":"Megan Flottorp","Est. reading time":"5"},"schema":{"@context":"https:\/\/schema.org","@graph":[{"@type":"WebPage","@id":"https:\/\/www.welovecycling.com\/hu\/kozosseg-es-kultura\/pedal-eat-repeat-fedezd-fel-a-legjobb-bringas-gasztro-desztinaciokat\/","url":"https:\/\/www.welovecycling.com\/hu\/kozosseg-es-kultura\/pedal-eat-repeat-fedezd-fel-a-legjobb-bringas-gasztro-desztinaciokat\/","name":"Pedal, Eat, Repeat: Fedezd fel a legjobb bring\u00e1s & gasztro-desztin\u00e1ci\u00f3kat!","isPartOf":{"@id":"https:\/\/www.welovecycling.com\/hu\/#website"},"primaryImageOfPage":{"@id":"https:\/\/www.welovecycling.com\/hu\/kozosseg-es-kultura\/pedal-eat-repeat-fedezd-fel-a-legjobb-bringas-gasztro-desztinaciokat\/#primaryimage"},"image":{"@id":"https:\/\/www.welovecycling.com\/hu\/kozosseg-es-kultura\/pedal-eat-repeat-fedezd-fel-a-legjobb-bringas-gasztro-desztinaciokat\/#primaryimage"},"thumbnailUrl":"https:\/\/d2p6e6u75xmxt8.cloudfront.net\/12\/2024\/04\/Pintxos-profimedia-0860772314.webp","datePublished":"2024-04-12T06:00:41+00:00","author":{"@id":"https:\/\/www.welovecycling.com\/hu\/#\/schema\/person\/414a2aebf1801691a5320edb6468e194"},"description":"K\u00e9pzelj el egy utaz\u00e1st, ahol fest\u0151i t\u00e1jakon kereszt\u00fcl ped\u00e1lozol, \u00e9lvezed a kulin\u00e1ris \u00edzeket, \u00e9s magadba sz\u00edvod egy \u00faj \u00fatic\u00e9l vibr\u00e1l\u00f3 kult\u00far\u00e1j\u00e1t. \u00dcdv a gasztro-bring\u00e1s kalandok vil\u00e1g\u00e1ban - k\u00e9t szenved\u00e9ly csod\u00e1latos kever\u00e9k\u00e9ben, amely egy felejthetetlen ny\u00e1ri utaz\u00e1st \u00edg\u00e9r!","breadcrumb":{"@id":"https:\/\/www.welovecycling.com\/hu\/kozosseg-es-kultura\/pedal-eat-repeat-fedezd-fel-a-legjobb-bringas-gasztro-desztinaciokat\/#breadcrumb"},"inLanguage":"hu","potentialAction":[{"@type":"ReadAction","target":["https:\/\/www.welovecycling.com\/hu\/kozosseg-es-kultura\/pedal-eat-repeat-fedezd-fel-a-legjobb-bringas-gasztro-desztinaciokat\/"]}]},{"@type":"ImageObject","inLanguage":"hu","@id":"https:\/\/www.welovecycling.com\/hu\/kozosseg-es-kultura\/pedal-eat-repeat-fedezd-fel-a-legjobb-bringas-gasztro-desztinaciokat\/#primaryimage","url":"https:\/\/d2p6e6u75xmxt8.cloudfront.net\/12\/2024\/04\/Pintxos-profimedia-0860772314.webp","contentUrl":"https:\/\/d2p6e6u75xmxt8.cloudfront.net\/12\/2024\/04\/Pintxos-profimedia-0860772314.webp","width":990,"height":660,"caption":"Enjoy pintxos, small snacks typical for Northern Spain."},{"@type":"BreadcrumbList","@id":"https:\/\/www.welovecycling.com\/hu\/kozosseg-es-kultura\/pedal-eat-repeat-fedezd-fel-a-legjobb-bringas-gasztro-desztinaciokat\/#breadcrumb","itemListElement":[{"@type":"ListItem","position":1,"name":"Home","item":"https:\/\/www.welovecycling.com\/hu\/"},{"@type":"ListItem","position":2,"name":"Pedal, Eat, Repeat: Fedezd fel a legjobb bring\u00e1s &#038; gasztro-desztin\u00e1ci\u00f3kat!"}]},{"@type":"WebSite","@id":"https:\/\/www.welovecycling.com\/hu\/#website","url":"https:\/\/www.welovecycling.com\/hu\/","name":"\u0160koda We Love Cycling - Magyarorsz\u00e1g","description":"\u0160koda WeLoveCycling","potentialAction":[{"@type":"SearchAction","target":{"@type":"EntryPoint","urlTemplate":"https:\/\/www.welovecycling.com\/hu\/?s={search_term_string}"},"query-input":{"@type":"PropertyValueSpecification","valueRequired":true,"valueName":"search_term_string"}}],"inLanguage":"hu"},{"@type":"Person","@id":"https:\/\/www.welovecycling.com\/hu\/#\/schema\/person\/414a2aebf1801691a5320edb6468e194","name":"hegyizs","image":{"@type":"ImageObject","inLanguage":"hu","@id":"https:\/\/www.welovecycling.com\/hu\/#\/schema\/person\/image\/","url":"https:\/\/secure.gravatar.com\/avatar\/02cf8a7906b8cf90cecb4679defac7cfd33a1c2e3b88e4903d947f3bb58eedd3?s=96&d=mm&r=g","contentUrl":"https:\/\/secure.gravatar.com\/avatar\/02cf8a7906b8cf90cecb4679defac7cfd33a1c2e3b88e4903d947f3bb58eedd3?s=96&d=mm&r=g","caption":"hegyizs"},"url":"https:\/\/www.welovecycling.com\/hu\/author\/hegyizs\/"}]}},"_links":{"self":[{"href":"https:\/\/www.welovecycling.com\/hu\/wp-json\/wp\/v2\/posts\/18447","targetHints":{"allow":["GET"]}}],"collection":[{"href":"https:\/\/www.welovecycling.com\/hu\/wp-json\/wp\/v2\/posts"}],"about":[{"href":"https:\/\/www.welovecycling.com\/hu\/wp-json\/wp\/v2\/types\/post"}],"author":[{"embeddable":true,"href":"https:\/\/www.welovecycling.com\/hu\/wp-json\/wp\/v2\/users\/71"}],"replies":[{"embeddable":true,"href":"https:\/\/www.welovecycling.com\/hu\/wp-json\/wp\/v2\/comments?post=18447"}],"version-history":[{"count":2,"href":"https:\/\/www.welovecycling.com\/hu\/wp-json\/wp\/v2\/posts\/18447\/revisions"}],"predecessor-version":[{"id":18452,"href":"https:\/\/www.welovecycling.com\/hu\/wp-json\/wp\/v2\/posts\/18447\/revisions\/18452"}],"wp:featuredmedia":[{"embeddable":true,"href":"https:\/\/www.welovecycling.com\/hu\/wp-json\/wp\/v2\/media\/18451"}],"wp:attachment":[{"href":"https:\/\/www.welovecycling.com\/hu\/wp-json\/wp\/v2\/media?parent=18447"}],"wp:term":[{"taxonomy":"category","embeddable":true,"href":"https:\/\/www.welovecycling.com\/hu\/wp-json\/wp\/v2\/categories?post=18447"},{"taxonomy":"post_tag","embeddable":true,"href":"https:\/\/www.welovecycling.com\/hu\/wp-json\/wp\/v2\/tags?post=18447"},{"taxonomy":"global-categories","embeddable":true,"href":"https:\/\/www.welovecycling.com\/hu\/wp-json\/wp\/v2\/global-categories?post=18447"}],"curies":[{"name":"wp","href":"https:\/\/api.w.org\/{rel}","templated":true}]}}