{"id":18436,"date":"2024-04-05T08:00:51","date_gmt":"2024-04-05T06:00:51","guid":{"rendered":"https:\/\/www.welovecycling.com\/hu\/?p=18436"},"modified":"2024-03-28T16:34:28","modified_gmt":"2024-03-28T14:34:28","slug":"nehany-eletmento-tipp-hegyikerekparozashoz-ha-egyedul-indulsz-utnak","status":"publish","type":"post","link":"https:\/\/www.welovecycling.com\/hu\/trekking-mtb\/nehany-eletmento-tipp-hegyikerekparozashoz-ha-egyedul-indulsz-utnak\/","title":{"rendered":"N\u00e9h\u00e1ny \u00e9letment\u0151 tipp hegyiker\u00e9kp\u00e1roz\u00e1shoz, ha egyed\u00fcl indulsz \u00fatnak"},"content":{"rendered":"<p><strong>Kev\u00e9s j\u00f3 ok van arra, hogy kihagyj egy izgalmas teker\u00e9st, \u00e9s az, hogy a haverod az utols\u00f3 pillanatban lemondja, biztosan nem az. Az az igazs\u00e1g, hogy biciklizni egyed\u00fcl is j\u00f3, remek lehet\u0151s\u00e9g p\u00e9ld\u00e1ul arra, hogy saj\u00e1t temp\u00f3dban tekerj, \u00e9lvezd a szabads\u00e1got, \u00e9s teszteld az \u00f6n\u00e1ll\u00f3s\u00e1god. De fontos, hogy ne l\u00e9gy k\u00f6nnyelm\u0171! Lehet, hogy a nyeregben igazi kir\u00e1ly vagy, de ha senki sincs a k\u00f6zelben, hogy seg\u00edtsen, ha baj van, \u00f3vatosabbnak kell lenned. Ez persze nem ok arra, hogy otthon maradj. \u00cdme n\u00e9h\u00e1ny \u00e9letment\u0151 tipp, amir\u0151l tudnod kell, miel\u0151tt egyed\u00fcl nekiv\u00e1gn\u00e1l a hegyeknek.<\/strong><\/p>\n<p><!--more--><\/p>\n<h2><strong>Legy\u00e9l teljesen \u00f6nell\u00e1t\u00f3!<\/strong><\/h2>\n<p>Semmiben sem f\u00fcgghetsz m\u00e1sokt\u00f3l, ha egyed\u00fcl vagy! Ez igaz\u00e1b\u00f3l akkor is j\u00f3 tan\u00e1cs, ha csoportban tekersz: k\u00e9sz\u00fclj \u00fagy, hogy csak magadra t\u00e1maszkodhatsz, \u00e9s nem \u00e9rhet baj. \u00c9s ez kiemelten fontos, ha t\u00e9nyleg egyed\u00fcl vagy. Vigy\u00e9l magaddal elegend\u0151 vizet, \u00e9lelmet \u00e9s m\u00e1s ell\u00e1tm\u00e1nyt. M\u00edg csoportos t\u00far\u00e1k sor\u00e1n megoszthatod a felel\u0151ss\u00e9get \u00e9s a terhet a t\u00f6bbiekkel, most minden t\u0151led f\u00fcgg. Szerezz be egy hordozhat\u00f3 pump\u00e1t \u00e9s egy tartal\u00e9k gumibels\u0151t, plusz l\u00e1ncszemeket \u00e9s minden m\u00e1s alapvet\u0151 eszk\u00f6zt! Az erd\u0151ben ragadni egy elszakadt l\u00e1nccal nem \u00e9pp egy le\u00e1ny\u00e1lom\u2026<\/p>\n<p>Ez pedig azt is jelenti, hogy meg kell tudnod jav\u00edtani a kisebb-nagyobb probl\u00e9m\u00e1kat. Tudjuk, hogy nem tudsz minden egyes alkatr\u00e9szb\u0151l magaddal vinni egy extr\u00e1t, de azt biztosan tudnod kell, hogyan jav\u00edthatsz defeketet, hogyan cser\u00e9lj gumit, l\u00e1ncot \u00e9s mit kezdj a f\u00e9kekkel, ha rosszalkodnak.<\/p>\n<p>Ezenk\u00edv\u00fcl gy\u0151z\u0151dj meg arr\u00f3l, hogy elegend\u0151 vizet \u00e9s kb. 20%-kal t\u00f6bb \u00e9telt viszel magaddal, mint ha m\u00e1sokkal menn\u00e9l. Ha valami rosszul s\u00fcl el, el\u0151fordulhat, hogy v\u00e1rnod kell a seg\u00edts\u00e9gre, \u00e9s j\u00f3, ha van n\u00e1lad egy kis \u00e9tel az er\u0151d fenntart\u00e1s\u00e1hoz. Tov\u00e1bb\u00e1, vigy\u00e9l magaddal meleg ruh\u00e1kat m\u00e9g a ny\u00e1ri h\u00f3napokban is. Igen, ez n\u00e9mi plusz s\u00falyt jelent, de a biztons\u00e1g mindig az els\u0151.<\/p>\n<h2><strong>Ellen\u0151rizd a biciklidet a t\u00fara el\u0151tt<\/strong><\/h2>\n<p>Az a helyzet, hogy a legt\u00f6bb probl\u00e9m\u00e1t elker\u00fclheted, ha meggy\u0151z\u0151dsz r\u00f3la, hogy a bring\u00e1d cs\u00facsform\u00e1ban van, miel\u0151tt elinduln\u00e1l. Ez megintcsak fontos csoportos t\u00far\u00e1k eset\u00e9ben is, de ha egyed\u00fcl indulsz el, egyszer\u0171en elengedhetetlen l\u00e9p\u00e9s.Tiszt\u00edtsd le \u00e9s olajozd meg a l\u00e1ncot, gy\u0151z\u0151dj meg r\u00f3la, hogy a gumik \u00e9s a f\u00e9kek megfelel\u0151en m\u0171k\u00f6dnek, \u00e9s figyelj a kop\u00e1s jeleire!<\/p>\n<p>Ha k\u00f6veted oldalunkat, akkor m\u00e1r tudod, hogy a biciklidet a t\u00fara ut\u00e1n kell megtiszt\u00edtani, nem el\u0151tte. De ha a legut\u00f3bbi hegyi kalandod ut\u00e1n piszkosan hagytad, itt az ideje orvosolni a probl\u00e9m\u00e1t.<\/p>\n<figure id=\"attachment_7220\" aria-describedby=\"caption-attachment-7220\" style=\"width: 1366px\" class=\"wp-caption alignnone\"><a href=\"https:\/\/d2p6e6u75xmxt8.cloudfront.net\/12\/2020\/03\/Bike-Lubrication-CVR-profimedia-0378507161.jpg\"><img loading=\"lazy\" decoding=\"async\" class=\"wp-image-7220 size-full\" src=\"https:\/\/d2p6e6u75xmxt8.cloudfront.net\/12\/2020\/03\/Bike-Lubrication-CVR-profimedia-0378507161.jpg\" alt=\"Olajoz\u00e1s\" width=\"1366\" height=\"600\" srcset=\"https:\/\/d2p6e6u75xmxt8.cloudfront.net\/12\/2020\/03\/Bike-Lubrication-CVR-profimedia-0378507161.jpg 1366w, https:\/\/d2p6e6u75xmxt8.cloudfront.net\/12\/2020\/03\/Bike-Lubrication-CVR-profimedia-0378507161-300x132.jpg 300w, https:\/\/d2p6e6u75xmxt8.cloudfront.net\/12\/2020\/03\/Bike-Lubrication-CVR-profimedia-0378507161-768x337.jpg 768w, https:\/\/d2p6e6u75xmxt8.cloudfront.net\/12\/2020\/03\/Bike-Lubrication-CVR-profimedia-0378507161-1024x450.jpg 1024w\" sizes=\"auto, (max-width: 1366px) 100vw, 1366px\" \/><\/a><figcaption id=\"caption-attachment-7220\" class=\"wp-caption-text\">Ne felejtsd el ellen\u0151rizni a biciklidet, miel\u0151tt elindulsz. \u00a9 Profimedia<\/figcaption><\/figure>\n<h2><strong>Viselj sisakot, felfel\u00e9 is!<\/strong><\/h2>\n<p>Sok mountain bike-os ut\u00e1l sisakban m\u00e1szni, amit teljesen meg\u00e9rt\u00fcnk, hiszen kellemetlen\u00fcl meleg, \u00e9s negat\u00edvan befoly\u00e1solhatja a teljes\u00edtm\u00e9nyed. R\u00e1ad\u00e1sul t\u00f6bb vizet \u00e9s elektrolitot kell p\u00f3tolnod az izzad\u00e1s miatt. Ha azonban egyed\u00fcl tekersz, nem kock\u00e1ztathatsz, m\u00e9g felfel\u00e9 sem. Meg kell v\u00e9dened a fejedet minden \u00e1ron. Gondolj bele, hogy b\u00e1rmi t\u00f6rt\u00e9nik, csak te tudsz seg\u00edts\u00e9get h\u00edvni. Teh\u00e1t nem kock\u00e1ztathatod meg, hogy bevered a fejedet \u00e9s elveszted az eszm\u00e9leted. Ez egy olyan forgat\u00f3k\u00f6nyv, aminek a v\u00e9gkifejlet\u00e9re gondolni sem akarunk.<\/p>\n<p>Teh\u00e1t vagy vegy\u00e9l egy k\u00f6nnyebb sisakot a m\u00e1sz\u00e1sokhoz, vagy egyszer\u0171en embereld meg magad \u00e9s tart ki a megl\u00e9v\u0151ben. T\u00f6bbet \u00e9r a biztons\u00e1g, mint a k\u00e9nyelem.<\/p>\n<h2><strong>Maradj a n\u00e9pszer\u0171 utakon<\/strong><\/h2>\n<p>Amennyiben egyed\u00fcl biciklizel, j\u00f3 \u00f6tlet a n\u00e9pszer\u0171 \u00f6sv\u00e9nyekhez ragaszkodni. Ez a legbiztons\u00e1gosabb m\u00f3dszer arra, hogy seg\u00edts\u00e9get k\u00e9rhess, mik\u00f6zben m\u00e9gis egyed\u00fcl vagy. Igen, a nagy forgalom nem ide\u00e1lis a hegyi \u00f6sv\u00e9nyeken, de sokkal jobb, ha van valaki m\u00f6g\u00f6tted, ha elesel \u00e9s megs\u00e9r\u00fclsz, mint egyed\u00fcl rekedni az erd\u0151ben \u00f3r\u00e1kig. Teh\u00e1t, ha egyed\u00fcl biciklizel a hegyekben, az biztosan nem j\u00f3 alkalom arra, hogy \u00faj \u00f6sv\u00e9nyeket fedezz fel \u00e9s keresd a mag\u00e1nyt.<\/p>\n<h2><strong>Oszd meg a szeretteiddel, merre j\u00e1rsz<\/strong><\/h2>\n<p>Ugyanez a helyzet az \u00fatvonallal: olyan \u00f6sv\u00e9nyeket v\u00e1lassz, amiket m\u00e1r ismersz, \u00e9s tervezd meg el\u0151re, hol fogsz tekerni! Lehet az Strava, Komoot vagy b\u00e1rmilyen m\u00e1sik alkalmaz\u00e1s, haszn\u00e1ld ki az \u00fatvonaltervez\u00e9s funkci\u00f3t, hogy legyen egy durva becsl\u00e9sed arr\u00f3l, mennyi ideig leszel t\u00e1vol. Ut\u00e1na oszd meg az \u00fatvonalat a bar\u00e1taiddal \u00e9s a szeretteiddel.<\/p>\n<p>Szint\u00e9n nem t\u00fal j\u00f3 d\u00f6nt\u00e9s letagadni a p\u00e1rod el\u0151tt, hogy m\u00e1r megint tekerni indulsz. Ha a kedvesed visszatart att\u00f3l, hogy nyeregbe \u00fclj, biztosan nem az a megold\u00e1s, hogy azt hazudod, munk\u00e1ba indulsz. Mondd el neki, hov\u00e1 m\u00e9sz \u00e9s k\u00fcld el a tervezett \u00fatvonalat; ha b\u00e1rmi t\u00f6rt\u00e9nik, legal\u00e1bb tudni fogja, hol keressen.<\/p>\n<p>V\u00e9g\u00fcl pedig: ne felejts el id\u0151nk\u00e9nt k\u00e9pet k\u00fcldeni valakinek. Nem csak az\u00e9rt, hogy l\u00e1ss\u00e1k, j\u00f3l vagy, hanem az\u00e9rt is, hogy kicsit irigykedhessenek!<\/p>\n<h2><strong>Nyomk\u00f6vet\u00e9s<\/strong><\/h2>\n<p>Ha szeretn\u00e9l m\u00e9g tov\u00e1bb menni, haszn\u00e1lj nyomk\u00f6vet\u0151t! Sz\u00e1mos m\u00f3dszer l\u00e9tezik erre, de m\u00e1r sok ker\u00e9kp\u00e1ros \u00f3ra \u00e9s app is k\u00edn\u00e1lja ezt a funkci\u00f3t. Ha nincs ilyesmid, ak\u00e1r a FB Messenger vagy a WhatsApp funkci\u00f3j\u00e1t is haszn\u00e1lhatod. \u00cdgy minden bar\u00e1tod \u00e9s csal\u00e1dtagod pontosan tudni fogja, hol vagy.<\/p>\n<p>R\u00e1ad\u00e1sul ezeknek az alkalmaz\u00e1soknak lehet\u0151s\u00e9g\u00fck van \u00e9rtes\u00edt\u00e9seket k\u00fcldeni, ha egy ideje nem mozdult\u00e1l el egy helyr\u0151l, vagy a ker\u00e9kp\u00e1ros computer eset\u00e9n, ha meghib\u00e1sodik vagy s\u00falyos \u00fct\u00e9st kap.<\/p>\n<p>\u00cdgy, ha bajba ker\u00fclsz, a bar\u00e1taid vagy csal\u00e1dtagjaid seg\u00edts\u00e9get tudnak k\u00fcldeni a pontos tart\u00f3zkod\u00e1si helyedre.<\/p>\n<p>Fontos megjegyezni, hogy ezek az alkalmaz\u00e1sok el\u00e9g gyorsan lemer\u00edtik a telefonod, \u00edgy \u00e9rdemes magaddal vinni egy power bank-et.<\/p>\n<h2><strong>Legyen felt\u00f6ltve minden elektromos eszk\u00f6z\u00f6d<\/strong><\/h2>\n<p>Gy\u0151z\u0151dj meg r\u00f3la, hogy minden elektronikus eszk\u00f6zt, bele\u00e9rtve a l\u00e1mp\u00e1kat is, teljesen felt\u00f6lt\u00f6tt\u00e9l, miel\u0151tt elinduln\u00e1l.<\/p>\n<p>Tartsd \u00e9szben, hogy az akkumul\u00e1torok gyorsabban mer\u00fclnek, ha kint hidegebb az id\u0151j\u00e1r\u00e1s. Ha tervezed, hogy a naplemente ut\u00e1n is m\u00e9g tekerni fogsz, legyen n\u00e1lad legal\u00e1bb k\u00e9t f\u00e9nyforr\u00e1s! Sosem tudhatod, mikor mondja fel a fejl\u00e1mp\u00e1d a szolg\u00e1latot, vagy mikor t\u00f6rik el egy es\u00e9s miatt. Ha van alternat\u00edv\u00e1d, az seg\u00edt elker\u00fclni azt a sz\u00f6rny\u0171 \u00e9lm\u00e9nyt, amikor az okostelefonod f\u00e9ny\u00e9n\u00e9l kell t\u00e1j\u00e9koz\u00f3dnod.<\/p>\n<h2><strong>Ismerd a hat\u00e1raidat<\/strong><\/h2>\n<p>V\u00e9g\u00fcl pedig, egy dolog, ami t\u00e9nyleg megmentheti az \u00e9leted: tudd, hogy mikor kell abbahagyni. Ez nagy k\u00fcl\u00f6nbs\u00e9g egy halad\u00f3 \u00e9s egy kezd\u0151 ker\u00e9kp\u00e1ros k\u00f6z\u00f6tt. Az \u00fajoncok \u00e1ltal\u00e1ban tele vannak adrenalinnal, \u00e9s gyakran t\u00fal\u00e9rt\u00e9kelik saj\u00e1t k\u00e9pess\u00e9geiket. Egy profi tudja, hol a hat\u00e1r. \u00c9s azt is, hogy vesz\u00e9lyes \u00e1tl\u00e9pni.<\/p>\n<p>Amikor egyed\u00fcl vagy, egy\u00e1ltal\u00e1n nem j\u00f3 \u00f6tlet rekordokat d\u00f6nteni vagy \u00faj dolgokat kipr\u00f3b\u00e1lni. Egy ugr\u00e1s, ami m\u00e1r hetek \u00f3ta piszk\u00e1l, m\u00e9g v\u00e1rhat n\u00e9h\u00e1ny napot. Nincs \u00e9rtelme felesleges kock\u00e1zatokat v\u00e1llalni, amikor senki sem tud seg\u00edteni, ha baj van. Legyen ez egy k\u00f6nnyed teker\u00e9s, \u00e9s hagyd az extr\u00e9m neh\u00e9z r\u00e9szeket arra az id\u0151pontra, amikor van valaki melletted. Lass\u00edts \u00e9s egyszer\u0171en \u00e9lvezd az utat!<\/p>\n<h2><strong>Mindig jobb, ha van t\u00e1rsad<\/strong><\/h2>\n<p>M\u00e9gis, ha nem kell egyed\u00fcl biciklizned, ne tedd. T\u00e1rsas\u00e1ggal mindig jobb! \u00cdgy megoszthatod az izgalmakat, motiv\u00e1lhatj\u00e1tok egym\u00e1st, jav\u00edtjhatj\u00e1tok a teljes\u00edtm\u00e9nyeteket, \u00e9s seg\u00edthettek egym\u00e1snak. V\u00e9g\u00fcl is, a hegyiker\u00e9kp\u00e1roz\u00e1s k\u00f6z\u00f6ss\u00e9gi tev\u00e9kenys\u00e9g. Nem baj persze, ha el\u0151fordul, hogy egyed\u00fcl indulsz \u00fatnak, de ne ez legyen az alap!<\/p>\n","protected":false},"excerpt":{"rendered":"<p>Kev\u00e9s j\u00f3 ok van arra, hogy kihagyj egy izgalmas teker\u00e9st, \u00e9s az, hogy a haverod az utols\u00f3 pillanatban lemondja, biztosan [&hellip;]<\/p>\n","protected":false},"author":71,"featured_media":18438,"comment_status":"open","ping_status":"open","sticky":false,"template":"","format":"standard","meta":{"footnotes":""},"categories":[7],"tags":[],"global-categories":[],"class_list":["post-18436","post","type-post","status-publish","format-standard","has-post-thumbnail","hentry","category-trekking-mtb"],"yoast_head":"<!-- This site is optimized with the Yoast SEO Premium plugin v25.3 (Yoast SEO v25.9) - https:\/\/yoast.com\/wordpress\/plugins\/seo\/ -->\n<title>N\u00e9h\u00e1ny \u00e9letment\u0151 tipp hegyiker\u00e9kp\u00e1roz\u00e1shoz, ha egyed\u00fcl indulsz \u00fatnak<\/title>\n<meta name=\"description\" content=\"Kev\u00e9s j\u00f3 ok van arra, hogy kihagyj egy izgalmas teker\u00e9st, \u00e9s az, hogy a haverod az utols\u00f3 pillanatban lemondja, biztosan nem az. Az az igazs\u00e1g, hogy biciklizni egyed\u00fcl is j\u00f3, remek lehet\u0151s\u00e9g p\u00e9ld\u00e1ul arra, hogy saj\u00e1t temp\u00f3dban tekerj, \u00e9lvezd a szabads\u00e1got, \u00e9s teszteld az \u00f6n\u00e1ll\u00f3s\u00e1god.\" \/>\n<meta name=\"robots\" content=\"index, follow, max-snippet:-1, max-image-preview:large, max-video-preview:-1\" \/>\n<link rel=\"canonical\" href=\"https:\/\/www.welovecycling.com\/hu\/trekking-mtb\/nehany-eletmento-tipp-hegyikerekparozashoz-ha-egyedul-indulsz-utnak\/\" \/>\n<meta property=\"og:locale\" content=\"hu_HU\" \/>\n<meta property=\"og:type\" content=\"article\" \/>\n<meta property=\"og:title\" content=\"N\u00e9h\u00e1ny \u00e9letment\u0151 tipp hegyiker\u00e9kp\u00e1roz\u00e1shoz, ha egyed\u00fcl indulsz \u00fatnak\" \/>\n<meta property=\"og:description\" content=\"Kev\u00e9s j\u00f3 ok van arra, hogy kihagyj egy izgalmas teker\u00e9st, \u00e9s az, hogy a haverod az utols\u00f3 pillanatban lemondja, biztosan nem az. Az az igazs\u00e1g, hogy biciklizni egyed\u00fcl is j\u00f3, remek lehet\u0151s\u00e9g p\u00e9ld\u00e1ul arra, hogy saj\u00e1t temp\u00f3dban tekerj, \u00e9lvezd a szabads\u00e1got, \u00e9s teszteld az \u00f6n\u00e1ll\u00f3s\u00e1god.\" \/>\n<meta property=\"og:url\" content=\"https:\/\/www.welovecycling.com\/hu\/trekking-mtb\/nehany-eletmento-tipp-hegyikerekparozashoz-ha-egyedul-indulsz-utnak\/\" \/>\n<meta property=\"og:site_name\" content=\"\u0160koda We Love Cycling - Magyarorsz\u00e1g\" \/>\n<meta property=\"article:publisher\" content=\"https:\/\/www.facebook.com\/WeLoveCyclingHungary\/\" \/>\n<meta property=\"article:published_time\" content=\"2024-04-05T06:00:51+00:00\" \/>\n<meta property=\"og:image\" content=\"https:\/\/d2p6e6u75xmxt8.cloudfront.net\/12\/2024\/03\/MTB-Downhill-Solo-Ride-profimedia-0856502312-CVR.webp\" \/>\n\t<meta property=\"og:image:width\" content=\"990\" \/>\n\t<meta property=\"og:image:height\" content=\"660\" \/>\n\t<meta property=\"og:image:type\" content=\"image\/webp\" \/>\n<meta name=\"author\" content=\"hegyizs\" \/>\n<meta name=\"twitter:card\" content=\"summary_large_image\" \/>\n<meta name=\"twitter:label1\" content=\"Written by\" \/>\n\t<meta name=\"twitter:data1\" content=\"Martin Atanasov\" \/>\n\t<meta name=\"twitter:label2\" content=\"Est. reading time\" \/>\n\t<meta name=\"twitter:data2\" content=\"5\" \/>\n<script type=\"application\/ld+json\" class=\"yoast-schema-graph\">{\"@context\":\"https:\/\/schema.org\",\"@graph\":[{\"@type\":\"WebPage\",\"@id\":\"https:\/\/www.welovecycling.com\/hu\/trekking-mtb\/nehany-eletmento-tipp-hegyikerekparozashoz-ha-egyedul-indulsz-utnak\/\",\"url\":\"https:\/\/www.welovecycling.com\/hu\/trekking-mtb\/nehany-eletmento-tipp-hegyikerekparozashoz-ha-egyedul-indulsz-utnak\/\",\"name\":\"N\u00e9h\u00e1ny \u00e9letment\u0151 tipp hegyiker\u00e9kp\u00e1roz\u00e1shoz, ha egyed\u00fcl indulsz \u00fatnak\",\"isPartOf\":{\"@id\":\"https:\/\/www.welovecycling.com\/hu\/#website\"},\"primaryImageOfPage\":{\"@id\":\"https:\/\/www.welovecycling.com\/hu\/trekking-mtb\/nehany-eletmento-tipp-hegyikerekparozashoz-ha-egyedul-indulsz-utnak\/#primaryimage\"},\"image\":{\"@id\":\"https:\/\/www.welovecycling.com\/hu\/trekking-mtb\/nehany-eletmento-tipp-hegyikerekparozashoz-ha-egyedul-indulsz-utnak\/#primaryimage\"},\"thumbnailUrl\":\"https:\/\/d2p6e6u75xmxt8.cloudfront.net\/12\/2024\/03\/MTB-Downhill-Solo-Ride-profimedia-0856502312-CVR.webp\",\"datePublished\":\"2024-04-05T06:00:51+00:00\",\"author\":{\"@id\":\"https:\/\/www.welovecycling.com\/hu\/#\/schema\/person\/414a2aebf1801691a5320edb6468e194\"},\"description\":\"Kev\u00e9s j\u00f3 ok van arra, hogy kihagyj egy izgalmas teker\u00e9st, \u00e9s az, hogy a haverod az utols\u00f3 pillanatban lemondja, biztosan nem az. Az az igazs\u00e1g, hogy biciklizni egyed\u00fcl is j\u00f3, remek lehet\u0151s\u00e9g p\u00e9ld\u00e1ul arra, hogy saj\u00e1t temp\u00f3dban tekerj, \u00e9lvezd a szabads\u00e1got, \u00e9s teszteld az \u00f6n\u00e1ll\u00f3s\u00e1god.\",\"breadcrumb\":{\"@id\":\"https:\/\/www.welovecycling.com\/hu\/trekking-mtb\/nehany-eletmento-tipp-hegyikerekparozashoz-ha-egyedul-indulsz-utnak\/#breadcrumb\"},\"inLanguage\":\"hu\",\"potentialAction\":[{\"@type\":\"ReadAction\",\"target\":[\"https:\/\/www.welovecycling.com\/hu\/trekking-mtb\/nehany-eletmento-tipp-hegyikerekparozashoz-ha-egyedul-indulsz-utnak\/\"]}]},{\"@type\":\"ImageObject\",\"inLanguage\":\"hu\",\"@id\":\"https:\/\/www.welovecycling.com\/hu\/trekking-mtb\/nehany-eletmento-tipp-hegyikerekparozashoz-ha-egyedul-indulsz-utnak\/#primaryimage\",\"url\":\"https:\/\/d2p6e6u75xmxt8.cloudfront.net\/12\/2024\/03\/MTB-Downhill-Solo-Ride-profimedia-0856502312-CVR.webp\",\"contentUrl\":\"https:\/\/d2p6e6u75xmxt8.cloudfront.net\/12\/2024\/03\/MTB-Downhill-Solo-Ride-profimedia-0856502312-CVR.webp\",\"width\":990,\"height\":660,\"caption\":\"Downhill\"},{\"@type\":\"BreadcrumbList\",\"@id\":\"https:\/\/www.welovecycling.com\/hu\/trekking-mtb\/nehany-eletmento-tipp-hegyikerekparozashoz-ha-egyedul-indulsz-utnak\/#breadcrumb\",\"itemListElement\":[{\"@type\":\"ListItem\",\"position\":1,\"name\":\"Home\",\"item\":\"https:\/\/www.welovecycling.com\/hu\/\"},{\"@type\":\"ListItem\",\"position\":2,\"name\":\"N\u00e9h\u00e1ny \u00e9letment\u0151 tipp hegyiker\u00e9kp\u00e1roz\u00e1shoz, ha egyed\u00fcl indulsz \u00fatnak\"}]},{\"@type\":\"WebSite\",\"@id\":\"https:\/\/www.welovecycling.com\/hu\/#website\",\"url\":\"https:\/\/www.welovecycling.com\/hu\/\",\"name\":\"\u0160koda We Love Cycling - Magyarorsz\u00e1g\",\"description\":\"\u0160koda WeLoveCycling\",\"potentialAction\":[{\"@type\":\"SearchAction\",\"target\":{\"@type\":\"EntryPoint\",\"urlTemplate\":\"https:\/\/www.welovecycling.com\/hu\/?s={search_term_string}\"},\"query-input\":{\"@type\":\"PropertyValueSpecification\",\"valueRequired\":true,\"valueName\":\"search_term_string\"}}],\"inLanguage\":\"hu\"},{\"@type\":\"Person\",\"@id\":\"https:\/\/www.welovecycling.com\/hu\/#\/schema\/person\/414a2aebf1801691a5320edb6468e194\",\"name\":\"hegyizs\",\"image\":{\"@type\":\"ImageObject\",\"inLanguage\":\"hu\",\"@id\":\"https:\/\/www.welovecycling.com\/hu\/#\/schema\/person\/image\/\",\"url\":\"https:\/\/secure.gravatar.com\/avatar\/02cf8a7906b8cf90cecb4679defac7cfd33a1c2e3b88e4903d947f3bb58eedd3?s=96&d=mm&r=g\",\"contentUrl\":\"https:\/\/secure.gravatar.com\/avatar\/02cf8a7906b8cf90cecb4679defac7cfd33a1c2e3b88e4903d947f3bb58eedd3?s=96&d=mm&r=g\",\"caption\":\"hegyizs\"},\"url\":\"https:\/\/www.welovecycling.com\/hu\/author\/hegyizs\/\"}]}<\/script>\n<!-- \/ Yoast SEO Premium plugin. -->","yoast_head_json":{"title":"N\u00e9h\u00e1ny \u00e9letment\u0151 tipp hegyiker\u00e9kp\u00e1roz\u00e1shoz, ha egyed\u00fcl indulsz \u00fatnak","description":"Kev\u00e9s j\u00f3 ok van arra, hogy kihagyj egy izgalmas teker\u00e9st, \u00e9s az, hogy a haverod az utols\u00f3 pillanatban lemondja, biztosan nem az. Az az igazs\u00e1g, hogy biciklizni egyed\u00fcl is j\u00f3, remek lehet\u0151s\u00e9g p\u00e9ld\u00e1ul arra, hogy saj\u00e1t temp\u00f3dban tekerj, \u00e9lvezd a szabads\u00e1got, \u00e9s teszteld az \u00f6n\u00e1ll\u00f3s\u00e1god.","robots":{"index":"index","follow":"follow","max-snippet":"max-snippet:-1","max-image-preview":"max-image-preview:large","max-video-preview":"max-video-preview:-1"},"canonical":"https:\/\/www.welovecycling.com\/hu\/trekking-mtb\/nehany-eletmento-tipp-hegyikerekparozashoz-ha-egyedul-indulsz-utnak\/","og_locale":"hu_HU","og_type":"article","og_title":"N\u00e9h\u00e1ny \u00e9letment\u0151 tipp hegyiker\u00e9kp\u00e1roz\u00e1shoz, ha egyed\u00fcl indulsz \u00fatnak","og_description":"Kev\u00e9s j\u00f3 ok van arra, hogy kihagyj egy izgalmas teker\u00e9st, \u00e9s az, hogy a haverod az utols\u00f3 pillanatban lemondja, biztosan nem az. Az az igazs\u00e1g, hogy biciklizni egyed\u00fcl is j\u00f3, remek lehet\u0151s\u00e9g p\u00e9ld\u00e1ul arra, hogy saj\u00e1t temp\u00f3dban tekerj, \u00e9lvezd a szabads\u00e1got, \u00e9s teszteld az \u00f6n\u00e1ll\u00f3s\u00e1god.","og_url":"https:\/\/www.welovecycling.com\/hu\/trekking-mtb\/nehany-eletmento-tipp-hegyikerekparozashoz-ha-egyedul-indulsz-utnak\/","og_site_name":"\u0160koda We Love Cycling - Magyarorsz\u00e1g","article_publisher":"https:\/\/www.facebook.com\/WeLoveCyclingHungary\/","article_published_time":"2024-04-05T06:00:51+00:00","og_image":[{"width":990,"height":660,"url":"https:\/\/d2p6e6u75xmxt8.cloudfront.net\/12\/2024\/03\/MTB-Downhill-Solo-Ride-profimedia-0856502312-CVR.webp","type":"image\/webp"}],"author":"hegyizs","twitter_card":"summary_large_image","twitter_misc":{"Written by":"Martin Atanasov","Est. reading time":"5"},"schema":{"@context":"https:\/\/schema.org","@graph":[{"@type":"WebPage","@id":"https:\/\/www.welovecycling.com\/hu\/trekking-mtb\/nehany-eletmento-tipp-hegyikerekparozashoz-ha-egyedul-indulsz-utnak\/","url":"https:\/\/www.welovecycling.com\/hu\/trekking-mtb\/nehany-eletmento-tipp-hegyikerekparozashoz-ha-egyedul-indulsz-utnak\/","name":"N\u00e9h\u00e1ny \u00e9letment\u0151 tipp hegyiker\u00e9kp\u00e1roz\u00e1shoz, ha egyed\u00fcl indulsz \u00fatnak","isPartOf":{"@id":"https:\/\/www.welovecycling.com\/hu\/#website"},"primaryImageOfPage":{"@id":"https:\/\/www.welovecycling.com\/hu\/trekking-mtb\/nehany-eletmento-tipp-hegyikerekparozashoz-ha-egyedul-indulsz-utnak\/#primaryimage"},"image":{"@id":"https:\/\/www.welovecycling.com\/hu\/trekking-mtb\/nehany-eletmento-tipp-hegyikerekparozashoz-ha-egyedul-indulsz-utnak\/#primaryimage"},"thumbnailUrl":"https:\/\/d2p6e6u75xmxt8.cloudfront.net\/12\/2024\/03\/MTB-Downhill-Solo-Ride-profimedia-0856502312-CVR.webp","datePublished":"2024-04-05T06:00:51+00:00","author":{"@id":"https:\/\/www.welovecycling.com\/hu\/#\/schema\/person\/414a2aebf1801691a5320edb6468e194"},"description":"Kev\u00e9s j\u00f3 ok van arra, hogy kihagyj egy izgalmas teker\u00e9st, \u00e9s az, hogy a haverod az utols\u00f3 pillanatban lemondja, biztosan nem az. Az az igazs\u00e1g, hogy biciklizni egyed\u00fcl is j\u00f3, remek lehet\u0151s\u00e9g p\u00e9ld\u00e1ul arra, hogy saj\u00e1t temp\u00f3dban tekerj, \u00e9lvezd a szabads\u00e1got, \u00e9s teszteld az \u00f6n\u00e1ll\u00f3s\u00e1god.","breadcrumb":{"@id":"https:\/\/www.welovecycling.com\/hu\/trekking-mtb\/nehany-eletmento-tipp-hegyikerekparozashoz-ha-egyedul-indulsz-utnak\/#breadcrumb"},"inLanguage":"hu","potentialAction":[{"@type":"ReadAction","target":["https:\/\/www.welovecycling.com\/hu\/trekking-mtb\/nehany-eletmento-tipp-hegyikerekparozashoz-ha-egyedul-indulsz-utnak\/"]}]},{"@type":"ImageObject","inLanguage":"hu","@id":"https:\/\/www.welovecycling.com\/hu\/trekking-mtb\/nehany-eletmento-tipp-hegyikerekparozashoz-ha-egyedul-indulsz-utnak\/#primaryimage","url":"https:\/\/d2p6e6u75xmxt8.cloudfront.net\/12\/2024\/03\/MTB-Downhill-Solo-Ride-profimedia-0856502312-CVR.webp","contentUrl":"https:\/\/d2p6e6u75xmxt8.cloudfront.net\/12\/2024\/03\/MTB-Downhill-Solo-Ride-profimedia-0856502312-CVR.webp","width":990,"height":660,"caption":"Downhill"},{"@type":"BreadcrumbList","@id":"https:\/\/www.welovecycling.com\/hu\/trekking-mtb\/nehany-eletmento-tipp-hegyikerekparozashoz-ha-egyedul-indulsz-utnak\/#breadcrumb","itemListElement":[{"@type":"ListItem","position":1,"name":"Home","item":"https:\/\/www.welovecycling.com\/hu\/"},{"@type":"ListItem","position":2,"name":"N\u00e9h\u00e1ny \u00e9letment\u0151 tipp hegyiker\u00e9kp\u00e1roz\u00e1shoz, ha egyed\u00fcl indulsz \u00fatnak"}]},{"@type":"WebSite","@id":"https:\/\/www.welovecycling.com\/hu\/#website","url":"https:\/\/www.welovecycling.com\/hu\/","name":"\u0160koda We Love Cycling - Magyarorsz\u00e1g","description":"\u0160koda WeLoveCycling","potentialAction":[{"@type":"SearchAction","target":{"@type":"EntryPoint","urlTemplate":"https:\/\/www.welovecycling.com\/hu\/?s={search_term_string}"},"query-input":{"@type":"PropertyValueSpecification","valueRequired":true,"valueName":"search_term_string"}}],"inLanguage":"hu"},{"@type":"Person","@id":"https:\/\/www.welovecycling.com\/hu\/#\/schema\/person\/414a2aebf1801691a5320edb6468e194","name":"hegyizs","image":{"@type":"ImageObject","inLanguage":"hu","@id":"https:\/\/www.welovecycling.com\/hu\/#\/schema\/person\/image\/","url":"https:\/\/secure.gravatar.com\/avatar\/02cf8a7906b8cf90cecb4679defac7cfd33a1c2e3b88e4903d947f3bb58eedd3?s=96&d=mm&r=g","contentUrl":"https:\/\/secure.gravatar.com\/avatar\/02cf8a7906b8cf90cecb4679defac7cfd33a1c2e3b88e4903d947f3bb58eedd3?s=96&d=mm&r=g","caption":"hegyizs"},"url":"https:\/\/www.welovecycling.com\/hu\/author\/hegyizs\/"}]}},"_links":{"self":[{"href":"https:\/\/www.welovecycling.com\/hu\/wp-json\/wp\/v2\/posts\/18436","targetHints":{"allow":["GET"]}}],"collection":[{"href":"https:\/\/www.welovecycling.com\/hu\/wp-json\/wp\/v2\/posts"}],"about":[{"href":"https:\/\/www.welovecycling.com\/hu\/wp-json\/wp\/v2\/types\/post"}],"author":[{"embeddable":true,"href":"https:\/\/www.welovecycling.com\/hu\/wp-json\/wp\/v2\/users\/71"}],"replies":[{"embeddable":true,"href":"https:\/\/www.welovecycling.com\/hu\/wp-json\/wp\/v2\/comments?post=18436"}],"version-history":[{"count":3,"href":"https:\/\/www.welovecycling.com\/hu\/wp-json\/wp\/v2\/posts\/18436\/revisions"}],"predecessor-version":[{"id":18440,"href":"https:\/\/www.welovecycling.com\/hu\/wp-json\/wp\/v2\/posts\/18436\/revisions\/18440"}],"wp:featuredmedia":[{"embeddable":true,"href":"https:\/\/www.welovecycling.com\/hu\/wp-json\/wp\/v2\/media\/18438"}],"wp:attachment":[{"href":"https:\/\/www.welovecycling.com\/hu\/wp-json\/wp\/v2\/media?parent=18436"}],"wp:term":[{"taxonomy":"category","embeddable":true,"href":"https:\/\/www.welovecycling.com\/hu\/wp-json\/wp\/v2\/categories?post=18436"},{"taxonomy":"post_tag","embeddable":true,"href":"https:\/\/www.welovecycling.com\/hu\/wp-json\/wp\/v2\/tags?post=18436"},{"taxonomy":"global-categories","embeddable":true,"href":"https:\/\/www.welovecycling.com\/hu\/wp-json\/wp\/v2\/global-categories?post=18436"}],"curies":[{"name":"wp","href":"https:\/\/api.w.org\/{rel}","templated":true}]}}