{"id":18431,"date":"2024-03-28T15:40:18","date_gmt":"2024-03-28T13:40:18","guid":{"rendered":"https:\/\/www.welovecycling.com\/hu\/?p=18431"},"modified":"2024-03-28T15:40:18","modified_gmt":"2024-03-28T13:40:18","slug":"pogacar-erodemonstracio-kataloniaban-valter-top-10-a-hegyi-pontversenyben-van-aert-osszetorte-magat","status":"publish","type":"post","link":"https:\/\/www.welovecycling.com\/hu\/orszaguti-kerekpar\/pogacar-erodemonstracio-kataloniaban-valter-top-10-a-hegyi-pontversenyben-van-aert-osszetorte-magat\/","title":{"rendered":"Poga\u010dar-er\u0151demonstr\u00e1ci\u00f3 Katal\u00f3ni\u00e1ban, Valter-top 10 a hegyi pontversenyben, Van Aert \u00f6sszet\u00f6rte mag\u00e1t"},"content":{"rendered":"<p><strong>J\u00f3 \u00e9s kev\u00e9sb\u00e9 j\u00f3 dolgok is t\u00f6rt\u00e9ntek a Visma h\u00e1za t\u00e1j\u00e1n a k\u00f6zelm\u00faltban.<\/strong><\/p>\n<p><!--more--><\/p>\n<p>Nem lass\u00edt a Visma | Lease a Bike Valter Attil\u00e1val, \u00e9s ezt j\u00f3 l\u00e1tni. A <u><a href=\"https:\/\/www.welovecycling.com\/hu\/orszaguti-kerekpar\/valter-attilaek-ursisakos-tirreno-sikere-sagannal-es-cavendish-sel-jon-az-ujabb-sztarparade-a-tour-de-hongrie-n\/\">Strade Bianche \u00e9s a Tirreno-Adriatico<\/a><\/u>, valamint a P\u00e1rizs\u2013Nizza megnyer\u00e9se ut\u00e1n a jelenlegi WorldTour-mez\u0151ny \u00e9lcsapata Spanyolorsz\u00e1gba nyergelt \u00e1t, ahol a Katal\u00e1n K\u00f6rversenyen is szerett\u00e9k volna folytatni dominanci\u00e1jukat. \u00c1m Tadej Poga\u010dar ez\u00fattal (is) m\u00e1sk\u00e9nt gondolta, \u00e9s a Strade Bianch\u00e9n bemutatott \u00f3ri\u00e1si er\u0151demonstr\u00e1ci\u00f3ja, 80 km-es sz\u00f3l\u00f3gy\u0151zelme ut\u00e1n a spanyolokn\u00e1l is nagyon hamar lerendezett minden k\u00e9rd\u00e9st. Az Emirates szlov\u00e9n szt\u00e1rja a h\u00e9tb\u0151l n\u00e9gy szakaszt megnyert egy m\u00e1sodik hely mellett, \u00e9s m\u00e1r a m\u00e1sodik etapt\u00f3l v\u00e9gig vezetve vitt mindent: az \u00f6sszetett mellett sim\u00e1n beh\u00fazta a gyorsas\u00e1gi \u00e9s a hegyi pontversenyt is. Magyar szempontb\u00f3l nagyszer\u0171 h\u00edr ugyanakkor, hogy ut\u00f3bbi kateg\u00f3ri\u00e1ban a v\u00e9gig akt\u00edvan versenyz\u0151 Valter Attila is elcs\u00edpett egy top 10-es helyez\u00e9st, a hegyi men\u0151k k\u00f6z\u00f6tt a kiv\u00e1l\u00f3 8. helyen v\u00e9gzett, a z\u00e1r\u00f3napon pedig a 12. helyen \u00e9rt a c\u00e9lba \u2013 m\u00e9g ha bevall\u00e1sa szerint ez\u00fattal az el\u0151zetes tervekkel ellent\u00e9tben megszor\u00edtani nem is tudt\u00e1k a m\u00e1s dimenzi\u00f3ban versenyz\u0151 Poga\u010dart.<\/p>\n<p><img loading=\"lazy\" decoding=\"async\" class=\"alignnone size-large wp-image-18433\" src=\"https:\/\/d2p6e6u75xmxt8.cloudfront.net\/12\/2024\/03\/pogacar-gyozelem-valter-attila-12-katalan-korverseny-2024-bringazas-1024x576.webp\" alt=\"\" width=\"1024\" height=\"576\" srcset=\"https:\/\/d2p6e6u75xmxt8.cloudfront.net\/12\/2024\/03\/pogacar-gyozelem-valter-attila-12-katalan-korverseny-2024-bringazas-1024x576.webp 1024w, https:\/\/d2p6e6u75xmxt8.cloudfront.net\/12\/2024\/03\/pogacar-gyozelem-valter-attila-12-katalan-korverseny-2024-bringazas-300x169.webp 300w, https:\/\/d2p6e6u75xmxt8.cloudfront.net\/12\/2024\/03\/pogacar-gyozelem-valter-attila-12-katalan-korverseny-2024-bringazas-768x432.webp 768w, https:\/\/d2p6e6u75xmxt8.cloudfront.net\/12\/2024\/03\/pogacar-gyozelem-valter-attila-12-katalan-korverseny-2024-bringazas-400x225.webp 400w, https:\/\/d2p6e6u75xmxt8.cloudfront.net\/12\/2024\/03\/pogacar-gyozelem-valter-attila-12-katalan-korverseny-2024-bringazas.webp 1440w\" sizes=\"auto, (max-width: 1024px) 100vw, 1024px\" \/><br \/>\nOrsz\u00e1g\u00fati klasszisunk azonban, mint mindenben, ebben is igyekezett ink\u00e1bb a pozit\u00edvumokat megtal\u00e1lni. Mint k\u00f6z\u00f6ss\u00e9gi oldal\u00e1n <u><a href=\"https:\/\/www.facebook.com\/permalink.php?story_fbid=pfbid0gLQG6qZPcad8d2Pik6fyhSVGDdtdNkNnVRLQD5uhaFFQfb4Cw76C6oGWXnCV4hcql&amp;id=100063776644112\">\u00edrta<\/a><\/u> a versenyt k\u00f6vet\u0151en:<\/p>\n<p>&#8220;Volta&#8221; Ciclista a Catalunya, A.E. egy \u00fajabb k\u0151kem\u00e9ny h\u00e9t!<\/p>\n<p>Ez a verseny sem lett k\u00f6nnyebb az \u00e9vek alatt!<\/p>\n<p>Nagy elv\u00e1r\u00e1sokkal \u00e9s rem\u00e9nyekkel \u00e9rkezt\u00fcnk, de a megszokott\u00f3l elt\u00e9r\u0151en alakultak a dolgok. Term\u00e9szetesen tudtuk, hogy Tadej ellen neh\u00e9z lesz b\u00e1rmit is tenni, de a dobog\u00f3 egy re\u00e1lis c\u00e9l volt, amihez meg is volt a csapatunk. Sajnos hamar elvesztett\u00fcnk k\u00e9t csapatt\u00e1rsat Bart \u00e9s Loe szem\u00e9ly\u00e9ben. Ennek ellen\u00e9re eg\u00e9sz h\u00e9ten a Team Visma | Lease a Bike st\u00edlus\u00e1hoz h\u00edven akt\u00edvan \u00e9s magabiztosan versenyezt\u00fcnk. Igyekezt\u00fcnk \u00e1tvenni az ir\u00e1ny\u00edt\u00e1st \u00e9s el\u00e9rni a kit\u0171z\u00f6tt c\u00e9lokat. Ezeket a c\u00e9lokat viszont nem \u00e9rt\u00fcnk el.<\/p>\n<p>Eleinte engem is meglepett, ahogy a t\u00f6bbieket is, de m\u00e1r most egy nap eltelt\u00e9vel is l\u00e1tom a pozit\u00edvumokat ebben is. Furcsa le\u00edrni, de egy\u00e9rtelm\u0171, hogy ez a csapat elk\u00e9nyeztet minket. Megszokjuk a gy\u0151zelmeket, a sikereket \u00e9s ez\u00e1ltal m\u00e1sk\u00e9pp is kezelj\u00fck azokat. Ugyan\u00fagy versenyezt\u00fcnk, mint mikor nyerni szoktunk, most viszont a gy\u0151zelem k\u00f6zel\u00e9ben se j\u00e1rtunk. Most tal\u00e1n erre volt sz\u00fcks\u00e9g\u00fcnk, hogy picit felkapjuk a fej\u00fcnket, hogy jobban \u00e9rt\u00e9kelj\u00fck a gy\u0151zelmeket \u00e9s hogy m\u00e9g kem\u00e9nyebben dolgozzunk. Ezzel egy\u00fctt pedig ett\u0151l sz\u00e9p a sport. Mindent amit lehet kisz\u00e1molunk, tervez\u00fcnk, azonban az eredm\u00e9nyt majd az \u00e9let hozza.<\/p>\n<p>\u00d6r\u00fcl\u00f6k, hogy egy g\u00f6r\u00f6ngy\u00f6sebb h\u00e9t ut\u00e1n siker\u00fclt j\u00f3 ir\u00e1nyba \u00e1ll\u00edtani a saj\u00e1t form\u00e1m is. T\u00f6bb szakaszon is pr\u00f3b\u00e1lkozhattam, ami\u00e9rt nagyon h\u00e1l\u00e1s vagyok. \u00c9n sem azokkal az eredm\u00e9nyekkel z\u00e1rtam a versenyt amelyekkel szerettem volna. Ez egy t\u00fcrelemj\u00e1t\u00e9k, nekem pedig t\u00fcrelmesen kell dolgozni tov\u00e1bb.<\/p>\n<p>P\u00e1r nap pihen\u00e9s \u00e9s m\u00e1r indulok is a Teid\u00e9re magaslati edz\u0151t\u00e1borba.<\/p>\n<p>Mire k\u00e9sz\u00fcl\u00f6k ennyire? \u201d<\/p>\n<p><img loading=\"lazy\" decoding=\"async\" class=\"alignnone size-large wp-image-18432\" src=\"https:\/\/d2p6e6u75xmxt8.cloudfront.net\/12\/2024\/03\/432896334_893088649493682_4983371134319511073_n-1024x686.webp\" alt=\"\" width=\"1024\" height=\"686\" srcset=\"https:\/\/d2p6e6u75xmxt8.cloudfront.net\/12\/2024\/03\/432896334_893088649493682_4983371134319511073_n-1024x686.webp 1024w, https:\/\/d2p6e6u75xmxt8.cloudfront.net\/12\/2024\/03\/432896334_893088649493682_4983371134319511073_n-300x201.webp 300w, https:\/\/d2p6e6u75xmxt8.cloudfront.net\/12\/2024\/03\/432896334_893088649493682_4983371134319511073_n-768x514.webp 768w, https:\/\/d2p6e6u75xmxt8.cloudfront.net\/12\/2024\/03\/432896334_893088649493682_4983371134319511073_n-1536x1028.webp 1536w, https:\/\/d2p6e6u75xmxt8.cloudfront.net\/12\/2024\/03\/432896334_893088649493682_4983371134319511073_n-1920x1285.webp 1920w, https:\/\/d2p6e6u75xmxt8.cloudfront.net\/12\/2024\/03\/432896334_893088649493682_4983371134319511073_n-400x268.webp 400w, https:\/\/d2p6e6u75xmxt8.cloudfront.net\/12\/2024\/03\/432896334_893088649493682_4983371134319511073_n-272x182.webp 272w, https:\/\/d2p6e6u75xmxt8.cloudfront.net\/12\/2024\/03\/432896334_893088649493682_4983371134319511073_n.webp 2000w, https:\/\/d2p6e6u75xmxt8.cloudfront.net\/12\/2024\/03\/432896334_893088649493682_4983371134319511073_n-1920x1285.webp 1920w\" sizes=\"auto, (max-width: 1024px) 100vw, 1024px\" \/><\/p>\n<p>A z\u00e1rsz\u00f3k\u00e9nt feltett k\u00e9rd\u00e9s rem\u00e9lhet\u0151leg csak k\u00f6lt\u0151i, hiszen megb\u00edzhat\u00f3 sajt\u00f3\u00e9rtes\u00fcl\u00e9sek m\u00e1r febru\u00e1r elej\u00e9n jelezt\u00e9k, hogy <u><a href=\"https:\/\/www.welovecycling.com\/hu\/orszaguti-kerekpar\/visszaterhet-egyik-legszebb-emleku-versenyere-a-girora-is-valter-attila\/\">Ati beker\u00fclt a Visma idei Giro-keret\u00e9be<\/a><\/u>, \u00e9s a m\u00e9rt\u00e9kad\u00f3 Procyclingstats is jelzi a <u><a href=\"https:\/\/www.procyclingstats.com\/rider\/attila-valter\">profilj\u00e1n\u00e1l<\/a><\/u> a m\u00e1jusban rajtol\u00f3 Olasz K\u00f6rversenyt, de h\u00e1tha m\u00e9g ezen t\u00falmen\u0151en is tartogatnak kellemes meglepet\u00e9s-bejelent\u00e9seket az elk\u00f6vetkez\u0151 hetek.<\/p>\n<p>K\u00f6zben az\u00e9rt a rossz dolgok sem ker\u00fclt\u00e9k el a Vism\u00e1t. A holland szt\u00e1rist\u00e1ll\u00f3 egyik legnagyobb k\u00f6z\u00f6ns\u00e9gkedvence, Wout Van Aert szerd\u00e1n a Flandri\u00e1n 67 km-rel a c\u00e9l el\u0151tt belekeveredett egy hatalmas buk\u00e1sba, nagy sebess\u00e9gn\u00e9l fogott f\u00f6ldet nagyon rosszul, kulcscsontj\u00e1t \u00e9s sz\u00e1mos bord\u00e1j\u00e1t is elt\u00f6rte, m\u00e1r meg is m\u0171t\u00f6tt\u00e9k, ezzel biztos, hogy valamennyi tavaszi klasszikust ki kell hagynia, illetve nagy k\u00e9rd\u00e9s, mikor \u00e9s milyen form\u00e1ban tud visszat\u00e9rni egy olimpiai esztend\u0151ben.<\/p>\n<p><img loading=\"lazy\" decoding=\"async\" class=\"alignnone size-full wp-image-18434\" src=\"https:\/\/d2p6e6u75xmxt8.cloudfront.net\/12\/2024\/03\/van-aert-crash.webp\" alt=\"\" width=\"960\" height=\"640\" srcset=\"https:\/\/d2p6e6u75xmxt8.cloudfront.net\/12\/2024\/03\/van-aert-crash.webp 960w, https:\/\/d2p6e6u75xmxt8.cloudfront.net\/12\/2024\/03\/van-aert-crash-300x200.webp 300w, https:\/\/d2p6e6u75xmxt8.cloudfront.net\/12\/2024\/03\/van-aert-crash-768x512.webp 768w, https:\/\/d2p6e6u75xmxt8.cloudfront.net\/12\/2024\/03\/van-aert-crash-400x267.webp 400w, https:\/\/d2p6e6u75xmxt8.cloudfront.net\/12\/2024\/03\/van-aert-crash-272x182.webp 272w\" sizes=\"auto, (max-width: 960px) 100vw, 960px\" \/><\/p>\n","protected":false},"excerpt":{"rendered":"<p>J\u00f3 \u00e9s kev\u00e9sb\u00e9 j\u00f3 dolgok is t\u00f6rt\u00e9ntek a Visma h\u00e1za t\u00e1j\u00e1n a k\u00f6zelm\u00faltban.<\/p>\n","protected":false},"author":71,"featured_media":18433,"comment_status":"open","ping_status":"open","sticky":false,"template":"","format":"standard","meta":{"footnotes":""},"categories":[8],"tags":[],"global-categories":[419],"class_list":["post-18431","post","type-post","status-publish","format-standard","has-post-thumbnail","hentry","category-orszaguti-kerekpar","global-categories-cycling"],"yoast_head":"<!-- This site is optimized with the Yoast SEO Premium plugin v25.3 (Yoast SEO v25.9) - https:\/\/yoast.com\/wordpress\/plugins\/seo\/ -->\n<title>Poga\u010dar-er\u0151demonstr\u00e1ci\u00f3 Katal\u00f3ni\u00e1ban, Valter-top 10 a hegyi pontversenyben, Van Aert \u00f6sszet\u00f6rte mag\u00e1t<\/title>\n<meta name=\"description\" content=\"J\u00f3 \u00e9s kev\u00e9sb\u00e9 j\u00f3 dolgok is t\u00f6rt\u00e9ntek a Visma h\u00e1za t\u00e1j\u00e1n a k\u00f6zelm\u00faltban.\" \/>\n<meta name=\"robots\" content=\"index, follow, max-snippet:-1, max-image-preview:large, max-video-preview:-1\" \/>\n<link rel=\"canonical\" href=\"https:\/\/www.welovecycling.com\/hu\/orszaguti-kerekpar\/pogacar-erodemonstracio-kataloniaban-valter-top-10-a-hegyi-pontversenyben-van-aert-osszetorte-magat\/\" \/>\n<meta property=\"og:locale\" content=\"hu_HU\" \/>\n<meta property=\"og:type\" content=\"article\" \/>\n<meta property=\"og:title\" content=\"Poga\u010dar-er\u0151demonstr\u00e1ci\u00f3 Katal\u00f3ni\u00e1ban, Valter-top 10 a hegyi pontversenyben, Van Aert \u00f6sszet\u00f6rte mag\u00e1t\" \/>\n<meta property=\"og:description\" content=\"J\u00f3 \u00e9s kev\u00e9sb\u00e9 j\u00f3 dolgok is t\u00f6rt\u00e9ntek a Visma h\u00e1za t\u00e1j\u00e1n a k\u00f6zelm\u00faltban.\" \/>\n<meta property=\"og:url\" content=\"https:\/\/www.welovecycling.com\/hu\/orszaguti-kerekpar\/pogacar-erodemonstracio-kataloniaban-valter-top-10-a-hegyi-pontversenyben-van-aert-osszetorte-magat\/\" \/>\n<meta property=\"og:site_name\" content=\"\u0160koda We Love Cycling - Magyarorsz\u00e1g\" \/>\n<meta property=\"article:publisher\" content=\"https:\/\/www.facebook.com\/WeLoveCyclingHungary\/\" \/>\n<meta property=\"article:published_time\" content=\"2024-03-28T13:40:18+00:00\" \/>\n<meta property=\"og:image\" content=\"https:\/\/d2p6e6u75xmxt8.cloudfront.net\/12\/2024\/03\/pogacar-gyozelem-valter-attila-12-katalan-korverseny-2024-bringazas.webp\" \/>\n\t<meta property=\"og:image:width\" content=\"1440\" \/>\n\t<meta property=\"og:image:height\" content=\"810\" \/>\n\t<meta property=\"og:image:type\" content=\"image\/webp\" \/>\n<meta name=\"author\" content=\"hegyizs\" \/>\n<meta name=\"twitter:card\" content=\"summary_large_image\" \/>\n<meta name=\"twitter:label1\" content=\"Written by\" \/>\n\t<meta name=\"twitter:data1\" content=\"WLC\" \/>\n\t<meta name=\"twitter:label2\" content=\"Est. reading time\" \/>\n\t<meta name=\"twitter:data2\" content=\"4 minutes\" \/>\n<script type=\"application\/ld+json\" class=\"yoast-schema-graph\">{\"@context\":\"https:\/\/schema.org\",\"@graph\":[{\"@type\":\"WebPage\",\"@id\":\"https:\/\/www.welovecycling.com\/hu\/orszaguti-kerekpar\/pogacar-erodemonstracio-kataloniaban-valter-top-10-a-hegyi-pontversenyben-van-aert-osszetorte-magat\/\",\"url\":\"https:\/\/www.welovecycling.com\/hu\/orszaguti-kerekpar\/pogacar-erodemonstracio-kataloniaban-valter-top-10-a-hegyi-pontversenyben-van-aert-osszetorte-magat\/\",\"name\":\"Poga\u010dar-er\u0151demonstr\u00e1ci\u00f3 Katal\u00f3ni\u00e1ban, Valter-top 10 a hegyi pontversenyben, Van Aert \u00f6sszet\u00f6rte mag\u00e1t\",\"isPartOf\":{\"@id\":\"https:\/\/www.welovecycling.com\/hu\/#website\"},\"primaryImageOfPage\":{\"@id\":\"https:\/\/www.welovecycling.com\/hu\/orszaguti-kerekpar\/pogacar-erodemonstracio-kataloniaban-valter-top-10-a-hegyi-pontversenyben-van-aert-osszetorte-magat\/#primaryimage\"},\"image\":{\"@id\":\"https:\/\/www.welovecycling.com\/hu\/orszaguti-kerekpar\/pogacar-erodemonstracio-kataloniaban-valter-top-10-a-hegyi-pontversenyben-van-aert-osszetorte-magat\/#primaryimage\"},\"thumbnailUrl\":\"https:\/\/d2p6e6u75xmxt8.cloudfront.net\/12\/2024\/03\/pogacar-gyozelem-valter-attila-12-katalan-korverseny-2024-bringazas.webp\",\"datePublished\":\"2024-03-28T13:40:18+00:00\",\"author\":{\"@id\":\"https:\/\/www.welovecycling.com\/hu\/#\/schema\/person\/414a2aebf1801691a5320edb6468e194\"},\"description\":\"J\u00f3 \u00e9s kev\u00e9sb\u00e9 j\u00f3 dolgok is t\u00f6rt\u00e9ntek a Visma h\u00e1za t\u00e1j\u00e1n a k\u00f6zelm\u00faltban.\",\"breadcrumb\":{\"@id\":\"https:\/\/www.welovecycling.com\/hu\/orszaguti-kerekpar\/pogacar-erodemonstracio-kataloniaban-valter-top-10-a-hegyi-pontversenyben-van-aert-osszetorte-magat\/#breadcrumb\"},\"inLanguage\":\"hu\",\"potentialAction\":[{\"@type\":\"ReadAction\",\"target\":[\"https:\/\/www.welovecycling.com\/hu\/orszaguti-kerekpar\/pogacar-erodemonstracio-kataloniaban-valter-top-10-a-hegyi-pontversenyben-van-aert-osszetorte-magat\/\"]}]},{\"@type\":\"ImageObject\",\"inLanguage\":\"hu\",\"@id\":\"https:\/\/www.welovecycling.com\/hu\/orszaguti-kerekpar\/pogacar-erodemonstracio-kataloniaban-valter-top-10-a-hegyi-pontversenyben-van-aert-osszetorte-magat\/#primaryimage\",\"url\":\"https:\/\/d2p6e6u75xmxt8.cloudfront.net\/12\/2024\/03\/pogacar-gyozelem-valter-attila-12-katalan-korverseny-2024-bringazas.webp\",\"contentUrl\":\"https:\/\/d2p6e6u75xmxt8.cloudfront.net\/12\/2024\/03\/pogacar-gyozelem-valter-attila-12-katalan-korverseny-2024-bringazas.webp\",\"width\":1440,\"height\":810},{\"@type\":\"BreadcrumbList\",\"@id\":\"https:\/\/www.welovecycling.com\/hu\/orszaguti-kerekpar\/pogacar-erodemonstracio-kataloniaban-valter-top-10-a-hegyi-pontversenyben-van-aert-osszetorte-magat\/#breadcrumb\",\"itemListElement\":[{\"@type\":\"ListItem\",\"position\":1,\"name\":\"Home\",\"item\":\"https:\/\/www.welovecycling.com\/hu\/\"},{\"@type\":\"ListItem\",\"position\":2,\"name\":\"Poga\u010dar-er\u0151demonstr\u00e1ci\u00f3 Katal\u00f3ni\u00e1ban, Valter-top 10 a hegyi pontversenyben, Van Aert \u00f6sszet\u00f6rte mag\u00e1t\"}]},{\"@type\":\"WebSite\",\"@id\":\"https:\/\/www.welovecycling.com\/hu\/#website\",\"url\":\"https:\/\/www.welovecycling.com\/hu\/\",\"name\":\"\u0160koda We Love Cycling - Magyarorsz\u00e1g\",\"description\":\"\u0160koda WeLoveCycling\",\"potentialAction\":[{\"@type\":\"SearchAction\",\"target\":{\"@type\":\"EntryPoint\",\"urlTemplate\":\"https:\/\/www.welovecycling.com\/hu\/?s={search_term_string}\"},\"query-input\":{\"@type\":\"PropertyValueSpecification\",\"valueRequired\":true,\"valueName\":\"search_term_string\"}}],\"inLanguage\":\"hu\"},{\"@type\":\"Person\",\"@id\":\"https:\/\/www.welovecycling.com\/hu\/#\/schema\/person\/414a2aebf1801691a5320edb6468e194\",\"name\":\"hegyizs\",\"image\":{\"@type\":\"ImageObject\",\"inLanguage\":\"hu\",\"@id\":\"https:\/\/www.welovecycling.com\/hu\/#\/schema\/person\/image\/\",\"url\":\"https:\/\/secure.gravatar.com\/avatar\/02cf8a7906b8cf90cecb4679defac7cfd33a1c2e3b88e4903d947f3bb58eedd3?s=96&d=mm&r=g\",\"contentUrl\":\"https:\/\/secure.gravatar.com\/avatar\/02cf8a7906b8cf90cecb4679defac7cfd33a1c2e3b88e4903d947f3bb58eedd3?s=96&d=mm&r=g\",\"caption\":\"hegyizs\"},\"url\":\"https:\/\/www.welovecycling.com\/hu\/author\/hegyizs\/\"}]}<\/script>\n<!-- \/ Yoast SEO Premium plugin. -->","yoast_head_json":{"title":"Poga\u010dar-er\u0151demonstr\u00e1ci\u00f3 Katal\u00f3ni\u00e1ban, Valter-top 10 a hegyi pontversenyben, Van Aert \u00f6sszet\u00f6rte mag\u00e1t","description":"J\u00f3 \u00e9s kev\u00e9sb\u00e9 j\u00f3 dolgok is t\u00f6rt\u00e9ntek a Visma h\u00e1za t\u00e1j\u00e1n a k\u00f6zelm\u00faltban.","robots":{"index":"index","follow":"follow","max-snippet":"max-snippet:-1","max-image-preview":"max-image-preview:large","max-video-preview":"max-video-preview:-1"},"canonical":"https:\/\/www.welovecycling.com\/hu\/orszaguti-kerekpar\/pogacar-erodemonstracio-kataloniaban-valter-top-10-a-hegyi-pontversenyben-van-aert-osszetorte-magat\/","og_locale":"hu_HU","og_type":"article","og_title":"Poga\u010dar-er\u0151demonstr\u00e1ci\u00f3 Katal\u00f3ni\u00e1ban, Valter-top 10 a hegyi pontversenyben, Van Aert \u00f6sszet\u00f6rte mag\u00e1t","og_description":"J\u00f3 \u00e9s kev\u00e9sb\u00e9 j\u00f3 dolgok is t\u00f6rt\u00e9ntek a Visma h\u00e1za t\u00e1j\u00e1n a k\u00f6zelm\u00faltban.","og_url":"https:\/\/www.welovecycling.com\/hu\/orszaguti-kerekpar\/pogacar-erodemonstracio-kataloniaban-valter-top-10-a-hegyi-pontversenyben-van-aert-osszetorte-magat\/","og_site_name":"\u0160koda We Love Cycling - Magyarorsz\u00e1g","article_publisher":"https:\/\/www.facebook.com\/WeLoveCyclingHungary\/","article_published_time":"2024-03-28T13:40:18+00:00","og_image":[{"width":1440,"height":810,"url":"https:\/\/d2p6e6u75xmxt8.cloudfront.net\/12\/2024\/03\/pogacar-gyozelem-valter-attila-12-katalan-korverseny-2024-bringazas.webp","type":"image\/webp"}],"author":"hegyizs","twitter_card":"summary_large_image","twitter_misc":{"Written by":"WLC","Est. reading time":"4 minutes"},"schema":{"@context":"https:\/\/schema.org","@graph":[{"@type":"WebPage","@id":"https:\/\/www.welovecycling.com\/hu\/orszaguti-kerekpar\/pogacar-erodemonstracio-kataloniaban-valter-top-10-a-hegyi-pontversenyben-van-aert-osszetorte-magat\/","url":"https:\/\/www.welovecycling.com\/hu\/orszaguti-kerekpar\/pogacar-erodemonstracio-kataloniaban-valter-top-10-a-hegyi-pontversenyben-van-aert-osszetorte-magat\/","name":"Poga\u010dar-er\u0151demonstr\u00e1ci\u00f3 Katal\u00f3ni\u00e1ban, Valter-top 10 a hegyi pontversenyben, Van Aert \u00f6sszet\u00f6rte mag\u00e1t","isPartOf":{"@id":"https:\/\/www.welovecycling.com\/hu\/#website"},"primaryImageOfPage":{"@id":"https:\/\/www.welovecycling.com\/hu\/orszaguti-kerekpar\/pogacar-erodemonstracio-kataloniaban-valter-top-10-a-hegyi-pontversenyben-van-aert-osszetorte-magat\/#primaryimage"},"image":{"@id":"https:\/\/www.welovecycling.com\/hu\/orszaguti-kerekpar\/pogacar-erodemonstracio-kataloniaban-valter-top-10-a-hegyi-pontversenyben-van-aert-osszetorte-magat\/#primaryimage"},"thumbnailUrl":"https:\/\/d2p6e6u75xmxt8.cloudfront.net\/12\/2024\/03\/pogacar-gyozelem-valter-attila-12-katalan-korverseny-2024-bringazas.webp","datePublished":"2024-03-28T13:40:18+00:00","author":{"@id":"https:\/\/www.welovecycling.com\/hu\/#\/schema\/person\/414a2aebf1801691a5320edb6468e194"},"description":"J\u00f3 \u00e9s kev\u00e9sb\u00e9 j\u00f3 dolgok is t\u00f6rt\u00e9ntek a Visma h\u00e1za t\u00e1j\u00e1n a k\u00f6zelm\u00faltban.","breadcrumb":{"@id":"https:\/\/www.welovecycling.com\/hu\/orszaguti-kerekpar\/pogacar-erodemonstracio-kataloniaban-valter-top-10-a-hegyi-pontversenyben-van-aert-osszetorte-magat\/#breadcrumb"},"inLanguage":"hu","potentialAction":[{"@type":"ReadAction","target":["https:\/\/www.welovecycling.com\/hu\/orszaguti-kerekpar\/pogacar-erodemonstracio-kataloniaban-valter-top-10-a-hegyi-pontversenyben-van-aert-osszetorte-magat\/"]}]},{"@type":"ImageObject","inLanguage":"hu","@id":"https:\/\/www.welovecycling.com\/hu\/orszaguti-kerekpar\/pogacar-erodemonstracio-kataloniaban-valter-top-10-a-hegyi-pontversenyben-van-aert-osszetorte-magat\/#primaryimage","url":"https:\/\/d2p6e6u75xmxt8.cloudfront.net\/12\/2024\/03\/pogacar-gyozelem-valter-attila-12-katalan-korverseny-2024-bringazas.webp","contentUrl":"https:\/\/d2p6e6u75xmxt8.cloudfront.net\/12\/2024\/03\/pogacar-gyozelem-valter-attila-12-katalan-korverseny-2024-bringazas.webp","width":1440,"height":810},{"@type":"BreadcrumbList","@id":"https:\/\/www.welovecycling.com\/hu\/orszaguti-kerekpar\/pogacar-erodemonstracio-kataloniaban-valter-top-10-a-hegyi-pontversenyben-van-aert-osszetorte-magat\/#breadcrumb","itemListElement":[{"@type":"ListItem","position":1,"name":"Home","item":"https:\/\/www.welovecycling.com\/hu\/"},{"@type":"ListItem","position":2,"name":"Poga\u010dar-er\u0151demonstr\u00e1ci\u00f3 Katal\u00f3ni\u00e1ban, Valter-top 10 a hegyi pontversenyben, Van Aert \u00f6sszet\u00f6rte mag\u00e1t"}]},{"@type":"WebSite","@id":"https:\/\/www.welovecycling.com\/hu\/#website","url":"https:\/\/www.welovecycling.com\/hu\/","name":"\u0160koda We Love Cycling - Magyarorsz\u00e1g","description":"\u0160koda WeLoveCycling","potentialAction":[{"@type":"SearchAction","target":{"@type":"EntryPoint","urlTemplate":"https:\/\/www.welovecycling.com\/hu\/?s={search_term_string}"},"query-input":{"@type":"PropertyValueSpecification","valueRequired":true,"valueName":"search_term_string"}}],"inLanguage":"hu"},{"@type":"Person","@id":"https:\/\/www.welovecycling.com\/hu\/#\/schema\/person\/414a2aebf1801691a5320edb6468e194","name":"hegyizs","image":{"@type":"ImageObject","inLanguage":"hu","@id":"https:\/\/www.welovecycling.com\/hu\/#\/schema\/person\/image\/","url":"https:\/\/secure.gravatar.com\/avatar\/02cf8a7906b8cf90cecb4679defac7cfd33a1c2e3b88e4903d947f3bb58eedd3?s=96&d=mm&r=g","contentUrl":"https:\/\/secure.gravatar.com\/avatar\/02cf8a7906b8cf90cecb4679defac7cfd33a1c2e3b88e4903d947f3bb58eedd3?s=96&d=mm&r=g","caption":"hegyizs"},"url":"https:\/\/www.welovecycling.com\/hu\/author\/hegyizs\/"}]}},"_links":{"self":[{"href":"https:\/\/www.welovecycling.com\/hu\/wp-json\/wp\/v2\/posts\/18431","targetHints":{"allow":["GET"]}}],"collection":[{"href":"https:\/\/www.welovecycling.com\/hu\/wp-json\/wp\/v2\/posts"}],"about":[{"href":"https:\/\/www.welovecycling.com\/hu\/wp-json\/wp\/v2\/types\/post"}],"author":[{"embeddable":true,"href":"https:\/\/www.welovecycling.com\/hu\/wp-json\/wp\/v2\/users\/71"}],"replies":[{"embeddable":true,"href":"https:\/\/www.welovecycling.com\/hu\/wp-json\/wp\/v2\/comments?post=18431"}],"version-history":[{"count":6,"href":"https:\/\/www.welovecycling.com\/hu\/wp-json\/wp\/v2\/posts\/18431\/revisions"}],"predecessor-version":[{"id":18445,"href":"https:\/\/www.welovecycling.com\/hu\/wp-json\/wp\/v2\/posts\/18431\/revisions\/18445"}],"wp:featuredmedia":[{"embeddable":true,"href":"https:\/\/www.welovecycling.com\/hu\/wp-json\/wp\/v2\/media\/18433"}],"wp:attachment":[{"href":"https:\/\/www.welovecycling.com\/hu\/wp-json\/wp\/v2\/media?parent=18431"}],"wp:term":[{"taxonomy":"category","embeddable":true,"href":"https:\/\/www.welovecycling.com\/hu\/wp-json\/wp\/v2\/categories?post=18431"},{"taxonomy":"post_tag","embeddable":true,"href":"https:\/\/www.welovecycling.com\/hu\/wp-json\/wp\/v2\/tags?post=18431"},{"taxonomy":"global-categories","embeddable":true,"href":"https:\/\/www.welovecycling.com\/hu\/wp-json\/wp\/v2\/global-categories?post=18431"}],"curies":[{"name":"wp","href":"https:\/\/api.w.org\/{rel}","templated":true}]}}