{"id":18419,"date":"2024-03-14T08:00:52","date_gmt":"2024-03-14T06:00:52","guid":{"rendered":"https:\/\/www.welovecycling.com\/hu\/?p=18419"},"modified":"2024-03-14T13:52:52","modified_gmt":"2024-03-14T11:52:52","slug":"valter-attilaek-ursisakos-tirreno-sikere-sagannal-es-cavendish-sel-jon-az-ujabb-sztarparade-a-tour-de-hongrie-n","status":"publish","type":"post","link":"https:\/\/www.welovecycling.com\/hu\/orszaguti-kerekpar\/valter-attilaek-ursisakos-tirreno-sikere-sagannal-es-cavendish-sel-jon-az-ujabb-sztarparade-a-tour-de-hongrie-n\/","title":{"rendered":"Valter Attil\u00e1\u00e9k \u0171rsisakos Tirreno-sikere, Sagannal \u00e9s Cavendish-sel j\u00f6n az \u00fajabb szt\u00e1rpar\u00e1d\u00e9 a Tour de Hongrie-n!"},"content":{"rendered":"<p><strong>Kapit\u00e1nyi szerep a Strade Bianch\u00e9n, n\u00e1lunk t\u00e9r vissza a h\u00e1romszoros vil\u00e1gbajnok szlov\u00e1k k\u00f6z\u00f6ns\u00e9gkedvenc \u2013 sz\u00e9pen a nemzetk\u00f6zi ker\u00e9kp\u00e1rsport f\u00f3kusz\u00e1ba ker\u00fclt haz\u00e1nk az elm\u00falt hetekben.<\/strong><!--more--><\/p>\n<p>Nem lass\u00edt Valter Attila \u00e9s a Visma-Lease a Bike csapata. A kiv\u00e1l\u00f3 \u00e9vkezd\u00e9s, az <a href=\"https:\/\/www.welovecycling.com\/hu\/orszaguti-kerekpar\/parades-5-hellyel-hangolt-valter-attila-az-uae-touron-a-hetvegi-strade-bianchera\/\">UAE Touron el\u00e9rt \u00f6t\u00f6dik hely ut\u00e1n<\/a> a magyar klasszist az a komoly megtiszteltet\u00e9s \u00e9rte, hogy csapatkapit\u00e1nyk\u00e9nt vezethette ki a vil\u00e1g jelenlegi leger\u0151sebb ist\u00e1ll\u00f3j\u00e1t a szezon egyik legk\u00fcl\u00f6nlegesebb \u00e9s minden \u00e9vben egyik legjobban v\u00e1rt egynapos klasszikus\u00e1ra, a Strade Bianch\u00e9ra. A viadalon v\u00e9g\u00fcl az a Tadej Pogacar lopta el a show-t, aki kezd megint egyre ink\u00e1bb f\u00f6ld\u00f6nk\u00edv\u00fcli form\u00e1ba lend\u00fclni, mindenkit elhom\u00e1lyos\u00edtva egy ritka er\u0151demonstr\u00e1l\u00f3, 80 km-es(!) sz\u00f3l\u00f3sz\u00f6k\u00e9ssel verte agyon a mez\u0151nyt, de Valter Ati v\u00e9g\u00fcl ism\u00e9t hozott egy top 20-as eredm\u00e9nyt egy k\u0151kem\u00e9ny napon, 19. helye ut\u00e1n azt \u00edrta, \u00e9lete egyik legnehezebb verseny\u00e9n van t\u00fal, sokkal jobban elf\u00e1radt, mint az elm\u00falt k\u00e9t \u00e9vben (amikor a szenz\u00e1ci\u00f3s 4-5. helyen tudott z\u00e1rni). A vism\u00e1sok ezt k\u00f6vet\u0151en m\u00e1r mentek is tov\u00e1bb a Tirr\u00e9n-tengerhez, hogy a k\u00e9t tenger verseny\u00e9n, a Tirreno-Adriatico egyhetes\u00e9n is megc\u00e9lozz\u00e1k a gy\u0151zelmet. Itt a nyit\u00f3 szakaszon, az egy\u00e9ni id\u0151futamon egy furcsa innov\u00e1ci\u00f3val, egy vadonat\u00faj fejleszt\u00e9s\u0171 id\u0151futamsisakkal is sokkolt\u00e1k a mez\u0151nyt \u2013 amelyr\u0151l <a href=\"https:\/\/www.facebook.com\/photo\/?fbid=878895677579646&amp;set=pcb.878986737570540\">m\u00e1r vicces m\u00e9mek is sz\u00fclettek<\/a> \u2013, de nem is ez a l\u00e9nyeg, hanem hogy a csapat Valter Ati\u00e9k hathat\u00f3s seg\u00edts\u00e9g\u00e9vel v\u00e9g\u00fcl a kit\u0171z\u00f6tt c\u00e9lhoz, azaz gy\u0151zelemhez seg\u00edtett\u00e9k Visma els\u0151 sz\u00e1m\u00fa versenyz\u0151j\u00e9t, a Tour de France-c\u00edmv\u00e9d\u0151 Jonas Vingegaard-t (Ati az \u00fajabb csapatgy\u0151zelmet <a href=\"https:\/\/www.eurosport.hu\/kerekpar\/valter-attila-visma-jonas-vingegaard-interju_sto10059527\/story.shtml\">itt \u00e9rt\u00e9kelte hosszabban<\/a>). Sok pihen\u00e9s most sem lesz, hiszen h\u00e9tf\u0151n m\u00e1r rajtol a Katal\u00e1n k\u00f6rverseny, azt\u00e1n \u00e9szre sem vessz\u00fck, hipp-hopp itt lesz a nyakunkon az \u00e9v egyik f\u0151versenye, a Giro d\u2019Italia\u2026<\/p>\n<figure id=\"attachment_18420\" aria-describedby=\"caption-attachment-18420\" style=\"width: 1024px\" class=\"wp-caption alignnone\"><img loading=\"lazy\" decoding=\"async\" class=\"size-large wp-image-18420\" src=\"https:\/\/d2p6e6u75xmxt8.cloudfront.net\/12\/2024\/03\/429685073_878986847570529_970390967958087297_n-min-1024x682.webp\" alt=\"\" width=\"1024\" height=\"682\" srcset=\"https:\/\/d2p6e6u75xmxt8.cloudfront.net\/12\/2024\/03\/429685073_878986847570529_970390967958087297_n-min-1024x682.webp 1024w, https:\/\/d2p6e6u75xmxt8.cloudfront.net\/12\/2024\/03\/429685073_878986847570529_970390967958087297_n-min-300x200.webp 300w, https:\/\/d2p6e6u75xmxt8.cloudfront.net\/12\/2024\/03\/429685073_878986847570529_970390967958087297_n-min-768x512.webp 768w, https:\/\/d2p6e6u75xmxt8.cloudfront.net\/12\/2024\/03\/429685073_878986847570529_970390967958087297_n-min-1536x1024.webp 1536w, https:\/\/d2p6e6u75xmxt8.cloudfront.net\/12\/2024\/03\/429685073_878986847570529_970390967958087297_n-min-1920x1280.webp 1920w, https:\/\/d2p6e6u75xmxt8.cloudfront.net\/12\/2024\/03\/429685073_878986847570529_970390967958087297_n-min-400x267.webp 400w, https:\/\/d2p6e6u75xmxt8.cloudfront.net\/12\/2024\/03\/429685073_878986847570529_970390967958087297_n-min-272x182.webp 272w, https:\/\/d2p6e6u75xmxt8.cloudfront.net\/12\/2024\/03\/429685073_878986847570529_970390967958087297_n-min.webp 2000w, https:\/\/d2p6e6u75xmxt8.cloudfront.net\/12\/2024\/03\/429685073_878986847570529_970390967958087297_n-min-1920x1280.webp 1920w\" sizes=\"auto, (max-width: 1024px) 100vw, 1024px\" \/><figcaption id=\"caption-attachment-18420\" class=\"wp-caption-text\">fot\u00f3: Facebook\/Valter Attila<\/figcaption><\/figure>\n<p>S ha m\u00e1r Giro, \u00f3ri\u00e1si h\u00edreket hoztak az elm\u00falt napokban a Tour de Hongrie szervez\u0151i is. Az \u00e9l\u0151 legend\u00e1t, Mark Cavendish-t m\u00e1r l\u00e1thatta a nagy\u00e9rdem\u0171 Magyarorsz\u00e1gon k\u00e9t \u00e9ve, amikor h\u00e1rom szakasszal n\u00e1lunk rajtolt el az Olasz k\u00f6rverseny, akkor egyr\u00e9szt egy igen l\u00e1tv\u00e1nyos etapsikert aratott Balatonf\u00fcreden, de az\u00f3ta eml\u00e9kezetes m\u00f3don m\u00e9g <a href=\"https:\/\/zamoly.asp.lgov.hu\/cavendish-megallo\">buszmeg\u00e1ll\u00f3 is viseli a nev\u00e9t<\/a> Z\u00e1moly telep\u00fcl\u00e9sen. A v\u00e1ltozatlanul Eddy Merckx <a href=\"https:\/\/www.welovecycling.com\/hu\/orszaguti-kerekpar\/pogacar-debutal-a-giron-es-durva-eve-lesz-cavendish-nem-lesz-ott-jovore-az-olasz-koron\/\">Tour de France-rekordd\u00f6nt\u00e9s\u00e9re k\u00e9sz\u00fcl\u0151<\/a> sprinterikon most \u00fagy d\u00f6nt\u00f6tt, a Magyar K\u00f6rversenyen k\u00e9sz\u00fcl fel a cs\u00facsd\u00f6nt\u00e9sre, 35. Tour-siker\u00e9re, \u00edgy elindul n\u00e1lunk \u2013 m\u00e9g egy vide\u00f3\u00fczenetet is k\u00fcld\u00f6tt a magyar szurkol\u00f3knak <a href=\"https:\/\/tdh.hu\/hirek\/123-itt-a-2024-es-tour-de-hongrie-utvonala\">a TdH csapatbemutat\u00f3j\u00e1ra<\/a>.<\/p>\n<figure id=\"attachment_18422\" aria-describedby=\"caption-attachment-18422\" style=\"width: 1024px\" class=\"wp-caption alignnone\"><img loading=\"lazy\" decoding=\"async\" class=\"size-large wp-image-18422\" src=\"https:\/\/d2p6e6u75xmxt8.cloudfront.net\/12\/2024\/03\/image-110-1709662759-min-1024x683.webp\" alt=\"\" width=\"1024\" height=\"683\" srcset=\"https:\/\/d2p6e6u75xmxt8.cloudfront.net\/12\/2024\/03\/image-110-1709662759-min-1024x683.webp 1024w, https:\/\/d2p6e6u75xmxt8.cloudfront.net\/12\/2024\/03\/image-110-1709662759-min-300x200.webp 300w, https:\/\/d2p6e6u75xmxt8.cloudfront.net\/12\/2024\/03\/image-110-1709662759-min-768x512.webp 768w, https:\/\/d2p6e6u75xmxt8.cloudfront.net\/12\/2024\/03\/image-110-1709662759-min-1536x1024.webp 1536w, https:\/\/d2p6e6u75xmxt8.cloudfront.net\/12\/2024\/03\/image-110-1709662759-min-1920x1280.webp 1920w, https:\/\/d2p6e6u75xmxt8.cloudfront.net\/12\/2024\/03\/image-110-1709662759-min-400x267.webp 400w, https:\/\/d2p6e6u75xmxt8.cloudfront.net\/12\/2024\/03\/image-110-1709662759-min-272x182.webp 272w, https:\/\/d2p6e6u75xmxt8.cloudfront.net\/12\/2024\/03\/image-110-1709662759-min.webp 2048w, https:\/\/d2p6e6u75xmxt8.cloudfront.net\/12\/2024\/03\/image-110-1709662759-min-1920x1280.webp 1920w\" sizes=\"auto, (max-width: 1024px) 100vw, 1024px\" \/><figcaption id=\"caption-attachment-18422\" class=\"wp-caption-text\">fot\u00f3: Vanik Zolt\u00e1n\/tdh.hu<\/figcaption><\/figure>\n<p>Az \u0151 indul\u00e1sa m\u00e1r \u00f6nmag\u00e1ban szenz\u00e1ci\u00f3sz\u00e1mba megy, de a szervez\u0151k m\u00e9g ezt is megfejelt\u00e9k azzal, hogy bejelentett\u00e9k Peter Sagan indul\u00e1s\u00e1t is: a k\u00e9t zseni egy\u00fcttes r\u00e9szv\u00e9tele b\u00e1rmelyik nagy versenynek a becs\u00fclet\u00e9re v\u00e1lna, de a r\u00e9gi\u00f3ban azt\u00e1n t\u00e9nyleg teljesen egyed\u00fcl\u00e1ll\u00f3. F\u0151leg, hogy a h\u00e1romszoros vil\u00e1gbajnok, emellett rekordsz\u00e1m\u00fa, h\u00e9tszeres Tour de France-z\u00f6ld trik\u00f3s szlov\u00e1k szt\u00e1r nemr\u00e9g bejelentette visszavonul\u00e1s\u00e1t az orsz\u00e1g\u00fati ker\u00e9kp\u00e1roz\u00e1st\u00f3l azt k\u00f6vet\u0151en, hogy sz\u00edvritmuszavar\u00e1t febru\u00e1rban m\u0171t\u00e9ttel kellett korrig\u00e1lni, de most \u00fagy fogalmaztak, minden rendben, minden kontroll alatt, \u00edgy \u0151t is l\u00e1thatjuk sz\u00e1guldani a Tour de Hongrie-n \u2013 ami minden bizonnyal a n\u00e9z\u0151k\u00f6z\u00f6ns\u00e9get is sz\u00e9pen megdobja majd, m\u00e1r csak a k\u00f6rnyez\u0151 orsz\u00e1gokb\u00f3l \u00e9rkez\u0151 fanatikusok miatt is.<\/p>\n<p>Az \u00f6tnapos Magyar K\u00f6rverseny egy\u00e9bk\u00e9nt id\u00e9n Karcagr\u00f3l indul majd, \u00e9s t\u00f6bbek k\u00f6z\u00f6tt Hajd\u00faszoboszl\u00f3, Tokaj, Kazincbarcika, Gy\u00f6ngy\u00f6s \u00e9s a K\u00e9kestet\u0151, Budapest, Etyek \u00e9s Si\u00f3fok \u00e9rint\u00e9s\u00e9vel P\u00e9csett \u00e9r v\u00e9get 854 kilom\u00e9ter \u00e9s majd\u2019 8000 m\u00e9ternyi szintk\u00fcl\u00f6nbs\u00e9g lek\u00fczd\u00e9se ut\u00e1n.<\/p>\n<figure id=\"attachment_18421\" aria-describedby=\"caption-attachment-18421\" style=\"width: 1024px\" class=\"wp-caption alignnone\"><img loading=\"lazy\" decoding=\"async\" class=\"size-large wp-image-18421\" src=\"https:\/\/d2p6e6u75xmxt8.cloudfront.net\/12\/2024\/03\/FfwjuRXHgruFAhfvi2sdt-1200-80-min-1024x683.webp\" alt=\"\" width=\"1024\" height=\"683\" srcset=\"https:\/\/d2p6e6u75xmxt8.cloudfront.net\/12\/2024\/03\/FfwjuRXHgruFAhfvi2sdt-1200-80-min-1024x683.webp 1024w, https:\/\/d2p6e6u75xmxt8.cloudfront.net\/12\/2024\/03\/FfwjuRXHgruFAhfvi2sdt-1200-80-min-300x200.webp 300w, https:\/\/d2p6e6u75xmxt8.cloudfront.net\/12\/2024\/03\/FfwjuRXHgruFAhfvi2sdt-1200-80-min-768x512.webp 768w, https:\/\/d2p6e6u75xmxt8.cloudfront.net\/12\/2024\/03\/FfwjuRXHgruFAhfvi2sdt-1200-80-min-400x267.webp 400w, https:\/\/d2p6e6u75xmxt8.cloudfront.net\/12\/2024\/03\/FfwjuRXHgruFAhfvi2sdt-1200-80-min-272x182.webp 272w, https:\/\/d2p6e6u75xmxt8.cloudfront.net\/12\/2024\/03\/FfwjuRXHgruFAhfvi2sdt-1200-80-min.webp 1170w\" sizes=\"auto, (max-width: 1024px) 100vw, 1024px\" \/><figcaption id=\"caption-attachment-18421\" class=\"wp-caption-text\">fot\u00f3: Tim de Waele\/TDWSport.com<\/figcaption><\/figure>\n","protected":false},"excerpt":{"rendered":"<p>Kapit\u00e1nyi szerep a Strade Bianch\u00e9n, n\u00e1lunk t\u00e9r vissza a h\u00e1romszoros vil\u00e1gbajnok szlov\u00e1k k\u00f6z\u00f6ns\u00e9gkedvenc \u2013 sz\u00e9pen a nemzetk\u00f6zi ker\u00e9kp\u00e1rsport f\u00f3kusz\u00e1ba ker\u00fclt [&hellip;]<\/p>\n","protected":false},"author":71,"featured_media":18423,"comment_status":"open","ping_status":"open","sticky":false,"template":"","format":"standard","meta":{"footnotes":""},"categories":[8],"tags":[],"global-categories":[419],"class_list":["post-18419","post","type-post","status-publish","format-standard","has-post-thumbnail","hentry","category-orszaguti-kerekpar","global-categories-cycling"],"yoast_head":"<!-- This site is optimized with the Yoast SEO Premium plugin v25.3 (Yoast SEO v25.9) - https:\/\/yoast.com\/wordpress\/plugins\/seo\/ -->\n<title>Valter Attil\u00e1\u00e9k \u0171rsisakos Tirreno-sikere, Sagannal \u00e9s Cavendish-sel j\u00f6n az \u00fajabb szt\u00e1rpar\u00e1d\u00e9 a Tour de Hongrie-n!<\/title>\n<meta name=\"description\" content=\"Kapit\u00e1nyi szerep a Strade Bianch\u00e9n, n\u00e1lunk t\u00e9r vissza a h\u00e1romszoros vil\u00e1gbajnok szlov\u00e1k k\u00f6z\u00f6ns\u00e9gkedvenc \u2013 sz\u00e9pen a nemzetk\u00f6zi ker\u00e9kp\u00e1rsport f\u00f3kusz\u00e1ba ker\u00fclt haz\u00e1nk az elm\u00falt hetekben.\" \/>\n<meta name=\"robots\" content=\"index, follow, max-snippet:-1, max-image-preview:large, max-video-preview:-1\" \/>\n<link rel=\"canonical\" href=\"https:\/\/www.welovecycling.com\/hu\/orszaguti-kerekpar\/valter-attilaek-ursisakos-tirreno-sikere-sagannal-es-cavendish-sel-jon-az-ujabb-sztarparade-a-tour-de-hongrie-n\/\" \/>\n<meta property=\"og:locale\" content=\"hu_HU\" \/>\n<meta property=\"og:type\" content=\"article\" \/>\n<meta property=\"og:title\" content=\"Valter Attil\u00e1\u00e9k \u0171rsisakos Tirreno-sikere, Sagannal \u00e9s Cavendish-sel j\u00f6n az \u00fajabb szt\u00e1rpar\u00e1d\u00e9 a Tour de Hongrie-n!\" \/>\n<meta property=\"og:description\" content=\"Kapit\u00e1nyi szerep a Strade Bianch\u00e9n, n\u00e1lunk t\u00e9r vissza a h\u00e1romszoros vil\u00e1gbajnok szlov\u00e1k k\u00f6z\u00f6ns\u00e9gkedvenc \u2013 sz\u00e9pen a nemzetk\u00f6zi ker\u00e9kp\u00e1rsport f\u00f3kusz\u00e1ba ker\u00fclt haz\u00e1nk az elm\u00falt hetekben.\" \/>\n<meta property=\"og:url\" content=\"https:\/\/www.welovecycling.com\/hu\/orszaguti-kerekpar\/valter-attilaek-ursisakos-tirreno-sikere-sagannal-es-cavendish-sel-jon-az-ujabb-sztarparade-a-tour-de-hongrie-n\/\" \/>\n<meta property=\"og:site_name\" content=\"\u0160koda We Love Cycling - Magyarorsz\u00e1g\" \/>\n<meta property=\"article:publisher\" content=\"https:\/\/www.facebook.com\/WeLoveCyclingHungary\/\" \/>\n<meta property=\"article:published_time\" content=\"2024-03-14T06:00:52+00:00\" \/>\n<meta property=\"article:modified_time\" content=\"2024-03-14T11:52:52+00:00\" \/>\n<meta property=\"og:image\" content=\"https:\/\/d2p6e6u75xmxt8.cloudfront.net\/12\/2024\/03\/peter-sagan-vs-mark-cavendish-meme-battle-1504831881-min.webp\" \/>\n\t<meta property=\"og:image:width\" content=\"1000\" \/>\n\t<meta property=\"og:image:height\" content=\"636\" \/>\n\t<meta property=\"og:image:type\" content=\"image\/webp\" \/>\n<meta name=\"author\" content=\"hegyizs\" \/>\n<meta name=\"twitter:card\" content=\"summary_large_image\" \/>\n<meta name=\"twitter:label1\" content=\"Written by\" \/>\n\t<meta name=\"twitter:data1\" content=\"WLC\" \/>\n\t<meta name=\"twitter:label2\" content=\"Est. reading time\" \/>\n\t<meta name=\"twitter:data2\" content=\"4 minutes\" \/>\n<script type=\"application\/ld+json\" class=\"yoast-schema-graph\">{\"@context\":\"https:\/\/schema.org\",\"@graph\":[{\"@type\":\"WebPage\",\"@id\":\"https:\/\/www.welovecycling.com\/hu\/orszaguti-kerekpar\/valter-attilaek-ursisakos-tirreno-sikere-sagannal-es-cavendish-sel-jon-az-ujabb-sztarparade-a-tour-de-hongrie-n\/\",\"url\":\"https:\/\/www.welovecycling.com\/hu\/orszaguti-kerekpar\/valter-attilaek-ursisakos-tirreno-sikere-sagannal-es-cavendish-sel-jon-az-ujabb-sztarparade-a-tour-de-hongrie-n\/\",\"name\":\"Valter Attil\u00e1\u00e9k \u0171rsisakos Tirreno-sikere, Sagannal \u00e9s Cavendish-sel j\u00f6n az \u00fajabb szt\u00e1rpar\u00e1d\u00e9 a Tour de Hongrie-n!\",\"isPartOf\":{\"@id\":\"https:\/\/www.welovecycling.com\/hu\/#website\"},\"primaryImageOfPage\":{\"@id\":\"https:\/\/www.welovecycling.com\/hu\/orszaguti-kerekpar\/valter-attilaek-ursisakos-tirreno-sikere-sagannal-es-cavendish-sel-jon-az-ujabb-sztarparade-a-tour-de-hongrie-n\/#primaryimage\"},\"image\":{\"@id\":\"https:\/\/www.welovecycling.com\/hu\/orszaguti-kerekpar\/valter-attilaek-ursisakos-tirreno-sikere-sagannal-es-cavendish-sel-jon-az-ujabb-sztarparade-a-tour-de-hongrie-n\/#primaryimage\"},\"thumbnailUrl\":\"https:\/\/d2p6e6u75xmxt8.cloudfront.net\/12\/2024\/03\/peter-sagan-vs-mark-cavendish-meme-battle-1504831881-min.webp\",\"datePublished\":\"2024-03-14T06:00:52+00:00\",\"dateModified\":\"2024-03-14T11:52:52+00:00\",\"author\":{\"@id\":\"https:\/\/www.welovecycling.com\/hu\/#\/schema\/person\/414a2aebf1801691a5320edb6468e194\"},\"description\":\"Kapit\u00e1nyi szerep a Strade Bianch\u00e9n, n\u00e1lunk t\u00e9r vissza a h\u00e1romszoros vil\u00e1gbajnok szlov\u00e1k k\u00f6z\u00f6ns\u00e9gkedvenc \u2013 sz\u00e9pen a nemzetk\u00f6zi ker\u00e9kp\u00e1rsport f\u00f3kusz\u00e1ba ker\u00fclt haz\u00e1nk az elm\u00falt hetekben.\",\"breadcrumb\":{\"@id\":\"https:\/\/www.welovecycling.com\/hu\/orszaguti-kerekpar\/valter-attilaek-ursisakos-tirreno-sikere-sagannal-es-cavendish-sel-jon-az-ujabb-sztarparade-a-tour-de-hongrie-n\/#breadcrumb\"},\"inLanguage\":\"hu\",\"potentialAction\":[{\"@type\":\"ReadAction\",\"target\":[\"https:\/\/www.welovecycling.com\/hu\/orszaguti-kerekpar\/valter-attilaek-ursisakos-tirreno-sikere-sagannal-es-cavendish-sel-jon-az-ujabb-sztarparade-a-tour-de-hongrie-n\/\"]}]},{\"@type\":\"ImageObject\",\"inLanguage\":\"hu\",\"@id\":\"https:\/\/www.welovecycling.com\/hu\/orszaguti-kerekpar\/valter-attilaek-ursisakos-tirreno-sikere-sagannal-es-cavendish-sel-jon-az-ujabb-sztarparade-a-tour-de-hongrie-n\/#primaryimage\",\"url\":\"https:\/\/d2p6e6u75xmxt8.cloudfront.net\/12\/2024\/03\/peter-sagan-vs-mark-cavendish-meme-battle-1504831881-min.webp\",\"contentUrl\":\"https:\/\/d2p6e6u75xmxt8.cloudfront.net\/12\/2024\/03\/peter-sagan-vs-mark-cavendish-meme-battle-1504831881-min.webp\",\"width\":1000,\"height\":636},{\"@type\":\"BreadcrumbList\",\"@id\":\"https:\/\/www.welovecycling.com\/hu\/orszaguti-kerekpar\/valter-attilaek-ursisakos-tirreno-sikere-sagannal-es-cavendish-sel-jon-az-ujabb-sztarparade-a-tour-de-hongrie-n\/#breadcrumb\",\"itemListElement\":[{\"@type\":\"ListItem\",\"position\":1,\"name\":\"Home\",\"item\":\"https:\/\/www.welovecycling.com\/hu\/\"},{\"@type\":\"ListItem\",\"position\":2,\"name\":\"Valter Attil\u00e1\u00e9k \u0171rsisakos Tirreno-sikere, Sagannal \u00e9s Cavendish-sel j\u00f6n az \u00fajabb szt\u00e1rpar\u00e1d\u00e9 a Tour de Hongrie-n!\"}]},{\"@type\":\"WebSite\",\"@id\":\"https:\/\/www.welovecycling.com\/hu\/#website\",\"url\":\"https:\/\/www.welovecycling.com\/hu\/\",\"name\":\"\u0160koda We Love Cycling - Magyarorsz\u00e1g\",\"description\":\"\u0160koda WeLoveCycling\",\"potentialAction\":[{\"@type\":\"SearchAction\",\"target\":{\"@type\":\"EntryPoint\",\"urlTemplate\":\"https:\/\/www.welovecycling.com\/hu\/?s={search_term_string}\"},\"query-input\":{\"@type\":\"PropertyValueSpecification\",\"valueRequired\":true,\"valueName\":\"search_term_string\"}}],\"inLanguage\":\"hu\"},{\"@type\":\"Person\",\"@id\":\"https:\/\/www.welovecycling.com\/hu\/#\/schema\/person\/414a2aebf1801691a5320edb6468e194\",\"name\":\"hegyizs\",\"image\":{\"@type\":\"ImageObject\",\"inLanguage\":\"hu\",\"@id\":\"https:\/\/www.welovecycling.com\/hu\/#\/schema\/person\/image\/\",\"url\":\"https:\/\/secure.gravatar.com\/avatar\/02cf8a7906b8cf90cecb4679defac7cfd33a1c2e3b88e4903d947f3bb58eedd3?s=96&d=mm&r=g\",\"contentUrl\":\"https:\/\/secure.gravatar.com\/avatar\/02cf8a7906b8cf90cecb4679defac7cfd33a1c2e3b88e4903d947f3bb58eedd3?s=96&d=mm&r=g\",\"caption\":\"hegyizs\"},\"url\":\"https:\/\/www.welovecycling.com\/hu\/author\/hegyizs\/\"}]}<\/script>\n<!-- \/ Yoast SEO Premium plugin. -->","yoast_head_json":{"title":"Valter Attil\u00e1\u00e9k \u0171rsisakos Tirreno-sikere, Sagannal \u00e9s Cavendish-sel j\u00f6n az \u00fajabb szt\u00e1rpar\u00e1d\u00e9 a Tour de Hongrie-n!","description":"Kapit\u00e1nyi szerep a Strade Bianch\u00e9n, n\u00e1lunk t\u00e9r vissza a h\u00e1romszoros vil\u00e1gbajnok szlov\u00e1k k\u00f6z\u00f6ns\u00e9gkedvenc \u2013 sz\u00e9pen a nemzetk\u00f6zi ker\u00e9kp\u00e1rsport f\u00f3kusz\u00e1ba ker\u00fclt haz\u00e1nk az elm\u00falt hetekben.","robots":{"index":"index","follow":"follow","max-snippet":"max-snippet:-1","max-image-preview":"max-image-preview:large","max-video-preview":"max-video-preview:-1"},"canonical":"https:\/\/www.welovecycling.com\/hu\/orszaguti-kerekpar\/valter-attilaek-ursisakos-tirreno-sikere-sagannal-es-cavendish-sel-jon-az-ujabb-sztarparade-a-tour-de-hongrie-n\/","og_locale":"hu_HU","og_type":"article","og_title":"Valter Attil\u00e1\u00e9k \u0171rsisakos Tirreno-sikere, Sagannal \u00e9s Cavendish-sel j\u00f6n az \u00fajabb szt\u00e1rpar\u00e1d\u00e9 a Tour de Hongrie-n!","og_description":"Kapit\u00e1nyi szerep a Strade Bianch\u00e9n, n\u00e1lunk t\u00e9r vissza a h\u00e1romszoros vil\u00e1gbajnok szlov\u00e1k k\u00f6z\u00f6ns\u00e9gkedvenc \u2013 sz\u00e9pen a nemzetk\u00f6zi ker\u00e9kp\u00e1rsport f\u00f3kusz\u00e1ba ker\u00fclt haz\u00e1nk az elm\u00falt hetekben.","og_url":"https:\/\/www.welovecycling.com\/hu\/orszaguti-kerekpar\/valter-attilaek-ursisakos-tirreno-sikere-sagannal-es-cavendish-sel-jon-az-ujabb-sztarparade-a-tour-de-hongrie-n\/","og_site_name":"\u0160koda We Love Cycling - Magyarorsz\u00e1g","article_publisher":"https:\/\/www.facebook.com\/WeLoveCyclingHungary\/","article_published_time":"2024-03-14T06:00:52+00:00","article_modified_time":"2024-03-14T11:52:52+00:00","og_image":[{"width":1000,"height":636,"url":"https:\/\/d2p6e6u75xmxt8.cloudfront.net\/12\/2024\/03\/peter-sagan-vs-mark-cavendish-meme-battle-1504831881-min.webp","type":"image\/webp"}],"author":"hegyizs","twitter_card":"summary_large_image","twitter_misc":{"Written by":"WLC","Est. reading time":"4 minutes"},"schema":{"@context":"https:\/\/schema.org","@graph":[{"@type":"WebPage","@id":"https:\/\/www.welovecycling.com\/hu\/orszaguti-kerekpar\/valter-attilaek-ursisakos-tirreno-sikere-sagannal-es-cavendish-sel-jon-az-ujabb-sztarparade-a-tour-de-hongrie-n\/","url":"https:\/\/www.welovecycling.com\/hu\/orszaguti-kerekpar\/valter-attilaek-ursisakos-tirreno-sikere-sagannal-es-cavendish-sel-jon-az-ujabb-sztarparade-a-tour-de-hongrie-n\/","name":"Valter Attil\u00e1\u00e9k \u0171rsisakos Tirreno-sikere, Sagannal \u00e9s Cavendish-sel j\u00f6n az \u00fajabb szt\u00e1rpar\u00e1d\u00e9 a Tour de Hongrie-n!","isPartOf":{"@id":"https:\/\/www.welovecycling.com\/hu\/#website"},"primaryImageOfPage":{"@id":"https:\/\/www.welovecycling.com\/hu\/orszaguti-kerekpar\/valter-attilaek-ursisakos-tirreno-sikere-sagannal-es-cavendish-sel-jon-az-ujabb-sztarparade-a-tour-de-hongrie-n\/#primaryimage"},"image":{"@id":"https:\/\/www.welovecycling.com\/hu\/orszaguti-kerekpar\/valter-attilaek-ursisakos-tirreno-sikere-sagannal-es-cavendish-sel-jon-az-ujabb-sztarparade-a-tour-de-hongrie-n\/#primaryimage"},"thumbnailUrl":"https:\/\/d2p6e6u75xmxt8.cloudfront.net\/12\/2024\/03\/peter-sagan-vs-mark-cavendish-meme-battle-1504831881-min.webp","datePublished":"2024-03-14T06:00:52+00:00","dateModified":"2024-03-14T11:52:52+00:00","author":{"@id":"https:\/\/www.welovecycling.com\/hu\/#\/schema\/person\/414a2aebf1801691a5320edb6468e194"},"description":"Kapit\u00e1nyi szerep a Strade Bianch\u00e9n, n\u00e1lunk t\u00e9r vissza a h\u00e1romszoros vil\u00e1gbajnok szlov\u00e1k k\u00f6z\u00f6ns\u00e9gkedvenc \u2013 sz\u00e9pen a nemzetk\u00f6zi ker\u00e9kp\u00e1rsport f\u00f3kusz\u00e1ba ker\u00fclt haz\u00e1nk az elm\u00falt hetekben.","breadcrumb":{"@id":"https:\/\/www.welovecycling.com\/hu\/orszaguti-kerekpar\/valter-attilaek-ursisakos-tirreno-sikere-sagannal-es-cavendish-sel-jon-az-ujabb-sztarparade-a-tour-de-hongrie-n\/#breadcrumb"},"inLanguage":"hu","potentialAction":[{"@type":"ReadAction","target":["https:\/\/www.welovecycling.com\/hu\/orszaguti-kerekpar\/valter-attilaek-ursisakos-tirreno-sikere-sagannal-es-cavendish-sel-jon-az-ujabb-sztarparade-a-tour-de-hongrie-n\/"]}]},{"@type":"ImageObject","inLanguage":"hu","@id":"https:\/\/www.welovecycling.com\/hu\/orszaguti-kerekpar\/valter-attilaek-ursisakos-tirreno-sikere-sagannal-es-cavendish-sel-jon-az-ujabb-sztarparade-a-tour-de-hongrie-n\/#primaryimage","url":"https:\/\/d2p6e6u75xmxt8.cloudfront.net\/12\/2024\/03\/peter-sagan-vs-mark-cavendish-meme-battle-1504831881-min.webp","contentUrl":"https:\/\/d2p6e6u75xmxt8.cloudfront.net\/12\/2024\/03\/peter-sagan-vs-mark-cavendish-meme-battle-1504831881-min.webp","width":1000,"height":636},{"@type":"BreadcrumbList","@id":"https:\/\/www.welovecycling.com\/hu\/orszaguti-kerekpar\/valter-attilaek-ursisakos-tirreno-sikere-sagannal-es-cavendish-sel-jon-az-ujabb-sztarparade-a-tour-de-hongrie-n\/#breadcrumb","itemListElement":[{"@type":"ListItem","position":1,"name":"Home","item":"https:\/\/www.welovecycling.com\/hu\/"},{"@type":"ListItem","position":2,"name":"Valter Attil\u00e1\u00e9k \u0171rsisakos Tirreno-sikere, Sagannal \u00e9s Cavendish-sel j\u00f6n az \u00fajabb szt\u00e1rpar\u00e1d\u00e9 a Tour de Hongrie-n!"}]},{"@type":"WebSite","@id":"https:\/\/www.welovecycling.com\/hu\/#website","url":"https:\/\/www.welovecycling.com\/hu\/","name":"\u0160koda We Love Cycling - Magyarorsz\u00e1g","description":"\u0160koda WeLoveCycling","potentialAction":[{"@type":"SearchAction","target":{"@type":"EntryPoint","urlTemplate":"https:\/\/www.welovecycling.com\/hu\/?s={search_term_string}"},"query-input":{"@type":"PropertyValueSpecification","valueRequired":true,"valueName":"search_term_string"}}],"inLanguage":"hu"},{"@type":"Person","@id":"https:\/\/www.welovecycling.com\/hu\/#\/schema\/person\/414a2aebf1801691a5320edb6468e194","name":"hegyizs","image":{"@type":"ImageObject","inLanguage":"hu","@id":"https:\/\/www.welovecycling.com\/hu\/#\/schema\/person\/image\/","url":"https:\/\/secure.gravatar.com\/avatar\/02cf8a7906b8cf90cecb4679defac7cfd33a1c2e3b88e4903d947f3bb58eedd3?s=96&d=mm&r=g","contentUrl":"https:\/\/secure.gravatar.com\/avatar\/02cf8a7906b8cf90cecb4679defac7cfd33a1c2e3b88e4903d947f3bb58eedd3?s=96&d=mm&r=g","caption":"hegyizs"},"url":"https:\/\/www.welovecycling.com\/hu\/author\/hegyizs\/"}]}},"_links":{"self":[{"href":"https:\/\/www.welovecycling.com\/hu\/wp-json\/wp\/v2\/posts\/18419","targetHints":{"allow":["GET"]}}],"collection":[{"href":"https:\/\/www.welovecycling.com\/hu\/wp-json\/wp\/v2\/posts"}],"about":[{"href":"https:\/\/www.welovecycling.com\/hu\/wp-json\/wp\/v2\/types\/post"}],"author":[{"embeddable":true,"href":"https:\/\/www.welovecycling.com\/hu\/wp-json\/wp\/v2\/users\/71"}],"replies":[{"embeddable":true,"href":"https:\/\/www.welovecycling.com\/hu\/wp-json\/wp\/v2\/comments?post=18419"}],"version-history":[{"count":1,"href":"https:\/\/www.welovecycling.com\/hu\/wp-json\/wp\/v2\/posts\/18419\/revisions"}],"predecessor-version":[{"id":18424,"href":"https:\/\/www.welovecycling.com\/hu\/wp-json\/wp\/v2\/posts\/18419\/revisions\/18424"}],"wp:featuredmedia":[{"embeddable":true,"href":"https:\/\/www.welovecycling.com\/hu\/wp-json\/wp\/v2\/media\/18423"}],"wp:attachment":[{"href":"https:\/\/www.welovecycling.com\/hu\/wp-json\/wp\/v2\/media?parent=18419"}],"wp:term":[{"taxonomy":"category","embeddable":true,"href":"https:\/\/www.welovecycling.com\/hu\/wp-json\/wp\/v2\/categories?post=18419"},{"taxonomy":"post_tag","embeddable":true,"href":"https:\/\/www.welovecycling.com\/hu\/wp-json\/wp\/v2\/tags?post=18419"},{"taxonomy":"global-categories","embeddable":true,"href":"https:\/\/www.welovecycling.com\/hu\/wp-json\/wp\/v2\/global-categories?post=18419"}],"curies":[{"name":"wp","href":"https:\/\/api.w.org\/{rel}","templated":true}]}}