{"id":18410,"date":"2024-03-19T08:00:50","date_gmt":"2024-03-19T06:00:50","guid":{"rendered":"https:\/\/www.welovecycling.com\/hu\/?p=18410"},"modified":"2024-03-11T17:24:33","modified_gmt":"2024-03-11T15:24:33","slug":"csaladi-kerekparos-kaland-fedezzetek-fel-a-rajna-volgyet","status":"publish","type":"post","link":"https:\/\/www.welovecycling.com\/hu\/csalad\/csaladi-kerekparos-kaland-fedezzetek-fel-a-rajna-volgyet\/","title":{"rendered":"Csal\u00e1di ker\u00e9kp\u00e1ros kaland: Fedezz\u00e9tek fel a Rajna-v\u00f6lgyet!"},"content":{"rendered":"<p><strong>A Rajna-v\u00f6lgy mesek\u00f6nyvi t\u00e1jakkal, k\u00f6z\u00e9pkori v\u00e1rakkal \u00e9s csendes foly\u00f3parti utakkal idilli h\u00e1tteret k\u00edn\u00e1l egy eml\u00e9kezetes csal\u00e1di ker\u00e9kp\u00e1ros kalandhoz. Ez a r\u00e9gi\u00f3 h\u00edres kultur\u00e1lis \u00f6r\u00f6ks\u00e9geir\u0151l, fest\u0151i sz\u0151l\u0151skertjeir\u0151l \u00e9s t\u00f6rt\u00e9nelmi v\u00e1rosair\u00f3l, \u00e9s sz\u00e1mos \u00fatvonalat k\u00edn\u00e1l, amelyek megfelelnek minden koroszt\u00e1ly\u00fa \u00e9s k\u00e9pess\u00e9g\u0171 ker\u00e9kp\u00e1ros sz\u00e1m\u00e1ra. Ismerj\u00e9tek meg a Rajna-v\u00f6lgy legjobb csal\u00e1dbar\u00e1t ker\u00e9kp\u00e1ros \u00fatvonalait!<\/strong><\/p>\n<p><!--more--><\/p>\n<h2><strong>Bingen \u2013 Bacharach (15 km)<\/strong><\/h2>\n<figure id=\"attachment_18411\" aria-describedby=\"caption-attachment-18411\" style=\"width: 990px\" class=\"wp-caption alignnone\"><a href=\"https:\/\/d2p6e6u75xmxt8.cloudfront.net\/12\/2024\/03\/Bacharach-profimedia-0825044334.webp\"><img loading=\"lazy\" decoding=\"async\" class=\"wp-image-18411 size-full\" src=\"https:\/\/d2p6e6u75xmxt8.cloudfront.net\/12\/2024\/03\/Bacharach-profimedia-0825044334.webp\" alt=\"Bacharach\" width=\"990\" height=\"660\" srcset=\"https:\/\/d2p6e6u75xmxt8.cloudfront.net\/12\/2024\/03\/Bacharach-profimedia-0825044334.webp 990w, https:\/\/d2p6e6u75xmxt8.cloudfront.net\/12\/2024\/03\/Bacharach-profimedia-0825044334-300x200.webp 300w, https:\/\/d2p6e6u75xmxt8.cloudfront.net\/12\/2024\/03\/Bacharach-profimedia-0825044334-768x512.webp 768w, https:\/\/d2p6e6u75xmxt8.cloudfront.net\/12\/2024\/03\/Bacharach-profimedia-0825044334-400x267.webp 400w, https:\/\/d2p6e6u75xmxt8.cloudfront.net\/12\/2024\/03\/Bacharach-profimedia-0825044334-272x182.webp 272w\" sizes=\"auto, (max-width: 990px) 100vw, 990px\" \/><\/a><figcaption id=\"caption-attachment-18411\" class=\"wp-caption-text\">Fedezd fel Bacharach b\u00e1jos v\u00e1ros\u00e1t! \u00a9 Profimedia<\/figcaption><\/figure>\n<p><strong>Aj\u00e1nlott koroszt\u00e1ly<\/strong>: 6 \u00e9vesn\u00e9l id\u0151sebb gyermekek<\/p>\n<p>Ez a b\u00e1jos \u00fatvonal a borkir\u00e1lyn\u0151k\u00e9nt emlegetett Bingen v\u00e1ros\u00e1b\u00f3l indul, \u00e9s a Rajn\u00e1n kereszt\u00fcl vezet az elb\u0171v\u00f6l\u0151 Bacharach v\u00e1ros\u00e1ig. \u00datk\u00f6zben leny\u0171g\u00f6z\u0151 v\u00e1rakat csod\u00e1lhattok meg a dombok tetej\u00e9n, \u00e9s \u00e9lvezhetitek a Rajna sz\u0151l\u0151vel bor\u00edtott lejt\u0151inek panor\u00e1m\u00e1j\u00e1t. A 15 km hossz\u00fa \u00fat viszonylag lapos, \u00edgy t\u00f6k\u00e9letes a fiatalabb ker\u00e9kp\u00e1rosok sz\u00e1m\u00e1ra. Az \u00fat ment\u00e9n tal\u00e1lhat\u00f3 falvak b\u00e1jos meg\u00e1ll\u00f3helyek, melyek t\u00f6k\u00e9letesek a helyi \u00e9telek kipr\u00f3b\u00e1l\u00e1s\u00e1ra \u00e9s az \u0151si romok felfedez\u00e9s\u00e9re.<\/p>\n<h2><strong>Koblenz \u2013 Boppard (20 km)<\/strong><\/h2>\n<figure id=\"attachment_18412\" aria-describedby=\"caption-attachment-18412\" style=\"width: 990px\" class=\"wp-caption alignnone\"><a href=\"https:\/\/d2p6e6u75xmxt8.cloudfront.net\/12\/2024\/03\/Boppard-profimedia-0786457364.webp\"><img loading=\"lazy\" decoding=\"async\" class=\"wp-image-18412 size-full\" src=\"https:\/\/d2p6e6u75xmxt8.cloudfront.net\/12\/2024\/03\/Boppard-profimedia-0786457364.webp\" alt=\"Boppard\" width=\"990\" height=\"660\" srcset=\"https:\/\/d2p6e6u75xmxt8.cloudfront.net\/12\/2024\/03\/Boppard-profimedia-0786457364.webp 990w, https:\/\/d2p6e6u75xmxt8.cloudfront.net\/12\/2024\/03\/Boppard-profimedia-0786457364-300x200.webp 300w, https:\/\/d2p6e6u75xmxt8.cloudfront.net\/12\/2024\/03\/Boppard-profimedia-0786457364-768x512.webp 768w, https:\/\/d2p6e6u75xmxt8.cloudfront.net\/12\/2024\/03\/Boppard-profimedia-0786457364-400x267.webp 400w, https:\/\/d2p6e6u75xmxt8.cloudfront.net\/12\/2024\/03\/Boppard-profimedia-0786457364-272x182.webp 272w\" sizes=\"auto, (max-width: 990px) 100vw, 990px\" \/><\/a><figcaption id=\"caption-attachment-18412\" class=\"wp-caption-text\">\u00c1lljatok meg egy pillanatra \u00e9s \u00e9lvezz\u00e9tek ki Boppard v\u00e1ros\u00e1t! \u00a9 Profimedia<\/figcaption><\/figure>\n<p><strong>Aj\u00e1nlott koroszt\u00e1ly:<\/strong> 8 \u00e9vesn\u00e9l id\u0151sebb gyermekek<\/p>\n<p>Ez a l\u00e1tv\u00e1nyos \u00fatvonal a Rajna \u00e9s Moselle foly\u00f3k tal\u00e1lkoz\u00e1s\u00e1t\u00f3l, Koblenz v\u00e1ros\u00e1b\u00f3l indul, \u00e9s elvezet a t\u00f6rt\u00e9nelmi Boppard v\u00e1ros\u00e1ig. A leny\u0171g\u00f6z\u0151 Ehrenbreitstein er\u0151dj\u00e9r\u0151l \u00e9s az ikonikus Deutsches Eck-r\u0151l h\u00edres Koblenz kultur\u00e1lisan gazdag kiindul\u00f3pont. Az \u00fat Boppardig a csendes foly\u00f3parton vezet, \u00fatk\u00f6zben pedig k\u00f6z\u00e9pkori v\u00e1rakat \u00e9s a legend\u00e1s Lorelei-szikl\u00e1t is megcsod\u00e1lhatj\u00e1tok. Ez a 20 km hossz\u00fa szakasz term\u00e9szeti sz\u00e9ps\u00e9gek \u00e9s t\u00f6rt\u00e9nelmi \u00e9rdekess\u00e9gek kever\u00e9ke, ide\u00e1lis v\u00e1laszt\u00e1s, ha 8 \u00e9vesn\u00e9l id\u0151sebb gyermekekkel indultok \u00fatnak.<\/p>\n<h2><strong>R\u00fcdesheim \u2013 Eltville (18 km)<\/strong><\/h2>\n<figure id=\"attachment_18413\" aria-describedby=\"caption-attachment-18413\" style=\"width: 990px\" class=\"wp-caption alignnone\"><a href=\"https:\/\/d2p6e6u75xmxt8.cloudfront.net\/12\/2024\/03\/Rudesheim-profimedia-0845197926.webp\"><img loading=\"lazy\" decoding=\"async\" class=\"wp-image-18413 size-full\" src=\"https:\/\/d2p6e6u75xmxt8.cloudfront.net\/12\/2024\/03\/Rudesheim-profimedia-0845197926.webp\" alt=\"R\u00fcdesheim\" width=\"990\" height=\"660\" srcset=\"https:\/\/d2p6e6u75xmxt8.cloudfront.net\/12\/2024\/03\/Rudesheim-profimedia-0845197926.webp 990w, https:\/\/d2p6e6u75xmxt8.cloudfront.net\/12\/2024\/03\/Rudesheim-profimedia-0845197926-300x200.webp 300w, https:\/\/d2p6e6u75xmxt8.cloudfront.net\/12\/2024\/03\/Rudesheim-profimedia-0845197926-768x512.webp 768w, https:\/\/d2p6e6u75xmxt8.cloudfront.net\/12\/2024\/03\/Rudesheim-profimedia-0845197926-400x267.webp 400w, https:\/\/d2p6e6u75xmxt8.cloudfront.net\/12\/2024\/03\/Rudesheim-profimedia-0845197926-272x182.webp 272w\" sizes=\"auto, (max-width: 990px) 100vw, 990px\" \/><\/a><figcaption id=\"caption-attachment-18413\" class=\"wp-caption-text\">Tekerjetek a Rajna-v\u00f6lgy fest\u0151i t\u00e1jain, Eltville fel\u00e9. \u00a9 Profimedia<\/figcaption><\/figure>\n<p><strong>Aj\u00e1nlott koroszt\u00e1ly:<\/strong> 6 \u00e9vesn\u00e9l id\u0151sebb gyermekek<\/p>\n<p>Induljatok a vibr\u00e1l\u00f3 R\u00fcdesheim v\u00e1ros\u00e1b\u00f3l, mely h\u00edres sz\u0151l\u0151skertjeir\u0151l \u00e9s a Drosselgasse sik\u00e1torr\u00f3l, \u00e9s tekerjetek \u00e1t a Rajna-v\u00f6lgy fest\u0151i t\u00e1jain, Eltville fel\u00e9. Ez a 18 km hossz\u00fa \u00fatvonal csod\u00e1latos kil\u00e1t\u00e1sokkal, t\u00f6rt\u00e9nelmi eml\u00e9km\u0171vekkel \u00e9s gy\u00f6ny\u00f6r\u0171 sz\u0151l\u0151skertekkel szeg\u00e9lyezett, ahol vezetett t\u00far\u00e1kon \u00e9s bork\u00f3stol\u00f3kon is r\u00e9szt vehettek. Az \u00fat t\u00falnyom\u00f3r\u00e9szt lapos \u00e9s j\u00f3l ki\u00e9p\u00edtett, alkalmas fiatalabb ker\u00e9kp\u00e1rosoknak \u00e9s csal\u00e1doknak. T\u00f6ltsetek el egy pihentet\u0151 napot a Rajna-v\u00f6lgy elb\u0171v\u00f6l\u0151 atmoszf\u00e9r\u00e1j\u00e1ban.<\/p>\n<h2><strong>Mainz \u2013 Worms (50 km)<\/strong><\/h2>\n<figure id=\"attachment_18414\" aria-describedby=\"caption-attachment-18414\" style=\"width: 990px\" class=\"wp-caption alignnone\"><a href=\"https:\/\/d2p6e6u75xmxt8.cloudfront.net\/12\/2024\/03\/Worms-profimedia-0839071005.webp\"><img loading=\"lazy\" decoding=\"async\" class=\"wp-image-18414 size-full\" src=\"https:\/\/d2p6e6u75xmxt8.cloudfront.net\/12\/2024\/03\/Worms-profimedia-0839071005.webp\" alt=\"Worms cathedral\" width=\"990\" height=\"660\" srcset=\"https:\/\/d2p6e6u75xmxt8.cloudfront.net\/12\/2024\/03\/Worms-profimedia-0839071005.webp 990w, https:\/\/d2p6e6u75xmxt8.cloudfront.net\/12\/2024\/03\/Worms-profimedia-0839071005-300x200.webp 300w, https:\/\/d2p6e6u75xmxt8.cloudfront.net\/12\/2024\/03\/Worms-profimedia-0839071005-768x512.webp 768w, https:\/\/d2p6e6u75xmxt8.cloudfront.net\/12\/2024\/03\/Worms-profimedia-0839071005-400x267.webp 400w, https:\/\/d2p6e6u75xmxt8.cloudfront.net\/12\/2024\/03\/Worms-profimedia-0839071005-272x182.webp 272w\" sizes=\"auto, (max-width: 990px) 100vw, 990px\" \/><\/a><figcaption id=\"caption-attachment-18414\" class=\"wp-caption-text\">L\u00e1togass el a gy\u00f6ny\u00f6r\u0171 Wormsi sz\u00e9kesegyh\u00e1zhoz. \u00a9 Profimedia<\/figcaption><\/figure>\n<p><strong>Aj\u00e1nlott koroszt\u00e1ly<\/strong>: Tin\u00e9dzserek<\/p>\n<p>Az id\u0151sebb gyermekek sz\u00e1m\u00e1ra a Mainz \u00e9s Worms k\u00f6z\u00f6tti szakasz egy kih\u00edv\u00e1st jelent\u0151, ugyanakkor csod\u00e1latos \u00e9lm\u00e9nyt k\u00edn\u00e1l. Miut\u00e1n megn\u00e9zt\u00e9tek a t\u00f6rt\u00e9nelmi Mainz v\u00e1ros\u00e1nak leny\u0171g\u00f6z\u0151 sz\u00e9kesegyh\u00e1z\u00e1t \u00e9s a Gutenberg M\u00fazeumot, indulhattok! Az \u00fatvonal a Rajna kanyarg\u00f3s partj\u00e1n vezet, hangulatos t\u00e1jakon \u00e9s \u0151si er\u0151d\u00f6k mellett, a t\u00f6rt\u00e9nelmi Worms v\u00e1ros\u00e1ig, amely a rom\u00e1n st\u00edlus\u00fa sz\u00e9kesegyh\u00e1z\u00e1r\u00f3l \u00e9s a Nibelung-sag\u00e1r\u00f3l ismert. Ez az 50 km hossz\u00fa \u00fatvonal kultur\u00e1lis l\u00e1tnival\u00f3ival \u00e9s leny\u0171g\u00f6z\u0151 l\u00e1tk\u00e9p\u00e9vel ide\u00e1lis v\u00e1laszt\u00e1s tin\u00e9dzserek \u00e9s feln\u0151ttek sz\u00e1m\u00e1ra. Mer\u00fcljetek el a r\u00e9gi\u00f3 gazdag t\u00f6rt\u00e9nelm\u00e9ben \u00e9s a term\u00e9szet sz\u00e9ps\u00e9g\u00e9ben!<\/p>\n<h2><strong>Lorelei k\u00f6r (25 km)<\/strong><\/h2>\n<figure id=\"attachment_18415\" aria-describedby=\"caption-attachment-18415\" style=\"width: 1400px\" class=\"wp-caption alignnone\"><a href=\"https:\/\/d2p6e6u75xmxt8.cloudfront.net\/12\/2024\/03\/Lorelei-Rock-Rhine-Valley-profimedia-0269404406.webp\"><img loading=\"lazy\" decoding=\"async\" class=\"wp-image-18415 size-full\" src=\"https:\/\/d2p6e6u75xmxt8.cloudfront.net\/12\/2024\/03\/Lorelei-Rock-Rhine-Valley-profimedia-0269404406.webp\" alt=\"Lorelei rock\" width=\"1400\" height=\"933\" srcset=\"https:\/\/d2p6e6u75xmxt8.cloudfront.net\/12\/2024\/03\/Lorelei-Rock-Rhine-Valley-profimedia-0269404406.webp 1400w, https:\/\/d2p6e6u75xmxt8.cloudfront.net\/12\/2024\/03\/Lorelei-Rock-Rhine-Valley-profimedia-0269404406-300x200.webp 300w, https:\/\/d2p6e6u75xmxt8.cloudfront.net\/12\/2024\/03\/Lorelei-Rock-Rhine-Valley-profimedia-0269404406-1024x682.webp 1024w, https:\/\/d2p6e6u75xmxt8.cloudfront.net\/12\/2024\/03\/Lorelei-Rock-Rhine-Valley-profimedia-0269404406-768x512.webp 768w, https:\/\/d2p6e6u75xmxt8.cloudfront.net\/12\/2024\/03\/Lorelei-Rock-Rhine-Valley-profimedia-0269404406-400x267.webp 400w, https:\/\/d2p6e6u75xmxt8.cloudfront.net\/12\/2024\/03\/Lorelei-Rock-Rhine-Valley-profimedia-0269404406-272x182.webp 272w\" sizes=\"auto, (max-width: 1400px) 100vw, 1400px\" \/><\/a><figcaption id=\"caption-attachment-18415\" class=\"wp-caption-text\">N\u00e9zz\u00e9tek meg a legend\u00e1s Lorelei-szikl\u00e1t! \u00a9 Profimedia<\/figcaption><\/figure>\n<p><strong>Aj\u00e1nlott koroszt\u00e1ly:<\/strong> 10 \u00e9vesn\u00e9l id\u0151sebb gyermekek<\/p>\n<p>Ez a k\u00f6r a mitikus Lorelei-szikla k\u00f6r\u00fcl egy var\u00e1zslatos ker\u00e9kp\u00e1ros \u00e9lm\u00e9nyt k\u00edn\u00e1l a Rajna-v\u00f6lgy egyik legh\u00edresebb szakasz\u00e1n. A hurkot olyan v\u00e1rosokb\u00f3l lehet megkezdeni, mint St. Goar vagy Oberwesel, k\u00f6rbefonva a meredek palak\u0151-szikl\u00e1t, amelyhez az \u00e9gi visszhang \u00e9s a Lorelei szir\u00e9n t\u00f6rt\u00e9nete kapcsol\u00f3dik. Az \u00fatvonal m\u00e9rs\u00e9kelt emelked\u0151kkel \u00e9s leny\u0171g\u00f6z\u0151 kil\u00e1t\u00f3pontokkal rendelkezik, legink\u00e1bb 10 \u00e9vesn\u00e9l id\u0151sebb gyermekek sz\u00e1m\u00e1ra alkalmas. Ez egy olyan utaz\u00e1s, amely \u00f6tv\u00f6zi a mitol\u00f3gi\u00e1t, a term\u00e9szetet \u00e9s a kalandot, \u00e9s szabadj\u00e1ra engedi a Rajna-v\u00f6lgy misztikus szellem\u00e9t.<\/p>\n<h2><strong>B\u00f3nuszkaland: az EuroVelo 15 szakaszai<\/strong><\/h2>\n<p>Ha igaz\u00e1n komoly kalandra v\u00e1gytok, fontol\u00f3ra vehetitek az EuroVelo 15 szakaszainak teljes\u00edt\u00e9s\u00e9t, melyek az EuroVelo h\u00e1l\u00f3zat r\u00e9sz\u00e9t adj\u00e1k. Ez a j\u00f3l ki\u00e9p\u00edtett \u00fatvonal a Rajna forr\u00e1s\u00e1t\u00f3l a Sv\u00e1jci-Alpokban a torkolat\u00e1ig fut, teh\u00e1t eg\u00e9szen a \u00c9szaki-tengerig. V\u00e1lassz\u00e1tok ki azt a szakaszt, amely legink\u00e1bb illik az \u00e1ll\u00edt\u00f3k\u00e9pess\u00e9getekhez \u00e9s az \u00e9rdekl\u0151d\u00e9si k\u00f6reitekhez:, fedezzetek fel k\u00f6z\u00e9pkori v\u00e1rosokat, \u0151si romokat vagy sz\u0151l\u0151vel bor\u00edtott t\u00e1jakat saj\u00e1t temp\u00f3tokban!<\/p>\n<p>A Rajna-v\u00f6lgyben val\u00f3 ker\u00e9kp\u00e1roz\u00e1s t\u00f6bb mint egy akt\u00edv vak\u00e1ci\u00f3; ez egy m\u00e9ly mer\u00fcl\u00e9s az eur\u00f3pai kult\u00fara, t\u00f6rt\u00e9nelem \u00e9s term\u00e9szet sz\u00e9ps\u00e9geibe. Legyen sz\u00f3 \u00e9ppen v\u00e1rak melletti teker\u00e9sr\u0151l, helyi borok k\u00f3stol\u00e1s\u00e1r\u00f3l vagy egyszer\u0171en csak a foly\u00f3part hangulat\u00e1r\u00f3l, ezek a csal\u00e1dbar\u00e1t \u00fatvonalak gazdag \u00e9lm\u00e9nyt \u00edg\u00e9rnek mindenki sz\u00e1m\u00e1ra.<\/p>\n","protected":false},"excerpt":{"rendered":"<p>A Rajna-v\u00f6lgy mesek\u00f6nyvi t\u00e1jakkal, k\u00f6z\u00e9pkori v\u00e1rakkal \u00e9s csendes foly\u00f3parti utakkal idilli h\u00e1tteret k\u00edn\u00e1l egy eml\u00e9kezetes csal\u00e1di ker\u00e9kp\u00e1ros kalandhoz. Ez a [&hellip;]<\/p>\n","protected":false},"author":71,"featured_media":18417,"comment_status":"open","ping_status":"open","sticky":false,"template":"","format":"standard","meta":{"footnotes":""},"categories":[11],"tags":[],"global-categories":[],"class_list":["post-18410","post","type-post","status-publish","format-standard","has-post-thumbnail","hentry","category-csalad"],"yoast_head":"<!-- This site is optimized with the Yoast SEO Premium plugin v25.3 (Yoast SEO v25.9) - https:\/\/yoast.com\/wordpress\/plugins\/seo\/ -->\n<title>Csal\u00e1di ker\u00e9kp\u00e1ros kaland: Fedezz\u00e9tek fel a Rajna-v\u00f6lgyet!<\/title>\n<meta name=\"description\" content=\"A Rajna-v\u00f6lgy mesek\u00f6nyvi t\u00e1jakkal, k\u00f6z\u00e9pkori v\u00e1rakkal \u00e9s csendes foly\u00f3parti utakkal idilli h\u00e1tteret k\u00edn\u00e1l egy eml\u00e9kezetes csal\u00e1di ker\u00e9kp\u00e1ros kalandhoz. Ez a r\u00e9gi\u00f3 h\u00edres kultur\u00e1lis \u00f6r\u00f6ks\u00e9geir\u0151l, fest\u0151i sz\u0151l\u0151skertjeir\u0151l \u00e9s t\u00f6rt\u00e9nelmi v\u00e1rosair\u00f3l, \u00e9s sz\u00e1mos \u00fatvonalat k\u00edn\u00e1l, amelyek megfelelnek minden koroszt\u00e1ly\u00fa \u00e9s k\u00e9pess\u00e9g\u0171 ker\u00e9kp\u00e1ros sz\u00e1m\u00e1ra. Ismerj\u00e9tek meg a Rajna-v\u00f6lgy legjobb csal\u00e1dbar\u00e1t ker\u00e9kp\u00e1ros \u00fatvonalait!\" \/>\n<meta name=\"robots\" content=\"index, follow, max-snippet:-1, max-image-preview:large, max-video-preview:-1\" \/>\n<link rel=\"canonical\" href=\"https:\/\/www.welovecycling.com\/hu\/csalad\/csaladi-kerekparos-kaland-fedezzetek-fel-a-rajna-volgyet\/\" \/>\n<meta property=\"og:locale\" content=\"hu_HU\" \/>\n<meta property=\"og:type\" content=\"article\" \/>\n<meta property=\"og:title\" content=\"Csal\u00e1di ker\u00e9kp\u00e1ros kaland: Fedezz\u00e9tek fel a Rajna-v\u00f6lgyet!\" \/>\n<meta property=\"og:description\" content=\"A Rajna-v\u00f6lgy mesek\u00f6nyvi t\u00e1jakkal, k\u00f6z\u00e9pkori v\u00e1rakkal \u00e9s csendes foly\u00f3parti utakkal idilli h\u00e1tteret k\u00edn\u00e1l egy eml\u00e9kezetes csal\u00e1di ker\u00e9kp\u00e1ros kalandhoz. Ez a r\u00e9gi\u00f3 h\u00edres kultur\u00e1lis \u00f6r\u00f6ks\u00e9geir\u0151l, fest\u0151i sz\u0151l\u0151skertjeir\u0151l \u00e9s t\u00f6rt\u00e9nelmi v\u00e1rosair\u00f3l, \u00e9s sz\u00e1mos \u00fatvonalat k\u00edn\u00e1l, amelyek megfelelnek minden koroszt\u00e1ly\u00fa \u00e9s k\u00e9pess\u00e9g\u0171 ker\u00e9kp\u00e1ros sz\u00e1m\u00e1ra. Ismerj\u00e9tek meg a Rajna-v\u00f6lgy legjobb csal\u00e1dbar\u00e1t ker\u00e9kp\u00e1ros \u00fatvonalait!\" \/>\n<meta property=\"og:url\" content=\"https:\/\/www.welovecycling.com\/hu\/csalad\/csaladi-kerekparos-kaland-fedezzetek-fel-a-rajna-volgyet\/\" \/>\n<meta property=\"og:site_name\" content=\"\u0160koda We Love Cycling - Magyarorsz\u00e1g\" \/>\n<meta property=\"article:publisher\" content=\"https:\/\/www.facebook.com\/WeLoveCyclingHungary\/\" \/>\n<meta property=\"article:published_time\" content=\"2024-03-19T06:00:50+00:00\" \/>\n<meta property=\"og:image\" content=\"https:\/\/d2p6e6u75xmxt8.cloudfront.net\/12\/2024\/03\/Rhine-Valley-profimedia-0793187986-CVR.webp\" \/>\n\t<meta property=\"og:image:width\" content=\"990\" \/>\n\t<meta property=\"og:image:height\" content=\"660\" \/>\n\t<meta property=\"og:image:type\" content=\"image\/webp\" \/>\n<meta name=\"author\" content=\"hegyizs\" \/>\n<meta name=\"twitter:card\" content=\"summary_large_image\" \/>\n<meta name=\"twitter:label1\" content=\"Written by\" \/>\n\t<meta name=\"twitter:data1\" content=\"We Love Cycling\" \/>\n\t<meta name=\"twitter:label2\" content=\"Est. reading time\" \/>\n\t<meta name=\"twitter:data2\" content=\"4\" \/>\n<script type=\"application\/ld+json\" class=\"yoast-schema-graph\">{\"@context\":\"https:\/\/schema.org\",\"@graph\":[{\"@type\":\"WebPage\",\"@id\":\"https:\/\/www.welovecycling.com\/hu\/csalad\/csaladi-kerekparos-kaland-fedezzetek-fel-a-rajna-volgyet\/\",\"url\":\"https:\/\/www.welovecycling.com\/hu\/csalad\/csaladi-kerekparos-kaland-fedezzetek-fel-a-rajna-volgyet\/\",\"name\":\"Csal\u00e1di ker\u00e9kp\u00e1ros kaland: Fedezz\u00e9tek fel a Rajna-v\u00f6lgyet!\",\"isPartOf\":{\"@id\":\"https:\/\/www.welovecycling.com\/hu\/#website\"},\"primaryImageOfPage\":{\"@id\":\"https:\/\/www.welovecycling.com\/hu\/csalad\/csaladi-kerekparos-kaland-fedezzetek-fel-a-rajna-volgyet\/#primaryimage\"},\"image\":{\"@id\":\"https:\/\/www.welovecycling.com\/hu\/csalad\/csaladi-kerekparos-kaland-fedezzetek-fel-a-rajna-volgyet\/#primaryimage\"},\"thumbnailUrl\":\"https:\/\/d2p6e6u75xmxt8.cloudfront.net\/12\/2024\/03\/Rhine-Valley-profimedia-0793187986-CVR.webp\",\"datePublished\":\"2024-03-19T06:00:50+00:00\",\"author\":{\"@id\":\"https:\/\/www.welovecycling.com\/hu\/#\/schema\/person\/414a2aebf1801691a5320edb6468e194\"},\"description\":\"A Rajna-v\u00f6lgy mesek\u00f6nyvi t\u00e1jakkal, k\u00f6z\u00e9pkori v\u00e1rakkal \u00e9s csendes foly\u00f3parti utakkal idilli h\u00e1tteret k\u00edn\u00e1l egy eml\u00e9kezetes csal\u00e1di ker\u00e9kp\u00e1ros kalandhoz. Ez a r\u00e9gi\u00f3 h\u00edres kultur\u00e1lis \u00f6r\u00f6ks\u00e9geir\u0151l, fest\u0151i sz\u0151l\u0151skertjeir\u0151l \u00e9s t\u00f6rt\u00e9nelmi v\u00e1rosair\u00f3l, \u00e9s sz\u00e1mos \u00fatvonalat k\u00edn\u00e1l, amelyek megfelelnek minden koroszt\u00e1ly\u00fa \u00e9s k\u00e9pess\u00e9g\u0171 ker\u00e9kp\u00e1ros sz\u00e1m\u00e1ra. Ismerj\u00e9tek meg a Rajna-v\u00f6lgy legjobb csal\u00e1dbar\u00e1t ker\u00e9kp\u00e1ros \u00fatvonalait!\",\"breadcrumb\":{\"@id\":\"https:\/\/www.welovecycling.com\/hu\/csalad\/csaladi-kerekparos-kaland-fedezzetek-fel-a-rajna-volgyet\/#breadcrumb\"},\"inLanguage\":\"hu\",\"potentialAction\":[{\"@type\":\"ReadAction\",\"target\":[\"https:\/\/www.welovecycling.com\/hu\/csalad\/csaladi-kerekparos-kaland-fedezzetek-fel-a-rajna-volgyet\/\"]}]},{\"@type\":\"ImageObject\",\"inLanguage\":\"hu\",\"@id\":\"https:\/\/www.welovecycling.com\/hu\/csalad\/csaladi-kerekparos-kaland-fedezzetek-fel-a-rajna-volgyet\/#primaryimage\",\"url\":\"https:\/\/d2p6e6u75xmxt8.cloudfront.net\/12\/2024\/03\/Rhine-Valley-profimedia-0793187986-CVR.webp\",\"contentUrl\":\"https:\/\/d2p6e6u75xmxt8.cloudfront.net\/12\/2024\/03\/Rhine-Valley-profimedia-0793187986-CVR.webp\",\"width\":990,\"height\":660},{\"@type\":\"BreadcrumbList\",\"@id\":\"https:\/\/www.welovecycling.com\/hu\/csalad\/csaladi-kerekparos-kaland-fedezzetek-fel-a-rajna-volgyet\/#breadcrumb\",\"itemListElement\":[{\"@type\":\"ListItem\",\"position\":1,\"name\":\"Home\",\"item\":\"https:\/\/www.welovecycling.com\/hu\/\"},{\"@type\":\"ListItem\",\"position\":2,\"name\":\"Csal\u00e1di ker\u00e9kp\u00e1ros kaland: Fedezz\u00e9tek fel a Rajna-v\u00f6lgyet!\"}]},{\"@type\":\"WebSite\",\"@id\":\"https:\/\/www.welovecycling.com\/hu\/#website\",\"url\":\"https:\/\/www.welovecycling.com\/hu\/\",\"name\":\"\u0160koda We Love Cycling - Magyarorsz\u00e1g\",\"description\":\"\u0160koda WeLoveCycling\",\"potentialAction\":[{\"@type\":\"SearchAction\",\"target\":{\"@type\":\"EntryPoint\",\"urlTemplate\":\"https:\/\/www.welovecycling.com\/hu\/?s={search_term_string}\"},\"query-input\":{\"@type\":\"PropertyValueSpecification\",\"valueRequired\":true,\"valueName\":\"search_term_string\"}}],\"inLanguage\":\"hu\"},{\"@type\":\"Person\",\"@id\":\"https:\/\/www.welovecycling.com\/hu\/#\/schema\/person\/414a2aebf1801691a5320edb6468e194\",\"name\":\"hegyizs\",\"image\":{\"@type\":\"ImageObject\",\"inLanguage\":\"hu\",\"@id\":\"https:\/\/www.welovecycling.com\/hu\/#\/schema\/person\/image\/\",\"url\":\"https:\/\/secure.gravatar.com\/avatar\/02cf8a7906b8cf90cecb4679defac7cfd33a1c2e3b88e4903d947f3bb58eedd3?s=96&d=mm&r=g\",\"contentUrl\":\"https:\/\/secure.gravatar.com\/avatar\/02cf8a7906b8cf90cecb4679defac7cfd33a1c2e3b88e4903d947f3bb58eedd3?s=96&d=mm&r=g\",\"caption\":\"hegyizs\"},\"url\":\"https:\/\/www.welovecycling.com\/hu\/author\/hegyizs\/\"}]}<\/script>\n<!-- \/ Yoast SEO Premium plugin. -->","yoast_head_json":{"title":"Csal\u00e1di ker\u00e9kp\u00e1ros kaland: Fedezz\u00e9tek fel a Rajna-v\u00f6lgyet!","description":"A Rajna-v\u00f6lgy mesek\u00f6nyvi t\u00e1jakkal, k\u00f6z\u00e9pkori v\u00e1rakkal \u00e9s csendes foly\u00f3parti utakkal idilli h\u00e1tteret k\u00edn\u00e1l egy eml\u00e9kezetes csal\u00e1di ker\u00e9kp\u00e1ros kalandhoz. Ez a r\u00e9gi\u00f3 h\u00edres kultur\u00e1lis \u00f6r\u00f6ks\u00e9geir\u0151l, fest\u0151i sz\u0151l\u0151skertjeir\u0151l \u00e9s t\u00f6rt\u00e9nelmi v\u00e1rosair\u00f3l, \u00e9s sz\u00e1mos \u00fatvonalat k\u00edn\u00e1l, amelyek megfelelnek minden koroszt\u00e1ly\u00fa \u00e9s k\u00e9pess\u00e9g\u0171 ker\u00e9kp\u00e1ros sz\u00e1m\u00e1ra. Ismerj\u00e9tek meg a Rajna-v\u00f6lgy legjobb csal\u00e1dbar\u00e1t ker\u00e9kp\u00e1ros \u00fatvonalait!","robots":{"index":"index","follow":"follow","max-snippet":"max-snippet:-1","max-image-preview":"max-image-preview:large","max-video-preview":"max-video-preview:-1"},"canonical":"https:\/\/www.welovecycling.com\/hu\/csalad\/csaladi-kerekparos-kaland-fedezzetek-fel-a-rajna-volgyet\/","og_locale":"hu_HU","og_type":"article","og_title":"Csal\u00e1di ker\u00e9kp\u00e1ros kaland: Fedezz\u00e9tek fel a Rajna-v\u00f6lgyet!","og_description":"A Rajna-v\u00f6lgy mesek\u00f6nyvi t\u00e1jakkal, k\u00f6z\u00e9pkori v\u00e1rakkal \u00e9s csendes foly\u00f3parti utakkal idilli h\u00e1tteret k\u00edn\u00e1l egy eml\u00e9kezetes csal\u00e1di ker\u00e9kp\u00e1ros kalandhoz. Ez a r\u00e9gi\u00f3 h\u00edres kultur\u00e1lis \u00f6r\u00f6ks\u00e9geir\u0151l, fest\u0151i sz\u0151l\u0151skertjeir\u0151l \u00e9s t\u00f6rt\u00e9nelmi v\u00e1rosair\u00f3l, \u00e9s sz\u00e1mos \u00fatvonalat k\u00edn\u00e1l, amelyek megfelelnek minden koroszt\u00e1ly\u00fa \u00e9s k\u00e9pess\u00e9g\u0171 ker\u00e9kp\u00e1ros sz\u00e1m\u00e1ra. Ismerj\u00e9tek meg a Rajna-v\u00f6lgy legjobb csal\u00e1dbar\u00e1t ker\u00e9kp\u00e1ros \u00fatvonalait!","og_url":"https:\/\/www.welovecycling.com\/hu\/csalad\/csaladi-kerekparos-kaland-fedezzetek-fel-a-rajna-volgyet\/","og_site_name":"\u0160koda We Love Cycling - Magyarorsz\u00e1g","article_publisher":"https:\/\/www.facebook.com\/WeLoveCyclingHungary\/","article_published_time":"2024-03-19T06:00:50+00:00","og_image":[{"width":990,"height":660,"url":"https:\/\/d2p6e6u75xmxt8.cloudfront.net\/12\/2024\/03\/Rhine-Valley-profimedia-0793187986-CVR.webp","type":"image\/webp"}],"author":"hegyizs","twitter_card":"summary_large_image","twitter_misc":{"Written by":"We Love Cycling","Est. reading time":"4"},"schema":{"@context":"https:\/\/schema.org","@graph":[{"@type":"WebPage","@id":"https:\/\/www.welovecycling.com\/hu\/csalad\/csaladi-kerekparos-kaland-fedezzetek-fel-a-rajna-volgyet\/","url":"https:\/\/www.welovecycling.com\/hu\/csalad\/csaladi-kerekparos-kaland-fedezzetek-fel-a-rajna-volgyet\/","name":"Csal\u00e1di ker\u00e9kp\u00e1ros kaland: Fedezz\u00e9tek fel a Rajna-v\u00f6lgyet!","isPartOf":{"@id":"https:\/\/www.welovecycling.com\/hu\/#website"},"primaryImageOfPage":{"@id":"https:\/\/www.welovecycling.com\/hu\/csalad\/csaladi-kerekparos-kaland-fedezzetek-fel-a-rajna-volgyet\/#primaryimage"},"image":{"@id":"https:\/\/www.welovecycling.com\/hu\/csalad\/csaladi-kerekparos-kaland-fedezzetek-fel-a-rajna-volgyet\/#primaryimage"},"thumbnailUrl":"https:\/\/d2p6e6u75xmxt8.cloudfront.net\/12\/2024\/03\/Rhine-Valley-profimedia-0793187986-CVR.webp","datePublished":"2024-03-19T06:00:50+00:00","author":{"@id":"https:\/\/www.welovecycling.com\/hu\/#\/schema\/person\/414a2aebf1801691a5320edb6468e194"},"description":"A Rajna-v\u00f6lgy mesek\u00f6nyvi t\u00e1jakkal, k\u00f6z\u00e9pkori v\u00e1rakkal \u00e9s csendes foly\u00f3parti utakkal idilli h\u00e1tteret k\u00edn\u00e1l egy eml\u00e9kezetes csal\u00e1di ker\u00e9kp\u00e1ros kalandhoz. Ez a r\u00e9gi\u00f3 h\u00edres kultur\u00e1lis \u00f6r\u00f6ks\u00e9geir\u0151l, fest\u0151i sz\u0151l\u0151skertjeir\u0151l \u00e9s t\u00f6rt\u00e9nelmi v\u00e1rosair\u00f3l, \u00e9s sz\u00e1mos \u00fatvonalat k\u00edn\u00e1l, amelyek megfelelnek minden koroszt\u00e1ly\u00fa \u00e9s k\u00e9pess\u00e9g\u0171 ker\u00e9kp\u00e1ros sz\u00e1m\u00e1ra. Ismerj\u00e9tek meg a Rajna-v\u00f6lgy legjobb csal\u00e1dbar\u00e1t ker\u00e9kp\u00e1ros \u00fatvonalait!","breadcrumb":{"@id":"https:\/\/www.welovecycling.com\/hu\/csalad\/csaladi-kerekparos-kaland-fedezzetek-fel-a-rajna-volgyet\/#breadcrumb"},"inLanguage":"hu","potentialAction":[{"@type":"ReadAction","target":["https:\/\/www.welovecycling.com\/hu\/csalad\/csaladi-kerekparos-kaland-fedezzetek-fel-a-rajna-volgyet\/"]}]},{"@type":"ImageObject","inLanguage":"hu","@id":"https:\/\/www.welovecycling.com\/hu\/csalad\/csaladi-kerekparos-kaland-fedezzetek-fel-a-rajna-volgyet\/#primaryimage","url":"https:\/\/d2p6e6u75xmxt8.cloudfront.net\/12\/2024\/03\/Rhine-Valley-profimedia-0793187986-CVR.webp","contentUrl":"https:\/\/d2p6e6u75xmxt8.cloudfront.net\/12\/2024\/03\/Rhine-Valley-profimedia-0793187986-CVR.webp","width":990,"height":660},{"@type":"BreadcrumbList","@id":"https:\/\/www.welovecycling.com\/hu\/csalad\/csaladi-kerekparos-kaland-fedezzetek-fel-a-rajna-volgyet\/#breadcrumb","itemListElement":[{"@type":"ListItem","position":1,"name":"Home","item":"https:\/\/www.welovecycling.com\/hu\/"},{"@type":"ListItem","position":2,"name":"Csal\u00e1di ker\u00e9kp\u00e1ros kaland: Fedezz\u00e9tek fel a Rajna-v\u00f6lgyet!"}]},{"@type":"WebSite","@id":"https:\/\/www.welovecycling.com\/hu\/#website","url":"https:\/\/www.welovecycling.com\/hu\/","name":"\u0160koda We Love Cycling - Magyarorsz\u00e1g","description":"\u0160koda WeLoveCycling","potentialAction":[{"@type":"SearchAction","target":{"@type":"EntryPoint","urlTemplate":"https:\/\/www.welovecycling.com\/hu\/?s={search_term_string}"},"query-input":{"@type":"PropertyValueSpecification","valueRequired":true,"valueName":"search_term_string"}}],"inLanguage":"hu"},{"@type":"Person","@id":"https:\/\/www.welovecycling.com\/hu\/#\/schema\/person\/414a2aebf1801691a5320edb6468e194","name":"hegyizs","image":{"@type":"ImageObject","inLanguage":"hu","@id":"https:\/\/www.welovecycling.com\/hu\/#\/schema\/person\/image\/","url":"https:\/\/secure.gravatar.com\/avatar\/02cf8a7906b8cf90cecb4679defac7cfd33a1c2e3b88e4903d947f3bb58eedd3?s=96&d=mm&r=g","contentUrl":"https:\/\/secure.gravatar.com\/avatar\/02cf8a7906b8cf90cecb4679defac7cfd33a1c2e3b88e4903d947f3bb58eedd3?s=96&d=mm&r=g","caption":"hegyizs"},"url":"https:\/\/www.welovecycling.com\/hu\/author\/hegyizs\/"}]}},"_links":{"self":[{"href":"https:\/\/www.welovecycling.com\/hu\/wp-json\/wp\/v2\/posts\/18410","targetHints":{"allow":["GET"]}}],"collection":[{"href":"https:\/\/www.welovecycling.com\/hu\/wp-json\/wp\/v2\/posts"}],"about":[{"href":"https:\/\/www.welovecycling.com\/hu\/wp-json\/wp\/v2\/types\/post"}],"author":[{"embeddable":true,"href":"https:\/\/www.welovecycling.com\/hu\/wp-json\/wp\/v2\/users\/71"}],"replies":[{"embeddable":true,"href":"https:\/\/www.welovecycling.com\/hu\/wp-json\/wp\/v2\/comments?post=18410"}],"version-history":[{"count":2,"href":"https:\/\/www.welovecycling.com\/hu\/wp-json\/wp\/v2\/posts\/18410\/revisions"}],"predecessor-version":[{"id":18418,"href":"https:\/\/www.welovecycling.com\/hu\/wp-json\/wp\/v2\/posts\/18410\/revisions\/18418"}],"wp:featuredmedia":[{"embeddable":true,"href":"https:\/\/www.welovecycling.com\/hu\/wp-json\/wp\/v2\/media\/18417"}],"wp:attachment":[{"href":"https:\/\/www.welovecycling.com\/hu\/wp-json\/wp\/v2\/media?parent=18410"}],"wp:term":[{"taxonomy":"category","embeddable":true,"href":"https:\/\/www.welovecycling.com\/hu\/wp-json\/wp\/v2\/categories?post=18410"},{"taxonomy":"post_tag","embeddable":true,"href":"https:\/\/www.welovecycling.com\/hu\/wp-json\/wp\/v2\/tags?post=18410"},{"taxonomy":"global-categories","embeddable":true,"href":"https:\/\/www.welovecycling.com\/hu\/wp-json\/wp\/v2\/global-categories?post=18410"}],"curies":[{"name":"wp","href":"https:\/\/api.w.org\/{rel}","templated":true}]}}