{"id":18395,"date":"2024-03-05T08:00:53","date_gmt":"2024-03-05T06:00:53","guid":{"rendered":"https:\/\/www.welovecycling.com\/hu\/?p=18395"},"modified":"2024-03-01T15:59:36","modified_gmt":"2024-03-01T13:59:36","slug":"bringas-kiruccanas-csehorszagba-csaladi-kaland-2024-tavaszara","status":"publish","type":"post","link":"https:\/\/www.welovecycling.com\/hu\/csalad\/bringas-kiruccanas-csehorszagba-csaladi-kaland-2024-tavaszara\/","title":{"rendered":"Bring\u00e1s kiruccan\u00e1s Csehorsz\u00e1gba: csal\u00e1di kaland 2024 tavasz\u00e1ra"},"content":{"rendered":"<p><strong>Ahogyan a cseh t\u00e1j \u00e9letre kel 2024 tavasz\u00e1n, \u00fagy v\u00e1rja egyre t\u00f6bb ker\u00e9kp\u00e1ros \u00e9lm\u00e9ny a csal\u00e1dokat. Az orsz\u00e1g minden koroszt\u00e1ly sz\u00e1m\u00e1ra tartogat meglepet\u00e9seket, \u00edgy ide\u00e1lis \u00fati c\u00e9l mindenkinek, akik kalandra, kult\u00far\u00e1ra \u00e9s term\u00e9szetes sz\u00e9ps\u00e9gre v\u00e1gynak. Csehorsz\u00e1g j\u00f3l ki\u00e9p\u00edtett ker\u00e9kp\u00e1r\u00fatjaival, t\u00f6rt\u00e9nelmi v\u00e1rosaival \u00e9s leny\u0171g\u00f6z\u0151 term\u00e9szetv\u00e9delmi ter\u00fcleteivel t\u00f6k\u00e9letes egyens\u00falyt ny\u00fajt a kalandok \u00e9s a pihen\u00e9s k\u00f6z\u00f6tt azoknak a csal\u00e1doknak, akik szeretn\u00e9nek elmer\u00fclni K\u00f6z\u00e9p-Eur\u00f3pa sz\u00edv\u00e9ben. \u00cdme, egy lista a Csehorsz\u00e1gban tal\u00e1lhat\u00f3 csal\u00e1dbar\u00e1t ker\u00e9kp\u00e1ros \u00fatvonalakr\u00f3l, amelyek felejthetetlen \u00e9lm\u00e9nyeket \u00edg\u00e9rnek.<\/strong><!--more--><\/p>\n<h2><strong>Pr\u00e1ga\u2013Karl\u0161tejn v\u00e1ra (Kb. 30 km)<\/strong><\/h2>\n<figure id=\"attachment_18396\" aria-describedby=\"caption-attachment-18396\" style=\"width: 1400px\" class=\"wp-caption alignnone\"><a href=\"https:\/\/d2p6e6u75xmxt8.cloudfront.net\/12\/2024\/03\/profimedia-0793189525.webp\"><img loading=\"lazy\" decoding=\"async\" class=\"wp-image-18396 size-full\" src=\"https:\/\/d2p6e6u75xmxt8.cloudfront.net\/12\/2024\/03\/profimedia-0793189525.webp\" alt=\"Karl\u0161tejn\" width=\"1400\" height=\"932\" srcset=\"https:\/\/d2p6e6u75xmxt8.cloudfront.net\/12\/2024\/03\/profimedia-0793189525.webp 1400w, https:\/\/d2p6e6u75xmxt8.cloudfront.net\/12\/2024\/03\/profimedia-0793189525-300x200.webp 300w, https:\/\/d2p6e6u75xmxt8.cloudfront.net\/12\/2024\/03\/profimedia-0793189525-1024x682.webp 1024w, https:\/\/d2p6e6u75xmxt8.cloudfront.net\/12\/2024\/03\/profimedia-0793189525-768x511.webp 768w, https:\/\/d2p6e6u75xmxt8.cloudfront.net\/12\/2024\/03\/profimedia-0793189525-400x266.webp 400w, https:\/\/d2p6e6u75xmxt8.cloudfront.net\/12\/2024\/03\/profimedia-0793189525-272x182.webp 272w\" sizes=\"auto, (max-width: 1400px) 100vw, 1400px\" \/><\/a><figcaption id=\"caption-attachment-18396\" class=\"wp-caption-text\">Karl\u0161tejn v\u00e1ra egy g\u00f3tikus kincs. IV. K\u00e1roly \u00e9p\u00edttette.<\/figcaption><\/figure>\n<p>Aj\u00e1nlott koroszt\u00e1ly: 6 \u00e9ves \u00e9s id\u0151sebb gyermekek<\/p>\n<p>A m\u00e1gikus Pr\u00e1ga v\u00e1ros\u00e1b\u00f3l kiindulva ez az \u00fatvonal a fest\u0151i cseh vid\u00e9ken \u00e1t vezet a leny\u0171g\u00f6z\u0151 Karl\u0161tejn v\u00e1r\u00e1ig, amelyet IV. K\u00e1roly \u00e9p\u00edtett. Az \u00fat viszonylag s\u00edk, \u00e9s a Vltava \u00e9s Berounka foly\u00f3kat k\u00f6veti, \u00edgy t\u00f6k\u00e9letes v\u00e1laszt\u00e1s csal\u00e1doknak kisebb gyermekekkel. Az \u00fat sor\u00e1n ki\u00e9lvezheted a vad t\u00e1jakat, \u00e9s \u00e9rdemes meg\u00e1llni a b\u00e1jos falvakban is, hogy megk\u00f3stolhass\u00e1tok a a hagyom\u00e1nyos cseh finoms\u00e1gokat. A v\u00e1r, amely egy dombon \u00e1ll, nemcsak remek t\u00f6rt\u00e9nelemleck\u00e9t mes\u00e9l el, hanem l\u00e9legzetel\u00e1ll\u00edt\u00f3 kil\u00e1t\u00e1st is ny\u00fajt a k\u00f6rnyez\u0151 ter\u00fcletekre.<\/p>\n<h2><strong>D\u00e9l-Morvaorsz\u00e1gi bort\u00far\u00e1k (v\u00e1ltoz\u00f3 t\u00e1vok)<\/strong><\/h2>\n<figure id=\"attachment_18397\" aria-describedby=\"caption-attachment-18397\" style=\"width: 1400px\" class=\"wp-caption alignnone\"><a href=\"https:\/\/d2p6e6u75xmxt8.cloudfront.net\/12\/2024\/03\/profimedia-0801779355.webp\"><img loading=\"lazy\" decoding=\"async\" class=\"wp-image-18397 size-full\" src=\"https:\/\/d2p6e6u75xmxt8.cloudfront.net\/12\/2024\/03\/profimedia-0801779355.webp\" alt=\"A Szent Mikl\u00f3s-templom a naplement\u00e9ben, a Znojm\u00f3i sz\u0151l\u0151skertekkel.\" width=\"1400\" height=\"933\" srcset=\"https:\/\/d2p6e6u75xmxt8.cloudfront.net\/12\/2024\/03\/profimedia-0801779355.webp 1400w, https:\/\/d2p6e6u75xmxt8.cloudfront.net\/12\/2024\/03\/profimedia-0801779355-300x200.webp 300w, https:\/\/d2p6e6u75xmxt8.cloudfront.net\/12\/2024\/03\/profimedia-0801779355-1024x682.webp 1024w, https:\/\/d2p6e6u75xmxt8.cloudfront.net\/12\/2024\/03\/profimedia-0801779355-768x512.webp 768w, https:\/\/d2p6e6u75xmxt8.cloudfront.net\/12\/2024\/03\/profimedia-0801779355-400x267.webp 400w, https:\/\/d2p6e6u75xmxt8.cloudfront.net\/12\/2024\/03\/profimedia-0801779355-272x182.webp 272w\" sizes=\"auto, (max-width: 1400px) 100vw, 1400px\" \/><\/a><figcaption id=\"caption-attachment-18397\" class=\"wp-caption-text\">A Szent Mikl\u00f3s-templom a naplement\u00e9ben, a Znojm\u00f3i sz\u0151l\u0151skertekkel.<\/figcaption><\/figure>\n<p>Aj\u00e1nlott koroszt\u00e1ly: 10 \u00e9ves \u00e9s id\u0151sebb gyermekek<\/p>\n<p>Fedezz\u00e9tek fel D\u00e9l-Morvaorsz\u00e1g dombos d\u0171l\u0151it \u00e9s sz\u0151l\u0151skertjeit! A r\u00e9gi\u00f3 h\u00edres a bor\u00e1szat\u00e1r\u00f3l \u00e9s fest\u0151i sz\u00e9ps\u00e9g\u00e9r\u0151l. A k\u00fcl\u00f6nb\u00f6z\u0151 \u00fatvonalakon fest\u0151i borfalvakon \u00e1t, t\u00f6rt\u00e9nelmi v\u00e1rak k\u00f6r\u00fcl \u00e9s a P\u00e1lava bioszf\u00e9ra-rezerv\u00e1tumban vezetnek. Tavasszal k\u00fcl\u00f6n\u00f6sen sz\u00e9p, amikor a sz\u0151l\u0151skertek \u00e9letre kelnek. Az \u00fatvonalak kiv\u00e1l\u00f3an alkalmasak id\u0151sebb gyermekek sz\u00e1m\u00e1ra is. Mind a pihentet\u0151 ker\u00e9kp\u00e1roz\u00e1s, mind a kultur\u00e1lis \u00e9rt\u00e9kek felfedez\u00e9se szuper lehet\u0151s\u00e9g &#8211; ide\u00e9rtve a feln\u0151ttek sz\u00e1m\u00e1ra szervezett bork\u00f3stol\u00e1sokat is.<\/p>\n<h2><strong>Az Elbe foly\u00f3 partj\u00e1n: Hradec Kr\u00e1lov\u00e9 &#8211; Drezda (kb. 210 km)<\/strong><\/h2>\n<figure id=\"attachment_18398\" aria-describedby=\"caption-attachment-18398\" style=\"width: 1400px\" class=\"wp-caption alignnone\"><a href=\"https:\/\/d2p6e6u75xmxt8.cloudfront.net\/12\/2024\/03\/profimedia-0004812147.webp\"><img loading=\"lazy\" decoding=\"async\" class=\"wp-image-18398 size-full\" src=\"https:\/\/d2p6e6u75xmxt8.cloudfront.net\/12\/2024\/03\/profimedia-0004812147.webp\" alt=\"\" width=\"1400\" height=\"933\" srcset=\"https:\/\/d2p6e6u75xmxt8.cloudfront.net\/12\/2024\/03\/profimedia-0004812147.webp 1400w, https:\/\/d2p6e6u75xmxt8.cloudfront.net\/12\/2024\/03\/profimedia-0004812147-300x200.webp 300w, https:\/\/d2p6e6u75xmxt8.cloudfront.net\/12\/2024\/03\/profimedia-0004812147-1024x682.webp 1024w, https:\/\/d2p6e6u75xmxt8.cloudfront.net\/12\/2024\/03\/profimedia-0004812147-768x512.webp 768w, https:\/\/d2p6e6u75xmxt8.cloudfront.net\/12\/2024\/03\/profimedia-0004812147-400x267.webp 400w, https:\/\/d2p6e6u75xmxt8.cloudfront.net\/12\/2024\/03\/profimedia-0004812147-272x182.webp 272w\" sizes=\"auto, (max-width: 1400px) 100vw, 1400px\" \/><\/a><figcaption id=\"caption-attachment-18398\" class=\"wp-caption-text\">V\u00edzi \u00e1llmo\u00e1s (1909, F. Sander) Hradec Kr\u00e1lov\u00e9-ban<\/figcaption><\/figure>\n<p>Aj\u00e1nlott koroszt\u00e1ly: Tin\u00e9dzserek<\/p>\n<p>Ez a hosszabb \u00fatvonal az Elbe foly\u00f3 ment\u00e9n fekszik, a t\u00f6rt\u00e9nelmi Hradec Kr\u00e1lov\u00e9 v\u00e1ros\u00e1b\u00f3l indul \u00e9s eg\u00e9szen N\u00e9metorsz\u00e1gig, Drezd\u00e1ig tart. B\u00e1r lehet, hogy t\u00fals\u00e1gosan ambici\u00f3zusnak t\u0171nik n\u00e9h\u00e1ny csal\u00e1d sz\u00e1m\u00e1ra, a r\u00f6videbb szakaszok egy-egy napos kir\u00e1ndul\u00e1sokk\u00e9nt is kezelhet\u0151k, amelyek \u00f6nmagukban is \u00e9lvezhet\u0151k. Az \u00f6sv\u00e9ny h\u00edres k\u00f6nny\u0171 terep\u00e9r\u0151l \u00e9s leny\u0171g\u00f6z\u0151 kil\u00e1t\u00e1sair\u00f3l, ide\u00e9rtve a Boh\u00e9m Hegys\u00e9get \u00e9s a Sz\u00e1sz Sv\u00e1jc Nemzeti Parkot. Ez egy szuper, informat\u00edv \u00fat a term\u00e9szeti csod\u00e1k \u00e9s a t\u00f6rt\u00e9nelmi helysz\u00ednek k\u00f6z\u00f6tt, ide\u00e1lis tin\u00e9dzserek sz\u00e1m\u00e1ra is, akik k\u00e9szen \u00e1llnak egy kih\u00edv\u00e1st jelent\u0151 ker\u00e9kp\u00e1rt\u00far\u00e1ra.<\/p>\n<h2><strong>Plze\u0148 &#8211; Regensburg (kb. 160 km)<\/strong><\/h2>\n<figure id=\"attachment_18399\" aria-describedby=\"caption-attachment-18399\" style=\"width: 1400px\" class=\"wp-caption alignnone\"><a href=\"https:\/\/d2p6e6u75xmxt8.cloudfront.net\/12\/2024\/03\/profimedia-0847708415.webp\"><img loading=\"lazy\" decoding=\"async\" class=\"wp-image-18399 size-full\" src=\"https:\/\/d2p6e6u75xmxt8.cloudfront.net\/12\/2024\/03\/profimedia-0847708415.webp\" alt=\"\" width=\"1400\" height=\"933\" srcset=\"https:\/\/d2p6e6u75xmxt8.cloudfront.net\/12\/2024\/03\/profimedia-0847708415.webp 1400w, https:\/\/d2p6e6u75xmxt8.cloudfront.net\/12\/2024\/03\/profimedia-0847708415-300x200.webp 300w, https:\/\/d2p6e6u75xmxt8.cloudfront.net\/12\/2024\/03\/profimedia-0847708415-1024x682.webp 1024w, https:\/\/d2p6e6u75xmxt8.cloudfront.net\/12\/2024\/03\/profimedia-0847708415-768x512.webp 768w, https:\/\/d2p6e6u75xmxt8.cloudfront.net\/12\/2024\/03\/profimedia-0847708415-400x267.webp 400w, https:\/\/d2p6e6u75xmxt8.cloudfront.net\/12\/2024\/03\/profimedia-0847708415-272x182.webp 272w\" sizes=\"auto, (max-width: 1400px) 100vw, 1400px\" \/><\/a><figcaption id=\"caption-attachment-18399\" class=\"wp-caption-text\">A plze\u0148-i Szent Bertalan-d\u00f3m.<\/figcaption><\/figure>\n<p>Aj\u00e1nlott koroszt\u00e1ly: Tin\u00e9dzserek<\/p>\n<p>Ez az \u00fatvonal \u00f6sszek\u00f6ti a h\u00edres pilseni v\u00e1rost &#8211; a Pilsner s\u00f6r miatt lehet ismer\u0151s -, a N\u00e9metorsz\u00e1gban tal\u00e1lhat\u00f3 UNESCO Vil\u00e1g\u00f6r\u00f6ks\u00e9g r\u00e9sz\u00e9t k\u00e9pez\u0151 Regensburg v\u00e1ros\u00e1val, \u00edgy igazi t\u00f6rt\u00e9nelmi \u00e9s kultur\u00e1lis egyveleg. Az \u00fat v\u00e9gigvezet a Pilsen r\u00e9gi\u00f3n, bemutatja a gazdag ipari \u00f6r\u00f6ks\u00e9get \u00e9s Regensburg k\u00f6z\u00e9pkori \u00e9p\u00edt\u00e9szet\u00e9t. Ide\u00e1lis \u00fatvonal olyan csal\u00e1dok sz\u00e1m\u00e1ra, ahol id\u0151sebbek a gyermekek, hiszen hosszabb szakaszokkal kell sz\u00e1molni, viszont sz\u00e1mos izgalmas \u00e1llom\u00e1st be lehet iktatni, ide\u00e9rtve a pilseni s\u00f6rm\u00fazeumot \u00e9s Regensburg t\u00f6rt\u00e9nelmi \u00f3v\u00e1ros\u00e1t is.<\/p>\n<h2><strong>\u00d6sv\u00e9nyek a \u0160umava Nemzeti Parkban (v\u00e1ltoz\u00f3 t\u00e1vok)<\/strong><\/h2>\n<figure id=\"attachment_18400\" aria-describedby=\"caption-attachment-18400\" style=\"width: 1400px\" class=\"wp-caption alignnone\"><a href=\"https:\/\/d2p6e6u75xmxt8.cloudfront.net\/12\/2024\/03\/profimedia-0847426137.webp\"><img loading=\"lazy\" decoding=\"async\" class=\"wp-image-18400 size-full\" src=\"https:\/\/d2p6e6u75xmxt8.cloudfront.net\/12\/2024\/03\/profimedia-0847426137.webp\" alt=\"Gy\u00f6ny\u00f6r\u0171 a term\u00e9szet a Stodulky elveszett faluj\u00e1nak hely\u00e9n, a \u0160umava ter\u00fclet\u00e9n\" width=\"1400\" height=\"933\" srcset=\"https:\/\/d2p6e6u75xmxt8.cloudfront.net\/12\/2024\/03\/profimedia-0847426137.webp 1400w, https:\/\/d2p6e6u75xmxt8.cloudfront.net\/12\/2024\/03\/profimedia-0847426137-300x200.webp 300w, https:\/\/d2p6e6u75xmxt8.cloudfront.net\/12\/2024\/03\/profimedia-0847426137-1024x682.webp 1024w, https:\/\/d2p6e6u75xmxt8.cloudfront.net\/12\/2024\/03\/profimedia-0847426137-768x512.webp 768w, https:\/\/d2p6e6u75xmxt8.cloudfront.net\/12\/2024\/03\/profimedia-0847426137-400x267.webp 400w, https:\/\/d2p6e6u75xmxt8.cloudfront.net\/12\/2024\/03\/profimedia-0847426137-272x182.webp 272w\" sizes=\"auto, (max-width: 1400px) 100vw, 1400px\" \/><\/a><figcaption id=\"caption-attachment-18400\" class=\"wp-caption-text\">Gy\u00f6ny\u00f6r\u0171 a term\u00e9szet a Stodulky elveszett faluj\u00e1nak hely\u00e9n, a \u0160umava ter\u00fclet\u00e9n<\/figcaption><\/figure>\n<p>Aj\u00e1nlott koroszt\u00e1ly: 10 \u00e9ves \u00e9s id\u0151sebb gyermekek<\/p>\n<p>A Csehorsz\u00e1g-N\u00e9metorsz\u00e1g-Ausztria hat\u00e1r\u00e1n elhelyezked\u0151 \u0160umava Nemzeti Park s\u0171r\u0171 erd\u0151ivel, t\u0151zegl\u00e1pjaival \u00e9s krist\u00e1lytiszta tavaival maga a f\u00f6ldi paradicsom. A park ker\u00e9kp\u00e1ros \u00fatvonalh\u00e1l\u00f3zata minden edzetts\u00e9gi szintnek megfelel, enyhe utakat k\u00edn\u00e1l a kev\u00e9sb\u00e9 tapasztalt ker\u00e9kp\u00e1rosok sz\u00e1m\u00e1ra, \u00e9s kih\u00edv\u00e1st jelent\u0151 terepeket a kalandv\u00e1gy\u00f3 csal\u00e1doknak. A tavasz felt\u00e1rja a park term\u00e9szetes sz\u00e9ps\u00e9g\u00e9t: olyan meg\u00e1ll\u00f3helyekkel sz\u00ednes\u00edthetitek a t\u00far\u00e1t, mint amilyen a \u010cern\u00e9 \u00e9s a \u010certovo-tavak.<\/p>\n<p>Minden egyes csehorsz\u00e1gi ker\u00e9kp\u00e1ros kaland lehet\u0151s\u00e9get ad a csal\u00e1doknak, hogy k\u00f6z\u00f6s \u00e9lm\u00e9nyeket szerezzenek, legyen sz\u00f3 a Karl\u0161tejn v\u00e1r t\u00f6rt\u00e9nelmi csod\u00e1ir\u00f3l vagy a nemzeti parkok term\u00e9szetes sz\u00e9ps\u00e9g\u00e9r\u0151l. Ak\u00e1r kellemes, erdei teker\u00e9sre v\u00e1gytok, ak\u00e1r a r\u00e9gm\u00falt v\u00e1rosait fedezn\u00e9tek fel, ezek az \u00fatvonalak csod\u00e1latosak egy tavaszi kalandhoz!<\/p>\n","protected":false},"excerpt":{"rendered":"<p>Ahogyan a cseh t\u00e1j \u00e9letre kel 2024 tavasz\u00e1n, \u00fagy v\u00e1rja egyre t\u00f6bb ker\u00e9kp\u00e1ros \u00e9lm\u00e9ny a csal\u00e1dokat. Az orsz\u00e1g minden koroszt\u00e1ly [&hellip;]<\/p>\n","protected":false},"author":71,"featured_media":18402,"comment_status":"open","ping_status":"open","sticky":false,"template":"","format":"standard","meta":{"footnotes":""},"categories":[11],"tags":[],"global-categories":[],"class_list":["post-18395","post","type-post","status-publish","format-standard","has-post-thumbnail","hentry","category-csalad"],"yoast_head":"<!-- This site is optimized with the Yoast SEO Premium plugin v25.3 (Yoast SEO v25.9) - https:\/\/yoast.com\/wordpress\/plugins\/seo\/ -->\n<title>Bring\u00e1s kiruccan\u00e1s Csehorsz\u00e1gba: csal\u00e1di kaland 2024 tavasz\u00e1ra<\/title>\n<meta name=\"description\" content=\"Ahogyan a cseh t\u00e1j \u00e9letre kel 2024 tavasz\u00e1n, \u00fagy v\u00e1rja egyre t\u00f6bb ker\u00e9kp\u00e1ros \u00e9lm\u00e9ny a csal\u00e1dokat. Az orsz\u00e1g minden koroszt\u00e1ly sz\u00e1m\u00e1ra tartogat meglepet\u00e9seket, \u00edgy ide\u00e1lis \u00fati c\u00e9l mindenkinek, akik kalandra, kult\u00far\u00e1ra \u00e9s term\u00e9szetes sz\u00e9ps\u00e9gre v\u00e1gynak.\" \/>\n<meta name=\"robots\" content=\"index, follow, max-snippet:-1, max-image-preview:large, max-video-preview:-1\" \/>\n<link rel=\"canonical\" href=\"https:\/\/www.welovecycling.com\/hu\/csalad\/bringas-kiruccanas-csehorszagba-csaladi-kaland-2024-tavaszara\/\" \/>\n<meta property=\"og:locale\" content=\"hu_HU\" \/>\n<meta property=\"og:type\" content=\"article\" \/>\n<meta property=\"og:title\" content=\"Bring\u00e1s kiruccan\u00e1s Csehorsz\u00e1gba: csal\u00e1di kaland 2024 tavasz\u00e1ra\" \/>\n<meta property=\"og:description\" content=\"Ahogyan a cseh t\u00e1j \u00e9letre kel 2024 tavasz\u00e1n, \u00fagy v\u00e1rja egyre t\u00f6bb ker\u00e9kp\u00e1ros \u00e9lm\u00e9ny a csal\u00e1dokat. Az orsz\u00e1g minden koroszt\u00e1ly sz\u00e1m\u00e1ra tartogat meglepet\u00e9seket, \u00edgy ide\u00e1lis \u00fati c\u00e9l mindenkinek, akik kalandra, kult\u00far\u00e1ra \u00e9s term\u00e9szetes sz\u00e9ps\u00e9gre v\u00e1gynak.\" \/>\n<meta property=\"og:url\" content=\"https:\/\/www.welovecycling.com\/hu\/csalad\/bringas-kiruccanas-csehorszagba-csaladi-kaland-2024-tavaszara\/\" \/>\n<meta property=\"og:site_name\" content=\"\u0160koda We Love Cycling - Magyarorsz\u00e1g\" \/>\n<meta property=\"article:publisher\" content=\"https:\/\/www.facebook.com\/WeLoveCyclingHungary\/\" \/>\n<meta property=\"article:published_time\" content=\"2024-03-05T06:00:53+00:00\" \/>\n<meta property=\"og:image\" content=\"https:\/\/d2p6e6u75xmxt8.cloudfront.net\/12\/2024\/03\/profimedia-0588120427.webp\" \/>\n\t<meta property=\"og:image:width\" content=\"1400\" \/>\n\t<meta property=\"og:image:height\" content=\"933\" \/>\n\t<meta property=\"og:image:type\" content=\"image\/webp\" \/>\n<meta name=\"author\" content=\"hegyizs\" \/>\n<meta name=\"twitter:card\" content=\"summary_large_image\" \/>\n<meta name=\"twitter:label1\" content=\"Written by\" \/>\n\t<meta name=\"twitter:data1\" content=\"Monica Buck\" \/>\n\t<meta name=\"twitter:label2\" content=\"Est. reading time\" \/>\n\t<meta name=\"twitter:data2\" content=\"5\" \/>\n<script type=\"application\/ld+json\" class=\"yoast-schema-graph\">{\"@context\":\"https:\/\/schema.org\",\"@graph\":[{\"@type\":\"WebPage\",\"@id\":\"https:\/\/www.welovecycling.com\/hu\/csalad\/bringas-kiruccanas-csehorszagba-csaladi-kaland-2024-tavaszara\/\",\"url\":\"https:\/\/www.welovecycling.com\/hu\/csalad\/bringas-kiruccanas-csehorszagba-csaladi-kaland-2024-tavaszara\/\",\"name\":\"Bring\u00e1s kiruccan\u00e1s Csehorsz\u00e1gba: csal\u00e1di kaland 2024 tavasz\u00e1ra\",\"isPartOf\":{\"@id\":\"https:\/\/www.welovecycling.com\/hu\/#website\"},\"primaryImageOfPage\":{\"@id\":\"https:\/\/www.welovecycling.com\/hu\/csalad\/bringas-kiruccanas-csehorszagba-csaladi-kaland-2024-tavaszara\/#primaryimage\"},\"image\":{\"@id\":\"https:\/\/www.welovecycling.com\/hu\/csalad\/bringas-kiruccanas-csehorszagba-csaladi-kaland-2024-tavaszara\/#primaryimage\"},\"thumbnailUrl\":\"https:\/\/d2p6e6u75xmxt8.cloudfront.net\/12\/2024\/03\/profimedia-0588120427.webp\",\"datePublished\":\"2024-03-05T06:00:53+00:00\",\"author\":{\"@id\":\"https:\/\/www.welovecycling.com\/hu\/#\/schema\/person\/414a2aebf1801691a5320edb6468e194\"},\"description\":\"Ahogyan a cseh t\u00e1j \u00e9letre kel 2024 tavasz\u00e1n, \u00fagy v\u00e1rja egyre t\u00f6bb ker\u00e9kp\u00e1ros \u00e9lm\u00e9ny a csal\u00e1dokat. Az orsz\u00e1g minden koroszt\u00e1ly sz\u00e1m\u00e1ra tartogat meglepet\u00e9seket, \u00edgy ide\u00e1lis \u00fati c\u00e9l mindenkinek, akik kalandra, kult\u00far\u00e1ra \u00e9s term\u00e9szetes sz\u00e9ps\u00e9gre v\u00e1gynak.\",\"breadcrumb\":{\"@id\":\"https:\/\/www.welovecycling.com\/hu\/csalad\/bringas-kiruccanas-csehorszagba-csaladi-kaland-2024-tavaszara\/#breadcrumb\"},\"inLanguage\":\"hu\",\"potentialAction\":[{\"@type\":\"ReadAction\",\"target\":[\"https:\/\/www.welovecycling.com\/hu\/csalad\/bringas-kiruccanas-csehorszagba-csaladi-kaland-2024-tavaszara\/\"]}]},{\"@type\":\"ImageObject\",\"inLanguage\":\"hu\",\"@id\":\"https:\/\/www.welovecycling.com\/hu\/csalad\/bringas-kiruccanas-csehorszagba-csaladi-kaland-2024-tavaszara\/#primaryimage\",\"url\":\"https:\/\/d2p6e6u75xmxt8.cloudfront.net\/12\/2024\/03\/profimedia-0588120427.webp\",\"contentUrl\":\"https:\/\/d2p6e6u75xmxt8.cloudfront.net\/12\/2024\/03\/profimedia-0588120427.webp\",\"width\":1400,\"height\":933},{\"@type\":\"BreadcrumbList\",\"@id\":\"https:\/\/www.welovecycling.com\/hu\/csalad\/bringas-kiruccanas-csehorszagba-csaladi-kaland-2024-tavaszara\/#breadcrumb\",\"itemListElement\":[{\"@type\":\"ListItem\",\"position\":1,\"name\":\"Home\",\"item\":\"https:\/\/www.welovecycling.com\/hu\/\"},{\"@type\":\"ListItem\",\"position\":2,\"name\":\"Bring\u00e1s kiruccan\u00e1s Csehorsz\u00e1gba: csal\u00e1di kaland 2024 tavasz\u00e1ra\"}]},{\"@type\":\"WebSite\",\"@id\":\"https:\/\/www.welovecycling.com\/hu\/#website\",\"url\":\"https:\/\/www.welovecycling.com\/hu\/\",\"name\":\"\u0160koda We Love Cycling - Magyarorsz\u00e1g\",\"description\":\"\u0160koda WeLoveCycling\",\"potentialAction\":[{\"@type\":\"SearchAction\",\"target\":{\"@type\":\"EntryPoint\",\"urlTemplate\":\"https:\/\/www.welovecycling.com\/hu\/?s={search_term_string}\"},\"query-input\":{\"@type\":\"PropertyValueSpecification\",\"valueRequired\":true,\"valueName\":\"search_term_string\"}}],\"inLanguage\":\"hu\"},{\"@type\":\"Person\",\"@id\":\"https:\/\/www.welovecycling.com\/hu\/#\/schema\/person\/414a2aebf1801691a5320edb6468e194\",\"name\":\"hegyizs\",\"image\":{\"@type\":\"ImageObject\",\"inLanguage\":\"hu\",\"@id\":\"https:\/\/www.welovecycling.com\/hu\/#\/schema\/person\/image\/\",\"url\":\"https:\/\/secure.gravatar.com\/avatar\/02cf8a7906b8cf90cecb4679defac7cfd33a1c2e3b88e4903d947f3bb58eedd3?s=96&d=mm&r=g\",\"contentUrl\":\"https:\/\/secure.gravatar.com\/avatar\/02cf8a7906b8cf90cecb4679defac7cfd33a1c2e3b88e4903d947f3bb58eedd3?s=96&d=mm&r=g\",\"caption\":\"hegyizs\"},\"url\":\"https:\/\/www.welovecycling.com\/hu\/author\/hegyizs\/\"}]}<\/script>\n<!-- \/ Yoast SEO Premium plugin. -->","yoast_head_json":{"title":"Bring\u00e1s kiruccan\u00e1s Csehorsz\u00e1gba: csal\u00e1di kaland 2024 tavasz\u00e1ra","description":"Ahogyan a cseh t\u00e1j \u00e9letre kel 2024 tavasz\u00e1n, \u00fagy v\u00e1rja egyre t\u00f6bb ker\u00e9kp\u00e1ros \u00e9lm\u00e9ny a csal\u00e1dokat. Az orsz\u00e1g minden koroszt\u00e1ly sz\u00e1m\u00e1ra tartogat meglepet\u00e9seket, \u00edgy ide\u00e1lis \u00fati c\u00e9l mindenkinek, akik kalandra, kult\u00far\u00e1ra \u00e9s term\u00e9szetes sz\u00e9ps\u00e9gre v\u00e1gynak.","robots":{"index":"index","follow":"follow","max-snippet":"max-snippet:-1","max-image-preview":"max-image-preview:large","max-video-preview":"max-video-preview:-1"},"canonical":"https:\/\/www.welovecycling.com\/hu\/csalad\/bringas-kiruccanas-csehorszagba-csaladi-kaland-2024-tavaszara\/","og_locale":"hu_HU","og_type":"article","og_title":"Bring\u00e1s kiruccan\u00e1s Csehorsz\u00e1gba: csal\u00e1di kaland 2024 tavasz\u00e1ra","og_description":"Ahogyan a cseh t\u00e1j \u00e9letre kel 2024 tavasz\u00e1n, \u00fagy v\u00e1rja egyre t\u00f6bb ker\u00e9kp\u00e1ros \u00e9lm\u00e9ny a csal\u00e1dokat. Az orsz\u00e1g minden koroszt\u00e1ly sz\u00e1m\u00e1ra tartogat meglepet\u00e9seket, \u00edgy ide\u00e1lis \u00fati c\u00e9l mindenkinek, akik kalandra, kult\u00far\u00e1ra \u00e9s term\u00e9szetes sz\u00e9ps\u00e9gre v\u00e1gynak.","og_url":"https:\/\/www.welovecycling.com\/hu\/csalad\/bringas-kiruccanas-csehorszagba-csaladi-kaland-2024-tavaszara\/","og_site_name":"\u0160koda We Love Cycling - Magyarorsz\u00e1g","article_publisher":"https:\/\/www.facebook.com\/WeLoveCyclingHungary\/","article_published_time":"2024-03-05T06:00:53+00:00","og_image":[{"width":1400,"height":933,"url":"https:\/\/d2p6e6u75xmxt8.cloudfront.net\/12\/2024\/03\/profimedia-0588120427.webp","type":"image\/webp"}],"author":"hegyizs","twitter_card":"summary_large_image","twitter_misc":{"Written by":"Monica Buck","Est. reading time":"5"},"schema":{"@context":"https:\/\/schema.org","@graph":[{"@type":"WebPage","@id":"https:\/\/www.welovecycling.com\/hu\/csalad\/bringas-kiruccanas-csehorszagba-csaladi-kaland-2024-tavaszara\/","url":"https:\/\/www.welovecycling.com\/hu\/csalad\/bringas-kiruccanas-csehorszagba-csaladi-kaland-2024-tavaszara\/","name":"Bring\u00e1s kiruccan\u00e1s Csehorsz\u00e1gba: csal\u00e1di kaland 2024 tavasz\u00e1ra","isPartOf":{"@id":"https:\/\/www.welovecycling.com\/hu\/#website"},"primaryImageOfPage":{"@id":"https:\/\/www.welovecycling.com\/hu\/csalad\/bringas-kiruccanas-csehorszagba-csaladi-kaland-2024-tavaszara\/#primaryimage"},"image":{"@id":"https:\/\/www.welovecycling.com\/hu\/csalad\/bringas-kiruccanas-csehorszagba-csaladi-kaland-2024-tavaszara\/#primaryimage"},"thumbnailUrl":"https:\/\/d2p6e6u75xmxt8.cloudfront.net\/12\/2024\/03\/profimedia-0588120427.webp","datePublished":"2024-03-05T06:00:53+00:00","author":{"@id":"https:\/\/www.welovecycling.com\/hu\/#\/schema\/person\/414a2aebf1801691a5320edb6468e194"},"description":"Ahogyan a cseh t\u00e1j \u00e9letre kel 2024 tavasz\u00e1n, \u00fagy v\u00e1rja egyre t\u00f6bb ker\u00e9kp\u00e1ros \u00e9lm\u00e9ny a csal\u00e1dokat. Az orsz\u00e1g minden koroszt\u00e1ly sz\u00e1m\u00e1ra tartogat meglepet\u00e9seket, \u00edgy ide\u00e1lis \u00fati c\u00e9l mindenkinek, akik kalandra, kult\u00far\u00e1ra \u00e9s term\u00e9szetes sz\u00e9ps\u00e9gre v\u00e1gynak.","breadcrumb":{"@id":"https:\/\/www.welovecycling.com\/hu\/csalad\/bringas-kiruccanas-csehorszagba-csaladi-kaland-2024-tavaszara\/#breadcrumb"},"inLanguage":"hu","potentialAction":[{"@type":"ReadAction","target":["https:\/\/www.welovecycling.com\/hu\/csalad\/bringas-kiruccanas-csehorszagba-csaladi-kaland-2024-tavaszara\/"]}]},{"@type":"ImageObject","inLanguage":"hu","@id":"https:\/\/www.welovecycling.com\/hu\/csalad\/bringas-kiruccanas-csehorszagba-csaladi-kaland-2024-tavaszara\/#primaryimage","url":"https:\/\/d2p6e6u75xmxt8.cloudfront.net\/12\/2024\/03\/profimedia-0588120427.webp","contentUrl":"https:\/\/d2p6e6u75xmxt8.cloudfront.net\/12\/2024\/03\/profimedia-0588120427.webp","width":1400,"height":933},{"@type":"BreadcrumbList","@id":"https:\/\/www.welovecycling.com\/hu\/csalad\/bringas-kiruccanas-csehorszagba-csaladi-kaland-2024-tavaszara\/#breadcrumb","itemListElement":[{"@type":"ListItem","position":1,"name":"Home","item":"https:\/\/www.welovecycling.com\/hu\/"},{"@type":"ListItem","position":2,"name":"Bring\u00e1s kiruccan\u00e1s Csehorsz\u00e1gba: csal\u00e1di kaland 2024 tavasz\u00e1ra"}]},{"@type":"WebSite","@id":"https:\/\/www.welovecycling.com\/hu\/#website","url":"https:\/\/www.welovecycling.com\/hu\/","name":"\u0160koda We Love Cycling - Magyarorsz\u00e1g","description":"\u0160koda WeLoveCycling","potentialAction":[{"@type":"SearchAction","target":{"@type":"EntryPoint","urlTemplate":"https:\/\/www.welovecycling.com\/hu\/?s={search_term_string}"},"query-input":{"@type":"PropertyValueSpecification","valueRequired":true,"valueName":"search_term_string"}}],"inLanguage":"hu"},{"@type":"Person","@id":"https:\/\/www.welovecycling.com\/hu\/#\/schema\/person\/414a2aebf1801691a5320edb6468e194","name":"hegyizs","image":{"@type":"ImageObject","inLanguage":"hu","@id":"https:\/\/www.welovecycling.com\/hu\/#\/schema\/person\/image\/","url":"https:\/\/secure.gravatar.com\/avatar\/02cf8a7906b8cf90cecb4679defac7cfd33a1c2e3b88e4903d947f3bb58eedd3?s=96&d=mm&r=g","contentUrl":"https:\/\/secure.gravatar.com\/avatar\/02cf8a7906b8cf90cecb4679defac7cfd33a1c2e3b88e4903d947f3bb58eedd3?s=96&d=mm&r=g","caption":"hegyizs"},"url":"https:\/\/www.welovecycling.com\/hu\/author\/hegyizs\/"}]}},"_links":{"self":[{"href":"https:\/\/www.welovecycling.com\/hu\/wp-json\/wp\/v2\/posts\/18395","targetHints":{"allow":["GET"]}}],"collection":[{"href":"https:\/\/www.welovecycling.com\/hu\/wp-json\/wp\/v2\/posts"}],"about":[{"href":"https:\/\/www.welovecycling.com\/hu\/wp-json\/wp\/v2\/types\/post"}],"author":[{"embeddable":true,"href":"https:\/\/www.welovecycling.com\/hu\/wp-json\/wp\/v2\/users\/71"}],"replies":[{"embeddable":true,"href":"https:\/\/www.welovecycling.com\/hu\/wp-json\/wp\/v2\/comments?post=18395"}],"version-history":[{"count":2,"href":"https:\/\/www.welovecycling.com\/hu\/wp-json\/wp\/v2\/posts\/18395\/revisions"}],"predecessor-version":[{"id":18403,"href":"https:\/\/www.welovecycling.com\/hu\/wp-json\/wp\/v2\/posts\/18395\/revisions\/18403"}],"wp:featuredmedia":[{"embeddable":true,"href":"https:\/\/www.welovecycling.com\/hu\/wp-json\/wp\/v2\/media\/18402"}],"wp:attachment":[{"href":"https:\/\/www.welovecycling.com\/hu\/wp-json\/wp\/v2\/media?parent=18395"}],"wp:term":[{"taxonomy":"category","embeddable":true,"href":"https:\/\/www.welovecycling.com\/hu\/wp-json\/wp\/v2\/categories?post=18395"},{"taxonomy":"post_tag","embeddable":true,"href":"https:\/\/www.welovecycling.com\/hu\/wp-json\/wp\/v2\/tags?post=18395"},{"taxonomy":"global-categories","embeddable":true,"href":"https:\/\/www.welovecycling.com\/hu\/wp-json\/wp\/v2\/global-categories?post=18395"}],"curies":[{"name":"wp","href":"https:\/\/api.w.org\/{rel}","templated":true}]}}