{"id":18388,"date":"2024-02-26T15:27:15","date_gmt":"2024-02-26T13:27:15","guid":{"rendered":"https:\/\/www.welovecycling.com\/hu\/?p=18388"},"modified":"2024-02-26T15:27:15","modified_gmt":"2024-02-26T13:27:15","slug":"parades-5-hellyel-hangolt-valter-attila-az-uae-touron-a-hetvegi-strade-bianchera","status":"publish","type":"post","link":"https:\/\/www.welovecycling.com\/hu\/orszaguti-kerekpar\/parades-5-hellyel-hangolt-valter-attila-az-uae-touron-a-hetvegi-strade-bianchera\/","title":{"rendered":"Par\u00e1d\u00e9s 5. hellyel hangolt Valter Attila az UAE Touron a h\u00e9tv\u00e9gi Strade Bianch\u00e9ra"},"content":{"rendered":"<p><strong>A magyar klasszis a nyit\u00f3 napi buk\u00e1s ellen\u00e9re bivalyer\u0151s szt\u00e1rcsapata legjobbjak\u00e9nt z\u00e1rta az \u00e9vind\u00edt\u00f3 Em\u00edrs\u00e9gek k\u00f6rverseny\u00e9t!<\/strong><\/p>\n<p><!--more--><\/p>\n<p>Ezt az\u00e9rt lehet, hogy nem sokan gondolt\u00e1k volna az els\u0151 szakasz ut\u00e1n\u2026 Az Egyes\u00fclt Arab Em\u00edrs\u00e9gek nyit\u00f3 etapj\u00e1nak legv\u00e9g\u00e9n ugyanis Valter Attila pont rosszkor volt rossz helyen, a c\u00e9l el\u0151tti tumultusban nagy sebess\u00e9gn\u00e9l <a href=\"https:\/\/www.eurosport.hu\/kerekpar\/abu-dhabi-korverseny\/2024\/merlier-gyozelemmel-valter-attila-bukassal-kezdte-az-uae-tourt_vid2090277\/video.shtml\">belekeveredett egy komolyabb t\u00f6megbuk\u00e1sba<\/a>: \u00e1tzuhant egy el\u00e9 ker\u00fcl\u0151 ker\u00e9kp\u00e1ron, a f\u00f6ld\u00f6n pedig m\u00e9g pluszban \u0151rajta bucsk\u00e1zott \u00e1t a kor\u00e1bbi Eur\u00f3pa-bajnok, a p\u00e1ly\u00e1n olimpiai \u00e9s vil\u00e1gbajnok olasz klasszis, Elia Viviani. Az es\u00e9s ut\u00e1n Ati f\u00e1jlalta is a cs\u00edp\u0151j\u00e9t, izgulhattunk az\u00e9rt, hogy ott lehessen a m\u00e1snapi rajtn\u00e1l, \u00e9s tudjon \u00e9lni a szezonnyit\u00f3n kapott nagy lehet\u0151s\u00e9ggel, hiszen a Visma\u2013Lease a Bike szt\u00e1rcsapat\u00e1ban az arabokn\u00e1l \u0151 volt az els\u0151 sz\u00e1m\u00fa kijel\u00f6lt hegyi men\u0151 \u2013 nem mellesleg ezen a versenyen avathatta fel a k\u00fcl\u00f6n neki k\u00e9sz\u00edtett <a href=\"https:\/\/www.facebook.com\/WeLoveCyclingHungary\/posts\/pfbid0rqELPk83edXSTHeswVm781mnooz7VMD2wtNLJ1zgTf8HAMNdFxGKNXxDd9dyo17Xl\">igen men\u0151, piros-feh\u00e9r-z\u00f6ld fest\u00e9ssel ell\u00e1tott Cerv\u00e9lo bring\u00e1j\u00e1t<\/a>.<\/p>\n<figure id=\"attachment_18389\" aria-describedby=\"caption-attachment-18389\" style=\"width: 1536px\" class=\"wp-caption alignnone\"><a href=\"https:\/\/d2p6e6u75xmxt8.cloudfront.net\/12\/2024\/02\/428637528_869070651895482_6493266837772685094_n.webp\"><img loading=\"lazy\" decoding=\"async\" class=\"wp-image-18389 size-full\" src=\"https:\/\/d2p6e6u75xmxt8.cloudfront.net\/12\/2024\/02\/428637528_869070651895482_6493266837772685094_n.webp\" alt=\"\" width=\"1536\" height=\"2048\" srcset=\"https:\/\/d2p6e6u75xmxt8.cloudfront.net\/12\/2024\/02\/428637528_869070651895482_6493266837772685094_n.webp 1536w, https:\/\/d2p6e6u75xmxt8.cloudfront.net\/12\/2024\/02\/428637528_869070651895482_6493266837772685094_n-225x300.webp 225w, https:\/\/d2p6e6u75xmxt8.cloudfront.net\/12\/2024\/02\/428637528_869070651895482_6493266837772685094_n-768x1024.webp 768w, https:\/\/d2p6e6u75xmxt8.cloudfront.net\/12\/2024\/02\/428637528_869070651895482_6493266837772685094_n-1152x1536.webp 1152w, https:\/\/d2p6e6u75xmxt8.cloudfront.net\/12\/2024\/02\/428637528_869070651895482_6493266837772685094_n-1440x1920.webp 1440w, https:\/\/d2p6e6u75xmxt8.cloudfront.net\/12\/2024\/02\/428637528_869070651895482_6493266837772685094_n-300x400.webp 300w, https:\/\/d2p6e6u75xmxt8.cloudfront.net\/12\/2024\/02\/428637528_869070651895482_6493266837772685094_n-1440x1920.webp 1440w\" sizes=\"auto, (max-width: 1536px) 100vw, 1536px\" \/><\/a><figcaption id=\"caption-attachment-18389\" class=\"wp-caption-text\">Az a bizonyos magyar bajnoki sz\u00ednekben pomp\u00e1z\u00f3 sp\u00e9ci Valter-bringa (forr\u00e1s: Facebook\/Valter Attila)<\/figcaption><\/figure>\n<p>De szerencs\u00e9re Valter Atit kem\u00e9ny f\u00e1b\u00f3l faragt\u00e1k, \u00e9s \u00f6ssze is dr\u00f3tozt\u00e1k, \u0151 pedig nem ak\u00e1rhogyan h\u00e1l\u00e1lta meg ezt: m\u00e1r a m\u00e1snapi id\u0151futamon, m\u00e9g az es\u00e9s nyomait viselve is a remek 22. helyen \u00e9rt c\u00e9lba, azt\u00e1n k\u00f6vetkezett a harmadik etap a 6., v\u00e9gezet\u00fcl pedig az utols\u00f3 nap a par\u00e1d\u00e9s 5. hellyel, \u00edgy klasszisunk a nyit\u00f3 napi buk\u00e1s ellen\u00e9re v\u00e9gig a t\u0171zk\u00f6zelben versenyezve fantasztikus \u00f6sszetett 5. hellyel nyitott egy nagyon er\u0151s World Tour-versenyen \u2013 soha rosszabb szezonnyit\u00e1nyt! Ami legal\u00e1bb ennyire fontos, hogy Valter marad\u00e9ktalanul elv\u00e9gezte a r\u00e1 osztott csapatszerepet is, hiszen az \u00f6t\u00f6dik etapon a verseny el\u0151tt kit\u0171z\u00f6tt szakaszgy\u0151zelemhez seg\u00edtette t\u00e1rs\u00e1t, az ist\u00e1ll\u00f3 holland sprinter\u00e9t Olav Kooijt. \u00cdgy tulajdonk\u00e9ppen mindent kipip\u00e1lhatott a Visma, amely a v\u00e9gelsz\u00e1mol\u00e1sn\u00e1l k\u00e9t versenyz\u0151t adott az \u00f6sszetett top 10-be: legjobbk\u00e9nt Valter Attil\u00e1t, aki ezzel az 5. hellyel r\u00f6gt\u00f6n a szezon els\u0151 verseny\u00e9n 120 UCI-vil\u00e1granglistapontot zsebelhetett be!<\/p>\n<p><a href=\"https:\/\/d2p6e6u75xmxt8.cloudfront.net\/12\/2024\/02\/430016550_873707954765085_3113955278943966940_n.webp\"><img loading=\"lazy\" decoding=\"async\" class=\"alignnone size-full wp-image-18392\" src=\"https:\/\/d2p6e6u75xmxt8.cloudfront.net\/12\/2024\/02\/430016550_873707954765085_3113955278943966940_n.webp\" alt=\"\" width=\"2000\" height=\"1333\" srcset=\"https:\/\/d2p6e6u75xmxt8.cloudfront.net\/12\/2024\/02\/430016550_873707954765085_3113955278943966940_n.webp 2000w, https:\/\/d2p6e6u75xmxt8.cloudfront.net\/12\/2024\/02\/430016550_873707954765085_3113955278943966940_n-300x200.webp 300w, https:\/\/d2p6e6u75xmxt8.cloudfront.net\/12\/2024\/02\/430016550_873707954765085_3113955278943966940_n-1024x682.webp 1024w, https:\/\/d2p6e6u75xmxt8.cloudfront.net\/12\/2024\/02\/430016550_873707954765085_3113955278943966940_n-768x512.webp 768w, https:\/\/d2p6e6u75xmxt8.cloudfront.net\/12\/2024\/02\/430016550_873707954765085_3113955278943966940_n-1536x1024.webp 1536w, https:\/\/d2p6e6u75xmxt8.cloudfront.net\/12\/2024\/02\/430016550_873707954765085_3113955278943966940_n-1920x1280.webp 1920w, https:\/\/d2p6e6u75xmxt8.cloudfront.net\/12\/2024\/02\/430016550_873707954765085_3113955278943966940_n-400x267.webp 400w, https:\/\/d2p6e6u75xmxt8.cloudfront.net\/12\/2024\/02\/430016550_873707954765085_3113955278943966940_n-272x182.webp 272w, https:\/\/d2p6e6u75xmxt8.cloudfront.net\/12\/2024\/02\/430016550_873707954765085_3113955278943966940_n-1920x1280.webp 1920w\" sizes=\"auto, (max-width: 2000px) 100vw, 2000px\" \/><\/a><\/p>\n<p>A magyar k\u00f6z\u00f6ns\u00e9gkedvenc, ahogyan azt m\u00e1r szerencs\u00e9re t\u0151le megszokhattuk, a verseny ut\u00e1n r\u00f6gt\u00f6n adott is egy gyors helyzetjelent\u00e9st, k\u00f6z\u00f6ss\u00e9gi oldal\u00e1n <a href=\"https:\/\/www.facebook.com\/permalink.php?story_fbid=pfbid0E854fmT1zoJvRP9Ca7gpgjhXv3qwaC7PzdedptPPZG6gMj2fbJDciWHTkXqfZ76Ml&amp;id=100063776644112\">\u00e9rt\u00e9kelve<\/a> a remek \u00e9vkezd\u00e9st. Mint \u00edrta: \u201eMicsoda h\u00e9t a sivatagban! 5. Hely az <a href=\"https:\/\/www.facebook.com\/uaetourofficial?__cft__%5b0%5d=AZUsQIoAFyXMCpUMLsM1PrPxvFFD6_0-SdcHbSzWJRylH3gn4zpj42YF6HH6vuBEQ7ze6ME04oVZgPkhzcKTSKy93fClfeNmZN2t-KmUOuolExzSmsAULY7vbSjc4EmCRm_koZqPnLLhdKQibQQ8PpPBEJ4YPArLzoBSSzjpTUdXmQWZ2qCnxj6YaE3GpwaBduk&amp;__tn__=-%5dK-R\">UAE Tour<\/a>-r\u00f3l!<\/p>\n<p>Nagy c\u00e9lokkal \u00e9rkeztem ide, hiszen a vil\u00e1g egyik leger\u0151sebb sor\u00e1ban nem egyszer\u0171 lehet\u0151s\u00e9get kapni. Ha pedig megkapod, j\u00f3l teszed ha \u00e9lsz vele.<\/p>\n<p>Az els\u0151 szakasz v\u00e9g\u00e9n l\u00e9v\u0151 es\u00e9s nem hozta meg a kedvem a verseny tov\u00e1bbi r\u00e9sz\u00e9hez, de ez is r\u00e9sze a sportnak. Sokkal t\u00f6bbet k\u00e9sz\u00fcltem ahhoz, hogy egy bukfenc elvegye a kedvem!<\/p>\n<p>Az id\u0151futamot m\u00e9g kisebb h\u00faz\u00f3d\u00e1sokkal, de szerencs\u00e9re egy\u00e1ltal\u00e1n nem h\u00e1tr\u00e1ltat\u00f3 sebekkel teljes\u00edthettem. Szuper l\u00e1tni a fejl\u0151d\u00e9st egy olyan sz\u00e1mban, ami nem az er\u0151ssegem. Ennyi el\u00e9g is volt, hogy a motiv\u00e1ci\u00f3m visszabillenjen a hely\u00e9re.<\/p>\n<p>Az els\u0151, furcs\u00e1nak mondhat\u00f3, hegyi befut\u00f3n el\u00e9g k\u00f6nnyen siker\u00fclt az \u00e9lmez\u0151nnyel meg\u00e9rkezni az utols\u00f3 m\u00e9terekre. Hi\u00e1nyzott egy kis \u00f6nbizalom \u00e9s b\u00e1tors\u00e1g, mert egy szebb helyez\u00e9s is bennem volt, de term\u00e9szetesen \u00f6r\u00fcl\u00f6k a szezon els\u0151 top 10-es eredm\u00e9ny\u00e9nek.<\/p>\n<p>A k\u00f6vetkez\u0151 h\u00e1rom szakasz a versenyre jellemz\u0151en telt. Vagy nyugodt, nagyon k\u00f6nny\u0171 temp\u00f3, vagy stresszes, szeles sz\u00e1guldoz\u00e1s. Siker\u00fclt el\u00e9rni a csapat els\u0151sz\u00e1m\u00fa c\u00e9lj\u00e1t, Olav megnyerte az 5. szakaszt. Dupl\u00e1n \u00f6r\u00fcltem a siker\u00e9nek, hiszen el\u00e9g nagy nyom\u00e1st helyeztem ism\u00e9t magamra.<\/p>\n<p>Az utols\u00f3 szakasz is a szelez\u00e9sr\u0151l sz\u00f3lt, eg\u00e9szen a hegy l\u00e1b\u00e1ig. \u00dagy \u00e9rzem egy \u00f3ri\u00e1si l\u00e9p\u00e9s a karrieremben, hogy ott tudok lenni az \u00e9lbolyban az ilyen szakaszokon. Konkr\u00e9tan rettegtem ezekt\u0151l a szeles helyzetekt\u0151l, sz\u00e1momra az egyik legnehezebb r\u00e9sze a sportnak. H\u00e1la a csapatnak az \u00f6sszes szakad\u00e1snak a j\u00f3 v\u00e9g\u00e9n voltam!<\/p>\n<p>A hegyen pedig bizony\u00edtottam, legink\u00e1bb magamnak, hogy fel tudom venni a versenyt a legjobbakkal, komolyabb emelked\u0151d\u00f6n is.<\/p>\n<p>Nagyon el\u00e9gedetten utazom most Magyarorsz\u00e1gra egy p\u00e1r napra, miel\u0151tt tov\u00e1bb indulok Siena v\u00e1ros\u00e1ba, a feh\u00e9r poros utakra! \u201d<\/p>\n<p><a href=\"https:\/\/d2p6e6u75xmxt8.cloudfront.net\/12\/2024\/02\/429679180_873707718098442_392683493136279335_n.webp\"><img loading=\"lazy\" decoding=\"async\" class=\"alignnone size-full wp-image-18391\" src=\"https:\/\/d2p6e6u75xmxt8.cloudfront.net\/12\/2024\/02\/429679180_873707718098442_392683493136279335_n.webp\" alt=\"\" width=\"2000\" height=\"1333\" srcset=\"https:\/\/d2p6e6u75xmxt8.cloudfront.net\/12\/2024\/02\/429679180_873707718098442_392683493136279335_n.webp 2000w, https:\/\/d2p6e6u75xmxt8.cloudfront.net\/12\/2024\/02\/429679180_873707718098442_392683493136279335_n-300x200.webp 300w, https:\/\/d2p6e6u75xmxt8.cloudfront.net\/12\/2024\/02\/429679180_873707718098442_392683493136279335_n-1024x682.webp 1024w, https:\/\/d2p6e6u75xmxt8.cloudfront.net\/12\/2024\/02\/429679180_873707718098442_392683493136279335_n-768x512.webp 768w, https:\/\/d2p6e6u75xmxt8.cloudfront.net\/12\/2024\/02\/429679180_873707718098442_392683493136279335_n-1536x1024.webp 1536w, https:\/\/d2p6e6u75xmxt8.cloudfront.net\/12\/2024\/02\/429679180_873707718098442_392683493136279335_n-1920x1280.webp 1920w, https:\/\/d2p6e6u75xmxt8.cloudfront.net\/12\/2024\/02\/429679180_873707718098442_392683493136279335_n-400x267.webp 400w, https:\/\/d2p6e6u75xmxt8.cloudfront.net\/12\/2024\/02\/429679180_873707718098442_392683493136279335_n-272x182.webp 272w, https:\/\/d2p6e6u75xmxt8.cloudfront.net\/12\/2024\/02\/429679180_873707718098442_392683493136279335_n-1920x1280.webp 1920w\" sizes=\"auto, (max-width: 2000px) 100vw, 2000px\" \/><\/a><\/p>\n<p>Ut\u00f3bbi alatt term\u00e9szetesen a h\u00edres-h\u00edrhedt Strade Bianch\u00e9t \u00e9rtj\u00fck, amely id\u00e9n is az egyik f\u0151 versenye lesz Valter Atinak azok ut\u00e1n, hogy a legut\u00f3bbi k\u00e9t alkalommal fantasztikusan teljes\u00edtett: tavaly az 5., k\u00e9t \u00e9ve pedig a 4. helyen z\u00e1rt a legend\u00e1s feh\u00e9r murv\u00e1s utakon. A napt\u00e1ri \u00e9v egyik legk\u00fcl\u00f6nlegesebb egynapos\u00e1ra most szombaton ker\u00fcl majd sor, az Eurosporton 11:15-\u00f6s kezd\u00e9ssel \u00e9l\u0151ben k\u00f6zvet\u00edtve.<\/p>\n<figure id=\"attachment_18393\" aria-describedby=\"caption-attachment-18393\" style=\"width: 1390px\" class=\"wp-caption alignnone\"><a href=\"https:\/\/d2p6e6u75xmxt8.cloudfront.net\/12\/2024\/02\/valter-ati-strade-bianche.webp\"><img loading=\"lazy\" decoding=\"async\" class=\"size-full wp-image-18393\" src=\"https:\/\/d2p6e6u75xmxt8.cloudfront.net\/12\/2024\/02\/valter-ati-strade-bianche.webp\" alt=\"\" width=\"1390\" height=\"927\" srcset=\"https:\/\/d2p6e6u75xmxt8.cloudfront.net\/12\/2024\/02\/valter-ati-strade-bianche.webp 1390w, https:\/\/d2p6e6u75xmxt8.cloudfront.net\/12\/2024\/02\/valter-ati-strade-bianche-300x200.webp 300w, https:\/\/d2p6e6u75xmxt8.cloudfront.net\/12\/2024\/02\/valter-ati-strade-bianche-1024x683.webp 1024w, https:\/\/d2p6e6u75xmxt8.cloudfront.net\/12\/2024\/02\/valter-ati-strade-bianche-768x512.webp 768w, https:\/\/d2p6e6u75xmxt8.cloudfront.net\/12\/2024\/02\/valter-ati-strade-bianche-400x267.webp 400w, https:\/\/d2p6e6u75xmxt8.cloudfront.net\/12\/2024\/02\/valter-ati-strade-bianche-272x182.webp 272w\" sizes=\"auto, (max-width: 1390px) 100vw, 1390px\" \/><\/a><figcaption id=\"caption-attachment-18393\" class=\"wp-caption-text\">fot\u00f3: Luc Claessen\/Getty<\/figcaption><\/figure>\n<p><em>Bor\u00edt\u00f3k\u00e9p: Facebook\/Valter Attila<\/em><\/p>\n","protected":false},"excerpt":{"rendered":"<p>A magyar klasszis a nyit\u00f3 napi buk\u00e1s ellen\u00e9re bivalyer\u0151s szt\u00e1rcsapata legjobbjak\u00e9nt z\u00e1rta az \u00e9vind\u00edt\u00f3 Em\u00edrs\u00e9gek k\u00f6rverseny\u00e9t!<\/p>\n","protected":false},"author":145,"featured_media":18390,"comment_status":"open","ping_status":"open","sticky":false,"template":"","format":"standard","meta":{"footnotes":""},"categories":[8],"tags":[],"global-categories":[419],"class_list":["post-18388","post","type-post","status-publish","format-standard","has-post-thumbnail","hentry","category-orszaguti-kerekpar","global-categories-cycling"],"yoast_head":"<!-- This site is optimized with the Yoast SEO Premium plugin v25.3 (Yoast SEO v25.9) - https:\/\/yoast.com\/wordpress\/plugins\/seo\/ -->\n<title>Par\u00e1d\u00e9s 5. hellyel hangolt Valter Attila az UAE Touron a h\u00e9tv\u00e9gi Strade Bianch\u00e9ra - \u0160koda We Love Cycling - Magyarorsz\u00e1g<\/title>\n<meta name=\"robots\" content=\"index, follow, max-snippet:-1, max-image-preview:large, max-video-preview:-1\" \/>\n<link rel=\"canonical\" href=\"https:\/\/www.welovecycling.com\/hu\/orszaguti-kerekpar\/parades-5-hellyel-hangolt-valter-attila-az-uae-touron-a-hetvegi-strade-bianchera\/\" \/>\n<meta property=\"og:locale\" content=\"hu_HU\" \/>\n<meta property=\"og:type\" content=\"article\" \/>\n<meta property=\"og:title\" content=\"Par\u00e1d\u00e9s 5. hellyel hangolt Valter Attila az UAE Touron a h\u00e9tv\u00e9gi Strade Bianch\u00e9ra\" \/>\n<meta property=\"og:description\" content=\"A magyar klasszis a nyit\u00f3 napi buk\u00e1s ellen\u00e9re bivalyer\u0151s szt\u00e1rcsapata legjobbjak\u00e9nt z\u00e1rta az \u00e9vind\u00edt\u00f3 Em\u00edrs\u00e9gek k\u00f6rverseny\u00e9t!\" \/>\n<meta property=\"og:url\" content=\"https:\/\/www.welovecycling.com\/hu\/orszaguti-kerekpar\/parades-5-hellyel-hangolt-valter-attila-az-uae-touron-a-hetvegi-strade-bianchera\/\" \/>\n<meta property=\"og:site_name\" content=\"\u0160koda We Love Cycling - Magyarorsz\u00e1g\" \/>\n<meta property=\"article:publisher\" content=\"https:\/\/www.facebook.com\/WeLoveCyclingHungary\/\" \/>\n<meta property=\"article:published_time\" content=\"2024-02-26T13:27:15+00:00\" \/>\n<meta property=\"og:image\" content=\"https:\/\/d2p6e6u75xmxt8.cloudfront.net\/12\/2024\/02\/429934982_873707994765081_812671489633491820_n.webp\" \/>\n\t<meta property=\"og:image:width\" content=\"2048\" \/>\n\t<meta property=\"og:image:height\" content=\"1365\" \/>\n\t<meta property=\"og:image:type\" content=\"image\/webp\" \/>\n<meta name=\"author\" content=\"kitti\" \/>\n<meta name=\"twitter:card\" content=\"summary_large_image\" \/>\n<meta name=\"twitter:label1\" content=\"Written by\" \/>\n\t<meta name=\"twitter:data1\" content=\"We Love Cycling\" \/>\n\t<meta name=\"twitter:label2\" content=\"Est. reading time\" \/>\n\t<meta name=\"twitter:data2\" content=\"5 minutes\" \/>\n<script type=\"application\/ld+json\" class=\"yoast-schema-graph\">{\"@context\":\"https:\/\/schema.org\",\"@graph\":[{\"@type\":\"WebPage\",\"@id\":\"https:\/\/www.welovecycling.com\/hu\/orszaguti-kerekpar\/parades-5-hellyel-hangolt-valter-attila-az-uae-touron-a-hetvegi-strade-bianchera\/\",\"url\":\"https:\/\/www.welovecycling.com\/hu\/orszaguti-kerekpar\/parades-5-hellyel-hangolt-valter-attila-az-uae-touron-a-hetvegi-strade-bianchera\/\",\"name\":\"Par\u00e1d\u00e9s 5. hellyel hangolt Valter Attila az UAE Touron a h\u00e9tv\u00e9gi Strade Bianch\u00e9ra - \u0160koda We Love Cycling - Magyarorsz\u00e1g\",\"isPartOf\":{\"@id\":\"https:\/\/www.welovecycling.com\/hu\/#website\"},\"primaryImageOfPage\":{\"@id\":\"https:\/\/www.welovecycling.com\/hu\/orszaguti-kerekpar\/parades-5-hellyel-hangolt-valter-attila-az-uae-touron-a-hetvegi-strade-bianchera\/#primaryimage\"},\"image\":{\"@id\":\"https:\/\/www.welovecycling.com\/hu\/orszaguti-kerekpar\/parades-5-hellyel-hangolt-valter-attila-az-uae-touron-a-hetvegi-strade-bianchera\/#primaryimage\"},\"thumbnailUrl\":\"https:\/\/d2p6e6u75xmxt8.cloudfront.net\/12\/2024\/02\/429934982_873707994765081_812671489633491820_n.webp\",\"datePublished\":\"2024-02-26T13:27:15+00:00\",\"author\":{\"@id\":\"https:\/\/www.welovecycling.com\/hu\/#\/schema\/person\/bec7dcdbcc59f58489cf603e4040ced1\"},\"breadcrumb\":{\"@id\":\"https:\/\/www.welovecycling.com\/hu\/orszaguti-kerekpar\/parades-5-hellyel-hangolt-valter-attila-az-uae-touron-a-hetvegi-strade-bianchera\/#breadcrumb\"},\"inLanguage\":\"hu\",\"potentialAction\":[{\"@type\":\"ReadAction\",\"target\":[\"https:\/\/www.welovecycling.com\/hu\/orszaguti-kerekpar\/parades-5-hellyel-hangolt-valter-attila-az-uae-touron-a-hetvegi-strade-bianchera\/\"]}]},{\"@type\":\"ImageObject\",\"inLanguage\":\"hu\",\"@id\":\"https:\/\/www.welovecycling.com\/hu\/orszaguti-kerekpar\/parades-5-hellyel-hangolt-valter-attila-az-uae-touron-a-hetvegi-strade-bianchera\/#primaryimage\",\"url\":\"https:\/\/d2p6e6u75xmxt8.cloudfront.net\/12\/2024\/02\/429934982_873707994765081_812671489633491820_n.webp\",\"contentUrl\":\"https:\/\/d2p6e6u75xmxt8.cloudfront.net\/12\/2024\/02\/429934982_873707994765081_812671489633491820_n.webp\",\"width\":2048,\"height\":1365},{\"@type\":\"BreadcrumbList\",\"@id\":\"https:\/\/www.welovecycling.com\/hu\/orszaguti-kerekpar\/parades-5-hellyel-hangolt-valter-attila-az-uae-touron-a-hetvegi-strade-bianchera\/#breadcrumb\",\"itemListElement\":[{\"@type\":\"ListItem\",\"position\":1,\"name\":\"Home\",\"item\":\"https:\/\/www.welovecycling.com\/hu\/\"},{\"@type\":\"ListItem\",\"position\":2,\"name\":\"Par\u00e1d\u00e9s 5. hellyel hangolt Valter Attila az UAE Touron a h\u00e9tv\u00e9gi Strade Bianch\u00e9ra\"}]},{\"@type\":\"WebSite\",\"@id\":\"https:\/\/www.welovecycling.com\/hu\/#website\",\"url\":\"https:\/\/www.welovecycling.com\/hu\/\",\"name\":\"\u0160koda We Love Cycling - Magyarorsz\u00e1g\",\"description\":\"\u0160koda WeLoveCycling\",\"potentialAction\":[{\"@type\":\"SearchAction\",\"target\":{\"@type\":\"EntryPoint\",\"urlTemplate\":\"https:\/\/www.welovecycling.com\/hu\/?s={search_term_string}\"},\"query-input\":{\"@type\":\"PropertyValueSpecification\",\"valueRequired\":true,\"valueName\":\"search_term_string\"}}],\"inLanguage\":\"hu\"},{\"@type\":\"Person\",\"@id\":\"https:\/\/www.welovecycling.com\/hu\/#\/schema\/person\/bec7dcdbcc59f58489cf603e4040ced1\",\"name\":\"kitti\",\"image\":{\"@type\":\"ImageObject\",\"inLanguage\":\"hu\",\"@id\":\"https:\/\/www.welovecycling.com\/hu\/#\/schema\/person\/image\/\",\"url\":\"https:\/\/secure.gravatar.com\/avatar\/e3196a110e1b57b96f56d92d10ce9bb4e9d7210076832a16243337e949410b52?s=96&d=mm&r=g\",\"contentUrl\":\"https:\/\/secure.gravatar.com\/avatar\/e3196a110e1b57b96f56d92d10ce9bb4e9d7210076832a16243337e949410b52?s=96&d=mm&r=g\",\"caption\":\"kitti\"},\"url\":\"https:\/\/www.welovecycling.com\/hu\/author\/kitti\/\"}]}<\/script>\n<!-- \/ Yoast SEO Premium plugin. -->","yoast_head_json":{"title":"Par\u00e1d\u00e9s 5. hellyel hangolt Valter Attila az UAE Touron a h\u00e9tv\u00e9gi Strade Bianch\u00e9ra - \u0160koda We Love Cycling - Magyarorsz\u00e1g","robots":{"index":"index","follow":"follow","max-snippet":"max-snippet:-1","max-image-preview":"max-image-preview:large","max-video-preview":"max-video-preview:-1"},"canonical":"https:\/\/www.welovecycling.com\/hu\/orszaguti-kerekpar\/parades-5-hellyel-hangolt-valter-attila-az-uae-touron-a-hetvegi-strade-bianchera\/","og_locale":"hu_HU","og_type":"article","og_title":"Par\u00e1d\u00e9s 5. hellyel hangolt Valter Attila az UAE Touron a h\u00e9tv\u00e9gi Strade Bianch\u00e9ra","og_description":"A magyar klasszis a nyit\u00f3 napi buk\u00e1s ellen\u00e9re bivalyer\u0151s szt\u00e1rcsapata legjobbjak\u00e9nt z\u00e1rta az \u00e9vind\u00edt\u00f3 Em\u00edrs\u00e9gek k\u00f6rverseny\u00e9t!","og_url":"https:\/\/www.welovecycling.com\/hu\/orszaguti-kerekpar\/parades-5-hellyel-hangolt-valter-attila-az-uae-touron-a-hetvegi-strade-bianchera\/","og_site_name":"\u0160koda We Love Cycling - Magyarorsz\u00e1g","article_publisher":"https:\/\/www.facebook.com\/WeLoveCyclingHungary\/","article_published_time":"2024-02-26T13:27:15+00:00","og_image":[{"width":2048,"height":1365,"url":"https:\/\/d2p6e6u75xmxt8.cloudfront.net\/12\/2024\/02\/429934982_873707994765081_812671489633491820_n.webp","type":"image\/webp"}],"author":"kitti","twitter_card":"summary_large_image","twitter_misc":{"Written by":"We Love Cycling","Est. reading time":"5 minutes"},"schema":{"@context":"https:\/\/schema.org","@graph":[{"@type":"WebPage","@id":"https:\/\/www.welovecycling.com\/hu\/orszaguti-kerekpar\/parades-5-hellyel-hangolt-valter-attila-az-uae-touron-a-hetvegi-strade-bianchera\/","url":"https:\/\/www.welovecycling.com\/hu\/orszaguti-kerekpar\/parades-5-hellyel-hangolt-valter-attila-az-uae-touron-a-hetvegi-strade-bianchera\/","name":"Par\u00e1d\u00e9s 5. hellyel hangolt Valter Attila az UAE Touron a h\u00e9tv\u00e9gi Strade Bianch\u00e9ra - \u0160koda We Love Cycling - Magyarorsz\u00e1g","isPartOf":{"@id":"https:\/\/www.welovecycling.com\/hu\/#website"},"primaryImageOfPage":{"@id":"https:\/\/www.welovecycling.com\/hu\/orszaguti-kerekpar\/parades-5-hellyel-hangolt-valter-attila-az-uae-touron-a-hetvegi-strade-bianchera\/#primaryimage"},"image":{"@id":"https:\/\/www.welovecycling.com\/hu\/orszaguti-kerekpar\/parades-5-hellyel-hangolt-valter-attila-az-uae-touron-a-hetvegi-strade-bianchera\/#primaryimage"},"thumbnailUrl":"https:\/\/d2p6e6u75xmxt8.cloudfront.net\/12\/2024\/02\/429934982_873707994765081_812671489633491820_n.webp","datePublished":"2024-02-26T13:27:15+00:00","author":{"@id":"https:\/\/www.welovecycling.com\/hu\/#\/schema\/person\/bec7dcdbcc59f58489cf603e4040ced1"},"breadcrumb":{"@id":"https:\/\/www.welovecycling.com\/hu\/orszaguti-kerekpar\/parades-5-hellyel-hangolt-valter-attila-az-uae-touron-a-hetvegi-strade-bianchera\/#breadcrumb"},"inLanguage":"hu","potentialAction":[{"@type":"ReadAction","target":["https:\/\/www.welovecycling.com\/hu\/orszaguti-kerekpar\/parades-5-hellyel-hangolt-valter-attila-az-uae-touron-a-hetvegi-strade-bianchera\/"]}]},{"@type":"ImageObject","inLanguage":"hu","@id":"https:\/\/www.welovecycling.com\/hu\/orszaguti-kerekpar\/parades-5-hellyel-hangolt-valter-attila-az-uae-touron-a-hetvegi-strade-bianchera\/#primaryimage","url":"https:\/\/d2p6e6u75xmxt8.cloudfront.net\/12\/2024\/02\/429934982_873707994765081_812671489633491820_n.webp","contentUrl":"https:\/\/d2p6e6u75xmxt8.cloudfront.net\/12\/2024\/02\/429934982_873707994765081_812671489633491820_n.webp","width":2048,"height":1365},{"@type":"BreadcrumbList","@id":"https:\/\/www.welovecycling.com\/hu\/orszaguti-kerekpar\/parades-5-hellyel-hangolt-valter-attila-az-uae-touron-a-hetvegi-strade-bianchera\/#breadcrumb","itemListElement":[{"@type":"ListItem","position":1,"name":"Home","item":"https:\/\/www.welovecycling.com\/hu\/"},{"@type":"ListItem","position":2,"name":"Par\u00e1d\u00e9s 5. hellyel hangolt Valter Attila az UAE Touron a h\u00e9tv\u00e9gi Strade Bianch\u00e9ra"}]},{"@type":"WebSite","@id":"https:\/\/www.welovecycling.com\/hu\/#website","url":"https:\/\/www.welovecycling.com\/hu\/","name":"\u0160koda We Love Cycling - Magyarorsz\u00e1g","description":"\u0160koda WeLoveCycling","potentialAction":[{"@type":"SearchAction","target":{"@type":"EntryPoint","urlTemplate":"https:\/\/www.welovecycling.com\/hu\/?s={search_term_string}"},"query-input":{"@type":"PropertyValueSpecification","valueRequired":true,"valueName":"search_term_string"}}],"inLanguage":"hu"},{"@type":"Person","@id":"https:\/\/www.welovecycling.com\/hu\/#\/schema\/person\/bec7dcdbcc59f58489cf603e4040ced1","name":"kitti","image":{"@type":"ImageObject","inLanguage":"hu","@id":"https:\/\/www.welovecycling.com\/hu\/#\/schema\/person\/image\/","url":"https:\/\/secure.gravatar.com\/avatar\/e3196a110e1b57b96f56d92d10ce9bb4e9d7210076832a16243337e949410b52?s=96&d=mm&r=g","contentUrl":"https:\/\/secure.gravatar.com\/avatar\/e3196a110e1b57b96f56d92d10ce9bb4e9d7210076832a16243337e949410b52?s=96&d=mm&r=g","caption":"kitti"},"url":"https:\/\/www.welovecycling.com\/hu\/author\/kitti\/"}]}},"_links":{"self":[{"href":"https:\/\/www.welovecycling.com\/hu\/wp-json\/wp\/v2\/posts\/18388","targetHints":{"allow":["GET"]}}],"collection":[{"href":"https:\/\/www.welovecycling.com\/hu\/wp-json\/wp\/v2\/posts"}],"about":[{"href":"https:\/\/www.welovecycling.com\/hu\/wp-json\/wp\/v2\/types\/post"}],"author":[{"embeddable":true,"href":"https:\/\/www.welovecycling.com\/hu\/wp-json\/wp\/v2\/users\/145"}],"replies":[{"embeddable":true,"href":"https:\/\/www.welovecycling.com\/hu\/wp-json\/wp\/v2\/comments?post=18388"}],"version-history":[{"count":1,"href":"https:\/\/www.welovecycling.com\/hu\/wp-json\/wp\/v2\/posts\/18388\/revisions"}],"predecessor-version":[{"id":18394,"href":"https:\/\/www.welovecycling.com\/hu\/wp-json\/wp\/v2\/posts\/18388\/revisions\/18394"}],"wp:featuredmedia":[{"embeddable":true,"href":"https:\/\/www.welovecycling.com\/hu\/wp-json\/wp\/v2\/media\/18390"}],"wp:attachment":[{"href":"https:\/\/www.welovecycling.com\/hu\/wp-json\/wp\/v2\/media?parent=18388"}],"wp:term":[{"taxonomy":"category","embeddable":true,"href":"https:\/\/www.welovecycling.com\/hu\/wp-json\/wp\/v2\/categories?post=18388"},{"taxonomy":"post_tag","embeddable":true,"href":"https:\/\/www.welovecycling.com\/hu\/wp-json\/wp\/v2\/tags?post=18388"},{"taxonomy":"global-categories","embeddable":true,"href":"https:\/\/www.welovecycling.com\/hu\/wp-json\/wp\/v2\/global-categories?post=18388"}],"curies":[{"name":"wp","href":"https:\/\/api.w.org\/{rel}","templated":true}]}}