{"id":18360,"date":"2024-02-02T16:51:37","date_gmt":"2024-02-02T14:51:37","guid":{"rendered":"https:\/\/www.welovecycling.com\/hu\/?p=18360"},"modified":"2024-02-02T16:51:37","modified_gmt":"2024-02-02T14:51:37","slug":"visszaterhet-egyik-legszebb-emleku-versenyere-a-girora-is-valter-attila","status":"publish","type":"post","link":"https:\/\/www.welovecycling.com\/hu\/orszaguti-kerekpar\/visszaterhet-egyik-legszebb-emleku-versenyere-a-girora-is-valter-attila\/","title":{"rendered":"Visszat\u00e9rhet egyik legszebb eml\u00e9k\u0171 verseny\u00e9re, a Gir\u00f3ra is Valter Attila!"},"content":{"rendered":"<p><b>Legjobb orsz\u00e1g\u00fatisunk nev\u00e9vel v\u00e1lik teljess\u00e9 a holland szt\u00e1rcsapat, a <em>Visma | Lease a bike<\/em> olaszorsz\u00e1gi kerete.<\/b><\/p>\n<p><!--more--><\/p>\n<p><span style=\"font-weight: 400;\">Nemr\u00e9g \u00edrtunk arr\u00f3l, hogy megvan legjobb orsz\u00e1g\u00fati ker\u00e9kp\u00e1rosunk, <\/span><a href=\"https:\/\/www.welovecycling.com\/hu\/orszaguti-kerekpar\/valter-attila-ismet-paradezhat-a-strade-bianchen-vas-blanka-ujabb-remek-vk-szereplese\/\"><span style=\"font-weight: 400;\">Valter Attila els\u0151 f\u00e9l\u00e9vi v\u00e1rva v\u00e1rt versenyterve<\/span><\/a><span style=\"font-weight: 400;\">, akkor azzal z\u00e1rtunk, hogy nemsok\u00e1ra rem\u00e9lhet\u0151leg az idei h\u00e1romhetes viadalokat \u00e9rint\u0151 k\u00e9rd\u00e9sek is kikrist\u00e1lyosodnak. Nos, erre v\u00e9g\u00fcl ann\u00e1l is kevesebbet kellett v\u00e1rnunk, mint azt el\u0151zetesen gondoltuk! Az orsz\u00e1g\u00fati (k\u00fcl\u00f6n\u00f6sen a hollandiai \u00e9rintetts\u00e9g\u0171) ker\u00e9kp\u00e1ros berkeken bel\u00fcl hivatkoz\u00e1si pontk\u00e9nt szolg\u00e1l\u00f3 holland Wielerflits szakport\u00e1l ugyanis kiv\u00e1l\u00f3 h\u00edrekkel \u00f6rvendeztetett meg benn\u00fcnket a napokban: c\u00edmlapj\u00e1n hozta a friss ropog\u00f3s inform\u00e1ci\u00f3t, miszerint <\/span><a href=\"https:\/\/www.wielerflits.nl\/nieuws\/attila-valter-maakt-giro-voorselectie-visma-lease-a-bike-compleet\/\"><span style=\"font-weight: 400;\">Valter Attila nev\u00e9vel lett teljes<\/span><\/a><span style=\"font-weight: 400;\"> a Visma | Lease a Bike 2024-es Giro d\u2019Italia-kerete. A mindig j\u00f3l \u00e9rtes\u00fclt szak\u00edr\u00f3, Youri Ijnsen hozz\u00e1tette, az eredeti tervek szerint \u00e1ll\u00edt\u00f3lag a holland szt\u00e1rist\u00e1ll\u00f3 egyik leg\u00fajabb \u00edg\u00e9ret\u00e9t, a tavalyi U23-as \u201eBaby Gir\u00f3t\u201d megnyer\u0151 Johannes Staune-Mittetet gondolt\u00e1k bedobni a m\u00e9lyv\u00edzbe, \u00e1m v\u00e9g\u00fcl a tapasztalat gy\u0151z\u00f6tt: a hegyi men\u0151k\u00e9nt \u00e9s seg\u00edt\u0151k\u00e9nt is kiv\u00e1l\u00f3, ezt megel\u0151z\u0151en m\u00e1r h\u00e1rom Gir\u00f3t is sikeresen teljes\u00edt\u0151 magyar klasszis mellett d\u00f6nt\u00f6ttek v\u00e9g\u00fcl. Az\u00f3ta a m\u00e9rt\u00e9kad\u00f3 Procyclingstats weboldalon is <\/span><a href=\"https:\/\/www.procyclingstats.com\/rider\/attila-valter\/2023\"><span style=\"font-weight: 400;\">ott vir\u00edt<\/span><\/a><span style=\"font-weight: 400;\"> Valter Ati profilj\u00e1n\u00e1l a Giro az idei versenyek k\u00f6z\u00f6tt, Ati pedig saj\u00e1t maga ezt a k\u00e9pet <\/span><a href=\"https:\/\/www.facebook.com\/photo\/?fbid=857650153037532&amp;set=a.603468528455697\"><span style=\"font-weight: 400;\">posztolta ki p\u00e9ntek d\u00e9lel\u0151tt<\/span><\/a><span style=\"font-weight: 400;\"> a k\u00f6z\u00f6ss\u00e9gi oldal\u00e1ra, ami gyakorlatilag fel\u00e9r egy hivatalos meger\u0151s\u00edt\u00e9ssel a Giro-visszat\u00e9r\u00e9s\u00e9t illet\u0151en:\u00a0<\/span><\/p>\n<figure id=\"attachment_18364\" aria-describedby=\"caption-attachment-18364\" style=\"width: 1290px\" class=\"wp-caption alignnone\"><a href=\"https:\/\/d2p6e6u75xmxt8.cloudfront.net\/12\/2024\/02\/425384813_857650149704199_3292635534554781538_n.webp\"><img loading=\"lazy\" decoding=\"async\" class=\"wp-image-18364 size-full\" src=\"https:\/\/d2p6e6u75xmxt8.cloudfront.net\/12\/2024\/02\/425384813_857650149704199_3292635534554781538_n.webp\" alt=\"\" width=\"1290\" height=\"1575\" srcset=\"https:\/\/d2p6e6u75xmxt8.cloudfront.net\/12\/2024\/02\/425384813_857650149704199_3292635534554781538_n.webp 1290w, https:\/\/d2p6e6u75xmxt8.cloudfront.net\/12\/2024\/02\/425384813_857650149704199_3292635534554781538_n-246x300.webp 246w, https:\/\/d2p6e6u75xmxt8.cloudfront.net\/12\/2024\/02\/425384813_857650149704199_3292635534554781538_n-839x1024.webp 839w, https:\/\/d2p6e6u75xmxt8.cloudfront.net\/12\/2024\/02\/425384813_857650149704199_3292635534554781538_n-768x938.webp 768w, https:\/\/d2p6e6u75xmxt8.cloudfront.net\/12\/2024\/02\/425384813_857650149704199_3292635534554781538_n-1258x1536.webp 1258w, https:\/\/d2p6e6u75xmxt8.cloudfront.net\/12\/2024\/02\/425384813_857650149704199_3292635534554781538_n-328x400.webp 328w\" sizes=\"auto, (max-width: 1290px) 100vw, 1290px\" \/><\/a><figcaption id=\"caption-attachment-18364\" class=\"wp-caption-text\">Magyarorsz\u00e1g Valter Attila r\u00e9v\u00e9n a 28. k\u00fcl\u00f6nb\u00f6z\u0151 orsz\u00e1gk\u00e9nt csatlakozott a r\u00f3zsasz\u00edn trik\u00f3t visel\u0151 nemzetek k\u00f6z\u00e9 2021-ben (forr\u00e1s: Facebook\/Valter Attila)<\/figcaption><\/figure>\n<p><span style=\"font-weight: 400;\">A Visma leend\u0151 Giro-keret\u00e9ben egy\u00e9bk\u00e9nt \u00edgy is f\u0151szerepet kap majd a fiatals\u00e1g (nem mintha Ati matuzs\u00e1lemnek sz\u00e1m\u00edtana a maga 25 \u00e9v\u00e9vel), hiszen az ist\u00e1ll\u00f3 els\u0151 embere jelen \u00e1ll\u00e1s szerint az egyik \u00faj fog\u00e1s, a tiniszenz\u00e1ci\u00f3 Cian Uijtdebroeks lesz, akit a nemzetk\u00f6zi bring\u00e1sk\u00f6zv\u00e9lem\u00e9ny m\u00e1r konszenzusosan ki is ki\u00e1ltott a k\u00f6vetkez\u0151 Remco Evenepoelnak. A most m\u00e9g csak 20 \u00e9ves belga szupertehets\u00e9g 2022-ben megnyerte a fiatalok Tour de France-\u00e1nak tekintett Tour de l\u2019Avenirt \u2013 azt a versenyt, ahol anno Valter Ati is szakaszt tudott nyerni, berobbanva a t\u00e1gabb bring\u00e1s k\u00f6ztudatba \u2013, \u00e9lete els\u0151 h\u00e1romhetes k\u00f6rverseny\u00e9n pedig r\u00f6gt\u00f6n a fantasztikus \u00f6sszetett 8. helyen v\u00e9gzett a tavalyi Vuelta a Espan\u00e1n \u2013 ezt k\u00f6vet\u0151en szerezte meg a Visma az addigi csapat\u00e1t\u00f3l, a Bor\u00e1t\u00f3l (ahova pedig cser\u00e9be a tavalyi Giro-gy\u0151ztes Primoz Roglic t\u00e1vozott a szezon v\u00e9gezt\u00e9vel, sz\u00f3val \u00f6ssze\u00e9rnek itt a sz\u00e1lak). Ami a csapat t\u00f6bbi tagj\u00e1t illeti, a Visma term\u00e9szetesen most is bivalyer\u0151s sort k\u00fcld majd a m\u00e1jus 4-\u00e9n rajtol\u00f3 olasz k\u00f6rre (mondjuk, ilyen kerettel neh\u00e9z is lenne m\u00e1smilyet), hiszen Ati \u00e9s Uijtdebroeks mellett olyan nevek alkotj\u00e1k majd az egy\u00fcttest, mint Wout Van Aert, Robert Gesink, Wilco Kelderman, Jan Tratnik, Edoardo Affini \u00e9s Olav Kooij. Ut\u00f3bbit a magyar k\u00f6z\u00f6ns\u00e9g is testk\u00f6zelb\u0151l l\u00e1thatta k\u00e9t \u00e9vvel ezel\u0151tt a Tour de Hongrie-n, ahol a nyit\u00f3 szakaszt r\u00f6gt\u00f6n meg is nyerte Sz\u00e9kesfeh\u00e9rv\u00e1ron, azt\u00e1n viszont alaposan \u00e9rintett volt a harmadik etap eml\u00e9kezetes, c\u00e9l el\u0151tti ny\u00edregyh\u00e1zi t\u00f6megbuk\u00e1s\u00e1ban, \u00e9s azonnal fel kellett adnia a viadalt.\u00a0<\/span><\/p>\n<figure id=\"attachment_18361\" aria-describedby=\"caption-attachment-18361\" style=\"width: 2048px\" class=\"wp-caption alignnone\"><a href=\"https:\/\/d2p6e6u75xmxt8.cloudfront.net\/12\/2024\/02\/tdh7.webp\"><img loading=\"lazy\" decoding=\"async\" class=\"size-full wp-image-18361\" src=\"https:\/\/d2p6e6u75xmxt8.cloudfront.net\/12\/2024\/02\/tdh7.webp\" alt=\"\" width=\"2048\" height=\"1365\" srcset=\"https:\/\/d2p6e6u75xmxt8.cloudfront.net\/12\/2024\/02\/tdh7.webp 2048w, https:\/\/d2p6e6u75xmxt8.cloudfront.net\/12\/2024\/02\/tdh7-300x200.webp 300w, https:\/\/d2p6e6u75xmxt8.cloudfront.net\/12\/2024\/02\/tdh7-1024x683.webp 1024w, https:\/\/d2p6e6u75xmxt8.cloudfront.net\/12\/2024\/02\/tdh7-768x512.webp 768w, https:\/\/d2p6e6u75xmxt8.cloudfront.net\/12\/2024\/02\/tdh7-1536x1024.webp 1536w, https:\/\/d2p6e6u75xmxt8.cloudfront.net\/12\/2024\/02\/tdh7-1920x1280.webp 1920w, https:\/\/d2p6e6u75xmxt8.cloudfront.net\/12\/2024\/02\/tdh7-400x267.webp 400w, https:\/\/d2p6e6u75xmxt8.cloudfront.net\/12\/2024\/02\/tdh7-272x182.webp 272w, https:\/\/d2p6e6u75xmxt8.cloudfront.net\/12\/2024\/02\/tdh7-1920x1280.webp 1920w\" sizes=\"auto, (max-width: 2048px) 100vw, 2048px\" \/><\/a><figcaption id=\"caption-attachment-18361\" class=\"wp-caption-text\">Olav Kooij besz\u00e1guld a sz\u00e9kesfeh\u00e9rv\u00e1ri c\u00e9lba (fot\u00f3: Tdh.hu\/Pertorini M\u00e1ri\u00f3)<\/figcaption><\/figure>\n<p><span style=\"font-weight: 400;\">Ami Valter Atit illeti, neki Olaszorsz\u00e1gr\u00f3l sokkal kellemesebb eml\u00e9kei lehetnek, elv\u00e9gre Grand Tour-versenyen \u00e9ppen itt deb\u00fct\u00e1lt 2020-ban egy nagyszer\u0171 27. hellyel, a k\u00f6vetkez\u0151 \u00e9vben j\u00f6tt az \u00f6r\u00f6kk\u00e9 felejthetetlen t\u00f6rt\u00e9nelem\u00edr\u00e1s a h\u00e1rom napnyi \u00e1lomszer\u0171 r\u00f3zsasz\u00edn trik\u00f3val \u00e9s a fantasztikus \u00f6sszetett top 15-\u00f6s (14.) hellyel, k\u00e9t \u00e9ve pedig egy \u00f3ri\u00e1si nap v\u00e9g\u00e9n a szakaszgy\u0151zelem\u00e9rt harcolhatott, s \u00e9rkezett be v\u00e9g\u00fcl a 4. helyen a 19. etapon. Valami hasonl\u00f3ra most is meglesz minden es\u00e9lye, els\u0151sorban val\u00f3sz\u00edn\u0171leg a hegyekben Keldermannal, Gesinkkel \u00e9s Ciannal, m\u00edg a t\u00f6bbiek a s\u00edkabb \u00e9s \u00e1tmeneti szakaszokon k\u00fczdhetnek majd j\u00f3 es\u00e9llyel az etapsikerek\u00e9rt a napt\u00e1ri \u00e9v els\u0151, m\u00e1jus 4-\u00e9n Venaria Reale telep\u00fcl\u00e9sen rajtol\u00f3, 26-\u00e1n pedig R\u00f3m\u00e1ban c\u00e9lba \u00e9r\u0151 h\u00e1romhetes k\u00f6rverseny\u00e9n.<\/span><\/p>\n<figure id=\"attachment_18363\" aria-describedby=\"caption-attachment-18363\" style=\"width: 1347px\" class=\"wp-caption alignnone\"><a href=\"https:\/\/d2p6e6u75xmxt8.cloudfront.net\/12\/2024\/02\/58f733dcd6414151a50bc29fb05e481b.webp\"><img loading=\"lazy\" decoding=\"async\" class=\"size-full wp-image-18363\" src=\"https:\/\/d2p6e6u75xmxt8.cloudfront.net\/12\/2024\/02\/58f733dcd6414151a50bc29fb05e481b.webp\" alt=\"\" width=\"1347\" height=\"758\" srcset=\"https:\/\/d2p6e6u75xmxt8.cloudfront.net\/12\/2024\/02\/58f733dcd6414151a50bc29fb05e481b.webp 1347w, https:\/\/d2p6e6u75xmxt8.cloudfront.net\/12\/2024\/02\/58f733dcd6414151a50bc29fb05e481b-300x169.webp 300w, https:\/\/d2p6e6u75xmxt8.cloudfront.net\/12\/2024\/02\/58f733dcd6414151a50bc29fb05e481b-1024x576.webp 1024w, https:\/\/d2p6e6u75xmxt8.cloudfront.net\/12\/2024\/02\/58f733dcd6414151a50bc29fb05e481b-768x432.webp 768w, https:\/\/d2p6e6u75xmxt8.cloudfront.net\/12\/2024\/02\/58f733dcd6414151a50bc29fb05e481b-400x225.webp 400w\" sizes=\"auto, (max-width: 1347px) 100vw, 1347px\" \/><\/a><figcaption id=\"caption-attachment-18363\" class=\"wp-caption-text\">fot\u00f3: Visma<\/figcaption><\/figure>\n<p><em>Bor\u00edt\u00f3k\u00e9p: <span style=\"font-weight: 400;\">Luca Zennaro<\/span><\/em><\/p>\n","protected":false},"excerpt":{"rendered":"<p>Legjobb orsz\u00e1g\u00fatisunk nev\u00e9vel v\u00e1lik teljess\u00e9 a holland szt\u00e1rcsapat, a Visma | Lease a bike olaszorsz\u00e1gi kerete.<\/p>\n","protected":false},"author":145,"featured_media":18362,"comment_status":"open","ping_status":"open","sticky":false,"template":"","format":"standard","meta":{"footnotes":""},"categories":[8],"tags":[],"global-categories":[419],"class_list":["post-18360","post","type-post","status-publish","format-standard","has-post-thumbnail","hentry","category-orszaguti-kerekpar","global-categories-cycling"],"yoast_head":"<!-- This site is optimized with the Yoast SEO Premium plugin v25.3 (Yoast SEO v25.9) - https:\/\/yoast.com\/wordpress\/plugins\/seo\/ -->\n<title>Visszat\u00e9rhet egyik legszebb eml\u00e9k\u0171 verseny\u00e9re, a Gir\u00f3ra is Valter Attila! - \u0160koda We Love Cycling - Magyarorsz\u00e1g<\/title>\n<meta name=\"description\" content=\"Legjobb orsz\u00e1g\u00fatisunk nev\u00e9vel v\u00e1lik teljess\u00e9 a holland szt\u00e1rcsapat, a Visma | Lease a bike olaszorsz\u00e1gi kerete.\" \/>\n<meta name=\"robots\" content=\"index, follow, max-snippet:-1, max-image-preview:large, max-video-preview:-1\" \/>\n<link rel=\"canonical\" href=\"https:\/\/www.welovecycling.com\/hu\/orszaguti-kerekpar\/visszaterhet-egyik-legszebb-emleku-versenyere-a-girora-is-valter-attila\/\" \/>\n<meta property=\"og:locale\" content=\"hu_HU\" \/>\n<meta property=\"og:type\" content=\"article\" \/>\n<meta property=\"og:title\" content=\"Visszat\u00e9rhet egyik legszebb eml\u00e9k\u0171 verseny\u00e9re, a Gir\u00f3ra is Valter Attila!\" \/>\n<meta property=\"og:description\" content=\"Legjobb orsz\u00e1g\u00fatisunk nev\u00e9vel v\u00e1lik teljess\u00e9 a holland szt\u00e1rcsapat, a Visma | Lease a bike olaszorsz\u00e1gi kerete.\" \/>\n<meta property=\"og:url\" content=\"https:\/\/www.welovecycling.com\/hu\/orszaguti-kerekpar\/visszaterhet-egyik-legszebb-emleku-versenyere-a-girora-is-valter-attila\/\" \/>\n<meta property=\"og:site_name\" content=\"\u0160koda We Love Cycling - Magyarorsz\u00e1g\" \/>\n<meta property=\"article:publisher\" content=\"https:\/\/www.facebook.com\/WeLoveCyclingHungary\/\" \/>\n<meta property=\"article:published_time\" content=\"2024-02-02T14:51:37+00:00\" \/>\n<meta property=\"og:image\" content=\"https:\/\/d2p6e6u75xmxt8.cloudfront.net\/12\/2024\/02\/K_EPA20210516096_resize.webp\" \/>\n\t<meta property=\"og:image:width\" content=\"1280\" \/>\n\t<meta property=\"og:image:height\" content=\"966\" \/>\n\t<meta property=\"og:image:type\" content=\"image\/webp\" \/>\n<meta name=\"author\" content=\"kitti\" \/>\n<meta name=\"twitter:card\" content=\"summary_large_image\" \/>\n<meta name=\"twitter:label1\" content=\"Written by\" \/>\n\t<meta name=\"twitter:data1\" content=\"We Love Cycling\" \/>\n\t<meta name=\"twitter:label2\" content=\"Est. reading time\" \/>\n\t<meta name=\"twitter:data2\" content=\"4 minutes\" \/>\n<script type=\"application\/ld+json\" class=\"yoast-schema-graph\">{\"@context\":\"https:\/\/schema.org\",\"@graph\":[{\"@type\":\"WebPage\",\"@id\":\"https:\/\/www.welovecycling.com\/hu\/orszaguti-kerekpar\/visszaterhet-egyik-legszebb-emleku-versenyere-a-girora-is-valter-attila\/\",\"url\":\"https:\/\/www.welovecycling.com\/hu\/orszaguti-kerekpar\/visszaterhet-egyik-legszebb-emleku-versenyere-a-girora-is-valter-attila\/\",\"name\":\"Visszat\u00e9rhet egyik legszebb eml\u00e9k\u0171 verseny\u00e9re, a Gir\u00f3ra is Valter Attila! - \u0160koda We Love Cycling - Magyarorsz\u00e1g\",\"isPartOf\":{\"@id\":\"https:\/\/www.welovecycling.com\/hu\/#website\"},\"primaryImageOfPage\":{\"@id\":\"https:\/\/www.welovecycling.com\/hu\/orszaguti-kerekpar\/visszaterhet-egyik-legszebb-emleku-versenyere-a-girora-is-valter-attila\/#primaryimage\"},\"image\":{\"@id\":\"https:\/\/www.welovecycling.com\/hu\/orszaguti-kerekpar\/visszaterhet-egyik-legszebb-emleku-versenyere-a-girora-is-valter-attila\/#primaryimage\"},\"thumbnailUrl\":\"https:\/\/d2p6e6u75xmxt8.cloudfront.net\/12\/2024\/02\/K_EPA20210516096_resize.webp\",\"datePublished\":\"2024-02-02T14:51:37+00:00\",\"author\":{\"@id\":\"https:\/\/www.welovecycling.com\/hu\/#\/schema\/person\/bec7dcdbcc59f58489cf603e4040ced1\"},\"description\":\"Legjobb orsz\u00e1g\u00fatisunk nev\u00e9vel v\u00e1lik teljess\u00e9 a holland szt\u00e1rcsapat, a Visma | Lease a bike olaszorsz\u00e1gi kerete.\",\"breadcrumb\":{\"@id\":\"https:\/\/www.welovecycling.com\/hu\/orszaguti-kerekpar\/visszaterhet-egyik-legszebb-emleku-versenyere-a-girora-is-valter-attila\/#breadcrumb\"},\"inLanguage\":\"hu\",\"potentialAction\":[{\"@type\":\"ReadAction\",\"target\":[\"https:\/\/www.welovecycling.com\/hu\/orszaguti-kerekpar\/visszaterhet-egyik-legszebb-emleku-versenyere-a-girora-is-valter-attila\/\"]}]},{\"@type\":\"ImageObject\",\"inLanguage\":\"hu\",\"@id\":\"https:\/\/www.welovecycling.com\/hu\/orszaguti-kerekpar\/visszaterhet-egyik-legszebb-emleku-versenyere-a-girora-is-valter-attila\/#primaryimage\",\"url\":\"https:\/\/d2p6e6u75xmxt8.cloudfront.net\/12\/2024\/02\/K_EPA20210516096_resize.webp\",\"contentUrl\":\"https:\/\/d2p6e6u75xmxt8.cloudfront.net\/12\/2024\/02\/K_EPA20210516096_resize.webp\",\"width\":1280,\"height\":966},{\"@type\":\"BreadcrumbList\",\"@id\":\"https:\/\/www.welovecycling.com\/hu\/orszaguti-kerekpar\/visszaterhet-egyik-legszebb-emleku-versenyere-a-girora-is-valter-attila\/#breadcrumb\",\"itemListElement\":[{\"@type\":\"ListItem\",\"position\":1,\"name\":\"Home\",\"item\":\"https:\/\/www.welovecycling.com\/hu\/\"},{\"@type\":\"ListItem\",\"position\":2,\"name\":\"Visszat\u00e9rhet egyik legszebb eml\u00e9k\u0171 verseny\u00e9re, a Gir\u00f3ra is Valter Attila!\"}]},{\"@type\":\"WebSite\",\"@id\":\"https:\/\/www.welovecycling.com\/hu\/#website\",\"url\":\"https:\/\/www.welovecycling.com\/hu\/\",\"name\":\"\u0160koda We Love Cycling - Magyarorsz\u00e1g\",\"description\":\"\u0160koda WeLoveCycling\",\"potentialAction\":[{\"@type\":\"SearchAction\",\"target\":{\"@type\":\"EntryPoint\",\"urlTemplate\":\"https:\/\/www.welovecycling.com\/hu\/?s={search_term_string}\"},\"query-input\":{\"@type\":\"PropertyValueSpecification\",\"valueRequired\":true,\"valueName\":\"search_term_string\"}}],\"inLanguage\":\"hu\"},{\"@type\":\"Person\",\"@id\":\"https:\/\/www.welovecycling.com\/hu\/#\/schema\/person\/bec7dcdbcc59f58489cf603e4040ced1\",\"name\":\"kitti\",\"image\":{\"@type\":\"ImageObject\",\"inLanguage\":\"hu\",\"@id\":\"https:\/\/www.welovecycling.com\/hu\/#\/schema\/person\/image\/\",\"url\":\"https:\/\/secure.gravatar.com\/avatar\/e3196a110e1b57b96f56d92d10ce9bb4e9d7210076832a16243337e949410b52?s=96&d=mm&r=g\",\"contentUrl\":\"https:\/\/secure.gravatar.com\/avatar\/e3196a110e1b57b96f56d92d10ce9bb4e9d7210076832a16243337e949410b52?s=96&d=mm&r=g\",\"caption\":\"kitti\"},\"url\":\"https:\/\/www.welovecycling.com\/hu\/author\/kitti\/\"}]}<\/script>\n<!-- \/ Yoast SEO Premium plugin. -->","yoast_head_json":{"title":"Visszat\u00e9rhet egyik legszebb eml\u00e9k\u0171 verseny\u00e9re, a Gir\u00f3ra is Valter Attila! - \u0160koda We Love Cycling - Magyarorsz\u00e1g","description":"Legjobb orsz\u00e1g\u00fatisunk nev\u00e9vel v\u00e1lik teljess\u00e9 a holland szt\u00e1rcsapat, a Visma | Lease a bike olaszorsz\u00e1gi kerete.","robots":{"index":"index","follow":"follow","max-snippet":"max-snippet:-1","max-image-preview":"max-image-preview:large","max-video-preview":"max-video-preview:-1"},"canonical":"https:\/\/www.welovecycling.com\/hu\/orszaguti-kerekpar\/visszaterhet-egyik-legszebb-emleku-versenyere-a-girora-is-valter-attila\/","og_locale":"hu_HU","og_type":"article","og_title":"Visszat\u00e9rhet egyik legszebb eml\u00e9k\u0171 verseny\u00e9re, a Gir\u00f3ra is Valter Attila!","og_description":"Legjobb orsz\u00e1g\u00fatisunk nev\u00e9vel v\u00e1lik teljess\u00e9 a holland szt\u00e1rcsapat, a Visma | Lease a bike olaszorsz\u00e1gi kerete.","og_url":"https:\/\/www.welovecycling.com\/hu\/orszaguti-kerekpar\/visszaterhet-egyik-legszebb-emleku-versenyere-a-girora-is-valter-attila\/","og_site_name":"\u0160koda We Love Cycling - Magyarorsz\u00e1g","article_publisher":"https:\/\/www.facebook.com\/WeLoveCyclingHungary\/","article_published_time":"2024-02-02T14:51:37+00:00","og_image":[{"width":1280,"height":966,"url":"https:\/\/d2p6e6u75xmxt8.cloudfront.net\/12\/2024\/02\/K_EPA20210516096_resize.webp","type":"image\/webp"}],"author":"kitti","twitter_card":"summary_large_image","twitter_misc":{"Written by":"We Love Cycling","Est. reading time":"4 minutes"},"schema":{"@context":"https:\/\/schema.org","@graph":[{"@type":"WebPage","@id":"https:\/\/www.welovecycling.com\/hu\/orszaguti-kerekpar\/visszaterhet-egyik-legszebb-emleku-versenyere-a-girora-is-valter-attila\/","url":"https:\/\/www.welovecycling.com\/hu\/orszaguti-kerekpar\/visszaterhet-egyik-legszebb-emleku-versenyere-a-girora-is-valter-attila\/","name":"Visszat\u00e9rhet egyik legszebb eml\u00e9k\u0171 verseny\u00e9re, a Gir\u00f3ra is Valter Attila! - \u0160koda We Love Cycling - Magyarorsz\u00e1g","isPartOf":{"@id":"https:\/\/www.welovecycling.com\/hu\/#website"},"primaryImageOfPage":{"@id":"https:\/\/www.welovecycling.com\/hu\/orszaguti-kerekpar\/visszaterhet-egyik-legszebb-emleku-versenyere-a-girora-is-valter-attila\/#primaryimage"},"image":{"@id":"https:\/\/www.welovecycling.com\/hu\/orszaguti-kerekpar\/visszaterhet-egyik-legszebb-emleku-versenyere-a-girora-is-valter-attila\/#primaryimage"},"thumbnailUrl":"https:\/\/d2p6e6u75xmxt8.cloudfront.net\/12\/2024\/02\/K_EPA20210516096_resize.webp","datePublished":"2024-02-02T14:51:37+00:00","author":{"@id":"https:\/\/www.welovecycling.com\/hu\/#\/schema\/person\/bec7dcdbcc59f58489cf603e4040ced1"},"description":"Legjobb orsz\u00e1g\u00fatisunk nev\u00e9vel v\u00e1lik teljess\u00e9 a holland szt\u00e1rcsapat, a Visma | Lease a bike olaszorsz\u00e1gi kerete.","breadcrumb":{"@id":"https:\/\/www.welovecycling.com\/hu\/orszaguti-kerekpar\/visszaterhet-egyik-legszebb-emleku-versenyere-a-girora-is-valter-attila\/#breadcrumb"},"inLanguage":"hu","potentialAction":[{"@type":"ReadAction","target":["https:\/\/www.welovecycling.com\/hu\/orszaguti-kerekpar\/visszaterhet-egyik-legszebb-emleku-versenyere-a-girora-is-valter-attila\/"]}]},{"@type":"ImageObject","inLanguage":"hu","@id":"https:\/\/www.welovecycling.com\/hu\/orszaguti-kerekpar\/visszaterhet-egyik-legszebb-emleku-versenyere-a-girora-is-valter-attila\/#primaryimage","url":"https:\/\/d2p6e6u75xmxt8.cloudfront.net\/12\/2024\/02\/K_EPA20210516096_resize.webp","contentUrl":"https:\/\/d2p6e6u75xmxt8.cloudfront.net\/12\/2024\/02\/K_EPA20210516096_resize.webp","width":1280,"height":966},{"@type":"BreadcrumbList","@id":"https:\/\/www.welovecycling.com\/hu\/orszaguti-kerekpar\/visszaterhet-egyik-legszebb-emleku-versenyere-a-girora-is-valter-attila\/#breadcrumb","itemListElement":[{"@type":"ListItem","position":1,"name":"Home","item":"https:\/\/www.welovecycling.com\/hu\/"},{"@type":"ListItem","position":2,"name":"Visszat\u00e9rhet egyik legszebb eml\u00e9k\u0171 verseny\u00e9re, a Gir\u00f3ra is Valter Attila!"}]},{"@type":"WebSite","@id":"https:\/\/www.welovecycling.com\/hu\/#website","url":"https:\/\/www.welovecycling.com\/hu\/","name":"\u0160koda We Love Cycling - Magyarorsz\u00e1g","description":"\u0160koda WeLoveCycling","potentialAction":[{"@type":"SearchAction","target":{"@type":"EntryPoint","urlTemplate":"https:\/\/www.welovecycling.com\/hu\/?s={search_term_string}"},"query-input":{"@type":"PropertyValueSpecification","valueRequired":true,"valueName":"search_term_string"}}],"inLanguage":"hu"},{"@type":"Person","@id":"https:\/\/www.welovecycling.com\/hu\/#\/schema\/person\/bec7dcdbcc59f58489cf603e4040ced1","name":"kitti","image":{"@type":"ImageObject","inLanguage":"hu","@id":"https:\/\/www.welovecycling.com\/hu\/#\/schema\/person\/image\/","url":"https:\/\/secure.gravatar.com\/avatar\/e3196a110e1b57b96f56d92d10ce9bb4e9d7210076832a16243337e949410b52?s=96&d=mm&r=g","contentUrl":"https:\/\/secure.gravatar.com\/avatar\/e3196a110e1b57b96f56d92d10ce9bb4e9d7210076832a16243337e949410b52?s=96&d=mm&r=g","caption":"kitti"},"url":"https:\/\/www.welovecycling.com\/hu\/author\/kitti\/"}]}},"_links":{"self":[{"href":"https:\/\/www.welovecycling.com\/hu\/wp-json\/wp\/v2\/posts\/18360","targetHints":{"allow":["GET"]}}],"collection":[{"href":"https:\/\/www.welovecycling.com\/hu\/wp-json\/wp\/v2\/posts"}],"about":[{"href":"https:\/\/www.welovecycling.com\/hu\/wp-json\/wp\/v2\/types\/post"}],"author":[{"embeddable":true,"href":"https:\/\/www.welovecycling.com\/hu\/wp-json\/wp\/v2\/users\/145"}],"replies":[{"embeddable":true,"href":"https:\/\/www.welovecycling.com\/hu\/wp-json\/wp\/v2\/comments?post=18360"}],"version-history":[{"count":1,"href":"https:\/\/www.welovecycling.com\/hu\/wp-json\/wp\/v2\/posts\/18360\/revisions"}],"predecessor-version":[{"id":18365,"href":"https:\/\/www.welovecycling.com\/hu\/wp-json\/wp\/v2\/posts\/18360\/revisions\/18365"}],"wp:featuredmedia":[{"embeddable":true,"href":"https:\/\/www.welovecycling.com\/hu\/wp-json\/wp\/v2\/media\/18362"}],"wp:attachment":[{"href":"https:\/\/www.welovecycling.com\/hu\/wp-json\/wp\/v2\/media?parent=18360"}],"wp:term":[{"taxonomy":"category","embeddable":true,"href":"https:\/\/www.welovecycling.com\/hu\/wp-json\/wp\/v2\/categories?post=18360"},{"taxonomy":"post_tag","embeddable":true,"href":"https:\/\/www.welovecycling.com\/hu\/wp-json\/wp\/v2\/tags?post=18360"},{"taxonomy":"global-categories","embeddable":true,"href":"https:\/\/www.welovecycling.com\/hu\/wp-json\/wp\/v2\/global-categories?post=18360"}],"curies":[{"name":"wp","href":"https:\/\/api.w.org\/{rel}","templated":true}]}}