{"id":18350,"date":"2024-01-26T16:26:27","date_gmt":"2024-01-26T14:26:27","guid":{"rendered":"https:\/\/www.welovecycling.com\/hu\/?p=18350"},"modified":"2024-01-26T16:26:27","modified_gmt":"2024-01-26T14:26:27","slug":"valter-attila-ismet-paradezhat-a-strade-bianchen-vas-blanka-ujabb-remek-vk-szereplese","status":"publish","type":"post","link":"https:\/\/www.welovecycling.com\/hu\/orszaguti-kerekpar\/valter-attila-ismet-paradezhat-a-strade-bianchen-vas-blanka-ujabb-remek-vk-szereplese\/","title":{"rendered":"Valter Attila ism\u00e9t par\u00e1d\u00e9zhat a Strade Bianch\u00e9n, Vas Blanka \u00fajabb remek vk-szerepl\u00e9se"},"content":{"rendered":"<p><strong>Megvan, mely versenyeken szurkolhatunk legjobb f\u00e9rfiversenyz\u0151nknek az \u00e9v els\u0151 fel\u00e9ben, m\u00edg n\u0151i klasszisunk tov\u00e1bb menetel m\u0171t\u00e9tj\u00e9t k\u00f6vet\u0151en.<\/strong><\/p>\n<p><!--more--><\/p>\n<p>Valter Attila cs\u00fct\u00f6rt\u00f6k\u00f6n k\u00f6z\u00f6ss\u00e9gi oldal\u00e1n jelentkezett v\u00e1rva v\u00e1rt posztj\u00e1val, melyben el\u00e1rulta, melyik nagy versenyeken indul a 2024-es napt\u00e1ri \u00e9v els\u0151 fel\u00e9ben. Ati a k\u00f6vetkez\u0151ket osztotta meg:<\/p>\n<p><em>\u201eEgyre k\u00f6zelebb a szezonkezdet, \u00e9s id\u00e9n is sz\u00e1mos nagy versenyen indulhatok! A forma biztat\u00f3an alakul, siker\u00fclt az edz\u0151t\u00e1borokat kipihenni. L\u00e1ssuk mi v\u00e1r r\u00e1m az els\u0151 h\u00f3napokban! <\/em><\/p>\n<p><em>A napt\u00e1r az UAE Tourral kezd\u0151dik (febru\u00e1r 19-25.) <\/em><\/p>\n<p><em>A h\u00e9tnapos versenyen m\u00e1r r\u00e9szt vettem h\u00e1rom \u00e9ve is, viszont akkor a Covid \u00e9s a felejthet\u0151 teljes\u00edtm\u00e9ny miatt nem n\u0151tt a sz\u00edvemhez. Szuper, hogy itt kezdhetek \u00e9s \u00fajra megpr\u00f3b\u00e1lhatom magam oldalszeles szakaszokon, ami anno nem ment. Egy id\u0151futam \u00e9s k\u00e9t hegyi szakasz is v\u00e1r r\u00e1nk, amivel r\u00f6gt\u00f6n az \u00e9v elej\u00e9n tesztelhetem saj\u00e1t limitjeimet is! <\/em><\/p>\n<p><em>Ezt k\u00f6veti a szem\u00e9lyes kedvencem, a Strade Bianche. (m\u00e1rcius 2.)<\/em><\/p>\n<p><em>Err\u0151l szerintem nem kell sokat mes\u00e9lnem. K\u00e9t top 5-\u00f6s eredm\u00e9ny ut\u00e1n, ez az \u00e9v egyik f\u0151 c\u00e9lja sz\u00e1momra, \u00e9s am\u00fagy is&#8230; h\u00e1rom a magyar igazs\u00e1g! Rem\u00e9lj\u00fck az idei felvon\u00e1s is eml\u00e9kezetes lesz! <\/em><\/p>\n<p><em>Az olasz t\u00fara folytat\u00f3dik, \u00e9s maradok a Tirreno-Adriatico egyhetes verseny\u00e9n. (m\u00e1rcius 4-10.) <\/em><\/p>\n<p><em>A csapat, Jonas-szal egy\u00fctt, a c\u00edmv\u00e9d\u00e9st c\u00e9lozza meg, aminek nagyon \u00f6r\u00fcl\u00f6k. Rem\u00e9lem sokat versenyezhetek vele id\u00e9n is. <\/em><\/p>\n<p><em>A szezon els\u0151 felvon\u00e1sa a Katal\u00e1n k\u00f6rrel z\u00e1rul. (m\u00e1rcius 18-24.) <\/em><\/p>\n<p><em>Mondhatom, hogy gyakorlatilag itt \u00e9lek az ut\u00f3bbi id\u0151ben, \u00edgy m\u00e9g k\u00f6zelebb ker\u00fclt hozz\u00e1m az a verseny, ahol az els\u0151 WT dobog\u00f3mat szereztem. <\/em><\/p>\n<p><em>Sepp-pel \u00e9s az \u00faj szupertehets\u00e9ggel, Cian-nal mindenk\u00e9ppen nagyok lehetnek az elv\u00e1rasaink! <\/em><\/p>\n<p><em>Ezut\u00e1n egy kis pihen\u00e9s fog k\u00f6vetkezni, majd felk\u00e9sz\u00fcl\u00e9s a szezon tov\u00e1bbi r\u00e9sz\u00e9re!\u201d<\/em><\/p>\n<figure id=\"attachment_18351\" aria-describedby=\"caption-attachment-18351\" style=\"width: 1024px\" class=\"wp-caption alignnone\"><img loading=\"lazy\" decoding=\"async\" class=\"size-large wp-image-18351\" src=\"https:\/\/d2p6e6u75xmxt8.cloudfront.net\/12\/2024\/01\/415062234_836141168521764_4050631299470564018_n-1024x683.webp\" alt=\"\" width=\"1024\" height=\"683\" srcset=\"https:\/\/d2p6e6u75xmxt8.cloudfront.net\/12\/2024\/01\/415062234_836141168521764_4050631299470564018_n-1024x683.webp 1024w, https:\/\/d2p6e6u75xmxt8.cloudfront.net\/12\/2024\/01\/415062234_836141168521764_4050631299470564018_n-300x200.webp 300w, https:\/\/d2p6e6u75xmxt8.cloudfront.net\/12\/2024\/01\/415062234_836141168521764_4050631299470564018_n-768x512.webp 768w, https:\/\/d2p6e6u75xmxt8.cloudfront.net\/12\/2024\/01\/415062234_836141168521764_4050631299470564018_n-1536x1025.webp 1536w, https:\/\/d2p6e6u75xmxt8.cloudfront.net\/12\/2024\/01\/415062234_836141168521764_4050631299470564018_n-1920x1281.webp 1920w, https:\/\/d2p6e6u75xmxt8.cloudfront.net\/12\/2024\/01\/415062234_836141168521764_4050631299470564018_n-400x267.webp 400w, https:\/\/d2p6e6u75xmxt8.cloudfront.net\/12\/2024\/01\/415062234_836141168521764_4050631299470564018_n-272x182.webp 272w, https:\/\/d2p6e6u75xmxt8.cloudfront.net\/12\/2024\/01\/415062234_836141168521764_4050631299470564018_n.webp 2048w, https:\/\/d2p6e6u75xmxt8.cloudfront.net\/12\/2024\/01\/415062234_836141168521764_4050631299470564018_n-1920x1281.webp 1920w\" sizes=\"auto, (max-width: 1024px) 100vw, 1024px\" \/><figcaption id=\"caption-attachment-18351\" class=\"wp-caption-text\">fot\u00f3: Visma-Lease a bike<\/figcaption><\/figure>\n<p>A Visma magyar klasszisa (m\u00e9g szokni kell, hogy a n\u00e9vb\u0151l kiker\u00fclt a Jumbo, \u00e9s Visma-Lease a bike-k\u00e9nt folytatj\u00e1k tov\u00e1bb) a t\u00e9li alapoz\u00e1sr\u00f3l \u00e9s a csapat janu\u00e1ri, spanyolorsz\u00e1gi edz\u0151t\u00e1bor\u00e1r\u00f3l is lelkesen sz\u00e1molt be el\u0151tte, mint \u00edrta: <em>\u201eM\u00e1r annyiszor le\u00edrtam, hogy ez volt \u00e9letem legjobb edz\u0151t\u00e1bora, hogy most nem fogom. De am\u00fagy lehet ez volt az.<\/em><\/p>\n<p><em>Minden a terv szerint alakult, szerencs\u00e9re az eg\u00e9sz csapat probl\u00e9ma vagy buk\u00e1s n\u00e9lk\u00fcl van t\u00fal ezen a t\u00e1boron is. M\u00e9g a tavalyin\u00e1l is jobb k\u00f6r\u00fclm\u00e9nyek k\u00f6z\u00f6tt tudtunk k\u00e9sz\u00fclni, \u00faj szakemberekkel, s\u00e9fekkel \u00e9s versenyz\u0151kkel b\u0151v\u00fclve.\u201d<\/em> Arr\u00f3l, hogy egy ilyen edz\u0151t\u00e1bor hogyan zajlik, egy podcast is k\u00e9sz\u00fclt, ami <a href=\"https:\/\/l.facebook.com\/l.php?u=https%3A%2F%2Fbit.ly%2F3U3vB6D%3Ffbclid%3DIwAR2OpFOLq_bX4e_ta80kuSQGmVzDZIP9rCp2tzJHKTZJInfbwgfTIyPkrKU&amp;h=AT0RR_NtEdG5828yRt1Lm7pgYnBukGwdrZZqInGrjgjg_gzMhjU52L11e4JMzwmb6M1bG8UbMCdKw6DXyY_DJySQwNKGvyUXzvf8tJB13X-nOlioak62-mtQUU9dO1vtUc2g&amp;__tn__=-UK-R&amp;c%5b0%5d=AT16dPKi1iV3xlD7DI6z-AB21QOUHpdgK0ntUcTKp5F_Vin_iJPTag_73bhUJAt8kzZAdJsi7V2WYaFN6k-iWtAEV8nUpYSmggmtRcm-Dz6Wwjm0KdMD5fbgXOnCM-KvLlSVb8GJe4SsYH5T8y9rAmTgVBiLjjj7BfRe4Vcb2dB-jssd51MSUcSIA2uAr2LerBHfzpPkrTMV\">itt hallgathat\u00f3 meg<\/a>. Valter Ati szezonnyit\u00f3 verseny\u00e9ig teh\u00e1t m\u00e1r egy h\u00f3napot sem kell v\u00e1rnunk, nemsok\u00e1ra pedig bizony\u00e1ra az idei h\u00e1romhetes veresenyeket \u00e9s az olimpi\u00e1t \u00e9rint\u0151 k\u00e9rd\u00e9sek is kikrist\u00e1lyosodnak.<\/p>\n<figure id=\"attachment_18352\" aria-describedby=\"caption-attachment-18352\" style=\"width: 1024px\" class=\"wp-caption alignnone\"><img loading=\"lazy\" decoding=\"async\" class=\"size-large wp-image-18352\" src=\"https:\/\/d2p6e6u75xmxt8.cloudfront.net\/12\/2024\/01\/420170091_847563897379491_5247335696953806637_n-1024x683.webp\" alt=\"\" width=\"1024\" height=\"683\" srcset=\"https:\/\/d2p6e6u75xmxt8.cloudfront.net\/12\/2024\/01\/420170091_847563897379491_5247335696953806637_n-1024x683.webp 1024w, https:\/\/d2p6e6u75xmxt8.cloudfront.net\/12\/2024\/01\/420170091_847563897379491_5247335696953806637_n-300x200.webp 300w, https:\/\/d2p6e6u75xmxt8.cloudfront.net\/12\/2024\/01\/420170091_847563897379491_5247335696953806637_n-768x512.webp 768w, https:\/\/d2p6e6u75xmxt8.cloudfront.net\/12\/2024\/01\/420170091_847563897379491_5247335696953806637_n-1536x1024.webp 1536w, https:\/\/d2p6e6u75xmxt8.cloudfront.net\/12\/2024\/01\/420170091_847563897379491_5247335696953806637_n-400x267.webp 400w, https:\/\/d2p6e6u75xmxt8.cloudfront.net\/12\/2024\/01\/420170091_847563897379491_5247335696953806637_n-272x182.webp 272w, https:\/\/d2p6e6u75xmxt8.cloudfront.net\/12\/2024\/01\/420170091_847563897379491_5247335696953806637_n.webp 1600w\" sizes=\"auto, (max-width: 1024px) 100vw, 1024px\" \/><figcaption id=\"caption-attachment-18352\" class=\"wp-caption-text\">fot\u00f3: Visma-Lease a bike<\/figcaption><\/figure>\n<p>K\u00f6zben m\u00e1sik k\u00f6z\u00f6ns\u00e9gkedvenc\u00fcnk, Vas Kata Blanka folytatta t\u00e9li terepmenetel\u00e9s\u00e9t a cyclocross-vil\u00e1gkup\u00e1ban. Blanka a vk-sorozat h\u00e9tv\u00e9gi, Benidormban rendezett futam\u00e1n ism\u00e9t egy remek eredm\u00e9nnyel jelentkezett kulcscsontt\u00f6r\u00e9s\u00e9t k\u00f6vet\u0151 m\u0171t\u00e9tje ut\u00e1n, ez\u00fattal legjobb nem-hollandk\u00e9nt az el\u0151kel\u0151 \u00f6t\u00f6dik helyen v\u00e9gzett. A m\u00e1sik magyar a f\u00e9rfimez\u0151nyben 36.-k\u00e9nt v\u00e9gz\u0151 Dina M\u00e1rton volt, \u00e9rte a febru\u00e1r els\u0151 h\u00e9tv\u00e9g\u00e9j\u00e9n rendezett szak\u00e1gi vil\u00e1gbajnoks\u00e1gon is szor\u00edthatunk majd a csehorsz\u00e1gi T\u00e1borban.<\/p>\n<figure id=\"attachment_18353\" aria-describedby=\"caption-attachment-18353\" style=\"width: 829px\" class=\"wp-caption alignnone\"><img loading=\"lazy\" decoding=\"async\" class=\"size-large wp-image-18353\" src=\"https:\/\/d2p6e6u75xmxt8.cloudfront.net\/12\/2024\/01\/421442737_18420627268021867_5460029587351747369_n-829x1024.webp\" alt=\"\" width=\"829\" height=\"1024\" srcset=\"https:\/\/d2p6e6u75xmxt8.cloudfront.net\/12\/2024\/01\/421442737_18420627268021867_5460029587351747369_n-829x1024.webp 829w, https:\/\/d2p6e6u75xmxt8.cloudfront.net\/12\/2024\/01\/421442737_18420627268021867_5460029587351747369_n-243x300.webp 243w, https:\/\/d2p6e6u75xmxt8.cloudfront.net\/12\/2024\/01\/421442737_18420627268021867_5460029587351747369_n-768x949.webp 768w, https:\/\/d2p6e6u75xmxt8.cloudfront.net\/12\/2024\/01\/421442737_18420627268021867_5460029587351747369_n-1243x1536.webp 1243w, https:\/\/d2p6e6u75xmxt8.cloudfront.net\/12\/2024\/01\/421442737_18420627268021867_5460029587351747369_n-324x400.webp 324w, https:\/\/d2p6e6u75xmxt8.cloudfront.net\/12\/2024\/01\/421442737_18420627268021867_5460029587351747369_n.webp 1440w\" sizes=\"auto, (max-width: 829px) 100vw, 829px\" \/><figcaption id=\"caption-attachment-18353\" class=\"wp-caption-text\">fot\u00f3: Billy Lebelge (forr\u00e1s: Facebook\/Vas Blanka)<\/figcaption><\/figure>\n<p><em>Bor\u00edt\u00f3k\u00e9p: Luc Claessen\/Getty Images<\/em><\/p>\n","protected":false},"excerpt":{"rendered":"<p>Megvan, mely versenyeken szurkolhatunk legjobb f\u00e9rfiversenyz\u0151nknek az \u00e9v els\u0151 fel\u00e9ben, m\u00edg n\u0151i klasszisunk tov\u00e1bb menetel m\u0171t\u00e9tj\u00e9t k\u00f6vet\u0151en.<\/p>\n","protected":false},"author":71,"featured_media":18354,"comment_status":"open","ping_status":"open","sticky":false,"template":"","format":"standard","meta":{"footnotes":""},"categories":[8],"tags":[],"global-categories":[419],"class_list":["post-18350","post","type-post","status-publish","format-standard","has-post-thumbnail","hentry","category-orszaguti-kerekpar","global-categories-cycling"],"yoast_head":"<!-- This site is optimized with the Yoast SEO Premium plugin v25.3 (Yoast SEO v25.9) - https:\/\/yoast.com\/wordpress\/plugins\/seo\/ -->\n<title>Valter Attila ism\u00e9t par\u00e1d\u00e9zhat a Strade Bianch\u00e9n, Vas Blanka \u00fajabb remek vk-szerepl\u00e9se<\/title>\n<meta name=\"description\" content=\"Megvan, mely versenyeken szurkolhatunk legjobb f\u00e9rfiversenyz\u0151nknek az \u00e9v els\u0151 fel\u00e9ben, m\u00edg n\u0151i klasszisunk tov\u00e1bb menetel m\u0171t\u00e9tj\u00e9t k\u00f6vet\u0151en.\" \/>\n<meta name=\"robots\" content=\"index, follow, max-snippet:-1, max-image-preview:large, max-video-preview:-1\" \/>\n<link rel=\"canonical\" href=\"https:\/\/www.welovecycling.com\/hu\/orszaguti-kerekpar\/valter-attila-ismet-paradezhat-a-strade-bianchen-vas-blanka-ujabb-remek-vk-szereplese\/\" \/>\n<meta property=\"og:locale\" content=\"hu_HU\" \/>\n<meta property=\"og:type\" content=\"article\" \/>\n<meta property=\"og:title\" content=\"Valter Attila ism\u00e9t par\u00e1d\u00e9zhat a Strade Bianch\u00e9n, Vas Blanka \u00fajabb remek vk-szerepl\u00e9se\" \/>\n<meta property=\"og:description\" content=\"Megvan, mely versenyeken szurkolhatunk legjobb f\u00e9rfiversenyz\u0151nknek az \u00e9v els\u0151 fel\u00e9ben, m\u00edg n\u0151i klasszisunk tov\u00e1bb menetel m\u0171t\u00e9tj\u00e9t k\u00f6vet\u0151en.\" \/>\n<meta property=\"og:url\" content=\"https:\/\/www.welovecycling.com\/hu\/orszaguti-kerekpar\/valter-attila-ismet-paradezhat-a-strade-bianchen-vas-blanka-ujabb-remek-vk-szereplese\/\" \/>\n<meta property=\"og:site_name\" content=\"\u0160koda We Love Cycling - Magyarorsz\u00e1g\" \/>\n<meta property=\"article:publisher\" content=\"https:\/\/www.facebook.com\/WeLoveCyclingHungary\/\" \/>\n<meta property=\"article:published_time\" content=\"2024-01-26T14:26:27+00:00\" \/>\n<meta property=\"og:image\" content=\"https:\/\/d2p6e6u75xmxt8.cloudfront.net\/12\/2024\/01\/valter-ati-strade-bianche-getty.webp\" \/>\n\t<meta property=\"og:image:width\" content=\"1120\" \/>\n\t<meta property=\"og:image:height\" content=\"747\" \/>\n\t<meta property=\"og:image:type\" content=\"image\/webp\" \/>\n<meta name=\"author\" content=\"hegyizs\" \/>\n<meta name=\"twitter:card\" content=\"summary_large_image\" \/>\n<meta name=\"twitter:label1\" content=\"Written by\" \/>\n\t<meta name=\"twitter:data1\" content=\"WLC\" \/>\n\t<meta name=\"twitter:label2\" content=\"Est. reading time\" \/>\n\t<meta name=\"twitter:data2\" content=\"4 minutes\" \/>\n<script type=\"application\/ld+json\" class=\"yoast-schema-graph\">{\"@context\":\"https:\/\/schema.org\",\"@graph\":[{\"@type\":\"WebPage\",\"@id\":\"https:\/\/www.welovecycling.com\/hu\/orszaguti-kerekpar\/valter-attila-ismet-paradezhat-a-strade-bianchen-vas-blanka-ujabb-remek-vk-szereplese\/\",\"url\":\"https:\/\/www.welovecycling.com\/hu\/orszaguti-kerekpar\/valter-attila-ismet-paradezhat-a-strade-bianchen-vas-blanka-ujabb-remek-vk-szereplese\/\",\"name\":\"Valter Attila ism\u00e9t par\u00e1d\u00e9zhat a Strade Bianch\u00e9n, Vas Blanka \u00fajabb remek vk-szerepl\u00e9se\",\"isPartOf\":{\"@id\":\"https:\/\/www.welovecycling.com\/hu\/#website\"},\"primaryImageOfPage\":{\"@id\":\"https:\/\/www.welovecycling.com\/hu\/orszaguti-kerekpar\/valter-attila-ismet-paradezhat-a-strade-bianchen-vas-blanka-ujabb-remek-vk-szereplese\/#primaryimage\"},\"image\":{\"@id\":\"https:\/\/www.welovecycling.com\/hu\/orszaguti-kerekpar\/valter-attila-ismet-paradezhat-a-strade-bianchen-vas-blanka-ujabb-remek-vk-szereplese\/#primaryimage\"},\"thumbnailUrl\":\"https:\/\/d2p6e6u75xmxt8.cloudfront.net\/12\/2024\/01\/valter-ati-strade-bianche-getty.webp\",\"datePublished\":\"2024-01-26T14:26:27+00:00\",\"author\":{\"@id\":\"https:\/\/www.welovecycling.com\/hu\/#\/schema\/person\/414a2aebf1801691a5320edb6468e194\"},\"description\":\"Megvan, mely versenyeken szurkolhatunk legjobb f\u00e9rfiversenyz\u0151nknek az \u00e9v els\u0151 fel\u00e9ben, m\u00edg n\u0151i klasszisunk tov\u00e1bb menetel m\u0171t\u00e9tj\u00e9t k\u00f6vet\u0151en.\",\"breadcrumb\":{\"@id\":\"https:\/\/www.welovecycling.com\/hu\/orszaguti-kerekpar\/valter-attila-ismet-paradezhat-a-strade-bianchen-vas-blanka-ujabb-remek-vk-szereplese\/#breadcrumb\"},\"inLanguage\":\"hu\",\"potentialAction\":[{\"@type\":\"ReadAction\",\"target\":[\"https:\/\/www.welovecycling.com\/hu\/orszaguti-kerekpar\/valter-attila-ismet-paradezhat-a-strade-bianchen-vas-blanka-ujabb-remek-vk-szereplese\/\"]}]},{\"@type\":\"ImageObject\",\"inLanguage\":\"hu\",\"@id\":\"https:\/\/www.welovecycling.com\/hu\/orszaguti-kerekpar\/valter-attila-ismet-paradezhat-a-strade-bianchen-vas-blanka-ujabb-remek-vk-szereplese\/#primaryimage\",\"url\":\"https:\/\/d2p6e6u75xmxt8.cloudfront.net\/12\/2024\/01\/valter-ati-strade-bianche-getty.webp\",\"contentUrl\":\"https:\/\/d2p6e6u75xmxt8.cloudfront.net\/12\/2024\/01\/valter-ati-strade-bianche-getty.webp\",\"width\":1120,\"height\":747},{\"@type\":\"BreadcrumbList\",\"@id\":\"https:\/\/www.welovecycling.com\/hu\/orszaguti-kerekpar\/valter-attila-ismet-paradezhat-a-strade-bianchen-vas-blanka-ujabb-remek-vk-szereplese\/#breadcrumb\",\"itemListElement\":[{\"@type\":\"ListItem\",\"position\":1,\"name\":\"Home\",\"item\":\"https:\/\/www.welovecycling.com\/hu\/\"},{\"@type\":\"ListItem\",\"position\":2,\"name\":\"Valter Attila ism\u00e9t par\u00e1d\u00e9zhat a Strade Bianch\u00e9n, Vas Blanka \u00fajabb remek vk-szerepl\u00e9se\"}]},{\"@type\":\"WebSite\",\"@id\":\"https:\/\/www.welovecycling.com\/hu\/#website\",\"url\":\"https:\/\/www.welovecycling.com\/hu\/\",\"name\":\"\u0160koda We Love Cycling - Magyarorsz\u00e1g\",\"description\":\"\u0160koda WeLoveCycling\",\"potentialAction\":[{\"@type\":\"SearchAction\",\"target\":{\"@type\":\"EntryPoint\",\"urlTemplate\":\"https:\/\/www.welovecycling.com\/hu\/?s={search_term_string}\"},\"query-input\":{\"@type\":\"PropertyValueSpecification\",\"valueRequired\":true,\"valueName\":\"search_term_string\"}}],\"inLanguage\":\"hu\"},{\"@type\":\"Person\",\"@id\":\"https:\/\/www.welovecycling.com\/hu\/#\/schema\/person\/414a2aebf1801691a5320edb6468e194\",\"name\":\"hegyizs\",\"image\":{\"@type\":\"ImageObject\",\"inLanguage\":\"hu\",\"@id\":\"https:\/\/www.welovecycling.com\/hu\/#\/schema\/person\/image\/\",\"url\":\"https:\/\/secure.gravatar.com\/avatar\/02cf8a7906b8cf90cecb4679defac7cfd33a1c2e3b88e4903d947f3bb58eedd3?s=96&d=mm&r=g\",\"contentUrl\":\"https:\/\/secure.gravatar.com\/avatar\/02cf8a7906b8cf90cecb4679defac7cfd33a1c2e3b88e4903d947f3bb58eedd3?s=96&d=mm&r=g\",\"caption\":\"hegyizs\"},\"url\":\"https:\/\/www.welovecycling.com\/hu\/author\/hegyizs\/\"}]}<\/script>\n<!-- \/ Yoast SEO Premium plugin. -->","yoast_head_json":{"title":"Valter Attila ism\u00e9t par\u00e1d\u00e9zhat a Strade Bianch\u00e9n, Vas Blanka \u00fajabb remek vk-szerepl\u00e9se","description":"Megvan, mely versenyeken szurkolhatunk legjobb f\u00e9rfiversenyz\u0151nknek az \u00e9v els\u0151 fel\u00e9ben, m\u00edg n\u0151i klasszisunk tov\u00e1bb menetel m\u0171t\u00e9tj\u00e9t k\u00f6vet\u0151en.","robots":{"index":"index","follow":"follow","max-snippet":"max-snippet:-1","max-image-preview":"max-image-preview:large","max-video-preview":"max-video-preview:-1"},"canonical":"https:\/\/www.welovecycling.com\/hu\/orszaguti-kerekpar\/valter-attila-ismet-paradezhat-a-strade-bianchen-vas-blanka-ujabb-remek-vk-szereplese\/","og_locale":"hu_HU","og_type":"article","og_title":"Valter Attila ism\u00e9t par\u00e1d\u00e9zhat a Strade Bianch\u00e9n, Vas Blanka \u00fajabb remek vk-szerepl\u00e9se","og_description":"Megvan, mely versenyeken szurkolhatunk legjobb f\u00e9rfiversenyz\u0151nknek az \u00e9v els\u0151 fel\u00e9ben, m\u00edg n\u0151i klasszisunk tov\u00e1bb menetel m\u0171t\u00e9tj\u00e9t k\u00f6vet\u0151en.","og_url":"https:\/\/www.welovecycling.com\/hu\/orszaguti-kerekpar\/valter-attila-ismet-paradezhat-a-strade-bianchen-vas-blanka-ujabb-remek-vk-szereplese\/","og_site_name":"\u0160koda We Love Cycling - Magyarorsz\u00e1g","article_publisher":"https:\/\/www.facebook.com\/WeLoveCyclingHungary\/","article_published_time":"2024-01-26T14:26:27+00:00","og_image":[{"width":1120,"height":747,"url":"https:\/\/d2p6e6u75xmxt8.cloudfront.net\/12\/2024\/01\/valter-ati-strade-bianche-getty.webp","type":"image\/webp"}],"author":"hegyizs","twitter_card":"summary_large_image","twitter_misc":{"Written by":"WLC","Est. reading time":"4 minutes"},"schema":{"@context":"https:\/\/schema.org","@graph":[{"@type":"WebPage","@id":"https:\/\/www.welovecycling.com\/hu\/orszaguti-kerekpar\/valter-attila-ismet-paradezhat-a-strade-bianchen-vas-blanka-ujabb-remek-vk-szereplese\/","url":"https:\/\/www.welovecycling.com\/hu\/orszaguti-kerekpar\/valter-attila-ismet-paradezhat-a-strade-bianchen-vas-blanka-ujabb-remek-vk-szereplese\/","name":"Valter Attila ism\u00e9t par\u00e1d\u00e9zhat a Strade Bianch\u00e9n, Vas Blanka \u00fajabb remek vk-szerepl\u00e9se","isPartOf":{"@id":"https:\/\/www.welovecycling.com\/hu\/#website"},"primaryImageOfPage":{"@id":"https:\/\/www.welovecycling.com\/hu\/orszaguti-kerekpar\/valter-attila-ismet-paradezhat-a-strade-bianchen-vas-blanka-ujabb-remek-vk-szereplese\/#primaryimage"},"image":{"@id":"https:\/\/www.welovecycling.com\/hu\/orszaguti-kerekpar\/valter-attila-ismet-paradezhat-a-strade-bianchen-vas-blanka-ujabb-remek-vk-szereplese\/#primaryimage"},"thumbnailUrl":"https:\/\/d2p6e6u75xmxt8.cloudfront.net\/12\/2024\/01\/valter-ati-strade-bianche-getty.webp","datePublished":"2024-01-26T14:26:27+00:00","author":{"@id":"https:\/\/www.welovecycling.com\/hu\/#\/schema\/person\/414a2aebf1801691a5320edb6468e194"},"description":"Megvan, mely versenyeken szurkolhatunk legjobb f\u00e9rfiversenyz\u0151nknek az \u00e9v els\u0151 fel\u00e9ben, m\u00edg n\u0151i klasszisunk tov\u00e1bb menetel m\u0171t\u00e9tj\u00e9t k\u00f6vet\u0151en.","breadcrumb":{"@id":"https:\/\/www.welovecycling.com\/hu\/orszaguti-kerekpar\/valter-attila-ismet-paradezhat-a-strade-bianchen-vas-blanka-ujabb-remek-vk-szereplese\/#breadcrumb"},"inLanguage":"hu","potentialAction":[{"@type":"ReadAction","target":["https:\/\/www.welovecycling.com\/hu\/orszaguti-kerekpar\/valter-attila-ismet-paradezhat-a-strade-bianchen-vas-blanka-ujabb-remek-vk-szereplese\/"]}]},{"@type":"ImageObject","inLanguage":"hu","@id":"https:\/\/www.welovecycling.com\/hu\/orszaguti-kerekpar\/valter-attila-ismet-paradezhat-a-strade-bianchen-vas-blanka-ujabb-remek-vk-szereplese\/#primaryimage","url":"https:\/\/d2p6e6u75xmxt8.cloudfront.net\/12\/2024\/01\/valter-ati-strade-bianche-getty.webp","contentUrl":"https:\/\/d2p6e6u75xmxt8.cloudfront.net\/12\/2024\/01\/valter-ati-strade-bianche-getty.webp","width":1120,"height":747},{"@type":"BreadcrumbList","@id":"https:\/\/www.welovecycling.com\/hu\/orszaguti-kerekpar\/valter-attila-ismet-paradezhat-a-strade-bianchen-vas-blanka-ujabb-remek-vk-szereplese\/#breadcrumb","itemListElement":[{"@type":"ListItem","position":1,"name":"Home","item":"https:\/\/www.welovecycling.com\/hu\/"},{"@type":"ListItem","position":2,"name":"Valter Attila ism\u00e9t par\u00e1d\u00e9zhat a Strade Bianch\u00e9n, Vas Blanka \u00fajabb remek vk-szerepl\u00e9se"}]},{"@type":"WebSite","@id":"https:\/\/www.welovecycling.com\/hu\/#website","url":"https:\/\/www.welovecycling.com\/hu\/","name":"\u0160koda We Love Cycling - Magyarorsz\u00e1g","description":"\u0160koda WeLoveCycling","potentialAction":[{"@type":"SearchAction","target":{"@type":"EntryPoint","urlTemplate":"https:\/\/www.welovecycling.com\/hu\/?s={search_term_string}"},"query-input":{"@type":"PropertyValueSpecification","valueRequired":true,"valueName":"search_term_string"}}],"inLanguage":"hu"},{"@type":"Person","@id":"https:\/\/www.welovecycling.com\/hu\/#\/schema\/person\/414a2aebf1801691a5320edb6468e194","name":"hegyizs","image":{"@type":"ImageObject","inLanguage":"hu","@id":"https:\/\/www.welovecycling.com\/hu\/#\/schema\/person\/image\/","url":"https:\/\/secure.gravatar.com\/avatar\/02cf8a7906b8cf90cecb4679defac7cfd33a1c2e3b88e4903d947f3bb58eedd3?s=96&d=mm&r=g","contentUrl":"https:\/\/secure.gravatar.com\/avatar\/02cf8a7906b8cf90cecb4679defac7cfd33a1c2e3b88e4903d947f3bb58eedd3?s=96&d=mm&r=g","caption":"hegyizs"},"url":"https:\/\/www.welovecycling.com\/hu\/author\/hegyizs\/"}]}},"_links":{"self":[{"href":"https:\/\/www.welovecycling.com\/hu\/wp-json\/wp\/v2\/posts\/18350","targetHints":{"allow":["GET"]}}],"collection":[{"href":"https:\/\/www.welovecycling.com\/hu\/wp-json\/wp\/v2\/posts"}],"about":[{"href":"https:\/\/www.welovecycling.com\/hu\/wp-json\/wp\/v2\/types\/post"}],"author":[{"embeddable":true,"href":"https:\/\/www.welovecycling.com\/hu\/wp-json\/wp\/v2\/users\/71"}],"replies":[{"embeddable":true,"href":"https:\/\/www.welovecycling.com\/hu\/wp-json\/wp\/v2\/comments?post=18350"}],"version-history":[{"count":1,"href":"https:\/\/www.welovecycling.com\/hu\/wp-json\/wp\/v2\/posts\/18350\/revisions"}],"predecessor-version":[{"id":18355,"href":"https:\/\/www.welovecycling.com\/hu\/wp-json\/wp\/v2\/posts\/18350\/revisions\/18355"}],"wp:featuredmedia":[{"embeddable":true,"href":"https:\/\/www.welovecycling.com\/hu\/wp-json\/wp\/v2\/media\/18354"}],"wp:attachment":[{"href":"https:\/\/www.welovecycling.com\/hu\/wp-json\/wp\/v2\/media?parent=18350"}],"wp:term":[{"taxonomy":"category","embeddable":true,"href":"https:\/\/www.welovecycling.com\/hu\/wp-json\/wp\/v2\/categories?post=18350"},{"taxonomy":"post_tag","embeddable":true,"href":"https:\/\/www.welovecycling.com\/hu\/wp-json\/wp\/v2\/tags?post=18350"},{"taxonomy":"global-categories","embeddable":true,"href":"https:\/\/www.welovecycling.com\/hu\/wp-json\/wp\/v2\/global-categories?post=18350"}],"curies":[{"name":"wp","href":"https:\/\/api.w.org\/{rel}","templated":true}]}}