{"id":18326,"date":"2024-01-10T08:00:10","date_gmt":"2024-01-10T06:00:10","guid":{"rendered":"https:\/\/www.welovecycling.com\/hu\/?p=18326"},"modified":"2024-01-05T16:55:08","modified_gmt":"2024-01-05T14:55:08","slug":"mindent-a-fatbike-rol-utmutato-kezdoknek","status":"publish","type":"post","link":"https:\/\/www.welovecycling.com\/hu\/edzes-es-eletmod\/mindent-a-fatbike-rol-utmutato-kezdoknek\/","title":{"rendered":"Mindent a fatbike-r\u00f3l \u2013 \u00datmutat\u00f3 kezd\u0151knek"},"content":{"rendered":"<p><strong><a href=\"https:\/\/www.welovecycling.com\/hu\/edzes-es-eletmod\/mindent-a-fatbike-rol-milyen-erzes\/\"><u>El\u0151z\u0151 cikk\u00fcnkb\u0151l<\/u><\/a> m\u00e1r tudod, mi a fatbike, \u00e9s hogy mi\u00e9rt \u00e9rdemes kipr\u00f3b\u00e1lni. Tegy\u00fck fel, hogy \u00fagy d\u00f6nt\u00f6tt\u00e9l, belev\u00e1gsz. Mi legyen az els\u0151 l\u00e9p\u00e9s? Vegy\u00fck v\u00e9gig, mi mindenre lesz sz\u00fcks\u00e9ged, hogyan v\u00e1laszd ki az els\u0151 fatbike-odat, \u00e9s hol \u00e9rdemes vele tekerned!<\/strong><\/p>\n<p><!--more--><\/p>\n<h2><strong>Amire sz\u00fcks\u00e9ged van az indul\u00e1shoz<\/strong><\/h2>\n<p>\u00cdme, van egy lista minden ruh\u00e1zatr\u00f3l \u00e9s kieg\u00e9sz\u00edt\u0151r\u0151l, amire sz\u00fcks\u00e9ged lehet az els\u0151 fatbike t\u00far\u00e1d sor\u00e1n. Ha egy \u00e1tlagos ker\u00e9kp\u00e1ros vagy, \u00e9s esetleg m\u00e9g s\u00edelni is szokt\u00e1l n\u00e9ha, akkor val\u00f3sz\u00edn\u0171leg m\u00e1r mindened megvan. Tov\u00e1bb\u00e1 azt felt\u00e9telezz\u00fck, hogy a fatbike-ot t\u00e9len, h\u00f3ban szeretn\u00e9d kipr\u00f3b\u00e1lni. Term\u00e9szetesen ez nem kiz\u00e1r\u00f3lagos, meleg \u00e9ghajlaton, p\u00e9ld\u00e1ul homokon is j\u00f3 m\u00f3ka, de ebben az esetben semmi egy\u00e9bre nem lesz sz\u00fcks\u00e9ged, mint amit a szok\u00e1sos biciklit\u00far\u00e1idra viszel.<\/p>\n<ul>\n<li><strong>Buk\u00f3sisak \u00e9s f\u00fclv\u00e9d\u0151.<\/strong> B\u00e1rmilyen ker\u00e9kp\u00e1ros buk\u00f3sisak j\u00f3 lesz, de val\u00f3sz\u00edn\u0171leg a mountain bike buk\u00f3sisakok illeszkednek a legjobban. Gy\u0151z\u0151dj meg r\u00f3la, hogy van rajtad f\u00fclmeleg\u00edt\u0151 a sisak alatt! Ha nagyon hideg van, v\u00e1lassz s\u00edmaszkot!<\/li>\n<li><strong>Id\u0151j\u00e1r\u00e1snak megfelel\u0151 ruh\u00e1zat.<\/strong> Val\u00f3sz\u00edn\u0171leg j\u00f3k lesznek ugyanazok a ruh\u00e1k, amiket s\u00edel\u00e9shez, s\u00edfut\u00e1shoz vagy t\u00e9li t\u00far\u00e1z\u00e1shoz hordasz. Koncentr\u00e1lj a r\u00e9tegekre \u00e9s a v\u00edz\u00e1ll\u00f3s\u00e1gra. Vegy\u00e9l fel m\u00e9g egy extra r\u00e9teget, \u00e9s vigy\u00e9l magaddal egy kis h\u00e1tizs\u00e1kot, hogy legyen hova tenned, ha t\u00falmelegszel!<\/li>\n<li><strong>Keszty\u0171k. <\/strong>Fontos, hogy melegen tartsd az ujjaidat, hogy ne vesz\u00edtsd el a v\u00e1lt\u00e1s, f\u00e9kez\u00e9s \u00e9s korm\u00e1nyoz\u00e1s k\u00e9pess\u00e9g\u00e9t.<\/li>\n<li><strong>Cip\u0151k.<\/strong> Gy\u0151z\u0151dj meg r\u00f3la, hogy a ker\u00e9kp\u00e1ros cip\u0151id el\u00e9g melegek. Ha nem, vegy\u00e9l egy p\u00e1r cip\u0151v\u00e9d\u0151t! De ha hagyom\u00e1nyos ped\u00e1lokat haszn\u00e1lsz, akkor szinte b\u00e1rmilyen t\u00e9li cip\u0151t felvehetsz. Egy merin\u00f3 gyapj\u00fa zokni a legjobb v\u00e1laszt\u00e1s kieg\u00e9sz\u00edt\u00e9sk\u00e9nt!<\/li>\n<li><strong>Napszem\u00fcveg.<\/strong> Megv\u00e9di a szemed a hideg sz\u00e9lt\u0151l \u00e9s a vak\u00edt\u00f3 h\u00f3t\u00f3l.<\/li>\n<\/ul>\n<figure id=\"attachment_18327\" aria-describedby=\"caption-attachment-18327\" style=\"width: 990px\" class=\"wp-caption alignnone\"><a href=\"https:\/\/d2p6e6u75xmxt8.cloudfront.net\/12\/2024\/01\/Fatbike-profimedia-0826562815-CVR.webp\"><img loading=\"lazy\" decoding=\"async\" class=\"wp-image-18327 size-full\" src=\"https:\/\/d2p6e6u75xmxt8.cloudfront.net\/12\/2024\/01\/Fatbike-profimedia-0826562815-CVR.webp\" alt=\"Fatbike\" width=\"990\" height=\"660\" srcset=\"https:\/\/d2p6e6u75xmxt8.cloudfront.net\/12\/2024\/01\/Fatbike-profimedia-0826562815-CVR.webp 990w, https:\/\/d2p6e6u75xmxt8.cloudfront.net\/12\/2024\/01\/Fatbike-profimedia-0826562815-CVR-300x200.webp 300w, https:\/\/d2p6e6u75xmxt8.cloudfront.net\/12\/2024\/01\/Fatbike-profimedia-0826562815-CVR-768x512.webp 768w, https:\/\/d2p6e6u75xmxt8.cloudfront.net\/12\/2024\/01\/Fatbike-profimedia-0826562815-CVR-400x267.webp 400w, https:\/\/d2p6e6u75xmxt8.cloudfront.net\/12\/2024\/01\/Fatbike-profimedia-0826562815-CVR-272x182.webp 272w\" sizes=\"auto, (max-width: 990px) 100vw, 990px\" \/><\/a><figcaption id=\"caption-attachment-18327\" class=\"wp-caption-text\">A fatbike t\u00f6k\u00e9letes v\u00e1laszt\u00e1s, ha szeretn\u00e9l valami \u00fajat tanulni. A sz\u00e9les gumik extra tapad\u00e1st biztos\u00edtanak, \u00edgy olyan terepeken is tudsz fatbike-kal tekerni, ahol a hagyom\u00e1nyos gumik els\u00fcllyedn\u00e9nek. \u00a9 Profimedia<\/figcaption><\/figure>\n<h2><strong>Hogyan v\u00e1lassz fatbike-ot?<\/strong><\/h2>\n<p>A legt\u00f6bb ember sz\u00e1m\u00e1ra az a legpraktikusabb, ha el\u0151sz\u00f6r kipr\u00f3b\u00e1lnak egy b\u00e9relt bring\u00e1t, vagy ak\u00e1r egy vezetett fatbike-t\u00far\u00e1t. Ez a leggyorsabb m\u00f3dja annak, hogy meg\u00e9rtsd az alapokat, j\u00f3 els\u0151 tapasztalatot szerezz, \u00e9s eld\u00f6ntsd, hogy \u00e9rdemes-e befektetned ebbe a sport\u00e1gba.<\/p>\n<p>Ha \u00fagy d\u00f6ntesz, hogy saj\u00e1t fatbike-ot veszel, a nagyszer\u0171 h\u00edr az, hogy olcs\u00f3bb alkatr\u00e9szekkel \u00e9s \u00edgy olcs\u00f3bb ker\u00e9kp\u00e1rral is meg\u00faszhatod. Ritk\u00e1n m\u00e9sz nagyon gyorsan egy fatbike-kal, teh\u00e1t nincs sz\u00fcks\u00e9g kifinomult f\u00e9kekre vagy hajt\u00f3m\u0171re. Mivel a fatbike-ok sz\u00e9les gumikkal rendelkeznek, melyekben alacsony a l\u00e9gnyom\u00e1s, teleszk\u00f3pra sincs sz\u00fcks\u00e9ged, egy merev villa t\u00f6k\u00e9letesen megteszi.<\/p>\n<p>A fatbike-t\u00far\u00e1k t\u00falnyom\u00f3 r\u00e9sz\u00e9t alacsonyabb sebess\u00e9gfokozatban teszed meg, m\u00e9g s\u00edk utakon is, \u00e9s ritk\u00e1n kapcsolsz magasabbra. \u00cdgy nem kell t\u00f6bb, mint egy 10 sebess\u00e9ges kazetta. \u00d6sszess\u00e9g\u00e9ben teh\u00e1t egy &#8220;bel\u00e9p\u0151 szint\u0171 modell&#8221; is nagyon j\u00f3 v\u00e1laszt\u00e1s.<\/p>\n<h2><strong>Hov\u00e1 menj fatbike-ozni?<\/strong><\/h2>\n<p>Most, hogy megvan a fatbike-od \u00e9s minden felszerel\u00e9sed, ideje megtal\u00e1lni a legjobb helyet egy kis bring\u00e1z\u00e1shoz! Ha \u00faj vagy ebben a m\u0171fajban, a legjobb opci\u00f3, ha el\u0151sz\u00f6r s\u00edk utakon tekersz. Azt\u00e1n j\u00f6hetnek a bej\u00e1ratott, h\u00f3val bor\u00edtott \u00f6sv\u00e9nyek amiket m\u00e1s fatbike-osok, s\u00edfut\u00f3k, t\u00far\u00e1z\u00f3k \u00e9s fut\u00f3k m\u00e1r kitapostak. A s\u00edfut\u00f3p\u00e1ly\u00e1k is j\u00f3k lehetnek, de csak akkor, ha hivatalosan is lehet rajtuk biciklizni! A tapasztaltabb fatbike-osok porh\u00f3ra is r\u00e1mer\u00e9szkednek, sokszor az\u00e9rt, hogy kitaposs\u00e1k m\u00e1sok el\u0151tt az utat.<\/p>\n<h2><strong>T\u0171zz ki el\u00e9rhet\u0151 c\u00e9lokat!<\/strong><\/h2>\n<p>A fatbike-oz\u00e1s igaz\u00e1n sz\u00f3rakoztat\u00f3 \u00e9s izgalmas, de eg\u00e9szen m\u00e1shogy, mint a m\u00e1s t\u00edpus\u00fa bicikliz\u00e9s. Sz\u00e1molj azzal, hogy a h\u00f3ban lassabban fogsz haladni, \u00edgy r\u00f6videbb t\u00e1vols\u00e1gokkal kell kalkul\u00e1lnod. Kezdetben \u00fagy \u00e9rezheted, hogy a fatbike-oz\u00e1s t\u00f6bbet kivesz bel\u0151led, mint a rendes ker\u00e9kp\u00e1roz\u00e1s. Csak akkor tervezz be hosszabb utakat, ha m\u00e1r van n\u00e9mi tapasztalatod!<\/p>\n<p>\u00c9s ami a legfontosabb: ne \u00e9rezd rosszul magad, ha n\u00e9ha s\u00e9t\u00e1lnod kell. Sokkal nehezebb h\u00f3ban bevenni a dombokat, \u00e9s n\u00e9ha h\u00f3viharok, cs\u00fasz\u00f3s foltok vagy bizonytalan helyzetek \u00e1llj\u00e1k el az utadat, amelyeken egyszer\u0171en nem akarsz \u00e1tbring\u00e1zni.<\/p>\n<p>K\u00f6vetkez\u0151 cikk\u00fcnkben n\u00e9h\u00e1ny halad\u00f3 tippel, technik\u00e1vall \u00e9s a t\u00faraetikett alapjaival j\u00f6v\u00fcnk!<\/p>\n","protected":false},"excerpt":{"rendered":"<p>El\u0151z\u0151 cikk\u00fcnkb\u0151l m\u00e1r tudod, mi a fatbike, \u00e9s hogy mi\u00e9rt \u00e9rdemes kipr\u00f3b\u00e1lni. Tegy\u00fck fel, hogy \u00fagy d\u00f6nt\u00f6tt\u00e9l, belev\u00e1gsz. Mi legyen [&hellip;]<\/p>\n","protected":false},"author":71,"featured_media":18329,"comment_status":"open","ping_status":"open","sticky":false,"template":"","format":"standard","meta":{"footnotes":""},"categories":[6],"tags":[],"global-categories":[],"class_list":["post-18326","post","type-post","status-publish","format-standard","has-post-thumbnail","hentry","category-edzes-es-eletmod"],"yoast_head":"<!-- This site is optimized with the Yoast SEO Premium plugin v25.3 (Yoast SEO v25.9) - https:\/\/yoast.com\/wordpress\/plugins\/seo\/ -->\n<title>Mindent a fatbike-r\u00f3l \u2013 \u00datmutat\u00f3 kezd\u0151knek<\/title>\n<meta name=\"description\" content=\"El\u0151z\u0151 cikk\u00fcnkb\u0151l m\u00e1r tudod, mi a fatbike, \u00e9s hogy mi\u00e9rt \u00e9rdemes kipr\u00f3b\u00e1lni. Tegy\u00fck fel, hogy \u00fagy d\u00f6nt\u00f6tt\u00e9l, belev\u00e1gsz. Mi legyen az els\u0151 l\u00e9p\u00e9s? Vegy\u00fck v\u00e9gig, mi mindenre lesz sz\u00fcks\u00e9ged, hogyan v\u00e1laszd ki az els\u0151 fatbike-odat, \u00e9s hol \u00e9rdemes vele tekerned!\" \/>\n<meta name=\"robots\" content=\"index, follow, max-snippet:-1, max-image-preview:large, max-video-preview:-1\" \/>\n<link rel=\"canonical\" href=\"https:\/\/www.welovecycling.com\/hu\/edzes-es-eletmod\/mindent-a-fatbike-rol-utmutato-kezdoknek\/\" \/>\n<meta property=\"og:locale\" content=\"hu_HU\" \/>\n<meta property=\"og:type\" content=\"article\" \/>\n<meta property=\"og:title\" content=\"Mindent a fatbike-r\u00f3l \u2013 \u00datmutat\u00f3 kezd\u0151knek\" \/>\n<meta property=\"og:description\" content=\"El\u0151z\u0151 cikk\u00fcnkb\u0151l m\u00e1r tudod, mi a fatbike, \u00e9s hogy mi\u00e9rt \u00e9rdemes kipr\u00f3b\u00e1lni. Tegy\u00fck fel, hogy \u00fagy d\u00f6nt\u00f6tt\u00e9l, belev\u00e1gsz. Mi legyen az els\u0151 l\u00e9p\u00e9s? Vegy\u00fck v\u00e9gig, mi mindenre lesz sz\u00fcks\u00e9ged, hogyan v\u00e1laszd ki az els\u0151 fatbike-odat, \u00e9s hol \u00e9rdemes vele tekerned!\" \/>\n<meta property=\"og:url\" content=\"https:\/\/www.welovecycling.com\/hu\/edzes-es-eletmod\/mindent-a-fatbike-rol-utmutato-kezdoknek\/\" \/>\n<meta property=\"og:site_name\" content=\"\u0160koda We Love Cycling - Magyarorsz\u00e1g\" \/>\n<meta property=\"article:publisher\" content=\"https:\/\/www.facebook.com\/WeLoveCyclingHungary\/\" \/>\n<meta property=\"article:published_time\" content=\"2024-01-10T06:00:10+00:00\" \/>\n<meta property=\"og:image\" content=\"https:\/\/d2p6e6u75xmxt8.cloudfront.net\/12\/2024\/01\/Fatbike-winteer-profimedia-0828341408-CVR.webp\" \/>\n\t<meta property=\"og:image:width\" content=\"990\" \/>\n\t<meta property=\"og:image:height\" content=\"660\" \/>\n\t<meta property=\"og:image:type\" content=\"image\/webp\" \/>\n<meta name=\"author\" content=\"hegyizs\" \/>\n<meta name=\"twitter:card\" content=\"summary_large_image\" \/>\n<meta name=\"twitter:label1\" content=\"Written by\" \/>\n\t<meta name=\"twitter:data1\" content=\"Jiri Kaloc\" \/>\n\t<meta name=\"twitter:label2\" content=\"Est. reading time\" \/>\n\t<meta name=\"twitter:data2\" content=\"4\" \/>\n<script type=\"application\/ld+json\" class=\"yoast-schema-graph\">{\"@context\":\"https:\/\/schema.org\",\"@graph\":[{\"@type\":\"WebPage\",\"@id\":\"https:\/\/www.welovecycling.com\/hu\/edzes-es-eletmod\/mindent-a-fatbike-rol-utmutato-kezdoknek\/\",\"url\":\"https:\/\/www.welovecycling.com\/hu\/edzes-es-eletmod\/mindent-a-fatbike-rol-utmutato-kezdoknek\/\",\"name\":\"Mindent a fatbike-r\u00f3l \u2013 \u00datmutat\u00f3 kezd\u0151knek\",\"isPartOf\":{\"@id\":\"https:\/\/www.welovecycling.com\/hu\/#website\"},\"primaryImageOfPage\":{\"@id\":\"https:\/\/www.welovecycling.com\/hu\/edzes-es-eletmod\/mindent-a-fatbike-rol-utmutato-kezdoknek\/#primaryimage\"},\"image\":{\"@id\":\"https:\/\/www.welovecycling.com\/hu\/edzes-es-eletmod\/mindent-a-fatbike-rol-utmutato-kezdoknek\/#primaryimage\"},\"thumbnailUrl\":\"https:\/\/d2p6e6u75xmxt8.cloudfront.net\/12\/2024\/01\/Fatbike-winteer-profimedia-0828341408-CVR.webp\",\"datePublished\":\"2024-01-10T06:00:10+00:00\",\"author\":{\"@id\":\"https:\/\/www.welovecycling.com\/hu\/#\/schema\/person\/414a2aebf1801691a5320edb6468e194\"},\"description\":\"El\u0151z\u0151 cikk\u00fcnkb\u0151l m\u00e1r tudod, mi a fatbike, \u00e9s hogy mi\u00e9rt \u00e9rdemes kipr\u00f3b\u00e1lni. Tegy\u00fck fel, hogy \u00fagy d\u00f6nt\u00f6tt\u00e9l, belev\u00e1gsz. Mi legyen az els\u0151 l\u00e9p\u00e9s? Vegy\u00fck v\u00e9gig, mi mindenre lesz sz\u00fcks\u00e9ged, hogyan v\u00e1laszd ki az els\u0151 fatbike-odat, \u00e9s hol \u00e9rdemes vele tekerned!\",\"breadcrumb\":{\"@id\":\"https:\/\/www.welovecycling.com\/hu\/edzes-es-eletmod\/mindent-a-fatbike-rol-utmutato-kezdoknek\/#breadcrumb\"},\"inLanguage\":\"hu\",\"potentialAction\":[{\"@type\":\"ReadAction\",\"target\":[\"https:\/\/www.welovecycling.com\/hu\/edzes-es-eletmod\/mindent-a-fatbike-rol-utmutato-kezdoknek\/\"]}]},{\"@type\":\"ImageObject\",\"inLanguage\":\"hu\",\"@id\":\"https:\/\/www.welovecycling.com\/hu\/edzes-es-eletmod\/mindent-a-fatbike-rol-utmutato-kezdoknek\/#primaryimage\",\"url\":\"https:\/\/d2p6e6u75xmxt8.cloudfront.net\/12\/2024\/01\/Fatbike-winteer-profimedia-0828341408-CVR.webp\",\"contentUrl\":\"https:\/\/d2p6e6u75xmxt8.cloudfront.net\/12\/2024\/01\/Fatbike-winteer-profimedia-0828341408-CVR.webp\",\"width\":990,\"height\":660,\"caption\":\"Fabike ride\"},{\"@type\":\"BreadcrumbList\",\"@id\":\"https:\/\/www.welovecycling.com\/hu\/edzes-es-eletmod\/mindent-a-fatbike-rol-utmutato-kezdoknek\/#breadcrumb\",\"itemListElement\":[{\"@type\":\"ListItem\",\"position\":1,\"name\":\"Home\",\"item\":\"https:\/\/www.welovecycling.com\/hu\/\"},{\"@type\":\"ListItem\",\"position\":2,\"name\":\"Mindent a fatbike-r\u00f3l \u2013 \u00datmutat\u00f3 kezd\u0151knek\"}]},{\"@type\":\"WebSite\",\"@id\":\"https:\/\/www.welovecycling.com\/hu\/#website\",\"url\":\"https:\/\/www.welovecycling.com\/hu\/\",\"name\":\"\u0160koda We Love Cycling - Magyarorsz\u00e1g\",\"description\":\"\u0160koda WeLoveCycling\",\"potentialAction\":[{\"@type\":\"SearchAction\",\"target\":{\"@type\":\"EntryPoint\",\"urlTemplate\":\"https:\/\/www.welovecycling.com\/hu\/?s={search_term_string}\"},\"query-input\":{\"@type\":\"PropertyValueSpecification\",\"valueRequired\":true,\"valueName\":\"search_term_string\"}}],\"inLanguage\":\"hu\"},{\"@type\":\"Person\",\"@id\":\"https:\/\/www.welovecycling.com\/hu\/#\/schema\/person\/414a2aebf1801691a5320edb6468e194\",\"name\":\"hegyizs\",\"image\":{\"@type\":\"ImageObject\",\"inLanguage\":\"hu\",\"@id\":\"https:\/\/www.welovecycling.com\/hu\/#\/schema\/person\/image\/\",\"url\":\"https:\/\/secure.gravatar.com\/avatar\/02cf8a7906b8cf90cecb4679defac7cfd33a1c2e3b88e4903d947f3bb58eedd3?s=96&d=mm&r=g\",\"contentUrl\":\"https:\/\/secure.gravatar.com\/avatar\/02cf8a7906b8cf90cecb4679defac7cfd33a1c2e3b88e4903d947f3bb58eedd3?s=96&d=mm&r=g\",\"caption\":\"hegyizs\"},\"url\":\"https:\/\/www.welovecycling.com\/hu\/author\/hegyizs\/\"}]}<\/script>\n<!-- \/ Yoast SEO Premium plugin. -->","yoast_head_json":{"title":"Mindent a fatbike-r\u00f3l \u2013 \u00datmutat\u00f3 kezd\u0151knek","description":"El\u0151z\u0151 cikk\u00fcnkb\u0151l m\u00e1r tudod, mi a fatbike, \u00e9s hogy mi\u00e9rt \u00e9rdemes kipr\u00f3b\u00e1lni. Tegy\u00fck fel, hogy \u00fagy d\u00f6nt\u00f6tt\u00e9l, belev\u00e1gsz. Mi legyen az els\u0151 l\u00e9p\u00e9s? Vegy\u00fck v\u00e9gig, mi mindenre lesz sz\u00fcks\u00e9ged, hogyan v\u00e1laszd ki az els\u0151 fatbike-odat, \u00e9s hol \u00e9rdemes vele tekerned!","robots":{"index":"index","follow":"follow","max-snippet":"max-snippet:-1","max-image-preview":"max-image-preview:large","max-video-preview":"max-video-preview:-1"},"canonical":"https:\/\/www.welovecycling.com\/hu\/edzes-es-eletmod\/mindent-a-fatbike-rol-utmutato-kezdoknek\/","og_locale":"hu_HU","og_type":"article","og_title":"Mindent a fatbike-r\u00f3l \u2013 \u00datmutat\u00f3 kezd\u0151knek","og_description":"El\u0151z\u0151 cikk\u00fcnkb\u0151l m\u00e1r tudod, mi a fatbike, \u00e9s hogy mi\u00e9rt \u00e9rdemes kipr\u00f3b\u00e1lni. Tegy\u00fck fel, hogy \u00fagy d\u00f6nt\u00f6tt\u00e9l, belev\u00e1gsz. Mi legyen az els\u0151 l\u00e9p\u00e9s? Vegy\u00fck v\u00e9gig, mi mindenre lesz sz\u00fcks\u00e9ged, hogyan v\u00e1laszd ki az els\u0151 fatbike-odat, \u00e9s hol \u00e9rdemes vele tekerned!","og_url":"https:\/\/www.welovecycling.com\/hu\/edzes-es-eletmod\/mindent-a-fatbike-rol-utmutato-kezdoknek\/","og_site_name":"\u0160koda We Love Cycling - Magyarorsz\u00e1g","article_publisher":"https:\/\/www.facebook.com\/WeLoveCyclingHungary\/","article_published_time":"2024-01-10T06:00:10+00:00","og_image":[{"width":990,"height":660,"url":"https:\/\/d2p6e6u75xmxt8.cloudfront.net\/12\/2024\/01\/Fatbike-winteer-profimedia-0828341408-CVR.webp","type":"image\/webp"}],"author":"hegyizs","twitter_card":"summary_large_image","twitter_misc":{"Written by":"Jiri Kaloc","Est. reading time":"4"},"schema":{"@context":"https:\/\/schema.org","@graph":[{"@type":"WebPage","@id":"https:\/\/www.welovecycling.com\/hu\/edzes-es-eletmod\/mindent-a-fatbike-rol-utmutato-kezdoknek\/","url":"https:\/\/www.welovecycling.com\/hu\/edzes-es-eletmod\/mindent-a-fatbike-rol-utmutato-kezdoknek\/","name":"Mindent a fatbike-r\u00f3l \u2013 \u00datmutat\u00f3 kezd\u0151knek","isPartOf":{"@id":"https:\/\/www.welovecycling.com\/hu\/#website"},"primaryImageOfPage":{"@id":"https:\/\/www.welovecycling.com\/hu\/edzes-es-eletmod\/mindent-a-fatbike-rol-utmutato-kezdoknek\/#primaryimage"},"image":{"@id":"https:\/\/www.welovecycling.com\/hu\/edzes-es-eletmod\/mindent-a-fatbike-rol-utmutato-kezdoknek\/#primaryimage"},"thumbnailUrl":"https:\/\/d2p6e6u75xmxt8.cloudfront.net\/12\/2024\/01\/Fatbike-winteer-profimedia-0828341408-CVR.webp","datePublished":"2024-01-10T06:00:10+00:00","author":{"@id":"https:\/\/www.welovecycling.com\/hu\/#\/schema\/person\/414a2aebf1801691a5320edb6468e194"},"description":"El\u0151z\u0151 cikk\u00fcnkb\u0151l m\u00e1r tudod, mi a fatbike, \u00e9s hogy mi\u00e9rt \u00e9rdemes kipr\u00f3b\u00e1lni. Tegy\u00fck fel, hogy \u00fagy d\u00f6nt\u00f6tt\u00e9l, belev\u00e1gsz. Mi legyen az els\u0151 l\u00e9p\u00e9s? Vegy\u00fck v\u00e9gig, mi mindenre lesz sz\u00fcks\u00e9ged, hogyan v\u00e1laszd ki az els\u0151 fatbike-odat, \u00e9s hol \u00e9rdemes vele tekerned!","breadcrumb":{"@id":"https:\/\/www.welovecycling.com\/hu\/edzes-es-eletmod\/mindent-a-fatbike-rol-utmutato-kezdoknek\/#breadcrumb"},"inLanguage":"hu","potentialAction":[{"@type":"ReadAction","target":["https:\/\/www.welovecycling.com\/hu\/edzes-es-eletmod\/mindent-a-fatbike-rol-utmutato-kezdoknek\/"]}]},{"@type":"ImageObject","inLanguage":"hu","@id":"https:\/\/www.welovecycling.com\/hu\/edzes-es-eletmod\/mindent-a-fatbike-rol-utmutato-kezdoknek\/#primaryimage","url":"https:\/\/d2p6e6u75xmxt8.cloudfront.net\/12\/2024\/01\/Fatbike-winteer-profimedia-0828341408-CVR.webp","contentUrl":"https:\/\/d2p6e6u75xmxt8.cloudfront.net\/12\/2024\/01\/Fatbike-winteer-profimedia-0828341408-CVR.webp","width":990,"height":660,"caption":"Fabike ride"},{"@type":"BreadcrumbList","@id":"https:\/\/www.welovecycling.com\/hu\/edzes-es-eletmod\/mindent-a-fatbike-rol-utmutato-kezdoknek\/#breadcrumb","itemListElement":[{"@type":"ListItem","position":1,"name":"Home","item":"https:\/\/www.welovecycling.com\/hu\/"},{"@type":"ListItem","position":2,"name":"Mindent a fatbike-r\u00f3l \u2013 \u00datmutat\u00f3 kezd\u0151knek"}]},{"@type":"WebSite","@id":"https:\/\/www.welovecycling.com\/hu\/#website","url":"https:\/\/www.welovecycling.com\/hu\/","name":"\u0160koda We Love Cycling - Magyarorsz\u00e1g","description":"\u0160koda WeLoveCycling","potentialAction":[{"@type":"SearchAction","target":{"@type":"EntryPoint","urlTemplate":"https:\/\/www.welovecycling.com\/hu\/?s={search_term_string}"},"query-input":{"@type":"PropertyValueSpecification","valueRequired":true,"valueName":"search_term_string"}}],"inLanguage":"hu"},{"@type":"Person","@id":"https:\/\/www.welovecycling.com\/hu\/#\/schema\/person\/414a2aebf1801691a5320edb6468e194","name":"hegyizs","image":{"@type":"ImageObject","inLanguage":"hu","@id":"https:\/\/www.welovecycling.com\/hu\/#\/schema\/person\/image\/","url":"https:\/\/secure.gravatar.com\/avatar\/02cf8a7906b8cf90cecb4679defac7cfd33a1c2e3b88e4903d947f3bb58eedd3?s=96&d=mm&r=g","contentUrl":"https:\/\/secure.gravatar.com\/avatar\/02cf8a7906b8cf90cecb4679defac7cfd33a1c2e3b88e4903d947f3bb58eedd3?s=96&d=mm&r=g","caption":"hegyizs"},"url":"https:\/\/www.welovecycling.com\/hu\/author\/hegyizs\/"}]}},"_links":{"self":[{"href":"https:\/\/www.welovecycling.com\/hu\/wp-json\/wp\/v2\/posts\/18326","targetHints":{"allow":["GET"]}}],"collection":[{"href":"https:\/\/www.welovecycling.com\/hu\/wp-json\/wp\/v2\/posts"}],"about":[{"href":"https:\/\/www.welovecycling.com\/hu\/wp-json\/wp\/v2\/types\/post"}],"author":[{"embeddable":true,"href":"https:\/\/www.welovecycling.com\/hu\/wp-json\/wp\/v2\/users\/71"}],"replies":[{"embeddable":true,"href":"https:\/\/www.welovecycling.com\/hu\/wp-json\/wp\/v2\/comments?post=18326"}],"version-history":[{"count":2,"href":"https:\/\/www.welovecycling.com\/hu\/wp-json\/wp\/v2\/posts\/18326\/revisions"}],"predecessor-version":[{"id":18330,"href":"https:\/\/www.welovecycling.com\/hu\/wp-json\/wp\/v2\/posts\/18326\/revisions\/18330"}],"wp:featuredmedia":[{"embeddable":true,"href":"https:\/\/www.welovecycling.com\/hu\/wp-json\/wp\/v2\/media\/18329"}],"wp:attachment":[{"href":"https:\/\/www.welovecycling.com\/hu\/wp-json\/wp\/v2\/media?parent=18326"}],"wp:term":[{"taxonomy":"category","embeddable":true,"href":"https:\/\/www.welovecycling.com\/hu\/wp-json\/wp\/v2\/categories?post=18326"},{"taxonomy":"post_tag","embeddable":true,"href":"https:\/\/www.welovecycling.com\/hu\/wp-json\/wp\/v2\/tags?post=18326"},{"taxonomy":"global-categories","embeddable":true,"href":"https:\/\/www.welovecycling.com\/hu\/wp-json\/wp\/v2\/global-categories?post=18326"}],"curies":[{"name":"wp","href":"https:\/\/api.w.org\/{rel}","templated":true}]}}