{"id":18318,"date":"2024-01-08T08:00:19","date_gmt":"2024-01-08T06:00:19","guid":{"rendered":"https:\/\/www.welovecycling.com\/hu\/?p=18318"},"modified":"2024-01-05T16:53:56","modified_gmt":"2024-01-05T14:53:56","slug":"a-2023-as-noi-profi-orszaguti-kerekparszezon-legkiemelkedobb-esemenyei","status":"publish","type":"post","link":"https:\/\/www.welovecycling.com\/hu\/orszaguti-kerekpar\/a-2023-as-noi-profi-orszaguti-kerekparszezon-legkiemelkedobb-esemenyei\/","title":{"rendered":"A 2023-as n\u0151i profi orsz\u00e1g\u00fati ker\u00e9kp\u00e1rszezon legkiemelked\u0151bb esem\u00e9nyei"},"content":{"rendered":"<p><strong>\u00dajabb izgalmas fejezet z\u00e1rult le a n\u0151i profi ker\u00e9kp\u00e1rsportban 2023-ban, kiemelked\u0151 teljes\u00edtm\u00e9nyekkel, eml\u00e9kezetes gy\u0151zelmekkel \u00e9s az \u00faj tehets\u00e9gek felt\u0171n\u00e9s\u00e9vel, akik m\u00e1ris nyomot hagytak a sportban. Demi Vollering az SD Worx csapat\u00e1b\u00f3l emelkedett ki, mint domin\u00e1ns versenyz\u0151, sz\u00e1mos gy\u0151zelmet szerzett rangos versenyeken, m\u00edg m\u00e1s ker\u00e9kp\u00e1rosok a saj\u00e1t leny\u0171g\u00f6z\u0151 t\u00f6rt\u00e9net\u00fcket \u00edrt\u00e1k. \u00cdme, egy visszatekint\u00e9s a 2023-as n\u0151i profi ker\u00e9kp\u00e1rszezon meghat\u00e1roz\u00f3 pillanataira!<\/strong><\/p>\n<p><!--more--><\/p>\n<h2><strong>Alison Jackson P\u00e1rizsi-Roubaix-i gy\u0151zelme (\u00e9s t\u00e1ncparty)<\/strong><\/h2>\n<p>Alison Jackson gy\u0151zelme a P\u00e1rizsi-Roubaix-on gy\u00f6ny\u00f6r\u0171 pillanata volt a 2023-as szezonnak. Jackson m\u00e9g soha nem \u00e1llt dobog\u00f3n egy klasszikuson sem, de fokozatosan l\u00e9pegetett el\u0151re a ranglist\u00e1n, k\u00fcl\u00f6nb\u00f6z\u0151 versenyeken mutatva be tud\u00e1s\u00e1t. Taktik\u00e1ja, a korai sz\u00f6k\u00e9s sokakat meglepett, de elsz\u00e1nts\u00e1ga \u00e9s kitart\u00e1sa kiemelte a mez\u0151nyb\u0151l. Egy 18 n\u0151b\u0151l \u00e1ll\u00f3 csoport r\u00e9szek\u00e9nt Jackson jelent\u0151s el\u0151nyt szerzett, amit meg is tudott tartani, hi\u00e1ba \u00fcld\u00f6zt\u00e9k kitart\u00f3an a v\u00e9gs\u0151 kilom\u00e9tereken. Az ellenfelei el\u0151tt \u00e1t\u00e9rni a c\u00e9lvonalon m\u00e1r \u00f6nmag\u00e1ban is leny\u0171g\u00f6z\u0151 teljes\u00edtm\u00e9ny volt. Azonban az \u00fcnnepl\u00e9se &#8211; egy t\u00e1nckoreogr\u00e1fia, amit a TikTokon is n\u00e9pszer\u0171s\u00edtett &#8211; felejthetetlenn\u00e9 tette a gy\u0151zelm\u00e9t!<\/p>\n<h2><strong>Demi Vollering a Tour de France Femmes avec Zwift-en<\/strong><\/h2>\n<p>Demi Vollering meghat\u00e1roz\u00f3 pillanata a 2023-as n\u0151i ker\u00e9kp\u00e1rszezonban a Tour de France Femmes sor\u00e1n k\u00f6vetkezett be, pontosabban a Col du Tourmalet-n. A komoly kih\u00edv\u00e1st jelent\u0151 terepen nemcsak fizikai erej\u00e9t mutatta meg, hanem ment\u00e1lis \u00e1llhatatoss\u00e1g\u00e1t is. Annak ellen\u00e9re, hogy jelent\u0151s h\u00e1tr\u00e1nyban indult, Vollering elsz\u00e1nts\u00e1ga \u00e1trep\u00edtette a Col d&#8217;Aspin \u00e9s a Col du Tourmalet vesz\u00e9lyes szakaszain, \u00edgy v\u00e9g\u00fcl megnyerte a szakaszt \u00e9s a s\u00e1rga trik\u00f3t. Az alacsony felh\u0151k \u00e9s a korl\u00e1tozott l\u00e1t\u00e1si viszonyok, melyek m\u00e9g nehezebb\u00e9 tett\u00e9k az utols\u00f3 emelked\u0151t, m\u00e9g dr\u00e1maibb\u00e1 tett\u00e9k Vollering k\u00fczdelm\u00e9t az elemekkel. Ahogy felbukkant a k\u00f6dfelh\u0151ben, \u00e9s bevette a hajt\u0171kanyarokat, mik\u00f6zben t\u00f6bb mint 2000 m\u00e9teres magass\u00e1gban leveg\u0151\u00e9rt kapkodott: ikonikus k\u00e9pet rajzolt a Tour de France t\u00f6rt\u00e9nelemk\u00f6nyv\u00e9be.<\/p>\n<h2><strong>Rend\u00edthetetlen Kasia Niewiadoma<\/strong><\/h2>\n<p>A Tour de France Femmes egy m\u00e1sik kiemelked\u0151 pillanata a Pireneusi szakasz alatt t\u00f6rt\u00e9nt, amikor Kasia Niewiadoma folyamatos t\u00e1mad\u00e1ssal mutatta meg p\u00e1ratlan elsz\u00e1nts\u00e1g\u00e1t egy igen neh\u00e9z terepen. B\u00e1tor man\u0151verei \u00e9s rend\u00edthetetlen kitart\u00e1sa \u00fajra leny\u0171g\u00f6zte a k\u00f6z\u00f6ns\u00e9get, meger\u0151s\u00edtve h\u00edrnev\u00e9t a ker\u00e9kp\u00e1roz\u00e1s vil\u00e1g\u00e1ban. A szakasz \u00e9s a versenyt\u00e1rsak \u00e1ltal \u00e1ll\u00edtott kih\u00edv\u00e1sok ellen\u00e9re Niewiadoma kitartott \u00e9s otthagyta saj\u00e1t ker\u00e9knyom\u00e1t a versenyen.<\/p>\n<figure id=\"attachment_18319\" aria-describedby=\"caption-attachment-18319\" style=\"width: 990px\" class=\"wp-caption alignnone\"><a href=\"https:\/\/d2p6e6u75xmxt8.cloudfront.net\/12\/2024\/01\/Kasia-Niewiadoma-TdF-Femmes-profimedia-0793280124-CVR.webp\"><img loading=\"lazy\" decoding=\"async\" class=\"wp-image-18319 size-full\" src=\"https:\/\/d2p6e6u75xmxt8.cloudfront.net\/12\/2024\/01\/Kasia-Niewiadoma-TdF-Femmes-profimedia-0793280124-CVR.webp\" alt=\"Kasia Niewiadoma\" width=\"990\" height=\"660\" srcset=\"https:\/\/d2p6e6u75xmxt8.cloudfront.net\/12\/2024\/01\/Kasia-Niewiadoma-TdF-Femmes-profimedia-0793280124-CVR.webp 990w, https:\/\/d2p6e6u75xmxt8.cloudfront.net\/12\/2024\/01\/Kasia-Niewiadoma-TdF-Femmes-profimedia-0793280124-CVR-300x200.webp 300w, https:\/\/d2p6e6u75xmxt8.cloudfront.net\/12\/2024\/01\/Kasia-Niewiadoma-TdF-Femmes-profimedia-0793280124-CVR-768x512.webp 768w, https:\/\/d2p6e6u75xmxt8.cloudfront.net\/12\/2024\/01\/Kasia-Niewiadoma-TdF-Femmes-profimedia-0793280124-CVR-400x267.webp 400w, https:\/\/d2p6e6u75xmxt8.cloudfront.net\/12\/2024\/01\/Kasia-Niewiadoma-TdF-Femmes-profimedia-0793280124-CVR-272x182.webp 272w\" sizes=\"auto, (max-width: 990px) 100vw, 990px\" \/><\/a><figcaption id=\"caption-attachment-18319\" class=\"wp-caption-text\">Niewiadoma k\u00edm\u00e9letlen t\u00e1mad\u00e1sa p\u00e1ratlan elsz\u00e1nts\u00e1got mutatott. \u00a9 Profimedia<\/figcaption><\/figure>\n<h2><strong>A francia versenyz\u0151k sikerei a Tour de France Femmes avec Zwift-en<\/strong><\/h2>\n<p>T\u00f6bb francia ker\u00e9kp\u00e1ros is fontos szerepet j\u00e1tszott a verseny narrat\u00edv\u00e1j\u00e1ban. Marie-Morgane Le Deunff (Ark\u00e9a Pro Cycling Team) kezdem\u00e9nyezte a verseny korai t\u00e1mad\u00e1sait, meghat\u00e1rozva az alaphangulatot. Audrey Cordon-Ragot, a Human Powered Health csapat tagja, fontos tagja volt egy 14 f\u0151s sz\u00f6kev\u00e9ny-csapatnak, amely jelent\u0151s el\u0151nyt szerzett a Women\u2019s WorldTour t\u00f6rt\u00e9net\u00e9nek eddigi leghosszabb szakasz\u00e1n. A verseny nagy r\u00e9sz\u00e9ben n\u00e1la volt a virtu\u00e1lis s\u00e1rga trik\u00f3t, fokozva az izgalmakat.<\/p>\n<p>C\u00e9drine Kerbaol (Ceratizit-WNT) szint\u00e9n figyelemre m\u00e9lt\u00f3an harcolt, \u00e9s nem hi\u00e1ba: a verseny els\u0151 szakasz\u00e1n elnyerte a legjobb U23 ker\u00e9kp\u00e1rost jelk\u00e9pez\u0151 feh\u00e9r trik\u00f3t, \u00e9s sikeresen megv\u00e9dte azt, eg\u00e9szen Pau-ig. Kerbaol teljes\u00edtm\u00e9nye nemcsak szem\u00e9lyes diadal volt, hanem jelent\u0151s m\u00e9rf\u00f6ldk\u0151 is a francia ker\u00e9kp\u00e1rosok sz\u00e1m\u00e1ra, ami a n\u0151i Tour t\u00f6rt\u00e9net\u00e9t illeti. Juliette Labous (Team DSM-Firmenich) sz\u00e9p \u00f6t\u00f6dik helyez\u00e9ssel z\u00e1rta a versenyt, meger\u0151s\u00edtve hely\u00e9t Franciaorsz\u00e1g felt\u00f6rekv\u0151 csillagjai k\u00f6z\u00f6tt.<\/p>\n<h2><strong>Fiatal tehets\u00e9gek a Tour de France-on \u00e9s a Giro d&#8217;Italia-n<\/strong><\/h2>\n<p>Ha pedig felt\u00f6rekv\u0151 csillagokr\u00f3l van sz\u00f3: a 2023-as Giro d&#8217;Italia Donne \u00e9s a Tour de France Femmes avec Zwift megmutatta az \u00faj n\u0151i tehets\u00e9geket! A Giro d&#8217;Italia Donne izgalmas \u00f6t\u00f6dik szakasz\u00e1ban Antonia Niedermaier (Canyon-SRAM) leny\u0171g\u00f6z\u0151 deb\u00fct\u00e1l\u00e1s\u00e1t l\u00e1thattuk: a 20 \u00e9ves versenyz\u0151 hidegv\u00e9rrel hajtott v\u00e9gre egy mer\u00e9sz sz\u00f6k\u00e9st, 24 kilom\u00e9terrel a c\u00e9l el\u0151tt, ezzel megszerezve els\u0151 Women\u2019s WorldTour gy\u0151zelm\u00e9t.<\/p>\n<p>A Tour de France Femmes avec Zwift-en sem hagyt\u00e1k magukat a h\u00e1tt\u00e9rbe szor\u00edtani a felt\u00f6rekv\u0151 tehets\u00e9gek. A cyclo-crossban m\u00e1r ismert Yara Kastelijn p\u00e9ld\u00e1ul biztosan mindenkiben nyomot hagyott, amikor megnyerte a negyedik szakaszt. Ricarda Bauernfeind, a Canyon-SRAM m\u00e1sik \u00edg\u00e9retes tehets\u00e9ge pedig tov\u00e1bb emelte a verseny f\u00e9ny\u00e9t: a La Vuelta Femenina-n el\u00e9rt dobog\u00f3s helyez\u00e9se ut\u00e1n Bauernfeind szakaszgy\u0151zelmet szerzett a Tour-on is.<\/p>\n<h2><strong>Lotte Kopecky meghat\u00f3 gy\u0151zelme a Nokere Koerse-n<\/strong><\/h2>\n<p>Lotte Kopecky n\u00e9gy nappal testv\u00e9re tragikus elveszt\u00e9s\u00e9t k\u00f6vet\u0151en, m\u00e9lyen meghatotta a ker\u00e9kp\u00e1roz\u00f3 k\u00f6z\u00f6ss\u00e9get. D\u00f6nt\u00e9se, hogy szem\u00e9lyes gy\u00e1sza k\u00f6zepette is versenyezzen, rend\u00fcletlen elsz\u00e1nts\u00e1gr\u00f3l \u00e1rulkodik. \u00c9s val\u00f3ban vesz\u00e9lyes ellenf\u00e9lnek bizonyult &#8211; t\u00f6bbsz\u00f6r t\u00e1madott, miel\u0151tt v\u00e9g\u00fcl siker\u00fclt megsz\u00f6knie a z\u00e1r\u00f3 szakaszon. A versenyt egy kicsit fej\u00e9t ingatva fejezte be, leny\u0171g\u00f6z\u0151 gy\u0151zelmet aratva csapatt\u00e1rsa, Lorena Wiebes felett, 28 m\u00e1sodperc el\u0151nnyel.<\/p>\n<p><em>&#8220;Az elm\u00falt n\u00e9h\u00e1ny nap nem volt k\u00f6nny\u0171&#8221;<\/em> &#8211; mondta &#8211; <em>&#8220;de nincs \u00e9rtelme otthon \u00fcln\u00f6m a kanap\u00e9n. Ma ki akartam hozni a legt\u00f6bbet magamb\u00f3l, nem a gy\u0151zelemre hajtottam, csak&#8230; er\u0151s voltam. Rem\u00e9lem, siker\u00fclt kicsit b\u00fcszk\u00e9v\u00e9 tennem a testv\u00e9remet.&#8221;<\/em><\/p>\n<h2><strong>Demi Vollering Ardennek-tripla gy\u0151zelme<\/strong><\/h2>\n<figure id=\"attachment_18320\" aria-describedby=\"caption-attachment-18320\" style=\"width: 990px\" class=\"wp-caption alignnone\"><a href=\"https:\/\/d2p6e6u75xmxt8.cloudfront.net\/12\/2024\/01\/Demi-Vollering-profimedia-0769846841.webp\"><img loading=\"lazy\" decoding=\"async\" class=\"wp-image-18320 size-full\" src=\"https:\/\/d2p6e6u75xmxt8.cloudfront.net\/12\/2024\/01\/Demi-Vollering-profimedia-0769846841.webp\" alt=\"Demi Vollering\" width=\"990\" height=\"660\" srcset=\"https:\/\/d2p6e6u75xmxt8.cloudfront.net\/12\/2024\/01\/Demi-Vollering-profimedia-0769846841.webp 990w, https:\/\/d2p6e6u75xmxt8.cloudfront.net\/12\/2024\/01\/Demi-Vollering-profimedia-0769846841-300x200.webp 300w, https:\/\/d2p6e6u75xmxt8.cloudfront.net\/12\/2024\/01\/Demi-Vollering-profimedia-0769846841-768x512.webp 768w, https:\/\/d2p6e6u75xmxt8.cloudfront.net\/12\/2024\/01\/Demi-Vollering-profimedia-0769846841-400x267.webp 400w, https:\/\/d2p6e6u75xmxt8.cloudfront.net\/12\/2024\/01\/Demi-Vollering-profimedia-0769846841-272x182.webp 272w\" sizes=\"auto, (max-width: 990px) 100vw, 990px\" \/><\/a><figcaption id=\"caption-attachment-18320\" class=\"wp-caption-text\">Vollering a 2023-as Amstel Gold Race Ladies Edition versenyen.<\/figcaption><\/figure>\n<p>Demi Vollering az Ardennek Klasszikusokban el\u00e9rt gy\u0151zelmeivel az Amstel Gold Race, a La Fl\u00e8che Wallonne \u00e9s a Li\u00e8ge-Bastogne-Li\u00e8ge versenyeken megszil\u00e1rd\u00edtotta Kir\u00e1lyn\u0151i st\u00e1tusz\u00e1t az Ardennekben. Kiv\u00e9teles teljes\u00edtm\u00e9nye, hogy egyetlen \u00e9v alatt mindh\u00e1rom versenyt megnyerte, Anna van der Breggen nyomdokain j\u00e1rva, p\u00e9ld\u00e1tlan elsz\u00e1nts\u00e1g, k\u00f6nnyek \u00e9s diadalittas \u00fcnnepl\u00e9sek pillanatait \u00f6lelte fel, maradand\u00f3 nyomot hagyva a ker\u00e9kp\u00e1r t\u00f6rt\u00e9nelemben.<\/p>\n<h2><strong>Cecilie Uttrup Ludwig kiv\u00e1l\u00f3 teljes\u00edtm\u00e9nye a Skandin\u00e1v K\u00f6rversenyen<\/strong><\/h2>\n<p>A FDJ-Suez csapat tagja, Cecilie Uttrup Ludwig, a legut\u00f3bbi UCI Vil\u00e1gbajnoks\u00e1g Orsz\u00e1g\u00fati verseny\u00e9nek bronz\u00e9rmesek\u00e9nt \u00e9rkezett a Skandin\u00e1v K\u00f6rversenyre. A szikra a m\u00e1sodik szakaszon gy\u00falt meg, ahol Annemiek van Vleuten el\u0151tt sz\u00e1guldott el, hogy leny\u0171g\u00f6z\u0151 gy\u0151zelmet arasson. A k\u00e9t versenyz\u0151t mind\u00f6ssze 17 m\u00e1sodperc v\u00e1lasztotta el az \u00f6sszetett verseny utols\u00f3 szakasz\u00e1ba l\u00e9pve. Zuhogott az es\u0151. V\u00e9g\u00fcl behozt\u00e1k az AG Insurance-Soudal-QuickStep versenyz\u0151j\u00e9t, Anya Louw-t. Uttrup Ludwig d\u00f6nt\u0151 mozzanat\u00e1t a verseny utols\u00f3 kilom\u00e9ter\u00e9ben, a Haderslev-i 5. szakaszon tette meg, amikor lehagyta a mez\u0151nyt \u00e9s rend\u00edthetetlen elsz\u00e1nts\u00e1ggal megszerezte a szakaszgy\u0151zelmet.<\/p>\n<p>A h\u00e9t v\u00e9g\u00e9re Uttrup Ludwig k\u00e9t szakaszgy\u0151zelmet szerzett \u00e9s m\u00e1sodik helyen v\u00e9gzett az \u00f6sszetett versenyben, mind\u00f6ssze k\u00e9t m\u00e1sodperccel lemaradva a v\u00e9gs\u0151 gy\u0151ztes, Van Vleuten m\u00f6g\u00f6tt. Karakter\u00e9hez h\u0171en sug\u00e1rzott r\u00f3la a pozitivit\u00e1s, amikor \u00fajra k\u00e9t l\u00e1bbal \u00e1llt a f\u00f6ld\u00f6n, megjegyezve: <em>&#8220;Fantasztikus volt. Nagyszer\u0171. Hajr\u00e1, vikingek!&#8221;<\/em><\/p>\n<h2><strong>Shirin van Anrooij egy\u00e9ni gy\u0151zelme a Tour de l\u2019Avenir Femmes-n<\/strong><\/h2>\n<p>Szint\u00e9n jelent\u0151s m\u00e9rf\u00f6ldk\u0151 a n\u0151i ker\u00e9kp\u00e1roz\u00e1s t\u00f6rt\u00e9nelm\u00e9ben az els\u0151 Tour de l&#8217;Avenir Femmes, ami 2023-ban deb\u00fct\u00e1lt. A verseny, amely nem kereskedelmi, hanem nemzeti csapatokat vonultatott fel, v\u00e1ltozatos szakaszokb\u00f3l \u00e1llt &#8211; egy 14,8 km-es csapatid\u0151futamb\u00f3l, illetve egy s\u00edk, egy dombos \u00e9s k\u00e9t neh\u00e9z hegyi szakaszb\u00f3l.<\/p>\n<p>A holland Shirin van Anrooij (Lidl-Trek) leny\u0171g\u00f6z\u0151 teljes\u00edtm\u00e9nyt ny\u00fajtott. Ellentmond\u00e1st nem t\u0171rve t\u00e1madott az utols\u00f3 etapon, leny\u0171g\u00f6z\u0151 30 kilom\u00e9teren \u00e1t! Ahogy \u00e1thaladt a c\u00e9lvonalon, el\u0151nye t\u00f6bb mint 2 perc \u00e9s 20 m\u00e1sodperc volt a legk\u00f6zelebbi riv\u00e1lisa, Anna Shackleyhez (Nagy-Britannia) k\u00e9pest. Ez a gy\u0151zelem biztos\u00edtotta sz\u00e1m\u00e1ra a szakaszgy\u0151zelmet \u00e9s az \u00f6sszetett verseny els\u0151 hely\u00e9t is.<\/p>\n<h2><strong>Vollering \u00e9s Kopecky csat\u00e1ja a Strade Bianche-en<\/strong><\/h2>\n<p>Izgalmas k\u00fczdelem zajlott Demi Vollering \u00e9s Lotte Kopecky k\u00f6z\u00f6tt a Strade Bianche versenyen, mely meg\u00f6r\u00f6k\u00edtette a n\u0151i ker\u00e9kp\u00e1roz\u00e1s verseng\u0151 szellem\u00e9t. Intenz\u00edv k\u00fczdelm\u00fck a gy\u0151zelem\u00e9rt, ami dr\u00e1mai, fej-fej melletti befut\u00f3ban cs\u00facsosodott ki, bemutatta kiv\u00e9teles k\u00e9pess\u00e9geiket \u00e9s sportszer\u0171s\u00e9g\u00fcket, \u00e9s el\u00e9rte, hogy a n\u00e9z\u0151k epekedve v\u00e1rj\u00e1k a j\u00f6v\u0151beni p\u00e1rbajokat.<\/p>\n<p>Amikor visszagondolunk a 2023-as n\u0151i profi ker\u00e9kp\u00e1rszezon meghat\u00e1roz\u00f3 pillanataira &#8211; nem tudjuk meg\u00e1llni, hogy ne \u00e9rezz\u00fcnk inspir\u00e1ci\u00f3t a rend\u00fcletlen elk\u00f6telezetts\u00e9g \u00e9s szenved\u00e9ly l\u00e1tt\u00e1n, amelyek magasabb szintre emelik a sportot. Nagyon v\u00e1rjuk mindazt, ami a 2024-ben j\u00f6n!<\/p>\n","protected":false},"excerpt":{"rendered":"<p>\u00dajabb izgalmas fejezet z\u00e1rult le a n\u0151i profi ker\u00e9kp\u00e1rsportban 2023-ban, kiemelked\u0151 teljes\u00edtm\u00e9nyekkel, eml\u00e9kezetes gy\u0151zelmekkel \u00e9s az \u00faj tehets\u00e9gek felt\u0171n\u00e9s\u00e9vel, akik [&hellip;]<\/p>\n","protected":false},"author":71,"featured_media":17901,"comment_status":"open","ping_status":"open","sticky":false,"template":"","format":"standard","meta":{"footnotes":""},"categories":[8],"tags":[],"global-categories":[],"class_list":["post-18318","post","type-post","status-publish","format-standard","has-post-thumbnail","hentry","category-orszaguti-kerekpar"],"yoast_head":"<!-- This site is optimized with the Yoast SEO Premium plugin v25.3 (Yoast SEO v25.9) - https:\/\/yoast.com\/wordpress\/plugins\/seo\/ -->\n<title>A 2023-as n\u0151i profi orsz\u00e1g\u00fati ker\u00e9kp\u00e1rszezon legkiemelked\u0151bb esem\u00e9nyei<\/title>\n<meta name=\"description\" content=\"\u00dajabb izgalmas fejezet z\u00e1rult le a n\u0151i profi ker\u00e9kp\u00e1rsportban 2023-ban, kiemelked\u0151 teljes\u00edtm\u00e9nyekkel, eml\u00e9kezetes gy\u0151zelmekkel \u00e9s az \u00faj tehets\u00e9gek felt\u0171n\u00e9s\u00e9vel, akik m\u00e1ris nyomot hagytak a sportban.\" \/>\n<meta name=\"robots\" content=\"index, follow, max-snippet:-1, max-image-preview:large, max-video-preview:-1\" \/>\n<link rel=\"canonical\" href=\"https:\/\/www.welovecycling.com\/hu\/orszaguti-kerekpar\/a-2023-as-noi-profi-orszaguti-kerekparszezon-legkiemelkedobb-esemenyei\/\" \/>\n<meta property=\"og:locale\" content=\"hu_HU\" \/>\n<meta property=\"og:type\" content=\"article\" \/>\n<meta property=\"og:title\" content=\"A 2023-as n\u0151i profi orsz\u00e1g\u00fati ker\u00e9kp\u00e1rszezon legkiemelked\u0151bb esem\u00e9nyei\" \/>\n<meta property=\"og:description\" content=\"\u00dajabb izgalmas fejezet z\u00e1rult le a n\u0151i profi ker\u00e9kp\u00e1rsportban 2023-ban, kiemelked\u0151 teljes\u00edtm\u00e9nyekkel, eml\u00e9kezetes gy\u0151zelmekkel \u00e9s az \u00faj tehets\u00e9gek felt\u0171n\u00e9s\u00e9vel, akik m\u00e1ris nyomot hagytak a sportban.\" \/>\n<meta property=\"og:url\" content=\"https:\/\/www.welovecycling.com\/hu\/orszaguti-kerekpar\/a-2023-as-noi-profi-orszaguti-kerekparszezon-legkiemelkedobb-esemenyei\/\" \/>\n<meta property=\"og:site_name\" content=\"\u0160koda We Love Cycling - Magyarorsz\u00e1g\" \/>\n<meta property=\"article:publisher\" content=\"https:\/\/www.facebook.com\/WeLoveCyclingHungary\/\" \/>\n<meta property=\"article:published_time\" content=\"2024-01-08T06:00:19+00:00\" \/>\n<meta property=\"og:image\" content=\"https:\/\/d2p6e6u75xmxt8.cloudfront.net\/12\/2023\/09\/Strade-Bianche-Donne-Women39s-Peloton-profimedia-0760309414-CVR.webp\" \/>\n\t<meta property=\"og:image:width\" content=\"990\" \/>\n\t<meta property=\"og:image:height\" content=\"660\" \/>\n\t<meta property=\"og:image:type\" content=\"image\/webp\" \/>\n<meta name=\"author\" content=\"hegyizs\" \/>\n<meta name=\"twitter:card\" content=\"summary_large_image\" \/>\n<meta name=\"twitter:label1\" content=\"Written by\" \/>\n\t<meta name=\"twitter:data1\" content=\"Megan Flottorp\" \/>\n\t<meta name=\"twitter:label2\" content=\"Est. reading time\" \/>\n\t<meta name=\"twitter:data2\" content=\"5\" \/>\n<script type=\"application\/ld+json\" class=\"yoast-schema-graph\">{\"@context\":\"https:\/\/schema.org\",\"@graph\":[{\"@type\":\"WebPage\",\"@id\":\"https:\/\/www.welovecycling.com\/hu\/orszaguti-kerekpar\/a-2023-as-noi-profi-orszaguti-kerekparszezon-legkiemelkedobb-esemenyei\/\",\"url\":\"https:\/\/www.welovecycling.com\/hu\/orszaguti-kerekpar\/a-2023-as-noi-profi-orszaguti-kerekparszezon-legkiemelkedobb-esemenyei\/\",\"name\":\"A 2023-as n\u0151i profi orsz\u00e1g\u00fati ker\u00e9kp\u00e1rszezon legkiemelked\u0151bb esem\u00e9nyei\",\"isPartOf\":{\"@id\":\"https:\/\/www.welovecycling.com\/hu\/#website\"},\"primaryImageOfPage\":{\"@id\":\"https:\/\/www.welovecycling.com\/hu\/orszaguti-kerekpar\/a-2023-as-noi-profi-orszaguti-kerekparszezon-legkiemelkedobb-esemenyei\/#primaryimage\"},\"image\":{\"@id\":\"https:\/\/www.welovecycling.com\/hu\/orszaguti-kerekpar\/a-2023-as-noi-profi-orszaguti-kerekparszezon-legkiemelkedobb-esemenyei\/#primaryimage\"},\"thumbnailUrl\":\"https:\/\/d2p6e6u75xmxt8.cloudfront.net\/12\/2023\/09\/Strade-Bianche-Donne-Women39s-Peloton-profimedia-0760309414-CVR.webp\",\"datePublished\":\"2024-01-08T06:00:19+00:00\",\"author\":{\"@id\":\"https:\/\/www.welovecycling.com\/hu\/#\/schema\/person\/414a2aebf1801691a5320edb6468e194\"},\"description\":\"\u00dajabb izgalmas fejezet z\u00e1rult le a n\u0151i profi ker\u00e9kp\u00e1rsportban 2023-ban, kiemelked\u0151 teljes\u00edtm\u00e9nyekkel, eml\u00e9kezetes gy\u0151zelmekkel \u00e9s az \u00faj tehets\u00e9gek felt\u0171n\u00e9s\u00e9vel, akik m\u00e1ris nyomot hagytak a sportban.\",\"breadcrumb\":{\"@id\":\"https:\/\/www.welovecycling.com\/hu\/orszaguti-kerekpar\/a-2023-as-noi-profi-orszaguti-kerekparszezon-legkiemelkedobb-esemenyei\/#breadcrumb\"},\"inLanguage\":\"hu\",\"potentialAction\":[{\"@type\":\"ReadAction\",\"target\":[\"https:\/\/www.welovecycling.com\/hu\/orszaguti-kerekpar\/a-2023-as-noi-profi-orszaguti-kerekparszezon-legkiemelkedobb-esemenyei\/\"]}]},{\"@type\":\"ImageObject\",\"inLanguage\":\"hu\",\"@id\":\"https:\/\/www.welovecycling.com\/hu\/orszaguti-kerekpar\/a-2023-as-noi-profi-orszaguti-kerekparszezon-legkiemelkedobb-esemenyei\/#primaryimage\",\"url\":\"https:\/\/d2p6e6u75xmxt8.cloudfront.net\/12\/2023\/09\/Strade-Bianche-Donne-Women39s-Peloton-profimedia-0760309414-CVR.webp\",\"contentUrl\":\"https:\/\/d2p6e6u75xmxt8.cloudfront.net\/12\/2023\/09\/Strade-Bianche-Donne-Women39s-Peloton-profimedia-0760309414-CVR.webp\",\"width\":990,\"height\":660,\"caption\":\"Strade Bianche Donne\"},{\"@type\":\"BreadcrumbList\",\"@id\":\"https:\/\/www.welovecycling.com\/hu\/orszaguti-kerekpar\/a-2023-as-noi-profi-orszaguti-kerekparszezon-legkiemelkedobb-esemenyei\/#breadcrumb\",\"itemListElement\":[{\"@type\":\"ListItem\",\"position\":1,\"name\":\"Home\",\"item\":\"https:\/\/www.welovecycling.com\/hu\/\"},{\"@type\":\"ListItem\",\"position\":2,\"name\":\"A 2023-as n\u0151i profi orsz\u00e1g\u00fati ker\u00e9kp\u00e1rszezon legkiemelked\u0151bb esem\u00e9nyei\"}]},{\"@type\":\"WebSite\",\"@id\":\"https:\/\/www.welovecycling.com\/hu\/#website\",\"url\":\"https:\/\/www.welovecycling.com\/hu\/\",\"name\":\"\u0160koda We Love Cycling - Magyarorsz\u00e1g\",\"description\":\"\u0160koda WeLoveCycling\",\"potentialAction\":[{\"@type\":\"SearchAction\",\"target\":{\"@type\":\"EntryPoint\",\"urlTemplate\":\"https:\/\/www.welovecycling.com\/hu\/?s={search_term_string}\"},\"query-input\":{\"@type\":\"PropertyValueSpecification\",\"valueRequired\":true,\"valueName\":\"search_term_string\"}}],\"inLanguage\":\"hu\"},{\"@type\":\"Person\",\"@id\":\"https:\/\/www.welovecycling.com\/hu\/#\/schema\/person\/414a2aebf1801691a5320edb6468e194\",\"name\":\"hegyizs\",\"image\":{\"@type\":\"ImageObject\",\"inLanguage\":\"hu\",\"@id\":\"https:\/\/www.welovecycling.com\/hu\/#\/schema\/person\/image\/\",\"url\":\"https:\/\/secure.gravatar.com\/avatar\/02cf8a7906b8cf90cecb4679defac7cfd33a1c2e3b88e4903d947f3bb58eedd3?s=96&d=mm&r=g\",\"contentUrl\":\"https:\/\/secure.gravatar.com\/avatar\/02cf8a7906b8cf90cecb4679defac7cfd33a1c2e3b88e4903d947f3bb58eedd3?s=96&d=mm&r=g\",\"caption\":\"hegyizs\"},\"url\":\"https:\/\/www.welovecycling.com\/hu\/author\/hegyizs\/\"}]}<\/script>\n<!-- \/ Yoast SEO Premium plugin. -->","yoast_head_json":{"title":"A 2023-as n\u0151i profi orsz\u00e1g\u00fati ker\u00e9kp\u00e1rszezon legkiemelked\u0151bb esem\u00e9nyei","description":"\u00dajabb izgalmas fejezet z\u00e1rult le a n\u0151i profi ker\u00e9kp\u00e1rsportban 2023-ban, kiemelked\u0151 teljes\u00edtm\u00e9nyekkel, eml\u00e9kezetes gy\u0151zelmekkel \u00e9s az \u00faj tehets\u00e9gek felt\u0171n\u00e9s\u00e9vel, akik m\u00e1ris nyomot hagytak a sportban.","robots":{"index":"index","follow":"follow","max-snippet":"max-snippet:-1","max-image-preview":"max-image-preview:large","max-video-preview":"max-video-preview:-1"},"canonical":"https:\/\/www.welovecycling.com\/hu\/orszaguti-kerekpar\/a-2023-as-noi-profi-orszaguti-kerekparszezon-legkiemelkedobb-esemenyei\/","og_locale":"hu_HU","og_type":"article","og_title":"A 2023-as n\u0151i profi orsz\u00e1g\u00fati ker\u00e9kp\u00e1rszezon legkiemelked\u0151bb esem\u00e9nyei","og_description":"\u00dajabb izgalmas fejezet z\u00e1rult le a n\u0151i profi ker\u00e9kp\u00e1rsportban 2023-ban, kiemelked\u0151 teljes\u00edtm\u00e9nyekkel, eml\u00e9kezetes gy\u0151zelmekkel \u00e9s az \u00faj tehets\u00e9gek felt\u0171n\u00e9s\u00e9vel, akik m\u00e1ris nyomot hagytak a sportban.","og_url":"https:\/\/www.welovecycling.com\/hu\/orszaguti-kerekpar\/a-2023-as-noi-profi-orszaguti-kerekparszezon-legkiemelkedobb-esemenyei\/","og_site_name":"\u0160koda We Love Cycling - Magyarorsz\u00e1g","article_publisher":"https:\/\/www.facebook.com\/WeLoveCyclingHungary\/","article_published_time":"2024-01-08T06:00:19+00:00","og_image":[{"width":990,"height":660,"url":"https:\/\/d2p6e6u75xmxt8.cloudfront.net\/12\/2023\/09\/Strade-Bianche-Donne-Women39s-Peloton-profimedia-0760309414-CVR.webp","type":"image\/webp"}],"author":"hegyizs","twitter_card":"summary_large_image","twitter_misc":{"Written by":"Megan Flottorp","Est. reading time":"5"},"schema":{"@context":"https:\/\/schema.org","@graph":[{"@type":"WebPage","@id":"https:\/\/www.welovecycling.com\/hu\/orszaguti-kerekpar\/a-2023-as-noi-profi-orszaguti-kerekparszezon-legkiemelkedobb-esemenyei\/","url":"https:\/\/www.welovecycling.com\/hu\/orszaguti-kerekpar\/a-2023-as-noi-profi-orszaguti-kerekparszezon-legkiemelkedobb-esemenyei\/","name":"A 2023-as n\u0151i profi orsz\u00e1g\u00fati ker\u00e9kp\u00e1rszezon legkiemelked\u0151bb esem\u00e9nyei","isPartOf":{"@id":"https:\/\/www.welovecycling.com\/hu\/#website"},"primaryImageOfPage":{"@id":"https:\/\/www.welovecycling.com\/hu\/orszaguti-kerekpar\/a-2023-as-noi-profi-orszaguti-kerekparszezon-legkiemelkedobb-esemenyei\/#primaryimage"},"image":{"@id":"https:\/\/www.welovecycling.com\/hu\/orszaguti-kerekpar\/a-2023-as-noi-profi-orszaguti-kerekparszezon-legkiemelkedobb-esemenyei\/#primaryimage"},"thumbnailUrl":"https:\/\/d2p6e6u75xmxt8.cloudfront.net\/12\/2023\/09\/Strade-Bianche-Donne-Women39s-Peloton-profimedia-0760309414-CVR.webp","datePublished":"2024-01-08T06:00:19+00:00","author":{"@id":"https:\/\/www.welovecycling.com\/hu\/#\/schema\/person\/414a2aebf1801691a5320edb6468e194"},"description":"\u00dajabb izgalmas fejezet z\u00e1rult le a n\u0151i profi ker\u00e9kp\u00e1rsportban 2023-ban, kiemelked\u0151 teljes\u00edtm\u00e9nyekkel, eml\u00e9kezetes gy\u0151zelmekkel \u00e9s az \u00faj tehets\u00e9gek felt\u0171n\u00e9s\u00e9vel, akik m\u00e1ris nyomot hagytak a sportban.","breadcrumb":{"@id":"https:\/\/www.welovecycling.com\/hu\/orszaguti-kerekpar\/a-2023-as-noi-profi-orszaguti-kerekparszezon-legkiemelkedobb-esemenyei\/#breadcrumb"},"inLanguage":"hu","potentialAction":[{"@type":"ReadAction","target":["https:\/\/www.welovecycling.com\/hu\/orszaguti-kerekpar\/a-2023-as-noi-profi-orszaguti-kerekparszezon-legkiemelkedobb-esemenyei\/"]}]},{"@type":"ImageObject","inLanguage":"hu","@id":"https:\/\/www.welovecycling.com\/hu\/orszaguti-kerekpar\/a-2023-as-noi-profi-orszaguti-kerekparszezon-legkiemelkedobb-esemenyei\/#primaryimage","url":"https:\/\/d2p6e6u75xmxt8.cloudfront.net\/12\/2023\/09\/Strade-Bianche-Donne-Women39s-Peloton-profimedia-0760309414-CVR.webp","contentUrl":"https:\/\/d2p6e6u75xmxt8.cloudfront.net\/12\/2023\/09\/Strade-Bianche-Donne-Women39s-Peloton-profimedia-0760309414-CVR.webp","width":990,"height":660,"caption":"Strade Bianche Donne"},{"@type":"BreadcrumbList","@id":"https:\/\/www.welovecycling.com\/hu\/orszaguti-kerekpar\/a-2023-as-noi-profi-orszaguti-kerekparszezon-legkiemelkedobb-esemenyei\/#breadcrumb","itemListElement":[{"@type":"ListItem","position":1,"name":"Home","item":"https:\/\/www.welovecycling.com\/hu\/"},{"@type":"ListItem","position":2,"name":"A 2023-as n\u0151i profi orsz\u00e1g\u00fati ker\u00e9kp\u00e1rszezon legkiemelked\u0151bb esem\u00e9nyei"}]},{"@type":"WebSite","@id":"https:\/\/www.welovecycling.com\/hu\/#website","url":"https:\/\/www.welovecycling.com\/hu\/","name":"\u0160koda We Love Cycling - Magyarorsz\u00e1g","description":"\u0160koda WeLoveCycling","potentialAction":[{"@type":"SearchAction","target":{"@type":"EntryPoint","urlTemplate":"https:\/\/www.welovecycling.com\/hu\/?s={search_term_string}"},"query-input":{"@type":"PropertyValueSpecification","valueRequired":true,"valueName":"search_term_string"}}],"inLanguage":"hu"},{"@type":"Person","@id":"https:\/\/www.welovecycling.com\/hu\/#\/schema\/person\/414a2aebf1801691a5320edb6468e194","name":"hegyizs","image":{"@type":"ImageObject","inLanguage":"hu","@id":"https:\/\/www.welovecycling.com\/hu\/#\/schema\/person\/image\/","url":"https:\/\/secure.gravatar.com\/avatar\/02cf8a7906b8cf90cecb4679defac7cfd33a1c2e3b88e4903d947f3bb58eedd3?s=96&d=mm&r=g","contentUrl":"https:\/\/secure.gravatar.com\/avatar\/02cf8a7906b8cf90cecb4679defac7cfd33a1c2e3b88e4903d947f3bb58eedd3?s=96&d=mm&r=g","caption":"hegyizs"},"url":"https:\/\/www.welovecycling.com\/hu\/author\/hegyizs\/"}]}},"_links":{"self":[{"href":"https:\/\/www.welovecycling.com\/hu\/wp-json\/wp\/v2\/posts\/18318","targetHints":{"allow":["GET"]}}],"collection":[{"href":"https:\/\/www.welovecycling.com\/hu\/wp-json\/wp\/v2\/posts"}],"about":[{"href":"https:\/\/www.welovecycling.com\/hu\/wp-json\/wp\/v2\/types\/post"}],"author":[{"embeddable":true,"href":"https:\/\/www.welovecycling.com\/hu\/wp-json\/wp\/v2\/users\/71"}],"replies":[{"embeddable":true,"href":"https:\/\/www.welovecycling.com\/hu\/wp-json\/wp\/v2\/comments?post=18318"}],"version-history":[{"count":2,"href":"https:\/\/www.welovecycling.com\/hu\/wp-json\/wp\/v2\/posts\/18318\/revisions"}],"predecessor-version":[{"id":18322,"href":"https:\/\/www.welovecycling.com\/hu\/wp-json\/wp\/v2\/posts\/18318\/revisions\/18322"}],"wp:featuredmedia":[{"embeddable":true,"href":"https:\/\/www.welovecycling.com\/hu\/wp-json\/wp\/v2\/media\/17901"}],"wp:attachment":[{"href":"https:\/\/www.welovecycling.com\/hu\/wp-json\/wp\/v2\/media?parent=18318"}],"wp:term":[{"taxonomy":"category","embeddable":true,"href":"https:\/\/www.welovecycling.com\/hu\/wp-json\/wp\/v2\/categories?post=18318"},{"taxonomy":"post_tag","embeddable":true,"href":"https:\/\/www.welovecycling.com\/hu\/wp-json\/wp\/v2\/tags?post=18318"},{"taxonomy":"global-categories","embeddable":true,"href":"https:\/\/www.welovecycling.com\/hu\/wp-json\/wp\/v2\/global-categories?post=18318"}],"curies":[{"name":"wp","href":"https:\/\/api.w.org\/{rel}","templated":true}]}}