{"id":18309,"date":"2024-01-05T16:14:49","date_gmt":"2024-01-05T14:14:49","guid":{"rendered":"https:\/\/www.welovecycling.com\/hu\/?p=18309"},"modified":"2024-01-05T16:15:17","modified_gmt":"2024-01-05T14:15:17","slug":"bemutatta-vadonatuj-magyaros-szereleset-a-polti-kometa-fetter-erikkel-a-foszerepben","status":"publish","type":"post","link":"https:\/\/www.welovecycling.com\/hu\/orszaguti-kerekpar\/bemutatta-vadonatuj-magyaros-szereleset-a-polti-kometa-fetter-erikkel-a-foszerepben\/","title":{"rendered":"Bemutatta vadonat\u00faj, \u201emagyaros\u201d szerel\u00e9s\u00e9t a Polti-Kometa, Fetter Erikkel a f\u0151szerepben"},"content":{"rendered":"<p><strong>Alberto Contador\u00e9k f\u0151szponzort v\u00e1lt\u00f3 Pro-csapata piros-feh\u00e9r-z\u00f6ldben teker 2024-ben.<\/strong><!--more--><\/p>\n<p>Hogy a k\u00e9t ker\u00e9kp\u00e1roslegenda, az Alberto Contador \u00e9s Ivan Basso gr\u00fcndolta EOLO-Kometa 2024-re lecser\u00e9li egyik n\u00e9vad\u00f3 f\u0151t\u00e1mogat\u00f3j\u00e1t, m\u00e1r a tavalyi \u00e9v v\u00e9g\u00e9n tudott volt. Szerencs\u00e9re nem a j\u00f3l ismert magyar h\u00fasfeldolgoz\u00f3c\u00e9g, Giacomo Pedranzini kaposv\u00e1ri Komet\u00e1ja t\u0171nik el a n\u00e9vb\u0151l, hanem az els\u0151sorban h\u00e1ztart\u00e1si g\u00e9peket \u00e9s k\u00fcl\u00f6nf\u00e9le g\u0151ztiszt\u00edt\u00f3 eszk\u00f6z\u00f6ket gy\u00e1rt\u00f3 olasz vil\u00e1gc\u00e9g, a Polti v\u00e1ltja az EOLO-t (amely egy\u00e9bk\u00e9nt szint\u00e9n marad a szponzorok k\u00f6z\u00f6tt, de csak kisebb szerepv\u00e1llal\u00e1ssal). A Polti kor\u00e1ntsem ismeretlen n\u00e9v az orsz\u00e1g\u00fati ker\u00e9kp\u00e1rsport vil\u00e1g\u00e1ban, hiszen a majd\u2019 f\u00e9l \u00e9vsz\u00e1zados m\u00faltra visszatekint\u0151 v\u00e1llalat m\u00e1r kor\u00e1bban is j\u00e1tszott jelent\u0151s szponzor\u00e1ci\u00f3s szerepet olasz k\u00f6t\u0151d\u00e9s\u0171 nagycsapatokn\u00e1l, \u00edgy a kilencvenes \u00e9vek els\u0151 fel\u00e9ben a Lampre-Polti eset\u00e9ben, azt\u00e1n pedig h\u00e9t \u00e9ven \u00e1t, eg\u00e9szen az ezredfordul\u00f3ig saj\u00e1t ist\u00e1ll\u00f3t is m\u0171k\u00f6dtetett Team Polti n\u00e9ven (olyan nevekkel, mint Ivan Gotti, Richard Virenque, Davide Rebellin, Gianni Bugno vagy \u00e9ppen Axel Merckx).<\/p>\n<p>A c\u00e9g t\u00f6bb mint k\u00e9t \u00e9vtized ut\u00e1n t\u00e9r vissza a bringasportba, \u00e9s sokan abban rem\u00e9nykedtek, vel\u00fck egy\u00fctt a kilencvenes \u00e9vek mez\u0151ny\u00e9nek egyik legikonikusabb sz\u00ednpomp\u00e1s szerel\u00e9se, a sokak retin\u00e1j\u00e1ba \u00f6r\u00f6kre bele\u00e9g\u0151 s\u00e1rga-z\u00f6ld-piros mez is visszat\u00e9r valamilyen form\u00e1ban.<\/p>\n<figure id=\"attachment_18312\" aria-describedby=\"caption-attachment-18312\" style=\"width: 634px\" class=\"wp-caption alignnone\"><img loading=\"lazy\" decoding=\"async\" class=\"size-full wp-image-18312\" src=\"https:\/\/d2p6e6u75xmxt8.cloudfront.net\/12\/2024\/01\/F1gVHokWYAQDpRq.webp\" alt=\"\" width=\"634\" height=\"960\" srcset=\"https:\/\/d2p6e6u75xmxt8.cloudfront.net\/12\/2024\/01\/F1gVHokWYAQDpRq.webp 634w, https:\/\/d2p6e6u75xmxt8.cloudfront.net\/12\/2024\/01\/F1gVHokWYAQDpRq-198x300.webp 198w, https:\/\/d2p6e6u75xmxt8.cloudfront.net\/12\/2024\/01\/F1gVHokWYAQDpRq-264x400.webp 264w\" sizes=\"auto, (max-width: 634px) 100vw, 634px\" \/><figcaption id=\"caption-attachment-18312\" class=\"wp-caption-text\">Ez a Polti-mez sokak retin\u00e1j\u00e1ba bele\u00e9gett anno (forr\u00e1s: Twitter)<\/figcaption><\/figure>\n<p>Ehelyett viszont most egy j\u00f3val letisztultabb, eleg\u00e1nsabb, a mai kor szellem\u00e9nek \u00e9s trendj\u00e9nek megfelel\u0151 szettet mutatott be a csapat a h\u00e9ten. R\u00e1ad\u00e1sul a sors ir\u00f3ni\u00e1ja, hogy els\u0151sorban a f\u0151szponzorok alapsz\u00edneinek is k\u00f6sz\u00f6nhet\u0151en egy kimondottan \u201emagyaros\u201d szerel\u00e9sben tekernek majd j\u00f6v\u0151re a versenyz\u0151ik, ami nyilv\u00e1n az ist\u00e1ll\u00f3 magyar men\u0151j\u00e9nek, Fetter Eriknek \u00e1llhat majd a legk\u00f6zelebb a sz\u00edv\u00e9hez (ha esetleg 2021 \u00e9s \u201922 ut\u00e1n id\u00e9n \u00fajra megnyern\u00e9 az orsz\u00e1gos bajnoks\u00e1got, sokat m\u00e1r legal\u00e1bb nem kellene agyalni a bajnoki trikolormez megold\u00e1s\u00e1n).<\/p>\n<figure id=\"attachment_18313\" aria-describedby=\"caption-attachment-18313\" style=\"width: 1024px\" class=\"wp-caption alignnone\"><img loading=\"lazy\" decoding=\"async\" class=\"size-full wp-image-18313\" src=\"https:\/\/d2p6e6u75xmxt8.cloudfront.net\/12\/2024\/01\/hero-01-1024x683-1.webp\" alt=\"\" width=\"1024\" height=\"683\" srcset=\"https:\/\/d2p6e6u75xmxt8.cloudfront.net\/12\/2024\/01\/hero-01-1024x683-1.webp 1024w, https:\/\/d2p6e6u75xmxt8.cloudfront.net\/12\/2024\/01\/hero-01-1024x683-1-300x200.webp 300w, https:\/\/d2p6e6u75xmxt8.cloudfront.net\/12\/2024\/01\/hero-01-1024x683-1-768x512.webp 768w, https:\/\/d2p6e6u75xmxt8.cloudfront.net\/12\/2024\/01\/hero-01-1024x683-1-400x267.webp 400w, https:\/\/d2p6e6u75xmxt8.cloudfront.net\/12\/2024\/01\/hero-01-1024x683-1-272x182.webp 272w\" sizes=\"auto, (max-width: 1024px) 100vw, 1024px\" \/><figcaption id=\"caption-attachment-18313\" class=\"wp-caption-text\">fot\u00f3: Team Polti Kometa\/Maurizio Borserini<\/figcaption><\/figure>\n<p>A Polti-Kometa (tess\u00e9k szokni!) <a href=\"https:\/\/www.facebook.com\/watch\/?v=648399420606916\">egy \u00f6tletes kisfilmet is k\u00e9sz\u00edtett<\/a> az \u00fcnnep\u00e9lyes mezbemutat\u00f3 tisztelet\u00e9re: ebben egy olasz kisfi\u00fa l\u00e1that\u00f3 abban a bizonyos eredeti, z\u00f6ld-s\u00e1rga Polti-mezben, \u00e9s am\u00edg anyu egy ugyanilyet vasal \u00e9ppen \u2013 term\u00e9szetesen a n\u00e9vad\u00f3 szponzorc\u00e9g egyik term\u00e9k\u00e9vel \u2013, amint a r\u00e1di\u00f3s ker\u00e9kp\u00e1rk\u00f6zvet\u00edt\u00e9st hallgatva \u00e1lmodozik arr\u00f3l, hogy \u0151 is olyan klasszis lesz majd, mint a Polti-Kometa \u00e1szai (akik k\u00f6z\u00f6tt ott van a Giro-szakaszgy\u0151ztes Davide Bais \u00e9s testv\u00e9re, Mattia is). Az ist\u00e1ll\u00f3 egy\u00e9bk\u00e9nt decemberben m\u00e1r t\u00falesett az els\u0151 spanyolorsz\u00e1gi edz\u0151t\u00e1bor\u00e1n, err\u0151l Fetter Erik is megeml\u00e9kezett k\u00f6z\u00f6ss\u00e9gi oldal\u00e1n \u2013 rem\u00e9lhet\u0151leg sz\u00e9p sikereket alapoz meg neki \u00e9s t\u00e1rsainak az \u00faj \u00e9vre, \u00faj szerel\u00e9s\u00fckben.<\/p>\n<p><iframe loading=\"lazy\" style=\"border: none; overflow: hidden;\" src=\"https:\/\/www.facebook.com\/plugins\/video.php?height=314&amp;href=https%3A%2F%2Fwww.facebook.com%2Fteampoltikometa%2Fvideos%2F648399420606916%2F&amp;show_text=false&amp;width=560&amp;t=0\" width=\"560\" height=\"314\" frameborder=\"0\" scrolling=\"no\" allowfullscreen=\"allowfullscreen\"><\/iframe><\/p>\n<figure id=\"attachment_18311\" aria-describedby=\"caption-attachment-18311\" style=\"width: 1024px\" class=\"wp-caption alignnone\"><img loading=\"lazy\" decoding=\"async\" class=\"size-large wp-image-18311\" src=\"https:\/\/d2p6e6u75xmxt8.cloudfront.net\/12\/2024\/01\/413029460_954323563000783_7707741048438507259_n-1024x683.webp\" alt=\"\" width=\"1024\" height=\"683\" srcset=\"https:\/\/d2p6e6u75xmxt8.cloudfront.net\/12\/2024\/01\/413029460_954323563000783_7707741048438507259_n-1024x683.webp 1024w, https:\/\/d2p6e6u75xmxt8.cloudfront.net\/12\/2024\/01\/413029460_954323563000783_7707741048438507259_n-300x200.webp 300w, https:\/\/d2p6e6u75xmxt8.cloudfront.net\/12\/2024\/01\/413029460_954323563000783_7707741048438507259_n-768x512.webp 768w, https:\/\/d2p6e6u75xmxt8.cloudfront.net\/12\/2024\/01\/413029460_954323563000783_7707741048438507259_n-1536x1025.webp 1536w, https:\/\/d2p6e6u75xmxt8.cloudfront.net\/12\/2024\/01\/413029460_954323563000783_7707741048438507259_n-1920x1281.webp 1920w, https:\/\/d2p6e6u75xmxt8.cloudfront.net\/12\/2024\/01\/413029460_954323563000783_7707741048438507259_n-400x267.webp 400w, https:\/\/d2p6e6u75xmxt8.cloudfront.net\/12\/2024\/01\/413029460_954323563000783_7707741048438507259_n-272x182.webp 272w, https:\/\/d2p6e6u75xmxt8.cloudfront.net\/12\/2024\/01\/413029460_954323563000783_7707741048438507259_n.webp 2048w, https:\/\/d2p6e6u75xmxt8.cloudfront.net\/12\/2024\/01\/413029460_954323563000783_7707741048438507259_n-1920x1281.webp 1920w\" sizes=\"auto, (max-width: 1024px) 100vw, 1024px\" \/><figcaption id=\"caption-attachment-18311\" class=\"wp-caption-text\">fot\u00f3: Team Polti Kometa\/Maurizio Borserini<\/figcaption><\/figure>\n<p><em>Bor\u00edt\u00f3k\u00e9p: Team Polti Kometa\/Maurizio Borserini<\/em><\/p>\n","protected":false},"excerpt":{"rendered":"<p>Alberto Contador\u00e9k f\u0151szponzort v\u00e1lt\u00f3 Pro-csapata piros-feh\u00e9r-z\u00f6ldben teker 2024-ben.<\/p>\n","protected":false},"author":71,"featured_media":18310,"comment_status":"open","ping_status":"open","sticky":false,"template":"","format":"standard","meta":{"footnotes":""},"categories":[8],"tags":[],"global-categories":[419],"class_list":["post-18309","post","type-post","status-publish","format-standard","has-post-thumbnail","hentry","category-orszaguti-kerekpar","global-categories-cycling"],"yoast_head":"<!-- This site is optimized with the Yoast SEO Premium plugin v25.3 (Yoast SEO v25.9) - https:\/\/yoast.com\/wordpress\/plugins\/seo\/ -->\n<title>Bemutatta vadonat\u00faj, \u201emagyaros\u201d szerel\u00e9s\u00e9t a Polti-Kometa, Fetter Erikkel a f\u0151szerepben<\/title>\n<meta name=\"description\" content=\"Alberto Contador\u00e9k f\u0151szponzort v\u00e1lt\u00f3 Pro-csapata piros-feh\u00e9r-z\u00f6ldben teker 2024-ben.\" \/>\n<meta name=\"robots\" content=\"index, follow, max-snippet:-1, max-image-preview:large, max-video-preview:-1\" \/>\n<link rel=\"canonical\" href=\"https:\/\/www.welovecycling.com\/hu\/orszaguti-kerekpar\/bemutatta-vadonatuj-magyaros-szereleset-a-polti-kometa-fetter-erikkel-a-foszerepben\/\" \/>\n<meta property=\"og:locale\" content=\"hu_HU\" \/>\n<meta property=\"og:type\" content=\"article\" \/>\n<meta property=\"og:title\" content=\"Bemutatta vadonat\u00faj, \u201emagyaros\u201d szerel\u00e9s\u00e9t a Polti-Kometa, Fetter Erikkel a f\u0151szerepben\" \/>\n<meta property=\"og:description\" content=\"Alberto Contador\u00e9k f\u0151szponzort v\u00e1lt\u00f3 Pro-csapata piros-feh\u00e9r-z\u00f6ldben teker 2024-ben.\" \/>\n<meta property=\"og:url\" content=\"https:\/\/www.welovecycling.com\/hu\/orszaguti-kerekpar\/bemutatta-vadonatuj-magyaros-szereleset-a-polti-kometa-fetter-erikkel-a-foszerepben\/\" \/>\n<meta property=\"og:site_name\" content=\"\u0160koda We Love Cycling - Magyarorsz\u00e1g\" \/>\n<meta property=\"article:publisher\" content=\"https:\/\/www.facebook.com\/WeLoveCyclingHungary\/\" \/>\n<meta property=\"article:published_time\" content=\"2024-01-05T14:14:49+00:00\" \/>\n<meta property=\"article:modified_time\" content=\"2024-01-05T14:15:17+00:00\" \/>\n<meta property=\"og:image\" content=\"https:\/\/d2p6e6u75xmxt8.cloudfront.net\/12\/2024\/01\/413016885_954323699667436_2660039174452493247_n.webp\" \/>\n\t<meta property=\"og:image:width\" content=\"2048\" \/>\n\t<meta property=\"og:image:height\" content=\"1366\" \/>\n\t<meta property=\"og:image:type\" content=\"image\/webp\" \/>\n<meta name=\"author\" content=\"hegyizs\" \/>\n<meta name=\"twitter:card\" content=\"summary_large_image\" \/>\n<meta name=\"twitter:label1\" content=\"Written by\" \/>\n\t<meta name=\"twitter:data1\" content=\"WLC\" \/>\n\t<meta name=\"twitter:label2\" content=\"Est. reading time\" \/>\n\t<meta name=\"twitter:data2\" content=\"3 minutes\" \/>\n<script type=\"application\/ld+json\" class=\"yoast-schema-graph\">{\"@context\":\"https:\/\/schema.org\",\"@graph\":[{\"@type\":\"WebPage\",\"@id\":\"https:\/\/www.welovecycling.com\/hu\/orszaguti-kerekpar\/bemutatta-vadonatuj-magyaros-szereleset-a-polti-kometa-fetter-erikkel-a-foszerepben\/\",\"url\":\"https:\/\/www.welovecycling.com\/hu\/orszaguti-kerekpar\/bemutatta-vadonatuj-magyaros-szereleset-a-polti-kometa-fetter-erikkel-a-foszerepben\/\",\"name\":\"Bemutatta vadonat\u00faj, \u201emagyaros\u201d szerel\u00e9s\u00e9t a Polti-Kometa, Fetter Erikkel a f\u0151szerepben\",\"isPartOf\":{\"@id\":\"https:\/\/www.welovecycling.com\/hu\/#website\"},\"primaryImageOfPage\":{\"@id\":\"https:\/\/www.welovecycling.com\/hu\/orszaguti-kerekpar\/bemutatta-vadonatuj-magyaros-szereleset-a-polti-kometa-fetter-erikkel-a-foszerepben\/#primaryimage\"},\"image\":{\"@id\":\"https:\/\/www.welovecycling.com\/hu\/orszaguti-kerekpar\/bemutatta-vadonatuj-magyaros-szereleset-a-polti-kometa-fetter-erikkel-a-foszerepben\/#primaryimage\"},\"thumbnailUrl\":\"https:\/\/d2p6e6u75xmxt8.cloudfront.net\/12\/2024\/01\/413016885_954323699667436_2660039174452493247_n.webp\",\"datePublished\":\"2024-01-05T14:14:49+00:00\",\"dateModified\":\"2024-01-05T14:15:17+00:00\",\"author\":{\"@id\":\"https:\/\/www.welovecycling.com\/hu\/#\/schema\/person\/414a2aebf1801691a5320edb6468e194\"},\"description\":\"Alberto Contador\u00e9k f\u0151szponzort v\u00e1lt\u00f3 Pro-csapata piros-feh\u00e9r-z\u00f6ldben teker 2024-ben.\",\"breadcrumb\":{\"@id\":\"https:\/\/www.welovecycling.com\/hu\/orszaguti-kerekpar\/bemutatta-vadonatuj-magyaros-szereleset-a-polti-kometa-fetter-erikkel-a-foszerepben\/#breadcrumb\"},\"inLanguage\":\"hu\",\"potentialAction\":[{\"@type\":\"ReadAction\",\"target\":[\"https:\/\/www.welovecycling.com\/hu\/orszaguti-kerekpar\/bemutatta-vadonatuj-magyaros-szereleset-a-polti-kometa-fetter-erikkel-a-foszerepben\/\"]}]},{\"@type\":\"ImageObject\",\"inLanguage\":\"hu\",\"@id\":\"https:\/\/www.welovecycling.com\/hu\/orszaguti-kerekpar\/bemutatta-vadonatuj-magyaros-szereleset-a-polti-kometa-fetter-erikkel-a-foszerepben\/#primaryimage\",\"url\":\"https:\/\/d2p6e6u75xmxt8.cloudfront.net\/12\/2024\/01\/413016885_954323699667436_2660039174452493247_n.webp\",\"contentUrl\":\"https:\/\/d2p6e6u75xmxt8.cloudfront.net\/12\/2024\/01\/413016885_954323699667436_2660039174452493247_n.webp\",\"width\":2048,\"height\":1366},{\"@type\":\"BreadcrumbList\",\"@id\":\"https:\/\/www.welovecycling.com\/hu\/orszaguti-kerekpar\/bemutatta-vadonatuj-magyaros-szereleset-a-polti-kometa-fetter-erikkel-a-foszerepben\/#breadcrumb\",\"itemListElement\":[{\"@type\":\"ListItem\",\"position\":1,\"name\":\"Home\",\"item\":\"https:\/\/www.welovecycling.com\/hu\/\"},{\"@type\":\"ListItem\",\"position\":2,\"name\":\"Bemutatta vadonat\u00faj, \u201emagyaros\u201d szerel\u00e9s\u00e9t a Polti-Kometa, Fetter Erikkel a f\u0151szerepben\"}]},{\"@type\":\"WebSite\",\"@id\":\"https:\/\/www.welovecycling.com\/hu\/#website\",\"url\":\"https:\/\/www.welovecycling.com\/hu\/\",\"name\":\"\u0160koda We Love Cycling - Magyarorsz\u00e1g\",\"description\":\"\u0160koda WeLoveCycling\",\"potentialAction\":[{\"@type\":\"SearchAction\",\"target\":{\"@type\":\"EntryPoint\",\"urlTemplate\":\"https:\/\/www.welovecycling.com\/hu\/?s={search_term_string}\"},\"query-input\":{\"@type\":\"PropertyValueSpecification\",\"valueRequired\":true,\"valueName\":\"search_term_string\"}}],\"inLanguage\":\"hu\"},{\"@type\":\"Person\",\"@id\":\"https:\/\/www.welovecycling.com\/hu\/#\/schema\/person\/414a2aebf1801691a5320edb6468e194\",\"name\":\"hegyizs\",\"image\":{\"@type\":\"ImageObject\",\"inLanguage\":\"hu\",\"@id\":\"https:\/\/www.welovecycling.com\/hu\/#\/schema\/person\/image\/\",\"url\":\"https:\/\/secure.gravatar.com\/avatar\/02cf8a7906b8cf90cecb4679defac7cfd33a1c2e3b88e4903d947f3bb58eedd3?s=96&d=mm&r=g\",\"contentUrl\":\"https:\/\/secure.gravatar.com\/avatar\/02cf8a7906b8cf90cecb4679defac7cfd33a1c2e3b88e4903d947f3bb58eedd3?s=96&d=mm&r=g\",\"caption\":\"hegyizs\"},\"url\":\"https:\/\/www.welovecycling.com\/hu\/author\/hegyizs\/\"}]}<\/script>\n<!-- \/ Yoast SEO Premium plugin. -->","yoast_head_json":{"title":"Bemutatta vadonat\u00faj, \u201emagyaros\u201d szerel\u00e9s\u00e9t a Polti-Kometa, Fetter Erikkel a f\u0151szerepben","description":"Alberto Contador\u00e9k f\u0151szponzort v\u00e1lt\u00f3 Pro-csapata piros-feh\u00e9r-z\u00f6ldben teker 2024-ben.","robots":{"index":"index","follow":"follow","max-snippet":"max-snippet:-1","max-image-preview":"max-image-preview:large","max-video-preview":"max-video-preview:-1"},"canonical":"https:\/\/www.welovecycling.com\/hu\/orszaguti-kerekpar\/bemutatta-vadonatuj-magyaros-szereleset-a-polti-kometa-fetter-erikkel-a-foszerepben\/","og_locale":"hu_HU","og_type":"article","og_title":"Bemutatta vadonat\u00faj, \u201emagyaros\u201d szerel\u00e9s\u00e9t a Polti-Kometa, Fetter Erikkel a f\u0151szerepben","og_description":"Alberto Contador\u00e9k f\u0151szponzort v\u00e1lt\u00f3 Pro-csapata piros-feh\u00e9r-z\u00f6ldben teker 2024-ben.","og_url":"https:\/\/www.welovecycling.com\/hu\/orszaguti-kerekpar\/bemutatta-vadonatuj-magyaros-szereleset-a-polti-kometa-fetter-erikkel-a-foszerepben\/","og_site_name":"\u0160koda We Love Cycling - Magyarorsz\u00e1g","article_publisher":"https:\/\/www.facebook.com\/WeLoveCyclingHungary\/","article_published_time":"2024-01-05T14:14:49+00:00","article_modified_time":"2024-01-05T14:15:17+00:00","og_image":[{"width":2048,"height":1366,"url":"https:\/\/d2p6e6u75xmxt8.cloudfront.net\/12\/2024\/01\/413016885_954323699667436_2660039174452493247_n.webp","type":"image\/webp"}],"author":"hegyizs","twitter_card":"summary_large_image","twitter_misc":{"Written by":"WLC","Est. reading time":"3 minutes"},"schema":{"@context":"https:\/\/schema.org","@graph":[{"@type":"WebPage","@id":"https:\/\/www.welovecycling.com\/hu\/orszaguti-kerekpar\/bemutatta-vadonatuj-magyaros-szereleset-a-polti-kometa-fetter-erikkel-a-foszerepben\/","url":"https:\/\/www.welovecycling.com\/hu\/orszaguti-kerekpar\/bemutatta-vadonatuj-magyaros-szereleset-a-polti-kometa-fetter-erikkel-a-foszerepben\/","name":"Bemutatta vadonat\u00faj, \u201emagyaros\u201d szerel\u00e9s\u00e9t a Polti-Kometa, Fetter Erikkel a f\u0151szerepben","isPartOf":{"@id":"https:\/\/www.welovecycling.com\/hu\/#website"},"primaryImageOfPage":{"@id":"https:\/\/www.welovecycling.com\/hu\/orszaguti-kerekpar\/bemutatta-vadonatuj-magyaros-szereleset-a-polti-kometa-fetter-erikkel-a-foszerepben\/#primaryimage"},"image":{"@id":"https:\/\/www.welovecycling.com\/hu\/orszaguti-kerekpar\/bemutatta-vadonatuj-magyaros-szereleset-a-polti-kometa-fetter-erikkel-a-foszerepben\/#primaryimage"},"thumbnailUrl":"https:\/\/d2p6e6u75xmxt8.cloudfront.net\/12\/2024\/01\/413016885_954323699667436_2660039174452493247_n.webp","datePublished":"2024-01-05T14:14:49+00:00","dateModified":"2024-01-05T14:15:17+00:00","author":{"@id":"https:\/\/www.welovecycling.com\/hu\/#\/schema\/person\/414a2aebf1801691a5320edb6468e194"},"description":"Alberto Contador\u00e9k f\u0151szponzort v\u00e1lt\u00f3 Pro-csapata piros-feh\u00e9r-z\u00f6ldben teker 2024-ben.","breadcrumb":{"@id":"https:\/\/www.welovecycling.com\/hu\/orszaguti-kerekpar\/bemutatta-vadonatuj-magyaros-szereleset-a-polti-kometa-fetter-erikkel-a-foszerepben\/#breadcrumb"},"inLanguage":"hu","potentialAction":[{"@type":"ReadAction","target":["https:\/\/www.welovecycling.com\/hu\/orszaguti-kerekpar\/bemutatta-vadonatuj-magyaros-szereleset-a-polti-kometa-fetter-erikkel-a-foszerepben\/"]}]},{"@type":"ImageObject","inLanguage":"hu","@id":"https:\/\/www.welovecycling.com\/hu\/orszaguti-kerekpar\/bemutatta-vadonatuj-magyaros-szereleset-a-polti-kometa-fetter-erikkel-a-foszerepben\/#primaryimage","url":"https:\/\/d2p6e6u75xmxt8.cloudfront.net\/12\/2024\/01\/413016885_954323699667436_2660039174452493247_n.webp","contentUrl":"https:\/\/d2p6e6u75xmxt8.cloudfront.net\/12\/2024\/01\/413016885_954323699667436_2660039174452493247_n.webp","width":2048,"height":1366},{"@type":"BreadcrumbList","@id":"https:\/\/www.welovecycling.com\/hu\/orszaguti-kerekpar\/bemutatta-vadonatuj-magyaros-szereleset-a-polti-kometa-fetter-erikkel-a-foszerepben\/#breadcrumb","itemListElement":[{"@type":"ListItem","position":1,"name":"Home","item":"https:\/\/www.welovecycling.com\/hu\/"},{"@type":"ListItem","position":2,"name":"Bemutatta vadonat\u00faj, \u201emagyaros\u201d szerel\u00e9s\u00e9t a Polti-Kometa, Fetter Erikkel a f\u0151szerepben"}]},{"@type":"WebSite","@id":"https:\/\/www.welovecycling.com\/hu\/#website","url":"https:\/\/www.welovecycling.com\/hu\/","name":"\u0160koda We Love Cycling - Magyarorsz\u00e1g","description":"\u0160koda WeLoveCycling","potentialAction":[{"@type":"SearchAction","target":{"@type":"EntryPoint","urlTemplate":"https:\/\/www.welovecycling.com\/hu\/?s={search_term_string}"},"query-input":{"@type":"PropertyValueSpecification","valueRequired":true,"valueName":"search_term_string"}}],"inLanguage":"hu"},{"@type":"Person","@id":"https:\/\/www.welovecycling.com\/hu\/#\/schema\/person\/414a2aebf1801691a5320edb6468e194","name":"hegyizs","image":{"@type":"ImageObject","inLanguage":"hu","@id":"https:\/\/www.welovecycling.com\/hu\/#\/schema\/person\/image\/","url":"https:\/\/secure.gravatar.com\/avatar\/02cf8a7906b8cf90cecb4679defac7cfd33a1c2e3b88e4903d947f3bb58eedd3?s=96&d=mm&r=g","contentUrl":"https:\/\/secure.gravatar.com\/avatar\/02cf8a7906b8cf90cecb4679defac7cfd33a1c2e3b88e4903d947f3bb58eedd3?s=96&d=mm&r=g","caption":"hegyizs"},"url":"https:\/\/www.welovecycling.com\/hu\/author\/hegyizs\/"}]}},"_links":{"self":[{"href":"https:\/\/www.welovecycling.com\/hu\/wp-json\/wp\/v2\/posts\/18309","targetHints":{"allow":["GET"]}}],"collection":[{"href":"https:\/\/www.welovecycling.com\/hu\/wp-json\/wp\/v2\/posts"}],"about":[{"href":"https:\/\/www.welovecycling.com\/hu\/wp-json\/wp\/v2\/types\/post"}],"author":[{"embeddable":true,"href":"https:\/\/www.welovecycling.com\/hu\/wp-json\/wp\/v2\/users\/71"}],"replies":[{"embeddable":true,"href":"https:\/\/www.welovecycling.com\/hu\/wp-json\/wp\/v2\/comments?post=18309"}],"version-history":[{"count":1,"href":"https:\/\/www.welovecycling.com\/hu\/wp-json\/wp\/v2\/posts\/18309\/revisions"}],"predecessor-version":[{"id":18314,"href":"https:\/\/www.welovecycling.com\/hu\/wp-json\/wp\/v2\/posts\/18309\/revisions\/18314"}],"wp:featuredmedia":[{"embeddable":true,"href":"https:\/\/www.welovecycling.com\/hu\/wp-json\/wp\/v2\/media\/18310"}],"wp:attachment":[{"href":"https:\/\/www.welovecycling.com\/hu\/wp-json\/wp\/v2\/media?parent=18309"}],"wp:term":[{"taxonomy":"category","embeddable":true,"href":"https:\/\/www.welovecycling.com\/hu\/wp-json\/wp\/v2\/categories?post=18309"},{"taxonomy":"post_tag","embeddable":true,"href":"https:\/\/www.welovecycling.com\/hu\/wp-json\/wp\/v2\/tags?post=18309"},{"taxonomy":"global-categories","embeddable":true,"href":"https:\/\/www.welovecycling.com\/hu\/wp-json\/wp\/v2\/global-categories?post=18309"}],"curies":[{"name":"wp","href":"https:\/\/api.w.org\/{rel}","templated":true}]}}